{"id":183430,"date":"2025-01-10T16:06:39","date_gmt":"2025-01-10T20:06:39","guid":{"rendered":"https:\/\/digital58.com.ve\/site\/?p=183430"},"modified":"2025-01-10T16:25:58","modified_gmt":"2025-01-10T20:25:58","slug":"nicolas-maduro-califica-como-victoria-venezolanista-su-cuestionada-investidura","status":"publish","type":"post","link":"https:\/\/digital58.com.ve\/site\/2025\/01\/10\/nicolas-maduro-califica-como-victoria-venezolanista-su-cuestionada-investidura\/","title":{"rendered":"Nicol\u00e1s Maduro califica como \u00abvictoria venezolanista\u00bb su cuestionada investidura"},"content":{"rendered":"<p><a href=\"https:\/\/digital58.com.ve\/site\/wp-content\/uploads\/2025\/01\/Maduro-posesion4.webp\"><img loading=\"lazy\" decoding=\"async\" class=\"aligncenter size-full wp-image-183432\" src=\"https:\/\/digital58.com.ve\/site\/wp-content\/uploads\/2025\/01\/Maduro-posesion4.webp\" alt=\"\" width=\"900\" height=\"600\" srcset=\"https:\/\/digital58.com.ve\/site\/wp-content\/uploads\/2025\/01\/Maduro-posesion4.webp 900w, https:\/\/digital58.com.ve\/site\/wp-content\/uploads\/2025\/01\/Maduro-posesion4-300x200.webp 300w, https:\/\/digital58.com.ve\/site\/wp-content\/uploads\/2025\/01\/Maduro-posesion4-768x512.webp 768w\" sizes=\"auto, (max-width: 900px) 100vw, 900px\" \/><\/a><\/p>\n<p>Maduro defiende su investidura presidencial para un tercer mandato<\/p>\n<p><strong>Caracas, DC, Venezuela, 10 de enero de 2025 (ND58).-<\/strong> El presidente de Venezuela, Nicol\u00e1s Maduro, defendi\u00f3 este viernes su investidura para un tercer mandato de seis a\u00f1os, que ha sido duramente cuestionada tanto por la oposici\u00f3n venezolana como por una parte significativa de la comunidad internacional.<\/p>\n<p>En su discurso, Maduro calific\u00f3 la toma de posesi\u00f3n como una \u00abgran victoria venezolanista\u00bb, asegurando que su investidura no fue \u00abimpedida\u00bb a pesar de las denuncias de fraude electoral presentadas por sus adversarios.<\/p>\n<p><a href=\"https:\/\/digital58.com.ve\/site\/wp-content\/uploads\/2025\/01\/Maduro-posesion3.webp\"><img loading=\"lazy\" decoding=\"async\" class=\"aligncenter size-full wp-image-183434\" src=\"https:\/\/digital58.com.ve\/site\/wp-content\/uploads\/2025\/01\/Maduro-posesion3.webp\" alt=\"\" width=\"900\" height=\"600\" srcset=\"https:\/\/digital58.com.ve\/site\/wp-content\/uploads\/2025\/01\/Maduro-posesion3.webp 900w, https:\/\/digital58.com.ve\/site\/wp-content\/uploads\/2025\/01\/Maduro-posesion3-300x200.webp 300w, https:\/\/digital58.com.ve\/site\/wp-content\/uploads\/2025\/01\/Maduro-posesion3-768x512.webp 768w\" sizes=\"auto, (max-width: 900px) 100vw, 900px\" \/><\/a><\/p>\n<p>En una ceremonia celebrada en la Asamblea Nacional, de mayor\u00eda oficialista, y con la presencia de varios mandatarios aliados, entre ellos el presidente de Cuba, Miguel D\u00edaz-Canel, y el mandatario de Nicaragua, Daniel Ortega, Maduro expres\u00f3 su confianza en que su poder \u00abemana de la historia y del pueblo\u00bb y no de \u00abgobiernos proimperialistas\u00bb ni de \u00abla oligarqu\u00eda de los apellidos\u00bb.<\/p>\n<p><a href=\"https:\/\/digital58.com.ve\/site\/wp-content\/uploads\/2025\/01\/Maduro-posesion6.webp\"><img loading=\"lazy\" decoding=\"async\" class=\"aligncenter size-full wp-image-183433\" src=\"https:\/\/digital58.com.ve\/site\/wp-content\/uploads\/2025\/01\/Maduro-posesion6.webp\" alt=\"\" width=\"900\" height=\"600\" srcset=\"https:\/\/digital58.com.ve\/site\/wp-content\/uploads\/2025\/01\/Maduro-posesion6.webp 900w, https:\/\/digital58.com.ve\/site\/wp-content\/uploads\/2025\/01\/Maduro-posesion6-300x200.webp 300w, https:\/\/digital58.com.ve\/site\/wp-content\/uploads\/2025\/01\/Maduro-posesion6-768x512.webp 768w\" sizes=\"auto, (max-width: 900px) 100vw, 900px\" \/><\/a><\/p>\n<h2>Un mandato marcado por la controversia<\/h2>\n<p>Maduro fue proclamado ganador de las elecciones presidenciales del 28 de julio de 2024 por el Consejo Nacional Electoral (CNE). Sin embargo, a\u00fan no se han hecho p\u00fablicos los resultados desagregados, lo que ha generado especulaciones sobre la transparencia de los comicios.<\/p>\n<p>La oposici\u00f3n, representada por la Plataforma Unitaria Democr\u00e1tica (PUD), asegura que su candidato, Edmundo Gonz\u00e1lez Urrutia, fue el verdadero ganador, sustentando su afirmaci\u00f3n en la publicaci\u00f3n de un 85 % de las actas electorales. Por su parte, el chavismo rechaza esas actas, calific\u00e1ndolas de \u00abfalsas\u00bb.<\/p>\n<p><a href=\"https:\/\/digital58.com.ve\/site\/wp-content\/uploads\/2025\/01\/Maduro-posesion5.webp\"><img loading=\"lazy\" decoding=\"async\" class=\"aligncenter size-full wp-image-183431\" src=\"https:\/\/digital58.com.ve\/site\/wp-content\/uploads\/2025\/01\/Maduro-posesion5.webp\" alt=\"\" width=\"900\" height=\"673\" srcset=\"https:\/\/digital58.com.ve\/site\/wp-content\/uploads\/2025\/01\/Maduro-posesion5.webp 900w, https:\/\/digital58.com.ve\/site\/wp-content\/uploads\/2025\/01\/Maduro-posesion5-300x224.webp 300w, https:\/\/digital58.com.ve\/site\/wp-content\/uploads\/2025\/01\/Maduro-posesion5-768x574.webp 768w\" sizes=\"auto, (max-width: 900px) 100vw, 900px\" \/><\/a><\/p>\n<h2>Maduro y el llamado al di\u00e1logo<\/h2>\n<p>En su intervenci\u00f3n, Maduro reiter\u00f3 su llamado a una \u00abjornada de di\u00e1logo nacional\u00bb y expres\u00f3 su intenci\u00f3n de impulsar una reforma constitucional, una propuesta que fue promovida hace 25 a\u00f1os por el expresidente Hugo Ch\u00e1vez. En ese contexto, destac\u00f3 la legitimidad de su gobierno, manifestando que \u00aba Venezuela no le impone un presidente nadie en este mundo\u00bb.<\/p>\n<p>Durante su discurso, tambi\u00e9n dirigi\u00f3 duros comentarios hacia expresidentes colombianos como \u00c1lvaro Uribe e Iv\u00e1n Duque, as\u00ed como al opositor venezolano Juan Guaid\u00f3, a quienes calific\u00f3 de actores en contra de la soberan\u00eda nacional.<\/p>\n<h2>Controversia sobre los comicios y la legitimidad<\/h2>\n<p>La investidura de Maduro ha sido objeto de cr\u00edticas tanto dentro como fuera de Venezuela. Diversos sectores opositores cuestionan la transparencia de los comicios, se\u00f1alando que las condiciones en las que se llevaron a cabo no garantizan una elecci\u00f3n justa.<\/p>\n<p>Sin embargo, para el oficialismo, el proceso electoral y la toma de posesi\u00f3n son un reflejo del apoyo popular y la estabilidad pol\u00edtica que, seg\u00fan Maduro, ha logrado consolidar su gobierno a lo largo de los a\u00f1os.<\/p>\n<p><strong>Redacci\u00f3n ND58 | Fuente: EFE<\/strong><br \/>\n<strong>Edici\u00f3n: Villasmil, Henry<\/strong><br \/>\n<strong>Gr\u00e1ficas: EFE<\/strong><\/p>\n<p>&nbsp;<\/p><div class=\"aasiv69f4cbe35a23b\" ><p style=\"text-align: center;\"><a href=\"https:\/\/t.me\/noticiasdigital58\" target=\"_blank\" rel=\"noopener\"><img class=\"aligncenter size-full wp-image-125363\" src=\"https:\/\/digital58.com.ve\/site\/wp-content\/uploads\/2021\/04\/banner-telegram-web-2021.png\" alt=\"\" width=\"600\" height=\"90\" \/><\/a><\/p><\/div><style type=\"text\/css\">\r\n@media screen and (min-width: 1201px) {\r\n.aasiv69f4cbe35a23b {\r\ndisplay: block;\r\n}\r\n}\r\n@media screen and (min-width: 993px) and (max-width: 1200px) {\r\n.aasiv69f4cbe35a23b {\r\ndisplay: block;\r\n}\r\n}\r\n@media screen and (min-width: 769px) and (max-width: 992px) {\r\n.aasiv69f4cbe35a23b {\r\ndisplay: block;\r\n}\r\n}\r\n@media screen and (min-width: 768px) and (max-width: 768px) {\r\n.aasiv69f4cbe35a23b {\r\ndisplay: block;\r\n}\r\n}\r\n@media screen and (max-width: 767px) {\r\n.aasiv69f4cbe35a23b {\r\ndisplay: block;\r\n}\r\n}\r\n<\/style>\r\n\n<p>&nbsp;<\/p>\n<div style=\"margin-top: 0px; margin-bottom: 0px;\" class=\"sharethis-inline-share-buttons\" ><\/div>","protected":false},"excerpt":{"rendered":"<p>Maduro defiende su investidura presidencial para un tercer mandato Caracas, DC, Venezuela, 10 de enero de 2025 (ND58).- El presidente<\/p>\n","protected":false},"author":1,"featured_media":183431,"comment_status":"open","ping_status":"closed","sticky":false,"template":"","format":"standard","meta":{"colormag_page_container_layout":"default_layout","colormag_page_sidebar_layout":"default_layout","_uag_custom_page_level_css":"","footnotes":""},"categories":[16454],"tags":[4384,29,11979,233,14182,34342],"class_list":["post-183430","post","type-post","status-publish","format-standard","has-post-thumbnail","hentry","category-venezuela","tag-asamblea-nacional","tag-caracas","tag-chavismo","tag-nacionales","tag-nicolas-maduro-moros","tag-toma-de-posesion-presidencial"],"yoast_head":"<!-- This site is optimized with the Yoast SEO plugin v27.5 - https:\/\/yoast.com\/product\/yoast-seo-wordpress\/ -->\n<title>Nicolas Maduro califica como \u00abvictoria venezolanista\u00bb su cuestionada investidura<\/title>\n<meta name=\"description\" content=\"Nicol\u00e1s Maduro, defendi\u00f3 este viernes su investidura para un tercer mandato de seis a\u00f1os\" \/>\n<meta name=\"robots\" content=\"index, follow, max-snippet:-1, max-image-preview:large, max-video-preview:-1\" \/>\n<link rel=\"canonical\" href=\"https:\/\/digital58.com.ve\/site\/2025\/01\/10\/nicolas-maduro-califica-como-victoria-venezolanista-su-cuestionada-investidura\/\" \/>\n<meta property=\"og:locale\" content=\"es_ES\" \/>\n<meta property=\"og:type\" content=\"article\" \/>\n<meta property=\"og:title\" content=\"Nicolas Maduro califica como \u00abvictoria venezolanista\u00bb su cuestionada investidura\" \/>\n<meta property=\"og:description\" content=\"Nicol\u00e1s Maduro, defendi\u00f3 este viernes su investidura para un tercer mandato de seis a\u00f1os\" \/>\n<meta property=\"og:url\" content=\"https:\/\/digital58.com.ve\/site\/2025\/01\/10\/nicolas-maduro-califica-como-victoria-venezolanista-su-cuestionada-investidura\/\" \/>\n<meta property=\"og:site_name\" content=\"Noticias Digital58\" \/>\n<meta property=\"article:published_time\" content=\"2025-01-10T20:06:39+00:00\" \/>\n<meta property=\"article:modified_time\" content=\"2025-01-10T20:25:58+00:00\" \/>\n<meta property=\"og:image\" content=\"https:\/\/digital58.com.ve\/site\/wp-content\/uploads\/2025\/01\/Maduro-posesion5.webp\" \/>\n\t<meta property=\"og:image:width\" content=\"900\" \/>\n\t<meta property=\"og:image:height\" content=\"673\" \/>\n\t<meta property=\"og:image:type\" content=\"image\/webp\" \/>\n<meta name=\"author\" content=\"Villasmil Henry\" \/>\n<meta name=\"twitter:card\" content=\"summary_large_image\" \/>\n<meta name=\"twitter:creator\" content=\"@https:\/\/twitter.com\/villasmilhfoto\" \/>\n<meta name=\"twitter:site\" content=\"@villasmilhfoto\" \/>\n<meta name=\"twitter:label1\" content=\"Escrito por\" \/>\n\t<meta name=\"twitter:data1\" content=\"Villasmil Henry\" \/>\n\t<meta name=\"twitter:label2\" content=\"Tiempo estimado de lectura\" \/>\n\t<meta name=\"twitter:data2\" content=\"3 minutos\" \/>\n<script type=\"application\/ld+json\" class=\"yoast-schema-graph\">{\"@context\":\"https:\\\/\\\/schema.org\",\"@graph\":[{\"@type\":\"Article\",\"@id\":\"https:\\\/\\\/digital58.com.ve\\\/site\\\/2025\\\/01\\\/10\\\/nicolas-maduro-califica-como-victoria-venezolanista-su-cuestionada-investidura\\\/#article\",\"isPartOf\":{\"@id\":\"https:\\\/\\\/digital58.com.ve\\\/site\\\/2025\\\/01\\\/10\\\/nicolas-maduro-califica-como-victoria-venezolanista-su-cuestionada-investidura\\\/\"},\"author\":{\"name\":\"Villasmil Henry\",\"@id\":\"https:\\\/\\\/digital58.com.ve\\\/site\\\/#\\\/schema\\\/person\\\/64d1c2e4d0d4fd1b849980c4331c2951\"},\"headline\":\"Nicol\u00e1s Maduro califica como \u00abvictoria venezolanista\u00bb su cuestionada investidura\",\"datePublished\":\"2025-01-10T20:06:39+00:00\",\"dateModified\":\"2025-01-10T20:25:58+00:00\",\"mainEntityOfPage\":{\"@id\":\"https:\\\/\\\/digital58.com.ve\\\/site\\\/2025\\\/01\\\/10\\\/nicolas-maduro-califica-como-victoria-venezolanista-su-cuestionada-investidura\\\/\"},\"wordCount\":472,\"commentCount\":0,\"publisher\":{\"@id\":\"https:\\\/\\\/digital58.com.ve\\\/site\\\/#\\\/schema\\\/person\\\/64d1c2e4d0d4fd1b849980c4331c2951\"},\"image\":{\"@id\":\"https:\\\/\\\/digital58.com.ve\\\/site\\\/2025\\\/01\\\/10\\\/nicolas-maduro-califica-como-victoria-venezolanista-su-cuestionada-investidura\\\/#primaryimage\"},\"thumbnailUrl\":\"https:\\\/\\\/digital58.com.ve\\\/site\\\/wp-content\\\/uploads\\\/2025\\\/01\\\/Maduro-posesion5.webp\",\"keywords\":[\"Asamblea Nacional\",\"Caracas\",\"Chavismo\",\"Nacionales\",\"Nicol\u00e1s Maduro Moros\",\"Toma de posesi\u00f3n presidencial\"],\"articleSection\":[\"Venezuela\"],\"inLanguage\":\"es\",\"potentialAction\":[{\"@type\":\"CommentAction\",\"name\":\"Comment\",\"target\":[\"https:\\\/\\\/digital58.com.ve\\\/site\\\/2025\\\/01\\\/10\\\/nicolas-maduro-califica-como-victoria-venezolanista-su-cuestionada-investidura\\\/#respond\"]}]},{\"@type\":\"WebPage\",\"@id\":\"https:\\\/\\\/digital58.com.ve\\\/site\\\/2025\\\/01\\\/10\\\/nicolas-maduro-califica-como-victoria-venezolanista-su-cuestionada-investidura\\\/\",\"url\":\"https:\\\/\\\/digital58.com.ve\\\/site\\\/2025\\\/01\\\/10\\\/nicolas-maduro-califica-como-victoria-venezolanista-su-cuestionada-investidura\\\/\",\"name\":\"Nicolas Maduro califica como \u00abvictoria venezolanista\u00bb su cuestionada investidura\",\"isPartOf\":{\"@id\":\"https:\\\/\\\/digital58.com.ve\\\/site\\\/#website\"},\"primaryImageOfPage\":{\"@id\":\"https:\\\/\\\/digital58.com.ve\\\/site\\\/2025\\\/01\\\/10\\\/nicolas-maduro-califica-como-victoria-venezolanista-su-cuestionada-investidura\\\/#primaryimage\"},\"image\":{\"@id\":\"https:\\\/\\\/digital58.com.ve\\\/site\\\/2025\\\/01\\\/10\\\/nicolas-maduro-califica-como-victoria-venezolanista-su-cuestionada-investidura\\\/#primaryimage\"},\"thumbnailUrl\":\"https:\\\/\\\/digital58.com.ve\\\/site\\\/wp-content\\\/uploads\\\/2025\\\/01\\\/Maduro-posesion5.webp\",\"datePublished\":\"2025-01-10T20:06:39+00:00\",\"dateModified\":\"2025-01-10T20:25:58+00:00\",\"description\":\"Nicol\u00e1s Maduro, defendi\u00f3 este viernes su investidura para un tercer mandato de seis a\u00f1os\",\"breadcrumb\":{\"@id\":\"https:\\\/\\\/digital58.com.ve\\\/site\\\/2025\\\/01\\\/10\\\/nicolas-maduro-califica-como-victoria-venezolanista-su-cuestionada-investidura\\\/#breadcrumb\"},\"inLanguage\":\"es\",\"potentialAction\":[{\"@type\":\"ReadAction\",\"target\":[\"https:\\\/\\\/digital58.com.ve\\\/site\\\/2025\\\/01\\\/10\\\/nicolas-maduro-califica-como-victoria-venezolanista-su-cuestionada-investidura\\\/\"]}]},{\"@type\":\"ImageObject\",\"inLanguage\":\"es\",\"@id\":\"https:\\\/\\\/digital58.com.ve\\\/site\\\/2025\\\/01\\\/10\\\/nicolas-maduro-califica-como-victoria-venezolanista-su-cuestionada-investidura\\\/#primaryimage\",\"url\":\"https:\\\/\\\/digital58.com.ve\\\/site\\\/wp-content\\\/uploads\\\/2025\\\/01\\\/Maduro-posesion5.webp\",\"contentUrl\":\"https:\\\/\\\/digital58.com.ve\\\/site\\\/wp-content\\\/uploads\\\/2025\\\/01\\\/Maduro-posesion5.webp\",\"width\":900,\"height\":673},{\"@type\":\"BreadcrumbList\",\"@id\":\"https:\\\/\\\/digital58.com.ve\\\/site\\\/2025\\\/01\\\/10\\\/nicolas-maduro-califica-como-victoria-venezolanista-su-cuestionada-investidura\\\/#breadcrumb\",\"itemListElement\":[{\"@type\":\"ListItem\",\"position\":1,\"name\":\"Home\",\"item\":\"https:\\\/\\\/digital58.com.ve\\\/site\\\/\"},{\"@type\":\"ListItem\",\"position\":2,\"name\":\"Nicol\u00e1s Maduro califica como \u00abvictoria venezolanista\u00bb su cuestionada investidura\"}]},{\"@type\":\"WebSite\",\"@id\":\"https:\\\/\\\/digital58.com.ve\\\/site\\\/#website\",\"url\":\"https:\\\/\\\/digital58.com.ve\\\/site\\\/\",\"name\":\"Noticias Digital58\",\"description\":\"Portal de Noticias \u00a1Periodismo web de verdad! Lanzamiento web 22.11.2005 \\\/ Maracaibo, Venezuela\",\"publisher\":{\"@id\":\"https:\\\/\\\/digital58.com.ve\\\/site\\\/#\\\/schema\\\/person\\\/64d1c2e4d0d4fd1b849980c4331c2951\"},\"alternateName\":\"ND58\",\"potentialAction\":[{\"@type\":\"SearchAction\",\"target\":{\"@type\":\"EntryPoint\",\"urlTemplate\":\"https:\\\/\\\/digital58.com.ve\\\/site\\\/?s={search_term_string}\"},\"query-input\":{\"@type\":\"PropertyValueSpecification\",\"valueRequired\":true,\"valueName\":\"search_term_string\"}}],\"inLanguage\":\"es\"},{\"@type\":[\"Person\",\"Organization\"],\"@id\":\"https:\\\/\\\/digital58.com.ve\\\/site\\\/#\\\/schema\\\/person\\\/64d1c2e4d0d4fd1b849980c4331c2951\",\"name\":\"Villasmil Henry\",\"image\":{\"@type\":\"ImageObject\",\"inLanguage\":\"es\",\"@id\":\"https:\\\/\\\/secure.gravatar.com\\\/avatar\\\/bb0c4a2fcb7970138239f7e404ea75757b1b507b28b5ce4c53fbd62d797c5a7c?s=96&d=mm&r=g\",\"url\":\"https:\\\/\\\/secure.gravatar.com\\\/avatar\\\/bb0c4a2fcb7970138239f7e404ea75757b1b507b28b5ce4c53fbd62d797c5a7c?s=96&d=mm&r=g\",\"contentUrl\":\"https:\\\/\\\/secure.gravatar.com\\\/avatar\\\/bb0c4a2fcb7970138239f7e404ea75757b1b507b28b5ce4c53fbd62d797c5a7c?s=96&d=mm&r=g\",\"caption\":\"Villasmil Henry\"},\"logo\":{\"@id\":\"https:\\\/\\\/secure.gravatar.com\\\/avatar\\\/bb0c4a2fcb7970138239f7e404ea75757b1b507b28b5ce4c53fbd62d797c5a7c?s=96&d=mm&r=g\"},\"sameAs\":[\"http:\\\/\\\/www.henryvillasmil.com.ve\",\"https:\\\/\\\/www.instagram.com\\\/villasmilhfoto\\\/\",\"https:\\\/\\\/x.com\\\/https:\\\/\\\/twitter.com\\\/villasmilhfoto\"],\"url\":\"https:\\\/\\\/digital58.com.ve\\\/site\\\/author\\\/droopy_68\\\/\"}]}<\/script>\n<!-- \/ Yoast SEO plugin. -->","yoast_head_json":{"title":"Nicolas Maduro califica como \u00abvictoria venezolanista\u00bb su cuestionada investidura","description":"Nicol\u00e1s Maduro, defendi\u00f3 este viernes su investidura para un tercer mandato de seis a\u00f1os","robots":{"index":"index","follow":"follow","max-snippet":"max-snippet:-1","max-image-preview":"max-image-preview:large","max-video-preview":"max-video-preview:-1"},"canonical":"https:\/\/digital58.com.ve\/site\/2025\/01\/10\/nicolas-maduro-califica-como-victoria-venezolanista-su-cuestionada-investidura\/","og_locale":"es_ES","og_type":"article","og_title":"Nicolas Maduro califica como \u00abvictoria venezolanista\u00bb su cuestionada investidura","og_description":"Nicol\u00e1s Maduro, defendi\u00f3 este viernes su investidura para un tercer mandato de seis a\u00f1os","og_url":"https:\/\/digital58.com.ve\/site\/2025\/01\/10\/nicolas-maduro-califica-como-victoria-venezolanista-su-cuestionada-investidura\/","og_site_name":"Noticias Digital58","article_published_time":"2025-01-10T20:06:39+00:00","article_modified_time":"2025-01-10T20:25:58+00:00","og_image":[{"width":900,"height":673,"url":"https:\/\/digital58.com.ve\/site\/wp-content\/uploads\/2025\/01\/Maduro-posesion5.webp","type":"image\/webp"}],"author":"Villasmil Henry","twitter_card":"summary_large_image","twitter_creator":"@https:\/\/twitter.com\/villasmilhfoto","twitter_site":"@villasmilhfoto","twitter_misc":{"Escrito por":"Villasmil Henry","Tiempo estimado de lectura":"3 minutos"},"schema":{"@context":"https:\/\/schema.org","@graph":[{"@type":"Article","@id":"https:\/\/digital58.com.ve\/site\/2025\/01\/10\/nicolas-maduro-califica-como-victoria-venezolanista-su-cuestionada-investidura\/#article","isPartOf":{"@id":"https:\/\/digital58.com.ve\/site\/2025\/01\/10\/nicolas-maduro-califica-como-victoria-venezolanista-su-cuestionada-investidura\/"},"author":{"name":"Villasmil Henry","@id":"https:\/\/digital58.com.ve\/site\/#\/schema\/person\/64d1c2e4d0d4fd1b849980c4331c2951"},"headline":"Nicol\u00e1s Maduro califica como \u00abvictoria venezolanista\u00bb su cuestionada investidura","datePublished":"2025-01-10T20:06:39+00:00","dateModified":"2025-01-10T20:25:58+00:00","mainEntityOfPage":{"@id":"https:\/\/digital58.com.ve\/site\/2025\/01\/10\/nicolas-maduro-califica-como-victoria-venezolanista-su-cuestionada-investidura\/"},"wordCount":472,"commentCount":0,"publisher":{"@id":"https:\/\/digital58.com.ve\/site\/#\/schema\/person\/64d1c2e4d0d4fd1b849980c4331c2951"},"image":{"@id":"https:\/\/digital58.com.ve\/site\/2025\/01\/10\/nicolas-maduro-califica-como-victoria-venezolanista-su-cuestionada-investidura\/#primaryimage"},"thumbnailUrl":"https:\/\/digital58.com.ve\/site\/wp-content\/uploads\/2025\/01\/Maduro-posesion5.webp","keywords":["Asamblea Nacional","Caracas","Chavismo","Nacionales","Nicol\u00e1s Maduro Moros","Toma de posesi\u00f3n presidencial"],"articleSection":["Venezuela"],"inLanguage":"es","potentialAction":[{"@type":"CommentAction","name":"Comment","target":["https:\/\/digital58.com.ve\/site\/2025\/01\/10\/nicolas-maduro-califica-como-victoria-venezolanista-su-cuestionada-investidura\/#respond"]}]},{"@type":"WebPage","@id":"https:\/\/digital58.com.ve\/site\/2025\/01\/10\/nicolas-maduro-califica-como-victoria-venezolanista-su-cuestionada-investidura\/","url":"https:\/\/digital58.com.ve\/site\/2025\/01\/10\/nicolas-maduro-califica-como-victoria-venezolanista-su-cuestionada-investidura\/","name":"Nicolas Maduro califica como \u00abvictoria venezolanista\u00bb su cuestionada investidura","isPartOf":{"@id":"https:\/\/digital58.com.ve\/site\/#website"},"primaryImageOfPage":{"@id":"https:\/\/digital58.com.ve\/site\/2025\/01\/10\/nicolas-maduro-califica-como-victoria-venezolanista-su-cuestionada-investidura\/#primaryimage"},"image":{"@id":"https:\/\/digital58.com.ve\/site\/2025\/01\/10\/nicolas-maduro-califica-como-victoria-venezolanista-su-cuestionada-investidura\/#primaryimage"},"thumbnailUrl":"https:\/\/digital58.com.ve\/site\/wp-content\/uploads\/2025\/01\/Maduro-posesion5.webp","datePublished":"2025-01-10T20:06:39+00:00","dateModified":"2025-01-10T20:25:58+00:00","description":"Nicol\u00e1s Maduro, defendi\u00f3 este viernes su investidura para un tercer mandato de seis a\u00f1os","breadcrumb":{"@id":"https:\/\/digital58.com.ve\/site\/2025\/01\/10\/nicolas-maduro-califica-como-victoria-venezolanista-su-cuestionada-investidura\/#breadcrumb"},"inLanguage":"es","potentialAction":[{"@type":"ReadAction","target":["https:\/\/digital58.com.ve\/site\/2025\/01\/10\/nicolas-maduro-califica-como-victoria-venezolanista-su-cuestionada-investidura\/"]}]},{"@type":"ImageObject","inLanguage":"es","@id":"https:\/\/digital58.com.ve\/site\/2025\/01\/10\/nicolas-maduro-califica-como-victoria-venezolanista-su-cuestionada-investidura\/#primaryimage","url":"https:\/\/digital58.com.ve\/site\/wp-content\/uploads\/2025\/01\/Maduro-posesion5.webp","contentUrl":"https:\/\/digital58.com.ve\/site\/wp-content\/uploads\/2025\/01\/Maduro-posesion5.webp","width":900,"height":673},{"@type":"BreadcrumbList","@id":"https:\/\/digital58.com.ve\/site\/2025\/01\/10\/nicolas-maduro-califica-como-victoria-venezolanista-su-cuestionada-investidura\/#breadcrumb","itemListElement":[{"@type":"ListItem","position":1,"name":"Home","item":"https:\/\/digital58.com.ve\/site\/"},{"@type":"ListItem","position":2,"name":"Nicol\u00e1s Maduro califica como \u00abvictoria venezolanista\u00bb su cuestionada investidura"}]},{"@type":"WebSite","@id":"https:\/\/digital58.com.ve\/site\/#website","url":"https:\/\/digital58.com.ve\/site\/","name":"Noticias Digital58","description":"Portal de Noticias \u00a1Periodismo web de verdad! Lanzamiento web 22.11.2005 \/ Maracaibo, Venezuela","publisher":{"@id":"https:\/\/digital58.com.ve\/site\/#\/schema\/person\/64d1c2e4d0d4fd1b849980c4331c2951"},"alternateName":"ND58","potentialAction":[{"@type":"SearchAction","target":{"@type":"EntryPoint","urlTemplate":"https:\/\/digital58.com.ve\/site\/?s={search_term_string}"},"query-input":{"@type":"PropertyValueSpecification","valueRequired":true,"valueName":"search_term_string"}}],"inLanguage":"es"},{"@type":["Person","Organization"],"@id":"https:\/\/digital58.com.ve\/site\/#\/schema\/person\/64d1c2e4d0d4fd1b849980c4331c2951","name":"Villasmil Henry","image":{"@type":"ImageObject","inLanguage":"es","@id":"https:\/\/secure.gravatar.com\/avatar\/bb0c4a2fcb7970138239f7e404ea75757b1b507b28b5ce4c53fbd62d797c5a7c?s=96&d=mm&r=g","url":"https:\/\/secure.gravatar.com\/avatar\/bb0c4a2fcb7970138239f7e404ea75757b1b507b28b5ce4c53fbd62d797c5a7c?s=96&d=mm&r=g","contentUrl":"https:\/\/secure.gravatar.com\/avatar\/bb0c4a2fcb7970138239f7e404ea75757b1b507b28b5ce4c53fbd62d797c5a7c?s=96&d=mm&r=g","caption":"Villasmil Henry"},"logo":{"@id":"https:\/\/secure.gravatar.com\/avatar\/bb0c4a2fcb7970138239f7e404ea75757b1b507b28b5ce4c53fbd62d797c5a7c?s=96&d=mm&r=g"},"sameAs":["http:\/\/www.henryvillasmil.com.ve","https:\/\/www.instagram.com\/villasmilhfoto\/","https:\/\/x.com\/https:\/\/twitter.com\/villasmilhfoto"],"url":"https:\/\/digital58.com.ve\/site\/author\/droopy_68\/"}]}},"uagb_featured_image_src":{"full":["https:\/\/digital58.com.ve\/site\/wp-content\/uploads\/2025\/01\/Maduro-posesion5.webp",900,673,false],"thumbnail":["https:\/\/digital58.com.ve\/site\/wp-content\/uploads\/2025\/01\/Maduro-posesion5-150x150.webp",150,150,true],"medium":["https:\/\/digital58.com.ve\/site\/wp-content\/uploads\/2025\/01\/Maduro-posesion5-300x224.webp",300,224,true],"medium_large":["https:\/\/digital58.com.ve\/site\/wp-content\/uploads\/2025\/01\/Maduro-posesion5-768x574.webp",768,574,true],"large":["https:\/\/digital58.com.ve\/site\/wp-content\/uploads\/2025\/01\/Maduro-posesion5.webp",800,598,false],"1536x1536":["https:\/\/digital58.com.ve\/site\/wp-content\/uploads\/2025\/01\/Maduro-posesion5.webp",900,673,false],"2048x2048":["https:\/\/digital58.com.ve\/site\/wp-content\/uploads\/2025\/01\/Maduro-posesion5.webp",900,673,false],"colormag-highlighted-post":["https:\/\/digital58.com.ve\/site\/wp-content\/uploads\/2025\/01\/Maduro-posesion5-392x272.webp",392,272,true],"colormag-featured-post-medium":["https:\/\/digital58.com.ve\/site\/wp-content\/uploads\/2025\/01\/Maduro-posesion5-390x205.webp",390,205,true],"colormag-featured-post-small":["https:\/\/digital58.com.ve\/site\/wp-content\/uploads\/2025\/01\/Maduro-posesion5-130x90.webp",130,90,true],"colormag-featured-image":["https:\/\/digital58.com.ve\/site\/wp-content\/uploads\/2025\/01\/Maduro-posesion5-800x445.webp",800,445,true],"colormag-default-news":["https:\/\/digital58.com.ve\/site\/wp-content\/uploads\/2025\/01\/Maduro-posesion5-150x150.webp",150,150,true],"colormag-featured-image-large":["https:\/\/digital58.com.ve\/site\/wp-content\/uploads\/2025\/01\/Maduro-posesion5-900x600.webp",900,600,true]},"uagb_author_info":{"display_name":"Villasmil Henry","author_link":"https:\/\/digital58.com.ve\/site\/author\/droopy_68\/"},"uagb_comment_info":0,"uagb_excerpt":"Maduro defiende su investidura presidencial para un tercer mandato Caracas, DC, Venezuela, 10 de enero de 2025 (ND58).- El presidente","_links":{"self":[{"href":"https:\/\/digital58.com.ve\/site\/wp-json\/wp\/v2\/posts\/183430","targetHints":{"allow":["GET"]}}],"collection":[{"href":"https:\/\/digital58.com.ve\/site\/wp-json\/wp\/v2\/posts"}],"about":[{"href":"https:\/\/digital58.com.ve\/site\/wp-json\/wp\/v2\/types\/post"}],"author":[{"embeddable":true,"href":"https:\/\/digital58.com.ve\/site\/wp-json\/wp\/v2\/users\/1"}],"replies":[{"embeddable":true,"href":"https:\/\/digital58.com.ve\/site\/wp-json\/wp\/v2\/comments?post=183430"}],"version-history":[{"count":2,"href":"https:\/\/digital58.com.ve\/site\/wp-json\/wp\/v2\/posts\/183430\/revisions"}],"predecessor-version":[{"id":183439,"href":"https:\/\/digital58.com.ve\/site\/wp-json\/wp\/v2\/posts\/183430\/revisions\/183439"}],"wp:featuredmedia":[{"embeddable":true,"href":"https:\/\/digital58.com.ve\/site\/wp-json\/wp\/v2\/media\/183431"}],"wp:attachment":[{"href":"https:\/\/digital58.com.ve\/site\/wp-json\/wp\/v2\/media?parent=183430"}],"wp:term":[{"taxonomy":"category","embeddable":true,"href":"https:\/\/digital58.com.ve\/site\/wp-json\/wp\/v2\/categories?post=183430"},{"taxonomy":"post_tag","embeddable":true,"href":"https:\/\/digital58.com.ve\/site\/wp-json\/wp\/v2\/tags?post=183430"}],"curies":[{"name":"wp","href":"https:\/\/api.w.org\/{rel}","templated":true}]}}