{"id":184004,"date":"2025-02-07T09:20:41","date_gmt":"2025-02-07T13:20:41","guid":{"rendered":"https:\/\/digital58.com.ve\/site\/?p=184004"},"modified":"2025-02-07T09:20:41","modified_gmt":"2025-02-07T13:20:41","slug":"zulia-conmemora-el-dia-mundial-de-la-educacion-ambiental-con-nuevas-iniciativas-ecologicas","status":"publish","type":"post","link":"https:\/\/digital58.com.ve\/site\/2025\/02\/07\/zulia-conmemora-el-dia-mundial-de-la-educacion-ambiental-con-nuevas-iniciativas-ecologicas\/","title":{"rendered":"Zulia conmemora el D\u00eda Mundial de la Educaci\u00f3n Ambiental con nuevas iniciativas ecol\u00f3gicas"},"content":{"rendered":"<p><a href=\"https:\/\/digital58.com.ve\/site\/wp-content\/uploads\/2025\/02\/iara-zulia.webp\"><img loading=\"lazy\" decoding=\"async\" class=\"aligncenter size-full wp-image-184005\" src=\"https:\/\/digital58.com.ve\/site\/wp-content\/uploads\/2025\/02\/iara-zulia.webp\" alt=\"\" width=\"1000\" height=\"600\" srcset=\"https:\/\/digital58.com.ve\/site\/wp-content\/uploads\/2025\/02\/iara-zulia.webp 1000w, https:\/\/digital58.com.ve\/site\/wp-content\/uploads\/2025\/02\/iara-zulia-300x180.webp 300w, https:\/\/digital58.com.ve\/site\/wp-content\/uploads\/2025\/02\/iara-zulia-768x461.webp 768w\" sizes=\"auto, (max-width: 1000px) 100vw, 1000px\" \/><\/a><\/p>\n<blockquote><p>Iniciativas del Iara y actividades en la Semana de la Zulianidad 2025 refuerzan la conciencia ecol\u00f3gica en la regi\u00f3n.<\/p><\/blockquote>\n<p><strong>Maracaibo, Zulia, Venezuela, 07 de febrero de 2025 (ND58).-<\/strong> La <strong><em>Gobernaci\u00f3n del Zulia<\/em><\/strong>, a trav\u00e9s del <strong><em>Instituto Aut\u00f3nomo del Ambiente<\/em><\/strong> (Iara), conmemor\u00f3 este 26 de enero el <strong><em>D\u00eda Mundial de la Educaci\u00f3n Ambiental<\/em><\/strong> con actividades que buscan fomentar la conciencia ecol\u00f3gica y promover soluciones sostenibles.<\/p>\n<p>La iniciativa se enmarca en la <strong><em>Semana de la Zulianidad 2025<\/em><\/strong>, reforzando la identidad y responsabilidad ambiental de los zulianos.<\/p>\n<h2>Importancia de la educaci\u00f3n ambiental<\/h2>\n<p>Cada 26 de enero se celebra el <strong><em>D\u00eda Mundial de la Educaci\u00f3n Ambiental<\/em><\/strong>, una fecha clave para reflexionar sobre los desaf\u00edos ambientales y promover acciones que garanticen un futuro sostenible. En el Zulia, esta conmemoraci\u00f3n cobra especial relevancia debido a los esfuerzos del <strong><em>Iara<\/em><\/strong> por integrar a la comunidad en la protecci\u00f3n de los recursos naturales.<\/p>\n<p><strong><em>\u00abLa educaci\u00f3n ambiental es fundamental para entender c\u00f3mo nuestras acciones impactan el planeta y c\u00f3mo podemos contribuir a su conservaci\u00f3n\u00bb<\/em><\/strong>, destac\u00f3 un representante del Iara durante las actividades.<\/p>\n<h2>Iniciativas del Iara en la Semana de la Zulianidad 2025<\/h2>\n<p>En el marco de la Semana de la Zulianidad 2025, el Iara ha impulsado programas como las Brigadas Escolares, que buscan inculcar h\u00e1bitos ecol\u00f3gicos en los m\u00e1s j\u00f3venes. Estas brigadas promueven la participaci\u00f3n activa de los ni\u00f1os en proyectos comunitarios que abordan problem\u00e1ticas ambientales locales.<\/p>\n<p><strong><em>\u00abLas Brigadas Escolares son una herramienta poderosa para crear conciencia desde la infancia. Los ni\u00f1os no solo aprenden, sino que tambi\u00e9n se convierten en agentes de cambio en sus hogares y comunidades\u00bb<\/em><\/strong>, explic\u00f3 una fuente del instituto.<\/p>\n<h2>Acciones para un Zulia m\u00e1s sostenible<\/h2>\n<p>Adem\u00e1s de las brigadas, el Iara ha implementado campa\u00f1as de reforestaci\u00f3n, talleres de reciclaje y jornadas de limpieza en \u00e1reas verdes. Estas acciones forman parte de un plan integral que busca fomentar la sostenibilidad y mejorar la calidad de vida de los zulianos.<\/p>\n<p><strong><em>\u00abNuestro objetivo es que cada ciudadano se sienta parte de la soluci\u00f3n. La educaci\u00f3n ambiental no es solo responsabilidad de las instituciones, sino de todos\u00bb<\/em><\/strong>, a\u00f1adi\u00f3 el representante del Iara.<\/p>\n<h2>Compromiso gubernamental con el medio ambiente<\/h2>\n<p>La Gobernaci\u00f3n del Zulia reafirm\u00f3 su compromiso con la preservaci\u00f3n del medio ambiente, destacando que la educaci\u00f3n ambiental es una prioridad en su agenda. \u00abTrabajamos por un Zulia m\u00e1s verde y sostenible, donde la conciencia ecol\u00f3gica sea parte de nuestra identidad\u00bb, se\u00f1al\u00f3 un vocero del gobierno regional.<\/p>\n<p><strong><em>Redacci\u00f3n ND58 | Fuente: Secip<\/em><\/strong><br \/>\n<strong><em>Edici\u00f3n: Villasmil, Henry<\/em><\/strong><br \/>\n<strong><em>Gr\u00e1ficas: Cortes\u00eda Secip<\/em><\/strong><\/p>\n<p>&nbsp;<\/p>\n<p>&nbsp;<\/p>\n<p>&nbsp;<\/p>\n<p>&nbsp;<\/p><div class=\"eqnhl69f48237d8b89\" ><p style=\"text-align: center;\"><a href=\"https:\/\/t.me\/noticiasdigital58\" target=\"_blank\" rel=\"noopener\"><img class=\"aligncenter size-full wp-image-125363\" src=\"https:\/\/digital58.com.ve\/site\/wp-content\/uploads\/2021\/04\/banner-telegram-web-2021.png\" alt=\"\" width=\"600\" height=\"90\" \/><\/a><\/p><\/div><style type=\"text\/css\">\r\n@media screen and (min-width: 1201px) {\r\n.eqnhl69f48237d8b89 {\r\ndisplay: block;\r\n}\r\n}\r\n@media screen and (min-width: 993px) and (max-width: 1200px) {\r\n.eqnhl69f48237d8b89 {\r\ndisplay: block;\r\n}\r\n}\r\n@media screen and (min-width: 769px) and (max-width: 992px) {\r\n.eqnhl69f48237d8b89 {\r\ndisplay: block;\r\n}\r\n}\r\n@media screen and (min-width: 768px) and (max-width: 768px) {\r\n.eqnhl69f48237d8b89 {\r\ndisplay: block;\r\n}\r\n}\r\n@media screen and (max-width: 767px) {\r\n.eqnhl69f48237d8b89 {\r\ndisplay: block;\r\n}\r\n}\r\n<\/style>\r\n\n<p>&nbsp;<\/p>\n<div style=\"margin-top: 0px; margin-bottom: 0px;\" class=\"sharethis-inline-share-buttons\" ><\/div>","protected":false},"excerpt":{"rendered":"<p>Iniciativas del Iara y actividades en la Semana de la Zulianidad 2025 refuerzan la conciencia ecol\u00f3gica en la regi\u00f3n. Maracaibo,<\/p>\n","protected":false},"author":1,"featured_media":184005,"comment_status":"open","ping_status":"closed","sticky":false,"template":"","format":"standard","meta":{"colormag_page_container_layout":"default_layout","colormag_page_sidebar_layout":"default_layout","_uag_custom_page_level_css":"","footnotes":""},"categories":[5407],"tags":[13323,13579,4532,34410,73,233,2354,34409,32,761],"class_list":["post-184004","post","type-post","status-publish","format-standard","has-post-thumbnail","hentry","category-natura","tag-dia-mundial-de-la-educacion-ambiental","tag-gobierno-del-zulia","tag-iara","tag-instituto-autonomo-del-ambiente","tag-maracaibo","tag-nacionales","tag-regionales","tag-semana-de-la-zulianidad-2025","tag-venezuela","tag-zulia"],"yoast_head":"<!-- This site is optimized with the Yoast SEO plugin v27.5 - https:\/\/yoast.com\/product\/yoast-seo-wordpress\/ -->\n<title>Zulia conmemora el D\u00eda Mundial de la Educaci\u00f3n Ambiental con nuevas iniciativas ecol\u00f3gicas<\/title>\n<meta name=\"description\" content=\"La Gobernaci\u00f3n del Zulia, junto al Iara, conmemor\u00f3 el D\u00eda Mundial de la Educaci\u00f3n Ambiental con actividades que promueven la conciencia ecol\u00f3gica y la sostenibilidad en el marco de la Semana de la Zulianidad 2025.\" \/>\n<meta name=\"robots\" content=\"index, follow, max-snippet:-1, max-image-preview:large, max-video-preview:-1\" \/>\n<link rel=\"canonical\" href=\"https:\/\/digital58.com.ve\/site\/2025\/02\/07\/zulia-conmemora-el-dia-mundial-de-la-educacion-ambiental-con-nuevas-iniciativas-ecologicas\/\" \/>\n<meta property=\"og:locale\" content=\"es_ES\" \/>\n<meta property=\"og:type\" content=\"article\" \/>\n<meta property=\"og:title\" content=\"Zulia conmemora el D\u00eda Mundial de la Educaci\u00f3n Ambiental con nuevas iniciativas ecol\u00f3gicas\" \/>\n<meta property=\"og:description\" content=\"La Gobernaci\u00f3n del Zulia, junto al Iara, conmemor\u00f3 el D\u00eda Mundial de la Educaci\u00f3n Ambiental con actividades que promueven la conciencia ecol\u00f3gica y la sostenibilidad en el marco de la Semana de la Zulianidad 2025.\" \/>\n<meta property=\"og:url\" content=\"https:\/\/digital58.com.ve\/site\/2025\/02\/07\/zulia-conmemora-el-dia-mundial-de-la-educacion-ambiental-con-nuevas-iniciativas-ecologicas\/\" \/>\n<meta property=\"og:site_name\" content=\"Noticias Digital58\" \/>\n<meta property=\"article:published_time\" content=\"2025-02-07T13:20:41+00:00\" \/>\n<meta property=\"og:image\" content=\"https:\/\/digital58.com.ve\/site\/wp-content\/uploads\/2025\/02\/iara-zulia.webp\" \/>\n\t<meta property=\"og:image:width\" content=\"1000\" \/>\n\t<meta property=\"og:image:height\" content=\"600\" \/>\n\t<meta property=\"og:image:type\" content=\"image\/webp\" \/>\n<meta name=\"author\" content=\"Villasmil Henry\" \/>\n<meta name=\"twitter:card\" content=\"summary_large_image\" \/>\n<meta name=\"twitter:creator\" content=\"@https:\/\/twitter.com\/villasmilhfoto\" \/>\n<meta name=\"twitter:site\" content=\"@villasmilhfoto\" \/>\n<meta name=\"twitter:label1\" content=\"Escrito por\" \/>\n\t<meta name=\"twitter:data1\" content=\"Villasmil Henry\" \/>\n\t<meta name=\"twitter:label2\" content=\"Tiempo estimado de lectura\" \/>\n\t<meta name=\"twitter:data2\" content=\"3 minutos\" \/>\n<script type=\"application\/ld+json\" class=\"yoast-schema-graph\">{\"@context\":\"https:\\\/\\\/schema.org\",\"@graph\":[{\"@type\":\"Article\",\"@id\":\"https:\\\/\\\/digital58.com.ve\\\/site\\\/2025\\\/02\\\/07\\\/zulia-conmemora-el-dia-mundial-de-la-educacion-ambiental-con-nuevas-iniciativas-ecologicas\\\/#article\",\"isPartOf\":{\"@id\":\"https:\\\/\\\/digital58.com.ve\\\/site\\\/2025\\\/02\\\/07\\\/zulia-conmemora-el-dia-mundial-de-la-educacion-ambiental-con-nuevas-iniciativas-ecologicas\\\/\"},\"author\":{\"name\":\"Villasmil Henry\",\"@id\":\"https:\\\/\\\/digital58.com.ve\\\/site\\\/#\\\/schema\\\/person\\\/64d1c2e4d0d4fd1b849980c4331c2951\"},\"headline\":\"Zulia conmemora el D\u00eda Mundial de la Educaci\u00f3n Ambiental con nuevas iniciativas ecol\u00f3gicas\",\"datePublished\":\"2025-02-07T13:20:41+00:00\",\"mainEntityOfPage\":{\"@id\":\"https:\\\/\\\/digital58.com.ve\\\/site\\\/2025\\\/02\\\/07\\\/zulia-conmemora-el-dia-mundial-de-la-educacion-ambiental-con-nuevas-iniciativas-ecologicas\\\/\"},\"wordCount\":465,\"commentCount\":0,\"publisher\":{\"@id\":\"https:\\\/\\\/digital58.com.ve\\\/site\\\/#\\\/schema\\\/person\\\/64d1c2e4d0d4fd1b849980c4331c2951\"},\"image\":{\"@id\":\"https:\\\/\\\/digital58.com.ve\\\/site\\\/2025\\\/02\\\/07\\\/zulia-conmemora-el-dia-mundial-de-la-educacion-ambiental-con-nuevas-iniciativas-ecologicas\\\/#primaryimage\"},\"thumbnailUrl\":\"https:\\\/\\\/digital58.com.ve\\\/site\\\/wp-content\\\/uploads\\\/2025\\\/02\\\/iara-zulia.webp\",\"keywords\":[\"D\u00eda Mundial de la Educaci\u00f3n Ambiental\",\"Gobierno del Zulia\",\"IARA\",\"Instituto Aut\u00f3nomo del Ambiente\",\"Maracaibo\",\"Nacionales\",\"Regionales\",\"Semana de la Zulianidad 2025\",\"Venezuela\",\"Zulia\"],\"articleSection\":[\"Natura\"],\"inLanguage\":\"es\",\"potentialAction\":[{\"@type\":\"CommentAction\",\"name\":\"Comment\",\"target\":[\"https:\\\/\\\/digital58.com.ve\\\/site\\\/2025\\\/02\\\/07\\\/zulia-conmemora-el-dia-mundial-de-la-educacion-ambiental-con-nuevas-iniciativas-ecologicas\\\/#respond\"]}]},{\"@type\":\"WebPage\",\"@id\":\"https:\\\/\\\/digital58.com.ve\\\/site\\\/2025\\\/02\\\/07\\\/zulia-conmemora-el-dia-mundial-de-la-educacion-ambiental-con-nuevas-iniciativas-ecologicas\\\/\",\"url\":\"https:\\\/\\\/digital58.com.ve\\\/site\\\/2025\\\/02\\\/07\\\/zulia-conmemora-el-dia-mundial-de-la-educacion-ambiental-con-nuevas-iniciativas-ecologicas\\\/\",\"name\":\"Zulia conmemora el D\u00eda Mundial de la Educaci\u00f3n Ambiental con nuevas iniciativas ecol\u00f3gicas\",\"isPartOf\":{\"@id\":\"https:\\\/\\\/digital58.com.ve\\\/site\\\/#website\"},\"primaryImageOfPage\":{\"@id\":\"https:\\\/\\\/digital58.com.ve\\\/site\\\/2025\\\/02\\\/07\\\/zulia-conmemora-el-dia-mundial-de-la-educacion-ambiental-con-nuevas-iniciativas-ecologicas\\\/#primaryimage\"},\"image\":{\"@id\":\"https:\\\/\\\/digital58.com.ve\\\/site\\\/2025\\\/02\\\/07\\\/zulia-conmemora-el-dia-mundial-de-la-educacion-ambiental-con-nuevas-iniciativas-ecologicas\\\/#primaryimage\"},\"thumbnailUrl\":\"https:\\\/\\\/digital58.com.ve\\\/site\\\/wp-content\\\/uploads\\\/2025\\\/02\\\/iara-zulia.webp\",\"datePublished\":\"2025-02-07T13:20:41+00:00\",\"description\":\"La Gobernaci\u00f3n del Zulia, junto al Iara, conmemor\u00f3 el D\u00eda Mundial de la Educaci\u00f3n Ambiental con actividades que promueven la conciencia ecol\u00f3gica y la sostenibilidad en el marco de la Semana de la Zulianidad 2025.\",\"breadcrumb\":{\"@id\":\"https:\\\/\\\/digital58.com.ve\\\/site\\\/2025\\\/02\\\/07\\\/zulia-conmemora-el-dia-mundial-de-la-educacion-ambiental-con-nuevas-iniciativas-ecologicas\\\/#breadcrumb\"},\"inLanguage\":\"es\",\"potentialAction\":[{\"@type\":\"ReadAction\",\"target\":[\"https:\\\/\\\/digital58.com.ve\\\/site\\\/2025\\\/02\\\/07\\\/zulia-conmemora-el-dia-mundial-de-la-educacion-ambiental-con-nuevas-iniciativas-ecologicas\\\/\"]}]},{\"@type\":\"ImageObject\",\"inLanguage\":\"es\",\"@id\":\"https:\\\/\\\/digital58.com.ve\\\/site\\\/2025\\\/02\\\/07\\\/zulia-conmemora-el-dia-mundial-de-la-educacion-ambiental-con-nuevas-iniciativas-ecologicas\\\/#primaryimage\",\"url\":\"https:\\\/\\\/digital58.com.ve\\\/site\\\/wp-content\\\/uploads\\\/2025\\\/02\\\/iara-zulia.webp\",\"contentUrl\":\"https:\\\/\\\/digital58.com.ve\\\/site\\\/wp-content\\\/uploads\\\/2025\\\/02\\\/iara-zulia.webp\",\"width\":1000,\"height\":600},{\"@type\":\"BreadcrumbList\",\"@id\":\"https:\\\/\\\/digital58.com.ve\\\/site\\\/2025\\\/02\\\/07\\\/zulia-conmemora-el-dia-mundial-de-la-educacion-ambiental-con-nuevas-iniciativas-ecologicas\\\/#breadcrumb\",\"itemListElement\":[{\"@type\":\"ListItem\",\"position\":1,\"name\":\"Home\",\"item\":\"https:\\\/\\\/digital58.com.ve\\\/site\\\/\"},{\"@type\":\"ListItem\",\"position\":2,\"name\":\"Zulia conmemora el D\u00eda Mundial de la Educaci\u00f3n Ambiental con nuevas iniciativas ecol\u00f3gicas\"}]},{\"@type\":\"WebSite\",\"@id\":\"https:\\\/\\\/digital58.com.ve\\\/site\\\/#website\",\"url\":\"https:\\\/\\\/digital58.com.ve\\\/site\\\/\",\"name\":\"Noticias Digital58\",\"description\":\"Portal de Noticias \u00a1Periodismo web de verdad! Lanzamiento web 22.11.2005 \\\/ Maracaibo, Venezuela\",\"publisher\":{\"@id\":\"https:\\\/\\\/digital58.com.ve\\\/site\\\/#\\\/schema\\\/person\\\/64d1c2e4d0d4fd1b849980c4331c2951\"},\"alternateName\":\"ND58\",\"potentialAction\":[{\"@type\":\"SearchAction\",\"target\":{\"@type\":\"EntryPoint\",\"urlTemplate\":\"https:\\\/\\\/digital58.com.ve\\\/site\\\/?s={search_term_string}\"},\"query-input\":{\"@type\":\"PropertyValueSpecification\",\"valueRequired\":true,\"valueName\":\"search_term_string\"}}],\"inLanguage\":\"es\"},{\"@type\":[\"Person\",\"Organization\"],\"@id\":\"https:\\\/\\\/digital58.com.ve\\\/site\\\/#\\\/schema\\\/person\\\/64d1c2e4d0d4fd1b849980c4331c2951\",\"name\":\"Villasmil Henry\",\"image\":{\"@type\":\"ImageObject\",\"inLanguage\":\"es\",\"@id\":\"https:\\\/\\\/secure.gravatar.com\\\/avatar\\\/bb0c4a2fcb7970138239f7e404ea75757b1b507b28b5ce4c53fbd62d797c5a7c?s=96&d=mm&r=g\",\"url\":\"https:\\\/\\\/secure.gravatar.com\\\/avatar\\\/bb0c4a2fcb7970138239f7e404ea75757b1b507b28b5ce4c53fbd62d797c5a7c?s=96&d=mm&r=g\",\"contentUrl\":\"https:\\\/\\\/secure.gravatar.com\\\/avatar\\\/bb0c4a2fcb7970138239f7e404ea75757b1b507b28b5ce4c53fbd62d797c5a7c?s=96&d=mm&r=g\",\"caption\":\"Villasmil Henry\"},\"logo\":{\"@id\":\"https:\\\/\\\/secure.gravatar.com\\\/avatar\\\/bb0c4a2fcb7970138239f7e404ea75757b1b507b28b5ce4c53fbd62d797c5a7c?s=96&d=mm&r=g\"},\"sameAs\":[\"http:\\\/\\\/www.henryvillasmil.com.ve\",\"https:\\\/\\\/www.instagram.com\\\/villasmilhfoto\\\/\",\"https:\\\/\\\/x.com\\\/https:\\\/\\\/twitter.com\\\/villasmilhfoto\"],\"url\":\"https:\\\/\\\/digital58.com.ve\\\/site\\\/author\\\/droopy_68\\\/\"}]}<\/script>\n<!-- \/ Yoast SEO plugin. -->","yoast_head_json":{"title":"Zulia conmemora el D\u00eda Mundial de la Educaci\u00f3n Ambiental con nuevas iniciativas ecol\u00f3gicas","description":"La Gobernaci\u00f3n del Zulia, junto al Iara, conmemor\u00f3 el D\u00eda Mundial de la Educaci\u00f3n Ambiental con actividades que promueven la conciencia ecol\u00f3gica y la sostenibilidad en el marco de la Semana de la Zulianidad 2025.","robots":{"index":"index","follow":"follow","max-snippet":"max-snippet:-1","max-image-preview":"max-image-preview:large","max-video-preview":"max-video-preview:-1"},"canonical":"https:\/\/digital58.com.ve\/site\/2025\/02\/07\/zulia-conmemora-el-dia-mundial-de-la-educacion-ambiental-con-nuevas-iniciativas-ecologicas\/","og_locale":"es_ES","og_type":"article","og_title":"Zulia conmemora el D\u00eda Mundial de la Educaci\u00f3n Ambiental con nuevas iniciativas ecol\u00f3gicas","og_description":"La Gobernaci\u00f3n del Zulia, junto al Iara, conmemor\u00f3 el D\u00eda Mundial de la Educaci\u00f3n Ambiental con actividades que promueven la conciencia ecol\u00f3gica y la sostenibilidad en el marco de la Semana de la Zulianidad 2025.","og_url":"https:\/\/digital58.com.ve\/site\/2025\/02\/07\/zulia-conmemora-el-dia-mundial-de-la-educacion-ambiental-con-nuevas-iniciativas-ecologicas\/","og_site_name":"Noticias Digital58","article_published_time":"2025-02-07T13:20:41+00:00","og_image":[{"width":1000,"height":600,"url":"https:\/\/digital58.com.ve\/site\/wp-content\/uploads\/2025\/02\/iara-zulia.webp","type":"image\/webp"}],"author":"Villasmil Henry","twitter_card":"summary_large_image","twitter_creator":"@https:\/\/twitter.com\/villasmilhfoto","twitter_site":"@villasmilhfoto","twitter_misc":{"Escrito por":"Villasmil Henry","Tiempo estimado de lectura":"3 minutos"},"schema":{"@context":"https:\/\/schema.org","@graph":[{"@type":"Article","@id":"https:\/\/digital58.com.ve\/site\/2025\/02\/07\/zulia-conmemora-el-dia-mundial-de-la-educacion-ambiental-con-nuevas-iniciativas-ecologicas\/#article","isPartOf":{"@id":"https:\/\/digital58.com.ve\/site\/2025\/02\/07\/zulia-conmemora-el-dia-mundial-de-la-educacion-ambiental-con-nuevas-iniciativas-ecologicas\/"},"author":{"name":"Villasmil Henry","@id":"https:\/\/digital58.com.ve\/site\/#\/schema\/person\/64d1c2e4d0d4fd1b849980c4331c2951"},"headline":"Zulia conmemora el D\u00eda Mundial de la Educaci\u00f3n Ambiental con nuevas iniciativas ecol\u00f3gicas","datePublished":"2025-02-07T13:20:41+00:00","mainEntityOfPage":{"@id":"https:\/\/digital58.com.ve\/site\/2025\/02\/07\/zulia-conmemora-el-dia-mundial-de-la-educacion-ambiental-con-nuevas-iniciativas-ecologicas\/"},"wordCount":465,"commentCount":0,"publisher":{"@id":"https:\/\/digital58.com.ve\/site\/#\/schema\/person\/64d1c2e4d0d4fd1b849980c4331c2951"},"image":{"@id":"https:\/\/digital58.com.ve\/site\/2025\/02\/07\/zulia-conmemora-el-dia-mundial-de-la-educacion-ambiental-con-nuevas-iniciativas-ecologicas\/#primaryimage"},"thumbnailUrl":"https:\/\/digital58.com.ve\/site\/wp-content\/uploads\/2025\/02\/iara-zulia.webp","keywords":["D\u00eda Mundial de la Educaci\u00f3n Ambiental","Gobierno del Zulia","IARA","Instituto Aut\u00f3nomo del Ambiente","Maracaibo","Nacionales","Regionales","Semana de la Zulianidad 2025","Venezuela","Zulia"],"articleSection":["Natura"],"inLanguage":"es","potentialAction":[{"@type":"CommentAction","name":"Comment","target":["https:\/\/digital58.com.ve\/site\/2025\/02\/07\/zulia-conmemora-el-dia-mundial-de-la-educacion-ambiental-con-nuevas-iniciativas-ecologicas\/#respond"]}]},{"@type":"WebPage","@id":"https:\/\/digital58.com.ve\/site\/2025\/02\/07\/zulia-conmemora-el-dia-mundial-de-la-educacion-ambiental-con-nuevas-iniciativas-ecologicas\/","url":"https:\/\/digital58.com.ve\/site\/2025\/02\/07\/zulia-conmemora-el-dia-mundial-de-la-educacion-ambiental-con-nuevas-iniciativas-ecologicas\/","name":"Zulia conmemora el D\u00eda Mundial de la Educaci\u00f3n Ambiental con nuevas iniciativas ecol\u00f3gicas","isPartOf":{"@id":"https:\/\/digital58.com.ve\/site\/#website"},"primaryImageOfPage":{"@id":"https:\/\/digital58.com.ve\/site\/2025\/02\/07\/zulia-conmemora-el-dia-mundial-de-la-educacion-ambiental-con-nuevas-iniciativas-ecologicas\/#primaryimage"},"image":{"@id":"https:\/\/digital58.com.ve\/site\/2025\/02\/07\/zulia-conmemora-el-dia-mundial-de-la-educacion-ambiental-con-nuevas-iniciativas-ecologicas\/#primaryimage"},"thumbnailUrl":"https:\/\/digital58.com.ve\/site\/wp-content\/uploads\/2025\/02\/iara-zulia.webp","datePublished":"2025-02-07T13:20:41+00:00","description":"La Gobernaci\u00f3n del Zulia, junto al Iara, conmemor\u00f3 el D\u00eda Mundial de la Educaci\u00f3n Ambiental con actividades que promueven la conciencia ecol\u00f3gica y la sostenibilidad en el marco de la Semana de la Zulianidad 2025.","breadcrumb":{"@id":"https:\/\/digital58.com.ve\/site\/2025\/02\/07\/zulia-conmemora-el-dia-mundial-de-la-educacion-ambiental-con-nuevas-iniciativas-ecologicas\/#breadcrumb"},"inLanguage":"es","potentialAction":[{"@type":"ReadAction","target":["https:\/\/digital58.com.ve\/site\/2025\/02\/07\/zulia-conmemora-el-dia-mundial-de-la-educacion-ambiental-con-nuevas-iniciativas-ecologicas\/"]}]},{"@type":"ImageObject","inLanguage":"es","@id":"https:\/\/digital58.com.ve\/site\/2025\/02\/07\/zulia-conmemora-el-dia-mundial-de-la-educacion-ambiental-con-nuevas-iniciativas-ecologicas\/#primaryimage","url":"https:\/\/digital58.com.ve\/site\/wp-content\/uploads\/2025\/02\/iara-zulia.webp","contentUrl":"https:\/\/digital58.com.ve\/site\/wp-content\/uploads\/2025\/02\/iara-zulia.webp","width":1000,"height":600},{"@type":"BreadcrumbList","@id":"https:\/\/digital58.com.ve\/site\/2025\/02\/07\/zulia-conmemora-el-dia-mundial-de-la-educacion-ambiental-con-nuevas-iniciativas-ecologicas\/#breadcrumb","itemListElement":[{"@type":"ListItem","position":1,"name":"Home","item":"https:\/\/digital58.com.ve\/site\/"},{"@type":"ListItem","position":2,"name":"Zulia conmemora el D\u00eda Mundial de la Educaci\u00f3n Ambiental con nuevas iniciativas ecol\u00f3gicas"}]},{"@type":"WebSite","@id":"https:\/\/digital58.com.ve\/site\/#website","url":"https:\/\/digital58.com.ve\/site\/","name":"Noticias Digital58","description":"Portal de Noticias \u00a1Periodismo web de verdad! Lanzamiento web 22.11.2005 \/ Maracaibo, Venezuela","publisher":{"@id":"https:\/\/digital58.com.ve\/site\/#\/schema\/person\/64d1c2e4d0d4fd1b849980c4331c2951"},"alternateName":"ND58","potentialAction":[{"@type":"SearchAction","target":{"@type":"EntryPoint","urlTemplate":"https:\/\/digital58.com.ve\/site\/?s={search_term_string}"},"query-input":{"@type":"PropertyValueSpecification","valueRequired":true,"valueName":"search_term_string"}}],"inLanguage":"es"},{"@type":["Person","Organization"],"@id":"https:\/\/digital58.com.ve\/site\/#\/schema\/person\/64d1c2e4d0d4fd1b849980c4331c2951","name":"Villasmil Henry","image":{"@type":"ImageObject","inLanguage":"es","@id":"https:\/\/secure.gravatar.com\/avatar\/bb0c4a2fcb7970138239f7e404ea75757b1b507b28b5ce4c53fbd62d797c5a7c?s=96&d=mm&r=g","url":"https:\/\/secure.gravatar.com\/avatar\/bb0c4a2fcb7970138239f7e404ea75757b1b507b28b5ce4c53fbd62d797c5a7c?s=96&d=mm&r=g","contentUrl":"https:\/\/secure.gravatar.com\/avatar\/bb0c4a2fcb7970138239f7e404ea75757b1b507b28b5ce4c53fbd62d797c5a7c?s=96&d=mm&r=g","caption":"Villasmil Henry"},"logo":{"@id":"https:\/\/secure.gravatar.com\/avatar\/bb0c4a2fcb7970138239f7e404ea75757b1b507b28b5ce4c53fbd62d797c5a7c?s=96&d=mm&r=g"},"sameAs":["http:\/\/www.henryvillasmil.com.ve","https:\/\/www.instagram.com\/villasmilhfoto\/","https:\/\/x.com\/https:\/\/twitter.com\/villasmilhfoto"],"url":"https:\/\/digital58.com.ve\/site\/author\/droopy_68\/"}]}},"uagb_featured_image_src":{"full":["https:\/\/digital58.com.ve\/site\/wp-content\/uploads\/2025\/02\/iara-zulia.webp",1000,600,false],"thumbnail":["https:\/\/digital58.com.ve\/site\/wp-content\/uploads\/2025\/02\/iara-zulia-150x150.webp",150,150,true],"medium":["https:\/\/digital58.com.ve\/site\/wp-content\/uploads\/2025\/02\/iara-zulia-300x180.webp",300,180,true],"medium_large":["https:\/\/digital58.com.ve\/site\/wp-content\/uploads\/2025\/02\/iara-zulia-768x461.webp",768,461,true],"large":["https:\/\/digital58.com.ve\/site\/wp-content\/uploads\/2025\/02\/iara-zulia.webp",800,480,false],"1536x1536":["https:\/\/digital58.com.ve\/site\/wp-content\/uploads\/2025\/02\/iara-zulia.webp",1000,600,false],"2048x2048":["https:\/\/digital58.com.ve\/site\/wp-content\/uploads\/2025\/02\/iara-zulia.webp",1000,600,false],"colormag-highlighted-post":["https:\/\/digital58.com.ve\/site\/wp-content\/uploads\/2025\/02\/iara-zulia-392x272.webp",392,272,true],"colormag-featured-post-medium":["https:\/\/digital58.com.ve\/site\/wp-content\/uploads\/2025\/02\/iara-zulia-390x205.webp",390,205,true],"colormag-featured-post-small":["https:\/\/digital58.com.ve\/site\/wp-content\/uploads\/2025\/02\/iara-zulia-130x90.webp",130,90,true],"colormag-featured-image":["https:\/\/digital58.com.ve\/site\/wp-content\/uploads\/2025\/02\/iara-zulia-800x445.webp",800,445,true],"colormag-default-news":["https:\/\/digital58.com.ve\/site\/wp-content\/uploads\/2025\/02\/iara-zulia-150x150.webp",150,150,true],"colormag-featured-image-large":["https:\/\/digital58.com.ve\/site\/wp-content\/uploads\/2025\/02\/iara-zulia.webp",1000,600,false]},"uagb_author_info":{"display_name":"Villasmil Henry","author_link":"https:\/\/digital58.com.ve\/site\/author\/droopy_68\/"},"uagb_comment_info":0,"uagb_excerpt":"Iniciativas del Iara y actividades en la Semana de la Zulianidad 2025 refuerzan la conciencia ecol\u00f3gica en la regi\u00f3n. Maracaibo,","_links":{"self":[{"href":"https:\/\/digital58.com.ve\/site\/wp-json\/wp\/v2\/posts\/184004","targetHints":{"allow":["GET"]}}],"collection":[{"href":"https:\/\/digital58.com.ve\/site\/wp-json\/wp\/v2\/posts"}],"about":[{"href":"https:\/\/digital58.com.ve\/site\/wp-json\/wp\/v2\/types\/post"}],"author":[{"embeddable":true,"href":"https:\/\/digital58.com.ve\/site\/wp-json\/wp\/v2\/users\/1"}],"replies":[{"embeddable":true,"href":"https:\/\/digital58.com.ve\/site\/wp-json\/wp\/v2\/comments?post=184004"}],"version-history":[{"count":1,"href":"https:\/\/digital58.com.ve\/site\/wp-json\/wp\/v2\/posts\/184004\/revisions"}],"predecessor-version":[{"id":184006,"href":"https:\/\/digital58.com.ve\/site\/wp-json\/wp\/v2\/posts\/184004\/revisions\/184006"}],"wp:featuredmedia":[{"embeddable":true,"href":"https:\/\/digital58.com.ve\/site\/wp-json\/wp\/v2\/media\/184005"}],"wp:attachment":[{"href":"https:\/\/digital58.com.ve\/site\/wp-json\/wp\/v2\/media?parent=184004"}],"wp:term":[{"taxonomy":"category","embeddable":true,"href":"https:\/\/digital58.com.ve\/site\/wp-json\/wp\/v2\/categories?post=184004"},{"taxonomy":"post_tag","embeddable":true,"href":"https:\/\/digital58.com.ve\/site\/wp-json\/wp\/v2\/tags?post=184004"}],"curies":[{"name":"wp","href":"https:\/\/api.w.org\/{rel}","templated":true}]}}