{"id":184139,"date":"2025-02-11T08:37:06","date_gmt":"2025-02-11T12:37:06","guid":{"rendered":"https:\/\/digital58.com.ve\/site\/?p=184139"},"modified":"2025-02-11T08:37:06","modified_gmt":"2025-02-11T12:37:06","slug":"rosales-amplia-cobertura-del-programa-de-alimentacion-escolar-en-zulia","status":"publish","type":"post","link":"https:\/\/digital58.com.ve\/site\/2025\/02\/11\/rosales-amplia-cobertura-del-programa-de-alimentacion-escolar-en-zulia\/","title":{"rendered":"Rosales ampl\u00eda cobertura del Programa de Alimentaci\u00f3n Escolar en Zulia"},"content":{"rendered":"<p><a href=\"https:\/\/digital58.com.ve\/site\/wp-content\/uploads\/2025\/02\/programa-alimento-escolar-3.webp\"><img loading=\"lazy\" decoding=\"async\" class=\"aligncenter size-full wp-image-184141\" src=\"https:\/\/digital58.com.ve\/site\/wp-content\/uploads\/2025\/02\/programa-alimento-escolar-3.webp\" alt=\"\" width=\"1000\" height=\"600\" srcset=\"https:\/\/digital58.com.ve\/site\/wp-content\/uploads\/2025\/02\/programa-alimento-escolar-3.webp 1000w, https:\/\/digital58.com.ve\/site\/wp-content\/uploads\/2025\/02\/programa-alimento-escolar-3-300x180.webp 300w, https:\/\/digital58.com.ve\/site\/wp-content\/uploads\/2025\/02\/programa-alimento-escolar-3-768x461.webp 768w\" sizes=\"auto, (max-width: 1000px) 100vw, 1000px\" \/><\/a><\/p>\n<blockquote><p>El gobernador incorpor\u00f3 una nueva escuela al programa que ya beneficia a 234 instituciones en el estado.<\/p><\/blockquote>\n<p><strong><em>Maracaibo, Zulia, Venezuela, 11 de febrero de 2025 (ND58).-<\/em><\/strong> El gobernador del Zulia, Manuel Rosales, anunci\u00f3 la expansi\u00f3n del Programa de Alimentaci\u00f3n Escolar (PAE) con la incorporaci\u00f3n de la U.E.E.I.B. \u00abRicardo Sempr\u00fan\u00bb, ubicada en Maracaibo. La medida beneficiar\u00e1 a 478 ni\u00f1os y busca garantizar una alimentaci\u00f3n adecuada en las instituciones educativas de la regi\u00f3n.<\/p>\n<p><a href=\"https:\/\/digital58.com.ve\/site\/wp-content\/uploads\/2025\/02\/programa-alimento-escolar-4.webp\"><img loading=\"lazy\" decoding=\"async\" class=\"aligncenter size-full wp-image-184140\" src=\"https:\/\/digital58.com.ve\/site\/wp-content\/uploads\/2025\/02\/programa-alimento-escolar-4.webp\" alt=\"\" width=\"1000\" height=\"600\" srcset=\"https:\/\/digital58.com.ve\/site\/wp-content\/uploads\/2025\/02\/programa-alimento-escolar-4.webp 1000w, https:\/\/digital58.com.ve\/site\/wp-content\/uploads\/2025\/02\/programa-alimento-escolar-4-300x180.webp 300w, https:\/\/digital58.com.ve\/site\/wp-content\/uploads\/2025\/02\/programa-alimento-escolar-4-768x461.webp 768w\" sizes=\"auto, (max-width: 1000px) 100vw, 1000px\" \/><\/a><\/p>\n<h2>Rosales suma m\u00e1s escuelas al Programa de Alimentaci\u00f3n<\/h2>\n<p>Desde la U.E.E.I.B. \u00abRicardo Sempr\u00fan\u00bb, en la parroquia Idelfonso V\u00e1squez, el gobernador Manuel Rosales formaliz\u00f3 la inclusi\u00f3n de esta instituci\u00f3n al Programa de Alimentaci\u00f3n Escolar, alcanzando un total de 234 escuelas beneficiadas en el estado Zulia.<\/p>\n<blockquote><p>\u00abLa idea es que todas las escuelas bajo la gesti\u00f3n del Ejecutivo regional cuenten con el Programa de Alimentaci\u00f3n Escolar, para que sean espacios vivos y en funcionamiento\u00bb, se\u00f1al\u00f3 Rosales.<\/p><\/blockquote>\n<p>El mandatario regional enfatiz\u00f3 la importancia de este programa para garantizar la nutrici\u00f3n de los estudiantes y asegur\u00f3 que seguir\u00e1 trabajando para ampliar su cobertura en otras instituciones.<\/p>\n<p><a href=\"https:\/\/digital58.com.ve\/site\/wp-content\/uploads\/2025\/02\/programa-alimento-escolar-1.webp\"><img loading=\"lazy\" decoding=\"async\" class=\"aligncenter size-full wp-image-184143\" src=\"https:\/\/digital58.com.ve\/site\/wp-content\/uploads\/2025\/02\/programa-alimento-escolar-1.webp\" alt=\"\" width=\"1000\" height=\"600\" srcset=\"https:\/\/digital58.com.ve\/site\/wp-content\/uploads\/2025\/02\/programa-alimento-escolar-1.webp 1000w, https:\/\/digital58.com.ve\/site\/wp-content\/uploads\/2025\/02\/programa-alimento-escolar-1-300x180.webp 300w, https:\/\/digital58.com.ve\/site\/wp-content\/uploads\/2025\/02\/programa-alimento-escolar-1-768x461.webp 768w\" sizes=\"auto, (max-width: 1000px) 100vw, 1000px\" \/><\/a><\/p>\n<h2>Una escuela con historia y compromiso<\/h2>\n<p>El gobernador record\u00f3 que la U.E.E.I.B. \u00abRicardo Sempr\u00fan\u00bb comenz\u00f3 como un centro alternativo, donde los estudiantes recib\u00edan clases bajo un \u00e1rbol. Con el tiempo, se construy\u00f3 una infraestructura que, seg\u00fan Rosales, es \u00fanica en Venezuela y Latinoam\u00e9rica.<\/p>\n<blockquote><p>\u00abEste espacio no lo terminamos en mi segundo per\u00edodo. Luego vinieron otros gobiernos y, como dice la Biblia, &#8216;cay\u00f3 la polilla&#8217;. Pero aqu\u00ed estamos, retomando el trabajo y dando vida a esta escuela\u00bb, expres\u00f3.<\/p><\/blockquote>\n<p><a href=\"https:\/\/digital58.com.ve\/site\/wp-content\/uploads\/2025\/02\/programa-alimento-escolar-2.webp\"><img loading=\"lazy\" decoding=\"async\" class=\"aligncenter size-full wp-image-184142\" src=\"https:\/\/digital58.com.ve\/site\/wp-content\/uploads\/2025\/02\/programa-alimento-escolar-2.webp\" alt=\"\" width=\"1000\" height=\"600\" srcset=\"https:\/\/digital58.com.ve\/site\/wp-content\/uploads\/2025\/02\/programa-alimento-escolar-2.webp 1000w, https:\/\/digital58.com.ve\/site\/wp-content\/uploads\/2025\/02\/programa-alimento-escolar-2-300x180.webp 300w, https:\/\/digital58.com.ve\/site\/wp-content\/uploads\/2025\/02\/programa-alimento-escolar-2-768x461.webp 768w\" sizes=\"auto, (max-width: 1000px) 100vw, 1000px\" \/><\/a><\/p>\n<h3>Programas complementarios para la educaci\u00f3n integral<\/h3>\n<p>El gobernador anunci\u00f3 que esta escuela tambi\u00e9n ser\u00e1 beneficiada con otros programas educativos y culturales, entre ellos:<\/p>\n<ol>\n<li><strong>Programa Manos a la Obra:<\/strong> para mejorar la infraestructura escolar.<\/li>\n<li><strong>Programa Ambiental y Cultural:<\/strong> que fomentar\u00e1 el canto, la danza y la literatura.<\/li>\n<li><strong>Brigadas Escolares y Ambientales:<\/strong> para la formaci\u00f3n en valores ecol\u00f3gicos.<\/li>\n<li>P<strong>rograma Deportivo:<\/strong> con \u00e9nfasis en damas y ajedrez, promoviendo el pensamiento estrat\u00e9gico en los ni\u00f1os.<\/li>\n<li><strong>Eje de Salud:<\/strong> garantizando chequeos m\u00e9dicos y atenci\u00f3n visual.<\/li>\n<\/ol>\n<p>\u00abQueremos que esta sea una Escuela Zuliana de Avanzada, un modelo educativo y de infraestructura para todo el estado\u00bb, destac\u00f3 Rosales.<\/p>\n<p><strong><em>Redacci\u00f3n ND58 | Fuente: Secip<\/em><\/strong><br \/>\n<strong><em>Edici\u00f3n: Villasmil, Henry<\/em><\/strong><br \/>\n<strong><em>Gr\u00e1ficas: Cortes\u00eda Secip<\/em><\/strong><\/p>\n<p>&nbsp;<\/p><div class=\"ajymd69f5c6098d345\" ><p style=\"text-align: center;\"><a href=\"https:\/\/t.me\/noticiasdigital58\" target=\"_blank\" rel=\"noopener\"><img class=\"aligncenter size-full wp-image-125363\" src=\"https:\/\/digital58.com.ve\/site\/wp-content\/uploads\/2021\/04\/banner-telegram-web-2021.png\" alt=\"\" width=\"600\" height=\"90\" \/><\/a><\/p><\/div><style type=\"text\/css\">\r\n@media screen and (min-width: 1201px) {\r\n.ajymd69f5c6098d345 {\r\ndisplay: block;\r\n}\r\n}\r\n@media screen and (min-width: 993px) and (max-width: 1200px) {\r\n.ajymd69f5c6098d345 {\r\ndisplay: block;\r\n}\r\n}\r\n@media screen and (min-width: 769px) and (max-width: 992px) {\r\n.ajymd69f5c6098d345 {\r\ndisplay: block;\r\n}\r\n}\r\n@media screen and (min-width: 768px) and (max-width: 768px) {\r\n.ajymd69f5c6098d345 {\r\ndisplay: block;\r\n}\r\n}\r\n@media screen and (max-width: 767px) {\r\n.ajymd69f5c6098d345 {\r\ndisplay: block;\r\n}\r\n}\r\n<\/style>\r\n\n<p>&nbsp;<\/p>\n<div style=\"margin-top: 0px; margin-bottom: 0px;\" class=\"sharethis-inline-share-buttons\" ><\/div>","protected":false},"excerpt":{"rendered":"<p>El gobernador incorpor\u00f3 una nueva escuela al programa que ya beneficia a 234 instituciones en el estado. Maracaibo, Zulia, Venezuela,<\/p>\n","protected":false},"author":1,"featured_media":184140,"comment_status":"open","ping_status":"closed","sticky":false,"template":"","format":"standard","meta":{"colormag_page_container_layout":"default_layout","colormag_page_sidebar_layout":"default_layout","_uag_custom_page_level_css":"","footnotes":""},"categories":[14504],"tags":[2101,26086,233,27065,2354,32],"class_list":["post-184139","post","type-post","status-publish","format-standard","has-post-thumbnail","hentry","category-zulia","tag-gobernacion-del-zulia","tag-manuel-rosales-guerrero","tag-nacionales","tag-programa-de-alimentacion-escolar","tag-regionales","tag-venezuela"],"yoast_head":"<!-- This site is optimized with the Yoast SEO plugin v27.5 - https:\/\/yoast.com\/product\/yoast-seo-wordpress\/ -->\n<title>Rosales ampl\u00eda cobertura del Programa de Alimentaci\u00f3n Escolar en Zulia<\/title>\n<meta name=\"description\" content=\"Manuel Rosales ampli\u00f3 el Programa de Alimentaci\u00f3n Escolar en el Zulia, beneficiando a 478 ni\u00f1os de la U.E.E.I.B. \u00abRicardo Sempr\u00fan\u00bb\" \/>\n<meta name=\"robots\" content=\"index, follow, max-snippet:-1, max-image-preview:large, max-video-preview:-1\" \/>\n<link rel=\"canonical\" href=\"https:\/\/digital58.com.ve\/site\/2025\/02\/11\/rosales-amplia-cobertura-del-programa-de-alimentacion-escolar-en-zulia\/\" \/>\n<meta property=\"og:locale\" content=\"es_ES\" \/>\n<meta property=\"og:type\" content=\"article\" \/>\n<meta property=\"og:title\" content=\"Rosales ampl\u00eda cobertura del Programa de Alimentaci\u00f3n Escolar en Zulia\" \/>\n<meta property=\"og:description\" content=\"Manuel Rosales ampli\u00f3 el Programa de Alimentaci\u00f3n Escolar en el Zulia, beneficiando a 478 ni\u00f1os de la U.E.E.I.B. \u00abRicardo Sempr\u00fan\u00bb\" \/>\n<meta property=\"og:url\" content=\"https:\/\/digital58.com.ve\/site\/2025\/02\/11\/rosales-amplia-cobertura-del-programa-de-alimentacion-escolar-en-zulia\/\" \/>\n<meta property=\"og:site_name\" content=\"Noticias Digital58\" \/>\n<meta property=\"article:published_time\" content=\"2025-02-11T12:37:06+00:00\" \/>\n<meta property=\"og:image\" content=\"https:\/\/digital58.com.ve\/site\/wp-content\/uploads\/2025\/02\/programa-alimento-escolar-4.webp\" \/>\n\t<meta property=\"og:image:width\" content=\"1000\" \/>\n\t<meta property=\"og:image:height\" content=\"600\" \/>\n\t<meta property=\"og:image:type\" content=\"image\/webp\" \/>\n<meta name=\"author\" content=\"Villasmil Henry\" \/>\n<meta name=\"twitter:card\" content=\"summary_large_image\" \/>\n<meta name=\"twitter:creator\" content=\"@https:\/\/twitter.com\/villasmilhfoto\" \/>\n<meta name=\"twitter:site\" content=\"@villasmilhfoto\" \/>\n<meta name=\"twitter:label1\" content=\"Escrito por\" \/>\n\t<meta name=\"twitter:data1\" content=\"Villasmil Henry\" \/>\n\t<meta name=\"twitter:label2\" content=\"Tiempo estimado de lectura\" \/>\n\t<meta name=\"twitter:data2\" content=\"3 minutos\" \/>\n<script type=\"application\/ld+json\" class=\"yoast-schema-graph\">{\"@context\":\"https:\\\/\\\/schema.org\",\"@graph\":[{\"@type\":\"Article\",\"@id\":\"https:\\\/\\\/digital58.com.ve\\\/site\\\/2025\\\/02\\\/11\\\/rosales-amplia-cobertura-del-programa-de-alimentacion-escolar-en-zulia\\\/#article\",\"isPartOf\":{\"@id\":\"https:\\\/\\\/digital58.com.ve\\\/site\\\/2025\\\/02\\\/11\\\/rosales-amplia-cobertura-del-programa-de-alimentacion-escolar-en-zulia\\\/\"},\"author\":{\"name\":\"Villasmil Henry\",\"@id\":\"https:\\\/\\\/digital58.com.ve\\\/site\\\/#\\\/schema\\\/person\\\/64d1c2e4d0d4fd1b849980c4331c2951\"},\"headline\":\"Rosales ampl\u00eda cobertura del Programa de Alimentaci\u00f3n Escolar en Zulia\",\"datePublished\":\"2025-02-11T12:37:06+00:00\",\"mainEntityOfPage\":{\"@id\":\"https:\\\/\\\/digital58.com.ve\\\/site\\\/2025\\\/02\\\/11\\\/rosales-amplia-cobertura-del-programa-de-alimentacion-escolar-en-zulia\\\/\"},\"wordCount\":418,\"commentCount\":0,\"publisher\":{\"@id\":\"https:\\\/\\\/digital58.com.ve\\\/site\\\/#\\\/schema\\\/person\\\/64d1c2e4d0d4fd1b849980c4331c2951\"},\"image\":{\"@id\":\"https:\\\/\\\/digital58.com.ve\\\/site\\\/2025\\\/02\\\/11\\\/rosales-amplia-cobertura-del-programa-de-alimentacion-escolar-en-zulia\\\/#primaryimage\"},\"thumbnailUrl\":\"https:\\\/\\\/digital58.com.ve\\\/site\\\/wp-content\\\/uploads\\\/2025\\\/02\\\/programa-alimento-escolar-4.webp\",\"keywords\":[\"Gobernaci\u00f3n del Zulia\",\"Manuel Rosales Guerrero\",\"Nacionales\",\"Programa de Alimentaci\u00f3n Escolar\",\"Regionales\",\"Venezuela\"],\"articleSection\":[\"Zulia\"],\"inLanguage\":\"es\",\"potentialAction\":[{\"@type\":\"CommentAction\",\"name\":\"Comment\",\"target\":[\"https:\\\/\\\/digital58.com.ve\\\/site\\\/2025\\\/02\\\/11\\\/rosales-amplia-cobertura-del-programa-de-alimentacion-escolar-en-zulia\\\/#respond\"]}]},{\"@type\":\"WebPage\",\"@id\":\"https:\\\/\\\/digital58.com.ve\\\/site\\\/2025\\\/02\\\/11\\\/rosales-amplia-cobertura-del-programa-de-alimentacion-escolar-en-zulia\\\/\",\"url\":\"https:\\\/\\\/digital58.com.ve\\\/site\\\/2025\\\/02\\\/11\\\/rosales-amplia-cobertura-del-programa-de-alimentacion-escolar-en-zulia\\\/\",\"name\":\"Rosales ampl\u00eda cobertura del Programa de Alimentaci\u00f3n Escolar en Zulia\",\"isPartOf\":{\"@id\":\"https:\\\/\\\/digital58.com.ve\\\/site\\\/#website\"},\"primaryImageOfPage\":{\"@id\":\"https:\\\/\\\/digital58.com.ve\\\/site\\\/2025\\\/02\\\/11\\\/rosales-amplia-cobertura-del-programa-de-alimentacion-escolar-en-zulia\\\/#primaryimage\"},\"image\":{\"@id\":\"https:\\\/\\\/digital58.com.ve\\\/site\\\/2025\\\/02\\\/11\\\/rosales-amplia-cobertura-del-programa-de-alimentacion-escolar-en-zulia\\\/#primaryimage\"},\"thumbnailUrl\":\"https:\\\/\\\/digital58.com.ve\\\/site\\\/wp-content\\\/uploads\\\/2025\\\/02\\\/programa-alimento-escolar-4.webp\",\"datePublished\":\"2025-02-11T12:37:06+00:00\",\"description\":\"Manuel Rosales ampli\u00f3 el Programa de Alimentaci\u00f3n Escolar en el Zulia, beneficiando a 478 ni\u00f1os de la U.E.E.I.B. \u00abRicardo Sempr\u00fan\u00bb\",\"breadcrumb\":{\"@id\":\"https:\\\/\\\/digital58.com.ve\\\/site\\\/2025\\\/02\\\/11\\\/rosales-amplia-cobertura-del-programa-de-alimentacion-escolar-en-zulia\\\/#breadcrumb\"},\"inLanguage\":\"es\",\"potentialAction\":[{\"@type\":\"ReadAction\",\"target\":[\"https:\\\/\\\/digital58.com.ve\\\/site\\\/2025\\\/02\\\/11\\\/rosales-amplia-cobertura-del-programa-de-alimentacion-escolar-en-zulia\\\/\"]}]},{\"@type\":\"ImageObject\",\"inLanguage\":\"es\",\"@id\":\"https:\\\/\\\/digital58.com.ve\\\/site\\\/2025\\\/02\\\/11\\\/rosales-amplia-cobertura-del-programa-de-alimentacion-escolar-en-zulia\\\/#primaryimage\",\"url\":\"https:\\\/\\\/digital58.com.ve\\\/site\\\/wp-content\\\/uploads\\\/2025\\\/02\\\/programa-alimento-escolar-4.webp\",\"contentUrl\":\"https:\\\/\\\/digital58.com.ve\\\/site\\\/wp-content\\\/uploads\\\/2025\\\/02\\\/programa-alimento-escolar-4.webp\",\"width\":1000,\"height\":600},{\"@type\":\"BreadcrumbList\",\"@id\":\"https:\\\/\\\/digital58.com.ve\\\/site\\\/2025\\\/02\\\/11\\\/rosales-amplia-cobertura-del-programa-de-alimentacion-escolar-en-zulia\\\/#breadcrumb\",\"itemListElement\":[{\"@type\":\"ListItem\",\"position\":1,\"name\":\"Home\",\"item\":\"https:\\\/\\\/digital58.com.ve\\\/site\\\/\"},{\"@type\":\"ListItem\",\"position\":2,\"name\":\"Rosales ampl\u00eda cobertura del Programa de Alimentaci\u00f3n Escolar en Zulia\"}]},{\"@type\":\"WebSite\",\"@id\":\"https:\\\/\\\/digital58.com.ve\\\/site\\\/#website\",\"url\":\"https:\\\/\\\/digital58.com.ve\\\/site\\\/\",\"name\":\"Noticias Digital58\",\"description\":\"Portal de Noticias \u00a1Periodismo web de verdad! Lanzamiento web 22.11.2005 \\\/ Maracaibo, Venezuela\",\"publisher\":{\"@id\":\"https:\\\/\\\/digital58.com.ve\\\/site\\\/#\\\/schema\\\/person\\\/64d1c2e4d0d4fd1b849980c4331c2951\"},\"alternateName\":\"ND58\",\"potentialAction\":[{\"@type\":\"SearchAction\",\"target\":{\"@type\":\"EntryPoint\",\"urlTemplate\":\"https:\\\/\\\/digital58.com.ve\\\/site\\\/?s={search_term_string}\"},\"query-input\":{\"@type\":\"PropertyValueSpecification\",\"valueRequired\":true,\"valueName\":\"search_term_string\"}}],\"inLanguage\":\"es\"},{\"@type\":[\"Person\",\"Organization\"],\"@id\":\"https:\\\/\\\/digital58.com.ve\\\/site\\\/#\\\/schema\\\/person\\\/64d1c2e4d0d4fd1b849980c4331c2951\",\"name\":\"Villasmil Henry\",\"image\":{\"@type\":\"ImageObject\",\"inLanguage\":\"es\",\"@id\":\"https:\\\/\\\/secure.gravatar.com\\\/avatar\\\/bb0c4a2fcb7970138239f7e404ea75757b1b507b28b5ce4c53fbd62d797c5a7c?s=96&d=mm&r=g\",\"url\":\"https:\\\/\\\/secure.gravatar.com\\\/avatar\\\/bb0c4a2fcb7970138239f7e404ea75757b1b507b28b5ce4c53fbd62d797c5a7c?s=96&d=mm&r=g\",\"contentUrl\":\"https:\\\/\\\/secure.gravatar.com\\\/avatar\\\/bb0c4a2fcb7970138239f7e404ea75757b1b507b28b5ce4c53fbd62d797c5a7c?s=96&d=mm&r=g\",\"caption\":\"Villasmil Henry\"},\"logo\":{\"@id\":\"https:\\\/\\\/secure.gravatar.com\\\/avatar\\\/bb0c4a2fcb7970138239f7e404ea75757b1b507b28b5ce4c53fbd62d797c5a7c?s=96&d=mm&r=g\"},\"sameAs\":[\"http:\\\/\\\/www.henryvillasmil.com.ve\",\"https:\\\/\\\/www.instagram.com\\\/villasmilhfoto\\\/\",\"https:\\\/\\\/x.com\\\/https:\\\/\\\/twitter.com\\\/villasmilhfoto\"],\"url\":\"https:\\\/\\\/digital58.com.ve\\\/site\\\/author\\\/droopy_68\\\/\"}]}<\/script>\n<!-- \/ Yoast SEO plugin. -->","yoast_head_json":{"title":"Rosales ampl\u00eda cobertura del Programa de Alimentaci\u00f3n Escolar en Zulia","description":"Manuel Rosales ampli\u00f3 el Programa de Alimentaci\u00f3n Escolar en el Zulia, beneficiando a 478 ni\u00f1os de la U.E.E.I.B. \u00abRicardo Sempr\u00fan\u00bb","robots":{"index":"index","follow":"follow","max-snippet":"max-snippet:-1","max-image-preview":"max-image-preview:large","max-video-preview":"max-video-preview:-1"},"canonical":"https:\/\/digital58.com.ve\/site\/2025\/02\/11\/rosales-amplia-cobertura-del-programa-de-alimentacion-escolar-en-zulia\/","og_locale":"es_ES","og_type":"article","og_title":"Rosales ampl\u00eda cobertura del Programa de Alimentaci\u00f3n Escolar en Zulia","og_description":"Manuel Rosales ampli\u00f3 el Programa de Alimentaci\u00f3n Escolar en el Zulia, beneficiando a 478 ni\u00f1os de la U.E.E.I.B. \u00abRicardo Sempr\u00fan\u00bb","og_url":"https:\/\/digital58.com.ve\/site\/2025\/02\/11\/rosales-amplia-cobertura-del-programa-de-alimentacion-escolar-en-zulia\/","og_site_name":"Noticias Digital58","article_published_time":"2025-02-11T12:37:06+00:00","og_image":[{"width":1000,"height":600,"url":"https:\/\/digital58.com.ve\/site\/wp-content\/uploads\/2025\/02\/programa-alimento-escolar-4.webp","type":"image\/webp"}],"author":"Villasmil Henry","twitter_card":"summary_large_image","twitter_creator":"@https:\/\/twitter.com\/villasmilhfoto","twitter_site":"@villasmilhfoto","twitter_misc":{"Escrito por":"Villasmil Henry","Tiempo estimado de lectura":"3 minutos"},"schema":{"@context":"https:\/\/schema.org","@graph":[{"@type":"Article","@id":"https:\/\/digital58.com.ve\/site\/2025\/02\/11\/rosales-amplia-cobertura-del-programa-de-alimentacion-escolar-en-zulia\/#article","isPartOf":{"@id":"https:\/\/digital58.com.ve\/site\/2025\/02\/11\/rosales-amplia-cobertura-del-programa-de-alimentacion-escolar-en-zulia\/"},"author":{"name":"Villasmil Henry","@id":"https:\/\/digital58.com.ve\/site\/#\/schema\/person\/64d1c2e4d0d4fd1b849980c4331c2951"},"headline":"Rosales ampl\u00eda cobertura del Programa de Alimentaci\u00f3n Escolar en Zulia","datePublished":"2025-02-11T12:37:06+00:00","mainEntityOfPage":{"@id":"https:\/\/digital58.com.ve\/site\/2025\/02\/11\/rosales-amplia-cobertura-del-programa-de-alimentacion-escolar-en-zulia\/"},"wordCount":418,"commentCount":0,"publisher":{"@id":"https:\/\/digital58.com.ve\/site\/#\/schema\/person\/64d1c2e4d0d4fd1b849980c4331c2951"},"image":{"@id":"https:\/\/digital58.com.ve\/site\/2025\/02\/11\/rosales-amplia-cobertura-del-programa-de-alimentacion-escolar-en-zulia\/#primaryimage"},"thumbnailUrl":"https:\/\/digital58.com.ve\/site\/wp-content\/uploads\/2025\/02\/programa-alimento-escolar-4.webp","keywords":["Gobernaci\u00f3n del Zulia","Manuel Rosales Guerrero","Nacionales","Programa de Alimentaci\u00f3n Escolar","Regionales","Venezuela"],"articleSection":["Zulia"],"inLanguage":"es","potentialAction":[{"@type":"CommentAction","name":"Comment","target":["https:\/\/digital58.com.ve\/site\/2025\/02\/11\/rosales-amplia-cobertura-del-programa-de-alimentacion-escolar-en-zulia\/#respond"]}]},{"@type":"WebPage","@id":"https:\/\/digital58.com.ve\/site\/2025\/02\/11\/rosales-amplia-cobertura-del-programa-de-alimentacion-escolar-en-zulia\/","url":"https:\/\/digital58.com.ve\/site\/2025\/02\/11\/rosales-amplia-cobertura-del-programa-de-alimentacion-escolar-en-zulia\/","name":"Rosales ampl\u00eda cobertura del Programa de Alimentaci\u00f3n Escolar en Zulia","isPartOf":{"@id":"https:\/\/digital58.com.ve\/site\/#website"},"primaryImageOfPage":{"@id":"https:\/\/digital58.com.ve\/site\/2025\/02\/11\/rosales-amplia-cobertura-del-programa-de-alimentacion-escolar-en-zulia\/#primaryimage"},"image":{"@id":"https:\/\/digital58.com.ve\/site\/2025\/02\/11\/rosales-amplia-cobertura-del-programa-de-alimentacion-escolar-en-zulia\/#primaryimage"},"thumbnailUrl":"https:\/\/digital58.com.ve\/site\/wp-content\/uploads\/2025\/02\/programa-alimento-escolar-4.webp","datePublished":"2025-02-11T12:37:06+00:00","description":"Manuel Rosales ampli\u00f3 el Programa de Alimentaci\u00f3n Escolar en el Zulia, beneficiando a 478 ni\u00f1os de la U.E.E.I.B. \u00abRicardo Sempr\u00fan\u00bb","breadcrumb":{"@id":"https:\/\/digital58.com.ve\/site\/2025\/02\/11\/rosales-amplia-cobertura-del-programa-de-alimentacion-escolar-en-zulia\/#breadcrumb"},"inLanguage":"es","potentialAction":[{"@type":"ReadAction","target":["https:\/\/digital58.com.ve\/site\/2025\/02\/11\/rosales-amplia-cobertura-del-programa-de-alimentacion-escolar-en-zulia\/"]}]},{"@type":"ImageObject","inLanguage":"es","@id":"https:\/\/digital58.com.ve\/site\/2025\/02\/11\/rosales-amplia-cobertura-del-programa-de-alimentacion-escolar-en-zulia\/#primaryimage","url":"https:\/\/digital58.com.ve\/site\/wp-content\/uploads\/2025\/02\/programa-alimento-escolar-4.webp","contentUrl":"https:\/\/digital58.com.ve\/site\/wp-content\/uploads\/2025\/02\/programa-alimento-escolar-4.webp","width":1000,"height":600},{"@type":"BreadcrumbList","@id":"https:\/\/digital58.com.ve\/site\/2025\/02\/11\/rosales-amplia-cobertura-del-programa-de-alimentacion-escolar-en-zulia\/#breadcrumb","itemListElement":[{"@type":"ListItem","position":1,"name":"Home","item":"https:\/\/digital58.com.ve\/site\/"},{"@type":"ListItem","position":2,"name":"Rosales ampl\u00eda cobertura del Programa de Alimentaci\u00f3n Escolar en Zulia"}]},{"@type":"WebSite","@id":"https:\/\/digital58.com.ve\/site\/#website","url":"https:\/\/digital58.com.ve\/site\/","name":"Noticias Digital58","description":"Portal de Noticias \u00a1Periodismo web de verdad! Lanzamiento web 22.11.2005 \/ Maracaibo, Venezuela","publisher":{"@id":"https:\/\/digital58.com.ve\/site\/#\/schema\/person\/64d1c2e4d0d4fd1b849980c4331c2951"},"alternateName":"ND58","potentialAction":[{"@type":"SearchAction","target":{"@type":"EntryPoint","urlTemplate":"https:\/\/digital58.com.ve\/site\/?s={search_term_string}"},"query-input":{"@type":"PropertyValueSpecification","valueRequired":true,"valueName":"search_term_string"}}],"inLanguage":"es"},{"@type":["Person","Organization"],"@id":"https:\/\/digital58.com.ve\/site\/#\/schema\/person\/64d1c2e4d0d4fd1b849980c4331c2951","name":"Villasmil Henry","image":{"@type":"ImageObject","inLanguage":"es","@id":"https:\/\/secure.gravatar.com\/avatar\/bb0c4a2fcb7970138239f7e404ea75757b1b507b28b5ce4c53fbd62d797c5a7c?s=96&d=mm&r=g","url":"https:\/\/secure.gravatar.com\/avatar\/bb0c4a2fcb7970138239f7e404ea75757b1b507b28b5ce4c53fbd62d797c5a7c?s=96&d=mm&r=g","contentUrl":"https:\/\/secure.gravatar.com\/avatar\/bb0c4a2fcb7970138239f7e404ea75757b1b507b28b5ce4c53fbd62d797c5a7c?s=96&d=mm&r=g","caption":"Villasmil Henry"},"logo":{"@id":"https:\/\/secure.gravatar.com\/avatar\/bb0c4a2fcb7970138239f7e404ea75757b1b507b28b5ce4c53fbd62d797c5a7c?s=96&d=mm&r=g"},"sameAs":["http:\/\/www.henryvillasmil.com.ve","https:\/\/www.instagram.com\/villasmilhfoto\/","https:\/\/x.com\/https:\/\/twitter.com\/villasmilhfoto"],"url":"https:\/\/digital58.com.ve\/site\/author\/droopy_68\/"}]}},"uagb_featured_image_src":{"full":["https:\/\/digital58.com.ve\/site\/wp-content\/uploads\/2025\/02\/programa-alimento-escolar-4.webp",1000,600,false],"thumbnail":["https:\/\/digital58.com.ve\/site\/wp-content\/uploads\/2025\/02\/programa-alimento-escolar-4-150x150.webp",150,150,true],"medium":["https:\/\/digital58.com.ve\/site\/wp-content\/uploads\/2025\/02\/programa-alimento-escolar-4-300x180.webp",300,180,true],"medium_large":["https:\/\/digital58.com.ve\/site\/wp-content\/uploads\/2025\/02\/programa-alimento-escolar-4-768x461.webp",768,461,true],"large":["https:\/\/digital58.com.ve\/site\/wp-content\/uploads\/2025\/02\/programa-alimento-escolar-4.webp",800,480,false],"1536x1536":["https:\/\/digital58.com.ve\/site\/wp-content\/uploads\/2025\/02\/programa-alimento-escolar-4.webp",1000,600,false],"2048x2048":["https:\/\/digital58.com.ve\/site\/wp-content\/uploads\/2025\/02\/programa-alimento-escolar-4.webp",1000,600,false],"colormag-highlighted-post":["https:\/\/digital58.com.ve\/site\/wp-content\/uploads\/2025\/02\/programa-alimento-escolar-4-392x272.webp",392,272,true],"colormag-featured-post-medium":["https:\/\/digital58.com.ve\/site\/wp-content\/uploads\/2025\/02\/programa-alimento-escolar-4-390x205.webp",390,205,true],"colormag-featured-post-small":["https:\/\/digital58.com.ve\/site\/wp-content\/uploads\/2025\/02\/programa-alimento-escolar-4-130x90.webp",130,90,true],"colormag-featured-image":["https:\/\/digital58.com.ve\/site\/wp-content\/uploads\/2025\/02\/programa-alimento-escolar-4-800x445.webp",800,445,true],"colormag-default-news":["https:\/\/digital58.com.ve\/site\/wp-content\/uploads\/2025\/02\/programa-alimento-escolar-4-150x150.webp",150,150,true],"colormag-featured-image-large":["https:\/\/digital58.com.ve\/site\/wp-content\/uploads\/2025\/02\/programa-alimento-escolar-4.webp",1000,600,false]},"uagb_author_info":{"display_name":"Villasmil Henry","author_link":"https:\/\/digital58.com.ve\/site\/author\/droopy_68\/"},"uagb_comment_info":0,"uagb_excerpt":"El gobernador incorpor\u00f3 una nueva escuela al programa que ya beneficia a 234 instituciones en el estado. Maracaibo, Zulia, Venezuela,","_links":{"self":[{"href":"https:\/\/digital58.com.ve\/site\/wp-json\/wp\/v2\/posts\/184139","targetHints":{"allow":["GET"]}}],"collection":[{"href":"https:\/\/digital58.com.ve\/site\/wp-json\/wp\/v2\/posts"}],"about":[{"href":"https:\/\/digital58.com.ve\/site\/wp-json\/wp\/v2\/types\/post"}],"author":[{"embeddable":true,"href":"https:\/\/digital58.com.ve\/site\/wp-json\/wp\/v2\/users\/1"}],"replies":[{"embeddable":true,"href":"https:\/\/digital58.com.ve\/site\/wp-json\/wp\/v2\/comments?post=184139"}],"version-history":[{"count":1,"href":"https:\/\/digital58.com.ve\/site\/wp-json\/wp\/v2\/posts\/184139\/revisions"}],"predecessor-version":[{"id":184144,"href":"https:\/\/digital58.com.ve\/site\/wp-json\/wp\/v2\/posts\/184139\/revisions\/184144"}],"wp:featuredmedia":[{"embeddable":true,"href":"https:\/\/digital58.com.ve\/site\/wp-json\/wp\/v2\/media\/184140"}],"wp:attachment":[{"href":"https:\/\/digital58.com.ve\/site\/wp-json\/wp\/v2\/media?parent=184139"}],"wp:term":[{"taxonomy":"category","embeddable":true,"href":"https:\/\/digital58.com.ve\/site\/wp-json\/wp\/v2\/categories?post=184139"},{"taxonomy":"post_tag","embeddable":true,"href":"https:\/\/digital58.com.ve\/site\/wp-json\/wp\/v2\/tags?post=184139"}],"curies":[{"name":"wp","href":"https:\/\/api.w.org\/{rel}","templated":true}]}}