{"id":184402,"date":"2025-02-18T06:47:54","date_gmt":"2025-02-18T10:47:54","guid":{"rendered":"https:\/\/digital58.com.ve\/site\/?p=184402"},"modified":"2025-02-18T06:47:54","modified_gmt":"2025-02-18T10:47:54","slug":"paquita-la-del-barrio-el-adios-a-un-icono-de-la-musica-ranchera","status":"publish","type":"post","link":"https:\/\/digital58.com.ve\/site\/2025\/02\/18\/paquita-la-del-barrio-el-adios-a-un-icono-de-la-musica-ranchera\/","title":{"rendered":"Paquita la del Barrio: el adi\u00f3s a un \u00edcono de la m\u00fasica ranchera"},"content":{"rendered":"<p><a href=\"https:\/\/digital58.com.ve\/site\/wp-content\/uploads\/2025\/02\/paquita.webp\"><img loading=\"lazy\" decoding=\"async\" class=\"aligncenter size-full wp-image-184403\" src=\"https:\/\/digital58.com.ve\/site\/wp-content\/uploads\/2025\/02\/paquita.webp\" alt=\"\" width=\"1000\" height=\"600\" srcset=\"https:\/\/digital58.com.ve\/site\/wp-content\/uploads\/2025\/02\/paquita.webp 1000w, https:\/\/digital58.com.ve\/site\/wp-content\/uploads\/2025\/02\/paquita-300x180.webp 300w, https:\/\/digital58.com.ve\/site\/wp-content\/uploads\/2025\/02\/paquita-768x461.webp 768w\" sizes=\"auto, (max-width: 1000px) 100vw, 1000px\" \/><\/a><\/p>\n<p>La cantante mexicana, s\u00edmbolo del desamor, falleci\u00f3 a los 77 a\u00f1os.<\/p>\n<p><strong>M\u00e9xico, 18 de febrero de 2025 (ND58).-<\/strong> Francisca Viveros Barradas, conocida art\u00edsticamente como Paquita la del Barrio, falleci\u00f3 este lunes a los 77 a\u00f1os tras enfrentar diversos problemas de salud. La artista, reconocida por su estilo \u00fanico y letras cargadas de empoderamiento femenino, dej\u00f3 un legado imborrable en la m\u00fasica ranchera y popular.<\/p>\n<h2>Una vida marcada por la m\u00fasica y la superaci\u00f3n<\/h2>\n<p>Nacida el 2 de abril de 1947 en Alto Lucero, Veracruz, Francisca creci\u00f3 en un entorno de escasos recursos. Desde temprana edad trabaj\u00f3 en la cosecha de caf\u00e9 y mangos para ayudar a su familia. A los 15 a\u00f1os concluy\u00f3 la educaci\u00f3n primaria y comenz\u00f3 a laborar en el Registro Civil de su localidad, donde conoci\u00f3 a su primer esposo, Miguel Gerardo Mart\u00ednez.<\/p>\n<p>El matrimonio, marcado por la violencia dom\u00e9stica, termin\u00f3 tras siete a\u00f1os. Con dos hijos a su cargo, la cantante decidi\u00f3 mudarse a la Ciudad de M\u00e9xico en 1970 para perseguir su sue\u00f1o musical. Junto a su hermana Viola form\u00f3 el d\u00fao \u00abLas Golondrinas\u00bb, present\u00e1ndose en restaurantes y cantinas.<\/p>\n<h2>El nacimiento de Paquita la del Barrio<\/h2>\n<p>Tras separarse art\u00edsticamente de su hermana, Francisca abri\u00f3 un restaurante en la colonia Guerrero de la Ciudad de M\u00e9xico. Durante las noches, el local se convert\u00eda en un escenario donde interpretaba canciones de despecho y desamor, lo que ciment\u00f3 su estilo inconfundible.<\/p>\n<p>En 1984, con recursos propios, grab\u00f3 su primer disco, \u00abEl barrio de los faroles\u00bb, que le otorg\u00f3 el sobrenombre de Paquita la del Barrio. Sus letras, dirigidas contra la traici\u00f3n y el machismo, conquistaron a una audiencia amplia y fiel.<\/p>\n<h2>\u00c9xitos y reconocimientos<\/h2>\n<p>Paquita la del Barrio construy\u00f3 una carrera de m\u00e1s de cuatro d\u00e9cadas con temas ic\u00f3nicos como \u00abRata de dos patas\u00bb, \u00abTres veces te enga\u00e9\u00bb y \u00abCheque en blanco\u00bb. Su impacto en la industria musical le vali\u00f3 nominaciones a los premios Grammy en la categor\u00eda de m\u00fasica ranchera, as\u00ed como reconocimientos en los Premios Billboard.<\/p>\n<p>Colabor\u00f3 con figuras como Juan Gabriel, Vicente Fern\u00e1ndez, Jenni Rivera y Marco Antonio Sol\u00eds. Su legado traspas\u00f3 la m\u00fasica al cine y la televisi\u00f3n, con participaciones en producciones como \u00abMar\u00eda Mercedes\u00bb y \u00abCansada de besar sapos\u00bb.<\/p>\n<p>En 2017, su historia fue llevada a la pantalla en una serie biogr\u00e1fica producida por Sony Pictures Television y Teleset.<\/p>\n<h2>El impacto de su legado<\/h2>\n<p>Paquita la del Barrio no solo fue una voz inconfundible de la m\u00fasica ranchera, sino tambi\u00e9n un s\u00edmbolo de resistencia y empoderamiento. Su manera directa de interpretar el desamor y la traici\u00f3n le gan\u00f3 un lugar especial en la cultura popular.<\/p>\n<p>Su partida deja un vac\u00edo en la industria, pero su m\u00fasica continuar\u00e1 resonando en generaciones futuras.<\/p>\n<p><strong>Redacci\u00f3n ND58 | Fuente: EFE<\/strong><br \/>\n<strong>Edici\u00f3n: Villasmil, Henry<\/strong><br \/>\n<strong>Gr\u00e1ficas: EFE<\/strong><\/p><div class=\"kzpgy69f5346a4e4a6\" ><p style=\"text-align: center;\"><a href=\"https:\/\/t.me\/noticiasdigital58\" target=\"_blank\" rel=\"noopener\"><img class=\"aligncenter size-full wp-image-125363\" src=\"https:\/\/digital58.com.ve\/site\/wp-content\/uploads\/2021\/04\/banner-telegram-web-2021.png\" alt=\"\" width=\"600\" height=\"90\" \/><\/a><\/p><\/div><style type=\"text\/css\">\r\n@media screen and (min-width: 1201px) {\r\n.kzpgy69f5346a4e4a6 {\r\ndisplay: block;\r\n}\r\n}\r\n@media screen and (min-width: 993px) and (max-width: 1200px) {\r\n.kzpgy69f5346a4e4a6 {\r\ndisplay: block;\r\n}\r\n}\r\n@media screen and (min-width: 769px) and (max-width: 992px) {\r\n.kzpgy69f5346a4e4a6 {\r\ndisplay: block;\r\n}\r\n}\r\n@media screen and (min-width: 768px) and (max-width: 768px) {\r\n.kzpgy69f5346a4e4a6 {\r\ndisplay: block;\r\n}\r\n}\r\n@media screen and (max-width: 767px) {\r\n.kzpgy69f5346a4e4a6 {\r\ndisplay: block;\r\n}\r\n}\r\n<\/style>\r\n\n<p>&nbsp;<\/p>\n<div style=\"margin-top: 0px; margin-bottom: 0px;\" class=\"sharethis-inline-share-buttons\" ><\/div>","protected":false},"excerpt":{"rendered":"<p>La cantante mexicana, s\u00edmbolo del desamor, falleci\u00f3 a los 77 a\u00f1os. M\u00e9xico, 18 de febrero de 2025 (ND58).- Francisca Viveros<\/p>\n","protected":false},"author":1,"featured_media":184403,"comment_status":"open","ping_status":"closed","sticky":false,"template":"","format":"standard","meta":{"colormag_page_container_layout":"default_layout","colormag_page_sidebar_layout":"default_layout","_uag_custom_page_level_css":"","footnotes":""},"categories":[1],"tags":[78,207,34463,8,175,61,34462],"class_list":["post-184402","post","type-post","status-publish","format-standard","has-post-thumbnail","hentry","category-fama","tag-cantantes","tag-fallecimientos","tag-genero-ranchera","tag-internacionales","tag-mexico","tag-musica","tag-paquita-la-del-barrio"],"yoast_head":"<!-- This site is optimized with the Yoast SEO plugin v27.5 - https:\/\/yoast.com\/product\/yoast-seo-wordpress\/ -->\n<title>Paquita la del Barrio: el adi\u00f3s a un \u00edcono de la m\u00fasica ranchera<\/title>\n<meta name=\"description\" content=\"Paquita la del Barrio, icono de la m\u00fasica ranchera y del empoderamiento femenino, falleci\u00f3 a los 77 a\u00f1os, dejando un legado inolvidable en la industria musical.\" \/>\n<meta name=\"robots\" content=\"index, follow, max-snippet:-1, max-image-preview:large, max-video-preview:-1\" \/>\n<link rel=\"canonical\" href=\"https:\/\/digital58.com.ve\/site\/2025\/02\/18\/paquita-la-del-barrio-el-adios-a-un-icono-de-la-musica-ranchera\/\" \/>\n<meta property=\"og:locale\" content=\"es_ES\" \/>\n<meta property=\"og:type\" content=\"article\" \/>\n<meta property=\"og:title\" content=\"Paquita la del Barrio: el adi\u00f3s a un \u00edcono de la m\u00fasica ranchera\" \/>\n<meta property=\"og:description\" content=\"Paquita la del Barrio, icono de la m\u00fasica ranchera y del empoderamiento femenino, falleci\u00f3 a los 77 a\u00f1os, dejando un legado inolvidable en la industria musical.\" \/>\n<meta property=\"og:url\" content=\"https:\/\/digital58.com.ve\/site\/2025\/02\/18\/paquita-la-del-barrio-el-adios-a-un-icono-de-la-musica-ranchera\/\" \/>\n<meta property=\"og:site_name\" content=\"Noticias Digital58\" \/>\n<meta property=\"article:published_time\" content=\"2025-02-18T10:47:54+00:00\" \/>\n<meta property=\"og:image\" content=\"https:\/\/digital58.com.ve\/site\/wp-content\/uploads\/2025\/02\/paquita.webp\" \/>\n\t<meta property=\"og:image:width\" content=\"1000\" \/>\n\t<meta property=\"og:image:height\" content=\"600\" \/>\n\t<meta property=\"og:image:type\" content=\"image\/webp\" \/>\n<meta name=\"author\" content=\"Villasmil Henry\" \/>\n<meta name=\"twitter:card\" content=\"summary_large_image\" \/>\n<meta name=\"twitter:creator\" content=\"@https:\/\/twitter.com\/villasmilhfoto\" \/>\n<meta name=\"twitter:site\" content=\"@villasmilhfoto\" \/>\n<meta name=\"twitter:label1\" content=\"Escrito por\" \/>\n\t<meta name=\"twitter:data1\" content=\"Villasmil Henry\" \/>\n\t<meta name=\"twitter:label2\" content=\"Tiempo estimado de lectura\" \/>\n\t<meta name=\"twitter:data2\" content=\"3 minutos\" \/>\n<script type=\"application\/ld+json\" class=\"yoast-schema-graph\">{\"@context\":\"https:\\\/\\\/schema.org\",\"@graph\":[{\"@type\":\"Article\",\"@id\":\"https:\\\/\\\/digital58.com.ve\\\/site\\\/2025\\\/02\\\/18\\\/paquita-la-del-barrio-el-adios-a-un-icono-de-la-musica-ranchera\\\/#article\",\"isPartOf\":{\"@id\":\"https:\\\/\\\/digital58.com.ve\\\/site\\\/2025\\\/02\\\/18\\\/paquita-la-del-barrio-el-adios-a-un-icono-de-la-musica-ranchera\\\/\"},\"author\":{\"name\":\"Villasmil Henry\",\"@id\":\"https:\\\/\\\/digital58.com.ve\\\/site\\\/#\\\/schema\\\/person\\\/64d1c2e4d0d4fd1b849980c4331c2951\"},\"headline\":\"Paquita la del Barrio: el adi\u00f3s a un \u00edcono de la m\u00fasica ranchera\",\"datePublished\":\"2025-02-18T10:47:54+00:00\",\"mainEntityOfPage\":{\"@id\":\"https:\\\/\\\/digital58.com.ve\\\/site\\\/2025\\\/02\\\/18\\\/paquita-la-del-barrio-el-adios-a-un-icono-de-la-musica-ranchera\\\/\"},\"wordCount\":505,\"commentCount\":0,\"publisher\":{\"@id\":\"https:\\\/\\\/digital58.com.ve\\\/site\\\/#\\\/schema\\\/person\\\/64d1c2e4d0d4fd1b849980c4331c2951\"},\"image\":{\"@id\":\"https:\\\/\\\/digital58.com.ve\\\/site\\\/2025\\\/02\\\/18\\\/paquita-la-del-barrio-el-adios-a-un-icono-de-la-musica-ranchera\\\/#primaryimage\"},\"thumbnailUrl\":\"https:\\\/\\\/digital58.com.ve\\\/site\\\/wp-content\\\/uploads\\\/2025\\\/02\\\/paquita.webp\",\"keywords\":[\"Cantantes\",\"Fallecimientos\",\"G\u00e9nero ranchera\",\"Internacionales\",\"M\u00e9xico\",\"M\u00fasica\",\"Paquita la del Barrio\"],\"articleSection\":[\"Fama\"],\"inLanguage\":\"es\",\"potentialAction\":[{\"@type\":\"CommentAction\",\"name\":\"Comment\",\"target\":[\"https:\\\/\\\/digital58.com.ve\\\/site\\\/2025\\\/02\\\/18\\\/paquita-la-del-barrio-el-adios-a-un-icono-de-la-musica-ranchera\\\/#respond\"]}]},{\"@type\":\"WebPage\",\"@id\":\"https:\\\/\\\/digital58.com.ve\\\/site\\\/2025\\\/02\\\/18\\\/paquita-la-del-barrio-el-adios-a-un-icono-de-la-musica-ranchera\\\/\",\"url\":\"https:\\\/\\\/digital58.com.ve\\\/site\\\/2025\\\/02\\\/18\\\/paquita-la-del-barrio-el-adios-a-un-icono-de-la-musica-ranchera\\\/\",\"name\":\"Paquita la del Barrio: el adi\u00f3s a un \u00edcono de la m\u00fasica ranchera\",\"isPartOf\":{\"@id\":\"https:\\\/\\\/digital58.com.ve\\\/site\\\/#website\"},\"primaryImageOfPage\":{\"@id\":\"https:\\\/\\\/digital58.com.ve\\\/site\\\/2025\\\/02\\\/18\\\/paquita-la-del-barrio-el-adios-a-un-icono-de-la-musica-ranchera\\\/#primaryimage\"},\"image\":{\"@id\":\"https:\\\/\\\/digital58.com.ve\\\/site\\\/2025\\\/02\\\/18\\\/paquita-la-del-barrio-el-adios-a-un-icono-de-la-musica-ranchera\\\/#primaryimage\"},\"thumbnailUrl\":\"https:\\\/\\\/digital58.com.ve\\\/site\\\/wp-content\\\/uploads\\\/2025\\\/02\\\/paquita.webp\",\"datePublished\":\"2025-02-18T10:47:54+00:00\",\"description\":\"Paquita la del Barrio, icono de la m\u00fasica ranchera y del empoderamiento femenino, falleci\u00f3 a los 77 a\u00f1os, dejando un legado inolvidable en la industria musical.\",\"breadcrumb\":{\"@id\":\"https:\\\/\\\/digital58.com.ve\\\/site\\\/2025\\\/02\\\/18\\\/paquita-la-del-barrio-el-adios-a-un-icono-de-la-musica-ranchera\\\/#breadcrumb\"},\"inLanguage\":\"es\",\"potentialAction\":[{\"@type\":\"ReadAction\",\"target\":[\"https:\\\/\\\/digital58.com.ve\\\/site\\\/2025\\\/02\\\/18\\\/paquita-la-del-barrio-el-adios-a-un-icono-de-la-musica-ranchera\\\/\"]}]},{\"@type\":\"ImageObject\",\"inLanguage\":\"es\",\"@id\":\"https:\\\/\\\/digital58.com.ve\\\/site\\\/2025\\\/02\\\/18\\\/paquita-la-del-barrio-el-adios-a-un-icono-de-la-musica-ranchera\\\/#primaryimage\",\"url\":\"https:\\\/\\\/digital58.com.ve\\\/site\\\/wp-content\\\/uploads\\\/2025\\\/02\\\/paquita.webp\",\"contentUrl\":\"https:\\\/\\\/digital58.com.ve\\\/site\\\/wp-content\\\/uploads\\\/2025\\\/02\\\/paquita.webp\",\"width\":1000,\"height\":600},{\"@type\":\"BreadcrumbList\",\"@id\":\"https:\\\/\\\/digital58.com.ve\\\/site\\\/2025\\\/02\\\/18\\\/paquita-la-del-barrio-el-adios-a-un-icono-de-la-musica-ranchera\\\/#breadcrumb\",\"itemListElement\":[{\"@type\":\"ListItem\",\"position\":1,\"name\":\"Home\",\"item\":\"https:\\\/\\\/digital58.com.ve\\\/site\\\/\"},{\"@type\":\"ListItem\",\"position\":2,\"name\":\"Paquita la del Barrio: el adi\u00f3s a un \u00edcono de la m\u00fasica ranchera\"}]},{\"@type\":\"WebSite\",\"@id\":\"https:\\\/\\\/digital58.com.ve\\\/site\\\/#website\",\"url\":\"https:\\\/\\\/digital58.com.ve\\\/site\\\/\",\"name\":\"Noticias Digital58\",\"description\":\"Portal de Noticias \u00a1Periodismo web de verdad! Lanzamiento web 22.11.2005 \\\/ Maracaibo, Venezuela\",\"publisher\":{\"@id\":\"https:\\\/\\\/digital58.com.ve\\\/site\\\/#\\\/schema\\\/person\\\/64d1c2e4d0d4fd1b849980c4331c2951\"},\"alternateName\":\"ND58\",\"potentialAction\":[{\"@type\":\"SearchAction\",\"target\":{\"@type\":\"EntryPoint\",\"urlTemplate\":\"https:\\\/\\\/digital58.com.ve\\\/site\\\/?s={search_term_string}\"},\"query-input\":{\"@type\":\"PropertyValueSpecification\",\"valueRequired\":true,\"valueName\":\"search_term_string\"}}],\"inLanguage\":\"es\"},{\"@type\":[\"Person\",\"Organization\"],\"@id\":\"https:\\\/\\\/digital58.com.ve\\\/site\\\/#\\\/schema\\\/person\\\/64d1c2e4d0d4fd1b849980c4331c2951\",\"name\":\"Villasmil Henry\",\"image\":{\"@type\":\"ImageObject\",\"inLanguage\":\"es\",\"@id\":\"https:\\\/\\\/secure.gravatar.com\\\/avatar\\\/bb0c4a2fcb7970138239f7e404ea75757b1b507b28b5ce4c53fbd62d797c5a7c?s=96&d=mm&r=g\",\"url\":\"https:\\\/\\\/secure.gravatar.com\\\/avatar\\\/bb0c4a2fcb7970138239f7e404ea75757b1b507b28b5ce4c53fbd62d797c5a7c?s=96&d=mm&r=g\",\"contentUrl\":\"https:\\\/\\\/secure.gravatar.com\\\/avatar\\\/bb0c4a2fcb7970138239f7e404ea75757b1b507b28b5ce4c53fbd62d797c5a7c?s=96&d=mm&r=g\",\"caption\":\"Villasmil Henry\"},\"logo\":{\"@id\":\"https:\\\/\\\/secure.gravatar.com\\\/avatar\\\/bb0c4a2fcb7970138239f7e404ea75757b1b507b28b5ce4c53fbd62d797c5a7c?s=96&d=mm&r=g\"},\"sameAs\":[\"http:\\\/\\\/www.henryvillasmil.com.ve\",\"https:\\\/\\\/www.instagram.com\\\/villasmilhfoto\\\/\",\"https:\\\/\\\/x.com\\\/https:\\\/\\\/twitter.com\\\/villasmilhfoto\"],\"url\":\"https:\\\/\\\/digital58.com.ve\\\/site\\\/author\\\/droopy_68\\\/\"}]}<\/script>\n<!-- \/ Yoast SEO plugin. -->","yoast_head_json":{"title":"Paquita la del Barrio: el adi\u00f3s a un \u00edcono de la m\u00fasica ranchera","description":"Paquita la del Barrio, icono de la m\u00fasica ranchera y del empoderamiento femenino, falleci\u00f3 a los 77 a\u00f1os, dejando un legado inolvidable en la industria musical.","robots":{"index":"index","follow":"follow","max-snippet":"max-snippet:-1","max-image-preview":"max-image-preview:large","max-video-preview":"max-video-preview:-1"},"canonical":"https:\/\/digital58.com.ve\/site\/2025\/02\/18\/paquita-la-del-barrio-el-adios-a-un-icono-de-la-musica-ranchera\/","og_locale":"es_ES","og_type":"article","og_title":"Paquita la del Barrio: el adi\u00f3s a un \u00edcono de la m\u00fasica ranchera","og_description":"Paquita la del Barrio, icono de la m\u00fasica ranchera y del empoderamiento femenino, falleci\u00f3 a los 77 a\u00f1os, dejando un legado inolvidable en la industria musical.","og_url":"https:\/\/digital58.com.ve\/site\/2025\/02\/18\/paquita-la-del-barrio-el-adios-a-un-icono-de-la-musica-ranchera\/","og_site_name":"Noticias Digital58","article_published_time":"2025-02-18T10:47:54+00:00","og_image":[{"width":1000,"height":600,"url":"https:\/\/digital58.com.ve\/site\/wp-content\/uploads\/2025\/02\/paquita.webp","type":"image\/webp"}],"author":"Villasmil Henry","twitter_card":"summary_large_image","twitter_creator":"@https:\/\/twitter.com\/villasmilhfoto","twitter_site":"@villasmilhfoto","twitter_misc":{"Escrito por":"Villasmil Henry","Tiempo estimado de lectura":"3 minutos"},"schema":{"@context":"https:\/\/schema.org","@graph":[{"@type":"Article","@id":"https:\/\/digital58.com.ve\/site\/2025\/02\/18\/paquita-la-del-barrio-el-adios-a-un-icono-de-la-musica-ranchera\/#article","isPartOf":{"@id":"https:\/\/digital58.com.ve\/site\/2025\/02\/18\/paquita-la-del-barrio-el-adios-a-un-icono-de-la-musica-ranchera\/"},"author":{"name":"Villasmil Henry","@id":"https:\/\/digital58.com.ve\/site\/#\/schema\/person\/64d1c2e4d0d4fd1b849980c4331c2951"},"headline":"Paquita la del Barrio: el adi\u00f3s a un \u00edcono de la m\u00fasica ranchera","datePublished":"2025-02-18T10:47:54+00:00","mainEntityOfPage":{"@id":"https:\/\/digital58.com.ve\/site\/2025\/02\/18\/paquita-la-del-barrio-el-adios-a-un-icono-de-la-musica-ranchera\/"},"wordCount":505,"commentCount":0,"publisher":{"@id":"https:\/\/digital58.com.ve\/site\/#\/schema\/person\/64d1c2e4d0d4fd1b849980c4331c2951"},"image":{"@id":"https:\/\/digital58.com.ve\/site\/2025\/02\/18\/paquita-la-del-barrio-el-adios-a-un-icono-de-la-musica-ranchera\/#primaryimage"},"thumbnailUrl":"https:\/\/digital58.com.ve\/site\/wp-content\/uploads\/2025\/02\/paquita.webp","keywords":["Cantantes","Fallecimientos","G\u00e9nero ranchera","Internacionales","M\u00e9xico","M\u00fasica","Paquita la del Barrio"],"articleSection":["Fama"],"inLanguage":"es","potentialAction":[{"@type":"CommentAction","name":"Comment","target":["https:\/\/digital58.com.ve\/site\/2025\/02\/18\/paquita-la-del-barrio-el-adios-a-un-icono-de-la-musica-ranchera\/#respond"]}]},{"@type":"WebPage","@id":"https:\/\/digital58.com.ve\/site\/2025\/02\/18\/paquita-la-del-barrio-el-adios-a-un-icono-de-la-musica-ranchera\/","url":"https:\/\/digital58.com.ve\/site\/2025\/02\/18\/paquita-la-del-barrio-el-adios-a-un-icono-de-la-musica-ranchera\/","name":"Paquita la del Barrio: el adi\u00f3s a un \u00edcono de la m\u00fasica ranchera","isPartOf":{"@id":"https:\/\/digital58.com.ve\/site\/#website"},"primaryImageOfPage":{"@id":"https:\/\/digital58.com.ve\/site\/2025\/02\/18\/paquita-la-del-barrio-el-adios-a-un-icono-de-la-musica-ranchera\/#primaryimage"},"image":{"@id":"https:\/\/digital58.com.ve\/site\/2025\/02\/18\/paquita-la-del-barrio-el-adios-a-un-icono-de-la-musica-ranchera\/#primaryimage"},"thumbnailUrl":"https:\/\/digital58.com.ve\/site\/wp-content\/uploads\/2025\/02\/paquita.webp","datePublished":"2025-02-18T10:47:54+00:00","description":"Paquita la del Barrio, icono de la m\u00fasica ranchera y del empoderamiento femenino, falleci\u00f3 a los 77 a\u00f1os, dejando un legado inolvidable en la industria musical.","breadcrumb":{"@id":"https:\/\/digital58.com.ve\/site\/2025\/02\/18\/paquita-la-del-barrio-el-adios-a-un-icono-de-la-musica-ranchera\/#breadcrumb"},"inLanguage":"es","potentialAction":[{"@type":"ReadAction","target":["https:\/\/digital58.com.ve\/site\/2025\/02\/18\/paquita-la-del-barrio-el-adios-a-un-icono-de-la-musica-ranchera\/"]}]},{"@type":"ImageObject","inLanguage":"es","@id":"https:\/\/digital58.com.ve\/site\/2025\/02\/18\/paquita-la-del-barrio-el-adios-a-un-icono-de-la-musica-ranchera\/#primaryimage","url":"https:\/\/digital58.com.ve\/site\/wp-content\/uploads\/2025\/02\/paquita.webp","contentUrl":"https:\/\/digital58.com.ve\/site\/wp-content\/uploads\/2025\/02\/paquita.webp","width":1000,"height":600},{"@type":"BreadcrumbList","@id":"https:\/\/digital58.com.ve\/site\/2025\/02\/18\/paquita-la-del-barrio-el-adios-a-un-icono-de-la-musica-ranchera\/#breadcrumb","itemListElement":[{"@type":"ListItem","position":1,"name":"Home","item":"https:\/\/digital58.com.ve\/site\/"},{"@type":"ListItem","position":2,"name":"Paquita la del Barrio: el adi\u00f3s a un \u00edcono de la m\u00fasica ranchera"}]},{"@type":"WebSite","@id":"https:\/\/digital58.com.ve\/site\/#website","url":"https:\/\/digital58.com.ve\/site\/","name":"Noticias Digital58","description":"Portal de Noticias \u00a1Periodismo web de verdad! Lanzamiento web 22.11.2005 \/ Maracaibo, Venezuela","publisher":{"@id":"https:\/\/digital58.com.ve\/site\/#\/schema\/person\/64d1c2e4d0d4fd1b849980c4331c2951"},"alternateName":"ND58","potentialAction":[{"@type":"SearchAction","target":{"@type":"EntryPoint","urlTemplate":"https:\/\/digital58.com.ve\/site\/?s={search_term_string}"},"query-input":{"@type":"PropertyValueSpecification","valueRequired":true,"valueName":"search_term_string"}}],"inLanguage":"es"},{"@type":["Person","Organization"],"@id":"https:\/\/digital58.com.ve\/site\/#\/schema\/person\/64d1c2e4d0d4fd1b849980c4331c2951","name":"Villasmil Henry","image":{"@type":"ImageObject","inLanguage":"es","@id":"https:\/\/secure.gravatar.com\/avatar\/bb0c4a2fcb7970138239f7e404ea75757b1b507b28b5ce4c53fbd62d797c5a7c?s=96&d=mm&r=g","url":"https:\/\/secure.gravatar.com\/avatar\/bb0c4a2fcb7970138239f7e404ea75757b1b507b28b5ce4c53fbd62d797c5a7c?s=96&d=mm&r=g","contentUrl":"https:\/\/secure.gravatar.com\/avatar\/bb0c4a2fcb7970138239f7e404ea75757b1b507b28b5ce4c53fbd62d797c5a7c?s=96&d=mm&r=g","caption":"Villasmil Henry"},"logo":{"@id":"https:\/\/secure.gravatar.com\/avatar\/bb0c4a2fcb7970138239f7e404ea75757b1b507b28b5ce4c53fbd62d797c5a7c?s=96&d=mm&r=g"},"sameAs":["http:\/\/www.henryvillasmil.com.ve","https:\/\/www.instagram.com\/villasmilhfoto\/","https:\/\/x.com\/https:\/\/twitter.com\/villasmilhfoto"],"url":"https:\/\/digital58.com.ve\/site\/author\/droopy_68\/"}]}},"uagb_featured_image_src":{"full":["https:\/\/digital58.com.ve\/site\/wp-content\/uploads\/2025\/02\/paquita.webp",1000,600,false],"thumbnail":["https:\/\/digital58.com.ve\/site\/wp-content\/uploads\/2025\/02\/paquita-150x150.webp",150,150,true],"medium":["https:\/\/digital58.com.ve\/site\/wp-content\/uploads\/2025\/02\/paquita-300x180.webp",300,180,true],"medium_large":["https:\/\/digital58.com.ve\/site\/wp-content\/uploads\/2025\/02\/paquita-768x461.webp",768,461,true],"large":["https:\/\/digital58.com.ve\/site\/wp-content\/uploads\/2025\/02\/paquita.webp",800,480,false],"1536x1536":["https:\/\/digital58.com.ve\/site\/wp-content\/uploads\/2025\/02\/paquita.webp",1000,600,false],"2048x2048":["https:\/\/digital58.com.ve\/site\/wp-content\/uploads\/2025\/02\/paquita.webp",1000,600,false],"colormag-highlighted-post":["https:\/\/digital58.com.ve\/site\/wp-content\/uploads\/2025\/02\/paquita-392x272.webp",392,272,true],"colormag-featured-post-medium":["https:\/\/digital58.com.ve\/site\/wp-content\/uploads\/2025\/02\/paquita-390x205.webp",390,205,true],"colormag-featured-post-small":["https:\/\/digital58.com.ve\/site\/wp-content\/uploads\/2025\/02\/paquita-130x90.webp",130,90,true],"colormag-featured-image":["https:\/\/digital58.com.ve\/site\/wp-content\/uploads\/2025\/02\/paquita-800x445.webp",800,445,true],"colormag-default-news":["https:\/\/digital58.com.ve\/site\/wp-content\/uploads\/2025\/02\/paquita-150x150.webp",150,150,true],"colormag-featured-image-large":["https:\/\/digital58.com.ve\/site\/wp-content\/uploads\/2025\/02\/paquita.webp",1000,600,false]},"uagb_author_info":{"display_name":"Villasmil Henry","author_link":"https:\/\/digital58.com.ve\/site\/author\/droopy_68\/"},"uagb_comment_info":0,"uagb_excerpt":"La cantante mexicana, s\u00edmbolo del desamor, falleci\u00f3 a los 77 a\u00f1os. M\u00e9xico, 18 de febrero de 2025 (ND58).- Francisca Viveros","_links":{"self":[{"href":"https:\/\/digital58.com.ve\/site\/wp-json\/wp\/v2\/posts\/184402","targetHints":{"allow":["GET"]}}],"collection":[{"href":"https:\/\/digital58.com.ve\/site\/wp-json\/wp\/v2\/posts"}],"about":[{"href":"https:\/\/digital58.com.ve\/site\/wp-json\/wp\/v2\/types\/post"}],"author":[{"embeddable":true,"href":"https:\/\/digital58.com.ve\/site\/wp-json\/wp\/v2\/users\/1"}],"replies":[{"embeddable":true,"href":"https:\/\/digital58.com.ve\/site\/wp-json\/wp\/v2\/comments?post=184402"}],"version-history":[{"count":1,"href":"https:\/\/digital58.com.ve\/site\/wp-json\/wp\/v2\/posts\/184402\/revisions"}],"predecessor-version":[{"id":184404,"href":"https:\/\/digital58.com.ve\/site\/wp-json\/wp\/v2\/posts\/184402\/revisions\/184404"}],"wp:featuredmedia":[{"embeddable":true,"href":"https:\/\/digital58.com.ve\/site\/wp-json\/wp\/v2\/media\/184403"}],"wp:attachment":[{"href":"https:\/\/digital58.com.ve\/site\/wp-json\/wp\/v2\/media?parent=184402"}],"wp:term":[{"taxonomy":"category","embeddable":true,"href":"https:\/\/digital58.com.ve\/site\/wp-json\/wp\/v2\/categories?post=184402"},{"taxonomy":"post_tag","embeddable":true,"href":"https:\/\/digital58.com.ve\/site\/wp-json\/wp\/v2\/tags?post=184402"}],"curies":[{"name":"wp","href":"https:\/\/api.w.org\/{rel}","templated":true}]}}