{"id":184755,"date":"2025-02-28T10:49:06","date_gmt":"2025-02-28T14:49:06","guid":{"rendered":"https:\/\/digital58.com.ve\/site\/?p=184755"},"modified":"2025-02-28T10:49:06","modified_gmt":"2025-02-28T14:49:06","slug":"san-francisco-impulsa-mejoras-viales-con-obras-en-2025","status":"publish","type":"post","link":"https:\/\/digital58.com.ve\/site\/2025\/02\/28\/san-francisco-impulsa-mejoras-viales-con-obras-en-2025\/","title":{"rendered":"San Francisco impulsa mejoras viales con obras en 2025"},"content":{"rendered":"<p><a href=\"https:\/\/digital58.com.ve\/site\/wp-content\/uploads\/2025\/02\/gustavo-2.webp\"><img loading=\"lazy\" decoding=\"async\" class=\"aligncenter wp-image-184757 size-full\" src=\"https:\/\/digital58.com.ve\/site\/wp-content\/uploads\/2025\/02\/gustavo-2.webp\" alt=\"La Alcald\u00eda de San Francisco, bajo la gesti\u00f3n de Gustavo Fern\u00e1ndez, mantiene su plan de modernizaci\u00f3n vial con la inauguraci\u00f3n de nuevas obras en distintos sectores del municipio.\" width=\"1000\" height=\"600\" srcset=\"https:\/\/digital58.com.ve\/site\/wp-content\/uploads\/2025\/02\/gustavo-2.webp 1000w, https:\/\/digital58.com.ve\/site\/wp-content\/uploads\/2025\/02\/gustavo-2-300x180.webp 300w, https:\/\/digital58.com.ve\/site\/wp-content\/uploads\/2025\/02\/gustavo-2-768x461.webp 768w\" sizes=\"auto, (max-width: 1000px) 100vw, 1000px\" \/><\/a><\/p>\n<blockquote><p>La alcald\u00eda avanza en proyectos de asfaltado y rehabilitaci\u00f3n para optimizar la movilidad en varias parroquias del municipio.<\/p><\/blockquote>\n<p><strong>San Francisco, Zulia, Venezuela, 28 de febrero de 2025 (ND58).-<\/strong> La Alcald\u00eda de San Francisco, bajo la gesti\u00f3n de Gustavo Fern\u00e1ndez, mantiene su plan de modernizaci\u00f3n vial con la inauguraci\u00f3n de nuevas obras en distintos sectores del municipio.<\/p>\n<p>Durante un recorrido, el alcalde anunci\u00f3 la entrega pr\u00f3xima de trabajos en la avenida 48 y la rehabilitaci\u00f3n integral de calles clave en la parroquia Jos\u00e9 Domingo Rus.<\/p>\n<p><a href=\"https:\/\/digital58.com.ve\/site\/wp-content\/uploads\/2025\/02\/gustavo-3.webp\"><img loading=\"lazy\" decoding=\"async\" class=\"aligncenter size-full wp-image-184756\" src=\"https:\/\/digital58.com.ve\/site\/wp-content\/uploads\/2025\/02\/gustavo-3.webp\" alt=\"\" width=\"1000\" height=\"600\" srcset=\"https:\/\/digital58.com.ve\/site\/wp-content\/uploads\/2025\/02\/gustavo-3.webp 1000w, https:\/\/digital58.com.ve\/site\/wp-content\/uploads\/2025\/02\/gustavo-3-300x180.webp 300w, https:\/\/digital58.com.ve\/site\/wp-content\/uploads\/2025\/02\/gustavo-3-768x461.webp 768w\" sizes=\"auto, (max-width: 1000px) 100vw, 1000px\" \/><\/a><\/p>\n<h2>Inauguraci\u00f3n y nuevos proyectos viales<\/h2>\n<p>Durante la apertura de la calle 162 en el corredor vial Don Bosco, el alcalde Gustavo Fern\u00e1ndez destac\u00f3 que las labores forman parte del Presupuesto Participativo aprobado junto al Consejo Local de Planificaci\u00f3n P\u00fablica (CLPP) y el Concejo Municipal.<\/p>\n<p><strong>\u00abEstaremos inaugurando el asfaltado en el sector conocido como La Charrasca, una obra muy solicitada por los habitantes de esta zona\u00bb<\/strong>, afirm\u00f3.<\/p>\n<h2>Obras en ejecuci\u00f3n en distintos sectores<\/h2>\n<p>Fern\u00e1ndez inform\u00f3 que, de manera simult\u00e1nea, avanzan otros proyectos en las siete parroquias del municipio. En el sector El Soler, parroquia Jos\u00e9 Domingo Rus, se ejecuta la rehabilitaci\u00f3n de la calle 206 con avenida 47J, donde se reemplaz\u00f3 el colector de aguas residuales tras un socavamiento que afectaba la movilidad.<\/p>\n<p><a href=\"https:\/\/digital58.com.ve\/site\/wp-content\/uploads\/2025\/02\/gustavo-1.webp\"><img loading=\"lazy\" decoding=\"async\" class=\"aligncenter size-full wp-image-184758\" src=\"https:\/\/digital58.com.ve\/site\/wp-content\/uploads\/2025\/02\/gustavo-1.webp\" alt=\"\" width=\"1000\" height=\"600\" srcset=\"https:\/\/digital58.com.ve\/site\/wp-content\/uploads\/2025\/02\/gustavo-1.webp 1000w, https:\/\/digital58.com.ve\/site\/wp-content\/uploads\/2025\/02\/gustavo-1-300x180.webp 300w, https:\/\/digital58.com.ve\/site\/wp-content\/uploads\/2025\/02\/gustavo-1-768x461.webp 768w\" sizes=\"auto, (max-width: 1000px) 100vw, 1000px\" \/><\/a><\/p>\n<h2>Seguridad y mejor movilidad para los vecinos<\/h2>\n<p>En la urbanizaci\u00f3n El Soler tambi\u00e9n se realizan trabajos en la calle 206, entre los lotes 8 y 11, que incluyen corte de cabillas, limpieza de canales, instalaci\u00f3n de marcos de acero y colocaci\u00f3n de rejillas. Seg\u00fan el alcalde, estas intervenciones buscan devolver la seguridad y mejorar la calidad de vida de los residentes.<\/p>\n<p><strong>\u00abDecidimos intervenir y resolver con una inversi\u00f3n importante la reparaci\u00f3n del canal de aguas pluviales. El gobierno de San Francisco est\u00e1 en la calle y vamos a cambiarle el rostro a El Soler, no solo con esta obra, sino con la recuperaci\u00f3n de su vialidad\u00bb<\/strong>, asegur\u00f3 Fern\u00e1ndez.<\/p>\n<p><strong>Redacci\u00f3n ND58 | Fuente: Prensa ADSF<\/strong><br \/>\n<strong>Edici\u00f3n: Villasmil, Henry<\/strong><br \/>\n<strong>Gr\u00e1ficas: Cortes\u00eda Prensa ADSF<\/strong><\/p>\n<p>&nbsp;<\/p><div class=\"qtbvy69f42efaab638\" ><p style=\"text-align: center;\"><a href=\"https:\/\/t.me\/noticiasdigital58\" target=\"_blank\" rel=\"noopener\"><img class=\"aligncenter size-full wp-image-125363\" src=\"https:\/\/digital58.com.ve\/site\/wp-content\/uploads\/2021\/04\/banner-telegram-web-2021.png\" alt=\"\" width=\"600\" height=\"90\" \/><\/a><\/p><\/div><style type=\"text\/css\">\r\n@media screen and (min-width: 1201px) {\r\n.qtbvy69f42efaab638 {\r\ndisplay: block;\r\n}\r\n}\r\n@media screen and (min-width: 993px) and (max-width: 1200px) {\r\n.qtbvy69f42efaab638 {\r\ndisplay: block;\r\n}\r\n}\r\n@media screen and (min-width: 769px) and (max-width: 992px) {\r\n.qtbvy69f42efaab638 {\r\ndisplay: block;\r\n}\r\n}\r\n@media screen and (min-width: 768px) and (max-width: 768px) {\r\n.qtbvy69f42efaab638 {\r\ndisplay: block;\r\n}\r\n}\r\n@media screen and (max-width: 767px) {\r\n.qtbvy69f42efaab638 {\r\ndisplay: block;\r\n}\r\n}\r\n<\/style>\r\n\n<p>&nbsp;<\/p>\n<div style=\"margin-top: 0px; margin-bottom: 0px;\" class=\"sharethis-inline-share-buttons\" ><\/div>","protected":false},"excerpt":{"rendered":"<p>La alcald\u00eda avanza en proyectos de asfaltado y rehabilitaci\u00f3n para optimizar la movilidad en varias parroquias del municipio. San Francisco,<\/p>\n","protected":false},"author":1,"featured_media":184756,"comment_status":"open","ping_status":"closed","sticky":false,"template":"","format":"standard","meta":{"colormag_page_container_layout":"default_layout","colormag_page_sidebar_layout":"default_layout","_uag_custom_page_level_css":"","footnotes":""},"categories":[14504],"tags":[34525,26001,233,2354,33458,32],"class_list":["post-184755","post","type-post","status-publish","format-standard","has-post-thumbnail","hentry","category-zulia","tag-alcaldia-municipio-san-francisco","tag-gustavo-fernandez","tag-nacionales","tag-regionales","tag-transporte-y-vialidad","tag-venezuela"],"yoast_head":"<!-- This site is optimized with the Yoast SEO plugin v27.5 - https:\/\/yoast.com\/product\/yoast-seo-wordpress\/ -->\n<title>San Francisco impulsa mejoras viales con obras en 2025<\/title>\n<meta name=\"description\" content=\"La Alcald\u00eda de San Francisco avanza en mejoras viales con asfaltado y rehabilitaci\u00f3n en varias parroquias, optimizando la movilidad y seguridad.\" \/>\n<meta name=\"robots\" content=\"index, follow, max-snippet:-1, max-image-preview:large, max-video-preview:-1\" \/>\n<link rel=\"canonical\" href=\"https:\/\/digital58.com.ve\/site\/2025\/02\/28\/san-francisco-impulsa-mejoras-viales-con-obras-en-2025\/\" \/>\n<meta property=\"og:locale\" content=\"es_ES\" \/>\n<meta property=\"og:type\" content=\"article\" \/>\n<meta property=\"og:title\" content=\"San Francisco impulsa mejoras viales con obras en 2025\" \/>\n<meta property=\"og:description\" content=\"La Alcald\u00eda de San Francisco avanza en mejoras viales con asfaltado y rehabilitaci\u00f3n en varias parroquias, optimizando la movilidad y seguridad.\" \/>\n<meta property=\"og:url\" content=\"https:\/\/digital58.com.ve\/site\/2025\/02\/28\/san-francisco-impulsa-mejoras-viales-con-obras-en-2025\/\" \/>\n<meta property=\"og:site_name\" content=\"Noticias Digital58\" \/>\n<meta property=\"article:published_time\" content=\"2025-02-28T14:49:06+00:00\" \/>\n<meta property=\"og:image\" content=\"https:\/\/digital58.com.ve\/site\/wp-content\/uploads\/2025\/02\/gustavo-3.webp\" \/>\n\t<meta property=\"og:image:width\" content=\"1000\" \/>\n\t<meta property=\"og:image:height\" content=\"600\" \/>\n\t<meta property=\"og:image:type\" content=\"image\/webp\" \/>\n<meta name=\"author\" content=\"Villasmil Henry\" \/>\n<meta name=\"twitter:card\" content=\"summary_large_image\" \/>\n<meta name=\"twitter:creator\" content=\"@https:\/\/twitter.com\/villasmilhfoto\" \/>\n<meta name=\"twitter:site\" content=\"@villasmilhfoto\" \/>\n<meta name=\"twitter:label1\" content=\"Escrito por\" \/>\n\t<meta name=\"twitter:data1\" content=\"Villasmil Henry\" \/>\n\t<meta name=\"twitter:label2\" content=\"Tiempo estimado de lectura\" \/>\n\t<meta name=\"twitter:data2\" content=\"3 minutos\" \/>\n<script type=\"application\/ld+json\" class=\"yoast-schema-graph\">{\"@context\":\"https:\\\/\\\/schema.org\",\"@graph\":[{\"@type\":\"Article\",\"@id\":\"https:\\\/\\\/digital58.com.ve\\\/site\\\/2025\\\/02\\\/28\\\/san-francisco-impulsa-mejoras-viales-con-obras-en-2025\\\/#article\",\"isPartOf\":{\"@id\":\"https:\\\/\\\/digital58.com.ve\\\/site\\\/2025\\\/02\\\/28\\\/san-francisco-impulsa-mejoras-viales-con-obras-en-2025\\\/\"},\"author\":{\"name\":\"Villasmil Henry\",\"@id\":\"https:\\\/\\\/digital58.com.ve\\\/site\\\/#\\\/schema\\\/person\\\/64d1c2e4d0d4fd1b849980c4331c2951\"},\"headline\":\"San Francisco impulsa mejoras viales con obras en 2025\",\"datePublished\":\"2025-02-28T14:49:06+00:00\",\"mainEntityOfPage\":{\"@id\":\"https:\\\/\\\/digital58.com.ve\\\/site\\\/2025\\\/02\\\/28\\\/san-francisco-impulsa-mejoras-viales-con-obras-en-2025\\\/\"},\"wordCount\":359,\"commentCount\":0,\"publisher\":{\"@id\":\"https:\\\/\\\/digital58.com.ve\\\/site\\\/#\\\/schema\\\/person\\\/64d1c2e4d0d4fd1b849980c4331c2951\"},\"image\":{\"@id\":\"https:\\\/\\\/digital58.com.ve\\\/site\\\/2025\\\/02\\\/28\\\/san-francisco-impulsa-mejoras-viales-con-obras-en-2025\\\/#primaryimage\"},\"thumbnailUrl\":\"https:\\\/\\\/digital58.com.ve\\\/site\\\/wp-content\\\/uploads\\\/2025\\\/02\\\/gustavo-3.webp\",\"keywords\":[\"Alcald\u00eda Municipio San Francisco\",\"Gustavo Fern\u00e1ndez\",\"Nacionales\",\"Regionales\",\"Transporte y Vialidad\",\"Venezuela\"],\"articleSection\":[\"Zulia\"],\"inLanguage\":\"es\",\"potentialAction\":[{\"@type\":\"CommentAction\",\"name\":\"Comment\",\"target\":[\"https:\\\/\\\/digital58.com.ve\\\/site\\\/2025\\\/02\\\/28\\\/san-francisco-impulsa-mejoras-viales-con-obras-en-2025\\\/#respond\"]}]},{\"@type\":\"WebPage\",\"@id\":\"https:\\\/\\\/digital58.com.ve\\\/site\\\/2025\\\/02\\\/28\\\/san-francisco-impulsa-mejoras-viales-con-obras-en-2025\\\/\",\"url\":\"https:\\\/\\\/digital58.com.ve\\\/site\\\/2025\\\/02\\\/28\\\/san-francisco-impulsa-mejoras-viales-con-obras-en-2025\\\/\",\"name\":\"San Francisco impulsa mejoras viales con obras en 2025\",\"isPartOf\":{\"@id\":\"https:\\\/\\\/digital58.com.ve\\\/site\\\/#website\"},\"primaryImageOfPage\":{\"@id\":\"https:\\\/\\\/digital58.com.ve\\\/site\\\/2025\\\/02\\\/28\\\/san-francisco-impulsa-mejoras-viales-con-obras-en-2025\\\/#primaryimage\"},\"image\":{\"@id\":\"https:\\\/\\\/digital58.com.ve\\\/site\\\/2025\\\/02\\\/28\\\/san-francisco-impulsa-mejoras-viales-con-obras-en-2025\\\/#primaryimage\"},\"thumbnailUrl\":\"https:\\\/\\\/digital58.com.ve\\\/site\\\/wp-content\\\/uploads\\\/2025\\\/02\\\/gustavo-3.webp\",\"datePublished\":\"2025-02-28T14:49:06+00:00\",\"description\":\"La Alcald\u00eda de San Francisco avanza en mejoras viales con asfaltado y rehabilitaci\u00f3n en varias parroquias, optimizando la movilidad y seguridad.\",\"breadcrumb\":{\"@id\":\"https:\\\/\\\/digital58.com.ve\\\/site\\\/2025\\\/02\\\/28\\\/san-francisco-impulsa-mejoras-viales-con-obras-en-2025\\\/#breadcrumb\"},\"inLanguage\":\"es\",\"potentialAction\":[{\"@type\":\"ReadAction\",\"target\":[\"https:\\\/\\\/digital58.com.ve\\\/site\\\/2025\\\/02\\\/28\\\/san-francisco-impulsa-mejoras-viales-con-obras-en-2025\\\/\"]}]},{\"@type\":\"ImageObject\",\"inLanguage\":\"es\",\"@id\":\"https:\\\/\\\/digital58.com.ve\\\/site\\\/2025\\\/02\\\/28\\\/san-francisco-impulsa-mejoras-viales-con-obras-en-2025\\\/#primaryimage\",\"url\":\"https:\\\/\\\/digital58.com.ve\\\/site\\\/wp-content\\\/uploads\\\/2025\\\/02\\\/gustavo-3.webp\",\"contentUrl\":\"https:\\\/\\\/digital58.com.ve\\\/site\\\/wp-content\\\/uploads\\\/2025\\\/02\\\/gustavo-3.webp\",\"width\":1000,\"height\":600},{\"@type\":\"BreadcrumbList\",\"@id\":\"https:\\\/\\\/digital58.com.ve\\\/site\\\/2025\\\/02\\\/28\\\/san-francisco-impulsa-mejoras-viales-con-obras-en-2025\\\/#breadcrumb\",\"itemListElement\":[{\"@type\":\"ListItem\",\"position\":1,\"name\":\"Home\",\"item\":\"https:\\\/\\\/digital58.com.ve\\\/site\\\/\"},{\"@type\":\"ListItem\",\"position\":2,\"name\":\"San Francisco impulsa mejoras viales con obras en 2025\"}]},{\"@type\":\"WebSite\",\"@id\":\"https:\\\/\\\/digital58.com.ve\\\/site\\\/#website\",\"url\":\"https:\\\/\\\/digital58.com.ve\\\/site\\\/\",\"name\":\"Noticias Digital58\",\"description\":\"Portal de Noticias \u00a1Periodismo web de verdad! Lanzamiento web 22.11.2005 \\\/ Maracaibo, Venezuela\",\"publisher\":{\"@id\":\"https:\\\/\\\/digital58.com.ve\\\/site\\\/#\\\/schema\\\/person\\\/64d1c2e4d0d4fd1b849980c4331c2951\"},\"alternateName\":\"ND58\",\"potentialAction\":[{\"@type\":\"SearchAction\",\"target\":{\"@type\":\"EntryPoint\",\"urlTemplate\":\"https:\\\/\\\/digital58.com.ve\\\/site\\\/?s={search_term_string}\"},\"query-input\":{\"@type\":\"PropertyValueSpecification\",\"valueRequired\":true,\"valueName\":\"search_term_string\"}}],\"inLanguage\":\"es\"},{\"@type\":[\"Person\",\"Organization\"],\"@id\":\"https:\\\/\\\/digital58.com.ve\\\/site\\\/#\\\/schema\\\/person\\\/64d1c2e4d0d4fd1b849980c4331c2951\",\"name\":\"Villasmil Henry\",\"image\":{\"@type\":\"ImageObject\",\"inLanguage\":\"es\",\"@id\":\"https:\\\/\\\/secure.gravatar.com\\\/avatar\\\/bb0c4a2fcb7970138239f7e404ea75757b1b507b28b5ce4c53fbd62d797c5a7c?s=96&d=mm&r=g\",\"url\":\"https:\\\/\\\/secure.gravatar.com\\\/avatar\\\/bb0c4a2fcb7970138239f7e404ea75757b1b507b28b5ce4c53fbd62d797c5a7c?s=96&d=mm&r=g\",\"contentUrl\":\"https:\\\/\\\/secure.gravatar.com\\\/avatar\\\/bb0c4a2fcb7970138239f7e404ea75757b1b507b28b5ce4c53fbd62d797c5a7c?s=96&d=mm&r=g\",\"caption\":\"Villasmil Henry\"},\"logo\":{\"@id\":\"https:\\\/\\\/secure.gravatar.com\\\/avatar\\\/bb0c4a2fcb7970138239f7e404ea75757b1b507b28b5ce4c53fbd62d797c5a7c?s=96&d=mm&r=g\"},\"sameAs\":[\"http:\\\/\\\/www.henryvillasmil.com.ve\",\"https:\\\/\\\/www.instagram.com\\\/villasmilhfoto\\\/\",\"https:\\\/\\\/x.com\\\/https:\\\/\\\/twitter.com\\\/villasmilhfoto\"],\"url\":\"https:\\\/\\\/digital58.com.ve\\\/site\\\/author\\\/droopy_68\\\/\"}]}<\/script>\n<!-- \/ Yoast SEO plugin. -->","yoast_head_json":{"title":"San Francisco impulsa mejoras viales con obras en 2025","description":"La Alcald\u00eda de San Francisco avanza en mejoras viales con asfaltado y rehabilitaci\u00f3n en varias parroquias, optimizando la movilidad y seguridad.","robots":{"index":"index","follow":"follow","max-snippet":"max-snippet:-1","max-image-preview":"max-image-preview:large","max-video-preview":"max-video-preview:-1"},"canonical":"https:\/\/digital58.com.ve\/site\/2025\/02\/28\/san-francisco-impulsa-mejoras-viales-con-obras-en-2025\/","og_locale":"es_ES","og_type":"article","og_title":"San Francisco impulsa mejoras viales con obras en 2025","og_description":"La Alcald\u00eda de San Francisco avanza en mejoras viales con asfaltado y rehabilitaci\u00f3n en varias parroquias, optimizando la movilidad y seguridad.","og_url":"https:\/\/digital58.com.ve\/site\/2025\/02\/28\/san-francisco-impulsa-mejoras-viales-con-obras-en-2025\/","og_site_name":"Noticias Digital58","article_published_time":"2025-02-28T14:49:06+00:00","og_image":[{"width":1000,"height":600,"url":"https:\/\/digital58.com.ve\/site\/wp-content\/uploads\/2025\/02\/gustavo-3.webp","type":"image\/webp"}],"author":"Villasmil Henry","twitter_card":"summary_large_image","twitter_creator":"@https:\/\/twitter.com\/villasmilhfoto","twitter_site":"@villasmilhfoto","twitter_misc":{"Escrito por":"Villasmil Henry","Tiempo estimado de lectura":"3 minutos"},"schema":{"@context":"https:\/\/schema.org","@graph":[{"@type":"Article","@id":"https:\/\/digital58.com.ve\/site\/2025\/02\/28\/san-francisco-impulsa-mejoras-viales-con-obras-en-2025\/#article","isPartOf":{"@id":"https:\/\/digital58.com.ve\/site\/2025\/02\/28\/san-francisco-impulsa-mejoras-viales-con-obras-en-2025\/"},"author":{"name":"Villasmil Henry","@id":"https:\/\/digital58.com.ve\/site\/#\/schema\/person\/64d1c2e4d0d4fd1b849980c4331c2951"},"headline":"San Francisco impulsa mejoras viales con obras en 2025","datePublished":"2025-02-28T14:49:06+00:00","mainEntityOfPage":{"@id":"https:\/\/digital58.com.ve\/site\/2025\/02\/28\/san-francisco-impulsa-mejoras-viales-con-obras-en-2025\/"},"wordCount":359,"commentCount":0,"publisher":{"@id":"https:\/\/digital58.com.ve\/site\/#\/schema\/person\/64d1c2e4d0d4fd1b849980c4331c2951"},"image":{"@id":"https:\/\/digital58.com.ve\/site\/2025\/02\/28\/san-francisco-impulsa-mejoras-viales-con-obras-en-2025\/#primaryimage"},"thumbnailUrl":"https:\/\/digital58.com.ve\/site\/wp-content\/uploads\/2025\/02\/gustavo-3.webp","keywords":["Alcald\u00eda Municipio San Francisco","Gustavo Fern\u00e1ndez","Nacionales","Regionales","Transporte y Vialidad","Venezuela"],"articleSection":["Zulia"],"inLanguage":"es","potentialAction":[{"@type":"CommentAction","name":"Comment","target":["https:\/\/digital58.com.ve\/site\/2025\/02\/28\/san-francisco-impulsa-mejoras-viales-con-obras-en-2025\/#respond"]}]},{"@type":"WebPage","@id":"https:\/\/digital58.com.ve\/site\/2025\/02\/28\/san-francisco-impulsa-mejoras-viales-con-obras-en-2025\/","url":"https:\/\/digital58.com.ve\/site\/2025\/02\/28\/san-francisco-impulsa-mejoras-viales-con-obras-en-2025\/","name":"San Francisco impulsa mejoras viales con obras en 2025","isPartOf":{"@id":"https:\/\/digital58.com.ve\/site\/#website"},"primaryImageOfPage":{"@id":"https:\/\/digital58.com.ve\/site\/2025\/02\/28\/san-francisco-impulsa-mejoras-viales-con-obras-en-2025\/#primaryimage"},"image":{"@id":"https:\/\/digital58.com.ve\/site\/2025\/02\/28\/san-francisco-impulsa-mejoras-viales-con-obras-en-2025\/#primaryimage"},"thumbnailUrl":"https:\/\/digital58.com.ve\/site\/wp-content\/uploads\/2025\/02\/gustavo-3.webp","datePublished":"2025-02-28T14:49:06+00:00","description":"La Alcald\u00eda de San Francisco avanza en mejoras viales con asfaltado y rehabilitaci\u00f3n en varias parroquias, optimizando la movilidad y seguridad.","breadcrumb":{"@id":"https:\/\/digital58.com.ve\/site\/2025\/02\/28\/san-francisco-impulsa-mejoras-viales-con-obras-en-2025\/#breadcrumb"},"inLanguage":"es","potentialAction":[{"@type":"ReadAction","target":["https:\/\/digital58.com.ve\/site\/2025\/02\/28\/san-francisco-impulsa-mejoras-viales-con-obras-en-2025\/"]}]},{"@type":"ImageObject","inLanguage":"es","@id":"https:\/\/digital58.com.ve\/site\/2025\/02\/28\/san-francisco-impulsa-mejoras-viales-con-obras-en-2025\/#primaryimage","url":"https:\/\/digital58.com.ve\/site\/wp-content\/uploads\/2025\/02\/gustavo-3.webp","contentUrl":"https:\/\/digital58.com.ve\/site\/wp-content\/uploads\/2025\/02\/gustavo-3.webp","width":1000,"height":600},{"@type":"BreadcrumbList","@id":"https:\/\/digital58.com.ve\/site\/2025\/02\/28\/san-francisco-impulsa-mejoras-viales-con-obras-en-2025\/#breadcrumb","itemListElement":[{"@type":"ListItem","position":1,"name":"Home","item":"https:\/\/digital58.com.ve\/site\/"},{"@type":"ListItem","position":2,"name":"San Francisco impulsa mejoras viales con obras en 2025"}]},{"@type":"WebSite","@id":"https:\/\/digital58.com.ve\/site\/#website","url":"https:\/\/digital58.com.ve\/site\/","name":"Noticias Digital58","description":"Portal de Noticias \u00a1Periodismo web de verdad! Lanzamiento web 22.11.2005 \/ Maracaibo, Venezuela","publisher":{"@id":"https:\/\/digital58.com.ve\/site\/#\/schema\/person\/64d1c2e4d0d4fd1b849980c4331c2951"},"alternateName":"ND58","potentialAction":[{"@type":"SearchAction","target":{"@type":"EntryPoint","urlTemplate":"https:\/\/digital58.com.ve\/site\/?s={search_term_string}"},"query-input":{"@type":"PropertyValueSpecification","valueRequired":true,"valueName":"search_term_string"}}],"inLanguage":"es"},{"@type":["Person","Organization"],"@id":"https:\/\/digital58.com.ve\/site\/#\/schema\/person\/64d1c2e4d0d4fd1b849980c4331c2951","name":"Villasmil Henry","image":{"@type":"ImageObject","inLanguage":"es","@id":"https:\/\/secure.gravatar.com\/avatar\/bb0c4a2fcb7970138239f7e404ea75757b1b507b28b5ce4c53fbd62d797c5a7c?s=96&d=mm&r=g","url":"https:\/\/secure.gravatar.com\/avatar\/bb0c4a2fcb7970138239f7e404ea75757b1b507b28b5ce4c53fbd62d797c5a7c?s=96&d=mm&r=g","contentUrl":"https:\/\/secure.gravatar.com\/avatar\/bb0c4a2fcb7970138239f7e404ea75757b1b507b28b5ce4c53fbd62d797c5a7c?s=96&d=mm&r=g","caption":"Villasmil Henry"},"logo":{"@id":"https:\/\/secure.gravatar.com\/avatar\/bb0c4a2fcb7970138239f7e404ea75757b1b507b28b5ce4c53fbd62d797c5a7c?s=96&d=mm&r=g"},"sameAs":["http:\/\/www.henryvillasmil.com.ve","https:\/\/www.instagram.com\/villasmilhfoto\/","https:\/\/x.com\/https:\/\/twitter.com\/villasmilhfoto"],"url":"https:\/\/digital58.com.ve\/site\/author\/droopy_68\/"}]}},"uagb_featured_image_src":{"full":["https:\/\/digital58.com.ve\/site\/wp-content\/uploads\/2025\/02\/gustavo-3.webp",1000,600,false],"thumbnail":["https:\/\/digital58.com.ve\/site\/wp-content\/uploads\/2025\/02\/gustavo-3-150x150.webp",150,150,true],"medium":["https:\/\/digital58.com.ve\/site\/wp-content\/uploads\/2025\/02\/gustavo-3-300x180.webp",300,180,true],"medium_large":["https:\/\/digital58.com.ve\/site\/wp-content\/uploads\/2025\/02\/gustavo-3-768x461.webp",768,461,true],"large":["https:\/\/digital58.com.ve\/site\/wp-content\/uploads\/2025\/02\/gustavo-3.webp",800,480,false],"1536x1536":["https:\/\/digital58.com.ve\/site\/wp-content\/uploads\/2025\/02\/gustavo-3.webp",1000,600,false],"2048x2048":["https:\/\/digital58.com.ve\/site\/wp-content\/uploads\/2025\/02\/gustavo-3.webp",1000,600,false],"colormag-highlighted-post":["https:\/\/digital58.com.ve\/site\/wp-content\/uploads\/2025\/02\/gustavo-3-392x272.webp",392,272,true],"colormag-featured-post-medium":["https:\/\/digital58.com.ve\/site\/wp-content\/uploads\/2025\/02\/gustavo-3-390x205.webp",390,205,true],"colormag-featured-post-small":["https:\/\/digital58.com.ve\/site\/wp-content\/uploads\/2025\/02\/gustavo-3-130x90.webp",130,90,true],"colormag-featured-image":["https:\/\/digital58.com.ve\/site\/wp-content\/uploads\/2025\/02\/gustavo-3-800x445.webp",800,445,true],"colormag-default-news":["https:\/\/digital58.com.ve\/site\/wp-content\/uploads\/2025\/02\/gustavo-3-150x150.webp",150,150,true],"colormag-featured-image-large":["https:\/\/digital58.com.ve\/site\/wp-content\/uploads\/2025\/02\/gustavo-3.webp",1000,600,false]},"uagb_author_info":{"display_name":"Villasmil Henry","author_link":"https:\/\/digital58.com.ve\/site\/author\/droopy_68\/"},"uagb_comment_info":0,"uagb_excerpt":"La alcald\u00eda avanza en proyectos de asfaltado y rehabilitaci\u00f3n para optimizar la movilidad en varias parroquias del municipio. San Francisco,","_links":{"self":[{"href":"https:\/\/digital58.com.ve\/site\/wp-json\/wp\/v2\/posts\/184755","targetHints":{"allow":["GET"]}}],"collection":[{"href":"https:\/\/digital58.com.ve\/site\/wp-json\/wp\/v2\/posts"}],"about":[{"href":"https:\/\/digital58.com.ve\/site\/wp-json\/wp\/v2\/types\/post"}],"author":[{"embeddable":true,"href":"https:\/\/digital58.com.ve\/site\/wp-json\/wp\/v2\/users\/1"}],"replies":[{"embeddable":true,"href":"https:\/\/digital58.com.ve\/site\/wp-json\/wp\/v2\/comments?post=184755"}],"version-history":[{"count":1,"href":"https:\/\/digital58.com.ve\/site\/wp-json\/wp\/v2\/posts\/184755\/revisions"}],"predecessor-version":[{"id":184759,"href":"https:\/\/digital58.com.ve\/site\/wp-json\/wp\/v2\/posts\/184755\/revisions\/184759"}],"wp:featuredmedia":[{"embeddable":true,"href":"https:\/\/digital58.com.ve\/site\/wp-json\/wp\/v2\/media\/184756"}],"wp:attachment":[{"href":"https:\/\/digital58.com.ve\/site\/wp-json\/wp\/v2\/media?parent=184755"}],"wp:term":[{"taxonomy":"category","embeddable":true,"href":"https:\/\/digital58.com.ve\/site\/wp-json\/wp\/v2\/categories?post=184755"},{"taxonomy":"post_tag","embeddable":true,"href":"https:\/\/digital58.com.ve\/site\/wp-json\/wp\/v2\/tags?post=184755"}],"curies":[{"name":"wp","href":"https:\/\/api.w.org\/{rel}","templated":true}]}}