{"id":184856,"date":"2025-03-01T10:37:43","date_gmt":"2025-03-01T14:37:43","guid":{"rendered":"https:\/\/digital58.com.ve\/site\/?p=184856"},"modified":"2025-03-01T10:38:01","modified_gmt":"2025-03-01T14:38:01","slug":"rayo-zuliano-javier-villafraz-hemos-logrado-tener-mas-profundidad-ofensiva","status":"publish","type":"post","link":"https:\/\/digital58.com.ve\/site\/2025\/03\/01\/rayo-zuliano-javier-villafraz-hemos-logrado-tener-mas-profundidad-ofensiva\/","title":{"rendered":"Rayo Zuliano | Javier Villafraz: Hemos logrado tener mas profundidad ofensiva"},"content":{"rendered":"<p><a class=\"keychainify-checked\" href=\"https:\/\/digital58.com.ve\/site\/wp-content\/uploads\/2025\/03\/villafraz-28-2.webp\"><img loading=\"lazy\" decoding=\"async\" class=\"aligncenter size-full wp-image-184861\" src=\"https:\/\/digital58.com.ve\/site\/wp-content\/uploads\/2025\/03\/villafraz-28-2.webp\" alt=\"\" width=\"1000\" height=\"600\" srcset=\"https:\/\/digital58.com.ve\/site\/wp-content\/uploads\/2025\/03\/villafraz-28-2.webp 1000w, https:\/\/digital58.com.ve\/site\/wp-content\/uploads\/2025\/03\/villafraz-28-2-300x180.webp 300w, https:\/\/digital58.com.ve\/site\/wp-content\/uploads\/2025\/03\/villafraz-28-2-768x461.webp 768w\" sizes=\"auto, (max-width: 1000px) 100vw, 1000px\" \/><\/a><\/p>\n<blockquote><p>El director t\u00e9cnico del equipo rayista analiz\u00f3 el desempe\u00f1o de sus jugadores, luego de la <strong><a class=\"keychainify-checked\" href=\"https:\/\/digital58.com.ve\/site\/2025\/02\/28\/ligafutve2025-rayo-vence-a-portuguesa-y-sigue-invicto-en-maracaibo\/\" target=\"_blank\" rel=\"noopener\">victoria (1-0) ante Portuguesa en la sexta jornada del torneo Apertura de la Liga FutVe.<\/a><\/strong><\/p><\/blockquote>\n<p><strong>Maracaibo, Zulia, Venezuela, 01 de marzo de 2025 (ND58).-<\/strong> El director t\u00e9cnico de <strong><a class=\"keychainify-checked\" href=\"https:\/\/www.instagram.com\/dvorayozuliano\/\" target=\"_blank\" rel=\"noopener\">Rayo Zuliano<\/a><\/strong>, Javier Villafraz, destac\u00f3 el buen rendimiento de su equipo en la sexta jornada del Torneo Apertura. En conferencia de prensa, resalt\u00f3 la solidez t\u00e1ctica mostrada ante Portuguesa FC y la importancia de mantener el invicto en el estadio Jos\u00e9 Encarnaci\u00f3n \u00abPachencho\u00bb Romero de Maracaibo.<\/p>\n<p><a class=\"keychainify-checked\" href=\"https:\/\/digital58.com.ve\/site\/wp-content\/uploads\/2025\/03\/villafraz-28-1.webp\"><img loading=\"lazy\" decoding=\"async\" class=\"aligncenter wp-image-184860 size-full\" src=\"https:\/\/digital58.com.ve\/site\/wp-content\/uploads\/2025\/03\/villafraz-28-1.webp\" alt=\"El director t\u00e9cnico de Rayo Zuliano, Javier Villafraz, destac\u00f3 el buen rendimiento de su equipo en la sexta jornada del Torneo Apertura. En conferencia de prensa, resalt\u00f3 la solidez t\u00e1ctica mostrada ante Portuguesa FC y la importancia de mantener el invicto en el estadio Jos\u00e9 Encarnaci\u00f3n \u00abPachencho\u00bb Romero de Maracaibo.\" width=\"1000\" height=\"600\" srcset=\"https:\/\/digital58.com.ve\/site\/wp-content\/uploads\/2025\/03\/villafraz-28-1.webp 1000w, https:\/\/digital58.com.ve\/site\/wp-content\/uploads\/2025\/03\/villafraz-28-1-300x180.webp 300w, https:\/\/digital58.com.ve\/site\/wp-content\/uploads\/2025\/03\/villafraz-28-1-768x461.webp 768w\" sizes=\"auto, (max-width: 1000px) 100vw, 1000px\" \/><\/a><\/p>\n<h2>Rayo Zuliano exhibe solidez en casa<\/h2>\n<p>Villafraz se mostr\u00f3 satisfecho con la actuaci\u00f3n de sus dirigidos, destacando la posesi\u00f3n del bal\u00f3n y la profundidad ofensiva como claves del planteamiento t\u00e1ctico. <strong>\u00abVimos un equipo con personalidad, que maneja bien la pelota y busca siempre la profundidad sin saltar l\u00edneas\u00bb<\/strong>, afirm\u00f3 el estratega meride\u00f1o.<\/p>\n<p>Asimismo, enfatiz\u00f3 la importancia de haber mantenido el arco en cero, un aspecto que ha fortalecido la confianza del plantel. <strong>\u00abEnfrentamos a un rival muy organizado t\u00e1cticamente, pero conseguimos mantener nuestro orden defensivo y no concedimos goles en casa, algo fundamental para consolidarnos en el torneo\u00bb<\/strong>, agreg\u00f3.<\/p>\n<h2>Mejor\u00eda en el rendimiento como local<\/h2>\n<p>En comparaci\u00f3n con el torneo anterior, donde el equipo se mostraba m\u00e1s fuerte como visitante, Villafraz valor\u00f3 positivamente la mejora en los resultados obtenidos en el \u00abPachencho\u00bb Romero. Hasta la fecha, Rayo Zuliano se mantiene invicto en casa con dos victorias y dos empates en seis jornadas disputadas.<\/p>\n<p><a class=\"keychainify-checked\" href=\"https:\/\/digital58.com.ve\/site\/wp-content\/uploads\/2025\/03\/Andruws-Araujo-28-.webp\"><img loading=\"lazy\" decoding=\"async\" class=\"aligncenter wp-image-184862 size-full\" src=\"https:\/\/digital58.com.ve\/site\/wp-content\/uploads\/2025\/03\/Andruws-Araujo-28-.webp\" alt=\"El mediocampista Andruws Araujo tambi\u00e9n comparti\u00f3 sus impresiones en la conferencia de prensa. Al ser consultado sobre su estado f\u00edsico, destac\u00f3 el excelente momento del plantel: \u00abNo solo yo, sino todos mis compa\u00f1eros nos sentimos muy bien. Tanto los titulares como los suplentes estamos en gran forma f\u00edsica\u00bb.\" width=\"1000\" height=\"600\" srcset=\"https:\/\/digital58.com.ve\/site\/wp-content\/uploads\/2025\/03\/Andruws-Araujo-28-.webp 1000w, https:\/\/digital58.com.ve\/site\/wp-content\/uploads\/2025\/03\/Andruws-Araujo-28--300x180.webp 300w, https:\/\/digital58.com.ve\/site\/wp-content\/uploads\/2025\/03\/Andruws-Araujo-28--768x461.webp 768w\" sizes=\"auto, (max-width: 1000px) 100vw, 1000px\" \/><\/a><\/p>\n<h2>Andruws Araujo y su rol clave en el mediocampo<\/h2>\n<p>El mediocampista Andruws Araujo tambi\u00e9n comparti\u00f3 sus impresiones en la conferencia de prensa. Al ser consultado sobre su estado f\u00edsico, destac\u00f3 el excelente momento del plantel: <strong>\u00abNo solo yo, sino todos mis compa\u00f1eros nos sentimos muy bien. Tanto los titulares como los suplentes estamos en gran forma f\u00edsica\u00bb.<\/strong><\/p>\n<p>Araujo, quien ha disputado todos los minutos en lo que va del torneo, tambi\u00e9n resalt\u00f3 su buena conexi\u00f3n con Gideon Iliya, refuerzo nigeriano del club. \u00ab<strong>Nos hemos entendido muy bien en el mediocampo. Zuma \u2014como es conocido en el vestuario\u2014 ha aportado mucho al equipo y seguimos fortaleciendo nuestra sociedad dentro del campo\u00bb<\/strong>, concluy\u00f3.<\/p>\n<p><strong>Redacci\u00f3n ND58 \/ Espina, Gian Franco (pasante)<\/strong><br \/>\n<strong>Edici\u00f3n: Villasmil, Henry<\/strong><br \/>\n<strong>Gr\u00e1ficas: @villasmilhfoto<\/strong><\/p>\n<p>&nbsp;<\/p>\n<p>&nbsp;<\/p><div class=\"siexa69f58850a3a7f\" ><p style=\"text-align: center;\"><a href=\"https:\/\/t.me\/noticiasdigital58\" target=\"_blank\" rel=\"noopener\"><img class=\"aligncenter size-full wp-image-125363\" src=\"https:\/\/digital58.com.ve\/site\/wp-content\/uploads\/2021\/04\/banner-telegram-web-2021.png\" alt=\"\" width=\"600\" height=\"90\" \/><\/a><\/p><\/div><style type=\"text\/css\">\r\n@media screen and (min-width: 1201px) {\r\n.siexa69f58850a3a7f {\r\ndisplay: block;\r\n}\r\n}\r\n@media screen and (min-width: 993px) and (max-width: 1200px) {\r\n.siexa69f58850a3a7f {\r\ndisplay: block;\r\n}\r\n}\r\n@media screen and (min-width: 769px) and (max-width: 992px) {\r\n.siexa69f58850a3a7f {\r\ndisplay: block;\r\n}\r\n}\r\n@media screen and (min-width: 768px) and (max-width: 768px) {\r\n.siexa69f58850a3a7f {\r\ndisplay: block;\r\n}\r\n}\r\n@media screen and (max-width: 767px) {\r\n.siexa69f58850a3a7f {\r\ndisplay: block;\r\n}\r\n}\r\n<\/style>\r\n\n<p>&nbsp;<\/p>\n<div style=\"margin-top: 0px; margin-bottom: 0px;\" class=\"sharethis-inline-share-buttons\" ><\/div>","protected":false},"excerpt":{"rendered":"<p>El director t\u00e9cnico del equipo rayista analiz\u00f3 el desempe\u00f1o de sus jugadores, luego de la victoria (1-0) ante Portuguesa en<\/p>\n","protected":false},"author":1,"featured_media":184860,"comment_status":"open","ping_status":"closed","sticky":false,"template":"","format":"standard","meta":{"colormag_page_container_layout":"default_layout","colormag_page_sidebar_layout":"default_layout","_uag_custom_page_level_css":"","footnotes":""},"categories":[5402],"tags":[25104,6565,13,5721,14,34373,13707,233,1401,19,2354,34374,32,761],"class_list":["post-184856","post","type-post","status-publish","format-standard","has-post-thumbnail","hentry","category-deportes","tag-deportivo-rayo-zuliano","tag-estadio-jose-encarnacion-pachencho-romero","tag-futbol","tag-futbol-nacional","tag-futbol-venezolano","tag-liga-futve-2025","tag-ligafutve","tag-nacionales","tag-portuguesa-fc","tag-primera-division","tag-regionales","tag-torneo-apertura-2025","tag-venezuela","tag-zulia"],"yoast_head":"<!-- This site is optimized with the Yoast SEO plugin v27.5 - https:\/\/yoast.com\/product\/yoast-seo-wordpress\/ -->\n<title>Javier Villafraz: Hemos logrado tener mas profundidad ofensiva<\/title>\n<meta name=\"description\" content=\"El director t\u00e9cnico del equipo rayista analiz\u00f3 el desempe\u00f1o de sus jugadores, luego de la victoria ante Portuguesa.\" \/>\n<meta name=\"robots\" content=\"index, follow, max-snippet:-1, max-image-preview:large, max-video-preview:-1\" \/>\n<link rel=\"canonical\" href=\"https:\/\/digital58.com.ve\/site\/2025\/03\/01\/rayo-zuliano-javier-villafraz-hemos-logrado-tener-mas-profundidad-ofensiva\/\" \/>\n<meta property=\"og:locale\" content=\"es_ES\" \/>\n<meta property=\"og:type\" content=\"article\" \/>\n<meta property=\"og:title\" content=\"Javier Villafraz: Hemos logrado tener mas profundidad ofensiva\" \/>\n<meta property=\"og:description\" content=\"El director t\u00e9cnico del equipo rayista analiz\u00f3 el desempe\u00f1o de sus jugadores, luego de la victoria ante Portuguesa.\" \/>\n<meta property=\"og:url\" content=\"https:\/\/digital58.com.ve\/site\/2025\/03\/01\/rayo-zuliano-javier-villafraz-hemos-logrado-tener-mas-profundidad-ofensiva\/\" \/>\n<meta property=\"og:site_name\" content=\"Noticias Digital58\" \/>\n<meta property=\"article:published_time\" content=\"2025-03-01T14:37:43+00:00\" \/>\n<meta property=\"article:modified_time\" content=\"2025-03-01T14:38:01+00:00\" \/>\n<meta property=\"og:image\" content=\"https:\/\/digital58.com.ve\/site\/wp-content\/uploads\/2025\/03\/villafraz-28-1.webp\" \/>\n\t<meta property=\"og:image:width\" content=\"1000\" \/>\n\t<meta property=\"og:image:height\" content=\"600\" \/>\n\t<meta property=\"og:image:type\" content=\"image\/webp\" \/>\n<meta name=\"author\" content=\"Villasmil Henry\" \/>\n<meta name=\"twitter:card\" content=\"summary_large_image\" \/>\n<meta name=\"twitter:creator\" content=\"@https:\/\/twitter.com\/villasmilhfoto\" \/>\n<meta name=\"twitter:site\" content=\"@villasmilhfoto\" \/>\n<meta name=\"twitter:label1\" content=\"Escrito por\" \/>\n\t<meta name=\"twitter:data1\" content=\"Villasmil Henry\" \/>\n\t<meta name=\"twitter:label2\" content=\"Tiempo estimado de lectura\" \/>\n\t<meta name=\"twitter:data2\" content=\"3 minutos\" \/>\n<script type=\"application\/ld+json\" class=\"yoast-schema-graph\">{\"@context\":\"https:\\\/\\\/schema.org\",\"@graph\":[{\"@type\":\"Article\",\"@id\":\"https:\\\/\\\/digital58.com.ve\\\/site\\\/2025\\\/03\\\/01\\\/rayo-zuliano-javier-villafraz-hemos-logrado-tener-mas-profundidad-ofensiva\\\/#article\",\"isPartOf\":{\"@id\":\"https:\\\/\\\/digital58.com.ve\\\/site\\\/2025\\\/03\\\/01\\\/rayo-zuliano-javier-villafraz-hemos-logrado-tener-mas-profundidad-ofensiva\\\/\"},\"author\":{\"name\":\"Villasmil Henry\",\"@id\":\"https:\\\/\\\/digital58.com.ve\\\/site\\\/#\\\/schema\\\/person\\\/64d1c2e4d0d4fd1b849980c4331c2951\"},\"headline\":\"Rayo Zuliano | Javier Villafraz: Hemos logrado tener mas profundidad ofensiva\",\"datePublished\":\"2025-03-01T14:37:43+00:00\",\"dateModified\":\"2025-03-01T14:38:01+00:00\",\"mainEntityOfPage\":{\"@id\":\"https:\\\/\\\/digital58.com.ve\\\/site\\\/2025\\\/03\\\/01\\\/rayo-zuliano-javier-villafraz-hemos-logrado-tener-mas-profundidad-ofensiva\\\/\"},\"wordCount\":400,\"commentCount\":0,\"publisher\":{\"@id\":\"https:\\\/\\\/digital58.com.ve\\\/site\\\/#\\\/schema\\\/person\\\/64d1c2e4d0d4fd1b849980c4331c2951\"},\"image\":{\"@id\":\"https:\\\/\\\/digital58.com.ve\\\/site\\\/2025\\\/03\\\/01\\\/rayo-zuliano-javier-villafraz-hemos-logrado-tener-mas-profundidad-ofensiva\\\/#primaryimage\"},\"thumbnailUrl\":\"https:\\\/\\\/digital58.com.ve\\\/site\\\/wp-content\\\/uploads\\\/2025\\\/03\\\/villafraz-28-1.webp\",\"keywords\":[\"Deportivo Rayo Zuliano\",\"Estadio Jos\u00e9 Encarnaci\u00f3n \u00abPachencho\u00bb Romero\",\"F\u00fatbol\",\"F\u00fatbol Nacional\",\"F\u00fatbol Venezolano\",\"Liga FutVe 2025\",\"LigaF\u00fatVe\",\"Nacionales\",\"Portuguesa FC\",\"Primera Divisi\u00f3n\",\"Regionales\",\"Torneo Apertura 2025\",\"Venezuela\",\"Zulia\"],\"articleSection\":[\"Deportes\"],\"inLanguage\":\"es\",\"potentialAction\":[{\"@type\":\"CommentAction\",\"name\":\"Comment\",\"target\":[\"https:\\\/\\\/digital58.com.ve\\\/site\\\/2025\\\/03\\\/01\\\/rayo-zuliano-javier-villafraz-hemos-logrado-tener-mas-profundidad-ofensiva\\\/#respond\"]}]},{\"@type\":\"WebPage\",\"@id\":\"https:\\\/\\\/digital58.com.ve\\\/site\\\/2025\\\/03\\\/01\\\/rayo-zuliano-javier-villafraz-hemos-logrado-tener-mas-profundidad-ofensiva\\\/\",\"url\":\"https:\\\/\\\/digital58.com.ve\\\/site\\\/2025\\\/03\\\/01\\\/rayo-zuliano-javier-villafraz-hemos-logrado-tener-mas-profundidad-ofensiva\\\/\",\"name\":\"Javier Villafraz: Hemos logrado tener mas profundidad ofensiva\",\"isPartOf\":{\"@id\":\"https:\\\/\\\/digital58.com.ve\\\/site\\\/#website\"},\"primaryImageOfPage\":{\"@id\":\"https:\\\/\\\/digital58.com.ve\\\/site\\\/2025\\\/03\\\/01\\\/rayo-zuliano-javier-villafraz-hemos-logrado-tener-mas-profundidad-ofensiva\\\/#primaryimage\"},\"image\":{\"@id\":\"https:\\\/\\\/digital58.com.ve\\\/site\\\/2025\\\/03\\\/01\\\/rayo-zuliano-javier-villafraz-hemos-logrado-tener-mas-profundidad-ofensiva\\\/#primaryimage\"},\"thumbnailUrl\":\"https:\\\/\\\/digital58.com.ve\\\/site\\\/wp-content\\\/uploads\\\/2025\\\/03\\\/villafraz-28-1.webp\",\"datePublished\":\"2025-03-01T14:37:43+00:00\",\"dateModified\":\"2025-03-01T14:38:01+00:00\",\"description\":\"El director t\u00e9cnico del equipo rayista analiz\u00f3 el desempe\u00f1o de sus jugadores, luego de la victoria ante Portuguesa.\",\"breadcrumb\":{\"@id\":\"https:\\\/\\\/digital58.com.ve\\\/site\\\/2025\\\/03\\\/01\\\/rayo-zuliano-javier-villafraz-hemos-logrado-tener-mas-profundidad-ofensiva\\\/#breadcrumb\"},\"inLanguage\":\"es\",\"potentialAction\":[{\"@type\":\"ReadAction\",\"target\":[\"https:\\\/\\\/digital58.com.ve\\\/site\\\/2025\\\/03\\\/01\\\/rayo-zuliano-javier-villafraz-hemos-logrado-tener-mas-profundidad-ofensiva\\\/\"]}]},{\"@type\":\"ImageObject\",\"inLanguage\":\"es\",\"@id\":\"https:\\\/\\\/digital58.com.ve\\\/site\\\/2025\\\/03\\\/01\\\/rayo-zuliano-javier-villafraz-hemos-logrado-tener-mas-profundidad-ofensiva\\\/#primaryimage\",\"url\":\"https:\\\/\\\/digital58.com.ve\\\/site\\\/wp-content\\\/uploads\\\/2025\\\/03\\\/villafraz-28-1.webp\",\"contentUrl\":\"https:\\\/\\\/digital58.com.ve\\\/site\\\/wp-content\\\/uploads\\\/2025\\\/03\\\/villafraz-28-1.webp\",\"width\":1000,\"height\":600},{\"@type\":\"BreadcrumbList\",\"@id\":\"https:\\\/\\\/digital58.com.ve\\\/site\\\/2025\\\/03\\\/01\\\/rayo-zuliano-javier-villafraz-hemos-logrado-tener-mas-profundidad-ofensiva\\\/#breadcrumb\",\"itemListElement\":[{\"@type\":\"ListItem\",\"position\":1,\"name\":\"Home\",\"item\":\"https:\\\/\\\/digital58.com.ve\\\/site\\\/\"},{\"@type\":\"ListItem\",\"position\":2,\"name\":\"Rayo Zuliano | Javier Villafraz: Hemos logrado tener mas profundidad ofensiva\"}]},{\"@type\":\"WebSite\",\"@id\":\"https:\\\/\\\/digital58.com.ve\\\/site\\\/#website\",\"url\":\"https:\\\/\\\/digital58.com.ve\\\/site\\\/\",\"name\":\"Noticias Digital58\",\"description\":\"Portal de Noticias \u00a1Periodismo web de verdad! Lanzamiento web 22.11.2005 \\\/ Maracaibo, Venezuela\",\"publisher\":{\"@id\":\"https:\\\/\\\/digital58.com.ve\\\/site\\\/#\\\/schema\\\/person\\\/64d1c2e4d0d4fd1b849980c4331c2951\"},\"alternateName\":\"ND58\",\"potentialAction\":[{\"@type\":\"SearchAction\",\"target\":{\"@type\":\"EntryPoint\",\"urlTemplate\":\"https:\\\/\\\/digital58.com.ve\\\/site\\\/?s={search_term_string}\"},\"query-input\":{\"@type\":\"PropertyValueSpecification\",\"valueRequired\":true,\"valueName\":\"search_term_string\"}}],\"inLanguage\":\"es\"},{\"@type\":[\"Person\",\"Organization\"],\"@id\":\"https:\\\/\\\/digital58.com.ve\\\/site\\\/#\\\/schema\\\/person\\\/64d1c2e4d0d4fd1b849980c4331c2951\",\"name\":\"Villasmil Henry\",\"image\":{\"@type\":\"ImageObject\",\"inLanguage\":\"es\",\"@id\":\"https:\\\/\\\/secure.gravatar.com\\\/avatar\\\/bb0c4a2fcb7970138239f7e404ea75757b1b507b28b5ce4c53fbd62d797c5a7c?s=96&d=mm&r=g\",\"url\":\"https:\\\/\\\/secure.gravatar.com\\\/avatar\\\/bb0c4a2fcb7970138239f7e404ea75757b1b507b28b5ce4c53fbd62d797c5a7c?s=96&d=mm&r=g\",\"contentUrl\":\"https:\\\/\\\/secure.gravatar.com\\\/avatar\\\/bb0c4a2fcb7970138239f7e404ea75757b1b507b28b5ce4c53fbd62d797c5a7c?s=96&d=mm&r=g\",\"caption\":\"Villasmil Henry\"},\"logo\":{\"@id\":\"https:\\\/\\\/secure.gravatar.com\\\/avatar\\\/bb0c4a2fcb7970138239f7e404ea75757b1b507b28b5ce4c53fbd62d797c5a7c?s=96&d=mm&r=g\"},\"sameAs\":[\"http:\\\/\\\/www.henryvillasmil.com.ve\",\"https:\\\/\\\/www.instagram.com\\\/villasmilhfoto\\\/\",\"https:\\\/\\\/x.com\\\/https:\\\/\\\/twitter.com\\\/villasmilhfoto\"],\"url\":\"https:\\\/\\\/digital58.com.ve\\\/site\\\/author\\\/droopy_68\\\/\"}]}<\/script>\n<!-- \/ Yoast SEO plugin. -->","yoast_head_json":{"title":"Javier Villafraz: Hemos logrado tener mas profundidad ofensiva","description":"El director t\u00e9cnico del equipo rayista analiz\u00f3 el desempe\u00f1o de sus jugadores, luego de la victoria ante Portuguesa.","robots":{"index":"index","follow":"follow","max-snippet":"max-snippet:-1","max-image-preview":"max-image-preview:large","max-video-preview":"max-video-preview:-1"},"canonical":"https:\/\/digital58.com.ve\/site\/2025\/03\/01\/rayo-zuliano-javier-villafraz-hemos-logrado-tener-mas-profundidad-ofensiva\/","og_locale":"es_ES","og_type":"article","og_title":"Javier Villafraz: Hemos logrado tener mas profundidad ofensiva","og_description":"El director t\u00e9cnico del equipo rayista analiz\u00f3 el desempe\u00f1o de sus jugadores, luego de la victoria ante Portuguesa.","og_url":"https:\/\/digital58.com.ve\/site\/2025\/03\/01\/rayo-zuliano-javier-villafraz-hemos-logrado-tener-mas-profundidad-ofensiva\/","og_site_name":"Noticias Digital58","article_published_time":"2025-03-01T14:37:43+00:00","article_modified_time":"2025-03-01T14:38:01+00:00","og_image":[{"width":1000,"height":600,"url":"https:\/\/digital58.com.ve\/site\/wp-content\/uploads\/2025\/03\/villafraz-28-1.webp","type":"image\/webp"}],"author":"Villasmil Henry","twitter_card":"summary_large_image","twitter_creator":"@https:\/\/twitter.com\/villasmilhfoto","twitter_site":"@villasmilhfoto","twitter_misc":{"Escrito por":"Villasmil Henry","Tiempo estimado de lectura":"3 minutos"},"schema":{"@context":"https:\/\/schema.org","@graph":[{"@type":"Article","@id":"https:\/\/digital58.com.ve\/site\/2025\/03\/01\/rayo-zuliano-javier-villafraz-hemos-logrado-tener-mas-profundidad-ofensiva\/#article","isPartOf":{"@id":"https:\/\/digital58.com.ve\/site\/2025\/03\/01\/rayo-zuliano-javier-villafraz-hemos-logrado-tener-mas-profundidad-ofensiva\/"},"author":{"name":"Villasmil Henry","@id":"https:\/\/digital58.com.ve\/site\/#\/schema\/person\/64d1c2e4d0d4fd1b849980c4331c2951"},"headline":"Rayo Zuliano | Javier Villafraz: Hemos logrado tener mas profundidad ofensiva","datePublished":"2025-03-01T14:37:43+00:00","dateModified":"2025-03-01T14:38:01+00:00","mainEntityOfPage":{"@id":"https:\/\/digital58.com.ve\/site\/2025\/03\/01\/rayo-zuliano-javier-villafraz-hemos-logrado-tener-mas-profundidad-ofensiva\/"},"wordCount":400,"commentCount":0,"publisher":{"@id":"https:\/\/digital58.com.ve\/site\/#\/schema\/person\/64d1c2e4d0d4fd1b849980c4331c2951"},"image":{"@id":"https:\/\/digital58.com.ve\/site\/2025\/03\/01\/rayo-zuliano-javier-villafraz-hemos-logrado-tener-mas-profundidad-ofensiva\/#primaryimage"},"thumbnailUrl":"https:\/\/digital58.com.ve\/site\/wp-content\/uploads\/2025\/03\/villafraz-28-1.webp","keywords":["Deportivo Rayo Zuliano","Estadio Jos\u00e9 Encarnaci\u00f3n \u00abPachencho\u00bb Romero","F\u00fatbol","F\u00fatbol Nacional","F\u00fatbol Venezolano","Liga FutVe 2025","LigaF\u00fatVe","Nacionales","Portuguesa FC","Primera Divisi\u00f3n","Regionales","Torneo Apertura 2025","Venezuela","Zulia"],"articleSection":["Deportes"],"inLanguage":"es","potentialAction":[{"@type":"CommentAction","name":"Comment","target":["https:\/\/digital58.com.ve\/site\/2025\/03\/01\/rayo-zuliano-javier-villafraz-hemos-logrado-tener-mas-profundidad-ofensiva\/#respond"]}]},{"@type":"WebPage","@id":"https:\/\/digital58.com.ve\/site\/2025\/03\/01\/rayo-zuliano-javier-villafraz-hemos-logrado-tener-mas-profundidad-ofensiva\/","url":"https:\/\/digital58.com.ve\/site\/2025\/03\/01\/rayo-zuliano-javier-villafraz-hemos-logrado-tener-mas-profundidad-ofensiva\/","name":"Javier Villafraz: Hemos logrado tener mas profundidad ofensiva","isPartOf":{"@id":"https:\/\/digital58.com.ve\/site\/#website"},"primaryImageOfPage":{"@id":"https:\/\/digital58.com.ve\/site\/2025\/03\/01\/rayo-zuliano-javier-villafraz-hemos-logrado-tener-mas-profundidad-ofensiva\/#primaryimage"},"image":{"@id":"https:\/\/digital58.com.ve\/site\/2025\/03\/01\/rayo-zuliano-javier-villafraz-hemos-logrado-tener-mas-profundidad-ofensiva\/#primaryimage"},"thumbnailUrl":"https:\/\/digital58.com.ve\/site\/wp-content\/uploads\/2025\/03\/villafraz-28-1.webp","datePublished":"2025-03-01T14:37:43+00:00","dateModified":"2025-03-01T14:38:01+00:00","description":"El director t\u00e9cnico del equipo rayista analiz\u00f3 el desempe\u00f1o de sus jugadores, luego de la victoria ante Portuguesa.","breadcrumb":{"@id":"https:\/\/digital58.com.ve\/site\/2025\/03\/01\/rayo-zuliano-javier-villafraz-hemos-logrado-tener-mas-profundidad-ofensiva\/#breadcrumb"},"inLanguage":"es","potentialAction":[{"@type":"ReadAction","target":["https:\/\/digital58.com.ve\/site\/2025\/03\/01\/rayo-zuliano-javier-villafraz-hemos-logrado-tener-mas-profundidad-ofensiva\/"]}]},{"@type":"ImageObject","inLanguage":"es","@id":"https:\/\/digital58.com.ve\/site\/2025\/03\/01\/rayo-zuliano-javier-villafraz-hemos-logrado-tener-mas-profundidad-ofensiva\/#primaryimage","url":"https:\/\/digital58.com.ve\/site\/wp-content\/uploads\/2025\/03\/villafraz-28-1.webp","contentUrl":"https:\/\/digital58.com.ve\/site\/wp-content\/uploads\/2025\/03\/villafraz-28-1.webp","width":1000,"height":600},{"@type":"BreadcrumbList","@id":"https:\/\/digital58.com.ve\/site\/2025\/03\/01\/rayo-zuliano-javier-villafraz-hemos-logrado-tener-mas-profundidad-ofensiva\/#breadcrumb","itemListElement":[{"@type":"ListItem","position":1,"name":"Home","item":"https:\/\/digital58.com.ve\/site\/"},{"@type":"ListItem","position":2,"name":"Rayo Zuliano | Javier Villafraz: Hemos logrado tener mas profundidad ofensiva"}]},{"@type":"WebSite","@id":"https:\/\/digital58.com.ve\/site\/#website","url":"https:\/\/digital58.com.ve\/site\/","name":"Noticias Digital58","description":"Portal de Noticias \u00a1Periodismo web de verdad! Lanzamiento web 22.11.2005 \/ Maracaibo, Venezuela","publisher":{"@id":"https:\/\/digital58.com.ve\/site\/#\/schema\/person\/64d1c2e4d0d4fd1b849980c4331c2951"},"alternateName":"ND58","potentialAction":[{"@type":"SearchAction","target":{"@type":"EntryPoint","urlTemplate":"https:\/\/digital58.com.ve\/site\/?s={search_term_string}"},"query-input":{"@type":"PropertyValueSpecification","valueRequired":true,"valueName":"search_term_string"}}],"inLanguage":"es"},{"@type":["Person","Organization"],"@id":"https:\/\/digital58.com.ve\/site\/#\/schema\/person\/64d1c2e4d0d4fd1b849980c4331c2951","name":"Villasmil Henry","image":{"@type":"ImageObject","inLanguage":"es","@id":"https:\/\/secure.gravatar.com\/avatar\/bb0c4a2fcb7970138239f7e404ea75757b1b507b28b5ce4c53fbd62d797c5a7c?s=96&d=mm&r=g","url":"https:\/\/secure.gravatar.com\/avatar\/bb0c4a2fcb7970138239f7e404ea75757b1b507b28b5ce4c53fbd62d797c5a7c?s=96&d=mm&r=g","contentUrl":"https:\/\/secure.gravatar.com\/avatar\/bb0c4a2fcb7970138239f7e404ea75757b1b507b28b5ce4c53fbd62d797c5a7c?s=96&d=mm&r=g","caption":"Villasmil Henry"},"logo":{"@id":"https:\/\/secure.gravatar.com\/avatar\/bb0c4a2fcb7970138239f7e404ea75757b1b507b28b5ce4c53fbd62d797c5a7c?s=96&d=mm&r=g"},"sameAs":["http:\/\/www.henryvillasmil.com.ve","https:\/\/www.instagram.com\/villasmilhfoto\/","https:\/\/x.com\/https:\/\/twitter.com\/villasmilhfoto"],"url":"https:\/\/digital58.com.ve\/site\/author\/droopy_68\/"}]}},"uagb_featured_image_src":{"full":["https:\/\/digital58.com.ve\/site\/wp-content\/uploads\/2025\/03\/villafraz-28-1.webp",1000,600,false],"thumbnail":["https:\/\/digital58.com.ve\/site\/wp-content\/uploads\/2025\/03\/villafraz-28-1-150x150.webp",150,150,true],"medium":["https:\/\/digital58.com.ve\/site\/wp-content\/uploads\/2025\/03\/villafraz-28-1-300x180.webp",300,180,true],"medium_large":["https:\/\/digital58.com.ve\/site\/wp-content\/uploads\/2025\/03\/villafraz-28-1-768x461.webp",768,461,true],"large":["https:\/\/digital58.com.ve\/site\/wp-content\/uploads\/2025\/03\/villafraz-28-1.webp",800,480,false],"1536x1536":["https:\/\/digital58.com.ve\/site\/wp-content\/uploads\/2025\/03\/villafraz-28-1.webp",1000,600,false],"2048x2048":["https:\/\/digital58.com.ve\/site\/wp-content\/uploads\/2025\/03\/villafraz-28-1.webp",1000,600,false],"colormag-highlighted-post":["https:\/\/digital58.com.ve\/site\/wp-content\/uploads\/2025\/03\/villafraz-28-1-392x272.webp",392,272,true],"colormag-featured-post-medium":["https:\/\/digital58.com.ve\/site\/wp-content\/uploads\/2025\/03\/villafraz-28-1-390x205.webp",390,205,true],"colormag-featured-post-small":["https:\/\/digital58.com.ve\/site\/wp-content\/uploads\/2025\/03\/villafraz-28-1-130x90.webp",130,90,true],"colormag-featured-image":["https:\/\/digital58.com.ve\/site\/wp-content\/uploads\/2025\/03\/villafraz-28-1-800x445.webp",800,445,true],"colormag-default-news":["https:\/\/digital58.com.ve\/site\/wp-content\/uploads\/2025\/03\/villafraz-28-1-150x150.webp",150,150,true],"colormag-featured-image-large":["https:\/\/digital58.com.ve\/site\/wp-content\/uploads\/2025\/03\/villafraz-28-1.webp",1000,600,false]},"uagb_author_info":{"display_name":"Villasmil Henry","author_link":"https:\/\/digital58.com.ve\/site\/author\/droopy_68\/"},"uagb_comment_info":0,"uagb_excerpt":"El director t\u00e9cnico del equipo rayista analiz\u00f3 el desempe\u00f1o de sus jugadores, luego de la victoria (1-0) ante Portuguesa en","_links":{"self":[{"href":"https:\/\/digital58.com.ve\/site\/wp-json\/wp\/v2\/posts\/184856","targetHints":{"allow":["GET"]}}],"collection":[{"href":"https:\/\/digital58.com.ve\/site\/wp-json\/wp\/v2\/posts"}],"about":[{"href":"https:\/\/digital58.com.ve\/site\/wp-json\/wp\/v2\/types\/post"}],"author":[{"embeddable":true,"href":"https:\/\/digital58.com.ve\/site\/wp-json\/wp\/v2\/users\/1"}],"replies":[{"embeddable":true,"href":"https:\/\/digital58.com.ve\/site\/wp-json\/wp\/v2\/comments?post=184856"}],"version-history":[{"count":2,"href":"https:\/\/digital58.com.ve\/site\/wp-json\/wp\/v2\/posts\/184856\/revisions"}],"predecessor-version":[{"id":184864,"href":"https:\/\/digital58.com.ve\/site\/wp-json\/wp\/v2\/posts\/184856\/revisions\/184864"}],"wp:featuredmedia":[{"embeddable":true,"href":"https:\/\/digital58.com.ve\/site\/wp-json\/wp\/v2\/media\/184860"}],"wp:attachment":[{"href":"https:\/\/digital58.com.ve\/site\/wp-json\/wp\/v2\/media?parent=184856"}],"wp:term":[{"taxonomy":"category","embeddable":true,"href":"https:\/\/digital58.com.ve\/site\/wp-json\/wp\/v2\/categories?post=184856"},{"taxonomy":"post_tag","embeddable":true,"href":"https:\/\/digital58.com.ve\/site\/wp-json\/wp\/v2\/tags?post=184856"}],"curies":[{"name":"wp","href":"https:\/\/api.w.org\/{rel}","templated":true}]}}