{"id":184937,"date":"2025-03-03T16:42:50","date_gmt":"2025-03-03T20:42:50","guid":{"rendered":"https:\/\/digital58.com.ve\/site\/?p=184937"},"modified":"2025-03-03T16:42:50","modified_gmt":"2025-03-03T20:42:50","slug":"alegria-paz-y-color-en-el-desfile-carnavales-viva-venezuela-en-maracaibo","status":"publish","type":"post","link":"https:\/\/digital58.com.ve\/site\/2025\/03\/03\/alegria-paz-y-color-en-el-desfile-carnavales-viva-venezuela-en-maracaibo\/","title":{"rendered":"Alegr\u00eda, paz y color en el desfile \u00abCarnavales Viva Venezuela\u00bb en Maracaibo"},"content":{"rendered":"<p><a href=\"https:\/\/digital58.com.ve\/site\/wp-content\/uploads\/2025\/03\/carnaval-vv-11.webp\"><img loading=\"lazy\" decoding=\"async\" class=\"aligncenter wp-image-184967 size-full\" src=\"https:\/\/digital58.com.ve\/site\/wp-content\/uploads\/2025\/03\/carnaval-vv-11.webp\" alt=\"Maracaibo se llen\u00f3 de alegr\u00eda, paz y color con el desfile \u00abCarnavales Viva Venezuela\u00bb 2025, donde m\u00e1s de ocho mil ni\u00f1os, ni\u00f1as y j\u00f3venes recorrieron la ciudad en carrozas, comparsas y bandas marchantes.\" width=\"1000\" height=\"600\" srcset=\"https:\/\/digital58.com.ve\/site\/wp-content\/uploads\/2025\/03\/carnaval-vv-11.webp 1000w, https:\/\/digital58.com.ve\/site\/wp-content\/uploads\/2025\/03\/carnaval-vv-11-300x180.webp 300w, https:\/\/digital58.com.ve\/site\/wp-content\/uploads\/2025\/03\/carnaval-vv-11-768x461.webp 768w\" sizes=\"auto, (max-width: 1000px) 100vw, 1000px\" \/><\/a><\/p>\n<p>La multitudinaria fiesta de carnaval, culmin\u00f3 con un gran concierto en el Parque Rafael Urdaneta.<\/p>\n<p><strong>Maracaibo, Zulia, Venezuela, 03 de marzo de 2025 (ND58).-<\/strong> Maracaibo se llen\u00f3 de alegr\u00eda, paz y color con el desfile \u00abCarnavales Viva Venezuela\u00bb 2025, donde m\u00e1s de ocho mil ni\u00f1os, ni\u00f1as y j\u00f3venes recorrieron la ciudad en carrozas, comparsas y bandas marchantes.<\/p>\n<p>La festividad, impulsada por Corpozulia y 37 instituciones, busc\u00f3 rescatar las tradiciones zulianas y garantizar espacios de esparcimiento para la comunidad.<\/p>\n<p><a href=\"https:\/\/digital58.com.ve\/site\/wp-content\/uploads\/2025\/03\/carnaval-vv-2.webp\"><img loading=\"lazy\" decoding=\"async\" class=\"aligncenter size-full wp-image-184976\" src=\"https:\/\/digital58.com.ve\/site\/wp-content\/uploads\/2025\/03\/carnaval-vv-2.webp\" alt=\"\" width=\"1000\" height=\"600\" srcset=\"https:\/\/digital58.com.ve\/site\/wp-content\/uploads\/2025\/03\/carnaval-vv-2.webp 1000w, https:\/\/digital58.com.ve\/site\/wp-content\/uploads\/2025\/03\/carnaval-vv-2-300x180.webp 300w, https:\/\/digital58.com.ve\/site\/wp-content\/uploads\/2025\/03\/carnaval-vv-2-768x461.webp 768w\" sizes=\"auto, (max-width: 1000px) 100vw, 1000px\" \/><\/a><\/p>\n<h2>Maracaibo celebr\u00f3 el Carnaval con un gran desfile<\/h2>\n<p>La avenida 4, Bella Vista de Maracaibo se convirti\u00f3 en escenario de una colorida fiesta durante el desfile \u00abCarnavales Viva Venezuela\u00bb 2025. Con la participaci\u00f3n de m\u00e1s de ocho mil ni\u00f1os, ni\u00f1as y j\u00f3venes, la jornada estuvo marcada por la exhibici\u00f3n de carrozas, comparsas y bandas marchantes que resaltaron el orgullo regional y la riqueza cultural del Zulia.<\/p>\n<p><a href=\"https:\/\/digital58.com.ve\/site\/wp-content\/uploads\/2025\/03\/carnaval-vv-5.webp\"><img loading=\"lazy\" decoding=\"async\" class=\"aligncenter size-full wp-image-184973\" src=\"https:\/\/digital58.com.ve\/site\/wp-content\/uploads\/2025\/03\/carnaval-vv-5.webp\" alt=\"\" width=\"1000\" height=\"600\" srcset=\"https:\/\/digital58.com.ve\/site\/wp-content\/uploads\/2025\/03\/carnaval-vv-5.webp 1000w, https:\/\/digital58.com.ve\/site\/wp-content\/uploads\/2025\/03\/carnaval-vv-5-300x180.webp 300w, https:\/\/digital58.com.ve\/site\/wp-content\/uploads\/2025\/03\/carnaval-vv-5-768x461.webp 768w\" sizes=\"auto, (max-width: 1000px) 100vw, 1000px\" \/><\/a><\/p>\n<p>El evento inici\u00f3 en la avenida Dr. Portillo y culmin\u00f3 en el Parque General en Jefe Rafael Urdaneta, donde se llev\u00f3 a cabo un concierto con la participaci\u00f3n de los artistas Homero, Enio y Jos\u00e9 Ignacio, y Junior D\u00edaz, quienes ofrecieron un espect\u00e1culo musical para el disfrute de los asistentes.<\/p>\n<p><a href=\"https:\/\/digital58.com.ve\/site\/wp-content\/uploads\/2025\/03\/carnaval-vv-3.webp\"><img loading=\"lazy\" decoding=\"async\" class=\"aligncenter size-full wp-image-184975\" src=\"https:\/\/digital58.com.ve\/site\/wp-content\/uploads\/2025\/03\/carnaval-vv-3.webp\" alt=\"\" width=\"1000\" height=\"600\" srcset=\"https:\/\/digital58.com.ve\/site\/wp-content\/uploads\/2025\/03\/carnaval-vv-3.webp 1000w, https:\/\/digital58.com.ve\/site\/wp-content\/uploads\/2025\/03\/carnaval-vv-3-300x180.webp 300w, https:\/\/digital58.com.ve\/site\/wp-content\/uploads\/2025\/03\/carnaval-vv-3-768x461.webp 768w\" sizes=\"auto, (max-width: 1000px) 100vw, 1000px\" \/><\/a><\/p>\n<h2>Impulso institucional y rescate de tradiciones<\/h2>\n<p>El presidente de la Corporaci\u00f3n de la Regi\u00f3n Zuliana (Corpozulia), G\/J N\u00e9stor Reverol, destac\u00f3 que el desfile cont\u00f3 con el apoyo de 37 instituciones del Gobierno Bolivariano y empresas privadas.<\/p>\n<p><a href=\"https:\/\/digital58.com.ve\/site\/wp-content\/uploads\/2025\/03\/carnaval-vv-4.webp\"><img loading=\"lazy\" decoding=\"async\" class=\"aligncenter size-full wp-image-184974\" src=\"https:\/\/digital58.com.ve\/site\/wp-content\/uploads\/2025\/03\/carnaval-vv-4.webp\" alt=\"\" width=\"1000\" height=\"600\" srcset=\"https:\/\/digital58.com.ve\/site\/wp-content\/uploads\/2025\/03\/carnaval-vv-4.webp 1000w, https:\/\/digital58.com.ve\/site\/wp-content\/uploads\/2025\/03\/carnaval-vv-4-300x180.webp 300w, https:\/\/digital58.com.ve\/site\/wp-content\/uploads\/2025\/03\/carnaval-vv-4-768x461.webp 768w\" sizes=\"auto, (max-width: 1000px) 100vw, 1000px\" \/><\/a><\/p>\n<p><strong>\u00abEste tipo de actividades permiten rescatar nuestras tradiciones zulianas y compartir con quienes nos visitan de otros estados del pa\u00eds\u00bb<\/strong>, afirm\u00f3 Reverol.<\/p>\n<p><a href=\"https:\/\/digital58.com.ve\/site\/wp-content\/uploads\/2025\/03\/carnaval-vv-1.webp\"><img loading=\"lazy\" decoding=\"async\" class=\"aligncenter size-full wp-image-184977\" src=\"https:\/\/digital58.com.ve\/site\/wp-content\/uploads\/2025\/03\/carnaval-vv-1.webp\" alt=\"\" width=\"1000\" height=\"600\" srcset=\"https:\/\/digital58.com.ve\/site\/wp-content\/uploads\/2025\/03\/carnaval-vv-1.webp 1000w, https:\/\/digital58.com.ve\/site\/wp-content\/uploads\/2025\/03\/carnaval-vv-1-300x180.webp 300w, https:\/\/digital58.com.ve\/site\/wp-content\/uploads\/2025\/03\/carnaval-vv-1-768x461.webp 768w\" sizes=\"auto, (max-width: 1000px) 100vw, 1000px\" \/><\/a><\/p>\n<h2>Carrozas y comparsas destacaron la identidad zuliana<\/h2>\n<p>Uno de los atractivos principales del desfile fue la exhibici\u00f3n de 24 carrozas, cada una decorada con elementos representativos del estado Zulia. Desde paisajes naturales hasta expresiones culturales y logros cient\u00edficos, las composiciones resaltaron la identidad regional y la creatividad de sus participantes.<\/p>\n<p><a href=\"https:\/\/digital58.com.ve\/site\/wp-content\/uploads\/2025\/03\/carnaval-vv-6.webp\"><img loading=\"lazy\" decoding=\"async\" class=\"aligncenter size-full wp-image-184972\" src=\"https:\/\/digital58.com.ve\/site\/wp-content\/uploads\/2025\/03\/carnaval-vv-6.webp\" alt=\"\" width=\"1000\" height=\"600\" srcset=\"https:\/\/digital58.com.ve\/site\/wp-content\/uploads\/2025\/03\/carnaval-vv-6.webp 1000w, https:\/\/digital58.com.ve\/site\/wp-content\/uploads\/2025\/03\/carnaval-vv-6-300x180.webp 300w, https:\/\/digital58.com.ve\/site\/wp-content\/uploads\/2025\/03\/carnaval-vv-6-768x461.webp 768w\" sizes=\"auto, (max-width: 1000px) 100vw, 1000px\" \/><\/a><\/p>\n<p><strong>\u00abLos verdaderos protagonistas de esta celebraci\u00f3n fueron los ni\u00f1os, ni\u00f1as y j\u00f3venes, quienes con dedicaci\u00f3n y esfuerzo ofrecieron un gran espect\u00e1culo\u00bb<\/strong>, enfatiz\u00f3 Reverol.<\/p>\n<p><a href=\"https:\/\/digital58.com.ve\/site\/wp-content\/uploads\/2025\/03\/carnaval-vv-7.webp\"><img loading=\"lazy\" decoding=\"async\" class=\"aligncenter size-full wp-image-184971\" src=\"https:\/\/digital58.com.ve\/site\/wp-content\/uploads\/2025\/03\/carnaval-vv-7.webp\" alt=\"\" width=\"1000\" height=\"600\" srcset=\"https:\/\/digital58.com.ve\/site\/wp-content\/uploads\/2025\/03\/carnaval-vv-7.webp 1000w, https:\/\/digital58.com.ve\/site\/wp-content\/uploads\/2025\/03\/carnaval-vv-7-300x180.webp 300w, https:\/\/digital58.com.ve\/site\/wp-content\/uploads\/2025\/03\/carnaval-vv-7-768x461.webp 768w\" sizes=\"auto, (max-width: 1000px) 100vw, 1000px\" \/><\/a><\/p>\n<h2>Seguridad y recreaci\u00f3n durante el asueto<\/h2>\n<p>Para garantizar el bienestar de la ciudadan\u00eda durante los d\u00edas de Carnaval, se despleg\u00f3 un operativo de seguridad con la participaci\u00f3n de 5.500 efectivos de la Fuerza Armada Nacional Bolivariana (FANB), la Polic\u00eda Nacional Bolivariana (PNB) y Protecci\u00f3n Civil, entre otros organismos.<\/p>\n<p><a href=\"https:\/\/digital58.com.ve\/site\/wp-content\/uploads\/2025\/03\/carnaval-vv-8.webp\"><img loading=\"lazy\" decoding=\"async\" class=\"aligncenter size-full wp-image-184970\" src=\"https:\/\/digital58.com.ve\/site\/wp-content\/uploads\/2025\/03\/carnaval-vv-8.webp\" alt=\"\" width=\"1000\" height=\"600\" srcset=\"https:\/\/digital58.com.ve\/site\/wp-content\/uploads\/2025\/03\/carnaval-vv-8.webp 1000w, https:\/\/digital58.com.ve\/site\/wp-content\/uploads\/2025\/03\/carnaval-vv-8-300x180.webp 300w, https:\/\/digital58.com.ve\/site\/wp-content\/uploads\/2025\/03\/carnaval-vv-8-768x461.webp 768w\" sizes=\"auto, (max-width: 1000px) 100vw, 1000px\" \/><\/a><\/p>\n<p><strong>\u00abEste despliegue de seguridad se mantendr\u00e1 activo durante todo el asueto, acompa\u00f1ado de una programaci\u00f3n cultural y recreativa para el disfrute de locales y visitantes\u00bb<\/strong>, agreg\u00f3 Reverol.<\/p>\n<p><a href=\"https:\/\/digital58.com.ve\/site\/wp-content\/uploads\/2025\/03\/carnaval-vv-10.webp\"><img loading=\"lazy\" decoding=\"async\" class=\"aligncenter size-full wp-image-184968\" src=\"https:\/\/digital58.com.ve\/site\/wp-content\/uploads\/2025\/03\/carnaval-vv-10.webp\" alt=\"\" width=\"1000\" height=\"600\" srcset=\"https:\/\/digital58.com.ve\/site\/wp-content\/uploads\/2025\/03\/carnaval-vv-10.webp 1000w, https:\/\/digital58.com.ve\/site\/wp-content\/uploads\/2025\/03\/carnaval-vv-10-300x180.webp 300w, https:\/\/digital58.com.ve\/site\/wp-content\/uploads\/2025\/03\/carnaval-vv-10-768x461.webp 768w\" sizes=\"auto, (max-width: 1000px) 100vw, 1000px\" \/><\/a><\/p>\n<p><a href=\"https:\/\/digital58.com.ve\/site\/wp-content\/uploads\/2025\/03\/carnaval-vv-9.webp\"><img loading=\"lazy\" decoding=\"async\" class=\"aligncenter size-full wp-image-184969\" src=\"https:\/\/digital58.com.ve\/site\/wp-content\/uploads\/2025\/03\/carnaval-vv-9.webp\" alt=\"\" width=\"1000\" height=\"600\" srcset=\"https:\/\/digital58.com.ve\/site\/wp-content\/uploads\/2025\/03\/carnaval-vv-9.webp 1000w, https:\/\/digital58.com.ve\/site\/wp-content\/uploads\/2025\/03\/carnaval-vv-9-300x180.webp 300w, https:\/\/digital58.com.ve\/site\/wp-content\/uploads\/2025\/03\/carnaval-vv-9-768x461.webp 768w\" sizes=\"auto, (max-width: 1000px) 100vw, 1000px\" \/><\/a><\/p>\n<p><a href=\"https:\/\/digital58.com.ve\/site\/wp-content\/uploads\/2025\/03\/carnaval-vv-13.webp\"><img loading=\"lazy\" decoding=\"async\" class=\"aligncenter size-full wp-image-184965\" src=\"https:\/\/digital58.com.ve\/site\/wp-content\/uploads\/2025\/03\/carnaval-vv-13.webp\" alt=\"\" width=\"1000\" height=\"600\" srcset=\"https:\/\/digital58.com.ve\/site\/wp-content\/uploads\/2025\/03\/carnaval-vv-13.webp 1000w, https:\/\/digital58.com.ve\/site\/wp-content\/uploads\/2025\/03\/carnaval-vv-13-300x180.webp 300w, https:\/\/digital58.com.ve\/site\/wp-content\/uploads\/2025\/03\/carnaval-vv-13-768x461.webp 768w\" sizes=\"auto, (max-width: 1000px) 100vw, 1000px\" \/><\/a><\/p>\n<p><a href=\"https:\/\/digital58.com.ve\/site\/wp-content\/uploads\/2025\/03\/carnaval-vv-14.webp\"><img loading=\"lazy\" decoding=\"async\" class=\"aligncenter size-full wp-image-184964\" src=\"https:\/\/digital58.com.ve\/site\/wp-content\/uploads\/2025\/03\/carnaval-vv-14.webp\" alt=\"\" width=\"1000\" height=\"600\" srcset=\"https:\/\/digital58.com.ve\/site\/wp-content\/uploads\/2025\/03\/carnaval-vv-14.webp 1000w, https:\/\/digital58.com.ve\/site\/wp-content\/uploads\/2025\/03\/carnaval-vv-14-300x180.webp 300w, https:\/\/digital58.com.ve\/site\/wp-content\/uploads\/2025\/03\/carnaval-vv-14-768x461.webp 768w\" sizes=\"auto, (max-width: 1000px) 100vw, 1000px\" \/><\/a><\/p>\n<p><a href=\"https:\/\/digital58.com.ve\/site\/wp-content\/uploads\/2025\/03\/carnaval-vv-12.webp\"><img loading=\"lazy\" decoding=\"async\" class=\"aligncenter size-full wp-image-184966\" src=\"https:\/\/digital58.com.ve\/site\/wp-content\/uploads\/2025\/03\/carnaval-vv-12.webp\" alt=\"\" width=\"1000\" height=\"600\" srcset=\"https:\/\/digital58.com.ve\/site\/wp-content\/uploads\/2025\/03\/carnaval-vv-12.webp 1000w, https:\/\/digital58.com.ve\/site\/wp-content\/uploads\/2025\/03\/carnaval-vv-12-300x180.webp 300w, https:\/\/digital58.com.ve\/site\/wp-content\/uploads\/2025\/03\/carnaval-vv-12-768x461.webp 768w\" sizes=\"auto, (max-width: 1000px) 100vw, 1000px\" \/><\/a><\/p>\n<p><a href=\"https:\/\/digital58.com.ve\/site\/wp-content\/uploads\/2025\/03\/carnaval-vv-15.webp\"><img loading=\"lazy\" decoding=\"async\" class=\"aligncenter size-full wp-image-184963\" src=\"https:\/\/digital58.com.ve\/site\/wp-content\/uploads\/2025\/03\/carnaval-vv-15.webp\" alt=\"\" width=\"1000\" height=\"600\" srcset=\"https:\/\/digital58.com.ve\/site\/wp-content\/uploads\/2025\/03\/carnaval-vv-15.webp 1000w, https:\/\/digital58.com.ve\/site\/wp-content\/uploads\/2025\/03\/carnaval-vv-15-300x180.webp 300w, https:\/\/digital58.com.ve\/site\/wp-content\/uploads\/2025\/03\/carnaval-vv-15-768x461.webp 768w\" sizes=\"auto, (max-width: 1000px) 100vw, 1000px\" \/><\/a><\/p>\n<p><a href=\"https:\/\/digital58.com.ve\/site\/wp-content\/uploads\/2025\/03\/carnaval-vv-16.webp\"><img loading=\"lazy\" decoding=\"async\" class=\"aligncenter size-full wp-image-184962\" src=\"https:\/\/digital58.com.ve\/site\/wp-content\/uploads\/2025\/03\/carnaval-vv-16.webp\" alt=\"\" width=\"1000\" height=\"600\" srcset=\"https:\/\/digital58.com.ve\/site\/wp-content\/uploads\/2025\/03\/carnaval-vv-16.webp 1000w, https:\/\/digital58.com.ve\/site\/wp-content\/uploads\/2025\/03\/carnaval-vv-16-300x180.webp 300w, https:\/\/digital58.com.ve\/site\/wp-content\/uploads\/2025\/03\/carnaval-vv-16-768x461.webp 768w\" sizes=\"auto, (max-width: 1000px) 100vw, 1000px\" \/><\/a><\/p>\n<p><a href=\"https:\/\/digital58.com.ve\/site\/wp-content\/uploads\/2025\/03\/carnaval-vv-17.webp\"><img loading=\"lazy\" decoding=\"async\" class=\"aligncenter size-full wp-image-184961\" src=\"https:\/\/digital58.com.ve\/site\/wp-content\/uploads\/2025\/03\/carnaval-vv-17.webp\" alt=\"\" width=\"1000\" height=\"600\" srcset=\"https:\/\/digital58.com.ve\/site\/wp-content\/uploads\/2025\/03\/carnaval-vv-17.webp 1000w, https:\/\/digital58.com.ve\/site\/wp-content\/uploads\/2025\/03\/carnaval-vv-17-300x180.webp 300w, https:\/\/digital58.com.ve\/site\/wp-content\/uploads\/2025\/03\/carnaval-vv-17-768x461.webp 768w\" sizes=\"auto, (max-width: 1000px) 100vw, 1000px\" \/><\/a><\/p>\n<p><a href=\"https:\/\/digital58.com.ve\/site\/wp-content\/uploads\/2025\/03\/carnaval-vv-18.webp\"><img loading=\"lazy\" decoding=\"async\" class=\"aligncenter size-full wp-image-184960\" src=\"https:\/\/digital58.com.ve\/site\/wp-content\/uploads\/2025\/03\/carnaval-vv-18.webp\" alt=\"\" width=\"1000\" height=\"600\" srcset=\"https:\/\/digital58.com.ve\/site\/wp-content\/uploads\/2025\/03\/carnaval-vv-18.webp 1000w, https:\/\/digital58.com.ve\/site\/wp-content\/uploads\/2025\/03\/carnaval-vv-18-300x180.webp 300w, https:\/\/digital58.com.ve\/site\/wp-content\/uploads\/2025\/03\/carnaval-vv-18-768x461.webp 768w\" sizes=\"auto, (max-width: 1000px) 100vw, 1000px\" \/><\/a><\/p>\n<p><a href=\"https:\/\/digital58.com.ve\/site\/wp-content\/uploads\/2025\/03\/carnaval-vv-19.webp\"><img loading=\"lazy\" decoding=\"async\" class=\"aligncenter size-full wp-image-184959\" src=\"https:\/\/digital58.com.ve\/site\/wp-content\/uploads\/2025\/03\/carnaval-vv-19.webp\" alt=\"\" width=\"1000\" height=\"600\" srcset=\"https:\/\/digital58.com.ve\/site\/wp-content\/uploads\/2025\/03\/carnaval-vv-19.webp 1000w, https:\/\/digital58.com.ve\/site\/wp-content\/uploads\/2025\/03\/carnaval-vv-19-300x180.webp 300w, https:\/\/digital58.com.ve\/site\/wp-content\/uploads\/2025\/03\/carnaval-vv-19-768x461.webp 768w\" sizes=\"auto, (max-width: 1000px) 100vw, 1000px\" \/><\/a><\/p>\n<p><a href=\"https:\/\/digital58.com.ve\/site\/wp-content\/uploads\/2025\/03\/carnaval-vv-20.webp\"><img loading=\"lazy\" decoding=\"async\" class=\"aligncenter size-full wp-image-184958\" src=\"https:\/\/digital58.com.ve\/site\/wp-content\/uploads\/2025\/03\/carnaval-vv-20.webp\" alt=\"\" width=\"1000\" height=\"600\" srcset=\"https:\/\/digital58.com.ve\/site\/wp-content\/uploads\/2025\/03\/carnaval-vv-20.webp 1000w, https:\/\/digital58.com.ve\/site\/wp-content\/uploads\/2025\/03\/carnaval-vv-20-300x180.webp 300w, https:\/\/digital58.com.ve\/site\/wp-content\/uploads\/2025\/03\/carnaval-vv-20-768x461.webp 768w\" sizes=\"auto, (max-width: 1000px) 100vw, 1000px\" \/><\/a><\/p>\n<p><strong>Redacci\u00f3n ND58 | Fuente: NDP<\/strong><br \/>\n<strong>Edici\u00f3n: Villasmil, Henry<\/strong><br \/>\n<strong>Gr\u00e1ficas y video: Rinc\u00f3n, Estela \/ Corpozulia<\/strong><\/p>\n<p>&nbsp;<\/p>\n<p>&nbsp;<\/p><div class=\"hdpwj69f2711cea3ac\" ><p style=\"text-align: center;\"><a href=\"https:\/\/t.me\/noticiasdigital58\" target=\"_blank\" rel=\"noopener\"><img class=\"aligncenter size-full wp-image-125363\" src=\"https:\/\/digital58.com.ve\/site\/wp-content\/uploads\/2021\/04\/banner-telegram-web-2021.png\" alt=\"\" width=\"600\" height=\"90\" \/><\/a><\/p><\/div><style type=\"text\/css\">\r\n@media screen and (min-width: 1201px) {\r\n.hdpwj69f2711cea3ac {\r\ndisplay: block;\r\n}\r\n}\r\n@media screen and (min-width: 993px) and (max-width: 1200px) {\r\n.hdpwj69f2711cea3ac {\r\ndisplay: block;\r\n}\r\n}\r\n@media screen and (min-width: 769px) and (max-width: 992px) {\r\n.hdpwj69f2711cea3ac {\r\ndisplay: block;\r\n}\r\n}\r\n@media screen and (min-width: 768px) and (max-width: 768px) {\r\n.hdpwj69f2711cea3ac {\r\ndisplay: block;\r\n}\r\n}\r\n@media screen and (max-width: 767px) {\r\n.hdpwj69f2711cea3ac {\r\ndisplay: block;\r\n}\r\n}\r\n<\/style>\r\n\n<p>&nbsp;<\/p>\n<div style=\"margin-top: 0px; margin-bottom: 0px;\" class=\"sharethis-inline-share-buttons\" ><\/div>","protected":false},"excerpt":{"rendered":"<p>La multitudinaria fiesta de carnaval, culmin\u00f3 con un gran concierto en el Parque Rafael Urdaneta. Maracaibo, Zulia, Venezuela, 03 de<\/p>\n","protected":false},"author":1,"featured_media":184958,"comment_status":"open","ping_status":"closed","sticky":false,"template":"","format":"standard","meta":{"colormag_page_container_layout":"default_layout","colormag_page_sidebar_layout":"default_layout","_uag_custom_page_level_css":"","footnotes":""},"categories":[5404,14504],"tags":[34476,34546,14545,34545,73,233,14260,2354,32,761],"class_list":["post-184937","post","type-post","status-publish","format-standard","has-post-thumbnail","hentry","category-turismo","category-zulia","tag-carnavales-2025","tag-carnavales-viva-venezuela","tag-corpozulia","tag-desfile-de-carnaval-2025","tag-maracaibo","tag-nacionales","tag-nestor-reverol","tag-regionales","tag-venezuela","tag-zulia"],"yoast_head":"<!-- This site is optimized with the Yoast SEO plugin v27.5 - https:\/\/yoast.com\/product\/yoast-seo-wordpress\/ -->\n<title>Alegr\u00eda, paz y color en el desfile \u00abCarnavales Viva Venezuela\u00bb en Maracaibo<\/title>\n<meta name=\"description\" content=\"Maracaibo disfrut\u00f3 del desfile \u00abCarnavales Viva Venezuela\u00bb 2025, un evento con m\u00e1s de ocho mil participantes, 24 carrozas y un gran concierto final.\" \/>\n<meta name=\"robots\" content=\"index, follow, max-snippet:-1, max-image-preview:large, max-video-preview:-1\" \/>\n<link rel=\"canonical\" href=\"https:\/\/digital58.com.ve\/site\/2025\/03\/03\/alegria-paz-y-color-en-el-desfile-carnavales-viva-venezuela-en-maracaibo\/\" \/>\n<meta property=\"og:locale\" content=\"es_ES\" \/>\n<meta property=\"og:type\" content=\"article\" \/>\n<meta property=\"og:title\" content=\"Alegr\u00eda, paz y color en el desfile \u00abCarnavales Viva Venezuela\u00bb en Maracaibo\" \/>\n<meta property=\"og:description\" content=\"Maracaibo disfrut\u00f3 del desfile \u00abCarnavales Viva Venezuela\u00bb 2025, un evento con m\u00e1s de ocho mil participantes, 24 carrozas y un gran concierto final.\" \/>\n<meta property=\"og:url\" content=\"https:\/\/digital58.com.ve\/site\/2025\/03\/03\/alegria-paz-y-color-en-el-desfile-carnavales-viva-venezuela-en-maracaibo\/\" \/>\n<meta property=\"og:site_name\" content=\"Noticias Digital58\" \/>\n<meta property=\"article:published_time\" content=\"2025-03-03T20:42:50+00:00\" \/>\n<meta property=\"og:image\" content=\"https:\/\/digital58.com.ve\/site\/wp-content\/uploads\/2025\/03\/carnaval-vv-20.webp\" \/>\n\t<meta property=\"og:image:width\" content=\"1000\" \/>\n\t<meta property=\"og:image:height\" content=\"600\" \/>\n\t<meta property=\"og:image:type\" content=\"image\/webp\" \/>\n<meta name=\"author\" content=\"Villasmil Henry\" \/>\n<meta name=\"twitter:card\" content=\"summary_large_image\" \/>\n<meta name=\"twitter:creator\" content=\"@https:\/\/twitter.com\/villasmilhfoto\" \/>\n<meta name=\"twitter:site\" content=\"@villasmilhfoto\" \/>\n<meta name=\"twitter:label1\" content=\"Escrito por\" \/>\n\t<meta name=\"twitter:data1\" content=\"Villasmil Henry\" \/>\n\t<meta name=\"twitter:label2\" content=\"Tiempo estimado de lectura\" \/>\n\t<meta name=\"twitter:data2\" content=\"7 minutos\" \/>\n<script type=\"application\/ld+json\" class=\"yoast-schema-graph\">{\"@context\":\"https:\\\/\\\/schema.org\",\"@graph\":[{\"@type\":\"Article\",\"@id\":\"https:\\\/\\\/digital58.com.ve\\\/site\\\/2025\\\/03\\\/03\\\/alegria-paz-y-color-en-el-desfile-carnavales-viva-venezuela-en-maracaibo\\\/#article\",\"isPartOf\":{\"@id\":\"https:\\\/\\\/digital58.com.ve\\\/site\\\/2025\\\/03\\\/03\\\/alegria-paz-y-color-en-el-desfile-carnavales-viva-venezuela-en-maracaibo\\\/\"},\"author\":{\"name\":\"Villasmil Henry\",\"@id\":\"https:\\\/\\\/digital58.com.ve\\\/site\\\/#\\\/schema\\\/person\\\/64d1c2e4d0d4fd1b849980c4331c2951\"},\"headline\":\"Alegr\u00eda, paz y color en el desfile \u00abCarnavales Viva Venezuela\u00bb en Maracaibo\",\"datePublished\":\"2025-03-03T20:42:50+00:00\",\"mainEntityOfPage\":{\"@id\":\"https:\\\/\\\/digital58.com.ve\\\/site\\\/2025\\\/03\\\/03\\\/alegria-paz-y-color-en-el-desfile-carnavales-viva-venezuela-en-maracaibo\\\/\"},\"wordCount\":460,\"commentCount\":0,\"publisher\":{\"@id\":\"https:\\\/\\\/digital58.com.ve\\\/site\\\/#\\\/schema\\\/person\\\/64d1c2e4d0d4fd1b849980c4331c2951\"},\"image\":{\"@id\":\"https:\\\/\\\/digital58.com.ve\\\/site\\\/2025\\\/03\\\/03\\\/alegria-paz-y-color-en-el-desfile-carnavales-viva-venezuela-en-maracaibo\\\/#primaryimage\"},\"thumbnailUrl\":\"https:\\\/\\\/digital58.com.ve\\\/site\\\/wp-content\\\/uploads\\\/2025\\\/03\\\/carnaval-vv-20.webp\",\"keywords\":[\"Carnavales 2025\",\"Carnavales Viva Venezuela\",\"Corpozulia\",\"Desfile de Carnaval 2025\",\"Maracaibo\",\"Nacionales\",\"N\u00e9stor Reverol\",\"Regionales\",\"Venezuela\",\"Zulia\"],\"articleSection\":[\"Turismo\",\"Zulia\"],\"inLanguage\":\"es\",\"potentialAction\":[{\"@type\":\"CommentAction\",\"name\":\"Comment\",\"target\":[\"https:\\\/\\\/digital58.com.ve\\\/site\\\/2025\\\/03\\\/03\\\/alegria-paz-y-color-en-el-desfile-carnavales-viva-venezuela-en-maracaibo\\\/#respond\"]}]},{\"@type\":\"WebPage\",\"@id\":\"https:\\\/\\\/digital58.com.ve\\\/site\\\/2025\\\/03\\\/03\\\/alegria-paz-y-color-en-el-desfile-carnavales-viva-venezuela-en-maracaibo\\\/\",\"url\":\"https:\\\/\\\/digital58.com.ve\\\/site\\\/2025\\\/03\\\/03\\\/alegria-paz-y-color-en-el-desfile-carnavales-viva-venezuela-en-maracaibo\\\/\",\"name\":\"Alegr\u00eda, paz y color en el desfile \u00abCarnavales Viva Venezuela\u00bb en Maracaibo\",\"isPartOf\":{\"@id\":\"https:\\\/\\\/digital58.com.ve\\\/site\\\/#website\"},\"primaryImageOfPage\":{\"@id\":\"https:\\\/\\\/digital58.com.ve\\\/site\\\/2025\\\/03\\\/03\\\/alegria-paz-y-color-en-el-desfile-carnavales-viva-venezuela-en-maracaibo\\\/#primaryimage\"},\"image\":{\"@id\":\"https:\\\/\\\/digital58.com.ve\\\/site\\\/2025\\\/03\\\/03\\\/alegria-paz-y-color-en-el-desfile-carnavales-viva-venezuela-en-maracaibo\\\/#primaryimage\"},\"thumbnailUrl\":\"https:\\\/\\\/digital58.com.ve\\\/site\\\/wp-content\\\/uploads\\\/2025\\\/03\\\/carnaval-vv-20.webp\",\"datePublished\":\"2025-03-03T20:42:50+00:00\",\"description\":\"Maracaibo disfrut\u00f3 del desfile \u00abCarnavales Viva Venezuela\u00bb 2025, un evento con m\u00e1s de ocho mil participantes, 24 carrozas y un gran concierto final.\",\"breadcrumb\":{\"@id\":\"https:\\\/\\\/digital58.com.ve\\\/site\\\/2025\\\/03\\\/03\\\/alegria-paz-y-color-en-el-desfile-carnavales-viva-venezuela-en-maracaibo\\\/#breadcrumb\"},\"inLanguage\":\"es\",\"potentialAction\":[{\"@type\":\"ReadAction\",\"target\":[\"https:\\\/\\\/digital58.com.ve\\\/site\\\/2025\\\/03\\\/03\\\/alegria-paz-y-color-en-el-desfile-carnavales-viva-venezuela-en-maracaibo\\\/\"]}]},{\"@type\":\"ImageObject\",\"inLanguage\":\"es\",\"@id\":\"https:\\\/\\\/digital58.com.ve\\\/site\\\/2025\\\/03\\\/03\\\/alegria-paz-y-color-en-el-desfile-carnavales-viva-venezuela-en-maracaibo\\\/#primaryimage\",\"url\":\"https:\\\/\\\/digital58.com.ve\\\/site\\\/wp-content\\\/uploads\\\/2025\\\/03\\\/carnaval-vv-20.webp\",\"contentUrl\":\"https:\\\/\\\/digital58.com.ve\\\/site\\\/wp-content\\\/uploads\\\/2025\\\/03\\\/carnaval-vv-20.webp\",\"width\":1000,\"height\":600},{\"@type\":\"BreadcrumbList\",\"@id\":\"https:\\\/\\\/digital58.com.ve\\\/site\\\/2025\\\/03\\\/03\\\/alegria-paz-y-color-en-el-desfile-carnavales-viva-venezuela-en-maracaibo\\\/#breadcrumb\",\"itemListElement\":[{\"@type\":\"ListItem\",\"position\":1,\"name\":\"Home\",\"item\":\"https:\\\/\\\/digital58.com.ve\\\/site\\\/\"},{\"@type\":\"ListItem\",\"position\":2,\"name\":\"Alegr\u00eda, paz y color en el desfile \u00abCarnavales Viva Venezuela\u00bb en Maracaibo\"}]},{\"@type\":\"WebSite\",\"@id\":\"https:\\\/\\\/digital58.com.ve\\\/site\\\/#website\",\"url\":\"https:\\\/\\\/digital58.com.ve\\\/site\\\/\",\"name\":\"Noticias Digital58\",\"description\":\"Portal de Noticias \u00a1Periodismo web de verdad! Lanzamiento web 22.11.2005 \\\/ Maracaibo, Venezuela\",\"publisher\":{\"@id\":\"https:\\\/\\\/digital58.com.ve\\\/site\\\/#\\\/schema\\\/person\\\/64d1c2e4d0d4fd1b849980c4331c2951\"},\"alternateName\":\"ND58\",\"potentialAction\":[{\"@type\":\"SearchAction\",\"target\":{\"@type\":\"EntryPoint\",\"urlTemplate\":\"https:\\\/\\\/digital58.com.ve\\\/site\\\/?s={search_term_string}\"},\"query-input\":{\"@type\":\"PropertyValueSpecification\",\"valueRequired\":true,\"valueName\":\"search_term_string\"}}],\"inLanguage\":\"es\"},{\"@type\":[\"Person\",\"Organization\"],\"@id\":\"https:\\\/\\\/digital58.com.ve\\\/site\\\/#\\\/schema\\\/person\\\/64d1c2e4d0d4fd1b849980c4331c2951\",\"name\":\"Villasmil Henry\",\"image\":{\"@type\":\"ImageObject\",\"inLanguage\":\"es\",\"@id\":\"https:\\\/\\\/secure.gravatar.com\\\/avatar\\\/bb0c4a2fcb7970138239f7e404ea75757b1b507b28b5ce4c53fbd62d797c5a7c?s=96&d=mm&r=g\",\"url\":\"https:\\\/\\\/secure.gravatar.com\\\/avatar\\\/bb0c4a2fcb7970138239f7e404ea75757b1b507b28b5ce4c53fbd62d797c5a7c?s=96&d=mm&r=g\",\"contentUrl\":\"https:\\\/\\\/secure.gravatar.com\\\/avatar\\\/bb0c4a2fcb7970138239f7e404ea75757b1b507b28b5ce4c53fbd62d797c5a7c?s=96&d=mm&r=g\",\"caption\":\"Villasmil Henry\"},\"logo\":{\"@id\":\"https:\\\/\\\/secure.gravatar.com\\\/avatar\\\/bb0c4a2fcb7970138239f7e404ea75757b1b507b28b5ce4c53fbd62d797c5a7c?s=96&d=mm&r=g\"},\"sameAs\":[\"http:\\\/\\\/www.henryvillasmil.com.ve\",\"https:\\\/\\\/www.instagram.com\\\/villasmilhfoto\\\/\",\"https:\\\/\\\/x.com\\\/https:\\\/\\\/twitter.com\\\/villasmilhfoto\"],\"url\":\"https:\\\/\\\/digital58.com.ve\\\/site\\\/author\\\/droopy_68\\\/\"}]}<\/script>\n<!-- \/ Yoast SEO plugin. -->","yoast_head_json":{"title":"Alegr\u00eda, paz y color en el desfile \u00abCarnavales Viva Venezuela\u00bb en Maracaibo","description":"Maracaibo disfrut\u00f3 del desfile \u00abCarnavales Viva Venezuela\u00bb 2025, un evento con m\u00e1s de ocho mil participantes, 24 carrozas y un gran concierto final.","robots":{"index":"index","follow":"follow","max-snippet":"max-snippet:-1","max-image-preview":"max-image-preview:large","max-video-preview":"max-video-preview:-1"},"canonical":"https:\/\/digital58.com.ve\/site\/2025\/03\/03\/alegria-paz-y-color-en-el-desfile-carnavales-viva-venezuela-en-maracaibo\/","og_locale":"es_ES","og_type":"article","og_title":"Alegr\u00eda, paz y color en el desfile \u00abCarnavales Viva Venezuela\u00bb en Maracaibo","og_description":"Maracaibo disfrut\u00f3 del desfile \u00abCarnavales Viva Venezuela\u00bb 2025, un evento con m\u00e1s de ocho mil participantes, 24 carrozas y un gran concierto final.","og_url":"https:\/\/digital58.com.ve\/site\/2025\/03\/03\/alegria-paz-y-color-en-el-desfile-carnavales-viva-venezuela-en-maracaibo\/","og_site_name":"Noticias Digital58","article_published_time":"2025-03-03T20:42:50+00:00","og_image":[{"width":1000,"height":600,"url":"https:\/\/digital58.com.ve\/site\/wp-content\/uploads\/2025\/03\/carnaval-vv-20.webp","type":"image\/webp"}],"author":"Villasmil Henry","twitter_card":"summary_large_image","twitter_creator":"@https:\/\/twitter.com\/villasmilhfoto","twitter_site":"@villasmilhfoto","twitter_misc":{"Escrito por":"Villasmil Henry","Tiempo estimado de lectura":"7 minutos"},"schema":{"@context":"https:\/\/schema.org","@graph":[{"@type":"Article","@id":"https:\/\/digital58.com.ve\/site\/2025\/03\/03\/alegria-paz-y-color-en-el-desfile-carnavales-viva-venezuela-en-maracaibo\/#article","isPartOf":{"@id":"https:\/\/digital58.com.ve\/site\/2025\/03\/03\/alegria-paz-y-color-en-el-desfile-carnavales-viva-venezuela-en-maracaibo\/"},"author":{"name":"Villasmil Henry","@id":"https:\/\/digital58.com.ve\/site\/#\/schema\/person\/64d1c2e4d0d4fd1b849980c4331c2951"},"headline":"Alegr\u00eda, paz y color en el desfile \u00abCarnavales Viva Venezuela\u00bb en Maracaibo","datePublished":"2025-03-03T20:42:50+00:00","mainEntityOfPage":{"@id":"https:\/\/digital58.com.ve\/site\/2025\/03\/03\/alegria-paz-y-color-en-el-desfile-carnavales-viva-venezuela-en-maracaibo\/"},"wordCount":460,"commentCount":0,"publisher":{"@id":"https:\/\/digital58.com.ve\/site\/#\/schema\/person\/64d1c2e4d0d4fd1b849980c4331c2951"},"image":{"@id":"https:\/\/digital58.com.ve\/site\/2025\/03\/03\/alegria-paz-y-color-en-el-desfile-carnavales-viva-venezuela-en-maracaibo\/#primaryimage"},"thumbnailUrl":"https:\/\/digital58.com.ve\/site\/wp-content\/uploads\/2025\/03\/carnaval-vv-20.webp","keywords":["Carnavales 2025","Carnavales Viva Venezuela","Corpozulia","Desfile de Carnaval 2025","Maracaibo","Nacionales","N\u00e9stor Reverol","Regionales","Venezuela","Zulia"],"articleSection":["Turismo","Zulia"],"inLanguage":"es","potentialAction":[{"@type":"CommentAction","name":"Comment","target":["https:\/\/digital58.com.ve\/site\/2025\/03\/03\/alegria-paz-y-color-en-el-desfile-carnavales-viva-venezuela-en-maracaibo\/#respond"]}]},{"@type":"WebPage","@id":"https:\/\/digital58.com.ve\/site\/2025\/03\/03\/alegria-paz-y-color-en-el-desfile-carnavales-viva-venezuela-en-maracaibo\/","url":"https:\/\/digital58.com.ve\/site\/2025\/03\/03\/alegria-paz-y-color-en-el-desfile-carnavales-viva-venezuela-en-maracaibo\/","name":"Alegr\u00eda, paz y color en el desfile \u00abCarnavales Viva Venezuela\u00bb en Maracaibo","isPartOf":{"@id":"https:\/\/digital58.com.ve\/site\/#website"},"primaryImageOfPage":{"@id":"https:\/\/digital58.com.ve\/site\/2025\/03\/03\/alegria-paz-y-color-en-el-desfile-carnavales-viva-venezuela-en-maracaibo\/#primaryimage"},"image":{"@id":"https:\/\/digital58.com.ve\/site\/2025\/03\/03\/alegria-paz-y-color-en-el-desfile-carnavales-viva-venezuela-en-maracaibo\/#primaryimage"},"thumbnailUrl":"https:\/\/digital58.com.ve\/site\/wp-content\/uploads\/2025\/03\/carnaval-vv-20.webp","datePublished":"2025-03-03T20:42:50+00:00","description":"Maracaibo disfrut\u00f3 del desfile \u00abCarnavales Viva Venezuela\u00bb 2025, un evento con m\u00e1s de ocho mil participantes, 24 carrozas y un gran concierto final.","breadcrumb":{"@id":"https:\/\/digital58.com.ve\/site\/2025\/03\/03\/alegria-paz-y-color-en-el-desfile-carnavales-viva-venezuela-en-maracaibo\/#breadcrumb"},"inLanguage":"es","potentialAction":[{"@type":"ReadAction","target":["https:\/\/digital58.com.ve\/site\/2025\/03\/03\/alegria-paz-y-color-en-el-desfile-carnavales-viva-venezuela-en-maracaibo\/"]}]},{"@type":"ImageObject","inLanguage":"es","@id":"https:\/\/digital58.com.ve\/site\/2025\/03\/03\/alegria-paz-y-color-en-el-desfile-carnavales-viva-venezuela-en-maracaibo\/#primaryimage","url":"https:\/\/digital58.com.ve\/site\/wp-content\/uploads\/2025\/03\/carnaval-vv-20.webp","contentUrl":"https:\/\/digital58.com.ve\/site\/wp-content\/uploads\/2025\/03\/carnaval-vv-20.webp","width":1000,"height":600},{"@type":"BreadcrumbList","@id":"https:\/\/digital58.com.ve\/site\/2025\/03\/03\/alegria-paz-y-color-en-el-desfile-carnavales-viva-venezuela-en-maracaibo\/#breadcrumb","itemListElement":[{"@type":"ListItem","position":1,"name":"Home","item":"https:\/\/digital58.com.ve\/site\/"},{"@type":"ListItem","position":2,"name":"Alegr\u00eda, paz y color en el desfile \u00abCarnavales Viva Venezuela\u00bb en Maracaibo"}]},{"@type":"WebSite","@id":"https:\/\/digital58.com.ve\/site\/#website","url":"https:\/\/digital58.com.ve\/site\/","name":"Noticias Digital58","description":"Portal de Noticias \u00a1Periodismo web de verdad! Lanzamiento web 22.11.2005 \/ Maracaibo, Venezuela","publisher":{"@id":"https:\/\/digital58.com.ve\/site\/#\/schema\/person\/64d1c2e4d0d4fd1b849980c4331c2951"},"alternateName":"ND58","potentialAction":[{"@type":"SearchAction","target":{"@type":"EntryPoint","urlTemplate":"https:\/\/digital58.com.ve\/site\/?s={search_term_string}"},"query-input":{"@type":"PropertyValueSpecification","valueRequired":true,"valueName":"search_term_string"}}],"inLanguage":"es"},{"@type":["Person","Organization"],"@id":"https:\/\/digital58.com.ve\/site\/#\/schema\/person\/64d1c2e4d0d4fd1b849980c4331c2951","name":"Villasmil Henry","image":{"@type":"ImageObject","inLanguage":"es","@id":"https:\/\/secure.gravatar.com\/avatar\/bb0c4a2fcb7970138239f7e404ea75757b1b507b28b5ce4c53fbd62d797c5a7c?s=96&d=mm&r=g","url":"https:\/\/secure.gravatar.com\/avatar\/bb0c4a2fcb7970138239f7e404ea75757b1b507b28b5ce4c53fbd62d797c5a7c?s=96&d=mm&r=g","contentUrl":"https:\/\/secure.gravatar.com\/avatar\/bb0c4a2fcb7970138239f7e404ea75757b1b507b28b5ce4c53fbd62d797c5a7c?s=96&d=mm&r=g","caption":"Villasmil Henry"},"logo":{"@id":"https:\/\/secure.gravatar.com\/avatar\/bb0c4a2fcb7970138239f7e404ea75757b1b507b28b5ce4c53fbd62d797c5a7c?s=96&d=mm&r=g"},"sameAs":["http:\/\/www.henryvillasmil.com.ve","https:\/\/www.instagram.com\/villasmilhfoto\/","https:\/\/x.com\/https:\/\/twitter.com\/villasmilhfoto"],"url":"https:\/\/digital58.com.ve\/site\/author\/droopy_68\/"}]}},"uagb_featured_image_src":{"full":["https:\/\/digital58.com.ve\/site\/wp-content\/uploads\/2025\/03\/carnaval-vv-20.webp",1000,600,false],"thumbnail":["https:\/\/digital58.com.ve\/site\/wp-content\/uploads\/2025\/03\/carnaval-vv-20-150x150.webp",150,150,true],"medium":["https:\/\/digital58.com.ve\/site\/wp-content\/uploads\/2025\/03\/carnaval-vv-20-300x180.webp",300,180,true],"medium_large":["https:\/\/digital58.com.ve\/site\/wp-content\/uploads\/2025\/03\/carnaval-vv-20-768x461.webp",768,461,true],"large":["https:\/\/digital58.com.ve\/site\/wp-content\/uploads\/2025\/03\/carnaval-vv-20.webp",800,480,false],"1536x1536":["https:\/\/digital58.com.ve\/site\/wp-content\/uploads\/2025\/03\/carnaval-vv-20.webp",1000,600,false],"2048x2048":["https:\/\/digital58.com.ve\/site\/wp-content\/uploads\/2025\/03\/carnaval-vv-20.webp",1000,600,false],"colormag-highlighted-post":["https:\/\/digital58.com.ve\/site\/wp-content\/uploads\/2025\/03\/carnaval-vv-20-392x272.webp",392,272,true],"colormag-featured-post-medium":["https:\/\/digital58.com.ve\/site\/wp-content\/uploads\/2025\/03\/carnaval-vv-20-390x205.webp",390,205,true],"colormag-featured-post-small":["https:\/\/digital58.com.ve\/site\/wp-content\/uploads\/2025\/03\/carnaval-vv-20-130x90.webp",130,90,true],"colormag-featured-image":["https:\/\/digital58.com.ve\/site\/wp-content\/uploads\/2025\/03\/carnaval-vv-20-800x445.webp",800,445,true],"colormag-default-news":["https:\/\/digital58.com.ve\/site\/wp-content\/uploads\/2025\/03\/carnaval-vv-20-150x150.webp",150,150,true],"colormag-featured-image-large":["https:\/\/digital58.com.ve\/site\/wp-content\/uploads\/2025\/03\/carnaval-vv-20.webp",1000,600,false]},"uagb_author_info":{"display_name":"Villasmil Henry","author_link":"https:\/\/digital58.com.ve\/site\/author\/droopy_68\/"},"uagb_comment_info":0,"uagb_excerpt":"La multitudinaria fiesta de carnaval, culmin\u00f3 con un gran concierto en el Parque Rafael Urdaneta. Maracaibo, Zulia, Venezuela, 03 de","_links":{"self":[{"href":"https:\/\/digital58.com.ve\/site\/wp-json\/wp\/v2\/posts\/184937","targetHints":{"allow":["GET"]}}],"collection":[{"href":"https:\/\/digital58.com.ve\/site\/wp-json\/wp\/v2\/posts"}],"about":[{"href":"https:\/\/digital58.com.ve\/site\/wp-json\/wp\/v2\/types\/post"}],"author":[{"embeddable":true,"href":"https:\/\/digital58.com.ve\/site\/wp-json\/wp\/v2\/users\/1"}],"replies":[{"embeddable":true,"href":"https:\/\/digital58.com.ve\/site\/wp-json\/wp\/v2\/comments?post=184937"}],"version-history":[{"count":2,"href":"https:\/\/digital58.com.ve\/site\/wp-json\/wp\/v2\/posts\/184937\/revisions"}],"predecessor-version":[{"id":184978,"href":"https:\/\/digital58.com.ve\/site\/wp-json\/wp\/v2\/posts\/184937\/revisions\/184978"}],"wp:featuredmedia":[{"embeddable":true,"href":"https:\/\/digital58.com.ve\/site\/wp-json\/wp\/v2\/media\/184958"}],"wp:attachment":[{"href":"https:\/\/digital58.com.ve\/site\/wp-json\/wp\/v2\/media?parent=184937"}],"wp:term":[{"taxonomy":"category","embeddable":true,"href":"https:\/\/digital58.com.ve\/site\/wp-json\/wp\/v2\/categories?post=184937"},{"taxonomy":"post_tag","embeddable":true,"href":"https:\/\/digital58.com.ve\/site\/wp-json\/wp\/v2\/tags?post=184937"}],"curies":[{"name":"wp","href":"https:\/\/api.w.org\/{rel}","templated":true}]}}