{"id":185449,"date":"2025-03-14T16:34:08","date_gmt":"2025-03-14T20:34:08","guid":{"rendered":"https:\/\/digital58.com.ve\/site\/?p=185449"},"modified":"2025-03-14T16:34:08","modified_gmt":"2025-03-14T20:34:08","slug":"arranca-la-copa-avec-maracaibo-2025-con-19-colegios-participantes","status":"publish","type":"post","link":"https:\/\/digital58.com.ve\/site\/2025\/03\/14\/arranca-la-copa-avec-maracaibo-2025-con-19-colegios-participantes\/","title":{"rendered":"Arranca la Copa AVEC Maracaibo 2025 con 19 colegios participantes"},"content":{"rendered":"<p><a href=\"https:\/\/digital58.com.ve\/site\/wp-content\/uploads\/2025\/03\/Copa-AVEC-Maracaibo-2025-2.webp\"><img loading=\"lazy\" decoding=\"async\" class=\"aligncenter size-full wp-image-185452\" src=\"https:\/\/digital58.com.ve\/site\/wp-content\/uploads\/2025\/03\/Copa-AVEC-Maracaibo-2025-2.webp\" alt=\"\" width=\"900\" height=\"600\" srcset=\"https:\/\/digital58.com.ve\/site\/wp-content\/uploads\/2025\/03\/Copa-AVEC-Maracaibo-2025-2.webp 900w, https:\/\/digital58.com.ve\/site\/wp-content\/uploads\/2025\/03\/Copa-AVEC-Maracaibo-2025-2-300x200.webp 300w, https:\/\/digital58.com.ve\/site\/wp-content\/uploads\/2025\/03\/Copa-AVEC-Maracaibo-2025-2-768x512.webp 768w\" sizes=\"auto, (max-width: 900px) 100vw, 900px\" \/><\/a><\/p>\n<blockquote><p>El torneo intercolegial celebra los 80 a\u00f1os de la AVEC y los 50 del Instituto Ni\u00f1os Cantores del Zulia.<\/p><\/blockquote>\n<p><strong>Maracaibo, Zulia, Venezuela, 14 de marzo de 2025 (ND58).-<\/strong> Con la participaci\u00f3n de 19 colegios cat\u00f3licos del estado Zulia, inici\u00f3 la Copa AVEC Maracaibo 2025, un torneo de f\u00fatbol intercolegial que conmemora los aniversarios de la Asociaci\u00f3n Venezolana de Educaci\u00f3n Cat\u00f3lica (AVEC) y el Instituto Ni\u00f1os Cantores del Zulia.<\/p>\n<p>La inauguraci\u00f3n se llev\u00f3 a cabo este 14 de marzo en el Centro de Entrenamiento del Deportivo Rayo Zuliano.<\/p>\n<h2>Deporte y educaci\u00f3n<\/h2>\n<p>La Copa AVEC Maracaibo 2025 dio inicio este viernes 14 de marzo en el Centro de Entrenamiento del Deportivo Rayo Zuliano, conocido como \u00abLa Casa de los Sue\u00f1os\u00bb, ubicado en la urbanizaci\u00f3n La Paz de Maracaibo.<\/p>\n<p>En un ambiente de entusiasmo y hermandad, los equipos representantes de 19 colegios cat\u00f3licos desfilaron al ritmo de la Banda Show Regina Coeli, dando apertura a la competencia.<\/p>\n<p>El torneo se disputar\u00e1 hasta el 25 de abril, con encuentros programados en distintos escenarios deportivos de la regi\u00f3n zuliana.<\/p>\n<p>La iniciativa busca fortalecer la sana competencia, el trabajo en equipo y los valores cristianos entre los estudiantes afiliados a la AVEC.<\/p>\n<p><a href=\"https:\/\/digital58.com.ve\/site\/wp-content\/uploads\/2025\/03\/Copa-AVEC-Maracaibo-2025-4.webp\"><img loading=\"lazy\" decoding=\"async\" class=\"aligncenter size-full wp-image-185450\" src=\"https:\/\/digital58.com.ve\/site\/wp-content\/uploads\/2025\/03\/Copa-AVEC-Maracaibo-2025-4.webp\" alt=\"\" width=\"900\" height=\"600\" srcset=\"https:\/\/digital58.com.ve\/site\/wp-content\/uploads\/2025\/03\/Copa-AVEC-Maracaibo-2025-4.webp 900w, https:\/\/digital58.com.ve\/site\/wp-content\/uploads\/2025\/03\/Copa-AVEC-Maracaibo-2025-4-300x200.webp 300w, https:\/\/digital58.com.ve\/site\/wp-content\/uploads\/2025\/03\/Copa-AVEC-Maracaibo-2025-4-768x512.webp 768w\" sizes=\"auto, (max-width: 900px) 100vw, 900px\" \/><\/a><\/p>\n<h2>Voces de la inauguraci\u00f3n<\/h2>\n<p>Durante el acto inaugural, Vicky Villavicencio, presidenta de la AVEC, destac\u00f3 la importancia del evento: <strong>\u00abHa sido un evento maravilloso. La alegr\u00eda y el entusiasmo han sido contagiosos, y podemos decir que este cumplea\u00f1os es una celebraci\u00f3n excelente\u00bb.<\/strong><\/p>\n<p>Por su parte, el presb\u00edtero Richard Colmenares, director del Instituto Ni\u00f1os Cantores del Zulia, enfatiz\u00f3 el impacto del torneo en la formaci\u00f3n de los j\u00f3venes: <strong>\u00abTrabajamos para que todos estos muchachos y muchachas tengan oportunidades como esta. La AVEC busca alternativas para su desarrollo, y esta es una de ellas\u00bb.<\/strong><\/p>\n<p>El diputado Fidel Madro\u00f1ero, director de las categor\u00edas menores del Deportivo Rayo Zuliano, tambi\u00e9n particip\u00f3 en la ceremonia, se\u00f1alando: <strong>\u00abEn tiempos de preparaci\u00f3n, como la Cuaresma, la AVEC ha decidido prepararse f\u00edsicamente, porque el deporte tambi\u00e9n es parte del crecimiento integral\u00bb.<\/strong><\/p>\n<p><a href=\"https:\/\/digital58.com.ve\/site\/wp-content\/uploads\/2025\/03\/Copa-AVEC-Maracaibo-2025-1.webp\"><img loading=\"lazy\" decoding=\"async\" class=\"aligncenter size-full wp-image-185453\" src=\"https:\/\/digital58.com.ve\/site\/wp-content\/uploads\/2025\/03\/Copa-AVEC-Maracaibo-2025-1.webp\" alt=\"\" width=\"900\" height=\"600\" srcset=\"https:\/\/digital58.com.ve\/site\/wp-content\/uploads\/2025\/03\/Copa-AVEC-Maracaibo-2025-1.webp 900w, https:\/\/digital58.com.ve\/site\/wp-content\/uploads\/2025\/03\/Copa-AVEC-Maracaibo-2025-1-300x200.webp 300w, https:\/\/digital58.com.ve\/site\/wp-content\/uploads\/2025\/03\/Copa-AVEC-Maracaibo-2025-1-768x512.webp 768w\" sizes=\"auto, (max-width: 900px) 100vw, 900px\" \/><\/a><\/p>\n<h2>Primeros encuentros de la competencia<\/h2>\n<p>La jornada inaugural del torneo estuvo marcada por el debut de los equipos del Colegio Ender \u00c1vila y el Colegio San Isidro Labrador, provenientes de los municipios Guajira y Mara, respectivamente.<\/p>\n<p>Con este primer partido, se dio inicio a una serie de encuentros en los que los j\u00f3venes deportistas demostrar\u00e1n su talento y compromiso dentro del campo.<\/p>\n<p>La Copa AVEC Maracaibo 2025 no solo celebra el deporte, sino tambi\u00e9n el compromiso de las instituciones educativas con la formaci\u00f3n integral de sus estudiantes, promoviendo valores de disciplina, fraternidad y excelencia acad\u00e9mica.<\/p>\n<p><a href=\"https:\/\/digital58.com.ve\/site\/wp-content\/uploads\/2025\/03\/Copa-AVEC-Maracaibo-2025-3.webp\"><img loading=\"lazy\" decoding=\"async\" class=\"aligncenter size-full wp-image-185451\" src=\"https:\/\/digital58.com.ve\/site\/wp-content\/uploads\/2025\/03\/Copa-AVEC-Maracaibo-2025-3.webp\" alt=\"\" width=\"900\" height=\"600\" srcset=\"https:\/\/digital58.com.ve\/site\/wp-content\/uploads\/2025\/03\/Copa-AVEC-Maracaibo-2025-3.webp 900w, https:\/\/digital58.com.ve\/site\/wp-content\/uploads\/2025\/03\/Copa-AVEC-Maracaibo-2025-3-300x200.webp 300w, https:\/\/digital58.com.ve\/site\/wp-content\/uploads\/2025\/03\/Copa-AVEC-Maracaibo-2025-3-768x512.webp 768w\" sizes=\"auto, (max-width: 900px) 100vw, 900px\" \/><\/a><\/p>\n<p><strong>Redacci\u00f3n ND58 | Fuente: NDP<\/strong><br \/>\n<strong>Edici\u00f3n: Villasmil, Henry<\/strong><br \/>\n<strong>Gr\u00e1ficas: Cortes\u00eda Prensa Rayo Zuliano<\/strong><\/p>\n<p>&nbsp;<\/p><div class=\"jwoyt6a9c348497493\" ><p style=\"text-align: center;\"><a href=\"https:\/\/t.me\/noticiasdigital58\" target=\"_blank\" rel=\"noopener\"><img class=\"aligncenter size-full wp-image-125363\" src=\"https:\/\/digital58.com.ve\/site\/wp-content\/uploads\/2021\/04\/banner-telegram-web-2021.png\" alt=\"\" width=\"600\" height=\"90\" \/><\/a><\/p><\/div><style type=\"text\/css\">\r\n@media screen and (min-width: 1201px) {\r\n.jwoyt6a9c348497493 {\r\ndisplay: block;\r\n}\r\n}\r\n@media screen and (min-width: 993px) and (max-width: 1200px) {\r\n.jwoyt6a9c348497493 {\r\ndisplay: block;\r\n}\r\n}\r\n@media screen and (min-width: 769px) and (max-width: 992px) {\r\n.jwoyt6a9c348497493 {\r\ndisplay: block;\r\n}\r\n}\r\n@media screen and (min-width: 768px) and (max-width: 768px) {\r\n.jwoyt6a9c348497493 {\r\ndisplay: block;\r\n}\r\n}\r\n@media screen and (max-width: 767px) {\r\n.jwoyt6a9c348497493 {\r\ndisplay: block;\r\n}\r\n}\r\n<\/style>\r\n\n<p>&nbsp;<\/p>\n<div style=\"margin-top: 0px; margin-bottom: 0px;\" class=\"sharethis-inline-share-buttons\" ><\/div>","protected":false},"excerpt":{"rendered":"<p>El torneo intercolegial celebra los 80 a\u00f1os de la AVEC y los 50 del Instituto Ni\u00f1os Cantores del Zulia. Maracaibo,<\/p>\n","protected":false},"author":1,"featured_media":185453,"comment_status":"open","ping_status":"closed","sticky":false,"template":"","format":"standard","meta":{"colormag_page_container_layout":"default_layout","colormag_page_sidebar_layout":"default_layout","_uag_custom_page_level_css":"","footnotes":""},"categories":[5402],"tags":[25204,34606,25104,13,477,14,73,233,34605,2354,4215,226,34604,32],"class_list":["post-185449","post","type-post","status-publish","format-standard","has-post-thumbnail","hentry","category-deportes","tag-asociacion-venezolana-de-educacion-catolica","tag-avec","tag-deportivo-rayo-zuliano","tag-futbol","tag-futbol-infantil","tag-futbol-venezolano","tag-maracaibo","tag-nacionales","tag-rayo-escuela","tag-regionales","tag-san-francisco","tag-sub-16","tag-torneo-intercolegial-avec-maracaibo-2025","tag-venezuela"],"yoast_head":"<!-- This site is optimized with the Yoast SEO plugin v28.4 - https:\/\/yoast.com\/product\/yoast-seo-wordpress\/ -->\n<title>Arranca la Copa AVEC Maracaibo 2025 con 19 colegios participantes<\/title>\n<meta name=\"description\" content=\"Con la participaci\u00f3n de 19 colegios cat\u00f3licos del estado Zulia, inici\u00f3 con total \u00e9xito la Copa AVEC en la capital zuliana.\" \/>\n<meta name=\"robots\" content=\"index, follow, max-snippet:-1, max-image-preview:large, max-video-preview:-1\" \/>\n<link rel=\"canonical\" href=\"https:\/\/digital58.com.ve\/site\/2025\/03\/14\/arranca-la-copa-avec-maracaibo-2025-con-19-colegios-participantes\/\" \/>\n<meta property=\"og:locale\" content=\"es_ES\" \/>\n<meta property=\"og:type\" content=\"article\" \/>\n<meta property=\"og:title\" content=\"Arranca la Copa AVEC Maracaibo 2025 con 19 colegios participantes\" \/>\n<meta property=\"og:description\" content=\"Con la participaci\u00f3n de 19 colegios cat\u00f3licos del estado Zulia, inici\u00f3 con total \u00e9xito la Copa AVEC en la capital zuliana.\" \/>\n<meta property=\"og:url\" content=\"https:\/\/digital58.com.ve\/site\/2025\/03\/14\/arranca-la-copa-avec-maracaibo-2025-con-19-colegios-participantes\/\" \/>\n<meta property=\"og:site_name\" content=\"Noticias Digital58\" \/>\n<meta property=\"article:published_time\" content=\"2025-03-14T20:34:08+00:00\" \/>\n<meta property=\"og:image\" content=\"https:\/\/digital58.com.ve\/site\/wp-content\/uploads\/2025\/03\/Copa-AVEC-Maracaibo-2025-1.webp\" \/>\n\t<meta property=\"og:image:width\" content=\"900\" \/>\n\t<meta property=\"og:image:height\" content=\"600\" \/>\n\t<meta property=\"og:image:type\" content=\"image\/webp\" \/>\n<meta name=\"author\" content=\"Villasmil Henry\" \/>\n<meta name=\"twitter:card\" content=\"summary_large_image\" \/>\n<meta name=\"twitter:creator\" content=\"@https:\/\/twitter.com\/villasmilhfoto\" \/>\n<meta name=\"twitter:site\" content=\"@villasmilhfoto\" \/>\n<meta name=\"twitter:label1\" content=\"Escrito por\" \/>\n\t<meta name=\"twitter:data1\" content=\"Villasmil Henry\" \/>\n\t<meta name=\"twitter:label2\" content=\"Tiempo estimado de lectura\" \/>\n\t<meta name=\"twitter:data2\" content=\"3 minutos\" \/>\n<script type=\"application\/ld+json\" class=\"yoast-schema-graph\">{\"@context\":\"https:\\\/\\\/schema.org\",\"@graph\":[{\"@type\":\"Article\",\"@id\":\"https:\\\/\\\/digital58.com.ve\\\/site\\\/2025\\\/03\\\/14\\\/arranca-la-copa-avec-maracaibo-2025-con-19-colegios-participantes\\\/#article\",\"isPartOf\":{\"@id\":\"https:\\\/\\\/digital58.com.ve\\\/site\\\/2025\\\/03\\\/14\\\/arranca-la-copa-avec-maracaibo-2025-con-19-colegios-participantes\\\/\"},\"author\":{\"name\":\"Villasmil Henry\",\"@id\":\"https:\\\/\\\/digital58.com.ve\\\/site\\\/#\\\/schema\\\/person\\\/64d1c2e4d0d4fd1b849980c4331c2951\"},\"headline\":\"Arranca la Copa AVEC Maracaibo 2025 con 19 colegios participantes\",\"datePublished\":\"2025-03-14T20:34:08+00:00\",\"mainEntityOfPage\":{\"@id\":\"https:\\\/\\\/digital58.com.ve\\\/site\\\/2025\\\/03\\\/14\\\/arranca-la-copa-avec-maracaibo-2025-con-19-colegios-participantes\\\/\"},\"wordCount\":474,\"commentCount\":0,\"publisher\":{\"@id\":\"https:\\\/\\\/digital58.com.ve\\\/site\\\/#\\\/schema\\\/person\\\/64d1c2e4d0d4fd1b849980c4331c2951\"},\"image\":{\"@id\":\"https:\\\/\\\/digital58.com.ve\\\/site\\\/2025\\\/03\\\/14\\\/arranca-la-copa-avec-maracaibo-2025-con-19-colegios-participantes\\\/#primaryimage\"},\"thumbnailUrl\":\"https:\\\/\\\/digital58.com.ve\\\/site\\\/wp-content\\\/uploads\\\/2025\\\/03\\\/Copa-AVEC-Maracaibo-2025-1.webp\",\"keywords\":[\"Asociaci\u00f3n Venezolana de Educaci\u00f3n Cat\u00f3lica\",\"AVEC\",\"Deportivo Rayo Zuliano\",\"F\u00fatbol\",\"F\u00fatbol Infantil\",\"F\u00fatbol Venezolano\",\"Maracaibo\",\"Nacionales\",\"Rayo Escuela\",\"Regionales\",\"San Francisco\",\"Sub-16\",\"Torneo Intercolegial AVEC Maracaibo 2025\",\"Venezuela\"],\"articleSection\":[\"Deportes\"],\"inLanguage\":\"es\",\"potentialAction\":[{\"@type\":\"CommentAction\",\"name\":\"Comment\",\"target\":[\"https:\\\/\\\/digital58.com.ve\\\/site\\\/2025\\\/03\\\/14\\\/arranca-la-copa-avec-maracaibo-2025-con-19-colegios-participantes\\\/#respond\"]}]},{\"@type\":\"WebPage\",\"@id\":\"https:\\\/\\\/digital58.com.ve\\\/site\\\/2025\\\/03\\\/14\\\/arranca-la-copa-avec-maracaibo-2025-con-19-colegios-participantes\\\/\",\"url\":\"https:\\\/\\\/digital58.com.ve\\\/site\\\/2025\\\/03\\\/14\\\/arranca-la-copa-avec-maracaibo-2025-con-19-colegios-participantes\\\/\",\"name\":\"Arranca la Copa AVEC Maracaibo 2025 con 19 colegios participantes\",\"isPartOf\":{\"@id\":\"https:\\\/\\\/digital58.com.ve\\\/site\\\/#website\"},\"primaryImageOfPage\":{\"@id\":\"https:\\\/\\\/digital58.com.ve\\\/site\\\/2025\\\/03\\\/14\\\/arranca-la-copa-avec-maracaibo-2025-con-19-colegios-participantes\\\/#primaryimage\"},\"image\":{\"@id\":\"https:\\\/\\\/digital58.com.ve\\\/site\\\/2025\\\/03\\\/14\\\/arranca-la-copa-avec-maracaibo-2025-con-19-colegios-participantes\\\/#primaryimage\"},\"thumbnailUrl\":\"https:\\\/\\\/digital58.com.ve\\\/site\\\/wp-content\\\/uploads\\\/2025\\\/03\\\/Copa-AVEC-Maracaibo-2025-1.webp\",\"datePublished\":\"2025-03-14T20:34:08+00:00\",\"description\":\"Con la participaci\u00f3n de 19 colegios cat\u00f3licos del estado Zulia, inici\u00f3 con total \u00e9xito la Copa AVEC en la capital zuliana.\",\"breadcrumb\":{\"@id\":\"https:\\\/\\\/digital58.com.ve\\\/site\\\/2025\\\/03\\\/14\\\/arranca-la-copa-avec-maracaibo-2025-con-19-colegios-participantes\\\/#breadcrumb\"},\"inLanguage\":\"es\",\"potentialAction\":[{\"@type\":\"ReadAction\",\"target\":[\"https:\\\/\\\/digital58.com.ve\\\/site\\\/2025\\\/03\\\/14\\\/arranca-la-copa-avec-maracaibo-2025-con-19-colegios-participantes\\\/\"]}]},{\"@type\":\"ImageObject\",\"inLanguage\":\"es\",\"@id\":\"https:\\\/\\\/digital58.com.ve\\\/site\\\/2025\\\/03\\\/14\\\/arranca-la-copa-avec-maracaibo-2025-con-19-colegios-participantes\\\/#primaryimage\",\"url\":\"https:\\\/\\\/digital58.com.ve\\\/site\\\/wp-content\\\/uploads\\\/2025\\\/03\\\/Copa-AVEC-Maracaibo-2025-1.webp\",\"contentUrl\":\"https:\\\/\\\/digital58.com.ve\\\/site\\\/wp-content\\\/uploads\\\/2025\\\/03\\\/Copa-AVEC-Maracaibo-2025-1.webp\",\"width\":900,\"height\":600},{\"@type\":\"BreadcrumbList\",\"@id\":\"https:\\\/\\\/digital58.com.ve\\\/site\\\/2025\\\/03\\\/14\\\/arranca-la-copa-avec-maracaibo-2025-con-19-colegios-participantes\\\/#breadcrumb\",\"itemListElement\":[{\"@type\":\"ListItem\",\"position\":1,\"name\":\"Home\",\"item\":\"https:\\\/\\\/digital58.com.ve\\\/site\\\/\"},{\"@type\":\"ListItem\",\"position\":2,\"name\":\"Arranca la Copa AVEC Maracaibo 2025 con 19 colegios participantes\"}]},{\"@type\":\"WebSite\",\"@id\":\"https:\\\/\\\/digital58.com.ve\\\/site\\\/#website\",\"url\":\"https:\\\/\\\/digital58.com.ve\\\/site\\\/\",\"name\":\"Noticias Digital58\",\"description\":\"Portal de Noticias \u00a1Periodismo web de verdad! Lanzamiento web 22.11.2005 \\\/ Maracaibo, Venezuela\",\"publisher\":{\"@id\":\"https:\\\/\\\/digital58.com.ve\\\/site\\\/#\\\/schema\\\/person\\\/64d1c2e4d0d4fd1b849980c4331c2951\"},\"alternateName\":\"ND58\",\"potentialAction\":[{\"@type\":\"SearchAction\",\"target\":{\"@type\":\"EntryPoint\",\"urlTemplate\":\"https:\\\/\\\/digital58.com.ve\\\/site\\\/?s={search_term_string}\"},\"query-input\":{\"@type\":\"PropertyValueSpecification\",\"valueRequired\":true,\"valueName\":\"search_term_string\"}}],\"inLanguage\":\"es\"},{\"@type\":[\"Person\",\"Organization\"],\"@id\":\"https:\\\/\\\/digital58.com.ve\\\/site\\\/#\\\/schema\\\/person\\\/64d1c2e4d0d4fd1b849980c4331c2951\",\"name\":\"Villasmil Henry\",\"image\":{\"@type\":\"ImageObject\",\"inLanguage\":\"es\",\"@id\":\"https:\\\/\\\/secure.gravatar.com\\\/avatar\\\/bb0c4a2fcb7970138239f7e404ea75757b1b507b28b5ce4c53fbd62d797c5a7c?s=96&d=mm&r=g\",\"url\":\"https:\\\/\\\/secure.gravatar.com\\\/avatar\\\/bb0c4a2fcb7970138239f7e404ea75757b1b507b28b5ce4c53fbd62d797c5a7c?s=96&d=mm&r=g\",\"contentUrl\":\"https:\\\/\\\/secure.gravatar.com\\\/avatar\\\/bb0c4a2fcb7970138239f7e404ea75757b1b507b28b5ce4c53fbd62d797c5a7c?s=96&d=mm&r=g\",\"caption\":\"Villasmil Henry\"},\"logo\":{\"@id\":\"https:\\\/\\\/secure.gravatar.com\\\/avatar\\\/bb0c4a2fcb7970138239f7e404ea75757b1b507b28b5ce4c53fbd62d797c5a7c?s=96&d=mm&r=g\"},\"sameAs\":[\"http:\\\/\\\/www.henryvillasmil.com.ve\",\"https:\\\/\\\/www.instagram.com\\\/villasmilhfoto\\\/\",\"https:\\\/\\\/x.com\\\/https:\\\/\\\/twitter.com\\\/villasmilhfoto\"],\"url\":\"https:\\\/\\\/digital58.com.ve\\\/site\\\/author\\\/droopy_68\\\/\"}]}<\/script>\n<!-- \/ Yoast SEO plugin. -->","yoast_head_json":{"title":"Arranca la Copa AVEC Maracaibo 2025 con 19 colegios participantes","description":"Con la participaci\u00f3n de 19 colegios cat\u00f3licos del estado Zulia, inici\u00f3 con total \u00e9xito la Copa AVEC en la capital zuliana.","robots":{"index":"index","follow":"follow","max-snippet":"max-snippet:-1","max-image-preview":"max-image-preview:large","max-video-preview":"max-video-preview:-1"},"canonical":"https:\/\/digital58.com.ve\/site\/2025\/03\/14\/arranca-la-copa-avec-maracaibo-2025-con-19-colegios-participantes\/","og_locale":"es_ES","og_type":"article","og_title":"Arranca la Copa AVEC Maracaibo 2025 con 19 colegios participantes","og_description":"Con la participaci\u00f3n de 19 colegios cat\u00f3licos del estado Zulia, inici\u00f3 con total \u00e9xito la Copa AVEC en la capital zuliana.","og_url":"https:\/\/digital58.com.ve\/site\/2025\/03\/14\/arranca-la-copa-avec-maracaibo-2025-con-19-colegios-participantes\/","og_site_name":"Noticias Digital58","article_published_time":"2025-03-14T20:34:08+00:00","og_image":[{"width":900,"height":600,"url":"https:\/\/digital58.com.ve\/site\/wp-content\/uploads\/2025\/03\/Copa-AVEC-Maracaibo-2025-1.webp","type":"image\/webp"}],"author":"Villasmil Henry","twitter_card":"summary_large_image","twitter_creator":"@https:\/\/twitter.com\/villasmilhfoto","twitter_site":"@villasmilhfoto","twitter_misc":{"Escrito por":"Villasmil Henry","Tiempo estimado de lectura":"3 minutos"},"schema":{"@context":"https:\/\/schema.org","@graph":[{"@type":"Article","@id":"https:\/\/digital58.com.ve\/site\/2025\/03\/14\/arranca-la-copa-avec-maracaibo-2025-con-19-colegios-participantes\/#article","isPartOf":{"@id":"https:\/\/digital58.com.ve\/site\/2025\/03\/14\/arranca-la-copa-avec-maracaibo-2025-con-19-colegios-participantes\/"},"author":{"name":"Villasmil Henry","@id":"https:\/\/digital58.com.ve\/site\/#\/schema\/person\/64d1c2e4d0d4fd1b849980c4331c2951"},"headline":"Arranca la Copa AVEC Maracaibo 2025 con 19 colegios participantes","datePublished":"2025-03-14T20:34:08+00:00","mainEntityOfPage":{"@id":"https:\/\/digital58.com.ve\/site\/2025\/03\/14\/arranca-la-copa-avec-maracaibo-2025-con-19-colegios-participantes\/"},"wordCount":474,"commentCount":0,"publisher":{"@id":"https:\/\/digital58.com.ve\/site\/#\/schema\/person\/64d1c2e4d0d4fd1b849980c4331c2951"},"image":{"@id":"https:\/\/digital58.com.ve\/site\/2025\/03\/14\/arranca-la-copa-avec-maracaibo-2025-con-19-colegios-participantes\/#primaryimage"},"thumbnailUrl":"https:\/\/digital58.com.ve\/site\/wp-content\/uploads\/2025\/03\/Copa-AVEC-Maracaibo-2025-1.webp","keywords":["Asociaci\u00f3n Venezolana de Educaci\u00f3n Cat\u00f3lica","AVEC","Deportivo Rayo Zuliano","F\u00fatbol","F\u00fatbol Infantil","F\u00fatbol Venezolano","Maracaibo","Nacionales","Rayo Escuela","Regionales","San Francisco","Sub-16","Torneo Intercolegial AVEC Maracaibo 2025","Venezuela"],"articleSection":["Deportes"],"inLanguage":"es","potentialAction":[{"@type":"CommentAction","name":"Comment","target":["https:\/\/digital58.com.ve\/site\/2025\/03\/14\/arranca-la-copa-avec-maracaibo-2025-con-19-colegios-participantes\/#respond"]}]},{"@type":"WebPage","@id":"https:\/\/digital58.com.ve\/site\/2025\/03\/14\/arranca-la-copa-avec-maracaibo-2025-con-19-colegios-participantes\/","url":"https:\/\/digital58.com.ve\/site\/2025\/03\/14\/arranca-la-copa-avec-maracaibo-2025-con-19-colegios-participantes\/","name":"Arranca la Copa AVEC Maracaibo 2025 con 19 colegios participantes","isPartOf":{"@id":"https:\/\/digital58.com.ve\/site\/#website"},"primaryImageOfPage":{"@id":"https:\/\/digital58.com.ve\/site\/2025\/03\/14\/arranca-la-copa-avec-maracaibo-2025-con-19-colegios-participantes\/#primaryimage"},"image":{"@id":"https:\/\/digital58.com.ve\/site\/2025\/03\/14\/arranca-la-copa-avec-maracaibo-2025-con-19-colegios-participantes\/#primaryimage"},"thumbnailUrl":"https:\/\/digital58.com.ve\/site\/wp-content\/uploads\/2025\/03\/Copa-AVEC-Maracaibo-2025-1.webp","datePublished":"2025-03-14T20:34:08+00:00","description":"Con la participaci\u00f3n de 19 colegios cat\u00f3licos del estado Zulia, inici\u00f3 con total \u00e9xito la Copa AVEC en la capital zuliana.","breadcrumb":{"@id":"https:\/\/digital58.com.ve\/site\/2025\/03\/14\/arranca-la-copa-avec-maracaibo-2025-con-19-colegios-participantes\/#breadcrumb"},"inLanguage":"es","potentialAction":[{"@type":"ReadAction","target":["https:\/\/digital58.com.ve\/site\/2025\/03\/14\/arranca-la-copa-avec-maracaibo-2025-con-19-colegios-participantes\/"]}]},{"@type":"ImageObject","inLanguage":"es","@id":"https:\/\/digital58.com.ve\/site\/2025\/03\/14\/arranca-la-copa-avec-maracaibo-2025-con-19-colegios-participantes\/#primaryimage","url":"https:\/\/digital58.com.ve\/site\/wp-content\/uploads\/2025\/03\/Copa-AVEC-Maracaibo-2025-1.webp","contentUrl":"https:\/\/digital58.com.ve\/site\/wp-content\/uploads\/2025\/03\/Copa-AVEC-Maracaibo-2025-1.webp","width":900,"height":600},{"@type":"BreadcrumbList","@id":"https:\/\/digital58.com.ve\/site\/2025\/03\/14\/arranca-la-copa-avec-maracaibo-2025-con-19-colegios-participantes\/#breadcrumb","itemListElement":[{"@type":"ListItem","position":1,"name":"Home","item":"https:\/\/digital58.com.ve\/site\/"},{"@type":"ListItem","position":2,"name":"Arranca la Copa AVEC Maracaibo 2025 con 19 colegios participantes"}]},{"@type":"WebSite","@id":"https:\/\/digital58.com.ve\/site\/#website","url":"https:\/\/digital58.com.ve\/site\/","name":"Noticias Digital58","description":"Portal de Noticias \u00a1Periodismo web de verdad! Lanzamiento web 22.11.2005 \/ Maracaibo, Venezuela","publisher":{"@id":"https:\/\/digital58.com.ve\/site\/#\/schema\/person\/64d1c2e4d0d4fd1b849980c4331c2951"},"alternateName":"ND58","potentialAction":[{"@type":"SearchAction","target":{"@type":"EntryPoint","urlTemplate":"https:\/\/digital58.com.ve\/site\/?s={search_term_string}"},"query-input":{"@type":"PropertyValueSpecification","valueRequired":true,"valueName":"search_term_string"}}],"inLanguage":"es"},{"@type":["Person","Organization"],"@id":"https:\/\/digital58.com.ve\/site\/#\/schema\/person\/64d1c2e4d0d4fd1b849980c4331c2951","name":"Villasmil Henry","image":{"@type":"ImageObject","inLanguage":"es","@id":"https:\/\/secure.gravatar.com\/avatar\/bb0c4a2fcb7970138239f7e404ea75757b1b507b28b5ce4c53fbd62d797c5a7c?s=96&d=mm&r=g","url":"https:\/\/secure.gravatar.com\/avatar\/bb0c4a2fcb7970138239f7e404ea75757b1b507b28b5ce4c53fbd62d797c5a7c?s=96&d=mm&r=g","contentUrl":"https:\/\/secure.gravatar.com\/avatar\/bb0c4a2fcb7970138239f7e404ea75757b1b507b28b5ce4c53fbd62d797c5a7c?s=96&d=mm&r=g","caption":"Villasmil Henry"},"logo":{"@id":"https:\/\/secure.gravatar.com\/avatar\/bb0c4a2fcb7970138239f7e404ea75757b1b507b28b5ce4c53fbd62d797c5a7c?s=96&d=mm&r=g"},"sameAs":["http:\/\/www.henryvillasmil.com.ve","https:\/\/www.instagram.com\/villasmilhfoto\/","https:\/\/x.com\/https:\/\/twitter.com\/villasmilhfoto"],"url":"https:\/\/digital58.com.ve\/site\/author\/droopy_68\/"}]}},"uagb_featured_image_src":{"full":["https:\/\/digital58.com.ve\/site\/wp-content\/uploads\/2025\/03\/Copa-AVEC-Maracaibo-2025-1.webp",900,600,false],"thumbnail":["https:\/\/digital58.com.ve\/site\/wp-content\/uploads\/2025\/03\/Copa-AVEC-Maracaibo-2025-1-150x150.webp",150,150,true],"medium":["https:\/\/digital58.com.ve\/site\/wp-content\/uploads\/2025\/03\/Copa-AVEC-Maracaibo-2025-1-300x200.webp",300,200,true],"medium_large":["https:\/\/digital58.com.ve\/site\/wp-content\/uploads\/2025\/03\/Copa-AVEC-Maracaibo-2025-1-768x512.webp",768,512,true],"large":["https:\/\/digital58.com.ve\/site\/wp-content\/uploads\/2025\/03\/Copa-AVEC-Maracaibo-2025-1.webp",800,533,false],"1536x1536":["https:\/\/digital58.com.ve\/site\/wp-content\/uploads\/2025\/03\/Copa-AVEC-Maracaibo-2025-1.webp",900,600,false],"2048x2048":["https:\/\/digital58.com.ve\/site\/wp-content\/uploads\/2025\/03\/Copa-AVEC-Maracaibo-2025-1.webp",900,600,false],"colormag-highlighted-post":["https:\/\/digital58.com.ve\/site\/wp-content\/uploads\/2025\/03\/Copa-AVEC-Maracaibo-2025-1-392x272.webp",392,272,true],"colormag-featured-post-medium":["https:\/\/digital58.com.ve\/site\/wp-content\/uploads\/2025\/03\/Copa-AVEC-Maracaibo-2025-1-390x205.webp",390,205,true],"colormag-featured-post-small":["https:\/\/digital58.com.ve\/site\/wp-content\/uploads\/2025\/03\/Copa-AVEC-Maracaibo-2025-1-130x90.webp",130,90,true],"colormag-featured-image":["https:\/\/digital58.com.ve\/site\/wp-content\/uploads\/2025\/03\/Copa-AVEC-Maracaibo-2025-1-800x445.webp",800,445,true],"colormag-default-news":["https:\/\/digital58.com.ve\/site\/wp-content\/uploads\/2025\/03\/Copa-AVEC-Maracaibo-2025-1-150x150.webp",150,150,true],"colormag-featured-image-large":["https:\/\/digital58.com.ve\/site\/wp-content\/uploads\/2025\/03\/Copa-AVEC-Maracaibo-2025-1.webp",900,600,false]},"uagb_author_info":{"display_name":"Villasmil Henry","author_link":"https:\/\/digital58.com.ve\/site\/author\/droopy_68\/"},"uagb_comment_info":0,"uagb_excerpt":"El torneo intercolegial celebra los 80 a\u00f1os de la AVEC y los 50 del Instituto Ni\u00f1os Cantores del Zulia. Maracaibo,","_links":{"self":[{"href":"https:\/\/digital58.com.ve\/site\/wp-json\/wp\/v2\/posts\/185449","targetHints":{"allow":["GET"]}}],"collection":[{"href":"https:\/\/digital58.com.ve\/site\/wp-json\/wp\/v2\/posts"}],"about":[{"href":"https:\/\/digital58.com.ve\/site\/wp-json\/wp\/v2\/types\/post"}],"author":[{"embeddable":true,"href":"https:\/\/digital58.com.ve\/site\/wp-json\/wp\/v2\/users\/1"}],"replies":[{"embeddable":true,"href":"https:\/\/digital58.com.ve\/site\/wp-json\/wp\/v2\/comments?post=185449"}],"version-history":[{"count":1,"href":"https:\/\/digital58.com.ve\/site\/wp-json\/wp\/v2\/posts\/185449\/revisions"}],"predecessor-version":[{"id":185454,"href":"https:\/\/digital58.com.ve\/site\/wp-json\/wp\/v2\/posts\/185449\/revisions\/185454"}],"wp:featuredmedia":[{"embeddable":true,"href":"https:\/\/digital58.com.ve\/site\/wp-json\/wp\/v2\/media\/185453"}],"wp:attachment":[{"href":"https:\/\/digital58.com.ve\/site\/wp-json\/wp\/v2\/media?parent=185449"}],"wp:term":[{"taxonomy":"category","embeddable":true,"href":"https:\/\/digital58.com.ve\/site\/wp-json\/wp\/v2\/categories?post=185449"},{"taxonomy":"post_tag","embeddable":true,"href":"https:\/\/digital58.com.ve\/site\/wp-json\/wp\/v2\/tags?post=185449"}],"curies":[{"name":"wp","href":"https:\/\/api.w.org\/{rel}","templated":true}]}}