{"id":185496,"date":"2025-03-16T16:26:43","date_gmt":"2025-03-16T20:26:43","guid":{"rendered":"https:\/\/digital58.com.ve\/site\/?p=185496"},"modified":"2025-03-16T16:26:43","modified_gmt":"2025-03-16T20:26:43","slug":"mbappe-y-courtois-lideran-victoria-del-real-madrid","status":"publish","type":"post","link":"https:\/\/digital58.com.ve\/site\/2025\/03\/16\/mbappe-y-courtois-lideran-victoria-del-real-madrid\/","title":{"rendered":"Mbapp\u00e9 y Courtois lideran victoria del Real Madrid"},"content":{"rendered":"<p><a href=\"https:\/\/digital58.com.ve\/site\/wp-content\/uploads\/2025\/03\/Kylian-Mbappe-Real-Madrid.webp\"><img loading=\"lazy\" decoding=\"async\" class=\"aligncenter wp-image-185500 size-full\" title=\"Kylian Mbapp\u00e9\" src=\"https:\/\/digital58.com.ve\/site\/wp-content\/uploads\/2025\/03\/Kylian-Mbappe-Real-Madrid.webp\" alt=\"El Real Madrid venci\u00f3 2-1 al Villarreal este s\u00e1bado en el Estadio de la Cer\u00e1mica gracias a un doblete de Kylian Mbapp\u00e9 y las intervenciones clave de Thibaut Courtois, recuperando as\u00ed el primer puesto de LaLiga de manera provisional.\" width=\"900\" height=\"600\" srcset=\"https:\/\/digital58.com.ve\/site\/wp-content\/uploads\/2025\/03\/Kylian-Mbappe-Real-Madrid.webp 900w, https:\/\/digital58.com.ve\/site\/wp-content\/uploads\/2025\/03\/Kylian-Mbappe-Real-Madrid-300x200.webp 300w, https:\/\/digital58.com.ve\/site\/wp-content\/uploads\/2025\/03\/Kylian-Mbappe-Real-Madrid-768x512.webp 768w\" sizes=\"auto, (max-width: 900px) 100vw, 900px\" \/><\/a><\/p>\n<p>El delantero franc\u00e9s marc\u00f3 dos goles y el arquero belga fue decisivo para que el conjunto merengue venciera al Villarreal y retomara el liderato provisional.<\/p>\n<p><strong>Espa\u00f1a, 16 de marzo de 2025 (ND58).-<\/strong> El <strong><a href=\"https:\/\/www.instagram.com\/realmadrid\/\" target=\"_blank\" rel=\"noopener\">Real Madrid<\/a> <\/strong>venci\u00f3 2-1 al Villarreal este s\u00e1bado en el Estadio de la Cer\u00e1mica gracias a un doblete de Kylian Mbapp\u00e9 y las intervenciones clave de Thibaut Courtois, recuperando as\u00ed el primer puesto de LaLiga de manera provisional.<\/p>\n<h2>Mbapp\u00e9 remonta y Courtois sostiene al Madrid<\/h2>\n<p>El Villarreal sorprendi\u00f3 temprano al abrir el marcador con un gol del defensor argentino Juan Foyth tras un tiro de esquina.<\/p>\n<p>Sin embargo, el Real Madrid reaccion\u00f3 r\u00e1pidamente con dos tantos de Kylian Mbapp\u00e9 en menos de quince minutos, mostrando su capacidad para revertir el marcador con eficacia.<\/p>\n<p>Thibaut Courtois, por su parte, fue determinante para evitar el empate local con varias atajadas de alto nivel.<\/p>\n<h2>Inicio arrollador del Villarreal<\/h2>\n<p>El equipo dirigido por Marcelino Garc\u00eda salt\u00f3 al campo con intensidad, presionando alto y generando oportunidades desde los primeros minutos.<\/p>\n<p>Liderados por \u00c1lex Baena en la creaci\u00f3n, Ayoze y Buchanan exigieron a Courtois, quien respondi\u00f3 con solvencia.<\/p>\n<p>La presi\u00f3n amarilla tuvo recompensa al minuto 12, cuando Foyth aprovech\u00f3 un descuido defensivo madridista para adelantar a su equipo.<\/p>\n<h2>Mbapp\u00e9 marca la diferencia<\/h2>\n<p>A pesar del dominio inicial del Villarreal, el Real Madrid mostr\u00f3 su pegada. La primera combinaci\u00f3n entre Brahim D\u00edaz y Mbapp\u00e9 termin\u00f3 en gol tras un rechace que el franc\u00e9s no desaprovech\u00f3.<\/p>\n<p>Minutos despu\u00e9s, una r\u00e1pida transici\u00f3n permiti\u00f3 que Mbapp\u00e9 firmara su doblete con un remate preciso asistido por Lucas V\u00e1zquez, dejando el 1-2 en el marcador antes de la media hora.<\/p>\n<h2>Courtois, figura bajo los tres palos<\/h2>\n<p>El Villarreal no dej\u00f3 de atacar y tuvo varias ocasiones para igualar. Courtois fue clave al desviar un potente disparo de Guaye y otro intento de P\u00e9p\u00e9 sobre el final del primer tiempo.<\/p>\n<p>En la segunda parte, Barry, Foyth y Baena tambi\u00e9n buscaron el empate, pero el belga volvi\u00f3 a lucirse con sus reflejos.<\/p>\n<h2>Cambios t\u00e1cticos de Ancelotti<\/h2>\n<p>Ante el empuje local, Carlo Ancelotti movi\u00f3 el banquillo e introdujo a Rudiger, Vinicius Junior y Luka Modric.<\/p>\n<p>La entrada del croata estabiliz\u00f3 el medio campo, mientras Vinicius y Rodrygo amenazaron con aumentar la ventaja. Aunque el Villarreal mantuvo la presi\u00f3n, el Madrid defendi\u00f3 con oficio hasta el pitazo final.<\/p>\n<p><strong>Pr\u00f3ximos partidos del Real Madrid:<\/strong><\/p>\n<ul>\n<li>Real Madrid vs. Sevilla \u2013 20 de marzo, Santiago Bernab\u00e9u<\/li>\n<li>Valencia vs. Real Madrid \u2013 24 de marzo, Mestalla<\/li>\n<li>Real Madrid vs. Athletic Club \u2013 30 de marzo, Santiago Bernab\u00e9u<\/li>\n<li>C\u00e1diz vs. Real Madrid \u2013 6 de abril, Nuevo Mirandilla<\/li>\n<\/ul>\n<p><strong>Redacci\u00f3n ND58 | Fuente: EFE<\/strong><br \/>\n<strong>Edici\u00f3n: Villasmil, Henry<\/strong><br \/>\n<strong>Gr\u00e1fica: EFE<\/strong><\/p>\n<p>&nbsp;<\/p><div class=\"nqjsa69f4ac84ec313\" ><p style=\"text-align: center;\"><a href=\"https:\/\/t.me\/noticiasdigital58\" target=\"_blank\" rel=\"noopener\"><img class=\"aligncenter size-full wp-image-125363\" src=\"https:\/\/digital58.com.ve\/site\/wp-content\/uploads\/2021\/04\/banner-telegram-web-2021.png\" alt=\"\" width=\"600\" height=\"90\" \/><\/a><\/p><\/div><style type=\"text\/css\">\r\n@media screen and (min-width: 1201px) {\r\n.nqjsa69f4ac84ec313 {\r\ndisplay: block;\r\n}\r\n}\r\n@media screen and (min-width: 993px) and (max-width: 1200px) {\r\n.nqjsa69f4ac84ec313 {\r\ndisplay: block;\r\n}\r\n}\r\n@media screen and (min-width: 769px) and (max-width: 992px) {\r\n.nqjsa69f4ac84ec313 {\r\ndisplay: block;\r\n}\r\n}\r\n@media screen and (min-width: 768px) and (max-width: 768px) {\r\n.nqjsa69f4ac84ec313 {\r\ndisplay: block;\r\n}\r\n}\r\n@media screen and (max-width: 767px) {\r\n.nqjsa69f4ac84ec313 {\r\ndisplay: block;\r\n}\r\n}\r\n<\/style>\r\n\n<p>&nbsp;<\/p>\n<div style=\"margin-top: 0px; margin-bottom: 0px;\" class=\"sharethis-inline-share-buttons\" ><\/div>","protected":false},"excerpt":{"rendered":"<p>El delantero franc\u00e9s marc\u00f3 dos goles y el arquero belga fue decisivo para que el conjunto merengue venciera al Villarreal<\/p>\n","protected":false},"author":1,"featured_media":185500,"comment_status":"open","ping_status":"closed","sticky":false,"template":"","format":"standard","meta":{"colormag_page_container_layout":"default_layout","colormag_page_sidebar_layout":"default_layout","_uag_custom_page_level_css":"","footnotes":""},"categories":[5402],"tags":[115,13,499,41,8,7311,33587,6501,12689],"class_list":["post-185496","post","type-post","status-publish","format-standard","has-post-thumbnail","hentry","category-deportes","tag-espana","tag-futbol","tag-futbol-espanol","tag-futbol-internacional","tag-internacionales","tag-laliga","tag-laliga-2024-2025","tag-real-madrid-cf","tag-villarreal-cf"],"yoast_head":"<!-- This site is optimized with the Yoast SEO plugin v27.5 - https:\/\/yoast.com\/product\/yoast-seo-wordpress\/ -->\n<title>Mbapp\u00e9 y Courtois lideran victoria del Real Madrid<\/title>\n<meta name=\"description\" content=\"Kylian Mbapp\u00e9 y Thibaut Courtois lideraron al Real Madrid en una victoria clave 2-1 sobre el Villarreal, con doblete del franc\u00e9s.\" \/>\n<meta name=\"robots\" content=\"index, follow, max-snippet:-1, max-image-preview:large, max-video-preview:-1\" \/>\n<link rel=\"canonical\" href=\"https:\/\/digital58.com.ve\/site\/2025\/03\/16\/mbappe-y-courtois-lideran-victoria-del-real-madrid\/\" \/>\n<meta property=\"og:locale\" content=\"es_ES\" \/>\n<meta property=\"og:type\" content=\"article\" \/>\n<meta property=\"og:title\" content=\"Mbapp\u00e9 y Courtois lideran victoria del Real Madrid\" \/>\n<meta property=\"og:description\" content=\"Kylian Mbapp\u00e9 y Thibaut Courtois lideraron al Real Madrid en una victoria clave 2-1 sobre el Villarreal, con doblete del franc\u00e9s.\" \/>\n<meta property=\"og:url\" content=\"https:\/\/digital58.com.ve\/site\/2025\/03\/16\/mbappe-y-courtois-lideran-victoria-del-real-madrid\/\" \/>\n<meta property=\"og:site_name\" content=\"Noticias Digital58\" \/>\n<meta property=\"article:published_time\" content=\"2025-03-16T20:26:43+00:00\" \/>\n<meta property=\"og:image\" content=\"https:\/\/digital58.com.ve\/site\/wp-content\/uploads\/2025\/03\/Kylian-Mbappe-Real-Madrid.webp\" \/>\n\t<meta property=\"og:image:width\" content=\"900\" \/>\n\t<meta property=\"og:image:height\" content=\"600\" \/>\n\t<meta property=\"og:image:type\" content=\"image\/webp\" \/>\n<meta name=\"author\" content=\"Villasmil Henry\" \/>\n<meta name=\"twitter:card\" content=\"summary_large_image\" \/>\n<meta name=\"twitter:creator\" content=\"@https:\/\/twitter.com\/villasmilhfoto\" \/>\n<meta name=\"twitter:site\" content=\"@villasmilhfoto\" \/>\n<meta name=\"twitter:label1\" content=\"Escrito por\" \/>\n\t<meta name=\"twitter:data1\" content=\"Villasmil Henry\" \/>\n\t<meta name=\"twitter:label2\" content=\"Tiempo estimado de lectura\" \/>\n\t<meta name=\"twitter:data2\" content=\"3 minutos\" \/>\n<script type=\"application\/ld+json\" class=\"yoast-schema-graph\">{\"@context\":\"https:\\\/\\\/schema.org\",\"@graph\":[{\"@type\":\"Article\",\"@id\":\"https:\\\/\\\/digital58.com.ve\\\/site\\\/2025\\\/03\\\/16\\\/mbappe-y-courtois-lideran-victoria-del-real-madrid\\\/#article\",\"isPartOf\":{\"@id\":\"https:\\\/\\\/digital58.com.ve\\\/site\\\/2025\\\/03\\\/16\\\/mbappe-y-courtois-lideran-victoria-del-real-madrid\\\/\"},\"author\":{\"name\":\"Villasmil Henry\",\"@id\":\"https:\\\/\\\/digital58.com.ve\\\/site\\\/#\\\/schema\\\/person\\\/64d1c2e4d0d4fd1b849980c4331c2951\"},\"headline\":\"Mbapp\u00e9 y Courtois lideran victoria del Real Madrid\",\"datePublished\":\"2025-03-16T20:26:43+00:00\",\"mainEntityOfPage\":{\"@id\":\"https:\\\/\\\/digital58.com.ve\\\/site\\\/2025\\\/03\\\/16\\\/mbappe-y-courtois-lideran-victoria-del-real-madrid\\\/\"},\"wordCount\":465,\"commentCount\":0,\"publisher\":{\"@id\":\"https:\\\/\\\/digital58.com.ve\\\/site\\\/#\\\/schema\\\/person\\\/64d1c2e4d0d4fd1b849980c4331c2951\"},\"image\":{\"@id\":\"https:\\\/\\\/digital58.com.ve\\\/site\\\/2025\\\/03\\\/16\\\/mbappe-y-courtois-lideran-victoria-del-real-madrid\\\/#primaryimage\"},\"thumbnailUrl\":\"https:\\\/\\\/digital58.com.ve\\\/site\\\/wp-content\\\/uploads\\\/2025\\\/03\\\/Kylian-Mbappe-Real-Madrid.webp\",\"keywords\":[\"Espa\u00f1a\",\"F\u00fatbol\",\"F\u00fatbol Espa\u00f1ol\",\"F\u00fatbol Internacional\",\"Internacionales\",\"LaLiga\",\"LaLiga 2024.2025\",\"Real Madrid CF\",\"Villarreal CF\"],\"articleSection\":[\"Deportes\"],\"inLanguage\":\"es\",\"potentialAction\":[{\"@type\":\"CommentAction\",\"name\":\"Comment\",\"target\":[\"https:\\\/\\\/digital58.com.ve\\\/site\\\/2025\\\/03\\\/16\\\/mbappe-y-courtois-lideran-victoria-del-real-madrid\\\/#respond\"]}]},{\"@type\":\"WebPage\",\"@id\":\"https:\\\/\\\/digital58.com.ve\\\/site\\\/2025\\\/03\\\/16\\\/mbappe-y-courtois-lideran-victoria-del-real-madrid\\\/\",\"url\":\"https:\\\/\\\/digital58.com.ve\\\/site\\\/2025\\\/03\\\/16\\\/mbappe-y-courtois-lideran-victoria-del-real-madrid\\\/\",\"name\":\"Mbapp\u00e9 y Courtois lideran victoria del Real Madrid\",\"isPartOf\":{\"@id\":\"https:\\\/\\\/digital58.com.ve\\\/site\\\/#website\"},\"primaryImageOfPage\":{\"@id\":\"https:\\\/\\\/digital58.com.ve\\\/site\\\/2025\\\/03\\\/16\\\/mbappe-y-courtois-lideran-victoria-del-real-madrid\\\/#primaryimage\"},\"image\":{\"@id\":\"https:\\\/\\\/digital58.com.ve\\\/site\\\/2025\\\/03\\\/16\\\/mbappe-y-courtois-lideran-victoria-del-real-madrid\\\/#primaryimage\"},\"thumbnailUrl\":\"https:\\\/\\\/digital58.com.ve\\\/site\\\/wp-content\\\/uploads\\\/2025\\\/03\\\/Kylian-Mbappe-Real-Madrid.webp\",\"datePublished\":\"2025-03-16T20:26:43+00:00\",\"description\":\"Kylian Mbapp\u00e9 y Thibaut Courtois lideraron al Real Madrid en una victoria clave 2-1 sobre el Villarreal, con doblete del franc\u00e9s.\",\"breadcrumb\":{\"@id\":\"https:\\\/\\\/digital58.com.ve\\\/site\\\/2025\\\/03\\\/16\\\/mbappe-y-courtois-lideran-victoria-del-real-madrid\\\/#breadcrumb\"},\"inLanguage\":\"es\",\"potentialAction\":[{\"@type\":\"ReadAction\",\"target\":[\"https:\\\/\\\/digital58.com.ve\\\/site\\\/2025\\\/03\\\/16\\\/mbappe-y-courtois-lideran-victoria-del-real-madrid\\\/\"]}]},{\"@type\":\"ImageObject\",\"inLanguage\":\"es\",\"@id\":\"https:\\\/\\\/digital58.com.ve\\\/site\\\/2025\\\/03\\\/16\\\/mbappe-y-courtois-lideran-victoria-del-real-madrid\\\/#primaryimage\",\"url\":\"https:\\\/\\\/digital58.com.ve\\\/site\\\/wp-content\\\/uploads\\\/2025\\\/03\\\/Kylian-Mbappe-Real-Madrid.webp\",\"contentUrl\":\"https:\\\/\\\/digital58.com.ve\\\/site\\\/wp-content\\\/uploads\\\/2025\\\/03\\\/Kylian-Mbappe-Real-Madrid.webp\",\"width\":900,\"height\":600},{\"@type\":\"BreadcrumbList\",\"@id\":\"https:\\\/\\\/digital58.com.ve\\\/site\\\/2025\\\/03\\\/16\\\/mbappe-y-courtois-lideran-victoria-del-real-madrid\\\/#breadcrumb\",\"itemListElement\":[{\"@type\":\"ListItem\",\"position\":1,\"name\":\"Home\",\"item\":\"https:\\\/\\\/digital58.com.ve\\\/site\\\/\"},{\"@type\":\"ListItem\",\"position\":2,\"name\":\"Mbapp\u00e9 y Courtois lideran victoria del Real Madrid\"}]},{\"@type\":\"WebSite\",\"@id\":\"https:\\\/\\\/digital58.com.ve\\\/site\\\/#website\",\"url\":\"https:\\\/\\\/digital58.com.ve\\\/site\\\/\",\"name\":\"Noticias Digital58\",\"description\":\"Portal de Noticias \u00a1Periodismo web de verdad! Lanzamiento web 22.11.2005 \\\/ Maracaibo, Venezuela\",\"publisher\":{\"@id\":\"https:\\\/\\\/digital58.com.ve\\\/site\\\/#\\\/schema\\\/person\\\/64d1c2e4d0d4fd1b849980c4331c2951\"},\"alternateName\":\"ND58\",\"potentialAction\":[{\"@type\":\"SearchAction\",\"target\":{\"@type\":\"EntryPoint\",\"urlTemplate\":\"https:\\\/\\\/digital58.com.ve\\\/site\\\/?s={search_term_string}\"},\"query-input\":{\"@type\":\"PropertyValueSpecification\",\"valueRequired\":true,\"valueName\":\"search_term_string\"}}],\"inLanguage\":\"es\"},{\"@type\":[\"Person\",\"Organization\"],\"@id\":\"https:\\\/\\\/digital58.com.ve\\\/site\\\/#\\\/schema\\\/person\\\/64d1c2e4d0d4fd1b849980c4331c2951\",\"name\":\"Villasmil Henry\",\"image\":{\"@type\":\"ImageObject\",\"inLanguage\":\"es\",\"@id\":\"https:\\\/\\\/secure.gravatar.com\\\/avatar\\\/bb0c4a2fcb7970138239f7e404ea75757b1b507b28b5ce4c53fbd62d797c5a7c?s=96&d=mm&r=g\",\"url\":\"https:\\\/\\\/secure.gravatar.com\\\/avatar\\\/bb0c4a2fcb7970138239f7e404ea75757b1b507b28b5ce4c53fbd62d797c5a7c?s=96&d=mm&r=g\",\"contentUrl\":\"https:\\\/\\\/secure.gravatar.com\\\/avatar\\\/bb0c4a2fcb7970138239f7e404ea75757b1b507b28b5ce4c53fbd62d797c5a7c?s=96&d=mm&r=g\",\"caption\":\"Villasmil Henry\"},\"logo\":{\"@id\":\"https:\\\/\\\/secure.gravatar.com\\\/avatar\\\/bb0c4a2fcb7970138239f7e404ea75757b1b507b28b5ce4c53fbd62d797c5a7c?s=96&d=mm&r=g\"},\"sameAs\":[\"http:\\\/\\\/www.henryvillasmil.com.ve\",\"https:\\\/\\\/www.instagram.com\\\/villasmilhfoto\\\/\",\"https:\\\/\\\/x.com\\\/https:\\\/\\\/twitter.com\\\/villasmilhfoto\"],\"url\":\"https:\\\/\\\/digital58.com.ve\\\/site\\\/author\\\/droopy_68\\\/\"}]}<\/script>\n<!-- \/ Yoast SEO plugin. -->","yoast_head_json":{"title":"Mbapp\u00e9 y Courtois lideran victoria del Real Madrid","description":"Kylian Mbapp\u00e9 y Thibaut Courtois lideraron al Real Madrid en una victoria clave 2-1 sobre el Villarreal, con doblete del franc\u00e9s.","robots":{"index":"index","follow":"follow","max-snippet":"max-snippet:-1","max-image-preview":"max-image-preview:large","max-video-preview":"max-video-preview:-1"},"canonical":"https:\/\/digital58.com.ve\/site\/2025\/03\/16\/mbappe-y-courtois-lideran-victoria-del-real-madrid\/","og_locale":"es_ES","og_type":"article","og_title":"Mbapp\u00e9 y Courtois lideran victoria del Real Madrid","og_description":"Kylian Mbapp\u00e9 y Thibaut Courtois lideraron al Real Madrid en una victoria clave 2-1 sobre el Villarreal, con doblete del franc\u00e9s.","og_url":"https:\/\/digital58.com.ve\/site\/2025\/03\/16\/mbappe-y-courtois-lideran-victoria-del-real-madrid\/","og_site_name":"Noticias Digital58","article_published_time":"2025-03-16T20:26:43+00:00","og_image":[{"width":900,"height":600,"url":"https:\/\/digital58.com.ve\/site\/wp-content\/uploads\/2025\/03\/Kylian-Mbappe-Real-Madrid.webp","type":"image\/webp"}],"author":"Villasmil Henry","twitter_card":"summary_large_image","twitter_creator":"@https:\/\/twitter.com\/villasmilhfoto","twitter_site":"@villasmilhfoto","twitter_misc":{"Escrito por":"Villasmil Henry","Tiempo estimado de lectura":"3 minutos"},"schema":{"@context":"https:\/\/schema.org","@graph":[{"@type":"Article","@id":"https:\/\/digital58.com.ve\/site\/2025\/03\/16\/mbappe-y-courtois-lideran-victoria-del-real-madrid\/#article","isPartOf":{"@id":"https:\/\/digital58.com.ve\/site\/2025\/03\/16\/mbappe-y-courtois-lideran-victoria-del-real-madrid\/"},"author":{"name":"Villasmil Henry","@id":"https:\/\/digital58.com.ve\/site\/#\/schema\/person\/64d1c2e4d0d4fd1b849980c4331c2951"},"headline":"Mbapp\u00e9 y Courtois lideran victoria del Real Madrid","datePublished":"2025-03-16T20:26:43+00:00","mainEntityOfPage":{"@id":"https:\/\/digital58.com.ve\/site\/2025\/03\/16\/mbappe-y-courtois-lideran-victoria-del-real-madrid\/"},"wordCount":465,"commentCount":0,"publisher":{"@id":"https:\/\/digital58.com.ve\/site\/#\/schema\/person\/64d1c2e4d0d4fd1b849980c4331c2951"},"image":{"@id":"https:\/\/digital58.com.ve\/site\/2025\/03\/16\/mbappe-y-courtois-lideran-victoria-del-real-madrid\/#primaryimage"},"thumbnailUrl":"https:\/\/digital58.com.ve\/site\/wp-content\/uploads\/2025\/03\/Kylian-Mbappe-Real-Madrid.webp","keywords":["Espa\u00f1a","F\u00fatbol","F\u00fatbol Espa\u00f1ol","F\u00fatbol Internacional","Internacionales","LaLiga","LaLiga 2024.2025","Real Madrid CF","Villarreal CF"],"articleSection":["Deportes"],"inLanguage":"es","potentialAction":[{"@type":"CommentAction","name":"Comment","target":["https:\/\/digital58.com.ve\/site\/2025\/03\/16\/mbappe-y-courtois-lideran-victoria-del-real-madrid\/#respond"]}]},{"@type":"WebPage","@id":"https:\/\/digital58.com.ve\/site\/2025\/03\/16\/mbappe-y-courtois-lideran-victoria-del-real-madrid\/","url":"https:\/\/digital58.com.ve\/site\/2025\/03\/16\/mbappe-y-courtois-lideran-victoria-del-real-madrid\/","name":"Mbapp\u00e9 y Courtois lideran victoria del Real Madrid","isPartOf":{"@id":"https:\/\/digital58.com.ve\/site\/#website"},"primaryImageOfPage":{"@id":"https:\/\/digital58.com.ve\/site\/2025\/03\/16\/mbappe-y-courtois-lideran-victoria-del-real-madrid\/#primaryimage"},"image":{"@id":"https:\/\/digital58.com.ve\/site\/2025\/03\/16\/mbappe-y-courtois-lideran-victoria-del-real-madrid\/#primaryimage"},"thumbnailUrl":"https:\/\/digital58.com.ve\/site\/wp-content\/uploads\/2025\/03\/Kylian-Mbappe-Real-Madrid.webp","datePublished":"2025-03-16T20:26:43+00:00","description":"Kylian Mbapp\u00e9 y Thibaut Courtois lideraron al Real Madrid en una victoria clave 2-1 sobre el Villarreal, con doblete del franc\u00e9s.","breadcrumb":{"@id":"https:\/\/digital58.com.ve\/site\/2025\/03\/16\/mbappe-y-courtois-lideran-victoria-del-real-madrid\/#breadcrumb"},"inLanguage":"es","potentialAction":[{"@type":"ReadAction","target":["https:\/\/digital58.com.ve\/site\/2025\/03\/16\/mbappe-y-courtois-lideran-victoria-del-real-madrid\/"]}]},{"@type":"ImageObject","inLanguage":"es","@id":"https:\/\/digital58.com.ve\/site\/2025\/03\/16\/mbappe-y-courtois-lideran-victoria-del-real-madrid\/#primaryimage","url":"https:\/\/digital58.com.ve\/site\/wp-content\/uploads\/2025\/03\/Kylian-Mbappe-Real-Madrid.webp","contentUrl":"https:\/\/digital58.com.ve\/site\/wp-content\/uploads\/2025\/03\/Kylian-Mbappe-Real-Madrid.webp","width":900,"height":600},{"@type":"BreadcrumbList","@id":"https:\/\/digital58.com.ve\/site\/2025\/03\/16\/mbappe-y-courtois-lideran-victoria-del-real-madrid\/#breadcrumb","itemListElement":[{"@type":"ListItem","position":1,"name":"Home","item":"https:\/\/digital58.com.ve\/site\/"},{"@type":"ListItem","position":2,"name":"Mbapp\u00e9 y Courtois lideran victoria del Real Madrid"}]},{"@type":"WebSite","@id":"https:\/\/digital58.com.ve\/site\/#website","url":"https:\/\/digital58.com.ve\/site\/","name":"Noticias Digital58","description":"Portal de Noticias \u00a1Periodismo web de verdad! Lanzamiento web 22.11.2005 \/ Maracaibo, Venezuela","publisher":{"@id":"https:\/\/digital58.com.ve\/site\/#\/schema\/person\/64d1c2e4d0d4fd1b849980c4331c2951"},"alternateName":"ND58","potentialAction":[{"@type":"SearchAction","target":{"@type":"EntryPoint","urlTemplate":"https:\/\/digital58.com.ve\/site\/?s={search_term_string}"},"query-input":{"@type":"PropertyValueSpecification","valueRequired":true,"valueName":"search_term_string"}}],"inLanguage":"es"},{"@type":["Person","Organization"],"@id":"https:\/\/digital58.com.ve\/site\/#\/schema\/person\/64d1c2e4d0d4fd1b849980c4331c2951","name":"Villasmil Henry","image":{"@type":"ImageObject","inLanguage":"es","@id":"https:\/\/secure.gravatar.com\/avatar\/bb0c4a2fcb7970138239f7e404ea75757b1b507b28b5ce4c53fbd62d797c5a7c?s=96&d=mm&r=g","url":"https:\/\/secure.gravatar.com\/avatar\/bb0c4a2fcb7970138239f7e404ea75757b1b507b28b5ce4c53fbd62d797c5a7c?s=96&d=mm&r=g","contentUrl":"https:\/\/secure.gravatar.com\/avatar\/bb0c4a2fcb7970138239f7e404ea75757b1b507b28b5ce4c53fbd62d797c5a7c?s=96&d=mm&r=g","caption":"Villasmil Henry"},"logo":{"@id":"https:\/\/secure.gravatar.com\/avatar\/bb0c4a2fcb7970138239f7e404ea75757b1b507b28b5ce4c53fbd62d797c5a7c?s=96&d=mm&r=g"},"sameAs":["http:\/\/www.henryvillasmil.com.ve","https:\/\/www.instagram.com\/villasmilhfoto\/","https:\/\/x.com\/https:\/\/twitter.com\/villasmilhfoto"],"url":"https:\/\/digital58.com.ve\/site\/author\/droopy_68\/"}]}},"uagb_featured_image_src":{"full":["https:\/\/digital58.com.ve\/site\/wp-content\/uploads\/2025\/03\/Kylian-Mbappe-Real-Madrid.webp",900,600,false],"thumbnail":["https:\/\/digital58.com.ve\/site\/wp-content\/uploads\/2025\/03\/Kylian-Mbappe-Real-Madrid-150x150.webp",150,150,true],"medium":["https:\/\/digital58.com.ve\/site\/wp-content\/uploads\/2025\/03\/Kylian-Mbappe-Real-Madrid-300x200.webp",300,200,true],"medium_large":["https:\/\/digital58.com.ve\/site\/wp-content\/uploads\/2025\/03\/Kylian-Mbappe-Real-Madrid-768x512.webp",768,512,true],"large":["https:\/\/digital58.com.ve\/site\/wp-content\/uploads\/2025\/03\/Kylian-Mbappe-Real-Madrid.webp",800,533,false],"1536x1536":["https:\/\/digital58.com.ve\/site\/wp-content\/uploads\/2025\/03\/Kylian-Mbappe-Real-Madrid.webp",900,600,false],"2048x2048":["https:\/\/digital58.com.ve\/site\/wp-content\/uploads\/2025\/03\/Kylian-Mbappe-Real-Madrid.webp",900,600,false],"colormag-highlighted-post":["https:\/\/digital58.com.ve\/site\/wp-content\/uploads\/2025\/03\/Kylian-Mbappe-Real-Madrid-392x272.webp",392,272,true],"colormag-featured-post-medium":["https:\/\/digital58.com.ve\/site\/wp-content\/uploads\/2025\/03\/Kylian-Mbappe-Real-Madrid-390x205.webp",390,205,true],"colormag-featured-post-small":["https:\/\/digital58.com.ve\/site\/wp-content\/uploads\/2025\/03\/Kylian-Mbappe-Real-Madrid-130x90.webp",130,90,true],"colormag-featured-image":["https:\/\/digital58.com.ve\/site\/wp-content\/uploads\/2025\/03\/Kylian-Mbappe-Real-Madrid-800x445.webp",800,445,true],"colormag-default-news":["https:\/\/digital58.com.ve\/site\/wp-content\/uploads\/2025\/03\/Kylian-Mbappe-Real-Madrid-150x150.webp",150,150,true],"colormag-featured-image-large":["https:\/\/digital58.com.ve\/site\/wp-content\/uploads\/2025\/03\/Kylian-Mbappe-Real-Madrid.webp",900,600,false]},"uagb_author_info":{"display_name":"Villasmil Henry","author_link":"https:\/\/digital58.com.ve\/site\/author\/droopy_68\/"},"uagb_comment_info":0,"uagb_excerpt":"El delantero franc\u00e9s marc\u00f3 dos goles y el arquero belga fue decisivo para que el conjunto merengue venciera al Villarreal","_links":{"self":[{"href":"https:\/\/digital58.com.ve\/site\/wp-json\/wp\/v2\/posts\/185496","targetHints":{"allow":["GET"]}}],"collection":[{"href":"https:\/\/digital58.com.ve\/site\/wp-json\/wp\/v2\/posts"}],"about":[{"href":"https:\/\/digital58.com.ve\/site\/wp-json\/wp\/v2\/types\/post"}],"author":[{"embeddable":true,"href":"https:\/\/digital58.com.ve\/site\/wp-json\/wp\/v2\/users\/1"}],"replies":[{"embeddable":true,"href":"https:\/\/digital58.com.ve\/site\/wp-json\/wp\/v2\/comments?post=185496"}],"version-history":[{"count":3,"href":"https:\/\/digital58.com.ve\/site\/wp-json\/wp\/v2\/posts\/185496\/revisions"}],"predecessor-version":[{"id":185501,"href":"https:\/\/digital58.com.ve\/site\/wp-json\/wp\/v2\/posts\/185496\/revisions\/185501"}],"wp:featuredmedia":[{"embeddable":true,"href":"https:\/\/digital58.com.ve\/site\/wp-json\/wp\/v2\/media\/185500"}],"wp:attachment":[{"href":"https:\/\/digital58.com.ve\/site\/wp-json\/wp\/v2\/media?parent=185496"}],"wp:term":[{"taxonomy":"category","embeddable":true,"href":"https:\/\/digital58.com.ve\/site\/wp-json\/wp\/v2\/categories?post=185496"},{"taxonomy":"post_tag","embeddable":true,"href":"https:\/\/digital58.com.ve\/site\/wp-json\/wp\/v2\/tags?post=185496"}],"curies":[{"name":"wp","href":"https:\/\/api.w.org\/{rel}","templated":true}]}}