{"id":185773,"date":"2025-03-24T20:50:59","date_gmt":"2025-03-25T00:50:59","guid":{"rendered":"https:\/\/digital58.com.ve\/site\/?p=185773"},"modified":"2025-03-24T20:50:59","modified_gmt":"2025-03-25T00:50:59","slug":"george-foreman-adios-a-la-leyenda-del-boxeo-y-empresario-exitoso","status":"publish","type":"post","link":"https:\/\/digital58.com.ve\/site\/2025\/03\/24\/george-foreman-adios-a-la-leyenda-del-boxeo-y-empresario-exitoso\/","title":{"rendered":"George Foreman, adi\u00f3s a la leyenda del boxeo y empresario exitoso"},"content":{"rendered":"<p><a class=\"keychainify-checked\" href=\"https:\/\/digital58.com.ve\/site\/wp-content\/uploads\/2025\/03\/muere-george-foreman-25-1.webp\"><img loading=\"lazy\" decoding=\"async\" class=\"aligncenter wp-image-185777 size-full\" src=\"https:\/\/digital58.com.ve\/site\/wp-content\/uploads\/2025\/03\/muere-george-foreman-25-1.webp\" alt=\"George Foreman, doble campe\u00f3n mundial de peso pesado y medallista ol\u00edmpico en 1968, falleci\u00f3 este viernes a los 76 a\u00f1os. La familia confirm\u00f3 su deceso a trav\u00e9s de un comunicado, sin revelar la causa, resaltando la huella imborrable que dej\u00f3 tanto en el boxeo como en el \u00e1mbito empresarial.\" width=\"900\" height=\"600\" srcset=\"https:\/\/digital58.com.ve\/site\/wp-content\/uploads\/2025\/03\/muere-george-foreman-25-1.webp 900w, https:\/\/digital58.com.ve\/site\/wp-content\/uploads\/2025\/03\/muere-george-foreman-25-1-300x200.webp 300w, https:\/\/digital58.com.ve\/site\/wp-content\/uploads\/2025\/03\/muere-george-foreman-25-1-768x512.webp 768w\" sizes=\"auto, (max-width: 900px) 100vw, 900px\" \/><\/a><\/p>\n<blockquote><p>El excampe\u00f3n ol\u00edmpico y mundial de pesos pesados falleci\u00f3 a los 76 a\u00f1os dejando un legado imborrable en el deporte y los negocios.<\/p><\/blockquote>\n<p><strong>Chicago, EE. UU., 24 de marzo de 2025 (ND58).-<\/strong> <strong>George Foreman<\/strong>, doble campe\u00f3n mundial de peso pesado y medallista ol\u00edmpico en 1968, falleci\u00f3 este viernes a los 76 a\u00f1os. La familia confirm\u00f3 su deceso a trav\u00e9s de un comunicado, sin revelar la causa, resaltando la huella imborrable que dej\u00f3 tanto en el boxeo como en el \u00e1mbito empresarial.<\/p>\n<p><a class=\"keychainify-checked\" href=\"https:\/\/digital58.com.ve\/site\/wp-content\/uploads\/2025\/03\/muere-george-foreman-03-25-2.webp\"><img loading=\"lazy\" decoding=\"async\" class=\"aligncenter size-full wp-image-185776\" src=\"https:\/\/digital58.com.ve\/site\/wp-content\/uploads\/2025\/03\/muere-george-foreman-03-25-2.webp\" alt=\"\" width=\"900\" height=\"600\" srcset=\"https:\/\/digital58.com.ve\/site\/wp-content\/uploads\/2025\/03\/muere-george-foreman-03-25-2.webp 900w, https:\/\/digital58.com.ve\/site\/wp-content\/uploads\/2025\/03\/muere-george-foreman-03-25-2-300x200.webp 300w, https:\/\/digital58.com.ve\/site\/wp-content\/uploads\/2025\/03\/muere-george-foreman-03-25-2-768x512.webp 768w\" sizes=\"auto, (max-width: 900px) 100vw, 900px\" \/><\/a><\/p>\n<h2>El ascenso de Foreman: del barrio humilde al oro ol\u00edmpico<\/h2>\n<p>Nacido en Marshall, Texas, en 1949, Foreman creci\u00f3 en un entorno marcado por carencias econ\u00f3micas y dificultades familiares.<\/p>\n<p>Sin embargo, encontr\u00f3 en el boxeo una v\u00eda de escape, convirti\u00e9ndose en una de las figuras m\u00e1s prometedoras del circuito amateur.<\/p>\n<p>Su gran salto lleg\u00f3 en los Juegos Ol\u00edmpicos de Ciudad de M\u00e9xico 1968, donde conquist\u00f3 la medalla de oro, una haza\u00f1a que lo catapult\u00f3 al estrellato.<\/p>\n<p>Un a\u00f1o despu\u00e9s, inici\u00f3 su carrera profesional y en 1973 logr\u00f3 coronarse campe\u00f3n mundial de los pesos pesados tras derrotar por nocaut a Joe Frazier en Kingston, Jamaica.<\/p>\n<p>Foreman defendi\u00f3 con \u00e9xito su t\u00edtulo frente a rivales como Jos\u00e9 Rom\u00e1n y Ken Norton, consolid\u00e1ndose como uno de los pugilistas m\u00e1s temidos de la \u00e9poca.<\/p>\n<p><a class=\"keychainify-checked\" href=\"https:\/\/digital58.com.ve\/site\/wp-content\/uploads\/2025\/03\/muere-george-foreman-03-25-3.webp\"><img loading=\"lazy\" decoding=\"async\" class=\"aligncenter wp-image-185775 size-full\" src=\"https:\/\/digital58.com.ve\/site\/wp-content\/uploads\/2025\/03\/muere-george-foreman-03-25-3.webp\" alt=\"Uno de los cap\u00edtulos m\u00e1s recordados de la carrera de Foreman fue su enfrentamiento con Muhammad Ali en 1974, conocido como el \u00abRumble in the Jungle\u00bb.\" width=\"900\" height=\"600\" srcset=\"https:\/\/digital58.com.ve\/site\/wp-content\/uploads\/2025\/03\/muere-george-foreman-03-25-3.webp 900w, https:\/\/digital58.com.ve\/site\/wp-content\/uploads\/2025\/03\/muere-george-foreman-03-25-3-300x200.webp 300w, https:\/\/digital58.com.ve\/site\/wp-content\/uploads\/2025\/03\/muere-george-foreman-03-25-3-768x512.webp 768w\" sizes=\"auto, (max-width: 900px) 100vw, 900px\" \/><\/a><\/p>\n<h2>Foreman versus Ali: La pelea que cambi\u00f3 la historia del boxeo<\/h2>\n<p>Uno de los cap\u00edtulos m\u00e1s recordados de la carrera de Foreman fue su enfrentamiento con Muhammad Ali en 1974, conocido como el \u00abRumble in the Jungle\u00bb.<\/p>\n<p>Con diez millones de d\u00f3lares en juego, ambos boxeadores protagonizaron un combate \u00e9pico en Kinshasa, Congo. Aunque Foreman llegaba invicto y como favorito, Ali sorprendi\u00f3 con una estrategia basada en resistencia y provocaci\u00f3n, logrando noquear a Foreman y arrebat\u00e1ndole el t\u00edtulo.<\/p>\n<p>Pese a la rivalidad inicial, ambos deportistas cultivaron una amistad a\u00f1os despu\u00e9s, demostrando respeto mutuo y admiraci\u00f3n.<\/p>\n<p><a class=\"keychainify-checked\" href=\"https:\/\/digital58.com.ve\/site\/wp-content\/uploads\/2025\/03\/muere-george-foreman-03-25-4.webp\"><img loading=\"lazy\" decoding=\"async\" class=\"aligncenter size-full wp-image-185774\" src=\"https:\/\/digital58.com.ve\/site\/wp-content\/uploads\/2025\/03\/muere-george-foreman-03-25-4.webp\" alt=\"\" width=\"900\" height=\"600\" srcset=\"https:\/\/digital58.com.ve\/site\/wp-content\/uploads\/2025\/03\/muere-george-foreman-03-25-4.webp 900w, https:\/\/digital58.com.ve\/site\/wp-content\/uploads\/2025\/03\/muere-george-foreman-03-25-4-300x200.webp 300w, https:\/\/digital58.com.ve\/site\/wp-content\/uploads\/2025\/03\/muere-george-foreman-03-25-4-768x512.webp 768w\" sizes=\"auto, (max-width: 900px) 100vw, 900px\" \/><\/a><\/p>\n<h2>Un regreso hist\u00f3rico y una carrera multifac\u00e9tica<\/h2>\n<p>En 1994, contra todo pron\u00f3stico, Foreman recuper\u00f3 el t\u00edtulo mundial de los pesos pesados a los 45 a\u00f1os tras vencer a Michael Moorer, convirti\u00e9ndose en el boxeador m\u00e1s veterano en alcanzar dicha haza\u00f1a.<\/p>\n<p>Su carrera fue igualmente destacada fuera del <em>ring<\/em>: se convirti\u00f3 en predicador y empresario, ganando notoriedad por el \u00e9xito comercial de la parrilla el\u00e9ctrica \u00abGeorge Foreman Grill\u00bb, con millones de unidades vendidas.<\/p>\n<p><strong>Redacci\u00f3n ND58 | Fuente: EFE<\/strong><br \/>\n<strong>Edici\u00f3n: Villasmil, Henry<\/strong><br \/>\n<strong>Gr\u00e1ficas: EFE<\/strong><\/p>\n<p>&nbsp;<\/p>\n<p>&nbsp;<\/p><div class=\"hpkrr69f4fd3fd3ac9\" ><p style=\"text-align: center;\"><a href=\"https:\/\/t.me\/noticiasdigital58\" target=\"_blank\" rel=\"noopener\"><img class=\"aligncenter size-full wp-image-125363\" src=\"https:\/\/digital58.com.ve\/site\/wp-content\/uploads\/2021\/04\/banner-telegram-web-2021.png\" alt=\"\" width=\"600\" height=\"90\" \/><\/a><\/p><\/div><style type=\"text\/css\">\r\n@media screen and (min-width: 1201px) {\r\n.hpkrr69f4fd3fd3ac9 {\r\ndisplay: block;\r\n}\r\n}\r\n@media screen and (min-width: 993px) and (max-width: 1200px) {\r\n.hpkrr69f4fd3fd3ac9 {\r\ndisplay: block;\r\n}\r\n}\r\n@media screen and (min-width: 769px) and (max-width: 992px) {\r\n.hpkrr69f4fd3fd3ac9 {\r\ndisplay: block;\r\n}\r\n}\r\n@media screen and (min-width: 768px) and (max-width: 768px) {\r\n.hpkrr69f4fd3fd3ac9 {\r\ndisplay: block;\r\n}\r\n}\r\n@media screen and (max-width: 767px) {\r\n.hpkrr69f4fd3fd3ac9 {\r\ndisplay: block;\r\n}\r\n}\r\n<\/style>\r\n\n<p>&nbsp;<\/p>\n<div style=\"margin-top: 0px; margin-bottom: 0px;\" class=\"sharethis-inline-share-buttons\" ><\/div>","protected":false},"excerpt":{"rendered":"<p>El excampe\u00f3n ol\u00edmpico y mundial de pesos pesados falleci\u00f3 a los 76 a\u00f1os dejando un legado imborrable en el deporte<\/p>\n","protected":false},"author":1,"featured_media":185776,"comment_status":"open","ping_status":"closed","sticky":false,"template":"","format":"standard","meta":{"colormag_page_container_layout":"default_layout","colormag_page_sidebar_layout":"default_layout","_uag_custom_page_level_css":"","footnotes":""},"categories":[5402],"tags":[340,11223,34666,12740,34670,34669,8,34665,34667,341,34668],"class_list":["post-185773","post","type-post","status-publish","format-standard","has-post-thumbnail","hentry","category-deportes","tag-boxeo","tag-boxeo-internacional","tag-campeon-mundial-peso-pesado","tag-ee-uu","tag-george-foreman","tag-george-foreman-grill","tag-internacionales","tag-leyenda-del-boxeo","tag-medalla-olimpica-1968","tag-muhammad-ali","tag-rumble-in-the-jungle"],"yoast_head":"<!-- This site is optimized with the Yoast SEO plugin v27.5 - https:\/\/yoast.com\/product\/yoast-seo-wordpress\/ -->\n<title>George Foreman, adi\u00f3s a la leyenda del boxeo y empresario exitoso<\/title>\n<meta name=\"description\" content=\"George Foreman, leyenda del boxeo y empresario, falleci\u00f3 a los 76 a\u00f1os. Campe\u00f3n mundial y ol\u00edmpico, dej\u00f3 un legado imborrable en el deporte y los negocios.\" \/>\n<meta name=\"robots\" content=\"index, follow, max-snippet:-1, max-image-preview:large, max-video-preview:-1\" \/>\n<link rel=\"canonical\" href=\"https:\/\/digital58.com.ve\/site\/2025\/03\/24\/george-foreman-adios-a-la-leyenda-del-boxeo-y-empresario-exitoso\/\" \/>\n<meta property=\"og:locale\" content=\"es_ES\" \/>\n<meta property=\"og:type\" content=\"article\" \/>\n<meta property=\"og:title\" content=\"George Foreman, adi\u00f3s a la leyenda del boxeo y empresario exitoso\" \/>\n<meta property=\"og:description\" content=\"George Foreman, leyenda del boxeo y empresario, falleci\u00f3 a los 76 a\u00f1os. Campe\u00f3n mundial y ol\u00edmpico, dej\u00f3 un legado imborrable en el deporte y los negocios.\" \/>\n<meta property=\"og:url\" content=\"https:\/\/digital58.com.ve\/site\/2025\/03\/24\/george-foreman-adios-a-la-leyenda-del-boxeo-y-empresario-exitoso\/\" \/>\n<meta property=\"og:site_name\" content=\"Noticias Digital58\" \/>\n<meta property=\"article:published_time\" content=\"2025-03-25T00:50:59+00:00\" \/>\n<meta property=\"og:image\" content=\"https:\/\/digital58.com.ve\/site\/wp-content\/uploads\/2025\/03\/muere-george-foreman-03-25-2.webp\" \/>\n\t<meta property=\"og:image:width\" content=\"900\" \/>\n\t<meta property=\"og:image:height\" content=\"600\" \/>\n\t<meta property=\"og:image:type\" content=\"image\/webp\" \/>\n<meta name=\"author\" content=\"Villasmil Henry\" \/>\n<meta name=\"twitter:card\" content=\"summary_large_image\" \/>\n<meta name=\"twitter:creator\" content=\"@https:\/\/twitter.com\/villasmilhfoto\" \/>\n<meta name=\"twitter:site\" content=\"@villasmilhfoto\" \/>\n<meta name=\"twitter:label1\" content=\"Escrito por\" \/>\n\t<meta name=\"twitter:data1\" content=\"Villasmil Henry\" \/>\n\t<meta name=\"twitter:label2\" content=\"Tiempo estimado de lectura\" \/>\n\t<meta name=\"twitter:data2\" content=\"3 minutos\" \/>\n<script type=\"application\/ld+json\" class=\"yoast-schema-graph\">{\"@context\":\"https:\\\/\\\/schema.org\",\"@graph\":[{\"@type\":\"Article\",\"@id\":\"https:\\\/\\\/digital58.com.ve\\\/site\\\/2025\\\/03\\\/24\\\/george-foreman-adios-a-la-leyenda-del-boxeo-y-empresario-exitoso\\\/#article\",\"isPartOf\":{\"@id\":\"https:\\\/\\\/digital58.com.ve\\\/site\\\/2025\\\/03\\\/24\\\/george-foreman-adios-a-la-leyenda-del-boxeo-y-empresario-exitoso\\\/\"},\"author\":{\"name\":\"Villasmil Henry\",\"@id\":\"https:\\\/\\\/digital58.com.ve\\\/site\\\/#\\\/schema\\\/person\\\/64d1c2e4d0d4fd1b849980c4331c2951\"},\"headline\":\"George Foreman, adi\u00f3s a la leyenda del boxeo y empresario exitoso\",\"datePublished\":\"2025-03-25T00:50:59+00:00\",\"mainEntityOfPage\":{\"@id\":\"https:\\\/\\\/digital58.com.ve\\\/site\\\/2025\\\/03\\\/24\\\/george-foreman-adios-a-la-leyenda-del-boxeo-y-empresario-exitoso\\\/\"},\"wordCount\":434,\"commentCount\":0,\"publisher\":{\"@id\":\"https:\\\/\\\/digital58.com.ve\\\/site\\\/#\\\/schema\\\/person\\\/64d1c2e4d0d4fd1b849980c4331c2951\"},\"image\":{\"@id\":\"https:\\\/\\\/digital58.com.ve\\\/site\\\/2025\\\/03\\\/24\\\/george-foreman-adios-a-la-leyenda-del-boxeo-y-empresario-exitoso\\\/#primaryimage\"},\"thumbnailUrl\":\"https:\\\/\\\/digital58.com.ve\\\/site\\\/wp-content\\\/uploads\\\/2025\\\/03\\\/muere-george-foreman-03-25-2.webp\",\"keywords\":[\"Boxeo\",\"Boxeo Internacional\",\"Campe\u00f3n mundial peso pesado\",\"EE.UU\",\"George Foreman\",\"George Foreman Grill\",\"Internacionales\",\"Leyenda del boxeo\",\"Medalla ol\u00edmpica 1968\",\"Muhammad Ali\",\"Rumble in the Jungle\"],\"articleSection\":[\"Deportes\"],\"inLanguage\":\"es\",\"potentialAction\":[{\"@type\":\"CommentAction\",\"name\":\"Comment\",\"target\":[\"https:\\\/\\\/digital58.com.ve\\\/site\\\/2025\\\/03\\\/24\\\/george-foreman-adios-a-la-leyenda-del-boxeo-y-empresario-exitoso\\\/#respond\"]}]},{\"@type\":\"WebPage\",\"@id\":\"https:\\\/\\\/digital58.com.ve\\\/site\\\/2025\\\/03\\\/24\\\/george-foreman-adios-a-la-leyenda-del-boxeo-y-empresario-exitoso\\\/\",\"url\":\"https:\\\/\\\/digital58.com.ve\\\/site\\\/2025\\\/03\\\/24\\\/george-foreman-adios-a-la-leyenda-del-boxeo-y-empresario-exitoso\\\/\",\"name\":\"George Foreman, adi\u00f3s a la leyenda del boxeo y empresario exitoso\",\"isPartOf\":{\"@id\":\"https:\\\/\\\/digital58.com.ve\\\/site\\\/#website\"},\"primaryImageOfPage\":{\"@id\":\"https:\\\/\\\/digital58.com.ve\\\/site\\\/2025\\\/03\\\/24\\\/george-foreman-adios-a-la-leyenda-del-boxeo-y-empresario-exitoso\\\/#primaryimage\"},\"image\":{\"@id\":\"https:\\\/\\\/digital58.com.ve\\\/site\\\/2025\\\/03\\\/24\\\/george-foreman-adios-a-la-leyenda-del-boxeo-y-empresario-exitoso\\\/#primaryimage\"},\"thumbnailUrl\":\"https:\\\/\\\/digital58.com.ve\\\/site\\\/wp-content\\\/uploads\\\/2025\\\/03\\\/muere-george-foreman-03-25-2.webp\",\"datePublished\":\"2025-03-25T00:50:59+00:00\",\"description\":\"George Foreman, leyenda del boxeo y empresario, falleci\u00f3 a los 76 a\u00f1os. Campe\u00f3n mundial y ol\u00edmpico, dej\u00f3 un legado imborrable en el deporte y los negocios.\",\"breadcrumb\":{\"@id\":\"https:\\\/\\\/digital58.com.ve\\\/site\\\/2025\\\/03\\\/24\\\/george-foreman-adios-a-la-leyenda-del-boxeo-y-empresario-exitoso\\\/#breadcrumb\"},\"inLanguage\":\"es\",\"potentialAction\":[{\"@type\":\"ReadAction\",\"target\":[\"https:\\\/\\\/digital58.com.ve\\\/site\\\/2025\\\/03\\\/24\\\/george-foreman-adios-a-la-leyenda-del-boxeo-y-empresario-exitoso\\\/\"]}]},{\"@type\":\"ImageObject\",\"inLanguage\":\"es\",\"@id\":\"https:\\\/\\\/digital58.com.ve\\\/site\\\/2025\\\/03\\\/24\\\/george-foreman-adios-a-la-leyenda-del-boxeo-y-empresario-exitoso\\\/#primaryimage\",\"url\":\"https:\\\/\\\/digital58.com.ve\\\/site\\\/wp-content\\\/uploads\\\/2025\\\/03\\\/muere-george-foreman-03-25-2.webp\",\"contentUrl\":\"https:\\\/\\\/digital58.com.ve\\\/site\\\/wp-content\\\/uploads\\\/2025\\\/03\\\/muere-george-foreman-03-25-2.webp\",\"width\":900,\"height\":600},{\"@type\":\"BreadcrumbList\",\"@id\":\"https:\\\/\\\/digital58.com.ve\\\/site\\\/2025\\\/03\\\/24\\\/george-foreman-adios-a-la-leyenda-del-boxeo-y-empresario-exitoso\\\/#breadcrumb\",\"itemListElement\":[{\"@type\":\"ListItem\",\"position\":1,\"name\":\"Home\",\"item\":\"https:\\\/\\\/digital58.com.ve\\\/site\\\/\"},{\"@type\":\"ListItem\",\"position\":2,\"name\":\"George Foreman, adi\u00f3s a la leyenda del boxeo y empresario exitoso\"}]},{\"@type\":\"WebSite\",\"@id\":\"https:\\\/\\\/digital58.com.ve\\\/site\\\/#website\",\"url\":\"https:\\\/\\\/digital58.com.ve\\\/site\\\/\",\"name\":\"Noticias Digital58\",\"description\":\"Portal de Noticias \u00a1Periodismo web de verdad! Lanzamiento web 22.11.2005 \\\/ Maracaibo, Venezuela\",\"publisher\":{\"@id\":\"https:\\\/\\\/digital58.com.ve\\\/site\\\/#\\\/schema\\\/person\\\/64d1c2e4d0d4fd1b849980c4331c2951\"},\"alternateName\":\"ND58\",\"potentialAction\":[{\"@type\":\"SearchAction\",\"target\":{\"@type\":\"EntryPoint\",\"urlTemplate\":\"https:\\\/\\\/digital58.com.ve\\\/site\\\/?s={search_term_string}\"},\"query-input\":{\"@type\":\"PropertyValueSpecification\",\"valueRequired\":true,\"valueName\":\"search_term_string\"}}],\"inLanguage\":\"es\"},{\"@type\":[\"Person\",\"Organization\"],\"@id\":\"https:\\\/\\\/digital58.com.ve\\\/site\\\/#\\\/schema\\\/person\\\/64d1c2e4d0d4fd1b849980c4331c2951\",\"name\":\"Villasmil Henry\",\"image\":{\"@type\":\"ImageObject\",\"inLanguage\":\"es\",\"@id\":\"https:\\\/\\\/secure.gravatar.com\\\/avatar\\\/bb0c4a2fcb7970138239f7e404ea75757b1b507b28b5ce4c53fbd62d797c5a7c?s=96&d=mm&r=g\",\"url\":\"https:\\\/\\\/secure.gravatar.com\\\/avatar\\\/bb0c4a2fcb7970138239f7e404ea75757b1b507b28b5ce4c53fbd62d797c5a7c?s=96&d=mm&r=g\",\"contentUrl\":\"https:\\\/\\\/secure.gravatar.com\\\/avatar\\\/bb0c4a2fcb7970138239f7e404ea75757b1b507b28b5ce4c53fbd62d797c5a7c?s=96&d=mm&r=g\",\"caption\":\"Villasmil Henry\"},\"logo\":{\"@id\":\"https:\\\/\\\/secure.gravatar.com\\\/avatar\\\/bb0c4a2fcb7970138239f7e404ea75757b1b507b28b5ce4c53fbd62d797c5a7c?s=96&d=mm&r=g\"},\"sameAs\":[\"http:\\\/\\\/www.henryvillasmil.com.ve\",\"https:\\\/\\\/www.instagram.com\\\/villasmilhfoto\\\/\",\"https:\\\/\\\/x.com\\\/https:\\\/\\\/twitter.com\\\/villasmilhfoto\"],\"url\":\"https:\\\/\\\/digital58.com.ve\\\/site\\\/author\\\/droopy_68\\\/\"}]}<\/script>\n<!-- \/ Yoast SEO plugin. -->","yoast_head_json":{"title":"George Foreman, adi\u00f3s a la leyenda del boxeo y empresario exitoso","description":"George Foreman, leyenda del boxeo y empresario, falleci\u00f3 a los 76 a\u00f1os. Campe\u00f3n mundial y ol\u00edmpico, dej\u00f3 un legado imborrable en el deporte y los negocios.","robots":{"index":"index","follow":"follow","max-snippet":"max-snippet:-1","max-image-preview":"max-image-preview:large","max-video-preview":"max-video-preview:-1"},"canonical":"https:\/\/digital58.com.ve\/site\/2025\/03\/24\/george-foreman-adios-a-la-leyenda-del-boxeo-y-empresario-exitoso\/","og_locale":"es_ES","og_type":"article","og_title":"George Foreman, adi\u00f3s a la leyenda del boxeo y empresario exitoso","og_description":"George Foreman, leyenda del boxeo y empresario, falleci\u00f3 a los 76 a\u00f1os. Campe\u00f3n mundial y ol\u00edmpico, dej\u00f3 un legado imborrable en el deporte y los negocios.","og_url":"https:\/\/digital58.com.ve\/site\/2025\/03\/24\/george-foreman-adios-a-la-leyenda-del-boxeo-y-empresario-exitoso\/","og_site_name":"Noticias Digital58","article_published_time":"2025-03-25T00:50:59+00:00","og_image":[{"width":900,"height":600,"url":"https:\/\/digital58.com.ve\/site\/wp-content\/uploads\/2025\/03\/muere-george-foreman-03-25-2.webp","type":"image\/webp"}],"author":"Villasmil Henry","twitter_card":"summary_large_image","twitter_creator":"@https:\/\/twitter.com\/villasmilhfoto","twitter_site":"@villasmilhfoto","twitter_misc":{"Escrito por":"Villasmil Henry","Tiempo estimado de lectura":"3 minutos"},"schema":{"@context":"https:\/\/schema.org","@graph":[{"@type":"Article","@id":"https:\/\/digital58.com.ve\/site\/2025\/03\/24\/george-foreman-adios-a-la-leyenda-del-boxeo-y-empresario-exitoso\/#article","isPartOf":{"@id":"https:\/\/digital58.com.ve\/site\/2025\/03\/24\/george-foreman-adios-a-la-leyenda-del-boxeo-y-empresario-exitoso\/"},"author":{"name":"Villasmil Henry","@id":"https:\/\/digital58.com.ve\/site\/#\/schema\/person\/64d1c2e4d0d4fd1b849980c4331c2951"},"headline":"George Foreman, adi\u00f3s a la leyenda del boxeo y empresario exitoso","datePublished":"2025-03-25T00:50:59+00:00","mainEntityOfPage":{"@id":"https:\/\/digital58.com.ve\/site\/2025\/03\/24\/george-foreman-adios-a-la-leyenda-del-boxeo-y-empresario-exitoso\/"},"wordCount":434,"commentCount":0,"publisher":{"@id":"https:\/\/digital58.com.ve\/site\/#\/schema\/person\/64d1c2e4d0d4fd1b849980c4331c2951"},"image":{"@id":"https:\/\/digital58.com.ve\/site\/2025\/03\/24\/george-foreman-adios-a-la-leyenda-del-boxeo-y-empresario-exitoso\/#primaryimage"},"thumbnailUrl":"https:\/\/digital58.com.ve\/site\/wp-content\/uploads\/2025\/03\/muere-george-foreman-03-25-2.webp","keywords":["Boxeo","Boxeo Internacional","Campe\u00f3n mundial peso pesado","EE.UU","George Foreman","George Foreman Grill","Internacionales","Leyenda del boxeo","Medalla ol\u00edmpica 1968","Muhammad Ali","Rumble in the Jungle"],"articleSection":["Deportes"],"inLanguage":"es","potentialAction":[{"@type":"CommentAction","name":"Comment","target":["https:\/\/digital58.com.ve\/site\/2025\/03\/24\/george-foreman-adios-a-la-leyenda-del-boxeo-y-empresario-exitoso\/#respond"]}]},{"@type":"WebPage","@id":"https:\/\/digital58.com.ve\/site\/2025\/03\/24\/george-foreman-adios-a-la-leyenda-del-boxeo-y-empresario-exitoso\/","url":"https:\/\/digital58.com.ve\/site\/2025\/03\/24\/george-foreman-adios-a-la-leyenda-del-boxeo-y-empresario-exitoso\/","name":"George Foreman, adi\u00f3s a la leyenda del boxeo y empresario exitoso","isPartOf":{"@id":"https:\/\/digital58.com.ve\/site\/#website"},"primaryImageOfPage":{"@id":"https:\/\/digital58.com.ve\/site\/2025\/03\/24\/george-foreman-adios-a-la-leyenda-del-boxeo-y-empresario-exitoso\/#primaryimage"},"image":{"@id":"https:\/\/digital58.com.ve\/site\/2025\/03\/24\/george-foreman-adios-a-la-leyenda-del-boxeo-y-empresario-exitoso\/#primaryimage"},"thumbnailUrl":"https:\/\/digital58.com.ve\/site\/wp-content\/uploads\/2025\/03\/muere-george-foreman-03-25-2.webp","datePublished":"2025-03-25T00:50:59+00:00","description":"George Foreman, leyenda del boxeo y empresario, falleci\u00f3 a los 76 a\u00f1os. Campe\u00f3n mundial y ol\u00edmpico, dej\u00f3 un legado imborrable en el deporte y los negocios.","breadcrumb":{"@id":"https:\/\/digital58.com.ve\/site\/2025\/03\/24\/george-foreman-adios-a-la-leyenda-del-boxeo-y-empresario-exitoso\/#breadcrumb"},"inLanguage":"es","potentialAction":[{"@type":"ReadAction","target":["https:\/\/digital58.com.ve\/site\/2025\/03\/24\/george-foreman-adios-a-la-leyenda-del-boxeo-y-empresario-exitoso\/"]}]},{"@type":"ImageObject","inLanguage":"es","@id":"https:\/\/digital58.com.ve\/site\/2025\/03\/24\/george-foreman-adios-a-la-leyenda-del-boxeo-y-empresario-exitoso\/#primaryimage","url":"https:\/\/digital58.com.ve\/site\/wp-content\/uploads\/2025\/03\/muere-george-foreman-03-25-2.webp","contentUrl":"https:\/\/digital58.com.ve\/site\/wp-content\/uploads\/2025\/03\/muere-george-foreman-03-25-2.webp","width":900,"height":600},{"@type":"BreadcrumbList","@id":"https:\/\/digital58.com.ve\/site\/2025\/03\/24\/george-foreman-adios-a-la-leyenda-del-boxeo-y-empresario-exitoso\/#breadcrumb","itemListElement":[{"@type":"ListItem","position":1,"name":"Home","item":"https:\/\/digital58.com.ve\/site\/"},{"@type":"ListItem","position":2,"name":"George Foreman, adi\u00f3s a la leyenda del boxeo y empresario exitoso"}]},{"@type":"WebSite","@id":"https:\/\/digital58.com.ve\/site\/#website","url":"https:\/\/digital58.com.ve\/site\/","name":"Noticias Digital58","description":"Portal de Noticias \u00a1Periodismo web de verdad! Lanzamiento web 22.11.2005 \/ Maracaibo, Venezuela","publisher":{"@id":"https:\/\/digital58.com.ve\/site\/#\/schema\/person\/64d1c2e4d0d4fd1b849980c4331c2951"},"alternateName":"ND58","potentialAction":[{"@type":"SearchAction","target":{"@type":"EntryPoint","urlTemplate":"https:\/\/digital58.com.ve\/site\/?s={search_term_string}"},"query-input":{"@type":"PropertyValueSpecification","valueRequired":true,"valueName":"search_term_string"}}],"inLanguage":"es"},{"@type":["Person","Organization"],"@id":"https:\/\/digital58.com.ve\/site\/#\/schema\/person\/64d1c2e4d0d4fd1b849980c4331c2951","name":"Villasmil Henry","image":{"@type":"ImageObject","inLanguage":"es","@id":"https:\/\/secure.gravatar.com\/avatar\/bb0c4a2fcb7970138239f7e404ea75757b1b507b28b5ce4c53fbd62d797c5a7c?s=96&d=mm&r=g","url":"https:\/\/secure.gravatar.com\/avatar\/bb0c4a2fcb7970138239f7e404ea75757b1b507b28b5ce4c53fbd62d797c5a7c?s=96&d=mm&r=g","contentUrl":"https:\/\/secure.gravatar.com\/avatar\/bb0c4a2fcb7970138239f7e404ea75757b1b507b28b5ce4c53fbd62d797c5a7c?s=96&d=mm&r=g","caption":"Villasmil Henry"},"logo":{"@id":"https:\/\/secure.gravatar.com\/avatar\/bb0c4a2fcb7970138239f7e404ea75757b1b507b28b5ce4c53fbd62d797c5a7c?s=96&d=mm&r=g"},"sameAs":["http:\/\/www.henryvillasmil.com.ve","https:\/\/www.instagram.com\/villasmilhfoto\/","https:\/\/x.com\/https:\/\/twitter.com\/villasmilhfoto"],"url":"https:\/\/digital58.com.ve\/site\/author\/droopy_68\/"}]}},"uagb_featured_image_src":{"full":["https:\/\/digital58.com.ve\/site\/wp-content\/uploads\/2025\/03\/muere-george-foreman-03-25-2.webp",900,600,false],"thumbnail":["https:\/\/digital58.com.ve\/site\/wp-content\/uploads\/2025\/03\/muere-george-foreman-03-25-2-150x150.webp",150,150,true],"medium":["https:\/\/digital58.com.ve\/site\/wp-content\/uploads\/2025\/03\/muere-george-foreman-03-25-2-300x200.webp",300,200,true],"medium_large":["https:\/\/digital58.com.ve\/site\/wp-content\/uploads\/2025\/03\/muere-george-foreman-03-25-2-768x512.webp",768,512,true],"large":["https:\/\/digital58.com.ve\/site\/wp-content\/uploads\/2025\/03\/muere-george-foreman-03-25-2.webp",800,533,false],"1536x1536":["https:\/\/digital58.com.ve\/site\/wp-content\/uploads\/2025\/03\/muere-george-foreman-03-25-2.webp",900,600,false],"2048x2048":["https:\/\/digital58.com.ve\/site\/wp-content\/uploads\/2025\/03\/muere-george-foreman-03-25-2.webp",900,600,false],"colormag-highlighted-post":["https:\/\/digital58.com.ve\/site\/wp-content\/uploads\/2025\/03\/muere-george-foreman-03-25-2-392x272.webp",392,272,true],"colormag-featured-post-medium":["https:\/\/digital58.com.ve\/site\/wp-content\/uploads\/2025\/03\/muere-george-foreman-03-25-2-390x205.webp",390,205,true],"colormag-featured-post-small":["https:\/\/digital58.com.ve\/site\/wp-content\/uploads\/2025\/03\/muere-george-foreman-03-25-2-130x90.webp",130,90,true],"colormag-featured-image":["https:\/\/digital58.com.ve\/site\/wp-content\/uploads\/2025\/03\/muere-george-foreman-03-25-2-800x445.webp",800,445,true],"colormag-default-news":["https:\/\/digital58.com.ve\/site\/wp-content\/uploads\/2025\/03\/muere-george-foreman-03-25-2-150x150.webp",150,150,true],"colormag-featured-image-large":["https:\/\/digital58.com.ve\/site\/wp-content\/uploads\/2025\/03\/muere-george-foreman-03-25-2.webp",900,600,false]},"uagb_author_info":{"display_name":"Villasmil Henry","author_link":"https:\/\/digital58.com.ve\/site\/author\/droopy_68\/"},"uagb_comment_info":0,"uagb_excerpt":"El excampe\u00f3n ol\u00edmpico y mundial de pesos pesados falleci\u00f3 a los 76 a\u00f1os dejando un legado imborrable en el deporte","_links":{"self":[{"href":"https:\/\/digital58.com.ve\/site\/wp-json\/wp\/v2\/posts\/185773","targetHints":{"allow":["GET"]}}],"collection":[{"href":"https:\/\/digital58.com.ve\/site\/wp-json\/wp\/v2\/posts"}],"about":[{"href":"https:\/\/digital58.com.ve\/site\/wp-json\/wp\/v2\/types\/post"}],"author":[{"embeddable":true,"href":"https:\/\/digital58.com.ve\/site\/wp-json\/wp\/v2\/users\/1"}],"replies":[{"embeddable":true,"href":"https:\/\/digital58.com.ve\/site\/wp-json\/wp\/v2\/comments?post=185773"}],"version-history":[{"count":1,"href":"https:\/\/digital58.com.ve\/site\/wp-json\/wp\/v2\/posts\/185773\/revisions"}],"predecessor-version":[{"id":185778,"href":"https:\/\/digital58.com.ve\/site\/wp-json\/wp\/v2\/posts\/185773\/revisions\/185778"}],"wp:featuredmedia":[{"embeddable":true,"href":"https:\/\/digital58.com.ve\/site\/wp-json\/wp\/v2\/media\/185776"}],"wp:attachment":[{"href":"https:\/\/digital58.com.ve\/site\/wp-json\/wp\/v2\/media?parent=185773"}],"wp:term":[{"taxonomy":"category","embeddable":true,"href":"https:\/\/digital58.com.ve\/site\/wp-json\/wp\/v2\/categories?post=185773"},{"taxonomy":"post_tag","embeddable":true,"href":"https:\/\/digital58.com.ve\/site\/wp-json\/wp\/v2\/tags?post=185773"}],"curies":[{"name":"wp","href":"https:\/\/api.w.org\/{rel}","templated":true}]}}