{"id":186195,"date":"2025-04-08T16:43:43","date_gmt":"2025-04-08T20:43:43","guid":{"rendered":"https:\/\/digital58.com.ve\/site\/?p=186195"},"modified":"2025-04-08T17:57:51","modified_gmt":"2025-04-08T21:57:51","slug":"edgar-de-jesus-florido-perez-celebra-40-anos-de-excelencia-medica","status":"publish","type":"post","link":"https:\/\/digital58.com.ve\/site\/2025\/04\/08\/edgar-de-jesus-florido-perez-celebra-40-anos-de-excelencia-medica\/","title":{"rendered":"Edgar de Jes\u00fas Florido P\u00e9rez celebra 40 a\u00f1os de excelencia m\u00e9dica"},"content":{"rendered":"<p><img loading=\"lazy\" decoding=\"async\" class=\"aligncenter wp-image-186200 size-full\" src=\"https:\/\/digital58.com.ve\/site\/wp-content\/uploads\/2025\/04\/edgar11-1.jpg\" alt=\"\" width=\"720\" height=\"456\" srcset=\"https:\/\/digital58.com.ve\/site\/wp-content\/uploads\/2025\/04\/edgar11-1.jpg 720w, https:\/\/digital58.com.ve\/site\/wp-content\/uploads\/2025\/04\/edgar11-1-300x190.jpg 300w\" sizes=\"auto, (max-width: 720px) 100vw, 720px\" \/><\/p>\n<blockquote><p>El profesional de la salud se especializ\u00f3 en obstetricia y ginecolog\u00eda en Venezuela, aunque ahora radica en Estados Unidos, presentando un modelo de perseverancia y adaptabilidad profesional.<\/p><\/blockquote>\n<p><strong>Maracaibo, Zulia, Venezuela, 08 de abril de 2025 (D58).-<\/strong> En el \u00e1mbito de la salud, donde la vocaci\u00f3n y la constancia son fundamentales, el doctor Edgar de Jes\u00fas Florido P\u00e9rez se destaca como un ejemplo de dedicaci\u00f3n y compromiso profesional.<\/p>\n<p>Con cuatro d\u00e9cadas de experiencia como m\u00e9dico especialista en Obstetricia y Ginecolog\u00eda en Venezuela, y actualmente establecido en Estados Unidos, este m\u00e9dico representa un modelo de perseverancia y adaptabilidad profesional.<\/p>\n<p>La historia profesional de Florido est\u00e1 firmemente arraigada en la excelencia acad\u00e9mica. Graduado como M\u00e9dico Cirujano de la Universidad del Zulia, posteriormente complet\u00f3 su postgrado en Obstetricia y Ginecolog\u00eda en la misma instituci\u00f3n entre enero de 1986 y enero de 1990.<\/p>\n<p>Su carrera comenz\u00f3 con su servicio como M\u00e9dico Interno en el Hospital Central Dr. Urquinaona en Maracaibo entre 1983 y 1985, donde sent\u00f3 las bases para lo que ser\u00eda una extensa carrera en esta instituci\u00f3n de referencia regional en salud.<\/p>\n<p>Entre 1986 y 1990, ejerci\u00f3 como M\u00e9dico Residente en el mismo hospital, perfeccionando sus habilidades cl\u00ednicas y quir\u00fargicas en el campo de la obstetricia y ginecolog\u00eda. Posteriormente, entre enero de 1990 y diciembre de 2010, ocup\u00f3 el cargo de M\u00e9dico Especialista en Obstetricia y Ginecolog\u00eda en esta prestigiosa instituci\u00f3n de salud.<\/p>\n<p>Paralelamente a su labor asistencial, el doctor Florido ha demostrado un firme compromiso con la educaci\u00f3n m\u00e9dica. Durante dos d\u00e9cadas, de junio de 1990 a diciembre de 2010, se desempe\u00f1\u00f3 como Profesor Adjunto en la Universidad del Zulia, adscrito a la unidad de obstetricia y ginecolog\u00eda del Hospital Central Dr. Urquinaona.<\/p>\n<p>En este rol, contribuy\u00f3 significativamente a la formaci\u00f3n de numerosas generaciones de m\u00e9dicos generales y especialistas, transmitiendo no solo conocimientos t\u00e9cnicos, sino tambi\u00e9n valores \u00e9ticos fundamentales para la pr\u00e1ctica m\u00e9dica.<\/p>\n<p>Su dedicaci\u00f3n a la ense\u00f1anza qued\u00f3 reconocida al ser nombrado Patrono Honorario de la Promoci\u00f3n de M\u00e9dicos Especialistas en el 134\u00b0 Aniversario del Hospital Central Dr. Urquinaona, por sus contribuciones a la formaci\u00f3n profesional.<\/p>\n<p>Actualmente, el venezolano est\u00e1 explorando el desarrollo de un proyecto de telemedicina que busca mejorar el acceso a la atenci\u00f3n ginecol\u00f3gica y obst\u00e9trica especializada en \u00e1reas con recursos limitados.<\/p>\n<p>Este proyecto prospectivo contempla la implementaci\u00f3n de consultas virtuales, capacitaci\u00f3n a personal de salud local y desarrollo de protocolos de atenci\u00f3n adaptados al formato virtual, manteniendo la calidad y calidez de la consulta presencial.<\/p>\n<p>Para los profesionales m\u00e9dicos que buscan desarrollar carreras internacionales o reinventarse en nuevos contextos, la trayectoria del doctor Florido ofrece un mapa de ruta valioso.<\/p>\n<p>Su ejemplo demuestra que la combinaci\u00f3n de una s\u00f3lida formaci\u00f3n, experiencia diversificada, compromiso con la excelencia y capacidad de adaptaci\u00f3n constituye la base para una carrera m\u00e9dica sostenible y significativa.<\/p>\n<p>Como \u00e9l mismo afirma: \u00abEn medicina, nuestra mayor recompensa es saber que hemos contribuido al bienestar de nuestros pacientes y a la formaci\u00f3n de colegas que continuar\u00e1n esta labor. Esa es la verdadera trascendencia profesional\u00bb.<\/p>\n<p>En un momento en que los sistemas de salud enfrentan desaf\u00edos sin precedentes y la profesi\u00f3n m\u00e9dica experimenta transformaciones profundas, figuras como el Dr. Edgar de Jes\u00fas Florido P\u00e9rez nos recuerdan el valor perdurable del compromiso, la excelencia y la adaptabilidad en la noble misi\u00f3n de cuidar la salud humana.<\/p><div class=\"pnzod69f381a4986fa\" ><p style=\"text-align: center;\"><a href=\"https:\/\/t.me\/noticiasdigital58\" target=\"_blank\" rel=\"noopener\"><img class=\"aligncenter size-full wp-image-125363\" src=\"https:\/\/digital58.com.ve\/site\/wp-content\/uploads\/2021\/04\/banner-telegram-web-2021.png\" alt=\"\" width=\"600\" height=\"90\" \/><\/a><\/p><\/div><style type=\"text\/css\">\r\n@media screen and (min-width: 1201px) {\r\n.pnzod69f381a4986fa {\r\ndisplay: block;\r\n}\r\n}\r\n@media screen and (min-width: 993px) and (max-width: 1200px) {\r\n.pnzod69f381a4986fa {\r\ndisplay: block;\r\n}\r\n}\r\n@media screen and (min-width: 769px) and (max-width: 992px) {\r\n.pnzod69f381a4986fa {\r\ndisplay: block;\r\n}\r\n}\r\n@media screen and (min-width: 768px) and (max-width: 768px) {\r\n.pnzod69f381a4986fa {\r\ndisplay: block;\r\n}\r\n}\r\n@media screen and (max-width: 767px) {\r\n.pnzod69f381a4986fa {\r\ndisplay: block;\r\n}\r\n}\r\n<\/style>\r\n\n<p><strong>Redacci\u00f3n ND58 \/ Fuente: Cana\u00e1n, Nayib<\/strong><br \/>\n<strong>Edici\u00f3n: Villasmil, Henry<\/strong><br \/>\n<strong>Foto: Cortes\u00eda<\/strong><\/p>\n<div style=\"margin-top: 0px; margin-bottom: 0px;\" class=\"sharethis-inline-share-buttons\" ><\/div>","protected":false},"excerpt":{"rendered":"<p>El profesional de la salud se especializ\u00f3 en obstetricia y ginecolog\u00eda en Venezuela, aunque ahora radica en Estados Unidos, presentando<\/p>\n","protected":false},"author":20,"featured_media":186196,"comment_status":"open","ping_status":"closed","sticky":false,"template":"","format":"standard","meta":{"colormag_page_container_layout":"default_layout","colormag_page_sidebar_layout":"default_layout","_uag_custom_page_level_css":"","footnotes":""},"categories":[5405],"tags":[34727,73,32,761],"class_list":["post-186195","post","type-post","status-publish","format-standard","has-post-thumbnail","hentry","category-salud","tag-edgar-de-jesus-florido-perez","tag-maracaibo","tag-venezuela","tag-zulia"],"yoast_head":"<!-- This site is optimized with the Yoast SEO plugin v27.5 - https:\/\/yoast.com\/product\/yoast-seo-wordpress\/ -->\n<title>Edgar de Jes\u00fas Florido P\u00e9rez celebra 40 a\u00f1os de excelencia m\u00e9dica<\/title>\n<meta name=\"description\" content=\"En el \u00e1mbito de la salud, donde la vocaci\u00f3n y la constancia son fundamentales, el doctor Edgar de Jes\u00fas Florido P\u00e9rez se destaca como un ejemplo de dedicaci\u00f3n y compromiso profesional.\" \/>\n<meta name=\"robots\" content=\"index, follow, max-snippet:-1, max-image-preview:large, max-video-preview:-1\" \/>\n<link rel=\"canonical\" href=\"https:\/\/digital58.com.ve\/site\/2025\/04\/08\/edgar-de-jesus-florido-perez-celebra-40-anos-de-excelencia-medica\/\" \/>\n<meta property=\"og:locale\" content=\"es_ES\" \/>\n<meta property=\"og:type\" content=\"article\" \/>\n<meta property=\"og:title\" content=\"Edgar de Jes\u00fas Florido P\u00e9rez celebra 40 a\u00f1os de excelencia m\u00e9dica\" \/>\n<meta property=\"og:description\" content=\"En el \u00e1mbito de la salud, donde la vocaci\u00f3n y la constancia son fundamentales, el doctor Edgar de Jes\u00fas Florido P\u00e9rez se destaca como un ejemplo de dedicaci\u00f3n y compromiso profesional.\" \/>\n<meta property=\"og:url\" content=\"https:\/\/digital58.com.ve\/site\/2025\/04\/08\/edgar-de-jesus-florido-perez-celebra-40-anos-de-excelencia-medica\/\" \/>\n<meta property=\"og:site_name\" content=\"Noticias Digital58\" \/>\n<meta property=\"article:published_time\" content=\"2025-04-08T20:43:43+00:00\" \/>\n<meta property=\"article:modified_time\" content=\"2025-04-08T21:57:51+00:00\" \/>\n<meta property=\"og:image\" content=\"https:\/\/digital58.com.ve\/site\/wp-content\/uploads\/2025\/04\/edgar11.jpg\" \/>\n\t<meta property=\"og:image:width\" content=\"720\" \/>\n\t<meta property=\"og:image:height\" content=\"710\" \/>\n\t<meta property=\"og:image:type\" content=\"image\/jpeg\" \/>\n<meta name=\"author\" content=\"Cana\u00e1n Nayib\" \/>\n<meta name=\"twitter:card\" content=\"summary_large_image\" \/>\n<meta name=\"twitter:creator\" content=\"@Digital_58\" \/>\n<meta name=\"twitter:site\" content=\"@villasmilhfoto\" \/>\n<meta name=\"twitter:label1\" content=\"Escrito por\" \/>\n\t<meta name=\"twitter:data1\" content=\"Cana\u00e1n Nayib\" \/>\n\t<meta name=\"twitter:label2\" content=\"Tiempo estimado de lectura\" \/>\n\t<meta name=\"twitter:data2\" content=\"3 minutos\" \/>\n<script type=\"application\/ld+json\" class=\"yoast-schema-graph\">{\"@context\":\"https:\\\/\\\/schema.org\",\"@graph\":[{\"@type\":\"Article\",\"@id\":\"https:\\\/\\\/digital58.com.ve\\\/site\\\/2025\\\/04\\\/08\\\/edgar-de-jesus-florido-perez-celebra-40-anos-de-excelencia-medica\\\/#article\",\"isPartOf\":{\"@id\":\"https:\\\/\\\/digital58.com.ve\\\/site\\\/2025\\\/04\\\/08\\\/edgar-de-jesus-florido-perez-celebra-40-anos-de-excelencia-medica\\\/\"},\"author\":{\"name\":\"Cana\u00e1n Nayib\",\"@id\":\"https:\\\/\\\/digital58.com.ve\\\/site\\\/#\\\/schema\\\/person\\\/730f125d3b753ef33fc78d403e3544bd\"},\"headline\":\"Edgar de Jes\u00fas Florido P\u00e9rez celebra 40 a\u00f1os de excelencia m\u00e9dica\",\"datePublished\":\"2025-04-08T20:43:43+00:00\",\"dateModified\":\"2025-04-08T21:57:51+00:00\",\"mainEntityOfPage\":{\"@id\":\"https:\\\/\\\/digital58.com.ve\\\/site\\\/2025\\\/04\\\/08\\\/edgar-de-jesus-florido-perez-celebra-40-anos-de-excelencia-medica\\\/\"},\"wordCount\":621,\"commentCount\":0,\"publisher\":{\"@id\":\"https:\\\/\\\/digital58.com.ve\\\/site\\\/#\\\/schema\\\/person\\\/64d1c2e4d0d4fd1b849980c4331c2951\"},\"image\":{\"@id\":\"https:\\\/\\\/digital58.com.ve\\\/site\\\/2025\\\/04\\\/08\\\/edgar-de-jesus-florido-perez-celebra-40-anos-de-excelencia-medica\\\/#primaryimage\"},\"thumbnailUrl\":\"https:\\\/\\\/digital58.com.ve\\\/site\\\/wp-content\\\/uploads\\\/2025\\\/04\\\/edgar11.jpg\",\"keywords\":[\"Edgar de Jes\u00fas Florido P\u00e9rez\",\"Maracaibo\",\"Venezuela\",\"Zulia\"],\"articleSection\":[\"Salud\"],\"inLanguage\":\"es\",\"potentialAction\":[{\"@type\":\"CommentAction\",\"name\":\"Comment\",\"target\":[\"https:\\\/\\\/digital58.com.ve\\\/site\\\/2025\\\/04\\\/08\\\/edgar-de-jesus-florido-perez-celebra-40-anos-de-excelencia-medica\\\/#respond\"]}]},{\"@type\":\"WebPage\",\"@id\":\"https:\\\/\\\/digital58.com.ve\\\/site\\\/2025\\\/04\\\/08\\\/edgar-de-jesus-florido-perez-celebra-40-anos-de-excelencia-medica\\\/\",\"url\":\"https:\\\/\\\/digital58.com.ve\\\/site\\\/2025\\\/04\\\/08\\\/edgar-de-jesus-florido-perez-celebra-40-anos-de-excelencia-medica\\\/\",\"name\":\"Edgar de Jes\u00fas Florido P\u00e9rez celebra 40 a\u00f1os de excelencia m\u00e9dica\",\"isPartOf\":{\"@id\":\"https:\\\/\\\/digital58.com.ve\\\/site\\\/#website\"},\"primaryImageOfPage\":{\"@id\":\"https:\\\/\\\/digital58.com.ve\\\/site\\\/2025\\\/04\\\/08\\\/edgar-de-jesus-florido-perez-celebra-40-anos-de-excelencia-medica\\\/#primaryimage\"},\"image\":{\"@id\":\"https:\\\/\\\/digital58.com.ve\\\/site\\\/2025\\\/04\\\/08\\\/edgar-de-jesus-florido-perez-celebra-40-anos-de-excelencia-medica\\\/#primaryimage\"},\"thumbnailUrl\":\"https:\\\/\\\/digital58.com.ve\\\/site\\\/wp-content\\\/uploads\\\/2025\\\/04\\\/edgar11.jpg\",\"datePublished\":\"2025-04-08T20:43:43+00:00\",\"dateModified\":\"2025-04-08T21:57:51+00:00\",\"description\":\"En el \u00e1mbito de la salud, donde la vocaci\u00f3n y la constancia son fundamentales, el doctor Edgar de Jes\u00fas Florido P\u00e9rez se destaca como un ejemplo de dedicaci\u00f3n y compromiso profesional.\",\"breadcrumb\":{\"@id\":\"https:\\\/\\\/digital58.com.ve\\\/site\\\/2025\\\/04\\\/08\\\/edgar-de-jesus-florido-perez-celebra-40-anos-de-excelencia-medica\\\/#breadcrumb\"},\"inLanguage\":\"es\",\"potentialAction\":[{\"@type\":\"ReadAction\",\"target\":[\"https:\\\/\\\/digital58.com.ve\\\/site\\\/2025\\\/04\\\/08\\\/edgar-de-jesus-florido-perez-celebra-40-anos-de-excelencia-medica\\\/\"]}]},{\"@type\":\"ImageObject\",\"inLanguage\":\"es\",\"@id\":\"https:\\\/\\\/digital58.com.ve\\\/site\\\/2025\\\/04\\\/08\\\/edgar-de-jesus-florido-perez-celebra-40-anos-de-excelencia-medica\\\/#primaryimage\",\"url\":\"https:\\\/\\\/digital58.com.ve\\\/site\\\/wp-content\\\/uploads\\\/2025\\\/04\\\/edgar11.jpg\",\"contentUrl\":\"https:\\\/\\\/digital58.com.ve\\\/site\\\/wp-content\\\/uploads\\\/2025\\\/04\\\/edgar11.jpg\",\"width\":720,\"height\":710},{\"@type\":\"BreadcrumbList\",\"@id\":\"https:\\\/\\\/digital58.com.ve\\\/site\\\/2025\\\/04\\\/08\\\/edgar-de-jesus-florido-perez-celebra-40-anos-de-excelencia-medica\\\/#breadcrumb\",\"itemListElement\":[{\"@type\":\"ListItem\",\"position\":1,\"name\":\"Home\",\"item\":\"https:\\\/\\\/digital58.com.ve\\\/site\\\/\"},{\"@type\":\"ListItem\",\"position\":2,\"name\":\"Edgar de Jes\u00fas Florido P\u00e9rez celebra 40 a\u00f1os de excelencia m\u00e9dica\"}]},{\"@type\":\"WebSite\",\"@id\":\"https:\\\/\\\/digital58.com.ve\\\/site\\\/#website\",\"url\":\"https:\\\/\\\/digital58.com.ve\\\/site\\\/\",\"name\":\"Noticias Digital58\",\"description\":\"Portal de Noticias \u00a1Periodismo web de verdad! Lanzamiento web 22.11.2005 \\\/ Maracaibo, Venezuela\",\"publisher\":{\"@id\":\"https:\\\/\\\/digital58.com.ve\\\/site\\\/#\\\/schema\\\/person\\\/64d1c2e4d0d4fd1b849980c4331c2951\"},\"alternateName\":\"ND58\",\"potentialAction\":[{\"@type\":\"SearchAction\",\"target\":{\"@type\":\"EntryPoint\",\"urlTemplate\":\"https:\\\/\\\/digital58.com.ve\\\/site\\\/?s={search_term_string}\"},\"query-input\":{\"@type\":\"PropertyValueSpecification\",\"valueRequired\":true,\"valueName\":\"search_term_string\"}}],\"inLanguage\":\"es\"},{\"@type\":[\"Person\",\"Organization\"],\"@id\":\"https:\\\/\\\/digital58.com.ve\\\/site\\\/#\\\/schema\\\/person\\\/64d1c2e4d0d4fd1b849980c4331c2951\",\"name\":\"Villasmil Henry\",\"image\":{\"@type\":\"ImageObject\",\"inLanguage\":\"es\",\"@id\":\"https:\\\/\\\/secure.gravatar.com\\\/avatar\\\/bb0c4a2fcb7970138239f7e404ea75757b1b507b28b5ce4c53fbd62d797c5a7c?s=96&d=mm&r=g\",\"url\":\"https:\\\/\\\/secure.gravatar.com\\\/avatar\\\/bb0c4a2fcb7970138239f7e404ea75757b1b507b28b5ce4c53fbd62d797c5a7c?s=96&d=mm&r=g\",\"contentUrl\":\"https:\\\/\\\/secure.gravatar.com\\\/avatar\\\/bb0c4a2fcb7970138239f7e404ea75757b1b507b28b5ce4c53fbd62d797c5a7c?s=96&d=mm&r=g\",\"caption\":\"Villasmil Henry\"},\"logo\":{\"@id\":\"https:\\\/\\\/secure.gravatar.com\\\/avatar\\\/bb0c4a2fcb7970138239f7e404ea75757b1b507b28b5ce4c53fbd62d797c5a7c?s=96&d=mm&r=g\"},\"sameAs\":[\"http:\\\/\\\/www.henryvillasmil.com.ve\",\"https:\\\/\\\/www.instagram.com\\\/villasmilhfoto\\\/\",\"https:\\\/\\\/x.com\\\/https:\\\/\\\/twitter.com\\\/villasmilhfoto\"]},{\"@type\":\"Person\",\"@id\":\"https:\\\/\\\/digital58.com.ve\\\/site\\\/#\\\/schema\\\/person\\\/730f125d3b753ef33fc78d403e3544bd\",\"name\":\"Cana\u00e1n Nayib\",\"image\":{\"@type\":\"ImageObject\",\"inLanguage\":\"es\",\"@id\":\"https:\\\/\\\/secure.gravatar.com\\\/avatar\\\/ed8ccf663f2ad260520149da7d559dfa679a1540b599a98f841e423f68e4d7cc?s=96&d=mm&r=g\",\"url\":\"https:\\\/\\\/secure.gravatar.com\\\/avatar\\\/ed8ccf663f2ad260520149da7d559dfa679a1540b599a98f841e423f68e4d7cc?s=96&d=mm&r=g\",\"contentUrl\":\"https:\\\/\\\/secure.gravatar.com\\\/avatar\\\/ed8ccf663f2ad260520149da7d559dfa679a1540b599a98f841e423f68e4d7cc?s=96&d=mm&r=g\",\"caption\":\"Cana\u00e1n Nayib\"},\"url\":\"https:\\\/\\\/digital58.com.ve\\\/site\\\/author\\\/ncanaan\\\/\"}]}<\/script>\n<!-- \/ Yoast SEO plugin. -->","yoast_head_json":{"title":"Edgar de Jes\u00fas Florido P\u00e9rez celebra 40 a\u00f1os de excelencia m\u00e9dica","description":"En el \u00e1mbito de la salud, donde la vocaci\u00f3n y la constancia son fundamentales, el doctor Edgar de Jes\u00fas Florido P\u00e9rez se destaca como un ejemplo de dedicaci\u00f3n y compromiso profesional.","robots":{"index":"index","follow":"follow","max-snippet":"max-snippet:-1","max-image-preview":"max-image-preview:large","max-video-preview":"max-video-preview:-1"},"canonical":"https:\/\/digital58.com.ve\/site\/2025\/04\/08\/edgar-de-jesus-florido-perez-celebra-40-anos-de-excelencia-medica\/","og_locale":"es_ES","og_type":"article","og_title":"Edgar de Jes\u00fas Florido P\u00e9rez celebra 40 a\u00f1os de excelencia m\u00e9dica","og_description":"En el \u00e1mbito de la salud, donde la vocaci\u00f3n y la constancia son fundamentales, el doctor Edgar de Jes\u00fas Florido P\u00e9rez se destaca como un ejemplo de dedicaci\u00f3n y compromiso profesional.","og_url":"https:\/\/digital58.com.ve\/site\/2025\/04\/08\/edgar-de-jesus-florido-perez-celebra-40-anos-de-excelencia-medica\/","og_site_name":"Noticias Digital58","article_published_time":"2025-04-08T20:43:43+00:00","article_modified_time":"2025-04-08T21:57:51+00:00","og_image":[{"width":720,"height":710,"url":"https:\/\/digital58.com.ve\/site\/wp-content\/uploads\/2025\/04\/edgar11.jpg","type":"image\/jpeg"}],"author":"Cana\u00e1n Nayib","twitter_card":"summary_large_image","twitter_creator":"@Digital_58","twitter_site":"@villasmilhfoto","twitter_misc":{"Escrito por":"Cana\u00e1n Nayib","Tiempo estimado de lectura":"3 minutos"},"schema":{"@context":"https:\/\/schema.org","@graph":[{"@type":"Article","@id":"https:\/\/digital58.com.ve\/site\/2025\/04\/08\/edgar-de-jesus-florido-perez-celebra-40-anos-de-excelencia-medica\/#article","isPartOf":{"@id":"https:\/\/digital58.com.ve\/site\/2025\/04\/08\/edgar-de-jesus-florido-perez-celebra-40-anos-de-excelencia-medica\/"},"author":{"name":"Cana\u00e1n Nayib","@id":"https:\/\/digital58.com.ve\/site\/#\/schema\/person\/730f125d3b753ef33fc78d403e3544bd"},"headline":"Edgar de Jes\u00fas Florido P\u00e9rez celebra 40 a\u00f1os de excelencia m\u00e9dica","datePublished":"2025-04-08T20:43:43+00:00","dateModified":"2025-04-08T21:57:51+00:00","mainEntityOfPage":{"@id":"https:\/\/digital58.com.ve\/site\/2025\/04\/08\/edgar-de-jesus-florido-perez-celebra-40-anos-de-excelencia-medica\/"},"wordCount":621,"commentCount":0,"publisher":{"@id":"https:\/\/digital58.com.ve\/site\/#\/schema\/person\/64d1c2e4d0d4fd1b849980c4331c2951"},"image":{"@id":"https:\/\/digital58.com.ve\/site\/2025\/04\/08\/edgar-de-jesus-florido-perez-celebra-40-anos-de-excelencia-medica\/#primaryimage"},"thumbnailUrl":"https:\/\/digital58.com.ve\/site\/wp-content\/uploads\/2025\/04\/edgar11.jpg","keywords":["Edgar de Jes\u00fas Florido P\u00e9rez","Maracaibo","Venezuela","Zulia"],"articleSection":["Salud"],"inLanguage":"es","potentialAction":[{"@type":"CommentAction","name":"Comment","target":["https:\/\/digital58.com.ve\/site\/2025\/04\/08\/edgar-de-jesus-florido-perez-celebra-40-anos-de-excelencia-medica\/#respond"]}]},{"@type":"WebPage","@id":"https:\/\/digital58.com.ve\/site\/2025\/04\/08\/edgar-de-jesus-florido-perez-celebra-40-anos-de-excelencia-medica\/","url":"https:\/\/digital58.com.ve\/site\/2025\/04\/08\/edgar-de-jesus-florido-perez-celebra-40-anos-de-excelencia-medica\/","name":"Edgar de Jes\u00fas Florido P\u00e9rez celebra 40 a\u00f1os de excelencia m\u00e9dica","isPartOf":{"@id":"https:\/\/digital58.com.ve\/site\/#website"},"primaryImageOfPage":{"@id":"https:\/\/digital58.com.ve\/site\/2025\/04\/08\/edgar-de-jesus-florido-perez-celebra-40-anos-de-excelencia-medica\/#primaryimage"},"image":{"@id":"https:\/\/digital58.com.ve\/site\/2025\/04\/08\/edgar-de-jesus-florido-perez-celebra-40-anos-de-excelencia-medica\/#primaryimage"},"thumbnailUrl":"https:\/\/digital58.com.ve\/site\/wp-content\/uploads\/2025\/04\/edgar11.jpg","datePublished":"2025-04-08T20:43:43+00:00","dateModified":"2025-04-08T21:57:51+00:00","description":"En el \u00e1mbito de la salud, donde la vocaci\u00f3n y la constancia son fundamentales, el doctor Edgar de Jes\u00fas Florido P\u00e9rez se destaca como un ejemplo de dedicaci\u00f3n y compromiso profesional.","breadcrumb":{"@id":"https:\/\/digital58.com.ve\/site\/2025\/04\/08\/edgar-de-jesus-florido-perez-celebra-40-anos-de-excelencia-medica\/#breadcrumb"},"inLanguage":"es","potentialAction":[{"@type":"ReadAction","target":["https:\/\/digital58.com.ve\/site\/2025\/04\/08\/edgar-de-jesus-florido-perez-celebra-40-anos-de-excelencia-medica\/"]}]},{"@type":"ImageObject","inLanguage":"es","@id":"https:\/\/digital58.com.ve\/site\/2025\/04\/08\/edgar-de-jesus-florido-perez-celebra-40-anos-de-excelencia-medica\/#primaryimage","url":"https:\/\/digital58.com.ve\/site\/wp-content\/uploads\/2025\/04\/edgar11.jpg","contentUrl":"https:\/\/digital58.com.ve\/site\/wp-content\/uploads\/2025\/04\/edgar11.jpg","width":720,"height":710},{"@type":"BreadcrumbList","@id":"https:\/\/digital58.com.ve\/site\/2025\/04\/08\/edgar-de-jesus-florido-perez-celebra-40-anos-de-excelencia-medica\/#breadcrumb","itemListElement":[{"@type":"ListItem","position":1,"name":"Home","item":"https:\/\/digital58.com.ve\/site\/"},{"@type":"ListItem","position":2,"name":"Edgar de Jes\u00fas Florido P\u00e9rez celebra 40 a\u00f1os de excelencia m\u00e9dica"}]},{"@type":"WebSite","@id":"https:\/\/digital58.com.ve\/site\/#website","url":"https:\/\/digital58.com.ve\/site\/","name":"Noticias Digital58","description":"Portal de Noticias \u00a1Periodismo web de verdad! Lanzamiento web 22.11.2005 \/ Maracaibo, Venezuela","publisher":{"@id":"https:\/\/digital58.com.ve\/site\/#\/schema\/person\/64d1c2e4d0d4fd1b849980c4331c2951"},"alternateName":"ND58","potentialAction":[{"@type":"SearchAction","target":{"@type":"EntryPoint","urlTemplate":"https:\/\/digital58.com.ve\/site\/?s={search_term_string}"},"query-input":{"@type":"PropertyValueSpecification","valueRequired":true,"valueName":"search_term_string"}}],"inLanguage":"es"},{"@type":["Person","Organization"],"@id":"https:\/\/digital58.com.ve\/site\/#\/schema\/person\/64d1c2e4d0d4fd1b849980c4331c2951","name":"Villasmil Henry","image":{"@type":"ImageObject","inLanguage":"es","@id":"https:\/\/secure.gravatar.com\/avatar\/bb0c4a2fcb7970138239f7e404ea75757b1b507b28b5ce4c53fbd62d797c5a7c?s=96&d=mm&r=g","url":"https:\/\/secure.gravatar.com\/avatar\/bb0c4a2fcb7970138239f7e404ea75757b1b507b28b5ce4c53fbd62d797c5a7c?s=96&d=mm&r=g","contentUrl":"https:\/\/secure.gravatar.com\/avatar\/bb0c4a2fcb7970138239f7e404ea75757b1b507b28b5ce4c53fbd62d797c5a7c?s=96&d=mm&r=g","caption":"Villasmil Henry"},"logo":{"@id":"https:\/\/secure.gravatar.com\/avatar\/bb0c4a2fcb7970138239f7e404ea75757b1b507b28b5ce4c53fbd62d797c5a7c?s=96&d=mm&r=g"},"sameAs":["http:\/\/www.henryvillasmil.com.ve","https:\/\/www.instagram.com\/villasmilhfoto\/","https:\/\/x.com\/https:\/\/twitter.com\/villasmilhfoto"]},{"@type":"Person","@id":"https:\/\/digital58.com.ve\/site\/#\/schema\/person\/730f125d3b753ef33fc78d403e3544bd","name":"Cana\u00e1n Nayib","image":{"@type":"ImageObject","inLanguage":"es","@id":"https:\/\/secure.gravatar.com\/avatar\/ed8ccf663f2ad260520149da7d559dfa679a1540b599a98f841e423f68e4d7cc?s=96&d=mm&r=g","url":"https:\/\/secure.gravatar.com\/avatar\/ed8ccf663f2ad260520149da7d559dfa679a1540b599a98f841e423f68e4d7cc?s=96&d=mm&r=g","contentUrl":"https:\/\/secure.gravatar.com\/avatar\/ed8ccf663f2ad260520149da7d559dfa679a1540b599a98f841e423f68e4d7cc?s=96&d=mm&r=g","caption":"Cana\u00e1n Nayib"},"url":"https:\/\/digital58.com.ve\/site\/author\/ncanaan\/"}]}},"uagb_featured_image_src":{"full":["https:\/\/digital58.com.ve\/site\/wp-content\/uploads\/2025\/04\/edgar11.jpg",720,710,false],"thumbnail":["https:\/\/digital58.com.ve\/site\/wp-content\/uploads\/2025\/04\/edgar11-150x150.jpg",150,150,true],"medium":["https:\/\/digital58.com.ve\/site\/wp-content\/uploads\/2025\/04\/edgar11-300x296.jpg",300,296,true],"medium_large":["https:\/\/digital58.com.ve\/site\/wp-content\/uploads\/2025\/04\/edgar11.jpg",720,710,false],"large":["https:\/\/digital58.com.ve\/site\/wp-content\/uploads\/2025\/04\/edgar11.jpg",720,710,false],"1536x1536":["https:\/\/digital58.com.ve\/site\/wp-content\/uploads\/2025\/04\/edgar11.jpg",720,710,false],"2048x2048":["https:\/\/digital58.com.ve\/site\/wp-content\/uploads\/2025\/04\/edgar11.jpg",720,710,false],"colormag-highlighted-post":["https:\/\/digital58.com.ve\/site\/wp-content\/uploads\/2025\/04\/edgar11-392x272.jpg",392,272,true],"colormag-featured-post-medium":["https:\/\/digital58.com.ve\/site\/wp-content\/uploads\/2025\/04\/edgar11-390x205.jpg",390,205,true],"colormag-featured-post-small":["https:\/\/digital58.com.ve\/site\/wp-content\/uploads\/2025\/04\/edgar11-130x90.jpg",130,90,true],"colormag-featured-image":["https:\/\/digital58.com.ve\/site\/wp-content\/uploads\/2025\/04\/edgar11-720x445.jpg",720,445,true],"colormag-default-news":["https:\/\/digital58.com.ve\/site\/wp-content\/uploads\/2025\/04\/edgar11-150x150.jpg",150,150,true],"colormag-featured-image-large":["https:\/\/digital58.com.ve\/site\/wp-content\/uploads\/2025\/04\/edgar11-720x600.jpg",720,600,true]},"uagb_author_info":{"display_name":"Cana\u00e1n Nayib","author_link":"https:\/\/digital58.com.ve\/site\/author\/ncanaan\/"},"uagb_comment_info":0,"uagb_excerpt":"El profesional de la salud se especializ\u00f3 en obstetricia y ginecolog\u00eda en Venezuela, aunque ahora radica en Estados Unidos, presentando","_links":{"self":[{"href":"https:\/\/digital58.com.ve\/site\/wp-json\/wp\/v2\/posts\/186195","targetHints":{"allow":["GET"]}}],"collection":[{"href":"https:\/\/digital58.com.ve\/site\/wp-json\/wp\/v2\/posts"}],"about":[{"href":"https:\/\/digital58.com.ve\/site\/wp-json\/wp\/v2\/types\/post"}],"author":[{"embeddable":true,"href":"https:\/\/digital58.com.ve\/site\/wp-json\/wp\/v2\/users\/20"}],"replies":[{"embeddable":true,"href":"https:\/\/digital58.com.ve\/site\/wp-json\/wp\/v2\/comments?post=186195"}],"version-history":[{"count":4,"href":"https:\/\/digital58.com.ve\/site\/wp-json\/wp\/v2\/posts\/186195\/revisions"}],"predecessor-version":[{"id":186215,"href":"https:\/\/digital58.com.ve\/site\/wp-json\/wp\/v2\/posts\/186195\/revisions\/186215"}],"wp:featuredmedia":[{"embeddable":true,"href":"https:\/\/digital58.com.ve\/site\/wp-json\/wp\/v2\/media\/186196"}],"wp:attachment":[{"href":"https:\/\/digital58.com.ve\/site\/wp-json\/wp\/v2\/media?parent=186195"}],"wp:term":[{"taxonomy":"category","embeddable":true,"href":"https:\/\/digital58.com.ve\/site\/wp-json\/wp\/v2\/categories?post=186195"},{"taxonomy":"post_tag","embeddable":true,"href":"https:\/\/digital58.com.ve\/site\/wp-json\/wp\/v2\/tags?post=186195"}],"curies":[{"name":"wp","href":"https:\/\/api.w.org\/{rel}","templated":true}]}}