{"id":186486,"date":"2025-04-12T19:41:11","date_gmt":"2025-04-12T23:41:11","guid":{"rendered":"https:\/\/digital58.com.ve\/site\/?p=186486"},"modified":"2025-04-12T19:52:37","modified_gmt":"2025-04-12T23:52:37","slug":"voluntariado-unidos-por-el-zulia-encabezo-multitudinaria-jornada-en-apoyo-a-rosales","status":"publish","type":"post","link":"https:\/\/digital58.com.ve\/site\/2025\/04\/12\/voluntariado-unidos-por-el-zulia-encabezo-multitudinaria-jornada-en-apoyo-a-rosales\/","title":{"rendered":"Voluntariado \u00abUnidos por el Zulia\u00bb encabez\u00f3 multitudinaria jornada en apoyo a Rosales"},"content":{"rendered":"<p><a class=\"keychainify-checked\" href=\"https:\/\/digital58.com.ve\/site\/wp-content\/uploads\/2025\/04\/manuel-rosales-cne-12-04-25-18.webp\"><img loading=\"lazy\" decoding=\"async\" class=\"aligncenter wp-image-186487 size-full\" src=\"https:\/\/digital58.com.ve\/site\/wp-content\/uploads\/2025\/04\/manuel-rosales-cne-12-04-25-18.webp\" alt=\"Este s\u00e1bado 12 de abril, el gobernador del estado Zulia, Manuel Rosales Guerrero, formaliz\u00f3 su inscripci\u00f3n como candidato a la reelecci\u00f3n ante el Consejo Nacional Electoral (CNE), acompa\u00f1ado por una movilizaci\u00f3n masiva del voluntariado \u00abUnidos por el Zulia\u00bb.\" width=\"1000\" height=\"600\" srcset=\"https:\/\/digital58.com.ve\/site\/wp-content\/uploads\/2025\/04\/manuel-rosales-cne-12-04-25-18.webp 1000w, https:\/\/digital58.com.ve\/site\/wp-content\/uploads\/2025\/04\/manuel-rosales-cne-12-04-25-18-300x180.webp 300w, https:\/\/digital58.com.ve\/site\/wp-content\/uploads\/2025\/04\/manuel-rosales-cne-12-04-25-18-768x461.webp 768w\" sizes=\"auto, (max-width: 1000px) 100vw, 1000px\" \/><\/a><\/p>\n<blockquote><p>Manuel Rosales Guerrero\u00a0 formaliz\u00f3 su candidatura a la reelecci\u00f3n como gobernador del Zulia, acompa\u00f1ado por el voluntariado <strong>\u00abUnidos por el Zulia\u00bb<\/strong> y una amplia representaci\u00f3n ciudadana. Las elecciones ser\u00e1n el 25 de mayo.<\/p><\/blockquote>\n<p><strong>Maracaibo, Zulia, Venezuela, 12 de abril de 2025 (ND58).-<\/strong> Este s\u00e1bado 12 de abril, el gobernador del estado Zulia, Manuel Rosales Guerrero, formaliz\u00f3 su inscripci\u00f3n como candidato a la reelecci\u00f3n ante el <strong>Consejo Nacional Electoral (CNE)<\/strong>, acompa\u00f1ado por una movilizaci\u00f3n masiva del voluntariado <strong>\u00abUnidos por el Zulia\u00bb.<\/strong><\/p>\n<h2>Rosales oficializa su candidatura a la reelecci\u00f3n<\/h2>\n<p>La ciudad de Maracaibo fue escenario de una jornada cargada de fervor pol\u00edtico. Desde tempranas horas del s\u00e1bado, una multitudinaria marcha organizada por el voluntariado \u00abUnidos por el Zulia\u00bb acompa\u00f1\u00f3 al gobernador Manuel Rosales Guerrero hasta la sede regional del CNE, donde formaliz\u00f3 su postulaci\u00f3n para las elecciones del 25 de mayo.<\/p>\n<p>El acto representa el inicio de una nueva etapa en la campa\u00f1a electoral regional, donde Rosales buscar\u00e1 mantenerse al frente de la Gobernaci\u00f3n zuliana con el respaldo de diversos sectores sociales y pol\u00edticos.<\/p>\n<p><a class=\"keychainify-checked\" href=\"https:\/\/digital58.com.ve\/site\/wp-content\/uploads\/2025\/04\/manuel-rosales-cne-12-04-25-17.webp\"><img loading=\"lazy\" decoding=\"async\" class=\"aligncenter size-full wp-image-186488\" src=\"https:\/\/digital58.com.ve\/site\/wp-content\/uploads\/2025\/04\/manuel-rosales-cne-12-04-25-17.webp\" alt=\"\" width=\"1000\" height=\"600\" srcset=\"https:\/\/digital58.com.ve\/site\/wp-content\/uploads\/2025\/04\/manuel-rosales-cne-12-04-25-17.webp 1000w, https:\/\/digital58.com.ve\/site\/wp-content\/uploads\/2025\/04\/manuel-rosales-cne-12-04-25-17-300x180.webp 300w, https:\/\/digital58.com.ve\/site\/wp-content\/uploads\/2025\/04\/manuel-rosales-cne-12-04-25-17-768x461.webp 768w\" sizes=\"auto, (max-width: 1000px) 100vw, 1000px\" \/><\/a><\/p>\n<h2>Un respaldo ciudadano amplio y diverso<\/h2>\n<p>Juan Carlos Fern\u00e1ndez, segundo vicepresidente del voluntariado, destac\u00f3 que la participaci\u00f3n masiva es <strong>\u00abuna muestra inequ\u00edvoca del deseo del pueblo zuliano por dar continuidad a una gesti\u00f3n que ha rescatado al estado del abandono\u00bb<\/strong>.<\/p>\n<p>Seg\u00fan Fern\u00e1ndez, la convocatoria reuni\u00f3 a representantes de partidos pol\u00edticos, estudiantes, trabajadores, pensionados, gremios y ciudadanos de distintas localidades. <strong>\u00abAqu\u00ed estamos todos unidos para defender una gesti\u00f3n que ha tra\u00eddo progreso y bienestar\u00bb<\/strong>, asegur\u00f3.<\/p>\n<p><a class=\"keychainify-checked\" href=\"https:\/\/digital58.com.ve\/site\/wp-content\/uploads\/2025\/04\/manuel-rosales-cne-12-04-25-16.webp\"><img loading=\"lazy\" decoding=\"async\" class=\"aligncenter size-full wp-image-186489\" src=\"https:\/\/digital58.com.ve\/site\/wp-content\/uploads\/2025\/04\/manuel-rosales-cne-12-04-25-16.webp\" alt=\"\" width=\"1000\" height=\"600\" srcset=\"https:\/\/digital58.com.ve\/site\/wp-content\/uploads\/2025\/04\/manuel-rosales-cne-12-04-25-16.webp 1000w, https:\/\/digital58.com.ve\/site\/wp-content\/uploads\/2025\/04\/manuel-rosales-cne-12-04-25-16-300x180.webp 300w, https:\/\/digital58.com.ve\/site\/wp-content\/uploads\/2025\/04\/manuel-rosales-cne-12-04-25-16-768x461.webp 768w\" sizes=\"auto, (max-width: 1000px) 100vw, 1000px\" \/><\/a><\/p>\n<h2>Llamado a votar por la continuidad democr\u00e1tica<\/h2>\n<p>Durante su intervenci\u00f3n, Fern\u00e1ndez tambi\u00e9n enfatiz\u00f3 la importancia de ejercer el derecho al voto.<\/p>\n<p><strong>\u00abLa herramienta m\u00e1s poderosa para mantener la democracia es el sufragio. Invitamos a todos los zulianos a elegir la mejor opci\u00f3n, que es Manuel Rosales como gobernador\u00bb<\/strong>, manifest\u00f3 el tambi\u00e9n periodista y activista social.<\/p>\n<p>El voluntariado reafirm\u00f3 su compromiso con el proceso electoral y con una campa\u00f1a basada en propuestas, estabilidad y desarrollo para la regi\u00f3n zuliana.<\/p>\n<p><strong>Redacci\u00f3n ND58 | Fuente: Prensa Voluntarios Unidos por el Zulia<\/strong><br \/>\n<strong>Edici\u00f3n: Villasmil, Henry<\/strong><br \/>\n<strong>Gr\u00e1ficas: Cortes\u00eda Prensa Voluntarios Unidos por el Zulia<\/strong><\/p>\n<p>&nbsp;<\/p>\n<p>&nbsp;<\/p><div class=\"xtmwt69f4805e904de\" ><p style=\"text-align: center;\"><a href=\"https:\/\/t.me\/noticiasdigital58\" target=\"_blank\" rel=\"noopener\"><img class=\"aligncenter size-full wp-image-125363\" src=\"https:\/\/digital58.com.ve\/site\/wp-content\/uploads\/2021\/04\/banner-telegram-web-2021.png\" alt=\"\" width=\"600\" height=\"90\" \/><\/a><\/p><\/div><style type=\"text\/css\">\r\n@media screen and (min-width: 1201px) {\r\n.xtmwt69f4805e904de {\r\ndisplay: block;\r\n}\r\n}\r\n@media screen and (min-width: 993px) and (max-width: 1200px) {\r\n.xtmwt69f4805e904de {\r\ndisplay: block;\r\n}\r\n}\r\n@media screen and (min-width: 769px) and (max-width: 992px) {\r\n.xtmwt69f4805e904de {\r\ndisplay: block;\r\n}\r\n}\r\n@media screen and (min-width: 768px) and (max-width: 768px) {\r\n.xtmwt69f4805e904de {\r\ndisplay: block;\r\n}\r\n}\r\n@media screen and (max-width: 767px) {\r\n.xtmwt69f4805e904de {\r\ndisplay: block;\r\n}\r\n}\r\n<\/style>\r\n\n<p>&nbsp;<\/p>\n<div style=\"margin-top: 0px; margin-bottom: 0px;\" class=\"sharethis-inline-share-buttons\" ><\/div>","protected":false},"excerpt":{"rendered":"<p>Manuel Rosales Guerrero\u00a0 formaliz\u00f3 su candidatura a la reelecci\u00f3n como gobernador del Zulia, acompa\u00f1ado por el voluntariado \u00abUnidos por el<\/p>\n","protected":false},"author":1,"featured_media":186488,"comment_status":"open","ping_status":"closed","sticky":false,"template":"","format":"standard","meta":{"colormag_page_container_layout":"default_layout","colormag_page_sidebar_layout":"default_layout","_uag_custom_page_level_css":"","footnotes":""},"categories":[14504],"tags":[25694,2723,24635,9196,26086,73,233,8605,2354,732,2714,32,34725],"class_list":["post-186486","post","type-post","status-publish","format-standard","has-post-thumbnail","hentry","category-zulia","tag-candidato-a-la-gobernacion-del-zulia","tag-cne","tag-elecciones-de-gobernadores","tag-elecciones-regionales","tag-manuel-rosales-guerrero","tag-maracaibo","tag-nacionales","tag-oposicion-venezolana","tag-regionales","tag-un-nuevo-tiempo","tag-unt","tag-venezuela","tag-voluntarios-unidos-por-el-zulia"],"yoast_head":"<!-- This site is optimized with the Yoast SEO plugin v27.5 - https:\/\/yoast.com\/product\/yoast-seo-wordpress\/ -->\n<title>Voluntariado \u00abUnidos por el Zulia\u00bb encabez\u00f3 multitudinaria jornada en apoyo a Rosales<\/title>\n<meta name=\"description\" content=\"Manuel Rosales formaliz\u00f3 su candidatura a la reelecci\u00f3n como gobernador del Zulia, acompa\u00f1ado por el voluntariado \u00abUnidos por el Zulia\u00bb y una amplia representaci\u00f3n ciudadana. Las elecciones ser\u00e1n el 25 de mayo.\" \/>\n<meta name=\"robots\" content=\"index, follow, max-snippet:-1, max-image-preview:large, max-video-preview:-1\" \/>\n<link rel=\"canonical\" href=\"https:\/\/digital58.com.ve\/site\/2025\/04\/12\/voluntariado-unidos-por-el-zulia-encabezo-multitudinaria-jornada-en-apoyo-a-rosales\/\" \/>\n<meta property=\"og:locale\" content=\"es_ES\" \/>\n<meta property=\"og:type\" content=\"article\" \/>\n<meta property=\"og:title\" content=\"Voluntariado \u00abUnidos por el Zulia\u00bb encabez\u00f3 multitudinaria jornada en apoyo a Rosales\" \/>\n<meta property=\"og:description\" content=\"Manuel Rosales formaliz\u00f3 su candidatura a la reelecci\u00f3n como gobernador del Zulia, acompa\u00f1ado por el voluntariado \u00abUnidos por el Zulia\u00bb y una amplia representaci\u00f3n ciudadana. Las elecciones ser\u00e1n el 25 de mayo.\" \/>\n<meta property=\"og:url\" content=\"https:\/\/digital58.com.ve\/site\/2025\/04\/12\/voluntariado-unidos-por-el-zulia-encabezo-multitudinaria-jornada-en-apoyo-a-rosales\/\" \/>\n<meta property=\"og:site_name\" content=\"Noticias Digital58\" \/>\n<meta property=\"article:published_time\" content=\"2025-04-12T23:41:11+00:00\" \/>\n<meta property=\"article:modified_time\" content=\"2025-04-12T23:52:37+00:00\" \/>\n<meta property=\"og:image\" content=\"https:\/\/digital58.com.ve\/site\/wp-content\/uploads\/2025\/04\/manuel-rosales-cne-12-04-25-17.webp\" \/>\n\t<meta property=\"og:image:width\" content=\"1000\" \/>\n\t<meta property=\"og:image:height\" content=\"600\" \/>\n\t<meta property=\"og:image:type\" content=\"image\/webp\" \/>\n<meta name=\"author\" content=\"Villasmil Henry\" \/>\n<meta name=\"twitter:card\" content=\"summary_large_image\" \/>\n<meta name=\"twitter:creator\" content=\"@https:\/\/twitter.com\/villasmilhfoto\" \/>\n<meta name=\"twitter:site\" content=\"@villasmilhfoto\" \/>\n<meta name=\"twitter:label1\" content=\"Escrito por\" \/>\n\t<meta name=\"twitter:data1\" content=\"Villasmil Henry\" \/>\n\t<meta name=\"twitter:label2\" content=\"Tiempo estimado de lectura\" \/>\n\t<meta name=\"twitter:data2\" content=\"3 minutos\" \/>\n<script type=\"application\/ld+json\" class=\"yoast-schema-graph\">{\"@context\":\"https:\\\/\\\/schema.org\",\"@graph\":[{\"@type\":\"Article\",\"@id\":\"https:\\\/\\\/digital58.com.ve\\\/site\\\/2025\\\/04\\\/12\\\/voluntariado-unidos-por-el-zulia-encabezo-multitudinaria-jornada-en-apoyo-a-rosales\\\/#article\",\"isPartOf\":{\"@id\":\"https:\\\/\\\/digital58.com.ve\\\/site\\\/2025\\\/04\\\/12\\\/voluntariado-unidos-por-el-zulia-encabezo-multitudinaria-jornada-en-apoyo-a-rosales\\\/\"},\"author\":{\"name\":\"Villasmil Henry\",\"@id\":\"https:\\\/\\\/digital58.com.ve\\\/site\\\/#\\\/schema\\\/person\\\/64d1c2e4d0d4fd1b849980c4331c2951\"},\"headline\":\"Voluntariado \u00abUnidos por el Zulia\u00bb encabez\u00f3 multitudinaria jornada en apoyo a Rosales\",\"datePublished\":\"2025-04-12T23:41:11+00:00\",\"dateModified\":\"2025-04-12T23:52:37+00:00\",\"mainEntityOfPage\":{\"@id\":\"https:\\\/\\\/digital58.com.ve\\\/site\\\/2025\\\/04\\\/12\\\/voluntariado-unidos-por-el-zulia-encabezo-multitudinaria-jornada-en-apoyo-a-rosales\\\/\"},\"wordCount\":393,\"commentCount\":0,\"publisher\":{\"@id\":\"https:\\\/\\\/digital58.com.ve\\\/site\\\/#\\\/schema\\\/person\\\/64d1c2e4d0d4fd1b849980c4331c2951\"},\"image\":{\"@id\":\"https:\\\/\\\/digital58.com.ve\\\/site\\\/2025\\\/04\\\/12\\\/voluntariado-unidos-por-el-zulia-encabezo-multitudinaria-jornada-en-apoyo-a-rosales\\\/#primaryimage\"},\"thumbnailUrl\":\"https:\\\/\\\/digital58.com.ve\\\/site\\\/wp-content\\\/uploads\\\/2025\\\/04\\\/manuel-rosales-cne-12-04-25-17.webp\",\"keywords\":[\"Candidato a la Gobernaci\u00f3n del Zulia\",\"CNE\",\"Elecciones de gobernadores\",\"Elecciones Regionales\",\"Manuel Rosales Guerrero\",\"Maracaibo\",\"Nacionales\",\"Oposici\u00f3n Venezolana\",\"Regionales\",\"Un Nuevo Tiempo\",\"UNT\",\"Venezuela\",\"Voluntarios Unidos por el Zulia\"],\"articleSection\":[\"Zulia\"],\"inLanguage\":\"es\",\"potentialAction\":[{\"@type\":\"CommentAction\",\"name\":\"Comment\",\"target\":[\"https:\\\/\\\/digital58.com.ve\\\/site\\\/2025\\\/04\\\/12\\\/voluntariado-unidos-por-el-zulia-encabezo-multitudinaria-jornada-en-apoyo-a-rosales\\\/#respond\"]}]},{\"@type\":\"WebPage\",\"@id\":\"https:\\\/\\\/digital58.com.ve\\\/site\\\/2025\\\/04\\\/12\\\/voluntariado-unidos-por-el-zulia-encabezo-multitudinaria-jornada-en-apoyo-a-rosales\\\/\",\"url\":\"https:\\\/\\\/digital58.com.ve\\\/site\\\/2025\\\/04\\\/12\\\/voluntariado-unidos-por-el-zulia-encabezo-multitudinaria-jornada-en-apoyo-a-rosales\\\/\",\"name\":\"Voluntariado \u00abUnidos por el Zulia\u00bb encabez\u00f3 multitudinaria jornada en apoyo a Rosales\",\"isPartOf\":{\"@id\":\"https:\\\/\\\/digital58.com.ve\\\/site\\\/#website\"},\"primaryImageOfPage\":{\"@id\":\"https:\\\/\\\/digital58.com.ve\\\/site\\\/2025\\\/04\\\/12\\\/voluntariado-unidos-por-el-zulia-encabezo-multitudinaria-jornada-en-apoyo-a-rosales\\\/#primaryimage\"},\"image\":{\"@id\":\"https:\\\/\\\/digital58.com.ve\\\/site\\\/2025\\\/04\\\/12\\\/voluntariado-unidos-por-el-zulia-encabezo-multitudinaria-jornada-en-apoyo-a-rosales\\\/#primaryimage\"},\"thumbnailUrl\":\"https:\\\/\\\/digital58.com.ve\\\/site\\\/wp-content\\\/uploads\\\/2025\\\/04\\\/manuel-rosales-cne-12-04-25-17.webp\",\"datePublished\":\"2025-04-12T23:41:11+00:00\",\"dateModified\":\"2025-04-12T23:52:37+00:00\",\"description\":\"Manuel Rosales formaliz\u00f3 su candidatura a la reelecci\u00f3n como gobernador del Zulia, acompa\u00f1ado por el voluntariado \u00abUnidos por el Zulia\u00bb y una amplia representaci\u00f3n ciudadana. Las elecciones ser\u00e1n el 25 de mayo.\",\"breadcrumb\":{\"@id\":\"https:\\\/\\\/digital58.com.ve\\\/site\\\/2025\\\/04\\\/12\\\/voluntariado-unidos-por-el-zulia-encabezo-multitudinaria-jornada-en-apoyo-a-rosales\\\/#breadcrumb\"},\"inLanguage\":\"es\",\"potentialAction\":[{\"@type\":\"ReadAction\",\"target\":[\"https:\\\/\\\/digital58.com.ve\\\/site\\\/2025\\\/04\\\/12\\\/voluntariado-unidos-por-el-zulia-encabezo-multitudinaria-jornada-en-apoyo-a-rosales\\\/\"]}]},{\"@type\":\"ImageObject\",\"inLanguage\":\"es\",\"@id\":\"https:\\\/\\\/digital58.com.ve\\\/site\\\/2025\\\/04\\\/12\\\/voluntariado-unidos-por-el-zulia-encabezo-multitudinaria-jornada-en-apoyo-a-rosales\\\/#primaryimage\",\"url\":\"https:\\\/\\\/digital58.com.ve\\\/site\\\/wp-content\\\/uploads\\\/2025\\\/04\\\/manuel-rosales-cne-12-04-25-17.webp\",\"contentUrl\":\"https:\\\/\\\/digital58.com.ve\\\/site\\\/wp-content\\\/uploads\\\/2025\\\/04\\\/manuel-rosales-cne-12-04-25-17.webp\",\"width\":1000,\"height\":600},{\"@type\":\"BreadcrumbList\",\"@id\":\"https:\\\/\\\/digital58.com.ve\\\/site\\\/2025\\\/04\\\/12\\\/voluntariado-unidos-por-el-zulia-encabezo-multitudinaria-jornada-en-apoyo-a-rosales\\\/#breadcrumb\",\"itemListElement\":[{\"@type\":\"ListItem\",\"position\":1,\"name\":\"Home\",\"item\":\"https:\\\/\\\/digital58.com.ve\\\/site\\\/\"},{\"@type\":\"ListItem\",\"position\":2,\"name\":\"Voluntariado \u00abUnidos por el Zulia\u00bb encabez\u00f3 multitudinaria jornada en apoyo a Rosales\"}]},{\"@type\":\"WebSite\",\"@id\":\"https:\\\/\\\/digital58.com.ve\\\/site\\\/#website\",\"url\":\"https:\\\/\\\/digital58.com.ve\\\/site\\\/\",\"name\":\"Noticias Digital58\",\"description\":\"Portal de Noticias \u00a1Periodismo web de verdad! Lanzamiento web 22.11.2005 \\\/ Maracaibo, Venezuela\",\"publisher\":{\"@id\":\"https:\\\/\\\/digital58.com.ve\\\/site\\\/#\\\/schema\\\/person\\\/64d1c2e4d0d4fd1b849980c4331c2951\"},\"alternateName\":\"ND58\",\"potentialAction\":[{\"@type\":\"SearchAction\",\"target\":{\"@type\":\"EntryPoint\",\"urlTemplate\":\"https:\\\/\\\/digital58.com.ve\\\/site\\\/?s={search_term_string}\"},\"query-input\":{\"@type\":\"PropertyValueSpecification\",\"valueRequired\":true,\"valueName\":\"search_term_string\"}}],\"inLanguage\":\"es\"},{\"@type\":[\"Person\",\"Organization\"],\"@id\":\"https:\\\/\\\/digital58.com.ve\\\/site\\\/#\\\/schema\\\/person\\\/64d1c2e4d0d4fd1b849980c4331c2951\",\"name\":\"Villasmil Henry\",\"image\":{\"@type\":\"ImageObject\",\"inLanguage\":\"es\",\"@id\":\"https:\\\/\\\/secure.gravatar.com\\\/avatar\\\/bb0c4a2fcb7970138239f7e404ea75757b1b507b28b5ce4c53fbd62d797c5a7c?s=96&d=mm&r=g\",\"url\":\"https:\\\/\\\/secure.gravatar.com\\\/avatar\\\/bb0c4a2fcb7970138239f7e404ea75757b1b507b28b5ce4c53fbd62d797c5a7c?s=96&d=mm&r=g\",\"contentUrl\":\"https:\\\/\\\/secure.gravatar.com\\\/avatar\\\/bb0c4a2fcb7970138239f7e404ea75757b1b507b28b5ce4c53fbd62d797c5a7c?s=96&d=mm&r=g\",\"caption\":\"Villasmil Henry\"},\"logo\":{\"@id\":\"https:\\\/\\\/secure.gravatar.com\\\/avatar\\\/bb0c4a2fcb7970138239f7e404ea75757b1b507b28b5ce4c53fbd62d797c5a7c?s=96&d=mm&r=g\"},\"sameAs\":[\"http:\\\/\\\/www.henryvillasmil.com.ve\",\"https:\\\/\\\/www.instagram.com\\\/villasmilhfoto\\\/\",\"https:\\\/\\\/x.com\\\/https:\\\/\\\/twitter.com\\\/villasmilhfoto\"],\"url\":\"https:\\\/\\\/digital58.com.ve\\\/site\\\/author\\\/droopy_68\\\/\"}]}<\/script>\n<!-- \/ Yoast SEO plugin. -->","yoast_head_json":{"title":"Voluntariado \u00abUnidos por el Zulia\u00bb encabez\u00f3 multitudinaria jornada en apoyo a Rosales","description":"Manuel Rosales formaliz\u00f3 su candidatura a la reelecci\u00f3n como gobernador del Zulia, acompa\u00f1ado por el voluntariado \u00abUnidos por el Zulia\u00bb y una amplia representaci\u00f3n ciudadana. Las elecciones ser\u00e1n el 25 de mayo.","robots":{"index":"index","follow":"follow","max-snippet":"max-snippet:-1","max-image-preview":"max-image-preview:large","max-video-preview":"max-video-preview:-1"},"canonical":"https:\/\/digital58.com.ve\/site\/2025\/04\/12\/voluntariado-unidos-por-el-zulia-encabezo-multitudinaria-jornada-en-apoyo-a-rosales\/","og_locale":"es_ES","og_type":"article","og_title":"Voluntariado \u00abUnidos por el Zulia\u00bb encabez\u00f3 multitudinaria jornada en apoyo a Rosales","og_description":"Manuel Rosales formaliz\u00f3 su candidatura a la reelecci\u00f3n como gobernador del Zulia, acompa\u00f1ado por el voluntariado \u00abUnidos por el Zulia\u00bb y una amplia representaci\u00f3n ciudadana. Las elecciones ser\u00e1n el 25 de mayo.","og_url":"https:\/\/digital58.com.ve\/site\/2025\/04\/12\/voluntariado-unidos-por-el-zulia-encabezo-multitudinaria-jornada-en-apoyo-a-rosales\/","og_site_name":"Noticias Digital58","article_published_time":"2025-04-12T23:41:11+00:00","article_modified_time":"2025-04-12T23:52:37+00:00","og_image":[{"width":1000,"height":600,"url":"https:\/\/digital58.com.ve\/site\/wp-content\/uploads\/2025\/04\/manuel-rosales-cne-12-04-25-17.webp","type":"image\/webp"}],"author":"Villasmil Henry","twitter_card":"summary_large_image","twitter_creator":"@https:\/\/twitter.com\/villasmilhfoto","twitter_site":"@villasmilhfoto","twitter_misc":{"Escrito por":"Villasmil Henry","Tiempo estimado de lectura":"3 minutos"},"schema":{"@context":"https:\/\/schema.org","@graph":[{"@type":"Article","@id":"https:\/\/digital58.com.ve\/site\/2025\/04\/12\/voluntariado-unidos-por-el-zulia-encabezo-multitudinaria-jornada-en-apoyo-a-rosales\/#article","isPartOf":{"@id":"https:\/\/digital58.com.ve\/site\/2025\/04\/12\/voluntariado-unidos-por-el-zulia-encabezo-multitudinaria-jornada-en-apoyo-a-rosales\/"},"author":{"name":"Villasmil Henry","@id":"https:\/\/digital58.com.ve\/site\/#\/schema\/person\/64d1c2e4d0d4fd1b849980c4331c2951"},"headline":"Voluntariado \u00abUnidos por el Zulia\u00bb encabez\u00f3 multitudinaria jornada en apoyo a Rosales","datePublished":"2025-04-12T23:41:11+00:00","dateModified":"2025-04-12T23:52:37+00:00","mainEntityOfPage":{"@id":"https:\/\/digital58.com.ve\/site\/2025\/04\/12\/voluntariado-unidos-por-el-zulia-encabezo-multitudinaria-jornada-en-apoyo-a-rosales\/"},"wordCount":393,"commentCount":0,"publisher":{"@id":"https:\/\/digital58.com.ve\/site\/#\/schema\/person\/64d1c2e4d0d4fd1b849980c4331c2951"},"image":{"@id":"https:\/\/digital58.com.ve\/site\/2025\/04\/12\/voluntariado-unidos-por-el-zulia-encabezo-multitudinaria-jornada-en-apoyo-a-rosales\/#primaryimage"},"thumbnailUrl":"https:\/\/digital58.com.ve\/site\/wp-content\/uploads\/2025\/04\/manuel-rosales-cne-12-04-25-17.webp","keywords":["Candidato a la Gobernaci\u00f3n del Zulia","CNE","Elecciones de gobernadores","Elecciones Regionales","Manuel Rosales Guerrero","Maracaibo","Nacionales","Oposici\u00f3n Venezolana","Regionales","Un Nuevo Tiempo","UNT","Venezuela","Voluntarios Unidos por el Zulia"],"articleSection":["Zulia"],"inLanguage":"es","potentialAction":[{"@type":"CommentAction","name":"Comment","target":["https:\/\/digital58.com.ve\/site\/2025\/04\/12\/voluntariado-unidos-por-el-zulia-encabezo-multitudinaria-jornada-en-apoyo-a-rosales\/#respond"]}]},{"@type":"WebPage","@id":"https:\/\/digital58.com.ve\/site\/2025\/04\/12\/voluntariado-unidos-por-el-zulia-encabezo-multitudinaria-jornada-en-apoyo-a-rosales\/","url":"https:\/\/digital58.com.ve\/site\/2025\/04\/12\/voluntariado-unidos-por-el-zulia-encabezo-multitudinaria-jornada-en-apoyo-a-rosales\/","name":"Voluntariado \u00abUnidos por el Zulia\u00bb encabez\u00f3 multitudinaria jornada en apoyo a Rosales","isPartOf":{"@id":"https:\/\/digital58.com.ve\/site\/#website"},"primaryImageOfPage":{"@id":"https:\/\/digital58.com.ve\/site\/2025\/04\/12\/voluntariado-unidos-por-el-zulia-encabezo-multitudinaria-jornada-en-apoyo-a-rosales\/#primaryimage"},"image":{"@id":"https:\/\/digital58.com.ve\/site\/2025\/04\/12\/voluntariado-unidos-por-el-zulia-encabezo-multitudinaria-jornada-en-apoyo-a-rosales\/#primaryimage"},"thumbnailUrl":"https:\/\/digital58.com.ve\/site\/wp-content\/uploads\/2025\/04\/manuel-rosales-cne-12-04-25-17.webp","datePublished":"2025-04-12T23:41:11+00:00","dateModified":"2025-04-12T23:52:37+00:00","description":"Manuel Rosales formaliz\u00f3 su candidatura a la reelecci\u00f3n como gobernador del Zulia, acompa\u00f1ado por el voluntariado \u00abUnidos por el Zulia\u00bb y una amplia representaci\u00f3n ciudadana. Las elecciones ser\u00e1n el 25 de mayo.","breadcrumb":{"@id":"https:\/\/digital58.com.ve\/site\/2025\/04\/12\/voluntariado-unidos-por-el-zulia-encabezo-multitudinaria-jornada-en-apoyo-a-rosales\/#breadcrumb"},"inLanguage":"es","potentialAction":[{"@type":"ReadAction","target":["https:\/\/digital58.com.ve\/site\/2025\/04\/12\/voluntariado-unidos-por-el-zulia-encabezo-multitudinaria-jornada-en-apoyo-a-rosales\/"]}]},{"@type":"ImageObject","inLanguage":"es","@id":"https:\/\/digital58.com.ve\/site\/2025\/04\/12\/voluntariado-unidos-por-el-zulia-encabezo-multitudinaria-jornada-en-apoyo-a-rosales\/#primaryimage","url":"https:\/\/digital58.com.ve\/site\/wp-content\/uploads\/2025\/04\/manuel-rosales-cne-12-04-25-17.webp","contentUrl":"https:\/\/digital58.com.ve\/site\/wp-content\/uploads\/2025\/04\/manuel-rosales-cne-12-04-25-17.webp","width":1000,"height":600},{"@type":"BreadcrumbList","@id":"https:\/\/digital58.com.ve\/site\/2025\/04\/12\/voluntariado-unidos-por-el-zulia-encabezo-multitudinaria-jornada-en-apoyo-a-rosales\/#breadcrumb","itemListElement":[{"@type":"ListItem","position":1,"name":"Home","item":"https:\/\/digital58.com.ve\/site\/"},{"@type":"ListItem","position":2,"name":"Voluntariado \u00abUnidos por el Zulia\u00bb encabez\u00f3 multitudinaria jornada en apoyo a Rosales"}]},{"@type":"WebSite","@id":"https:\/\/digital58.com.ve\/site\/#website","url":"https:\/\/digital58.com.ve\/site\/","name":"Noticias Digital58","description":"Portal de Noticias \u00a1Periodismo web de verdad! Lanzamiento web 22.11.2005 \/ Maracaibo, Venezuela","publisher":{"@id":"https:\/\/digital58.com.ve\/site\/#\/schema\/person\/64d1c2e4d0d4fd1b849980c4331c2951"},"alternateName":"ND58","potentialAction":[{"@type":"SearchAction","target":{"@type":"EntryPoint","urlTemplate":"https:\/\/digital58.com.ve\/site\/?s={search_term_string}"},"query-input":{"@type":"PropertyValueSpecification","valueRequired":true,"valueName":"search_term_string"}}],"inLanguage":"es"},{"@type":["Person","Organization"],"@id":"https:\/\/digital58.com.ve\/site\/#\/schema\/person\/64d1c2e4d0d4fd1b849980c4331c2951","name":"Villasmil Henry","image":{"@type":"ImageObject","inLanguage":"es","@id":"https:\/\/secure.gravatar.com\/avatar\/bb0c4a2fcb7970138239f7e404ea75757b1b507b28b5ce4c53fbd62d797c5a7c?s=96&d=mm&r=g","url":"https:\/\/secure.gravatar.com\/avatar\/bb0c4a2fcb7970138239f7e404ea75757b1b507b28b5ce4c53fbd62d797c5a7c?s=96&d=mm&r=g","contentUrl":"https:\/\/secure.gravatar.com\/avatar\/bb0c4a2fcb7970138239f7e404ea75757b1b507b28b5ce4c53fbd62d797c5a7c?s=96&d=mm&r=g","caption":"Villasmil Henry"},"logo":{"@id":"https:\/\/secure.gravatar.com\/avatar\/bb0c4a2fcb7970138239f7e404ea75757b1b507b28b5ce4c53fbd62d797c5a7c?s=96&d=mm&r=g"},"sameAs":["http:\/\/www.henryvillasmil.com.ve","https:\/\/www.instagram.com\/villasmilhfoto\/","https:\/\/x.com\/https:\/\/twitter.com\/villasmilhfoto"],"url":"https:\/\/digital58.com.ve\/site\/author\/droopy_68\/"}]}},"uagb_featured_image_src":{"full":["https:\/\/digital58.com.ve\/site\/wp-content\/uploads\/2025\/04\/manuel-rosales-cne-12-04-25-17.webp",1000,600,false],"thumbnail":["https:\/\/digital58.com.ve\/site\/wp-content\/uploads\/2025\/04\/manuel-rosales-cne-12-04-25-17-150x150.webp",150,150,true],"medium":["https:\/\/digital58.com.ve\/site\/wp-content\/uploads\/2025\/04\/manuel-rosales-cne-12-04-25-17-300x180.webp",300,180,true],"medium_large":["https:\/\/digital58.com.ve\/site\/wp-content\/uploads\/2025\/04\/manuel-rosales-cne-12-04-25-17-768x461.webp",768,461,true],"large":["https:\/\/digital58.com.ve\/site\/wp-content\/uploads\/2025\/04\/manuel-rosales-cne-12-04-25-17.webp",800,480,false],"1536x1536":["https:\/\/digital58.com.ve\/site\/wp-content\/uploads\/2025\/04\/manuel-rosales-cne-12-04-25-17.webp",1000,600,false],"2048x2048":["https:\/\/digital58.com.ve\/site\/wp-content\/uploads\/2025\/04\/manuel-rosales-cne-12-04-25-17.webp",1000,600,false],"colormag-highlighted-post":["https:\/\/digital58.com.ve\/site\/wp-content\/uploads\/2025\/04\/manuel-rosales-cne-12-04-25-17-392x272.webp",392,272,true],"colormag-featured-post-medium":["https:\/\/digital58.com.ve\/site\/wp-content\/uploads\/2025\/04\/manuel-rosales-cne-12-04-25-17-390x205.webp",390,205,true],"colormag-featured-post-small":["https:\/\/digital58.com.ve\/site\/wp-content\/uploads\/2025\/04\/manuel-rosales-cne-12-04-25-17-130x90.webp",130,90,true],"colormag-featured-image":["https:\/\/digital58.com.ve\/site\/wp-content\/uploads\/2025\/04\/manuel-rosales-cne-12-04-25-17-800x445.webp",800,445,true],"colormag-default-news":["https:\/\/digital58.com.ve\/site\/wp-content\/uploads\/2025\/04\/manuel-rosales-cne-12-04-25-17-150x150.webp",150,150,true],"colormag-featured-image-large":["https:\/\/digital58.com.ve\/site\/wp-content\/uploads\/2025\/04\/manuel-rosales-cne-12-04-25-17.webp",1000,600,false]},"uagb_author_info":{"display_name":"Villasmil Henry","author_link":"https:\/\/digital58.com.ve\/site\/author\/droopy_68\/"},"uagb_comment_info":0,"uagb_excerpt":"Manuel Rosales Guerrero\u00a0 formaliz\u00f3 su candidatura a la reelecci\u00f3n como gobernador del Zulia, acompa\u00f1ado por el voluntariado \u00abUnidos por el","_links":{"self":[{"href":"https:\/\/digital58.com.ve\/site\/wp-json\/wp\/v2\/posts\/186486","targetHints":{"allow":["GET"]}}],"collection":[{"href":"https:\/\/digital58.com.ve\/site\/wp-json\/wp\/v2\/posts"}],"about":[{"href":"https:\/\/digital58.com.ve\/site\/wp-json\/wp\/v2\/types\/post"}],"author":[{"embeddable":true,"href":"https:\/\/digital58.com.ve\/site\/wp-json\/wp\/v2\/users\/1"}],"replies":[{"embeddable":true,"href":"https:\/\/digital58.com.ve\/site\/wp-json\/wp\/v2\/comments?post=186486"}],"version-history":[{"count":1,"href":"https:\/\/digital58.com.ve\/site\/wp-json\/wp\/v2\/posts\/186486\/revisions"}],"predecessor-version":[{"id":186490,"href":"https:\/\/digital58.com.ve\/site\/wp-json\/wp\/v2\/posts\/186486\/revisions\/186490"}],"wp:featuredmedia":[{"embeddable":true,"href":"https:\/\/digital58.com.ve\/site\/wp-json\/wp\/v2\/media\/186488"}],"wp:attachment":[{"href":"https:\/\/digital58.com.ve\/site\/wp-json\/wp\/v2\/media?parent=186486"}],"wp:term":[{"taxonomy":"category","embeddable":true,"href":"https:\/\/digital58.com.ve\/site\/wp-json\/wp\/v2\/categories?post=186486"},{"taxonomy":"post_tag","embeddable":true,"href":"https:\/\/digital58.com.ve\/site\/wp-json\/wp\/v2\/tags?post=186486"}],"curies":[{"name":"wp","href":"https:\/\/api.w.org\/{rel}","templated":true}]}}