{"id":186551,"date":"2025-04-14T21:54:23","date_gmt":"2025-04-15T01:54:23","guid":{"rendered":"https:\/\/digital58.com.ve\/site\/?p=186551"},"modified":"2025-04-14T21:54:23","modified_gmt":"2025-04-15T01:54:23","slug":"gobernacion-del-zulia-rinde-homenaje-a-ingrid-alexandrescu","status":"publish","type":"post","link":"https:\/\/digital58.com.ve\/site\/2025\/04\/14\/gobernacion-del-zulia-rinde-homenaje-a-ingrid-alexandrescu\/","title":{"rendered":"Gobernaci\u00f3n del Zulia rinde homenaje a Ingrid Alexandrescu"},"content":{"rendered":"<p><a class=\"keychainify-checked\" href=\"https:\/\/digital58.com.ve\/site\/wp-content\/uploads\/2025\/04\/homenaje-ingrid-alexandrescu-25-1.webp\"><img loading=\"lazy\" decoding=\"async\" class=\"aligncenter size-full wp-image-186554\" src=\"https:\/\/digital58.com.ve\/site\/wp-content\/uploads\/2025\/04\/homenaje-ingrid-alexandrescu-25-1.webp\" alt=\"\" width=\"1000\" height=\"667\" srcset=\"https:\/\/digital58.com.ve\/site\/wp-content\/uploads\/2025\/04\/homenaje-ingrid-alexandrescu-25-1.webp 1000w, https:\/\/digital58.com.ve\/site\/wp-content\/uploads\/2025\/04\/homenaje-ingrid-alexandrescu-25-1-300x200.webp 300w, https:\/\/digital58.com.ve\/site\/wp-content\/uploads\/2025\/04\/homenaje-ingrid-alexandrescu-25-1-768x512.webp 768w\" sizes=\"auto, (max-width: 1000px) 100vw, 1000px\" \/><\/a><\/p>\n<p>La Fundaci\u00f3n de la Gaita Ricardo Aguirre celebr\u00f3 la trayectoria art\u00edstica de la reconocida cantante zuliana con un emotivo acto musical.<\/p>\n<p><strong>Maracaibo, Zulia, Venezuela, 14 de abril de 2025 (ND58).-<\/strong> La Gobernaci\u00f3n del Estado Zulia, a trav\u00e9s de Fundagraez, rindi\u00f3 este 04 de abril un homenaje en vida a Ingrid Alexandrescu M\u00fcller, destacada exponente femenina de la gaita zuliana, durante una velada cultural en el bulevar Santa Luc\u00eda.<\/p>\n<h2>Homenaje musical a una voz inolvidable<\/h2>\n<p>Ingrid Alexandrescu M\u00fcller, considerada una de las voces femeninas m\u00e1s emblem\u00e1ticas de la gaita zuliana, fue homenajeada por su legado art\u00edstico y su labor en la Fundaci\u00f3n de la Gaita Ricardo Aguirre del Estado Zulia (Fundagraez), donde ejerci\u00f3 como directiva y l\u00edder de proyectos educativos durante nueve a\u00f1os.<\/p>\n<p>El acto se llev\u00f3 a cabo en el bulevar Santa Luc\u00eda, donde ni\u00f1as, j\u00f3venes y reconocidas damas gaiteras interpretaron una selecci\u00f3n de veinte gaitas que inmortalizaron la voz de Alexandrescu.<\/p>\n<p>La conducci\u00f3n del evento estuvo a cargo de Moraima Guti\u00e9rrez, conocida como \u00abla T\u00eda Mora\u00bb, y el solista gaitero Adolfo Ochoa.<\/p>\n<p><a class=\"keychainify-checked\" href=\"https:\/\/digital58.com.ve\/site\/wp-content\/uploads\/2025\/04\/homenaje-ingrid-alexandrescu-25-3.webp\"><img loading=\"lazy\" decoding=\"async\" class=\"aligncenter size-full wp-image-186552\" src=\"https:\/\/digital58.com.ve\/site\/wp-content\/uploads\/2025\/04\/homenaje-ingrid-alexandrescu-25-3.webp\" alt=\"\" width=\"1000\" height=\"667\" srcset=\"https:\/\/digital58.com.ve\/site\/wp-content\/uploads\/2025\/04\/homenaje-ingrid-alexandrescu-25-3.webp 1000w, https:\/\/digital58.com.ve\/site\/wp-content\/uploads\/2025\/04\/homenaje-ingrid-alexandrescu-25-3-300x200.webp 300w, https:\/\/digital58.com.ve\/site\/wp-content\/uploads\/2025\/04\/homenaje-ingrid-alexandrescu-25-3-768x512.webp 768w\" sizes=\"auto, (max-width: 1000px) 100vw, 1000px\" \/><\/a><\/p>\n<h2>Voces j\u00f3venes rindieron tributo<\/h2>\n<p>La presentaci\u00f3n musical comenz\u00f3 con la interpretaci\u00f3n de Ana \u00abAnita\u00bb Acurero, seguida por Ana Bosc\u00e1n, el dueto de Sulianni Rosario y Viviana Dur\u00e1n, y otras j\u00f3venes int\u00e9rpretes como Fabiana V\u00edlchez, Yornelis Acurero, Eduangi Silva, Diana Luc\u00eda L\u00f3pez, Gabriela Leal y Mariangel Colmenares, quienes dieron vida a cl\u00e1sicos como \u00abLa creaci\u00f3n\u00bb, \u00abCree\u00bb, \u00abSolo quiero conocerla\u00bb y \u00abDios lo quiso as\u00ed\u00bb.<\/p>\n<h2>Reconocimiento oficial a su trayectoria<\/h2>\n<p>En representaci\u00f3n del gobernador Manuel Rosales Guerrero, la secretaria de Cultura, Viviana M\u00e1rquez, junto al presidente de Fundagraez, Ronni Aguirre, entregaron a Alexandrescu una placa de reconocimiento por su aporte a la gaita zuliana y su dedicaci\u00f3n a la formaci\u00f3n de nuevas generaciones.<\/p>\n<p>Adem\u00e1s, ni\u00f1os de escuelas adscritas a Fundagraez y miembros de agrupaciones gaiteras consagradas obsequiaron flores a la homenajeada como muestra de respeto y admiraci\u00f3n.<\/p>\n<h2>Compositores y colegas destacaron su legado<\/h2>\n<p>Durante el homenaje, reconocidos compositores como Renato Aguirre y Ricardo Portillo enviaron mensajes en honor a Alexandrescu, resaltando su entrega y pasi\u00f3n por el g\u00e9nero gaitero, as\u00ed como su rol pionero como mujer en la escena musical zuliana.<\/p>\n<p><a class=\"keychainify-checked\" href=\"https:\/\/digital58.com.ve\/site\/wp-content\/uploads\/2025\/04\/homenaje-ingrid-alexandrescu-25-2.webp\"><img loading=\"lazy\" decoding=\"async\" class=\"aligncenter size-full wp-image-186553\" src=\"https:\/\/digital58.com.ve\/site\/wp-content\/uploads\/2025\/04\/homenaje-ingrid-alexandrescu-25-2.webp\" alt=\"\" width=\"1000\" height=\"667\" srcset=\"https:\/\/digital58.com.ve\/site\/wp-content\/uploads\/2025\/04\/homenaje-ingrid-alexandrescu-25-2.webp 1000w, https:\/\/digital58.com.ve\/site\/wp-content\/uploads\/2025\/04\/homenaje-ingrid-alexandrescu-25-2-300x200.webp 300w, https:\/\/digital58.com.ve\/site\/wp-content\/uploads\/2025\/04\/homenaje-ingrid-alexandrescu-25-2-768x512.webp 768w\" sizes=\"auto, (max-width: 1000px) 100vw, 1000px\" \/><\/a><\/p>\n<h2>La noche cerr\u00f3 con emoci\u00f3n y talento femenino<\/h2>\n<p>El acto continu\u00f3 con las interpretaciones de Rosse, Zamara Toro, Daniela Palma, Johanna Sayago, Zamira Carrillo, Rosalba L\u00f3pez, Fulvia Padr\u00f3n, Priscarlina V\u00edlchez, Yelitza V\u00edlchez y Judith Sanquiz.<\/p>\n<p>Esta \u00faltima cerr\u00f3 el homenaje convocando a todas las participantes al escenario para una emotiva interpretaci\u00f3n final de \u00abLa Cabecera\u00bb, obra de Humberto \u00abMamaota\u00bb Rodr\u00edguez y Carlos Luis Gonz\u00e1lez.<\/p>\n<h2>Compromiso con el folclore zuliano<\/h2>\n<p>La jornada reafirm\u00f3 el respaldo del Ejecutivo regional al fortalecimiento del patrimonio cultural del estado. El gobernador Manuel Rosales Guerrero destac\u00f3 su compromiso con el impulso del talento local y la preservaci\u00f3n de las manifestaciones art\u00edsticas tradicionales, en especial la gaita.<\/p>\n<p>\u200e\u200e<strong>Sala de redacci\u00f3n ND58 | Fuente; Secip<\/strong><br \/>\n<strong>Edici\u00f3n: Villasmil, Henry<\/strong><br \/>\n<strong>Gr\u00e1ficas: Cortes\u00eda Secip<\/strong><\/p>\n<p>&nbsp;<\/p><div class=\"uzqcx69f4b4d7790b0\" ><p style=\"text-align: center;\"><a href=\"https:\/\/t.me\/noticiasdigital58\" target=\"_blank\" rel=\"noopener\"><img class=\"aligncenter size-full wp-image-125363\" src=\"https:\/\/digital58.com.ve\/site\/wp-content\/uploads\/2021\/04\/banner-telegram-web-2021.png\" alt=\"\" width=\"600\" height=\"90\" \/><\/a><\/p><\/div><style type=\"text\/css\">\r\n@media screen and (min-width: 1201px) {\r\n.uzqcx69f4b4d7790b0 {\r\ndisplay: block;\r\n}\r\n}\r\n@media screen and (min-width: 993px) and (max-width: 1200px) {\r\n.uzqcx69f4b4d7790b0 {\r\ndisplay: block;\r\n}\r\n}\r\n@media screen and (min-width: 769px) and (max-width: 992px) {\r\n.uzqcx69f4b4d7790b0 {\r\ndisplay: block;\r\n}\r\n}\r\n@media screen and (min-width: 768px) and (max-width: 768px) {\r\n.uzqcx69f4b4d7790b0 {\r\ndisplay: block;\r\n}\r\n}\r\n@media screen and (max-width: 767px) {\r\n.uzqcx69f4b4d7790b0 {\r\ndisplay: block;\r\n}\r\n}\r\n<\/style>\r\n\n<p>\u200e<br \/>\n\u200e<br \/>\n\u200e<br \/>\n\u200e<br \/>\n\u200e<\/p>\n<div style=\"margin-top: 0px; margin-bottom: 0px;\" class=\"sharethis-inline-share-buttons\" ><\/div>","protected":false},"excerpt":{"rendered":"<p>La Fundaci\u00f3n de la Gaita Ricardo Aguirre celebr\u00f3 la trayectoria art\u00edstica de la reconocida cantante zuliana con un emotivo acto<\/p>\n","protected":false},"author":1,"featured_media":186552,"comment_status":"open","ping_status":"closed","sticky":false,"template":"","format":"standard","meta":{"colormag_page_container_layout":"default_layout","colormag_page_sidebar_layout":"default_layout","_uag_custom_page_level_css":"","footnotes":""},"categories":[1],"tags":[34786,78,2235,1869,2139,11252,570,34785,73,233,2354,251,32,761],"class_list":["post-186551","post","type-post","status-publish","format-standard","has-post-thumbnail","hentry","category-fama","tag-bulevar-santa-lucia","tag-cantantes","tag-folclore-zuliano","tag-fundagraez","tag-gaita-zuliana","tag-gobernacion-del-estado-zulia","tag-homenajes","tag-ingrid-alexandrescu-muller","tag-maracaibo","tag-nacionales","tag-regionales","tag-secretaria-de-cultura-del-zulia","tag-venezuela","tag-zulia"],"yoast_head":"<!-- This site is optimized with the Yoast SEO plugin v27.5 - https:\/\/yoast.com\/product\/yoast-seo-wordpress\/ -->\n<title>Gobernaci\u00f3n del Zulia rinde homenaje a Ingrid Alexandrescu<\/title>\n<meta name=\"description\" content=\"La Gobernaci\u00f3n del Zulia homenaje\u00f3 a Ingrid Alexandrescu M\u00fcller por su legado en la gaita zuliana. Una emotiva velada musical celebr\u00f3 su vida y trayectoria con talento femenino emergente.\" \/>\n<meta name=\"robots\" content=\"index, follow, max-snippet:-1, max-image-preview:large, max-video-preview:-1\" \/>\n<link rel=\"canonical\" href=\"https:\/\/digital58.com.ve\/site\/2025\/04\/14\/gobernacion-del-zulia-rinde-homenaje-a-ingrid-alexandrescu\/\" \/>\n<meta property=\"og:locale\" content=\"es_ES\" \/>\n<meta property=\"og:type\" content=\"article\" \/>\n<meta property=\"og:title\" content=\"Gobernaci\u00f3n del Zulia rinde homenaje a Ingrid Alexandrescu\" \/>\n<meta property=\"og:description\" content=\"La Gobernaci\u00f3n del Zulia homenaje\u00f3 a Ingrid Alexandrescu M\u00fcller por su legado en la gaita zuliana. Una emotiva velada musical celebr\u00f3 su vida y trayectoria con talento femenino emergente.\" \/>\n<meta property=\"og:url\" content=\"https:\/\/digital58.com.ve\/site\/2025\/04\/14\/gobernacion-del-zulia-rinde-homenaje-a-ingrid-alexandrescu\/\" \/>\n<meta property=\"og:site_name\" content=\"Noticias Digital58\" \/>\n<meta property=\"article:published_time\" content=\"2025-04-15T01:54:23+00:00\" \/>\n<meta property=\"og:image\" content=\"https:\/\/digital58.com.ve\/site\/wp-content\/uploads\/2025\/04\/homenaje-ingrid-alexandrescu-25-3.webp\" \/>\n\t<meta property=\"og:image:width\" content=\"1000\" \/>\n\t<meta property=\"og:image:height\" content=\"667\" \/>\n\t<meta property=\"og:image:type\" content=\"image\/webp\" \/>\n<meta name=\"author\" content=\"Villasmil Henry\" \/>\n<meta name=\"twitter:card\" content=\"summary_large_image\" \/>\n<meta name=\"twitter:creator\" content=\"@https:\/\/twitter.com\/villasmilhfoto\" \/>\n<meta name=\"twitter:site\" content=\"@villasmilhfoto\" \/>\n<meta name=\"twitter:label1\" content=\"Escrito por\" \/>\n\t<meta name=\"twitter:data1\" content=\"Villasmil Henry\" \/>\n\t<meta name=\"twitter:label2\" content=\"Tiempo estimado de lectura\" \/>\n\t<meta name=\"twitter:data2\" content=\"4 minutos\" \/>\n<script type=\"application\/ld+json\" class=\"yoast-schema-graph\">{\"@context\":\"https:\\\/\\\/schema.org\",\"@graph\":[{\"@type\":\"Article\",\"@id\":\"https:\\\/\\\/digital58.com.ve\\\/site\\\/2025\\\/04\\\/14\\\/gobernacion-del-zulia-rinde-homenaje-a-ingrid-alexandrescu\\\/#article\",\"isPartOf\":{\"@id\":\"https:\\\/\\\/digital58.com.ve\\\/site\\\/2025\\\/04\\\/14\\\/gobernacion-del-zulia-rinde-homenaje-a-ingrid-alexandrescu\\\/\"},\"author\":{\"name\":\"Villasmil Henry\",\"@id\":\"https:\\\/\\\/digital58.com.ve\\\/site\\\/#\\\/schema\\\/person\\\/64d1c2e4d0d4fd1b849980c4331c2951\"},\"headline\":\"Gobernaci\u00f3n del Zulia rinde homenaje a Ingrid Alexandrescu\",\"datePublished\":\"2025-04-15T01:54:23+00:00\",\"mainEntityOfPage\":{\"@id\":\"https:\\\/\\\/digital58.com.ve\\\/site\\\/2025\\\/04\\\/14\\\/gobernacion-del-zulia-rinde-homenaje-a-ingrid-alexandrescu\\\/\"},\"wordCount\":537,\"commentCount\":0,\"publisher\":{\"@id\":\"https:\\\/\\\/digital58.com.ve\\\/site\\\/#\\\/schema\\\/person\\\/64d1c2e4d0d4fd1b849980c4331c2951\"},\"image\":{\"@id\":\"https:\\\/\\\/digital58.com.ve\\\/site\\\/2025\\\/04\\\/14\\\/gobernacion-del-zulia-rinde-homenaje-a-ingrid-alexandrescu\\\/#primaryimage\"},\"thumbnailUrl\":\"https:\\\/\\\/digital58.com.ve\\\/site\\\/wp-content\\\/uploads\\\/2025\\\/04\\\/homenaje-ingrid-alexandrescu-25-3.webp\",\"keywords\":[\"Bulevar Santa Luc\u00eda\",\"Cantantes\",\"Folclore Zuliano\",\"Fundagraez\",\"Gaita Zuliana\",\"Gobernaci\u00f3n del estado Zulia\",\"Homenajes\",\"Ingrid Alexandrescu M\u00fcller\",\"Maracaibo\",\"Nacionales\",\"Regionales\",\"Secretaria de Cultura del Zulia\",\"Venezuela\",\"Zulia\"],\"articleSection\":[\"Fama\"],\"inLanguage\":\"es\",\"potentialAction\":[{\"@type\":\"CommentAction\",\"name\":\"Comment\",\"target\":[\"https:\\\/\\\/digital58.com.ve\\\/site\\\/2025\\\/04\\\/14\\\/gobernacion-del-zulia-rinde-homenaje-a-ingrid-alexandrescu\\\/#respond\"]}]},{\"@type\":\"WebPage\",\"@id\":\"https:\\\/\\\/digital58.com.ve\\\/site\\\/2025\\\/04\\\/14\\\/gobernacion-del-zulia-rinde-homenaje-a-ingrid-alexandrescu\\\/\",\"url\":\"https:\\\/\\\/digital58.com.ve\\\/site\\\/2025\\\/04\\\/14\\\/gobernacion-del-zulia-rinde-homenaje-a-ingrid-alexandrescu\\\/\",\"name\":\"Gobernaci\u00f3n del Zulia rinde homenaje a Ingrid Alexandrescu\",\"isPartOf\":{\"@id\":\"https:\\\/\\\/digital58.com.ve\\\/site\\\/#website\"},\"primaryImageOfPage\":{\"@id\":\"https:\\\/\\\/digital58.com.ve\\\/site\\\/2025\\\/04\\\/14\\\/gobernacion-del-zulia-rinde-homenaje-a-ingrid-alexandrescu\\\/#primaryimage\"},\"image\":{\"@id\":\"https:\\\/\\\/digital58.com.ve\\\/site\\\/2025\\\/04\\\/14\\\/gobernacion-del-zulia-rinde-homenaje-a-ingrid-alexandrescu\\\/#primaryimage\"},\"thumbnailUrl\":\"https:\\\/\\\/digital58.com.ve\\\/site\\\/wp-content\\\/uploads\\\/2025\\\/04\\\/homenaje-ingrid-alexandrescu-25-3.webp\",\"datePublished\":\"2025-04-15T01:54:23+00:00\",\"description\":\"La Gobernaci\u00f3n del Zulia homenaje\u00f3 a Ingrid Alexandrescu M\u00fcller por su legado en la gaita zuliana. Una emotiva velada musical celebr\u00f3 su vida y trayectoria con talento femenino emergente.\",\"breadcrumb\":{\"@id\":\"https:\\\/\\\/digital58.com.ve\\\/site\\\/2025\\\/04\\\/14\\\/gobernacion-del-zulia-rinde-homenaje-a-ingrid-alexandrescu\\\/#breadcrumb\"},\"inLanguage\":\"es\",\"potentialAction\":[{\"@type\":\"ReadAction\",\"target\":[\"https:\\\/\\\/digital58.com.ve\\\/site\\\/2025\\\/04\\\/14\\\/gobernacion-del-zulia-rinde-homenaje-a-ingrid-alexandrescu\\\/\"]}]},{\"@type\":\"ImageObject\",\"inLanguage\":\"es\",\"@id\":\"https:\\\/\\\/digital58.com.ve\\\/site\\\/2025\\\/04\\\/14\\\/gobernacion-del-zulia-rinde-homenaje-a-ingrid-alexandrescu\\\/#primaryimage\",\"url\":\"https:\\\/\\\/digital58.com.ve\\\/site\\\/wp-content\\\/uploads\\\/2025\\\/04\\\/homenaje-ingrid-alexandrescu-25-3.webp\",\"contentUrl\":\"https:\\\/\\\/digital58.com.ve\\\/site\\\/wp-content\\\/uploads\\\/2025\\\/04\\\/homenaje-ingrid-alexandrescu-25-3.webp\",\"width\":1000,\"height\":667},{\"@type\":\"BreadcrumbList\",\"@id\":\"https:\\\/\\\/digital58.com.ve\\\/site\\\/2025\\\/04\\\/14\\\/gobernacion-del-zulia-rinde-homenaje-a-ingrid-alexandrescu\\\/#breadcrumb\",\"itemListElement\":[{\"@type\":\"ListItem\",\"position\":1,\"name\":\"Home\",\"item\":\"https:\\\/\\\/digital58.com.ve\\\/site\\\/\"},{\"@type\":\"ListItem\",\"position\":2,\"name\":\"Gobernaci\u00f3n del Zulia rinde homenaje a Ingrid Alexandrescu\"}]},{\"@type\":\"WebSite\",\"@id\":\"https:\\\/\\\/digital58.com.ve\\\/site\\\/#website\",\"url\":\"https:\\\/\\\/digital58.com.ve\\\/site\\\/\",\"name\":\"Noticias Digital58\",\"description\":\"Portal de Noticias \u00a1Periodismo web de verdad! Lanzamiento web 22.11.2005 \\\/ Maracaibo, Venezuela\",\"publisher\":{\"@id\":\"https:\\\/\\\/digital58.com.ve\\\/site\\\/#\\\/schema\\\/person\\\/64d1c2e4d0d4fd1b849980c4331c2951\"},\"alternateName\":\"ND58\",\"potentialAction\":[{\"@type\":\"SearchAction\",\"target\":{\"@type\":\"EntryPoint\",\"urlTemplate\":\"https:\\\/\\\/digital58.com.ve\\\/site\\\/?s={search_term_string}\"},\"query-input\":{\"@type\":\"PropertyValueSpecification\",\"valueRequired\":true,\"valueName\":\"search_term_string\"}}],\"inLanguage\":\"es\"},{\"@type\":[\"Person\",\"Organization\"],\"@id\":\"https:\\\/\\\/digital58.com.ve\\\/site\\\/#\\\/schema\\\/person\\\/64d1c2e4d0d4fd1b849980c4331c2951\",\"name\":\"Villasmil Henry\",\"image\":{\"@type\":\"ImageObject\",\"inLanguage\":\"es\",\"@id\":\"https:\\\/\\\/secure.gravatar.com\\\/avatar\\\/bb0c4a2fcb7970138239f7e404ea75757b1b507b28b5ce4c53fbd62d797c5a7c?s=96&d=mm&r=g\",\"url\":\"https:\\\/\\\/secure.gravatar.com\\\/avatar\\\/bb0c4a2fcb7970138239f7e404ea75757b1b507b28b5ce4c53fbd62d797c5a7c?s=96&d=mm&r=g\",\"contentUrl\":\"https:\\\/\\\/secure.gravatar.com\\\/avatar\\\/bb0c4a2fcb7970138239f7e404ea75757b1b507b28b5ce4c53fbd62d797c5a7c?s=96&d=mm&r=g\",\"caption\":\"Villasmil Henry\"},\"logo\":{\"@id\":\"https:\\\/\\\/secure.gravatar.com\\\/avatar\\\/bb0c4a2fcb7970138239f7e404ea75757b1b507b28b5ce4c53fbd62d797c5a7c?s=96&d=mm&r=g\"},\"sameAs\":[\"http:\\\/\\\/www.henryvillasmil.com.ve\",\"https:\\\/\\\/www.instagram.com\\\/villasmilhfoto\\\/\",\"https:\\\/\\\/x.com\\\/https:\\\/\\\/twitter.com\\\/villasmilhfoto\"],\"url\":\"https:\\\/\\\/digital58.com.ve\\\/site\\\/author\\\/droopy_68\\\/\"}]}<\/script>\n<!-- \/ Yoast SEO plugin. -->","yoast_head_json":{"title":"Gobernaci\u00f3n del Zulia rinde homenaje a Ingrid Alexandrescu","description":"La Gobernaci\u00f3n del Zulia homenaje\u00f3 a Ingrid Alexandrescu M\u00fcller por su legado en la gaita zuliana. Una emotiva velada musical celebr\u00f3 su vida y trayectoria con talento femenino emergente.","robots":{"index":"index","follow":"follow","max-snippet":"max-snippet:-1","max-image-preview":"max-image-preview:large","max-video-preview":"max-video-preview:-1"},"canonical":"https:\/\/digital58.com.ve\/site\/2025\/04\/14\/gobernacion-del-zulia-rinde-homenaje-a-ingrid-alexandrescu\/","og_locale":"es_ES","og_type":"article","og_title":"Gobernaci\u00f3n del Zulia rinde homenaje a Ingrid Alexandrescu","og_description":"La Gobernaci\u00f3n del Zulia homenaje\u00f3 a Ingrid Alexandrescu M\u00fcller por su legado en la gaita zuliana. Una emotiva velada musical celebr\u00f3 su vida y trayectoria con talento femenino emergente.","og_url":"https:\/\/digital58.com.ve\/site\/2025\/04\/14\/gobernacion-del-zulia-rinde-homenaje-a-ingrid-alexandrescu\/","og_site_name":"Noticias Digital58","article_published_time":"2025-04-15T01:54:23+00:00","og_image":[{"width":1000,"height":667,"url":"https:\/\/digital58.com.ve\/site\/wp-content\/uploads\/2025\/04\/homenaje-ingrid-alexandrescu-25-3.webp","type":"image\/webp"}],"author":"Villasmil Henry","twitter_card":"summary_large_image","twitter_creator":"@https:\/\/twitter.com\/villasmilhfoto","twitter_site":"@villasmilhfoto","twitter_misc":{"Escrito por":"Villasmil Henry","Tiempo estimado de lectura":"4 minutos"},"schema":{"@context":"https:\/\/schema.org","@graph":[{"@type":"Article","@id":"https:\/\/digital58.com.ve\/site\/2025\/04\/14\/gobernacion-del-zulia-rinde-homenaje-a-ingrid-alexandrescu\/#article","isPartOf":{"@id":"https:\/\/digital58.com.ve\/site\/2025\/04\/14\/gobernacion-del-zulia-rinde-homenaje-a-ingrid-alexandrescu\/"},"author":{"name":"Villasmil Henry","@id":"https:\/\/digital58.com.ve\/site\/#\/schema\/person\/64d1c2e4d0d4fd1b849980c4331c2951"},"headline":"Gobernaci\u00f3n del Zulia rinde homenaje a Ingrid Alexandrescu","datePublished":"2025-04-15T01:54:23+00:00","mainEntityOfPage":{"@id":"https:\/\/digital58.com.ve\/site\/2025\/04\/14\/gobernacion-del-zulia-rinde-homenaje-a-ingrid-alexandrescu\/"},"wordCount":537,"commentCount":0,"publisher":{"@id":"https:\/\/digital58.com.ve\/site\/#\/schema\/person\/64d1c2e4d0d4fd1b849980c4331c2951"},"image":{"@id":"https:\/\/digital58.com.ve\/site\/2025\/04\/14\/gobernacion-del-zulia-rinde-homenaje-a-ingrid-alexandrescu\/#primaryimage"},"thumbnailUrl":"https:\/\/digital58.com.ve\/site\/wp-content\/uploads\/2025\/04\/homenaje-ingrid-alexandrescu-25-3.webp","keywords":["Bulevar Santa Luc\u00eda","Cantantes","Folclore Zuliano","Fundagraez","Gaita Zuliana","Gobernaci\u00f3n del estado Zulia","Homenajes","Ingrid Alexandrescu M\u00fcller","Maracaibo","Nacionales","Regionales","Secretaria de Cultura del Zulia","Venezuela","Zulia"],"articleSection":["Fama"],"inLanguage":"es","potentialAction":[{"@type":"CommentAction","name":"Comment","target":["https:\/\/digital58.com.ve\/site\/2025\/04\/14\/gobernacion-del-zulia-rinde-homenaje-a-ingrid-alexandrescu\/#respond"]}]},{"@type":"WebPage","@id":"https:\/\/digital58.com.ve\/site\/2025\/04\/14\/gobernacion-del-zulia-rinde-homenaje-a-ingrid-alexandrescu\/","url":"https:\/\/digital58.com.ve\/site\/2025\/04\/14\/gobernacion-del-zulia-rinde-homenaje-a-ingrid-alexandrescu\/","name":"Gobernaci\u00f3n del Zulia rinde homenaje a Ingrid Alexandrescu","isPartOf":{"@id":"https:\/\/digital58.com.ve\/site\/#website"},"primaryImageOfPage":{"@id":"https:\/\/digital58.com.ve\/site\/2025\/04\/14\/gobernacion-del-zulia-rinde-homenaje-a-ingrid-alexandrescu\/#primaryimage"},"image":{"@id":"https:\/\/digital58.com.ve\/site\/2025\/04\/14\/gobernacion-del-zulia-rinde-homenaje-a-ingrid-alexandrescu\/#primaryimage"},"thumbnailUrl":"https:\/\/digital58.com.ve\/site\/wp-content\/uploads\/2025\/04\/homenaje-ingrid-alexandrescu-25-3.webp","datePublished":"2025-04-15T01:54:23+00:00","description":"La Gobernaci\u00f3n del Zulia homenaje\u00f3 a Ingrid Alexandrescu M\u00fcller por su legado en la gaita zuliana. Una emotiva velada musical celebr\u00f3 su vida y trayectoria con talento femenino emergente.","breadcrumb":{"@id":"https:\/\/digital58.com.ve\/site\/2025\/04\/14\/gobernacion-del-zulia-rinde-homenaje-a-ingrid-alexandrescu\/#breadcrumb"},"inLanguage":"es","potentialAction":[{"@type":"ReadAction","target":["https:\/\/digital58.com.ve\/site\/2025\/04\/14\/gobernacion-del-zulia-rinde-homenaje-a-ingrid-alexandrescu\/"]}]},{"@type":"ImageObject","inLanguage":"es","@id":"https:\/\/digital58.com.ve\/site\/2025\/04\/14\/gobernacion-del-zulia-rinde-homenaje-a-ingrid-alexandrescu\/#primaryimage","url":"https:\/\/digital58.com.ve\/site\/wp-content\/uploads\/2025\/04\/homenaje-ingrid-alexandrescu-25-3.webp","contentUrl":"https:\/\/digital58.com.ve\/site\/wp-content\/uploads\/2025\/04\/homenaje-ingrid-alexandrescu-25-3.webp","width":1000,"height":667},{"@type":"BreadcrumbList","@id":"https:\/\/digital58.com.ve\/site\/2025\/04\/14\/gobernacion-del-zulia-rinde-homenaje-a-ingrid-alexandrescu\/#breadcrumb","itemListElement":[{"@type":"ListItem","position":1,"name":"Home","item":"https:\/\/digital58.com.ve\/site\/"},{"@type":"ListItem","position":2,"name":"Gobernaci\u00f3n del Zulia rinde homenaje a Ingrid Alexandrescu"}]},{"@type":"WebSite","@id":"https:\/\/digital58.com.ve\/site\/#website","url":"https:\/\/digital58.com.ve\/site\/","name":"Noticias Digital58","description":"Portal de Noticias \u00a1Periodismo web de verdad! Lanzamiento web 22.11.2005 \/ Maracaibo, Venezuela","publisher":{"@id":"https:\/\/digital58.com.ve\/site\/#\/schema\/person\/64d1c2e4d0d4fd1b849980c4331c2951"},"alternateName":"ND58","potentialAction":[{"@type":"SearchAction","target":{"@type":"EntryPoint","urlTemplate":"https:\/\/digital58.com.ve\/site\/?s={search_term_string}"},"query-input":{"@type":"PropertyValueSpecification","valueRequired":true,"valueName":"search_term_string"}}],"inLanguage":"es"},{"@type":["Person","Organization"],"@id":"https:\/\/digital58.com.ve\/site\/#\/schema\/person\/64d1c2e4d0d4fd1b849980c4331c2951","name":"Villasmil Henry","image":{"@type":"ImageObject","inLanguage":"es","@id":"https:\/\/secure.gravatar.com\/avatar\/bb0c4a2fcb7970138239f7e404ea75757b1b507b28b5ce4c53fbd62d797c5a7c?s=96&d=mm&r=g","url":"https:\/\/secure.gravatar.com\/avatar\/bb0c4a2fcb7970138239f7e404ea75757b1b507b28b5ce4c53fbd62d797c5a7c?s=96&d=mm&r=g","contentUrl":"https:\/\/secure.gravatar.com\/avatar\/bb0c4a2fcb7970138239f7e404ea75757b1b507b28b5ce4c53fbd62d797c5a7c?s=96&d=mm&r=g","caption":"Villasmil Henry"},"logo":{"@id":"https:\/\/secure.gravatar.com\/avatar\/bb0c4a2fcb7970138239f7e404ea75757b1b507b28b5ce4c53fbd62d797c5a7c?s=96&d=mm&r=g"},"sameAs":["http:\/\/www.henryvillasmil.com.ve","https:\/\/www.instagram.com\/villasmilhfoto\/","https:\/\/x.com\/https:\/\/twitter.com\/villasmilhfoto"],"url":"https:\/\/digital58.com.ve\/site\/author\/droopy_68\/"}]}},"uagb_featured_image_src":{"full":["https:\/\/digital58.com.ve\/site\/wp-content\/uploads\/2025\/04\/homenaje-ingrid-alexandrescu-25-3.webp",1000,667,false],"thumbnail":["https:\/\/digital58.com.ve\/site\/wp-content\/uploads\/2025\/04\/homenaje-ingrid-alexandrescu-25-3-150x150.webp",150,150,true],"medium":["https:\/\/digital58.com.ve\/site\/wp-content\/uploads\/2025\/04\/homenaje-ingrid-alexandrescu-25-3-300x200.webp",300,200,true],"medium_large":["https:\/\/digital58.com.ve\/site\/wp-content\/uploads\/2025\/04\/homenaje-ingrid-alexandrescu-25-3-768x512.webp",768,512,true],"large":["https:\/\/digital58.com.ve\/site\/wp-content\/uploads\/2025\/04\/homenaje-ingrid-alexandrescu-25-3.webp",800,534,false],"1536x1536":["https:\/\/digital58.com.ve\/site\/wp-content\/uploads\/2025\/04\/homenaje-ingrid-alexandrescu-25-3.webp",1000,667,false],"2048x2048":["https:\/\/digital58.com.ve\/site\/wp-content\/uploads\/2025\/04\/homenaje-ingrid-alexandrescu-25-3.webp",1000,667,false],"colormag-highlighted-post":["https:\/\/digital58.com.ve\/site\/wp-content\/uploads\/2025\/04\/homenaje-ingrid-alexandrescu-25-3-392x272.webp",392,272,true],"colormag-featured-post-medium":["https:\/\/digital58.com.ve\/site\/wp-content\/uploads\/2025\/04\/homenaje-ingrid-alexandrescu-25-3-390x205.webp",390,205,true],"colormag-featured-post-small":["https:\/\/digital58.com.ve\/site\/wp-content\/uploads\/2025\/04\/homenaje-ingrid-alexandrescu-25-3-130x90.webp",130,90,true],"colormag-featured-image":["https:\/\/digital58.com.ve\/site\/wp-content\/uploads\/2025\/04\/homenaje-ingrid-alexandrescu-25-3-800x445.webp",800,445,true],"colormag-default-news":["https:\/\/digital58.com.ve\/site\/wp-content\/uploads\/2025\/04\/homenaje-ingrid-alexandrescu-25-3-150x150.webp",150,150,true],"colormag-featured-image-large":["https:\/\/digital58.com.ve\/site\/wp-content\/uploads\/2025\/04\/homenaje-ingrid-alexandrescu-25-3-1000x600.webp",1000,600,true]},"uagb_author_info":{"display_name":"Villasmil Henry","author_link":"https:\/\/digital58.com.ve\/site\/author\/droopy_68\/"},"uagb_comment_info":0,"uagb_excerpt":"La Fundaci\u00f3n de la Gaita Ricardo Aguirre celebr\u00f3 la trayectoria art\u00edstica de la reconocida cantante zuliana con un emotivo acto","_links":{"self":[{"href":"https:\/\/digital58.com.ve\/site\/wp-json\/wp\/v2\/posts\/186551","targetHints":{"allow":["GET"]}}],"collection":[{"href":"https:\/\/digital58.com.ve\/site\/wp-json\/wp\/v2\/posts"}],"about":[{"href":"https:\/\/digital58.com.ve\/site\/wp-json\/wp\/v2\/types\/post"}],"author":[{"embeddable":true,"href":"https:\/\/digital58.com.ve\/site\/wp-json\/wp\/v2\/users\/1"}],"replies":[{"embeddable":true,"href":"https:\/\/digital58.com.ve\/site\/wp-json\/wp\/v2\/comments?post=186551"}],"version-history":[{"count":1,"href":"https:\/\/digital58.com.ve\/site\/wp-json\/wp\/v2\/posts\/186551\/revisions"}],"predecessor-version":[{"id":186555,"href":"https:\/\/digital58.com.ve\/site\/wp-json\/wp\/v2\/posts\/186551\/revisions\/186555"}],"wp:featuredmedia":[{"embeddable":true,"href":"https:\/\/digital58.com.ve\/site\/wp-json\/wp\/v2\/media\/186552"}],"wp:attachment":[{"href":"https:\/\/digital58.com.ve\/site\/wp-json\/wp\/v2\/media?parent=186551"}],"wp:term":[{"taxonomy":"category","embeddable":true,"href":"https:\/\/digital58.com.ve\/site\/wp-json\/wp\/v2\/categories?post=186551"},{"taxonomy":"post_tag","embeddable":true,"href":"https:\/\/digital58.com.ve\/site\/wp-json\/wp\/v2\/tags?post=186551"}],"curies":[{"name":"wp","href":"https:\/\/api.w.org\/{rel}","templated":true}]}}