{"id":186726,"date":"2025-04-24T09:34:52","date_gmt":"2025-04-24T13:34:52","guid":{"rendered":"https:\/\/digital58.com.ve\/site\/?p=186726"},"modified":"2025-04-24T09:35:37","modified_gmt":"2025-04-24T13:35:37","slug":"ines-quintero-se-presenta-en-maracaibo-por-los-60-anos-del-club-de-lectura","status":"publish","type":"post","link":"https:\/\/digital58.com.ve\/site\/2025\/04\/24\/ines-quintero-se-presenta-en-maracaibo-por-los-60-anos-del-club-de-lectura\/","title":{"rendered":"In\u00e9s Quintero se presenta en Maracaibo por los 60 a\u00f1os del Club de Lectura"},"content":{"rendered":"<p><a class=\"keychainify-checked\" href=\"https:\/\/digital58.com.ve\/site\/wp-content\/uploads\/2025\/04\/conversatorio-ines-quintero-2025.webp\"><img loading=\"lazy\" decoding=\"async\" class=\"aligncenter wp-image-186727 size-full\" src=\"https:\/\/digital58.com.ve\/site\/wp-content\/uploads\/2025\/04\/conversatorio-ines-quintero-2025.webp\" alt=\"El pr\u00f3ximo s\u00e1bado 26 de abril, a las 11:00 de la ma\u00f1ana, la historiadora y escritora In\u00e9s Quintero participar\u00e1 en un conversatorio abierto en el Teatro de Bellas Artes de Maracaibo, en el marco de los 60 a\u00f1os del Club de Lectura Semana, instituci\u00f3n dedicada a promover la lectura cr\u00edtica en la regi\u00f3n.\" width=\"1000\" height=\"667\" srcset=\"https:\/\/digital58.com.ve\/site\/wp-content\/uploads\/2025\/04\/conversatorio-ines-quintero-2025.webp 1000w, https:\/\/digital58.com.ve\/site\/wp-content\/uploads\/2025\/04\/conversatorio-ines-quintero-2025-300x200.webp 300w, https:\/\/digital58.com.ve\/site\/wp-content\/uploads\/2025\/04\/conversatorio-ines-quintero-2025-768x512.webp 768w\" sizes=\"auto, (max-width: 1000px) 100vw, 1000px\" \/><\/a><\/p>\n<blockquote><p>La historiadora venezolana encabezar\u00e1 un encuentro gratuito el 26 de abril en el Teatro de Bellas Artes, como parte del aniversario del Club de Lectura Semana.<\/p><\/blockquote>\n<p><strong>Maracaibo, Zulia, Venezuela, 24 de abril de 2025 (ND58).-<\/strong> El pr\u00f3ximo s\u00e1bado 26 de abril, a las 11:00 de la ma\u00f1ana, la historiadora y escritora In\u00e9s Quintero participar\u00e1 en un conversatorio abierto en el <strong>Teatro de Bellas Artes de Maracaibo<\/strong>, en el marco de los 60 a\u00f1os del <strong>Club de Lectura Semana<\/strong>, instituci\u00f3n dedicada a promover la lectura cr\u00edtica en la regi\u00f3n.<\/p>\n<h2>In\u00e9s Quintero compartir\u00e1 su visi\u00f3n de la historia con el p\u00fablico maracaibero<\/h2>\n<p>La reconocida historiadora venezolana In\u00e9s Quintero, miembro de n\u00famero de la Academia Nacional de la Historia, ser\u00e1 la invitada de honor del Club de Lectura Semana en su aniversario n\u00famero 60.<\/p>\n<p>La cita es este s\u00e1bado 26 de abril a las 11:00 a.\u202fm. en el Teatro de Bellas Artes, con entrada libre para todo p\u00fablico.<\/p>\n<p>El evento busca celebrar seis d\u00e9cadas de labor ininterrumpida en la promoci\u00f3n de la lectura, la reflexi\u00f3n literaria y el debate intelectual en Maracaibo.<\/p>\n<p>Adem\u00e1s del conversatorio con Quintero, se inaugurar\u00e1 una exposici\u00f3n de afiches seleccionados por concurso en el lobby del teatro, como parte de la conmemoraci\u00f3n.<\/p>\n<h2>Una vida dedicada a reconstruir la historia<\/h2>\n<p>In\u00e9s Quintero ha desarrollado una carrera s\u00f3lida centrada en la investigaci\u00f3n rigurosa y la divulgaci\u00f3n accesible de la historia venezolana.<\/p>\n<p>Su trabajo se ha enfocado en figuras y episodios clave del pasado nacional, con una narrativa clara que busca acercar el conocimiento hist\u00f3rico a todos los p\u00fablicos.<\/p>\n<p>En palabras de Quintero: <strong>\u00abLa historia tiene sentido cuando logra ser comprendida y debatida por la sociedad que la hereda\u00bb.<\/strong><\/p>\n<p>Su participaci\u00f3n en este evento representa una valiosa oportunidad para intercambiar ideas y aprender sobre el pasado desde una mirada cr\u00edtica y documentada.<\/p>\n<h2>Exposici\u00f3n art\u00edstica y respaldo institucional<\/h2>\n<p>La jornada contar\u00e1 tambi\u00e9n con la inauguraci\u00f3n de una muestra gr\u00e1fica compuesta por afiches conmemorativos dise\u00f1ados por participantes del concurso organizado por el Club de Lectura Semana.<\/p>\n<p>Esta exhibici\u00f3n pretende destacar el valor simb\u00f3lico de la lectura en la vida cultural de Maracaibo.<\/p>\n<p>El evento es posible gracias al patrocinio de Banesco, el Centro de Bellas Artes Ateneo de Maracaibo y el propio Club de Lectura Semana, instituciones comprometidas con el desarrollo cultural de la regi\u00f3n., 60 aniversario, historia venezolana, Teatro de Bellas Artes, evento cultural en Maracaibo.<\/p>\n<p><strong>Sala de redacci\u00f3n ND58<\/strong><br \/>\n<strong>Edici\u00f3n: Villasmil, Henry<\/strong><br \/>\n<strong>Gr\u00e1ficas: Cortes\u00eda<\/strong><\/p>\n<p>&nbsp;<\/p><div class=\"hyvzy69f3a1882808b\" ><p style=\"text-align: center;\"><a href=\"https:\/\/t.me\/noticiasdigital58\" target=\"_blank\" rel=\"noopener\"><img class=\"aligncenter size-full wp-image-125363\" src=\"https:\/\/digital58.com.ve\/site\/wp-content\/uploads\/2021\/04\/banner-telegram-web-2021.png\" alt=\"\" width=\"600\" height=\"90\" \/><\/a><\/p><\/div><style type=\"text\/css\">\r\n@media screen and (min-width: 1201px) {\r\n.hyvzy69f3a1882808b {\r\ndisplay: block;\r\n}\r\n}\r\n@media screen and (min-width: 993px) and (max-width: 1200px) {\r\n.hyvzy69f3a1882808b {\r\ndisplay: block;\r\n}\r\n}\r\n@media screen and (min-width: 769px) and (max-width: 992px) {\r\n.hyvzy69f3a1882808b {\r\ndisplay: block;\r\n}\r\n}\r\n@media screen and (min-width: 768px) and (max-width: 768px) {\r\n.hyvzy69f3a1882808b {\r\ndisplay: block;\r\n}\r\n}\r\n@media screen and (max-width: 767px) {\r\n.hyvzy69f3a1882808b {\r\ndisplay: block;\r\n}\r\n}\r\n<\/style>\r\n\n<p>&nbsp;<\/p>\n<div style=\"margin-top: 0px; margin-bottom: 0px;\" class=\"sharethis-inline-share-buttons\" ><\/div>","protected":false},"excerpt":{"rendered":"<p>La historiadora venezolana encabezar\u00e1 un encuentro gratuito el 26 de abril en el Teatro de Bellas Artes, como parte del<\/p>\n","protected":false},"author":1,"featured_media":186727,"comment_status":"open","ping_status":"closed","sticky":false,"template":"","format":"standard","meta":{"colormag_page_container_layout":"default_layout","colormag_page_sidebar_layout":"default_layout","_uag_custom_page_level_css":"","footnotes":""},"categories":[5401,22076],"tags":[28626,34819,34820,2064,73,233,2354,32,761],"class_list":["post-186726","post","type-post","status-publish","format-standard","has-post-thumbnail","hentry","category-artes","category-literatura","tag-centro-bellas-artes-ateneo-de-maracaibo","tag-club-de-lectura-semana","tag-ines-quintero","tag-lectura","tag-maracaibo","tag-nacionales","tag-regionales","tag-venezuela","tag-zulia"],"yoast_head":"<!-- This site is optimized with the Yoast SEO plugin v27.5 - https:\/\/yoast.com\/product\/yoast-seo-wordpress\/ -->\n<title>In\u00e9s Quintero se presenta en Maracaibo por los 60 a\u00f1os del Club de Lectura<\/title>\n<meta name=\"description\" content=\"La historiadora In\u00e9s Quintero participar\u00e1 en un conversatorio gratuito en Maracaibo el 26 de abril, como parte de la celebraci\u00f3n de los 60 a\u00f1os del Club de Lectura Semana.\" \/>\n<meta name=\"robots\" content=\"index, follow, max-snippet:-1, max-image-preview:large, max-video-preview:-1\" \/>\n<link rel=\"canonical\" href=\"https:\/\/digital58.com.ve\/site\/2025\/04\/24\/ines-quintero-se-presenta-en-maracaibo-por-los-60-anos-del-club-de-lectura\/\" \/>\n<meta property=\"og:locale\" content=\"es_ES\" \/>\n<meta property=\"og:type\" content=\"article\" \/>\n<meta property=\"og:title\" content=\"In\u00e9s Quintero se presenta en Maracaibo por los 60 a\u00f1os del Club de Lectura\" \/>\n<meta property=\"og:description\" content=\"La historiadora In\u00e9s Quintero participar\u00e1 en un conversatorio gratuito en Maracaibo el 26 de abril, como parte de la celebraci\u00f3n de los 60 a\u00f1os del Club de Lectura Semana.\" \/>\n<meta property=\"og:url\" content=\"https:\/\/digital58.com.ve\/site\/2025\/04\/24\/ines-quintero-se-presenta-en-maracaibo-por-los-60-anos-del-club-de-lectura\/\" \/>\n<meta property=\"og:site_name\" content=\"Noticias Digital58\" \/>\n<meta property=\"article:published_time\" content=\"2025-04-24T13:34:52+00:00\" \/>\n<meta property=\"article:modified_time\" content=\"2025-04-24T13:35:37+00:00\" \/>\n<meta property=\"og:image\" content=\"https:\/\/digital58.com.ve\/site\/wp-content\/uploads\/2025\/04\/conversatorio-ines-quintero-2025.webp\" \/>\n\t<meta property=\"og:image:width\" content=\"1000\" \/>\n\t<meta property=\"og:image:height\" content=\"667\" \/>\n\t<meta property=\"og:image:type\" content=\"image\/webp\" \/>\n<meta name=\"author\" content=\"Villasmil Henry\" \/>\n<meta name=\"twitter:card\" content=\"summary_large_image\" \/>\n<meta name=\"twitter:creator\" content=\"@https:\/\/twitter.com\/villasmilhfoto\" \/>\n<meta name=\"twitter:site\" content=\"@villasmilhfoto\" \/>\n<meta name=\"twitter:label1\" content=\"Escrito por\" \/>\n\t<meta name=\"twitter:data1\" content=\"Villasmil Henry\" \/>\n\t<meta name=\"twitter:label2\" content=\"Tiempo estimado de lectura\" \/>\n\t<meta name=\"twitter:data2\" content=\"3 minutos\" \/>\n<script type=\"application\/ld+json\" class=\"yoast-schema-graph\">{\"@context\":\"https:\\\/\\\/schema.org\",\"@graph\":[{\"@type\":\"Article\",\"@id\":\"https:\\\/\\\/digital58.com.ve\\\/site\\\/2025\\\/04\\\/24\\\/ines-quintero-se-presenta-en-maracaibo-por-los-60-anos-del-club-de-lectura\\\/#article\",\"isPartOf\":{\"@id\":\"https:\\\/\\\/digital58.com.ve\\\/site\\\/2025\\\/04\\\/24\\\/ines-quintero-se-presenta-en-maracaibo-por-los-60-anos-del-club-de-lectura\\\/\"},\"author\":{\"name\":\"Villasmil Henry\",\"@id\":\"https:\\\/\\\/digital58.com.ve\\\/site\\\/#\\\/schema\\\/person\\\/64d1c2e4d0d4fd1b849980c4331c2951\"},\"headline\":\"In\u00e9s Quintero se presenta en Maracaibo por los 60 a\u00f1os del Club de Lectura\",\"datePublished\":\"2025-04-24T13:34:52+00:00\",\"dateModified\":\"2025-04-24T13:35:37+00:00\",\"mainEntityOfPage\":{\"@id\":\"https:\\\/\\\/digital58.com.ve\\\/site\\\/2025\\\/04\\\/24\\\/ines-quintero-se-presenta-en-maracaibo-por-los-60-anos-del-club-de-lectura\\\/\"},\"wordCount\":454,\"commentCount\":0,\"publisher\":{\"@id\":\"https:\\\/\\\/digital58.com.ve\\\/site\\\/#\\\/schema\\\/person\\\/64d1c2e4d0d4fd1b849980c4331c2951\"},\"image\":{\"@id\":\"https:\\\/\\\/digital58.com.ve\\\/site\\\/2025\\\/04\\\/24\\\/ines-quintero-se-presenta-en-maracaibo-por-los-60-anos-del-club-de-lectura\\\/#primaryimage\"},\"thumbnailUrl\":\"https:\\\/\\\/digital58.com.ve\\\/site\\\/wp-content\\\/uploads\\\/2025\\\/04\\\/conversatorio-ines-quintero-2025.webp\",\"keywords\":[\"Centro Bellas Artes Ateneo de Maracaibo\",\"Club de Lectura Semana\",\"In\u00e9s Quintero\",\"Lectura\",\"Maracaibo\",\"Nacionales\",\"Regionales\",\"Venezuela\",\"Zulia\"],\"articleSection\":[\"Artes\",\"Literatura\"],\"inLanguage\":\"es\",\"potentialAction\":[{\"@type\":\"CommentAction\",\"name\":\"Comment\",\"target\":[\"https:\\\/\\\/digital58.com.ve\\\/site\\\/2025\\\/04\\\/24\\\/ines-quintero-se-presenta-en-maracaibo-por-los-60-anos-del-club-de-lectura\\\/#respond\"]}]},{\"@type\":\"WebPage\",\"@id\":\"https:\\\/\\\/digital58.com.ve\\\/site\\\/2025\\\/04\\\/24\\\/ines-quintero-se-presenta-en-maracaibo-por-los-60-anos-del-club-de-lectura\\\/\",\"url\":\"https:\\\/\\\/digital58.com.ve\\\/site\\\/2025\\\/04\\\/24\\\/ines-quintero-se-presenta-en-maracaibo-por-los-60-anos-del-club-de-lectura\\\/\",\"name\":\"In\u00e9s Quintero se presenta en Maracaibo por los 60 a\u00f1os del Club de Lectura\",\"isPartOf\":{\"@id\":\"https:\\\/\\\/digital58.com.ve\\\/site\\\/#website\"},\"primaryImageOfPage\":{\"@id\":\"https:\\\/\\\/digital58.com.ve\\\/site\\\/2025\\\/04\\\/24\\\/ines-quintero-se-presenta-en-maracaibo-por-los-60-anos-del-club-de-lectura\\\/#primaryimage\"},\"image\":{\"@id\":\"https:\\\/\\\/digital58.com.ve\\\/site\\\/2025\\\/04\\\/24\\\/ines-quintero-se-presenta-en-maracaibo-por-los-60-anos-del-club-de-lectura\\\/#primaryimage\"},\"thumbnailUrl\":\"https:\\\/\\\/digital58.com.ve\\\/site\\\/wp-content\\\/uploads\\\/2025\\\/04\\\/conversatorio-ines-quintero-2025.webp\",\"datePublished\":\"2025-04-24T13:34:52+00:00\",\"dateModified\":\"2025-04-24T13:35:37+00:00\",\"description\":\"La historiadora In\u00e9s Quintero participar\u00e1 en un conversatorio gratuito en Maracaibo el 26 de abril, como parte de la celebraci\u00f3n de los 60 a\u00f1os del Club de Lectura Semana.\",\"breadcrumb\":{\"@id\":\"https:\\\/\\\/digital58.com.ve\\\/site\\\/2025\\\/04\\\/24\\\/ines-quintero-se-presenta-en-maracaibo-por-los-60-anos-del-club-de-lectura\\\/#breadcrumb\"},\"inLanguage\":\"es\",\"potentialAction\":[{\"@type\":\"ReadAction\",\"target\":[\"https:\\\/\\\/digital58.com.ve\\\/site\\\/2025\\\/04\\\/24\\\/ines-quintero-se-presenta-en-maracaibo-por-los-60-anos-del-club-de-lectura\\\/\"]}]},{\"@type\":\"ImageObject\",\"inLanguage\":\"es\",\"@id\":\"https:\\\/\\\/digital58.com.ve\\\/site\\\/2025\\\/04\\\/24\\\/ines-quintero-se-presenta-en-maracaibo-por-los-60-anos-del-club-de-lectura\\\/#primaryimage\",\"url\":\"https:\\\/\\\/digital58.com.ve\\\/site\\\/wp-content\\\/uploads\\\/2025\\\/04\\\/conversatorio-ines-quintero-2025.webp\",\"contentUrl\":\"https:\\\/\\\/digital58.com.ve\\\/site\\\/wp-content\\\/uploads\\\/2025\\\/04\\\/conversatorio-ines-quintero-2025.webp\",\"width\":1000,\"height\":667},{\"@type\":\"BreadcrumbList\",\"@id\":\"https:\\\/\\\/digital58.com.ve\\\/site\\\/2025\\\/04\\\/24\\\/ines-quintero-se-presenta-en-maracaibo-por-los-60-anos-del-club-de-lectura\\\/#breadcrumb\",\"itemListElement\":[{\"@type\":\"ListItem\",\"position\":1,\"name\":\"Home\",\"item\":\"https:\\\/\\\/digital58.com.ve\\\/site\\\/\"},{\"@type\":\"ListItem\",\"position\":2,\"name\":\"In\u00e9s Quintero se presenta en Maracaibo por los 60 a\u00f1os del Club de Lectura\"}]},{\"@type\":\"WebSite\",\"@id\":\"https:\\\/\\\/digital58.com.ve\\\/site\\\/#website\",\"url\":\"https:\\\/\\\/digital58.com.ve\\\/site\\\/\",\"name\":\"Noticias Digital58\",\"description\":\"Portal de Noticias \u00a1Periodismo web de verdad! Lanzamiento web 22.11.2005 \\\/ Maracaibo, Venezuela\",\"publisher\":{\"@id\":\"https:\\\/\\\/digital58.com.ve\\\/site\\\/#\\\/schema\\\/person\\\/64d1c2e4d0d4fd1b849980c4331c2951\"},\"alternateName\":\"ND58\",\"potentialAction\":[{\"@type\":\"SearchAction\",\"target\":{\"@type\":\"EntryPoint\",\"urlTemplate\":\"https:\\\/\\\/digital58.com.ve\\\/site\\\/?s={search_term_string}\"},\"query-input\":{\"@type\":\"PropertyValueSpecification\",\"valueRequired\":true,\"valueName\":\"search_term_string\"}}],\"inLanguage\":\"es\"},{\"@type\":[\"Person\",\"Organization\"],\"@id\":\"https:\\\/\\\/digital58.com.ve\\\/site\\\/#\\\/schema\\\/person\\\/64d1c2e4d0d4fd1b849980c4331c2951\",\"name\":\"Villasmil Henry\",\"image\":{\"@type\":\"ImageObject\",\"inLanguage\":\"es\",\"@id\":\"https:\\\/\\\/secure.gravatar.com\\\/avatar\\\/bb0c4a2fcb7970138239f7e404ea75757b1b507b28b5ce4c53fbd62d797c5a7c?s=96&d=mm&r=g\",\"url\":\"https:\\\/\\\/secure.gravatar.com\\\/avatar\\\/bb0c4a2fcb7970138239f7e404ea75757b1b507b28b5ce4c53fbd62d797c5a7c?s=96&d=mm&r=g\",\"contentUrl\":\"https:\\\/\\\/secure.gravatar.com\\\/avatar\\\/bb0c4a2fcb7970138239f7e404ea75757b1b507b28b5ce4c53fbd62d797c5a7c?s=96&d=mm&r=g\",\"caption\":\"Villasmil Henry\"},\"logo\":{\"@id\":\"https:\\\/\\\/secure.gravatar.com\\\/avatar\\\/bb0c4a2fcb7970138239f7e404ea75757b1b507b28b5ce4c53fbd62d797c5a7c?s=96&d=mm&r=g\"},\"sameAs\":[\"http:\\\/\\\/www.henryvillasmil.com.ve\",\"https:\\\/\\\/www.instagram.com\\\/villasmilhfoto\\\/\",\"https:\\\/\\\/x.com\\\/https:\\\/\\\/twitter.com\\\/villasmilhfoto\"],\"url\":\"https:\\\/\\\/digital58.com.ve\\\/site\\\/author\\\/droopy_68\\\/\"}]}<\/script>\n<!-- \/ Yoast SEO plugin. -->","yoast_head_json":{"title":"In\u00e9s Quintero se presenta en Maracaibo por los 60 a\u00f1os del Club de Lectura","description":"La historiadora In\u00e9s Quintero participar\u00e1 en un conversatorio gratuito en Maracaibo el 26 de abril, como parte de la celebraci\u00f3n de los 60 a\u00f1os del Club de Lectura Semana.","robots":{"index":"index","follow":"follow","max-snippet":"max-snippet:-1","max-image-preview":"max-image-preview:large","max-video-preview":"max-video-preview:-1"},"canonical":"https:\/\/digital58.com.ve\/site\/2025\/04\/24\/ines-quintero-se-presenta-en-maracaibo-por-los-60-anos-del-club-de-lectura\/","og_locale":"es_ES","og_type":"article","og_title":"In\u00e9s Quintero se presenta en Maracaibo por los 60 a\u00f1os del Club de Lectura","og_description":"La historiadora In\u00e9s Quintero participar\u00e1 en un conversatorio gratuito en Maracaibo el 26 de abril, como parte de la celebraci\u00f3n de los 60 a\u00f1os del Club de Lectura Semana.","og_url":"https:\/\/digital58.com.ve\/site\/2025\/04\/24\/ines-quintero-se-presenta-en-maracaibo-por-los-60-anos-del-club-de-lectura\/","og_site_name":"Noticias Digital58","article_published_time":"2025-04-24T13:34:52+00:00","article_modified_time":"2025-04-24T13:35:37+00:00","og_image":[{"width":1000,"height":667,"url":"https:\/\/digital58.com.ve\/site\/wp-content\/uploads\/2025\/04\/conversatorio-ines-quintero-2025.webp","type":"image\/webp"}],"author":"Villasmil Henry","twitter_card":"summary_large_image","twitter_creator":"@https:\/\/twitter.com\/villasmilhfoto","twitter_site":"@villasmilhfoto","twitter_misc":{"Escrito por":"Villasmil Henry","Tiempo estimado de lectura":"3 minutos"},"schema":{"@context":"https:\/\/schema.org","@graph":[{"@type":"Article","@id":"https:\/\/digital58.com.ve\/site\/2025\/04\/24\/ines-quintero-se-presenta-en-maracaibo-por-los-60-anos-del-club-de-lectura\/#article","isPartOf":{"@id":"https:\/\/digital58.com.ve\/site\/2025\/04\/24\/ines-quintero-se-presenta-en-maracaibo-por-los-60-anos-del-club-de-lectura\/"},"author":{"name":"Villasmil Henry","@id":"https:\/\/digital58.com.ve\/site\/#\/schema\/person\/64d1c2e4d0d4fd1b849980c4331c2951"},"headline":"In\u00e9s Quintero se presenta en Maracaibo por los 60 a\u00f1os del Club de Lectura","datePublished":"2025-04-24T13:34:52+00:00","dateModified":"2025-04-24T13:35:37+00:00","mainEntityOfPage":{"@id":"https:\/\/digital58.com.ve\/site\/2025\/04\/24\/ines-quintero-se-presenta-en-maracaibo-por-los-60-anos-del-club-de-lectura\/"},"wordCount":454,"commentCount":0,"publisher":{"@id":"https:\/\/digital58.com.ve\/site\/#\/schema\/person\/64d1c2e4d0d4fd1b849980c4331c2951"},"image":{"@id":"https:\/\/digital58.com.ve\/site\/2025\/04\/24\/ines-quintero-se-presenta-en-maracaibo-por-los-60-anos-del-club-de-lectura\/#primaryimage"},"thumbnailUrl":"https:\/\/digital58.com.ve\/site\/wp-content\/uploads\/2025\/04\/conversatorio-ines-quintero-2025.webp","keywords":["Centro Bellas Artes Ateneo de Maracaibo","Club de Lectura Semana","In\u00e9s Quintero","Lectura","Maracaibo","Nacionales","Regionales","Venezuela","Zulia"],"articleSection":["Artes","Literatura"],"inLanguage":"es","potentialAction":[{"@type":"CommentAction","name":"Comment","target":["https:\/\/digital58.com.ve\/site\/2025\/04\/24\/ines-quintero-se-presenta-en-maracaibo-por-los-60-anos-del-club-de-lectura\/#respond"]}]},{"@type":"WebPage","@id":"https:\/\/digital58.com.ve\/site\/2025\/04\/24\/ines-quintero-se-presenta-en-maracaibo-por-los-60-anos-del-club-de-lectura\/","url":"https:\/\/digital58.com.ve\/site\/2025\/04\/24\/ines-quintero-se-presenta-en-maracaibo-por-los-60-anos-del-club-de-lectura\/","name":"In\u00e9s Quintero se presenta en Maracaibo por los 60 a\u00f1os del Club de Lectura","isPartOf":{"@id":"https:\/\/digital58.com.ve\/site\/#website"},"primaryImageOfPage":{"@id":"https:\/\/digital58.com.ve\/site\/2025\/04\/24\/ines-quintero-se-presenta-en-maracaibo-por-los-60-anos-del-club-de-lectura\/#primaryimage"},"image":{"@id":"https:\/\/digital58.com.ve\/site\/2025\/04\/24\/ines-quintero-se-presenta-en-maracaibo-por-los-60-anos-del-club-de-lectura\/#primaryimage"},"thumbnailUrl":"https:\/\/digital58.com.ve\/site\/wp-content\/uploads\/2025\/04\/conversatorio-ines-quintero-2025.webp","datePublished":"2025-04-24T13:34:52+00:00","dateModified":"2025-04-24T13:35:37+00:00","description":"La historiadora In\u00e9s Quintero participar\u00e1 en un conversatorio gratuito en Maracaibo el 26 de abril, como parte de la celebraci\u00f3n de los 60 a\u00f1os del Club de Lectura Semana.","breadcrumb":{"@id":"https:\/\/digital58.com.ve\/site\/2025\/04\/24\/ines-quintero-se-presenta-en-maracaibo-por-los-60-anos-del-club-de-lectura\/#breadcrumb"},"inLanguage":"es","potentialAction":[{"@type":"ReadAction","target":["https:\/\/digital58.com.ve\/site\/2025\/04\/24\/ines-quintero-se-presenta-en-maracaibo-por-los-60-anos-del-club-de-lectura\/"]}]},{"@type":"ImageObject","inLanguage":"es","@id":"https:\/\/digital58.com.ve\/site\/2025\/04\/24\/ines-quintero-se-presenta-en-maracaibo-por-los-60-anos-del-club-de-lectura\/#primaryimage","url":"https:\/\/digital58.com.ve\/site\/wp-content\/uploads\/2025\/04\/conversatorio-ines-quintero-2025.webp","contentUrl":"https:\/\/digital58.com.ve\/site\/wp-content\/uploads\/2025\/04\/conversatorio-ines-quintero-2025.webp","width":1000,"height":667},{"@type":"BreadcrumbList","@id":"https:\/\/digital58.com.ve\/site\/2025\/04\/24\/ines-quintero-se-presenta-en-maracaibo-por-los-60-anos-del-club-de-lectura\/#breadcrumb","itemListElement":[{"@type":"ListItem","position":1,"name":"Home","item":"https:\/\/digital58.com.ve\/site\/"},{"@type":"ListItem","position":2,"name":"In\u00e9s Quintero se presenta en Maracaibo por los 60 a\u00f1os del Club de Lectura"}]},{"@type":"WebSite","@id":"https:\/\/digital58.com.ve\/site\/#website","url":"https:\/\/digital58.com.ve\/site\/","name":"Noticias Digital58","description":"Portal de Noticias \u00a1Periodismo web de verdad! Lanzamiento web 22.11.2005 \/ Maracaibo, Venezuela","publisher":{"@id":"https:\/\/digital58.com.ve\/site\/#\/schema\/person\/64d1c2e4d0d4fd1b849980c4331c2951"},"alternateName":"ND58","potentialAction":[{"@type":"SearchAction","target":{"@type":"EntryPoint","urlTemplate":"https:\/\/digital58.com.ve\/site\/?s={search_term_string}"},"query-input":{"@type":"PropertyValueSpecification","valueRequired":true,"valueName":"search_term_string"}}],"inLanguage":"es"},{"@type":["Person","Organization"],"@id":"https:\/\/digital58.com.ve\/site\/#\/schema\/person\/64d1c2e4d0d4fd1b849980c4331c2951","name":"Villasmil Henry","image":{"@type":"ImageObject","inLanguage":"es","@id":"https:\/\/secure.gravatar.com\/avatar\/bb0c4a2fcb7970138239f7e404ea75757b1b507b28b5ce4c53fbd62d797c5a7c?s=96&d=mm&r=g","url":"https:\/\/secure.gravatar.com\/avatar\/bb0c4a2fcb7970138239f7e404ea75757b1b507b28b5ce4c53fbd62d797c5a7c?s=96&d=mm&r=g","contentUrl":"https:\/\/secure.gravatar.com\/avatar\/bb0c4a2fcb7970138239f7e404ea75757b1b507b28b5ce4c53fbd62d797c5a7c?s=96&d=mm&r=g","caption":"Villasmil Henry"},"logo":{"@id":"https:\/\/secure.gravatar.com\/avatar\/bb0c4a2fcb7970138239f7e404ea75757b1b507b28b5ce4c53fbd62d797c5a7c?s=96&d=mm&r=g"},"sameAs":["http:\/\/www.henryvillasmil.com.ve","https:\/\/www.instagram.com\/villasmilhfoto\/","https:\/\/x.com\/https:\/\/twitter.com\/villasmilhfoto"],"url":"https:\/\/digital58.com.ve\/site\/author\/droopy_68\/"}]}},"uagb_featured_image_src":{"full":["https:\/\/digital58.com.ve\/site\/wp-content\/uploads\/2025\/04\/conversatorio-ines-quintero-2025.webp",1000,667,false],"thumbnail":["https:\/\/digital58.com.ve\/site\/wp-content\/uploads\/2025\/04\/conversatorio-ines-quintero-2025-150x150.webp",150,150,true],"medium":["https:\/\/digital58.com.ve\/site\/wp-content\/uploads\/2025\/04\/conversatorio-ines-quintero-2025-300x200.webp",300,200,true],"medium_large":["https:\/\/digital58.com.ve\/site\/wp-content\/uploads\/2025\/04\/conversatorio-ines-quintero-2025-768x512.webp",768,512,true],"large":["https:\/\/digital58.com.ve\/site\/wp-content\/uploads\/2025\/04\/conversatorio-ines-quintero-2025.webp",800,534,false],"1536x1536":["https:\/\/digital58.com.ve\/site\/wp-content\/uploads\/2025\/04\/conversatorio-ines-quintero-2025.webp",1000,667,false],"2048x2048":["https:\/\/digital58.com.ve\/site\/wp-content\/uploads\/2025\/04\/conversatorio-ines-quintero-2025.webp",1000,667,false],"colormag-highlighted-post":["https:\/\/digital58.com.ve\/site\/wp-content\/uploads\/2025\/04\/conversatorio-ines-quintero-2025-392x272.webp",392,272,true],"colormag-featured-post-medium":["https:\/\/digital58.com.ve\/site\/wp-content\/uploads\/2025\/04\/conversatorio-ines-quintero-2025-390x205.webp",390,205,true],"colormag-featured-post-small":["https:\/\/digital58.com.ve\/site\/wp-content\/uploads\/2025\/04\/conversatorio-ines-quintero-2025-130x90.webp",130,90,true],"colormag-featured-image":["https:\/\/digital58.com.ve\/site\/wp-content\/uploads\/2025\/04\/conversatorio-ines-quintero-2025-800x445.webp",800,445,true],"colormag-default-news":["https:\/\/digital58.com.ve\/site\/wp-content\/uploads\/2025\/04\/conversatorio-ines-quintero-2025-150x150.webp",150,150,true],"colormag-featured-image-large":["https:\/\/digital58.com.ve\/site\/wp-content\/uploads\/2025\/04\/conversatorio-ines-quintero-2025-1000x600.webp",1000,600,true]},"uagb_author_info":{"display_name":"Villasmil Henry","author_link":"https:\/\/digital58.com.ve\/site\/author\/droopy_68\/"},"uagb_comment_info":0,"uagb_excerpt":"La historiadora venezolana encabezar\u00e1 un encuentro gratuito el 26 de abril en el Teatro de Bellas Artes, como parte del","_links":{"self":[{"href":"https:\/\/digital58.com.ve\/site\/wp-json\/wp\/v2\/posts\/186726","targetHints":{"allow":["GET"]}}],"collection":[{"href":"https:\/\/digital58.com.ve\/site\/wp-json\/wp\/v2\/posts"}],"about":[{"href":"https:\/\/digital58.com.ve\/site\/wp-json\/wp\/v2\/types\/post"}],"author":[{"embeddable":true,"href":"https:\/\/digital58.com.ve\/site\/wp-json\/wp\/v2\/users\/1"}],"replies":[{"embeddable":true,"href":"https:\/\/digital58.com.ve\/site\/wp-json\/wp\/v2\/comments?post=186726"}],"version-history":[{"count":1,"href":"https:\/\/digital58.com.ve\/site\/wp-json\/wp\/v2\/posts\/186726\/revisions"}],"predecessor-version":[{"id":186728,"href":"https:\/\/digital58.com.ve\/site\/wp-json\/wp\/v2\/posts\/186726\/revisions\/186728"}],"wp:featuredmedia":[{"embeddable":true,"href":"https:\/\/digital58.com.ve\/site\/wp-json\/wp\/v2\/media\/186727"}],"wp:attachment":[{"href":"https:\/\/digital58.com.ve\/site\/wp-json\/wp\/v2\/media?parent=186726"}],"wp:term":[{"taxonomy":"category","embeddable":true,"href":"https:\/\/digital58.com.ve\/site\/wp-json\/wp\/v2\/categories?post=186726"},{"taxonomy":"post_tag","embeddable":true,"href":"https:\/\/digital58.com.ve\/site\/wp-json\/wp\/v2\/tags?post=186726"}],"curies":[{"name":"wp","href":"https:\/\/api.w.org\/{rel}","templated":true}]}}