{"id":186762,"date":"2025-04-25T15:10:44","date_gmt":"2025-04-25T19:10:44","guid":{"rendered":"https:\/\/digital58.com.ve\/site\/?p=186762"},"modified":"2025-04-25T15:10:44","modified_gmt":"2025-04-25T19:10:44","slug":"harlen-otero-conquista-titulo-fide-en-torneo-subzonal-de-medellin","status":"publish","type":"post","link":"https:\/\/digital58.com.ve\/site\/2025\/04\/25\/harlen-otero-conquista-titulo-fide-en-torneo-subzonal-de-medellin\/","title":{"rendered":"Harlen Otero conquista t\u00edtulo FIDE en torneo Subzonal de Medell\u00edn"},"content":{"rendered":"<p><a class=\"keychainify-checked\" href=\"https:\/\/digital58.com.ve\/site\/wp-content\/uploads\/2025\/04\/harlen-otero-campeon-medellin-04-2025-2.webp\"><img loading=\"lazy\" decoding=\"async\" class=\"aligncenter wp-image-186763 size-full\" src=\"https:\/\/digital58.com.ve\/site\/wp-content\/uploads\/2025\/04\/harlen-otero-campeon-medellin-04-2025-2.webp\" alt=\"Harlen Otero, paratleta oriundo del estado Zulia, obtuvo el t\u00edtulo de Maestro Candidato (CM) otorgado por la Federaci\u00f3n Internacional de Ajedrez (FIDE), tras su participaci\u00f3n en el Subzonal 2.3.2 Absoluto celebrado del 14 al 19 de abril en Medell\u00edn, Colombia.\" width=\"1000\" height=\"667\" srcset=\"https:\/\/digital58.com.ve\/site\/wp-content\/uploads\/2025\/04\/harlen-otero-campeon-medellin-04-2025-2.webp 1000w, https:\/\/digital58.com.ve\/site\/wp-content\/uploads\/2025\/04\/harlen-otero-campeon-medellin-04-2025-2-300x200.webp 300w, https:\/\/digital58.com.ve\/site\/wp-content\/uploads\/2025\/04\/harlen-otero-campeon-medellin-04-2025-2-768x512.webp 768w\" sizes=\"auto, (max-width: 1000px) 100vw, 1000px\" \/><\/a><\/p>\n<blockquote><p>El paratleta venezolano alcanz\u00f3 la distinci\u00f3n de Maestro Candidato tras una destacada actuaci\u00f3n frente a ajedrecistas titulados en Colombia.<\/p><\/blockquote>\n<p><strong>Maracaibo, Zulia, Venezuela, 25 de abril de 2025 (ND58).-<\/strong> Harlen Otero, paratleta oriundo del estado Zulia, obtuvo el t\u00edtulo de Maestro Candidato (CM) otorgado por la Federaci\u00f3n Internacional de Ajedrez (FIDE), tras su participaci\u00f3n en el Subzonal 2.3.2 Absoluto celebrado del 14 al 19 de abril en Medell\u00edn, Colombia.<\/p>\n<p>La haza\u00f1a lo proyecta hacia nuevas competencias internacionales.<\/p>\n<h2>Harlen Otero logra importante t\u00edtulo internacional en ajedrez<\/h2>\n<p>El venezolano Harlen Otero logr\u00f3 una destacada actuaci\u00f3n durante el Subzonal 2.3.2 Absoluto realizado en Medell\u00edn, donde se enfrent\u00f3 por primera vez a jugadores con t\u00edtulos oficiales.<\/p>\n<p>Gracias a su desempe\u00f1o, obtuvo el t\u00edtulo CM (Candidato a Maestro), reconocimiento otorgado por la FIDE a quienes alcanzan un Elo de entre 2200 y 2299, o logran una actuaci\u00f3n sobresaliente en torneos oficiales.<\/p>\n<p>Este t\u00edtulo marca un paso clave en su trayectoria deportiva y lo posiciona como una de las figuras emergentes del ajedrez paral\u00edmpico en Venezuela.<\/p>\n<h2>Un avance clave en su carrera internacional<\/h2>\n<p>Otero compiti\u00f3 de forma individual como parte de la delegaci\u00f3n venezolana, que disput\u00f3 el evento en los espacios del Parque de Ajedrez de Medell\u00edn. La obtenci\u00f3n del t\u00edtulo CM lo habilita para representar al pa\u00eds en futuras competencias de mayor nivel.<\/p>\n<p>Su pr\u00f3ximo reto internacional ser\u00e1 en las Paraolimpiadas IBCA, previstas del 15 al 26 de junio en Serbia. En esta ocasi\u00f3n, la competici\u00f3n ser\u00e1 por equipos y reunir\u00e1 a representantes de alto nivel del ajedrez adaptado mundial.<\/p>\n<p><a class=\"keychainify-checked\" href=\"https:\/\/digital58.com.ve\/site\/wp-content\/uploads\/2025\/04\/harlen-otero-campeon-medellin-04-2025-1.webp\"><img loading=\"lazy\" decoding=\"async\" class=\"aligncenter size-full wp-image-186764\" src=\"https:\/\/digital58.com.ve\/site\/wp-content\/uploads\/2025\/04\/harlen-otero-campeon-medellin-04-2025-1.webp\" alt=\"\" width=\"1000\" height=\"667\" srcset=\"https:\/\/digital58.com.ve\/site\/wp-content\/uploads\/2025\/04\/harlen-otero-campeon-medellin-04-2025-1.webp 1000w, https:\/\/digital58.com.ve\/site\/wp-content\/uploads\/2025\/04\/harlen-otero-campeon-medellin-04-2025-1-300x200.webp 300w, https:\/\/digital58.com.ve\/site\/wp-content\/uploads\/2025\/04\/harlen-otero-campeon-medellin-04-2025-1-768x512.webp 768w\" sizes=\"auto, (max-width: 1000px) 100vw, 1000px\" \/><\/a><\/p>\n<h2>Reconocimiento institucional y apoyo regional<\/h2>\n<p>Desde el Instituto Regional de Deportes del Zulia y la Gobernaci\u00f3n del estado se extendieron palabras de felicitaci\u00f3n a Harlen Otero por su logro.<\/p>\n<p>En un comunicado oficial, se resalt\u00f3 la importancia del t\u00edtulo como un paso s\u00f3lido hacia una carrera deportiva internacional, destacando su esfuerzo y dedicaci\u00f3n.<\/p>\n<p><strong>\u00abEste reconocimiento de la FIDE demuestra su constancia y compromiso con el deporte\u00bb<\/strong>, expresaron autoridades regionales, quienes adem\u00e1s reiteraron el apoyo institucional a su desarrollo como atleta de alto rendimiento.<\/p>\n<p><strong>Redacci\u00f3n ND58 | Fuente: Secip<\/strong><br \/>\n<strong>Edici\u00f3n: Villasmil, Henry<\/strong><br \/>\n<strong>Gr\u00e1ficas: Cortes\u00eda Secip<\/strong><\/p>\n<p>&nbsp;<\/p><div class=\"qoyrt69f5d9fae6af2\" ><p style=\"text-align: center;\"><a href=\"https:\/\/t.me\/noticiasdigital58\" target=\"_blank\" rel=\"noopener\"><img class=\"aligncenter size-full wp-image-125363\" src=\"https:\/\/digital58.com.ve\/site\/wp-content\/uploads\/2021\/04\/banner-telegram-web-2021.png\" alt=\"\" width=\"600\" height=\"90\" \/><\/a><\/p><\/div><style type=\"text\/css\">\r\n@media screen and (min-width: 1201px) {\r\n.qoyrt69f5d9fae6af2 {\r\ndisplay: block;\r\n}\r\n}\r\n@media screen and (min-width: 993px) and (max-width: 1200px) {\r\n.qoyrt69f5d9fae6af2 {\r\ndisplay: block;\r\n}\r\n}\r\n@media screen and (min-width: 769px) and (max-width: 992px) {\r\n.qoyrt69f5d9fae6af2 {\r\ndisplay: block;\r\n}\r\n}\r\n@media screen and (min-width: 768px) and (max-width: 768px) {\r\n.qoyrt69f5d9fae6af2 {\r\ndisplay: block;\r\n}\r\n}\r\n@media screen and (max-width: 767px) {\r\n.qoyrt69f5d9fae6af2 {\r\ndisplay: block;\r\n}\r\n}\r\n<\/style>\r\n\n<p>&nbsp;<\/p>\n<div style=\"margin-top: 0px; margin-bottom: 0px;\" class=\"sharethis-inline-share-buttons\" ><\/div>","protected":false},"excerpt":{"rendered":"<p>El paratleta venezolano alcanz\u00f3 la distinci\u00f3n de Maestro Candidato tras una destacada actuaci\u00f3n frente a ajedrecistas titulados en Colombia. Maracaibo,<\/p>\n","protected":false},"author":1,"featured_media":186764,"comment_status":"open","ping_status":"closed","sticky":false,"template":"","format":"standard","meta":{"colormag_page_container_layout":"default_layout","colormag_page_sidebar_layout":"default_layout","_uag_custom_page_level_css":"","footnotes":""},"categories":[5402],"tags":[5335,98,14990,2101,34832,26603,6364,10,34833,32896,34834,1647],"class_list":["post-186762","post","type-post","status-publish","format-standard","has-post-thumbnail","hentry","category-deportes","tag-ajedrez","tag-colombia","tag-federacion-internacional-de-ajedrez","tag-gobernacion-del-zulia","tag-harlen-otero","tag-instituto-regional-de-deportes-del-zulia","tag-medellin","tag-otros-deportes","tag-paraolimpiadas-ibca","tag-paratletas","tag-torneo-subzonal-de-medellin","tag-zulianos"],"yoast_head":"<!-- This site is optimized with the Yoast SEO plugin v27.5 - https:\/\/yoast.com\/product\/yoast-seo-wordpress\/ -->\n<title>Harlen Otero conquista t\u00edtulo FIDE en torneo Subzonal de Medell\u00edn<\/title>\n<meta name=\"description\" content=\"El paratleta venezolano Harlen Otero obtuvo el t\u00edtulo CM de la FIDE en el Subzonal 2.3.2 de Medell\u00edn, consolidando su carrera internacional rumbo a las Paraolimpiadas IBCA en Serbia.\" \/>\n<meta name=\"robots\" content=\"index, follow, max-snippet:-1, max-image-preview:large, max-video-preview:-1\" \/>\n<link rel=\"canonical\" href=\"https:\/\/digital58.com.ve\/site\/2025\/04\/25\/harlen-otero-conquista-titulo-fide-en-torneo-subzonal-de-medellin\/\" \/>\n<meta property=\"og:locale\" content=\"es_ES\" \/>\n<meta property=\"og:type\" content=\"article\" \/>\n<meta property=\"og:title\" content=\"Harlen Otero conquista t\u00edtulo FIDE en torneo Subzonal de Medell\u00edn\" \/>\n<meta property=\"og:description\" content=\"El paratleta venezolano Harlen Otero obtuvo el t\u00edtulo CM de la FIDE en el Subzonal 2.3.2 de Medell\u00edn, consolidando su carrera internacional rumbo a las Paraolimpiadas IBCA en Serbia.\" \/>\n<meta property=\"og:url\" content=\"https:\/\/digital58.com.ve\/site\/2025\/04\/25\/harlen-otero-conquista-titulo-fide-en-torneo-subzonal-de-medellin\/\" \/>\n<meta property=\"og:site_name\" content=\"Noticias Digital58\" \/>\n<meta property=\"article:published_time\" content=\"2025-04-25T19:10:44+00:00\" \/>\n<meta property=\"og:image\" content=\"https:\/\/digital58.com.ve\/site\/wp-content\/uploads\/2025\/04\/harlen-otero-campeon-medellin-04-2025-1.webp\" \/>\n\t<meta property=\"og:image:width\" content=\"1000\" \/>\n\t<meta property=\"og:image:height\" content=\"667\" \/>\n\t<meta property=\"og:image:type\" content=\"image\/webp\" \/>\n<meta name=\"author\" content=\"Villasmil Henry\" \/>\n<meta name=\"twitter:card\" content=\"summary_large_image\" \/>\n<meta name=\"twitter:creator\" content=\"@https:\/\/twitter.com\/villasmilhfoto\" \/>\n<meta name=\"twitter:site\" content=\"@villasmilhfoto\" \/>\n<meta name=\"twitter:label1\" content=\"Escrito por\" \/>\n\t<meta name=\"twitter:data1\" content=\"Villasmil Henry\" \/>\n\t<meta name=\"twitter:label2\" content=\"Tiempo estimado de lectura\" \/>\n\t<meta name=\"twitter:data2\" content=\"3 minutos\" \/>\n<script type=\"application\/ld+json\" class=\"yoast-schema-graph\">{\"@context\":\"https:\\\/\\\/schema.org\",\"@graph\":[{\"@type\":\"Article\",\"@id\":\"https:\\\/\\\/digital58.com.ve\\\/site\\\/2025\\\/04\\\/25\\\/harlen-otero-conquista-titulo-fide-en-torneo-subzonal-de-medellin\\\/#article\",\"isPartOf\":{\"@id\":\"https:\\\/\\\/digital58.com.ve\\\/site\\\/2025\\\/04\\\/25\\\/harlen-otero-conquista-titulo-fide-en-torneo-subzonal-de-medellin\\\/\"},\"author\":{\"name\":\"Villasmil Henry\",\"@id\":\"https:\\\/\\\/digital58.com.ve\\\/site\\\/#\\\/schema\\\/person\\\/64d1c2e4d0d4fd1b849980c4331c2951\"},\"headline\":\"Harlen Otero conquista t\u00edtulo FIDE en torneo Subzonal de Medell\u00edn\",\"datePublished\":\"2025-04-25T19:10:44+00:00\",\"mainEntityOfPage\":{\"@id\":\"https:\\\/\\\/digital58.com.ve\\\/site\\\/2025\\\/04\\\/25\\\/harlen-otero-conquista-titulo-fide-en-torneo-subzonal-de-medellin\\\/\"},\"wordCount\":386,\"commentCount\":0,\"publisher\":{\"@id\":\"https:\\\/\\\/digital58.com.ve\\\/site\\\/#\\\/schema\\\/person\\\/64d1c2e4d0d4fd1b849980c4331c2951\"},\"image\":{\"@id\":\"https:\\\/\\\/digital58.com.ve\\\/site\\\/2025\\\/04\\\/25\\\/harlen-otero-conquista-titulo-fide-en-torneo-subzonal-de-medellin\\\/#primaryimage\"},\"thumbnailUrl\":\"https:\\\/\\\/digital58.com.ve\\\/site\\\/wp-content\\\/uploads\\\/2025\\\/04\\\/harlen-otero-campeon-medellin-04-2025-1.webp\",\"keywords\":[\"Ajedrez\",\"Colombia\",\"Federacion Internacional de Ajedrez\",\"Gobernaci\u00f3n del Zulia\",\"Harlen Otero\",\"Instituto Regional de Deportes del Zulia\",\"Medell\u00edn\",\"Otros Deportes\",\"Paraolimpiadas IBCA\",\"Paratletas\",\"Torneo Subzonal de Medell\u00edn\",\"Zulianos\"],\"articleSection\":[\"Deportes\"],\"inLanguage\":\"es\",\"potentialAction\":[{\"@type\":\"CommentAction\",\"name\":\"Comment\",\"target\":[\"https:\\\/\\\/digital58.com.ve\\\/site\\\/2025\\\/04\\\/25\\\/harlen-otero-conquista-titulo-fide-en-torneo-subzonal-de-medellin\\\/#respond\"]}]},{\"@type\":\"WebPage\",\"@id\":\"https:\\\/\\\/digital58.com.ve\\\/site\\\/2025\\\/04\\\/25\\\/harlen-otero-conquista-titulo-fide-en-torneo-subzonal-de-medellin\\\/\",\"url\":\"https:\\\/\\\/digital58.com.ve\\\/site\\\/2025\\\/04\\\/25\\\/harlen-otero-conquista-titulo-fide-en-torneo-subzonal-de-medellin\\\/\",\"name\":\"Harlen Otero conquista t\u00edtulo FIDE en torneo Subzonal de Medell\u00edn\",\"isPartOf\":{\"@id\":\"https:\\\/\\\/digital58.com.ve\\\/site\\\/#website\"},\"primaryImageOfPage\":{\"@id\":\"https:\\\/\\\/digital58.com.ve\\\/site\\\/2025\\\/04\\\/25\\\/harlen-otero-conquista-titulo-fide-en-torneo-subzonal-de-medellin\\\/#primaryimage\"},\"image\":{\"@id\":\"https:\\\/\\\/digital58.com.ve\\\/site\\\/2025\\\/04\\\/25\\\/harlen-otero-conquista-titulo-fide-en-torneo-subzonal-de-medellin\\\/#primaryimage\"},\"thumbnailUrl\":\"https:\\\/\\\/digital58.com.ve\\\/site\\\/wp-content\\\/uploads\\\/2025\\\/04\\\/harlen-otero-campeon-medellin-04-2025-1.webp\",\"datePublished\":\"2025-04-25T19:10:44+00:00\",\"description\":\"El paratleta venezolano Harlen Otero obtuvo el t\u00edtulo CM de la FIDE en el Subzonal 2.3.2 de Medell\u00edn, consolidando su carrera internacional rumbo a las Paraolimpiadas IBCA en Serbia.\",\"breadcrumb\":{\"@id\":\"https:\\\/\\\/digital58.com.ve\\\/site\\\/2025\\\/04\\\/25\\\/harlen-otero-conquista-titulo-fide-en-torneo-subzonal-de-medellin\\\/#breadcrumb\"},\"inLanguage\":\"es\",\"potentialAction\":[{\"@type\":\"ReadAction\",\"target\":[\"https:\\\/\\\/digital58.com.ve\\\/site\\\/2025\\\/04\\\/25\\\/harlen-otero-conquista-titulo-fide-en-torneo-subzonal-de-medellin\\\/\"]}]},{\"@type\":\"ImageObject\",\"inLanguage\":\"es\",\"@id\":\"https:\\\/\\\/digital58.com.ve\\\/site\\\/2025\\\/04\\\/25\\\/harlen-otero-conquista-titulo-fide-en-torneo-subzonal-de-medellin\\\/#primaryimage\",\"url\":\"https:\\\/\\\/digital58.com.ve\\\/site\\\/wp-content\\\/uploads\\\/2025\\\/04\\\/harlen-otero-campeon-medellin-04-2025-1.webp\",\"contentUrl\":\"https:\\\/\\\/digital58.com.ve\\\/site\\\/wp-content\\\/uploads\\\/2025\\\/04\\\/harlen-otero-campeon-medellin-04-2025-1.webp\",\"width\":1000,\"height\":667},{\"@type\":\"BreadcrumbList\",\"@id\":\"https:\\\/\\\/digital58.com.ve\\\/site\\\/2025\\\/04\\\/25\\\/harlen-otero-conquista-titulo-fide-en-torneo-subzonal-de-medellin\\\/#breadcrumb\",\"itemListElement\":[{\"@type\":\"ListItem\",\"position\":1,\"name\":\"Home\",\"item\":\"https:\\\/\\\/digital58.com.ve\\\/site\\\/\"},{\"@type\":\"ListItem\",\"position\":2,\"name\":\"Harlen Otero conquista t\u00edtulo FIDE en torneo Subzonal de Medell\u00edn\"}]},{\"@type\":\"WebSite\",\"@id\":\"https:\\\/\\\/digital58.com.ve\\\/site\\\/#website\",\"url\":\"https:\\\/\\\/digital58.com.ve\\\/site\\\/\",\"name\":\"Noticias Digital58\",\"description\":\"Portal de Noticias \u00a1Periodismo web de verdad! Lanzamiento web 22.11.2005 \\\/ Maracaibo, Venezuela\",\"publisher\":{\"@id\":\"https:\\\/\\\/digital58.com.ve\\\/site\\\/#\\\/schema\\\/person\\\/64d1c2e4d0d4fd1b849980c4331c2951\"},\"alternateName\":\"ND58\",\"potentialAction\":[{\"@type\":\"SearchAction\",\"target\":{\"@type\":\"EntryPoint\",\"urlTemplate\":\"https:\\\/\\\/digital58.com.ve\\\/site\\\/?s={search_term_string}\"},\"query-input\":{\"@type\":\"PropertyValueSpecification\",\"valueRequired\":true,\"valueName\":\"search_term_string\"}}],\"inLanguage\":\"es\"},{\"@type\":[\"Person\",\"Organization\"],\"@id\":\"https:\\\/\\\/digital58.com.ve\\\/site\\\/#\\\/schema\\\/person\\\/64d1c2e4d0d4fd1b849980c4331c2951\",\"name\":\"Villasmil Henry\",\"image\":{\"@type\":\"ImageObject\",\"inLanguage\":\"es\",\"@id\":\"https:\\\/\\\/secure.gravatar.com\\\/avatar\\\/bb0c4a2fcb7970138239f7e404ea75757b1b507b28b5ce4c53fbd62d797c5a7c?s=96&d=mm&r=g\",\"url\":\"https:\\\/\\\/secure.gravatar.com\\\/avatar\\\/bb0c4a2fcb7970138239f7e404ea75757b1b507b28b5ce4c53fbd62d797c5a7c?s=96&d=mm&r=g\",\"contentUrl\":\"https:\\\/\\\/secure.gravatar.com\\\/avatar\\\/bb0c4a2fcb7970138239f7e404ea75757b1b507b28b5ce4c53fbd62d797c5a7c?s=96&d=mm&r=g\",\"caption\":\"Villasmil Henry\"},\"logo\":{\"@id\":\"https:\\\/\\\/secure.gravatar.com\\\/avatar\\\/bb0c4a2fcb7970138239f7e404ea75757b1b507b28b5ce4c53fbd62d797c5a7c?s=96&d=mm&r=g\"},\"sameAs\":[\"http:\\\/\\\/www.henryvillasmil.com.ve\",\"https:\\\/\\\/www.instagram.com\\\/villasmilhfoto\\\/\",\"https:\\\/\\\/x.com\\\/https:\\\/\\\/twitter.com\\\/villasmilhfoto\"],\"url\":\"https:\\\/\\\/digital58.com.ve\\\/site\\\/author\\\/droopy_68\\\/\"}]}<\/script>\n<!-- \/ Yoast SEO plugin. -->","yoast_head_json":{"title":"Harlen Otero conquista t\u00edtulo FIDE en torneo Subzonal de Medell\u00edn","description":"El paratleta venezolano Harlen Otero obtuvo el t\u00edtulo CM de la FIDE en el Subzonal 2.3.2 de Medell\u00edn, consolidando su carrera internacional rumbo a las Paraolimpiadas IBCA en Serbia.","robots":{"index":"index","follow":"follow","max-snippet":"max-snippet:-1","max-image-preview":"max-image-preview:large","max-video-preview":"max-video-preview:-1"},"canonical":"https:\/\/digital58.com.ve\/site\/2025\/04\/25\/harlen-otero-conquista-titulo-fide-en-torneo-subzonal-de-medellin\/","og_locale":"es_ES","og_type":"article","og_title":"Harlen Otero conquista t\u00edtulo FIDE en torneo Subzonal de Medell\u00edn","og_description":"El paratleta venezolano Harlen Otero obtuvo el t\u00edtulo CM de la FIDE en el Subzonal 2.3.2 de Medell\u00edn, consolidando su carrera internacional rumbo a las Paraolimpiadas IBCA en Serbia.","og_url":"https:\/\/digital58.com.ve\/site\/2025\/04\/25\/harlen-otero-conquista-titulo-fide-en-torneo-subzonal-de-medellin\/","og_site_name":"Noticias Digital58","article_published_time":"2025-04-25T19:10:44+00:00","og_image":[{"width":1000,"height":667,"url":"https:\/\/digital58.com.ve\/site\/wp-content\/uploads\/2025\/04\/harlen-otero-campeon-medellin-04-2025-1.webp","type":"image\/webp"}],"author":"Villasmil Henry","twitter_card":"summary_large_image","twitter_creator":"@https:\/\/twitter.com\/villasmilhfoto","twitter_site":"@villasmilhfoto","twitter_misc":{"Escrito por":"Villasmil Henry","Tiempo estimado de lectura":"3 minutos"},"schema":{"@context":"https:\/\/schema.org","@graph":[{"@type":"Article","@id":"https:\/\/digital58.com.ve\/site\/2025\/04\/25\/harlen-otero-conquista-titulo-fide-en-torneo-subzonal-de-medellin\/#article","isPartOf":{"@id":"https:\/\/digital58.com.ve\/site\/2025\/04\/25\/harlen-otero-conquista-titulo-fide-en-torneo-subzonal-de-medellin\/"},"author":{"name":"Villasmil Henry","@id":"https:\/\/digital58.com.ve\/site\/#\/schema\/person\/64d1c2e4d0d4fd1b849980c4331c2951"},"headline":"Harlen Otero conquista t\u00edtulo FIDE en torneo Subzonal de Medell\u00edn","datePublished":"2025-04-25T19:10:44+00:00","mainEntityOfPage":{"@id":"https:\/\/digital58.com.ve\/site\/2025\/04\/25\/harlen-otero-conquista-titulo-fide-en-torneo-subzonal-de-medellin\/"},"wordCount":386,"commentCount":0,"publisher":{"@id":"https:\/\/digital58.com.ve\/site\/#\/schema\/person\/64d1c2e4d0d4fd1b849980c4331c2951"},"image":{"@id":"https:\/\/digital58.com.ve\/site\/2025\/04\/25\/harlen-otero-conquista-titulo-fide-en-torneo-subzonal-de-medellin\/#primaryimage"},"thumbnailUrl":"https:\/\/digital58.com.ve\/site\/wp-content\/uploads\/2025\/04\/harlen-otero-campeon-medellin-04-2025-1.webp","keywords":["Ajedrez","Colombia","Federacion Internacional de Ajedrez","Gobernaci\u00f3n del Zulia","Harlen Otero","Instituto Regional de Deportes del Zulia","Medell\u00edn","Otros Deportes","Paraolimpiadas IBCA","Paratletas","Torneo Subzonal de Medell\u00edn","Zulianos"],"articleSection":["Deportes"],"inLanguage":"es","potentialAction":[{"@type":"CommentAction","name":"Comment","target":["https:\/\/digital58.com.ve\/site\/2025\/04\/25\/harlen-otero-conquista-titulo-fide-en-torneo-subzonal-de-medellin\/#respond"]}]},{"@type":"WebPage","@id":"https:\/\/digital58.com.ve\/site\/2025\/04\/25\/harlen-otero-conquista-titulo-fide-en-torneo-subzonal-de-medellin\/","url":"https:\/\/digital58.com.ve\/site\/2025\/04\/25\/harlen-otero-conquista-titulo-fide-en-torneo-subzonal-de-medellin\/","name":"Harlen Otero conquista t\u00edtulo FIDE en torneo Subzonal de Medell\u00edn","isPartOf":{"@id":"https:\/\/digital58.com.ve\/site\/#website"},"primaryImageOfPage":{"@id":"https:\/\/digital58.com.ve\/site\/2025\/04\/25\/harlen-otero-conquista-titulo-fide-en-torneo-subzonal-de-medellin\/#primaryimage"},"image":{"@id":"https:\/\/digital58.com.ve\/site\/2025\/04\/25\/harlen-otero-conquista-titulo-fide-en-torneo-subzonal-de-medellin\/#primaryimage"},"thumbnailUrl":"https:\/\/digital58.com.ve\/site\/wp-content\/uploads\/2025\/04\/harlen-otero-campeon-medellin-04-2025-1.webp","datePublished":"2025-04-25T19:10:44+00:00","description":"El paratleta venezolano Harlen Otero obtuvo el t\u00edtulo CM de la FIDE en el Subzonal 2.3.2 de Medell\u00edn, consolidando su carrera internacional rumbo a las Paraolimpiadas IBCA en Serbia.","breadcrumb":{"@id":"https:\/\/digital58.com.ve\/site\/2025\/04\/25\/harlen-otero-conquista-titulo-fide-en-torneo-subzonal-de-medellin\/#breadcrumb"},"inLanguage":"es","potentialAction":[{"@type":"ReadAction","target":["https:\/\/digital58.com.ve\/site\/2025\/04\/25\/harlen-otero-conquista-titulo-fide-en-torneo-subzonal-de-medellin\/"]}]},{"@type":"ImageObject","inLanguage":"es","@id":"https:\/\/digital58.com.ve\/site\/2025\/04\/25\/harlen-otero-conquista-titulo-fide-en-torneo-subzonal-de-medellin\/#primaryimage","url":"https:\/\/digital58.com.ve\/site\/wp-content\/uploads\/2025\/04\/harlen-otero-campeon-medellin-04-2025-1.webp","contentUrl":"https:\/\/digital58.com.ve\/site\/wp-content\/uploads\/2025\/04\/harlen-otero-campeon-medellin-04-2025-1.webp","width":1000,"height":667},{"@type":"BreadcrumbList","@id":"https:\/\/digital58.com.ve\/site\/2025\/04\/25\/harlen-otero-conquista-titulo-fide-en-torneo-subzonal-de-medellin\/#breadcrumb","itemListElement":[{"@type":"ListItem","position":1,"name":"Home","item":"https:\/\/digital58.com.ve\/site\/"},{"@type":"ListItem","position":2,"name":"Harlen Otero conquista t\u00edtulo FIDE en torneo Subzonal de Medell\u00edn"}]},{"@type":"WebSite","@id":"https:\/\/digital58.com.ve\/site\/#website","url":"https:\/\/digital58.com.ve\/site\/","name":"Noticias Digital58","description":"Portal de Noticias \u00a1Periodismo web de verdad! Lanzamiento web 22.11.2005 \/ Maracaibo, Venezuela","publisher":{"@id":"https:\/\/digital58.com.ve\/site\/#\/schema\/person\/64d1c2e4d0d4fd1b849980c4331c2951"},"alternateName":"ND58","potentialAction":[{"@type":"SearchAction","target":{"@type":"EntryPoint","urlTemplate":"https:\/\/digital58.com.ve\/site\/?s={search_term_string}"},"query-input":{"@type":"PropertyValueSpecification","valueRequired":true,"valueName":"search_term_string"}}],"inLanguage":"es"},{"@type":["Person","Organization"],"@id":"https:\/\/digital58.com.ve\/site\/#\/schema\/person\/64d1c2e4d0d4fd1b849980c4331c2951","name":"Villasmil Henry","image":{"@type":"ImageObject","inLanguage":"es","@id":"https:\/\/secure.gravatar.com\/avatar\/bb0c4a2fcb7970138239f7e404ea75757b1b507b28b5ce4c53fbd62d797c5a7c?s=96&d=mm&r=g","url":"https:\/\/secure.gravatar.com\/avatar\/bb0c4a2fcb7970138239f7e404ea75757b1b507b28b5ce4c53fbd62d797c5a7c?s=96&d=mm&r=g","contentUrl":"https:\/\/secure.gravatar.com\/avatar\/bb0c4a2fcb7970138239f7e404ea75757b1b507b28b5ce4c53fbd62d797c5a7c?s=96&d=mm&r=g","caption":"Villasmil Henry"},"logo":{"@id":"https:\/\/secure.gravatar.com\/avatar\/bb0c4a2fcb7970138239f7e404ea75757b1b507b28b5ce4c53fbd62d797c5a7c?s=96&d=mm&r=g"},"sameAs":["http:\/\/www.henryvillasmil.com.ve","https:\/\/www.instagram.com\/villasmilhfoto\/","https:\/\/x.com\/https:\/\/twitter.com\/villasmilhfoto"],"url":"https:\/\/digital58.com.ve\/site\/author\/droopy_68\/"}]}},"uagb_featured_image_src":{"full":["https:\/\/digital58.com.ve\/site\/wp-content\/uploads\/2025\/04\/harlen-otero-campeon-medellin-04-2025-1.webp",1000,667,false],"thumbnail":["https:\/\/digital58.com.ve\/site\/wp-content\/uploads\/2025\/04\/harlen-otero-campeon-medellin-04-2025-1-150x150.webp",150,150,true],"medium":["https:\/\/digital58.com.ve\/site\/wp-content\/uploads\/2025\/04\/harlen-otero-campeon-medellin-04-2025-1-300x200.webp",300,200,true],"medium_large":["https:\/\/digital58.com.ve\/site\/wp-content\/uploads\/2025\/04\/harlen-otero-campeon-medellin-04-2025-1-768x512.webp",768,512,true],"large":["https:\/\/digital58.com.ve\/site\/wp-content\/uploads\/2025\/04\/harlen-otero-campeon-medellin-04-2025-1.webp",800,534,false],"1536x1536":["https:\/\/digital58.com.ve\/site\/wp-content\/uploads\/2025\/04\/harlen-otero-campeon-medellin-04-2025-1.webp",1000,667,false],"2048x2048":["https:\/\/digital58.com.ve\/site\/wp-content\/uploads\/2025\/04\/harlen-otero-campeon-medellin-04-2025-1.webp",1000,667,false],"colormag-highlighted-post":["https:\/\/digital58.com.ve\/site\/wp-content\/uploads\/2025\/04\/harlen-otero-campeon-medellin-04-2025-1-392x272.webp",392,272,true],"colormag-featured-post-medium":["https:\/\/digital58.com.ve\/site\/wp-content\/uploads\/2025\/04\/harlen-otero-campeon-medellin-04-2025-1-390x205.webp",390,205,true],"colormag-featured-post-small":["https:\/\/digital58.com.ve\/site\/wp-content\/uploads\/2025\/04\/harlen-otero-campeon-medellin-04-2025-1-130x90.webp",130,90,true],"colormag-featured-image":["https:\/\/digital58.com.ve\/site\/wp-content\/uploads\/2025\/04\/harlen-otero-campeon-medellin-04-2025-1-800x445.webp",800,445,true],"colormag-default-news":["https:\/\/digital58.com.ve\/site\/wp-content\/uploads\/2025\/04\/harlen-otero-campeon-medellin-04-2025-1-150x150.webp",150,150,true],"colormag-featured-image-large":["https:\/\/digital58.com.ve\/site\/wp-content\/uploads\/2025\/04\/harlen-otero-campeon-medellin-04-2025-1-1000x600.webp",1000,600,true]},"uagb_author_info":{"display_name":"Villasmil Henry","author_link":"https:\/\/digital58.com.ve\/site\/author\/droopy_68\/"},"uagb_comment_info":0,"uagb_excerpt":"El paratleta venezolano alcanz\u00f3 la distinci\u00f3n de Maestro Candidato tras una destacada actuaci\u00f3n frente a ajedrecistas titulados en Colombia. Maracaibo,","_links":{"self":[{"href":"https:\/\/digital58.com.ve\/site\/wp-json\/wp\/v2\/posts\/186762","targetHints":{"allow":["GET"]}}],"collection":[{"href":"https:\/\/digital58.com.ve\/site\/wp-json\/wp\/v2\/posts"}],"about":[{"href":"https:\/\/digital58.com.ve\/site\/wp-json\/wp\/v2\/types\/post"}],"author":[{"embeddable":true,"href":"https:\/\/digital58.com.ve\/site\/wp-json\/wp\/v2\/users\/1"}],"replies":[{"embeddable":true,"href":"https:\/\/digital58.com.ve\/site\/wp-json\/wp\/v2\/comments?post=186762"}],"version-history":[{"count":1,"href":"https:\/\/digital58.com.ve\/site\/wp-json\/wp\/v2\/posts\/186762\/revisions"}],"predecessor-version":[{"id":186765,"href":"https:\/\/digital58.com.ve\/site\/wp-json\/wp\/v2\/posts\/186762\/revisions\/186765"}],"wp:featuredmedia":[{"embeddable":true,"href":"https:\/\/digital58.com.ve\/site\/wp-json\/wp\/v2\/media\/186764"}],"wp:attachment":[{"href":"https:\/\/digital58.com.ve\/site\/wp-json\/wp\/v2\/media?parent=186762"}],"wp:term":[{"taxonomy":"category","embeddable":true,"href":"https:\/\/digital58.com.ve\/site\/wp-json\/wp\/v2\/categories?post=186762"},{"taxonomy":"post_tag","embeddable":true,"href":"https:\/\/digital58.com.ve\/site\/wp-json\/wp\/v2\/tags?post=186762"}],"curies":[{"name":"wp","href":"https:\/\/api.w.org\/{rel}","templated":true}]}}