{"id":186822,"date":"2025-04-28T11:33:06","date_gmt":"2025-04-28T15:33:06","guid":{"rendered":"https:\/\/digital58.com.ve\/site\/?p=186822"},"modified":"2025-04-28T11:33:06","modified_gmt":"2025-04-28T15:33:06","slug":"apagon-masivo-afecta-a-espana-y-portugal-este-28-de-abril","status":"publish","type":"post","link":"https:\/\/digital58.com.ve\/site\/2025\/04\/28\/apagon-masivo-afecta-a-espana-y-portugal-este-28-de-abril\/","title":{"rendered":"Apag\u00f3n masivo afecta a Espa\u00f1a y Portugal este 28 de abril"},"content":{"rendered":"<p><a class=\"keychainify-checked\" href=\"https:\/\/digital58.com.ve\/site\/wp-content\/uploads\/2025\/04\/apagon-espana-28-04-25-1.webp\"><img loading=\"lazy\" decoding=\"async\" class=\"aligncenter wp-image-186828 size-full\" src=\"https:\/\/digital58.com.ve\/site\/wp-content\/uploads\/2025\/04\/apagon-espana-28-04-25-1.webp\" alt=\"Un apag\u00f3n el\u00e9ctrico afect\u00f3 este lunes 28 de abril a toda la Espa\u00f1a peninsular y a varias zonas de Portugal, dejando a millones de ciudadanos sin servicio el\u00e9ctrico. Red El\u00e9ctrica trabaja junto a las compa\u00f1\u00edas del sector para esclarecer el origen de la interrupci\u00f3n y restablecer el suministro.\" width=\"1000\" height=\"667\" srcset=\"https:\/\/digital58.com.ve\/site\/wp-content\/uploads\/2025\/04\/apagon-espana-28-04-25-1.webp 1000w, https:\/\/digital58.com.ve\/site\/wp-content\/uploads\/2025\/04\/apagon-espana-28-04-25-1-300x200.webp 300w, https:\/\/digital58.com.ve\/site\/wp-content\/uploads\/2025\/04\/apagon-espana-28-04-25-1-768x512.webp 768w\" sizes=\"auto, (max-width: 1000px) 100vw, 1000px\" \/><\/a><\/p>\n<blockquote><p>Millones de usuarios quedaron sin electricidad por causas a\u00fan desconocidas.<\/p><\/blockquote>\n<p><strong>Espa\u00f1a, 28 de abril de 2025 (ND58).-<\/strong> Un apag\u00f3n el\u00e9ctrico afect\u00f3 este lunes 28 de abril a toda la Espa\u00f1a peninsular y a varias zonas de Portugal, dejando a millones de ciudadanos sin servicio el\u00e9ctrico. Red El\u00e9ctrica trabaja junto a las compa\u00f1\u00edas del sector para esclarecer el origen de la interrupci\u00f3n y restablecer el suministro.<\/p>\n<p><a class=\"keychainify-checked\" href=\"https:\/\/digital58.com.ve\/site\/wp-content\/uploads\/2025\/04\/apagon-espana-28-04-25-2.webp\"><img loading=\"lazy\" decoding=\"async\" class=\"aligncenter size-full wp-image-186827\" src=\"https:\/\/digital58.com.ve\/site\/wp-content\/uploads\/2025\/04\/apagon-espana-28-04-25-2.webp\" alt=\"\" width=\"1000\" height=\"667\" srcset=\"https:\/\/digital58.com.ve\/site\/wp-content\/uploads\/2025\/04\/apagon-espana-28-04-25-2.webp 1000w, https:\/\/digital58.com.ve\/site\/wp-content\/uploads\/2025\/04\/apagon-espana-28-04-25-2-300x200.webp 300w, https:\/\/digital58.com.ve\/site\/wp-content\/uploads\/2025\/04\/apagon-espana-28-04-25-2-768x512.webp 768w\" sizes=\"auto, (max-width: 1000px) 100vw, 1000px\" \/><\/a><\/p>\n<h2>Apag\u00f3n a gran escala en la pen\u00ednsula ib\u00e9rica<\/h2>\n<p>Alrededor de las 12:30 del mediod\u00eda (hora local), se produjo un corte masivo de electricidad que dej\u00f3 sin luz a hogares, centros de trabajo y sistemas de transporte en Espa\u00f1a y zonas de Portugal.<\/p>\n<p>Red El\u00e9ctrica de Espa\u00f1a (REE) confirm\u00f3 que el suceso ocurri\u00f3 mientras la demanda energ\u00e9tica se situaba en torno a los 25.184 megavatios, cayendo abruptamente a 12.425 megavatios en cuesti\u00f3n de minutos.<\/p>\n<p><a class=\"keychainify-checked\" href=\"https:\/\/digital58.com.ve\/site\/wp-content\/uploads\/2025\/04\/apagon-espana-28-04-25-4.webp\"><img loading=\"lazy\" decoding=\"async\" class=\"aligncenter size-full wp-image-186825\" src=\"https:\/\/digital58.com.ve\/site\/wp-content\/uploads\/2025\/04\/apagon-espana-28-04-25-4.webp\" alt=\"\" width=\"1000\" height=\"667\" srcset=\"https:\/\/digital58.com.ve\/site\/wp-content\/uploads\/2025\/04\/apagon-espana-28-04-25-4.webp 1000w, https:\/\/digital58.com.ve\/site\/wp-content\/uploads\/2025\/04\/apagon-espana-28-04-25-4-300x200.webp 300w, https:\/\/digital58.com.ve\/site\/wp-content\/uploads\/2025\/04\/apagon-espana-28-04-25-4-768x512.webp 768w\" sizes=\"auto, (max-width: 1000px) 100vw, 1000px\" \/><\/a><\/p>\n<p>Aunque las causas del apag\u00f3n a\u00fan no se han determinado, t\u00e9cnicos especializados trabajan de manera coordinada para identificar el origen del fallo y evitar nuevas incidencias.<\/p>\n<p><a class=\"keychainify-checked\" href=\"https:\/\/digital58.com.ve\/site\/wp-content\/uploads\/2025\/04\/apagon-espana-28-04-25-3.webp\"><img loading=\"lazy\" decoding=\"async\" class=\"aligncenter size-full wp-image-186826\" src=\"https:\/\/digital58.com.ve\/site\/wp-content\/uploads\/2025\/04\/apagon-espana-28-04-25-3.webp\" alt=\"\" width=\"1000\" height=\"667\" srcset=\"https:\/\/digital58.com.ve\/site\/wp-content\/uploads\/2025\/04\/apagon-espana-28-04-25-3.webp 1000w, https:\/\/digital58.com.ve\/site\/wp-content\/uploads\/2025\/04\/apagon-espana-28-04-25-3-300x200.webp 300w, https:\/\/digital58.com.ve\/site\/wp-content\/uploads\/2025\/04\/apagon-espana-28-04-25-3-768x512.webp 768w\" sizes=\"auto, (max-width: 1000px) 100vw, 1000px\" \/><\/a><\/p>\n<h2>Impacto en millones de ciudadanos<\/h2>\n<p>El corte de electricidad paraliz\u00f3 m\u00faltiples servicios esenciales y gener\u00f3 afectaciones en la movilidad urbana, especialmente en trenes y metros.<\/p>\n<p>Adem\u00e1s, numerosas empresas debieron interrumpir sus actividades, mientras que hospitales y centros de emergencia recurrieron a sistemas de respaldo energ\u00e9tico.<\/p>\n<p>Seg\u00fan report\u00f3 la agencia EFE, el fen\u00f3meno tuvo repercusi\u00f3n no solo en Espa\u00f1a, sino tambi\u00e9n en varias regiones de Europa, aunque la afectaci\u00f3n principal se concentr\u00f3 en la pen\u00ednsula ib\u00e9rica.<\/p>\n<p><a class=\"keychainify-checked\" href=\"https:\/\/digital58.com.ve\/site\/wp-content\/uploads\/2025\/04\/apagon-espana-28-04-25-5.webp\"><img loading=\"lazy\" decoding=\"async\" class=\"aligncenter size-full wp-image-186824\" src=\"https:\/\/digital58.com.ve\/site\/wp-content\/uploads\/2025\/04\/apagon-espana-28-04-25-5.webp\" alt=\"\" width=\"1000\" height=\"667\" srcset=\"https:\/\/digital58.com.ve\/site\/wp-content\/uploads\/2025\/04\/apagon-espana-28-04-25-5.webp 1000w, https:\/\/digital58.com.ve\/site\/wp-content\/uploads\/2025\/04\/apagon-espana-28-04-25-5-300x200.webp 300w, https:\/\/digital58.com.ve\/site\/wp-content\/uploads\/2025\/04\/apagon-espana-28-04-25-5-768x512.webp 768w\" sizes=\"auto, (max-width: 1000px) 100vw, 1000px\" \/><\/a><\/p>\n<h2>Red El\u00e9ctrica investiga el origen del apag\u00f3n<\/h2>\n<p>Fuentes de Red El\u00e9ctrica aseguraron que ya se est\u00e1n realizando las investigaciones pertinentes para esclarecer los motivos de esta ca\u00edda repentina en la red.<\/p>\n<p><strong>\u00abEstamos trabajando de manera urgente con los operadores del sistema para restablecer la normalidad lo antes posible\u00bb<\/strong>, se\u00f1alaron desde la compa\u00f1\u00eda.<\/p>\n<p><a class=\"keychainify-checked\" href=\"https:\/\/digital58.com.ve\/site\/wp-content\/uploads\/2025\/04\/apagon-espana-28-04-25-6.webp\"><img loading=\"lazy\" decoding=\"async\" class=\"aligncenter size-full wp-image-186823\" src=\"https:\/\/digital58.com.ve\/site\/wp-content\/uploads\/2025\/04\/apagon-espana-28-04-25-6.webp\" alt=\"\" width=\"1000\" height=\"667\" srcset=\"https:\/\/digital58.com.ve\/site\/wp-content\/uploads\/2025\/04\/apagon-espana-28-04-25-6.webp 1000w, https:\/\/digital58.com.ve\/site\/wp-content\/uploads\/2025\/04\/apagon-espana-28-04-25-6-300x200.webp 300w, https:\/\/digital58.com.ve\/site\/wp-content\/uploads\/2025\/04\/apagon-espana-28-04-25-6-768x512.webp 768w\" sizes=\"auto, (max-width: 1000px) 100vw, 1000px\" \/><\/a><\/p>\n<p>Se espera que en las pr\u00f3ximas horas se ofrezca un informe oficial sobre las causas del incidente, as\u00ed como medidas para prevenir futuras afectaciones similares.<\/p>\n<p><strong>Redacci\u00f3n ND58 | Fuente: EFE<\/strong><br \/>\n<strong>Edici\u00f3n: Villasmil, Henry<\/strong><br \/>\n<strong>Gr\u00e1ficas: EFE<\/strong><\/p>\n<p>&nbsp;<\/p>\n<p>&nbsp;<\/p><div class=\"jnctl69f47321c0438\" ><p style=\"text-align: center;\"><a href=\"https:\/\/t.me\/noticiasdigital58\" target=\"_blank\" rel=\"noopener\"><img class=\"aligncenter size-full wp-image-125363\" src=\"https:\/\/digital58.com.ve\/site\/wp-content\/uploads\/2021\/04\/banner-telegram-web-2021.png\" alt=\"\" width=\"600\" height=\"90\" \/><\/a><\/p><\/div><style type=\"text\/css\">\r\n@media screen and (min-width: 1201px) {\r\n.jnctl69f47321c0438 {\r\ndisplay: block;\r\n}\r\n}\r\n@media screen and (min-width: 993px) and (max-width: 1200px) {\r\n.jnctl69f47321c0438 {\r\ndisplay: block;\r\n}\r\n}\r\n@media screen and (min-width: 769px) and (max-width: 992px) {\r\n.jnctl69f47321c0438 {\r\ndisplay: block;\r\n}\r\n}\r\n@media screen and (min-width: 768px) and (max-width: 768px) {\r\n.jnctl69f47321c0438 {\r\ndisplay: block;\r\n}\r\n}\r\n@media screen and (max-width: 767px) {\r\n.jnctl69f47321c0438 {\r\ndisplay: block;\r\n}\r\n}\r\n<\/style>\r\n\n<p>&nbsp;<\/p>\n<div style=\"margin-top: 0px; margin-bottom: 0px;\" class=\"sharethis-inline-share-buttons\" ><\/div>","protected":false},"excerpt":{"rendered":"<p>Millones de usuarios quedaron sin electricidad por causas a\u00fan desconocidas. Espa\u00f1a, 28 de abril de 2025 (ND58).- Un apag\u00f3n el\u00e9ctrico<\/p>\n","protected":false},"author":1,"featured_media":186824,"comment_status":"open","ping_status":"closed","sticky":false,"template":"","format":"standard","meta":{"colormag_page_container_layout":"default_layout","colormag_page_sidebar_layout":"default_layout","_uag_custom_page_level_css":"","footnotes":""},"categories":[16451],"tags":[34850,115,8,108],"class_list":["post-186822","post","type-post","status-publish","format-standard","has-post-thumbnail","hentry","category-mundo","tag-apagon-electrico","tag-espana","tag-internacionales","tag-portugal"],"yoast_head":"<!-- This site is optimized with the Yoast SEO plugin v27.5 - https:\/\/yoast.com\/product\/yoast-seo-wordpress\/ -->\n<title>Apag\u00f3n masivo afecta a Espa\u00f1a y Portugal este 28 de abril<\/title>\n<meta name=\"description\" content=\"Un apag\u00f3n masivo dej\u00f3 sin electricidad a millones en Espa\u00f1a y Portugal este 28 de abril. Red El\u00e9ctrica trabaja para esclarecer las causas y restablecer el servicio.\" \/>\n<meta name=\"robots\" content=\"index, follow, max-snippet:-1, max-image-preview:large, max-video-preview:-1\" \/>\n<link rel=\"canonical\" href=\"https:\/\/digital58.com.ve\/site\/2025\/04\/28\/apagon-masivo-afecta-a-espana-y-portugal-este-28-de-abril\/\" \/>\n<meta property=\"og:locale\" content=\"es_ES\" \/>\n<meta property=\"og:type\" content=\"article\" \/>\n<meta property=\"og:title\" content=\"Apag\u00f3n masivo afecta a Espa\u00f1a y Portugal este 28 de abril\" \/>\n<meta property=\"og:description\" content=\"Un apag\u00f3n masivo dej\u00f3 sin electricidad a millones en Espa\u00f1a y Portugal este 28 de abril. Red El\u00e9ctrica trabaja para esclarecer las causas y restablecer el servicio.\" \/>\n<meta property=\"og:url\" content=\"https:\/\/digital58.com.ve\/site\/2025\/04\/28\/apagon-masivo-afecta-a-espana-y-portugal-este-28-de-abril\/\" \/>\n<meta property=\"og:site_name\" content=\"Noticias Digital58\" \/>\n<meta property=\"article:published_time\" content=\"2025-04-28T15:33:06+00:00\" \/>\n<meta property=\"og:image\" content=\"https:\/\/digital58.com.ve\/site\/wp-content\/uploads\/2025\/04\/apagon-espana-28-04-25-5.webp\" \/>\n\t<meta property=\"og:image:width\" content=\"1000\" \/>\n\t<meta property=\"og:image:height\" content=\"667\" \/>\n\t<meta property=\"og:image:type\" content=\"image\/webp\" \/>\n<meta name=\"author\" content=\"Villasmil Henry\" \/>\n<meta name=\"twitter:card\" content=\"summary_large_image\" \/>\n<meta name=\"twitter:creator\" content=\"@https:\/\/twitter.com\/villasmilhfoto\" \/>\n<meta name=\"twitter:site\" content=\"@villasmilhfoto\" \/>\n<meta name=\"twitter:label1\" content=\"Escrito por\" \/>\n\t<meta name=\"twitter:data1\" content=\"Villasmil Henry\" \/>\n\t<meta name=\"twitter:label2\" content=\"Tiempo estimado de lectura\" \/>\n\t<meta name=\"twitter:data2\" content=\"3 minutos\" \/>\n<script type=\"application\/ld+json\" class=\"yoast-schema-graph\">{\"@context\":\"https:\\\/\\\/schema.org\",\"@graph\":[{\"@type\":\"Article\",\"@id\":\"https:\\\/\\\/digital58.com.ve\\\/site\\\/2025\\\/04\\\/28\\\/apagon-masivo-afecta-a-espana-y-portugal-este-28-de-abril\\\/#article\",\"isPartOf\":{\"@id\":\"https:\\\/\\\/digital58.com.ve\\\/site\\\/2025\\\/04\\\/28\\\/apagon-masivo-afecta-a-espana-y-portugal-este-28-de-abril\\\/\"},\"author\":{\"name\":\"Villasmil Henry\",\"@id\":\"https:\\\/\\\/digital58.com.ve\\\/site\\\/#\\\/schema\\\/person\\\/64d1c2e4d0d4fd1b849980c4331c2951\"},\"headline\":\"Apag\u00f3n masivo afecta a Espa\u00f1a y Portugal este 28 de abril\",\"datePublished\":\"2025-04-28T15:33:06+00:00\",\"mainEntityOfPage\":{\"@id\":\"https:\\\/\\\/digital58.com.ve\\\/site\\\/2025\\\/04\\\/28\\\/apagon-masivo-afecta-a-espana-y-portugal-este-28-de-abril\\\/\"},\"wordCount\":378,\"commentCount\":0,\"publisher\":{\"@id\":\"https:\\\/\\\/digital58.com.ve\\\/site\\\/#\\\/schema\\\/person\\\/64d1c2e4d0d4fd1b849980c4331c2951\"},\"image\":{\"@id\":\"https:\\\/\\\/digital58.com.ve\\\/site\\\/2025\\\/04\\\/28\\\/apagon-masivo-afecta-a-espana-y-portugal-este-28-de-abril\\\/#primaryimage\"},\"thumbnailUrl\":\"https:\\\/\\\/digital58.com.ve\\\/site\\\/wp-content\\\/uploads\\\/2025\\\/04\\\/apagon-espana-28-04-25-5.webp\",\"keywords\":[\"Apag\u00f3n el\u00e9ctrico\",\"Espa\u00f1a\",\"Internacionales\",\"Portugal\"],\"articleSection\":[\"Mundo\"],\"inLanguage\":\"es\",\"potentialAction\":[{\"@type\":\"CommentAction\",\"name\":\"Comment\",\"target\":[\"https:\\\/\\\/digital58.com.ve\\\/site\\\/2025\\\/04\\\/28\\\/apagon-masivo-afecta-a-espana-y-portugal-este-28-de-abril\\\/#respond\"]}]},{\"@type\":\"WebPage\",\"@id\":\"https:\\\/\\\/digital58.com.ve\\\/site\\\/2025\\\/04\\\/28\\\/apagon-masivo-afecta-a-espana-y-portugal-este-28-de-abril\\\/\",\"url\":\"https:\\\/\\\/digital58.com.ve\\\/site\\\/2025\\\/04\\\/28\\\/apagon-masivo-afecta-a-espana-y-portugal-este-28-de-abril\\\/\",\"name\":\"Apag\u00f3n masivo afecta a Espa\u00f1a y Portugal este 28 de abril\",\"isPartOf\":{\"@id\":\"https:\\\/\\\/digital58.com.ve\\\/site\\\/#website\"},\"primaryImageOfPage\":{\"@id\":\"https:\\\/\\\/digital58.com.ve\\\/site\\\/2025\\\/04\\\/28\\\/apagon-masivo-afecta-a-espana-y-portugal-este-28-de-abril\\\/#primaryimage\"},\"image\":{\"@id\":\"https:\\\/\\\/digital58.com.ve\\\/site\\\/2025\\\/04\\\/28\\\/apagon-masivo-afecta-a-espana-y-portugal-este-28-de-abril\\\/#primaryimage\"},\"thumbnailUrl\":\"https:\\\/\\\/digital58.com.ve\\\/site\\\/wp-content\\\/uploads\\\/2025\\\/04\\\/apagon-espana-28-04-25-5.webp\",\"datePublished\":\"2025-04-28T15:33:06+00:00\",\"description\":\"Un apag\u00f3n masivo dej\u00f3 sin electricidad a millones en Espa\u00f1a y Portugal este 28 de abril. Red El\u00e9ctrica trabaja para esclarecer las causas y restablecer el servicio.\",\"breadcrumb\":{\"@id\":\"https:\\\/\\\/digital58.com.ve\\\/site\\\/2025\\\/04\\\/28\\\/apagon-masivo-afecta-a-espana-y-portugal-este-28-de-abril\\\/#breadcrumb\"},\"inLanguage\":\"es\",\"potentialAction\":[{\"@type\":\"ReadAction\",\"target\":[\"https:\\\/\\\/digital58.com.ve\\\/site\\\/2025\\\/04\\\/28\\\/apagon-masivo-afecta-a-espana-y-portugal-este-28-de-abril\\\/\"]}]},{\"@type\":\"ImageObject\",\"inLanguage\":\"es\",\"@id\":\"https:\\\/\\\/digital58.com.ve\\\/site\\\/2025\\\/04\\\/28\\\/apagon-masivo-afecta-a-espana-y-portugal-este-28-de-abril\\\/#primaryimage\",\"url\":\"https:\\\/\\\/digital58.com.ve\\\/site\\\/wp-content\\\/uploads\\\/2025\\\/04\\\/apagon-espana-28-04-25-5.webp\",\"contentUrl\":\"https:\\\/\\\/digital58.com.ve\\\/site\\\/wp-content\\\/uploads\\\/2025\\\/04\\\/apagon-espana-28-04-25-5.webp\",\"width\":1000,\"height\":667},{\"@type\":\"BreadcrumbList\",\"@id\":\"https:\\\/\\\/digital58.com.ve\\\/site\\\/2025\\\/04\\\/28\\\/apagon-masivo-afecta-a-espana-y-portugal-este-28-de-abril\\\/#breadcrumb\",\"itemListElement\":[{\"@type\":\"ListItem\",\"position\":1,\"name\":\"Home\",\"item\":\"https:\\\/\\\/digital58.com.ve\\\/site\\\/\"},{\"@type\":\"ListItem\",\"position\":2,\"name\":\"Apag\u00f3n masivo afecta a Espa\u00f1a y Portugal este 28 de abril\"}]},{\"@type\":\"WebSite\",\"@id\":\"https:\\\/\\\/digital58.com.ve\\\/site\\\/#website\",\"url\":\"https:\\\/\\\/digital58.com.ve\\\/site\\\/\",\"name\":\"Noticias Digital58\",\"description\":\"Portal de Noticias \u00a1Periodismo web de verdad! Lanzamiento web 22.11.2005 \\\/ Maracaibo, Venezuela\",\"publisher\":{\"@id\":\"https:\\\/\\\/digital58.com.ve\\\/site\\\/#\\\/schema\\\/person\\\/64d1c2e4d0d4fd1b849980c4331c2951\"},\"alternateName\":\"ND58\",\"potentialAction\":[{\"@type\":\"SearchAction\",\"target\":{\"@type\":\"EntryPoint\",\"urlTemplate\":\"https:\\\/\\\/digital58.com.ve\\\/site\\\/?s={search_term_string}\"},\"query-input\":{\"@type\":\"PropertyValueSpecification\",\"valueRequired\":true,\"valueName\":\"search_term_string\"}}],\"inLanguage\":\"es\"},{\"@type\":[\"Person\",\"Organization\"],\"@id\":\"https:\\\/\\\/digital58.com.ve\\\/site\\\/#\\\/schema\\\/person\\\/64d1c2e4d0d4fd1b849980c4331c2951\",\"name\":\"Villasmil Henry\",\"image\":{\"@type\":\"ImageObject\",\"inLanguage\":\"es\",\"@id\":\"https:\\\/\\\/secure.gravatar.com\\\/avatar\\\/bb0c4a2fcb7970138239f7e404ea75757b1b507b28b5ce4c53fbd62d797c5a7c?s=96&d=mm&r=g\",\"url\":\"https:\\\/\\\/secure.gravatar.com\\\/avatar\\\/bb0c4a2fcb7970138239f7e404ea75757b1b507b28b5ce4c53fbd62d797c5a7c?s=96&d=mm&r=g\",\"contentUrl\":\"https:\\\/\\\/secure.gravatar.com\\\/avatar\\\/bb0c4a2fcb7970138239f7e404ea75757b1b507b28b5ce4c53fbd62d797c5a7c?s=96&d=mm&r=g\",\"caption\":\"Villasmil Henry\"},\"logo\":{\"@id\":\"https:\\\/\\\/secure.gravatar.com\\\/avatar\\\/bb0c4a2fcb7970138239f7e404ea75757b1b507b28b5ce4c53fbd62d797c5a7c?s=96&d=mm&r=g\"},\"sameAs\":[\"http:\\\/\\\/www.henryvillasmil.com.ve\",\"https:\\\/\\\/www.instagram.com\\\/villasmilhfoto\\\/\",\"https:\\\/\\\/x.com\\\/https:\\\/\\\/twitter.com\\\/villasmilhfoto\"],\"url\":\"https:\\\/\\\/digital58.com.ve\\\/site\\\/author\\\/droopy_68\\\/\"}]}<\/script>\n<!-- \/ Yoast SEO plugin. -->","yoast_head_json":{"title":"Apag\u00f3n masivo afecta a Espa\u00f1a y Portugal este 28 de abril","description":"Un apag\u00f3n masivo dej\u00f3 sin electricidad a millones en Espa\u00f1a y Portugal este 28 de abril. Red El\u00e9ctrica trabaja para esclarecer las causas y restablecer el servicio.","robots":{"index":"index","follow":"follow","max-snippet":"max-snippet:-1","max-image-preview":"max-image-preview:large","max-video-preview":"max-video-preview:-1"},"canonical":"https:\/\/digital58.com.ve\/site\/2025\/04\/28\/apagon-masivo-afecta-a-espana-y-portugal-este-28-de-abril\/","og_locale":"es_ES","og_type":"article","og_title":"Apag\u00f3n masivo afecta a Espa\u00f1a y Portugal este 28 de abril","og_description":"Un apag\u00f3n masivo dej\u00f3 sin electricidad a millones en Espa\u00f1a y Portugal este 28 de abril. Red El\u00e9ctrica trabaja para esclarecer las causas y restablecer el servicio.","og_url":"https:\/\/digital58.com.ve\/site\/2025\/04\/28\/apagon-masivo-afecta-a-espana-y-portugal-este-28-de-abril\/","og_site_name":"Noticias Digital58","article_published_time":"2025-04-28T15:33:06+00:00","og_image":[{"width":1000,"height":667,"url":"https:\/\/digital58.com.ve\/site\/wp-content\/uploads\/2025\/04\/apagon-espana-28-04-25-5.webp","type":"image\/webp"}],"author":"Villasmil Henry","twitter_card":"summary_large_image","twitter_creator":"@https:\/\/twitter.com\/villasmilhfoto","twitter_site":"@villasmilhfoto","twitter_misc":{"Escrito por":"Villasmil Henry","Tiempo estimado de lectura":"3 minutos"},"schema":{"@context":"https:\/\/schema.org","@graph":[{"@type":"Article","@id":"https:\/\/digital58.com.ve\/site\/2025\/04\/28\/apagon-masivo-afecta-a-espana-y-portugal-este-28-de-abril\/#article","isPartOf":{"@id":"https:\/\/digital58.com.ve\/site\/2025\/04\/28\/apagon-masivo-afecta-a-espana-y-portugal-este-28-de-abril\/"},"author":{"name":"Villasmil Henry","@id":"https:\/\/digital58.com.ve\/site\/#\/schema\/person\/64d1c2e4d0d4fd1b849980c4331c2951"},"headline":"Apag\u00f3n masivo afecta a Espa\u00f1a y Portugal este 28 de abril","datePublished":"2025-04-28T15:33:06+00:00","mainEntityOfPage":{"@id":"https:\/\/digital58.com.ve\/site\/2025\/04\/28\/apagon-masivo-afecta-a-espana-y-portugal-este-28-de-abril\/"},"wordCount":378,"commentCount":0,"publisher":{"@id":"https:\/\/digital58.com.ve\/site\/#\/schema\/person\/64d1c2e4d0d4fd1b849980c4331c2951"},"image":{"@id":"https:\/\/digital58.com.ve\/site\/2025\/04\/28\/apagon-masivo-afecta-a-espana-y-portugal-este-28-de-abril\/#primaryimage"},"thumbnailUrl":"https:\/\/digital58.com.ve\/site\/wp-content\/uploads\/2025\/04\/apagon-espana-28-04-25-5.webp","keywords":["Apag\u00f3n el\u00e9ctrico","Espa\u00f1a","Internacionales","Portugal"],"articleSection":["Mundo"],"inLanguage":"es","potentialAction":[{"@type":"CommentAction","name":"Comment","target":["https:\/\/digital58.com.ve\/site\/2025\/04\/28\/apagon-masivo-afecta-a-espana-y-portugal-este-28-de-abril\/#respond"]}]},{"@type":"WebPage","@id":"https:\/\/digital58.com.ve\/site\/2025\/04\/28\/apagon-masivo-afecta-a-espana-y-portugal-este-28-de-abril\/","url":"https:\/\/digital58.com.ve\/site\/2025\/04\/28\/apagon-masivo-afecta-a-espana-y-portugal-este-28-de-abril\/","name":"Apag\u00f3n masivo afecta a Espa\u00f1a y Portugal este 28 de abril","isPartOf":{"@id":"https:\/\/digital58.com.ve\/site\/#website"},"primaryImageOfPage":{"@id":"https:\/\/digital58.com.ve\/site\/2025\/04\/28\/apagon-masivo-afecta-a-espana-y-portugal-este-28-de-abril\/#primaryimage"},"image":{"@id":"https:\/\/digital58.com.ve\/site\/2025\/04\/28\/apagon-masivo-afecta-a-espana-y-portugal-este-28-de-abril\/#primaryimage"},"thumbnailUrl":"https:\/\/digital58.com.ve\/site\/wp-content\/uploads\/2025\/04\/apagon-espana-28-04-25-5.webp","datePublished":"2025-04-28T15:33:06+00:00","description":"Un apag\u00f3n masivo dej\u00f3 sin electricidad a millones en Espa\u00f1a y Portugal este 28 de abril. Red El\u00e9ctrica trabaja para esclarecer las causas y restablecer el servicio.","breadcrumb":{"@id":"https:\/\/digital58.com.ve\/site\/2025\/04\/28\/apagon-masivo-afecta-a-espana-y-portugal-este-28-de-abril\/#breadcrumb"},"inLanguage":"es","potentialAction":[{"@type":"ReadAction","target":["https:\/\/digital58.com.ve\/site\/2025\/04\/28\/apagon-masivo-afecta-a-espana-y-portugal-este-28-de-abril\/"]}]},{"@type":"ImageObject","inLanguage":"es","@id":"https:\/\/digital58.com.ve\/site\/2025\/04\/28\/apagon-masivo-afecta-a-espana-y-portugal-este-28-de-abril\/#primaryimage","url":"https:\/\/digital58.com.ve\/site\/wp-content\/uploads\/2025\/04\/apagon-espana-28-04-25-5.webp","contentUrl":"https:\/\/digital58.com.ve\/site\/wp-content\/uploads\/2025\/04\/apagon-espana-28-04-25-5.webp","width":1000,"height":667},{"@type":"BreadcrumbList","@id":"https:\/\/digital58.com.ve\/site\/2025\/04\/28\/apagon-masivo-afecta-a-espana-y-portugal-este-28-de-abril\/#breadcrumb","itemListElement":[{"@type":"ListItem","position":1,"name":"Home","item":"https:\/\/digital58.com.ve\/site\/"},{"@type":"ListItem","position":2,"name":"Apag\u00f3n masivo afecta a Espa\u00f1a y Portugal este 28 de abril"}]},{"@type":"WebSite","@id":"https:\/\/digital58.com.ve\/site\/#website","url":"https:\/\/digital58.com.ve\/site\/","name":"Noticias Digital58","description":"Portal de Noticias \u00a1Periodismo web de verdad! Lanzamiento web 22.11.2005 \/ Maracaibo, Venezuela","publisher":{"@id":"https:\/\/digital58.com.ve\/site\/#\/schema\/person\/64d1c2e4d0d4fd1b849980c4331c2951"},"alternateName":"ND58","potentialAction":[{"@type":"SearchAction","target":{"@type":"EntryPoint","urlTemplate":"https:\/\/digital58.com.ve\/site\/?s={search_term_string}"},"query-input":{"@type":"PropertyValueSpecification","valueRequired":true,"valueName":"search_term_string"}}],"inLanguage":"es"},{"@type":["Person","Organization"],"@id":"https:\/\/digital58.com.ve\/site\/#\/schema\/person\/64d1c2e4d0d4fd1b849980c4331c2951","name":"Villasmil Henry","image":{"@type":"ImageObject","inLanguage":"es","@id":"https:\/\/secure.gravatar.com\/avatar\/bb0c4a2fcb7970138239f7e404ea75757b1b507b28b5ce4c53fbd62d797c5a7c?s=96&d=mm&r=g","url":"https:\/\/secure.gravatar.com\/avatar\/bb0c4a2fcb7970138239f7e404ea75757b1b507b28b5ce4c53fbd62d797c5a7c?s=96&d=mm&r=g","contentUrl":"https:\/\/secure.gravatar.com\/avatar\/bb0c4a2fcb7970138239f7e404ea75757b1b507b28b5ce4c53fbd62d797c5a7c?s=96&d=mm&r=g","caption":"Villasmil Henry"},"logo":{"@id":"https:\/\/secure.gravatar.com\/avatar\/bb0c4a2fcb7970138239f7e404ea75757b1b507b28b5ce4c53fbd62d797c5a7c?s=96&d=mm&r=g"},"sameAs":["http:\/\/www.henryvillasmil.com.ve","https:\/\/www.instagram.com\/villasmilhfoto\/","https:\/\/x.com\/https:\/\/twitter.com\/villasmilhfoto"],"url":"https:\/\/digital58.com.ve\/site\/author\/droopy_68\/"}]}},"uagb_featured_image_src":{"full":["https:\/\/digital58.com.ve\/site\/wp-content\/uploads\/2025\/04\/apagon-espana-28-04-25-5.webp",1000,667,false],"thumbnail":["https:\/\/digital58.com.ve\/site\/wp-content\/uploads\/2025\/04\/apagon-espana-28-04-25-5-150x150.webp",150,150,true],"medium":["https:\/\/digital58.com.ve\/site\/wp-content\/uploads\/2025\/04\/apagon-espana-28-04-25-5-300x200.webp",300,200,true],"medium_large":["https:\/\/digital58.com.ve\/site\/wp-content\/uploads\/2025\/04\/apagon-espana-28-04-25-5-768x512.webp",768,512,true],"large":["https:\/\/digital58.com.ve\/site\/wp-content\/uploads\/2025\/04\/apagon-espana-28-04-25-5.webp",800,534,false],"1536x1536":["https:\/\/digital58.com.ve\/site\/wp-content\/uploads\/2025\/04\/apagon-espana-28-04-25-5.webp",1000,667,false],"2048x2048":["https:\/\/digital58.com.ve\/site\/wp-content\/uploads\/2025\/04\/apagon-espana-28-04-25-5.webp",1000,667,false],"colormag-highlighted-post":["https:\/\/digital58.com.ve\/site\/wp-content\/uploads\/2025\/04\/apagon-espana-28-04-25-5-392x272.webp",392,272,true],"colormag-featured-post-medium":["https:\/\/digital58.com.ve\/site\/wp-content\/uploads\/2025\/04\/apagon-espana-28-04-25-5-390x205.webp",390,205,true],"colormag-featured-post-small":["https:\/\/digital58.com.ve\/site\/wp-content\/uploads\/2025\/04\/apagon-espana-28-04-25-5-130x90.webp",130,90,true],"colormag-featured-image":["https:\/\/digital58.com.ve\/site\/wp-content\/uploads\/2025\/04\/apagon-espana-28-04-25-5-800x445.webp",800,445,true],"colormag-default-news":["https:\/\/digital58.com.ve\/site\/wp-content\/uploads\/2025\/04\/apagon-espana-28-04-25-5-150x150.webp",150,150,true],"colormag-featured-image-large":["https:\/\/digital58.com.ve\/site\/wp-content\/uploads\/2025\/04\/apagon-espana-28-04-25-5-1000x600.webp",1000,600,true]},"uagb_author_info":{"display_name":"Villasmil Henry","author_link":"https:\/\/digital58.com.ve\/site\/author\/droopy_68\/"},"uagb_comment_info":0,"uagb_excerpt":"Millones de usuarios quedaron sin electricidad por causas a\u00fan desconocidas. Espa\u00f1a, 28 de abril de 2025 (ND58).- Un apag\u00f3n el\u00e9ctrico","_links":{"self":[{"href":"https:\/\/digital58.com.ve\/site\/wp-json\/wp\/v2\/posts\/186822","targetHints":{"allow":["GET"]}}],"collection":[{"href":"https:\/\/digital58.com.ve\/site\/wp-json\/wp\/v2\/posts"}],"about":[{"href":"https:\/\/digital58.com.ve\/site\/wp-json\/wp\/v2\/types\/post"}],"author":[{"embeddable":true,"href":"https:\/\/digital58.com.ve\/site\/wp-json\/wp\/v2\/users\/1"}],"replies":[{"embeddable":true,"href":"https:\/\/digital58.com.ve\/site\/wp-json\/wp\/v2\/comments?post=186822"}],"version-history":[{"count":1,"href":"https:\/\/digital58.com.ve\/site\/wp-json\/wp\/v2\/posts\/186822\/revisions"}],"predecessor-version":[{"id":186829,"href":"https:\/\/digital58.com.ve\/site\/wp-json\/wp\/v2\/posts\/186822\/revisions\/186829"}],"wp:featuredmedia":[{"embeddable":true,"href":"https:\/\/digital58.com.ve\/site\/wp-json\/wp\/v2\/media\/186824"}],"wp:attachment":[{"href":"https:\/\/digital58.com.ve\/site\/wp-json\/wp\/v2\/media?parent=186822"}],"wp:term":[{"taxonomy":"category","embeddable":true,"href":"https:\/\/digital58.com.ve\/site\/wp-json\/wp\/v2\/categories?post=186822"},{"taxonomy":"post_tag","embeddable":true,"href":"https:\/\/digital58.com.ve\/site\/wp-json\/wp\/v2\/tags?post=186822"}],"curies":[{"name":"wp","href":"https:\/\/api.w.org\/{rel}","templated":true}]}}