{"id":186836,"date":"2025-04-28T12:12:23","date_gmt":"2025-04-28T16:12:23","guid":{"rendered":"https:\/\/digital58.com.ve\/site\/?p=186836"},"modified":"2025-04-28T12:12:23","modified_gmt":"2025-04-28T16:12:23","slug":"teatro-baralt-celebra-aniversario-de-danza-baralt-con-emotivo-homenaje","status":"publish","type":"post","link":"https:\/\/digital58.com.ve\/site\/2025\/04\/28\/teatro-baralt-celebra-aniversario-de-danza-baralt-con-emotivo-homenaje\/","title":{"rendered":"Teatro Baralt celebra aniversario de Danza Baralt con emotivo homenaje"},"content":{"rendered":"<p><a class=\"keychainify-checked\" href=\"https:\/\/digital58.com.ve\/site\/wp-content\/uploads\/2025\/04\/adagio-danzas-baralt-04-25-3.webp\"><img loading=\"lazy\" decoding=\"async\" class=\"aligncenter wp-image-186837 size-full\" src=\"https:\/\/digital58.com.ve\/site\/wp-content\/uploads\/2025\/04\/adagio-danzas-baralt-04-25-3.webp\" alt=\"El Teatro Baralt de Maracaibo conmemorar\u00e1 el cuarto aniversario de su compa\u00f1\u00eda residente, Danza Baralt, con la presentaci\u00f3n de \u00abAdagio\u00bb, un homenaje a los maestros del ballet Sasha y Nedo Vojkic, este 29 de abril a las 6:30 p.m. en su gran sala.\" width=\"1000\" height=\"667\" srcset=\"https:\/\/digital58.com.ve\/site\/wp-content\/uploads\/2025\/04\/adagio-danzas-baralt-04-25-3.webp 1000w, https:\/\/digital58.com.ve\/site\/wp-content\/uploads\/2025\/04\/adagio-danzas-baralt-04-25-3-300x200.webp 300w, https:\/\/digital58.com.ve\/site\/wp-content\/uploads\/2025\/04\/adagio-danzas-baralt-04-25-3-768x512.webp 768w\" sizes=\"auto, (max-width: 1000px) 100vw, 1000px\" \/><\/a><\/p>\n<blockquote><p>La compa\u00f1\u00eda festeja cuatro a\u00f1os de trayectoria con la obra \u00abAdagio\u00bb, un tributo a los maestros Sasha y Nedo Vojkic, este 29 de abril.<\/p><\/blockquote>\n<p><strong>Maracaibo, Zulia, Venezuela, 28 de abril de 2025 (ND58).-<\/strong> El Teatro Baralt de Maracaibo conmemorar\u00e1 el cuarto aniversario de su compa\u00f1\u00eda residente, Danza Baralt, con la presentaci\u00f3n de <strong>\u00abAdagio\u00bb<\/strong>, un homenaje a los maestros del ballet Sasha y Nedo Vojkic, este 29 de abril a las 6:30 p.m. en su gran sala.<\/p>\n<h2>Un homenaje al legado del ballet zuliano<\/h2>\n<p>En el marco del Mes Internacional de la Danza, el Teatro Baralt abrir\u00e1 sus puertas para celebrar el cuarto aniversario de su compa\u00f1\u00eda residente, Danza Baralt.<\/p>\n<p>La funci\u00f3n especial contar\u00e1 con la presentaci\u00f3n de la pieza <strong>\u00abAdagio\u00bb<\/strong>, una obra que honra la vida y trayectoria de Sasha y Nedo Vojkic, fundadores del Ballet de Maracaibo en 1975.<\/p>\n<p>Dirigido por Alexander Ventura, Danza Baralt reunir\u00e1 a distintas academias de Maracaibo, integrando a talentos emergentes y consolidados en una noche de arte, memoria y movimiento.<\/p>\n<h2>Academias invitadas y programaci\u00f3n<\/h2>\n<p>El evento contar\u00e1 con la participaci\u00f3n especial de agrupaciones destacadas como Ballet Juvenil TTC Zulia, Danzaluz, Estudio Privet, Grazyna Yeropunov, AuroraL Danza Gimn\u00e1stica y Ballet Odpo\u010d\u00e9tka, adem\u00e1s de la intervenci\u00f3n de la propia compa\u00f1\u00eda Danza Baralt.<\/p>\n<p>Cada grupo presentar\u00e1 una selecci\u00f3n de sus mejores obras, resaltando la diversidad y riqueza de la danza en la regi\u00f3n zuliana.<\/p>\n<h2>Informaci\u00f3n general y acceso al evento<\/h2>\n<p>La cita es el lunes 29 de abril, a las 6:30 p.m., en la gran sala del Teatro Baralt. Las entradas tienen un costo de 5 d\u00f3lares y est\u00e1n disponibles a trav\u00e9s de la p\u00e1gina web oficial <strong><a class=\"keychainify-checked\" href=\"http:\/\/www.teatrobaralt.org\" target=\"_blank\" rel=\"noopener\">www.teatrobaralt.org<\/a><\/strong><\/p>\n<p>El p\u00fablico est\u00e1 invitado a ser parte de esta emotiva gala que no solo celebra el arte de la danza, sino tambi\u00e9n la huella imborrable de quienes dedicaron su vida a su difusi\u00f3n en el Zulia.<\/p>\n<p><strong>Sala de redacci\u00f3n ND58<\/strong><br \/>\n<strong>Edici\u00f3n: Villasmil, Henry<\/strong><br \/>\n<strong>Gr\u00e1ficas: Cortes\u00eda <a class=\"keychainify-checked\" href=\"https:\/\/www.instagram.com\/nowbuda\/\" target=\"_blank\" rel=\"noopener\">nowbuda<\/a><\/strong><\/p>\n<p>&nbsp;<\/p>\n<p>&nbsp;<\/p>\n<p>&nbsp;<\/p><div class=\"oilzy6a96fd3b3881f\" ><p style=\"text-align: center;\"><a href=\"https:\/\/t.me\/noticiasdigital58\" target=\"_blank\" rel=\"noopener\"><img class=\"aligncenter size-full wp-image-125363\" src=\"https:\/\/digital58.com.ve\/site\/wp-content\/uploads\/2021\/04\/banner-telegram-web-2021.png\" alt=\"\" width=\"600\" height=\"90\" \/><\/a><\/p><\/div><style type=\"text\/css\">\r\n@media screen and (min-width: 1201px) {\r\n.oilzy6a96fd3b3881f {\r\ndisplay: block;\r\n}\r\n}\r\n@media screen and (min-width: 993px) and (max-width: 1200px) {\r\n.oilzy6a96fd3b3881f {\r\ndisplay: block;\r\n}\r\n}\r\n@media screen and (min-width: 769px) and (max-width: 992px) {\r\n.oilzy6a96fd3b3881f {\r\ndisplay: block;\r\n}\r\n}\r\n@media screen and (min-width: 768px) and (max-width: 768px) {\r\n.oilzy6a96fd3b3881f {\r\ndisplay: block;\r\n}\r\n}\r\n@media screen and (max-width: 767px) {\r\n.oilzy6a96fd3b3881f {\r\ndisplay: block;\r\n}\r\n}\r\n<\/style>\r\n\n<p>&nbsp;<\/p>\n<div style=\"margin-top: 0px; margin-bottom: 0px;\" class=\"sharethis-inline-share-buttons\" ><\/div>","protected":false},"excerpt":{"rendered":"<p>La compa\u00f1\u00eda festeja cuatro a\u00f1os de trayectoria con la obra \u00abAdagio\u00bb, un tributo a los maestros Sasha y Nedo Vojkic,<\/p>\n","protected":false},"author":1,"featured_media":186837,"comment_status":"open","ping_status":"closed","sticky":false,"template":"","format":"standard","meta":{"colormag_page_container_layout":"default_layout","colormag_page_sidebar_layout":"default_layout","_uag_custom_page_level_css":"","footnotes":""},"categories":[5401],"tags":[34853,28200,762,28201,73,34854,233,34852,2354,34851,97,8401,32,761],"class_list":["post-186836","post","type-post","status-publish","format-standard","has-post-thumbnail","hentry","category-artes","tag-adagio","tag-alexander-ventura","tag-aniversarios","tag-danza-baralt","tag-maracaibo","tag-mes-internacional-de-la-danza","tag-nacionales","tag-nedo-vojkic","tag-regionales","tag-sasha","tag-teatro-baralt","tag-teatros","tag-venezuela","tag-zulia"],"yoast_head":"<!-- This site is optimized with the Yoast SEO plugin v28.3 - https:\/\/yoast.com\/product\/yoast-seo-wordpress\/ -->\n<title>Teatro Baralt celebra aniversario de Danza Baralt con emotivo homenaje<\/title>\n<meta name=\"description\" content=\"El Teatro Baralt celebra el cuarto aniversario de Danza Baralt con la obra \u00abAdagio\u00bb, homenaje a Sasha y Nedo Vojkic, este 29 de abril en Maracaibo. Entradas disponibles.\" \/>\n<meta name=\"robots\" content=\"index, follow, max-snippet:-1, max-image-preview:large, max-video-preview:-1\" \/>\n<link rel=\"canonical\" href=\"https:\/\/digital58.com.ve\/site\/2025\/04\/28\/teatro-baralt-celebra-aniversario-de-danza-baralt-con-emotivo-homenaje\/\" \/>\n<meta property=\"og:locale\" content=\"es_ES\" \/>\n<meta property=\"og:type\" content=\"article\" \/>\n<meta property=\"og:title\" content=\"Teatro Baralt celebra aniversario de Danza Baralt con emotivo homenaje\" \/>\n<meta property=\"og:description\" content=\"El Teatro Baralt celebra el cuarto aniversario de Danza Baralt con la obra \u00abAdagio\u00bb, homenaje a Sasha y Nedo Vojkic, este 29 de abril en Maracaibo. Entradas disponibles.\" \/>\n<meta property=\"og:url\" content=\"https:\/\/digital58.com.ve\/site\/2025\/04\/28\/teatro-baralt-celebra-aniversario-de-danza-baralt-con-emotivo-homenaje\/\" \/>\n<meta property=\"og:site_name\" content=\"Noticias Digital58\" \/>\n<meta property=\"article:published_time\" content=\"2025-04-28T16:12:23+00:00\" \/>\n<meta property=\"og:image\" content=\"https:\/\/digital58.com.ve\/site\/wp-content\/uploads\/2025\/04\/adagio-danzas-baralt-04-25-3.webp\" \/>\n\t<meta property=\"og:image:width\" content=\"1000\" \/>\n\t<meta property=\"og:image:height\" content=\"667\" \/>\n\t<meta property=\"og:image:type\" content=\"image\/webp\" \/>\n<meta name=\"author\" content=\"Villasmil Henry\" \/>\n<meta name=\"twitter:card\" content=\"summary_large_image\" \/>\n<meta name=\"twitter:creator\" content=\"@https:\/\/twitter.com\/villasmilhfoto\" \/>\n<meta name=\"twitter:site\" content=\"@villasmilhfoto\" \/>\n<meta name=\"twitter:label1\" content=\"Escrito por\" \/>\n\t<meta name=\"twitter:data1\" content=\"Villasmil Henry\" \/>\n\t<meta name=\"twitter:label2\" content=\"Tiempo estimado de lectura\" \/>\n\t<meta name=\"twitter:data2\" content=\"2 minutos\" \/>\n<script type=\"application\/ld+json\" class=\"yoast-schema-graph\">{\"@context\":\"https:\\\/\\\/schema.org\",\"@graph\":[{\"@type\":\"Article\",\"@id\":\"https:\\\/\\\/digital58.com.ve\\\/site\\\/2025\\\/04\\\/28\\\/teatro-baralt-celebra-aniversario-de-danza-baralt-con-emotivo-homenaje\\\/#article\",\"isPartOf\":{\"@id\":\"https:\\\/\\\/digital58.com.ve\\\/site\\\/2025\\\/04\\\/28\\\/teatro-baralt-celebra-aniversario-de-danza-baralt-con-emotivo-homenaje\\\/\"},\"author\":{\"name\":\"Villasmil Henry\",\"@id\":\"https:\\\/\\\/digital58.com.ve\\\/site\\\/#\\\/schema\\\/person\\\/64d1c2e4d0d4fd1b849980c4331c2951\"},\"headline\":\"Teatro Baralt celebra aniversario de Danza Baralt con emotivo homenaje\",\"datePublished\":\"2025-04-28T16:12:23+00:00\",\"mainEntityOfPage\":{\"@id\":\"https:\\\/\\\/digital58.com.ve\\\/site\\\/2025\\\/04\\\/28\\\/teatro-baralt-celebra-aniversario-de-danza-baralt-con-emotivo-homenaje\\\/\"},\"wordCount\":355,\"commentCount\":0,\"publisher\":{\"@id\":\"https:\\\/\\\/digital58.com.ve\\\/site\\\/#\\\/schema\\\/person\\\/64d1c2e4d0d4fd1b849980c4331c2951\"},\"image\":{\"@id\":\"https:\\\/\\\/digital58.com.ve\\\/site\\\/2025\\\/04\\\/28\\\/teatro-baralt-celebra-aniversario-de-danza-baralt-con-emotivo-homenaje\\\/#primaryimage\"},\"thumbnailUrl\":\"https:\\\/\\\/digital58.com.ve\\\/site\\\/wp-content\\\/uploads\\\/2025\\\/04\\\/adagio-danzas-baralt-04-25-3.webp\",\"keywords\":[\"Adagio\",\"Alexander Ventura\",\"Aniversarios\",\"Danza Baralt\",\"Maracaibo\",\"Mes Internacional de la Danza\",\"Nacionales\",\"Nedo Vojkic\",\"Regionales\",\"Sasha\",\"Teatro Baralt\",\"Teatros\",\"Venezuela\",\"Zulia\"],\"articleSection\":[\"Artes\"],\"inLanguage\":\"es\",\"potentialAction\":[{\"@type\":\"CommentAction\",\"name\":\"Comment\",\"target\":[\"https:\\\/\\\/digital58.com.ve\\\/site\\\/2025\\\/04\\\/28\\\/teatro-baralt-celebra-aniversario-de-danza-baralt-con-emotivo-homenaje\\\/#respond\"]}]},{\"@type\":\"WebPage\",\"@id\":\"https:\\\/\\\/digital58.com.ve\\\/site\\\/2025\\\/04\\\/28\\\/teatro-baralt-celebra-aniversario-de-danza-baralt-con-emotivo-homenaje\\\/\",\"url\":\"https:\\\/\\\/digital58.com.ve\\\/site\\\/2025\\\/04\\\/28\\\/teatro-baralt-celebra-aniversario-de-danza-baralt-con-emotivo-homenaje\\\/\",\"name\":\"Teatro Baralt celebra aniversario de Danza Baralt con emotivo homenaje\",\"isPartOf\":{\"@id\":\"https:\\\/\\\/digital58.com.ve\\\/site\\\/#website\"},\"primaryImageOfPage\":{\"@id\":\"https:\\\/\\\/digital58.com.ve\\\/site\\\/2025\\\/04\\\/28\\\/teatro-baralt-celebra-aniversario-de-danza-baralt-con-emotivo-homenaje\\\/#primaryimage\"},\"image\":{\"@id\":\"https:\\\/\\\/digital58.com.ve\\\/site\\\/2025\\\/04\\\/28\\\/teatro-baralt-celebra-aniversario-de-danza-baralt-con-emotivo-homenaje\\\/#primaryimage\"},\"thumbnailUrl\":\"https:\\\/\\\/digital58.com.ve\\\/site\\\/wp-content\\\/uploads\\\/2025\\\/04\\\/adagio-danzas-baralt-04-25-3.webp\",\"datePublished\":\"2025-04-28T16:12:23+00:00\",\"description\":\"El Teatro Baralt celebra el cuarto aniversario de Danza Baralt con la obra \u00abAdagio\u00bb, homenaje a Sasha y Nedo Vojkic, este 29 de abril en Maracaibo. Entradas disponibles.\",\"breadcrumb\":{\"@id\":\"https:\\\/\\\/digital58.com.ve\\\/site\\\/2025\\\/04\\\/28\\\/teatro-baralt-celebra-aniversario-de-danza-baralt-con-emotivo-homenaje\\\/#breadcrumb\"},\"inLanguage\":\"es\",\"potentialAction\":[{\"@type\":\"ReadAction\",\"target\":[\"https:\\\/\\\/digital58.com.ve\\\/site\\\/2025\\\/04\\\/28\\\/teatro-baralt-celebra-aniversario-de-danza-baralt-con-emotivo-homenaje\\\/\"]}]},{\"@type\":\"ImageObject\",\"inLanguage\":\"es\",\"@id\":\"https:\\\/\\\/digital58.com.ve\\\/site\\\/2025\\\/04\\\/28\\\/teatro-baralt-celebra-aniversario-de-danza-baralt-con-emotivo-homenaje\\\/#primaryimage\",\"url\":\"https:\\\/\\\/digital58.com.ve\\\/site\\\/wp-content\\\/uploads\\\/2025\\\/04\\\/adagio-danzas-baralt-04-25-3.webp\",\"contentUrl\":\"https:\\\/\\\/digital58.com.ve\\\/site\\\/wp-content\\\/uploads\\\/2025\\\/04\\\/adagio-danzas-baralt-04-25-3.webp\",\"width\":1000,\"height\":667},{\"@type\":\"BreadcrumbList\",\"@id\":\"https:\\\/\\\/digital58.com.ve\\\/site\\\/2025\\\/04\\\/28\\\/teatro-baralt-celebra-aniversario-de-danza-baralt-con-emotivo-homenaje\\\/#breadcrumb\",\"itemListElement\":[{\"@type\":\"ListItem\",\"position\":1,\"name\":\"Home\",\"item\":\"https:\\\/\\\/digital58.com.ve\\\/site\\\/\"},{\"@type\":\"ListItem\",\"position\":2,\"name\":\"Teatro Baralt celebra aniversario de Danza Baralt con emotivo homenaje\"}]},{\"@type\":\"WebSite\",\"@id\":\"https:\\\/\\\/digital58.com.ve\\\/site\\\/#website\",\"url\":\"https:\\\/\\\/digital58.com.ve\\\/site\\\/\",\"name\":\"Noticias Digital58\",\"description\":\"Portal de Noticias \u00a1Periodismo web de verdad! Lanzamiento web 22.11.2005 \\\/ Maracaibo, Venezuela\",\"publisher\":{\"@id\":\"https:\\\/\\\/digital58.com.ve\\\/site\\\/#\\\/schema\\\/person\\\/64d1c2e4d0d4fd1b849980c4331c2951\"},\"alternateName\":\"ND58\",\"potentialAction\":[{\"@type\":\"SearchAction\",\"target\":{\"@type\":\"EntryPoint\",\"urlTemplate\":\"https:\\\/\\\/digital58.com.ve\\\/site\\\/?s={search_term_string}\"},\"query-input\":{\"@type\":\"PropertyValueSpecification\",\"valueRequired\":true,\"valueName\":\"search_term_string\"}}],\"inLanguage\":\"es\"},{\"@type\":[\"Person\",\"Organization\"],\"@id\":\"https:\\\/\\\/digital58.com.ve\\\/site\\\/#\\\/schema\\\/person\\\/64d1c2e4d0d4fd1b849980c4331c2951\",\"name\":\"Villasmil Henry\",\"image\":{\"@type\":\"ImageObject\",\"inLanguage\":\"es\",\"@id\":\"https:\\\/\\\/secure.gravatar.com\\\/avatar\\\/bb0c4a2fcb7970138239f7e404ea75757b1b507b28b5ce4c53fbd62d797c5a7c?s=96&d=mm&r=g\",\"url\":\"https:\\\/\\\/secure.gravatar.com\\\/avatar\\\/bb0c4a2fcb7970138239f7e404ea75757b1b507b28b5ce4c53fbd62d797c5a7c?s=96&d=mm&r=g\",\"contentUrl\":\"https:\\\/\\\/secure.gravatar.com\\\/avatar\\\/bb0c4a2fcb7970138239f7e404ea75757b1b507b28b5ce4c53fbd62d797c5a7c?s=96&d=mm&r=g\",\"caption\":\"Villasmil Henry\"},\"logo\":{\"@id\":\"https:\\\/\\\/secure.gravatar.com\\\/avatar\\\/bb0c4a2fcb7970138239f7e404ea75757b1b507b28b5ce4c53fbd62d797c5a7c?s=96&d=mm&r=g\"},\"sameAs\":[\"http:\\\/\\\/www.henryvillasmil.com.ve\",\"https:\\\/\\\/www.instagram.com\\\/villasmilhfoto\\\/\",\"https:\\\/\\\/x.com\\\/https:\\\/\\\/twitter.com\\\/villasmilhfoto\"],\"url\":\"https:\\\/\\\/digital58.com.ve\\\/site\\\/author\\\/droopy_68\\\/\"}]}<\/script>\n<!-- \/ Yoast SEO plugin. -->","yoast_head_json":{"title":"Teatro Baralt celebra aniversario de Danza Baralt con emotivo homenaje","description":"El Teatro Baralt celebra el cuarto aniversario de Danza Baralt con la obra \u00abAdagio\u00bb, homenaje a Sasha y Nedo Vojkic, este 29 de abril en Maracaibo. Entradas disponibles.","robots":{"index":"index","follow":"follow","max-snippet":"max-snippet:-1","max-image-preview":"max-image-preview:large","max-video-preview":"max-video-preview:-1"},"canonical":"https:\/\/digital58.com.ve\/site\/2025\/04\/28\/teatro-baralt-celebra-aniversario-de-danza-baralt-con-emotivo-homenaje\/","og_locale":"es_ES","og_type":"article","og_title":"Teatro Baralt celebra aniversario de Danza Baralt con emotivo homenaje","og_description":"El Teatro Baralt celebra el cuarto aniversario de Danza Baralt con la obra \u00abAdagio\u00bb, homenaje a Sasha y Nedo Vojkic, este 29 de abril en Maracaibo. Entradas disponibles.","og_url":"https:\/\/digital58.com.ve\/site\/2025\/04\/28\/teatro-baralt-celebra-aniversario-de-danza-baralt-con-emotivo-homenaje\/","og_site_name":"Noticias Digital58","article_published_time":"2025-04-28T16:12:23+00:00","og_image":[{"width":1000,"height":667,"url":"https:\/\/digital58.com.ve\/site\/wp-content\/uploads\/2025\/04\/adagio-danzas-baralt-04-25-3.webp","type":"image\/webp"}],"author":"Villasmil Henry","twitter_card":"summary_large_image","twitter_creator":"@https:\/\/twitter.com\/villasmilhfoto","twitter_site":"@villasmilhfoto","twitter_misc":{"Escrito por":"Villasmil Henry","Tiempo estimado de lectura":"2 minutos"},"schema":{"@context":"https:\/\/schema.org","@graph":[{"@type":"Article","@id":"https:\/\/digital58.com.ve\/site\/2025\/04\/28\/teatro-baralt-celebra-aniversario-de-danza-baralt-con-emotivo-homenaje\/#article","isPartOf":{"@id":"https:\/\/digital58.com.ve\/site\/2025\/04\/28\/teatro-baralt-celebra-aniversario-de-danza-baralt-con-emotivo-homenaje\/"},"author":{"name":"Villasmil Henry","@id":"https:\/\/digital58.com.ve\/site\/#\/schema\/person\/64d1c2e4d0d4fd1b849980c4331c2951"},"headline":"Teatro Baralt celebra aniversario de Danza Baralt con emotivo homenaje","datePublished":"2025-04-28T16:12:23+00:00","mainEntityOfPage":{"@id":"https:\/\/digital58.com.ve\/site\/2025\/04\/28\/teatro-baralt-celebra-aniversario-de-danza-baralt-con-emotivo-homenaje\/"},"wordCount":355,"commentCount":0,"publisher":{"@id":"https:\/\/digital58.com.ve\/site\/#\/schema\/person\/64d1c2e4d0d4fd1b849980c4331c2951"},"image":{"@id":"https:\/\/digital58.com.ve\/site\/2025\/04\/28\/teatro-baralt-celebra-aniversario-de-danza-baralt-con-emotivo-homenaje\/#primaryimage"},"thumbnailUrl":"https:\/\/digital58.com.ve\/site\/wp-content\/uploads\/2025\/04\/adagio-danzas-baralt-04-25-3.webp","keywords":["Adagio","Alexander Ventura","Aniversarios","Danza Baralt","Maracaibo","Mes Internacional de la Danza","Nacionales","Nedo Vojkic","Regionales","Sasha","Teatro Baralt","Teatros","Venezuela","Zulia"],"articleSection":["Artes"],"inLanguage":"es","potentialAction":[{"@type":"CommentAction","name":"Comment","target":["https:\/\/digital58.com.ve\/site\/2025\/04\/28\/teatro-baralt-celebra-aniversario-de-danza-baralt-con-emotivo-homenaje\/#respond"]}]},{"@type":"WebPage","@id":"https:\/\/digital58.com.ve\/site\/2025\/04\/28\/teatro-baralt-celebra-aniversario-de-danza-baralt-con-emotivo-homenaje\/","url":"https:\/\/digital58.com.ve\/site\/2025\/04\/28\/teatro-baralt-celebra-aniversario-de-danza-baralt-con-emotivo-homenaje\/","name":"Teatro Baralt celebra aniversario de Danza Baralt con emotivo homenaje","isPartOf":{"@id":"https:\/\/digital58.com.ve\/site\/#website"},"primaryImageOfPage":{"@id":"https:\/\/digital58.com.ve\/site\/2025\/04\/28\/teatro-baralt-celebra-aniversario-de-danza-baralt-con-emotivo-homenaje\/#primaryimage"},"image":{"@id":"https:\/\/digital58.com.ve\/site\/2025\/04\/28\/teatro-baralt-celebra-aniversario-de-danza-baralt-con-emotivo-homenaje\/#primaryimage"},"thumbnailUrl":"https:\/\/digital58.com.ve\/site\/wp-content\/uploads\/2025\/04\/adagio-danzas-baralt-04-25-3.webp","datePublished":"2025-04-28T16:12:23+00:00","description":"El Teatro Baralt celebra el cuarto aniversario de Danza Baralt con la obra \u00abAdagio\u00bb, homenaje a Sasha y Nedo Vojkic, este 29 de abril en Maracaibo. Entradas disponibles.","breadcrumb":{"@id":"https:\/\/digital58.com.ve\/site\/2025\/04\/28\/teatro-baralt-celebra-aniversario-de-danza-baralt-con-emotivo-homenaje\/#breadcrumb"},"inLanguage":"es","potentialAction":[{"@type":"ReadAction","target":["https:\/\/digital58.com.ve\/site\/2025\/04\/28\/teatro-baralt-celebra-aniversario-de-danza-baralt-con-emotivo-homenaje\/"]}]},{"@type":"ImageObject","inLanguage":"es","@id":"https:\/\/digital58.com.ve\/site\/2025\/04\/28\/teatro-baralt-celebra-aniversario-de-danza-baralt-con-emotivo-homenaje\/#primaryimage","url":"https:\/\/digital58.com.ve\/site\/wp-content\/uploads\/2025\/04\/adagio-danzas-baralt-04-25-3.webp","contentUrl":"https:\/\/digital58.com.ve\/site\/wp-content\/uploads\/2025\/04\/adagio-danzas-baralt-04-25-3.webp","width":1000,"height":667},{"@type":"BreadcrumbList","@id":"https:\/\/digital58.com.ve\/site\/2025\/04\/28\/teatro-baralt-celebra-aniversario-de-danza-baralt-con-emotivo-homenaje\/#breadcrumb","itemListElement":[{"@type":"ListItem","position":1,"name":"Home","item":"https:\/\/digital58.com.ve\/site\/"},{"@type":"ListItem","position":2,"name":"Teatro Baralt celebra aniversario de Danza Baralt con emotivo homenaje"}]},{"@type":"WebSite","@id":"https:\/\/digital58.com.ve\/site\/#website","url":"https:\/\/digital58.com.ve\/site\/","name":"Noticias Digital58","description":"Portal de Noticias \u00a1Periodismo web de verdad! Lanzamiento web 22.11.2005 \/ Maracaibo, Venezuela","publisher":{"@id":"https:\/\/digital58.com.ve\/site\/#\/schema\/person\/64d1c2e4d0d4fd1b849980c4331c2951"},"alternateName":"ND58","potentialAction":[{"@type":"SearchAction","target":{"@type":"EntryPoint","urlTemplate":"https:\/\/digital58.com.ve\/site\/?s={search_term_string}"},"query-input":{"@type":"PropertyValueSpecification","valueRequired":true,"valueName":"search_term_string"}}],"inLanguage":"es"},{"@type":["Person","Organization"],"@id":"https:\/\/digital58.com.ve\/site\/#\/schema\/person\/64d1c2e4d0d4fd1b849980c4331c2951","name":"Villasmil Henry","image":{"@type":"ImageObject","inLanguage":"es","@id":"https:\/\/secure.gravatar.com\/avatar\/bb0c4a2fcb7970138239f7e404ea75757b1b507b28b5ce4c53fbd62d797c5a7c?s=96&d=mm&r=g","url":"https:\/\/secure.gravatar.com\/avatar\/bb0c4a2fcb7970138239f7e404ea75757b1b507b28b5ce4c53fbd62d797c5a7c?s=96&d=mm&r=g","contentUrl":"https:\/\/secure.gravatar.com\/avatar\/bb0c4a2fcb7970138239f7e404ea75757b1b507b28b5ce4c53fbd62d797c5a7c?s=96&d=mm&r=g","caption":"Villasmil Henry"},"logo":{"@id":"https:\/\/secure.gravatar.com\/avatar\/bb0c4a2fcb7970138239f7e404ea75757b1b507b28b5ce4c53fbd62d797c5a7c?s=96&d=mm&r=g"},"sameAs":["http:\/\/www.henryvillasmil.com.ve","https:\/\/www.instagram.com\/villasmilhfoto\/","https:\/\/x.com\/https:\/\/twitter.com\/villasmilhfoto"],"url":"https:\/\/digital58.com.ve\/site\/author\/droopy_68\/"}]}},"uagb_featured_image_src":{"full":["https:\/\/digital58.com.ve\/site\/wp-content\/uploads\/2025\/04\/adagio-danzas-baralt-04-25-3.webp",1000,667,false],"thumbnail":["https:\/\/digital58.com.ve\/site\/wp-content\/uploads\/2025\/04\/adagio-danzas-baralt-04-25-3-150x150.webp",150,150,true],"medium":["https:\/\/digital58.com.ve\/site\/wp-content\/uploads\/2025\/04\/adagio-danzas-baralt-04-25-3-300x200.webp",300,200,true],"medium_large":["https:\/\/digital58.com.ve\/site\/wp-content\/uploads\/2025\/04\/adagio-danzas-baralt-04-25-3-768x512.webp",768,512,true],"large":["https:\/\/digital58.com.ve\/site\/wp-content\/uploads\/2025\/04\/adagio-danzas-baralt-04-25-3.webp",800,534,false],"1536x1536":["https:\/\/digital58.com.ve\/site\/wp-content\/uploads\/2025\/04\/adagio-danzas-baralt-04-25-3.webp",1000,667,false],"2048x2048":["https:\/\/digital58.com.ve\/site\/wp-content\/uploads\/2025\/04\/adagio-danzas-baralt-04-25-3.webp",1000,667,false],"colormag-highlighted-post":["https:\/\/digital58.com.ve\/site\/wp-content\/uploads\/2025\/04\/adagio-danzas-baralt-04-25-3-392x272.webp",392,272,true],"colormag-featured-post-medium":["https:\/\/digital58.com.ve\/site\/wp-content\/uploads\/2025\/04\/adagio-danzas-baralt-04-25-3-390x205.webp",390,205,true],"colormag-featured-post-small":["https:\/\/digital58.com.ve\/site\/wp-content\/uploads\/2025\/04\/adagio-danzas-baralt-04-25-3-130x90.webp",130,90,true],"colormag-featured-image":["https:\/\/digital58.com.ve\/site\/wp-content\/uploads\/2025\/04\/adagio-danzas-baralt-04-25-3-800x445.webp",800,445,true],"colormag-default-news":["https:\/\/digital58.com.ve\/site\/wp-content\/uploads\/2025\/04\/adagio-danzas-baralt-04-25-3-150x150.webp",150,150,true],"colormag-featured-image-large":["https:\/\/digital58.com.ve\/site\/wp-content\/uploads\/2025\/04\/adagio-danzas-baralt-04-25-3-1000x600.webp",1000,600,true]},"uagb_author_info":{"display_name":"Villasmil Henry","author_link":"https:\/\/digital58.com.ve\/site\/author\/droopy_68\/"},"uagb_comment_info":0,"uagb_excerpt":"La compa\u00f1\u00eda festeja cuatro a\u00f1os de trayectoria con la obra \u00abAdagio\u00bb, un tributo a los maestros Sasha y Nedo Vojkic,","_links":{"self":[{"href":"https:\/\/digital58.com.ve\/site\/wp-json\/wp\/v2\/posts\/186836","targetHints":{"allow":["GET"]}}],"collection":[{"href":"https:\/\/digital58.com.ve\/site\/wp-json\/wp\/v2\/posts"}],"about":[{"href":"https:\/\/digital58.com.ve\/site\/wp-json\/wp\/v2\/types\/post"}],"author":[{"embeddable":true,"href":"https:\/\/digital58.com.ve\/site\/wp-json\/wp\/v2\/users\/1"}],"replies":[{"embeddable":true,"href":"https:\/\/digital58.com.ve\/site\/wp-json\/wp\/v2\/comments?post=186836"}],"version-history":[{"count":1,"href":"https:\/\/digital58.com.ve\/site\/wp-json\/wp\/v2\/posts\/186836\/revisions"}],"predecessor-version":[{"id":186838,"href":"https:\/\/digital58.com.ve\/site\/wp-json\/wp\/v2\/posts\/186836\/revisions\/186838"}],"wp:featuredmedia":[{"embeddable":true,"href":"https:\/\/digital58.com.ve\/site\/wp-json\/wp\/v2\/media\/186837"}],"wp:attachment":[{"href":"https:\/\/digital58.com.ve\/site\/wp-json\/wp\/v2\/media?parent=186836"}],"wp:term":[{"taxonomy":"category","embeddable":true,"href":"https:\/\/digital58.com.ve\/site\/wp-json\/wp\/v2\/categories?post=186836"},{"taxonomy":"post_tag","embeddable":true,"href":"https:\/\/digital58.com.ve\/site\/wp-json\/wp\/v2\/tags?post=186836"}],"curies":[{"name":"wp","href":"https:\/\/api.w.org\/{rel}","templated":true}]}}