{"id":186966,"date":"2025-05-02T11:33:03","date_gmt":"2025-05-02T15:33:03","guid":{"rendered":"https:\/\/digital58.com.ve\/site\/?p=186966"},"modified":"2025-05-02T11:33:03","modified_gmt":"2025-05-02T15:33:03","slug":"alexis-y-fido-lanzan-carita-triste-su-nueva-apuesta-tropical","status":"publish","type":"post","link":"https:\/\/digital58.com.ve\/site\/2025\/05\/02\/alexis-y-fido-lanzan-carita-triste-su-nueva-apuesta-tropical\/","title":{"rendered":"Alexis y Fido lanzan \u00abCarita Triste\u00bb su nueva apuesta tropical"},"content":{"rendered":"<p><a class=\"keychainify-checked\" href=\"https:\/\/digital58.com.ve\/site\/wp-content\/uploads\/2025\/05\/alexyfido-2025.webp\"><img loading=\"lazy\" decoding=\"async\" class=\"aligncenter wp-image-186967 size-full\" src=\"https:\/\/digital58.com.ve\/site\/wp-content\/uploads\/2025\/05\/alexyfido-2025.webp\" alt=\"Alexis y Fido estrenaron este mayo \u00abCarita Triste\u00bb, su nuevo sencillo con ritmos caribe\u00f1os y reguet\u00f3n, grabado en Medell\u00edn. El tema marca el inicio de un a\u00f1o cargado de lanzamientos, colaboraciones y gira internacional.\" width=\"900\" height=\"600\" srcset=\"https:\/\/digital58.com.ve\/site\/wp-content\/uploads\/2025\/05\/alexyfido-2025.webp 900w, https:\/\/digital58.com.ve\/site\/wp-content\/uploads\/2025\/05\/alexyfido-2025-300x200.webp 300w, https:\/\/digital58.com.ve\/site\/wp-content\/uploads\/2025\/05\/alexyfido-2025-768x512.webp 768w\" sizes=\"auto, (max-width: 900px) 100vw, 900px\" \/><\/a><\/p>\n<blockquote><p>El ic\u00f3nico d\u00fao urbano celebra 20 a\u00f1os de carrera con un tema que fusiona reguet\u00f3n y merengue, acompa\u00f1ado de un videoclip rodado en Medell\u00edn.<\/p><\/blockquote>\n<p><strong>Internacionales, 02 de mayo de 2025 (ND58).-<\/strong> Alexis y Fido estrenaron este mayo <strong>\u00abCarita Triste\u00bb<\/strong>, su nuevo sencillo con ritmos caribe\u00f1os y reguet\u00f3n, grabado en Medell\u00edn. El tema marca el inicio de un a\u00f1o cargado de lanzamientos, colaboraciones y gira internacional.<\/p>\n<h2>Alexis y Fido celebran dos d\u00e9cadas de m\u00fasica con sabor caribe\u00f1o<\/h2>\n<p>El d\u00fao puertorrique\u00f1o, conocido como <strong>\u00abLos Reyes del Perreo\u00bb<\/strong>, regres\u00f3 a la escena musical con una nueva propuesta que mezcla el reguet\u00f3n cl\u00e1sico con sonidos del merengue.<\/p>\n<p><strong>\u00abCarita Triste\u00bb<\/strong>, ya disponible en plataformas digitales, se perfila como uno de los \u00e9xitos del a\u00f1o, reafirmando la vigencia de Alexis y Fido tras dos d\u00e9cadas de trayectoria.<\/p>\n<p>La canci\u00f3n cuenta la historia de un amor joven que supera adversidades, conectando con un p\u00fablico que ha crecido con ellos desde sus inicios.<\/p>\n<p><strong>\u00abQuer\u00edamos hacer algo fresco, con esa vibra de fiesta caribe\u00f1a que tanto nos identifica, pero sin perder el toque rom\u00e1ntico\u00bb<\/strong>, explicaron los artistas.<\/p>\n<p style=\"text-align: center;\"><div class=\"lyte-wrapper\" title=\"Alexis y Fido - Carita Triste (Official Video)\" style=\"width:640px;max-width:100%;margin:5px auto;\"><div class=\"lyMe\" id=\"WYL_bxOlyv4Nrzg\" itemprop=\"video\" itemscope itemtype=\"https:\/\/schema.org\/VideoObject\"><div><meta itemprop=\"thumbnailUrl\" content=\"https:\/\/i.ytimg.com\/vi\/bxOlyv4Nrzg\/hqdefault.jpg\" \/><meta itemprop=\"embedURL\" content=\"https:\/\/www.youtube.com\/embed\/bxOlyv4Nrzg\" \/><meta itemprop=\"duration\" content=\"PT2M30S\" \/><meta itemprop=\"uploadDate\" content=\"2025-05-02T04:00:46Z\" \/><\/div><div id=\"lyte_bxOlyv4Nrzg\" data-src=\"https:\/\/i.ytimg.com\/vi\/bxOlyv4Nrzg\/hqdefault.jpg\" class=\"pL\"><div class=\"tC\"><div class=\"tT\" itemprop=\"name\">Alexis y Fido - Carita Triste (Official Video)<\/div><\/div><div class=\"play\"><\/div><div class=\"ctrl\"><div class=\"Lctrl\"><\/div><div class=\"Rctrl\"><\/div><\/div><\/div><noscript><a href=\"https:\/\/youtu.be\/bxOlyv4Nrzg\" rel=\"nofollow\"><img loading=\"lazy\" decoding=\"async\" src=\"https:\/\/i.ytimg.com\/vi\/bxOlyv4Nrzg\/0.jpg\" alt=\"Alexis y Fido - Carita Triste (Official Video)\" width=\"640\" height=\"340\" \/><br \/>Ver este video en YouTube<\/a><\/noscript><meta itemprop=\"description\" content=\"Listen to the single \u201cCarita Triste&quot;. Out Now! Stream:\u00a0 https:\/\/music.empi.re\/caritatriste #AlexisyFido #CaritaTriste \u00a0#EMPIRE Official Video by Alexis y Fido - &quot;Carita Triste&quot; \u00a9 2025\u00a0Wild Dogz\"><\/div><\/div><div class=\"lL\" style=\"max-width:100%;width:640px;margin:5px auto;\"><\/div><\/p>\n<h2>Un video musical vibrante bajo la lluvia de Medell\u00edn<\/h2>\n<p>El video oficial de \u00abCarita Triste\u00bb fue grabado en una lujosa propiedad en Medell\u00edn, Colombia. Aunque la producci\u00f3n enfrent\u00f3 un inesperado contratiempo clim\u00e1tico, el equipo logr\u00f3 sortearlo con rapidez.<\/p>\n<p><strong>\u00abPensamos que tendr\u00edamos que parar todo, pero tuvimos una ventana de minutos sin lluvia que nos permiti\u00f3 continuar. Fue un momento de mucha tensi\u00f3n, pero tambi\u00e9n de mucha adrenalina\u00bb<\/strong>, comentaron entre risas los int\u00e9rpretes.<\/p>\n<p>El audiovisual complementa la atm\u00f3sfera tropical de la canci\u00f3n, con paisajes vibrantes y coreograf\u00edas que ya comienzan a viralizarse en redes.<\/p>\n<h2>Inicia una nueva etapa para el d\u00fao urbano<\/h2>\n<p>Seg\u00fan revelaron en sus redes sociales, este sencillo representa solo el inicio de una serie de lanzamientos programados para 2025.<\/p>\n<p>La agenda de Alexis y Fido incluye nuevas canciones, colaboraciones con artistas emergentes y una gira internacional con paradas confirmadas en Espa\u00f1a, Colombia, Chile, Estados Unidos y Per\u00fa.<\/p>\n<p><strong>\u00abEstamos m\u00e1s activos que nunca. El p\u00fablico nos ha apoyado durante todos estos a\u00f1os y queremos devolverles esa energ\u00eda con buena m\u00fasica\u00bb<\/strong>, afirmaron.<\/p>\n<p>\u00abCarita Triste\u00bb ya se posiciona entre los temas m\u00e1s escuchados en <em>playlists<\/em> de m\u00fasica urbana, lo que augura un a\u00f1o exitoso para el d\u00fao que contin\u00faa reinvent\u00e1ndose sin perder su esencia.<\/p>\n<p><strong>Sala de redacci\u00f3n ND58 | Fuente: NDP<\/strong><br \/>\n<strong>Edici\u00f3n: Villasmil, Henry<\/strong><br \/>\n<strong>Gr\u00e1fica: Cortes\u00eda<\/strong><\/p>\n<p>&nbsp;<\/p>\n<p>&nbsp;<\/p><div class=\"fdcxj69f1b2b88aa9b\" ><p style=\"text-align: center;\"><a href=\"https:\/\/t.me\/noticiasdigital58\" target=\"_blank\" rel=\"noopener\"><img class=\"aligncenter size-full wp-image-125363\" src=\"https:\/\/digital58.com.ve\/site\/wp-content\/uploads\/2021\/04\/banner-telegram-web-2021.png\" alt=\"\" width=\"600\" height=\"90\" \/><\/a><\/p><\/div><style type=\"text\/css\">\r\n@media screen and (min-width: 1201px) {\r\n.fdcxj69f1b2b88aa9b {\r\ndisplay: block;\r\n}\r\n}\r\n@media screen and (min-width: 993px) and (max-width: 1200px) {\r\n.fdcxj69f1b2b88aa9b {\r\ndisplay: block;\r\n}\r\n}\r\n@media screen and (min-width: 769px) and (max-width: 992px) {\r\n.fdcxj69f1b2b88aa9b {\r\ndisplay: block;\r\n}\r\n}\r\n@media screen and (min-width: 768px) and (max-width: 768px) {\r\n.fdcxj69f1b2b88aa9b {\r\ndisplay: block;\r\n}\r\n}\r\n@media screen and (max-width: 767px) {\r\n.fdcxj69f1b2b88aa9b {\r\ndisplay: block;\r\n}\r\n}\r\n<\/style>\r\n\n<p>&nbsp;<\/p>\n<div style=\"margin-top: 0px; margin-bottom: 0px;\" class=\"sharethis-inline-share-buttons\" ><\/div>","protected":false},"excerpt":{"rendered":"<p>El ic\u00f3nico d\u00fao urbano celebra 20 a\u00f1os de carrera con un tema que fusiona reguet\u00f3n y merengue, acompa\u00f1ado de un<\/p>\n","protected":false},"author":1,"featured_media":186967,"comment_status":"open","ping_status":"closed","sticky":false,"template":"","format":"standard","meta":{"colormag_page_container_layout":"default_layout","colormag_page_sidebar_layout":"default_layout","_uag_custom_page_level_css":"","footnotes":""},"categories":[1],"tags":[2196,78,30179,273,3044,8,34890,61,8173],"class_list":["post-186966","post","type-post","status-publish","format-standard","has-post-thumbnail","hentry","category-fama","tag-alexis-y-fido","tag-cantantes","tag-entretenimientio","tag-farandula","tag-genero-urbano","tag-internacionales","tag-lanzamientos-musicalers","tag-musica","tag-videos-musicales"],"yoast_head":"<!-- This site is optimized with the Yoast SEO plugin v27.5 - https:\/\/yoast.com\/product\/yoast-seo-wordpress\/ -->\n<title>Alexis y Fido lanzan \u00abCarita Triste\u00bb su nueva apuesta tropical<\/title>\n<meta name=\"description\" content=\"Alexis y Fido presentan \u00abCarita Triste\u00bb, su nuevo tema con fusi\u00f3n caribe\u00f1a y videoclip grabado en Medell\u00edn. Celebran 20 a\u00f1os con lanzamientos y gira global.\" \/>\n<meta name=\"robots\" content=\"index, follow, max-snippet:-1, max-image-preview:large, max-video-preview:-1\" \/>\n<link rel=\"canonical\" href=\"https:\/\/digital58.com.ve\/site\/2025\/05\/02\/alexis-y-fido-lanzan-carita-triste-su-nueva-apuesta-tropical\/\" \/>\n<meta property=\"og:locale\" content=\"es_ES\" \/>\n<meta property=\"og:type\" content=\"article\" \/>\n<meta property=\"og:title\" content=\"Alexis y Fido lanzan \u00abCarita Triste\u00bb su nueva apuesta tropical\" \/>\n<meta property=\"og:description\" content=\"Alexis y Fido presentan \u00abCarita Triste\u00bb, su nuevo tema con fusi\u00f3n caribe\u00f1a y videoclip grabado en Medell\u00edn. Celebran 20 a\u00f1os con lanzamientos y gira global.\" \/>\n<meta property=\"og:url\" content=\"https:\/\/digital58.com.ve\/site\/2025\/05\/02\/alexis-y-fido-lanzan-carita-triste-su-nueva-apuesta-tropical\/\" \/>\n<meta property=\"og:site_name\" content=\"Noticias Digital58\" \/>\n<meta property=\"article:published_time\" content=\"2025-05-02T15:33:03+00:00\" \/>\n<meta property=\"og:image\" content=\"https:\/\/digital58.com.ve\/site\/wp-content\/uploads\/2025\/05\/alexyfido-2025.webp\" \/>\n\t<meta property=\"og:image:width\" content=\"900\" \/>\n\t<meta property=\"og:image:height\" content=\"600\" \/>\n\t<meta property=\"og:image:type\" content=\"image\/webp\" \/>\n<meta name=\"author\" content=\"Villasmil Henry\" \/>\n<meta name=\"twitter:card\" content=\"summary_large_image\" \/>\n<meta name=\"twitter:creator\" content=\"@https:\/\/twitter.com\/villasmilhfoto\" \/>\n<meta name=\"twitter:site\" content=\"@villasmilhfoto\" \/>\n<meta name=\"twitter:label1\" content=\"Escrito por\" \/>\n\t<meta name=\"twitter:data1\" content=\"Villasmil Henry\" \/>\n\t<meta name=\"twitter:label2\" content=\"Tiempo estimado de lectura\" \/>\n\t<meta name=\"twitter:data2\" content=\"3 minutos\" \/>\n<script type=\"application\/ld+json\" class=\"yoast-schema-graph\">{\"@context\":\"https:\\\/\\\/schema.org\",\"@graph\":[{\"@type\":\"Article\",\"@id\":\"https:\\\/\\\/digital58.com.ve\\\/site\\\/2025\\\/05\\\/02\\\/alexis-y-fido-lanzan-carita-triste-su-nueva-apuesta-tropical\\\/#article\",\"isPartOf\":{\"@id\":\"https:\\\/\\\/digital58.com.ve\\\/site\\\/2025\\\/05\\\/02\\\/alexis-y-fido-lanzan-carita-triste-su-nueva-apuesta-tropical\\\/\"},\"author\":{\"name\":\"Villasmil Henry\",\"@id\":\"https:\\\/\\\/digital58.com.ve\\\/site\\\/#\\\/schema\\\/person\\\/64d1c2e4d0d4fd1b849980c4331c2951\"},\"headline\":\"Alexis y Fido lanzan \u00abCarita Triste\u00bb su nueva apuesta tropical\",\"datePublished\":\"2025-05-02T15:33:03+00:00\",\"mainEntityOfPage\":{\"@id\":\"https:\\\/\\\/digital58.com.ve\\\/site\\\/2025\\\/05\\\/02\\\/alexis-y-fido-lanzan-carita-triste-su-nueva-apuesta-tropical\\\/\"},\"wordCount\":455,\"commentCount\":0,\"publisher\":{\"@id\":\"https:\\\/\\\/digital58.com.ve\\\/site\\\/#\\\/schema\\\/person\\\/64d1c2e4d0d4fd1b849980c4331c2951\"},\"image\":{\"@id\":\"https:\\\/\\\/digital58.com.ve\\\/site\\\/2025\\\/05\\\/02\\\/alexis-y-fido-lanzan-carita-triste-su-nueva-apuesta-tropical\\\/#primaryimage\"},\"thumbnailUrl\":\"https:\\\/\\\/digital58.com.ve\\\/site\\\/wp-content\\\/uploads\\\/2025\\\/05\\\/alexyfido-2025.webp\",\"keywords\":[\"Alexis y Fido\",\"Cantantes\",\"entretenimientio\",\"Far\u00e1ndula\",\"G\u00e9nero Urbano\",\"Internacionales\",\"Lanzamientos musicalers\",\"M\u00fasica\",\"Videos Musicales\"],\"articleSection\":[\"Fama\"],\"inLanguage\":\"es\",\"potentialAction\":[{\"@type\":\"CommentAction\",\"name\":\"Comment\",\"target\":[\"https:\\\/\\\/digital58.com.ve\\\/site\\\/2025\\\/05\\\/02\\\/alexis-y-fido-lanzan-carita-triste-su-nueva-apuesta-tropical\\\/#respond\"]}]},{\"@type\":\"WebPage\",\"@id\":\"https:\\\/\\\/digital58.com.ve\\\/site\\\/2025\\\/05\\\/02\\\/alexis-y-fido-lanzan-carita-triste-su-nueva-apuesta-tropical\\\/\",\"url\":\"https:\\\/\\\/digital58.com.ve\\\/site\\\/2025\\\/05\\\/02\\\/alexis-y-fido-lanzan-carita-triste-su-nueva-apuesta-tropical\\\/\",\"name\":\"Alexis y Fido lanzan \u00abCarita Triste\u00bb su nueva apuesta tropical\",\"isPartOf\":{\"@id\":\"https:\\\/\\\/digital58.com.ve\\\/site\\\/#website\"},\"primaryImageOfPage\":{\"@id\":\"https:\\\/\\\/digital58.com.ve\\\/site\\\/2025\\\/05\\\/02\\\/alexis-y-fido-lanzan-carita-triste-su-nueva-apuesta-tropical\\\/#primaryimage\"},\"image\":{\"@id\":\"https:\\\/\\\/digital58.com.ve\\\/site\\\/2025\\\/05\\\/02\\\/alexis-y-fido-lanzan-carita-triste-su-nueva-apuesta-tropical\\\/#primaryimage\"},\"thumbnailUrl\":\"https:\\\/\\\/digital58.com.ve\\\/site\\\/wp-content\\\/uploads\\\/2025\\\/05\\\/alexyfido-2025.webp\",\"datePublished\":\"2025-05-02T15:33:03+00:00\",\"description\":\"Alexis y Fido presentan \u00abCarita Triste\u00bb, su nuevo tema con fusi\u00f3n caribe\u00f1a y videoclip grabado en Medell\u00edn. Celebran 20 a\u00f1os con lanzamientos y gira global.\",\"breadcrumb\":{\"@id\":\"https:\\\/\\\/digital58.com.ve\\\/site\\\/2025\\\/05\\\/02\\\/alexis-y-fido-lanzan-carita-triste-su-nueva-apuesta-tropical\\\/#breadcrumb\"},\"inLanguage\":\"es\",\"potentialAction\":[{\"@type\":\"ReadAction\",\"target\":[\"https:\\\/\\\/digital58.com.ve\\\/site\\\/2025\\\/05\\\/02\\\/alexis-y-fido-lanzan-carita-triste-su-nueva-apuesta-tropical\\\/\"]}]},{\"@type\":\"ImageObject\",\"inLanguage\":\"es\",\"@id\":\"https:\\\/\\\/digital58.com.ve\\\/site\\\/2025\\\/05\\\/02\\\/alexis-y-fido-lanzan-carita-triste-su-nueva-apuesta-tropical\\\/#primaryimage\",\"url\":\"https:\\\/\\\/digital58.com.ve\\\/site\\\/wp-content\\\/uploads\\\/2025\\\/05\\\/alexyfido-2025.webp\",\"contentUrl\":\"https:\\\/\\\/digital58.com.ve\\\/site\\\/wp-content\\\/uploads\\\/2025\\\/05\\\/alexyfido-2025.webp\",\"width\":900,\"height\":600},{\"@type\":\"BreadcrumbList\",\"@id\":\"https:\\\/\\\/digital58.com.ve\\\/site\\\/2025\\\/05\\\/02\\\/alexis-y-fido-lanzan-carita-triste-su-nueva-apuesta-tropical\\\/#breadcrumb\",\"itemListElement\":[{\"@type\":\"ListItem\",\"position\":1,\"name\":\"Home\",\"item\":\"https:\\\/\\\/digital58.com.ve\\\/site\\\/\"},{\"@type\":\"ListItem\",\"position\":2,\"name\":\"Alexis y Fido lanzan \u00abCarita Triste\u00bb su nueva apuesta tropical\"}]},{\"@type\":\"WebSite\",\"@id\":\"https:\\\/\\\/digital58.com.ve\\\/site\\\/#website\",\"url\":\"https:\\\/\\\/digital58.com.ve\\\/site\\\/\",\"name\":\"Noticias Digital58\",\"description\":\"Portal de Noticias \u00a1Periodismo web de verdad! Lanzamiento web 22.11.2005 \\\/ Maracaibo, Venezuela\",\"publisher\":{\"@id\":\"https:\\\/\\\/digital58.com.ve\\\/site\\\/#\\\/schema\\\/person\\\/64d1c2e4d0d4fd1b849980c4331c2951\"},\"alternateName\":\"ND58\",\"potentialAction\":[{\"@type\":\"SearchAction\",\"target\":{\"@type\":\"EntryPoint\",\"urlTemplate\":\"https:\\\/\\\/digital58.com.ve\\\/site\\\/?s={search_term_string}\"},\"query-input\":{\"@type\":\"PropertyValueSpecification\",\"valueRequired\":true,\"valueName\":\"search_term_string\"}}],\"inLanguage\":\"es\"},{\"@type\":[\"Person\",\"Organization\"],\"@id\":\"https:\\\/\\\/digital58.com.ve\\\/site\\\/#\\\/schema\\\/person\\\/64d1c2e4d0d4fd1b849980c4331c2951\",\"name\":\"Villasmil Henry\",\"image\":{\"@type\":\"ImageObject\",\"inLanguage\":\"es\",\"@id\":\"https:\\\/\\\/secure.gravatar.com\\\/avatar\\\/bb0c4a2fcb7970138239f7e404ea75757b1b507b28b5ce4c53fbd62d797c5a7c?s=96&d=mm&r=g\",\"url\":\"https:\\\/\\\/secure.gravatar.com\\\/avatar\\\/bb0c4a2fcb7970138239f7e404ea75757b1b507b28b5ce4c53fbd62d797c5a7c?s=96&d=mm&r=g\",\"contentUrl\":\"https:\\\/\\\/secure.gravatar.com\\\/avatar\\\/bb0c4a2fcb7970138239f7e404ea75757b1b507b28b5ce4c53fbd62d797c5a7c?s=96&d=mm&r=g\",\"caption\":\"Villasmil Henry\"},\"logo\":{\"@id\":\"https:\\\/\\\/secure.gravatar.com\\\/avatar\\\/bb0c4a2fcb7970138239f7e404ea75757b1b507b28b5ce4c53fbd62d797c5a7c?s=96&d=mm&r=g\"},\"sameAs\":[\"http:\\\/\\\/www.henryvillasmil.com.ve\",\"https:\\\/\\\/www.instagram.com\\\/villasmilhfoto\\\/\",\"https:\\\/\\\/x.com\\\/https:\\\/\\\/twitter.com\\\/villasmilhfoto\"],\"url\":\"https:\\\/\\\/digital58.com.ve\\\/site\\\/author\\\/droopy_68\\\/\"}]}<\/script>\n<!-- \/ Yoast SEO plugin. -->","yoast_head_json":{"title":"Alexis y Fido lanzan \u00abCarita Triste\u00bb su nueva apuesta tropical","description":"Alexis y Fido presentan \u00abCarita Triste\u00bb, su nuevo tema con fusi\u00f3n caribe\u00f1a y videoclip grabado en Medell\u00edn. Celebran 20 a\u00f1os con lanzamientos y gira global.","robots":{"index":"index","follow":"follow","max-snippet":"max-snippet:-1","max-image-preview":"max-image-preview:large","max-video-preview":"max-video-preview:-1"},"canonical":"https:\/\/digital58.com.ve\/site\/2025\/05\/02\/alexis-y-fido-lanzan-carita-triste-su-nueva-apuesta-tropical\/","og_locale":"es_ES","og_type":"article","og_title":"Alexis y Fido lanzan \u00abCarita Triste\u00bb su nueva apuesta tropical","og_description":"Alexis y Fido presentan \u00abCarita Triste\u00bb, su nuevo tema con fusi\u00f3n caribe\u00f1a y videoclip grabado en Medell\u00edn. Celebran 20 a\u00f1os con lanzamientos y gira global.","og_url":"https:\/\/digital58.com.ve\/site\/2025\/05\/02\/alexis-y-fido-lanzan-carita-triste-su-nueva-apuesta-tropical\/","og_site_name":"Noticias Digital58","article_published_time":"2025-05-02T15:33:03+00:00","og_image":[{"width":900,"height":600,"url":"https:\/\/digital58.com.ve\/site\/wp-content\/uploads\/2025\/05\/alexyfido-2025.webp","type":"image\/webp"}],"author":"Villasmil Henry","twitter_card":"summary_large_image","twitter_creator":"@https:\/\/twitter.com\/villasmilhfoto","twitter_site":"@villasmilhfoto","twitter_misc":{"Escrito por":"Villasmil Henry","Tiempo estimado de lectura":"3 minutos"},"schema":{"@context":"https:\/\/schema.org","@graph":[{"@type":"Article","@id":"https:\/\/digital58.com.ve\/site\/2025\/05\/02\/alexis-y-fido-lanzan-carita-triste-su-nueva-apuesta-tropical\/#article","isPartOf":{"@id":"https:\/\/digital58.com.ve\/site\/2025\/05\/02\/alexis-y-fido-lanzan-carita-triste-su-nueva-apuesta-tropical\/"},"author":{"name":"Villasmil Henry","@id":"https:\/\/digital58.com.ve\/site\/#\/schema\/person\/64d1c2e4d0d4fd1b849980c4331c2951"},"headline":"Alexis y Fido lanzan \u00abCarita Triste\u00bb su nueva apuesta tropical","datePublished":"2025-05-02T15:33:03+00:00","mainEntityOfPage":{"@id":"https:\/\/digital58.com.ve\/site\/2025\/05\/02\/alexis-y-fido-lanzan-carita-triste-su-nueva-apuesta-tropical\/"},"wordCount":455,"commentCount":0,"publisher":{"@id":"https:\/\/digital58.com.ve\/site\/#\/schema\/person\/64d1c2e4d0d4fd1b849980c4331c2951"},"image":{"@id":"https:\/\/digital58.com.ve\/site\/2025\/05\/02\/alexis-y-fido-lanzan-carita-triste-su-nueva-apuesta-tropical\/#primaryimage"},"thumbnailUrl":"https:\/\/digital58.com.ve\/site\/wp-content\/uploads\/2025\/05\/alexyfido-2025.webp","keywords":["Alexis y Fido","Cantantes","entretenimientio","Far\u00e1ndula","G\u00e9nero Urbano","Internacionales","Lanzamientos musicalers","M\u00fasica","Videos Musicales"],"articleSection":["Fama"],"inLanguage":"es","potentialAction":[{"@type":"CommentAction","name":"Comment","target":["https:\/\/digital58.com.ve\/site\/2025\/05\/02\/alexis-y-fido-lanzan-carita-triste-su-nueva-apuesta-tropical\/#respond"]}]},{"@type":"WebPage","@id":"https:\/\/digital58.com.ve\/site\/2025\/05\/02\/alexis-y-fido-lanzan-carita-triste-su-nueva-apuesta-tropical\/","url":"https:\/\/digital58.com.ve\/site\/2025\/05\/02\/alexis-y-fido-lanzan-carita-triste-su-nueva-apuesta-tropical\/","name":"Alexis y Fido lanzan \u00abCarita Triste\u00bb su nueva apuesta tropical","isPartOf":{"@id":"https:\/\/digital58.com.ve\/site\/#website"},"primaryImageOfPage":{"@id":"https:\/\/digital58.com.ve\/site\/2025\/05\/02\/alexis-y-fido-lanzan-carita-triste-su-nueva-apuesta-tropical\/#primaryimage"},"image":{"@id":"https:\/\/digital58.com.ve\/site\/2025\/05\/02\/alexis-y-fido-lanzan-carita-triste-su-nueva-apuesta-tropical\/#primaryimage"},"thumbnailUrl":"https:\/\/digital58.com.ve\/site\/wp-content\/uploads\/2025\/05\/alexyfido-2025.webp","datePublished":"2025-05-02T15:33:03+00:00","description":"Alexis y Fido presentan \u00abCarita Triste\u00bb, su nuevo tema con fusi\u00f3n caribe\u00f1a y videoclip grabado en Medell\u00edn. Celebran 20 a\u00f1os con lanzamientos y gira global.","breadcrumb":{"@id":"https:\/\/digital58.com.ve\/site\/2025\/05\/02\/alexis-y-fido-lanzan-carita-triste-su-nueva-apuesta-tropical\/#breadcrumb"},"inLanguage":"es","potentialAction":[{"@type":"ReadAction","target":["https:\/\/digital58.com.ve\/site\/2025\/05\/02\/alexis-y-fido-lanzan-carita-triste-su-nueva-apuesta-tropical\/"]}]},{"@type":"ImageObject","inLanguage":"es","@id":"https:\/\/digital58.com.ve\/site\/2025\/05\/02\/alexis-y-fido-lanzan-carita-triste-su-nueva-apuesta-tropical\/#primaryimage","url":"https:\/\/digital58.com.ve\/site\/wp-content\/uploads\/2025\/05\/alexyfido-2025.webp","contentUrl":"https:\/\/digital58.com.ve\/site\/wp-content\/uploads\/2025\/05\/alexyfido-2025.webp","width":900,"height":600},{"@type":"BreadcrumbList","@id":"https:\/\/digital58.com.ve\/site\/2025\/05\/02\/alexis-y-fido-lanzan-carita-triste-su-nueva-apuesta-tropical\/#breadcrumb","itemListElement":[{"@type":"ListItem","position":1,"name":"Home","item":"https:\/\/digital58.com.ve\/site\/"},{"@type":"ListItem","position":2,"name":"Alexis y Fido lanzan \u00abCarita Triste\u00bb su nueva apuesta tropical"}]},{"@type":"WebSite","@id":"https:\/\/digital58.com.ve\/site\/#website","url":"https:\/\/digital58.com.ve\/site\/","name":"Noticias Digital58","description":"Portal de Noticias \u00a1Periodismo web de verdad! Lanzamiento web 22.11.2005 \/ Maracaibo, Venezuela","publisher":{"@id":"https:\/\/digital58.com.ve\/site\/#\/schema\/person\/64d1c2e4d0d4fd1b849980c4331c2951"},"alternateName":"ND58","potentialAction":[{"@type":"SearchAction","target":{"@type":"EntryPoint","urlTemplate":"https:\/\/digital58.com.ve\/site\/?s={search_term_string}"},"query-input":{"@type":"PropertyValueSpecification","valueRequired":true,"valueName":"search_term_string"}}],"inLanguage":"es"},{"@type":["Person","Organization"],"@id":"https:\/\/digital58.com.ve\/site\/#\/schema\/person\/64d1c2e4d0d4fd1b849980c4331c2951","name":"Villasmil Henry","image":{"@type":"ImageObject","inLanguage":"es","@id":"https:\/\/secure.gravatar.com\/avatar\/bb0c4a2fcb7970138239f7e404ea75757b1b507b28b5ce4c53fbd62d797c5a7c?s=96&d=mm&r=g","url":"https:\/\/secure.gravatar.com\/avatar\/bb0c4a2fcb7970138239f7e404ea75757b1b507b28b5ce4c53fbd62d797c5a7c?s=96&d=mm&r=g","contentUrl":"https:\/\/secure.gravatar.com\/avatar\/bb0c4a2fcb7970138239f7e404ea75757b1b507b28b5ce4c53fbd62d797c5a7c?s=96&d=mm&r=g","caption":"Villasmil Henry"},"logo":{"@id":"https:\/\/secure.gravatar.com\/avatar\/bb0c4a2fcb7970138239f7e404ea75757b1b507b28b5ce4c53fbd62d797c5a7c?s=96&d=mm&r=g"},"sameAs":["http:\/\/www.henryvillasmil.com.ve","https:\/\/www.instagram.com\/villasmilhfoto\/","https:\/\/x.com\/https:\/\/twitter.com\/villasmilhfoto"],"url":"https:\/\/digital58.com.ve\/site\/author\/droopy_68\/"}]}},"uagb_featured_image_src":{"full":["https:\/\/digital58.com.ve\/site\/wp-content\/uploads\/2025\/05\/alexyfido-2025.webp",900,600,false],"thumbnail":["https:\/\/digital58.com.ve\/site\/wp-content\/uploads\/2025\/05\/alexyfido-2025-150x150.webp",150,150,true],"medium":["https:\/\/digital58.com.ve\/site\/wp-content\/uploads\/2025\/05\/alexyfido-2025-300x200.webp",300,200,true],"medium_large":["https:\/\/digital58.com.ve\/site\/wp-content\/uploads\/2025\/05\/alexyfido-2025-768x512.webp",768,512,true],"large":["https:\/\/digital58.com.ve\/site\/wp-content\/uploads\/2025\/05\/alexyfido-2025.webp",800,533,false],"1536x1536":["https:\/\/digital58.com.ve\/site\/wp-content\/uploads\/2025\/05\/alexyfido-2025.webp",900,600,false],"2048x2048":["https:\/\/digital58.com.ve\/site\/wp-content\/uploads\/2025\/05\/alexyfido-2025.webp",900,600,false],"colormag-highlighted-post":["https:\/\/digital58.com.ve\/site\/wp-content\/uploads\/2025\/05\/alexyfido-2025-392x272.webp",392,272,true],"colormag-featured-post-medium":["https:\/\/digital58.com.ve\/site\/wp-content\/uploads\/2025\/05\/alexyfido-2025-390x205.webp",390,205,true],"colormag-featured-post-small":["https:\/\/digital58.com.ve\/site\/wp-content\/uploads\/2025\/05\/alexyfido-2025-130x90.webp",130,90,true],"colormag-featured-image":["https:\/\/digital58.com.ve\/site\/wp-content\/uploads\/2025\/05\/alexyfido-2025-800x445.webp",800,445,true],"colormag-default-news":["https:\/\/digital58.com.ve\/site\/wp-content\/uploads\/2025\/05\/alexyfido-2025-150x150.webp",150,150,true],"colormag-featured-image-large":["https:\/\/digital58.com.ve\/site\/wp-content\/uploads\/2025\/05\/alexyfido-2025.webp",900,600,false]},"uagb_author_info":{"display_name":"Villasmil Henry","author_link":"https:\/\/digital58.com.ve\/site\/author\/droopy_68\/"},"uagb_comment_info":0,"uagb_excerpt":"El ic\u00f3nico d\u00fao urbano celebra 20 a\u00f1os de carrera con un tema que fusiona reguet\u00f3n y merengue, acompa\u00f1ado de un","_links":{"self":[{"href":"https:\/\/digital58.com.ve\/site\/wp-json\/wp\/v2\/posts\/186966","targetHints":{"allow":["GET"]}}],"collection":[{"href":"https:\/\/digital58.com.ve\/site\/wp-json\/wp\/v2\/posts"}],"about":[{"href":"https:\/\/digital58.com.ve\/site\/wp-json\/wp\/v2\/types\/post"}],"author":[{"embeddable":true,"href":"https:\/\/digital58.com.ve\/site\/wp-json\/wp\/v2\/users\/1"}],"replies":[{"embeddable":true,"href":"https:\/\/digital58.com.ve\/site\/wp-json\/wp\/v2\/comments?post=186966"}],"version-history":[{"count":1,"href":"https:\/\/digital58.com.ve\/site\/wp-json\/wp\/v2\/posts\/186966\/revisions"}],"predecessor-version":[{"id":186968,"href":"https:\/\/digital58.com.ve\/site\/wp-json\/wp\/v2\/posts\/186966\/revisions\/186968"}],"wp:featuredmedia":[{"embeddable":true,"href":"https:\/\/digital58.com.ve\/site\/wp-json\/wp\/v2\/media\/186967"}],"wp:attachment":[{"href":"https:\/\/digital58.com.ve\/site\/wp-json\/wp\/v2\/media?parent=186966"}],"wp:term":[{"taxonomy":"category","embeddable":true,"href":"https:\/\/digital58.com.ve\/site\/wp-json\/wp\/v2\/categories?post=186966"},{"taxonomy":"post_tag","embeddable":true,"href":"https:\/\/digital58.com.ve\/site\/wp-json\/wp\/v2\/tags?post=186966"}],"curies":[{"name":"wp","href":"https:\/\/api.w.org\/{rel}","templated":true}]}}