{"id":187107,"date":"2025-05-08T00:26:17","date_gmt":"2025-05-08T04:26:17","guid":{"rendered":"https:\/\/digital58.com.ve\/site\/?p=187107"},"modified":"2025-05-08T00:27:14","modified_gmt":"2025-05-08T04:27:14","slug":"psg-e-inter-disputan-final-inedita-de-champions-en-munich","status":"publish","type":"post","link":"https:\/\/digital58.com.ve\/site\/2025\/05\/08\/psg-e-inter-disputan-final-inedita-de-champions-en-munich\/","title":{"rendered":"PSG e Inter disputan final in\u00e9dita de Champions en M\u00fanich"},"content":{"rendered":"<p><a class=\"keychainify-checked\" href=\"https:\/\/digital58.com.ve\/site\/wp-content\/uploads\/2025\/05\/psg-inter-final-ucl-25.webp\"><img loading=\"lazy\" decoding=\"async\" class=\"aligncenter wp-image-187108 size-full\" src=\"https:\/\/digital58.com.ve\/site\/wp-content\/uploads\/2025\/05\/psg-inter-final-ucl-25.webp\" alt=\"Par\u00eds Saint Germain e Inter de Mil\u00e1n se enfrentar\u00e1n por primera vez en una final de Liga de Campeones, el pr\u00f3ximo s\u00e1bado 31 de mayo en el Allianz Arena de M\u00fanich, tras dejar en el camino al Arsenal y al Barcelona, respectivamente.\" width=\"1000\" height=\"667\" srcset=\"https:\/\/digital58.com.ve\/site\/wp-content\/uploads\/2025\/05\/psg-inter-final-ucl-25.webp 1000w, https:\/\/digital58.com.ve\/site\/wp-content\/uploads\/2025\/05\/psg-inter-final-ucl-25-300x200.webp 300w, https:\/\/digital58.com.ve\/site\/wp-content\/uploads\/2025\/05\/psg-inter-final-ucl-25-768x512.webp 768w\" sizes=\"auto, (max-width: 1000px) 100vw, 1000px\" \/><\/a><\/p>\n<blockquote><p>El conjunto franc\u00e9s y el equipo italiano se medir\u00e1n el 31 de mayo por el t\u00edtulo de la Liga de Campeones en una final hist\u00f3rica sin precedentes.<\/p><\/blockquote>\n<p><strong>Internacionales, 08 de mayo de 2025 (ND58).-<\/strong> Par\u00eds Saint Germain e Inter de Mil\u00e1n se enfrentar\u00e1n por primera vez en una final de Liga de Campeones, el pr\u00f3ximo s\u00e1bado 31 de mayo en el Allianz Arena de M\u00fanich, tras dejar en el camino al Arsenal y al Barcelona, respectivamente.<\/p>\n<p>Ambos equipos buscar\u00e1n cerrar la temporada levantando el trofeo m\u00e1s prestigioso del f\u00fatbol europeo.<\/p>\n<h2>Una final con sabor a historia y redenci\u00f3n<\/h2>\n<p>El PSG disputar\u00e1 su segunda final en la m\u00e1xima competici\u00f3n continental, tras la derrota sufrida en 2020 ante el Bayern.<\/p>\n<p>Para el Inter, ser\u00e1 su s\u00e9ptima aparici\u00f3n en esta instancia, con un historial parejo de tres triunfos y tres derrotas. La cita en M\u00fanich promete ser un duelo entre dos estilos y generaciones distintas del f\u00fatbol europeo.<\/p>\n<h2>El camino del Inter hacia la gloria<\/h2>\n<p>El conjunto nerazzurro super\u00f3 al Barcelona en semifinales y llega con una trayectoria que mezcla historia y actualidad.<\/p>\n<p>Desde sus triunfos en los a\u00f1os 60 bajo la direcci\u00f3n de Helenio Herrera, hasta la conquista de 2010 con Jos\u00e9 Mourinho, el club ha sabido reinventarse. En 2023, cay\u00f3 con dignidad ante el Manchester City, pero ahora busca consagrarse nuevamente.<\/p>\n<h2>El PSG quiere saldar su deuda pendiente<\/h2>\n<p>Tras a\u00f1os de inversi\u00f3n y plantillas estelares, el club parisino vuelve a so\u00f1ar con la gloria. Luis Enrique lidera el proyecto con la ambici\u00f3n de lograr su segundo t\u00edtulo continental como t\u00e9cnico.<\/p>\n<p>En 2020, el PSG lleg\u00f3 a la final pero no pudo superar al Bayern en Lisboa. Esta vez, espera que la experiencia y la madurez pesen a su favor.<\/p>\n<h2>Duelo de entrenadores con legado europeo<\/h2>\n<p>Simone Inzaghi y Luis Enrique se enfrentan con objetivos similares: inscribir su nombre en la historia del torneo.<\/p>\n<p>El italiano aspira a su primera corona como t\u00e9cnico, mientras que el espa\u00f1ol busca igualar a nombres legendarios como Helenio Herrera o Vicente del Bosque.<\/p>\n<p>La batalla t\u00e1ctica ser\u00e1 uno de los atractivos de esta final.<\/p>\n<p><strong>Sala de redacci\u00f3n ND58 | Fuente: EFE<\/strong><br \/>\n<strong>Edici\u00f3n: Villasmil, Henry<\/strong><br \/>\n<strong>Gr\u00e1ficas: Cortes\u00eda<\/strong><\/p><div class=\"glumv69f18ac532ef6\" ><p style=\"text-align: center;\"><a href=\"https:\/\/t.me\/noticiasdigital58\" target=\"_blank\" rel=\"noopener\"><img class=\"aligncenter size-full wp-image-125363\" src=\"https:\/\/digital58.com.ve\/site\/wp-content\/uploads\/2021\/04\/banner-telegram-web-2021.png\" alt=\"\" width=\"600\" height=\"90\" \/><\/a><\/p><\/div><style type=\"text\/css\">\r\n@media screen and (min-width: 1201px) {\r\n.glumv69f18ac532ef6 {\r\ndisplay: block;\r\n}\r\n}\r\n@media screen and (min-width: 993px) and (max-width: 1200px) {\r\n.glumv69f18ac532ef6 {\r\ndisplay: block;\r\n}\r\n}\r\n@media screen and (min-width: 769px) and (max-width: 992px) {\r\n.glumv69f18ac532ef6 {\r\ndisplay: block;\r\n}\r\n}\r\n@media screen and (min-width: 768px) and (max-width: 768px) {\r\n.glumv69f18ac532ef6 {\r\ndisplay: block;\r\n}\r\n}\r\n@media screen and (max-width: 767px) {\r\n.glumv69f18ac532ef6 {\r\ndisplay: block;\r\n}\r\n}\r\n<\/style>\r\n\n<p>&nbsp;<\/p>\n<div style=\"margin-top: 0px; margin-bottom: 0px;\" class=\"sharethis-inline-share-buttons\" ><\/div>","protected":false},"excerpt":{"rendered":"<p>El conjunto franc\u00e9s y el equipo italiano se medir\u00e1n el 31 de mayo por el t\u00edtulo de la Liga de<\/p>\n","protected":false},"author":1,"featured_media":187108,"comment_status":"open","ping_status":"closed","sticky":false,"template":"","format":"standard","meta":{"colormag_page_container_layout":"default_layout","colormag_page_sidebar_layout":"default_layout","_uag_custom_page_level_css":"","footnotes":""},"categories":[5402],"tags":[38,34597,34937,40,13,41,12677,8,42,6410,10875,1768,8674],"class_list":["post-187107","post","type-post","status-publish","format-standard","has-post-thumbnail","hentry","category-deportes","tag-alemania","tag-champions-league-2024-2025","tag-final-champions-league-2024-2025","tag-francia","tag-futbol","tag-futbol-internacional","tag-inter-de-milan","tag-internacionales","tag-italia","tag-liga-de-campeones","tag-munich","tag-paris","tag-paris-saint-germain"],"yoast_head":"<!-- This site is optimized with the Yoast SEO plugin v27.5 - https:\/\/yoast.com\/product\/yoast-seo-wordpress\/ -->\n<title>PSG e Inter disputan final in\u00e9dita de Champions en M\u00fanich<\/title>\n<meta name=\"description\" content=\"PSG e Inter jugar\u00e1n una final in\u00e9dita de Champions League el 31 de mayo en M\u00fanich. Duelo hist\u00f3rico por el t\u00edtulo europeo.\" \/>\n<meta name=\"robots\" content=\"index, follow, max-snippet:-1, max-image-preview:large, max-video-preview:-1\" \/>\n<link rel=\"canonical\" href=\"https:\/\/digital58.com.ve\/site\/2025\/05\/08\/psg-e-inter-disputan-final-inedita-de-champions-en-munich\/\" \/>\n<meta property=\"og:locale\" content=\"es_ES\" \/>\n<meta property=\"og:type\" content=\"article\" \/>\n<meta property=\"og:title\" content=\"PSG e Inter disputan final in\u00e9dita de Champions en M\u00fanich\" \/>\n<meta property=\"og:description\" content=\"PSG e Inter jugar\u00e1n una final in\u00e9dita de Champions League el 31 de mayo en M\u00fanich. Duelo hist\u00f3rico por el t\u00edtulo europeo.\" \/>\n<meta property=\"og:url\" content=\"https:\/\/digital58.com.ve\/site\/2025\/05\/08\/psg-e-inter-disputan-final-inedita-de-champions-en-munich\/\" \/>\n<meta property=\"og:site_name\" content=\"Noticias Digital58\" \/>\n<meta property=\"article:published_time\" content=\"2025-05-08T04:26:17+00:00\" \/>\n<meta property=\"article:modified_time\" content=\"2025-05-08T04:27:14+00:00\" \/>\n<meta property=\"og:image\" content=\"https:\/\/digital58.com.ve\/site\/wp-content\/uploads\/2025\/05\/psg-inter-final-ucl-25.webp\" \/>\n\t<meta property=\"og:image:width\" content=\"1000\" \/>\n\t<meta property=\"og:image:height\" content=\"667\" \/>\n\t<meta property=\"og:image:type\" content=\"image\/webp\" \/>\n<meta name=\"author\" content=\"Villasmil Henry\" \/>\n<meta name=\"twitter:card\" content=\"summary_large_image\" \/>\n<meta name=\"twitter:creator\" content=\"@https:\/\/twitter.com\/villasmilhfoto\" \/>\n<meta name=\"twitter:site\" content=\"@villasmilhfoto\" \/>\n<meta name=\"twitter:label1\" content=\"Escrito por\" \/>\n\t<meta name=\"twitter:data1\" content=\"Villasmil Henry\" \/>\n\t<meta name=\"twitter:label2\" content=\"Tiempo estimado de lectura\" \/>\n\t<meta name=\"twitter:data2\" content=\"2 minutos\" \/>\n<script type=\"application\/ld+json\" class=\"yoast-schema-graph\">{\"@context\":\"https:\\\/\\\/schema.org\",\"@graph\":[{\"@type\":\"Article\",\"@id\":\"https:\\\/\\\/digital58.com.ve\\\/site\\\/2025\\\/05\\\/08\\\/psg-e-inter-disputan-final-inedita-de-champions-en-munich\\\/#article\",\"isPartOf\":{\"@id\":\"https:\\\/\\\/digital58.com.ve\\\/site\\\/2025\\\/05\\\/08\\\/psg-e-inter-disputan-final-inedita-de-champions-en-munich\\\/\"},\"author\":{\"name\":\"Villasmil Henry\",\"@id\":\"https:\\\/\\\/digital58.com.ve\\\/site\\\/#\\\/schema\\\/person\\\/64d1c2e4d0d4fd1b849980c4331c2951\"},\"headline\":\"PSG e Inter disputan final in\u00e9dita de Champions en M\u00fanich\",\"datePublished\":\"2025-05-08T04:26:17+00:00\",\"dateModified\":\"2025-05-08T04:27:14+00:00\",\"mainEntityOfPage\":{\"@id\":\"https:\\\/\\\/digital58.com.ve\\\/site\\\/2025\\\/05\\\/08\\\/psg-e-inter-disputan-final-inedita-de-champions-en-munich\\\/\"},\"wordCount\":399,\"commentCount\":0,\"publisher\":{\"@id\":\"https:\\\/\\\/digital58.com.ve\\\/site\\\/#\\\/schema\\\/person\\\/64d1c2e4d0d4fd1b849980c4331c2951\"},\"image\":{\"@id\":\"https:\\\/\\\/digital58.com.ve\\\/site\\\/2025\\\/05\\\/08\\\/psg-e-inter-disputan-final-inedita-de-champions-en-munich\\\/#primaryimage\"},\"thumbnailUrl\":\"https:\\\/\\\/digital58.com.ve\\\/site\\\/wp-content\\\/uploads\\\/2025\\\/05\\\/psg-inter-final-ucl-25.webp\",\"keywords\":[\"Alemania\",\"Champions League 2024-2025\",\"Final Champions League 2024-2025\",\"Francia\",\"F\u00fatbol\",\"F\u00fatbol Internacional\",\"Inter de Mil\u00e1n\",\"Internacionales\",\"Italia\",\"Liga de Campeones\",\"M\u00fanich\",\"Par\u00eds\",\"Par\u00eds Saint Germain\"],\"articleSection\":[\"Deportes\"],\"inLanguage\":\"es\",\"potentialAction\":[{\"@type\":\"CommentAction\",\"name\":\"Comment\",\"target\":[\"https:\\\/\\\/digital58.com.ve\\\/site\\\/2025\\\/05\\\/08\\\/psg-e-inter-disputan-final-inedita-de-champions-en-munich\\\/#respond\"]}]},{\"@type\":\"WebPage\",\"@id\":\"https:\\\/\\\/digital58.com.ve\\\/site\\\/2025\\\/05\\\/08\\\/psg-e-inter-disputan-final-inedita-de-champions-en-munich\\\/\",\"url\":\"https:\\\/\\\/digital58.com.ve\\\/site\\\/2025\\\/05\\\/08\\\/psg-e-inter-disputan-final-inedita-de-champions-en-munich\\\/\",\"name\":\"PSG e Inter disputan final in\u00e9dita de Champions en M\u00fanich\",\"isPartOf\":{\"@id\":\"https:\\\/\\\/digital58.com.ve\\\/site\\\/#website\"},\"primaryImageOfPage\":{\"@id\":\"https:\\\/\\\/digital58.com.ve\\\/site\\\/2025\\\/05\\\/08\\\/psg-e-inter-disputan-final-inedita-de-champions-en-munich\\\/#primaryimage\"},\"image\":{\"@id\":\"https:\\\/\\\/digital58.com.ve\\\/site\\\/2025\\\/05\\\/08\\\/psg-e-inter-disputan-final-inedita-de-champions-en-munich\\\/#primaryimage\"},\"thumbnailUrl\":\"https:\\\/\\\/digital58.com.ve\\\/site\\\/wp-content\\\/uploads\\\/2025\\\/05\\\/psg-inter-final-ucl-25.webp\",\"datePublished\":\"2025-05-08T04:26:17+00:00\",\"dateModified\":\"2025-05-08T04:27:14+00:00\",\"description\":\"PSG e Inter jugar\u00e1n una final in\u00e9dita de Champions League el 31 de mayo en M\u00fanich. Duelo hist\u00f3rico por el t\u00edtulo europeo.\",\"breadcrumb\":{\"@id\":\"https:\\\/\\\/digital58.com.ve\\\/site\\\/2025\\\/05\\\/08\\\/psg-e-inter-disputan-final-inedita-de-champions-en-munich\\\/#breadcrumb\"},\"inLanguage\":\"es\",\"potentialAction\":[{\"@type\":\"ReadAction\",\"target\":[\"https:\\\/\\\/digital58.com.ve\\\/site\\\/2025\\\/05\\\/08\\\/psg-e-inter-disputan-final-inedita-de-champions-en-munich\\\/\"]}]},{\"@type\":\"ImageObject\",\"inLanguage\":\"es\",\"@id\":\"https:\\\/\\\/digital58.com.ve\\\/site\\\/2025\\\/05\\\/08\\\/psg-e-inter-disputan-final-inedita-de-champions-en-munich\\\/#primaryimage\",\"url\":\"https:\\\/\\\/digital58.com.ve\\\/site\\\/wp-content\\\/uploads\\\/2025\\\/05\\\/psg-inter-final-ucl-25.webp\",\"contentUrl\":\"https:\\\/\\\/digital58.com.ve\\\/site\\\/wp-content\\\/uploads\\\/2025\\\/05\\\/psg-inter-final-ucl-25.webp\",\"width\":1000,\"height\":667},{\"@type\":\"BreadcrumbList\",\"@id\":\"https:\\\/\\\/digital58.com.ve\\\/site\\\/2025\\\/05\\\/08\\\/psg-e-inter-disputan-final-inedita-de-champions-en-munich\\\/#breadcrumb\",\"itemListElement\":[{\"@type\":\"ListItem\",\"position\":1,\"name\":\"Home\",\"item\":\"https:\\\/\\\/digital58.com.ve\\\/site\\\/\"},{\"@type\":\"ListItem\",\"position\":2,\"name\":\"PSG e Inter disputan final in\u00e9dita de Champions en M\u00fanich\"}]},{\"@type\":\"WebSite\",\"@id\":\"https:\\\/\\\/digital58.com.ve\\\/site\\\/#website\",\"url\":\"https:\\\/\\\/digital58.com.ve\\\/site\\\/\",\"name\":\"Noticias Digital58\",\"description\":\"Portal de Noticias \u00a1Periodismo web de verdad! Lanzamiento web 22.11.2005 \\\/ Maracaibo, Venezuela\",\"publisher\":{\"@id\":\"https:\\\/\\\/digital58.com.ve\\\/site\\\/#\\\/schema\\\/person\\\/64d1c2e4d0d4fd1b849980c4331c2951\"},\"alternateName\":\"ND58\",\"potentialAction\":[{\"@type\":\"SearchAction\",\"target\":{\"@type\":\"EntryPoint\",\"urlTemplate\":\"https:\\\/\\\/digital58.com.ve\\\/site\\\/?s={search_term_string}\"},\"query-input\":{\"@type\":\"PropertyValueSpecification\",\"valueRequired\":true,\"valueName\":\"search_term_string\"}}],\"inLanguage\":\"es\"},{\"@type\":[\"Person\",\"Organization\"],\"@id\":\"https:\\\/\\\/digital58.com.ve\\\/site\\\/#\\\/schema\\\/person\\\/64d1c2e4d0d4fd1b849980c4331c2951\",\"name\":\"Villasmil Henry\",\"image\":{\"@type\":\"ImageObject\",\"inLanguage\":\"es\",\"@id\":\"https:\\\/\\\/secure.gravatar.com\\\/avatar\\\/bb0c4a2fcb7970138239f7e404ea75757b1b507b28b5ce4c53fbd62d797c5a7c?s=96&d=mm&r=g\",\"url\":\"https:\\\/\\\/secure.gravatar.com\\\/avatar\\\/bb0c4a2fcb7970138239f7e404ea75757b1b507b28b5ce4c53fbd62d797c5a7c?s=96&d=mm&r=g\",\"contentUrl\":\"https:\\\/\\\/secure.gravatar.com\\\/avatar\\\/bb0c4a2fcb7970138239f7e404ea75757b1b507b28b5ce4c53fbd62d797c5a7c?s=96&d=mm&r=g\",\"caption\":\"Villasmil Henry\"},\"logo\":{\"@id\":\"https:\\\/\\\/secure.gravatar.com\\\/avatar\\\/bb0c4a2fcb7970138239f7e404ea75757b1b507b28b5ce4c53fbd62d797c5a7c?s=96&d=mm&r=g\"},\"sameAs\":[\"http:\\\/\\\/www.henryvillasmil.com.ve\",\"https:\\\/\\\/www.instagram.com\\\/villasmilhfoto\\\/\",\"https:\\\/\\\/x.com\\\/https:\\\/\\\/twitter.com\\\/villasmilhfoto\"],\"url\":\"https:\\\/\\\/digital58.com.ve\\\/site\\\/author\\\/droopy_68\\\/\"}]}<\/script>\n<!-- \/ Yoast SEO plugin. -->","yoast_head_json":{"title":"PSG e Inter disputan final in\u00e9dita de Champions en M\u00fanich","description":"PSG e Inter jugar\u00e1n una final in\u00e9dita de Champions League el 31 de mayo en M\u00fanich. Duelo hist\u00f3rico por el t\u00edtulo europeo.","robots":{"index":"index","follow":"follow","max-snippet":"max-snippet:-1","max-image-preview":"max-image-preview:large","max-video-preview":"max-video-preview:-1"},"canonical":"https:\/\/digital58.com.ve\/site\/2025\/05\/08\/psg-e-inter-disputan-final-inedita-de-champions-en-munich\/","og_locale":"es_ES","og_type":"article","og_title":"PSG e Inter disputan final in\u00e9dita de Champions en M\u00fanich","og_description":"PSG e Inter jugar\u00e1n una final in\u00e9dita de Champions League el 31 de mayo en M\u00fanich. Duelo hist\u00f3rico por el t\u00edtulo europeo.","og_url":"https:\/\/digital58.com.ve\/site\/2025\/05\/08\/psg-e-inter-disputan-final-inedita-de-champions-en-munich\/","og_site_name":"Noticias Digital58","article_published_time":"2025-05-08T04:26:17+00:00","article_modified_time":"2025-05-08T04:27:14+00:00","og_image":[{"width":1000,"height":667,"url":"https:\/\/digital58.com.ve\/site\/wp-content\/uploads\/2025\/05\/psg-inter-final-ucl-25.webp","type":"image\/webp"}],"author":"Villasmil Henry","twitter_card":"summary_large_image","twitter_creator":"@https:\/\/twitter.com\/villasmilhfoto","twitter_site":"@villasmilhfoto","twitter_misc":{"Escrito por":"Villasmil Henry","Tiempo estimado de lectura":"2 minutos"},"schema":{"@context":"https:\/\/schema.org","@graph":[{"@type":"Article","@id":"https:\/\/digital58.com.ve\/site\/2025\/05\/08\/psg-e-inter-disputan-final-inedita-de-champions-en-munich\/#article","isPartOf":{"@id":"https:\/\/digital58.com.ve\/site\/2025\/05\/08\/psg-e-inter-disputan-final-inedita-de-champions-en-munich\/"},"author":{"name":"Villasmil Henry","@id":"https:\/\/digital58.com.ve\/site\/#\/schema\/person\/64d1c2e4d0d4fd1b849980c4331c2951"},"headline":"PSG e Inter disputan final in\u00e9dita de Champions en M\u00fanich","datePublished":"2025-05-08T04:26:17+00:00","dateModified":"2025-05-08T04:27:14+00:00","mainEntityOfPage":{"@id":"https:\/\/digital58.com.ve\/site\/2025\/05\/08\/psg-e-inter-disputan-final-inedita-de-champions-en-munich\/"},"wordCount":399,"commentCount":0,"publisher":{"@id":"https:\/\/digital58.com.ve\/site\/#\/schema\/person\/64d1c2e4d0d4fd1b849980c4331c2951"},"image":{"@id":"https:\/\/digital58.com.ve\/site\/2025\/05\/08\/psg-e-inter-disputan-final-inedita-de-champions-en-munich\/#primaryimage"},"thumbnailUrl":"https:\/\/digital58.com.ve\/site\/wp-content\/uploads\/2025\/05\/psg-inter-final-ucl-25.webp","keywords":["Alemania","Champions League 2024-2025","Final Champions League 2024-2025","Francia","F\u00fatbol","F\u00fatbol Internacional","Inter de Mil\u00e1n","Internacionales","Italia","Liga de Campeones","M\u00fanich","Par\u00eds","Par\u00eds Saint Germain"],"articleSection":["Deportes"],"inLanguage":"es","potentialAction":[{"@type":"CommentAction","name":"Comment","target":["https:\/\/digital58.com.ve\/site\/2025\/05\/08\/psg-e-inter-disputan-final-inedita-de-champions-en-munich\/#respond"]}]},{"@type":"WebPage","@id":"https:\/\/digital58.com.ve\/site\/2025\/05\/08\/psg-e-inter-disputan-final-inedita-de-champions-en-munich\/","url":"https:\/\/digital58.com.ve\/site\/2025\/05\/08\/psg-e-inter-disputan-final-inedita-de-champions-en-munich\/","name":"PSG e Inter disputan final in\u00e9dita de Champions en M\u00fanich","isPartOf":{"@id":"https:\/\/digital58.com.ve\/site\/#website"},"primaryImageOfPage":{"@id":"https:\/\/digital58.com.ve\/site\/2025\/05\/08\/psg-e-inter-disputan-final-inedita-de-champions-en-munich\/#primaryimage"},"image":{"@id":"https:\/\/digital58.com.ve\/site\/2025\/05\/08\/psg-e-inter-disputan-final-inedita-de-champions-en-munich\/#primaryimage"},"thumbnailUrl":"https:\/\/digital58.com.ve\/site\/wp-content\/uploads\/2025\/05\/psg-inter-final-ucl-25.webp","datePublished":"2025-05-08T04:26:17+00:00","dateModified":"2025-05-08T04:27:14+00:00","description":"PSG e Inter jugar\u00e1n una final in\u00e9dita de Champions League el 31 de mayo en M\u00fanich. Duelo hist\u00f3rico por el t\u00edtulo europeo.","breadcrumb":{"@id":"https:\/\/digital58.com.ve\/site\/2025\/05\/08\/psg-e-inter-disputan-final-inedita-de-champions-en-munich\/#breadcrumb"},"inLanguage":"es","potentialAction":[{"@type":"ReadAction","target":["https:\/\/digital58.com.ve\/site\/2025\/05\/08\/psg-e-inter-disputan-final-inedita-de-champions-en-munich\/"]}]},{"@type":"ImageObject","inLanguage":"es","@id":"https:\/\/digital58.com.ve\/site\/2025\/05\/08\/psg-e-inter-disputan-final-inedita-de-champions-en-munich\/#primaryimage","url":"https:\/\/digital58.com.ve\/site\/wp-content\/uploads\/2025\/05\/psg-inter-final-ucl-25.webp","contentUrl":"https:\/\/digital58.com.ve\/site\/wp-content\/uploads\/2025\/05\/psg-inter-final-ucl-25.webp","width":1000,"height":667},{"@type":"BreadcrumbList","@id":"https:\/\/digital58.com.ve\/site\/2025\/05\/08\/psg-e-inter-disputan-final-inedita-de-champions-en-munich\/#breadcrumb","itemListElement":[{"@type":"ListItem","position":1,"name":"Home","item":"https:\/\/digital58.com.ve\/site\/"},{"@type":"ListItem","position":2,"name":"PSG e Inter disputan final in\u00e9dita de Champions en M\u00fanich"}]},{"@type":"WebSite","@id":"https:\/\/digital58.com.ve\/site\/#website","url":"https:\/\/digital58.com.ve\/site\/","name":"Noticias Digital58","description":"Portal de Noticias \u00a1Periodismo web de verdad! Lanzamiento web 22.11.2005 \/ Maracaibo, Venezuela","publisher":{"@id":"https:\/\/digital58.com.ve\/site\/#\/schema\/person\/64d1c2e4d0d4fd1b849980c4331c2951"},"alternateName":"ND58","potentialAction":[{"@type":"SearchAction","target":{"@type":"EntryPoint","urlTemplate":"https:\/\/digital58.com.ve\/site\/?s={search_term_string}"},"query-input":{"@type":"PropertyValueSpecification","valueRequired":true,"valueName":"search_term_string"}}],"inLanguage":"es"},{"@type":["Person","Organization"],"@id":"https:\/\/digital58.com.ve\/site\/#\/schema\/person\/64d1c2e4d0d4fd1b849980c4331c2951","name":"Villasmil Henry","image":{"@type":"ImageObject","inLanguage":"es","@id":"https:\/\/secure.gravatar.com\/avatar\/bb0c4a2fcb7970138239f7e404ea75757b1b507b28b5ce4c53fbd62d797c5a7c?s=96&d=mm&r=g","url":"https:\/\/secure.gravatar.com\/avatar\/bb0c4a2fcb7970138239f7e404ea75757b1b507b28b5ce4c53fbd62d797c5a7c?s=96&d=mm&r=g","contentUrl":"https:\/\/secure.gravatar.com\/avatar\/bb0c4a2fcb7970138239f7e404ea75757b1b507b28b5ce4c53fbd62d797c5a7c?s=96&d=mm&r=g","caption":"Villasmil Henry"},"logo":{"@id":"https:\/\/secure.gravatar.com\/avatar\/bb0c4a2fcb7970138239f7e404ea75757b1b507b28b5ce4c53fbd62d797c5a7c?s=96&d=mm&r=g"},"sameAs":["http:\/\/www.henryvillasmil.com.ve","https:\/\/www.instagram.com\/villasmilhfoto\/","https:\/\/x.com\/https:\/\/twitter.com\/villasmilhfoto"],"url":"https:\/\/digital58.com.ve\/site\/author\/droopy_68\/"}]}},"uagb_featured_image_src":{"full":["https:\/\/digital58.com.ve\/site\/wp-content\/uploads\/2025\/05\/psg-inter-final-ucl-25.webp",1000,667,false],"thumbnail":["https:\/\/digital58.com.ve\/site\/wp-content\/uploads\/2025\/05\/psg-inter-final-ucl-25-150x150.webp",150,150,true],"medium":["https:\/\/digital58.com.ve\/site\/wp-content\/uploads\/2025\/05\/psg-inter-final-ucl-25-300x200.webp",300,200,true],"medium_large":["https:\/\/digital58.com.ve\/site\/wp-content\/uploads\/2025\/05\/psg-inter-final-ucl-25-768x512.webp",768,512,true],"large":["https:\/\/digital58.com.ve\/site\/wp-content\/uploads\/2025\/05\/psg-inter-final-ucl-25.webp",800,534,false],"1536x1536":["https:\/\/digital58.com.ve\/site\/wp-content\/uploads\/2025\/05\/psg-inter-final-ucl-25.webp",1000,667,false],"2048x2048":["https:\/\/digital58.com.ve\/site\/wp-content\/uploads\/2025\/05\/psg-inter-final-ucl-25.webp",1000,667,false],"colormag-highlighted-post":["https:\/\/digital58.com.ve\/site\/wp-content\/uploads\/2025\/05\/psg-inter-final-ucl-25-392x272.webp",392,272,true],"colormag-featured-post-medium":["https:\/\/digital58.com.ve\/site\/wp-content\/uploads\/2025\/05\/psg-inter-final-ucl-25-390x205.webp",390,205,true],"colormag-featured-post-small":["https:\/\/digital58.com.ve\/site\/wp-content\/uploads\/2025\/05\/psg-inter-final-ucl-25-130x90.webp",130,90,true],"colormag-featured-image":["https:\/\/digital58.com.ve\/site\/wp-content\/uploads\/2025\/05\/psg-inter-final-ucl-25-800x445.webp",800,445,true],"colormag-default-news":["https:\/\/digital58.com.ve\/site\/wp-content\/uploads\/2025\/05\/psg-inter-final-ucl-25-150x150.webp",150,150,true],"colormag-featured-image-large":["https:\/\/digital58.com.ve\/site\/wp-content\/uploads\/2025\/05\/psg-inter-final-ucl-25-1000x600.webp",1000,600,true]},"uagb_author_info":{"display_name":"Villasmil Henry","author_link":"https:\/\/digital58.com.ve\/site\/author\/droopy_68\/"},"uagb_comment_info":0,"uagb_excerpt":"El conjunto franc\u00e9s y el equipo italiano se medir\u00e1n el 31 de mayo por el t\u00edtulo de la Liga de","_links":{"self":[{"href":"https:\/\/digital58.com.ve\/site\/wp-json\/wp\/v2\/posts\/187107","targetHints":{"allow":["GET"]}}],"collection":[{"href":"https:\/\/digital58.com.ve\/site\/wp-json\/wp\/v2\/posts"}],"about":[{"href":"https:\/\/digital58.com.ve\/site\/wp-json\/wp\/v2\/types\/post"}],"author":[{"embeddable":true,"href":"https:\/\/digital58.com.ve\/site\/wp-json\/wp\/v2\/users\/1"}],"replies":[{"embeddable":true,"href":"https:\/\/digital58.com.ve\/site\/wp-json\/wp\/v2\/comments?post=187107"}],"version-history":[{"count":1,"href":"https:\/\/digital58.com.ve\/site\/wp-json\/wp\/v2\/posts\/187107\/revisions"}],"predecessor-version":[{"id":187109,"href":"https:\/\/digital58.com.ve\/site\/wp-json\/wp\/v2\/posts\/187107\/revisions\/187109"}],"wp:featuredmedia":[{"embeddable":true,"href":"https:\/\/digital58.com.ve\/site\/wp-json\/wp\/v2\/media\/187108"}],"wp:attachment":[{"href":"https:\/\/digital58.com.ve\/site\/wp-json\/wp\/v2\/media?parent=187107"}],"wp:term":[{"taxonomy":"category","embeddable":true,"href":"https:\/\/digital58.com.ve\/site\/wp-json\/wp\/v2\/categories?post=187107"},{"taxonomy":"post_tag","embeddable":true,"href":"https:\/\/digital58.com.ve\/site\/wp-json\/wp\/v2\/tags?post=187107"}],"curies":[{"name":"wp","href":"https:\/\/api.w.org\/{rel}","templated":true}]}}