{"id":187120,"date":"2025-05-08T13:07:49","date_gmt":"2025-05-08T17:07:49","guid":{"rendered":"https:\/\/digital58.com.ve\/site\/?p=187120"},"modified":"2025-05-08T15:12:40","modified_gmt":"2025-05-08T19:12:40","slug":"fumata-blanca-en-el-vaticano-la-iglesia-catolica-ya-tiene-nuevo-papa","status":"publish","type":"post","link":"https:\/\/digital58.com.ve\/site\/2025\/05\/08\/fumata-blanca-en-el-vaticano-la-iglesia-catolica-ya-tiene-nuevo-papa\/","title":{"rendered":"Fumata blanca en el Vaticano: la Iglesia cat\u00f3lica ya tiene nuevo Papa"},"content":{"rendered":"<p><a class=\"keychainify-checked\" href=\"https:\/\/digital58.com.ve\/site\/wp-content\/uploads\/2025\/05\/humo-blanco-nuevo-papa-25-1.webp\"><img loading=\"lazy\" decoding=\"async\" class=\"aligncenter wp-image-187121 size-full\" src=\"https:\/\/digital58.com.ve\/site\/wp-content\/uploads\/2025\/05\/humo-blanco-nuevo-papa-25-1.webp\" alt=\"Este jueves, en el segundo d\u00eda del c\u00f3nclave, los 133 cardenales reunidos en la Capilla Sixtina eligieron al nuevo papa, marcando el inicio de una nueva etapa para la Iglesia cat\u00f3lica tras el fallecimiento de Francisco.\" width=\"1000\" height=\"667\" srcset=\"https:\/\/digital58.com.ve\/site\/wp-content\/uploads\/2025\/05\/humo-blanco-nuevo-papa-25-1.webp 1000w, https:\/\/digital58.com.ve\/site\/wp-content\/uploads\/2025\/05\/humo-blanco-nuevo-papa-25-1-300x200.webp 300w, https:\/\/digital58.com.ve\/site\/wp-content\/uploads\/2025\/05\/humo-blanco-nuevo-papa-25-1-768x512.webp 768w\" sizes=\"auto, (max-width: 1000px) 100vw, 1000px\" \/><\/a><\/p>\n<blockquote><p>En el segundo d\u00eda del c\u00f3nclave, los cardenales lograron consenso y eligieron al sucesor de Francisco, cuyo nombre ser\u00e1 anunciado en breve.<\/p><\/blockquote>\n<p><strong>Vaticano, 08 de mayo de 2025 (ND58).-<\/strong> Este jueves, en el segundo d\u00eda del c\u00f3nclave, los 133 cardenales reunidos en la Capilla Sixtina eligieron al nuevo papa, marcando el inicio de una nueva etapa para la Iglesia cat\u00f3lica tras el fallecimiento de Francisco.<\/p>\n<h2>Elecci\u00f3n r\u00e1pida y consenso entre cardenales<\/h2>\n<p>La Iglesia cat\u00f3lica tiene nuevo l\u00edder espiritual. Este jueves 8 de mayo, a las 18:08 (hora local), el caracter\u00edstico humo blanco emergi\u00f3 de la chimenea de la Capilla Sixtina en el Vaticano, confirmando que los cardenales alcanzaron los dos tercios necesarios \u2014al menos 89 votos\u2014 para designar al nuevo sumo pont\u00edfice.<\/p>\n<p>A diferencia de procesos anteriores, como los de Benedicto XVI en 2005 o Francisco en 2013, esta elecci\u00f3n fue resuelta con celeridad, en apenas dos d\u00edas y tras cuatro rondas de votaci\u00f3n.<\/p>\n<h2>La fumata blanca desat\u00f3 el j\u00fabilo en San Pedro<\/h2>\n<p>Miles de fieles y curiosos congregados en la Plaza de San Pedro celebraron con aplausos, gritos y ondear de banderas la fumata blanca que emergi\u00f3 desde la Capilla Sixtina. Minutos despu\u00e9s, las campanas de la bas\u00edlica retumbaron anunciando que el nuevo pont\u00edfice hab\u00eda sido elegido.<\/p>\n<p>Aunque la plaza no estaba completamente llena, el fervor y la emoci\u00f3n colectiva no se hicieron esperar, tal como ocurre en cada transici\u00f3n papal.<\/p>\n<h2>El anuncio oficial, a cargo del cardenal protodi\u00e1cono<\/h2>\n<p>Seg\u00fan la tradici\u00f3n, ser\u00e1 el cardenal protodi\u00e1cono, Dominique Mamberti, quien se asomar\u00e1 al balc\u00f3n principal de la bas\u00edlica vaticana para pronunciar la ic\u00f3nica frase en lat\u00edn: \u00ab<strong>Nuntio vobis gaudium magnum: Habemus Papam\u00bb<\/strong>.<\/p>\n<p>Acto seguido, revelar\u00e1 el nombre de pila del cardenal elegido y el nombre pontificio con el que ser\u00e1 conocido a partir de hoy.<\/p>\n<p>El nuevo papa, ya investido, saludar\u00e1 desde el mismo balc\u00f3n y dar\u00e1 su primera bendici\u00f3n <strong>\u00aburbi et orbi\u00bb<\/strong> a los fieles presentes y a los millones que lo observan desde distintos rincones del mundo.<\/p>\n<p><a class=\"keychainify-checked\" href=\"https:\/\/digital58.com.ve\/site\/wp-content\/uploads\/2025\/05\/humo-blanco-nuevo-papa-25-2.webp\"><img loading=\"lazy\" decoding=\"async\" class=\"aligncenter size-full wp-image-187122\" src=\"https:\/\/digital58.com.ve\/site\/wp-content\/uploads\/2025\/05\/humo-blanco-nuevo-papa-25-2.webp\" alt=\"\" width=\"1000\" height=\"667\" srcset=\"https:\/\/digital58.com.ve\/site\/wp-content\/uploads\/2025\/05\/humo-blanco-nuevo-papa-25-2.webp 1000w, https:\/\/digital58.com.ve\/site\/wp-content\/uploads\/2025\/05\/humo-blanco-nuevo-papa-25-2-300x200.webp 300w, https:\/\/digital58.com.ve\/site\/wp-content\/uploads\/2025\/05\/humo-blanco-nuevo-papa-25-2-768x512.webp 768w\" sizes=\"auto, (max-width: 1000px) 100vw, 1000px\" \/><\/a><\/p>\n<h2>La emotiva Sala de las L\u00e1grimas<\/h2>\n<p>Antes de su aparici\u00f3n p\u00fablica, el nuevo pont\u00edfice fue conducido a la llamada <strong>\u00abSala de las L\u00e1grimas\u00bb<\/strong>, espacio \u00edntimo donde pudo prepararse con la vestimenta papal.<\/p>\n<p>Este recinto, cargado de simbolismo, ofrece al nuevo papa un instante de recogimiento espiritual antes de asumir su rol como l\u00edder m\u00e1ximo de la Iglesia.<\/p>\n<p>All\u00ed se le ofrece una selecci\u00f3n de sotanas blancas, sobrepelliz, estola, zapatos, cruz pectoral y dem\u00e1s ornamentos lit\u00fargicos. Tras vestirse, el papa recibe el saludo y la obediencia de los cardenales electores.<\/p>\n<blockquote class=\"instagram-media\" style=\"background: #FFF; border: 0; border-radius: 3px; box-shadow: 0 0 1px 0 rgba(0,0,0,0.5),0 1px 10px 0 rgba(0,0,0,0.15); margin: 1px; max-width: 540px; min-width: 326px; padding: 0; width: calc(100% - 2px);\" data-instgrm-permalink=\"https:\/\/www.instagram.com\/reel\/DJZlAs3uLgN\/?utm_source=ig_embed&amp;utm_campaign=loading\" data-instgrm-version=\"14\">\n<div style=\"padding: 16px;\">\n<p>&nbsp;<\/p>\n<div style=\"display: flex; flex-direction: row; align-items: center;\">\n<div style=\"background-color: #f4f4f4; border-radius: 50%; flex-grow: 0; height: 40px; margin-right: 14px; width: 40px;\"><\/div>\n<div style=\"display: flex; flex-direction: column; flex-grow: 1; justify-content: center;\">\n<div style=\"background-color: #f4f4f4; border-radius: 4px; flex-grow: 0; height: 14px; margin-bottom: 6px; width: 100px;\"><\/div>\n<div style=\"background-color: #f4f4f4; border-radius: 4px; flex-grow: 0; height: 14px; width: 60px;\"><\/div>\n<\/div>\n<\/div>\n<div style=\"padding: 19% 0;\"><\/div>\n<div style=\"display: block; height: 50px; margin: 0 auto 12px; width: 50px;\"><\/div>\n<div style=\"padding-top: 8px;\">\n<div style=\"color: #3897f0; font-family: Arial,sans-serif; font-size: 14px; font-style: normal; font-weight: 550; line-height: 18px;\">Ver esta publicaci\u00f3n en Instagram<\/div>\n<\/div>\n<div style=\"padding: 12.5% 0;\"><\/div>\n<div style=\"display: flex; flex-direction: row; margin-bottom: 14px; align-items: center;\">\n<div>\n<div style=\"background-color: #f4f4f4; border-radius: 50%; height: 12.5px; width: 12.5px; transform: translateX(0px) translateY(7px);\"><\/div>\n<div style=\"background-color: #f4f4f4; height: 12.5px; transform: rotate(-45deg) translateX(3px) translateY(1px); width: 12.5px; flex-grow: 0; margin-right: 14px; margin-left: 2px;\"><\/div>\n<div style=\"background-color: #f4f4f4; border-radius: 50%; height: 12.5px; width: 12.5px; transform: translateX(9px) translateY(-18px);\"><\/div>\n<\/div>\n<div style=\"margin-left: 8px;\">\n<div style=\"background-color: #f4f4f4; border-radius: 50%; flex-grow: 0; height: 20px; width: 20px;\"><\/div>\n<div style=\"width: 0; height: 0; border-top: 2px solid transparent; border-left: 6px solid #f4f4f4; border-bottom: 2px solid transparent; transform: translateX(16px) translateY(-4px) rotate(30deg);\"><\/div>\n<\/div>\n<div style=\"margin-left: auto;\">\n<div style=\"width: 0px; border-top: 8px solid #F4F4F4; border-right: 8px solid transparent; transform: translateY(16px);\"><\/div>\n<div style=\"background-color: #f4f4f4; flex-grow: 0; height: 12px; width: 16px; transform: translateY(-4px);\"><\/div>\n<div style=\"width: 0; height: 0; border-top: 8px solid #F4F4F4; border-left: 8px solid transparent; transform: translateY(-4px) translateX(8px);\"><\/div>\n<\/div>\n<\/div>\n<div style=\"display: flex; flex-direction: column; flex-grow: 1; justify-content: center; margin-bottom: 24px;\">\n<div style=\"background-color: #f4f4f4; border-radius: 4px; flex-grow: 0; height: 14px; margin-bottom: 6px; width: 224px;\"><\/div>\n<div style=\"background-color: #f4f4f4; border-radius: 4px; flex-grow: 0; height: 14px; width: 144px;\"><\/div>\n<\/div>\n<p>&nbsp;<\/p>\n<p style=\"color: #c9c8cd; font-family: Arial,sans-serif; font-size: 14px; line-height: 17px; margin-bottom: 0; margin-top: 8px; overflow: hidden; padding: 8px 0 7px; text-align: center; text-overflow: ellipsis; white-space: nowrap;\"><a class=\"keychainify-checked\" style=\"color: #c9c8cd; font-family: Arial,sans-serif; font-size: 14px; font-style: normal; font-weight: normal; line-height: 17px; text-decoration: none;\" href=\"https:\/\/www.instagram.com\/reel\/DJZlAs3uLgN\/?utm_source=ig_embed&amp;utm_campaign=loading\" target=\"_blank\" rel=\"noopener\">Una publicaci\u00f3n compartida por Noticias Digital58 \ud83c\uddfb\ud83c\uddea (@digital_58)<\/a><\/p>\n<\/div>\n<\/blockquote>\n<p><script async src=\"\/\/www.instagram.com\/embed.js\"><\/script><\/p>\n<p><strong>Sala de redacci\u00f3n ND58 | Fuente: EFE<\/strong><br \/>\n<strong>Edici\u00f3n: Villasmil, Henry<\/strong><br \/>\n<strong>Gr\u00e1ficas: EFE<\/strong><\/p>\n<p>&nbsp;<\/p>\n<p>&nbsp;<\/p><div class=\"uzajn69f2d74bdd3eb\" ><p style=\"text-align: center;\"><a href=\"https:\/\/t.me\/noticiasdigital58\" target=\"_blank\" rel=\"noopener\"><img class=\"aligncenter size-full wp-image-125363\" src=\"https:\/\/digital58.com.ve\/site\/wp-content\/uploads\/2021\/04\/banner-telegram-web-2021.png\" alt=\"\" width=\"600\" height=\"90\" \/><\/a><\/p><\/div><style type=\"text\/css\">\r\n@media screen and (min-width: 1201px) {\r\n.uzajn69f2d74bdd3eb {\r\ndisplay: block;\r\n}\r\n}\r\n@media screen and (min-width: 993px) and (max-width: 1200px) {\r\n.uzajn69f2d74bdd3eb {\r\ndisplay: block;\r\n}\r\n}\r\n@media screen and (min-width: 769px) and (max-width: 992px) {\r\n.uzajn69f2d74bdd3eb {\r\ndisplay: block;\r\n}\r\n}\r\n@media screen and (min-width: 768px) and (max-width: 768px) {\r\n.uzajn69f2d74bdd3eb {\r\ndisplay: block;\r\n}\r\n}\r\n@media screen and (max-width: 767px) {\r\n.uzajn69f2d74bdd3eb {\r\ndisplay: block;\r\n}\r\n}\r\n<\/style>\r\n\n<p>&nbsp;<\/p>\n<div style=\"margin-top: 0px; margin-bottom: 0px;\" class=\"sharethis-inline-share-buttons\" ><\/div>","protected":false},"excerpt":{"rendered":"<p>En el segundo d\u00eda del c\u00f3nclave, los cardenales lograron consenso y eligieron al sucesor de Francisco, cuyo nombre ser\u00e1 anunciado<\/p>\n","protected":false},"author":1,"featured_media":187121,"comment_status":"open","ping_status":"closed","sticky":false,"template":"","format":"standard","meta":{"colormag_page_container_layout":"default_layout","colormag_page_sidebar_layout":"default_layout","_uag_custom_page_level_css":"","footnotes":""},"categories":[16451],"tags":[34940,34439,34939,1692,8,399,7086,400],"class_list":["post-187120","post","type-post","status-publish","format-standard","has-post-thumbnail","hentry","category-mundo","tag-capilla-sixtina","tag-conclave","tag-humo-blanco","tag-iglesia-catolica","tag-internacionales","tag-papa","tag-roma","tag-vaticano"],"yoast_head":"<!-- This site is optimized with the Yoast SEO plugin v27.5 - https:\/\/yoast.com\/product\/yoast-seo-wordpress\/ -->\n<title>Fumata blanca en el Vaticano: la Iglesia cat\u00f3lica ya tiene nuevo papa<\/title>\n<meta name=\"description\" content=\"La Iglesia cat\u00f3lica eligi\u00f3 un nuevo papa en el segundo d\u00eda del c\u00f3nclave. La fumata blanca y el repique de campanas confirmaron la noticia desde el Vaticano.\" \/>\n<meta name=\"robots\" content=\"index, follow, max-snippet:-1, max-image-preview:large, max-video-preview:-1\" \/>\n<link rel=\"canonical\" href=\"https:\/\/digital58.com.ve\/site\/2025\/05\/08\/fumata-blanca-en-el-vaticano-la-iglesia-catolica-ya-tiene-nuevo-papa\/\" \/>\n<meta property=\"og:locale\" content=\"es_ES\" \/>\n<meta property=\"og:type\" content=\"article\" \/>\n<meta property=\"og:title\" content=\"Fumata blanca en el Vaticano: la Iglesia cat\u00f3lica ya tiene nuevo papa\" \/>\n<meta property=\"og:description\" content=\"La Iglesia cat\u00f3lica eligi\u00f3 un nuevo papa en el segundo d\u00eda del c\u00f3nclave. La fumata blanca y el repique de campanas confirmaron la noticia desde el Vaticano.\" \/>\n<meta property=\"og:url\" content=\"https:\/\/digital58.com.ve\/site\/2025\/05\/08\/fumata-blanca-en-el-vaticano-la-iglesia-catolica-ya-tiene-nuevo-papa\/\" \/>\n<meta property=\"og:site_name\" content=\"Noticias Digital58\" \/>\n<meta property=\"article:published_time\" content=\"2025-05-08T17:07:49+00:00\" \/>\n<meta property=\"article:modified_time\" content=\"2025-05-08T19:12:40+00:00\" \/>\n<meta property=\"og:image\" content=\"https:\/\/digital58.com.ve\/site\/wp-content\/uploads\/2025\/05\/humo-blanco-nuevo-papa-25-1.webp\" \/>\n\t<meta property=\"og:image:width\" content=\"1000\" \/>\n\t<meta property=\"og:image:height\" content=\"667\" \/>\n\t<meta property=\"og:image:type\" content=\"image\/webp\" \/>\n<meta name=\"author\" content=\"Villasmil Henry\" \/>\n<meta name=\"twitter:card\" content=\"summary_large_image\" \/>\n<meta name=\"twitter:creator\" content=\"@https:\/\/twitter.com\/villasmilhfoto\" \/>\n<meta name=\"twitter:site\" content=\"@villasmilhfoto\" \/>\n<meta name=\"twitter:label1\" content=\"Escrito por\" \/>\n\t<meta name=\"twitter:data1\" content=\"Villasmil Henry\" \/>\n\t<meta name=\"twitter:label2\" content=\"Tiempo estimado de lectura\" \/>\n\t<meta name=\"twitter:data2\" content=\"3 minutos\" \/>\n<script type=\"application\/ld+json\" class=\"yoast-schema-graph\">{\"@context\":\"https:\\\/\\\/schema.org\",\"@graph\":[{\"@type\":\"Article\",\"@id\":\"https:\\\/\\\/digital58.com.ve\\\/site\\\/2025\\\/05\\\/08\\\/fumata-blanca-en-el-vaticano-la-iglesia-catolica-ya-tiene-nuevo-papa\\\/#article\",\"isPartOf\":{\"@id\":\"https:\\\/\\\/digital58.com.ve\\\/site\\\/2025\\\/05\\\/08\\\/fumata-blanca-en-el-vaticano-la-iglesia-catolica-ya-tiene-nuevo-papa\\\/\"},\"author\":{\"name\":\"Villasmil Henry\",\"@id\":\"https:\\\/\\\/digital58.com.ve\\\/site\\\/#\\\/schema\\\/person\\\/64d1c2e4d0d4fd1b849980c4331c2951\"},\"headline\":\"Fumata blanca en el Vaticano: la Iglesia cat\u00f3lica ya tiene nuevo Papa\",\"datePublished\":\"2025-05-08T17:07:49+00:00\",\"dateModified\":\"2025-05-08T19:12:40+00:00\",\"mainEntityOfPage\":{\"@id\":\"https:\\\/\\\/digital58.com.ve\\\/site\\\/2025\\\/05\\\/08\\\/fumata-blanca-en-el-vaticano-la-iglesia-catolica-ya-tiene-nuevo-papa\\\/\"},\"wordCount\":498,\"commentCount\":0,\"publisher\":{\"@id\":\"https:\\\/\\\/digital58.com.ve\\\/site\\\/#\\\/schema\\\/person\\\/64d1c2e4d0d4fd1b849980c4331c2951\"},\"image\":{\"@id\":\"https:\\\/\\\/digital58.com.ve\\\/site\\\/2025\\\/05\\\/08\\\/fumata-blanca-en-el-vaticano-la-iglesia-catolica-ya-tiene-nuevo-papa\\\/#primaryimage\"},\"thumbnailUrl\":\"https:\\\/\\\/digital58.com.ve\\\/site\\\/wp-content\\\/uploads\\\/2025\\\/05\\\/humo-blanco-nuevo-papa-25-1.webp\",\"keywords\":[\"Capilla Sixtina\",\"C\u00f3nclave\",\"Humo Blanco\",\"Iglesia Cat\u00f3lica\",\"Internacionales\",\"Papa\",\"ROma\",\"Vaticano\"],\"articleSection\":[\"Mundo\"],\"inLanguage\":\"es\",\"potentialAction\":[{\"@type\":\"CommentAction\",\"name\":\"Comment\",\"target\":[\"https:\\\/\\\/digital58.com.ve\\\/site\\\/2025\\\/05\\\/08\\\/fumata-blanca-en-el-vaticano-la-iglesia-catolica-ya-tiene-nuevo-papa\\\/#respond\"]}]},{\"@type\":\"WebPage\",\"@id\":\"https:\\\/\\\/digital58.com.ve\\\/site\\\/2025\\\/05\\\/08\\\/fumata-blanca-en-el-vaticano-la-iglesia-catolica-ya-tiene-nuevo-papa\\\/\",\"url\":\"https:\\\/\\\/digital58.com.ve\\\/site\\\/2025\\\/05\\\/08\\\/fumata-blanca-en-el-vaticano-la-iglesia-catolica-ya-tiene-nuevo-papa\\\/\",\"name\":\"Fumata blanca en el Vaticano: la Iglesia cat\u00f3lica ya tiene nuevo papa\",\"isPartOf\":{\"@id\":\"https:\\\/\\\/digital58.com.ve\\\/site\\\/#website\"},\"primaryImageOfPage\":{\"@id\":\"https:\\\/\\\/digital58.com.ve\\\/site\\\/2025\\\/05\\\/08\\\/fumata-blanca-en-el-vaticano-la-iglesia-catolica-ya-tiene-nuevo-papa\\\/#primaryimage\"},\"image\":{\"@id\":\"https:\\\/\\\/digital58.com.ve\\\/site\\\/2025\\\/05\\\/08\\\/fumata-blanca-en-el-vaticano-la-iglesia-catolica-ya-tiene-nuevo-papa\\\/#primaryimage\"},\"thumbnailUrl\":\"https:\\\/\\\/digital58.com.ve\\\/site\\\/wp-content\\\/uploads\\\/2025\\\/05\\\/humo-blanco-nuevo-papa-25-1.webp\",\"datePublished\":\"2025-05-08T17:07:49+00:00\",\"dateModified\":\"2025-05-08T19:12:40+00:00\",\"description\":\"La Iglesia cat\u00f3lica eligi\u00f3 un nuevo papa en el segundo d\u00eda del c\u00f3nclave. La fumata blanca y el repique de campanas confirmaron la noticia desde el Vaticano.\",\"breadcrumb\":{\"@id\":\"https:\\\/\\\/digital58.com.ve\\\/site\\\/2025\\\/05\\\/08\\\/fumata-blanca-en-el-vaticano-la-iglesia-catolica-ya-tiene-nuevo-papa\\\/#breadcrumb\"},\"inLanguage\":\"es\",\"potentialAction\":[{\"@type\":\"ReadAction\",\"target\":[\"https:\\\/\\\/digital58.com.ve\\\/site\\\/2025\\\/05\\\/08\\\/fumata-blanca-en-el-vaticano-la-iglesia-catolica-ya-tiene-nuevo-papa\\\/\"]}]},{\"@type\":\"ImageObject\",\"inLanguage\":\"es\",\"@id\":\"https:\\\/\\\/digital58.com.ve\\\/site\\\/2025\\\/05\\\/08\\\/fumata-blanca-en-el-vaticano-la-iglesia-catolica-ya-tiene-nuevo-papa\\\/#primaryimage\",\"url\":\"https:\\\/\\\/digital58.com.ve\\\/site\\\/wp-content\\\/uploads\\\/2025\\\/05\\\/humo-blanco-nuevo-papa-25-1.webp\",\"contentUrl\":\"https:\\\/\\\/digital58.com.ve\\\/site\\\/wp-content\\\/uploads\\\/2025\\\/05\\\/humo-blanco-nuevo-papa-25-1.webp\",\"width\":1000,\"height\":667},{\"@type\":\"BreadcrumbList\",\"@id\":\"https:\\\/\\\/digital58.com.ve\\\/site\\\/2025\\\/05\\\/08\\\/fumata-blanca-en-el-vaticano-la-iglesia-catolica-ya-tiene-nuevo-papa\\\/#breadcrumb\",\"itemListElement\":[{\"@type\":\"ListItem\",\"position\":1,\"name\":\"Home\",\"item\":\"https:\\\/\\\/digital58.com.ve\\\/site\\\/\"},{\"@type\":\"ListItem\",\"position\":2,\"name\":\"Fumata blanca en el Vaticano: la Iglesia cat\u00f3lica ya tiene nuevo Papa\"}]},{\"@type\":\"WebSite\",\"@id\":\"https:\\\/\\\/digital58.com.ve\\\/site\\\/#website\",\"url\":\"https:\\\/\\\/digital58.com.ve\\\/site\\\/\",\"name\":\"Noticias Digital58\",\"description\":\"Portal de Noticias \u00a1Periodismo web de verdad! Lanzamiento web 22.11.2005 \\\/ Maracaibo, Venezuela\",\"publisher\":{\"@id\":\"https:\\\/\\\/digital58.com.ve\\\/site\\\/#\\\/schema\\\/person\\\/64d1c2e4d0d4fd1b849980c4331c2951\"},\"alternateName\":\"ND58\",\"potentialAction\":[{\"@type\":\"SearchAction\",\"target\":{\"@type\":\"EntryPoint\",\"urlTemplate\":\"https:\\\/\\\/digital58.com.ve\\\/site\\\/?s={search_term_string}\"},\"query-input\":{\"@type\":\"PropertyValueSpecification\",\"valueRequired\":true,\"valueName\":\"search_term_string\"}}],\"inLanguage\":\"es\"},{\"@type\":[\"Person\",\"Organization\"],\"@id\":\"https:\\\/\\\/digital58.com.ve\\\/site\\\/#\\\/schema\\\/person\\\/64d1c2e4d0d4fd1b849980c4331c2951\",\"name\":\"Villasmil Henry\",\"image\":{\"@type\":\"ImageObject\",\"inLanguage\":\"es\",\"@id\":\"https:\\\/\\\/secure.gravatar.com\\\/avatar\\\/bb0c4a2fcb7970138239f7e404ea75757b1b507b28b5ce4c53fbd62d797c5a7c?s=96&d=mm&r=g\",\"url\":\"https:\\\/\\\/secure.gravatar.com\\\/avatar\\\/bb0c4a2fcb7970138239f7e404ea75757b1b507b28b5ce4c53fbd62d797c5a7c?s=96&d=mm&r=g\",\"contentUrl\":\"https:\\\/\\\/secure.gravatar.com\\\/avatar\\\/bb0c4a2fcb7970138239f7e404ea75757b1b507b28b5ce4c53fbd62d797c5a7c?s=96&d=mm&r=g\",\"caption\":\"Villasmil Henry\"},\"logo\":{\"@id\":\"https:\\\/\\\/secure.gravatar.com\\\/avatar\\\/bb0c4a2fcb7970138239f7e404ea75757b1b507b28b5ce4c53fbd62d797c5a7c?s=96&d=mm&r=g\"},\"sameAs\":[\"http:\\\/\\\/www.henryvillasmil.com.ve\",\"https:\\\/\\\/www.instagram.com\\\/villasmilhfoto\\\/\",\"https:\\\/\\\/x.com\\\/https:\\\/\\\/twitter.com\\\/villasmilhfoto\"],\"url\":\"https:\\\/\\\/digital58.com.ve\\\/site\\\/author\\\/droopy_68\\\/\"}]}<\/script>\n<!-- \/ Yoast SEO plugin. -->","yoast_head_json":{"title":"Fumata blanca en el Vaticano: la Iglesia cat\u00f3lica ya tiene nuevo papa","description":"La Iglesia cat\u00f3lica eligi\u00f3 un nuevo papa en el segundo d\u00eda del c\u00f3nclave. La fumata blanca y el repique de campanas confirmaron la noticia desde el Vaticano.","robots":{"index":"index","follow":"follow","max-snippet":"max-snippet:-1","max-image-preview":"max-image-preview:large","max-video-preview":"max-video-preview:-1"},"canonical":"https:\/\/digital58.com.ve\/site\/2025\/05\/08\/fumata-blanca-en-el-vaticano-la-iglesia-catolica-ya-tiene-nuevo-papa\/","og_locale":"es_ES","og_type":"article","og_title":"Fumata blanca en el Vaticano: la Iglesia cat\u00f3lica ya tiene nuevo papa","og_description":"La Iglesia cat\u00f3lica eligi\u00f3 un nuevo papa en el segundo d\u00eda del c\u00f3nclave. La fumata blanca y el repique de campanas confirmaron la noticia desde el Vaticano.","og_url":"https:\/\/digital58.com.ve\/site\/2025\/05\/08\/fumata-blanca-en-el-vaticano-la-iglesia-catolica-ya-tiene-nuevo-papa\/","og_site_name":"Noticias Digital58","article_published_time":"2025-05-08T17:07:49+00:00","article_modified_time":"2025-05-08T19:12:40+00:00","og_image":[{"width":1000,"height":667,"url":"https:\/\/digital58.com.ve\/site\/wp-content\/uploads\/2025\/05\/humo-blanco-nuevo-papa-25-1.webp","type":"image\/webp"}],"author":"Villasmil Henry","twitter_card":"summary_large_image","twitter_creator":"@https:\/\/twitter.com\/villasmilhfoto","twitter_site":"@villasmilhfoto","twitter_misc":{"Escrito por":"Villasmil Henry","Tiempo estimado de lectura":"3 minutos"},"schema":{"@context":"https:\/\/schema.org","@graph":[{"@type":"Article","@id":"https:\/\/digital58.com.ve\/site\/2025\/05\/08\/fumata-blanca-en-el-vaticano-la-iglesia-catolica-ya-tiene-nuevo-papa\/#article","isPartOf":{"@id":"https:\/\/digital58.com.ve\/site\/2025\/05\/08\/fumata-blanca-en-el-vaticano-la-iglesia-catolica-ya-tiene-nuevo-papa\/"},"author":{"name":"Villasmil Henry","@id":"https:\/\/digital58.com.ve\/site\/#\/schema\/person\/64d1c2e4d0d4fd1b849980c4331c2951"},"headline":"Fumata blanca en el Vaticano: la Iglesia cat\u00f3lica ya tiene nuevo Papa","datePublished":"2025-05-08T17:07:49+00:00","dateModified":"2025-05-08T19:12:40+00:00","mainEntityOfPage":{"@id":"https:\/\/digital58.com.ve\/site\/2025\/05\/08\/fumata-blanca-en-el-vaticano-la-iglesia-catolica-ya-tiene-nuevo-papa\/"},"wordCount":498,"commentCount":0,"publisher":{"@id":"https:\/\/digital58.com.ve\/site\/#\/schema\/person\/64d1c2e4d0d4fd1b849980c4331c2951"},"image":{"@id":"https:\/\/digital58.com.ve\/site\/2025\/05\/08\/fumata-blanca-en-el-vaticano-la-iglesia-catolica-ya-tiene-nuevo-papa\/#primaryimage"},"thumbnailUrl":"https:\/\/digital58.com.ve\/site\/wp-content\/uploads\/2025\/05\/humo-blanco-nuevo-papa-25-1.webp","keywords":["Capilla Sixtina","C\u00f3nclave","Humo Blanco","Iglesia Cat\u00f3lica","Internacionales","Papa","ROma","Vaticano"],"articleSection":["Mundo"],"inLanguage":"es","potentialAction":[{"@type":"CommentAction","name":"Comment","target":["https:\/\/digital58.com.ve\/site\/2025\/05\/08\/fumata-blanca-en-el-vaticano-la-iglesia-catolica-ya-tiene-nuevo-papa\/#respond"]}]},{"@type":"WebPage","@id":"https:\/\/digital58.com.ve\/site\/2025\/05\/08\/fumata-blanca-en-el-vaticano-la-iglesia-catolica-ya-tiene-nuevo-papa\/","url":"https:\/\/digital58.com.ve\/site\/2025\/05\/08\/fumata-blanca-en-el-vaticano-la-iglesia-catolica-ya-tiene-nuevo-papa\/","name":"Fumata blanca en el Vaticano: la Iglesia cat\u00f3lica ya tiene nuevo papa","isPartOf":{"@id":"https:\/\/digital58.com.ve\/site\/#website"},"primaryImageOfPage":{"@id":"https:\/\/digital58.com.ve\/site\/2025\/05\/08\/fumata-blanca-en-el-vaticano-la-iglesia-catolica-ya-tiene-nuevo-papa\/#primaryimage"},"image":{"@id":"https:\/\/digital58.com.ve\/site\/2025\/05\/08\/fumata-blanca-en-el-vaticano-la-iglesia-catolica-ya-tiene-nuevo-papa\/#primaryimage"},"thumbnailUrl":"https:\/\/digital58.com.ve\/site\/wp-content\/uploads\/2025\/05\/humo-blanco-nuevo-papa-25-1.webp","datePublished":"2025-05-08T17:07:49+00:00","dateModified":"2025-05-08T19:12:40+00:00","description":"La Iglesia cat\u00f3lica eligi\u00f3 un nuevo papa en el segundo d\u00eda del c\u00f3nclave. La fumata blanca y el repique de campanas confirmaron la noticia desde el Vaticano.","breadcrumb":{"@id":"https:\/\/digital58.com.ve\/site\/2025\/05\/08\/fumata-blanca-en-el-vaticano-la-iglesia-catolica-ya-tiene-nuevo-papa\/#breadcrumb"},"inLanguage":"es","potentialAction":[{"@type":"ReadAction","target":["https:\/\/digital58.com.ve\/site\/2025\/05\/08\/fumata-blanca-en-el-vaticano-la-iglesia-catolica-ya-tiene-nuevo-papa\/"]}]},{"@type":"ImageObject","inLanguage":"es","@id":"https:\/\/digital58.com.ve\/site\/2025\/05\/08\/fumata-blanca-en-el-vaticano-la-iglesia-catolica-ya-tiene-nuevo-papa\/#primaryimage","url":"https:\/\/digital58.com.ve\/site\/wp-content\/uploads\/2025\/05\/humo-blanco-nuevo-papa-25-1.webp","contentUrl":"https:\/\/digital58.com.ve\/site\/wp-content\/uploads\/2025\/05\/humo-blanco-nuevo-papa-25-1.webp","width":1000,"height":667},{"@type":"BreadcrumbList","@id":"https:\/\/digital58.com.ve\/site\/2025\/05\/08\/fumata-blanca-en-el-vaticano-la-iglesia-catolica-ya-tiene-nuevo-papa\/#breadcrumb","itemListElement":[{"@type":"ListItem","position":1,"name":"Home","item":"https:\/\/digital58.com.ve\/site\/"},{"@type":"ListItem","position":2,"name":"Fumata blanca en el Vaticano: la Iglesia cat\u00f3lica ya tiene nuevo Papa"}]},{"@type":"WebSite","@id":"https:\/\/digital58.com.ve\/site\/#website","url":"https:\/\/digital58.com.ve\/site\/","name":"Noticias Digital58","description":"Portal de Noticias \u00a1Periodismo web de verdad! Lanzamiento web 22.11.2005 \/ Maracaibo, Venezuela","publisher":{"@id":"https:\/\/digital58.com.ve\/site\/#\/schema\/person\/64d1c2e4d0d4fd1b849980c4331c2951"},"alternateName":"ND58","potentialAction":[{"@type":"SearchAction","target":{"@type":"EntryPoint","urlTemplate":"https:\/\/digital58.com.ve\/site\/?s={search_term_string}"},"query-input":{"@type":"PropertyValueSpecification","valueRequired":true,"valueName":"search_term_string"}}],"inLanguage":"es"},{"@type":["Person","Organization"],"@id":"https:\/\/digital58.com.ve\/site\/#\/schema\/person\/64d1c2e4d0d4fd1b849980c4331c2951","name":"Villasmil Henry","image":{"@type":"ImageObject","inLanguage":"es","@id":"https:\/\/secure.gravatar.com\/avatar\/bb0c4a2fcb7970138239f7e404ea75757b1b507b28b5ce4c53fbd62d797c5a7c?s=96&d=mm&r=g","url":"https:\/\/secure.gravatar.com\/avatar\/bb0c4a2fcb7970138239f7e404ea75757b1b507b28b5ce4c53fbd62d797c5a7c?s=96&d=mm&r=g","contentUrl":"https:\/\/secure.gravatar.com\/avatar\/bb0c4a2fcb7970138239f7e404ea75757b1b507b28b5ce4c53fbd62d797c5a7c?s=96&d=mm&r=g","caption":"Villasmil Henry"},"logo":{"@id":"https:\/\/secure.gravatar.com\/avatar\/bb0c4a2fcb7970138239f7e404ea75757b1b507b28b5ce4c53fbd62d797c5a7c?s=96&d=mm&r=g"},"sameAs":["http:\/\/www.henryvillasmil.com.ve","https:\/\/www.instagram.com\/villasmilhfoto\/","https:\/\/x.com\/https:\/\/twitter.com\/villasmilhfoto"],"url":"https:\/\/digital58.com.ve\/site\/author\/droopy_68\/"}]}},"uagb_featured_image_src":{"full":["https:\/\/digital58.com.ve\/site\/wp-content\/uploads\/2025\/05\/humo-blanco-nuevo-papa-25-1.webp",1000,667,false],"thumbnail":["https:\/\/digital58.com.ve\/site\/wp-content\/uploads\/2025\/05\/humo-blanco-nuevo-papa-25-1-150x150.webp",150,150,true],"medium":["https:\/\/digital58.com.ve\/site\/wp-content\/uploads\/2025\/05\/humo-blanco-nuevo-papa-25-1-300x200.webp",300,200,true],"medium_large":["https:\/\/digital58.com.ve\/site\/wp-content\/uploads\/2025\/05\/humo-blanco-nuevo-papa-25-1-768x512.webp",768,512,true],"large":["https:\/\/digital58.com.ve\/site\/wp-content\/uploads\/2025\/05\/humo-blanco-nuevo-papa-25-1.webp",800,534,false],"1536x1536":["https:\/\/digital58.com.ve\/site\/wp-content\/uploads\/2025\/05\/humo-blanco-nuevo-papa-25-1.webp",1000,667,false],"2048x2048":["https:\/\/digital58.com.ve\/site\/wp-content\/uploads\/2025\/05\/humo-blanco-nuevo-papa-25-1.webp",1000,667,false],"colormag-highlighted-post":["https:\/\/digital58.com.ve\/site\/wp-content\/uploads\/2025\/05\/humo-blanco-nuevo-papa-25-1-392x272.webp",392,272,true],"colormag-featured-post-medium":["https:\/\/digital58.com.ve\/site\/wp-content\/uploads\/2025\/05\/humo-blanco-nuevo-papa-25-1-390x205.webp",390,205,true],"colormag-featured-post-small":["https:\/\/digital58.com.ve\/site\/wp-content\/uploads\/2025\/05\/humo-blanco-nuevo-papa-25-1-130x90.webp",130,90,true],"colormag-featured-image":["https:\/\/digital58.com.ve\/site\/wp-content\/uploads\/2025\/05\/humo-blanco-nuevo-papa-25-1-800x445.webp",800,445,true],"colormag-default-news":["https:\/\/digital58.com.ve\/site\/wp-content\/uploads\/2025\/05\/humo-blanco-nuevo-papa-25-1-150x150.webp",150,150,true],"colormag-featured-image-large":["https:\/\/digital58.com.ve\/site\/wp-content\/uploads\/2025\/05\/humo-blanco-nuevo-papa-25-1-1000x600.webp",1000,600,true]},"uagb_author_info":{"display_name":"Villasmil Henry","author_link":"https:\/\/digital58.com.ve\/site\/author\/droopy_68\/"},"uagb_comment_info":0,"uagb_excerpt":"En el segundo d\u00eda del c\u00f3nclave, los cardenales lograron consenso y eligieron al sucesor de Francisco, cuyo nombre ser\u00e1 anunciado","_links":{"self":[{"href":"https:\/\/digital58.com.ve\/site\/wp-json\/wp\/v2\/posts\/187120","targetHints":{"allow":["GET"]}}],"collection":[{"href":"https:\/\/digital58.com.ve\/site\/wp-json\/wp\/v2\/posts"}],"about":[{"href":"https:\/\/digital58.com.ve\/site\/wp-json\/wp\/v2\/types\/post"}],"author":[{"embeddable":true,"href":"https:\/\/digital58.com.ve\/site\/wp-json\/wp\/v2\/users\/1"}],"replies":[{"embeddable":true,"href":"https:\/\/digital58.com.ve\/site\/wp-json\/wp\/v2\/comments?post=187120"}],"version-history":[{"count":2,"href":"https:\/\/digital58.com.ve\/site\/wp-json\/wp\/v2\/posts\/187120\/revisions"}],"predecessor-version":[{"id":187124,"href":"https:\/\/digital58.com.ve\/site\/wp-json\/wp\/v2\/posts\/187120\/revisions\/187124"}],"wp:featuredmedia":[{"embeddable":true,"href":"https:\/\/digital58.com.ve\/site\/wp-json\/wp\/v2\/media\/187121"}],"wp:attachment":[{"href":"https:\/\/digital58.com.ve\/site\/wp-json\/wp\/v2\/media?parent=187120"}],"wp:term":[{"taxonomy":"category","embeddable":true,"href":"https:\/\/digital58.com.ve\/site\/wp-json\/wp\/v2\/categories?post=187120"},{"taxonomy":"post_tag","embeddable":true,"href":"https:\/\/digital58.com.ve\/site\/wp-json\/wp\/v2\/tags?post=187120"}],"curies":[{"name":"wp","href":"https:\/\/api.w.org\/{rel}","templated":true}]}}