{"id":187128,"date":"2025-05-08T14:44:56","date_gmt":"2025-05-08T18:44:56","guid":{"rendered":"https:\/\/digital58.com.ve\/site\/?p=187128"},"modified":"2025-05-08T14:44:56","modified_gmt":"2025-05-08T18:44:56","slug":"ee-uu-celebra-eleccion-del-primer-papa-estadounidense","status":"publish","type":"post","link":"https:\/\/digital58.com.ve\/site\/2025\/05\/08\/ee-uu-celebra-eleccion-del-primer-papa-estadounidense\/","title":{"rendered":"EE. UU. celebra elecci\u00f3n del primer papa estadounidense"},"content":{"rendered":"<p><a class=\"keychainify-checked\" href=\"https:\/\/digital58.com.ve\/site\/wp-content\/uploads\/2025\/05\/donald-trump-25.webp\"><img loading=\"lazy\" decoding=\"async\" class=\"aligncenter wp-image-187129 size-full\" src=\"https:\/\/digital58.com.ve\/site\/wp-content\/uploads\/2025\/05\/donald-trump-25.webp\" alt=\"El presidente Donald Trump calific\u00f3 como un \u00abgran honor\u00bb la elecci\u00f3n del cardenal Robert Francis Prevost, nacido en Chicago, como Le\u00f3n XIV, el primer papa estadounidense. La noticia fue confirmada este jueves desde el Vaticano tras la fumata blanca en la Capilla Sixtina.\" width=\"900\" height=\"600\" srcset=\"https:\/\/digital58.com.ve\/site\/wp-content\/uploads\/2025\/05\/donald-trump-25.webp 900w, https:\/\/digital58.com.ve\/site\/wp-content\/uploads\/2025\/05\/donald-trump-25-300x200.webp 300w, https:\/\/digital58.com.ve\/site\/wp-content\/uploads\/2025\/05\/donald-trump-25-768x512.webp 768w\" sizes=\"auto, (max-width: 900px) 100vw, 900px\" \/><\/a><\/p>\n<blockquote><p>Donald Trump y autoridades estadounidenses destacan el significado hist\u00f3rico y espiritual de la designaci\u00f3n de Robert Prevost como nuevo l\u00edder de la Iglesia Cat\u00f3lica.<\/p><\/blockquote>\n<p><strong>EE. UU., 08 de mayo de 2025 (ND58).-<\/strong> El presidente Donald Trump calific\u00f3 como un <strong>\u00abgran honor\u00bb<\/strong> la elecci\u00f3n del cardenal Robert Francis Prevost, nacido en Chicago, como Le\u00f3n XIV, el primer papa estadounidense. La noticia fue confirmada este jueves desde el Vaticano tras la fumata blanca en la Capilla Sixtina.<\/p>\n<h2>Le\u00f3n XIV: un papa hist\u00f3rico para EE. UU. y la Iglesia Cat\u00f3lica<\/h2>\n<p>El c\u00f3nclave papal concluy\u00f3 con la <strong><a class=\"keychainify-checked\" href=\"https:\/\/digital58.com.ve\/site\/2025\/05\/08\/leon-xiv-el-cardenal-robert-prevost-es-elegido-nuevo-papa\/\" target=\"_blank\" rel=\"noopener\">elecci\u00f3n del cardenal Robert Francis Prevost como nuevo pont\u00edfice<\/a><\/strong>, convirti\u00e9ndose en el primer papa nacido en Estados Unidos.<\/p>\n<p>Con el nombre de Le\u00f3n XIV, el religioso asume el cargo en plena celebraci\u00f3n del Jubileo 2025 y tras el <strong><a class=\"keychainify-checked\" href=\"https:\/\/digital58.com.ve\/site\/2025\/04\/21\/vaticano-fallece-el-papa-francisco-a-los-88-anos\/\" target=\"_blank\" rel=\"noopener\">fallecimiento del papa Francisco el pasado 21 de abril.<\/a><\/strong><\/p>\n<p>Trump, a trav\u00e9s de su red Truth Social, celebr\u00f3 la noticia como un <strong>\u00abmomento muy significativo\u00bb<\/strong> para la naci\u00f3n. <strong>\u00abQu\u00e9 emoci\u00f3n y qu\u00e9 gran honor para nuestro pa\u00eds. Estoy deseando reunirme con el papa Le\u00f3n XIV\u00bb<\/strong>, escribi\u00f3 el mandatario.<\/p>\n<h2>Reacciones desde Washington<\/h2>\n<p>La designaci\u00f3n de Le\u00f3n XIV fue bien recibida por el gobierno estadounidense. El secretario de Estado, Marco Rubio, cat\u00f3lico practicante, expres\u00f3 su entusiasmo en un comunicado oficial.<\/p>\n<p><strong>\u00abEstados Unidos espera profundizar su duradera relaci\u00f3n con la Santa Sede con el primer pont\u00edfice estadounidense\u00bb<\/strong>, afirm\u00f3.<\/p>\n<p>Rubio tambi\u00e9n subray\u00f3 la relevancia del momento para los m\u00e1s de mil millones de fieles cat\u00f3licos en el mundo: <strong>\u00abEste es un momento de profunda importancia para la Iglesia Cat\u00f3lica, que ofrece renovada esperanza y continuidad en medio del A\u00f1o Jubilar de 2025\u00bb.<\/strong><\/p>\n<h2>\u00bfQui\u00e9n es Le\u00f3n XIV?<\/h2>\n<p>Robert Francis Prevost naci\u00f3 hace 69 a\u00f1os en Chicago, Illinois. Aunque tambi\u00e9n posee la nacionalidad peruana desde 2015, tras a\u00f1os de servicio pastoral en Per\u00fa, su elecci\u00f3n representa un hito sin precedentes para la Iglesia estadounidense.<\/p>\n<p>Prevost se convierte en el 267.\u00ba pont\u00edfice de la historia de la Iglesia Cat\u00f3lica, tomando el relevo del papa Francisco, cuyo pontificado se extendi\u00f3 desde 2013 hasta su fallecimiento este a\u00f1o a los 88 a\u00f1os de edad.<\/p>\n<h2>Un pontificado en plena celebraci\u00f3n jubilar<\/h2>\n<p>La elecci\u00f3n de Le\u00f3n XIV se produce en un contexto especial: el A\u00f1o Santo convocado por Francisco, que ser\u00e1 clausurado el 06 de enero de 2026.<\/p>\n<p>El Jubileo 2025 representa un tiempo de renovaci\u00f3n espiritual para los fieles, y la figura de Le\u00f3n XIV podr\u00eda imprimir un sello particular a esta etapa, dada su doble experiencia pastoral en Am\u00e9rica del Norte y del Sur.<\/p>\n<p><strong>Sala de redacci\u00f3n ND58 | Fuente: EFE<\/strong><br \/>\n<strong>Edici\u00f3n: Villasmil, Henry<\/strong><br \/>\n<strong>Gr\u00e1fica: EFE<\/strong><\/p>\n<p>&nbsp;<\/p><div class=\"lapbc69f2d7f3ab2e4\" ><p style=\"text-align: center;\"><a href=\"https:\/\/t.me\/noticiasdigital58\" target=\"_blank\" rel=\"noopener\"><img class=\"aligncenter size-full wp-image-125363\" src=\"https:\/\/digital58.com.ve\/site\/wp-content\/uploads\/2021\/04\/banner-telegram-web-2021.png\" alt=\"\" width=\"600\" height=\"90\" \/><\/a><\/p><\/div><style type=\"text\/css\">\r\n@media screen and (min-width: 1201px) {\r\n.lapbc69f2d7f3ab2e4 {\r\ndisplay: block;\r\n}\r\n}\r\n@media screen and (min-width: 993px) and (max-width: 1200px) {\r\n.lapbc69f2d7f3ab2e4 {\r\ndisplay: block;\r\n}\r\n}\r\n@media screen and (min-width: 769px) and (max-width: 992px) {\r\n.lapbc69f2d7f3ab2e4 {\r\ndisplay: block;\r\n}\r\n}\r\n@media screen and (min-width: 768px) and (max-width: 768px) {\r\n.lapbc69f2d7f3ab2e4 {\r\ndisplay: block;\r\n}\r\n}\r\n@media screen and (max-width: 767px) {\r\n.lapbc69f2d7f3ab2e4 {\r\ndisplay: block;\r\n}\r\n}\r\n<\/style>\r\n\n<p>&nbsp;<\/p>\n<div style=\"margin-top: 0px; margin-bottom: 0px;\" class=\"sharethis-inline-share-buttons\" ><\/div>","protected":false},"excerpt":{"rendered":"<p>Donald Trump y autoridades estadounidenses destacan el significado hist\u00f3rico y espiritual de la designaci\u00f3n de Robert Prevost como nuevo l\u00edder<\/p>\n","protected":false},"author":1,"featured_media":187129,"comment_status":"open","ping_status":"closed","sticky":false,"template":"","format":"standard","meta":{"colormag_page_container_layout":"default_layout","colormag_page_sidebar_layout":"default_layout","_uag_custom_page_level_css":"","footnotes":""},"categories":[16451],"tags":[34439,1558,12740,34939,1692,8,399,34942,34941,400],"class_list":["post-187128","post","type-post","status-publish","format-standard","has-post-thumbnail","hentry","category-mundo","tag-conclave","tag-donald-trump","tag-ee-uu","tag-humo-blanco","tag-iglesia-catolica","tag-internacionales","tag-papa","tag-papa-leon-xiv","tag-robert-francis-prevost","tag-vaticano"],"yoast_head":"<!-- This site is optimized with the Yoast SEO plugin v27.5 - https:\/\/yoast.com\/product\/yoast-seo-wordpress\/ -->\n<title>EE. UU. celebra elecci\u00f3n del primer papa estadounidense<\/title>\n<meta name=\"description\" content=\"Le\u00f3n XIV, el primer papa estadounidense, es recibido con entusiasmo por EE. UU. Trump y Rubio destacan su impacto en el Jubileo 2025.\" \/>\n<meta name=\"robots\" content=\"index, follow, max-snippet:-1, max-image-preview:large, max-video-preview:-1\" \/>\n<link rel=\"canonical\" href=\"https:\/\/digital58.com.ve\/site\/2025\/05\/08\/ee-uu-celebra-eleccion-del-primer-papa-estadounidense\/\" \/>\n<meta property=\"og:locale\" content=\"es_ES\" \/>\n<meta property=\"og:type\" content=\"article\" \/>\n<meta property=\"og:title\" content=\"EE. UU. celebra elecci\u00f3n del primer papa estadounidense\" \/>\n<meta property=\"og:description\" content=\"Le\u00f3n XIV, el primer papa estadounidense, es recibido con entusiasmo por EE. UU. Trump y Rubio destacan su impacto en el Jubileo 2025.\" \/>\n<meta property=\"og:url\" content=\"https:\/\/digital58.com.ve\/site\/2025\/05\/08\/ee-uu-celebra-eleccion-del-primer-papa-estadounidense\/\" \/>\n<meta property=\"og:site_name\" content=\"Noticias Digital58\" \/>\n<meta property=\"article:published_time\" content=\"2025-05-08T18:44:56+00:00\" \/>\n<meta property=\"og:image\" content=\"https:\/\/digital58.com.ve\/site\/wp-content\/uploads\/2025\/05\/donald-trump-25.webp\" \/>\n\t<meta property=\"og:image:width\" content=\"900\" \/>\n\t<meta property=\"og:image:height\" content=\"600\" \/>\n\t<meta property=\"og:image:type\" content=\"image\/webp\" \/>\n<meta name=\"author\" content=\"Villasmil Henry\" \/>\n<meta name=\"twitter:card\" content=\"summary_large_image\" \/>\n<meta name=\"twitter:creator\" content=\"@https:\/\/twitter.com\/villasmilhfoto\" \/>\n<meta name=\"twitter:site\" content=\"@villasmilhfoto\" \/>\n<meta name=\"twitter:label1\" content=\"Escrito por\" \/>\n\t<meta name=\"twitter:data1\" content=\"Villasmil Henry\" \/>\n\t<meta name=\"twitter:label2\" content=\"Tiempo estimado de lectura\" \/>\n\t<meta name=\"twitter:data2\" content=\"3 minutos\" \/>\n<script type=\"application\/ld+json\" class=\"yoast-schema-graph\">{\"@context\":\"https:\\\/\\\/schema.org\",\"@graph\":[{\"@type\":\"Article\",\"@id\":\"https:\\\/\\\/digital58.com.ve\\\/site\\\/2025\\\/05\\\/08\\\/ee-uu-celebra-eleccion-del-primer-papa-estadounidense\\\/#article\",\"isPartOf\":{\"@id\":\"https:\\\/\\\/digital58.com.ve\\\/site\\\/2025\\\/05\\\/08\\\/ee-uu-celebra-eleccion-del-primer-papa-estadounidense\\\/\"},\"author\":{\"name\":\"Villasmil Henry\",\"@id\":\"https:\\\/\\\/digital58.com.ve\\\/site\\\/#\\\/schema\\\/person\\\/64d1c2e4d0d4fd1b849980c4331c2951\"},\"headline\":\"EE. UU. celebra elecci\u00f3n del primer papa estadounidense\",\"datePublished\":\"2025-05-08T18:44:56+00:00\",\"mainEntityOfPage\":{\"@id\":\"https:\\\/\\\/digital58.com.ve\\\/site\\\/2025\\\/05\\\/08\\\/ee-uu-celebra-eleccion-del-primer-papa-estadounidense\\\/\"},\"wordCount\":477,\"commentCount\":0,\"publisher\":{\"@id\":\"https:\\\/\\\/digital58.com.ve\\\/site\\\/#\\\/schema\\\/person\\\/64d1c2e4d0d4fd1b849980c4331c2951\"},\"image\":{\"@id\":\"https:\\\/\\\/digital58.com.ve\\\/site\\\/2025\\\/05\\\/08\\\/ee-uu-celebra-eleccion-del-primer-papa-estadounidense\\\/#primaryimage\"},\"thumbnailUrl\":\"https:\\\/\\\/digital58.com.ve\\\/site\\\/wp-content\\\/uploads\\\/2025\\\/05\\\/donald-trump-25.webp\",\"keywords\":[\"C\u00f3nclave\",\"Donald Trump\",\"EE.UU\",\"Humo Blanco\",\"Iglesia Cat\u00f3lica\",\"Internacionales\",\"Papa\",\"Papa Leon XIV\",\"Robert Francis Prevost\",\"Vaticano\"],\"articleSection\":[\"Mundo\"],\"inLanguage\":\"es\",\"potentialAction\":[{\"@type\":\"CommentAction\",\"name\":\"Comment\",\"target\":[\"https:\\\/\\\/digital58.com.ve\\\/site\\\/2025\\\/05\\\/08\\\/ee-uu-celebra-eleccion-del-primer-papa-estadounidense\\\/#respond\"]}]},{\"@type\":\"WebPage\",\"@id\":\"https:\\\/\\\/digital58.com.ve\\\/site\\\/2025\\\/05\\\/08\\\/ee-uu-celebra-eleccion-del-primer-papa-estadounidense\\\/\",\"url\":\"https:\\\/\\\/digital58.com.ve\\\/site\\\/2025\\\/05\\\/08\\\/ee-uu-celebra-eleccion-del-primer-papa-estadounidense\\\/\",\"name\":\"EE. UU. celebra elecci\u00f3n del primer papa estadounidense\",\"isPartOf\":{\"@id\":\"https:\\\/\\\/digital58.com.ve\\\/site\\\/#website\"},\"primaryImageOfPage\":{\"@id\":\"https:\\\/\\\/digital58.com.ve\\\/site\\\/2025\\\/05\\\/08\\\/ee-uu-celebra-eleccion-del-primer-papa-estadounidense\\\/#primaryimage\"},\"image\":{\"@id\":\"https:\\\/\\\/digital58.com.ve\\\/site\\\/2025\\\/05\\\/08\\\/ee-uu-celebra-eleccion-del-primer-papa-estadounidense\\\/#primaryimage\"},\"thumbnailUrl\":\"https:\\\/\\\/digital58.com.ve\\\/site\\\/wp-content\\\/uploads\\\/2025\\\/05\\\/donald-trump-25.webp\",\"datePublished\":\"2025-05-08T18:44:56+00:00\",\"description\":\"Le\u00f3n XIV, el primer papa estadounidense, es recibido con entusiasmo por EE. UU. Trump y Rubio destacan su impacto en el Jubileo 2025.\",\"breadcrumb\":{\"@id\":\"https:\\\/\\\/digital58.com.ve\\\/site\\\/2025\\\/05\\\/08\\\/ee-uu-celebra-eleccion-del-primer-papa-estadounidense\\\/#breadcrumb\"},\"inLanguage\":\"es\",\"potentialAction\":[{\"@type\":\"ReadAction\",\"target\":[\"https:\\\/\\\/digital58.com.ve\\\/site\\\/2025\\\/05\\\/08\\\/ee-uu-celebra-eleccion-del-primer-papa-estadounidense\\\/\"]}]},{\"@type\":\"ImageObject\",\"inLanguage\":\"es\",\"@id\":\"https:\\\/\\\/digital58.com.ve\\\/site\\\/2025\\\/05\\\/08\\\/ee-uu-celebra-eleccion-del-primer-papa-estadounidense\\\/#primaryimage\",\"url\":\"https:\\\/\\\/digital58.com.ve\\\/site\\\/wp-content\\\/uploads\\\/2025\\\/05\\\/donald-trump-25.webp\",\"contentUrl\":\"https:\\\/\\\/digital58.com.ve\\\/site\\\/wp-content\\\/uploads\\\/2025\\\/05\\\/donald-trump-25.webp\",\"width\":900,\"height\":600},{\"@type\":\"BreadcrumbList\",\"@id\":\"https:\\\/\\\/digital58.com.ve\\\/site\\\/2025\\\/05\\\/08\\\/ee-uu-celebra-eleccion-del-primer-papa-estadounidense\\\/#breadcrumb\",\"itemListElement\":[{\"@type\":\"ListItem\",\"position\":1,\"name\":\"Home\",\"item\":\"https:\\\/\\\/digital58.com.ve\\\/site\\\/\"},{\"@type\":\"ListItem\",\"position\":2,\"name\":\"EE. UU. celebra elecci\u00f3n del primer papa estadounidense\"}]},{\"@type\":\"WebSite\",\"@id\":\"https:\\\/\\\/digital58.com.ve\\\/site\\\/#website\",\"url\":\"https:\\\/\\\/digital58.com.ve\\\/site\\\/\",\"name\":\"Noticias Digital58\",\"description\":\"Portal de Noticias \u00a1Periodismo web de verdad! Lanzamiento web 22.11.2005 \\\/ Maracaibo, Venezuela\",\"publisher\":{\"@id\":\"https:\\\/\\\/digital58.com.ve\\\/site\\\/#\\\/schema\\\/person\\\/64d1c2e4d0d4fd1b849980c4331c2951\"},\"alternateName\":\"ND58\",\"potentialAction\":[{\"@type\":\"SearchAction\",\"target\":{\"@type\":\"EntryPoint\",\"urlTemplate\":\"https:\\\/\\\/digital58.com.ve\\\/site\\\/?s={search_term_string}\"},\"query-input\":{\"@type\":\"PropertyValueSpecification\",\"valueRequired\":true,\"valueName\":\"search_term_string\"}}],\"inLanguage\":\"es\"},{\"@type\":[\"Person\",\"Organization\"],\"@id\":\"https:\\\/\\\/digital58.com.ve\\\/site\\\/#\\\/schema\\\/person\\\/64d1c2e4d0d4fd1b849980c4331c2951\",\"name\":\"Villasmil Henry\",\"image\":{\"@type\":\"ImageObject\",\"inLanguage\":\"es\",\"@id\":\"https:\\\/\\\/secure.gravatar.com\\\/avatar\\\/bb0c4a2fcb7970138239f7e404ea75757b1b507b28b5ce4c53fbd62d797c5a7c?s=96&d=mm&r=g\",\"url\":\"https:\\\/\\\/secure.gravatar.com\\\/avatar\\\/bb0c4a2fcb7970138239f7e404ea75757b1b507b28b5ce4c53fbd62d797c5a7c?s=96&d=mm&r=g\",\"contentUrl\":\"https:\\\/\\\/secure.gravatar.com\\\/avatar\\\/bb0c4a2fcb7970138239f7e404ea75757b1b507b28b5ce4c53fbd62d797c5a7c?s=96&d=mm&r=g\",\"caption\":\"Villasmil Henry\"},\"logo\":{\"@id\":\"https:\\\/\\\/secure.gravatar.com\\\/avatar\\\/bb0c4a2fcb7970138239f7e404ea75757b1b507b28b5ce4c53fbd62d797c5a7c?s=96&d=mm&r=g\"},\"sameAs\":[\"http:\\\/\\\/www.henryvillasmil.com.ve\",\"https:\\\/\\\/www.instagram.com\\\/villasmilhfoto\\\/\",\"https:\\\/\\\/x.com\\\/https:\\\/\\\/twitter.com\\\/villasmilhfoto\"],\"url\":\"https:\\\/\\\/digital58.com.ve\\\/site\\\/author\\\/droopy_68\\\/\"}]}<\/script>\n<!-- \/ Yoast SEO plugin. -->","yoast_head_json":{"title":"EE. UU. celebra elecci\u00f3n del primer papa estadounidense","description":"Le\u00f3n XIV, el primer papa estadounidense, es recibido con entusiasmo por EE. UU. Trump y Rubio destacan su impacto en el Jubileo 2025.","robots":{"index":"index","follow":"follow","max-snippet":"max-snippet:-1","max-image-preview":"max-image-preview:large","max-video-preview":"max-video-preview:-1"},"canonical":"https:\/\/digital58.com.ve\/site\/2025\/05\/08\/ee-uu-celebra-eleccion-del-primer-papa-estadounidense\/","og_locale":"es_ES","og_type":"article","og_title":"EE. UU. celebra elecci\u00f3n del primer papa estadounidense","og_description":"Le\u00f3n XIV, el primer papa estadounidense, es recibido con entusiasmo por EE. UU. Trump y Rubio destacan su impacto en el Jubileo 2025.","og_url":"https:\/\/digital58.com.ve\/site\/2025\/05\/08\/ee-uu-celebra-eleccion-del-primer-papa-estadounidense\/","og_site_name":"Noticias Digital58","article_published_time":"2025-05-08T18:44:56+00:00","og_image":[{"width":900,"height":600,"url":"https:\/\/digital58.com.ve\/site\/wp-content\/uploads\/2025\/05\/donald-trump-25.webp","type":"image\/webp"}],"author":"Villasmil Henry","twitter_card":"summary_large_image","twitter_creator":"@https:\/\/twitter.com\/villasmilhfoto","twitter_site":"@villasmilhfoto","twitter_misc":{"Escrito por":"Villasmil Henry","Tiempo estimado de lectura":"3 minutos"},"schema":{"@context":"https:\/\/schema.org","@graph":[{"@type":"Article","@id":"https:\/\/digital58.com.ve\/site\/2025\/05\/08\/ee-uu-celebra-eleccion-del-primer-papa-estadounidense\/#article","isPartOf":{"@id":"https:\/\/digital58.com.ve\/site\/2025\/05\/08\/ee-uu-celebra-eleccion-del-primer-papa-estadounidense\/"},"author":{"name":"Villasmil Henry","@id":"https:\/\/digital58.com.ve\/site\/#\/schema\/person\/64d1c2e4d0d4fd1b849980c4331c2951"},"headline":"EE. UU. celebra elecci\u00f3n del primer papa estadounidense","datePublished":"2025-05-08T18:44:56+00:00","mainEntityOfPage":{"@id":"https:\/\/digital58.com.ve\/site\/2025\/05\/08\/ee-uu-celebra-eleccion-del-primer-papa-estadounidense\/"},"wordCount":477,"commentCount":0,"publisher":{"@id":"https:\/\/digital58.com.ve\/site\/#\/schema\/person\/64d1c2e4d0d4fd1b849980c4331c2951"},"image":{"@id":"https:\/\/digital58.com.ve\/site\/2025\/05\/08\/ee-uu-celebra-eleccion-del-primer-papa-estadounidense\/#primaryimage"},"thumbnailUrl":"https:\/\/digital58.com.ve\/site\/wp-content\/uploads\/2025\/05\/donald-trump-25.webp","keywords":["C\u00f3nclave","Donald Trump","EE.UU","Humo Blanco","Iglesia Cat\u00f3lica","Internacionales","Papa","Papa Leon XIV","Robert Francis Prevost","Vaticano"],"articleSection":["Mundo"],"inLanguage":"es","potentialAction":[{"@type":"CommentAction","name":"Comment","target":["https:\/\/digital58.com.ve\/site\/2025\/05\/08\/ee-uu-celebra-eleccion-del-primer-papa-estadounidense\/#respond"]}]},{"@type":"WebPage","@id":"https:\/\/digital58.com.ve\/site\/2025\/05\/08\/ee-uu-celebra-eleccion-del-primer-papa-estadounidense\/","url":"https:\/\/digital58.com.ve\/site\/2025\/05\/08\/ee-uu-celebra-eleccion-del-primer-papa-estadounidense\/","name":"EE. UU. celebra elecci\u00f3n del primer papa estadounidense","isPartOf":{"@id":"https:\/\/digital58.com.ve\/site\/#website"},"primaryImageOfPage":{"@id":"https:\/\/digital58.com.ve\/site\/2025\/05\/08\/ee-uu-celebra-eleccion-del-primer-papa-estadounidense\/#primaryimage"},"image":{"@id":"https:\/\/digital58.com.ve\/site\/2025\/05\/08\/ee-uu-celebra-eleccion-del-primer-papa-estadounidense\/#primaryimage"},"thumbnailUrl":"https:\/\/digital58.com.ve\/site\/wp-content\/uploads\/2025\/05\/donald-trump-25.webp","datePublished":"2025-05-08T18:44:56+00:00","description":"Le\u00f3n XIV, el primer papa estadounidense, es recibido con entusiasmo por EE. UU. Trump y Rubio destacan su impacto en el Jubileo 2025.","breadcrumb":{"@id":"https:\/\/digital58.com.ve\/site\/2025\/05\/08\/ee-uu-celebra-eleccion-del-primer-papa-estadounidense\/#breadcrumb"},"inLanguage":"es","potentialAction":[{"@type":"ReadAction","target":["https:\/\/digital58.com.ve\/site\/2025\/05\/08\/ee-uu-celebra-eleccion-del-primer-papa-estadounidense\/"]}]},{"@type":"ImageObject","inLanguage":"es","@id":"https:\/\/digital58.com.ve\/site\/2025\/05\/08\/ee-uu-celebra-eleccion-del-primer-papa-estadounidense\/#primaryimage","url":"https:\/\/digital58.com.ve\/site\/wp-content\/uploads\/2025\/05\/donald-trump-25.webp","contentUrl":"https:\/\/digital58.com.ve\/site\/wp-content\/uploads\/2025\/05\/donald-trump-25.webp","width":900,"height":600},{"@type":"BreadcrumbList","@id":"https:\/\/digital58.com.ve\/site\/2025\/05\/08\/ee-uu-celebra-eleccion-del-primer-papa-estadounidense\/#breadcrumb","itemListElement":[{"@type":"ListItem","position":1,"name":"Home","item":"https:\/\/digital58.com.ve\/site\/"},{"@type":"ListItem","position":2,"name":"EE. UU. celebra elecci\u00f3n del primer papa estadounidense"}]},{"@type":"WebSite","@id":"https:\/\/digital58.com.ve\/site\/#website","url":"https:\/\/digital58.com.ve\/site\/","name":"Noticias Digital58","description":"Portal de Noticias \u00a1Periodismo web de verdad! Lanzamiento web 22.11.2005 \/ Maracaibo, Venezuela","publisher":{"@id":"https:\/\/digital58.com.ve\/site\/#\/schema\/person\/64d1c2e4d0d4fd1b849980c4331c2951"},"alternateName":"ND58","potentialAction":[{"@type":"SearchAction","target":{"@type":"EntryPoint","urlTemplate":"https:\/\/digital58.com.ve\/site\/?s={search_term_string}"},"query-input":{"@type":"PropertyValueSpecification","valueRequired":true,"valueName":"search_term_string"}}],"inLanguage":"es"},{"@type":["Person","Organization"],"@id":"https:\/\/digital58.com.ve\/site\/#\/schema\/person\/64d1c2e4d0d4fd1b849980c4331c2951","name":"Villasmil Henry","image":{"@type":"ImageObject","inLanguage":"es","@id":"https:\/\/secure.gravatar.com\/avatar\/bb0c4a2fcb7970138239f7e404ea75757b1b507b28b5ce4c53fbd62d797c5a7c?s=96&d=mm&r=g","url":"https:\/\/secure.gravatar.com\/avatar\/bb0c4a2fcb7970138239f7e404ea75757b1b507b28b5ce4c53fbd62d797c5a7c?s=96&d=mm&r=g","contentUrl":"https:\/\/secure.gravatar.com\/avatar\/bb0c4a2fcb7970138239f7e404ea75757b1b507b28b5ce4c53fbd62d797c5a7c?s=96&d=mm&r=g","caption":"Villasmil Henry"},"logo":{"@id":"https:\/\/secure.gravatar.com\/avatar\/bb0c4a2fcb7970138239f7e404ea75757b1b507b28b5ce4c53fbd62d797c5a7c?s=96&d=mm&r=g"},"sameAs":["http:\/\/www.henryvillasmil.com.ve","https:\/\/www.instagram.com\/villasmilhfoto\/","https:\/\/x.com\/https:\/\/twitter.com\/villasmilhfoto"],"url":"https:\/\/digital58.com.ve\/site\/author\/droopy_68\/"}]}},"uagb_featured_image_src":{"full":["https:\/\/digital58.com.ve\/site\/wp-content\/uploads\/2025\/05\/donald-trump-25.webp",900,600,false],"thumbnail":["https:\/\/digital58.com.ve\/site\/wp-content\/uploads\/2025\/05\/donald-trump-25-150x150.webp",150,150,true],"medium":["https:\/\/digital58.com.ve\/site\/wp-content\/uploads\/2025\/05\/donald-trump-25-300x200.webp",300,200,true],"medium_large":["https:\/\/digital58.com.ve\/site\/wp-content\/uploads\/2025\/05\/donald-trump-25-768x512.webp",768,512,true],"large":["https:\/\/digital58.com.ve\/site\/wp-content\/uploads\/2025\/05\/donald-trump-25.webp",800,533,false],"1536x1536":["https:\/\/digital58.com.ve\/site\/wp-content\/uploads\/2025\/05\/donald-trump-25.webp",900,600,false],"2048x2048":["https:\/\/digital58.com.ve\/site\/wp-content\/uploads\/2025\/05\/donald-trump-25.webp",900,600,false],"colormag-highlighted-post":["https:\/\/digital58.com.ve\/site\/wp-content\/uploads\/2025\/05\/donald-trump-25-392x272.webp",392,272,true],"colormag-featured-post-medium":["https:\/\/digital58.com.ve\/site\/wp-content\/uploads\/2025\/05\/donald-trump-25-390x205.webp",390,205,true],"colormag-featured-post-small":["https:\/\/digital58.com.ve\/site\/wp-content\/uploads\/2025\/05\/donald-trump-25-130x90.webp",130,90,true],"colormag-featured-image":["https:\/\/digital58.com.ve\/site\/wp-content\/uploads\/2025\/05\/donald-trump-25-800x445.webp",800,445,true],"colormag-default-news":["https:\/\/digital58.com.ve\/site\/wp-content\/uploads\/2025\/05\/donald-trump-25-150x150.webp",150,150,true],"colormag-featured-image-large":["https:\/\/digital58.com.ve\/site\/wp-content\/uploads\/2025\/05\/donald-trump-25.webp",900,600,false]},"uagb_author_info":{"display_name":"Villasmil Henry","author_link":"https:\/\/digital58.com.ve\/site\/author\/droopy_68\/"},"uagb_comment_info":0,"uagb_excerpt":"Donald Trump y autoridades estadounidenses destacan el significado hist\u00f3rico y espiritual de la designaci\u00f3n de Robert Prevost como nuevo l\u00edder","_links":{"self":[{"href":"https:\/\/digital58.com.ve\/site\/wp-json\/wp\/v2\/posts\/187128","targetHints":{"allow":["GET"]}}],"collection":[{"href":"https:\/\/digital58.com.ve\/site\/wp-json\/wp\/v2\/posts"}],"about":[{"href":"https:\/\/digital58.com.ve\/site\/wp-json\/wp\/v2\/types\/post"}],"author":[{"embeddable":true,"href":"https:\/\/digital58.com.ve\/site\/wp-json\/wp\/v2\/users\/1"}],"replies":[{"embeddable":true,"href":"https:\/\/digital58.com.ve\/site\/wp-json\/wp\/v2\/comments?post=187128"}],"version-history":[{"count":1,"href":"https:\/\/digital58.com.ve\/site\/wp-json\/wp\/v2\/posts\/187128\/revisions"}],"predecessor-version":[{"id":187130,"href":"https:\/\/digital58.com.ve\/site\/wp-json\/wp\/v2\/posts\/187128\/revisions\/187130"}],"wp:featuredmedia":[{"embeddable":true,"href":"https:\/\/digital58.com.ve\/site\/wp-json\/wp\/v2\/media\/187129"}],"wp:attachment":[{"href":"https:\/\/digital58.com.ve\/site\/wp-json\/wp\/v2\/media?parent=187128"}],"wp:term":[{"taxonomy":"category","embeddable":true,"href":"https:\/\/digital58.com.ve\/site\/wp-json\/wp\/v2\/categories?post=187128"},{"taxonomy":"post_tag","embeddable":true,"href":"https:\/\/digital58.com.ve\/site\/wp-json\/wp\/v2\/tags?post=187128"}],"curies":[{"name":"wp","href":"https:\/\/api.w.org\/{rel}","templated":true}]}}