{"id":187325,"date":"2025-05-17T10:00:53","date_gmt":"2025-05-17T14:00:53","guid":{"rendered":"https:\/\/digital58.com.ve\/site\/?p=187325"},"modified":"2025-05-17T10:00:53","modified_gmt":"2025-05-17T14:00:53","slug":"olympus-revive-la-leyenda-de-hercules-en-maracaibo","status":"publish","type":"post","link":"https:\/\/digital58.com.ve\/site\/2025\/05\/17\/olympus-revive-la-leyenda-de-hercules-en-maracaibo\/","title":{"rendered":"\u00abOlympus\u00bb revive la leyenda de H\u00e9rcules en Maracaibo"},"content":{"rendered":"<p><a class=\"keychainify-checked\" href=\"https:\/\/digital58.com.ve\/site\/wp-content\/uploads\/2025\/05\/olympo.webp\"><img loading=\"lazy\" decoding=\"async\" class=\"aligncenter size-full wp-image-187326\" src=\"https:\/\/digital58.com.ve\/site\/wp-content\/uploads\/2025\/05\/olympo.webp\" alt=\"\" width=\"900\" height=\"600\" srcset=\"https:\/\/digital58.com.ve\/site\/wp-content\/uploads\/2025\/05\/olympo.webp 900w, https:\/\/digital58.com.ve\/site\/wp-content\/uploads\/2025\/05\/olympo-300x200.webp 300w, https:\/\/digital58.com.ve\/site\/wp-content\/uploads\/2025\/05\/olympo-768x512.webp 768w\" sizes=\"auto, (max-width: 900px) 100vw, 900px\" \/><\/a><\/p>\n<blockquote><p>El Centro de Bellas Artes y la compa\u00f1\u00eda Barikai presentan un espect\u00e1culo familiar con m\u00fasica en vivo, danza y talento local.<\/p><\/blockquote>\n<p><strong>Maracaibo, Zulia, Venezuela, 17 de mayo de 2025 (ND58).-<\/strong> El pr\u00f3ximo s\u00e1bado 17 de mayo a las 7:00 p.m., el Teatro Bellas Artes de Maracaibo ser\u00e1 escenario de <strong>\u00abOlympus: La historia de H\u00e9rcules\u00bb<\/strong>, una adaptaci\u00f3n teatral dirigida por el profesor Carlos De Oliveira, con la participaci\u00f3n del elenco Barikai y talentos invitados.<\/p>\n<h2>Una propuesta esc\u00e9nica para toda la familia<\/h2>\n<p>El Centro de Bellas Artes Ateneo de Maracaibo, en alianza con su compa\u00f1\u00eda teatral residente Barikai, presenta una nueva producci\u00f3n inspirada en la popular versi\u00f3n animada de H\u00e9rcules.<\/p>\n<p>La obra, titulada <strong>\u00abOlympus: La historia de H\u00e9rcules\u00bb<\/strong>, promete una velada m\u00e1gica, llena de m\u00fasica en vivo, coreograf\u00edas din\u00e1micas y una cuidada puesta en escena que invita a disfrutar en familia.<\/p>\n<p>La direcci\u00f3n general est\u00e1 a cargo del profesor Carlos De Oliveira, reconocido por su compromiso con la formaci\u00f3n art\u00edstica en la regi\u00f3n.<\/p>\n<p>En esta oportunidad, la producci\u00f3n reunir\u00e1 a miembros del Elenco Estable del Centro de Bellas Artes Barikai, estudiantes del Programa de Formaci\u00f3n Actoral Barikai, as\u00ed como artistas del Programa Acad\u00e9mico en Artes Esc\u00e9nicas y Coaching Actoral.<\/p>\n<p>Tambi\u00e9n se suman integrantes del Elenco Barikai-Claret y talentos especiales como invitados.<\/p>\n<h2>Una experiencia teatral inmersiva<\/h2>\n<p>El espect\u00e1culo busca conectar al p\u00fablico con una versi\u00f3n vibrante del mito de H\u00e9rcules, fusionando elementos cl\u00e1sicos con un enfoque contempor\u00e1neo.<\/p>\n<p>Las canciones en vivo, los efectos visuales y la cuidada escenograf\u00eda ofrecer\u00e1n una experiencia sensorial completa, pensada para cautivar tanto a ni\u00f1os como a adultos.<\/p>\n<p>Seg\u00fan los organizadores, el montaje ha sido trabajado durante varios meses, integrando t\u00e9cnicas actorales, ensayos corales y entrenamiento f\u00edsico para lograr un resultado de alto nivel.<\/p>\n<p><strong>\u00abQueremos que el p\u00fablico se sienta dentro de la historia y se lleve un mensaje de superaci\u00f3n, fuerza y esperanza\u00bb<\/strong>, afirm\u00f3 De Oliveira durante los ensayos generales.<\/p>\n<h2>Un impulso a las artes esc\u00e9nicas locales<\/h2>\n<p>La funci\u00f3n del s\u00e1bado 17 de mayo no solo representa una oportunidad para disfrutar de buen teatro, sino tambi\u00e9n para apoyar el talento local y el desarrollo art\u00edstico en Maracaibo.<\/p>\n<p>Iniciativas como esta refuerzan el valor de los espacios culturales y el compromiso de las instituciones con la formaci\u00f3n actoral en la regi\u00f3n.<\/p>\n<p>La cita es a las 7:00 p.m. en el Teatro Bellas Artes. Las entradas est\u00e1n disponibles en la taquilla del recinto y a trav\u00e9s de las redes sociales oficiales del Centro de Bellas Artes Ateneo de Maracaibo.<\/p>\n<p><strong>Sala de redacci\u00f3n ND58<\/strong><br \/>\n<strong>Fuente: Villasmil, Henry<\/strong><br \/>\n<strong>Gr\u00e1ficas: Cortes\u00eda<\/strong><\/p>\n<p>&nbsp;<\/p>\n<p>&nbsp;<\/p><div class=\"awywj69f182271a1fb\" ><p style=\"text-align: center;\"><a href=\"https:\/\/t.me\/noticiasdigital58\" target=\"_blank\" rel=\"noopener\"><img class=\"aligncenter size-full wp-image-125363\" src=\"https:\/\/digital58.com.ve\/site\/wp-content\/uploads\/2021\/04\/banner-telegram-web-2021.png\" alt=\"\" width=\"600\" height=\"90\" \/><\/a><\/p><\/div><style type=\"text\/css\">\r\n@media screen and (min-width: 1201px) {\r\n.awywj69f182271a1fb {\r\ndisplay: block;\r\n}\r\n}\r\n@media screen and (min-width: 993px) and (max-width: 1200px) {\r\n.awywj69f182271a1fb {\r\ndisplay: block;\r\n}\r\n}\r\n@media screen and (min-width: 769px) and (max-width: 992px) {\r\n.awywj69f182271a1fb {\r\ndisplay: block;\r\n}\r\n}\r\n@media screen and (min-width: 768px) and (max-width: 768px) {\r\n.awywj69f182271a1fb {\r\ndisplay: block;\r\n}\r\n}\r\n@media screen and (max-width: 767px) {\r\n.awywj69f182271a1fb {\r\ndisplay: block;\r\n}\r\n}\r\n<\/style>\r\n\n<p>&nbsp;<\/p>\n<div style=\"margin-top: 0px; margin-bottom: 0px;\" class=\"sharethis-inline-share-buttons\" ><\/div>","protected":false},"excerpt":{"rendered":"<p>El Centro de Bellas Artes y la compa\u00f1\u00eda Barikai presentan un espect\u00e1culo familiar con m\u00fasica en vivo, danza y talento<\/p>\n","protected":false},"author":1,"featured_media":187326,"comment_status":"open","ping_status":"closed","sticky":false,"template":"","format":"standard","meta":{"colormag_page_container_layout":"default_layout","colormag_page_sidebar_layout":"default_layout","_uag_custom_page_level_css":"","footnotes":""},"categories":[5412,5401],"tags":[34978,32004,100,73,233,205,34977,2354,32,761],"class_list":["post-187325","post","type-post","status-publish","format-standard","has-post-thumbnail","hentry","category-donde_ir_maracaibo","category-artes","tag-academia-barikai","tag-carlos-de-oliveira","tag-cbaam","tag-maracaibo","tag-nacionales","tag-obras-de-teatro","tag-olympus-la-historia-de-hercules","tag-regionales","tag-venezuela","tag-zulia"],"yoast_head":"<!-- This site is optimized with the Yoast SEO plugin v27.5 - https:\/\/yoast.com\/product\/yoast-seo-wordpress\/ -->\n<title>\u00abOlympus\u00bb revive la leyenda de H\u00e9rcules en Maracaibo<\/title>\n<meta name=\"description\" content=\"El Centro de Bellas Artes de Maracaibo presenta Olympus, obra basada en H\u00e9rcules, con m\u00fasica en vivo y elenco Barikai. Funci\u00f3n el 17 de mayo.\" \/>\n<meta name=\"robots\" content=\"index, follow, max-snippet:-1, max-image-preview:large, max-video-preview:-1\" \/>\n<link rel=\"canonical\" href=\"https:\/\/digital58.com.ve\/site\/2025\/05\/17\/olympus-revive-la-leyenda-de-hercules-en-maracaibo\/\" \/>\n<meta property=\"og:locale\" content=\"es_ES\" \/>\n<meta property=\"og:type\" content=\"article\" \/>\n<meta property=\"og:title\" content=\"\u00abOlympus\u00bb revive la leyenda de H\u00e9rcules en Maracaibo\" \/>\n<meta property=\"og:description\" content=\"El Centro de Bellas Artes de Maracaibo presenta Olympus, obra basada en H\u00e9rcules, con m\u00fasica en vivo y elenco Barikai. Funci\u00f3n el 17 de mayo.\" \/>\n<meta property=\"og:url\" content=\"https:\/\/digital58.com.ve\/site\/2025\/05\/17\/olympus-revive-la-leyenda-de-hercules-en-maracaibo\/\" \/>\n<meta property=\"og:site_name\" content=\"Noticias Digital58\" \/>\n<meta property=\"article:published_time\" content=\"2025-05-17T14:00:53+00:00\" \/>\n<meta property=\"og:image\" content=\"https:\/\/digital58.com.ve\/site\/wp-content\/uploads\/2025\/05\/olympo.webp\" \/>\n\t<meta property=\"og:image:width\" content=\"900\" \/>\n\t<meta property=\"og:image:height\" content=\"600\" \/>\n\t<meta property=\"og:image:type\" content=\"image\/webp\" \/>\n<meta name=\"author\" content=\"Villasmil Henry\" \/>\n<meta name=\"twitter:card\" content=\"summary_large_image\" \/>\n<meta name=\"twitter:creator\" content=\"@https:\/\/twitter.com\/villasmilhfoto\" \/>\n<meta name=\"twitter:site\" content=\"@villasmilhfoto\" \/>\n<meta name=\"twitter:label1\" content=\"Escrito por\" \/>\n\t<meta name=\"twitter:data1\" content=\"Villasmil Henry\" \/>\n\t<meta name=\"twitter:label2\" content=\"Tiempo estimado de lectura\" \/>\n\t<meta name=\"twitter:data2\" content=\"3 minutos\" \/>\n<script type=\"application\/ld+json\" class=\"yoast-schema-graph\">{\"@context\":\"https:\\\/\\\/schema.org\",\"@graph\":[{\"@type\":\"Article\",\"@id\":\"https:\\\/\\\/digital58.com.ve\\\/site\\\/2025\\\/05\\\/17\\\/olympus-revive-la-leyenda-de-hercules-en-maracaibo\\\/#article\",\"isPartOf\":{\"@id\":\"https:\\\/\\\/digital58.com.ve\\\/site\\\/2025\\\/05\\\/17\\\/olympus-revive-la-leyenda-de-hercules-en-maracaibo\\\/\"},\"author\":{\"name\":\"Villasmil Henry\",\"@id\":\"https:\\\/\\\/digital58.com.ve\\\/site\\\/#\\\/schema\\\/person\\\/64d1c2e4d0d4fd1b849980c4331c2951\"},\"headline\":\"\u00abOlympus\u00bb revive la leyenda de H\u00e9rcules en Maracaibo\",\"datePublished\":\"2025-05-17T14:00:53+00:00\",\"mainEntityOfPage\":{\"@id\":\"https:\\\/\\\/digital58.com.ve\\\/site\\\/2025\\\/05\\\/17\\\/olympus-revive-la-leyenda-de-hercules-en-maracaibo\\\/\"},\"wordCount\":480,\"commentCount\":0,\"publisher\":{\"@id\":\"https:\\\/\\\/digital58.com.ve\\\/site\\\/#\\\/schema\\\/person\\\/64d1c2e4d0d4fd1b849980c4331c2951\"},\"image\":{\"@id\":\"https:\\\/\\\/digital58.com.ve\\\/site\\\/2025\\\/05\\\/17\\\/olympus-revive-la-leyenda-de-hercules-en-maracaibo\\\/#primaryimage\"},\"thumbnailUrl\":\"https:\\\/\\\/digital58.com.ve\\\/site\\\/wp-content\\\/uploads\\\/2025\\\/05\\\/olympo.webp\",\"keywords\":[\"Academia Barikai\",\"Carlos De Oliveira\",\"CBAAM\",\"Maracaibo\",\"Nacionales\",\"Obras de teatro\",\"Olympus: La historia de H\u00e9rcules\",\"Regionales\",\"Venezuela\",\"Zulia\"],\"articleSection\":[\"\u00bfD\u00f3nde ir Maracaibo?\",\"Artes\"],\"inLanguage\":\"es\",\"potentialAction\":[{\"@type\":\"CommentAction\",\"name\":\"Comment\",\"target\":[\"https:\\\/\\\/digital58.com.ve\\\/site\\\/2025\\\/05\\\/17\\\/olympus-revive-la-leyenda-de-hercules-en-maracaibo\\\/#respond\"]}]},{\"@type\":\"WebPage\",\"@id\":\"https:\\\/\\\/digital58.com.ve\\\/site\\\/2025\\\/05\\\/17\\\/olympus-revive-la-leyenda-de-hercules-en-maracaibo\\\/\",\"url\":\"https:\\\/\\\/digital58.com.ve\\\/site\\\/2025\\\/05\\\/17\\\/olympus-revive-la-leyenda-de-hercules-en-maracaibo\\\/\",\"name\":\"\u00abOlympus\u00bb revive la leyenda de H\u00e9rcules en Maracaibo\",\"isPartOf\":{\"@id\":\"https:\\\/\\\/digital58.com.ve\\\/site\\\/#website\"},\"primaryImageOfPage\":{\"@id\":\"https:\\\/\\\/digital58.com.ve\\\/site\\\/2025\\\/05\\\/17\\\/olympus-revive-la-leyenda-de-hercules-en-maracaibo\\\/#primaryimage\"},\"image\":{\"@id\":\"https:\\\/\\\/digital58.com.ve\\\/site\\\/2025\\\/05\\\/17\\\/olympus-revive-la-leyenda-de-hercules-en-maracaibo\\\/#primaryimage\"},\"thumbnailUrl\":\"https:\\\/\\\/digital58.com.ve\\\/site\\\/wp-content\\\/uploads\\\/2025\\\/05\\\/olympo.webp\",\"datePublished\":\"2025-05-17T14:00:53+00:00\",\"description\":\"El Centro de Bellas Artes de Maracaibo presenta Olympus, obra basada en H\u00e9rcules, con m\u00fasica en vivo y elenco Barikai. Funci\u00f3n el 17 de mayo.\",\"breadcrumb\":{\"@id\":\"https:\\\/\\\/digital58.com.ve\\\/site\\\/2025\\\/05\\\/17\\\/olympus-revive-la-leyenda-de-hercules-en-maracaibo\\\/#breadcrumb\"},\"inLanguage\":\"es\",\"potentialAction\":[{\"@type\":\"ReadAction\",\"target\":[\"https:\\\/\\\/digital58.com.ve\\\/site\\\/2025\\\/05\\\/17\\\/olympus-revive-la-leyenda-de-hercules-en-maracaibo\\\/\"]}]},{\"@type\":\"ImageObject\",\"inLanguage\":\"es\",\"@id\":\"https:\\\/\\\/digital58.com.ve\\\/site\\\/2025\\\/05\\\/17\\\/olympus-revive-la-leyenda-de-hercules-en-maracaibo\\\/#primaryimage\",\"url\":\"https:\\\/\\\/digital58.com.ve\\\/site\\\/wp-content\\\/uploads\\\/2025\\\/05\\\/olympo.webp\",\"contentUrl\":\"https:\\\/\\\/digital58.com.ve\\\/site\\\/wp-content\\\/uploads\\\/2025\\\/05\\\/olympo.webp\",\"width\":900,\"height\":600},{\"@type\":\"BreadcrumbList\",\"@id\":\"https:\\\/\\\/digital58.com.ve\\\/site\\\/2025\\\/05\\\/17\\\/olympus-revive-la-leyenda-de-hercules-en-maracaibo\\\/#breadcrumb\",\"itemListElement\":[{\"@type\":\"ListItem\",\"position\":1,\"name\":\"Home\",\"item\":\"https:\\\/\\\/digital58.com.ve\\\/site\\\/\"},{\"@type\":\"ListItem\",\"position\":2,\"name\":\"\u00abOlympus\u00bb revive la leyenda de H\u00e9rcules en Maracaibo\"}]},{\"@type\":\"WebSite\",\"@id\":\"https:\\\/\\\/digital58.com.ve\\\/site\\\/#website\",\"url\":\"https:\\\/\\\/digital58.com.ve\\\/site\\\/\",\"name\":\"Noticias Digital58\",\"description\":\"Portal de Noticias \u00a1Periodismo web de verdad! Lanzamiento web 22.11.2005 \\\/ Maracaibo, Venezuela\",\"publisher\":{\"@id\":\"https:\\\/\\\/digital58.com.ve\\\/site\\\/#\\\/schema\\\/person\\\/64d1c2e4d0d4fd1b849980c4331c2951\"},\"alternateName\":\"ND58\",\"potentialAction\":[{\"@type\":\"SearchAction\",\"target\":{\"@type\":\"EntryPoint\",\"urlTemplate\":\"https:\\\/\\\/digital58.com.ve\\\/site\\\/?s={search_term_string}\"},\"query-input\":{\"@type\":\"PropertyValueSpecification\",\"valueRequired\":true,\"valueName\":\"search_term_string\"}}],\"inLanguage\":\"es\"},{\"@type\":[\"Person\",\"Organization\"],\"@id\":\"https:\\\/\\\/digital58.com.ve\\\/site\\\/#\\\/schema\\\/person\\\/64d1c2e4d0d4fd1b849980c4331c2951\",\"name\":\"Villasmil Henry\",\"image\":{\"@type\":\"ImageObject\",\"inLanguage\":\"es\",\"@id\":\"https:\\\/\\\/secure.gravatar.com\\\/avatar\\\/bb0c4a2fcb7970138239f7e404ea75757b1b507b28b5ce4c53fbd62d797c5a7c?s=96&d=mm&r=g\",\"url\":\"https:\\\/\\\/secure.gravatar.com\\\/avatar\\\/bb0c4a2fcb7970138239f7e404ea75757b1b507b28b5ce4c53fbd62d797c5a7c?s=96&d=mm&r=g\",\"contentUrl\":\"https:\\\/\\\/secure.gravatar.com\\\/avatar\\\/bb0c4a2fcb7970138239f7e404ea75757b1b507b28b5ce4c53fbd62d797c5a7c?s=96&d=mm&r=g\",\"caption\":\"Villasmil Henry\"},\"logo\":{\"@id\":\"https:\\\/\\\/secure.gravatar.com\\\/avatar\\\/bb0c4a2fcb7970138239f7e404ea75757b1b507b28b5ce4c53fbd62d797c5a7c?s=96&d=mm&r=g\"},\"sameAs\":[\"http:\\\/\\\/www.henryvillasmil.com.ve\",\"https:\\\/\\\/www.instagram.com\\\/villasmilhfoto\\\/\",\"https:\\\/\\\/x.com\\\/https:\\\/\\\/twitter.com\\\/villasmilhfoto\"],\"url\":\"https:\\\/\\\/digital58.com.ve\\\/site\\\/author\\\/droopy_68\\\/\"}]}<\/script>\n<!-- \/ Yoast SEO plugin. -->","yoast_head_json":{"title":"\u00abOlympus\u00bb revive la leyenda de H\u00e9rcules en Maracaibo","description":"El Centro de Bellas Artes de Maracaibo presenta Olympus, obra basada en H\u00e9rcules, con m\u00fasica en vivo y elenco Barikai. Funci\u00f3n el 17 de mayo.","robots":{"index":"index","follow":"follow","max-snippet":"max-snippet:-1","max-image-preview":"max-image-preview:large","max-video-preview":"max-video-preview:-1"},"canonical":"https:\/\/digital58.com.ve\/site\/2025\/05\/17\/olympus-revive-la-leyenda-de-hercules-en-maracaibo\/","og_locale":"es_ES","og_type":"article","og_title":"\u00abOlympus\u00bb revive la leyenda de H\u00e9rcules en Maracaibo","og_description":"El Centro de Bellas Artes de Maracaibo presenta Olympus, obra basada en H\u00e9rcules, con m\u00fasica en vivo y elenco Barikai. Funci\u00f3n el 17 de mayo.","og_url":"https:\/\/digital58.com.ve\/site\/2025\/05\/17\/olympus-revive-la-leyenda-de-hercules-en-maracaibo\/","og_site_name":"Noticias Digital58","article_published_time":"2025-05-17T14:00:53+00:00","og_image":[{"width":900,"height":600,"url":"https:\/\/digital58.com.ve\/site\/wp-content\/uploads\/2025\/05\/olympo.webp","type":"image\/webp"}],"author":"Villasmil Henry","twitter_card":"summary_large_image","twitter_creator":"@https:\/\/twitter.com\/villasmilhfoto","twitter_site":"@villasmilhfoto","twitter_misc":{"Escrito por":"Villasmil Henry","Tiempo estimado de lectura":"3 minutos"},"schema":{"@context":"https:\/\/schema.org","@graph":[{"@type":"Article","@id":"https:\/\/digital58.com.ve\/site\/2025\/05\/17\/olympus-revive-la-leyenda-de-hercules-en-maracaibo\/#article","isPartOf":{"@id":"https:\/\/digital58.com.ve\/site\/2025\/05\/17\/olympus-revive-la-leyenda-de-hercules-en-maracaibo\/"},"author":{"name":"Villasmil Henry","@id":"https:\/\/digital58.com.ve\/site\/#\/schema\/person\/64d1c2e4d0d4fd1b849980c4331c2951"},"headline":"\u00abOlympus\u00bb revive la leyenda de H\u00e9rcules en Maracaibo","datePublished":"2025-05-17T14:00:53+00:00","mainEntityOfPage":{"@id":"https:\/\/digital58.com.ve\/site\/2025\/05\/17\/olympus-revive-la-leyenda-de-hercules-en-maracaibo\/"},"wordCount":480,"commentCount":0,"publisher":{"@id":"https:\/\/digital58.com.ve\/site\/#\/schema\/person\/64d1c2e4d0d4fd1b849980c4331c2951"},"image":{"@id":"https:\/\/digital58.com.ve\/site\/2025\/05\/17\/olympus-revive-la-leyenda-de-hercules-en-maracaibo\/#primaryimage"},"thumbnailUrl":"https:\/\/digital58.com.ve\/site\/wp-content\/uploads\/2025\/05\/olympo.webp","keywords":["Academia Barikai","Carlos De Oliveira","CBAAM","Maracaibo","Nacionales","Obras de teatro","Olympus: La historia de H\u00e9rcules","Regionales","Venezuela","Zulia"],"articleSection":["\u00bfD\u00f3nde ir Maracaibo?","Artes"],"inLanguage":"es","potentialAction":[{"@type":"CommentAction","name":"Comment","target":["https:\/\/digital58.com.ve\/site\/2025\/05\/17\/olympus-revive-la-leyenda-de-hercules-en-maracaibo\/#respond"]}]},{"@type":"WebPage","@id":"https:\/\/digital58.com.ve\/site\/2025\/05\/17\/olympus-revive-la-leyenda-de-hercules-en-maracaibo\/","url":"https:\/\/digital58.com.ve\/site\/2025\/05\/17\/olympus-revive-la-leyenda-de-hercules-en-maracaibo\/","name":"\u00abOlympus\u00bb revive la leyenda de H\u00e9rcules en Maracaibo","isPartOf":{"@id":"https:\/\/digital58.com.ve\/site\/#website"},"primaryImageOfPage":{"@id":"https:\/\/digital58.com.ve\/site\/2025\/05\/17\/olympus-revive-la-leyenda-de-hercules-en-maracaibo\/#primaryimage"},"image":{"@id":"https:\/\/digital58.com.ve\/site\/2025\/05\/17\/olympus-revive-la-leyenda-de-hercules-en-maracaibo\/#primaryimage"},"thumbnailUrl":"https:\/\/digital58.com.ve\/site\/wp-content\/uploads\/2025\/05\/olympo.webp","datePublished":"2025-05-17T14:00:53+00:00","description":"El Centro de Bellas Artes de Maracaibo presenta Olympus, obra basada en H\u00e9rcules, con m\u00fasica en vivo y elenco Barikai. Funci\u00f3n el 17 de mayo.","breadcrumb":{"@id":"https:\/\/digital58.com.ve\/site\/2025\/05\/17\/olympus-revive-la-leyenda-de-hercules-en-maracaibo\/#breadcrumb"},"inLanguage":"es","potentialAction":[{"@type":"ReadAction","target":["https:\/\/digital58.com.ve\/site\/2025\/05\/17\/olympus-revive-la-leyenda-de-hercules-en-maracaibo\/"]}]},{"@type":"ImageObject","inLanguage":"es","@id":"https:\/\/digital58.com.ve\/site\/2025\/05\/17\/olympus-revive-la-leyenda-de-hercules-en-maracaibo\/#primaryimage","url":"https:\/\/digital58.com.ve\/site\/wp-content\/uploads\/2025\/05\/olympo.webp","contentUrl":"https:\/\/digital58.com.ve\/site\/wp-content\/uploads\/2025\/05\/olympo.webp","width":900,"height":600},{"@type":"BreadcrumbList","@id":"https:\/\/digital58.com.ve\/site\/2025\/05\/17\/olympus-revive-la-leyenda-de-hercules-en-maracaibo\/#breadcrumb","itemListElement":[{"@type":"ListItem","position":1,"name":"Home","item":"https:\/\/digital58.com.ve\/site\/"},{"@type":"ListItem","position":2,"name":"\u00abOlympus\u00bb revive la leyenda de H\u00e9rcules en Maracaibo"}]},{"@type":"WebSite","@id":"https:\/\/digital58.com.ve\/site\/#website","url":"https:\/\/digital58.com.ve\/site\/","name":"Noticias Digital58","description":"Portal de Noticias \u00a1Periodismo web de verdad! Lanzamiento web 22.11.2005 \/ Maracaibo, Venezuela","publisher":{"@id":"https:\/\/digital58.com.ve\/site\/#\/schema\/person\/64d1c2e4d0d4fd1b849980c4331c2951"},"alternateName":"ND58","potentialAction":[{"@type":"SearchAction","target":{"@type":"EntryPoint","urlTemplate":"https:\/\/digital58.com.ve\/site\/?s={search_term_string}"},"query-input":{"@type":"PropertyValueSpecification","valueRequired":true,"valueName":"search_term_string"}}],"inLanguage":"es"},{"@type":["Person","Organization"],"@id":"https:\/\/digital58.com.ve\/site\/#\/schema\/person\/64d1c2e4d0d4fd1b849980c4331c2951","name":"Villasmil Henry","image":{"@type":"ImageObject","inLanguage":"es","@id":"https:\/\/secure.gravatar.com\/avatar\/bb0c4a2fcb7970138239f7e404ea75757b1b507b28b5ce4c53fbd62d797c5a7c?s=96&d=mm&r=g","url":"https:\/\/secure.gravatar.com\/avatar\/bb0c4a2fcb7970138239f7e404ea75757b1b507b28b5ce4c53fbd62d797c5a7c?s=96&d=mm&r=g","contentUrl":"https:\/\/secure.gravatar.com\/avatar\/bb0c4a2fcb7970138239f7e404ea75757b1b507b28b5ce4c53fbd62d797c5a7c?s=96&d=mm&r=g","caption":"Villasmil Henry"},"logo":{"@id":"https:\/\/secure.gravatar.com\/avatar\/bb0c4a2fcb7970138239f7e404ea75757b1b507b28b5ce4c53fbd62d797c5a7c?s=96&d=mm&r=g"},"sameAs":["http:\/\/www.henryvillasmil.com.ve","https:\/\/www.instagram.com\/villasmilhfoto\/","https:\/\/x.com\/https:\/\/twitter.com\/villasmilhfoto"],"url":"https:\/\/digital58.com.ve\/site\/author\/droopy_68\/"}]}},"uagb_featured_image_src":{"full":["https:\/\/digital58.com.ve\/site\/wp-content\/uploads\/2025\/05\/olympo.webp",900,600,false],"thumbnail":["https:\/\/digital58.com.ve\/site\/wp-content\/uploads\/2025\/05\/olympo-150x150.webp",150,150,true],"medium":["https:\/\/digital58.com.ve\/site\/wp-content\/uploads\/2025\/05\/olympo-300x200.webp",300,200,true],"medium_large":["https:\/\/digital58.com.ve\/site\/wp-content\/uploads\/2025\/05\/olympo-768x512.webp",768,512,true],"large":["https:\/\/digital58.com.ve\/site\/wp-content\/uploads\/2025\/05\/olympo.webp",800,533,false],"1536x1536":["https:\/\/digital58.com.ve\/site\/wp-content\/uploads\/2025\/05\/olympo.webp",900,600,false],"2048x2048":["https:\/\/digital58.com.ve\/site\/wp-content\/uploads\/2025\/05\/olympo.webp",900,600,false],"colormag-highlighted-post":["https:\/\/digital58.com.ve\/site\/wp-content\/uploads\/2025\/05\/olympo-392x272.webp",392,272,true],"colormag-featured-post-medium":["https:\/\/digital58.com.ve\/site\/wp-content\/uploads\/2025\/05\/olympo-390x205.webp",390,205,true],"colormag-featured-post-small":["https:\/\/digital58.com.ve\/site\/wp-content\/uploads\/2025\/05\/olympo-130x90.webp",130,90,true],"colormag-featured-image":["https:\/\/digital58.com.ve\/site\/wp-content\/uploads\/2025\/05\/olympo-800x445.webp",800,445,true],"colormag-default-news":["https:\/\/digital58.com.ve\/site\/wp-content\/uploads\/2025\/05\/olympo-150x150.webp",150,150,true],"colormag-featured-image-large":["https:\/\/digital58.com.ve\/site\/wp-content\/uploads\/2025\/05\/olympo.webp",900,600,false]},"uagb_author_info":{"display_name":"Villasmil Henry","author_link":"https:\/\/digital58.com.ve\/site\/author\/droopy_68\/"},"uagb_comment_info":0,"uagb_excerpt":"El Centro de Bellas Artes y la compa\u00f1\u00eda Barikai presentan un espect\u00e1culo familiar con m\u00fasica en vivo, danza y talento","_links":{"self":[{"href":"https:\/\/digital58.com.ve\/site\/wp-json\/wp\/v2\/posts\/187325","targetHints":{"allow":["GET"]}}],"collection":[{"href":"https:\/\/digital58.com.ve\/site\/wp-json\/wp\/v2\/posts"}],"about":[{"href":"https:\/\/digital58.com.ve\/site\/wp-json\/wp\/v2\/types\/post"}],"author":[{"embeddable":true,"href":"https:\/\/digital58.com.ve\/site\/wp-json\/wp\/v2\/users\/1"}],"replies":[{"embeddable":true,"href":"https:\/\/digital58.com.ve\/site\/wp-json\/wp\/v2\/comments?post=187325"}],"version-history":[{"count":1,"href":"https:\/\/digital58.com.ve\/site\/wp-json\/wp\/v2\/posts\/187325\/revisions"}],"predecessor-version":[{"id":187327,"href":"https:\/\/digital58.com.ve\/site\/wp-json\/wp\/v2\/posts\/187325\/revisions\/187327"}],"wp:featuredmedia":[{"embeddable":true,"href":"https:\/\/digital58.com.ve\/site\/wp-json\/wp\/v2\/media\/187326"}],"wp:attachment":[{"href":"https:\/\/digital58.com.ve\/site\/wp-json\/wp\/v2\/media?parent=187325"}],"wp:term":[{"taxonomy":"category","embeddable":true,"href":"https:\/\/digital58.com.ve\/site\/wp-json\/wp\/v2\/categories?post=187325"},{"taxonomy":"post_tag","embeddable":true,"href":"https:\/\/digital58.com.ve\/site\/wp-json\/wp\/v2\/tags?post=187325"}],"curies":[{"name":"wp","href":"https:\/\/api.w.org\/{rel}","templated":true}]}}