{"id":187425,"date":"2025-05-19T15:27:23","date_gmt":"2025-05-19T19:27:23","guid":{"rendered":"https:\/\/digital58.com.ve\/site\/?p=187425"},"modified":"2025-05-19T15:27:23","modified_gmt":"2025-05-19T19:27:23","slug":"spb-gustavo-garcia-asume-como-tecnico-de-brillantes-del-zulia","status":"publish","type":"post","link":"https:\/\/digital58.com.ve\/site\/2025\/05\/19\/spb-gustavo-garcia-asume-como-tecnico-de-brillantes-del-zulia\/","title":{"rendered":"SPB | Gustavo Garc\u00eda asume como t\u00e9cnico de Brillantes del Zulia"},"content":{"rendered":"<p><a class=\"keychainify-checked\" href=\"https:\/\/digital58.com.ve\/site\/wp-content\/uploads\/2025\/03\/alexis-cedres-dt-brillantes-23-03-25-1.webp\"><img loading=\"lazy\" decoding=\"async\" class=\"aligncenter wp-image-185882 size-full\" src=\"https:\/\/digital58.com.ve\/site\/wp-content\/uploads\/2025\/03\/alexis-cedres-dt-brillantes-23-03-25-1.webp\" alt=\"Brillantes del Zulia BBC anunci\u00f3 este lunes la salida de Alexis Cedres como entrenador principal del equipo en la temporada 2025 de la Superliga Profesional de Baloncesto, decisi\u00f3n motivada por sus compromisos con la selecci\u00f3n Sub-16.\" width=\"900\" height=\"600\" srcset=\"https:\/\/digital58.com.ve\/site\/wp-content\/uploads\/2025\/03\/alexis-cedres-dt-brillantes-23-03-25-1.webp 900w, https:\/\/digital58.com.ve\/site\/wp-content\/uploads\/2025\/03\/alexis-cedres-dt-brillantes-23-03-25-1-300x200.webp 300w, https:\/\/digital58.com.ve\/site\/wp-content\/uploads\/2025\/03\/alexis-cedres-dt-brillantes-23-03-25-1-768x512.webp 768w\" sizes=\"auto, (max-width: 900px) 100vw, 900px\" \/><\/a><\/p>\n<blockquote><p>La salida de Alexis Cedres se debe a compromisos con la selecci\u00f3n nacional Sub-16, inform\u00f3 el club en un comunicado oficial.<\/p><\/blockquote>\n<p><strong>Maracaibo, Zulia, Venezuela, 19 de mayo de 2025 (ND58).-<\/strong> Brillantes del Zulia BBC anunci\u00f3 este lunes la salida de Alexis Cedres como entrenador principal del equipo en la temporada 2025 de la Superliga Profesional de Baloncesto, decisi\u00f3n motivada por sus compromisos con la selecci\u00f3n Sub-16.<\/p>\n<p>En su lugar, asumir\u00e1 el cargo Gustavo Garc\u00eda, antiguo asistente t\u00e9cnico.<\/p>\n<p><a class=\"keychainify-checked\" href=\"https:\/\/digital58.com.ve\/site\/wp-content\/uploads\/2025\/05\/gustavo-garcia-brillantes.webp\"><img loading=\"lazy\" decoding=\"async\" class=\"aligncenter wp-image-187427 size-full\" src=\"https:\/\/digital58.com.ve\/site\/wp-content\/uploads\/2025\/05\/gustavo-garcia-brillantes.webp\" alt=\"Gustavo Garc\u00eda toma el mando. La directiva de Brillantes inform\u00f3 este lunes 19 de mayo que el profesor Alexis Cedres no continuar\u00e1 al frente del equipo durante el resto de la temporada 2025 de la Superliga Profesional de Baloncesto (SPB).\" width=\"900\" height=\"600\" srcset=\"https:\/\/digital58.com.ve\/site\/wp-content\/uploads\/2025\/05\/gustavo-garcia-brillantes.webp 900w, https:\/\/digital58.com.ve\/site\/wp-content\/uploads\/2025\/05\/gustavo-garcia-brillantes-300x200.webp 300w, https:\/\/digital58.com.ve\/site\/wp-content\/uploads\/2025\/05\/gustavo-garcia-brillantes-768x512.webp 768w\" sizes=\"auto, (max-width: 900px) 100vw, 900px\" \/><\/a><\/p>\n<h2>Gustavo Garc\u00eda toma el mando<\/h2>\n<p>La directiva de Brillantes inform\u00f3 este lunes 19 de mayo que el profesor Alexis Cedres no continuar\u00e1 al frente del equipo durante el resto de la temporada 2025 de la Superliga Profesional de Baloncesto (SPB).<\/p>\n<p>Seg\u00fan el comunicado oficial difundido por el club, la salida de Cedres se produce debido a su vinculaci\u00f3n con la selecci\u00f3n venezolana Sub-16.<\/p>\n<p>El texto compartido por el equipo destaca: \u00ab<strong>La directiva de Brillantes del Zulia informa que el profesor Alexis Cedres no continuar\u00e1 al frente del equipo\u00bb<\/strong>.<\/p>\n<p>Asimismo, se anunci\u00f3 que el cargo ser\u00e1 asumido de inmediato por Gustavo Garc\u00eda, quien hasta ahora se desempe\u00f1aba como asistente t\u00e9cnico del cuerpo t\u00e9cnico abrillantado.<\/p>\n<p><a class=\"keychainify-checked\" href=\"https:\/\/digital58.com.ve\/site\/wp-content\/uploads\/2025\/05\/comunicado.webp\"><img loading=\"lazy\" decoding=\"async\" class=\"aligncenter size-full wp-image-187426\" src=\"https:\/\/digital58.com.ve\/site\/wp-content\/uploads\/2025\/05\/comunicado.webp\" alt=\"\" width=\"697\" height=\"900\" srcset=\"https:\/\/digital58.com.ve\/site\/wp-content\/uploads\/2025\/05\/comunicado.webp 697w, https:\/\/digital58.com.ve\/site\/wp-content\/uploads\/2025\/05\/comunicado-232x300.webp 232w\" sizes=\"auto, (max-width: 697px) 100vw, 697px\" \/><\/a><\/p>\n<h2>Objetivo: levantar cabeza en el S\u00faper Ocho<\/h2>\n<p>La reestructuraci\u00f3n del cuerpo t\u00e9cnico llega en un momento clave para la franquicia zuliana, que recientemente fue barrida por Marinos de Oriente en su visita a Matur\u00edn, lo que profundiz\u00f3 su mal inicio en la segunda fase del torneo.<\/p>\n<p>Bajo la direcci\u00f3n de Gustavo Garc\u00eda, Brillantes intentar\u00e1 cambiar el rumbo de su desempe\u00f1o en el \u00abS\u00faper Ocho\u00bb, tramo decisivo en la b\u00fasqueda de la clasificaci\u00f3n a las instancias finales del campeonato.<\/p>\n<p>La directiva conf\u00eda en que el nuevo liderazgo aporte estabilidad al equipo en esta etapa crucial del certamen.<\/p>\n<h2>La experiencia de Cedres seguir\u00e1 ligada al baloncesto nacional<\/h2>\n<p>Alexis Cedres, quien asumi\u00f3 el mando del conjunto zuliano para esta temporada, ha sido designado como parte del cuerpo t\u00e9cnico de la selecci\u00f3n Sub-16 de Venezuela, donde seguir\u00e1 aportando su experiencia al desarrollo de j\u00f3venes talentos.<\/p>\n<p>La decisi\u00f3n de ceder su rol en Brillantes fue tomada de com\u00fan acuerdo con la organizaci\u00f3n, priorizando su labor en las categor\u00edas menores del baloncesto nacional.<\/p>\n<p>La directiva agradeci\u00f3 su entrega y profesionalismo durante su etapa al frente del equipo.<\/p>\n<p><strong>Sala de redacci\u00f3n ND58 | Fuente: Prensa Brillantes del Zulia<\/strong><br \/>\n<strong>Edici\u00f3n: Villasmil, Henry<\/strong><br \/>\n<strong>Gr\u00e1ficas: Cortes\u00eda<\/strong><\/p>\n<p>&nbsp;<\/p><div class=\"jkuql69ec56eab0f68\" ><p style=\"text-align: center;\"><a href=\"https:\/\/t.me\/noticiasdigital58\" target=\"_blank\" rel=\"noopener\"><img class=\"aligncenter size-full wp-image-125363\" src=\"https:\/\/digital58.com.ve\/site\/wp-content\/uploads\/2021\/04\/banner-telegram-web-2021.png\" alt=\"\" width=\"600\" height=\"90\" \/><\/a><\/p><\/div><style type=\"text\/css\">\r\n@media screen and (min-width: 1201px) {\r\n.jkuql69ec56eab0f68 {\r\ndisplay: block;\r\n}\r\n}\r\n@media screen and (min-width: 993px) and (max-width: 1200px) {\r\n.jkuql69ec56eab0f68 {\r\ndisplay: block;\r\n}\r\n}\r\n@media screen and (min-width: 769px) and (max-width: 992px) {\r\n.jkuql69ec56eab0f68 {\r\ndisplay: block;\r\n}\r\n}\r\n@media screen and (min-width: 768px) and (max-width: 768px) {\r\n.jkuql69ec56eab0f68 {\r\ndisplay: block;\r\n}\r\n}\r\n@media screen and (max-width: 767px) {\r\n.jkuql69ec56eab0f68 {\r\ndisplay: block;\r\n}\r\n}\r\n<\/style>\r\n\n<p>&nbsp;<\/p>\n<div style=\"margin-top: 0px; margin-bottom: 0px;\" class=\"sharethis-inline-share-buttons\" ><\/div>","protected":false},"excerpt":{"rendered":"<p>La salida de Alexis Cedres se debe a compromisos con la selecci\u00f3n nacional Sub-16, inform\u00f3 el club en un comunicado<\/p>\n","protected":false},"author":1,"featured_media":187427,"comment_status":"open","ping_status":"closed","sticky":false,"template":"","format":"standard","meta":{"colormag_page_container_layout":"default_layout","colormag_page_sidebar_layout":"default_layout","_uag_custom_page_level_css":"","footnotes":""},"categories":[5402],"tags":[34686,27,22312,28,28814,22323,73,233,34551,34984,34950,28757,32,761],"class_list":["post-187425","post","type-post","status-publish","format-standard","has-post-thumbnail","hentry","category-deportes","tag-alexis-cedres","tag-baloncesto","tag-baloncesto-nacional","tag-baloncesto-venezolano","tag-brillantes-del-zulia-bbc","tag-gustavo-garcia","tag-maracaibo","tag-nacionales","tag-spb-2025","tag-super-8","tag-super-ronda-de-la-spb-2025","tag-superliga-profesional-de-baloncesto","tag-venezuela","tag-zulia"],"yoast_head":"<!-- This site is optimized with the Yoast SEO plugin v27.4 - https:\/\/yoast.com\/product\/yoast-seo-wordpress\/ -->\n<title>Gustavo Garc\u00eda asume como t\u00e9cnico de Brillantes del Zulia<\/title>\n<meta name=\"description\" content=\"Gustavo Garc\u00eda reemplaza a Alexis Cedres como t\u00e9cnico de Brillantes del Zulia tras su llamado a la selecci\u00f3n Sub-16, seg\u00fan anunci\u00f3 el club este lunes.\" \/>\n<meta name=\"robots\" content=\"index, follow, max-snippet:-1, max-image-preview:large, max-video-preview:-1\" \/>\n<link rel=\"canonical\" href=\"https:\/\/digital58.com.ve\/site\/2025\/05\/19\/spb-gustavo-garcia-asume-como-tecnico-de-brillantes-del-zulia\/\" \/>\n<meta property=\"og:locale\" content=\"es_ES\" \/>\n<meta property=\"og:type\" content=\"article\" \/>\n<meta property=\"og:title\" content=\"Gustavo Garc\u00eda asume como t\u00e9cnico de Brillantes del Zulia\" \/>\n<meta property=\"og:description\" content=\"Gustavo Garc\u00eda reemplaza a Alexis Cedres como t\u00e9cnico de Brillantes del Zulia tras su llamado a la selecci\u00f3n Sub-16, seg\u00fan anunci\u00f3 el club este lunes.\" \/>\n<meta property=\"og:url\" content=\"https:\/\/digital58.com.ve\/site\/2025\/05\/19\/spb-gustavo-garcia-asume-como-tecnico-de-brillantes-del-zulia\/\" \/>\n<meta property=\"og:site_name\" content=\"Noticias Digital58\" \/>\n<meta property=\"article:published_time\" content=\"2025-05-19T19:27:23+00:00\" \/>\n<meta property=\"og:image\" content=\"https:\/\/digital58.com.ve\/site\/wp-content\/uploads\/2025\/05\/gustavo-garcia-brillantes.webp\" \/>\n\t<meta property=\"og:image:width\" content=\"900\" \/>\n\t<meta property=\"og:image:height\" content=\"600\" \/>\n\t<meta property=\"og:image:type\" content=\"image\/webp\" \/>\n<meta name=\"author\" content=\"Villasmil Henry\" \/>\n<meta name=\"twitter:card\" content=\"summary_large_image\" \/>\n<meta name=\"twitter:creator\" content=\"@https:\/\/twitter.com\/villasmilhfoto\" \/>\n<meta name=\"twitter:site\" content=\"@villasmilhfoto\" \/>\n<meta name=\"twitter:label1\" content=\"Escrito por\" \/>\n\t<meta name=\"twitter:data1\" content=\"Villasmil Henry\" \/>\n\t<meta name=\"twitter:label2\" content=\"Tiempo estimado de lectura\" \/>\n\t<meta name=\"twitter:data2\" content=\"3 minutos\" \/>\n<script type=\"application\/ld+json\" class=\"yoast-schema-graph\">{\"@context\":\"https:\\\/\\\/schema.org\",\"@graph\":[{\"@type\":\"Article\",\"@id\":\"https:\\\/\\\/digital58.com.ve\\\/site\\\/2025\\\/05\\\/19\\\/spb-gustavo-garcia-asume-como-tecnico-de-brillantes-del-zulia\\\/#article\",\"isPartOf\":{\"@id\":\"https:\\\/\\\/digital58.com.ve\\\/site\\\/2025\\\/05\\\/19\\\/spb-gustavo-garcia-asume-como-tecnico-de-brillantes-del-zulia\\\/\"},\"author\":{\"name\":\"Villasmil Henry\",\"@id\":\"https:\\\/\\\/digital58.com.ve\\\/site\\\/#\\\/schema\\\/person\\\/64d1c2e4d0d4fd1b849980c4331c2951\"},\"headline\":\"SPB | Gustavo Garc\u00eda asume como t\u00e9cnico de Brillantes del Zulia\",\"datePublished\":\"2025-05-19T19:27:23+00:00\",\"mainEntityOfPage\":{\"@id\":\"https:\\\/\\\/digital58.com.ve\\\/site\\\/2025\\\/05\\\/19\\\/spb-gustavo-garcia-asume-como-tecnico-de-brillantes-del-zulia\\\/\"},\"wordCount\":430,\"commentCount\":0,\"publisher\":{\"@id\":\"https:\\\/\\\/digital58.com.ve\\\/site\\\/#\\\/schema\\\/person\\\/64d1c2e4d0d4fd1b849980c4331c2951\"},\"image\":{\"@id\":\"https:\\\/\\\/digital58.com.ve\\\/site\\\/2025\\\/05\\\/19\\\/spb-gustavo-garcia-asume-como-tecnico-de-brillantes-del-zulia\\\/#primaryimage\"},\"thumbnailUrl\":\"https:\\\/\\\/digital58.com.ve\\\/site\\\/wp-content\\\/uploads\\\/2025\\\/05\\\/gustavo-garcia-brillantes.webp\",\"keywords\":[\"Alexis Cedres\",\"Baloncesto\",\"Baloncesto Nacional\",\"Baloncesto Venezolano\",\"Brillantes del Zulia BBC\",\"Gustavo Garc\u00eda\",\"Maracaibo\",\"Nacionales\",\"SPB 2025\",\"S\u00faper 8\",\"S\u00faper Ronda de la SPB 2025\",\"Superliga Profesional de Baloncesto\",\"Venezuela\",\"Zulia\"],\"articleSection\":[\"Deportes\"],\"inLanguage\":\"es\",\"potentialAction\":[{\"@type\":\"CommentAction\",\"name\":\"Comment\",\"target\":[\"https:\\\/\\\/digital58.com.ve\\\/site\\\/2025\\\/05\\\/19\\\/spb-gustavo-garcia-asume-como-tecnico-de-brillantes-del-zulia\\\/#respond\"]}]},{\"@type\":\"WebPage\",\"@id\":\"https:\\\/\\\/digital58.com.ve\\\/site\\\/2025\\\/05\\\/19\\\/spb-gustavo-garcia-asume-como-tecnico-de-brillantes-del-zulia\\\/\",\"url\":\"https:\\\/\\\/digital58.com.ve\\\/site\\\/2025\\\/05\\\/19\\\/spb-gustavo-garcia-asume-como-tecnico-de-brillantes-del-zulia\\\/\",\"name\":\"Gustavo Garc\u00eda asume como t\u00e9cnico de Brillantes del Zulia\",\"isPartOf\":{\"@id\":\"https:\\\/\\\/digital58.com.ve\\\/site\\\/#website\"},\"primaryImageOfPage\":{\"@id\":\"https:\\\/\\\/digital58.com.ve\\\/site\\\/2025\\\/05\\\/19\\\/spb-gustavo-garcia-asume-como-tecnico-de-brillantes-del-zulia\\\/#primaryimage\"},\"image\":{\"@id\":\"https:\\\/\\\/digital58.com.ve\\\/site\\\/2025\\\/05\\\/19\\\/spb-gustavo-garcia-asume-como-tecnico-de-brillantes-del-zulia\\\/#primaryimage\"},\"thumbnailUrl\":\"https:\\\/\\\/digital58.com.ve\\\/site\\\/wp-content\\\/uploads\\\/2025\\\/05\\\/gustavo-garcia-brillantes.webp\",\"datePublished\":\"2025-05-19T19:27:23+00:00\",\"description\":\"Gustavo Garc\u00eda reemplaza a Alexis Cedres como t\u00e9cnico de Brillantes del Zulia tras su llamado a la selecci\u00f3n Sub-16, seg\u00fan anunci\u00f3 el club este lunes.\",\"breadcrumb\":{\"@id\":\"https:\\\/\\\/digital58.com.ve\\\/site\\\/2025\\\/05\\\/19\\\/spb-gustavo-garcia-asume-como-tecnico-de-brillantes-del-zulia\\\/#breadcrumb\"},\"inLanguage\":\"es\",\"potentialAction\":[{\"@type\":\"ReadAction\",\"target\":[\"https:\\\/\\\/digital58.com.ve\\\/site\\\/2025\\\/05\\\/19\\\/spb-gustavo-garcia-asume-como-tecnico-de-brillantes-del-zulia\\\/\"]}]},{\"@type\":\"ImageObject\",\"inLanguage\":\"es\",\"@id\":\"https:\\\/\\\/digital58.com.ve\\\/site\\\/2025\\\/05\\\/19\\\/spb-gustavo-garcia-asume-como-tecnico-de-brillantes-del-zulia\\\/#primaryimage\",\"url\":\"https:\\\/\\\/digital58.com.ve\\\/site\\\/wp-content\\\/uploads\\\/2025\\\/05\\\/gustavo-garcia-brillantes.webp\",\"contentUrl\":\"https:\\\/\\\/digital58.com.ve\\\/site\\\/wp-content\\\/uploads\\\/2025\\\/05\\\/gustavo-garcia-brillantes.webp\",\"width\":900,\"height\":600},{\"@type\":\"BreadcrumbList\",\"@id\":\"https:\\\/\\\/digital58.com.ve\\\/site\\\/2025\\\/05\\\/19\\\/spb-gustavo-garcia-asume-como-tecnico-de-brillantes-del-zulia\\\/#breadcrumb\",\"itemListElement\":[{\"@type\":\"ListItem\",\"position\":1,\"name\":\"Home\",\"item\":\"https:\\\/\\\/digital58.com.ve\\\/site\\\/\"},{\"@type\":\"ListItem\",\"position\":2,\"name\":\"SPB | Gustavo Garc\u00eda asume como t\u00e9cnico de Brillantes del Zulia\"}]},{\"@type\":\"WebSite\",\"@id\":\"https:\\\/\\\/digital58.com.ve\\\/site\\\/#website\",\"url\":\"https:\\\/\\\/digital58.com.ve\\\/site\\\/\",\"name\":\"Noticias Digital58\",\"description\":\"Portal de Noticias \u00a1Periodismo web de verdad! Lanzamiento web 22.11.2005 \\\/ Maracaibo, Venezuela\",\"publisher\":{\"@id\":\"https:\\\/\\\/digital58.com.ve\\\/site\\\/#\\\/schema\\\/person\\\/64d1c2e4d0d4fd1b849980c4331c2951\"},\"alternateName\":\"ND58\",\"potentialAction\":[{\"@type\":\"SearchAction\",\"target\":{\"@type\":\"EntryPoint\",\"urlTemplate\":\"https:\\\/\\\/digital58.com.ve\\\/site\\\/?s={search_term_string}\"},\"query-input\":{\"@type\":\"PropertyValueSpecification\",\"valueRequired\":true,\"valueName\":\"search_term_string\"}}],\"inLanguage\":\"es\"},{\"@type\":[\"Person\",\"Organization\"],\"@id\":\"https:\\\/\\\/digital58.com.ve\\\/site\\\/#\\\/schema\\\/person\\\/64d1c2e4d0d4fd1b849980c4331c2951\",\"name\":\"Villasmil Henry\",\"image\":{\"@type\":\"ImageObject\",\"inLanguage\":\"es\",\"@id\":\"https:\\\/\\\/secure.gravatar.com\\\/avatar\\\/bb0c4a2fcb7970138239f7e404ea75757b1b507b28b5ce4c53fbd62d797c5a7c?s=96&d=mm&r=g\",\"url\":\"https:\\\/\\\/secure.gravatar.com\\\/avatar\\\/bb0c4a2fcb7970138239f7e404ea75757b1b507b28b5ce4c53fbd62d797c5a7c?s=96&d=mm&r=g\",\"contentUrl\":\"https:\\\/\\\/secure.gravatar.com\\\/avatar\\\/bb0c4a2fcb7970138239f7e404ea75757b1b507b28b5ce4c53fbd62d797c5a7c?s=96&d=mm&r=g\",\"caption\":\"Villasmil Henry\"},\"logo\":{\"@id\":\"https:\\\/\\\/secure.gravatar.com\\\/avatar\\\/bb0c4a2fcb7970138239f7e404ea75757b1b507b28b5ce4c53fbd62d797c5a7c?s=96&d=mm&r=g\"},\"sameAs\":[\"http:\\\/\\\/www.henryvillasmil.com.ve\",\"https:\\\/\\\/www.instagram.com\\\/villasmilhfoto\\\/\",\"https:\\\/\\\/x.com\\\/https:\\\/\\\/twitter.com\\\/villasmilhfoto\"],\"url\":\"https:\\\/\\\/digital58.com.ve\\\/site\\\/author\\\/droopy_68\\\/\"}]}<\/script>\n<!-- \/ Yoast SEO plugin. -->","yoast_head_json":{"title":"Gustavo Garc\u00eda asume como t\u00e9cnico de Brillantes del Zulia","description":"Gustavo Garc\u00eda reemplaza a Alexis Cedres como t\u00e9cnico de Brillantes del Zulia tras su llamado a la selecci\u00f3n Sub-16, seg\u00fan anunci\u00f3 el club este lunes.","robots":{"index":"index","follow":"follow","max-snippet":"max-snippet:-1","max-image-preview":"max-image-preview:large","max-video-preview":"max-video-preview:-1"},"canonical":"https:\/\/digital58.com.ve\/site\/2025\/05\/19\/spb-gustavo-garcia-asume-como-tecnico-de-brillantes-del-zulia\/","og_locale":"es_ES","og_type":"article","og_title":"Gustavo Garc\u00eda asume como t\u00e9cnico de Brillantes del Zulia","og_description":"Gustavo Garc\u00eda reemplaza a Alexis Cedres como t\u00e9cnico de Brillantes del Zulia tras su llamado a la selecci\u00f3n Sub-16, seg\u00fan anunci\u00f3 el club este lunes.","og_url":"https:\/\/digital58.com.ve\/site\/2025\/05\/19\/spb-gustavo-garcia-asume-como-tecnico-de-brillantes-del-zulia\/","og_site_name":"Noticias Digital58","article_published_time":"2025-05-19T19:27:23+00:00","og_image":[{"width":900,"height":600,"url":"https:\/\/digital58.com.ve\/site\/wp-content\/uploads\/2025\/05\/gustavo-garcia-brillantes.webp","type":"image\/webp"}],"author":"Villasmil Henry","twitter_card":"summary_large_image","twitter_creator":"@https:\/\/twitter.com\/villasmilhfoto","twitter_site":"@villasmilhfoto","twitter_misc":{"Escrito por":"Villasmil Henry","Tiempo estimado de lectura":"3 minutos"},"schema":{"@context":"https:\/\/schema.org","@graph":[{"@type":"Article","@id":"https:\/\/digital58.com.ve\/site\/2025\/05\/19\/spb-gustavo-garcia-asume-como-tecnico-de-brillantes-del-zulia\/#article","isPartOf":{"@id":"https:\/\/digital58.com.ve\/site\/2025\/05\/19\/spb-gustavo-garcia-asume-como-tecnico-de-brillantes-del-zulia\/"},"author":{"name":"Villasmil Henry","@id":"https:\/\/digital58.com.ve\/site\/#\/schema\/person\/64d1c2e4d0d4fd1b849980c4331c2951"},"headline":"SPB | Gustavo Garc\u00eda asume como t\u00e9cnico de Brillantes del Zulia","datePublished":"2025-05-19T19:27:23+00:00","mainEntityOfPage":{"@id":"https:\/\/digital58.com.ve\/site\/2025\/05\/19\/spb-gustavo-garcia-asume-como-tecnico-de-brillantes-del-zulia\/"},"wordCount":430,"commentCount":0,"publisher":{"@id":"https:\/\/digital58.com.ve\/site\/#\/schema\/person\/64d1c2e4d0d4fd1b849980c4331c2951"},"image":{"@id":"https:\/\/digital58.com.ve\/site\/2025\/05\/19\/spb-gustavo-garcia-asume-como-tecnico-de-brillantes-del-zulia\/#primaryimage"},"thumbnailUrl":"https:\/\/digital58.com.ve\/site\/wp-content\/uploads\/2025\/05\/gustavo-garcia-brillantes.webp","keywords":["Alexis Cedres","Baloncesto","Baloncesto Nacional","Baloncesto Venezolano","Brillantes del Zulia BBC","Gustavo Garc\u00eda","Maracaibo","Nacionales","SPB 2025","S\u00faper 8","S\u00faper Ronda de la SPB 2025","Superliga Profesional de Baloncesto","Venezuela","Zulia"],"articleSection":["Deportes"],"inLanguage":"es","potentialAction":[{"@type":"CommentAction","name":"Comment","target":["https:\/\/digital58.com.ve\/site\/2025\/05\/19\/spb-gustavo-garcia-asume-como-tecnico-de-brillantes-del-zulia\/#respond"]}]},{"@type":"WebPage","@id":"https:\/\/digital58.com.ve\/site\/2025\/05\/19\/spb-gustavo-garcia-asume-como-tecnico-de-brillantes-del-zulia\/","url":"https:\/\/digital58.com.ve\/site\/2025\/05\/19\/spb-gustavo-garcia-asume-como-tecnico-de-brillantes-del-zulia\/","name":"Gustavo Garc\u00eda asume como t\u00e9cnico de Brillantes del Zulia","isPartOf":{"@id":"https:\/\/digital58.com.ve\/site\/#website"},"primaryImageOfPage":{"@id":"https:\/\/digital58.com.ve\/site\/2025\/05\/19\/spb-gustavo-garcia-asume-como-tecnico-de-brillantes-del-zulia\/#primaryimage"},"image":{"@id":"https:\/\/digital58.com.ve\/site\/2025\/05\/19\/spb-gustavo-garcia-asume-como-tecnico-de-brillantes-del-zulia\/#primaryimage"},"thumbnailUrl":"https:\/\/digital58.com.ve\/site\/wp-content\/uploads\/2025\/05\/gustavo-garcia-brillantes.webp","datePublished":"2025-05-19T19:27:23+00:00","description":"Gustavo Garc\u00eda reemplaza a Alexis Cedres como t\u00e9cnico de Brillantes del Zulia tras su llamado a la selecci\u00f3n Sub-16, seg\u00fan anunci\u00f3 el club este lunes.","breadcrumb":{"@id":"https:\/\/digital58.com.ve\/site\/2025\/05\/19\/spb-gustavo-garcia-asume-como-tecnico-de-brillantes-del-zulia\/#breadcrumb"},"inLanguage":"es","potentialAction":[{"@type":"ReadAction","target":["https:\/\/digital58.com.ve\/site\/2025\/05\/19\/spb-gustavo-garcia-asume-como-tecnico-de-brillantes-del-zulia\/"]}]},{"@type":"ImageObject","inLanguage":"es","@id":"https:\/\/digital58.com.ve\/site\/2025\/05\/19\/spb-gustavo-garcia-asume-como-tecnico-de-brillantes-del-zulia\/#primaryimage","url":"https:\/\/digital58.com.ve\/site\/wp-content\/uploads\/2025\/05\/gustavo-garcia-brillantes.webp","contentUrl":"https:\/\/digital58.com.ve\/site\/wp-content\/uploads\/2025\/05\/gustavo-garcia-brillantes.webp","width":900,"height":600},{"@type":"BreadcrumbList","@id":"https:\/\/digital58.com.ve\/site\/2025\/05\/19\/spb-gustavo-garcia-asume-como-tecnico-de-brillantes-del-zulia\/#breadcrumb","itemListElement":[{"@type":"ListItem","position":1,"name":"Home","item":"https:\/\/digital58.com.ve\/site\/"},{"@type":"ListItem","position":2,"name":"SPB | Gustavo Garc\u00eda asume como t\u00e9cnico de Brillantes del Zulia"}]},{"@type":"WebSite","@id":"https:\/\/digital58.com.ve\/site\/#website","url":"https:\/\/digital58.com.ve\/site\/","name":"Noticias Digital58","description":"Portal de Noticias \u00a1Periodismo web de verdad! Lanzamiento web 22.11.2005 \/ Maracaibo, Venezuela","publisher":{"@id":"https:\/\/digital58.com.ve\/site\/#\/schema\/person\/64d1c2e4d0d4fd1b849980c4331c2951"},"alternateName":"ND58","potentialAction":[{"@type":"SearchAction","target":{"@type":"EntryPoint","urlTemplate":"https:\/\/digital58.com.ve\/site\/?s={search_term_string}"},"query-input":{"@type":"PropertyValueSpecification","valueRequired":true,"valueName":"search_term_string"}}],"inLanguage":"es"},{"@type":["Person","Organization"],"@id":"https:\/\/digital58.com.ve\/site\/#\/schema\/person\/64d1c2e4d0d4fd1b849980c4331c2951","name":"Villasmil Henry","image":{"@type":"ImageObject","inLanguage":"es","@id":"https:\/\/secure.gravatar.com\/avatar\/bb0c4a2fcb7970138239f7e404ea75757b1b507b28b5ce4c53fbd62d797c5a7c?s=96&d=mm&r=g","url":"https:\/\/secure.gravatar.com\/avatar\/bb0c4a2fcb7970138239f7e404ea75757b1b507b28b5ce4c53fbd62d797c5a7c?s=96&d=mm&r=g","contentUrl":"https:\/\/secure.gravatar.com\/avatar\/bb0c4a2fcb7970138239f7e404ea75757b1b507b28b5ce4c53fbd62d797c5a7c?s=96&d=mm&r=g","caption":"Villasmil Henry"},"logo":{"@id":"https:\/\/secure.gravatar.com\/avatar\/bb0c4a2fcb7970138239f7e404ea75757b1b507b28b5ce4c53fbd62d797c5a7c?s=96&d=mm&r=g"},"sameAs":["http:\/\/www.henryvillasmil.com.ve","https:\/\/www.instagram.com\/villasmilhfoto\/","https:\/\/x.com\/https:\/\/twitter.com\/villasmilhfoto"],"url":"https:\/\/digital58.com.ve\/site\/author\/droopy_68\/"}]}},"uagb_featured_image_src":{"full":["https:\/\/digital58.com.ve\/site\/wp-content\/uploads\/2025\/05\/gustavo-garcia-brillantes.webp",900,600,false],"thumbnail":["https:\/\/digital58.com.ve\/site\/wp-content\/uploads\/2025\/05\/gustavo-garcia-brillantes-150x150.webp",150,150,true],"medium":["https:\/\/digital58.com.ve\/site\/wp-content\/uploads\/2025\/05\/gustavo-garcia-brillantes-300x200.webp",300,200,true],"medium_large":["https:\/\/digital58.com.ve\/site\/wp-content\/uploads\/2025\/05\/gustavo-garcia-brillantes-768x512.webp",768,512,true],"large":["https:\/\/digital58.com.ve\/site\/wp-content\/uploads\/2025\/05\/gustavo-garcia-brillantes.webp",800,533,false],"1536x1536":["https:\/\/digital58.com.ve\/site\/wp-content\/uploads\/2025\/05\/gustavo-garcia-brillantes.webp",900,600,false],"2048x2048":["https:\/\/digital58.com.ve\/site\/wp-content\/uploads\/2025\/05\/gustavo-garcia-brillantes.webp",900,600,false],"colormag-highlighted-post":["https:\/\/digital58.com.ve\/site\/wp-content\/uploads\/2025\/05\/gustavo-garcia-brillantes-392x272.webp",392,272,true],"colormag-featured-post-medium":["https:\/\/digital58.com.ve\/site\/wp-content\/uploads\/2025\/05\/gustavo-garcia-brillantes-390x205.webp",390,205,true],"colormag-featured-post-small":["https:\/\/digital58.com.ve\/site\/wp-content\/uploads\/2025\/05\/gustavo-garcia-brillantes-130x90.webp",130,90,true],"colormag-featured-image":["https:\/\/digital58.com.ve\/site\/wp-content\/uploads\/2025\/05\/gustavo-garcia-brillantes-800x445.webp",800,445,true],"colormag-default-news":["https:\/\/digital58.com.ve\/site\/wp-content\/uploads\/2025\/05\/gustavo-garcia-brillantes-150x150.webp",150,150,true],"colormag-featured-image-large":["https:\/\/digital58.com.ve\/site\/wp-content\/uploads\/2025\/05\/gustavo-garcia-brillantes.webp",900,600,false]},"uagb_author_info":{"display_name":"Villasmil Henry","author_link":"https:\/\/digital58.com.ve\/site\/author\/droopy_68\/"},"uagb_comment_info":0,"uagb_excerpt":"La salida de Alexis Cedres se debe a compromisos con la selecci\u00f3n nacional Sub-16, inform\u00f3 el club en un comunicado","_links":{"self":[{"href":"https:\/\/digital58.com.ve\/site\/wp-json\/wp\/v2\/posts\/187425","targetHints":{"allow":["GET"]}}],"collection":[{"href":"https:\/\/digital58.com.ve\/site\/wp-json\/wp\/v2\/posts"}],"about":[{"href":"https:\/\/digital58.com.ve\/site\/wp-json\/wp\/v2\/types\/post"}],"author":[{"embeddable":true,"href":"https:\/\/digital58.com.ve\/site\/wp-json\/wp\/v2\/users\/1"}],"replies":[{"embeddable":true,"href":"https:\/\/digital58.com.ve\/site\/wp-json\/wp\/v2\/comments?post=187425"}],"version-history":[{"count":1,"href":"https:\/\/digital58.com.ve\/site\/wp-json\/wp\/v2\/posts\/187425\/revisions"}],"predecessor-version":[{"id":187428,"href":"https:\/\/digital58.com.ve\/site\/wp-json\/wp\/v2\/posts\/187425\/revisions\/187428"}],"wp:featuredmedia":[{"embeddable":true,"href":"https:\/\/digital58.com.ve\/site\/wp-json\/wp\/v2\/media\/187427"}],"wp:attachment":[{"href":"https:\/\/digital58.com.ve\/site\/wp-json\/wp\/v2\/media?parent=187425"}],"wp:term":[{"taxonomy":"category","embeddable":true,"href":"https:\/\/digital58.com.ve\/site\/wp-json\/wp\/v2\/categories?post=187425"},{"taxonomy":"post_tag","embeddable":true,"href":"https:\/\/digital58.com.ve\/site\/wp-json\/wp\/v2\/tags?post=187425"}],"curies":[{"name":"wp","href":"https:\/\/api.w.org\/{rel}","templated":true}]}}