{"id":187745,"date":"2025-05-31T17:38:36","date_gmt":"2025-05-31T21:38:36","guid":{"rendered":"https:\/\/digital58.com.ve\/site\/?p=187745"},"modified":"2025-05-31T21:48:58","modified_gmt":"2025-06-01T01:48:58","slug":"psg-gana-su-primera-champions-con-una-goleada-historica-al-inter","status":"publish","type":"post","link":"https:\/\/digital58.com.ve\/site\/2025\/05\/31\/psg-gana-su-primera-champions-con-una-goleada-historica-al-inter\/","title":{"rendered":"PSG gana su primera Champions con una goleada hist\u00f3rica al Inter"},"content":{"rendered":"<p><a class=\"keychainify-checked\" href=\"https:\/\/digital58.com.ve\/site\/wp-content\/uploads\/2025\/05\/psg-campeon-ucl2025.webp\"><img loading=\"lazy\" decoding=\"async\" class=\"aligncenter wp-image-187746 size-full\" src=\"https:\/\/digital58.com.ve\/site\/wp-content\/uploads\/2025\/05\/psg-campeon-ucl2025.webp\" alt=\"El Par\u00eds Saint-Germain se coron\u00f3 este s\u00e1bado campe\u00f3n de la UEFA Champions League por primera vez en su historia, al derrotar 5-0 al Inter de Mil\u00e1n en el Allianz Arena bajo la direcci\u00f3n magistral de Luis Enrique, quien complet\u00f3 el triplete con una actuaci\u00f3n memorable.\" width=\"900\" height=\"600\" srcset=\"https:\/\/digital58.com.ve\/site\/wp-content\/uploads\/2025\/05\/psg-campeon-ucl2025.webp 900w, https:\/\/digital58.com.ve\/site\/wp-content\/uploads\/2025\/05\/psg-campeon-ucl2025-300x200.webp 300w, https:\/\/digital58.com.ve\/site\/wp-content\/uploads\/2025\/05\/psg-campeon-ucl2025-768x512.webp 768w\" sizes=\"auto, (max-width: 900px) 100vw, 900px\" \/><\/a><\/p>\n<blockquote><p>El equipo de Luis Enrique conquista la Liga de Campeones con una exhibici\u00f3n t\u00e1ctica en M\u00fanich y sella el primer triplete del f\u00fatbol franc\u00e9s.<\/p><\/blockquote>\n<p><strong>Internacionales, 31 de mayo de 2025 (ND58).-<\/strong> El Par\u00eds Saint-Germain se coron\u00f3 este s\u00e1bado campe\u00f3n de la UEFA Champions League por primera vez en su historia, al derrotar 5-0 al Inter de Mil\u00e1n en el Allianz Arena bajo la direcci\u00f3n magistral de Luis Enrique, quien complet\u00f3 el triplete con una actuaci\u00f3n memorable.<\/p>\n<p><a class=\"keychainify-checked\" href=\"https:\/\/digital58.com.ve\/site\/wp-content\/uploads\/2025\/05\/psg-campeon-ucl2025-6.webp\"><img loading=\"lazy\" decoding=\"async\" class=\"aligncenter size-full wp-image-187749\" src=\"https:\/\/digital58.com.ve\/site\/wp-content\/uploads\/2025\/05\/psg-campeon-ucl2025-6.webp\" alt=\"\" width=\"900\" height=\"600\" srcset=\"https:\/\/digital58.com.ve\/site\/wp-content\/uploads\/2025\/05\/psg-campeon-ucl2025-6.webp 900w, https:\/\/digital58.com.ve\/site\/wp-content\/uploads\/2025\/05\/psg-campeon-ucl2025-6-300x200.webp 300w, https:\/\/digital58.com.ve\/site\/wp-content\/uploads\/2025\/05\/psg-campeon-ucl2025-6-768x512.webp 768w\" sizes=\"auto, (max-width: 900px) 100vw, 900px\" \/><\/a><\/p>\n<h2>Una noche para la historia del PSG<\/h2>\n<p>Luis Enrique inscribi\u00f3 su nombre en la historia grande del f\u00fatbol europeo al guiar al PSG a su primera Liga de Campeones.<\/p>\n<p>En una final que roz\u00f3 la perfecci\u00f3n, el club parisino arroll\u00f3 al Inter de Mil\u00e1n con un 5-0 sin precedentes en una final del torneo.<\/p>\n<p>Este logro, que tambi\u00e9n completa el primer triplete de un club franc\u00e9s, consolida el proyecto del t\u00e9cnico espa\u00f1ol y lo posiciona entre los estrategas m\u00e1s exitosos del continente.<\/p>\n<p><a class=\"keychainify-checked\" href=\"https:\/\/digital58.com.ve\/site\/wp-content\/uploads\/2025\/05\/psg-campeon-ucl2025-2.webp\"><img loading=\"lazy\" decoding=\"async\" class=\"aligncenter size-full wp-image-187752\" src=\"https:\/\/digital58.com.ve\/site\/wp-content\/uploads\/2025\/05\/psg-campeon-ucl2025-2.webp\" alt=\"\" width=\"900\" height=\"600\" srcset=\"https:\/\/digital58.com.ve\/site\/wp-content\/uploads\/2025\/05\/psg-campeon-ucl2025-2.webp 900w, https:\/\/digital58.com.ve\/site\/wp-content\/uploads\/2025\/05\/psg-campeon-ucl2025-2-300x200.webp 300w, https:\/\/digital58.com.ve\/site\/wp-content\/uploads\/2025\/05\/psg-campeon-ucl2025-2-768x512.webp 768w\" sizes=\"auto, (max-width: 900px) 100vw, 900px\" \/><\/a><\/p>\n<h2>Supremac\u00eda absoluta desde el inicio<\/h2>\n<p>Lejos quedaron las dudas del inicio de temporada. El PSG sali\u00f3 decidido a marcar territorio desde los primeros minutos y encontr\u00f3 su recompensa r\u00e1pidamente.<\/p>\n<p>Achraf Hakimi abri\u00f3 el marcador tras una brillante jugada colectiva iniciada por Vitinha y culminada con frialdad por Doue, quien se convirti\u00f3 en el jugador m\u00e1s determinante del encuentro.<\/p>\n<p>El segundo gol lleg\u00f3 apenas ocho minutos despu\u00e9s, con una contra letal. \u2018Kvara\u2019 lanz\u00f3 en profundidad a Dembel\u00e9, quien asisti\u00f3 nuevamente a Doue. El joven franc\u00e9s remat\u00f3, Dimarco desvi\u00f3 y el bal\u00f3n termin\u00f3 en el fondo de la red. La gesta tomaba forma.<\/p>\n<p><a class=\"keychainify-checked\" href=\"https:\/\/digital58.com.ve\/site\/wp-content\/uploads\/2025\/05\/psg-campeon-ucl2025-4.webp\"><img loading=\"lazy\" decoding=\"async\" class=\"aligncenter size-full wp-image-187750\" src=\"https:\/\/digital58.com.ve\/site\/wp-content\/uploads\/2025\/05\/psg-campeon-ucl2025-4.webp\" alt=\"\" width=\"900\" height=\"600\" srcset=\"https:\/\/digital58.com.ve\/site\/wp-content\/uploads\/2025\/05\/psg-campeon-ucl2025-4.webp 900w, https:\/\/digital58.com.ve\/site\/wp-content\/uploads\/2025\/05\/psg-campeon-ucl2025-4-300x200.webp 300w, https:\/\/digital58.com.ve\/site\/wp-content\/uploads\/2025\/05\/psg-campeon-ucl2025-4-768x512.webp 768w\" sizes=\"auto, (max-width: 900px) 100vw, 900px\" \/><\/a><\/p>\n<h2>Exhibici\u00f3n t\u00e1ctica de Luis Enrique<\/h2>\n<p>La superioridad fue tan abrumadora que Simone Inzaghi, t\u00e9cnico del Inter, se vio completamente superado desde lo t\u00e1ctico.<\/p>\n<p>El mediocampo parisino, comandado por Vitinha, Fabi\u00e1n Ruiz y Joao Neves, manej\u00f3 el ritmo del partido a placer. En defensa, Pacho y Marquinhos anularon cualquier intento de reacci\u00f3n del rival.<\/p>\n<p><strong>\u00abFue una clase t\u00e1ctica de principio a fin\u00bb<\/strong>, resumi\u00f3 un analista de la UEFA al t\u00e9rmino del partido.<\/p>\n<p><a class=\"keychainify-checked\" href=\"https:\/\/digital58.com.ve\/site\/wp-content\/uploads\/2025\/05\/psg-campeon-ucl2025-3.webp\"><img loading=\"lazy\" decoding=\"async\" class=\"aligncenter size-full wp-image-187751\" src=\"https:\/\/digital58.com.ve\/site\/wp-content\/uploads\/2025\/05\/psg-campeon-ucl2025-3.webp\" alt=\"\" width=\"900\" height=\"600\" srcset=\"https:\/\/digital58.com.ve\/site\/wp-content\/uploads\/2025\/05\/psg-campeon-ucl2025-3.webp 900w, https:\/\/digital58.com.ve\/site\/wp-content\/uploads\/2025\/05\/psg-campeon-ucl2025-3-300x200.webp 300w, https:\/\/digital58.com.ve\/site\/wp-content\/uploads\/2025\/05\/psg-campeon-ucl2025-3-768x512.webp 768w\" sizes=\"auto, (max-width: 900px) 100vw, 900px\" \/><\/a><\/p>\n<h2>Un cierre de lujo para una final perfecta<\/h2>\n<p>En el segundo tiempo, Doue volvi\u00f3 a ser protagonista con el tercer gol, tras una jugada coral que incluy\u00f3 un taconazo de Dembel\u00e9 y otra asistencia de Vitinha.<\/p>\n<p>El 4-0 lo firm\u00f3 \u2018Kvara\u2019 con una definici\u00f3n certera, y el joven Mayulu cerr\u00f3 la cuenta en el minuto 87 para sellar la mayor goleada en una final de Champions League.<\/p>\n<p>El PSG no solo gan\u00f3 su primera Champions; lo hizo dejando una huella imborrable en el torneo.<\/p>\n<p>Luis Enrique, por su parte, consigui\u00f3 su segundo triplete como entrenador y ratific\u00f3 su capacidad para transformar proyectos en equipos campeones.<\/p>\n<p><a class=\"keychainify-checked\" href=\"https:\/\/digital58.com.ve\/site\/wp-content\/uploads\/2025\/05\/psg-campeon-ucl2025-7.webp\"><img loading=\"lazy\" decoding=\"async\" class=\"aligncenter size-full wp-image-187748\" src=\"https:\/\/digital58.com.ve\/site\/wp-content\/uploads\/2025\/05\/psg-campeon-ucl2025-7.webp\" alt=\"\" width=\"900\" height=\"600\" srcset=\"https:\/\/digital58.com.ve\/site\/wp-content\/uploads\/2025\/05\/psg-campeon-ucl2025-7.webp 900w, https:\/\/digital58.com.ve\/site\/wp-content\/uploads\/2025\/05\/psg-campeon-ucl2025-7-300x200.webp 300w, https:\/\/digital58.com.ve\/site\/wp-content\/uploads\/2025\/05\/psg-campeon-ucl2025-7-768x512.webp 768w\" sizes=\"auto, (max-width: 900px) 100vw, 900px\" \/><\/a><\/p>\n<p><strong>Sala de redacci\u00f3n ND58 | Fuente: EFE<\/strong><br \/>\n<strong>Edici\u00f3n: Villasmil, Henry<\/strong><br \/>\n<strong>Gr\u00e1fica: EFE<\/strong><\/p>\n<p>&nbsp;<\/p>\n<p>&nbsp;<\/p><div class=\"kevcn69f25d8847042\" ><p style=\"text-align: center;\"><a href=\"https:\/\/t.me\/noticiasdigital58\" target=\"_blank\" rel=\"noopener\"><img class=\"aligncenter size-full wp-image-125363\" src=\"https:\/\/digital58.com.ve\/site\/wp-content\/uploads\/2021\/04\/banner-telegram-web-2021.png\" alt=\"\" width=\"600\" height=\"90\" \/><\/a><\/p><\/div><style type=\"text\/css\">\r\n@media screen and (min-width: 1201px) {\r\n.kevcn69f25d8847042 {\r\ndisplay: block;\r\n}\r\n}\r\n@media screen and (min-width: 993px) and (max-width: 1200px) {\r\n.kevcn69f25d8847042 {\r\ndisplay: block;\r\n}\r\n}\r\n@media screen and (min-width: 769px) and (max-width: 992px) {\r\n.kevcn69f25d8847042 {\r\ndisplay: block;\r\n}\r\n}\r\n@media screen and (min-width: 768px) and (max-width: 768px) {\r\n.kevcn69f25d8847042 {\r\ndisplay: block;\r\n}\r\n}\r\n@media screen and (max-width: 767px) {\r\n.kevcn69f25d8847042 {\r\ndisplay: block;\r\n}\r\n}\r\n<\/style>\r\n\n<p>&nbsp;<\/p>\n<div style=\"margin-top: 0px; margin-bottom: 0px;\" class=\"sharethis-inline-share-buttons\" ><\/div>","protected":false},"excerpt":{"rendered":"<p>El equipo de Luis Enrique conquista la Liga de Campeones con una exhibici\u00f3n t\u00e1ctica en M\u00fanich y sella el primer<\/p>\n","protected":false},"author":1,"featured_media":187749,"comment_status":"open","ping_status":"closed","sticky":false,"template":"","format":"standard","meta":{"colormag_page_container_layout":"default_layout","colormag_page_sidebar_layout":"default_layout","_uag_custom_page_level_css":"","footnotes":""},"categories":[5402],"tags":[38,35015,40,13,41,12677,8,42,10875,8674,6643,43],"class_list":["post-187745","post","type-post","status-publish","format-standard","has-post-thumbnail","hentry","category-deportes","tag-alemania","tag-final-champions-league-2025","tag-francia","tag-futbol","tag-futbol-internacional","tag-inter-de-milan","tag-internacionales","tag-italia","tag-munich","tag-paris-saint-germain","tag-psg","tag-uefa"],"yoast_head":"<!-- This site is optimized with the Yoast SEO plugin v27.5 - https:\/\/yoast.com\/product\/yoast-seo-wordpress\/ -->\n<title>PSG gana su primera Champions con una goleada hist\u00f3rica al Inter<\/title>\n<meta name=\"description\" content=\"El PSG conquista su primera Champions con una hist\u00f3rica goleada 5-0 al Inter en M\u00fanich, bajo la direcci\u00f3n de Luis Enrique.\" \/>\n<meta name=\"robots\" content=\"index, follow, max-snippet:-1, max-image-preview:large, max-video-preview:-1\" \/>\n<link rel=\"canonical\" href=\"https:\/\/digital58.com.ve\/site\/2025\/05\/31\/psg-gana-su-primera-champions-con-una-goleada-historica-al-inter\/\" \/>\n<meta property=\"og:locale\" content=\"es_ES\" \/>\n<meta property=\"og:type\" content=\"article\" \/>\n<meta property=\"og:title\" content=\"PSG gana su primera Champions con una goleada hist\u00f3rica al Inter\" \/>\n<meta property=\"og:description\" content=\"El PSG conquista su primera Champions con una hist\u00f3rica goleada 5-0 al Inter en M\u00fanich, bajo la direcci\u00f3n de Luis Enrique.\" \/>\n<meta property=\"og:url\" content=\"https:\/\/digital58.com.ve\/site\/2025\/05\/31\/psg-gana-su-primera-champions-con-una-goleada-historica-al-inter\/\" \/>\n<meta property=\"og:site_name\" content=\"Noticias Digital58\" \/>\n<meta property=\"article:published_time\" content=\"2025-05-31T21:38:36+00:00\" \/>\n<meta property=\"article:modified_time\" content=\"2025-06-01T01:48:58+00:00\" \/>\n<meta property=\"og:image\" content=\"https:\/\/digital58.com.ve\/site\/wp-content\/uploads\/2025\/05\/psg-campeon-ucl2025-6.webp\" \/>\n\t<meta property=\"og:image:width\" content=\"900\" \/>\n\t<meta property=\"og:image:height\" content=\"600\" \/>\n\t<meta property=\"og:image:type\" content=\"image\/webp\" \/>\n<meta name=\"author\" content=\"Villasmil Henry\" \/>\n<meta name=\"twitter:card\" content=\"summary_large_image\" \/>\n<meta name=\"twitter:creator\" content=\"@https:\/\/twitter.com\/villasmilhfoto\" \/>\n<meta name=\"twitter:site\" content=\"@villasmilhfoto\" \/>\n<meta name=\"twitter:label1\" content=\"Escrito por\" \/>\n\t<meta name=\"twitter:data1\" content=\"Villasmil Henry\" \/>\n\t<meta name=\"twitter:label2\" content=\"Tiempo estimado de lectura\" \/>\n\t<meta name=\"twitter:data2\" content=\"4 minutos\" \/>\n<script type=\"application\/ld+json\" class=\"yoast-schema-graph\">{\"@context\":\"https:\\\/\\\/schema.org\",\"@graph\":[{\"@type\":\"Article\",\"@id\":\"https:\\\/\\\/digital58.com.ve\\\/site\\\/2025\\\/05\\\/31\\\/psg-gana-su-primera-champions-con-una-goleada-historica-al-inter\\\/#article\",\"isPartOf\":{\"@id\":\"https:\\\/\\\/digital58.com.ve\\\/site\\\/2025\\\/05\\\/31\\\/psg-gana-su-primera-champions-con-una-goleada-historica-al-inter\\\/\"},\"author\":{\"name\":\"Villasmil Henry\",\"@id\":\"https:\\\/\\\/digital58.com.ve\\\/site\\\/#\\\/schema\\\/person\\\/64d1c2e4d0d4fd1b849980c4331c2951\"},\"headline\":\"PSG gana su primera Champions con una goleada hist\u00f3rica al Inter\",\"datePublished\":\"2025-05-31T21:38:36+00:00\",\"dateModified\":\"2025-06-01T01:48:58+00:00\",\"mainEntityOfPage\":{\"@id\":\"https:\\\/\\\/digital58.com.ve\\\/site\\\/2025\\\/05\\\/31\\\/psg-gana-su-primera-champions-con-una-goleada-historica-al-inter\\\/\"},\"wordCount\":496,\"commentCount\":0,\"publisher\":{\"@id\":\"https:\\\/\\\/digital58.com.ve\\\/site\\\/#\\\/schema\\\/person\\\/64d1c2e4d0d4fd1b849980c4331c2951\"},\"image\":{\"@id\":\"https:\\\/\\\/digital58.com.ve\\\/site\\\/2025\\\/05\\\/31\\\/psg-gana-su-primera-champions-con-una-goleada-historica-al-inter\\\/#primaryimage\"},\"thumbnailUrl\":\"https:\\\/\\\/digital58.com.ve\\\/site\\\/wp-content\\\/uploads\\\/2025\\\/05\\\/psg-campeon-ucl2025-6.webp\",\"keywords\":[\"Alemania\",\"Final Champions League 2025\",\"Francia\",\"F\u00fatbol\",\"F\u00fatbol Internacional\",\"Inter de Mil\u00e1n\",\"Internacionales\",\"Italia\",\"M\u00fanich\",\"Par\u00eds Saint Germain\",\"PSG\",\"UEFA\"],\"articleSection\":[\"Deportes\"],\"inLanguage\":\"es\",\"potentialAction\":[{\"@type\":\"CommentAction\",\"name\":\"Comment\",\"target\":[\"https:\\\/\\\/digital58.com.ve\\\/site\\\/2025\\\/05\\\/31\\\/psg-gana-su-primera-champions-con-una-goleada-historica-al-inter\\\/#respond\"]}]},{\"@type\":\"WebPage\",\"@id\":\"https:\\\/\\\/digital58.com.ve\\\/site\\\/2025\\\/05\\\/31\\\/psg-gana-su-primera-champions-con-una-goleada-historica-al-inter\\\/\",\"url\":\"https:\\\/\\\/digital58.com.ve\\\/site\\\/2025\\\/05\\\/31\\\/psg-gana-su-primera-champions-con-una-goleada-historica-al-inter\\\/\",\"name\":\"PSG gana su primera Champions con una goleada hist\u00f3rica al Inter\",\"isPartOf\":{\"@id\":\"https:\\\/\\\/digital58.com.ve\\\/site\\\/#website\"},\"primaryImageOfPage\":{\"@id\":\"https:\\\/\\\/digital58.com.ve\\\/site\\\/2025\\\/05\\\/31\\\/psg-gana-su-primera-champions-con-una-goleada-historica-al-inter\\\/#primaryimage\"},\"image\":{\"@id\":\"https:\\\/\\\/digital58.com.ve\\\/site\\\/2025\\\/05\\\/31\\\/psg-gana-su-primera-champions-con-una-goleada-historica-al-inter\\\/#primaryimage\"},\"thumbnailUrl\":\"https:\\\/\\\/digital58.com.ve\\\/site\\\/wp-content\\\/uploads\\\/2025\\\/05\\\/psg-campeon-ucl2025-6.webp\",\"datePublished\":\"2025-05-31T21:38:36+00:00\",\"dateModified\":\"2025-06-01T01:48:58+00:00\",\"description\":\"El PSG conquista su primera Champions con una hist\u00f3rica goleada 5-0 al Inter en M\u00fanich, bajo la direcci\u00f3n de Luis Enrique.\",\"breadcrumb\":{\"@id\":\"https:\\\/\\\/digital58.com.ve\\\/site\\\/2025\\\/05\\\/31\\\/psg-gana-su-primera-champions-con-una-goleada-historica-al-inter\\\/#breadcrumb\"},\"inLanguage\":\"es\",\"potentialAction\":[{\"@type\":\"ReadAction\",\"target\":[\"https:\\\/\\\/digital58.com.ve\\\/site\\\/2025\\\/05\\\/31\\\/psg-gana-su-primera-champions-con-una-goleada-historica-al-inter\\\/\"]}]},{\"@type\":\"ImageObject\",\"inLanguage\":\"es\",\"@id\":\"https:\\\/\\\/digital58.com.ve\\\/site\\\/2025\\\/05\\\/31\\\/psg-gana-su-primera-champions-con-una-goleada-historica-al-inter\\\/#primaryimage\",\"url\":\"https:\\\/\\\/digital58.com.ve\\\/site\\\/wp-content\\\/uploads\\\/2025\\\/05\\\/psg-campeon-ucl2025-6.webp\",\"contentUrl\":\"https:\\\/\\\/digital58.com.ve\\\/site\\\/wp-content\\\/uploads\\\/2025\\\/05\\\/psg-campeon-ucl2025-6.webp\",\"width\":900,\"height\":600},{\"@type\":\"BreadcrumbList\",\"@id\":\"https:\\\/\\\/digital58.com.ve\\\/site\\\/2025\\\/05\\\/31\\\/psg-gana-su-primera-champions-con-una-goleada-historica-al-inter\\\/#breadcrumb\",\"itemListElement\":[{\"@type\":\"ListItem\",\"position\":1,\"name\":\"Home\",\"item\":\"https:\\\/\\\/digital58.com.ve\\\/site\\\/\"},{\"@type\":\"ListItem\",\"position\":2,\"name\":\"PSG gana su primera Champions con una goleada hist\u00f3rica al Inter\"}]},{\"@type\":\"WebSite\",\"@id\":\"https:\\\/\\\/digital58.com.ve\\\/site\\\/#website\",\"url\":\"https:\\\/\\\/digital58.com.ve\\\/site\\\/\",\"name\":\"Noticias Digital58\",\"description\":\"Portal de Noticias \u00a1Periodismo web de verdad! Lanzamiento web 22.11.2005 \\\/ Maracaibo, Venezuela\",\"publisher\":{\"@id\":\"https:\\\/\\\/digital58.com.ve\\\/site\\\/#\\\/schema\\\/person\\\/64d1c2e4d0d4fd1b849980c4331c2951\"},\"alternateName\":\"ND58\",\"potentialAction\":[{\"@type\":\"SearchAction\",\"target\":{\"@type\":\"EntryPoint\",\"urlTemplate\":\"https:\\\/\\\/digital58.com.ve\\\/site\\\/?s={search_term_string}\"},\"query-input\":{\"@type\":\"PropertyValueSpecification\",\"valueRequired\":true,\"valueName\":\"search_term_string\"}}],\"inLanguage\":\"es\"},{\"@type\":[\"Person\",\"Organization\"],\"@id\":\"https:\\\/\\\/digital58.com.ve\\\/site\\\/#\\\/schema\\\/person\\\/64d1c2e4d0d4fd1b849980c4331c2951\",\"name\":\"Villasmil Henry\",\"image\":{\"@type\":\"ImageObject\",\"inLanguage\":\"es\",\"@id\":\"https:\\\/\\\/secure.gravatar.com\\\/avatar\\\/bb0c4a2fcb7970138239f7e404ea75757b1b507b28b5ce4c53fbd62d797c5a7c?s=96&d=mm&r=g\",\"url\":\"https:\\\/\\\/secure.gravatar.com\\\/avatar\\\/bb0c4a2fcb7970138239f7e404ea75757b1b507b28b5ce4c53fbd62d797c5a7c?s=96&d=mm&r=g\",\"contentUrl\":\"https:\\\/\\\/secure.gravatar.com\\\/avatar\\\/bb0c4a2fcb7970138239f7e404ea75757b1b507b28b5ce4c53fbd62d797c5a7c?s=96&d=mm&r=g\",\"caption\":\"Villasmil Henry\"},\"logo\":{\"@id\":\"https:\\\/\\\/secure.gravatar.com\\\/avatar\\\/bb0c4a2fcb7970138239f7e404ea75757b1b507b28b5ce4c53fbd62d797c5a7c?s=96&d=mm&r=g\"},\"sameAs\":[\"http:\\\/\\\/www.henryvillasmil.com.ve\",\"https:\\\/\\\/www.instagram.com\\\/villasmilhfoto\\\/\",\"https:\\\/\\\/x.com\\\/https:\\\/\\\/twitter.com\\\/villasmilhfoto\"],\"url\":\"https:\\\/\\\/digital58.com.ve\\\/site\\\/author\\\/droopy_68\\\/\"}]}<\/script>\n<!-- \/ Yoast SEO plugin. -->","yoast_head_json":{"title":"PSG gana su primera Champions con una goleada hist\u00f3rica al Inter","description":"El PSG conquista su primera Champions con una hist\u00f3rica goleada 5-0 al Inter en M\u00fanich, bajo la direcci\u00f3n de Luis Enrique.","robots":{"index":"index","follow":"follow","max-snippet":"max-snippet:-1","max-image-preview":"max-image-preview:large","max-video-preview":"max-video-preview:-1"},"canonical":"https:\/\/digital58.com.ve\/site\/2025\/05\/31\/psg-gana-su-primera-champions-con-una-goleada-historica-al-inter\/","og_locale":"es_ES","og_type":"article","og_title":"PSG gana su primera Champions con una goleada hist\u00f3rica al Inter","og_description":"El PSG conquista su primera Champions con una hist\u00f3rica goleada 5-0 al Inter en M\u00fanich, bajo la direcci\u00f3n de Luis Enrique.","og_url":"https:\/\/digital58.com.ve\/site\/2025\/05\/31\/psg-gana-su-primera-champions-con-una-goleada-historica-al-inter\/","og_site_name":"Noticias Digital58","article_published_time":"2025-05-31T21:38:36+00:00","article_modified_time":"2025-06-01T01:48:58+00:00","og_image":[{"width":900,"height":600,"url":"https:\/\/digital58.com.ve\/site\/wp-content\/uploads\/2025\/05\/psg-campeon-ucl2025-6.webp","type":"image\/webp"}],"author":"Villasmil Henry","twitter_card":"summary_large_image","twitter_creator":"@https:\/\/twitter.com\/villasmilhfoto","twitter_site":"@villasmilhfoto","twitter_misc":{"Escrito por":"Villasmil Henry","Tiempo estimado de lectura":"4 minutos"},"schema":{"@context":"https:\/\/schema.org","@graph":[{"@type":"Article","@id":"https:\/\/digital58.com.ve\/site\/2025\/05\/31\/psg-gana-su-primera-champions-con-una-goleada-historica-al-inter\/#article","isPartOf":{"@id":"https:\/\/digital58.com.ve\/site\/2025\/05\/31\/psg-gana-su-primera-champions-con-una-goleada-historica-al-inter\/"},"author":{"name":"Villasmil Henry","@id":"https:\/\/digital58.com.ve\/site\/#\/schema\/person\/64d1c2e4d0d4fd1b849980c4331c2951"},"headline":"PSG gana su primera Champions con una goleada hist\u00f3rica al Inter","datePublished":"2025-05-31T21:38:36+00:00","dateModified":"2025-06-01T01:48:58+00:00","mainEntityOfPage":{"@id":"https:\/\/digital58.com.ve\/site\/2025\/05\/31\/psg-gana-su-primera-champions-con-una-goleada-historica-al-inter\/"},"wordCount":496,"commentCount":0,"publisher":{"@id":"https:\/\/digital58.com.ve\/site\/#\/schema\/person\/64d1c2e4d0d4fd1b849980c4331c2951"},"image":{"@id":"https:\/\/digital58.com.ve\/site\/2025\/05\/31\/psg-gana-su-primera-champions-con-una-goleada-historica-al-inter\/#primaryimage"},"thumbnailUrl":"https:\/\/digital58.com.ve\/site\/wp-content\/uploads\/2025\/05\/psg-campeon-ucl2025-6.webp","keywords":["Alemania","Final Champions League 2025","Francia","F\u00fatbol","F\u00fatbol Internacional","Inter de Mil\u00e1n","Internacionales","Italia","M\u00fanich","Par\u00eds Saint Germain","PSG","UEFA"],"articleSection":["Deportes"],"inLanguage":"es","potentialAction":[{"@type":"CommentAction","name":"Comment","target":["https:\/\/digital58.com.ve\/site\/2025\/05\/31\/psg-gana-su-primera-champions-con-una-goleada-historica-al-inter\/#respond"]}]},{"@type":"WebPage","@id":"https:\/\/digital58.com.ve\/site\/2025\/05\/31\/psg-gana-su-primera-champions-con-una-goleada-historica-al-inter\/","url":"https:\/\/digital58.com.ve\/site\/2025\/05\/31\/psg-gana-su-primera-champions-con-una-goleada-historica-al-inter\/","name":"PSG gana su primera Champions con una goleada hist\u00f3rica al Inter","isPartOf":{"@id":"https:\/\/digital58.com.ve\/site\/#website"},"primaryImageOfPage":{"@id":"https:\/\/digital58.com.ve\/site\/2025\/05\/31\/psg-gana-su-primera-champions-con-una-goleada-historica-al-inter\/#primaryimage"},"image":{"@id":"https:\/\/digital58.com.ve\/site\/2025\/05\/31\/psg-gana-su-primera-champions-con-una-goleada-historica-al-inter\/#primaryimage"},"thumbnailUrl":"https:\/\/digital58.com.ve\/site\/wp-content\/uploads\/2025\/05\/psg-campeon-ucl2025-6.webp","datePublished":"2025-05-31T21:38:36+00:00","dateModified":"2025-06-01T01:48:58+00:00","description":"El PSG conquista su primera Champions con una hist\u00f3rica goleada 5-0 al Inter en M\u00fanich, bajo la direcci\u00f3n de Luis Enrique.","breadcrumb":{"@id":"https:\/\/digital58.com.ve\/site\/2025\/05\/31\/psg-gana-su-primera-champions-con-una-goleada-historica-al-inter\/#breadcrumb"},"inLanguage":"es","potentialAction":[{"@type":"ReadAction","target":["https:\/\/digital58.com.ve\/site\/2025\/05\/31\/psg-gana-su-primera-champions-con-una-goleada-historica-al-inter\/"]}]},{"@type":"ImageObject","inLanguage":"es","@id":"https:\/\/digital58.com.ve\/site\/2025\/05\/31\/psg-gana-su-primera-champions-con-una-goleada-historica-al-inter\/#primaryimage","url":"https:\/\/digital58.com.ve\/site\/wp-content\/uploads\/2025\/05\/psg-campeon-ucl2025-6.webp","contentUrl":"https:\/\/digital58.com.ve\/site\/wp-content\/uploads\/2025\/05\/psg-campeon-ucl2025-6.webp","width":900,"height":600},{"@type":"BreadcrumbList","@id":"https:\/\/digital58.com.ve\/site\/2025\/05\/31\/psg-gana-su-primera-champions-con-una-goleada-historica-al-inter\/#breadcrumb","itemListElement":[{"@type":"ListItem","position":1,"name":"Home","item":"https:\/\/digital58.com.ve\/site\/"},{"@type":"ListItem","position":2,"name":"PSG gana su primera Champions con una goleada hist\u00f3rica al Inter"}]},{"@type":"WebSite","@id":"https:\/\/digital58.com.ve\/site\/#website","url":"https:\/\/digital58.com.ve\/site\/","name":"Noticias Digital58","description":"Portal de Noticias \u00a1Periodismo web de verdad! Lanzamiento web 22.11.2005 \/ Maracaibo, Venezuela","publisher":{"@id":"https:\/\/digital58.com.ve\/site\/#\/schema\/person\/64d1c2e4d0d4fd1b849980c4331c2951"},"alternateName":"ND58","potentialAction":[{"@type":"SearchAction","target":{"@type":"EntryPoint","urlTemplate":"https:\/\/digital58.com.ve\/site\/?s={search_term_string}"},"query-input":{"@type":"PropertyValueSpecification","valueRequired":true,"valueName":"search_term_string"}}],"inLanguage":"es"},{"@type":["Person","Organization"],"@id":"https:\/\/digital58.com.ve\/site\/#\/schema\/person\/64d1c2e4d0d4fd1b849980c4331c2951","name":"Villasmil Henry","image":{"@type":"ImageObject","inLanguage":"es","@id":"https:\/\/secure.gravatar.com\/avatar\/bb0c4a2fcb7970138239f7e404ea75757b1b507b28b5ce4c53fbd62d797c5a7c?s=96&d=mm&r=g","url":"https:\/\/secure.gravatar.com\/avatar\/bb0c4a2fcb7970138239f7e404ea75757b1b507b28b5ce4c53fbd62d797c5a7c?s=96&d=mm&r=g","contentUrl":"https:\/\/secure.gravatar.com\/avatar\/bb0c4a2fcb7970138239f7e404ea75757b1b507b28b5ce4c53fbd62d797c5a7c?s=96&d=mm&r=g","caption":"Villasmil Henry"},"logo":{"@id":"https:\/\/secure.gravatar.com\/avatar\/bb0c4a2fcb7970138239f7e404ea75757b1b507b28b5ce4c53fbd62d797c5a7c?s=96&d=mm&r=g"},"sameAs":["http:\/\/www.henryvillasmil.com.ve","https:\/\/www.instagram.com\/villasmilhfoto\/","https:\/\/x.com\/https:\/\/twitter.com\/villasmilhfoto"],"url":"https:\/\/digital58.com.ve\/site\/author\/droopy_68\/"}]}},"uagb_featured_image_src":{"full":["https:\/\/digital58.com.ve\/site\/wp-content\/uploads\/2025\/05\/psg-campeon-ucl2025-6.webp",900,600,false],"thumbnail":["https:\/\/digital58.com.ve\/site\/wp-content\/uploads\/2025\/05\/psg-campeon-ucl2025-6-150x150.webp",150,150,true],"medium":["https:\/\/digital58.com.ve\/site\/wp-content\/uploads\/2025\/05\/psg-campeon-ucl2025-6-300x200.webp",300,200,true],"medium_large":["https:\/\/digital58.com.ve\/site\/wp-content\/uploads\/2025\/05\/psg-campeon-ucl2025-6-768x512.webp",768,512,true],"large":["https:\/\/digital58.com.ve\/site\/wp-content\/uploads\/2025\/05\/psg-campeon-ucl2025-6.webp",800,533,false],"1536x1536":["https:\/\/digital58.com.ve\/site\/wp-content\/uploads\/2025\/05\/psg-campeon-ucl2025-6.webp",900,600,false],"2048x2048":["https:\/\/digital58.com.ve\/site\/wp-content\/uploads\/2025\/05\/psg-campeon-ucl2025-6.webp",900,600,false],"colormag-highlighted-post":["https:\/\/digital58.com.ve\/site\/wp-content\/uploads\/2025\/05\/psg-campeon-ucl2025-6-392x272.webp",392,272,true],"colormag-featured-post-medium":["https:\/\/digital58.com.ve\/site\/wp-content\/uploads\/2025\/05\/psg-campeon-ucl2025-6-390x205.webp",390,205,true],"colormag-featured-post-small":["https:\/\/digital58.com.ve\/site\/wp-content\/uploads\/2025\/05\/psg-campeon-ucl2025-6-130x90.webp",130,90,true],"colormag-featured-image":["https:\/\/digital58.com.ve\/site\/wp-content\/uploads\/2025\/05\/psg-campeon-ucl2025-6-800x445.webp",800,445,true],"colormag-default-news":["https:\/\/digital58.com.ve\/site\/wp-content\/uploads\/2025\/05\/psg-campeon-ucl2025-6-150x150.webp",150,150,true],"colormag-featured-image-large":["https:\/\/digital58.com.ve\/site\/wp-content\/uploads\/2025\/05\/psg-campeon-ucl2025-6.webp",900,600,false]},"uagb_author_info":{"display_name":"Villasmil Henry","author_link":"https:\/\/digital58.com.ve\/site\/author\/droopy_68\/"},"uagb_comment_info":0,"uagb_excerpt":"El equipo de Luis Enrique conquista la Liga de Campeones con una exhibici\u00f3n t\u00e1ctica en M\u00fanich y sella el primer","_links":{"self":[{"href":"https:\/\/digital58.com.ve\/site\/wp-json\/wp\/v2\/posts\/187745","targetHints":{"allow":["GET"]}}],"collection":[{"href":"https:\/\/digital58.com.ve\/site\/wp-json\/wp\/v2\/posts"}],"about":[{"href":"https:\/\/digital58.com.ve\/site\/wp-json\/wp\/v2\/types\/post"}],"author":[{"embeddable":true,"href":"https:\/\/digital58.com.ve\/site\/wp-json\/wp\/v2\/users\/1"}],"replies":[{"embeddable":true,"href":"https:\/\/digital58.com.ve\/site\/wp-json\/wp\/v2\/comments?post=187745"}],"version-history":[{"count":2,"href":"https:\/\/digital58.com.ve\/site\/wp-json\/wp\/v2\/posts\/187745\/revisions"}],"predecessor-version":[{"id":187753,"href":"https:\/\/digital58.com.ve\/site\/wp-json\/wp\/v2\/posts\/187745\/revisions\/187753"}],"wp:featuredmedia":[{"embeddable":true,"href":"https:\/\/digital58.com.ve\/site\/wp-json\/wp\/v2\/media\/187749"}],"wp:attachment":[{"href":"https:\/\/digital58.com.ve\/site\/wp-json\/wp\/v2\/media?parent=187745"}],"wp:term":[{"taxonomy":"category","embeddable":true,"href":"https:\/\/digital58.com.ve\/site\/wp-json\/wp\/v2\/categories?post=187745"},{"taxonomy":"post_tag","embeddable":true,"href":"https:\/\/digital58.com.ve\/site\/wp-json\/wp\/v2\/tags?post=187745"}],"curies":[{"name":"wp","href":"https:\/\/api.w.org\/{rel}","templated":true}]}}