{"id":187754,"date":"2025-05-31T21:49:26","date_gmt":"2025-06-01T01:49:26","guid":{"rendered":"https:\/\/digital58.com.ve\/site\/?p=187754"},"modified":"2025-05-31T21:49:26","modified_gmt":"2025-06-01T01:49:26","slug":"celebracion-del-psg-en-paris-deja-casi-300-detenidos-por-disturbios","status":"publish","type":"post","link":"https:\/\/digital58.com.ve\/site\/2025\/05\/31\/celebracion-del-psg-en-paris-deja-casi-300-detenidos-por-disturbios\/","title":{"rendered":"Celebraci\u00f3n del PSG en Par\u00eds deja casi 300 detenidos por disturbios"},"content":{"rendered":"<p><a class=\"keychainify-checked\" href=\"https:\/\/digital58.com.ve\/site\/wp-content\/uploads\/2025\/05\/psg-campeon-disturbios-paris-1.webp\"><img loading=\"lazy\" decoding=\"async\" class=\"aligncenter wp-image-187758 size-full\" src=\"https:\/\/digital58.com.ve\/site\/wp-content\/uploads\/2025\/05\/psg-campeon-disturbios-paris-1.webp\" alt=\"La victoria del Paris Saint-Germain en la final de la Liga de Campeones desat\u00f3 una celebraci\u00f3n multitudinaria en Par\u00eds la noche del s\u00e1bado, que degener\u00f3 en disturbios con al menos 294 personas detenidas, seg\u00fan inform\u00f3 la Prefectura de Polic\u00eda.\" width=\"900\" height=\"600\" srcset=\"https:\/\/digital58.com.ve\/site\/wp-content\/uploads\/2025\/05\/psg-campeon-disturbios-paris-1.webp 900w, https:\/\/digital58.com.ve\/site\/wp-content\/uploads\/2025\/05\/psg-campeon-disturbios-paris-1-300x200.webp 300w, https:\/\/digital58.com.ve\/site\/wp-content\/uploads\/2025\/05\/psg-campeon-disturbios-paris-1-768x512.webp 768w\" sizes=\"auto, (max-width: 900px) 100vw, 900px\" \/><\/a><\/p>\n<blockquote><p>Los festejos por el triunfo del PSG en la Liga de Campeones derivaron en altercados en los Campos El\u00edseos y otras zonas, con intervenci\u00f3n masiva de la polic\u00eda.<\/p><\/blockquote>\n<p><strong>Francia, 31 de mayo de 2025 (ND58).-<\/strong> La victoria del Paris Saint-Germain en la final de la Liga de Campeones desat\u00f3 una celebraci\u00f3n multitudinaria en Par\u00eds la noche del s\u00e1bado, que degener\u00f3 en disturbios con al menos 294 personas detenidas, seg\u00fan inform\u00f3 la Prefectura de Polic\u00eda.<\/p>\n<p><a class=\"keychainify-checked\" href=\"https:\/\/digital58.com.ve\/site\/wp-content\/uploads\/2025\/05\/psg-campeon-disturbios-paris-2.webp\"><img loading=\"lazy\" decoding=\"async\" class=\"aligncenter size-full wp-image-187757\" src=\"https:\/\/digital58.com.ve\/site\/wp-content\/uploads\/2025\/05\/psg-campeon-disturbios-paris-2.webp\" alt=\"\" width=\"900\" height=\"600\" srcset=\"https:\/\/digital58.com.ve\/site\/wp-content\/uploads\/2025\/05\/psg-campeon-disturbios-paris-2.webp 900w, https:\/\/digital58.com.ve\/site\/wp-content\/uploads\/2025\/05\/psg-campeon-disturbios-paris-2-300x200.webp 300w, https:\/\/digital58.com.ve\/site\/wp-content\/uploads\/2025\/05\/psg-campeon-disturbios-paris-2-768x512.webp 768w\" sizes=\"auto, (max-width: 900px) 100vw, 900px\" \/><\/a><\/p>\n<h2>Casi 300 detenidos tras los festejos por el PSG<\/h2>\n<p>Par\u00eds vivi\u00f3 una noche de contrastes el s\u00e1bado: por un lado, la euforia por el contundente 5-0 del PSG en la final de la Liga de Campeones; por el otro, los disturbios registrados principalmente en los Campos El\u00edseos, donde actuaron unidades antidisturbios.<\/p>\n<p>A las 00:00 GMT del domingo, las autoridades reportaron 294 detenidos, aunque no se registraron heridos graves.<\/p>\n<p>La Torre Eiffel se ilumin\u00f3 con los colores del club parisino mientras miles de seguidores se congregaban en la ciudad. La Prefectura de Polic\u00eda despleg\u00f3 5.400 agentes en previsi\u00f3n de incidentes, cifra superior a la de operativos anteriores.<\/p>\n<p><a class=\"keychainify-checked\" href=\"https:\/\/digital58.com.ve\/site\/wp-content\/uploads\/2025\/05\/psg-campeon-disturbios-paris-3.webp\"><img loading=\"lazy\" decoding=\"async\" class=\"aligncenter size-full wp-image-187756\" src=\"https:\/\/digital58.com.ve\/site\/wp-content\/uploads\/2025\/05\/psg-campeon-disturbios-paris-3.webp\" alt=\"\" width=\"900\" height=\"600\" srcset=\"https:\/\/digital58.com.ve\/site\/wp-content\/uploads\/2025\/05\/psg-campeon-disturbios-paris-3.webp 900w, https:\/\/digital58.com.ve\/site\/wp-content\/uploads\/2025\/05\/psg-campeon-disturbios-paris-3-300x200.webp 300w, https:\/\/digital58.com.ve\/site\/wp-content\/uploads\/2025\/05\/psg-campeon-disturbios-paris-3-768x512.webp 768w\" sizes=\"auto, (max-width: 900px) 100vw, 900px\" \/><\/a><\/p>\n<h2>Incidentes en los Campos El\u00edseos y zonas cercanas<\/h2>\n<p>Ya en el segundo tiempo del partido comenzaron los primeros enfrentamientos entre grupos de encapuchados y fuerzas del orden. Las autoridades identificaron a estos individuos como ajenos a la celebraci\u00f3n deportiva.<\/p>\n<p><strong>\u00abMientras los aut\u00e9nticos aficionados celebran, grupos de b\u00e1rbaros salen a cometer delitos\u00bb<\/strong>, denunci\u00f3 el ministro del Interior, Bruno Retailleau. La polic\u00eda utiliz\u00f3 ca\u00f1ones de agua para dispersar a los manifestantes cerca del Arco del Triunfo.<\/p>\n<p>Los agentes tambi\u00e9n recurrieron a gases lacrim\u00f3genos para contener a quienes lanzaban fuegos artificiales y otros proyectiles. Varias tiendas protegieron sus vitrinas con madera, pero una tienda de calzado fue saqueada, con m\u00e1s de 30 arrestos.<\/p>\n<h2>Da\u00f1os materiales y actos vand\u00e1licos<\/h2>\n<p>Los disturbios no se limitaron al centro. En la Puerta de Saint Cloud, se reportaron veh\u00edculos incendiados y destrozos en mobiliario urbano. La polic\u00eda intervino para evitar que los actos violentos escalaran.<\/p>\n<p>Adem\u00e1s, algunos individuos intentaron bloquear la autopista de circunvalaci\u00f3n de Par\u00eds. Nueve personas fueron detenidas por este intento de corte, seg\u00fan la Prefectura.<\/p>\n<h2>Festejos pac\u00edficos en otras zonas<\/h2>\n<p>Pese a los incidentes, otras \u00e1reas de Par\u00eds vivieron una celebraci\u00f3n sin violencia. En plazas como la de la Rep\u00fablica y la Bastilla, miles de personas festejaron de forma intensa pero pac\u00edfica.<\/p>\n<p>Tambi\u00e9n se reportaron concentraciones en barrios como Saint Germain, donde fue necesario evacuar una calle por un incendio menor originado por artefactos pirot\u00e9cnicos.<\/p>\n<p><a class=\"keychainify-checked\" href=\"https:\/\/digital58.com.ve\/site\/wp-content\/uploads\/2025\/05\/psg-campeon-disturbios-paris-4.webp\"><img loading=\"lazy\" decoding=\"async\" class=\"aligncenter size-full wp-image-187755\" src=\"https:\/\/digital58.com.ve\/site\/wp-content\/uploads\/2025\/05\/psg-campeon-disturbios-paris-4.webp\" alt=\"\" width=\"900\" height=\"600\" srcset=\"https:\/\/digital58.com.ve\/site\/wp-content\/uploads\/2025\/05\/psg-campeon-disturbios-paris-4.webp 900w, https:\/\/digital58.com.ve\/site\/wp-content\/uploads\/2025\/05\/psg-campeon-disturbios-paris-4-300x200.webp 300w, https:\/\/digital58.com.ve\/site\/wp-content\/uploads\/2025\/05\/psg-campeon-disturbios-paris-4-768x512.webp 768w\" sizes=\"auto, (max-width: 900px) 100vw, 900px\" \/><\/a><\/p>\n<h2>Operativo policial sin precedentes<\/h2>\n<p>La Prefectura de Polic\u00eda hab\u00eda preparado un despliegue especial tras los disturbios registrados en la semifinal contra el Arsenal. Aun as\u00ed, la masiva movilizaci\u00f3n de seguidores super\u00f3 las previsiones.<\/p>\n<p>El balance general de la noche fue de una ciudad dividida entre la alegr\u00eda por el triunfo y la preocupaci\u00f3n por la violencia. Las autoridades siguen evaluando las consecuencias y los da\u00f1os.<\/p>\n<p><strong>Sala de redacci\u00f3n ND58 | Fuente: EFE<\/strong><br \/>\n<strong>Edici\u00f3n: Villasmil, Henry<\/strong><br \/>\n<strong>Gr\u00e1ficas: EFE<\/strong><\/p>\n<p>&nbsp;<\/p><div class=\"igwyr69f26b4899b9d\" ><p style=\"text-align: center;\"><a href=\"https:\/\/t.me\/noticiasdigital58\" target=\"_blank\" rel=\"noopener\"><img class=\"aligncenter size-full wp-image-125363\" src=\"https:\/\/digital58.com.ve\/site\/wp-content\/uploads\/2021\/04\/banner-telegram-web-2021.png\" alt=\"\" width=\"600\" height=\"90\" \/><\/a><\/p><\/div><style type=\"text\/css\">\r\n@media screen and (min-width: 1201px) {\r\n.igwyr69f26b4899b9d {\r\ndisplay: block;\r\n}\r\n}\r\n@media screen and (min-width: 993px) and (max-width: 1200px) {\r\n.igwyr69f26b4899b9d {\r\ndisplay: block;\r\n}\r\n}\r\n@media screen and (min-width: 769px) and (max-width: 992px) {\r\n.igwyr69f26b4899b9d {\r\ndisplay: block;\r\n}\r\n}\r\n@media screen and (min-width: 768px) and (max-width: 768px) {\r\n.igwyr69f26b4899b9d {\r\ndisplay: block;\r\n}\r\n}\r\n@media screen and (max-width: 767px) {\r\n.igwyr69f26b4899b9d {\r\ndisplay: block;\r\n}\r\n}\r\n<\/style>\r\n\n<p>&nbsp;<\/p>\n<div style=\"margin-top: 0px; margin-bottom: 0px;\" class=\"sharethis-inline-share-buttons\" ><\/div>","protected":false},"excerpt":{"rendered":"<p>Los festejos por el triunfo del PSG en la Liga de Campeones derivaron en altercados en los Campos El\u00edseos y<\/p>\n","protected":false},"author":1,"featured_media":187757,"comment_status":"open","ping_status":"closed","sticky":false,"template":"","format":"standard","meta":{"colormag_page_container_layout":"default_layout","colormag_page_sidebar_layout":"default_layout","_uag_custom_page_level_css":"","footnotes":""},"categories":[5402],"tags":[38,13792,35015,40,13,41,12677,8,42,10875,8674,6643,43],"class_list":["post-187754","post","type-post","status-publish","format-standard","has-post-thumbnail","hentry","category-deportes","tag-alemania","tag-disturbios","tag-final-champions-league-2025","tag-francia","tag-futbol","tag-futbol-internacional","tag-inter-de-milan","tag-internacionales","tag-italia","tag-munich","tag-paris-saint-germain","tag-psg","tag-uefa"],"yoast_head":"<!-- This site is optimized with the Yoast SEO plugin v27.5 - https:\/\/yoast.com\/product\/yoast-seo-wordpress\/ -->\n<title>Celebraci\u00f3n del PSG en Par\u00eds deja casi 300 detenidos por disturbios<\/title>\n<meta name=\"description\" content=\"Celebraci\u00f3n del PSG en Par\u00eds termina con casi 300 detenidos por disturbios y fuertes da\u00f1os materiales en zonas c\u00e9ntricas.\" \/>\n<meta name=\"robots\" content=\"index, follow, max-snippet:-1, max-image-preview:large, max-video-preview:-1\" \/>\n<link rel=\"canonical\" href=\"https:\/\/digital58.com.ve\/site\/2025\/05\/31\/celebracion-del-psg-en-paris-deja-casi-300-detenidos-por-disturbios\/\" \/>\n<meta property=\"og:locale\" content=\"es_ES\" \/>\n<meta property=\"og:type\" content=\"article\" \/>\n<meta property=\"og:title\" content=\"Celebraci\u00f3n del PSG en Par\u00eds deja casi 300 detenidos por disturbios\" \/>\n<meta property=\"og:description\" content=\"Celebraci\u00f3n del PSG en Par\u00eds termina con casi 300 detenidos por disturbios y fuertes da\u00f1os materiales en zonas c\u00e9ntricas.\" \/>\n<meta property=\"og:url\" content=\"https:\/\/digital58.com.ve\/site\/2025\/05\/31\/celebracion-del-psg-en-paris-deja-casi-300-detenidos-por-disturbios\/\" \/>\n<meta property=\"og:site_name\" content=\"Noticias Digital58\" \/>\n<meta property=\"article:published_time\" content=\"2025-06-01T01:49:26+00:00\" \/>\n<meta property=\"og:image\" content=\"https:\/\/digital58.com.ve\/site\/wp-content\/uploads\/2025\/05\/psg-campeon-disturbios-paris-2.webp\" \/>\n\t<meta property=\"og:image:width\" content=\"900\" \/>\n\t<meta property=\"og:image:height\" content=\"600\" \/>\n\t<meta property=\"og:image:type\" content=\"image\/webp\" \/>\n<meta name=\"author\" content=\"Villasmil Henry\" \/>\n<meta name=\"twitter:card\" content=\"summary_large_image\" \/>\n<meta name=\"twitter:creator\" content=\"@https:\/\/twitter.com\/villasmilhfoto\" \/>\n<meta name=\"twitter:site\" content=\"@villasmilhfoto\" \/>\n<meta name=\"twitter:label1\" content=\"Escrito por\" \/>\n\t<meta name=\"twitter:data1\" content=\"Villasmil Henry\" \/>\n\t<meta name=\"twitter:label2\" content=\"Tiempo estimado de lectura\" \/>\n\t<meta name=\"twitter:data2\" content=\"4 minutos\" \/>\n<script type=\"application\/ld+json\" class=\"yoast-schema-graph\">{\"@context\":\"https:\\\/\\\/schema.org\",\"@graph\":[{\"@type\":\"Article\",\"@id\":\"https:\\\/\\\/digital58.com.ve\\\/site\\\/2025\\\/05\\\/31\\\/celebracion-del-psg-en-paris-deja-casi-300-detenidos-por-disturbios\\\/#article\",\"isPartOf\":{\"@id\":\"https:\\\/\\\/digital58.com.ve\\\/site\\\/2025\\\/05\\\/31\\\/celebracion-del-psg-en-paris-deja-casi-300-detenidos-por-disturbios\\\/\"},\"author\":{\"name\":\"Villasmil Henry\",\"@id\":\"https:\\\/\\\/digital58.com.ve\\\/site\\\/#\\\/schema\\\/person\\\/64d1c2e4d0d4fd1b849980c4331c2951\"},\"headline\":\"Celebraci\u00f3n del PSG en Par\u00eds deja casi 300 detenidos por disturbios\",\"datePublished\":\"2025-06-01T01:49:26+00:00\",\"mainEntityOfPage\":{\"@id\":\"https:\\\/\\\/digital58.com.ve\\\/site\\\/2025\\\/05\\\/31\\\/celebracion-del-psg-en-paris-deja-casi-300-detenidos-por-disturbios\\\/\"},\"wordCount\":539,\"commentCount\":0,\"publisher\":{\"@id\":\"https:\\\/\\\/digital58.com.ve\\\/site\\\/#\\\/schema\\\/person\\\/64d1c2e4d0d4fd1b849980c4331c2951\"},\"image\":{\"@id\":\"https:\\\/\\\/digital58.com.ve\\\/site\\\/2025\\\/05\\\/31\\\/celebracion-del-psg-en-paris-deja-casi-300-detenidos-por-disturbios\\\/#primaryimage\"},\"thumbnailUrl\":\"https:\\\/\\\/digital58.com.ve\\\/site\\\/wp-content\\\/uploads\\\/2025\\\/05\\\/psg-campeon-disturbios-paris-2.webp\",\"keywords\":[\"Alemania\",\"Disturbios\",\"Final Champions League 2025\",\"Francia\",\"F\u00fatbol\",\"F\u00fatbol Internacional\",\"Inter de Mil\u00e1n\",\"Internacionales\",\"Italia\",\"M\u00fanich\",\"Par\u00eds Saint Germain\",\"PSG\",\"UEFA\"],\"articleSection\":[\"Deportes\"],\"inLanguage\":\"es\",\"potentialAction\":[{\"@type\":\"CommentAction\",\"name\":\"Comment\",\"target\":[\"https:\\\/\\\/digital58.com.ve\\\/site\\\/2025\\\/05\\\/31\\\/celebracion-del-psg-en-paris-deja-casi-300-detenidos-por-disturbios\\\/#respond\"]}]},{\"@type\":\"WebPage\",\"@id\":\"https:\\\/\\\/digital58.com.ve\\\/site\\\/2025\\\/05\\\/31\\\/celebracion-del-psg-en-paris-deja-casi-300-detenidos-por-disturbios\\\/\",\"url\":\"https:\\\/\\\/digital58.com.ve\\\/site\\\/2025\\\/05\\\/31\\\/celebracion-del-psg-en-paris-deja-casi-300-detenidos-por-disturbios\\\/\",\"name\":\"Celebraci\u00f3n del PSG en Par\u00eds deja casi 300 detenidos por disturbios\",\"isPartOf\":{\"@id\":\"https:\\\/\\\/digital58.com.ve\\\/site\\\/#website\"},\"primaryImageOfPage\":{\"@id\":\"https:\\\/\\\/digital58.com.ve\\\/site\\\/2025\\\/05\\\/31\\\/celebracion-del-psg-en-paris-deja-casi-300-detenidos-por-disturbios\\\/#primaryimage\"},\"image\":{\"@id\":\"https:\\\/\\\/digital58.com.ve\\\/site\\\/2025\\\/05\\\/31\\\/celebracion-del-psg-en-paris-deja-casi-300-detenidos-por-disturbios\\\/#primaryimage\"},\"thumbnailUrl\":\"https:\\\/\\\/digital58.com.ve\\\/site\\\/wp-content\\\/uploads\\\/2025\\\/05\\\/psg-campeon-disturbios-paris-2.webp\",\"datePublished\":\"2025-06-01T01:49:26+00:00\",\"description\":\"Celebraci\u00f3n del PSG en Par\u00eds termina con casi 300 detenidos por disturbios y fuertes da\u00f1os materiales en zonas c\u00e9ntricas.\",\"breadcrumb\":{\"@id\":\"https:\\\/\\\/digital58.com.ve\\\/site\\\/2025\\\/05\\\/31\\\/celebracion-del-psg-en-paris-deja-casi-300-detenidos-por-disturbios\\\/#breadcrumb\"},\"inLanguage\":\"es\",\"potentialAction\":[{\"@type\":\"ReadAction\",\"target\":[\"https:\\\/\\\/digital58.com.ve\\\/site\\\/2025\\\/05\\\/31\\\/celebracion-del-psg-en-paris-deja-casi-300-detenidos-por-disturbios\\\/\"]}]},{\"@type\":\"ImageObject\",\"inLanguage\":\"es\",\"@id\":\"https:\\\/\\\/digital58.com.ve\\\/site\\\/2025\\\/05\\\/31\\\/celebracion-del-psg-en-paris-deja-casi-300-detenidos-por-disturbios\\\/#primaryimage\",\"url\":\"https:\\\/\\\/digital58.com.ve\\\/site\\\/wp-content\\\/uploads\\\/2025\\\/05\\\/psg-campeon-disturbios-paris-2.webp\",\"contentUrl\":\"https:\\\/\\\/digital58.com.ve\\\/site\\\/wp-content\\\/uploads\\\/2025\\\/05\\\/psg-campeon-disturbios-paris-2.webp\",\"width\":900,\"height\":600},{\"@type\":\"BreadcrumbList\",\"@id\":\"https:\\\/\\\/digital58.com.ve\\\/site\\\/2025\\\/05\\\/31\\\/celebracion-del-psg-en-paris-deja-casi-300-detenidos-por-disturbios\\\/#breadcrumb\",\"itemListElement\":[{\"@type\":\"ListItem\",\"position\":1,\"name\":\"Home\",\"item\":\"https:\\\/\\\/digital58.com.ve\\\/site\\\/\"},{\"@type\":\"ListItem\",\"position\":2,\"name\":\"Celebraci\u00f3n del PSG en Par\u00eds deja casi 300 detenidos por disturbios\"}]},{\"@type\":\"WebSite\",\"@id\":\"https:\\\/\\\/digital58.com.ve\\\/site\\\/#website\",\"url\":\"https:\\\/\\\/digital58.com.ve\\\/site\\\/\",\"name\":\"Noticias Digital58\",\"description\":\"Portal de Noticias \u00a1Periodismo web de verdad! Lanzamiento web 22.11.2005 \\\/ Maracaibo, Venezuela\",\"publisher\":{\"@id\":\"https:\\\/\\\/digital58.com.ve\\\/site\\\/#\\\/schema\\\/person\\\/64d1c2e4d0d4fd1b849980c4331c2951\"},\"alternateName\":\"ND58\",\"potentialAction\":[{\"@type\":\"SearchAction\",\"target\":{\"@type\":\"EntryPoint\",\"urlTemplate\":\"https:\\\/\\\/digital58.com.ve\\\/site\\\/?s={search_term_string}\"},\"query-input\":{\"@type\":\"PropertyValueSpecification\",\"valueRequired\":true,\"valueName\":\"search_term_string\"}}],\"inLanguage\":\"es\"},{\"@type\":[\"Person\",\"Organization\"],\"@id\":\"https:\\\/\\\/digital58.com.ve\\\/site\\\/#\\\/schema\\\/person\\\/64d1c2e4d0d4fd1b849980c4331c2951\",\"name\":\"Villasmil Henry\",\"image\":{\"@type\":\"ImageObject\",\"inLanguage\":\"es\",\"@id\":\"https:\\\/\\\/secure.gravatar.com\\\/avatar\\\/bb0c4a2fcb7970138239f7e404ea75757b1b507b28b5ce4c53fbd62d797c5a7c?s=96&d=mm&r=g\",\"url\":\"https:\\\/\\\/secure.gravatar.com\\\/avatar\\\/bb0c4a2fcb7970138239f7e404ea75757b1b507b28b5ce4c53fbd62d797c5a7c?s=96&d=mm&r=g\",\"contentUrl\":\"https:\\\/\\\/secure.gravatar.com\\\/avatar\\\/bb0c4a2fcb7970138239f7e404ea75757b1b507b28b5ce4c53fbd62d797c5a7c?s=96&d=mm&r=g\",\"caption\":\"Villasmil Henry\"},\"logo\":{\"@id\":\"https:\\\/\\\/secure.gravatar.com\\\/avatar\\\/bb0c4a2fcb7970138239f7e404ea75757b1b507b28b5ce4c53fbd62d797c5a7c?s=96&d=mm&r=g\"},\"sameAs\":[\"http:\\\/\\\/www.henryvillasmil.com.ve\",\"https:\\\/\\\/www.instagram.com\\\/villasmilhfoto\\\/\",\"https:\\\/\\\/x.com\\\/https:\\\/\\\/twitter.com\\\/villasmilhfoto\"],\"url\":\"https:\\\/\\\/digital58.com.ve\\\/site\\\/author\\\/droopy_68\\\/\"}]}<\/script>\n<!-- \/ Yoast SEO plugin. -->","yoast_head_json":{"title":"Celebraci\u00f3n del PSG en Par\u00eds deja casi 300 detenidos por disturbios","description":"Celebraci\u00f3n del PSG en Par\u00eds termina con casi 300 detenidos por disturbios y fuertes da\u00f1os materiales en zonas c\u00e9ntricas.","robots":{"index":"index","follow":"follow","max-snippet":"max-snippet:-1","max-image-preview":"max-image-preview:large","max-video-preview":"max-video-preview:-1"},"canonical":"https:\/\/digital58.com.ve\/site\/2025\/05\/31\/celebracion-del-psg-en-paris-deja-casi-300-detenidos-por-disturbios\/","og_locale":"es_ES","og_type":"article","og_title":"Celebraci\u00f3n del PSG en Par\u00eds deja casi 300 detenidos por disturbios","og_description":"Celebraci\u00f3n del PSG en Par\u00eds termina con casi 300 detenidos por disturbios y fuertes da\u00f1os materiales en zonas c\u00e9ntricas.","og_url":"https:\/\/digital58.com.ve\/site\/2025\/05\/31\/celebracion-del-psg-en-paris-deja-casi-300-detenidos-por-disturbios\/","og_site_name":"Noticias Digital58","article_published_time":"2025-06-01T01:49:26+00:00","og_image":[{"width":900,"height":600,"url":"https:\/\/digital58.com.ve\/site\/wp-content\/uploads\/2025\/05\/psg-campeon-disturbios-paris-2.webp","type":"image\/webp"}],"author":"Villasmil Henry","twitter_card":"summary_large_image","twitter_creator":"@https:\/\/twitter.com\/villasmilhfoto","twitter_site":"@villasmilhfoto","twitter_misc":{"Escrito por":"Villasmil Henry","Tiempo estimado de lectura":"4 minutos"},"schema":{"@context":"https:\/\/schema.org","@graph":[{"@type":"Article","@id":"https:\/\/digital58.com.ve\/site\/2025\/05\/31\/celebracion-del-psg-en-paris-deja-casi-300-detenidos-por-disturbios\/#article","isPartOf":{"@id":"https:\/\/digital58.com.ve\/site\/2025\/05\/31\/celebracion-del-psg-en-paris-deja-casi-300-detenidos-por-disturbios\/"},"author":{"name":"Villasmil Henry","@id":"https:\/\/digital58.com.ve\/site\/#\/schema\/person\/64d1c2e4d0d4fd1b849980c4331c2951"},"headline":"Celebraci\u00f3n del PSG en Par\u00eds deja casi 300 detenidos por disturbios","datePublished":"2025-06-01T01:49:26+00:00","mainEntityOfPage":{"@id":"https:\/\/digital58.com.ve\/site\/2025\/05\/31\/celebracion-del-psg-en-paris-deja-casi-300-detenidos-por-disturbios\/"},"wordCount":539,"commentCount":0,"publisher":{"@id":"https:\/\/digital58.com.ve\/site\/#\/schema\/person\/64d1c2e4d0d4fd1b849980c4331c2951"},"image":{"@id":"https:\/\/digital58.com.ve\/site\/2025\/05\/31\/celebracion-del-psg-en-paris-deja-casi-300-detenidos-por-disturbios\/#primaryimage"},"thumbnailUrl":"https:\/\/digital58.com.ve\/site\/wp-content\/uploads\/2025\/05\/psg-campeon-disturbios-paris-2.webp","keywords":["Alemania","Disturbios","Final Champions League 2025","Francia","F\u00fatbol","F\u00fatbol Internacional","Inter de Mil\u00e1n","Internacionales","Italia","M\u00fanich","Par\u00eds Saint Germain","PSG","UEFA"],"articleSection":["Deportes"],"inLanguage":"es","potentialAction":[{"@type":"CommentAction","name":"Comment","target":["https:\/\/digital58.com.ve\/site\/2025\/05\/31\/celebracion-del-psg-en-paris-deja-casi-300-detenidos-por-disturbios\/#respond"]}]},{"@type":"WebPage","@id":"https:\/\/digital58.com.ve\/site\/2025\/05\/31\/celebracion-del-psg-en-paris-deja-casi-300-detenidos-por-disturbios\/","url":"https:\/\/digital58.com.ve\/site\/2025\/05\/31\/celebracion-del-psg-en-paris-deja-casi-300-detenidos-por-disturbios\/","name":"Celebraci\u00f3n del PSG en Par\u00eds deja casi 300 detenidos por disturbios","isPartOf":{"@id":"https:\/\/digital58.com.ve\/site\/#website"},"primaryImageOfPage":{"@id":"https:\/\/digital58.com.ve\/site\/2025\/05\/31\/celebracion-del-psg-en-paris-deja-casi-300-detenidos-por-disturbios\/#primaryimage"},"image":{"@id":"https:\/\/digital58.com.ve\/site\/2025\/05\/31\/celebracion-del-psg-en-paris-deja-casi-300-detenidos-por-disturbios\/#primaryimage"},"thumbnailUrl":"https:\/\/digital58.com.ve\/site\/wp-content\/uploads\/2025\/05\/psg-campeon-disturbios-paris-2.webp","datePublished":"2025-06-01T01:49:26+00:00","description":"Celebraci\u00f3n del PSG en Par\u00eds termina con casi 300 detenidos por disturbios y fuertes da\u00f1os materiales en zonas c\u00e9ntricas.","breadcrumb":{"@id":"https:\/\/digital58.com.ve\/site\/2025\/05\/31\/celebracion-del-psg-en-paris-deja-casi-300-detenidos-por-disturbios\/#breadcrumb"},"inLanguage":"es","potentialAction":[{"@type":"ReadAction","target":["https:\/\/digital58.com.ve\/site\/2025\/05\/31\/celebracion-del-psg-en-paris-deja-casi-300-detenidos-por-disturbios\/"]}]},{"@type":"ImageObject","inLanguage":"es","@id":"https:\/\/digital58.com.ve\/site\/2025\/05\/31\/celebracion-del-psg-en-paris-deja-casi-300-detenidos-por-disturbios\/#primaryimage","url":"https:\/\/digital58.com.ve\/site\/wp-content\/uploads\/2025\/05\/psg-campeon-disturbios-paris-2.webp","contentUrl":"https:\/\/digital58.com.ve\/site\/wp-content\/uploads\/2025\/05\/psg-campeon-disturbios-paris-2.webp","width":900,"height":600},{"@type":"BreadcrumbList","@id":"https:\/\/digital58.com.ve\/site\/2025\/05\/31\/celebracion-del-psg-en-paris-deja-casi-300-detenidos-por-disturbios\/#breadcrumb","itemListElement":[{"@type":"ListItem","position":1,"name":"Home","item":"https:\/\/digital58.com.ve\/site\/"},{"@type":"ListItem","position":2,"name":"Celebraci\u00f3n del PSG en Par\u00eds deja casi 300 detenidos por disturbios"}]},{"@type":"WebSite","@id":"https:\/\/digital58.com.ve\/site\/#website","url":"https:\/\/digital58.com.ve\/site\/","name":"Noticias Digital58","description":"Portal de Noticias \u00a1Periodismo web de verdad! Lanzamiento web 22.11.2005 \/ Maracaibo, Venezuela","publisher":{"@id":"https:\/\/digital58.com.ve\/site\/#\/schema\/person\/64d1c2e4d0d4fd1b849980c4331c2951"},"alternateName":"ND58","potentialAction":[{"@type":"SearchAction","target":{"@type":"EntryPoint","urlTemplate":"https:\/\/digital58.com.ve\/site\/?s={search_term_string}"},"query-input":{"@type":"PropertyValueSpecification","valueRequired":true,"valueName":"search_term_string"}}],"inLanguage":"es"},{"@type":["Person","Organization"],"@id":"https:\/\/digital58.com.ve\/site\/#\/schema\/person\/64d1c2e4d0d4fd1b849980c4331c2951","name":"Villasmil Henry","image":{"@type":"ImageObject","inLanguage":"es","@id":"https:\/\/secure.gravatar.com\/avatar\/bb0c4a2fcb7970138239f7e404ea75757b1b507b28b5ce4c53fbd62d797c5a7c?s=96&d=mm&r=g","url":"https:\/\/secure.gravatar.com\/avatar\/bb0c4a2fcb7970138239f7e404ea75757b1b507b28b5ce4c53fbd62d797c5a7c?s=96&d=mm&r=g","contentUrl":"https:\/\/secure.gravatar.com\/avatar\/bb0c4a2fcb7970138239f7e404ea75757b1b507b28b5ce4c53fbd62d797c5a7c?s=96&d=mm&r=g","caption":"Villasmil Henry"},"logo":{"@id":"https:\/\/secure.gravatar.com\/avatar\/bb0c4a2fcb7970138239f7e404ea75757b1b507b28b5ce4c53fbd62d797c5a7c?s=96&d=mm&r=g"},"sameAs":["http:\/\/www.henryvillasmil.com.ve","https:\/\/www.instagram.com\/villasmilhfoto\/","https:\/\/x.com\/https:\/\/twitter.com\/villasmilhfoto"],"url":"https:\/\/digital58.com.ve\/site\/author\/droopy_68\/"}]}},"uagb_featured_image_src":{"full":["https:\/\/digital58.com.ve\/site\/wp-content\/uploads\/2025\/05\/psg-campeon-disturbios-paris-2.webp",900,600,false],"thumbnail":["https:\/\/digital58.com.ve\/site\/wp-content\/uploads\/2025\/05\/psg-campeon-disturbios-paris-2-150x150.webp",150,150,true],"medium":["https:\/\/digital58.com.ve\/site\/wp-content\/uploads\/2025\/05\/psg-campeon-disturbios-paris-2-300x200.webp",300,200,true],"medium_large":["https:\/\/digital58.com.ve\/site\/wp-content\/uploads\/2025\/05\/psg-campeon-disturbios-paris-2-768x512.webp",768,512,true],"large":["https:\/\/digital58.com.ve\/site\/wp-content\/uploads\/2025\/05\/psg-campeon-disturbios-paris-2.webp",800,533,false],"1536x1536":["https:\/\/digital58.com.ve\/site\/wp-content\/uploads\/2025\/05\/psg-campeon-disturbios-paris-2.webp",900,600,false],"2048x2048":["https:\/\/digital58.com.ve\/site\/wp-content\/uploads\/2025\/05\/psg-campeon-disturbios-paris-2.webp",900,600,false],"colormag-highlighted-post":["https:\/\/digital58.com.ve\/site\/wp-content\/uploads\/2025\/05\/psg-campeon-disturbios-paris-2-392x272.webp",392,272,true],"colormag-featured-post-medium":["https:\/\/digital58.com.ve\/site\/wp-content\/uploads\/2025\/05\/psg-campeon-disturbios-paris-2-390x205.webp",390,205,true],"colormag-featured-post-small":["https:\/\/digital58.com.ve\/site\/wp-content\/uploads\/2025\/05\/psg-campeon-disturbios-paris-2-130x90.webp",130,90,true],"colormag-featured-image":["https:\/\/digital58.com.ve\/site\/wp-content\/uploads\/2025\/05\/psg-campeon-disturbios-paris-2-800x445.webp",800,445,true],"colormag-default-news":["https:\/\/digital58.com.ve\/site\/wp-content\/uploads\/2025\/05\/psg-campeon-disturbios-paris-2-150x150.webp",150,150,true],"colormag-featured-image-large":["https:\/\/digital58.com.ve\/site\/wp-content\/uploads\/2025\/05\/psg-campeon-disturbios-paris-2.webp",900,600,false]},"uagb_author_info":{"display_name":"Villasmil Henry","author_link":"https:\/\/digital58.com.ve\/site\/author\/droopy_68\/"},"uagb_comment_info":0,"uagb_excerpt":"Los festejos por el triunfo del PSG en la Liga de Campeones derivaron en altercados en los Campos El\u00edseos y","_links":{"self":[{"href":"https:\/\/digital58.com.ve\/site\/wp-json\/wp\/v2\/posts\/187754","targetHints":{"allow":["GET"]}}],"collection":[{"href":"https:\/\/digital58.com.ve\/site\/wp-json\/wp\/v2\/posts"}],"about":[{"href":"https:\/\/digital58.com.ve\/site\/wp-json\/wp\/v2\/types\/post"}],"author":[{"embeddable":true,"href":"https:\/\/digital58.com.ve\/site\/wp-json\/wp\/v2\/users\/1"}],"replies":[{"embeddable":true,"href":"https:\/\/digital58.com.ve\/site\/wp-json\/wp\/v2\/comments?post=187754"}],"version-history":[{"count":1,"href":"https:\/\/digital58.com.ve\/site\/wp-json\/wp\/v2\/posts\/187754\/revisions"}],"predecessor-version":[{"id":187759,"href":"https:\/\/digital58.com.ve\/site\/wp-json\/wp\/v2\/posts\/187754\/revisions\/187759"}],"wp:featuredmedia":[{"embeddable":true,"href":"https:\/\/digital58.com.ve\/site\/wp-json\/wp\/v2\/media\/187757"}],"wp:attachment":[{"href":"https:\/\/digital58.com.ve\/site\/wp-json\/wp\/v2\/media?parent=187754"}],"wp:term":[{"taxonomy":"category","embeddable":true,"href":"https:\/\/digital58.com.ve\/site\/wp-json\/wp\/v2\/categories?post=187754"},{"taxonomy":"post_tag","embeddable":true,"href":"https:\/\/digital58.com.ve\/site\/wp-json\/wp\/v2\/tags?post=187754"}],"curies":[{"name":"wp","href":"https:\/\/api.w.org\/{rel}","templated":true}]}}