{"id":187945,"date":"2025-06-07T20:26:29","date_gmt":"2025-06-08T00:26:29","guid":{"rendered":"https:\/\/digital58.com.ve\/site\/?p=187945"},"modified":"2025-06-08T11:31:23","modified_gmt":"2025-06-08T15:31:23","slug":"magdely-valbuena-asume-presidencia-del-clez-con-mensaje-al-pueblo","status":"publish","type":"post","link":"https:\/\/digital58.com.ve\/site\/2025\/06\/07\/magdely-valbuena-asume-presidencia-del-clez-con-mensaje-al-pueblo\/","title":{"rendered":"Magdely Valbuena asume presidencia del CLEZ con mensaje al pueblo"},"content":{"rendered":"<p><a class=\"keychainify-checked\" href=\"https:\/\/digital58.com.ve\/site\/wp-content\/uploads\/2025\/06\/Magdely-Valbuena-4.webp\"><img loading=\"lazy\" decoding=\"async\" class=\"aligncenter wp-image-187949 size-full\" src=\"https:\/\/digital58.com.ve\/site\/wp-content\/uploads\/2025\/06\/Magdely-Valbuena-4.webp\" alt=\"La legisladora Magdely Valbuena Mu\u00f1oz fue juramentada este s\u00e1bado 07 de junio como presidenta del Consejo Legislativo del Estado Zulia (CLEZ), en un acto celebrado en Maracaibo que marc\u00f3 el inicio del nuevo per\u00edodo parlamentario 2025.\" width=\"900\" height=\"600\" srcset=\"https:\/\/digital58.com.ve\/site\/wp-content\/uploads\/2025\/06\/Magdely-Valbuena-4.webp 900w, https:\/\/digital58.com.ve\/site\/wp-content\/uploads\/2025\/06\/Magdely-Valbuena-4-300x200.webp 300w, https:\/\/digital58.com.ve\/site\/wp-content\/uploads\/2025\/06\/Magdely-Valbuena-4-768x512.webp 768w\" sizes=\"auto, (max-width: 900px) 100vw, 900px\" \/><\/a><\/p>\n<blockquote><p>La legisladora fue juramentada este s\u00e1bado en Maracaibo y reafirm\u00f3 su compromiso con el desarrollo regional y la participaci\u00f3n ciudadana.<\/p><\/blockquote>\n<p><strong>Maracaibo, Zulia, Venezuela, 07 de junio de 2025 (ND58).-<\/strong> La legisladora Magdely Valbuena Mu\u00f1oz fue juramentada este s\u00e1bado 07 de junio como presidenta del Consejo Legislativo del Estado Zulia (CLEZ), en un acto celebrado en Maracaibo que marc\u00f3 el inicio del nuevo per\u00edodo parlamentario 2025.<\/p>\n<p>Valbuena destac\u00f3 que el parlamento ser\u00e1 un espacio abierto a la voz del pueblo y al impulso de leyes orientadas al desarrollo del estado.<\/p>\n<p><a class=\"keychainify-checked\" href=\"https:\/\/digital58.com.ve\/site\/wp-content\/uploads\/2025\/06\/Magdely-Valbuena-3.webp\"><img loading=\"lazy\" decoding=\"async\" class=\"aligncenter size-full wp-image-187950\" src=\"https:\/\/digital58.com.ve\/site\/wp-content\/uploads\/2025\/06\/Magdely-Valbuena-3.webp\" alt=\"\" width=\"900\" height=\"600\" srcset=\"https:\/\/digital58.com.ve\/site\/wp-content\/uploads\/2025\/06\/Magdely-Valbuena-3.webp 900w, https:\/\/digital58.com.ve\/site\/wp-content\/uploads\/2025\/06\/Magdely-Valbuena-3-300x200.webp 300w, https:\/\/digital58.com.ve\/site\/wp-content\/uploads\/2025\/06\/Magdely-Valbuena-3-768x512.webp 768w\" sizes=\"auto, (max-width: 900px) 100vw, 900px\" \/><\/a><\/p>\n<h2>Primeras acciones al frente del CLEZ<\/h2>\n<p>Durante su discurso de instalaci\u00f3n, Magdely Valbuena agradeci\u00f3 al pueblo zuliano por su participaci\u00f3n en los recientes comicios del 25 de mayo y destac\u00f3 el simbolismo de este nuevo inicio:<\/p>\n<p><strong>\u00abCon el sentimiento del renacer de la esperanza en el estado Zulia, asumo esta responsabilidad con compromiso por el desarrollo econ\u00f3mico y productivo de nuestra regi\u00f3n\u00bb<\/strong>, expres\u00f3.<\/p>\n<p>La presidenta del CLEZ subray\u00f3 que trabajar\u00e1 por una legislaci\u00f3n m\u00e1s inclusiva, abierta a propuestas no solo de los legisladores, sino tambi\u00e9n del poder popular organizado.<\/p>\n<p><a class=\"keychainify-checked\" href=\"https:\/\/digital58.com.ve\/site\/wp-content\/uploads\/2025\/06\/Magdely-Valbuena-2.webp\"><img loading=\"lazy\" decoding=\"async\" class=\"aligncenter size-full wp-image-187947\" src=\"https:\/\/digital58.com.ve\/site\/wp-content\/uploads\/2025\/06\/Magdely-Valbuena-2.webp\" alt=\"\" width=\"900\" height=\"600\" srcset=\"https:\/\/digital58.com.ve\/site\/wp-content\/uploads\/2025\/06\/Magdely-Valbuena-2.webp 900w, https:\/\/digital58.com.ve\/site\/wp-content\/uploads\/2025\/06\/Magdely-Valbuena-2-300x200.webp 300w, https:\/\/digital58.com.ve\/site\/wp-content\/uploads\/2025\/06\/Magdely-Valbuena-2-768x512.webp 768w\" sizes=\"auto, (max-width: 900px) 100vw, 900px\" \/><\/a><\/p>\n<h2>Un parlamento con vocaci\u00f3n participativa<\/h2>\n<p>La nueva directiva, que tambi\u00e9n integran la legisladora ind\u00edgena Glenis Sempr\u00fan como vicepresidenta y Ovannis \u00c1vila como secretaria de c\u00e1mara, orientar\u00e1 sus esfuerzos a fomentar leyes vinculadas con el poder comunal.<\/p>\n<p><strong>\u00abVamos a legislar de la mano con el presidente Nicol\u00e1s Maduro, priorizando normas que mejoren la vida de nuestra gente\u00bb<\/strong>, se\u00f1al\u00f3 Valbuena.<\/p>\n<p>Reiter\u00f3 que el parlamento regional ser\u00e1 un espacio de debate plural, enfocado en la paz y el desarrollo del Zulia.<\/p>\n<p><a class=\"keychainify-checked\" href=\"https:\/\/digital58.com.ve\/site\/wp-content\/uploads\/2025\/06\/Magdely-Valbuena-1.webp\"><img loading=\"lazy\" decoding=\"async\" class=\"aligncenter size-full wp-image-187948\" src=\"https:\/\/digital58.com.ve\/site\/wp-content\/uploads\/2025\/06\/Magdely-Valbuena-1.webp\" alt=\"\" width=\"900\" height=\"600\" srcset=\"https:\/\/digital58.com.ve\/site\/wp-content\/uploads\/2025\/06\/Magdely-Valbuena-1.webp 900w, https:\/\/digital58.com.ve\/site\/wp-content\/uploads\/2025\/06\/Magdely-Valbuena-1-300x200.webp 300w, https:\/\/digital58.com.ve\/site\/wp-content\/uploads\/2025\/06\/Magdely-Valbuena-1-768x512.webp 768w\" sizes=\"auto, (max-width: 900px) 100vw, 900px\" \/><\/a><\/p>\n<h2>Contexto pol\u00edtico y respaldo al Ejecutivo<\/h2>\n<p>La parlamentaria asegur\u00f3 que, pese a los bloqueos econ\u00f3micos y las sanciones internacionales, la Revoluci\u00f3n Bolivariana mantiene el control institucional del Estado.<\/p>\n<p>En ese contexto, se comprometi\u00f3 a respaldar las iniciativas del gobernador electo, Luis Caldera, para fortalecer las capacidades del pueblo zuliano.<\/p>\n<p><strong>\u00abEl Zulia puede contar con nosotros y con nosotras para su desarrollo sostenido, por encima de las medidas coercitivas y de las diferencias pol\u00edticas\u00bb<\/strong>, enfatiz\u00f3.<\/p>\n<h2>Instalaci\u00f3n y notificaci\u00f3n al Ejecutivo regional<\/h2>\n<p>El acto de instalaci\u00f3n cont\u00f3 con la participaci\u00f3n de los legisladores del Gran Polo Patri\u00f3tico y la alianza opositora UNT-Uni\u00f3n y Cambio, adem\u00e1s de autoridades nacionales y regionales.<\/p>\n<p>Una comisi\u00f3n de legisladores notific\u00f3 oficialmente al gobernador Manuel Rosales sobre la instalaci\u00f3n de la nueva junta directiva y el inicio del nuevo per\u00edodo legislativo.<\/p>\n<p><strong>Sala de redacci\u00f3n ND58 | Fuente Clez<\/strong><br \/>\n<strong>Edici\u00f3n: Villasmil, Henry<\/strong><br \/>\n<strong>Gr\u00e1ficas: Cortes\u00eda Clez<br \/>\n<\/strong><\/p>\n<p>&nbsp;<\/p><div class=\"lgpjy69f2217cc3571\" ><p style=\"text-align: center;\"><a href=\"https:\/\/t.me\/noticiasdigital58\" target=\"_blank\" rel=\"noopener\"><img class=\"aligncenter size-full wp-image-125363\" src=\"https:\/\/digital58.com.ve\/site\/wp-content\/uploads\/2021\/04\/banner-telegram-web-2021.png\" alt=\"\" width=\"600\" height=\"90\" \/><\/a><\/p><\/div><style type=\"text\/css\">\r\n@media screen and (min-width: 1201px) {\r\n.lgpjy69f2217cc3571 {\r\ndisplay: block;\r\n}\r\n}\r\n@media screen and (min-width: 993px) and (max-width: 1200px) {\r\n.lgpjy69f2217cc3571 {\r\ndisplay: block;\r\n}\r\n}\r\n@media screen and (min-width: 769px) and (max-width: 992px) {\r\n.lgpjy69f2217cc3571 {\r\ndisplay: block;\r\n}\r\n}\r\n@media screen and (min-width: 768px) and (max-width: 768px) {\r\n.lgpjy69f2217cc3571 {\r\ndisplay: block;\r\n}\r\n}\r\n@media screen and (max-width: 767px) {\r\n.lgpjy69f2217cc3571 {\r\ndisplay: block;\r\n}\r\n}\r\n<\/style>\r\n\n<p>&nbsp;<\/p>\n<div style=\"margin-top: 0px; margin-bottom: 0px;\" class=\"sharethis-inline-share-buttons\" ><\/div>","protected":false},"excerpt":{"rendered":"<p>La legisladora fue juramentada este s\u00e1bado en Maracaibo y reafirm\u00f3 su compromiso con el desarrollo regional y la participaci\u00f3n ciudadana.<\/p>\n","protected":false},"author":1,"featured_media":187950,"comment_status":"open","ping_status":"closed","sticky":false,"template":"","format":"standard","meta":{"colormag_page_container_layout":"default_layout","colormag_page_sidebar_layout":"default_layout","_uag_custom_page_level_css":"","footnotes":""},"categories":[14504],"tags":[3475,19406,35048,73,233,2354,32],"class_list":["post-187945","post","type-post","status-publish","format-standard","has-post-thumbnail","hentry","category-zulia","tag-clez","tag-consejo-legislativo-del-estado-zulia","tag-magdely-valbuena-munoz","tag-maracaibo","tag-nacionales","tag-regionales","tag-venezuela"],"yoast_head":"<!-- This site is optimized with the Yoast SEO plugin v27.5 - https:\/\/yoast.com\/product\/yoast-seo-wordpress\/ -->\n<title>Magdely Valbuena asume presidencia del CLEZ con mensaje al pueblo<\/title>\n<meta name=\"description\" content=\"Magdely Valbuena fue juramentada como presidenta del CLEZ y reafirm\u00f3 su compromiso con la participaci\u00f3n ciudadana y el desarrollo del Zulia.\" \/>\n<meta name=\"robots\" content=\"index, follow, max-snippet:-1, max-image-preview:large, max-video-preview:-1\" \/>\n<link rel=\"canonical\" href=\"https:\/\/digital58.com.ve\/site\/2025\/06\/07\/magdely-valbuena-asume-presidencia-del-clez-con-mensaje-al-pueblo\/\" \/>\n<meta property=\"og:locale\" content=\"es_ES\" \/>\n<meta property=\"og:type\" content=\"article\" \/>\n<meta property=\"og:title\" content=\"Magdely Valbuena asume presidencia del CLEZ con mensaje al pueblo\" \/>\n<meta property=\"og:description\" content=\"Magdely Valbuena fue juramentada como presidenta del CLEZ y reafirm\u00f3 su compromiso con la participaci\u00f3n ciudadana y el desarrollo del Zulia.\" \/>\n<meta property=\"og:url\" content=\"https:\/\/digital58.com.ve\/site\/2025\/06\/07\/magdely-valbuena-asume-presidencia-del-clez-con-mensaje-al-pueblo\/\" \/>\n<meta property=\"og:site_name\" content=\"Noticias Digital58\" \/>\n<meta property=\"article:published_time\" content=\"2025-06-08T00:26:29+00:00\" \/>\n<meta property=\"article:modified_time\" content=\"2025-06-08T15:31:23+00:00\" \/>\n<meta property=\"og:image\" content=\"https:\/\/digital58.com.ve\/site\/wp-content\/uploads\/2025\/06\/Magdely-Valbuena-3.webp\" \/>\n\t<meta property=\"og:image:width\" content=\"900\" \/>\n\t<meta property=\"og:image:height\" content=\"600\" \/>\n\t<meta property=\"og:image:type\" content=\"image\/webp\" \/>\n<meta name=\"author\" content=\"Villasmil Henry\" \/>\n<meta name=\"twitter:card\" content=\"summary_large_image\" \/>\n<meta name=\"twitter:creator\" content=\"@https:\/\/twitter.com\/villasmilhfoto\" \/>\n<meta name=\"twitter:site\" content=\"@villasmilhfoto\" \/>\n<meta name=\"twitter:label1\" content=\"Escrito por\" \/>\n\t<meta name=\"twitter:data1\" content=\"Villasmil Henry\" \/>\n\t<meta name=\"twitter:label2\" content=\"Tiempo estimado de lectura\" \/>\n\t<meta name=\"twitter:data2\" content=\"3 minutos\" \/>\n<script type=\"application\/ld+json\" class=\"yoast-schema-graph\">{\"@context\":\"https:\\\/\\\/schema.org\",\"@graph\":[{\"@type\":\"Article\",\"@id\":\"https:\\\/\\\/digital58.com.ve\\\/site\\\/2025\\\/06\\\/07\\\/magdely-valbuena-asume-presidencia-del-clez-con-mensaje-al-pueblo\\\/#article\",\"isPartOf\":{\"@id\":\"https:\\\/\\\/digital58.com.ve\\\/site\\\/2025\\\/06\\\/07\\\/magdely-valbuena-asume-presidencia-del-clez-con-mensaje-al-pueblo\\\/\"},\"author\":{\"name\":\"Villasmil Henry\",\"@id\":\"https:\\\/\\\/digital58.com.ve\\\/site\\\/#\\\/schema\\\/person\\\/64d1c2e4d0d4fd1b849980c4331c2951\"},\"headline\":\"Magdely Valbuena asume presidencia del CLEZ con mensaje al pueblo\",\"datePublished\":\"2025-06-08T00:26:29+00:00\",\"dateModified\":\"2025-06-08T15:31:23+00:00\",\"mainEntityOfPage\":{\"@id\":\"https:\\\/\\\/digital58.com.ve\\\/site\\\/2025\\\/06\\\/07\\\/magdely-valbuena-asume-presidencia-del-clez-con-mensaje-al-pueblo\\\/\"},\"wordCount\":446,\"commentCount\":0,\"publisher\":{\"@id\":\"https:\\\/\\\/digital58.com.ve\\\/site\\\/#\\\/schema\\\/person\\\/64d1c2e4d0d4fd1b849980c4331c2951\"},\"image\":{\"@id\":\"https:\\\/\\\/digital58.com.ve\\\/site\\\/2025\\\/06\\\/07\\\/magdely-valbuena-asume-presidencia-del-clez-con-mensaje-al-pueblo\\\/#primaryimage\"},\"thumbnailUrl\":\"https:\\\/\\\/digital58.com.ve\\\/site\\\/wp-content\\\/uploads\\\/2025\\\/06\\\/Magdely-Valbuena-3.webp\",\"keywords\":[\"Clez\",\"Consejo Legislativo del estado Zulia\",\"Magdely Valbuena Mu\u00f1oz\",\"Maracaibo\",\"Nacionales\",\"Regionales\",\"Venezuela\"],\"articleSection\":[\"Zulia\"],\"inLanguage\":\"es\",\"potentialAction\":[{\"@type\":\"CommentAction\",\"name\":\"Comment\",\"target\":[\"https:\\\/\\\/digital58.com.ve\\\/site\\\/2025\\\/06\\\/07\\\/magdely-valbuena-asume-presidencia-del-clez-con-mensaje-al-pueblo\\\/#respond\"]}]},{\"@type\":\"WebPage\",\"@id\":\"https:\\\/\\\/digital58.com.ve\\\/site\\\/2025\\\/06\\\/07\\\/magdely-valbuena-asume-presidencia-del-clez-con-mensaje-al-pueblo\\\/\",\"url\":\"https:\\\/\\\/digital58.com.ve\\\/site\\\/2025\\\/06\\\/07\\\/magdely-valbuena-asume-presidencia-del-clez-con-mensaje-al-pueblo\\\/\",\"name\":\"Magdely Valbuena asume presidencia del CLEZ con mensaje al pueblo\",\"isPartOf\":{\"@id\":\"https:\\\/\\\/digital58.com.ve\\\/site\\\/#website\"},\"primaryImageOfPage\":{\"@id\":\"https:\\\/\\\/digital58.com.ve\\\/site\\\/2025\\\/06\\\/07\\\/magdely-valbuena-asume-presidencia-del-clez-con-mensaje-al-pueblo\\\/#primaryimage\"},\"image\":{\"@id\":\"https:\\\/\\\/digital58.com.ve\\\/site\\\/2025\\\/06\\\/07\\\/magdely-valbuena-asume-presidencia-del-clez-con-mensaje-al-pueblo\\\/#primaryimage\"},\"thumbnailUrl\":\"https:\\\/\\\/digital58.com.ve\\\/site\\\/wp-content\\\/uploads\\\/2025\\\/06\\\/Magdely-Valbuena-3.webp\",\"datePublished\":\"2025-06-08T00:26:29+00:00\",\"dateModified\":\"2025-06-08T15:31:23+00:00\",\"description\":\"Magdely Valbuena fue juramentada como presidenta del CLEZ y reafirm\u00f3 su compromiso con la participaci\u00f3n ciudadana y el desarrollo del Zulia.\",\"breadcrumb\":{\"@id\":\"https:\\\/\\\/digital58.com.ve\\\/site\\\/2025\\\/06\\\/07\\\/magdely-valbuena-asume-presidencia-del-clez-con-mensaje-al-pueblo\\\/#breadcrumb\"},\"inLanguage\":\"es\",\"potentialAction\":[{\"@type\":\"ReadAction\",\"target\":[\"https:\\\/\\\/digital58.com.ve\\\/site\\\/2025\\\/06\\\/07\\\/magdely-valbuena-asume-presidencia-del-clez-con-mensaje-al-pueblo\\\/\"]}]},{\"@type\":\"ImageObject\",\"inLanguage\":\"es\",\"@id\":\"https:\\\/\\\/digital58.com.ve\\\/site\\\/2025\\\/06\\\/07\\\/magdely-valbuena-asume-presidencia-del-clez-con-mensaje-al-pueblo\\\/#primaryimage\",\"url\":\"https:\\\/\\\/digital58.com.ve\\\/site\\\/wp-content\\\/uploads\\\/2025\\\/06\\\/Magdely-Valbuena-3.webp\",\"contentUrl\":\"https:\\\/\\\/digital58.com.ve\\\/site\\\/wp-content\\\/uploads\\\/2025\\\/06\\\/Magdely-Valbuena-3.webp\",\"width\":900,\"height\":600},{\"@type\":\"BreadcrumbList\",\"@id\":\"https:\\\/\\\/digital58.com.ve\\\/site\\\/2025\\\/06\\\/07\\\/magdely-valbuena-asume-presidencia-del-clez-con-mensaje-al-pueblo\\\/#breadcrumb\",\"itemListElement\":[{\"@type\":\"ListItem\",\"position\":1,\"name\":\"Home\",\"item\":\"https:\\\/\\\/digital58.com.ve\\\/site\\\/\"},{\"@type\":\"ListItem\",\"position\":2,\"name\":\"Magdely Valbuena asume presidencia del CLEZ con mensaje al pueblo\"}]},{\"@type\":\"WebSite\",\"@id\":\"https:\\\/\\\/digital58.com.ve\\\/site\\\/#website\",\"url\":\"https:\\\/\\\/digital58.com.ve\\\/site\\\/\",\"name\":\"Noticias Digital58\",\"description\":\"Portal de Noticias \u00a1Periodismo web de verdad! Lanzamiento web 22.11.2005 \\\/ Maracaibo, Venezuela\",\"publisher\":{\"@id\":\"https:\\\/\\\/digital58.com.ve\\\/site\\\/#\\\/schema\\\/person\\\/64d1c2e4d0d4fd1b849980c4331c2951\"},\"alternateName\":\"ND58\",\"potentialAction\":[{\"@type\":\"SearchAction\",\"target\":{\"@type\":\"EntryPoint\",\"urlTemplate\":\"https:\\\/\\\/digital58.com.ve\\\/site\\\/?s={search_term_string}\"},\"query-input\":{\"@type\":\"PropertyValueSpecification\",\"valueRequired\":true,\"valueName\":\"search_term_string\"}}],\"inLanguage\":\"es\"},{\"@type\":[\"Person\",\"Organization\"],\"@id\":\"https:\\\/\\\/digital58.com.ve\\\/site\\\/#\\\/schema\\\/person\\\/64d1c2e4d0d4fd1b849980c4331c2951\",\"name\":\"Villasmil Henry\",\"image\":{\"@type\":\"ImageObject\",\"inLanguage\":\"es\",\"@id\":\"https:\\\/\\\/secure.gravatar.com\\\/avatar\\\/bb0c4a2fcb7970138239f7e404ea75757b1b507b28b5ce4c53fbd62d797c5a7c?s=96&d=mm&r=g\",\"url\":\"https:\\\/\\\/secure.gravatar.com\\\/avatar\\\/bb0c4a2fcb7970138239f7e404ea75757b1b507b28b5ce4c53fbd62d797c5a7c?s=96&d=mm&r=g\",\"contentUrl\":\"https:\\\/\\\/secure.gravatar.com\\\/avatar\\\/bb0c4a2fcb7970138239f7e404ea75757b1b507b28b5ce4c53fbd62d797c5a7c?s=96&d=mm&r=g\",\"caption\":\"Villasmil Henry\"},\"logo\":{\"@id\":\"https:\\\/\\\/secure.gravatar.com\\\/avatar\\\/bb0c4a2fcb7970138239f7e404ea75757b1b507b28b5ce4c53fbd62d797c5a7c?s=96&d=mm&r=g\"},\"sameAs\":[\"http:\\\/\\\/www.henryvillasmil.com.ve\",\"https:\\\/\\\/www.instagram.com\\\/villasmilhfoto\\\/\",\"https:\\\/\\\/x.com\\\/https:\\\/\\\/twitter.com\\\/villasmilhfoto\"],\"url\":\"https:\\\/\\\/digital58.com.ve\\\/site\\\/author\\\/droopy_68\\\/\"}]}<\/script>\n<!-- \/ Yoast SEO plugin. -->","yoast_head_json":{"title":"Magdely Valbuena asume presidencia del CLEZ con mensaje al pueblo","description":"Magdely Valbuena fue juramentada como presidenta del CLEZ y reafirm\u00f3 su compromiso con la participaci\u00f3n ciudadana y el desarrollo del Zulia.","robots":{"index":"index","follow":"follow","max-snippet":"max-snippet:-1","max-image-preview":"max-image-preview:large","max-video-preview":"max-video-preview:-1"},"canonical":"https:\/\/digital58.com.ve\/site\/2025\/06\/07\/magdely-valbuena-asume-presidencia-del-clez-con-mensaje-al-pueblo\/","og_locale":"es_ES","og_type":"article","og_title":"Magdely Valbuena asume presidencia del CLEZ con mensaje al pueblo","og_description":"Magdely Valbuena fue juramentada como presidenta del CLEZ y reafirm\u00f3 su compromiso con la participaci\u00f3n ciudadana y el desarrollo del Zulia.","og_url":"https:\/\/digital58.com.ve\/site\/2025\/06\/07\/magdely-valbuena-asume-presidencia-del-clez-con-mensaje-al-pueblo\/","og_site_name":"Noticias Digital58","article_published_time":"2025-06-08T00:26:29+00:00","article_modified_time":"2025-06-08T15:31:23+00:00","og_image":[{"width":900,"height":600,"url":"https:\/\/digital58.com.ve\/site\/wp-content\/uploads\/2025\/06\/Magdely-Valbuena-3.webp","type":"image\/webp"}],"author":"Villasmil Henry","twitter_card":"summary_large_image","twitter_creator":"@https:\/\/twitter.com\/villasmilhfoto","twitter_site":"@villasmilhfoto","twitter_misc":{"Escrito por":"Villasmil Henry","Tiempo estimado de lectura":"3 minutos"},"schema":{"@context":"https:\/\/schema.org","@graph":[{"@type":"Article","@id":"https:\/\/digital58.com.ve\/site\/2025\/06\/07\/magdely-valbuena-asume-presidencia-del-clez-con-mensaje-al-pueblo\/#article","isPartOf":{"@id":"https:\/\/digital58.com.ve\/site\/2025\/06\/07\/magdely-valbuena-asume-presidencia-del-clez-con-mensaje-al-pueblo\/"},"author":{"name":"Villasmil Henry","@id":"https:\/\/digital58.com.ve\/site\/#\/schema\/person\/64d1c2e4d0d4fd1b849980c4331c2951"},"headline":"Magdely Valbuena asume presidencia del CLEZ con mensaje al pueblo","datePublished":"2025-06-08T00:26:29+00:00","dateModified":"2025-06-08T15:31:23+00:00","mainEntityOfPage":{"@id":"https:\/\/digital58.com.ve\/site\/2025\/06\/07\/magdely-valbuena-asume-presidencia-del-clez-con-mensaje-al-pueblo\/"},"wordCount":446,"commentCount":0,"publisher":{"@id":"https:\/\/digital58.com.ve\/site\/#\/schema\/person\/64d1c2e4d0d4fd1b849980c4331c2951"},"image":{"@id":"https:\/\/digital58.com.ve\/site\/2025\/06\/07\/magdely-valbuena-asume-presidencia-del-clez-con-mensaje-al-pueblo\/#primaryimage"},"thumbnailUrl":"https:\/\/digital58.com.ve\/site\/wp-content\/uploads\/2025\/06\/Magdely-Valbuena-3.webp","keywords":["Clez","Consejo Legislativo del estado Zulia","Magdely Valbuena Mu\u00f1oz","Maracaibo","Nacionales","Regionales","Venezuela"],"articleSection":["Zulia"],"inLanguage":"es","potentialAction":[{"@type":"CommentAction","name":"Comment","target":["https:\/\/digital58.com.ve\/site\/2025\/06\/07\/magdely-valbuena-asume-presidencia-del-clez-con-mensaje-al-pueblo\/#respond"]}]},{"@type":"WebPage","@id":"https:\/\/digital58.com.ve\/site\/2025\/06\/07\/magdely-valbuena-asume-presidencia-del-clez-con-mensaje-al-pueblo\/","url":"https:\/\/digital58.com.ve\/site\/2025\/06\/07\/magdely-valbuena-asume-presidencia-del-clez-con-mensaje-al-pueblo\/","name":"Magdely Valbuena asume presidencia del CLEZ con mensaje al pueblo","isPartOf":{"@id":"https:\/\/digital58.com.ve\/site\/#website"},"primaryImageOfPage":{"@id":"https:\/\/digital58.com.ve\/site\/2025\/06\/07\/magdely-valbuena-asume-presidencia-del-clez-con-mensaje-al-pueblo\/#primaryimage"},"image":{"@id":"https:\/\/digital58.com.ve\/site\/2025\/06\/07\/magdely-valbuena-asume-presidencia-del-clez-con-mensaje-al-pueblo\/#primaryimage"},"thumbnailUrl":"https:\/\/digital58.com.ve\/site\/wp-content\/uploads\/2025\/06\/Magdely-Valbuena-3.webp","datePublished":"2025-06-08T00:26:29+00:00","dateModified":"2025-06-08T15:31:23+00:00","description":"Magdely Valbuena fue juramentada como presidenta del CLEZ y reafirm\u00f3 su compromiso con la participaci\u00f3n ciudadana y el desarrollo del Zulia.","breadcrumb":{"@id":"https:\/\/digital58.com.ve\/site\/2025\/06\/07\/magdely-valbuena-asume-presidencia-del-clez-con-mensaje-al-pueblo\/#breadcrumb"},"inLanguage":"es","potentialAction":[{"@type":"ReadAction","target":["https:\/\/digital58.com.ve\/site\/2025\/06\/07\/magdely-valbuena-asume-presidencia-del-clez-con-mensaje-al-pueblo\/"]}]},{"@type":"ImageObject","inLanguage":"es","@id":"https:\/\/digital58.com.ve\/site\/2025\/06\/07\/magdely-valbuena-asume-presidencia-del-clez-con-mensaje-al-pueblo\/#primaryimage","url":"https:\/\/digital58.com.ve\/site\/wp-content\/uploads\/2025\/06\/Magdely-Valbuena-3.webp","contentUrl":"https:\/\/digital58.com.ve\/site\/wp-content\/uploads\/2025\/06\/Magdely-Valbuena-3.webp","width":900,"height":600},{"@type":"BreadcrumbList","@id":"https:\/\/digital58.com.ve\/site\/2025\/06\/07\/magdely-valbuena-asume-presidencia-del-clez-con-mensaje-al-pueblo\/#breadcrumb","itemListElement":[{"@type":"ListItem","position":1,"name":"Home","item":"https:\/\/digital58.com.ve\/site\/"},{"@type":"ListItem","position":2,"name":"Magdely Valbuena asume presidencia del CLEZ con mensaje al pueblo"}]},{"@type":"WebSite","@id":"https:\/\/digital58.com.ve\/site\/#website","url":"https:\/\/digital58.com.ve\/site\/","name":"Noticias Digital58","description":"Portal de Noticias \u00a1Periodismo web de verdad! Lanzamiento web 22.11.2005 \/ Maracaibo, Venezuela","publisher":{"@id":"https:\/\/digital58.com.ve\/site\/#\/schema\/person\/64d1c2e4d0d4fd1b849980c4331c2951"},"alternateName":"ND58","potentialAction":[{"@type":"SearchAction","target":{"@type":"EntryPoint","urlTemplate":"https:\/\/digital58.com.ve\/site\/?s={search_term_string}"},"query-input":{"@type":"PropertyValueSpecification","valueRequired":true,"valueName":"search_term_string"}}],"inLanguage":"es"},{"@type":["Person","Organization"],"@id":"https:\/\/digital58.com.ve\/site\/#\/schema\/person\/64d1c2e4d0d4fd1b849980c4331c2951","name":"Villasmil Henry","image":{"@type":"ImageObject","inLanguage":"es","@id":"https:\/\/secure.gravatar.com\/avatar\/bb0c4a2fcb7970138239f7e404ea75757b1b507b28b5ce4c53fbd62d797c5a7c?s=96&d=mm&r=g","url":"https:\/\/secure.gravatar.com\/avatar\/bb0c4a2fcb7970138239f7e404ea75757b1b507b28b5ce4c53fbd62d797c5a7c?s=96&d=mm&r=g","contentUrl":"https:\/\/secure.gravatar.com\/avatar\/bb0c4a2fcb7970138239f7e404ea75757b1b507b28b5ce4c53fbd62d797c5a7c?s=96&d=mm&r=g","caption":"Villasmil Henry"},"logo":{"@id":"https:\/\/secure.gravatar.com\/avatar\/bb0c4a2fcb7970138239f7e404ea75757b1b507b28b5ce4c53fbd62d797c5a7c?s=96&d=mm&r=g"},"sameAs":["http:\/\/www.henryvillasmil.com.ve","https:\/\/www.instagram.com\/villasmilhfoto\/","https:\/\/x.com\/https:\/\/twitter.com\/villasmilhfoto"],"url":"https:\/\/digital58.com.ve\/site\/author\/droopy_68\/"}]}},"uagb_featured_image_src":{"full":["https:\/\/digital58.com.ve\/site\/wp-content\/uploads\/2025\/06\/Magdely-Valbuena-3.webp",900,600,false],"thumbnail":["https:\/\/digital58.com.ve\/site\/wp-content\/uploads\/2025\/06\/Magdely-Valbuena-3-150x150.webp",150,150,true],"medium":["https:\/\/digital58.com.ve\/site\/wp-content\/uploads\/2025\/06\/Magdely-Valbuena-3-300x200.webp",300,200,true],"medium_large":["https:\/\/digital58.com.ve\/site\/wp-content\/uploads\/2025\/06\/Magdely-Valbuena-3-768x512.webp",768,512,true],"large":["https:\/\/digital58.com.ve\/site\/wp-content\/uploads\/2025\/06\/Magdely-Valbuena-3.webp",800,533,false],"1536x1536":["https:\/\/digital58.com.ve\/site\/wp-content\/uploads\/2025\/06\/Magdely-Valbuena-3.webp",900,600,false],"2048x2048":["https:\/\/digital58.com.ve\/site\/wp-content\/uploads\/2025\/06\/Magdely-Valbuena-3.webp",900,600,false],"colormag-highlighted-post":["https:\/\/digital58.com.ve\/site\/wp-content\/uploads\/2025\/06\/Magdely-Valbuena-3-392x272.webp",392,272,true],"colormag-featured-post-medium":["https:\/\/digital58.com.ve\/site\/wp-content\/uploads\/2025\/06\/Magdely-Valbuena-3-390x205.webp",390,205,true],"colormag-featured-post-small":["https:\/\/digital58.com.ve\/site\/wp-content\/uploads\/2025\/06\/Magdely-Valbuena-3-130x90.webp",130,90,true],"colormag-featured-image":["https:\/\/digital58.com.ve\/site\/wp-content\/uploads\/2025\/06\/Magdely-Valbuena-3-800x445.webp",800,445,true],"colormag-default-news":["https:\/\/digital58.com.ve\/site\/wp-content\/uploads\/2025\/06\/Magdely-Valbuena-3-150x150.webp",150,150,true],"colormag-featured-image-large":["https:\/\/digital58.com.ve\/site\/wp-content\/uploads\/2025\/06\/Magdely-Valbuena-3.webp",900,600,false]},"uagb_author_info":{"display_name":"Villasmil Henry","author_link":"https:\/\/digital58.com.ve\/site\/author\/droopy_68\/"},"uagb_comment_info":0,"uagb_excerpt":"La legisladora fue juramentada este s\u00e1bado en Maracaibo y reafirm\u00f3 su compromiso con el desarrollo regional y la participaci\u00f3n ciudadana.","_links":{"self":[{"href":"https:\/\/digital58.com.ve\/site\/wp-json\/wp\/v2\/posts\/187945","targetHints":{"allow":["GET"]}}],"collection":[{"href":"https:\/\/digital58.com.ve\/site\/wp-json\/wp\/v2\/posts"}],"about":[{"href":"https:\/\/digital58.com.ve\/site\/wp-json\/wp\/v2\/types\/post"}],"author":[{"embeddable":true,"href":"https:\/\/digital58.com.ve\/site\/wp-json\/wp\/v2\/users\/1"}],"replies":[{"embeddable":true,"href":"https:\/\/digital58.com.ve\/site\/wp-json\/wp\/v2\/comments?post=187945"}],"version-history":[{"count":3,"href":"https:\/\/digital58.com.ve\/site\/wp-json\/wp\/v2\/posts\/187945\/revisions"}],"predecessor-version":[{"id":187953,"href":"https:\/\/digital58.com.ve\/site\/wp-json\/wp\/v2\/posts\/187945\/revisions\/187953"}],"wp:featuredmedia":[{"embeddable":true,"href":"https:\/\/digital58.com.ve\/site\/wp-json\/wp\/v2\/media\/187950"}],"wp:attachment":[{"href":"https:\/\/digital58.com.ve\/site\/wp-json\/wp\/v2\/media?parent=187945"}],"wp:term":[{"taxonomy":"category","embeddable":true,"href":"https:\/\/digital58.com.ve\/site\/wp-json\/wp\/v2\/categories?post=187945"},{"taxonomy":"post_tag","embeddable":true,"href":"https:\/\/digital58.com.ve\/site\/wp-json\/wp\/v2\/tags?post=187945"}],"curies":[{"name":"wp","href":"https:\/\/api.w.org\/{rel}","templated":true}]}}