{"id":187966,"date":"2025-06-08T19:22:04","date_gmt":"2025-06-08T23:22:04","guid":{"rendered":"https:\/\/digital58.com.ve\/site\/?p=187966"},"modified":"2025-06-08T19:23:02","modified_gmt":"2025-06-08T23:23:02","slug":"deniz-oncu-logra-su-primera-victoria-en-moto2-por-0-003-segundos","status":"publish","type":"post","link":"https:\/\/digital58.com.ve\/site\/2025\/06\/08\/deniz-oncu-logra-su-primera-victoria-en-moto2-por-0-003-segundos\/","title":{"rendered":"Deniz \u00d6nc\u00fc logra su primera victoria en Moto2 por 0.003 segundos"},"content":{"rendered":"<p><a class=\"keychainify-checked\" href=\"https:\/\/digital58.com.ve\/site\/wp-content\/uploads\/2025\/06\/Deniz-Oncu-2025.webp\"><img loading=\"lazy\" decoding=\"async\" class=\"aligncenter wp-image-187967 size-full\" src=\"https:\/\/digital58.com.ve\/site\/wp-content\/uploads\/2025\/06\/Deniz-Oncu-2025.webp\" alt=\"Deniz \u00d6nc\u00fc, piloto turco del equipo Kalex, conquist\u00f3 este domingo su primera victoria en la categor\u00eda Moto2 al imponerse por apenas tres mil\u00e9simas de segundo a Diogo Moreira en el Gran Premio de Arag\u00f3n, disputado en el circuito Motorland de Alca\u00f1iz.\" width=\"900\" height=\"600\" srcset=\"https:\/\/digital58.com.ve\/site\/wp-content\/uploads\/2025\/06\/Deniz-Oncu-2025.webp 900w, https:\/\/digital58.com.ve\/site\/wp-content\/uploads\/2025\/06\/Deniz-Oncu-2025-300x200.webp 300w, https:\/\/digital58.com.ve\/site\/wp-content\/uploads\/2025\/06\/Deniz-Oncu-2025-768x512.webp 768w\" sizes=\"auto, (max-width: 900px) 100vw, 900px\" \/><\/a><\/p>\n<blockquote><p>El piloto turco super\u00f3 al brasile\u00f1o Diogo Moreira en un final hist\u00f3rico en el Gran Premio de Arag\u00f3n, celebrado en el circuito de Motorland.<\/p><\/blockquote>\n<p><strong>Espa\u00f1a, 08 de junio de 2025 (ND58).-<\/strong> Deniz \u00d6nc\u00fc, piloto turco del equipo Kalex, conquist\u00f3 este domingo su primera victoria en la categor\u00eda Moto2 al imponerse por apenas tres mil\u00e9simas de segundo a Diogo Moreira en el Gran Premio de Arag\u00f3n, disputado en el circuito Motorland de Alca\u00f1iz.<\/p>\n<p>El desenlace marc\u00f3 un hito como el m\u00e1s ajustado en la historia de Moto2.<\/p>\n<h2>Un final milim\u00e9trico en Motorland<\/h2>\n<p>La carrera de Moto2 en Arag\u00f3n dej\u00f3 uno de los momentos m\u00e1s emocionantes de la temporada. Deniz \u00d6nc\u00fc protagoniz\u00f3 una remontada t\u00e1ctica y arriesgada que culmin\u00f3 en la \u00faltima curva del trazado aragon\u00e9s, donde emparej\u00f3 su moto con la de Diogo Moreira y cruz\u00f3 primero la l\u00ednea de meta por tan solo 0.003 segundos.<\/p>\n<p>La victoria representa un hito personal para el joven piloto turco, quien a\u00fan no hab\u00eda conseguido subir a lo m\u00e1s alto del podio en esta categor\u00eda.<\/p>\n<p>Para el brasile\u00f1o Moreira, la derrota fue tan amarga como memorable, por tratarse del desenlace m\u00e1s cerrado registrado hasta ahora en la historia de Moto2.<\/p>\n<h2>El GP de Arag\u00f3n deja huella en Moto2<\/h2>\n<p>Seg\u00fan datos de la organizaci\u00f3n del campeonato, el margen de victoria de \u00d6nc\u00fc se convirti\u00f3 en el m\u00e1s estrecho desde la creaci\u00f3n de la categor\u00eda en 2010.<\/p>\n<p>La carrera se desarroll\u00f3 en condiciones \u00f3ptimas, con m\u00e1s de 20 grados de temperatura y ante una nutrida asistencia de fan\u00e1ticos que colmaron las tribunas de Motorland.<\/p>\n<h2>Estrategias, nervios y precisi\u00f3n extrema<\/h2>\n<p>Durante toda la prueba, ambos pilotos mantuvieron un ritmo constante, alternando posiciones en la zona alta del pelot\u00f3n. Fue en la \u00faltima vuelta cuando el brasile\u00f1o asumi\u00f3 el liderazgo, pero el turco se mantuvo a rebufo y esper\u00f3 el momento justo para ejecutar su maniobra definitiva.<\/p>\n<p>La precisi\u00f3n y la audacia fueron determinantes en la jugada final, que se defini\u00f3 literalmente en cent\u00edmetros. Este tipo de desenlaces pone en evidencia el nivel de competitividad que vive actualmente Moto2 y el ascenso de nuevos talentos en el motociclismo internacional.<\/p>\n<p><strong>Sala de redacci\u00f3n ND58 | Fuente: EFE<\/strong><br \/>\n<strong>Edici\u00f3n: Villasmil, Henry<\/strong><br \/>\n<strong>Gr\u00e1ficas: EFE<\/strong><\/p>\n<p>&nbsp;<\/p>\n<p>&nbsp;<\/p>\n<p>&nbsp;<\/p>\n<p>&nbsp;<\/p><div class=\"jaqdm69f50a2d6008f\" ><p style=\"text-align: center;\"><a href=\"https:\/\/t.me\/noticiasdigital58\" target=\"_blank\" rel=\"noopener\"><img class=\"aligncenter size-full wp-image-125363\" src=\"https:\/\/digital58.com.ve\/site\/wp-content\/uploads\/2021\/04\/banner-telegram-web-2021.png\" alt=\"\" width=\"600\" height=\"90\" \/><\/a><\/p><\/div><style type=\"text\/css\">\r\n@media screen and (min-width: 1201px) {\r\n.jaqdm69f50a2d6008f {\r\ndisplay: block;\r\n}\r\n}\r\n@media screen and (min-width: 993px) and (max-width: 1200px) {\r\n.jaqdm69f50a2d6008f {\r\ndisplay: block;\r\n}\r\n}\r\n@media screen and (min-width: 769px) and (max-width: 992px) {\r\n.jaqdm69f50a2d6008f {\r\ndisplay: block;\r\n}\r\n}\r\n@media screen and (min-width: 768px) and (max-width: 768px) {\r\n.jaqdm69f50a2d6008f {\r\ndisplay: block;\r\n}\r\n}\r\n@media screen and (max-width: 767px) {\r\n.jaqdm69f50a2d6008f {\r\ndisplay: block;\r\n}\r\n}\r\n<\/style>\r\n\n<p>&nbsp;<\/p>\n<div style=\"margin-top: 0px; margin-bottom: 0px;\" class=\"sharethis-inline-share-buttons\" ><\/div>","protected":false},"excerpt":{"rendered":"<p>El piloto turco super\u00f3 al brasile\u00f1o Diogo Moreira en un final hist\u00f3rico en el Gran Premio de Arag\u00f3n, celebrado en<\/p>\n","protected":false},"author":1,"featured_media":187967,"comment_status":"open","ping_status":"closed","sticky":false,"template":"","format":"standard","meta":{"colormag_page_container_layout":"default_layout","colormag_page_sidebar_layout":"default_layout","_uag_custom_page_level_css":"","footnotes":""},"categories":[5402],"tags":[35051,35053,115,22277,8,28314,18068,35052,4716,11405],"class_list":["post-187966","post","type-post","status-publish","format-standard","has-post-thumbnail","hentry","category-deportes","tag-circuito-motorland-de-alcaniz","tag-deniz-oncu","tag-espana","tag-gran-premio-de-aragon","tag-internacionales","tag-kalex","tag-moto2","tag-moto2-2025","tag-motociclismo","tag-motociclismo-internacional"],"yoast_head":"<!-- This site is optimized with the Yoast SEO plugin v27.5 - https:\/\/yoast.com\/product\/yoast-seo-wordpress\/ -->\n<title>Deniz \u00d6nc\u00fc logra su primera victoria en Moto2 por 0.003 segundos<\/title>\n<meta name=\"description\" content=\"Deniz \u00d6nc\u00fc consigui\u00f3 su primer triunfo en Moto2 al vencer por 0.003 segundos a Diogo Moreira en un hist\u00f3rico final del GP de Arag\u00f3n.\" \/>\n<meta name=\"robots\" content=\"index, follow, max-snippet:-1, max-image-preview:large, max-video-preview:-1\" \/>\n<link rel=\"canonical\" href=\"https:\/\/digital58.com.ve\/site\/2025\/06\/08\/deniz-oncu-logra-su-primera-victoria-en-moto2-por-0-003-segundos\/\" \/>\n<meta property=\"og:locale\" content=\"es_ES\" \/>\n<meta property=\"og:type\" content=\"article\" \/>\n<meta property=\"og:title\" content=\"Deniz \u00d6nc\u00fc logra su primera victoria en Moto2 por 0.003 segundos\" \/>\n<meta property=\"og:description\" content=\"Deniz \u00d6nc\u00fc consigui\u00f3 su primer triunfo en Moto2 al vencer por 0.003 segundos a Diogo Moreira en un hist\u00f3rico final del GP de Arag\u00f3n.\" \/>\n<meta property=\"og:url\" content=\"https:\/\/digital58.com.ve\/site\/2025\/06\/08\/deniz-oncu-logra-su-primera-victoria-en-moto2-por-0-003-segundos\/\" \/>\n<meta property=\"og:site_name\" content=\"Noticias Digital58\" \/>\n<meta property=\"article:published_time\" content=\"2025-06-08T23:22:04+00:00\" \/>\n<meta property=\"article:modified_time\" content=\"2025-06-08T23:23:02+00:00\" \/>\n<meta property=\"og:image\" content=\"https:\/\/digital58.com.ve\/site\/wp-content\/uploads\/2025\/06\/Deniz-Oncu-2025.webp\" \/>\n\t<meta property=\"og:image:width\" content=\"900\" \/>\n\t<meta property=\"og:image:height\" content=\"600\" \/>\n\t<meta property=\"og:image:type\" content=\"image\/webp\" \/>\n<meta name=\"author\" content=\"Villasmil Henry\" \/>\n<meta name=\"twitter:card\" content=\"summary_large_image\" \/>\n<meta name=\"twitter:creator\" content=\"@https:\/\/twitter.com\/villasmilhfoto\" \/>\n<meta name=\"twitter:site\" content=\"@villasmilhfoto\" \/>\n<meta name=\"twitter:label1\" content=\"Escrito por\" \/>\n\t<meta name=\"twitter:data1\" content=\"Villasmil Henry\" \/>\n\t<meta name=\"twitter:label2\" content=\"Tiempo estimado de lectura\" \/>\n\t<meta name=\"twitter:data2\" content=\"2 minutos\" \/>\n<script type=\"application\/ld+json\" class=\"yoast-schema-graph\">{\"@context\":\"https:\\\/\\\/schema.org\",\"@graph\":[{\"@type\":\"Article\",\"@id\":\"https:\\\/\\\/digital58.com.ve\\\/site\\\/2025\\\/06\\\/08\\\/deniz-oncu-logra-su-primera-victoria-en-moto2-por-0-003-segundos\\\/#article\",\"isPartOf\":{\"@id\":\"https:\\\/\\\/digital58.com.ve\\\/site\\\/2025\\\/06\\\/08\\\/deniz-oncu-logra-su-primera-victoria-en-moto2-por-0-003-segundos\\\/\"},\"author\":{\"name\":\"Villasmil Henry\",\"@id\":\"https:\\\/\\\/digital58.com.ve\\\/site\\\/#\\\/schema\\\/person\\\/64d1c2e4d0d4fd1b849980c4331c2951\"},\"headline\":\"Deniz \u00d6nc\u00fc logra su primera victoria en Moto2 por 0.003 segundos\",\"datePublished\":\"2025-06-08T23:22:04+00:00\",\"dateModified\":\"2025-06-08T23:23:02+00:00\",\"mainEntityOfPage\":{\"@id\":\"https:\\\/\\\/digital58.com.ve\\\/site\\\/2025\\\/06\\\/08\\\/deniz-oncu-logra-su-primera-victoria-en-moto2-por-0-003-segundos\\\/\"},\"wordCount\":410,\"commentCount\":0,\"publisher\":{\"@id\":\"https:\\\/\\\/digital58.com.ve\\\/site\\\/#\\\/schema\\\/person\\\/64d1c2e4d0d4fd1b849980c4331c2951\"},\"image\":{\"@id\":\"https:\\\/\\\/digital58.com.ve\\\/site\\\/2025\\\/06\\\/08\\\/deniz-oncu-logra-su-primera-victoria-en-moto2-por-0-003-segundos\\\/#primaryimage\"},\"thumbnailUrl\":\"https:\\\/\\\/digital58.com.ve\\\/site\\\/wp-content\\\/uploads\\\/2025\\\/06\\\/Deniz-Oncu-2025.webp\",\"keywords\":[\"Circuito Motorland de Alca\u00f1iz\",\"Deniz \u00d6nc\u00fc\",\"Espa\u00f1a\",\"Gran Premio de Arag\u00f3n\",\"Internacionales\",\"Kalex\",\"Moto2\",\"Moto2 2025\",\"Motociclismo\",\"Motociclismo Internacional\"],\"articleSection\":[\"Deportes\"],\"inLanguage\":\"es\",\"potentialAction\":[{\"@type\":\"CommentAction\",\"name\":\"Comment\",\"target\":[\"https:\\\/\\\/digital58.com.ve\\\/site\\\/2025\\\/06\\\/08\\\/deniz-oncu-logra-su-primera-victoria-en-moto2-por-0-003-segundos\\\/#respond\"]}]},{\"@type\":\"WebPage\",\"@id\":\"https:\\\/\\\/digital58.com.ve\\\/site\\\/2025\\\/06\\\/08\\\/deniz-oncu-logra-su-primera-victoria-en-moto2-por-0-003-segundos\\\/\",\"url\":\"https:\\\/\\\/digital58.com.ve\\\/site\\\/2025\\\/06\\\/08\\\/deniz-oncu-logra-su-primera-victoria-en-moto2-por-0-003-segundos\\\/\",\"name\":\"Deniz \u00d6nc\u00fc logra su primera victoria en Moto2 por 0.003 segundos\",\"isPartOf\":{\"@id\":\"https:\\\/\\\/digital58.com.ve\\\/site\\\/#website\"},\"primaryImageOfPage\":{\"@id\":\"https:\\\/\\\/digital58.com.ve\\\/site\\\/2025\\\/06\\\/08\\\/deniz-oncu-logra-su-primera-victoria-en-moto2-por-0-003-segundos\\\/#primaryimage\"},\"image\":{\"@id\":\"https:\\\/\\\/digital58.com.ve\\\/site\\\/2025\\\/06\\\/08\\\/deniz-oncu-logra-su-primera-victoria-en-moto2-por-0-003-segundos\\\/#primaryimage\"},\"thumbnailUrl\":\"https:\\\/\\\/digital58.com.ve\\\/site\\\/wp-content\\\/uploads\\\/2025\\\/06\\\/Deniz-Oncu-2025.webp\",\"datePublished\":\"2025-06-08T23:22:04+00:00\",\"dateModified\":\"2025-06-08T23:23:02+00:00\",\"description\":\"Deniz \u00d6nc\u00fc consigui\u00f3 su primer triunfo en Moto2 al vencer por 0.003 segundos a Diogo Moreira en un hist\u00f3rico final del GP de Arag\u00f3n.\",\"breadcrumb\":{\"@id\":\"https:\\\/\\\/digital58.com.ve\\\/site\\\/2025\\\/06\\\/08\\\/deniz-oncu-logra-su-primera-victoria-en-moto2-por-0-003-segundos\\\/#breadcrumb\"},\"inLanguage\":\"es\",\"potentialAction\":[{\"@type\":\"ReadAction\",\"target\":[\"https:\\\/\\\/digital58.com.ve\\\/site\\\/2025\\\/06\\\/08\\\/deniz-oncu-logra-su-primera-victoria-en-moto2-por-0-003-segundos\\\/\"]}]},{\"@type\":\"ImageObject\",\"inLanguage\":\"es\",\"@id\":\"https:\\\/\\\/digital58.com.ve\\\/site\\\/2025\\\/06\\\/08\\\/deniz-oncu-logra-su-primera-victoria-en-moto2-por-0-003-segundos\\\/#primaryimage\",\"url\":\"https:\\\/\\\/digital58.com.ve\\\/site\\\/wp-content\\\/uploads\\\/2025\\\/06\\\/Deniz-Oncu-2025.webp\",\"contentUrl\":\"https:\\\/\\\/digital58.com.ve\\\/site\\\/wp-content\\\/uploads\\\/2025\\\/06\\\/Deniz-Oncu-2025.webp\",\"width\":900,\"height\":600},{\"@type\":\"BreadcrumbList\",\"@id\":\"https:\\\/\\\/digital58.com.ve\\\/site\\\/2025\\\/06\\\/08\\\/deniz-oncu-logra-su-primera-victoria-en-moto2-por-0-003-segundos\\\/#breadcrumb\",\"itemListElement\":[{\"@type\":\"ListItem\",\"position\":1,\"name\":\"Home\",\"item\":\"https:\\\/\\\/digital58.com.ve\\\/site\\\/\"},{\"@type\":\"ListItem\",\"position\":2,\"name\":\"Deniz \u00d6nc\u00fc logra su primera victoria en Moto2 por 0.003 segundos\"}]},{\"@type\":\"WebSite\",\"@id\":\"https:\\\/\\\/digital58.com.ve\\\/site\\\/#website\",\"url\":\"https:\\\/\\\/digital58.com.ve\\\/site\\\/\",\"name\":\"Noticias Digital58\",\"description\":\"Portal de Noticias \u00a1Periodismo web de verdad! Lanzamiento web 22.11.2005 \\\/ Maracaibo, Venezuela\",\"publisher\":{\"@id\":\"https:\\\/\\\/digital58.com.ve\\\/site\\\/#\\\/schema\\\/person\\\/64d1c2e4d0d4fd1b849980c4331c2951\"},\"alternateName\":\"ND58\",\"potentialAction\":[{\"@type\":\"SearchAction\",\"target\":{\"@type\":\"EntryPoint\",\"urlTemplate\":\"https:\\\/\\\/digital58.com.ve\\\/site\\\/?s={search_term_string}\"},\"query-input\":{\"@type\":\"PropertyValueSpecification\",\"valueRequired\":true,\"valueName\":\"search_term_string\"}}],\"inLanguage\":\"es\"},{\"@type\":[\"Person\",\"Organization\"],\"@id\":\"https:\\\/\\\/digital58.com.ve\\\/site\\\/#\\\/schema\\\/person\\\/64d1c2e4d0d4fd1b849980c4331c2951\",\"name\":\"Villasmil Henry\",\"image\":{\"@type\":\"ImageObject\",\"inLanguage\":\"es\",\"@id\":\"https:\\\/\\\/secure.gravatar.com\\\/avatar\\\/bb0c4a2fcb7970138239f7e404ea75757b1b507b28b5ce4c53fbd62d797c5a7c?s=96&d=mm&r=g\",\"url\":\"https:\\\/\\\/secure.gravatar.com\\\/avatar\\\/bb0c4a2fcb7970138239f7e404ea75757b1b507b28b5ce4c53fbd62d797c5a7c?s=96&d=mm&r=g\",\"contentUrl\":\"https:\\\/\\\/secure.gravatar.com\\\/avatar\\\/bb0c4a2fcb7970138239f7e404ea75757b1b507b28b5ce4c53fbd62d797c5a7c?s=96&d=mm&r=g\",\"caption\":\"Villasmil Henry\"},\"logo\":{\"@id\":\"https:\\\/\\\/secure.gravatar.com\\\/avatar\\\/bb0c4a2fcb7970138239f7e404ea75757b1b507b28b5ce4c53fbd62d797c5a7c?s=96&d=mm&r=g\"},\"sameAs\":[\"http:\\\/\\\/www.henryvillasmil.com.ve\",\"https:\\\/\\\/www.instagram.com\\\/villasmilhfoto\\\/\",\"https:\\\/\\\/x.com\\\/https:\\\/\\\/twitter.com\\\/villasmilhfoto\"],\"url\":\"https:\\\/\\\/digital58.com.ve\\\/site\\\/author\\\/droopy_68\\\/\"}]}<\/script>\n<!-- \/ Yoast SEO plugin. -->","yoast_head_json":{"title":"Deniz \u00d6nc\u00fc logra su primera victoria en Moto2 por 0.003 segundos","description":"Deniz \u00d6nc\u00fc consigui\u00f3 su primer triunfo en Moto2 al vencer por 0.003 segundos a Diogo Moreira en un hist\u00f3rico final del GP de Arag\u00f3n.","robots":{"index":"index","follow":"follow","max-snippet":"max-snippet:-1","max-image-preview":"max-image-preview:large","max-video-preview":"max-video-preview:-1"},"canonical":"https:\/\/digital58.com.ve\/site\/2025\/06\/08\/deniz-oncu-logra-su-primera-victoria-en-moto2-por-0-003-segundos\/","og_locale":"es_ES","og_type":"article","og_title":"Deniz \u00d6nc\u00fc logra su primera victoria en Moto2 por 0.003 segundos","og_description":"Deniz \u00d6nc\u00fc consigui\u00f3 su primer triunfo en Moto2 al vencer por 0.003 segundos a Diogo Moreira en un hist\u00f3rico final del GP de Arag\u00f3n.","og_url":"https:\/\/digital58.com.ve\/site\/2025\/06\/08\/deniz-oncu-logra-su-primera-victoria-en-moto2-por-0-003-segundos\/","og_site_name":"Noticias Digital58","article_published_time":"2025-06-08T23:22:04+00:00","article_modified_time":"2025-06-08T23:23:02+00:00","og_image":[{"width":900,"height":600,"url":"https:\/\/digital58.com.ve\/site\/wp-content\/uploads\/2025\/06\/Deniz-Oncu-2025.webp","type":"image\/webp"}],"author":"Villasmil Henry","twitter_card":"summary_large_image","twitter_creator":"@https:\/\/twitter.com\/villasmilhfoto","twitter_site":"@villasmilhfoto","twitter_misc":{"Escrito por":"Villasmil Henry","Tiempo estimado de lectura":"2 minutos"},"schema":{"@context":"https:\/\/schema.org","@graph":[{"@type":"Article","@id":"https:\/\/digital58.com.ve\/site\/2025\/06\/08\/deniz-oncu-logra-su-primera-victoria-en-moto2-por-0-003-segundos\/#article","isPartOf":{"@id":"https:\/\/digital58.com.ve\/site\/2025\/06\/08\/deniz-oncu-logra-su-primera-victoria-en-moto2-por-0-003-segundos\/"},"author":{"name":"Villasmil Henry","@id":"https:\/\/digital58.com.ve\/site\/#\/schema\/person\/64d1c2e4d0d4fd1b849980c4331c2951"},"headline":"Deniz \u00d6nc\u00fc logra su primera victoria en Moto2 por 0.003 segundos","datePublished":"2025-06-08T23:22:04+00:00","dateModified":"2025-06-08T23:23:02+00:00","mainEntityOfPage":{"@id":"https:\/\/digital58.com.ve\/site\/2025\/06\/08\/deniz-oncu-logra-su-primera-victoria-en-moto2-por-0-003-segundos\/"},"wordCount":410,"commentCount":0,"publisher":{"@id":"https:\/\/digital58.com.ve\/site\/#\/schema\/person\/64d1c2e4d0d4fd1b849980c4331c2951"},"image":{"@id":"https:\/\/digital58.com.ve\/site\/2025\/06\/08\/deniz-oncu-logra-su-primera-victoria-en-moto2-por-0-003-segundos\/#primaryimage"},"thumbnailUrl":"https:\/\/digital58.com.ve\/site\/wp-content\/uploads\/2025\/06\/Deniz-Oncu-2025.webp","keywords":["Circuito Motorland de Alca\u00f1iz","Deniz \u00d6nc\u00fc","Espa\u00f1a","Gran Premio de Arag\u00f3n","Internacionales","Kalex","Moto2","Moto2 2025","Motociclismo","Motociclismo Internacional"],"articleSection":["Deportes"],"inLanguage":"es","potentialAction":[{"@type":"CommentAction","name":"Comment","target":["https:\/\/digital58.com.ve\/site\/2025\/06\/08\/deniz-oncu-logra-su-primera-victoria-en-moto2-por-0-003-segundos\/#respond"]}]},{"@type":"WebPage","@id":"https:\/\/digital58.com.ve\/site\/2025\/06\/08\/deniz-oncu-logra-su-primera-victoria-en-moto2-por-0-003-segundos\/","url":"https:\/\/digital58.com.ve\/site\/2025\/06\/08\/deniz-oncu-logra-su-primera-victoria-en-moto2-por-0-003-segundos\/","name":"Deniz \u00d6nc\u00fc logra su primera victoria en Moto2 por 0.003 segundos","isPartOf":{"@id":"https:\/\/digital58.com.ve\/site\/#website"},"primaryImageOfPage":{"@id":"https:\/\/digital58.com.ve\/site\/2025\/06\/08\/deniz-oncu-logra-su-primera-victoria-en-moto2-por-0-003-segundos\/#primaryimage"},"image":{"@id":"https:\/\/digital58.com.ve\/site\/2025\/06\/08\/deniz-oncu-logra-su-primera-victoria-en-moto2-por-0-003-segundos\/#primaryimage"},"thumbnailUrl":"https:\/\/digital58.com.ve\/site\/wp-content\/uploads\/2025\/06\/Deniz-Oncu-2025.webp","datePublished":"2025-06-08T23:22:04+00:00","dateModified":"2025-06-08T23:23:02+00:00","description":"Deniz \u00d6nc\u00fc consigui\u00f3 su primer triunfo en Moto2 al vencer por 0.003 segundos a Diogo Moreira en un hist\u00f3rico final del GP de Arag\u00f3n.","breadcrumb":{"@id":"https:\/\/digital58.com.ve\/site\/2025\/06\/08\/deniz-oncu-logra-su-primera-victoria-en-moto2-por-0-003-segundos\/#breadcrumb"},"inLanguage":"es","potentialAction":[{"@type":"ReadAction","target":["https:\/\/digital58.com.ve\/site\/2025\/06\/08\/deniz-oncu-logra-su-primera-victoria-en-moto2-por-0-003-segundos\/"]}]},{"@type":"ImageObject","inLanguage":"es","@id":"https:\/\/digital58.com.ve\/site\/2025\/06\/08\/deniz-oncu-logra-su-primera-victoria-en-moto2-por-0-003-segundos\/#primaryimage","url":"https:\/\/digital58.com.ve\/site\/wp-content\/uploads\/2025\/06\/Deniz-Oncu-2025.webp","contentUrl":"https:\/\/digital58.com.ve\/site\/wp-content\/uploads\/2025\/06\/Deniz-Oncu-2025.webp","width":900,"height":600},{"@type":"BreadcrumbList","@id":"https:\/\/digital58.com.ve\/site\/2025\/06\/08\/deniz-oncu-logra-su-primera-victoria-en-moto2-por-0-003-segundos\/#breadcrumb","itemListElement":[{"@type":"ListItem","position":1,"name":"Home","item":"https:\/\/digital58.com.ve\/site\/"},{"@type":"ListItem","position":2,"name":"Deniz \u00d6nc\u00fc logra su primera victoria en Moto2 por 0.003 segundos"}]},{"@type":"WebSite","@id":"https:\/\/digital58.com.ve\/site\/#website","url":"https:\/\/digital58.com.ve\/site\/","name":"Noticias Digital58","description":"Portal de Noticias \u00a1Periodismo web de verdad! Lanzamiento web 22.11.2005 \/ Maracaibo, Venezuela","publisher":{"@id":"https:\/\/digital58.com.ve\/site\/#\/schema\/person\/64d1c2e4d0d4fd1b849980c4331c2951"},"alternateName":"ND58","potentialAction":[{"@type":"SearchAction","target":{"@type":"EntryPoint","urlTemplate":"https:\/\/digital58.com.ve\/site\/?s={search_term_string}"},"query-input":{"@type":"PropertyValueSpecification","valueRequired":true,"valueName":"search_term_string"}}],"inLanguage":"es"},{"@type":["Person","Organization"],"@id":"https:\/\/digital58.com.ve\/site\/#\/schema\/person\/64d1c2e4d0d4fd1b849980c4331c2951","name":"Villasmil Henry","image":{"@type":"ImageObject","inLanguage":"es","@id":"https:\/\/secure.gravatar.com\/avatar\/bb0c4a2fcb7970138239f7e404ea75757b1b507b28b5ce4c53fbd62d797c5a7c?s=96&d=mm&r=g","url":"https:\/\/secure.gravatar.com\/avatar\/bb0c4a2fcb7970138239f7e404ea75757b1b507b28b5ce4c53fbd62d797c5a7c?s=96&d=mm&r=g","contentUrl":"https:\/\/secure.gravatar.com\/avatar\/bb0c4a2fcb7970138239f7e404ea75757b1b507b28b5ce4c53fbd62d797c5a7c?s=96&d=mm&r=g","caption":"Villasmil Henry"},"logo":{"@id":"https:\/\/secure.gravatar.com\/avatar\/bb0c4a2fcb7970138239f7e404ea75757b1b507b28b5ce4c53fbd62d797c5a7c?s=96&d=mm&r=g"},"sameAs":["http:\/\/www.henryvillasmil.com.ve","https:\/\/www.instagram.com\/villasmilhfoto\/","https:\/\/x.com\/https:\/\/twitter.com\/villasmilhfoto"],"url":"https:\/\/digital58.com.ve\/site\/author\/droopy_68\/"}]}},"uagb_featured_image_src":{"full":["https:\/\/digital58.com.ve\/site\/wp-content\/uploads\/2025\/06\/Deniz-Oncu-2025.webp",900,600,false],"thumbnail":["https:\/\/digital58.com.ve\/site\/wp-content\/uploads\/2025\/06\/Deniz-Oncu-2025-150x150.webp",150,150,true],"medium":["https:\/\/digital58.com.ve\/site\/wp-content\/uploads\/2025\/06\/Deniz-Oncu-2025-300x200.webp",300,200,true],"medium_large":["https:\/\/digital58.com.ve\/site\/wp-content\/uploads\/2025\/06\/Deniz-Oncu-2025-768x512.webp",768,512,true],"large":["https:\/\/digital58.com.ve\/site\/wp-content\/uploads\/2025\/06\/Deniz-Oncu-2025.webp",800,533,false],"1536x1536":["https:\/\/digital58.com.ve\/site\/wp-content\/uploads\/2025\/06\/Deniz-Oncu-2025.webp",900,600,false],"2048x2048":["https:\/\/digital58.com.ve\/site\/wp-content\/uploads\/2025\/06\/Deniz-Oncu-2025.webp",900,600,false],"colormag-highlighted-post":["https:\/\/digital58.com.ve\/site\/wp-content\/uploads\/2025\/06\/Deniz-Oncu-2025-392x272.webp",392,272,true],"colormag-featured-post-medium":["https:\/\/digital58.com.ve\/site\/wp-content\/uploads\/2025\/06\/Deniz-Oncu-2025-390x205.webp",390,205,true],"colormag-featured-post-small":["https:\/\/digital58.com.ve\/site\/wp-content\/uploads\/2025\/06\/Deniz-Oncu-2025-130x90.webp",130,90,true],"colormag-featured-image":["https:\/\/digital58.com.ve\/site\/wp-content\/uploads\/2025\/06\/Deniz-Oncu-2025-800x445.webp",800,445,true],"colormag-default-news":["https:\/\/digital58.com.ve\/site\/wp-content\/uploads\/2025\/06\/Deniz-Oncu-2025-150x150.webp",150,150,true],"colormag-featured-image-large":["https:\/\/digital58.com.ve\/site\/wp-content\/uploads\/2025\/06\/Deniz-Oncu-2025.webp",900,600,false]},"uagb_author_info":{"display_name":"Villasmil Henry","author_link":"https:\/\/digital58.com.ve\/site\/author\/droopy_68\/"},"uagb_comment_info":0,"uagb_excerpt":"El piloto turco super\u00f3 al brasile\u00f1o Diogo Moreira en un final hist\u00f3rico en el Gran Premio de Arag\u00f3n, celebrado en","_links":{"self":[{"href":"https:\/\/digital58.com.ve\/site\/wp-json\/wp\/v2\/posts\/187966","targetHints":{"allow":["GET"]}}],"collection":[{"href":"https:\/\/digital58.com.ve\/site\/wp-json\/wp\/v2\/posts"}],"about":[{"href":"https:\/\/digital58.com.ve\/site\/wp-json\/wp\/v2\/types\/post"}],"author":[{"embeddable":true,"href":"https:\/\/digital58.com.ve\/site\/wp-json\/wp\/v2\/users\/1"}],"replies":[{"embeddable":true,"href":"https:\/\/digital58.com.ve\/site\/wp-json\/wp\/v2\/comments?post=187966"}],"version-history":[{"count":1,"href":"https:\/\/digital58.com.ve\/site\/wp-json\/wp\/v2\/posts\/187966\/revisions"}],"predecessor-version":[{"id":187968,"href":"https:\/\/digital58.com.ve\/site\/wp-json\/wp\/v2\/posts\/187966\/revisions\/187968"}],"wp:featuredmedia":[{"embeddable":true,"href":"https:\/\/digital58.com.ve\/site\/wp-json\/wp\/v2\/media\/187967"}],"wp:attachment":[{"href":"https:\/\/digital58.com.ve\/site\/wp-json\/wp\/v2\/media?parent=187966"}],"wp:term":[{"taxonomy":"category","embeddable":true,"href":"https:\/\/digital58.com.ve\/site\/wp-json\/wp\/v2\/categories?post=187966"},{"taxonomy":"post_tag","embeddable":true,"href":"https:\/\/digital58.com.ve\/site\/wp-json\/wp\/v2\/tags?post=187966"}],"curies":[{"name":"wp","href":"https:\/\/api.w.org\/{rel}","templated":true}]}}