{"id":188478,"date":"2025-06-26T15:38:29","date_gmt":"2025-06-26T19:38:29","guid":{"rendered":"https:\/\/digital58.com.ve\/site\/?p=188478"},"modified":"2025-06-26T15:38:29","modified_gmt":"2025-06-26T19:38:29","slug":"zulia-gran-alianza-presenta-candidatos-en-lagunillas-rumbo-al-27-j","status":"publish","type":"post","link":"https:\/\/digital58.com.ve\/site\/2025\/06\/26\/zulia-gran-alianza-presenta-candidatos-en-lagunillas-rumbo-al-27-j\/","title":{"rendered":"Zulia | Gran Alianza presenta candidatos en Lagunillas rumbo al 27-J"},"content":{"rendered":"<p><a class=\"keychainify-checked\" href=\"https:\/\/digital58.com.ve\/site\/wp-content\/uploads\/2025\/06\/mosquera-lagunillas-25-1.webp\"><img loading=\"lazy\" decoding=\"async\" class=\"aligncenter wp-image-188479 size-full\" src=\"https:\/\/digital58.com.ve\/site\/wp-content\/uploads\/2025\/06\/mosquera-lagunillas-25-1.webp\" alt=\"La Gran Alianza por Lagunillas present\u00f3 este mi\u00e9rcoles 26 de junio sus candidatos para las elecciones municipales del 27 de julio, con el alcalde Jos\u00e9 \u00abCheo\u00bb Mosquera como aspirante a la reelecci\u00f3n y el respaldo de m\u00e1s de diez partidos opositores.\" width=\"900\" height=\"600\" srcset=\"https:\/\/digital58.com.ve\/site\/wp-content\/uploads\/2025\/06\/mosquera-lagunillas-25-1.webp 900w, https:\/\/digital58.com.ve\/site\/wp-content\/uploads\/2025\/06\/mosquera-lagunillas-25-1-300x200.webp 300w, https:\/\/digital58.com.ve\/site\/wp-content\/uploads\/2025\/06\/mosquera-lagunillas-25-1-768x512.webp 768w\" sizes=\"auto, (max-width: 900px) 100vw, 900px\" \/><\/a><\/p>\n<blockquote><p>Partidos de la Gran Alianza por Lagunillas ratificaron respaldo a Jos\u00e9 Mosquera y anunciaron postulaciones para concejales en los pr\u00f3ximos comicios municipales.<\/p><\/blockquote>\n<p><strong>Lagunillas, Zulia, Venezuela, 26 de junio de 2025 (ND58).-\u00a0<\/strong> La Gran Alianza por Lagunillas present\u00f3 este mi\u00e9rcoles 26 de junio sus candidatos para las elecciones municipales del 27 de julio, con el alcalde Jos\u00e9 \u00abCheo\u00bb Mosquera como aspirante a la reelecci\u00f3n y el respaldo de m\u00e1s de diez partidos opositores.<\/p>\n<h2>Unidad opositora reafirma respaldo a Mosquera<\/h2>\n<p>La coalici\u00f3n opositora ratific\u00f3 su compromiso con la v\u00eda electoral al oficializar a Jos\u00e9 \u00abCheo\u00bb Mosquera como su abanderado a la Alcald\u00eda de Lagunillas.<\/p>\n<p>La presentaci\u00f3n se hizo en rueda de prensa junto a candidatos al Concejo Municipal, con la presencia de dirigentes de 13 organizaciones pol\u00edticas.<\/p>\n<p>El ex alcalde Mervin M\u00e9ndez fue anunciado como jefe de campa\u00f1a, aportando su experiencia para consolidar la propuesta opositora.<\/p>\n<h2>Partidos llaman a votar el 27 de julio<\/h2>\n<p>Durante el acto, representantes de UNT, Copei ODCA, Fuerza Vecinal, Adecos en Defensa del Zulia, Derecha Democr\u00e1tica Popular, UNE, L\u00e1piz, Arepa Digital, MR, Partido Ecol\u00f3gico y Uni\u00f3n y Cambio reafirmaron su intenci\u00f3n de avanzar con una candidatura \u00fanica.<\/p>\n<p>Mosquera destac\u00f3: <strong>\u00abLa abstenci\u00f3n no nos llev\u00f3 a nada en las regionales, por eso ahora vamos a salir a votar. Estamos seguros de que el pueblo no se va a equivocar\u00bb.<\/strong><\/p>\n<h2>Plan de gobierno y alianzas estrat\u00e9gicas<\/h2>\n<p>El actual alcalde reiter\u00f3 que, de ser reelecto, continuar\u00e1 trabajando en conjunto con los gobiernos nacional y regional. Anunci\u00f3 que su gesti\u00f3n se enfocar\u00e1 en la ampliaci\u00f3n de planes de asfaltado, mejoras en servicios p\u00fablicos, apoyo al deporte, programas sociales y nuevas alianzas para el desarrollo local.<\/p>\n<p><strong>\u00abContamos con un gran equipo en esta Alianza, porque primero es el amor por Lagunillas, por el cual vamos a seguir trabajando\u00bb<\/strong>, afirm\u00f3.<\/p>\n<h2>Estos son los candidatos presentados por la Alianza<\/h2>\n<p><strong>Circuito 1 \u2013 Parroquias Venezuela, Campo Lara, El Danto y Eleazar L\u00f3pez Contreras<\/strong><\/p>\n<p>Principal: Carlosman Leal (UNT)<br \/>\nSuplente: Noralyth Silva (UNT)<\/p>\n<p><strong>Circuito 2 \u2013 Parroquia Libertad<\/strong><\/p>\n<p>Principal: Hiulis Rivero (UNT)<br \/>\nSuplente: Jos\u00e9 Luis Zabala (Uni\u00f3n y Cambio)<\/p>\n<p><strong>Circuito 2 \u2013 Parroquia Paraute<\/strong><\/p>\n<p>Principal: Kristal M\u00e9ndez (Uni\u00f3n y Cambio)<br \/>\nSuplente: Yonathan Rodr\u00edguez (UNT)<\/p>\n<p><strong>Concejales por lista<\/strong><\/p>\n<p>Yuleima de Vel\u00e1zquez (UNT)<br \/>\nLuis Mart\u00ednez (Uni\u00f3n y Cambio)<br \/>\nJavier Africano (Adecos en Defensa del Zulia)<br \/>\nRafael Dur\u00e1n (Copei ODCA)<br \/>\nEnilda Boh\u00f3rquez (UNT)<br \/>\nAngelina Segovia (Uni\u00f3n y Cambio)<br \/>\nYonatan Morales (UNT)<br \/>\nMarbellys Rodr\u00edguez (Adecos en Defensa del Zulia)<br \/>\nCrist\u00f3bal Mill\u00e1n (Adecos en Defensa del Zulia)<br \/>\nMervin Mar\u00edn (Uni\u00f3n y Cambio)<\/p>\n<p><strong>Sala de redacci\u00f3n ND58 | Fuente: NDP Gran Alianza por Lagunillas<\/strong><br \/>\n<strong>Edici\u00f3n: Villasmil, Henry<\/strong><br \/>\n<strong>Gr\u00e1ficas: Cortes\u00eda<\/strong><\/p>\n<p>&nbsp;<\/p><div class=\"oelfv69f476a7b9a32\" ><p style=\"text-align: center;\"><a href=\"https:\/\/t.me\/noticiasdigital58\" target=\"_blank\" rel=\"noopener\"><img class=\"aligncenter size-full wp-image-125363\" src=\"https:\/\/digital58.com.ve\/site\/wp-content\/uploads\/2021\/04\/banner-telegram-web-2021.png\" alt=\"\" width=\"600\" height=\"90\" \/><\/a><\/p><\/div><style type=\"text\/css\">\r\n@media screen and (min-width: 1201px) {\r\n.oelfv69f476a7b9a32 {\r\ndisplay: block;\r\n}\r\n}\r\n@media screen and (min-width: 993px) and (max-width: 1200px) {\r\n.oelfv69f476a7b9a32 {\r\ndisplay: block;\r\n}\r\n}\r\n@media screen and (min-width: 769px) and (max-width: 992px) {\r\n.oelfv69f476a7b9a32 {\r\ndisplay: block;\r\n}\r\n}\r\n@media screen and (min-width: 768px) and (max-width: 768px) {\r\n.oelfv69f476a7b9a32 {\r\ndisplay: block;\r\n}\r\n}\r\n@media screen and (max-width: 767px) {\r\n.oelfv69f476a7b9a32 {\r\ndisplay: block;\r\n}\r\n}\r\n<\/style>\r\n\n<p>&nbsp;<\/p>\n<div style=\"margin-top: 0px; margin-bottom: 0px;\" class=\"sharethis-inline-share-buttons\" ><\/div>","protected":false},"excerpt":{"rendered":"<p>Partidos de la Gran Alianza por Lagunillas ratificaron respaldo a Jos\u00e9 Mosquera y anunciaron postulaciones para concejales en los pr\u00f3ximos<\/p>\n","protected":false},"author":1,"featured_media":188479,"comment_status":"open","ping_status":"closed","sticky":false,"template":"","format":"standard","meta":{"colormag_page_container_layout":"default_layout","colormag_page_sidebar_layout":"default_layout","_uag_custom_page_level_css":"","footnotes":""},"categories":[14504],"tags":[14104,163,35069,30886,14098,233,8605,11058,2354],"class_list":["post-188478","post","type-post","status-publish","format-standard","has-post-thumbnail","hentry","category-zulia","tag-alcaldia-de-lagunillas","tag-col","tag-elecciones-municipales-2025","tag-jose-mosquera-adarme","tag-municipio-lagunillas","tag-nacionales","tag-oposicion-venezolana","tag-partidos-politicos","tag-regionales"],"yoast_head":"<!-- This site is optimized with the Yoast SEO plugin v27.5 - https:\/\/yoast.com\/product\/yoast-seo-wordpress\/ -->\n<title>Gran Alianza presenta candidatos en Lagunillas rumbo al 27-J<\/title>\n<meta name=\"description\" content=\"Oposici\u00f3n en Lagunillas present\u00f3 candidatos para el 27-J y ratific\u00f3 apoyo a Jos\u00e9 Mosquera como aspirante a la reelecci\u00f3n.\" \/>\n<meta name=\"robots\" content=\"index, follow, max-snippet:-1, max-image-preview:large, max-video-preview:-1\" \/>\n<link rel=\"canonical\" href=\"https:\/\/digital58.com.ve\/site\/2025\/06\/26\/zulia-gran-alianza-presenta-candidatos-en-lagunillas-rumbo-al-27-j\/\" \/>\n<meta property=\"og:locale\" content=\"es_ES\" \/>\n<meta property=\"og:type\" content=\"article\" \/>\n<meta property=\"og:title\" content=\"Gran Alianza presenta candidatos en Lagunillas rumbo al 27-J\" \/>\n<meta property=\"og:description\" content=\"Oposici\u00f3n en Lagunillas present\u00f3 candidatos para el 27-J y ratific\u00f3 apoyo a Jos\u00e9 Mosquera como aspirante a la reelecci\u00f3n.\" \/>\n<meta property=\"og:url\" content=\"https:\/\/digital58.com.ve\/site\/2025\/06\/26\/zulia-gran-alianza-presenta-candidatos-en-lagunillas-rumbo-al-27-j\/\" \/>\n<meta property=\"og:site_name\" content=\"Noticias Digital58\" \/>\n<meta property=\"article:published_time\" content=\"2025-06-26T19:38:29+00:00\" \/>\n<meta property=\"og:image\" content=\"https:\/\/digital58.com.ve\/site\/wp-content\/uploads\/2025\/06\/mosquera-lagunillas-25-1.webp\" \/>\n\t<meta property=\"og:image:width\" content=\"900\" \/>\n\t<meta property=\"og:image:height\" content=\"600\" \/>\n\t<meta property=\"og:image:type\" content=\"image\/webp\" \/>\n<meta name=\"author\" content=\"Villasmil Henry\" \/>\n<meta name=\"twitter:card\" content=\"summary_large_image\" \/>\n<meta name=\"twitter:creator\" content=\"@https:\/\/twitter.com\/villasmilhfoto\" \/>\n<meta name=\"twitter:site\" content=\"@villasmilhfoto\" \/>\n<meta name=\"twitter:label1\" content=\"Escrito por\" \/>\n\t<meta name=\"twitter:data1\" content=\"Villasmil Henry\" \/>\n\t<meta name=\"twitter:label2\" content=\"Tiempo estimado de lectura\" \/>\n\t<meta name=\"twitter:data2\" content=\"3 minutos\" \/>\n<script type=\"application\/ld+json\" class=\"yoast-schema-graph\">{\"@context\":\"https:\\\/\\\/schema.org\",\"@graph\":[{\"@type\":\"Article\",\"@id\":\"https:\\\/\\\/digital58.com.ve\\\/site\\\/2025\\\/06\\\/26\\\/zulia-gran-alianza-presenta-candidatos-en-lagunillas-rumbo-al-27-j\\\/#article\",\"isPartOf\":{\"@id\":\"https:\\\/\\\/digital58.com.ve\\\/site\\\/2025\\\/06\\\/26\\\/zulia-gran-alianza-presenta-candidatos-en-lagunillas-rumbo-al-27-j\\\/\"},\"author\":{\"name\":\"Villasmil Henry\",\"@id\":\"https:\\\/\\\/digital58.com.ve\\\/site\\\/#\\\/schema\\\/person\\\/64d1c2e4d0d4fd1b849980c4331c2951\"},\"headline\":\"Zulia | Gran Alianza presenta candidatos en Lagunillas rumbo al 27-J\",\"datePublished\":\"2025-06-26T19:38:29+00:00\",\"mainEntityOfPage\":{\"@id\":\"https:\\\/\\\/digital58.com.ve\\\/site\\\/2025\\\/06\\\/26\\\/zulia-gran-alianza-presenta-candidatos-en-lagunillas-rumbo-al-27-j\\\/\"},\"wordCount\":467,\"commentCount\":0,\"publisher\":{\"@id\":\"https:\\\/\\\/digital58.com.ve\\\/site\\\/#\\\/schema\\\/person\\\/64d1c2e4d0d4fd1b849980c4331c2951\"},\"image\":{\"@id\":\"https:\\\/\\\/digital58.com.ve\\\/site\\\/2025\\\/06\\\/26\\\/zulia-gran-alianza-presenta-candidatos-en-lagunillas-rumbo-al-27-j\\\/#primaryimage\"},\"thumbnailUrl\":\"https:\\\/\\\/digital58.com.ve\\\/site\\\/wp-content\\\/uploads\\\/2025\\\/06\\\/mosquera-lagunillas-25-1.webp\",\"keywords\":[\"Alcald\u00eda de Lagunillas\",\"COL\",\"Elecciones municipales 2025\",\"Jos\u00e9 Mosquera Adarme\",\"Municipio Lagunillas\",\"Nacionales\",\"Oposici\u00f3n Venezolana\",\"Partidos Pol\u00edticos\",\"Regionales\"],\"articleSection\":[\"Zulia\"],\"inLanguage\":\"es\",\"potentialAction\":[{\"@type\":\"CommentAction\",\"name\":\"Comment\",\"target\":[\"https:\\\/\\\/digital58.com.ve\\\/site\\\/2025\\\/06\\\/26\\\/zulia-gran-alianza-presenta-candidatos-en-lagunillas-rumbo-al-27-j\\\/#respond\"]}]},{\"@type\":\"WebPage\",\"@id\":\"https:\\\/\\\/digital58.com.ve\\\/site\\\/2025\\\/06\\\/26\\\/zulia-gran-alianza-presenta-candidatos-en-lagunillas-rumbo-al-27-j\\\/\",\"url\":\"https:\\\/\\\/digital58.com.ve\\\/site\\\/2025\\\/06\\\/26\\\/zulia-gran-alianza-presenta-candidatos-en-lagunillas-rumbo-al-27-j\\\/\",\"name\":\"Gran Alianza presenta candidatos en Lagunillas rumbo al 27-J\",\"isPartOf\":{\"@id\":\"https:\\\/\\\/digital58.com.ve\\\/site\\\/#website\"},\"primaryImageOfPage\":{\"@id\":\"https:\\\/\\\/digital58.com.ve\\\/site\\\/2025\\\/06\\\/26\\\/zulia-gran-alianza-presenta-candidatos-en-lagunillas-rumbo-al-27-j\\\/#primaryimage\"},\"image\":{\"@id\":\"https:\\\/\\\/digital58.com.ve\\\/site\\\/2025\\\/06\\\/26\\\/zulia-gran-alianza-presenta-candidatos-en-lagunillas-rumbo-al-27-j\\\/#primaryimage\"},\"thumbnailUrl\":\"https:\\\/\\\/digital58.com.ve\\\/site\\\/wp-content\\\/uploads\\\/2025\\\/06\\\/mosquera-lagunillas-25-1.webp\",\"datePublished\":\"2025-06-26T19:38:29+00:00\",\"description\":\"Oposici\u00f3n en Lagunillas present\u00f3 candidatos para el 27-J y ratific\u00f3 apoyo a Jos\u00e9 Mosquera como aspirante a la reelecci\u00f3n.\",\"breadcrumb\":{\"@id\":\"https:\\\/\\\/digital58.com.ve\\\/site\\\/2025\\\/06\\\/26\\\/zulia-gran-alianza-presenta-candidatos-en-lagunillas-rumbo-al-27-j\\\/#breadcrumb\"},\"inLanguage\":\"es\",\"potentialAction\":[{\"@type\":\"ReadAction\",\"target\":[\"https:\\\/\\\/digital58.com.ve\\\/site\\\/2025\\\/06\\\/26\\\/zulia-gran-alianza-presenta-candidatos-en-lagunillas-rumbo-al-27-j\\\/\"]}]},{\"@type\":\"ImageObject\",\"inLanguage\":\"es\",\"@id\":\"https:\\\/\\\/digital58.com.ve\\\/site\\\/2025\\\/06\\\/26\\\/zulia-gran-alianza-presenta-candidatos-en-lagunillas-rumbo-al-27-j\\\/#primaryimage\",\"url\":\"https:\\\/\\\/digital58.com.ve\\\/site\\\/wp-content\\\/uploads\\\/2025\\\/06\\\/mosquera-lagunillas-25-1.webp\",\"contentUrl\":\"https:\\\/\\\/digital58.com.ve\\\/site\\\/wp-content\\\/uploads\\\/2025\\\/06\\\/mosquera-lagunillas-25-1.webp\",\"width\":900,\"height\":600},{\"@type\":\"BreadcrumbList\",\"@id\":\"https:\\\/\\\/digital58.com.ve\\\/site\\\/2025\\\/06\\\/26\\\/zulia-gran-alianza-presenta-candidatos-en-lagunillas-rumbo-al-27-j\\\/#breadcrumb\",\"itemListElement\":[{\"@type\":\"ListItem\",\"position\":1,\"name\":\"Home\",\"item\":\"https:\\\/\\\/digital58.com.ve\\\/site\\\/\"},{\"@type\":\"ListItem\",\"position\":2,\"name\":\"Zulia | Gran Alianza presenta candidatos en Lagunillas rumbo al 27-J\"}]},{\"@type\":\"WebSite\",\"@id\":\"https:\\\/\\\/digital58.com.ve\\\/site\\\/#website\",\"url\":\"https:\\\/\\\/digital58.com.ve\\\/site\\\/\",\"name\":\"Noticias Digital58\",\"description\":\"Portal de Noticias \u00a1Periodismo web de verdad! Lanzamiento web 22.11.2005 \\\/ Maracaibo, Venezuela\",\"publisher\":{\"@id\":\"https:\\\/\\\/digital58.com.ve\\\/site\\\/#\\\/schema\\\/person\\\/64d1c2e4d0d4fd1b849980c4331c2951\"},\"alternateName\":\"ND58\",\"potentialAction\":[{\"@type\":\"SearchAction\",\"target\":{\"@type\":\"EntryPoint\",\"urlTemplate\":\"https:\\\/\\\/digital58.com.ve\\\/site\\\/?s={search_term_string}\"},\"query-input\":{\"@type\":\"PropertyValueSpecification\",\"valueRequired\":true,\"valueName\":\"search_term_string\"}}],\"inLanguage\":\"es\"},{\"@type\":[\"Person\",\"Organization\"],\"@id\":\"https:\\\/\\\/digital58.com.ve\\\/site\\\/#\\\/schema\\\/person\\\/64d1c2e4d0d4fd1b849980c4331c2951\",\"name\":\"Villasmil Henry\",\"image\":{\"@type\":\"ImageObject\",\"inLanguage\":\"es\",\"@id\":\"https:\\\/\\\/secure.gravatar.com\\\/avatar\\\/bb0c4a2fcb7970138239f7e404ea75757b1b507b28b5ce4c53fbd62d797c5a7c?s=96&d=mm&r=g\",\"url\":\"https:\\\/\\\/secure.gravatar.com\\\/avatar\\\/bb0c4a2fcb7970138239f7e404ea75757b1b507b28b5ce4c53fbd62d797c5a7c?s=96&d=mm&r=g\",\"contentUrl\":\"https:\\\/\\\/secure.gravatar.com\\\/avatar\\\/bb0c4a2fcb7970138239f7e404ea75757b1b507b28b5ce4c53fbd62d797c5a7c?s=96&d=mm&r=g\",\"caption\":\"Villasmil Henry\"},\"logo\":{\"@id\":\"https:\\\/\\\/secure.gravatar.com\\\/avatar\\\/bb0c4a2fcb7970138239f7e404ea75757b1b507b28b5ce4c53fbd62d797c5a7c?s=96&d=mm&r=g\"},\"sameAs\":[\"http:\\\/\\\/www.henryvillasmil.com.ve\",\"https:\\\/\\\/www.instagram.com\\\/villasmilhfoto\\\/\",\"https:\\\/\\\/x.com\\\/https:\\\/\\\/twitter.com\\\/villasmilhfoto\"],\"url\":\"https:\\\/\\\/digital58.com.ve\\\/site\\\/author\\\/droopy_68\\\/\"}]}<\/script>\n<!-- \/ Yoast SEO plugin. -->","yoast_head_json":{"title":"Gran Alianza presenta candidatos en Lagunillas rumbo al 27-J","description":"Oposici\u00f3n en Lagunillas present\u00f3 candidatos para el 27-J y ratific\u00f3 apoyo a Jos\u00e9 Mosquera como aspirante a la reelecci\u00f3n.","robots":{"index":"index","follow":"follow","max-snippet":"max-snippet:-1","max-image-preview":"max-image-preview:large","max-video-preview":"max-video-preview:-1"},"canonical":"https:\/\/digital58.com.ve\/site\/2025\/06\/26\/zulia-gran-alianza-presenta-candidatos-en-lagunillas-rumbo-al-27-j\/","og_locale":"es_ES","og_type":"article","og_title":"Gran Alianza presenta candidatos en Lagunillas rumbo al 27-J","og_description":"Oposici\u00f3n en Lagunillas present\u00f3 candidatos para el 27-J y ratific\u00f3 apoyo a Jos\u00e9 Mosquera como aspirante a la reelecci\u00f3n.","og_url":"https:\/\/digital58.com.ve\/site\/2025\/06\/26\/zulia-gran-alianza-presenta-candidatos-en-lagunillas-rumbo-al-27-j\/","og_site_name":"Noticias Digital58","article_published_time":"2025-06-26T19:38:29+00:00","og_image":[{"width":900,"height":600,"url":"https:\/\/digital58.com.ve\/site\/wp-content\/uploads\/2025\/06\/mosquera-lagunillas-25-1.webp","type":"image\/webp"}],"author":"Villasmil Henry","twitter_card":"summary_large_image","twitter_creator":"@https:\/\/twitter.com\/villasmilhfoto","twitter_site":"@villasmilhfoto","twitter_misc":{"Escrito por":"Villasmil Henry","Tiempo estimado de lectura":"3 minutos"},"schema":{"@context":"https:\/\/schema.org","@graph":[{"@type":"Article","@id":"https:\/\/digital58.com.ve\/site\/2025\/06\/26\/zulia-gran-alianza-presenta-candidatos-en-lagunillas-rumbo-al-27-j\/#article","isPartOf":{"@id":"https:\/\/digital58.com.ve\/site\/2025\/06\/26\/zulia-gran-alianza-presenta-candidatos-en-lagunillas-rumbo-al-27-j\/"},"author":{"name":"Villasmil Henry","@id":"https:\/\/digital58.com.ve\/site\/#\/schema\/person\/64d1c2e4d0d4fd1b849980c4331c2951"},"headline":"Zulia | Gran Alianza presenta candidatos en Lagunillas rumbo al 27-J","datePublished":"2025-06-26T19:38:29+00:00","mainEntityOfPage":{"@id":"https:\/\/digital58.com.ve\/site\/2025\/06\/26\/zulia-gran-alianza-presenta-candidatos-en-lagunillas-rumbo-al-27-j\/"},"wordCount":467,"commentCount":0,"publisher":{"@id":"https:\/\/digital58.com.ve\/site\/#\/schema\/person\/64d1c2e4d0d4fd1b849980c4331c2951"},"image":{"@id":"https:\/\/digital58.com.ve\/site\/2025\/06\/26\/zulia-gran-alianza-presenta-candidatos-en-lagunillas-rumbo-al-27-j\/#primaryimage"},"thumbnailUrl":"https:\/\/digital58.com.ve\/site\/wp-content\/uploads\/2025\/06\/mosquera-lagunillas-25-1.webp","keywords":["Alcald\u00eda de Lagunillas","COL","Elecciones municipales 2025","Jos\u00e9 Mosquera Adarme","Municipio Lagunillas","Nacionales","Oposici\u00f3n Venezolana","Partidos Pol\u00edticos","Regionales"],"articleSection":["Zulia"],"inLanguage":"es","potentialAction":[{"@type":"CommentAction","name":"Comment","target":["https:\/\/digital58.com.ve\/site\/2025\/06\/26\/zulia-gran-alianza-presenta-candidatos-en-lagunillas-rumbo-al-27-j\/#respond"]}]},{"@type":"WebPage","@id":"https:\/\/digital58.com.ve\/site\/2025\/06\/26\/zulia-gran-alianza-presenta-candidatos-en-lagunillas-rumbo-al-27-j\/","url":"https:\/\/digital58.com.ve\/site\/2025\/06\/26\/zulia-gran-alianza-presenta-candidatos-en-lagunillas-rumbo-al-27-j\/","name":"Gran Alianza presenta candidatos en Lagunillas rumbo al 27-J","isPartOf":{"@id":"https:\/\/digital58.com.ve\/site\/#website"},"primaryImageOfPage":{"@id":"https:\/\/digital58.com.ve\/site\/2025\/06\/26\/zulia-gran-alianza-presenta-candidatos-en-lagunillas-rumbo-al-27-j\/#primaryimage"},"image":{"@id":"https:\/\/digital58.com.ve\/site\/2025\/06\/26\/zulia-gran-alianza-presenta-candidatos-en-lagunillas-rumbo-al-27-j\/#primaryimage"},"thumbnailUrl":"https:\/\/digital58.com.ve\/site\/wp-content\/uploads\/2025\/06\/mosquera-lagunillas-25-1.webp","datePublished":"2025-06-26T19:38:29+00:00","description":"Oposici\u00f3n en Lagunillas present\u00f3 candidatos para el 27-J y ratific\u00f3 apoyo a Jos\u00e9 Mosquera como aspirante a la reelecci\u00f3n.","breadcrumb":{"@id":"https:\/\/digital58.com.ve\/site\/2025\/06\/26\/zulia-gran-alianza-presenta-candidatos-en-lagunillas-rumbo-al-27-j\/#breadcrumb"},"inLanguage":"es","potentialAction":[{"@type":"ReadAction","target":["https:\/\/digital58.com.ve\/site\/2025\/06\/26\/zulia-gran-alianza-presenta-candidatos-en-lagunillas-rumbo-al-27-j\/"]}]},{"@type":"ImageObject","inLanguage":"es","@id":"https:\/\/digital58.com.ve\/site\/2025\/06\/26\/zulia-gran-alianza-presenta-candidatos-en-lagunillas-rumbo-al-27-j\/#primaryimage","url":"https:\/\/digital58.com.ve\/site\/wp-content\/uploads\/2025\/06\/mosquera-lagunillas-25-1.webp","contentUrl":"https:\/\/digital58.com.ve\/site\/wp-content\/uploads\/2025\/06\/mosquera-lagunillas-25-1.webp","width":900,"height":600},{"@type":"BreadcrumbList","@id":"https:\/\/digital58.com.ve\/site\/2025\/06\/26\/zulia-gran-alianza-presenta-candidatos-en-lagunillas-rumbo-al-27-j\/#breadcrumb","itemListElement":[{"@type":"ListItem","position":1,"name":"Home","item":"https:\/\/digital58.com.ve\/site\/"},{"@type":"ListItem","position":2,"name":"Zulia | Gran Alianza presenta candidatos en Lagunillas rumbo al 27-J"}]},{"@type":"WebSite","@id":"https:\/\/digital58.com.ve\/site\/#website","url":"https:\/\/digital58.com.ve\/site\/","name":"Noticias Digital58","description":"Portal de Noticias \u00a1Periodismo web de verdad! Lanzamiento web 22.11.2005 \/ Maracaibo, Venezuela","publisher":{"@id":"https:\/\/digital58.com.ve\/site\/#\/schema\/person\/64d1c2e4d0d4fd1b849980c4331c2951"},"alternateName":"ND58","potentialAction":[{"@type":"SearchAction","target":{"@type":"EntryPoint","urlTemplate":"https:\/\/digital58.com.ve\/site\/?s={search_term_string}"},"query-input":{"@type":"PropertyValueSpecification","valueRequired":true,"valueName":"search_term_string"}}],"inLanguage":"es"},{"@type":["Person","Organization"],"@id":"https:\/\/digital58.com.ve\/site\/#\/schema\/person\/64d1c2e4d0d4fd1b849980c4331c2951","name":"Villasmil Henry","image":{"@type":"ImageObject","inLanguage":"es","@id":"https:\/\/secure.gravatar.com\/avatar\/bb0c4a2fcb7970138239f7e404ea75757b1b507b28b5ce4c53fbd62d797c5a7c?s=96&d=mm&r=g","url":"https:\/\/secure.gravatar.com\/avatar\/bb0c4a2fcb7970138239f7e404ea75757b1b507b28b5ce4c53fbd62d797c5a7c?s=96&d=mm&r=g","contentUrl":"https:\/\/secure.gravatar.com\/avatar\/bb0c4a2fcb7970138239f7e404ea75757b1b507b28b5ce4c53fbd62d797c5a7c?s=96&d=mm&r=g","caption":"Villasmil Henry"},"logo":{"@id":"https:\/\/secure.gravatar.com\/avatar\/bb0c4a2fcb7970138239f7e404ea75757b1b507b28b5ce4c53fbd62d797c5a7c?s=96&d=mm&r=g"},"sameAs":["http:\/\/www.henryvillasmil.com.ve","https:\/\/www.instagram.com\/villasmilhfoto\/","https:\/\/x.com\/https:\/\/twitter.com\/villasmilhfoto"],"url":"https:\/\/digital58.com.ve\/site\/author\/droopy_68\/"}]}},"uagb_featured_image_src":{"full":["https:\/\/digital58.com.ve\/site\/wp-content\/uploads\/2025\/06\/mosquera-lagunillas-25-1.webp",900,600,false],"thumbnail":["https:\/\/digital58.com.ve\/site\/wp-content\/uploads\/2025\/06\/mosquera-lagunillas-25-1-150x150.webp",150,150,true],"medium":["https:\/\/digital58.com.ve\/site\/wp-content\/uploads\/2025\/06\/mosquera-lagunillas-25-1-300x200.webp",300,200,true],"medium_large":["https:\/\/digital58.com.ve\/site\/wp-content\/uploads\/2025\/06\/mosquera-lagunillas-25-1-768x512.webp",768,512,true],"large":["https:\/\/digital58.com.ve\/site\/wp-content\/uploads\/2025\/06\/mosquera-lagunillas-25-1.webp",800,533,false],"1536x1536":["https:\/\/digital58.com.ve\/site\/wp-content\/uploads\/2025\/06\/mosquera-lagunillas-25-1.webp",900,600,false],"2048x2048":["https:\/\/digital58.com.ve\/site\/wp-content\/uploads\/2025\/06\/mosquera-lagunillas-25-1.webp",900,600,false],"colormag-highlighted-post":["https:\/\/digital58.com.ve\/site\/wp-content\/uploads\/2025\/06\/mosquera-lagunillas-25-1-392x272.webp",392,272,true],"colormag-featured-post-medium":["https:\/\/digital58.com.ve\/site\/wp-content\/uploads\/2025\/06\/mosquera-lagunillas-25-1-390x205.webp",390,205,true],"colormag-featured-post-small":["https:\/\/digital58.com.ve\/site\/wp-content\/uploads\/2025\/06\/mosquera-lagunillas-25-1-130x90.webp",130,90,true],"colormag-featured-image":["https:\/\/digital58.com.ve\/site\/wp-content\/uploads\/2025\/06\/mosquera-lagunillas-25-1-800x445.webp",800,445,true],"colormag-default-news":["https:\/\/digital58.com.ve\/site\/wp-content\/uploads\/2025\/06\/mosquera-lagunillas-25-1-150x150.webp",150,150,true],"colormag-featured-image-large":["https:\/\/digital58.com.ve\/site\/wp-content\/uploads\/2025\/06\/mosquera-lagunillas-25-1.webp",900,600,false]},"uagb_author_info":{"display_name":"Villasmil Henry","author_link":"https:\/\/digital58.com.ve\/site\/author\/droopy_68\/"},"uagb_comment_info":0,"uagb_excerpt":"Partidos de la Gran Alianza por Lagunillas ratificaron respaldo a Jos\u00e9 Mosquera y anunciaron postulaciones para concejales en los pr\u00f3ximos","_links":{"self":[{"href":"https:\/\/digital58.com.ve\/site\/wp-json\/wp\/v2\/posts\/188478","targetHints":{"allow":["GET"]}}],"collection":[{"href":"https:\/\/digital58.com.ve\/site\/wp-json\/wp\/v2\/posts"}],"about":[{"href":"https:\/\/digital58.com.ve\/site\/wp-json\/wp\/v2\/types\/post"}],"author":[{"embeddable":true,"href":"https:\/\/digital58.com.ve\/site\/wp-json\/wp\/v2\/users\/1"}],"replies":[{"embeddable":true,"href":"https:\/\/digital58.com.ve\/site\/wp-json\/wp\/v2\/comments?post=188478"}],"version-history":[{"count":1,"href":"https:\/\/digital58.com.ve\/site\/wp-json\/wp\/v2\/posts\/188478\/revisions"}],"predecessor-version":[{"id":188480,"href":"https:\/\/digital58.com.ve\/site\/wp-json\/wp\/v2\/posts\/188478\/revisions\/188480"}],"wp:featuredmedia":[{"embeddable":true,"href":"https:\/\/digital58.com.ve\/site\/wp-json\/wp\/v2\/media\/188479"}],"wp:attachment":[{"href":"https:\/\/digital58.com.ve\/site\/wp-json\/wp\/v2\/media?parent=188478"}],"wp:term":[{"taxonomy":"category","embeddable":true,"href":"https:\/\/digital58.com.ve\/site\/wp-json\/wp\/v2\/categories?post=188478"},{"taxonomy":"post_tag","embeddable":true,"href":"https:\/\/digital58.com.ve\/site\/wp-json\/wp\/v2\/tags?post=188478"}],"curies":[{"name":"wp","href":"https:\/\/api.w.org\/{rel}","templated":true}]}}