{"id":188779,"date":"2025-07-14T14:47:18","date_gmt":"2025-07-14T18:47:18","guid":{"rendered":"https:\/\/digital58.com.ve\/site\/?p=188779"},"modified":"2025-07-14T14:47:18","modified_gmt":"2025-07-14T18:47:18","slug":"deniz-oncu-conquista-el-gp-de-alemania-en-moto2","status":"publish","type":"post","link":"https:\/\/digital58.com.ve\/site\/2025\/07\/14\/deniz-oncu-conquista-el-gp-de-alemania-en-moto2\/","title":{"rendered":"Deniz \u00d6nc\u00fc conquista el GP de Alemania en Moto2"},"content":{"rendered":"<p><a class=\"keychainify-checked\" href=\"https:\/\/digital58.com.ve\/site\/wp-content\/uploads\/2025\/07\/moto2-Deniz-Oncu.webp\"><img loading=\"lazy\" decoding=\"async\" class=\"aligncenter wp-image-188780 size-full\" src=\"https:\/\/digital58.com.ve\/site\/wp-content\/uploads\/2025\/07\/moto2-Deniz-Oncu.webp\" alt=\"Deniz \u00d6nc\u00fc (Kalex) gan\u00f3 este domingo el Gran Premio de Alemania de Moto2, disputado en el circuito de Sachsenring, tras la interrupci\u00f3n por bandera roja en la vuelta 20. Manuel Gonz\u00e1lez, l\u00edder del campeonato, remont\u00f3 desde el 16.\u00ba lugar para terminar cuarto y aumentar su ventaja en la clasificaci\u00f3n general.\" width=\"900\" height=\"600\" srcset=\"https:\/\/digital58.com.ve\/site\/wp-content\/uploads\/2025\/07\/moto2-Deniz-Oncu.webp 900w, https:\/\/digital58.com.ve\/site\/wp-content\/uploads\/2025\/07\/moto2-Deniz-Oncu-300x200.webp 300w, https:\/\/digital58.com.ve\/site\/wp-content\/uploads\/2025\/07\/moto2-Deniz-Oncu-768x512.webp 768w\" sizes=\"auto, (max-width: 900px) 100vw, 900px\" \/><\/a><\/p>\n<blockquote><p>El piloto turco se impuso tras la bandera roja en Sachsenring; Gonz\u00e1lez ampl\u00eda su liderazgo pese a salir desde el puesto 16.<\/p><\/blockquote>\n<p><strong>Alemania, 14 de julio de 2025 (ND58).-<\/strong> Deniz \u00d6nc\u00fc (Kalex) gan\u00f3 este domingo el Gran Premio de Alemania de Moto2, disputado en el circuito de Sachsenring, tras la interrupci\u00f3n por bandera roja en la vuelta 20. Manuel Gonz\u00e1lez, l\u00edder del campeonato, remont\u00f3 desde el 16.\u00ba lugar para terminar cuarto y aumentar su ventaja en la clasificaci\u00f3n general.<\/p>\n<h2>Victoria interrumpida por bandera roja<\/h2>\n<p>El piloto turco Deniz \u00d6nc\u00fc logr\u00f3 su primer triunfo en la categor\u00eda intermedia al imponerse en una carrera accidentada que fue detenida en la vig\u00e9sima vuelta, cuando todos los pilotos ya hab\u00edan completado el giro.<\/p>\n<p>La decisi\u00f3n permiti\u00f3 validar los resultados hasta ese punto, otorgando a \u00d6nc\u00fc la victoria.<\/p>\n<p>Lo acompa\u00f1aron en el podio el belga Barry Baltus (Kalex), quien consigui\u00f3 su mejor resultado en Moto2, y el brit\u00e1nico Jake Dixon (Boscoscuro), que logr\u00f3 recuperarse tras una mala salida.<\/p>\n<h2>Manuel Gonz\u00e1lez ampl\u00eda su ventaja<\/h2>\n<p>El espa\u00f1ol Manuel Gonz\u00e1lez (Kalex) protagoniz\u00f3 una destacada remontada desde el puesto 16 en la parrilla hasta cruzar la meta en cuarta posici\u00f3n.<\/p>\n<p>Con este resultado, ampli\u00f3 su ventaja en la clasificaci\u00f3n general de cinco a nueve puntos sobre su m\u00e1s cercano perseguidor, Ar\u00f3n Canet (Kalex), que termin\u00f3 s\u00e9ptimo.<\/p>\n<p>La estrategia conservadora y su capacidad para evitar incidentes en una carrera muy t\u00e1ctica le permitieron sumar puntos clave en la lucha por el campeonato.<\/p>\n<h2>Incidentes clave condicionaron la carrera<\/h2>\n<p>Uno de los momentos determinantes se produjo en la salida, cuando Jake Dixon, autor de la pole, perdi\u00f3 varias posiciones al quedarse rezagado.<\/p>\n<p>El italiano Tony Arbolino tom\u00f3 brevemente la delantera, seguido por el australiano Senna Agius, quien lleg\u00f3 a liderar antes de recibir una doble penalizaci\u00f3n por saltarse el sem\u00e1foro en rojo.<\/p>\n<p>La sanci\u00f3n a Agius, impuesta por Direcci\u00f3n de Carrera, consisti\u00f3 en una doble &#8216;vuelta larga&#8217;, lo que lo releg\u00f3 en la clasificaci\u00f3n final y le impidi\u00f3 pelear por el podio.<\/p>\n<h2>Clasificaci\u00f3n ajustada en la recta final del campeonato<\/h2>\n<p>Con esta victoria de \u00d6nc\u00fc y la consistente actuaci\u00f3n de Gonz\u00e1lez, el campeonato entra en una fase decisiva. La diferencia de nueve puntos entre Gonz\u00e1lez y Canet podr\u00eda marcar la tendencia rumbo al tramo final de la temporada.<\/p>\n<p>Los resultados en Sachsenring reflejan la intensidad de una categor\u00eda donde las diferencias son m\u00ednimas y cada carrera puede alterar por completo la clasificaci\u00f3n.<\/p>\n<p><strong>Sala de redacci\u00f3n ND58 | Fuente: EFE<\/strong><br \/>\n<strong>Edici\u00f3n: Villasmil, Henry<\/strong><br \/>\n<strong>Gr\u00e1ficas: EFE<\/strong><\/p>\n<p>&nbsp;<\/p><div class=\"vquew69f56a2a4dcd8\" ><p style=\"text-align: center;\"><a href=\"https:\/\/t.me\/noticiasdigital58\" target=\"_blank\" rel=\"noopener\"><img class=\"aligncenter size-full wp-image-125363\" src=\"https:\/\/digital58.com.ve\/site\/wp-content\/uploads\/2021\/04\/banner-telegram-web-2021.png\" alt=\"\" width=\"600\" height=\"90\" \/><\/a><\/p><\/div><style type=\"text\/css\">\r\n@media screen and (min-width: 1201px) {\r\n.vquew69f56a2a4dcd8 {\r\ndisplay: block;\r\n}\r\n}\r\n@media screen and (min-width: 993px) and (max-width: 1200px) {\r\n.vquew69f56a2a4dcd8 {\r\ndisplay: block;\r\n}\r\n}\r\n@media screen and (min-width: 769px) and (max-width: 992px) {\r\n.vquew69f56a2a4dcd8 {\r\ndisplay: block;\r\n}\r\n}\r\n@media screen and (min-width: 768px) and (max-width: 768px) {\r\n.vquew69f56a2a4dcd8 {\r\ndisplay: block;\r\n}\r\n}\r\n@media screen and (max-width: 767px) {\r\n.vquew69f56a2a4dcd8 {\r\ndisplay: block;\r\n}\r\n}\r\n<\/style>\r\n\n<p>&nbsp;<\/p>\n<div style=\"margin-top: 0px; margin-bottom: 0px;\" class=\"sharethis-inline-share-buttons\" ><\/div>","protected":false},"excerpt":{"rendered":"<p>El piloto turco se impuso tras la bandera roja en Sachsenring; Gonz\u00e1lez ampl\u00eda su liderazgo pese a salir desde el<\/p>\n","protected":false},"author":1,"featured_media":188780,"comment_status":"open","ping_status":"closed","sticky":false,"template":"","format":"standard","meta":{"colormag_page_container_layout":"default_layout","colormag_page_sidebar_layout":"default_layout","_uag_custom_page_level_css":"","footnotes":""},"categories":[5402],"tags":[38,35158,35053,5484,8,28314,18068,35052,4716,11405],"class_list":["post-188779","post","type-post","status-publish","format-standard","has-post-thumbnail","hentry","category-deportes","tag-alemania","tag-circuito-de-sachsenring","tag-deniz-oncu","tag-gran-premio-de-alemania","tag-internacionales","tag-kalex","tag-moto2","tag-moto2-2025","tag-motociclismo","tag-motociclismo-internacional"],"yoast_head":"<!-- This site is optimized with the Yoast SEO plugin v27.5 - https:\/\/yoast.com\/product\/yoast-seo-wordpress\/ -->\n<title>Deniz \u00d6nc\u00fc conquista el GP de Alemania en Moto2<\/title>\n<meta name=\"description\" content=\"Deniz \u00d6nc\u00fc gana el GP de Alemania en Moto2 tras bandera roja; Gonz\u00e1lez ampl\u00eda su ventaja como l\u00edder del campeonato.\" \/>\n<meta name=\"robots\" content=\"index, follow, max-snippet:-1, max-image-preview:large, max-video-preview:-1\" \/>\n<link rel=\"canonical\" href=\"https:\/\/digital58.com.ve\/site\/2025\/07\/14\/deniz-oncu-conquista-el-gp-de-alemania-en-moto2\/\" \/>\n<meta property=\"og:locale\" content=\"es_ES\" \/>\n<meta property=\"og:type\" content=\"article\" \/>\n<meta property=\"og:title\" content=\"Deniz \u00d6nc\u00fc conquista el GP de Alemania en Moto2\" \/>\n<meta property=\"og:description\" content=\"Deniz \u00d6nc\u00fc gana el GP de Alemania en Moto2 tras bandera roja; Gonz\u00e1lez ampl\u00eda su ventaja como l\u00edder del campeonato.\" \/>\n<meta property=\"og:url\" content=\"https:\/\/digital58.com.ve\/site\/2025\/07\/14\/deniz-oncu-conquista-el-gp-de-alemania-en-moto2\/\" \/>\n<meta property=\"og:site_name\" content=\"Noticias Digital58\" \/>\n<meta property=\"article:published_time\" content=\"2025-07-14T18:47:18+00:00\" \/>\n<meta property=\"og:image\" content=\"https:\/\/digital58.com.ve\/site\/wp-content\/uploads\/2025\/07\/moto2-Deniz-Oncu.webp\" \/>\n\t<meta property=\"og:image:width\" content=\"900\" \/>\n\t<meta property=\"og:image:height\" content=\"600\" \/>\n\t<meta property=\"og:image:type\" content=\"image\/webp\" \/>\n<meta name=\"author\" content=\"Villasmil Henry\" \/>\n<meta name=\"twitter:card\" content=\"summary_large_image\" \/>\n<meta name=\"twitter:creator\" content=\"@https:\/\/twitter.com\/villasmilhfoto\" \/>\n<meta name=\"twitter:site\" content=\"@villasmilhfoto\" \/>\n<meta name=\"twitter:label1\" content=\"Escrito por\" \/>\n\t<meta name=\"twitter:data1\" content=\"Villasmil Henry\" \/>\n\t<meta name=\"twitter:label2\" content=\"Tiempo estimado de lectura\" \/>\n\t<meta name=\"twitter:data2\" content=\"3 minutos\" \/>\n<script type=\"application\/ld+json\" class=\"yoast-schema-graph\">{\"@context\":\"https:\\\/\\\/schema.org\",\"@graph\":[{\"@type\":\"Article\",\"@id\":\"https:\\\/\\\/digital58.com.ve\\\/site\\\/2025\\\/07\\\/14\\\/deniz-oncu-conquista-el-gp-de-alemania-en-moto2\\\/#article\",\"isPartOf\":{\"@id\":\"https:\\\/\\\/digital58.com.ve\\\/site\\\/2025\\\/07\\\/14\\\/deniz-oncu-conquista-el-gp-de-alemania-en-moto2\\\/\"},\"author\":{\"name\":\"Villasmil Henry\",\"@id\":\"https:\\\/\\\/digital58.com.ve\\\/site\\\/#\\\/schema\\\/person\\\/64d1c2e4d0d4fd1b849980c4331c2951\"},\"headline\":\"Deniz \u00d6nc\u00fc conquista el GP de Alemania en Moto2\",\"datePublished\":\"2025-07-14T18:47:18+00:00\",\"mainEntityOfPage\":{\"@id\":\"https:\\\/\\\/digital58.com.ve\\\/site\\\/2025\\\/07\\\/14\\\/deniz-oncu-conquista-el-gp-de-alemania-en-moto2\\\/\"},\"wordCount\":455,\"commentCount\":0,\"publisher\":{\"@id\":\"https:\\\/\\\/digital58.com.ve\\\/site\\\/#\\\/schema\\\/person\\\/64d1c2e4d0d4fd1b849980c4331c2951\"},\"image\":{\"@id\":\"https:\\\/\\\/digital58.com.ve\\\/site\\\/2025\\\/07\\\/14\\\/deniz-oncu-conquista-el-gp-de-alemania-en-moto2\\\/#primaryimage\"},\"thumbnailUrl\":\"https:\\\/\\\/digital58.com.ve\\\/site\\\/wp-content\\\/uploads\\\/2025\\\/07\\\/moto2-Deniz-Oncu.webp\",\"keywords\":[\"Alemania\",\"Circuito de Sachsenring\",\"Deniz \u00d6nc\u00fc\",\"Gran Premio de Alemania\",\"Internacionales\",\"Kalex\",\"Moto2\",\"Moto2 2025\",\"Motociclismo\",\"Motociclismo Internacional\"],\"articleSection\":[\"Deportes\"],\"inLanguage\":\"es\",\"potentialAction\":[{\"@type\":\"CommentAction\",\"name\":\"Comment\",\"target\":[\"https:\\\/\\\/digital58.com.ve\\\/site\\\/2025\\\/07\\\/14\\\/deniz-oncu-conquista-el-gp-de-alemania-en-moto2\\\/#respond\"]}]},{\"@type\":\"WebPage\",\"@id\":\"https:\\\/\\\/digital58.com.ve\\\/site\\\/2025\\\/07\\\/14\\\/deniz-oncu-conquista-el-gp-de-alemania-en-moto2\\\/\",\"url\":\"https:\\\/\\\/digital58.com.ve\\\/site\\\/2025\\\/07\\\/14\\\/deniz-oncu-conquista-el-gp-de-alemania-en-moto2\\\/\",\"name\":\"Deniz \u00d6nc\u00fc conquista el GP de Alemania en Moto2\",\"isPartOf\":{\"@id\":\"https:\\\/\\\/digital58.com.ve\\\/site\\\/#website\"},\"primaryImageOfPage\":{\"@id\":\"https:\\\/\\\/digital58.com.ve\\\/site\\\/2025\\\/07\\\/14\\\/deniz-oncu-conquista-el-gp-de-alemania-en-moto2\\\/#primaryimage\"},\"image\":{\"@id\":\"https:\\\/\\\/digital58.com.ve\\\/site\\\/2025\\\/07\\\/14\\\/deniz-oncu-conquista-el-gp-de-alemania-en-moto2\\\/#primaryimage\"},\"thumbnailUrl\":\"https:\\\/\\\/digital58.com.ve\\\/site\\\/wp-content\\\/uploads\\\/2025\\\/07\\\/moto2-Deniz-Oncu.webp\",\"datePublished\":\"2025-07-14T18:47:18+00:00\",\"description\":\"Deniz \u00d6nc\u00fc gana el GP de Alemania en Moto2 tras bandera roja; Gonz\u00e1lez ampl\u00eda su ventaja como l\u00edder del campeonato.\",\"breadcrumb\":{\"@id\":\"https:\\\/\\\/digital58.com.ve\\\/site\\\/2025\\\/07\\\/14\\\/deniz-oncu-conquista-el-gp-de-alemania-en-moto2\\\/#breadcrumb\"},\"inLanguage\":\"es\",\"potentialAction\":[{\"@type\":\"ReadAction\",\"target\":[\"https:\\\/\\\/digital58.com.ve\\\/site\\\/2025\\\/07\\\/14\\\/deniz-oncu-conquista-el-gp-de-alemania-en-moto2\\\/\"]}]},{\"@type\":\"ImageObject\",\"inLanguage\":\"es\",\"@id\":\"https:\\\/\\\/digital58.com.ve\\\/site\\\/2025\\\/07\\\/14\\\/deniz-oncu-conquista-el-gp-de-alemania-en-moto2\\\/#primaryimage\",\"url\":\"https:\\\/\\\/digital58.com.ve\\\/site\\\/wp-content\\\/uploads\\\/2025\\\/07\\\/moto2-Deniz-Oncu.webp\",\"contentUrl\":\"https:\\\/\\\/digital58.com.ve\\\/site\\\/wp-content\\\/uploads\\\/2025\\\/07\\\/moto2-Deniz-Oncu.webp\",\"width\":900,\"height\":600},{\"@type\":\"BreadcrumbList\",\"@id\":\"https:\\\/\\\/digital58.com.ve\\\/site\\\/2025\\\/07\\\/14\\\/deniz-oncu-conquista-el-gp-de-alemania-en-moto2\\\/#breadcrumb\",\"itemListElement\":[{\"@type\":\"ListItem\",\"position\":1,\"name\":\"Home\",\"item\":\"https:\\\/\\\/digital58.com.ve\\\/site\\\/\"},{\"@type\":\"ListItem\",\"position\":2,\"name\":\"Deniz \u00d6nc\u00fc conquista el GP de Alemania en Moto2\"}]},{\"@type\":\"WebSite\",\"@id\":\"https:\\\/\\\/digital58.com.ve\\\/site\\\/#website\",\"url\":\"https:\\\/\\\/digital58.com.ve\\\/site\\\/\",\"name\":\"Noticias Digital58\",\"description\":\"Portal de Noticias \u00a1Periodismo web de verdad! Lanzamiento web 22.11.2005 \\\/ Maracaibo, Venezuela\",\"publisher\":{\"@id\":\"https:\\\/\\\/digital58.com.ve\\\/site\\\/#\\\/schema\\\/person\\\/64d1c2e4d0d4fd1b849980c4331c2951\"},\"alternateName\":\"ND58\",\"potentialAction\":[{\"@type\":\"SearchAction\",\"target\":{\"@type\":\"EntryPoint\",\"urlTemplate\":\"https:\\\/\\\/digital58.com.ve\\\/site\\\/?s={search_term_string}\"},\"query-input\":{\"@type\":\"PropertyValueSpecification\",\"valueRequired\":true,\"valueName\":\"search_term_string\"}}],\"inLanguage\":\"es\"},{\"@type\":[\"Person\",\"Organization\"],\"@id\":\"https:\\\/\\\/digital58.com.ve\\\/site\\\/#\\\/schema\\\/person\\\/64d1c2e4d0d4fd1b849980c4331c2951\",\"name\":\"Villasmil Henry\",\"image\":{\"@type\":\"ImageObject\",\"inLanguage\":\"es\",\"@id\":\"https:\\\/\\\/secure.gravatar.com\\\/avatar\\\/bb0c4a2fcb7970138239f7e404ea75757b1b507b28b5ce4c53fbd62d797c5a7c?s=96&d=mm&r=g\",\"url\":\"https:\\\/\\\/secure.gravatar.com\\\/avatar\\\/bb0c4a2fcb7970138239f7e404ea75757b1b507b28b5ce4c53fbd62d797c5a7c?s=96&d=mm&r=g\",\"contentUrl\":\"https:\\\/\\\/secure.gravatar.com\\\/avatar\\\/bb0c4a2fcb7970138239f7e404ea75757b1b507b28b5ce4c53fbd62d797c5a7c?s=96&d=mm&r=g\",\"caption\":\"Villasmil Henry\"},\"logo\":{\"@id\":\"https:\\\/\\\/secure.gravatar.com\\\/avatar\\\/bb0c4a2fcb7970138239f7e404ea75757b1b507b28b5ce4c53fbd62d797c5a7c?s=96&d=mm&r=g\"},\"sameAs\":[\"http:\\\/\\\/www.henryvillasmil.com.ve\",\"https:\\\/\\\/www.instagram.com\\\/villasmilhfoto\\\/\",\"https:\\\/\\\/x.com\\\/https:\\\/\\\/twitter.com\\\/villasmilhfoto\"],\"url\":\"https:\\\/\\\/digital58.com.ve\\\/site\\\/author\\\/droopy_68\\\/\"}]}<\/script>\n<!-- \/ Yoast SEO plugin. -->","yoast_head_json":{"title":"Deniz \u00d6nc\u00fc conquista el GP de Alemania en Moto2","description":"Deniz \u00d6nc\u00fc gana el GP de Alemania en Moto2 tras bandera roja; Gonz\u00e1lez ampl\u00eda su ventaja como l\u00edder del campeonato.","robots":{"index":"index","follow":"follow","max-snippet":"max-snippet:-1","max-image-preview":"max-image-preview:large","max-video-preview":"max-video-preview:-1"},"canonical":"https:\/\/digital58.com.ve\/site\/2025\/07\/14\/deniz-oncu-conquista-el-gp-de-alemania-en-moto2\/","og_locale":"es_ES","og_type":"article","og_title":"Deniz \u00d6nc\u00fc conquista el GP de Alemania en Moto2","og_description":"Deniz \u00d6nc\u00fc gana el GP de Alemania en Moto2 tras bandera roja; Gonz\u00e1lez ampl\u00eda su ventaja como l\u00edder del campeonato.","og_url":"https:\/\/digital58.com.ve\/site\/2025\/07\/14\/deniz-oncu-conquista-el-gp-de-alemania-en-moto2\/","og_site_name":"Noticias Digital58","article_published_time":"2025-07-14T18:47:18+00:00","og_image":[{"width":900,"height":600,"url":"https:\/\/digital58.com.ve\/site\/wp-content\/uploads\/2025\/07\/moto2-Deniz-Oncu.webp","type":"image\/webp"}],"author":"Villasmil Henry","twitter_card":"summary_large_image","twitter_creator":"@https:\/\/twitter.com\/villasmilhfoto","twitter_site":"@villasmilhfoto","twitter_misc":{"Escrito por":"Villasmil Henry","Tiempo estimado de lectura":"3 minutos"},"schema":{"@context":"https:\/\/schema.org","@graph":[{"@type":"Article","@id":"https:\/\/digital58.com.ve\/site\/2025\/07\/14\/deniz-oncu-conquista-el-gp-de-alemania-en-moto2\/#article","isPartOf":{"@id":"https:\/\/digital58.com.ve\/site\/2025\/07\/14\/deniz-oncu-conquista-el-gp-de-alemania-en-moto2\/"},"author":{"name":"Villasmil Henry","@id":"https:\/\/digital58.com.ve\/site\/#\/schema\/person\/64d1c2e4d0d4fd1b849980c4331c2951"},"headline":"Deniz \u00d6nc\u00fc conquista el GP de Alemania en Moto2","datePublished":"2025-07-14T18:47:18+00:00","mainEntityOfPage":{"@id":"https:\/\/digital58.com.ve\/site\/2025\/07\/14\/deniz-oncu-conquista-el-gp-de-alemania-en-moto2\/"},"wordCount":455,"commentCount":0,"publisher":{"@id":"https:\/\/digital58.com.ve\/site\/#\/schema\/person\/64d1c2e4d0d4fd1b849980c4331c2951"},"image":{"@id":"https:\/\/digital58.com.ve\/site\/2025\/07\/14\/deniz-oncu-conquista-el-gp-de-alemania-en-moto2\/#primaryimage"},"thumbnailUrl":"https:\/\/digital58.com.ve\/site\/wp-content\/uploads\/2025\/07\/moto2-Deniz-Oncu.webp","keywords":["Alemania","Circuito de Sachsenring","Deniz \u00d6nc\u00fc","Gran Premio de Alemania","Internacionales","Kalex","Moto2","Moto2 2025","Motociclismo","Motociclismo Internacional"],"articleSection":["Deportes"],"inLanguage":"es","potentialAction":[{"@type":"CommentAction","name":"Comment","target":["https:\/\/digital58.com.ve\/site\/2025\/07\/14\/deniz-oncu-conquista-el-gp-de-alemania-en-moto2\/#respond"]}]},{"@type":"WebPage","@id":"https:\/\/digital58.com.ve\/site\/2025\/07\/14\/deniz-oncu-conquista-el-gp-de-alemania-en-moto2\/","url":"https:\/\/digital58.com.ve\/site\/2025\/07\/14\/deniz-oncu-conquista-el-gp-de-alemania-en-moto2\/","name":"Deniz \u00d6nc\u00fc conquista el GP de Alemania en Moto2","isPartOf":{"@id":"https:\/\/digital58.com.ve\/site\/#website"},"primaryImageOfPage":{"@id":"https:\/\/digital58.com.ve\/site\/2025\/07\/14\/deniz-oncu-conquista-el-gp-de-alemania-en-moto2\/#primaryimage"},"image":{"@id":"https:\/\/digital58.com.ve\/site\/2025\/07\/14\/deniz-oncu-conquista-el-gp-de-alemania-en-moto2\/#primaryimage"},"thumbnailUrl":"https:\/\/digital58.com.ve\/site\/wp-content\/uploads\/2025\/07\/moto2-Deniz-Oncu.webp","datePublished":"2025-07-14T18:47:18+00:00","description":"Deniz \u00d6nc\u00fc gana el GP de Alemania en Moto2 tras bandera roja; Gonz\u00e1lez ampl\u00eda su ventaja como l\u00edder del campeonato.","breadcrumb":{"@id":"https:\/\/digital58.com.ve\/site\/2025\/07\/14\/deniz-oncu-conquista-el-gp-de-alemania-en-moto2\/#breadcrumb"},"inLanguage":"es","potentialAction":[{"@type":"ReadAction","target":["https:\/\/digital58.com.ve\/site\/2025\/07\/14\/deniz-oncu-conquista-el-gp-de-alemania-en-moto2\/"]}]},{"@type":"ImageObject","inLanguage":"es","@id":"https:\/\/digital58.com.ve\/site\/2025\/07\/14\/deniz-oncu-conquista-el-gp-de-alemania-en-moto2\/#primaryimage","url":"https:\/\/digital58.com.ve\/site\/wp-content\/uploads\/2025\/07\/moto2-Deniz-Oncu.webp","contentUrl":"https:\/\/digital58.com.ve\/site\/wp-content\/uploads\/2025\/07\/moto2-Deniz-Oncu.webp","width":900,"height":600},{"@type":"BreadcrumbList","@id":"https:\/\/digital58.com.ve\/site\/2025\/07\/14\/deniz-oncu-conquista-el-gp-de-alemania-en-moto2\/#breadcrumb","itemListElement":[{"@type":"ListItem","position":1,"name":"Home","item":"https:\/\/digital58.com.ve\/site\/"},{"@type":"ListItem","position":2,"name":"Deniz \u00d6nc\u00fc conquista el GP de Alemania en Moto2"}]},{"@type":"WebSite","@id":"https:\/\/digital58.com.ve\/site\/#website","url":"https:\/\/digital58.com.ve\/site\/","name":"Noticias Digital58","description":"Portal de Noticias \u00a1Periodismo web de verdad! Lanzamiento web 22.11.2005 \/ Maracaibo, Venezuela","publisher":{"@id":"https:\/\/digital58.com.ve\/site\/#\/schema\/person\/64d1c2e4d0d4fd1b849980c4331c2951"},"alternateName":"ND58","potentialAction":[{"@type":"SearchAction","target":{"@type":"EntryPoint","urlTemplate":"https:\/\/digital58.com.ve\/site\/?s={search_term_string}"},"query-input":{"@type":"PropertyValueSpecification","valueRequired":true,"valueName":"search_term_string"}}],"inLanguage":"es"},{"@type":["Person","Organization"],"@id":"https:\/\/digital58.com.ve\/site\/#\/schema\/person\/64d1c2e4d0d4fd1b849980c4331c2951","name":"Villasmil Henry","image":{"@type":"ImageObject","inLanguage":"es","@id":"https:\/\/secure.gravatar.com\/avatar\/bb0c4a2fcb7970138239f7e404ea75757b1b507b28b5ce4c53fbd62d797c5a7c?s=96&d=mm&r=g","url":"https:\/\/secure.gravatar.com\/avatar\/bb0c4a2fcb7970138239f7e404ea75757b1b507b28b5ce4c53fbd62d797c5a7c?s=96&d=mm&r=g","contentUrl":"https:\/\/secure.gravatar.com\/avatar\/bb0c4a2fcb7970138239f7e404ea75757b1b507b28b5ce4c53fbd62d797c5a7c?s=96&d=mm&r=g","caption":"Villasmil Henry"},"logo":{"@id":"https:\/\/secure.gravatar.com\/avatar\/bb0c4a2fcb7970138239f7e404ea75757b1b507b28b5ce4c53fbd62d797c5a7c?s=96&d=mm&r=g"},"sameAs":["http:\/\/www.henryvillasmil.com.ve","https:\/\/www.instagram.com\/villasmilhfoto\/","https:\/\/x.com\/https:\/\/twitter.com\/villasmilhfoto"],"url":"https:\/\/digital58.com.ve\/site\/author\/droopy_68\/"}]}},"uagb_featured_image_src":{"full":["https:\/\/digital58.com.ve\/site\/wp-content\/uploads\/2025\/07\/moto2-Deniz-Oncu.webp",900,600,false],"thumbnail":["https:\/\/digital58.com.ve\/site\/wp-content\/uploads\/2025\/07\/moto2-Deniz-Oncu-150x150.webp",150,150,true],"medium":["https:\/\/digital58.com.ve\/site\/wp-content\/uploads\/2025\/07\/moto2-Deniz-Oncu-300x200.webp",300,200,true],"medium_large":["https:\/\/digital58.com.ve\/site\/wp-content\/uploads\/2025\/07\/moto2-Deniz-Oncu-768x512.webp",768,512,true],"large":["https:\/\/digital58.com.ve\/site\/wp-content\/uploads\/2025\/07\/moto2-Deniz-Oncu.webp",800,533,false],"1536x1536":["https:\/\/digital58.com.ve\/site\/wp-content\/uploads\/2025\/07\/moto2-Deniz-Oncu.webp",900,600,false],"2048x2048":["https:\/\/digital58.com.ve\/site\/wp-content\/uploads\/2025\/07\/moto2-Deniz-Oncu.webp",900,600,false],"colormag-highlighted-post":["https:\/\/digital58.com.ve\/site\/wp-content\/uploads\/2025\/07\/moto2-Deniz-Oncu-392x272.webp",392,272,true],"colormag-featured-post-medium":["https:\/\/digital58.com.ve\/site\/wp-content\/uploads\/2025\/07\/moto2-Deniz-Oncu-390x205.webp",390,205,true],"colormag-featured-post-small":["https:\/\/digital58.com.ve\/site\/wp-content\/uploads\/2025\/07\/moto2-Deniz-Oncu-130x90.webp",130,90,true],"colormag-featured-image":["https:\/\/digital58.com.ve\/site\/wp-content\/uploads\/2025\/07\/moto2-Deniz-Oncu-800x445.webp",800,445,true],"colormag-default-news":["https:\/\/digital58.com.ve\/site\/wp-content\/uploads\/2025\/07\/moto2-Deniz-Oncu-150x150.webp",150,150,true],"colormag-featured-image-large":["https:\/\/digital58.com.ve\/site\/wp-content\/uploads\/2025\/07\/moto2-Deniz-Oncu.webp",900,600,false]},"uagb_author_info":{"display_name":"Villasmil Henry","author_link":"https:\/\/digital58.com.ve\/site\/author\/droopy_68\/"},"uagb_comment_info":0,"uagb_excerpt":"El piloto turco se impuso tras la bandera roja en Sachsenring; Gonz\u00e1lez ampl\u00eda su liderazgo pese a salir desde el","_links":{"self":[{"href":"https:\/\/digital58.com.ve\/site\/wp-json\/wp\/v2\/posts\/188779","targetHints":{"allow":["GET"]}}],"collection":[{"href":"https:\/\/digital58.com.ve\/site\/wp-json\/wp\/v2\/posts"}],"about":[{"href":"https:\/\/digital58.com.ve\/site\/wp-json\/wp\/v2\/types\/post"}],"author":[{"embeddable":true,"href":"https:\/\/digital58.com.ve\/site\/wp-json\/wp\/v2\/users\/1"}],"replies":[{"embeddable":true,"href":"https:\/\/digital58.com.ve\/site\/wp-json\/wp\/v2\/comments?post=188779"}],"version-history":[{"count":1,"href":"https:\/\/digital58.com.ve\/site\/wp-json\/wp\/v2\/posts\/188779\/revisions"}],"predecessor-version":[{"id":188781,"href":"https:\/\/digital58.com.ve\/site\/wp-json\/wp\/v2\/posts\/188779\/revisions\/188781"}],"wp:featuredmedia":[{"embeddable":true,"href":"https:\/\/digital58.com.ve\/site\/wp-json\/wp\/v2\/media\/188780"}],"wp:attachment":[{"href":"https:\/\/digital58.com.ve\/site\/wp-json\/wp\/v2\/media?parent=188779"}],"wp:term":[{"taxonomy":"category","embeddable":true,"href":"https:\/\/digital58.com.ve\/site\/wp-json\/wp\/v2\/categories?post=188779"},{"taxonomy":"post_tag","embeddable":true,"href":"https:\/\/digital58.com.ve\/site\/wp-json\/wp\/v2\/tags?post=188779"}],"curies":[{"name":"wp","href":"https:\/\/api.w.org\/{rel}","templated":true}]}}