{"id":188857,"date":"2025-07-19T16:30:48","date_gmt":"2025-07-19T20:30:48","guid":{"rendered":"https:\/\/digital58.com.ve\/site\/?p=188857"},"modified":"2025-07-19T16:30:48","modified_gmt":"2025-07-19T20:30:48","slug":"expo-automotriz-2025-arranca-con-record-de-participacion-en-maracaibo","status":"publish","type":"post","link":"https:\/\/digital58.com.ve\/site\/2025\/07\/19\/expo-automotriz-2025-arranca-con-record-de-participacion-en-maracaibo\/","title":{"rendered":"Expo Automotriz 2025 arranca con r\u00e9cord de participaci\u00f3n en Maracaibo"},"content":{"rendered":"<p><a class=\"keychainify-checked\" href=\"https:\/\/digital58.com.ve\/site\/wp-content\/uploads\/2025\/07\/ea2-2.webp\"><img loading=\"lazy\" decoding=\"async\" class=\"aligncenter wp-image-188866 size-full\" src=\"https:\/\/digital58.com.ve\/site\/wp-content\/uploads\/2025\/07\/ea2-2.webp\" alt=\"Este jueves 17 de julio se inaugur\u00f3 en el Tibisay Hotel del Lago la Expo Automotriz y Autopartes 2025, con la participaci\u00f3n de m\u00e1s de 100 marcas del sector. El evento, organizado por Aivraz, busca consolidar la recuperaci\u00f3n econ\u00f3mica del gremio en Zulia.\" width=\"1000\" height=\"667\" srcset=\"https:\/\/digital58.com.ve\/site\/wp-content\/uploads\/2025\/07\/ea2-2.webp 1000w, https:\/\/digital58.com.ve\/site\/wp-content\/uploads\/2025\/07\/ea2-2-300x200.webp 300w, https:\/\/digital58.com.ve\/site\/wp-content\/uploads\/2025\/07\/ea2-2-768x512.webp 768w\" sizes=\"auto, (max-width: 1000px) 100vw, 1000px\" \/><\/a><\/p>\n<blockquote><p>La segunda edici\u00f3n del evento en el Hotel Tibisay del Lago reuni\u00f3 a m\u00e1s de 100 marcas, con respaldo institucional y propuestas para dinamizar el sector.<\/p><\/blockquote>\n<p><strong>Maracaibo, Zulia, Venezuela, 19 de julio de 2025 (ND58).-<\/strong> Este jueves 17 de julio se inaugur\u00f3 en el Tibisay Hotel del Lago la Expo Automotriz y Autopartes 2025, con la participaci\u00f3n de m\u00e1s de 100 marcas del sector. El evento, organizado por Aivraz, busca consolidar la recuperaci\u00f3n econ\u00f3mica del gremio en Zulia.<\/p>\n<p><a class=\"keychainify-checked\" href=\"https:\/\/digital58.com.ve\/site\/wp-content\/uploads\/2025\/07\/ea2-4.webp\"><img loading=\"lazy\" decoding=\"async\" class=\"aligncenter size-full wp-image-188864\" src=\"https:\/\/digital58.com.ve\/site\/wp-content\/uploads\/2025\/07\/ea2-4.webp\" alt=\"\" width=\"1000\" height=\"667\" srcset=\"https:\/\/digital58.com.ve\/site\/wp-content\/uploads\/2025\/07\/ea2-4.webp 1000w, https:\/\/digital58.com.ve\/site\/wp-content\/uploads\/2025\/07\/ea2-4-300x200.webp 300w, https:\/\/digital58.com.ve\/site\/wp-content\/uploads\/2025\/07\/ea2-4-768x512.webp 768w\" sizes=\"auto, (max-width: 1000px) 100vw, 1000px\" \/><\/a><\/p>\n<h2>M\u00e1s de 100 marcas dijeron presente en la exposici\u00f3n<\/h2>\n<p>La Asociaci\u00f3n de Vendedores de Repuestos y Autopartes del Estado Zulia (Aivraz) dio inicio este jueves a la segunda edici\u00f3n de la Expo Automotriz y Autopartes 2025, que se celebra en los espacios del Tibisay Hotel del Lago, en Maracaibo.<\/p>\n<p>El acto de apertura se realiz\u00f3 en el <em>lobby<\/em> del hotel y cont\u00f3 con la participaci\u00f3n de autoridades regionales y empresariales.<\/p>\n<p><a class=\"keychainify-checked\" href=\"https:\/\/digital58.com.ve\/site\/wp-content\/uploads\/2025\/07\/ea2-3.webp\"><img loading=\"lazy\" decoding=\"async\" class=\"aligncenter size-full wp-image-188865\" src=\"https:\/\/digital58.com.ve\/site\/wp-content\/uploads\/2025\/07\/ea2-3.webp\" alt=\"\" width=\"1000\" height=\"667\" srcset=\"https:\/\/digital58.com.ve\/site\/wp-content\/uploads\/2025\/07\/ea2-3.webp 1000w, https:\/\/digital58.com.ve\/site\/wp-content\/uploads\/2025\/07\/ea2-3-300x200.webp 300w, https:\/\/digital58.com.ve\/site\/wp-content\/uploads\/2025\/07\/ea2-3-768x512.webp 768w\" sizes=\"auto, (max-width: 1000px) 100vw, 1000px\" \/><\/a><\/p>\n<p>Entre ellas, el presidente de Aivraz, Gerardo Prada; Gilberto Gudi\u00f1o por Expozulia; el soci\u00f3logo Giovanni Villalobos en representaci\u00f3n del gobernador Luis Caldera; y el candidato a la Alcald\u00eda de Maracaibo, Giancarlo Di Martino.<\/p>\n<p><a class=\"keychainify-checked\" href=\"https:\/\/digital58.com.ve\/site\/wp-content\/uploads\/2025\/07\/ea2-1.webp\"><img loading=\"lazy\" decoding=\"async\" class=\"aligncenter size-full wp-image-188867\" src=\"https:\/\/digital58.com.ve\/site\/wp-content\/uploads\/2025\/07\/ea2-1.webp\" alt=\"\" width=\"1000\" height=\"667\" srcset=\"https:\/\/digital58.com.ve\/site\/wp-content\/uploads\/2025\/07\/ea2-1.webp 1000w, https:\/\/digital58.com.ve\/site\/wp-content\/uploads\/2025\/07\/ea2-1-300x200.webp 300w, https:\/\/digital58.com.ve\/site\/wp-content\/uploads\/2025\/07\/ea2-1-768x512.webp 768w\" sizes=\"auto, (max-width: 1000px) 100vw, 1000px\" \/><\/a><\/p>\n<h2>Recorrido oficial por 7.500 m\u00b2 de exhibici\u00f3n<\/h2>\n<p>Luego de las palabras protocolares, se realiz\u00f3 el corte de cinta y un recorrido por el Sal\u00f3n Bol\u00edvar, donde se desplegaron m\u00e1s de 7.500 metros cuadrados de exhibici\u00f3n.<\/p>\n<p>Las m\u00e1s de 100 empresas participantes ofrecen servicios como financiamiento, seguros, venta de autopartes, lubricantes y otros productos del ramo automotriz.<\/p>\n<p>Gerardo Prada destac\u00f3 que \u00abel evento super\u00f3 las expectativas; es m\u00e1s amplio que el a\u00f1o pasado y con m\u00e1s actividades para toda la familia\u00bb.<\/p>\n<p>Tambi\u00e9n se\u00f1al\u00f3 signos de recuperaci\u00f3n en el sector: \u00abCada vez m\u00e1s empresas est\u00e1n abriendo sus puertas y retomando la venta de repuestos\u00bb.<\/p>\n<p><a class=\"keychainify-checked\" href=\"https:\/\/digital58.com.ve\/site\/wp-content\/uploads\/2025\/07\/ea2-6.webp\"><img loading=\"lazy\" decoding=\"async\" class=\"aligncenter size-full wp-image-188862\" src=\"https:\/\/digital58.com.ve\/site\/wp-content\/uploads\/2025\/07\/ea2-6.webp\" alt=\"\" width=\"1000\" height=\"667\" srcset=\"https:\/\/digital58.com.ve\/site\/wp-content\/uploads\/2025\/07\/ea2-6.webp 1000w, https:\/\/digital58.com.ve\/site\/wp-content\/uploads\/2025\/07\/ea2-6-300x200.webp 300w, https:\/\/digital58.com.ve\/site\/wp-content\/uploads\/2025\/07\/ea2-6-768x512.webp 768w\" sizes=\"auto, (max-width: 1000px) 100vw, 1000px\" \/><\/a><\/p>\n<h2>Alianza entre sector p\u00fablico y privado<\/h2>\n<p>El secretario de Cultura, Giovanni Villalobos, calific\u00f3 la actividad como \u00abun esfuerzo de imaginaci\u00f3n colectiva basado en las potencialidades del Zulia\u00bb. Subray\u00f3 la necesidad de una agenda compartida entre Gobierno y empresas privadas para dinamizar la econom\u00eda.<\/p>\n<p><a class=\"keychainify-checked\" href=\"https:\/\/digital58.com.ve\/site\/wp-content\/uploads\/2025\/07\/ea2-7.webp\"><img loading=\"lazy\" decoding=\"async\" class=\"aligncenter size-full wp-image-188861\" src=\"https:\/\/digital58.com.ve\/site\/wp-content\/uploads\/2025\/07\/ea2-7.webp\" alt=\"\" width=\"1000\" height=\"667\" srcset=\"https:\/\/digital58.com.ve\/site\/wp-content\/uploads\/2025\/07\/ea2-7.webp 1000w, https:\/\/digital58.com.ve\/site\/wp-content\/uploads\/2025\/07\/ea2-7-300x200.webp 300w, https:\/\/digital58.com.ve\/site\/wp-content\/uploads\/2025\/07\/ea2-7-768x512.webp 768w\" sizes=\"auto, (max-width: 1000px) 100vw, 1000px\" \/><\/a><\/p>\n<p>Villalobos tambi\u00e9n record\u00f3 que \u00abde octubre a diciembre se han impulsado distintas ferias, desde la artesanal hasta la de arte culinario, en apoyo al rol activo de la empresa privada\u00bb.<\/p>\n<p>Por su parte, Gian Carlo Di Martino valor\u00f3 la exposici\u00f3n como un espacio que \u00abconsolida la confianza, impulsa el trabajo y el progreso, y motiva a muchos zulianos que est\u00e1n fuera a regresar a Maracaibo\u00bb.<\/p>\n<p><a class=\"keychainify-checked\" href=\"https:\/\/digital58.com.ve\/site\/wp-content\/uploads\/2025\/07\/ea2-5.webp\"><img loading=\"lazy\" decoding=\"async\" class=\"aligncenter size-full wp-image-188863\" src=\"https:\/\/digital58.com.ve\/site\/wp-content\/uploads\/2025\/07\/ea2-5.webp\" alt=\"\" width=\"1000\" height=\"667\" srcset=\"https:\/\/digital58.com.ve\/site\/wp-content\/uploads\/2025\/07\/ea2-5.webp 1000w, https:\/\/digital58.com.ve\/site\/wp-content\/uploads\/2025\/07\/ea2-5-300x200.webp 300w, https:\/\/digital58.com.ve\/site\/wp-content\/uploads\/2025\/07\/ea2-5-768x512.webp 768w\" sizes=\"auto, (max-width: 1000px) 100vw, 1000px\" \/><\/a><\/p>\n<h2>La muestra contin\u00faa hasta el domingo 20 de julio<\/h2>\n<p>La Expo Automotriz y Autopartes 2025 permanecer\u00e1 abierta al p\u00fablico hasta el domingo 20 de julio. El evento se consolida como una plataforma clave para el reencuentro entre empresas, ciudadanos y actores institucionales del occidente del pa\u00eds.<\/p>\n<p><a class=\"keychainify-checked\" href=\"https:\/\/digital58.com.ve\/site\/wp-content\/uploads\/2025\/07\/ea2-8.webp\"><img loading=\"lazy\" decoding=\"async\" class=\"aligncenter size-full wp-image-188860\" src=\"https:\/\/digital58.com.ve\/site\/wp-content\/uploads\/2025\/07\/ea2-8.webp\" alt=\"\" width=\"1000\" height=\"667\" srcset=\"https:\/\/digital58.com.ve\/site\/wp-content\/uploads\/2025\/07\/ea2-8.webp 1000w, https:\/\/digital58.com.ve\/site\/wp-content\/uploads\/2025\/07\/ea2-8-300x200.webp 300w, https:\/\/digital58.com.ve\/site\/wp-content\/uploads\/2025\/07\/ea2-8-768x512.webp 768w\" sizes=\"auto, (max-width: 1000px) 100vw, 1000px\" \/><\/a><\/p>\n<p><a class=\"keychainify-checked\" href=\"https:\/\/digital58.com.ve\/site\/wp-content\/uploads\/2025\/07\/ea2-9.webp\"><img loading=\"lazy\" decoding=\"async\" class=\"aligncenter size-full wp-image-188859\" src=\"https:\/\/digital58.com.ve\/site\/wp-content\/uploads\/2025\/07\/ea2-9.webp\" alt=\"\" width=\"1000\" height=\"667\" srcset=\"https:\/\/digital58.com.ve\/site\/wp-content\/uploads\/2025\/07\/ea2-9.webp 1000w, https:\/\/digital58.com.ve\/site\/wp-content\/uploads\/2025\/07\/ea2-9-300x200.webp 300w, https:\/\/digital58.com.ve\/site\/wp-content\/uploads\/2025\/07\/ea2-9-768x512.webp 768w\" sizes=\"auto, (max-width: 1000px) 100vw, 1000px\" \/><\/a><\/p>\n<p><strong>Sala de redacci\u00f3n ND58 <\/strong><br \/>\n<strong>Edici\u00f3n: Villasmil, Henry<\/strong><br \/>\n<strong>Gr\u00e1ficas: @villasmilhfoto \/ Castillo, Khistopher<\/strong><\/p>\n<p>&nbsp;<\/p>\n<p>&nbsp;<\/p>\n<p>&nbsp;<\/p><div class=\"tavwj69f28073c7e71\" ><p style=\"text-align: center;\"><a href=\"https:\/\/t.me\/noticiasdigital58\" target=\"_blank\" rel=\"noopener\"><img class=\"aligncenter size-full wp-image-125363\" src=\"https:\/\/digital58.com.ve\/site\/wp-content\/uploads\/2021\/04\/banner-telegram-web-2021.png\" alt=\"\" width=\"600\" height=\"90\" \/><\/a><\/p><\/div><style type=\"text\/css\">\r\n@media screen and (min-width: 1201px) {\r\n.tavwj69f28073c7e71 {\r\ndisplay: block;\r\n}\r\n}\r\n@media screen and (min-width: 993px) and (max-width: 1200px) {\r\n.tavwj69f28073c7e71 {\r\ndisplay: block;\r\n}\r\n}\r\n@media screen and (min-width: 769px) and (max-width: 992px) {\r\n.tavwj69f28073c7e71 {\r\ndisplay: block;\r\n}\r\n}\r\n@media screen and (min-width: 768px) and (max-width: 768px) {\r\n.tavwj69f28073c7e71 {\r\ndisplay: block;\r\n}\r\n}\r\n@media screen and (max-width: 767px) {\r\n.tavwj69f28073c7e71 {\r\ndisplay: block;\r\n}\r\n}\r\n<\/style>\r\n\n<p>&nbsp;<\/p>\n<div style=\"margin-top: 0px; margin-bottom: 0px;\" class=\"sharethis-inline-share-buttons\" ><\/div>","protected":false},"excerpt":{"rendered":"<p>La segunda edici\u00f3n del evento en el Hotel Tibisay del Lago reuni\u00f3 a m\u00e1s de 100 marcas, con respaldo institucional<\/p>\n","protected":false},"author":1,"featured_media":188864,"comment_status":"open","ping_status":"closed","sticky":false,"template":"","format":"standard","meta":{"colormag_page_container_layout":"default_layout","colormag_page_sidebar_layout":"default_layout","_uag_custom_page_level_css":"","footnotes":""},"categories":[5412,5409],"tags":[35155,11703,73,233,2354,32,761],"class_list":["post-188857","post","type-post","status-publish","format-standard","has-post-thumbnail","hentry","category-donde_ir_maracaibo","category-sociales","tag-expoferia-automotriz-y-autopartes","tag-hotel-tibisay-del-lago","tag-maracaibo","tag-nacionales","tag-regionales","tag-venezuela","tag-zulia"],"yoast_head":"<!-- This site is optimized with the Yoast SEO plugin v27.5 - https:\/\/yoast.com\/product\/yoast-seo-wordpress\/ -->\n<title>Expo Automotriz 2025 arranca con r\u00e9cord de participaci\u00f3n en Maracaibo<\/title>\n<meta name=\"description\" content=\"Expo Automotriz 2025 abri\u00f3 en Maracaibo con m\u00e1s de 100 marcas, respaldo institucional y propuestas para dinamizar el sector hasta el 20 de julio.\" \/>\n<meta name=\"robots\" content=\"index, follow, max-snippet:-1, max-image-preview:large, max-video-preview:-1\" \/>\n<link rel=\"canonical\" href=\"https:\/\/digital58.com.ve\/site\/2025\/07\/19\/expo-automotriz-2025-arranca-con-record-de-participacion-en-maracaibo\/\" \/>\n<meta property=\"og:locale\" content=\"es_ES\" \/>\n<meta property=\"og:type\" content=\"article\" \/>\n<meta property=\"og:title\" content=\"Expo Automotriz 2025 arranca con r\u00e9cord de participaci\u00f3n en Maracaibo\" \/>\n<meta property=\"og:description\" content=\"Expo Automotriz 2025 abri\u00f3 en Maracaibo con m\u00e1s de 100 marcas, respaldo institucional y propuestas para dinamizar el sector hasta el 20 de julio.\" \/>\n<meta property=\"og:url\" content=\"https:\/\/digital58.com.ve\/site\/2025\/07\/19\/expo-automotriz-2025-arranca-con-record-de-participacion-en-maracaibo\/\" \/>\n<meta property=\"og:site_name\" content=\"Noticias Digital58\" \/>\n<meta property=\"article:published_time\" content=\"2025-07-19T20:30:48+00:00\" \/>\n<meta property=\"og:image\" content=\"https:\/\/digital58.com.ve\/site\/wp-content\/uploads\/2025\/07\/ea2-4.webp\" \/>\n\t<meta property=\"og:image:width\" content=\"1000\" \/>\n\t<meta property=\"og:image:height\" content=\"667\" \/>\n\t<meta property=\"og:image:type\" content=\"image\/webp\" \/>\n<meta name=\"author\" content=\"Villasmil Henry\" \/>\n<meta name=\"twitter:card\" content=\"summary_large_image\" \/>\n<meta name=\"twitter:creator\" content=\"@https:\/\/twitter.com\/villasmilhfoto\" \/>\n<meta name=\"twitter:site\" content=\"@villasmilhfoto\" \/>\n<meta name=\"twitter:label1\" content=\"Escrito por\" \/>\n\t<meta name=\"twitter:data1\" content=\"Villasmil Henry\" \/>\n\t<meta name=\"twitter:label2\" content=\"Tiempo estimado de lectura\" \/>\n\t<meta name=\"twitter:data2\" content=\"4 minutos\" \/>\n<script type=\"application\/ld+json\" class=\"yoast-schema-graph\">{\"@context\":\"https:\\\/\\\/schema.org\",\"@graph\":[{\"@type\":\"Article\",\"@id\":\"https:\\\/\\\/digital58.com.ve\\\/site\\\/2025\\\/07\\\/19\\\/expo-automotriz-2025-arranca-con-record-de-participacion-en-maracaibo\\\/#article\",\"isPartOf\":{\"@id\":\"https:\\\/\\\/digital58.com.ve\\\/site\\\/2025\\\/07\\\/19\\\/expo-automotriz-2025-arranca-con-record-de-participacion-en-maracaibo\\\/\"},\"author\":{\"name\":\"Villasmil Henry\",\"@id\":\"https:\\\/\\\/digital58.com.ve\\\/site\\\/#\\\/schema\\\/person\\\/64d1c2e4d0d4fd1b849980c4331c2951\"},\"headline\":\"Expo Automotriz 2025 arranca con r\u00e9cord de participaci\u00f3n en Maracaibo\",\"datePublished\":\"2025-07-19T20:30:48+00:00\",\"mainEntityOfPage\":{\"@id\":\"https:\\\/\\\/digital58.com.ve\\\/site\\\/2025\\\/07\\\/19\\\/expo-automotriz-2025-arranca-con-record-de-participacion-en-maracaibo\\\/\"},\"wordCount\":491,\"commentCount\":0,\"publisher\":{\"@id\":\"https:\\\/\\\/digital58.com.ve\\\/site\\\/#\\\/schema\\\/person\\\/64d1c2e4d0d4fd1b849980c4331c2951\"},\"image\":{\"@id\":\"https:\\\/\\\/digital58.com.ve\\\/site\\\/2025\\\/07\\\/19\\\/expo-automotriz-2025-arranca-con-record-de-participacion-en-maracaibo\\\/#primaryimage\"},\"thumbnailUrl\":\"https:\\\/\\\/digital58.com.ve\\\/site\\\/wp-content\\\/uploads\\\/2025\\\/07\\\/ea2-4.webp\",\"keywords\":[\"Expoferia Automotriz y Autopartes\",\"Hotel Tibisay del Lago\",\"Maracaibo\",\"Nacionales\",\"Regionales\",\"Venezuela\",\"Zulia\"],\"articleSection\":[\"\u00bfD\u00f3nde ir Maracaibo?\",\"Sociales\"],\"inLanguage\":\"es\",\"potentialAction\":[{\"@type\":\"CommentAction\",\"name\":\"Comment\",\"target\":[\"https:\\\/\\\/digital58.com.ve\\\/site\\\/2025\\\/07\\\/19\\\/expo-automotriz-2025-arranca-con-record-de-participacion-en-maracaibo\\\/#respond\"]}]},{\"@type\":\"WebPage\",\"@id\":\"https:\\\/\\\/digital58.com.ve\\\/site\\\/2025\\\/07\\\/19\\\/expo-automotriz-2025-arranca-con-record-de-participacion-en-maracaibo\\\/\",\"url\":\"https:\\\/\\\/digital58.com.ve\\\/site\\\/2025\\\/07\\\/19\\\/expo-automotriz-2025-arranca-con-record-de-participacion-en-maracaibo\\\/\",\"name\":\"Expo Automotriz 2025 arranca con r\u00e9cord de participaci\u00f3n en Maracaibo\",\"isPartOf\":{\"@id\":\"https:\\\/\\\/digital58.com.ve\\\/site\\\/#website\"},\"primaryImageOfPage\":{\"@id\":\"https:\\\/\\\/digital58.com.ve\\\/site\\\/2025\\\/07\\\/19\\\/expo-automotriz-2025-arranca-con-record-de-participacion-en-maracaibo\\\/#primaryimage\"},\"image\":{\"@id\":\"https:\\\/\\\/digital58.com.ve\\\/site\\\/2025\\\/07\\\/19\\\/expo-automotriz-2025-arranca-con-record-de-participacion-en-maracaibo\\\/#primaryimage\"},\"thumbnailUrl\":\"https:\\\/\\\/digital58.com.ve\\\/site\\\/wp-content\\\/uploads\\\/2025\\\/07\\\/ea2-4.webp\",\"datePublished\":\"2025-07-19T20:30:48+00:00\",\"description\":\"Expo Automotriz 2025 abri\u00f3 en Maracaibo con m\u00e1s de 100 marcas, respaldo institucional y propuestas para dinamizar el sector hasta el 20 de julio.\",\"breadcrumb\":{\"@id\":\"https:\\\/\\\/digital58.com.ve\\\/site\\\/2025\\\/07\\\/19\\\/expo-automotriz-2025-arranca-con-record-de-participacion-en-maracaibo\\\/#breadcrumb\"},\"inLanguage\":\"es\",\"potentialAction\":[{\"@type\":\"ReadAction\",\"target\":[\"https:\\\/\\\/digital58.com.ve\\\/site\\\/2025\\\/07\\\/19\\\/expo-automotriz-2025-arranca-con-record-de-participacion-en-maracaibo\\\/\"]}]},{\"@type\":\"ImageObject\",\"inLanguage\":\"es\",\"@id\":\"https:\\\/\\\/digital58.com.ve\\\/site\\\/2025\\\/07\\\/19\\\/expo-automotriz-2025-arranca-con-record-de-participacion-en-maracaibo\\\/#primaryimage\",\"url\":\"https:\\\/\\\/digital58.com.ve\\\/site\\\/wp-content\\\/uploads\\\/2025\\\/07\\\/ea2-4.webp\",\"contentUrl\":\"https:\\\/\\\/digital58.com.ve\\\/site\\\/wp-content\\\/uploads\\\/2025\\\/07\\\/ea2-4.webp\",\"width\":1000,\"height\":667},{\"@type\":\"BreadcrumbList\",\"@id\":\"https:\\\/\\\/digital58.com.ve\\\/site\\\/2025\\\/07\\\/19\\\/expo-automotriz-2025-arranca-con-record-de-participacion-en-maracaibo\\\/#breadcrumb\",\"itemListElement\":[{\"@type\":\"ListItem\",\"position\":1,\"name\":\"Home\",\"item\":\"https:\\\/\\\/digital58.com.ve\\\/site\\\/\"},{\"@type\":\"ListItem\",\"position\":2,\"name\":\"Expo Automotriz 2025 arranca con r\u00e9cord de participaci\u00f3n en Maracaibo\"}]},{\"@type\":\"WebSite\",\"@id\":\"https:\\\/\\\/digital58.com.ve\\\/site\\\/#website\",\"url\":\"https:\\\/\\\/digital58.com.ve\\\/site\\\/\",\"name\":\"Noticias Digital58\",\"description\":\"Portal de Noticias \u00a1Periodismo web de verdad! Lanzamiento web 22.11.2005 \\\/ Maracaibo, Venezuela\",\"publisher\":{\"@id\":\"https:\\\/\\\/digital58.com.ve\\\/site\\\/#\\\/schema\\\/person\\\/64d1c2e4d0d4fd1b849980c4331c2951\"},\"alternateName\":\"ND58\",\"potentialAction\":[{\"@type\":\"SearchAction\",\"target\":{\"@type\":\"EntryPoint\",\"urlTemplate\":\"https:\\\/\\\/digital58.com.ve\\\/site\\\/?s={search_term_string}\"},\"query-input\":{\"@type\":\"PropertyValueSpecification\",\"valueRequired\":true,\"valueName\":\"search_term_string\"}}],\"inLanguage\":\"es\"},{\"@type\":[\"Person\",\"Organization\"],\"@id\":\"https:\\\/\\\/digital58.com.ve\\\/site\\\/#\\\/schema\\\/person\\\/64d1c2e4d0d4fd1b849980c4331c2951\",\"name\":\"Villasmil Henry\",\"image\":{\"@type\":\"ImageObject\",\"inLanguage\":\"es\",\"@id\":\"https:\\\/\\\/secure.gravatar.com\\\/avatar\\\/bb0c4a2fcb7970138239f7e404ea75757b1b507b28b5ce4c53fbd62d797c5a7c?s=96&d=mm&r=g\",\"url\":\"https:\\\/\\\/secure.gravatar.com\\\/avatar\\\/bb0c4a2fcb7970138239f7e404ea75757b1b507b28b5ce4c53fbd62d797c5a7c?s=96&d=mm&r=g\",\"contentUrl\":\"https:\\\/\\\/secure.gravatar.com\\\/avatar\\\/bb0c4a2fcb7970138239f7e404ea75757b1b507b28b5ce4c53fbd62d797c5a7c?s=96&d=mm&r=g\",\"caption\":\"Villasmil Henry\"},\"logo\":{\"@id\":\"https:\\\/\\\/secure.gravatar.com\\\/avatar\\\/bb0c4a2fcb7970138239f7e404ea75757b1b507b28b5ce4c53fbd62d797c5a7c?s=96&d=mm&r=g\"},\"sameAs\":[\"http:\\\/\\\/www.henryvillasmil.com.ve\",\"https:\\\/\\\/www.instagram.com\\\/villasmilhfoto\\\/\",\"https:\\\/\\\/x.com\\\/https:\\\/\\\/twitter.com\\\/villasmilhfoto\"],\"url\":\"https:\\\/\\\/digital58.com.ve\\\/site\\\/author\\\/droopy_68\\\/\"}]}<\/script>\n<!-- \/ Yoast SEO plugin. -->","yoast_head_json":{"title":"Expo Automotriz 2025 arranca con r\u00e9cord de participaci\u00f3n en Maracaibo","description":"Expo Automotriz 2025 abri\u00f3 en Maracaibo con m\u00e1s de 100 marcas, respaldo institucional y propuestas para dinamizar el sector hasta el 20 de julio.","robots":{"index":"index","follow":"follow","max-snippet":"max-snippet:-1","max-image-preview":"max-image-preview:large","max-video-preview":"max-video-preview:-1"},"canonical":"https:\/\/digital58.com.ve\/site\/2025\/07\/19\/expo-automotriz-2025-arranca-con-record-de-participacion-en-maracaibo\/","og_locale":"es_ES","og_type":"article","og_title":"Expo Automotriz 2025 arranca con r\u00e9cord de participaci\u00f3n en Maracaibo","og_description":"Expo Automotriz 2025 abri\u00f3 en Maracaibo con m\u00e1s de 100 marcas, respaldo institucional y propuestas para dinamizar el sector hasta el 20 de julio.","og_url":"https:\/\/digital58.com.ve\/site\/2025\/07\/19\/expo-automotriz-2025-arranca-con-record-de-participacion-en-maracaibo\/","og_site_name":"Noticias Digital58","article_published_time":"2025-07-19T20:30:48+00:00","og_image":[{"width":1000,"height":667,"url":"https:\/\/digital58.com.ve\/site\/wp-content\/uploads\/2025\/07\/ea2-4.webp","type":"image\/webp"}],"author":"Villasmil Henry","twitter_card":"summary_large_image","twitter_creator":"@https:\/\/twitter.com\/villasmilhfoto","twitter_site":"@villasmilhfoto","twitter_misc":{"Escrito por":"Villasmil Henry","Tiempo estimado de lectura":"4 minutos"},"schema":{"@context":"https:\/\/schema.org","@graph":[{"@type":"Article","@id":"https:\/\/digital58.com.ve\/site\/2025\/07\/19\/expo-automotriz-2025-arranca-con-record-de-participacion-en-maracaibo\/#article","isPartOf":{"@id":"https:\/\/digital58.com.ve\/site\/2025\/07\/19\/expo-automotriz-2025-arranca-con-record-de-participacion-en-maracaibo\/"},"author":{"name":"Villasmil Henry","@id":"https:\/\/digital58.com.ve\/site\/#\/schema\/person\/64d1c2e4d0d4fd1b849980c4331c2951"},"headline":"Expo Automotriz 2025 arranca con r\u00e9cord de participaci\u00f3n en Maracaibo","datePublished":"2025-07-19T20:30:48+00:00","mainEntityOfPage":{"@id":"https:\/\/digital58.com.ve\/site\/2025\/07\/19\/expo-automotriz-2025-arranca-con-record-de-participacion-en-maracaibo\/"},"wordCount":491,"commentCount":0,"publisher":{"@id":"https:\/\/digital58.com.ve\/site\/#\/schema\/person\/64d1c2e4d0d4fd1b849980c4331c2951"},"image":{"@id":"https:\/\/digital58.com.ve\/site\/2025\/07\/19\/expo-automotriz-2025-arranca-con-record-de-participacion-en-maracaibo\/#primaryimage"},"thumbnailUrl":"https:\/\/digital58.com.ve\/site\/wp-content\/uploads\/2025\/07\/ea2-4.webp","keywords":["Expoferia Automotriz y Autopartes","Hotel Tibisay del Lago","Maracaibo","Nacionales","Regionales","Venezuela","Zulia"],"articleSection":["\u00bfD\u00f3nde ir Maracaibo?","Sociales"],"inLanguage":"es","potentialAction":[{"@type":"CommentAction","name":"Comment","target":["https:\/\/digital58.com.ve\/site\/2025\/07\/19\/expo-automotriz-2025-arranca-con-record-de-participacion-en-maracaibo\/#respond"]}]},{"@type":"WebPage","@id":"https:\/\/digital58.com.ve\/site\/2025\/07\/19\/expo-automotriz-2025-arranca-con-record-de-participacion-en-maracaibo\/","url":"https:\/\/digital58.com.ve\/site\/2025\/07\/19\/expo-automotriz-2025-arranca-con-record-de-participacion-en-maracaibo\/","name":"Expo Automotriz 2025 arranca con r\u00e9cord de participaci\u00f3n en Maracaibo","isPartOf":{"@id":"https:\/\/digital58.com.ve\/site\/#website"},"primaryImageOfPage":{"@id":"https:\/\/digital58.com.ve\/site\/2025\/07\/19\/expo-automotriz-2025-arranca-con-record-de-participacion-en-maracaibo\/#primaryimage"},"image":{"@id":"https:\/\/digital58.com.ve\/site\/2025\/07\/19\/expo-automotriz-2025-arranca-con-record-de-participacion-en-maracaibo\/#primaryimage"},"thumbnailUrl":"https:\/\/digital58.com.ve\/site\/wp-content\/uploads\/2025\/07\/ea2-4.webp","datePublished":"2025-07-19T20:30:48+00:00","description":"Expo Automotriz 2025 abri\u00f3 en Maracaibo con m\u00e1s de 100 marcas, respaldo institucional y propuestas para dinamizar el sector hasta el 20 de julio.","breadcrumb":{"@id":"https:\/\/digital58.com.ve\/site\/2025\/07\/19\/expo-automotriz-2025-arranca-con-record-de-participacion-en-maracaibo\/#breadcrumb"},"inLanguage":"es","potentialAction":[{"@type":"ReadAction","target":["https:\/\/digital58.com.ve\/site\/2025\/07\/19\/expo-automotriz-2025-arranca-con-record-de-participacion-en-maracaibo\/"]}]},{"@type":"ImageObject","inLanguage":"es","@id":"https:\/\/digital58.com.ve\/site\/2025\/07\/19\/expo-automotriz-2025-arranca-con-record-de-participacion-en-maracaibo\/#primaryimage","url":"https:\/\/digital58.com.ve\/site\/wp-content\/uploads\/2025\/07\/ea2-4.webp","contentUrl":"https:\/\/digital58.com.ve\/site\/wp-content\/uploads\/2025\/07\/ea2-4.webp","width":1000,"height":667},{"@type":"BreadcrumbList","@id":"https:\/\/digital58.com.ve\/site\/2025\/07\/19\/expo-automotriz-2025-arranca-con-record-de-participacion-en-maracaibo\/#breadcrumb","itemListElement":[{"@type":"ListItem","position":1,"name":"Home","item":"https:\/\/digital58.com.ve\/site\/"},{"@type":"ListItem","position":2,"name":"Expo Automotriz 2025 arranca con r\u00e9cord de participaci\u00f3n en Maracaibo"}]},{"@type":"WebSite","@id":"https:\/\/digital58.com.ve\/site\/#website","url":"https:\/\/digital58.com.ve\/site\/","name":"Noticias Digital58","description":"Portal de Noticias \u00a1Periodismo web de verdad! Lanzamiento web 22.11.2005 \/ Maracaibo, Venezuela","publisher":{"@id":"https:\/\/digital58.com.ve\/site\/#\/schema\/person\/64d1c2e4d0d4fd1b849980c4331c2951"},"alternateName":"ND58","potentialAction":[{"@type":"SearchAction","target":{"@type":"EntryPoint","urlTemplate":"https:\/\/digital58.com.ve\/site\/?s={search_term_string}"},"query-input":{"@type":"PropertyValueSpecification","valueRequired":true,"valueName":"search_term_string"}}],"inLanguage":"es"},{"@type":["Person","Organization"],"@id":"https:\/\/digital58.com.ve\/site\/#\/schema\/person\/64d1c2e4d0d4fd1b849980c4331c2951","name":"Villasmil Henry","image":{"@type":"ImageObject","inLanguage":"es","@id":"https:\/\/secure.gravatar.com\/avatar\/bb0c4a2fcb7970138239f7e404ea75757b1b507b28b5ce4c53fbd62d797c5a7c?s=96&d=mm&r=g","url":"https:\/\/secure.gravatar.com\/avatar\/bb0c4a2fcb7970138239f7e404ea75757b1b507b28b5ce4c53fbd62d797c5a7c?s=96&d=mm&r=g","contentUrl":"https:\/\/secure.gravatar.com\/avatar\/bb0c4a2fcb7970138239f7e404ea75757b1b507b28b5ce4c53fbd62d797c5a7c?s=96&d=mm&r=g","caption":"Villasmil Henry"},"logo":{"@id":"https:\/\/secure.gravatar.com\/avatar\/bb0c4a2fcb7970138239f7e404ea75757b1b507b28b5ce4c53fbd62d797c5a7c?s=96&d=mm&r=g"},"sameAs":["http:\/\/www.henryvillasmil.com.ve","https:\/\/www.instagram.com\/villasmilhfoto\/","https:\/\/x.com\/https:\/\/twitter.com\/villasmilhfoto"],"url":"https:\/\/digital58.com.ve\/site\/author\/droopy_68\/"}]}},"uagb_featured_image_src":{"full":["https:\/\/digital58.com.ve\/site\/wp-content\/uploads\/2025\/07\/ea2-4.webp",1000,667,false],"thumbnail":["https:\/\/digital58.com.ve\/site\/wp-content\/uploads\/2025\/07\/ea2-4-150x150.webp",150,150,true],"medium":["https:\/\/digital58.com.ve\/site\/wp-content\/uploads\/2025\/07\/ea2-4-300x200.webp",300,200,true],"medium_large":["https:\/\/digital58.com.ve\/site\/wp-content\/uploads\/2025\/07\/ea2-4-768x512.webp",768,512,true],"large":["https:\/\/digital58.com.ve\/site\/wp-content\/uploads\/2025\/07\/ea2-4.webp",800,534,false],"1536x1536":["https:\/\/digital58.com.ve\/site\/wp-content\/uploads\/2025\/07\/ea2-4.webp",1000,667,false],"2048x2048":["https:\/\/digital58.com.ve\/site\/wp-content\/uploads\/2025\/07\/ea2-4.webp",1000,667,false],"colormag-highlighted-post":["https:\/\/digital58.com.ve\/site\/wp-content\/uploads\/2025\/07\/ea2-4-392x272.webp",392,272,true],"colormag-featured-post-medium":["https:\/\/digital58.com.ve\/site\/wp-content\/uploads\/2025\/07\/ea2-4-390x205.webp",390,205,true],"colormag-featured-post-small":["https:\/\/digital58.com.ve\/site\/wp-content\/uploads\/2025\/07\/ea2-4-130x90.webp",130,90,true],"colormag-featured-image":["https:\/\/digital58.com.ve\/site\/wp-content\/uploads\/2025\/07\/ea2-4-800x445.webp",800,445,true],"colormag-default-news":["https:\/\/digital58.com.ve\/site\/wp-content\/uploads\/2025\/07\/ea2-4-150x150.webp",150,150,true],"colormag-featured-image-large":["https:\/\/digital58.com.ve\/site\/wp-content\/uploads\/2025\/07\/ea2-4-1000x600.webp",1000,600,true]},"uagb_author_info":{"display_name":"Villasmil Henry","author_link":"https:\/\/digital58.com.ve\/site\/author\/droopy_68\/"},"uagb_comment_info":0,"uagb_excerpt":"La segunda edici\u00f3n del evento en el Hotel Tibisay del Lago reuni\u00f3 a m\u00e1s de 100 marcas, con respaldo institucional","_links":{"self":[{"href":"https:\/\/digital58.com.ve\/site\/wp-json\/wp\/v2\/posts\/188857","targetHints":{"allow":["GET"]}}],"collection":[{"href":"https:\/\/digital58.com.ve\/site\/wp-json\/wp\/v2\/posts"}],"about":[{"href":"https:\/\/digital58.com.ve\/site\/wp-json\/wp\/v2\/types\/post"}],"author":[{"embeddable":true,"href":"https:\/\/digital58.com.ve\/site\/wp-json\/wp\/v2\/users\/1"}],"replies":[{"embeddable":true,"href":"https:\/\/digital58.com.ve\/site\/wp-json\/wp\/v2\/comments?post=188857"}],"version-history":[{"count":3,"href":"https:\/\/digital58.com.ve\/site\/wp-json\/wp\/v2\/posts\/188857\/revisions"}],"predecessor-version":[{"id":188869,"href":"https:\/\/digital58.com.ve\/site\/wp-json\/wp\/v2\/posts\/188857\/revisions\/188869"}],"wp:featuredmedia":[{"embeddable":true,"href":"https:\/\/digital58.com.ve\/site\/wp-json\/wp\/v2\/media\/188864"}],"wp:attachment":[{"href":"https:\/\/digital58.com.ve\/site\/wp-json\/wp\/v2\/media?parent=188857"}],"wp:term":[{"taxonomy":"category","embeddable":true,"href":"https:\/\/digital58.com.ve\/site\/wp-json\/wp\/v2\/categories?post=188857"},{"taxonomy":"post_tag","embeddable":true,"href":"https:\/\/digital58.com.ve\/site\/wp-json\/wp\/v2\/tags?post=188857"}],"curies":[{"name":"wp","href":"https:\/\/api.w.org\/{rel}","templated":true}]}}