{"id":189005,"date":"2025-07-27T15:08:14","date_gmt":"2025-07-27T19:08:14","guid":{"rendered":"https:\/\/digital58.com.ve\/site\/?p=189005"},"modified":"2025-07-27T15:08:14","modified_gmt":"2025-07-27T19:08:14","slug":"pablo-perez-llama-a-votar-en-maracaibo","status":"publish","type":"post","link":"https:\/\/digital58.com.ve\/site\/2025\/07\/27\/pablo-perez-llama-a-votar-en-maracaibo\/","title":{"rendered":"Pablo P\u00e9rez llama a votar en Maracaibo"},"content":{"rendered":"<p><a class=\"keychainify-checked\" href=\"https:\/\/digital58.com.ve\/site\/wp-content\/uploads\/2025\/07\/pablo-perez-27-07-25-2.webp\"><img loading=\"lazy\" decoding=\"async\" class=\"aligncenter wp-image-189006 size-full\" src=\"https:\/\/digital58.com.ve\/site\/wp-content\/uploads\/2025\/07\/pablo-perez-27-07-25-2.webp\" alt=\"Pablo P\u00e9rez \u00c1lvarez, diputado a la Asamblea Nacional, inst\u00f3 este 27 de julio a los maracaiberos a votar en las elecciones municipales, destacando la instalaci\u00f3n de m\u00e1s del 90 % de las mesas electorales en Maracaibo.\" width=\"1000\" height=\"666\" srcset=\"https:\/\/digital58.com.ve\/site\/wp-content\/uploads\/2025\/07\/pablo-perez-27-07-25-2.webp 1000w, https:\/\/digital58.com.ve\/site\/wp-content\/uploads\/2025\/07\/pablo-perez-27-07-25-2-300x200.webp 300w, https:\/\/digital58.com.ve\/site\/wp-content\/uploads\/2025\/07\/pablo-perez-27-07-25-2-768x511.webp 768w\" sizes=\"auto, (max-width: 1000px) 100vw, 1000px\" \/><\/a><\/p>\n<blockquote><p>Desde la Gran Alianza por Maracaibo, el diputado destac\u00f3 que m\u00e1s del 90 % de las mesas est\u00e1n habilitadas y exhort\u00f3 a la ciudadan\u00eda a ejercer su derecho.<\/p><\/blockquote>\n<p><strong>Maracaibo, Zulia, Venezuela, 27 de julio de 2025 (ND58).-<\/strong> Pablo P\u00e9rez \u00c1lvarez, diputado a la Asamblea Nacional, inst\u00f3 este 27 de julio a los maracaiberos a votar en las elecciones municipales, destacando la instalaci\u00f3n de m\u00e1s del 90 % de las mesas electorales en Maracaibo.<\/p>\n<h2>Avanza la jornada electoral en Maracaibo<\/h2>\n<p>Desde el comando de campa\u00f1a de la Gran Alianza por Maracaibo, el diputado Pablo P\u00e9rez hizo un llamado p\u00fablico a la participaci\u00f3n ciudadana, subrayando la importancia del voto como herramienta democr\u00e1tica.<\/p>\n<blockquote><p><strong>\u00abEl voto es una herramienta de participaci\u00f3n en la escogencia de representantes y los marabinos lo entienden de esa forma\u00bb<\/strong>, expres\u00f3 el parlamentario.<\/p><\/blockquote>\n<p>Enfatiz\u00f3 que el sufragio permite ratificar aspiraciones colectivas y ejercer la opini\u00f3n ciudadana.<\/p>\n<h2>M\u00e1s del 90 % de las mesas habilitadas<\/h2>\n<p>P\u00e9rez inform\u00f3 que el proceso de instalaci\u00f3n de las mesas avanza con normalidad. De las 691 mesas electorales habilitadas en la ciudad, m\u00e1s del 90 % ya se encuentran activas y recibiendo electores.<\/p>\n<p>Agreg\u00f3 que los 441 centros electorales distribuidos en Maracaibo est\u00e1n preparados para recibir a los 991.750 ciudadanos habilitados para votar este 27 de julio.<\/p>\n<p><a class=\"keychainify-checked\" href=\"https:\/\/digital58.com.ve\/site\/wp-content\/uploads\/2025\/07\/pablo-perez-27-07-25-1.webp\"><img loading=\"lazy\" decoding=\"async\" class=\"aligncenter size-full wp-image-189007\" src=\"https:\/\/digital58.com.ve\/site\/wp-content\/uploads\/2025\/07\/pablo-perez-27-07-25-1.webp\" alt=\"\" width=\"1000\" height=\"666\" srcset=\"https:\/\/digital58.com.ve\/site\/wp-content\/uploads\/2025\/07\/pablo-perez-27-07-25-1.webp 1000w, https:\/\/digital58.com.ve\/site\/wp-content\/uploads\/2025\/07\/pablo-perez-27-07-25-1-300x200.webp 300w, https:\/\/digital58.com.ve\/site\/wp-content\/uploads\/2025\/07\/pablo-perez-27-07-25-1-768x511.webp 768w\" sizes=\"auto, (max-width: 1000px) 100vw, 1000px\" \/><\/a><\/p>\n<h2>El compromiso con la ciudad<\/h2>\n<p>El legislador remarc\u00f3 que la principal motivaci\u00f3n para ejercer el derecho al voto es el bienestar de Maracaibo.<\/p>\n<p><strong>\u00abEl 27 de julio va a pasar, el ma\u00f1ana va a llegar y la ciudad va a seguir. Esa es nuestra mayor motivaci\u00f3n\u00bb<\/strong>, sostuvo P\u00e9rez \u00c1lvarez, quien asegur\u00f3 que respetan todas las posturas, pero insisten en la importancia de la participaci\u00f3n.<\/p>\n<p>\u00abNo podemos ser ego\u00edstas ante un proceso electoral. Participar es un deber c\u00edvico con la ciudad en la que vivimos\u00bb, concluy\u00f3 el diputado.<\/p>\n<p>Sala de redacci\u00f3n ND58<br \/>\nEdici\u00f3n: Villasmil, Henry<br \/>\nGr\u00e1ficas: Cortes\u00eda<\/p><div class=\"dwgyj69f4698e4e7ad\" ><p style=\"text-align: center;\"><a href=\"https:\/\/t.me\/noticiasdigital58\" target=\"_blank\" rel=\"noopener\"><img class=\"aligncenter size-full wp-image-125363\" src=\"https:\/\/digital58.com.ve\/site\/wp-content\/uploads\/2021\/04\/banner-telegram-web-2021.png\" alt=\"\" width=\"600\" height=\"90\" \/><\/a><\/p><\/div><style type=\"text\/css\">\r\n@media screen and (min-width: 1201px) {\r\n.dwgyj69f4698e4e7ad {\r\ndisplay: block;\r\n}\r\n}\r\n@media screen and (min-width: 993px) and (max-width: 1200px) {\r\n.dwgyj69f4698e4e7ad {\r\ndisplay: block;\r\n}\r\n}\r\n@media screen and (min-width: 769px) and (max-width: 992px) {\r\n.dwgyj69f4698e4e7ad {\r\ndisplay: block;\r\n}\r\n}\r\n@media screen and (min-width: 768px) and (max-width: 768px) {\r\n.dwgyj69f4698e4e7ad {\r\ndisplay: block;\r\n}\r\n}\r\n@media screen and (max-width: 767px) {\r\n.dwgyj69f4698e4e7ad {\r\ndisplay: block;\r\n}\r\n}\r\n<\/style>\r\n\n<p>&nbsp;<\/p>\n<div style=\"margin-top: 0px; margin-bottom: 0px;\" class=\"sharethis-inline-share-buttons\" ><\/div>","protected":false},"excerpt":{"rendered":"<p>Desde la Gran Alianza por Maracaibo, el diputado destac\u00f3 que m\u00e1s del 90 % de las mesas est\u00e1n habilitadas y<\/p>\n","protected":false},"author":1,"featured_media":189007,"comment_status":"open","ping_status":"closed","sticky":false,"template":"","format":"standard","meta":{"colormag_page_container_layout":"default_layout","colormag_page_sidebar_layout":"default_layout","_uag_custom_page_level_css":"","footnotes":""},"categories":[14504],"tags":[290,27756,35069,35186,73,233,8605,35187,11058,2354,32],"class_list":["post-189005","post","type-post","status-publish","format-standard","has-post-thumbnail","hentry","category-zulia","tag-alcaldia-de-maracaibo","tag-diputados-zulianos","tag-elecciones-municipales-2025","tag-gran-alianza-por-maracaibo","tag-maracaibo","tag-nacionales","tag-oposicion-venezolana","tag-pablo-perez-alvarez","tag-partidos-politicos","tag-regionales","tag-venezuela"],"yoast_head":"<!-- This site is optimized with the Yoast SEO plugin v27.5 - https:\/\/yoast.com\/product\/yoast-seo-wordpress\/ -->\n<title>Pablo P\u00e9rez llama a votar en Maracaibo<\/title>\n<meta name=\"description\" content=\"Pablo P\u00e9rez insta a los maracaiberos a votar este 27 de julio. M\u00e1s del 90 % de las mesas ya est\u00e1n instaladas para las elecciones municipales.\" \/>\n<meta name=\"robots\" content=\"index, follow, max-snippet:-1, max-image-preview:large, max-video-preview:-1\" \/>\n<link rel=\"canonical\" href=\"https:\/\/digital58.com.ve\/site\/2025\/07\/27\/pablo-perez-llama-a-votar-en-maracaibo\/\" \/>\n<meta property=\"og:locale\" content=\"es_ES\" \/>\n<meta property=\"og:type\" content=\"article\" \/>\n<meta property=\"og:title\" content=\"Pablo P\u00e9rez llama a votar en Maracaibo\" \/>\n<meta property=\"og:description\" content=\"Pablo P\u00e9rez insta a los maracaiberos a votar este 27 de julio. M\u00e1s del 90 % de las mesas ya est\u00e1n instaladas para las elecciones municipales.\" \/>\n<meta property=\"og:url\" content=\"https:\/\/digital58.com.ve\/site\/2025\/07\/27\/pablo-perez-llama-a-votar-en-maracaibo\/\" \/>\n<meta property=\"og:site_name\" content=\"Noticias Digital58\" \/>\n<meta property=\"article:published_time\" content=\"2025-07-27T19:08:14+00:00\" \/>\n<meta property=\"og:image\" content=\"https:\/\/digital58.com.ve\/site\/wp-content\/uploads\/2025\/07\/pablo-perez-27-07-25-1.webp\" \/>\n\t<meta property=\"og:image:width\" content=\"1000\" \/>\n\t<meta property=\"og:image:height\" content=\"666\" \/>\n\t<meta property=\"og:image:type\" content=\"image\/webp\" \/>\n<meta name=\"author\" content=\"Villasmil Henry\" \/>\n<meta name=\"twitter:card\" content=\"summary_large_image\" \/>\n<meta name=\"twitter:creator\" content=\"@https:\/\/twitter.com\/villasmilhfoto\" \/>\n<meta name=\"twitter:site\" content=\"@villasmilhfoto\" \/>\n<meta name=\"twitter:label1\" content=\"Escrito por\" \/>\n\t<meta name=\"twitter:data1\" content=\"Villasmil Henry\" \/>\n\t<meta name=\"twitter:label2\" content=\"Tiempo estimado de lectura\" \/>\n\t<meta name=\"twitter:data2\" content=\"2 minutos\" \/>\n<script type=\"application\/ld+json\" class=\"yoast-schema-graph\">{\"@context\":\"https:\\\/\\\/schema.org\",\"@graph\":[{\"@type\":\"Article\",\"@id\":\"https:\\\/\\\/digital58.com.ve\\\/site\\\/2025\\\/07\\\/27\\\/pablo-perez-llama-a-votar-en-maracaibo\\\/#article\",\"isPartOf\":{\"@id\":\"https:\\\/\\\/digital58.com.ve\\\/site\\\/2025\\\/07\\\/27\\\/pablo-perez-llama-a-votar-en-maracaibo\\\/\"},\"author\":{\"name\":\"Villasmil Henry\",\"@id\":\"https:\\\/\\\/digital58.com.ve\\\/site\\\/#\\\/schema\\\/person\\\/64d1c2e4d0d4fd1b849980c4331c2951\"},\"headline\":\"Pablo P\u00e9rez llama a votar en Maracaibo\",\"datePublished\":\"2025-07-27T19:08:14+00:00\",\"mainEntityOfPage\":{\"@id\":\"https:\\\/\\\/digital58.com.ve\\\/site\\\/2025\\\/07\\\/27\\\/pablo-perez-llama-a-votar-en-maracaibo\\\/\"},\"wordCount\":330,\"commentCount\":0,\"publisher\":{\"@id\":\"https:\\\/\\\/digital58.com.ve\\\/site\\\/#\\\/schema\\\/person\\\/64d1c2e4d0d4fd1b849980c4331c2951\"},\"image\":{\"@id\":\"https:\\\/\\\/digital58.com.ve\\\/site\\\/2025\\\/07\\\/27\\\/pablo-perez-llama-a-votar-en-maracaibo\\\/#primaryimage\"},\"thumbnailUrl\":\"https:\\\/\\\/digital58.com.ve\\\/site\\\/wp-content\\\/uploads\\\/2025\\\/07\\\/pablo-perez-27-07-25-1.webp\",\"keywords\":[\"Alcald\u00eda de Maracaibo\",\"Diputados zulianos\",\"Elecciones municipales 2025\",\"Gran Alianza por Maracaibo\",\"Maracaibo\",\"Nacionales\",\"Oposici\u00f3n Venezolana\",\"Pablo P\u00e9rez \u00c1lvarez\",\"Partidos Pol\u00edticos\",\"Regionales\",\"Venezuela\"],\"articleSection\":[\"Zulia\"],\"inLanguage\":\"es\",\"potentialAction\":[{\"@type\":\"CommentAction\",\"name\":\"Comment\",\"target\":[\"https:\\\/\\\/digital58.com.ve\\\/site\\\/2025\\\/07\\\/27\\\/pablo-perez-llama-a-votar-en-maracaibo\\\/#respond\"]}]},{\"@type\":\"WebPage\",\"@id\":\"https:\\\/\\\/digital58.com.ve\\\/site\\\/2025\\\/07\\\/27\\\/pablo-perez-llama-a-votar-en-maracaibo\\\/\",\"url\":\"https:\\\/\\\/digital58.com.ve\\\/site\\\/2025\\\/07\\\/27\\\/pablo-perez-llama-a-votar-en-maracaibo\\\/\",\"name\":\"Pablo P\u00e9rez llama a votar en Maracaibo\",\"isPartOf\":{\"@id\":\"https:\\\/\\\/digital58.com.ve\\\/site\\\/#website\"},\"primaryImageOfPage\":{\"@id\":\"https:\\\/\\\/digital58.com.ve\\\/site\\\/2025\\\/07\\\/27\\\/pablo-perez-llama-a-votar-en-maracaibo\\\/#primaryimage\"},\"image\":{\"@id\":\"https:\\\/\\\/digital58.com.ve\\\/site\\\/2025\\\/07\\\/27\\\/pablo-perez-llama-a-votar-en-maracaibo\\\/#primaryimage\"},\"thumbnailUrl\":\"https:\\\/\\\/digital58.com.ve\\\/site\\\/wp-content\\\/uploads\\\/2025\\\/07\\\/pablo-perez-27-07-25-1.webp\",\"datePublished\":\"2025-07-27T19:08:14+00:00\",\"description\":\"Pablo P\u00e9rez insta a los maracaiberos a votar este 27 de julio. M\u00e1s del 90 % de las mesas ya est\u00e1n instaladas para las elecciones municipales.\",\"breadcrumb\":{\"@id\":\"https:\\\/\\\/digital58.com.ve\\\/site\\\/2025\\\/07\\\/27\\\/pablo-perez-llama-a-votar-en-maracaibo\\\/#breadcrumb\"},\"inLanguage\":\"es\",\"potentialAction\":[{\"@type\":\"ReadAction\",\"target\":[\"https:\\\/\\\/digital58.com.ve\\\/site\\\/2025\\\/07\\\/27\\\/pablo-perez-llama-a-votar-en-maracaibo\\\/\"]}]},{\"@type\":\"ImageObject\",\"inLanguage\":\"es\",\"@id\":\"https:\\\/\\\/digital58.com.ve\\\/site\\\/2025\\\/07\\\/27\\\/pablo-perez-llama-a-votar-en-maracaibo\\\/#primaryimage\",\"url\":\"https:\\\/\\\/digital58.com.ve\\\/site\\\/wp-content\\\/uploads\\\/2025\\\/07\\\/pablo-perez-27-07-25-1.webp\",\"contentUrl\":\"https:\\\/\\\/digital58.com.ve\\\/site\\\/wp-content\\\/uploads\\\/2025\\\/07\\\/pablo-perez-27-07-25-1.webp\",\"width\":1000,\"height\":666},{\"@type\":\"BreadcrumbList\",\"@id\":\"https:\\\/\\\/digital58.com.ve\\\/site\\\/2025\\\/07\\\/27\\\/pablo-perez-llama-a-votar-en-maracaibo\\\/#breadcrumb\",\"itemListElement\":[{\"@type\":\"ListItem\",\"position\":1,\"name\":\"Home\",\"item\":\"https:\\\/\\\/digital58.com.ve\\\/site\\\/\"},{\"@type\":\"ListItem\",\"position\":2,\"name\":\"Pablo P\u00e9rez llama a votar en Maracaibo\"}]},{\"@type\":\"WebSite\",\"@id\":\"https:\\\/\\\/digital58.com.ve\\\/site\\\/#website\",\"url\":\"https:\\\/\\\/digital58.com.ve\\\/site\\\/\",\"name\":\"Noticias Digital58\",\"description\":\"Portal de Noticias \u00a1Periodismo web de verdad! Lanzamiento web 22.11.2005 \\\/ Maracaibo, Venezuela\",\"publisher\":{\"@id\":\"https:\\\/\\\/digital58.com.ve\\\/site\\\/#\\\/schema\\\/person\\\/64d1c2e4d0d4fd1b849980c4331c2951\"},\"alternateName\":\"ND58\",\"potentialAction\":[{\"@type\":\"SearchAction\",\"target\":{\"@type\":\"EntryPoint\",\"urlTemplate\":\"https:\\\/\\\/digital58.com.ve\\\/site\\\/?s={search_term_string}\"},\"query-input\":{\"@type\":\"PropertyValueSpecification\",\"valueRequired\":true,\"valueName\":\"search_term_string\"}}],\"inLanguage\":\"es\"},{\"@type\":[\"Person\",\"Organization\"],\"@id\":\"https:\\\/\\\/digital58.com.ve\\\/site\\\/#\\\/schema\\\/person\\\/64d1c2e4d0d4fd1b849980c4331c2951\",\"name\":\"Villasmil Henry\",\"image\":{\"@type\":\"ImageObject\",\"inLanguage\":\"es\",\"@id\":\"https:\\\/\\\/secure.gravatar.com\\\/avatar\\\/bb0c4a2fcb7970138239f7e404ea75757b1b507b28b5ce4c53fbd62d797c5a7c?s=96&d=mm&r=g\",\"url\":\"https:\\\/\\\/secure.gravatar.com\\\/avatar\\\/bb0c4a2fcb7970138239f7e404ea75757b1b507b28b5ce4c53fbd62d797c5a7c?s=96&d=mm&r=g\",\"contentUrl\":\"https:\\\/\\\/secure.gravatar.com\\\/avatar\\\/bb0c4a2fcb7970138239f7e404ea75757b1b507b28b5ce4c53fbd62d797c5a7c?s=96&d=mm&r=g\",\"caption\":\"Villasmil Henry\"},\"logo\":{\"@id\":\"https:\\\/\\\/secure.gravatar.com\\\/avatar\\\/bb0c4a2fcb7970138239f7e404ea75757b1b507b28b5ce4c53fbd62d797c5a7c?s=96&d=mm&r=g\"},\"sameAs\":[\"http:\\\/\\\/www.henryvillasmil.com.ve\",\"https:\\\/\\\/www.instagram.com\\\/villasmilhfoto\\\/\",\"https:\\\/\\\/x.com\\\/https:\\\/\\\/twitter.com\\\/villasmilhfoto\"],\"url\":\"https:\\\/\\\/digital58.com.ve\\\/site\\\/author\\\/droopy_68\\\/\"}]}<\/script>\n<!-- \/ Yoast SEO plugin. -->","yoast_head_json":{"title":"Pablo P\u00e9rez llama a votar en Maracaibo","description":"Pablo P\u00e9rez insta a los maracaiberos a votar este 27 de julio. M\u00e1s del 90 % de las mesas ya est\u00e1n instaladas para las elecciones municipales.","robots":{"index":"index","follow":"follow","max-snippet":"max-snippet:-1","max-image-preview":"max-image-preview:large","max-video-preview":"max-video-preview:-1"},"canonical":"https:\/\/digital58.com.ve\/site\/2025\/07\/27\/pablo-perez-llama-a-votar-en-maracaibo\/","og_locale":"es_ES","og_type":"article","og_title":"Pablo P\u00e9rez llama a votar en Maracaibo","og_description":"Pablo P\u00e9rez insta a los maracaiberos a votar este 27 de julio. M\u00e1s del 90 % de las mesas ya est\u00e1n instaladas para las elecciones municipales.","og_url":"https:\/\/digital58.com.ve\/site\/2025\/07\/27\/pablo-perez-llama-a-votar-en-maracaibo\/","og_site_name":"Noticias Digital58","article_published_time":"2025-07-27T19:08:14+00:00","og_image":[{"width":1000,"height":666,"url":"https:\/\/digital58.com.ve\/site\/wp-content\/uploads\/2025\/07\/pablo-perez-27-07-25-1.webp","type":"image\/webp"}],"author":"Villasmil Henry","twitter_card":"summary_large_image","twitter_creator":"@https:\/\/twitter.com\/villasmilhfoto","twitter_site":"@villasmilhfoto","twitter_misc":{"Escrito por":"Villasmil Henry","Tiempo estimado de lectura":"2 minutos"},"schema":{"@context":"https:\/\/schema.org","@graph":[{"@type":"Article","@id":"https:\/\/digital58.com.ve\/site\/2025\/07\/27\/pablo-perez-llama-a-votar-en-maracaibo\/#article","isPartOf":{"@id":"https:\/\/digital58.com.ve\/site\/2025\/07\/27\/pablo-perez-llama-a-votar-en-maracaibo\/"},"author":{"name":"Villasmil Henry","@id":"https:\/\/digital58.com.ve\/site\/#\/schema\/person\/64d1c2e4d0d4fd1b849980c4331c2951"},"headline":"Pablo P\u00e9rez llama a votar en Maracaibo","datePublished":"2025-07-27T19:08:14+00:00","mainEntityOfPage":{"@id":"https:\/\/digital58.com.ve\/site\/2025\/07\/27\/pablo-perez-llama-a-votar-en-maracaibo\/"},"wordCount":330,"commentCount":0,"publisher":{"@id":"https:\/\/digital58.com.ve\/site\/#\/schema\/person\/64d1c2e4d0d4fd1b849980c4331c2951"},"image":{"@id":"https:\/\/digital58.com.ve\/site\/2025\/07\/27\/pablo-perez-llama-a-votar-en-maracaibo\/#primaryimage"},"thumbnailUrl":"https:\/\/digital58.com.ve\/site\/wp-content\/uploads\/2025\/07\/pablo-perez-27-07-25-1.webp","keywords":["Alcald\u00eda de Maracaibo","Diputados zulianos","Elecciones municipales 2025","Gran Alianza por Maracaibo","Maracaibo","Nacionales","Oposici\u00f3n Venezolana","Pablo P\u00e9rez \u00c1lvarez","Partidos Pol\u00edticos","Regionales","Venezuela"],"articleSection":["Zulia"],"inLanguage":"es","potentialAction":[{"@type":"CommentAction","name":"Comment","target":["https:\/\/digital58.com.ve\/site\/2025\/07\/27\/pablo-perez-llama-a-votar-en-maracaibo\/#respond"]}]},{"@type":"WebPage","@id":"https:\/\/digital58.com.ve\/site\/2025\/07\/27\/pablo-perez-llama-a-votar-en-maracaibo\/","url":"https:\/\/digital58.com.ve\/site\/2025\/07\/27\/pablo-perez-llama-a-votar-en-maracaibo\/","name":"Pablo P\u00e9rez llama a votar en Maracaibo","isPartOf":{"@id":"https:\/\/digital58.com.ve\/site\/#website"},"primaryImageOfPage":{"@id":"https:\/\/digital58.com.ve\/site\/2025\/07\/27\/pablo-perez-llama-a-votar-en-maracaibo\/#primaryimage"},"image":{"@id":"https:\/\/digital58.com.ve\/site\/2025\/07\/27\/pablo-perez-llama-a-votar-en-maracaibo\/#primaryimage"},"thumbnailUrl":"https:\/\/digital58.com.ve\/site\/wp-content\/uploads\/2025\/07\/pablo-perez-27-07-25-1.webp","datePublished":"2025-07-27T19:08:14+00:00","description":"Pablo P\u00e9rez insta a los maracaiberos a votar este 27 de julio. M\u00e1s del 90 % de las mesas ya est\u00e1n instaladas para las elecciones municipales.","breadcrumb":{"@id":"https:\/\/digital58.com.ve\/site\/2025\/07\/27\/pablo-perez-llama-a-votar-en-maracaibo\/#breadcrumb"},"inLanguage":"es","potentialAction":[{"@type":"ReadAction","target":["https:\/\/digital58.com.ve\/site\/2025\/07\/27\/pablo-perez-llama-a-votar-en-maracaibo\/"]}]},{"@type":"ImageObject","inLanguage":"es","@id":"https:\/\/digital58.com.ve\/site\/2025\/07\/27\/pablo-perez-llama-a-votar-en-maracaibo\/#primaryimage","url":"https:\/\/digital58.com.ve\/site\/wp-content\/uploads\/2025\/07\/pablo-perez-27-07-25-1.webp","contentUrl":"https:\/\/digital58.com.ve\/site\/wp-content\/uploads\/2025\/07\/pablo-perez-27-07-25-1.webp","width":1000,"height":666},{"@type":"BreadcrumbList","@id":"https:\/\/digital58.com.ve\/site\/2025\/07\/27\/pablo-perez-llama-a-votar-en-maracaibo\/#breadcrumb","itemListElement":[{"@type":"ListItem","position":1,"name":"Home","item":"https:\/\/digital58.com.ve\/site\/"},{"@type":"ListItem","position":2,"name":"Pablo P\u00e9rez llama a votar en Maracaibo"}]},{"@type":"WebSite","@id":"https:\/\/digital58.com.ve\/site\/#website","url":"https:\/\/digital58.com.ve\/site\/","name":"Noticias Digital58","description":"Portal de Noticias \u00a1Periodismo web de verdad! Lanzamiento web 22.11.2005 \/ Maracaibo, Venezuela","publisher":{"@id":"https:\/\/digital58.com.ve\/site\/#\/schema\/person\/64d1c2e4d0d4fd1b849980c4331c2951"},"alternateName":"ND58","potentialAction":[{"@type":"SearchAction","target":{"@type":"EntryPoint","urlTemplate":"https:\/\/digital58.com.ve\/site\/?s={search_term_string}"},"query-input":{"@type":"PropertyValueSpecification","valueRequired":true,"valueName":"search_term_string"}}],"inLanguage":"es"},{"@type":["Person","Organization"],"@id":"https:\/\/digital58.com.ve\/site\/#\/schema\/person\/64d1c2e4d0d4fd1b849980c4331c2951","name":"Villasmil Henry","image":{"@type":"ImageObject","inLanguage":"es","@id":"https:\/\/secure.gravatar.com\/avatar\/bb0c4a2fcb7970138239f7e404ea75757b1b507b28b5ce4c53fbd62d797c5a7c?s=96&d=mm&r=g","url":"https:\/\/secure.gravatar.com\/avatar\/bb0c4a2fcb7970138239f7e404ea75757b1b507b28b5ce4c53fbd62d797c5a7c?s=96&d=mm&r=g","contentUrl":"https:\/\/secure.gravatar.com\/avatar\/bb0c4a2fcb7970138239f7e404ea75757b1b507b28b5ce4c53fbd62d797c5a7c?s=96&d=mm&r=g","caption":"Villasmil Henry"},"logo":{"@id":"https:\/\/secure.gravatar.com\/avatar\/bb0c4a2fcb7970138239f7e404ea75757b1b507b28b5ce4c53fbd62d797c5a7c?s=96&d=mm&r=g"},"sameAs":["http:\/\/www.henryvillasmil.com.ve","https:\/\/www.instagram.com\/villasmilhfoto\/","https:\/\/x.com\/https:\/\/twitter.com\/villasmilhfoto"],"url":"https:\/\/digital58.com.ve\/site\/author\/droopy_68\/"}]}},"uagb_featured_image_src":{"full":["https:\/\/digital58.com.ve\/site\/wp-content\/uploads\/2025\/07\/pablo-perez-27-07-25-1.webp",1000,666,false],"thumbnail":["https:\/\/digital58.com.ve\/site\/wp-content\/uploads\/2025\/07\/pablo-perez-27-07-25-1-150x150.webp",150,150,true],"medium":["https:\/\/digital58.com.ve\/site\/wp-content\/uploads\/2025\/07\/pablo-perez-27-07-25-1-300x200.webp",300,200,true],"medium_large":["https:\/\/digital58.com.ve\/site\/wp-content\/uploads\/2025\/07\/pablo-perez-27-07-25-1-768x511.webp",768,511,true],"large":["https:\/\/digital58.com.ve\/site\/wp-content\/uploads\/2025\/07\/pablo-perez-27-07-25-1.webp",800,533,false],"1536x1536":["https:\/\/digital58.com.ve\/site\/wp-content\/uploads\/2025\/07\/pablo-perez-27-07-25-1.webp",1000,666,false],"2048x2048":["https:\/\/digital58.com.ve\/site\/wp-content\/uploads\/2025\/07\/pablo-perez-27-07-25-1.webp",1000,666,false],"colormag-highlighted-post":["https:\/\/digital58.com.ve\/site\/wp-content\/uploads\/2025\/07\/pablo-perez-27-07-25-1-392x272.webp",392,272,true],"colormag-featured-post-medium":["https:\/\/digital58.com.ve\/site\/wp-content\/uploads\/2025\/07\/pablo-perez-27-07-25-1-390x205.webp",390,205,true],"colormag-featured-post-small":["https:\/\/digital58.com.ve\/site\/wp-content\/uploads\/2025\/07\/pablo-perez-27-07-25-1-130x90.webp",130,90,true],"colormag-featured-image":["https:\/\/digital58.com.ve\/site\/wp-content\/uploads\/2025\/07\/pablo-perez-27-07-25-1-800x445.webp",800,445,true],"colormag-default-news":["https:\/\/digital58.com.ve\/site\/wp-content\/uploads\/2025\/07\/pablo-perez-27-07-25-1-150x150.webp",150,150,true],"colormag-featured-image-large":["https:\/\/digital58.com.ve\/site\/wp-content\/uploads\/2025\/07\/pablo-perez-27-07-25-1-1000x600.webp",1000,600,true]},"uagb_author_info":{"display_name":"Villasmil Henry","author_link":"https:\/\/digital58.com.ve\/site\/author\/droopy_68\/"},"uagb_comment_info":0,"uagb_excerpt":"Desde la Gran Alianza por Maracaibo, el diputado destac\u00f3 que m\u00e1s del 90 % de las mesas est\u00e1n habilitadas y","_links":{"self":[{"href":"https:\/\/digital58.com.ve\/site\/wp-json\/wp\/v2\/posts\/189005","targetHints":{"allow":["GET"]}}],"collection":[{"href":"https:\/\/digital58.com.ve\/site\/wp-json\/wp\/v2\/posts"}],"about":[{"href":"https:\/\/digital58.com.ve\/site\/wp-json\/wp\/v2\/types\/post"}],"author":[{"embeddable":true,"href":"https:\/\/digital58.com.ve\/site\/wp-json\/wp\/v2\/users\/1"}],"replies":[{"embeddable":true,"href":"https:\/\/digital58.com.ve\/site\/wp-json\/wp\/v2\/comments?post=189005"}],"version-history":[{"count":1,"href":"https:\/\/digital58.com.ve\/site\/wp-json\/wp\/v2\/posts\/189005\/revisions"}],"predecessor-version":[{"id":189008,"href":"https:\/\/digital58.com.ve\/site\/wp-json\/wp\/v2\/posts\/189005\/revisions\/189008"}],"wp:featuredmedia":[{"embeddable":true,"href":"https:\/\/digital58.com.ve\/site\/wp-json\/wp\/v2\/media\/189007"}],"wp:attachment":[{"href":"https:\/\/digital58.com.ve\/site\/wp-json\/wp\/v2\/media?parent=189005"}],"wp:term":[{"taxonomy":"category","embeddable":true,"href":"https:\/\/digital58.com.ve\/site\/wp-json\/wp\/v2\/categories?post=189005"},{"taxonomy":"post_tag","embeddable":true,"href":"https:\/\/digital58.com.ve\/site\/wp-json\/wp\/v2\/tags?post=189005"}],"curies":[{"name":"wp","href":"https:\/\/api.w.org\/{rel}","templated":true}]}}