{"id":189486,"date":"2025-08-18T18:16:14","date_gmt":"2025-08-18T22:16:14","guid":{"rendered":"https:\/\/digital58.com.ve\/site\/?p=189486"},"modified":"2025-08-19T21:01:38","modified_gmt":"2025-08-20T01:01:38","slug":"barca-inicia-laliga-con-triunfo-comodo-sobre-mallorca","status":"publish","type":"post","link":"https:\/\/digital58.com.ve\/site\/2025\/08\/18\/barca-inicia-laliga-con-triunfo-comodo-sobre-mallorca\/","title":{"rendered":"Bar\u00e7a inicia LaLiga con triunfo c\u00f3modo sobre Mallorca"},"content":{"rendered":"<p><a class=\"keychainify-checked\" href=\"https:\/\/digital58.com.ve\/site\/wp-content\/uploads\/2025\/08\/mallorca-barcelona.webp\"><img loading=\"lazy\" decoding=\"async\" class=\"aligncenter wp-image-189487 size-full\" src=\"https:\/\/digital58.com.ve\/site\/wp-content\/uploads\/2025\/08\/mallorca-barcelona.webp\" alt=\"El Barcelona arranc\u00f3 la defensa de su t\u00edtulo con una victoria contundente 0-3 sobre el Mallorca en Son Moix, en un partido marcado por la expulsi\u00f3n de dos jugadores locales y la pol\u00e9mica arbitral.\" width=\"900\" height=\"599\" srcset=\"https:\/\/digital58.com.ve\/site\/wp-content\/uploads\/2025\/08\/mallorca-barcelona.webp 900w, https:\/\/digital58.com.ve\/site\/wp-content\/uploads\/2025\/08\/mallorca-barcelona-300x200.webp 300w, https:\/\/digital58.com.ve\/site\/wp-content\/uploads\/2025\/08\/mallorca-barcelona-768x511.webp 768w\" sizes=\"auto, (max-width: 900px) 100vw, 900px\" \/><\/a><\/p>\n<blockquote><p>El vigente campe\u00f3n gan\u00f3 0-3 en Son Moix con goles de Raphinha, Ferran Torres y Lamine Yamal, ante un rival que termin\u00f3 con nueve jugadores.<\/p><\/blockquote>\n<p><strong>Espa\u00f1a, 18 de agosto de 2025 (ND58).-<\/strong> El Barcelona arranc\u00f3 la defensa de su t\u00edtulo con una victoria contundente 0-3 sobre el Mallorca en Son Moix, en un partido marcado por la expulsi\u00f3n de dos jugadores locales y la pol\u00e9mica arbitral.<\/p>\n<h2>Inicio dominante del Bar\u00e7a<\/h2>\n<p>El conjunto dirigido por Hansi Flick impuso su ritmo desde el primer minuto, mostrando la misma intensidad que en la pretemporada.<\/p>\n<p>La primera ocasi\u00f3n clara termin\u00f3 en gol: un centro preciso de Lamine Yamal permiti\u00f3 a Raphinha abrir el marcador con un remate de cabeza sin oposici\u00f3n.<\/p>\n<p>El Mallorca intent\u00f3 reaccionar con llegadas de Vedat Muriqi, pero el delantero fall\u00f3 dos ocasiones claras frente al debutante Joan Garc\u00eda, que respondi\u00f3 con solvencia bajo los palos tras superar un susto en el calentamiento.<\/p>\n<h2>La pol\u00e9mica en Son Moix<\/h2>\n<p>La jugada m\u00e1s controvertida lleg\u00f3 al minuto 20. Un disparo de Lamine impact\u00f3 en la cabeza de Ra\u00edllo, quien qued\u00f3 tendido en el \u00e1rea.<\/p>\n<p>El \u00e1rbitro Jos\u00e9 Luis Munuera no detuvo el juego y la acci\u00f3n continu\u00f3 con un disparo lejano de Ferran Torres que signific\u00f3 el 0-2.<\/p>\n<p>La protesta de los locales deriv\u00f3 en la expulsi\u00f3n de Manu Morlanes, quien recibi\u00f3 doble amonestaci\u00f3n tras una entrada sobre Lamine.<\/p>\n<p>M\u00e1s tarde, una fuerte infracci\u00f3n de Muriqi contra Joan Garc\u00eda dej\u00f3 al Mallorca con nueve jugadores tras la intervenci\u00f3n del VAR.<\/p>\n<p>Raphinha tambi\u00e9n estuvo cerca de la roja directa, pero el colegiado solo mostr\u00f3 amarilla.<\/p>\n<h2>Control total y sentencia<\/h2>\n<p>Con el partido resuelto, el Bar\u00e7a administr\u00f3 su ventaja en la segunda parte. El portero Leo Rom\u00e1n evit\u00f3 una goleada mayor con intervenciones clave.<\/p>\n<p>En el tramo final, Lamine Yamal cerr\u00f3 la cuenta con un potente disparo a la escuadra para el 0-3 definitivo.<\/p>\n<p>El duelo tambi\u00e9n dej\u00f3 los estrenos de Mateo Joseph con Mallorca y Rashford y Jofre con el primer equipo azulgrana.<\/p>\n<h2>Jornada de estrenos en LaLiga<\/h2>\n<p>En otros resultados de la primera jornada, un gol de Take Kubo dio el empate 1-1 a la Real Sociedad ante el Valencia en Mestalla.<\/p>\n<p>Adem\u00e1s, el Deportivo Alav\u00e9s venci\u00f3 2-1 al Levante con un tanto ag\u00f3nico de Nahuel Tenaglia en Vitoria.<\/p>\n<p><strong>Sala de redacci\u00f3n ND58<\/strong><br \/>\n<strong>Edici\u00f3n: Villasmil, Henry<\/strong><br \/>\n<strong>Gr\u00e1ficas: EFE<\/strong><\/p>\n<p>&nbsp;<\/p>\n<p>&nbsp;<\/p><div class=\"ggfjn6a9bdda6df8f7\" ><p style=\"text-align: center;\"><a href=\"https:\/\/t.me\/noticiasdigital58\" target=\"_blank\" rel=\"noopener\"><img class=\"aligncenter size-full wp-image-125363\" src=\"https:\/\/digital58.com.ve\/site\/wp-content\/uploads\/2021\/04\/banner-telegram-web-2021.png\" alt=\"\" width=\"600\" height=\"90\" \/><\/a><\/p><\/div><style type=\"text\/css\">\r\n@media screen and (min-width: 1201px) {\r\n.ggfjn6a9bdda6df8f7 {\r\ndisplay: block;\r\n}\r\n}\r\n@media screen and (min-width: 993px) and (max-width: 1200px) {\r\n.ggfjn6a9bdda6df8f7 {\r\ndisplay: block;\r\n}\r\n}\r\n@media screen and (min-width: 769px) and (max-width: 992px) {\r\n.ggfjn6a9bdda6df8f7 {\r\ndisplay: block;\r\n}\r\n}\r\n@media screen and (min-width: 768px) and (max-width: 768px) {\r\n.ggfjn6a9bdda6df8f7 {\r\ndisplay: block;\r\n}\r\n}\r\n@media screen and (max-width: 767px) {\r\n.ggfjn6a9bdda6df8f7 {\r\ndisplay: block;\r\n}\r\n}\r\n<\/style>\r\n\n<p>&nbsp;<\/p>\n<div style=\"margin-top: 0px; margin-bottom: 0px;\" class=\"sharethis-inline-share-buttons\" ><\/div>","protected":false},"excerpt":{"rendered":"<p>El vigente campe\u00f3n gan\u00f3 0-3 en Son Moix con goles de Raphinha, Ferran Torres y Lamine Yamal, ante un rival<\/p>\n","protected":false},"author":1,"featured_media":189487,"comment_status":"open","ping_status":"closed","sticky":false,"template":"","format":"standard","meta":{"colormag_page_container_layout":"default_layout","colormag_page_sidebar_layout":"default_layout","_uag_custom_page_level_css":"","footnotes":""},"categories":[5402],"tags":[115,13,8257,499,41,8,7311,35010,16044],"class_list":["post-189486","post","type-post","status-publish","format-standard","has-post-thumbnail","hentry","category-deportes","tag-espana","tag-futbol","tag-futbol-club-barcelona","tag-futbol-espanol","tag-futbol-internacional","tag-internacionales","tag-laliga","tag-laliga-2025-2026","tag-mallorca"],"yoast_head":"<!-- This site is optimized with the Yoast SEO plugin v28.4 - https:\/\/yoast.com\/product\/yoast-seo-wordpress\/ -->\n<title>Bar\u00e7a inicia LaLiga con triunfo c\u00f3modo sobre Mallorca<\/title>\n<meta name=\"description\" content=\"El Bar\u00e7a inici\u00f3 LaLiga con victoria 0-3 ante Mallorca, que termin\u00f3 con nueve jugadores tras pol\u00e9micas expulsiones.\" \/>\n<meta name=\"robots\" content=\"index, follow, max-snippet:-1, max-image-preview:large, max-video-preview:-1\" \/>\n<link rel=\"canonical\" href=\"https:\/\/digital58.com.ve\/site\/2025\/08\/18\/barca-inicia-laliga-con-triunfo-comodo-sobre-mallorca\/\" \/>\n<meta property=\"og:locale\" content=\"es_ES\" \/>\n<meta property=\"og:type\" content=\"article\" \/>\n<meta property=\"og:title\" content=\"Bar\u00e7a inicia LaLiga con triunfo c\u00f3modo sobre Mallorca\" \/>\n<meta property=\"og:description\" content=\"El Bar\u00e7a inici\u00f3 LaLiga con victoria 0-3 ante Mallorca, que termin\u00f3 con nueve jugadores tras pol\u00e9micas expulsiones.\" \/>\n<meta property=\"og:url\" content=\"https:\/\/digital58.com.ve\/site\/2025\/08\/18\/barca-inicia-laliga-con-triunfo-comodo-sobre-mallorca\/\" \/>\n<meta property=\"og:site_name\" content=\"Noticias Digital58\" \/>\n<meta property=\"article:published_time\" content=\"2025-08-18T22:16:14+00:00\" \/>\n<meta property=\"article:modified_time\" content=\"2025-08-20T01:01:38+00:00\" \/>\n<meta property=\"og:image\" content=\"https:\/\/digital58.com.ve\/site\/wp-content\/uploads\/2025\/08\/mallorca-barcelona.webp\" \/>\n\t<meta property=\"og:image:width\" content=\"900\" \/>\n\t<meta property=\"og:image:height\" content=\"599\" \/>\n\t<meta property=\"og:image:type\" content=\"image\/webp\" \/>\n<meta name=\"author\" content=\"Villasmil Henry\" \/>\n<meta name=\"twitter:card\" content=\"summary_large_image\" \/>\n<meta name=\"twitter:creator\" content=\"@https:\/\/twitter.com\/villasmilhfoto\" \/>\n<meta name=\"twitter:site\" content=\"@villasmilhfoto\" \/>\n<meta name=\"twitter:label1\" content=\"Escrito por\" \/>\n\t<meta name=\"twitter:data1\" content=\"Villasmil Henry\" \/>\n\t<meta name=\"twitter:label2\" content=\"Tiempo estimado de lectura\" \/>\n\t<meta name=\"twitter:data2\" content=\"3 minutos\" \/>\n<script type=\"application\/ld+json\" class=\"yoast-schema-graph\">{\"@context\":\"https:\\\/\\\/schema.org\",\"@graph\":[{\"@type\":\"Article\",\"@id\":\"https:\\\/\\\/digital58.com.ve\\\/site\\\/2025\\\/08\\\/18\\\/barca-inicia-laliga-con-triunfo-comodo-sobre-mallorca\\\/#article\",\"isPartOf\":{\"@id\":\"https:\\\/\\\/digital58.com.ve\\\/site\\\/2025\\\/08\\\/18\\\/barca-inicia-laliga-con-triunfo-comodo-sobre-mallorca\\\/\"},\"author\":{\"name\":\"Villasmil Henry\",\"@id\":\"https:\\\/\\\/digital58.com.ve\\\/site\\\/#\\\/schema\\\/person\\\/64d1c2e4d0d4fd1b849980c4331c2951\"},\"headline\":\"Bar\u00e7a inicia LaLiga con triunfo c\u00f3modo sobre Mallorca\",\"datePublished\":\"2025-08-18T22:16:14+00:00\",\"dateModified\":\"2025-08-20T01:01:38+00:00\",\"mainEntityOfPage\":{\"@id\":\"https:\\\/\\\/digital58.com.ve\\\/site\\\/2025\\\/08\\\/18\\\/barca-inicia-laliga-con-triunfo-comodo-sobre-mallorca\\\/\"},\"wordCount\":425,\"commentCount\":0,\"publisher\":{\"@id\":\"https:\\\/\\\/digital58.com.ve\\\/site\\\/#\\\/schema\\\/person\\\/64d1c2e4d0d4fd1b849980c4331c2951\"},\"image\":{\"@id\":\"https:\\\/\\\/digital58.com.ve\\\/site\\\/2025\\\/08\\\/18\\\/barca-inicia-laliga-con-triunfo-comodo-sobre-mallorca\\\/#primaryimage\"},\"thumbnailUrl\":\"https:\\\/\\\/digital58.com.ve\\\/site\\\/wp-content\\\/uploads\\\/2025\\\/08\\\/mallorca-barcelona.webp\",\"keywords\":[\"Espa\u00f1a\",\"F\u00fatbol\",\"F\u00fatbol Club Barcelona\",\"F\u00fatbol Espa\u00f1ol\",\"F\u00fatbol Internacional\",\"Internacionales\",\"LaLiga\",\"Laliga 2025-2026\",\"Mallorca\"],\"articleSection\":[\"Deportes\"],\"inLanguage\":\"es\",\"potentialAction\":[{\"@type\":\"CommentAction\",\"name\":\"Comment\",\"target\":[\"https:\\\/\\\/digital58.com.ve\\\/site\\\/2025\\\/08\\\/18\\\/barca-inicia-laliga-con-triunfo-comodo-sobre-mallorca\\\/#respond\"]}]},{\"@type\":\"WebPage\",\"@id\":\"https:\\\/\\\/digital58.com.ve\\\/site\\\/2025\\\/08\\\/18\\\/barca-inicia-laliga-con-triunfo-comodo-sobre-mallorca\\\/\",\"url\":\"https:\\\/\\\/digital58.com.ve\\\/site\\\/2025\\\/08\\\/18\\\/barca-inicia-laliga-con-triunfo-comodo-sobre-mallorca\\\/\",\"name\":\"Bar\u00e7a inicia LaLiga con triunfo c\u00f3modo sobre Mallorca\",\"isPartOf\":{\"@id\":\"https:\\\/\\\/digital58.com.ve\\\/site\\\/#website\"},\"primaryImageOfPage\":{\"@id\":\"https:\\\/\\\/digital58.com.ve\\\/site\\\/2025\\\/08\\\/18\\\/barca-inicia-laliga-con-triunfo-comodo-sobre-mallorca\\\/#primaryimage\"},\"image\":{\"@id\":\"https:\\\/\\\/digital58.com.ve\\\/site\\\/2025\\\/08\\\/18\\\/barca-inicia-laliga-con-triunfo-comodo-sobre-mallorca\\\/#primaryimage\"},\"thumbnailUrl\":\"https:\\\/\\\/digital58.com.ve\\\/site\\\/wp-content\\\/uploads\\\/2025\\\/08\\\/mallorca-barcelona.webp\",\"datePublished\":\"2025-08-18T22:16:14+00:00\",\"dateModified\":\"2025-08-20T01:01:38+00:00\",\"description\":\"El Bar\u00e7a inici\u00f3 LaLiga con victoria 0-3 ante Mallorca, que termin\u00f3 con nueve jugadores tras pol\u00e9micas expulsiones.\",\"breadcrumb\":{\"@id\":\"https:\\\/\\\/digital58.com.ve\\\/site\\\/2025\\\/08\\\/18\\\/barca-inicia-laliga-con-triunfo-comodo-sobre-mallorca\\\/#breadcrumb\"},\"inLanguage\":\"es\",\"potentialAction\":[{\"@type\":\"ReadAction\",\"target\":[\"https:\\\/\\\/digital58.com.ve\\\/site\\\/2025\\\/08\\\/18\\\/barca-inicia-laliga-con-triunfo-comodo-sobre-mallorca\\\/\"]}]},{\"@type\":\"ImageObject\",\"inLanguage\":\"es\",\"@id\":\"https:\\\/\\\/digital58.com.ve\\\/site\\\/2025\\\/08\\\/18\\\/barca-inicia-laliga-con-triunfo-comodo-sobre-mallorca\\\/#primaryimage\",\"url\":\"https:\\\/\\\/digital58.com.ve\\\/site\\\/wp-content\\\/uploads\\\/2025\\\/08\\\/mallorca-barcelona.webp\",\"contentUrl\":\"https:\\\/\\\/digital58.com.ve\\\/site\\\/wp-content\\\/uploads\\\/2025\\\/08\\\/mallorca-barcelona.webp\",\"width\":900,\"height\":599},{\"@type\":\"BreadcrumbList\",\"@id\":\"https:\\\/\\\/digital58.com.ve\\\/site\\\/2025\\\/08\\\/18\\\/barca-inicia-laliga-con-triunfo-comodo-sobre-mallorca\\\/#breadcrumb\",\"itemListElement\":[{\"@type\":\"ListItem\",\"position\":1,\"name\":\"Home\",\"item\":\"https:\\\/\\\/digital58.com.ve\\\/site\\\/\"},{\"@type\":\"ListItem\",\"position\":2,\"name\":\"Bar\u00e7a inicia LaLiga con triunfo c\u00f3modo sobre Mallorca\"}]},{\"@type\":\"WebSite\",\"@id\":\"https:\\\/\\\/digital58.com.ve\\\/site\\\/#website\",\"url\":\"https:\\\/\\\/digital58.com.ve\\\/site\\\/\",\"name\":\"Noticias Digital58\",\"description\":\"Portal de Noticias \u00a1Periodismo web de verdad! Lanzamiento web 22.11.2005 \\\/ Maracaibo, Venezuela\",\"publisher\":{\"@id\":\"https:\\\/\\\/digital58.com.ve\\\/site\\\/#\\\/schema\\\/person\\\/64d1c2e4d0d4fd1b849980c4331c2951\"},\"alternateName\":\"ND58\",\"potentialAction\":[{\"@type\":\"SearchAction\",\"target\":{\"@type\":\"EntryPoint\",\"urlTemplate\":\"https:\\\/\\\/digital58.com.ve\\\/site\\\/?s={search_term_string}\"},\"query-input\":{\"@type\":\"PropertyValueSpecification\",\"valueRequired\":true,\"valueName\":\"search_term_string\"}}],\"inLanguage\":\"es\"},{\"@type\":[\"Person\",\"Organization\"],\"@id\":\"https:\\\/\\\/digital58.com.ve\\\/site\\\/#\\\/schema\\\/person\\\/64d1c2e4d0d4fd1b849980c4331c2951\",\"name\":\"Villasmil Henry\",\"image\":{\"@type\":\"ImageObject\",\"inLanguage\":\"es\",\"@id\":\"https:\\\/\\\/secure.gravatar.com\\\/avatar\\\/bb0c4a2fcb7970138239f7e404ea75757b1b507b28b5ce4c53fbd62d797c5a7c?s=96&d=mm&r=g\",\"url\":\"https:\\\/\\\/secure.gravatar.com\\\/avatar\\\/bb0c4a2fcb7970138239f7e404ea75757b1b507b28b5ce4c53fbd62d797c5a7c?s=96&d=mm&r=g\",\"contentUrl\":\"https:\\\/\\\/secure.gravatar.com\\\/avatar\\\/bb0c4a2fcb7970138239f7e404ea75757b1b507b28b5ce4c53fbd62d797c5a7c?s=96&d=mm&r=g\",\"caption\":\"Villasmil Henry\"},\"logo\":{\"@id\":\"https:\\\/\\\/secure.gravatar.com\\\/avatar\\\/bb0c4a2fcb7970138239f7e404ea75757b1b507b28b5ce4c53fbd62d797c5a7c?s=96&d=mm&r=g\"},\"sameAs\":[\"http:\\\/\\\/www.henryvillasmil.com.ve\",\"https:\\\/\\\/www.instagram.com\\\/villasmilhfoto\\\/\",\"https:\\\/\\\/x.com\\\/https:\\\/\\\/twitter.com\\\/villasmilhfoto\"],\"url\":\"https:\\\/\\\/digital58.com.ve\\\/site\\\/author\\\/droopy_68\\\/\"}]}<\/script>\n<!-- \/ Yoast SEO plugin. -->","yoast_head_json":{"title":"Bar\u00e7a inicia LaLiga con triunfo c\u00f3modo sobre Mallorca","description":"El Bar\u00e7a inici\u00f3 LaLiga con victoria 0-3 ante Mallorca, que termin\u00f3 con nueve jugadores tras pol\u00e9micas expulsiones.","robots":{"index":"index","follow":"follow","max-snippet":"max-snippet:-1","max-image-preview":"max-image-preview:large","max-video-preview":"max-video-preview:-1"},"canonical":"https:\/\/digital58.com.ve\/site\/2025\/08\/18\/barca-inicia-laliga-con-triunfo-comodo-sobre-mallorca\/","og_locale":"es_ES","og_type":"article","og_title":"Bar\u00e7a inicia LaLiga con triunfo c\u00f3modo sobre Mallorca","og_description":"El Bar\u00e7a inici\u00f3 LaLiga con victoria 0-3 ante Mallorca, que termin\u00f3 con nueve jugadores tras pol\u00e9micas expulsiones.","og_url":"https:\/\/digital58.com.ve\/site\/2025\/08\/18\/barca-inicia-laliga-con-triunfo-comodo-sobre-mallorca\/","og_site_name":"Noticias Digital58","article_published_time":"2025-08-18T22:16:14+00:00","article_modified_time":"2025-08-20T01:01:38+00:00","og_image":[{"width":900,"height":599,"url":"https:\/\/digital58.com.ve\/site\/wp-content\/uploads\/2025\/08\/mallorca-barcelona.webp","type":"image\/webp"}],"author":"Villasmil Henry","twitter_card":"summary_large_image","twitter_creator":"@https:\/\/twitter.com\/villasmilhfoto","twitter_site":"@villasmilhfoto","twitter_misc":{"Escrito por":"Villasmil Henry","Tiempo estimado de lectura":"3 minutos"},"schema":{"@context":"https:\/\/schema.org","@graph":[{"@type":"Article","@id":"https:\/\/digital58.com.ve\/site\/2025\/08\/18\/barca-inicia-laliga-con-triunfo-comodo-sobre-mallorca\/#article","isPartOf":{"@id":"https:\/\/digital58.com.ve\/site\/2025\/08\/18\/barca-inicia-laliga-con-triunfo-comodo-sobre-mallorca\/"},"author":{"name":"Villasmil Henry","@id":"https:\/\/digital58.com.ve\/site\/#\/schema\/person\/64d1c2e4d0d4fd1b849980c4331c2951"},"headline":"Bar\u00e7a inicia LaLiga con triunfo c\u00f3modo sobre Mallorca","datePublished":"2025-08-18T22:16:14+00:00","dateModified":"2025-08-20T01:01:38+00:00","mainEntityOfPage":{"@id":"https:\/\/digital58.com.ve\/site\/2025\/08\/18\/barca-inicia-laliga-con-triunfo-comodo-sobre-mallorca\/"},"wordCount":425,"commentCount":0,"publisher":{"@id":"https:\/\/digital58.com.ve\/site\/#\/schema\/person\/64d1c2e4d0d4fd1b849980c4331c2951"},"image":{"@id":"https:\/\/digital58.com.ve\/site\/2025\/08\/18\/barca-inicia-laliga-con-triunfo-comodo-sobre-mallorca\/#primaryimage"},"thumbnailUrl":"https:\/\/digital58.com.ve\/site\/wp-content\/uploads\/2025\/08\/mallorca-barcelona.webp","keywords":["Espa\u00f1a","F\u00fatbol","F\u00fatbol Club Barcelona","F\u00fatbol Espa\u00f1ol","F\u00fatbol Internacional","Internacionales","LaLiga","Laliga 2025-2026","Mallorca"],"articleSection":["Deportes"],"inLanguage":"es","potentialAction":[{"@type":"CommentAction","name":"Comment","target":["https:\/\/digital58.com.ve\/site\/2025\/08\/18\/barca-inicia-laliga-con-triunfo-comodo-sobre-mallorca\/#respond"]}]},{"@type":"WebPage","@id":"https:\/\/digital58.com.ve\/site\/2025\/08\/18\/barca-inicia-laliga-con-triunfo-comodo-sobre-mallorca\/","url":"https:\/\/digital58.com.ve\/site\/2025\/08\/18\/barca-inicia-laliga-con-triunfo-comodo-sobre-mallorca\/","name":"Bar\u00e7a inicia LaLiga con triunfo c\u00f3modo sobre Mallorca","isPartOf":{"@id":"https:\/\/digital58.com.ve\/site\/#website"},"primaryImageOfPage":{"@id":"https:\/\/digital58.com.ve\/site\/2025\/08\/18\/barca-inicia-laliga-con-triunfo-comodo-sobre-mallorca\/#primaryimage"},"image":{"@id":"https:\/\/digital58.com.ve\/site\/2025\/08\/18\/barca-inicia-laliga-con-triunfo-comodo-sobre-mallorca\/#primaryimage"},"thumbnailUrl":"https:\/\/digital58.com.ve\/site\/wp-content\/uploads\/2025\/08\/mallorca-barcelona.webp","datePublished":"2025-08-18T22:16:14+00:00","dateModified":"2025-08-20T01:01:38+00:00","description":"El Bar\u00e7a inici\u00f3 LaLiga con victoria 0-3 ante Mallorca, que termin\u00f3 con nueve jugadores tras pol\u00e9micas expulsiones.","breadcrumb":{"@id":"https:\/\/digital58.com.ve\/site\/2025\/08\/18\/barca-inicia-laliga-con-triunfo-comodo-sobre-mallorca\/#breadcrumb"},"inLanguage":"es","potentialAction":[{"@type":"ReadAction","target":["https:\/\/digital58.com.ve\/site\/2025\/08\/18\/barca-inicia-laliga-con-triunfo-comodo-sobre-mallorca\/"]}]},{"@type":"ImageObject","inLanguage":"es","@id":"https:\/\/digital58.com.ve\/site\/2025\/08\/18\/barca-inicia-laliga-con-triunfo-comodo-sobre-mallorca\/#primaryimage","url":"https:\/\/digital58.com.ve\/site\/wp-content\/uploads\/2025\/08\/mallorca-barcelona.webp","contentUrl":"https:\/\/digital58.com.ve\/site\/wp-content\/uploads\/2025\/08\/mallorca-barcelona.webp","width":900,"height":599},{"@type":"BreadcrumbList","@id":"https:\/\/digital58.com.ve\/site\/2025\/08\/18\/barca-inicia-laliga-con-triunfo-comodo-sobre-mallorca\/#breadcrumb","itemListElement":[{"@type":"ListItem","position":1,"name":"Home","item":"https:\/\/digital58.com.ve\/site\/"},{"@type":"ListItem","position":2,"name":"Bar\u00e7a inicia LaLiga con triunfo c\u00f3modo sobre Mallorca"}]},{"@type":"WebSite","@id":"https:\/\/digital58.com.ve\/site\/#website","url":"https:\/\/digital58.com.ve\/site\/","name":"Noticias Digital58","description":"Portal de Noticias \u00a1Periodismo web de verdad! Lanzamiento web 22.11.2005 \/ Maracaibo, Venezuela","publisher":{"@id":"https:\/\/digital58.com.ve\/site\/#\/schema\/person\/64d1c2e4d0d4fd1b849980c4331c2951"},"alternateName":"ND58","potentialAction":[{"@type":"SearchAction","target":{"@type":"EntryPoint","urlTemplate":"https:\/\/digital58.com.ve\/site\/?s={search_term_string}"},"query-input":{"@type":"PropertyValueSpecification","valueRequired":true,"valueName":"search_term_string"}}],"inLanguage":"es"},{"@type":["Person","Organization"],"@id":"https:\/\/digital58.com.ve\/site\/#\/schema\/person\/64d1c2e4d0d4fd1b849980c4331c2951","name":"Villasmil Henry","image":{"@type":"ImageObject","inLanguage":"es","@id":"https:\/\/secure.gravatar.com\/avatar\/bb0c4a2fcb7970138239f7e404ea75757b1b507b28b5ce4c53fbd62d797c5a7c?s=96&d=mm&r=g","url":"https:\/\/secure.gravatar.com\/avatar\/bb0c4a2fcb7970138239f7e404ea75757b1b507b28b5ce4c53fbd62d797c5a7c?s=96&d=mm&r=g","contentUrl":"https:\/\/secure.gravatar.com\/avatar\/bb0c4a2fcb7970138239f7e404ea75757b1b507b28b5ce4c53fbd62d797c5a7c?s=96&d=mm&r=g","caption":"Villasmil Henry"},"logo":{"@id":"https:\/\/secure.gravatar.com\/avatar\/bb0c4a2fcb7970138239f7e404ea75757b1b507b28b5ce4c53fbd62d797c5a7c?s=96&d=mm&r=g"},"sameAs":["http:\/\/www.henryvillasmil.com.ve","https:\/\/www.instagram.com\/villasmilhfoto\/","https:\/\/x.com\/https:\/\/twitter.com\/villasmilhfoto"],"url":"https:\/\/digital58.com.ve\/site\/author\/droopy_68\/"}]}},"uagb_featured_image_src":{"full":["https:\/\/digital58.com.ve\/site\/wp-content\/uploads\/2025\/08\/mallorca-barcelona.webp",900,599,false],"thumbnail":["https:\/\/digital58.com.ve\/site\/wp-content\/uploads\/2025\/08\/mallorca-barcelona-150x150.webp",150,150,true],"medium":["https:\/\/digital58.com.ve\/site\/wp-content\/uploads\/2025\/08\/mallorca-barcelona-300x200.webp",300,200,true],"medium_large":["https:\/\/digital58.com.ve\/site\/wp-content\/uploads\/2025\/08\/mallorca-barcelona-768x511.webp",768,511,true],"large":["https:\/\/digital58.com.ve\/site\/wp-content\/uploads\/2025\/08\/mallorca-barcelona.webp",800,532,false],"1536x1536":["https:\/\/digital58.com.ve\/site\/wp-content\/uploads\/2025\/08\/mallorca-barcelona.webp",900,599,false],"2048x2048":["https:\/\/digital58.com.ve\/site\/wp-content\/uploads\/2025\/08\/mallorca-barcelona.webp",900,599,false],"colormag-highlighted-post":["https:\/\/digital58.com.ve\/site\/wp-content\/uploads\/2025\/08\/mallorca-barcelona-392x272.webp",392,272,true],"colormag-featured-post-medium":["https:\/\/digital58.com.ve\/site\/wp-content\/uploads\/2025\/08\/mallorca-barcelona-390x205.webp",390,205,true],"colormag-featured-post-small":["https:\/\/digital58.com.ve\/site\/wp-content\/uploads\/2025\/08\/mallorca-barcelona-130x90.webp",130,90,true],"colormag-featured-image":["https:\/\/digital58.com.ve\/site\/wp-content\/uploads\/2025\/08\/mallorca-barcelona-800x445.webp",800,445,true],"colormag-default-news":["https:\/\/digital58.com.ve\/site\/wp-content\/uploads\/2025\/08\/mallorca-barcelona-150x150.webp",150,150,true],"colormag-featured-image-large":["https:\/\/digital58.com.ve\/site\/wp-content\/uploads\/2025\/08\/mallorca-barcelona.webp",900,599,false]},"uagb_author_info":{"display_name":"Villasmil Henry","author_link":"https:\/\/digital58.com.ve\/site\/author\/droopy_68\/"},"uagb_comment_info":0,"uagb_excerpt":"El vigente campe\u00f3n gan\u00f3 0-3 en Son Moix con goles de Raphinha, Ferran Torres y Lamine Yamal, ante un rival","_links":{"self":[{"href":"https:\/\/digital58.com.ve\/site\/wp-json\/wp\/v2\/posts\/189486","targetHints":{"allow":["GET"]}}],"collection":[{"href":"https:\/\/digital58.com.ve\/site\/wp-json\/wp\/v2\/posts"}],"about":[{"href":"https:\/\/digital58.com.ve\/site\/wp-json\/wp\/v2\/types\/post"}],"author":[{"embeddable":true,"href":"https:\/\/digital58.com.ve\/site\/wp-json\/wp\/v2\/users\/1"}],"replies":[{"embeddable":true,"href":"https:\/\/digital58.com.ve\/site\/wp-json\/wp\/v2\/comments?post=189486"}],"version-history":[{"count":2,"href":"https:\/\/digital58.com.ve\/site\/wp-json\/wp\/v2\/posts\/189486\/revisions"}],"predecessor-version":[{"id":189521,"href":"https:\/\/digital58.com.ve\/site\/wp-json\/wp\/v2\/posts\/189486\/revisions\/189521"}],"wp:featuredmedia":[{"embeddable":true,"href":"https:\/\/digital58.com.ve\/site\/wp-json\/wp\/v2\/media\/189487"}],"wp:attachment":[{"href":"https:\/\/digital58.com.ve\/site\/wp-json\/wp\/v2\/media?parent=189486"}],"wp:term":[{"taxonomy":"category","embeddable":true,"href":"https:\/\/digital58.com.ve\/site\/wp-json\/wp\/v2\/categories?post=189486"},{"taxonomy":"post_tag","embeddable":true,"href":"https:\/\/digital58.com.ve\/site\/wp-json\/wp\/v2\/tags?post=189486"}],"curies":[{"name":"wp","href":"https:\/\/api.w.org\/{rel}","templated":true}]}}