{"id":189668,"date":"2025-08-26T12:36:21","date_gmt":"2025-08-26T16:36:21","guid":{"rendered":"https:\/\/digital58.com.ve\/site\/?p=189668"},"modified":"2025-08-27T00:40:24","modified_gmt":"2025-08-27T04:40:24","slug":"la-posadera-llega-a-maracaibo-con-una-puesta-en-escena-contemporanea","status":"publish","type":"post","link":"https:\/\/digital58.com.ve\/site\/2025\/08\/26\/la-posadera-llega-a-maracaibo-con-una-puesta-en-escena-contemporanea\/","title":{"rendered":"\u00abLa Posadera\u00bb llega a Maracaibo con una puesta en escena contempor\u00e1nea"},"content":{"rendered":"<p><a class=\"keychainify-checked\" href=\"https:\/\/digital58.com.ve\/site\/wp-content\/uploads\/2025\/08\/posadera-25-3.webp\"><img loading=\"lazy\" decoding=\"async\" class=\"aligncenter size-full wp-image-189669\" src=\"https:\/\/digital58.com.ve\/site\/wp-content\/uploads\/2025\/08\/posadera-25-3.webp\" alt=\"\" width=\"1000\" height=\"667\" srcset=\"https:\/\/digital58.com.ve\/site\/wp-content\/uploads\/2025\/08\/posadera-25-3.webp 1000w, https:\/\/digital58.com.ve\/site\/wp-content\/uploads\/2025\/08\/posadera-25-3-300x200.webp 300w, https:\/\/digital58.com.ve\/site\/wp-content\/uploads\/2025\/08\/posadera-25-3-768x512.webp 768w\" sizes=\"auto, (max-width: 1000px) 100vw, 1000px\" \/><\/a><\/p>\n<blockquote><p>El cl\u00e1sico de Carlo Goldoni ser\u00e1 interpretado por la <strong>Agrupaci\u00f3n Actoral TEA<\/strong> en el teatro Bellas Artes, con direcci\u00f3n de Ronald Mill\u00e1n y un elenco de ocho actores.<\/p><\/blockquote>\n<p><strong>Maracaibo, Zulia, Venezuela, 26 de agosto de 2025 (ND58).-<\/strong> La <strong><a class=\"keychainify-checked\" href=\"https:\/\/www.instagram.com\/actoraltea\/\" target=\"_blank\" rel=\"noopener\">Agrupaci\u00f3n Actoral TEA<\/a> <\/strong>presentar\u00e1 la obra \u00abLa Posadera\u00bb en el <a class=\"keychainify-checked\" href=\"https:\/\/www.instagram.com\/cbaateneo\/\" target=\"_blank\" rel=\"noopener\"><strong>Centro de Bellas Artes Ateneo de Maracaibo<\/strong><\/a>, una adaptaci\u00f3n contempor\u00e1nea del cl\u00e1sico de Carlo Goldoni, dirigida por<strong><a class=\"keychainify-checked\" href=\"https:\/\/www.instagram.com\/reyron77\/\" target=\"_blank\" rel=\"noopener\"> Ronald Mill\u00e1n<\/a><\/strong>.<\/p>\n<p>La funci\u00f3n ser\u00e1 este viernes 29 de agosto a las 7:00 p.m., en una producci\u00f3n que combina tradici\u00f3n, humor y reflexi\u00f3n social.<\/p>\n<h2>Una comedia cl\u00e1sica con mirada actual<\/h2>\n<p>El montaje reinterpreta la obra del dramaturgo italiano del siglo XVIII con un enfoque moderno, manteniendo su esencia cr\u00edtica y humor\u00edstica.<\/p>\n<p>La historia de Mirandolina, la astuta posadera que desaf\u00eda a nobles y caballeros con inteligencia y picard\u00eda, cobra vida en un escenario donde se cruzan el poder, el amor y la libertad individual.<\/p>\n<p><a class=\"keychainify-checked\" href=\"https:\/\/digital58.com.ve\/site\/wp-content\/uploads\/2025\/08\/posadera-25-2.webp\"><img loading=\"lazy\" decoding=\"async\" class=\"aligncenter size-full wp-image-189670\" src=\"https:\/\/digital58.com.ve\/site\/wp-content\/uploads\/2025\/08\/posadera-25-2.webp\" alt=\"\" width=\"1000\" height=\"667\" srcset=\"https:\/\/digital58.com.ve\/site\/wp-content\/uploads\/2025\/08\/posadera-25-2.webp 1000w, https:\/\/digital58.com.ve\/site\/wp-content\/uploads\/2025\/08\/posadera-25-2-300x200.webp 300w, https:\/\/digital58.com.ve\/site\/wp-content\/uploads\/2025\/08\/posadera-25-2-768x512.webp 768w\" sizes=\"auto, (max-width: 1000px) 100vw, 1000px\" \/><\/a><\/p>\n<h2>Producci\u00f3n de primer nivel<\/h2>\n<p>La direcci\u00f3n general est\u00e1 a cargo de Ronald Mill\u00e1n, con direcci\u00f3n vocal de Karla Albornoz y direcci\u00f3n musical de Rosvel Gonz\u00e1lez.<\/p>\n<p>La producci\u00f3n cuenta con la participaci\u00f3n de Gaudy Alarc\u00f3n e Isa\u00edas Villavicencio, quienes junto a Fabiana Monsalve integran el equipo de producci\u00f3n del Centro de Bellas Artes y la Agrupaci\u00f3n TEA.<\/p>\n<p><a class=\"keychainify-checked\" href=\"https:\/\/digital58.com.ve\/site\/wp-content\/uploads\/2025\/08\/posadera-25-1.webp\"><img loading=\"lazy\" decoding=\"async\" class=\"aligncenter size-full wp-image-189671\" src=\"https:\/\/digital58.com.ve\/site\/wp-content\/uploads\/2025\/08\/posadera-25-1.webp\" alt=\"\" width=\"1000\" height=\"667\" srcset=\"https:\/\/digital58.com.ve\/site\/wp-content\/uploads\/2025\/08\/posadera-25-1.webp 1000w, https:\/\/digital58.com.ve\/site\/wp-content\/uploads\/2025\/08\/posadera-25-1-300x200.webp 300w, https:\/\/digital58.com.ve\/site\/wp-content\/uploads\/2025\/08\/posadera-25-1-768x512.webp 768w\" sizes=\"auto, (max-width: 1000px) 100vw, 1000px\" \/><\/a><\/p>\n<h2>Un elenco de talento local<\/h2>\n<p>Ocho actores dan vida a esta propuesta teatral que busca acercar el teatro cl\u00e1sico al p\u00fablico actual.<\/p>\n<p>Con un montaje visualmente atractivo y un humor fresco, \u00abLa Posadera\u00bb se presenta como una experiencia que combina entretenimiento y reflexi\u00f3n en torno a las normas sociales de ayer y de hoy.<\/p>\n<p style=\"text-align: center;\"><div class=\"lyte-wrapper\" title=\"\ud83d\udccc &laquo;La Posadera&raquo; llega a Maracaibo con una puesta en escena contempor&aacute;nea\" style=\"width:640px;max-width:100%;margin:5px auto;\"><div class=\"lyMe\" id=\"WYL_u9bQ4aqzBqY\" itemprop=\"video\" itemscope itemtype=\"https:\/\/schema.org\/VideoObject\"><div><meta itemprop=\"thumbnailUrl\" content=\"https:\/\/i.ytimg.com\/vi\/u9bQ4aqzBqY\/hqdefault.jpg\" \/><meta itemprop=\"embedURL\" content=\"https:\/\/www.youtube.com\/embed\/u9bQ4aqzBqY\" \/><meta itemprop=\"duration\" content=\"PT12M27S\" \/><meta itemprop=\"uploadDate\" content=\"2025-08-27T04:22:19Z\" \/><\/div><div id=\"lyte_u9bQ4aqzBqY\" data-src=\"https:\/\/i.ytimg.com\/vi\/u9bQ4aqzBqY\/hqdefault.jpg\" class=\"pL\"><div class=\"tC\"><div class=\"tT\" itemprop=\"name\">\ud83d\udccc \u00abLa Posadera\u00bb llega a Maracaibo con una puesta en escena contempor\u00e1nea<\/div><\/div><div class=\"play\"><\/div><div class=\"ctrl\"><div class=\"Lctrl\"><\/div><div class=\"Rctrl\"><\/div><\/div><\/div><noscript><a href=\"https:\/\/youtu.be\/u9bQ4aqzBqY\" rel=\"nofollow\"><img loading=\"lazy\" decoding=\"async\" src=\"https:\/\/i.ytimg.com\/vi\/u9bQ4aqzBqY\/0.jpg\" alt=\"\ud83d\udccc &laquo;La Posadera&raquo; llega a Maracaibo con una puesta en escena contempor&aacute;nea\" width=\"640\" height=\"340\" \/><br \/>Ver este video en YouTube<\/a><\/noscript><meta itemprop=\"description\" content=\"\ud83d\udc49 La Agrupaci\u00f3n Actoral TEA presentar\u00e1 la obra \u00abLa Posadera\u00bb en el Centro de Bellas Artes Ateneo de Maracaibo, una adaptaci\u00f3n contempor\u00e1nea del cl\u00e1sico de Carlo Goldoni, dirigida por Ronald Mill\u00e1n. Voz en off: Rivero, Edwin M\u00fasica oficial ND58: Armando Hern\u00e1ndez (@armanditohernandez) Voz Marca Principal ND58: (@neomarcr1) Voz Marca ND58: Ana Sofia Morales (@anasofsinger) Guitarras: Humbert Urdaneta (@nosoysanz) C\u00e1mara, direcci\u00f3n y edici\u00f3n: @villasmilhfoto #LaPosadera #TeatroEnMaracaibo #CulturaVenezuela #CentroBellasArtes #Maracaibo #Agrupaci\u00f3nTEA #CarloGoldoni #TeatroCl\u00e1sico #ObraDeTeatro #AgendaCultura #Maracaibo #ND58 S\u00edguenos #ND58 Youtube: https:\/\/youtube.com\/@NoticiasDigital58 Mastodon: https:\/\/mastodon.online\/@noticiasd58 Bluesky: https:\/\/bsky.app\/profile\/digital58.com.ve Telegram: https:\/\/t.me\/noticiasdigital58 Threads: https:\/\/threads.net\/@digital_58 X: https:\/\/twitter.com\/Digital_58 Instagram: https:\/\/instagram.com\/digital_58\/ Facebook: https:\/\/facebook.com\/digital58\"><\/div><\/div><div class=\"lL\" style=\"max-width:100%;width:640px;margin:5px auto;\"><\/div><\/p>\n<h2>Funci\u00f3n a beneficio del teatro<\/h2>\n<p>La obra est\u00e1 dirigida a un p\u00fablico mayor de 14 a\u00f1os y ser\u00e1 a beneficio del propio Teatro Bellas Artes.<\/p>\n<p>Las entradas est\u00e1n disponibles en taquilla, con informaci\u00f3n de contacto a trav\u00e9s del n\u00famero +58 424 6141273.<\/p>\n<p><a class=\"keychainify-checked\" href=\"https:\/\/digital58.com.ve\/site\/wp-content\/uploads\/2025\/08\/posadera-25-4.webp\"><img loading=\"lazy\" decoding=\"async\" class=\"aligncenter size-full wp-image-189672\" src=\"https:\/\/digital58.com.ve\/site\/wp-content\/uploads\/2025\/08\/posadera-25-4.webp\" alt=\"\" width=\"800\" height=\"1000\" srcset=\"https:\/\/digital58.com.ve\/site\/wp-content\/uploads\/2025\/08\/posadera-25-4.webp 800w, https:\/\/digital58.com.ve\/site\/wp-content\/uploads\/2025\/08\/posadera-25-4-240x300.webp 240w, https:\/\/digital58.com.ve\/site\/wp-content\/uploads\/2025\/08\/posadera-25-4-768x960.webp 768w\" sizes=\"auto, (max-width: 800px) 100vw, 800px\" \/><\/a><\/p>\n<p><strong>Sala de redacci\u00f3n ND58<\/strong><br \/>\n<strong>Edici\u00f3n: Villasmil, Henry<\/strong><br \/>\n<strong>Gr\u00e1ficas: @villasmilhfoto<\/strong><\/p>\n<p>&nbsp;<\/p>\n<p>&nbsp;<\/p><div class=\"ddlts69efe0e4e67f0\" ><p style=\"text-align: center;\"><a href=\"https:\/\/t.me\/noticiasdigital58\" target=\"_blank\" rel=\"noopener\"><img class=\"aligncenter size-full wp-image-125363\" src=\"https:\/\/digital58.com.ve\/site\/wp-content\/uploads\/2021\/04\/banner-telegram-web-2021.png\" alt=\"\" width=\"600\" height=\"90\" \/><\/a><\/p><\/div><style type=\"text\/css\">\r\n@media screen and (min-width: 1201px) {\r\n.ddlts69efe0e4e67f0 {\r\ndisplay: block;\r\n}\r\n}\r\n@media screen and (min-width: 993px) and (max-width: 1200px) {\r\n.ddlts69efe0e4e67f0 {\r\ndisplay: block;\r\n}\r\n}\r\n@media screen and (min-width: 769px) and (max-width: 992px) {\r\n.ddlts69efe0e4e67f0 {\r\ndisplay: block;\r\n}\r\n}\r\n@media screen and (min-width: 768px) and (max-width: 768px) {\r\n.ddlts69efe0e4e67f0 {\r\ndisplay: block;\r\n}\r\n}\r\n@media screen and (max-width: 767px) {\r\n.ddlts69efe0e4e67f0 {\r\ndisplay: block;\r\n}\r\n}\r\n<\/style>\r\n\n<p>&nbsp;<\/p>\n<div style=\"margin-top: 0px; margin-bottom: 0px;\" class=\"sharethis-inline-share-buttons\" ><\/div>","protected":false},"excerpt":{"rendered":"<p>El cl\u00e1sico de Carlo Goldoni ser\u00e1 interpretado por la Agrupaci\u00f3n Actoral TEA en el teatro Bellas Artes, con direcci\u00f3n de<\/p>\n","protected":false},"author":1,"featured_media":189671,"comment_status":"open","ping_status":"closed","sticky":false,"template":"","format":"standard","meta":{"colormag_page_container_layout":"default_layout","colormag_page_sidebar_layout":"default_layout","_uag_custom_page_level_css":"","footnotes":""},"categories":[5412,5401],"tags":[35261,833,3380,50,73,233,205,2354,8401,32,761],"class_list":["post-189668","post","type-post","status-publish","format-standard","has-post-thumbnail","hentry","category-donde_ir_maracaibo","category-artes","tag-la-posadera","tag-centro-bellas-artes-ateneo-maracaibo","tag-comedias","tag-entretenimiento","tag-maracaibo","tag-nacionales","tag-obras-de-teatro","tag-regionales","tag-teatros","tag-venezuela","tag-zulia"],"yoast_head":"<!-- This site is optimized with the Yoast SEO plugin v27.4 - https:\/\/yoast.com\/product\/yoast-seo-wordpress\/ -->\n<title>La Posadera llega a Maracaibo con una puesta en escena contempor\u00e1nea<\/title>\n<meta name=\"description\" content=\"\u00abLa Posadera\u00bb llega al Teatro Bellas Artes de Maracaibo el 29 de agosto con una puesta en escena contempor\u00e1nea dirigida por Ronald Mill\u00e1n.\" \/>\n<meta name=\"robots\" content=\"index, follow, max-snippet:-1, max-image-preview:large, max-video-preview:-1\" \/>\n<link rel=\"canonical\" href=\"https:\/\/digital58.com.ve\/site\/2025\/08\/26\/la-posadera-llega-a-maracaibo-con-una-puesta-en-escena-contemporanea\/\" \/>\n<meta property=\"og:locale\" content=\"es_ES\" \/>\n<meta property=\"og:type\" content=\"article\" \/>\n<meta property=\"og:title\" content=\"La Posadera llega a Maracaibo con una puesta en escena contempor\u00e1nea\" \/>\n<meta property=\"og:description\" content=\"\u00abLa Posadera\u00bb llega al Teatro Bellas Artes de Maracaibo el 29 de agosto con una puesta en escena contempor\u00e1nea dirigida por Ronald Mill\u00e1n.\" \/>\n<meta property=\"og:url\" content=\"https:\/\/digital58.com.ve\/site\/2025\/08\/26\/la-posadera-llega-a-maracaibo-con-una-puesta-en-escena-contemporanea\/\" \/>\n<meta property=\"og:site_name\" content=\"Noticias Digital58\" \/>\n<meta property=\"article:published_time\" content=\"2025-08-26T16:36:21+00:00\" \/>\n<meta property=\"article:modified_time\" content=\"2025-08-27T04:40:24+00:00\" \/>\n<meta property=\"og:image\" content=\"https:\/\/digital58.com.ve\/site\/wp-content\/uploads\/2025\/08\/posadera-25-1.webp\" \/>\n\t<meta property=\"og:image:width\" content=\"1000\" \/>\n\t<meta property=\"og:image:height\" content=\"667\" \/>\n\t<meta property=\"og:image:type\" content=\"image\/webp\" \/>\n<meta name=\"author\" content=\"Villasmil Henry\" \/>\n<meta name=\"twitter:card\" content=\"summary_large_image\" \/>\n<meta name=\"twitter:creator\" content=\"@https:\/\/twitter.com\/villasmilhfoto\" \/>\n<meta name=\"twitter:site\" content=\"@villasmilhfoto\" \/>\n<meta name=\"twitter:label1\" content=\"Escrito por\" \/>\n\t<meta name=\"twitter:data1\" content=\"Villasmil Henry\" \/>\n\t<meta name=\"twitter:label2\" content=\"Tiempo estimado de lectura\" \/>\n\t<meta name=\"twitter:data2\" content=\"3 minutos\" \/>\n<script type=\"application\/ld+json\" class=\"yoast-schema-graph\">{\"@context\":\"https:\\\/\\\/schema.org\",\"@graph\":[{\"@type\":\"Article\",\"@id\":\"https:\\\/\\\/digital58.com.ve\\\/site\\\/2025\\\/08\\\/26\\\/la-posadera-llega-a-maracaibo-con-una-puesta-en-escena-contemporanea\\\/#article\",\"isPartOf\":{\"@id\":\"https:\\\/\\\/digital58.com.ve\\\/site\\\/2025\\\/08\\\/26\\\/la-posadera-llega-a-maracaibo-con-una-puesta-en-escena-contemporanea\\\/\"},\"author\":{\"name\":\"Villasmil Henry\",\"@id\":\"https:\\\/\\\/digital58.com.ve\\\/site\\\/#\\\/schema\\\/person\\\/64d1c2e4d0d4fd1b849980c4331c2951\"},\"headline\":\"\u00abLa Posadera\u00bb llega a Maracaibo con una puesta en escena contempor\u00e1nea\",\"datePublished\":\"2025-08-26T16:36:21+00:00\",\"dateModified\":\"2025-08-27T04:40:24+00:00\",\"mainEntityOfPage\":{\"@id\":\"https:\\\/\\\/digital58.com.ve\\\/site\\\/2025\\\/08\\\/26\\\/la-posadera-llega-a-maracaibo-con-una-puesta-en-escena-contemporanea\\\/\"},\"wordCount\":362,\"commentCount\":0,\"publisher\":{\"@id\":\"https:\\\/\\\/digital58.com.ve\\\/site\\\/#\\\/schema\\\/person\\\/64d1c2e4d0d4fd1b849980c4331c2951\"},\"image\":{\"@id\":\"https:\\\/\\\/digital58.com.ve\\\/site\\\/2025\\\/08\\\/26\\\/la-posadera-llega-a-maracaibo-con-una-puesta-en-escena-contemporanea\\\/#primaryimage\"},\"thumbnailUrl\":\"https:\\\/\\\/digital58.com.ve\\\/site\\\/wp-content\\\/uploads\\\/2025\\\/08\\\/posadera-25-1.webp\",\"keywords\":[\"\u00abLa Posadera\u00bb\",\"Centro Bellas Artes Ateneo Maracaibo\",\"Comedias\",\"Entretenimiento\",\"Maracaibo\",\"Nacionales\",\"Obras de teatro\",\"Regionales\",\"Teatros\",\"Venezuela\",\"Zulia\"],\"articleSection\":[\"\u00bfD\u00f3nde ir Maracaibo?\",\"Artes\"],\"inLanguage\":\"es\",\"potentialAction\":[{\"@type\":\"CommentAction\",\"name\":\"Comment\",\"target\":[\"https:\\\/\\\/digital58.com.ve\\\/site\\\/2025\\\/08\\\/26\\\/la-posadera-llega-a-maracaibo-con-una-puesta-en-escena-contemporanea\\\/#respond\"]}]},{\"@type\":\"WebPage\",\"@id\":\"https:\\\/\\\/digital58.com.ve\\\/site\\\/2025\\\/08\\\/26\\\/la-posadera-llega-a-maracaibo-con-una-puesta-en-escena-contemporanea\\\/\",\"url\":\"https:\\\/\\\/digital58.com.ve\\\/site\\\/2025\\\/08\\\/26\\\/la-posadera-llega-a-maracaibo-con-una-puesta-en-escena-contemporanea\\\/\",\"name\":\"La Posadera llega a Maracaibo con una puesta en escena contempor\u00e1nea\",\"isPartOf\":{\"@id\":\"https:\\\/\\\/digital58.com.ve\\\/site\\\/#website\"},\"primaryImageOfPage\":{\"@id\":\"https:\\\/\\\/digital58.com.ve\\\/site\\\/2025\\\/08\\\/26\\\/la-posadera-llega-a-maracaibo-con-una-puesta-en-escena-contemporanea\\\/#primaryimage\"},\"image\":{\"@id\":\"https:\\\/\\\/digital58.com.ve\\\/site\\\/2025\\\/08\\\/26\\\/la-posadera-llega-a-maracaibo-con-una-puesta-en-escena-contemporanea\\\/#primaryimage\"},\"thumbnailUrl\":\"https:\\\/\\\/digital58.com.ve\\\/site\\\/wp-content\\\/uploads\\\/2025\\\/08\\\/posadera-25-1.webp\",\"datePublished\":\"2025-08-26T16:36:21+00:00\",\"dateModified\":\"2025-08-27T04:40:24+00:00\",\"description\":\"\u00abLa Posadera\u00bb llega al Teatro Bellas Artes de Maracaibo el 29 de agosto con una puesta en escena contempor\u00e1nea dirigida por Ronald Mill\u00e1n.\",\"breadcrumb\":{\"@id\":\"https:\\\/\\\/digital58.com.ve\\\/site\\\/2025\\\/08\\\/26\\\/la-posadera-llega-a-maracaibo-con-una-puesta-en-escena-contemporanea\\\/#breadcrumb\"},\"inLanguage\":\"es\",\"potentialAction\":[{\"@type\":\"ReadAction\",\"target\":[\"https:\\\/\\\/digital58.com.ve\\\/site\\\/2025\\\/08\\\/26\\\/la-posadera-llega-a-maracaibo-con-una-puesta-en-escena-contemporanea\\\/\"]}]},{\"@type\":\"ImageObject\",\"inLanguage\":\"es\",\"@id\":\"https:\\\/\\\/digital58.com.ve\\\/site\\\/2025\\\/08\\\/26\\\/la-posadera-llega-a-maracaibo-con-una-puesta-en-escena-contemporanea\\\/#primaryimage\",\"url\":\"https:\\\/\\\/digital58.com.ve\\\/site\\\/wp-content\\\/uploads\\\/2025\\\/08\\\/posadera-25-1.webp\",\"contentUrl\":\"https:\\\/\\\/digital58.com.ve\\\/site\\\/wp-content\\\/uploads\\\/2025\\\/08\\\/posadera-25-1.webp\",\"width\":1000,\"height\":667},{\"@type\":\"BreadcrumbList\",\"@id\":\"https:\\\/\\\/digital58.com.ve\\\/site\\\/2025\\\/08\\\/26\\\/la-posadera-llega-a-maracaibo-con-una-puesta-en-escena-contemporanea\\\/#breadcrumb\",\"itemListElement\":[{\"@type\":\"ListItem\",\"position\":1,\"name\":\"Home\",\"item\":\"https:\\\/\\\/digital58.com.ve\\\/site\\\/\"},{\"@type\":\"ListItem\",\"position\":2,\"name\":\"\u00abLa Posadera\u00bb llega a Maracaibo con una puesta en escena contempor\u00e1nea\"}]},{\"@type\":\"WebSite\",\"@id\":\"https:\\\/\\\/digital58.com.ve\\\/site\\\/#website\",\"url\":\"https:\\\/\\\/digital58.com.ve\\\/site\\\/\",\"name\":\"Noticias Digital58\",\"description\":\"Portal de Noticias \u00a1Periodismo web de verdad! Lanzamiento web 22.11.2005 \\\/ Maracaibo, Venezuela\",\"publisher\":{\"@id\":\"https:\\\/\\\/digital58.com.ve\\\/site\\\/#\\\/schema\\\/person\\\/64d1c2e4d0d4fd1b849980c4331c2951\"},\"alternateName\":\"ND58\",\"potentialAction\":[{\"@type\":\"SearchAction\",\"target\":{\"@type\":\"EntryPoint\",\"urlTemplate\":\"https:\\\/\\\/digital58.com.ve\\\/site\\\/?s={search_term_string}\"},\"query-input\":{\"@type\":\"PropertyValueSpecification\",\"valueRequired\":true,\"valueName\":\"search_term_string\"}}],\"inLanguage\":\"es\"},{\"@type\":[\"Person\",\"Organization\"],\"@id\":\"https:\\\/\\\/digital58.com.ve\\\/site\\\/#\\\/schema\\\/person\\\/64d1c2e4d0d4fd1b849980c4331c2951\",\"name\":\"Villasmil Henry\",\"image\":{\"@type\":\"ImageObject\",\"inLanguage\":\"es\",\"@id\":\"https:\\\/\\\/secure.gravatar.com\\\/avatar\\\/bb0c4a2fcb7970138239f7e404ea75757b1b507b28b5ce4c53fbd62d797c5a7c?s=96&d=mm&r=g\",\"url\":\"https:\\\/\\\/secure.gravatar.com\\\/avatar\\\/bb0c4a2fcb7970138239f7e404ea75757b1b507b28b5ce4c53fbd62d797c5a7c?s=96&d=mm&r=g\",\"contentUrl\":\"https:\\\/\\\/secure.gravatar.com\\\/avatar\\\/bb0c4a2fcb7970138239f7e404ea75757b1b507b28b5ce4c53fbd62d797c5a7c?s=96&d=mm&r=g\",\"caption\":\"Villasmil Henry\"},\"logo\":{\"@id\":\"https:\\\/\\\/secure.gravatar.com\\\/avatar\\\/bb0c4a2fcb7970138239f7e404ea75757b1b507b28b5ce4c53fbd62d797c5a7c?s=96&d=mm&r=g\"},\"sameAs\":[\"http:\\\/\\\/www.henryvillasmil.com.ve\",\"https:\\\/\\\/www.instagram.com\\\/villasmilhfoto\\\/\",\"https:\\\/\\\/x.com\\\/https:\\\/\\\/twitter.com\\\/villasmilhfoto\"],\"url\":\"https:\\\/\\\/digital58.com.ve\\\/site\\\/author\\\/droopy_68\\\/\"}]}<\/script>\n<!-- \/ Yoast SEO plugin. -->","yoast_head_json":{"title":"La Posadera llega a Maracaibo con una puesta en escena contempor\u00e1nea","description":"\u00abLa Posadera\u00bb llega al Teatro Bellas Artes de Maracaibo el 29 de agosto con una puesta en escena contempor\u00e1nea dirigida por Ronald Mill\u00e1n.","robots":{"index":"index","follow":"follow","max-snippet":"max-snippet:-1","max-image-preview":"max-image-preview:large","max-video-preview":"max-video-preview:-1"},"canonical":"https:\/\/digital58.com.ve\/site\/2025\/08\/26\/la-posadera-llega-a-maracaibo-con-una-puesta-en-escena-contemporanea\/","og_locale":"es_ES","og_type":"article","og_title":"La Posadera llega a Maracaibo con una puesta en escena contempor\u00e1nea","og_description":"\u00abLa Posadera\u00bb llega al Teatro Bellas Artes de Maracaibo el 29 de agosto con una puesta en escena contempor\u00e1nea dirigida por Ronald Mill\u00e1n.","og_url":"https:\/\/digital58.com.ve\/site\/2025\/08\/26\/la-posadera-llega-a-maracaibo-con-una-puesta-en-escena-contemporanea\/","og_site_name":"Noticias Digital58","article_published_time":"2025-08-26T16:36:21+00:00","article_modified_time":"2025-08-27T04:40:24+00:00","og_image":[{"width":1000,"height":667,"url":"https:\/\/digital58.com.ve\/site\/wp-content\/uploads\/2025\/08\/posadera-25-1.webp","type":"image\/webp"}],"author":"Villasmil Henry","twitter_card":"summary_large_image","twitter_creator":"@https:\/\/twitter.com\/villasmilhfoto","twitter_site":"@villasmilhfoto","twitter_misc":{"Escrito por":"Villasmil Henry","Tiempo estimado de lectura":"3 minutos"},"schema":{"@context":"https:\/\/schema.org","@graph":[{"@type":"Article","@id":"https:\/\/digital58.com.ve\/site\/2025\/08\/26\/la-posadera-llega-a-maracaibo-con-una-puesta-en-escena-contemporanea\/#article","isPartOf":{"@id":"https:\/\/digital58.com.ve\/site\/2025\/08\/26\/la-posadera-llega-a-maracaibo-con-una-puesta-en-escena-contemporanea\/"},"author":{"name":"Villasmil Henry","@id":"https:\/\/digital58.com.ve\/site\/#\/schema\/person\/64d1c2e4d0d4fd1b849980c4331c2951"},"headline":"\u00abLa Posadera\u00bb llega a Maracaibo con una puesta en escena contempor\u00e1nea","datePublished":"2025-08-26T16:36:21+00:00","dateModified":"2025-08-27T04:40:24+00:00","mainEntityOfPage":{"@id":"https:\/\/digital58.com.ve\/site\/2025\/08\/26\/la-posadera-llega-a-maracaibo-con-una-puesta-en-escena-contemporanea\/"},"wordCount":362,"commentCount":0,"publisher":{"@id":"https:\/\/digital58.com.ve\/site\/#\/schema\/person\/64d1c2e4d0d4fd1b849980c4331c2951"},"image":{"@id":"https:\/\/digital58.com.ve\/site\/2025\/08\/26\/la-posadera-llega-a-maracaibo-con-una-puesta-en-escena-contemporanea\/#primaryimage"},"thumbnailUrl":"https:\/\/digital58.com.ve\/site\/wp-content\/uploads\/2025\/08\/posadera-25-1.webp","keywords":["\u00abLa Posadera\u00bb","Centro Bellas Artes Ateneo Maracaibo","Comedias","Entretenimiento","Maracaibo","Nacionales","Obras de teatro","Regionales","Teatros","Venezuela","Zulia"],"articleSection":["\u00bfD\u00f3nde ir Maracaibo?","Artes"],"inLanguage":"es","potentialAction":[{"@type":"CommentAction","name":"Comment","target":["https:\/\/digital58.com.ve\/site\/2025\/08\/26\/la-posadera-llega-a-maracaibo-con-una-puesta-en-escena-contemporanea\/#respond"]}]},{"@type":"WebPage","@id":"https:\/\/digital58.com.ve\/site\/2025\/08\/26\/la-posadera-llega-a-maracaibo-con-una-puesta-en-escena-contemporanea\/","url":"https:\/\/digital58.com.ve\/site\/2025\/08\/26\/la-posadera-llega-a-maracaibo-con-una-puesta-en-escena-contemporanea\/","name":"La Posadera llega a Maracaibo con una puesta en escena contempor\u00e1nea","isPartOf":{"@id":"https:\/\/digital58.com.ve\/site\/#website"},"primaryImageOfPage":{"@id":"https:\/\/digital58.com.ve\/site\/2025\/08\/26\/la-posadera-llega-a-maracaibo-con-una-puesta-en-escena-contemporanea\/#primaryimage"},"image":{"@id":"https:\/\/digital58.com.ve\/site\/2025\/08\/26\/la-posadera-llega-a-maracaibo-con-una-puesta-en-escena-contemporanea\/#primaryimage"},"thumbnailUrl":"https:\/\/digital58.com.ve\/site\/wp-content\/uploads\/2025\/08\/posadera-25-1.webp","datePublished":"2025-08-26T16:36:21+00:00","dateModified":"2025-08-27T04:40:24+00:00","description":"\u00abLa Posadera\u00bb llega al Teatro Bellas Artes de Maracaibo el 29 de agosto con una puesta en escena contempor\u00e1nea dirigida por Ronald Mill\u00e1n.","breadcrumb":{"@id":"https:\/\/digital58.com.ve\/site\/2025\/08\/26\/la-posadera-llega-a-maracaibo-con-una-puesta-en-escena-contemporanea\/#breadcrumb"},"inLanguage":"es","potentialAction":[{"@type":"ReadAction","target":["https:\/\/digital58.com.ve\/site\/2025\/08\/26\/la-posadera-llega-a-maracaibo-con-una-puesta-en-escena-contemporanea\/"]}]},{"@type":"ImageObject","inLanguage":"es","@id":"https:\/\/digital58.com.ve\/site\/2025\/08\/26\/la-posadera-llega-a-maracaibo-con-una-puesta-en-escena-contemporanea\/#primaryimage","url":"https:\/\/digital58.com.ve\/site\/wp-content\/uploads\/2025\/08\/posadera-25-1.webp","contentUrl":"https:\/\/digital58.com.ve\/site\/wp-content\/uploads\/2025\/08\/posadera-25-1.webp","width":1000,"height":667},{"@type":"BreadcrumbList","@id":"https:\/\/digital58.com.ve\/site\/2025\/08\/26\/la-posadera-llega-a-maracaibo-con-una-puesta-en-escena-contemporanea\/#breadcrumb","itemListElement":[{"@type":"ListItem","position":1,"name":"Home","item":"https:\/\/digital58.com.ve\/site\/"},{"@type":"ListItem","position":2,"name":"\u00abLa Posadera\u00bb llega a Maracaibo con una puesta en escena contempor\u00e1nea"}]},{"@type":"WebSite","@id":"https:\/\/digital58.com.ve\/site\/#website","url":"https:\/\/digital58.com.ve\/site\/","name":"Noticias Digital58","description":"Portal de Noticias \u00a1Periodismo web de verdad! Lanzamiento web 22.11.2005 \/ Maracaibo, Venezuela","publisher":{"@id":"https:\/\/digital58.com.ve\/site\/#\/schema\/person\/64d1c2e4d0d4fd1b849980c4331c2951"},"alternateName":"ND58","potentialAction":[{"@type":"SearchAction","target":{"@type":"EntryPoint","urlTemplate":"https:\/\/digital58.com.ve\/site\/?s={search_term_string}"},"query-input":{"@type":"PropertyValueSpecification","valueRequired":true,"valueName":"search_term_string"}}],"inLanguage":"es"},{"@type":["Person","Organization"],"@id":"https:\/\/digital58.com.ve\/site\/#\/schema\/person\/64d1c2e4d0d4fd1b849980c4331c2951","name":"Villasmil Henry","image":{"@type":"ImageObject","inLanguage":"es","@id":"https:\/\/secure.gravatar.com\/avatar\/bb0c4a2fcb7970138239f7e404ea75757b1b507b28b5ce4c53fbd62d797c5a7c?s=96&d=mm&r=g","url":"https:\/\/secure.gravatar.com\/avatar\/bb0c4a2fcb7970138239f7e404ea75757b1b507b28b5ce4c53fbd62d797c5a7c?s=96&d=mm&r=g","contentUrl":"https:\/\/secure.gravatar.com\/avatar\/bb0c4a2fcb7970138239f7e404ea75757b1b507b28b5ce4c53fbd62d797c5a7c?s=96&d=mm&r=g","caption":"Villasmil Henry"},"logo":{"@id":"https:\/\/secure.gravatar.com\/avatar\/bb0c4a2fcb7970138239f7e404ea75757b1b507b28b5ce4c53fbd62d797c5a7c?s=96&d=mm&r=g"},"sameAs":["http:\/\/www.henryvillasmil.com.ve","https:\/\/www.instagram.com\/villasmilhfoto\/","https:\/\/x.com\/https:\/\/twitter.com\/villasmilhfoto"],"url":"https:\/\/digital58.com.ve\/site\/author\/droopy_68\/"}]}},"uagb_featured_image_src":{"full":["https:\/\/digital58.com.ve\/site\/wp-content\/uploads\/2025\/08\/posadera-25-1.webp",1000,667,false],"thumbnail":["https:\/\/digital58.com.ve\/site\/wp-content\/uploads\/2025\/08\/posadera-25-1-150x150.webp",150,150,true],"medium":["https:\/\/digital58.com.ve\/site\/wp-content\/uploads\/2025\/08\/posadera-25-1-300x200.webp",300,200,true],"medium_large":["https:\/\/digital58.com.ve\/site\/wp-content\/uploads\/2025\/08\/posadera-25-1-768x512.webp",768,512,true],"large":["https:\/\/digital58.com.ve\/site\/wp-content\/uploads\/2025\/08\/posadera-25-1.webp",800,534,false],"1536x1536":["https:\/\/digital58.com.ve\/site\/wp-content\/uploads\/2025\/08\/posadera-25-1.webp",1000,667,false],"2048x2048":["https:\/\/digital58.com.ve\/site\/wp-content\/uploads\/2025\/08\/posadera-25-1.webp",1000,667,false],"colormag-highlighted-post":["https:\/\/digital58.com.ve\/site\/wp-content\/uploads\/2025\/08\/posadera-25-1-392x272.webp",392,272,true],"colormag-featured-post-medium":["https:\/\/digital58.com.ve\/site\/wp-content\/uploads\/2025\/08\/posadera-25-1-390x205.webp",390,205,true],"colormag-featured-post-small":["https:\/\/digital58.com.ve\/site\/wp-content\/uploads\/2025\/08\/posadera-25-1-130x90.webp",130,90,true],"colormag-featured-image":["https:\/\/digital58.com.ve\/site\/wp-content\/uploads\/2025\/08\/posadera-25-1-800x445.webp",800,445,true],"colormag-default-news":["https:\/\/digital58.com.ve\/site\/wp-content\/uploads\/2025\/08\/posadera-25-1-150x150.webp",150,150,true],"colormag-featured-image-large":["https:\/\/digital58.com.ve\/site\/wp-content\/uploads\/2025\/08\/posadera-25-1-1000x600.webp",1000,600,true]},"uagb_author_info":{"display_name":"Villasmil Henry","author_link":"https:\/\/digital58.com.ve\/site\/author\/droopy_68\/"},"uagb_comment_info":0,"uagb_excerpt":"El cl\u00e1sico de Carlo Goldoni ser\u00e1 interpretado por la Agrupaci\u00f3n Actoral TEA en el teatro Bellas Artes, con direcci\u00f3n de","_links":{"self":[{"href":"https:\/\/digital58.com.ve\/site\/wp-json\/wp\/v2\/posts\/189668","targetHints":{"allow":["GET"]}}],"collection":[{"href":"https:\/\/digital58.com.ve\/site\/wp-json\/wp\/v2\/posts"}],"about":[{"href":"https:\/\/digital58.com.ve\/site\/wp-json\/wp\/v2\/types\/post"}],"author":[{"embeddable":true,"href":"https:\/\/digital58.com.ve\/site\/wp-json\/wp\/v2\/users\/1"}],"replies":[{"embeddable":true,"href":"https:\/\/digital58.com.ve\/site\/wp-json\/wp\/v2\/comments?post=189668"}],"version-history":[{"count":2,"href":"https:\/\/digital58.com.ve\/site\/wp-json\/wp\/v2\/posts\/189668\/revisions"}],"predecessor-version":[{"id":189680,"href":"https:\/\/digital58.com.ve\/site\/wp-json\/wp\/v2\/posts\/189668\/revisions\/189680"}],"wp:featuredmedia":[{"embeddable":true,"href":"https:\/\/digital58.com.ve\/site\/wp-json\/wp\/v2\/media\/189671"}],"wp:attachment":[{"href":"https:\/\/digital58.com.ve\/site\/wp-json\/wp\/v2\/media?parent=189668"}],"wp:term":[{"taxonomy":"category","embeddable":true,"href":"https:\/\/digital58.com.ve\/site\/wp-json\/wp\/v2\/categories?post=189668"},{"taxonomy":"post_tag","embeddable":true,"href":"https:\/\/digital58.com.ve\/site\/wp-json\/wp\/v2\/tags?post=189668"}],"curies":[{"name":"wp","href":"https:\/\/api.w.org\/{rel}","templated":true}]}}