{"id":189770,"date":"2025-08-31T19:37:09","date_gmt":"2025-08-31T23:37:09","guid":{"rendered":"https:\/\/digital58.com.ve\/site\/?p=189770"},"modified":"2025-08-31T20:08:56","modified_gmt":"2025-09-01T00:08:56","slug":"barcelona-empata-1-1-ante-el-rayo-en-un-duelo-marcado-por-la-polemica","status":"publish","type":"post","link":"https:\/\/digital58.com.ve\/site\/2025\/08\/31\/barcelona-empata-1-1-ante-el-rayo-en-un-duelo-marcado-por-la-polemica\/","title":{"rendered":"Barcelona empata 1-1 ante el Rayo en un duelo marcado por la pol\u00e9mica"},"content":{"rendered":"<p><a class=\"keychainify-checked\" href=\"https:\/\/digital58.com.ve\/site\/wp-content\/uploads\/2025\/08\/barcelona-25.webp\"><img loading=\"lazy\" decoding=\"async\" class=\"aligncenter wp-image-189771 size-full\" src=\"https:\/\/digital58.com.ve\/site\/wp-content\/uploads\/2025\/08\/barcelona-25.webp\" alt=\"El Barcelona igual\u00f3 1-1 frente al Rayo Vallecano en el estadio de Vallecas, en un encuentro condicionado por la ausencia del VAR debido a fallos t\u00e9cnicos.\" width=\"1000\" height=\"565\" srcset=\"https:\/\/digital58.com.ve\/site\/wp-content\/uploads\/2025\/08\/barcelona-25.webp 1000w, https:\/\/digital58.com.ve\/site\/wp-content\/uploads\/2025\/08\/barcelona-25-300x170.webp 300w, https:\/\/digital58.com.ve\/site\/wp-content\/uploads\/2025\/08\/barcelona-25-768x434.webp 768w\" sizes=\"auto, (max-width: 1000px) 100vw, 1000px\" \/><\/a><\/p>\n<blockquote><p>Sin VAR en Vallecas, el conjunto cul\u00e9 dej\u00f3 escapar sus primeros puntos de la temporada en un partido con decisiones arbitrales discutidas.<\/p><\/blockquote>\n<p><strong>Madrid, Espa\u00f1a, 31 de agosto de 2025 (ND58).-<\/strong> El Barcelona igual\u00f3 1-1 frente al Rayo Vallecano en el estadio de Vallecas, en un encuentro condicionado por la ausencia del VAR debido a fallos t\u00e9cnicos.<\/p>\n<p>El conjunto dirigido por Hansi Flick dej\u00f3 escapar sus primeros puntos de la Liga tras un choque intenso y con jugadas pol\u00e9micas que marcaron el desarrollo del partido.<\/p>\n<h2>Un inicio accidentado en Vallecas<\/h2>\n<p>El compromiso comenz\u00f3 con un contratiempo inusual: el sistema de videoarbitraje no pudo funcionar por problemas de conexi\u00f3n.<\/p>\n<p>Los t\u00e9cnicos de ambos equipos fueron notificados y aceptaron seguir sin la herramienta tecnol\u00f3gica, un hecho que result\u00f3 determinante.<\/p>\n<h2>Penalti sin revisi\u00f3n y ventaja cul\u00e9<\/h2>\n<p>La primera gran pol\u00e9mica lleg\u00f3 al minuto 40. Lamine Yamal cay\u00f3 dentro del \u00e1rea y el \u00e1rbitro se\u00f1al\u00f3 penalti.<\/p>\n<p>Sin VAR disponible, la jugada no se revis\u00f3 y gener\u00f3 dudas. El propio Yamal transform\u00f3 el lanzamiento para adelantar al Barcelona y sumar un nuevo tanto en su registro personal.<\/p>\n<h2>Reacci\u00f3n del Rayo y golazo de Fran P\u00e9rez<\/h2>\n<p>El cuadro local nunca se rindi\u00f3. Tras varias intervenciones decisivas del portero cul\u00e9 Joan Garc\u00eda, el Rayo encontr\u00f3 el empate al 67 gracias a un potente disparo de Fran P\u00e9rez que levant\u00f3 al p\u00fablico de Vallecas.<\/p>\n<h2>Barcelona sin claridad ofensiva<\/h2>\n<p>Con el marcador igualado, el Barcelona busc\u00f3 con insistencia el gol de la victoria, pero se top\u00f3 con un bloque defensivo ordenado y resistente.<\/p>\n<p>Los de Flick carecieron de precisi\u00f3n en el \u00faltimo tercio y no lograron superar nuevamente a la zaga rayista.<\/p>\n<h3>Un empate con sabor amargo<\/h3>\n<p>El 1-1 deja al Barcelona con sensaciones negativas tras perder una oportunidad de sumar de a tres y bajo la sombra de la pol\u00e9mica arbitral sin tecnolog\u00eda de apoyo.<\/p>\n<p>Para el Rayo, el resultado significa un punto valioso ante uno de los candidatos al t\u00edtulo, reforzando su imagen de rival dif\u00edcil en casa.<\/p>\n<p><strong>Sala de redacci\u00f3n ND58 | Fuente: EFE<\/strong><br \/>\n<strong>Edici\u00f3n: Villasmil, Henry<\/strong><br \/>\n<strong>Gr\u00e1fica: EFE<\/strong><\/p>\n<p>&nbsp;<\/p>\n<p>&nbsp;<\/p>\n<p>&nbsp;<\/p><div class=\"xgwdc69f48a360b125\" ><p style=\"text-align: center;\"><a href=\"https:\/\/t.me\/noticiasdigital58\" target=\"_blank\" rel=\"noopener\"><img class=\"aligncenter size-full wp-image-125363\" src=\"https:\/\/digital58.com.ve\/site\/wp-content\/uploads\/2021\/04\/banner-telegram-web-2021.png\" alt=\"\" width=\"600\" height=\"90\" \/><\/a><\/p><\/div><style type=\"text\/css\">\r\n@media screen and (min-width: 1201px) {\r\n.xgwdc69f48a360b125 {\r\ndisplay: block;\r\n}\r\n}\r\n@media screen and (min-width: 993px) and (max-width: 1200px) {\r\n.xgwdc69f48a360b125 {\r\ndisplay: block;\r\n}\r\n}\r\n@media screen and (min-width: 769px) and (max-width: 992px) {\r\n.xgwdc69f48a360b125 {\r\ndisplay: block;\r\n}\r\n}\r\n@media screen and (min-width: 768px) and (max-width: 768px) {\r\n.xgwdc69f48a360b125 {\r\ndisplay: block;\r\n}\r\n}\r\n@media screen and (max-width: 767px) {\r\n.xgwdc69f48a360b125 {\r\ndisplay: block;\r\n}\r\n}\r\n<\/style>\r\n\n<p>&nbsp;<\/p>\n<div style=\"margin-top: 0px; margin-bottom: 0px;\" class=\"sharethis-inline-share-buttons\" ><\/div>","protected":false},"excerpt":{"rendered":"<p>Sin VAR en Vallecas, el conjunto cul\u00e9 dej\u00f3 escapar sus primeros puntos de la temporada en un partido con decisiones<\/p>\n","protected":false},"author":1,"featured_media":189771,"comment_status":"open","ping_status":"closed","sticky":false,"template":"","format":"standard","meta":{"colormag_page_container_layout":"default_layout","colormag_page_sidebar_layout":"default_layout","_uag_custom_page_level_css":"","footnotes":""},"categories":[5402],"tags":[1517,115,13,499,41,8,7311,35010,26890],"class_list":["post-189770","post","type-post","status-publish","format-standard","has-post-thumbnail","hentry","category-deportes","tag-barcelona","tag-espana","tag-futbol","tag-futbol-espanol","tag-futbol-internacional","tag-internacionales","tag-laliga","tag-laliga-2025-2026","tag-rayo-vallecano"],"yoast_head":"<!-- This site is optimized with the Yoast SEO plugin v27.5 - https:\/\/yoast.com\/product\/yoast-seo-wordpress\/ -->\n<title>Barcelona empata 1-1 ante el Rayo en un duelo marcado por la pol\u00e9mica<\/title>\n<meta name=\"description\" content=\"Barcelona empat\u00f3 1-1 con Rayo Vallecano en Vallecas, en un partido sin VAR y con pol\u00e9micas arbitrales que marcaron el resultado.\" \/>\n<meta name=\"robots\" content=\"index, follow, max-snippet:-1, max-image-preview:large, max-video-preview:-1\" \/>\n<link rel=\"canonical\" href=\"https:\/\/digital58.com.ve\/site\/2025\/08\/31\/barcelona-empata-1-1-ante-el-rayo-en-un-duelo-marcado-por-la-polemica\/\" \/>\n<meta property=\"og:locale\" content=\"es_ES\" \/>\n<meta property=\"og:type\" content=\"article\" \/>\n<meta property=\"og:title\" content=\"Barcelona empata 1-1 ante el Rayo en un duelo marcado por la pol\u00e9mica\" \/>\n<meta property=\"og:description\" content=\"Barcelona empat\u00f3 1-1 con Rayo Vallecano en Vallecas, en un partido sin VAR y con pol\u00e9micas arbitrales que marcaron el resultado.\" \/>\n<meta property=\"og:url\" content=\"https:\/\/digital58.com.ve\/site\/2025\/08\/31\/barcelona-empata-1-1-ante-el-rayo-en-un-duelo-marcado-por-la-polemica\/\" \/>\n<meta property=\"og:site_name\" content=\"Noticias Digital58\" \/>\n<meta property=\"article:published_time\" content=\"2025-08-31T23:37:09+00:00\" \/>\n<meta property=\"article:modified_time\" content=\"2025-09-01T00:08:56+00:00\" \/>\n<meta property=\"og:image\" content=\"https:\/\/digital58.com.ve\/site\/wp-content\/uploads\/2025\/08\/barcelona-25.webp\" \/>\n\t<meta property=\"og:image:width\" content=\"1000\" \/>\n\t<meta property=\"og:image:height\" content=\"565\" \/>\n\t<meta property=\"og:image:type\" content=\"image\/webp\" \/>\n<meta name=\"author\" content=\"Villasmil Henry\" \/>\n<meta name=\"twitter:card\" content=\"summary_large_image\" \/>\n<meta name=\"twitter:creator\" content=\"@https:\/\/twitter.com\/villasmilhfoto\" \/>\n<meta name=\"twitter:site\" content=\"@villasmilhfoto\" \/>\n<meta name=\"twitter:label1\" content=\"Escrito por\" \/>\n\t<meta name=\"twitter:data1\" content=\"Villasmil Henry\" \/>\n\t<meta name=\"twitter:label2\" content=\"Tiempo estimado de lectura\" \/>\n\t<meta name=\"twitter:data2\" content=\"2 minutos\" \/>\n<script type=\"application\/ld+json\" class=\"yoast-schema-graph\">{\"@context\":\"https:\\\/\\\/schema.org\",\"@graph\":[{\"@type\":\"Article\",\"@id\":\"https:\\\/\\\/digital58.com.ve\\\/site\\\/2025\\\/08\\\/31\\\/barcelona-empata-1-1-ante-el-rayo-en-un-duelo-marcado-por-la-polemica\\\/#article\",\"isPartOf\":{\"@id\":\"https:\\\/\\\/digital58.com.ve\\\/site\\\/2025\\\/08\\\/31\\\/barcelona-empata-1-1-ante-el-rayo-en-un-duelo-marcado-por-la-polemica\\\/\"},\"author\":{\"name\":\"Villasmil Henry\",\"@id\":\"https:\\\/\\\/digital58.com.ve\\\/site\\\/#\\\/schema\\\/person\\\/64d1c2e4d0d4fd1b849980c4331c2951\"},\"headline\":\"Barcelona empata 1-1 ante el Rayo en un duelo marcado por la pol\u00e9mica\",\"datePublished\":\"2025-08-31T23:37:09+00:00\",\"dateModified\":\"2025-09-01T00:08:56+00:00\",\"mainEntityOfPage\":{\"@id\":\"https:\\\/\\\/digital58.com.ve\\\/site\\\/2025\\\/08\\\/31\\\/barcelona-empata-1-1-ante-el-rayo-en-un-duelo-marcado-por-la-polemica\\\/\"},\"wordCount\":378,\"commentCount\":0,\"publisher\":{\"@id\":\"https:\\\/\\\/digital58.com.ve\\\/site\\\/#\\\/schema\\\/person\\\/64d1c2e4d0d4fd1b849980c4331c2951\"},\"image\":{\"@id\":\"https:\\\/\\\/digital58.com.ve\\\/site\\\/2025\\\/08\\\/31\\\/barcelona-empata-1-1-ante-el-rayo-en-un-duelo-marcado-por-la-polemica\\\/#primaryimage\"},\"thumbnailUrl\":\"https:\\\/\\\/digital58.com.ve\\\/site\\\/wp-content\\\/uploads\\\/2025\\\/08\\\/barcelona-25.webp\",\"keywords\":[\"Barcelona\",\"Espa\u00f1a\",\"F\u00fatbol\",\"F\u00fatbol Espa\u00f1ol\",\"F\u00fatbol Internacional\",\"Internacionales\",\"LaLiga\",\"Laliga 2025-2026\",\"Rayo Vallecano\"],\"articleSection\":[\"Deportes\"],\"inLanguage\":\"es\",\"potentialAction\":[{\"@type\":\"CommentAction\",\"name\":\"Comment\",\"target\":[\"https:\\\/\\\/digital58.com.ve\\\/site\\\/2025\\\/08\\\/31\\\/barcelona-empata-1-1-ante-el-rayo-en-un-duelo-marcado-por-la-polemica\\\/#respond\"]}]},{\"@type\":\"WebPage\",\"@id\":\"https:\\\/\\\/digital58.com.ve\\\/site\\\/2025\\\/08\\\/31\\\/barcelona-empata-1-1-ante-el-rayo-en-un-duelo-marcado-por-la-polemica\\\/\",\"url\":\"https:\\\/\\\/digital58.com.ve\\\/site\\\/2025\\\/08\\\/31\\\/barcelona-empata-1-1-ante-el-rayo-en-un-duelo-marcado-por-la-polemica\\\/\",\"name\":\"Barcelona empata 1-1 ante el Rayo en un duelo marcado por la pol\u00e9mica\",\"isPartOf\":{\"@id\":\"https:\\\/\\\/digital58.com.ve\\\/site\\\/#website\"},\"primaryImageOfPage\":{\"@id\":\"https:\\\/\\\/digital58.com.ve\\\/site\\\/2025\\\/08\\\/31\\\/barcelona-empata-1-1-ante-el-rayo-en-un-duelo-marcado-por-la-polemica\\\/#primaryimage\"},\"image\":{\"@id\":\"https:\\\/\\\/digital58.com.ve\\\/site\\\/2025\\\/08\\\/31\\\/barcelona-empata-1-1-ante-el-rayo-en-un-duelo-marcado-por-la-polemica\\\/#primaryimage\"},\"thumbnailUrl\":\"https:\\\/\\\/digital58.com.ve\\\/site\\\/wp-content\\\/uploads\\\/2025\\\/08\\\/barcelona-25.webp\",\"datePublished\":\"2025-08-31T23:37:09+00:00\",\"dateModified\":\"2025-09-01T00:08:56+00:00\",\"description\":\"Barcelona empat\u00f3 1-1 con Rayo Vallecano en Vallecas, en un partido sin VAR y con pol\u00e9micas arbitrales que marcaron el resultado.\",\"breadcrumb\":{\"@id\":\"https:\\\/\\\/digital58.com.ve\\\/site\\\/2025\\\/08\\\/31\\\/barcelona-empata-1-1-ante-el-rayo-en-un-duelo-marcado-por-la-polemica\\\/#breadcrumb\"},\"inLanguage\":\"es\",\"potentialAction\":[{\"@type\":\"ReadAction\",\"target\":[\"https:\\\/\\\/digital58.com.ve\\\/site\\\/2025\\\/08\\\/31\\\/barcelona-empata-1-1-ante-el-rayo-en-un-duelo-marcado-por-la-polemica\\\/\"]}]},{\"@type\":\"ImageObject\",\"inLanguage\":\"es\",\"@id\":\"https:\\\/\\\/digital58.com.ve\\\/site\\\/2025\\\/08\\\/31\\\/barcelona-empata-1-1-ante-el-rayo-en-un-duelo-marcado-por-la-polemica\\\/#primaryimage\",\"url\":\"https:\\\/\\\/digital58.com.ve\\\/site\\\/wp-content\\\/uploads\\\/2025\\\/08\\\/barcelona-25.webp\",\"contentUrl\":\"https:\\\/\\\/digital58.com.ve\\\/site\\\/wp-content\\\/uploads\\\/2025\\\/08\\\/barcelona-25.webp\",\"width\":1000,\"height\":565},{\"@type\":\"BreadcrumbList\",\"@id\":\"https:\\\/\\\/digital58.com.ve\\\/site\\\/2025\\\/08\\\/31\\\/barcelona-empata-1-1-ante-el-rayo-en-un-duelo-marcado-por-la-polemica\\\/#breadcrumb\",\"itemListElement\":[{\"@type\":\"ListItem\",\"position\":1,\"name\":\"Home\",\"item\":\"https:\\\/\\\/digital58.com.ve\\\/site\\\/\"},{\"@type\":\"ListItem\",\"position\":2,\"name\":\"Barcelona empata 1-1 ante el Rayo en un duelo marcado por la pol\u00e9mica\"}]},{\"@type\":\"WebSite\",\"@id\":\"https:\\\/\\\/digital58.com.ve\\\/site\\\/#website\",\"url\":\"https:\\\/\\\/digital58.com.ve\\\/site\\\/\",\"name\":\"Noticias Digital58\",\"description\":\"Portal de Noticias \u00a1Periodismo web de verdad! Lanzamiento web 22.11.2005 \\\/ Maracaibo, Venezuela\",\"publisher\":{\"@id\":\"https:\\\/\\\/digital58.com.ve\\\/site\\\/#\\\/schema\\\/person\\\/64d1c2e4d0d4fd1b849980c4331c2951\"},\"alternateName\":\"ND58\",\"potentialAction\":[{\"@type\":\"SearchAction\",\"target\":{\"@type\":\"EntryPoint\",\"urlTemplate\":\"https:\\\/\\\/digital58.com.ve\\\/site\\\/?s={search_term_string}\"},\"query-input\":{\"@type\":\"PropertyValueSpecification\",\"valueRequired\":true,\"valueName\":\"search_term_string\"}}],\"inLanguage\":\"es\"},{\"@type\":[\"Person\",\"Organization\"],\"@id\":\"https:\\\/\\\/digital58.com.ve\\\/site\\\/#\\\/schema\\\/person\\\/64d1c2e4d0d4fd1b849980c4331c2951\",\"name\":\"Villasmil Henry\",\"image\":{\"@type\":\"ImageObject\",\"inLanguage\":\"es\",\"@id\":\"https:\\\/\\\/secure.gravatar.com\\\/avatar\\\/bb0c4a2fcb7970138239f7e404ea75757b1b507b28b5ce4c53fbd62d797c5a7c?s=96&d=mm&r=g\",\"url\":\"https:\\\/\\\/secure.gravatar.com\\\/avatar\\\/bb0c4a2fcb7970138239f7e404ea75757b1b507b28b5ce4c53fbd62d797c5a7c?s=96&d=mm&r=g\",\"contentUrl\":\"https:\\\/\\\/secure.gravatar.com\\\/avatar\\\/bb0c4a2fcb7970138239f7e404ea75757b1b507b28b5ce4c53fbd62d797c5a7c?s=96&d=mm&r=g\",\"caption\":\"Villasmil Henry\"},\"logo\":{\"@id\":\"https:\\\/\\\/secure.gravatar.com\\\/avatar\\\/bb0c4a2fcb7970138239f7e404ea75757b1b507b28b5ce4c53fbd62d797c5a7c?s=96&d=mm&r=g\"},\"sameAs\":[\"http:\\\/\\\/www.henryvillasmil.com.ve\",\"https:\\\/\\\/www.instagram.com\\\/villasmilhfoto\\\/\",\"https:\\\/\\\/x.com\\\/https:\\\/\\\/twitter.com\\\/villasmilhfoto\"],\"url\":\"https:\\\/\\\/digital58.com.ve\\\/site\\\/author\\\/droopy_68\\\/\"}]}<\/script>\n<!-- \/ Yoast SEO plugin. -->","yoast_head_json":{"title":"Barcelona empata 1-1 ante el Rayo en un duelo marcado por la pol\u00e9mica","description":"Barcelona empat\u00f3 1-1 con Rayo Vallecano en Vallecas, en un partido sin VAR y con pol\u00e9micas arbitrales que marcaron el resultado.","robots":{"index":"index","follow":"follow","max-snippet":"max-snippet:-1","max-image-preview":"max-image-preview:large","max-video-preview":"max-video-preview:-1"},"canonical":"https:\/\/digital58.com.ve\/site\/2025\/08\/31\/barcelona-empata-1-1-ante-el-rayo-en-un-duelo-marcado-por-la-polemica\/","og_locale":"es_ES","og_type":"article","og_title":"Barcelona empata 1-1 ante el Rayo en un duelo marcado por la pol\u00e9mica","og_description":"Barcelona empat\u00f3 1-1 con Rayo Vallecano en Vallecas, en un partido sin VAR y con pol\u00e9micas arbitrales que marcaron el resultado.","og_url":"https:\/\/digital58.com.ve\/site\/2025\/08\/31\/barcelona-empata-1-1-ante-el-rayo-en-un-duelo-marcado-por-la-polemica\/","og_site_name":"Noticias Digital58","article_published_time":"2025-08-31T23:37:09+00:00","article_modified_time":"2025-09-01T00:08:56+00:00","og_image":[{"width":1000,"height":565,"url":"https:\/\/digital58.com.ve\/site\/wp-content\/uploads\/2025\/08\/barcelona-25.webp","type":"image\/webp"}],"author":"Villasmil Henry","twitter_card":"summary_large_image","twitter_creator":"@https:\/\/twitter.com\/villasmilhfoto","twitter_site":"@villasmilhfoto","twitter_misc":{"Escrito por":"Villasmil Henry","Tiempo estimado de lectura":"2 minutos"},"schema":{"@context":"https:\/\/schema.org","@graph":[{"@type":"Article","@id":"https:\/\/digital58.com.ve\/site\/2025\/08\/31\/barcelona-empata-1-1-ante-el-rayo-en-un-duelo-marcado-por-la-polemica\/#article","isPartOf":{"@id":"https:\/\/digital58.com.ve\/site\/2025\/08\/31\/barcelona-empata-1-1-ante-el-rayo-en-un-duelo-marcado-por-la-polemica\/"},"author":{"name":"Villasmil Henry","@id":"https:\/\/digital58.com.ve\/site\/#\/schema\/person\/64d1c2e4d0d4fd1b849980c4331c2951"},"headline":"Barcelona empata 1-1 ante el Rayo en un duelo marcado por la pol\u00e9mica","datePublished":"2025-08-31T23:37:09+00:00","dateModified":"2025-09-01T00:08:56+00:00","mainEntityOfPage":{"@id":"https:\/\/digital58.com.ve\/site\/2025\/08\/31\/barcelona-empata-1-1-ante-el-rayo-en-un-duelo-marcado-por-la-polemica\/"},"wordCount":378,"commentCount":0,"publisher":{"@id":"https:\/\/digital58.com.ve\/site\/#\/schema\/person\/64d1c2e4d0d4fd1b849980c4331c2951"},"image":{"@id":"https:\/\/digital58.com.ve\/site\/2025\/08\/31\/barcelona-empata-1-1-ante-el-rayo-en-un-duelo-marcado-por-la-polemica\/#primaryimage"},"thumbnailUrl":"https:\/\/digital58.com.ve\/site\/wp-content\/uploads\/2025\/08\/barcelona-25.webp","keywords":["Barcelona","Espa\u00f1a","F\u00fatbol","F\u00fatbol Espa\u00f1ol","F\u00fatbol Internacional","Internacionales","LaLiga","Laliga 2025-2026","Rayo Vallecano"],"articleSection":["Deportes"],"inLanguage":"es","potentialAction":[{"@type":"CommentAction","name":"Comment","target":["https:\/\/digital58.com.ve\/site\/2025\/08\/31\/barcelona-empata-1-1-ante-el-rayo-en-un-duelo-marcado-por-la-polemica\/#respond"]}]},{"@type":"WebPage","@id":"https:\/\/digital58.com.ve\/site\/2025\/08\/31\/barcelona-empata-1-1-ante-el-rayo-en-un-duelo-marcado-por-la-polemica\/","url":"https:\/\/digital58.com.ve\/site\/2025\/08\/31\/barcelona-empata-1-1-ante-el-rayo-en-un-duelo-marcado-por-la-polemica\/","name":"Barcelona empata 1-1 ante el Rayo en un duelo marcado por la pol\u00e9mica","isPartOf":{"@id":"https:\/\/digital58.com.ve\/site\/#website"},"primaryImageOfPage":{"@id":"https:\/\/digital58.com.ve\/site\/2025\/08\/31\/barcelona-empata-1-1-ante-el-rayo-en-un-duelo-marcado-por-la-polemica\/#primaryimage"},"image":{"@id":"https:\/\/digital58.com.ve\/site\/2025\/08\/31\/barcelona-empata-1-1-ante-el-rayo-en-un-duelo-marcado-por-la-polemica\/#primaryimage"},"thumbnailUrl":"https:\/\/digital58.com.ve\/site\/wp-content\/uploads\/2025\/08\/barcelona-25.webp","datePublished":"2025-08-31T23:37:09+00:00","dateModified":"2025-09-01T00:08:56+00:00","description":"Barcelona empat\u00f3 1-1 con Rayo Vallecano en Vallecas, en un partido sin VAR y con pol\u00e9micas arbitrales que marcaron el resultado.","breadcrumb":{"@id":"https:\/\/digital58.com.ve\/site\/2025\/08\/31\/barcelona-empata-1-1-ante-el-rayo-en-un-duelo-marcado-por-la-polemica\/#breadcrumb"},"inLanguage":"es","potentialAction":[{"@type":"ReadAction","target":["https:\/\/digital58.com.ve\/site\/2025\/08\/31\/barcelona-empata-1-1-ante-el-rayo-en-un-duelo-marcado-por-la-polemica\/"]}]},{"@type":"ImageObject","inLanguage":"es","@id":"https:\/\/digital58.com.ve\/site\/2025\/08\/31\/barcelona-empata-1-1-ante-el-rayo-en-un-duelo-marcado-por-la-polemica\/#primaryimage","url":"https:\/\/digital58.com.ve\/site\/wp-content\/uploads\/2025\/08\/barcelona-25.webp","contentUrl":"https:\/\/digital58.com.ve\/site\/wp-content\/uploads\/2025\/08\/barcelona-25.webp","width":1000,"height":565},{"@type":"BreadcrumbList","@id":"https:\/\/digital58.com.ve\/site\/2025\/08\/31\/barcelona-empata-1-1-ante-el-rayo-en-un-duelo-marcado-por-la-polemica\/#breadcrumb","itemListElement":[{"@type":"ListItem","position":1,"name":"Home","item":"https:\/\/digital58.com.ve\/site\/"},{"@type":"ListItem","position":2,"name":"Barcelona empata 1-1 ante el Rayo en un duelo marcado por la pol\u00e9mica"}]},{"@type":"WebSite","@id":"https:\/\/digital58.com.ve\/site\/#website","url":"https:\/\/digital58.com.ve\/site\/","name":"Noticias Digital58","description":"Portal de Noticias \u00a1Periodismo web de verdad! Lanzamiento web 22.11.2005 \/ Maracaibo, Venezuela","publisher":{"@id":"https:\/\/digital58.com.ve\/site\/#\/schema\/person\/64d1c2e4d0d4fd1b849980c4331c2951"},"alternateName":"ND58","potentialAction":[{"@type":"SearchAction","target":{"@type":"EntryPoint","urlTemplate":"https:\/\/digital58.com.ve\/site\/?s={search_term_string}"},"query-input":{"@type":"PropertyValueSpecification","valueRequired":true,"valueName":"search_term_string"}}],"inLanguage":"es"},{"@type":["Person","Organization"],"@id":"https:\/\/digital58.com.ve\/site\/#\/schema\/person\/64d1c2e4d0d4fd1b849980c4331c2951","name":"Villasmil Henry","image":{"@type":"ImageObject","inLanguage":"es","@id":"https:\/\/secure.gravatar.com\/avatar\/bb0c4a2fcb7970138239f7e404ea75757b1b507b28b5ce4c53fbd62d797c5a7c?s=96&d=mm&r=g","url":"https:\/\/secure.gravatar.com\/avatar\/bb0c4a2fcb7970138239f7e404ea75757b1b507b28b5ce4c53fbd62d797c5a7c?s=96&d=mm&r=g","contentUrl":"https:\/\/secure.gravatar.com\/avatar\/bb0c4a2fcb7970138239f7e404ea75757b1b507b28b5ce4c53fbd62d797c5a7c?s=96&d=mm&r=g","caption":"Villasmil Henry"},"logo":{"@id":"https:\/\/secure.gravatar.com\/avatar\/bb0c4a2fcb7970138239f7e404ea75757b1b507b28b5ce4c53fbd62d797c5a7c?s=96&d=mm&r=g"},"sameAs":["http:\/\/www.henryvillasmil.com.ve","https:\/\/www.instagram.com\/villasmilhfoto\/","https:\/\/x.com\/https:\/\/twitter.com\/villasmilhfoto"],"url":"https:\/\/digital58.com.ve\/site\/author\/droopy_68\/"}]}},"uagb_featured_image_src":{"full":["https:\/\/digital58.com.ve\/site\/wp-content\/uploads\/2025\/08\/barcelona-25.webp",1000,565,false],"thumbnail":["https:\/\/digital58.com.ve\/site\/wp-content\/uploads\/2025\/08\/barcelona-25-150x150.webp",150,150,true],"medium":["https:\/\/digital58.com.ve\/site\/wp-content\/uploads\/2025\/08\/barcelona-25-300x170.webp",300,170,true],"medium_large":["https:\/\/digital58.com.ve\/site\/wp-content\/uploads\/2025\/08\/barcelona-25-768x434.webp",768,434,true],"large":["https:\/\/digital58.com.ve\/site\/wp-content\/uploads\/2025\/08\/barcelona-25.webp",800,452,false],"1536x1536":["https:\/\/digital58.com.ve\/site\/wp-content\/uploads\/2025\/08\/barcelona-25.webp",1000,565,false],"2048x2048":["https:\/\/digital58.com.ve\/site\/wp-content\/uploads\/2025\/08\/barcelona-25.webp",1000,565,false],"colormag-highlighted-post":["https:\/\/digital58.com.ve\/site\/wp-content\/uploads\/2025\/08\/barcelona-25-392x272.webp",392,272,true],"colormag-featured-post-medium":["https:\/\/digital58.com.ve\/site\/wp-content\/uploads\/2025\/08\/barcelona-25-390x205.webp",390,205,true],"colormag-featured-post-small":["https:\/\/digital58.com.ve\/site\/wp-content\/uploads\/2025\/08\/barcelona-25-130x90.webp",130,90,true],"colormag-featured-image":["https:\/\/digital58.com.ve\/site\/wp-content\/uploads\/2025\/08\/barcelona-25-800x445.webp",800,445,true],"colormag-default-news":["https:\/\/digital58.com.ve\/site\/wp-content\/uploads\/2025\/08\/barcelona-25-150x150.webp",150,150,true],"colormag-featured-image-large":["https:\/\/digital58.com.ve\/site\/wp-content\/uploads\/2025\/08\/barcelona-25.webp",1000,565,false]},"uagb_author_info":{"display_name":"Villasmil Henry","author_link":"https:\/\/digital58.com.ve\/site\/author\/droopy_68\/"},"uagb_comment_info":0,"uagb_excerpt":"Sin VAR en Vallecas, el conjunto cul\u00e9 dej\u00f3 escapar sus primeros puntos de la temporada en un partido con decisiones","_links":{"self":[{"href":"https:\/\/digital58.com.ve\/site\/wp-json\/wp\/v2\/posts\/189770","targetHints":{"allow":["GET"]}}],"collection":[{"href":"https:\/\/digital58.com.ve\/site\/wp-json\/wp\/v2\/posts"}],"about":[{"href":"https:\/\/digital58.com.ve\/site\/wp-json\/wp\/v2\/types\/post"}],"author":[{"embeddable":true,"href":"https:\/\/digital58.com.ve\/site\/wp-json\/wp\/v2\/users\/1"}],"replies":[{"embeddable":true,"href":"https:\/\/digital58.com.ve\/site\/wp-json\/wp\/v2\/comments?post=189770"}],"version-history":[{"count":1,"href":"https:\/\/digital58.com.ve\/site\/wp-json\/wp\/v2\/posts\/189770\/revisions"}],"predecessor-version":[{"id":189772,"href":"https:\/\/digital58.com.ve\/site\/wp-json\/wp\/v2\/posts\/189770\/revisions\/189772"}],"wp:featuredmedia":[{"embeddable":true,"href":"https:\/\/digital58.com.ve\/site\/wp-json\/wp\/v2\/media\/189771"}],"wp:attachment":[{"href":"https:\/\/digital58.com.ve\/site\/wp-json\/wp\/v2\/media?parent=189770"}],"wp:term":[{"taxonomy":"category","embeddable":true,"href":"https:\/\/digital58.com.ve\/site\/wp-json\/wp\/v2\/categories?post=189770"},{"taxonomy":"post_tag","embeddable":true,"href":"https:\/\/digital58.com.ve\/site\/wp-json\/wp\/v2\/tags?post=189770"}],"curies":[{"name":"wp","href":"https:\/\/api.w.org\/{rel}","templated":true}]}}