{"id":189914,"date":"2025-09-08T16:39:26","date_gmt":"2025-09-08T20:39:26","guid":{"rendered":"https:\/\/digital58.com.ve\/site\/?p=189914"},"modified":"2025-09-08T16:39:26","modified_gmt":"2025-09-08T20:39:26","slug":"francia-socialistas-y-extrema-derecha-se-disputan-el-poder-tras-caida-de-bayrou","status":"publish","type":"post","link":"https:\/\/digital58.com.ve\/site\/2025\/09\/08\/francia-socialistas-y-extrema-derecha-se-disputan-el-poder-tras-caida-de-bayrou\/","title":{"rendered":"Francia | Socialistas y extrema derecha se disputan el poder tras ca\u00edda de Bayrou"},"content":{"rendered":"<p><a href=\"https:\/\/digital58.com.ve\/site\/wp-content\/uploads\/2025\/09\/Olivier-Faure.webp\"><img loading=\"lazy\" decoding=\"async\" class=\"aligncenter wp-image-189915 size-full\" src=\"https:\/\/digital58.com.ve\/site\/wp-content\/uploads\/2025\/09\/Olivier-Faure.webp\" alt=\"La extrema derecha y los socialistas franceses buscan convertirse en alternativa de Gobierno tras el inminente fracaso de Fran\u00e7ois Bayrou en la moci\u00f3n de confianza convocada para este lunes.\" width=\"900\" height=\"600\" srcset=\"https:\/\/digital58.com.ve\/site\/wp-content\/uploads\/2025\/09\/Olivier-Faure.webp 900w, https:\/\/digital58.com.ve\/site\/wp-content\/uploads\/2025\/09\/Olivier-Faure-300x200.webp 300w, https:\/\/digital58.com.ve\/site\/wp-content\/uploads\/2025\/09\/Olivier-Faure-768x512.webp 768w\" sizes=\"auto, (max-width: 900px) 100vw, 900px\" \/><\/a><\/p>\n<blockquote><p>Macron debe decidir entre Faure y Le Pen en medio de la crisis pol\u00edtica en Francia.<\/p><\/blockquote>\n<p><strong>Francia, 08 de septiembre de 2025 (ND58).-<\/strong> La extrema derecha y los socialistas franceses buscan convertirse en alternativa de Gobierno tras el inminente fracaso de Fran\u00e7ois Bayrou en la moci\u00f3n de confianza convocada para este lunes.<\/p>\n<p>El presidente Emmanuel Macron deber\u00e1 decidir a qui\u00e9n encargar la formaci\u00f3n de un nuevo Ejecutivo.<\/p>\n<h2>Crisis en el Gobierno<\/h2>\n<p>El primer ministro centrista Fran\u00e7ois Bayrou se enfrenta a una moci\u00f3n de confianza que no lograr\u00e1 superar, lo que anticipa su salida del cargo.<\/p>\n<p>Ante este escenario, el Partido Socialista (PS) y la extrema derecha, encabezada por Marine Le Pen, se postulan como opciones para liderar el Ejecutivo.<\/p>\n<h2>Faure acepta el reto<\/h2>\n<p>Olivier Faure, primer secretario del PS, expres\u00f3 estar dispuesto a asumir la jefatura de Gobierno si Macron lo designa. Reconoci\u00f3 que carecer\u00eda de mayor\u00eda parlamentaria y que deber\u00eda negociar \u00abtexto a texto\u00bb.<\/p>\n<p><strong>\u00abPara m\u00ed, como para los dem\u00e1s socialistas, ser\u00e1 un s\u00ed\u00bb<\/strong>, declar\u00f3 Faure en el canal France 3. Sin embargo, dej\u00f3 claro que su gabinete estar\u00eda compuesto \u00fanicamente por fuerzas de izquierda.<\/p>\n<h2>Obst\u00e1culos en la izquierda<\/h2>\n<p>La principal fuerza parlamentaria de izquierda, La Francia Insumisa (LFI), descart\u00f3 apoyar a Faure. Su l\u00edder, Jean-Luc M\u00e9lenchon, reclama la dimisi\u00f3n de Macron y present\u00f3 una moci\u00f3n de destituci\u00f3n sin posibilidades de \u00e9xito.<\/p>\n<p>Pese a la ruptura, Faure conf\u00eda en que LFI no bloquear\u00e1 iniciativas econ\u00f3micas compartidas. No obstante, sin los 71 diputados de esa bancada, el PS y sus aliados sumar\u00edan apenas 120 esca\u00f1os en una Asamblea de 577.<\/p>\n<h2>Conservadores marcan distancia<\/h2>\n<p>El partido Los Republicanos (LR) debate si censurar o no a un eventual Gobierno socialista. Bruno Retailleau, ministro del Interior, rechaz\u00f3 de plano esa posibilidad, mientras Laurent Wauquiez advirti\u00f3 que no votar\u00eda la investidura de Faure, aunque tampoco apoyar\u00eda de inmediato una censura.<\/p>\n<p>El secretario general de LR, Othman Nasrou, fue tajante: \u00abSi la izquierda est\u00e1 en Matignon, la derecha estar\u00e1 en la oposici\u00f3n\u00bb.<\/p>\n<h3>Le Pen exige elecciones anticipadas<\/h3>\n<p>Marine Le Pen sostuvo que nombrar a un nuevo primer ministro ser\u00eda solo \u00abganar tiempo\u00bb. En un acto en H\u00e9nin Beaumont, reiter\u00f3 su pedido de elecciones legislativas anticipadas, al afirmar que \u00abFrancia est\u00e1 en asfixia democr\u00e1tica\u00bb.<\/p>\n<p>Le Pen asegur\u00f3 que la Agrupaci\u00f3n Nacional (RN) y sus aliados est\u00e1n listos para gobernar con Jordan Bardella como primer ministro.<\/p>\n<p>Pese a su reciente condena que le impide renovar su mandato de diputada, asegur\u00f3 estar \u00abdispuesta a sacrificar todos los mandatos de la tierra por los intereses de los franceses\u00bb.<\/p>\n<h3>Bayrou contra la oposici\u00f3n<\/h3>\n<p>Antes de la votaci\u00f3n, Bayrou critic\u00f3 duramente a los partidos opositores por lo que calific\u00f3 como \u00abirresponsabilidad\u00bb y una \u00abguerra civil abierta entre ellos\u00bb.<\/p>\n<p>El primer ministro hab\u00eda condicionado su moci\u00f3n de confianza a la aprobaci\u00f3n de un presupuesto con ajustes de 44.000 millones de euros, lo que aceler\u00f3 su ca\u00edda.<\/p>\n<p><strong>Sala de redacci\u00f3n ND58 | Fuente: EFE<\/strong><br \/>\n<strong>Edici\u00f3n: Villasmil, Henry<\/strong><br \/>\n<strong>Gr\u00e1ficas: EFE<\/strong><\/p>\n<p>&nbsp;<\/p>\n<p>&nbsp;<\/p>\n<p>&nbsp;<\/p><div class=\"cqopa69f008e07f0e3\" ><p style=\"text-align: center;\"><a href=\"https:\/\/t.me\/noticiasdigital58\" target=\"_blank\" rel=\"noopener\"><img class=\"aligncenter size-full wp-image-125363\" src=\"https:\/\/digital58.com.ve\/site\/wp-content\/uploads\/2021\/04\/banner-telegram-web-2021.png\" alt=\"\" width=\"600\" height=\"90\" \/><\/a><\/p><\/div><style type=\"text\/css\">\r\n@media screen and (min-width: 1201px) {\r\n.cqopa69f008e07f0e3 {\r\ndisplay: block;\r\n}\r\n}\r\n@media screen and (min-width: 993px) and (max-width: 1200px) {\r\n.cqopa69f008e07f0e3 {\r\ndisplay: block;\r\n}\r\n}\r\n@media screen and (min-width: 769px) and (max-width: 992px) {\r\n.cqopa69f008e07f0e3 {\r\ndisplay: block;\r\n}\r\n}\r\n@media screen and (min-width: 768px) and (max-width: 768px) {\r\n.cqopa69f008e07f0e3 {\r\ndisplay: block;\r\n}\r\n}\r\n@media screen and (max-width: 767px) {\r\n.cqopa69f008e07f0e3 {\r\ndisplay: block;\r\n}\r\n}\r\n<\/style>\r\n\n<p>&nbsp;<\/p>\n<div style=\"margin-top: 0px; margin-bottom: 0px;\" class=\"sharethis-inline-share-buttons\" ><\/div>","protected":false},"excerpt":{"rendered":"<p>Macron debe decidir entre Faure y Le Pen en medio de la crisis pol\u00edtica en Francia. Francia, 08 de septiembre<\/p>\n","protected":false},"author":1,"featured_media":189915,"comment_status":"open","ping_status":"closed","sticky":false,"template":"","format":"standard","meta":{"colormag_page_container_layout":"default_layout","colormag_page_sidebar_layout":"default_layout","_uag_custom_page_level_css":"","footnotes":""},"categories":[16451],"tags":[7934,35295,35294,8,2716,14326],"class_list":["post-189914","post","type-post","status-publish","format-standard","has-post-thumbnail","hentry","category-mundo","tag-emmanuel-macron","tag-francias","tag-francois-bayrou","tag-internacionales","tag-politica","tag-politica-internacional"],"yoast_head":"<!-- This site is optimized with the Yoast SEO plugin v27.4 - https:\/\/yoast.com\/product\/yoast-seo-wordpress\/ -->\n<title>Socialistas y extrema derecha se disputan el poder tras ca\u00edda de Bayrou<\/title>\n<meta name=\"description\" content=\"Socialistas y extrema derecha disputan el poder en Francia tras la ca\u00edda de Bayrou y el reto de Macron de formar un nuevo Gobierno.\" \/>\n<meta name=\"robots\" content=\"index, follow, max-snippet:-1, max-image-preview:large, max-video-preview:-1\" \/>\n<link rel=\"canonical\" href=\"https:\/\/digital58.com.ve\/site\/2025\/09\/08\/francia-socialistas-y-extrema-derecha-se-disputan-el-poder-tras-caida-de-bayrou\/\" \/>\n<meta property=\"og:locale\" content=\"es_ES\" \/>\n<meta property=\"og:type\" content=\"article\" \/>\n<meta property=\"og:title\" content=\"Socialistas y extrema derecha se disputan el poder tras ca\u00edda de Bayrou\" \/>\n<meta property=\"og:description\" content=\"Socialistas y extrema derecha disputan el poder en Francia tras la ca\u00edda de Bayrou y el reto de Macron de formar un nuevo Gobierno.\" \/>\n<meta property=\"og:url\" content=\"https:\/\/digital58.com.ve\/site\/2025\/09\/08\/francia-socialistas-y-extrema-derecha-se-disputan-el-poder-tras-caida-de-bayrou\/\" \/>\n<meta property=\"og:site_name\" content=\"Noticias Digital58\" \/>\n<meta property=\"article:published_time\" content=\"2025-09-08T20:39:26+00:00\" \/>\n<meta property=\"og:image\" content=\"https:\/\/digital58.com.ve\/site\/wp-content\/uploads\/2025\/09\/Olivier-Faure.webp\" \/>\n\t<meta property=\"og:image:width\" content=\"900\" \/>\n\t<meta property=\"og:image:height\" content=\"600\" \/>\n\t<meta property=\"og:image:type\" content=\"image\/webp\" \/>\n<meta name=\"author\" content=\"Villasmil Henry\" \/>\n<meta name=\"twitter:card\" content=\"summary_large_image\" \/>\n<meta name=\"twitter:creator\" content=\"@https:\/\/twitter.com\/villasmilhfoto\" \/>\n<meta name=\"twitter:site\" content=\"@villasmilhfoto\" \/>\n<meta name=\"twitter:label1\" content=\"Escrito por\" \/>\n\t<meta name=\"twitter:data1\" content=\"Villasmil Henry\" \/>\n\t<meta name=\"twitter:label2\" content=\"Tiempo estimado de lectura\" \/>\n\t<meta name=\"twitter:data2\" content=\"3 minutos\" \/>\n<script type=\"application\/ld+json\" class=\"yoast-schema-graph\">{\"@context\":\"https:\\\/\\\/schema.org\",\"@graph\":[{\"@type\":\"Article\",\"@id\":\"https:\\\/\\\/digital58.com.ve\\\/site\\\/2025\\\/09\\\/08\\\/francia-socialistas-y-extrema-derecha-se-disputan-el-poder-tras-caida-de-bayrou\\\/#article\",\"isPartOf\":{\"@id\":\"https:\\\/\\\/digital58.com.ve\\\/site\\\/2025\\\/09\\\/08\\\/francia-socialistas-y-extrema-derecha-se-disputan-el-poder-tras-caida-de-bayrou\\\/\"},\"author\":{\"name\":\"Villasmil Henry\",\"@id\":\"https:\\\/\\\/digital58.com.ve\\\/site\\\/#\\\/schema\\\/person\\\/64d1c2e4d0d4fd1b849980c4331c2951\"},\"headline\":\"Francia | Socialistas y extrema derecha se disputan el poder tras ca\u00edda de Bayrou\",\"datePublished\":\"2025-09-08T20:39:26+00:00\",\"mainEntityOfPage\":{\"@id\":\"https:\\\/\\\/digital58.com.ve\\\/site\\\/2025\\\/09\\\/08\\\/francia-socialistas-y-extrema-derecha-se-disputan-el-poder-tras-caida-de-bayrou\\\/\"},\"wordCount\":536,\"commentCount\":0,\"publisher\":{\"@id\":\"https:\\\/\\\/digital58.com.ve\\\/site\\\/#\\\/schema\\\/person\\\/64d1c2e4d0d4fd1b849980c4331c2951\"},\"image\":{\"@id\":\"https:\\\/\\\/digital58.com.ve\\\/site\\\/2025\\\/09\\\/08\\\/francia-socialistas-y-extrema-derecha-se-disputan-el-poder-tras-caida-de-bayrou\\\/#primaryimage\"},\"thumbnailUrl\":\"https:\\\/\\\/digital58.com.ve\\\/site\\\/wp-content\\\/uploads\\\/2025\\\/09\\\/Olivier-Faure.webp\",\"keywords\":[\"Emmanuel Macron\",\"Francias\",\"Fran\u00e7ois Bayrou\",\"Internacionales\",\"Pol\u00edtica\",\"Pol\u00edtica internacional\"],\"articleSection\":[\"Mundo\"],\"inLanguage\":\"es\",\"potentialAction\":[{\"@type\":\"CommentAction\",\"name\":\"Comment\",\"target\":[\"https:\\\/\\\/digital58.com.ve\\\/site\\\/2025\\\/09\\\/08\\\/francia-socialistas-y-extrema-derecha-se-disputan-el-poder-tras-caida-de-bayrou\\\/#respond\"]}]},{\"@type\":\"WebPage\",\"@id\":\"https:\\\/\\\/digital58.com.ve\\\/site\\\/2025\\\/09\\\/08\\\/francia-socialistas-y-extrema-derecha-se-disputan-el-poder-tras-caida-de-bayrou\\\/\",\"url\":\"https:\\\/\\\/digital58.com.ve\\\/site\\\/2025\\\/09\\\/08\\\/francia-socialistas-y-extrema-derecha-se-disputan-el-poder-tras-caida-de-bayrou\\\/\",\"name\":\"Socialistas y extrema derecha se disputan el poder tras ca\u00edda de Bayrou\",\"isPartOf\":{\"@id\":\"https:\\\/\\\/digital58.com.ve\\\/site\\\/#website\"},\"primaryImageOfPage\":{\"@id\":\"https:\\\/\\\/digital58.com.ve\\\/site\\\/2025\\\/09\\\/08\\\/francia-socialistas-y-extrema-derecha-se-disputan-el-poder-tras-caida-de-bayrou\\\/#primaryimage\"},\"image\":{\"@id\":\"https:\\\/\\\/digital58.com.ve\\\/site\\\/2025\\\/09\\\/08\\\/francia-socialistas-y-extrema-derecha-se-disputan-el-poder-tras-caida-de-bayrou\\\/#primaryimage\"},\"thumbnailUrl\":\"https:\\\/\\\/digital58.com.ve\\\/site\\\/wp-content\\\/uploads\\\/2025\\\/09\\\/Olivier-Faure.webp\",\"datePublished\":\"2025-09-08T20:39:26+00:00\",\"description\":\"Socialistas y extrema derecha disputan el poder en Francia tras la ca\u00edda de Bayrou y el reto de Macron de formar un nuevo Gobierno.\",\"breadcrumb\":{\"@id\":\"https:\\\/\\\/digital58.com.ve\\\/site\\\/2025\\\/09\\\/08\\\/francia-socialistas-y-extrema-derecha-se-disputan-el-poder-tras-caida-de-bayrou\\\/#breadcrumb\"},\"inLanguage\":\"es\",\"potentialAction\":[{\"@type\":\"ReadAction\",\"target\":[\"https:\\\/\\\/digital58.com.ve\\\/site\\\/2025\\\/09\\\/08\\\/francia-socialistas-y-extrema-derecha-se-disputan-el-poder-tras-caida-de-bayrou\\\/\"]}]},{\"@type\":\"ImageObject\",\"inLanguage\":\"es\",\"@id\":\"https:\\\/\\\/digital58.com.ve\\\/site\\\/2025\\\/09\\\/08\\\/francia-socialistas-y-extrema-derecha-se-disputan-el-poder-tras-caida-de-bayrou\\\/#primaryimage\",\"url\":\"https:\\\/\\\/digital58.com.ve\\\/site\\\/wp-content\\\/uploads\\\/2025\\\/09\\\/Olivier-Faure.webp\",\"contentUrl\":\"https:\\\/\\\/digital58.com.ve\\\/site\\\/wp-content\\\/uploads\\\/2025\\\/09\\\/Olivier-Faure.webp\",\"width\":900,\"height\":600},{\"@type\":\"BreadcrumbList\",\"@id\":\"https:\\\/\\\/digital58.com.ve\\\/site\\\/2025\\\/09\\\/08\\\/francia-socialistas-y-extrema-derecha-se-disputan-el-poder-tras-caida-de-bayrou\\\/#breadcrumb\",\"itemListElement\":[{\"@type\":\"ListItem\",\"position\":1,\"name\":\"Home\",\"item\":\"https:\\\/\\\/digital58.com.ve\\\/site\\\/\"},{\"@type\":\"ListItem\",\"position\":2,\"name\":\"Francia | Socialistas y extrema derecha se disputan el poder tras ca\u00edda de Bayrou\"}]},{\"@type\":\"WebSite\",\"@id\":\"https:\\\/\\\/digital58.com.ve\\\/site\\\/#website\",\"url\":\"https:\\\/\\\/digital58.com.ve\\\/site\\\/\",\"name\":\"Noticias Digital58\",\"description\":\"Portal de Noticias \u00a1Periodismo web de verdad! Lanzamiento web 22.11.2005 \\\/ Maracaibo, Venezuela\",\"publisher\":{\"@id\":\"https:\\\/\\\/digital58.com.ve\\\/site\\\/#\\\/schema\\\/person\\\/64d1c2e4d0d4fd1b849980c4331c2951\"},\"alternateName\":\"ND58\",\"potentialAction\":[{\"@type\":\"SearchAction\",\"target\":{\"@type\":\"EntryPoint\",\"urlTemplate\":\"https:\\\/\\\/digital58.com.ve\\\/site\\\/?s={search_term_string}\"},\"query-input\":{\"@type\":\"PropertyValueSpecification\",\"valueRequired\":true,\"valueName\":\"search_term_string\"}}],\"inLanguage\":\"es\"},{\"@type\":[\"Person\",\"Organization\"],\"@id\":\"https:\\\/\\\/digital58.com.ve\\\/site\\\/#\\\/schema\\\/person\\\/64d1c2e4d0d4fd1b849980c4331c2951\",\"name\":\"Villasmil Henry\",\"image\":{\"@type\":\"ImageObject\",\"inLanguage\":\"es\",\"@id\":\"https:\\\/\\\/secure.gravatar.com\\\/avatar\\\/bb0c4a2fcb7970138239f7e404ea75757b1b507b28b5ce4c53fbd62d797c5a7c?s=96&d=mm&r=g\",\"url\":\"https:\\\/\\\/secure.gravatar.com\\\/avatar\\\/bb0c4a2fcb7970138239f7e404ea75757b1b507b28b5ce4c53fbd62d797c5a7c?s=96&d=mm&r=g\",\"contentUrl\":\"https:\\\/\\\/secure.gravatar.com\\\/avatar\\\/bb0c4a2fcb7970138239f7e404ea75757b1b507b28b5ce4c53fbd62d797c5a7c?s=96&d=mm&r=g\",\"caption\":\"Villasmil Henry\"},\"logo\":{\"@id\":\"https:\\\/\\\/secure.gravatar.com\\\/avatar\\\/bb0c4a2fcb7970138239f7e404ea75757b1b507b28b5ce4c53fbd62d797c5a7c?s=96&d=mm&r=g\"},\"sameAs\":[\"http:\\\/\\\/www.henryvillasmil.com.ve\",\"https:\\\/\\\/www.instagram.com\\\/villasmilhfoto\\\/\",\"https:\\\/\\\/x.com\\\/https:\\\/\\\/twitter.com\\\/villasmilhfoto\"],\"url\":\"https:\\\/\\\/digital58.com.ve\\\/site\\\/author\\\/droopy_68\\\/\"}]}<\/script>\n<!-- \/ Yoast SEO plugin. -->","yoast_head_json":{"title":"Socialistas y extrema derecha se disputan el poder tras ca\u00edda de Bayrou","description":"Socialistas y extrema derecha disputan el poder en Francia tras la ca\u00edda de Bayrou y el reto de Macron de formar un nuevo Gobierno.","robots":{"index":"index","follow":"follow","max-snippet":"max-snippet:-1","max-image-preview":"max-image-preview:large","max-video-preview":"max-video-preview:-1"},"canonical":"https:\/\/digital58.com.ve\/site\/2025\/09\/08\/francia-socialistas-y-extrema-derecha-se-disputan-el-poder-tras-caida-de-bayrou\/","og_locale":"es_ES","og_type":"article","og_title":"Socialistas y extrema derecha se disputan el poder tras ca\u00edda de Bayrou","og_description":"Socialistas y extrema derecha disputan el poder en Francia tras la ca\u00edda de Bayrou y el reto de Macron de formar un nuevo Gobierno.","og_url":"https:\/\/digital58.com.ve\/site\/2025\/09\/08\/francia-socialistas-y-extrema-derecha-se-disputan-el-poder-tras-caida-de-bayrou\/","og_site_name":"Noticias Digital58","article_published_time":"2025-09-08T20:39:26+00:00","og_image":[{"width":900,"height":600,"url":"https:\/\/digital58.com.ve\/site\/wp-content\/uploads\/2025\/09\/Olivier-Faure.webp","type":"image\/webp"}],"author":"Villasmil Henry","twitter_card":"summary_large_image","twitter_creator":"@https:\/\/twitter.com\/villasmilhfoto","twitter_site":"@villasmilhfoto","twitter_misc":{"Escrito por":"Villasmil Henry","Tiempo estimado de lectura":"3 minutos"},"schema":{"@context":"https:\/\/schema.org","@graph":[{"@type":"Article","@id":"https:\/\/digital58.com.ve\/site\/2025\/09\/08\/francia-socialistas-y-extrema-derecha-se-disputan-el-poder-tras-caida-de-bayrou\/#article","isPartOf":{"@id":"https:\/\/digital58.com.ve\/site\/2025\/09\/08\/francia-socialistas-y-extrema-derecha-se-disputan-el-poder-tras-caida-de-bayrou\/"},"author":{"name":"Villasmil Henry","@id":"https:\/\/digital58.com.ve\/site\/#\/schema\/person\/64d1c2e4d0d4fd1b849980c4331c2951"},"headline":"Francia | Socialistas y extrema derecha se disputan el poder tras ca\u00edda de Bayrou","datePublished":"2025-09-08T20:39:26+00:00","mainEntityOfPage":{"@id":"https:\/\/digital58.com.ve\/site\/2025\/09\/08\/francia-socialistas-y-extrema-derecha-se-disputan-el-poder-tras-caida-de-bayrou\/"},"wordCount":536,"commentCount":0,"publisher":{"@id":"https:\/\/digital58.com.ve\/site\/#\/schema\/person\/64d1c2e4d0d4fd1b849980c4331c2951"},"image":{"@id":"https:\/\/digital58.com.ve\/site\/2025\/09\/08\/francia-socialistas-y-extrema-derecha-se-disputan-el-poder-tras-caida-de-bayrou\/#primaryimage"},"thumbnailUrl":"https:\/\/digital58.com.ve\/site\/wp-content\/uploads\/2025\/09\/Olivier-Faure.webp","keywords":["Emmanuel Macron","Francias","Fran\u00e7ois Bayrou","Internacionales","Pol\u00edtica","Pol\u00edtica internacional"],"articleSection":["Mundo"],"inLanguage":"es","potentialAction":[{"@type":"CommentAction","name":"Comment","target":["https:\/\/digital58.com.ve\/site\/2025\/09\/08\/francia-socialistas-y-extrema-derecha-se-disputan-el-poder-tras-caida-de-bayrou\/#respond"]}]},{"@type":"WebPage","@id":"https:\/\/digital58.com.ve\/site\/2025\/09\/08\/francia-socialistas-y-extrema-derecha-se-disputan-el-poder-tras-caida-de-bayrou\/","url":"https:\/\/digital58.com.ve\/site\/2025\/09\/08\/francia-socialistas-y-extrema-derecha-se-disputan-el-poder-tras-caida-de-bayrou\/","name":"Socialistas y extrema derecha se disputan el poder tras ca\u00edda de Bayrou","isPartOf":{"@id":"https:\/\/digital58.com.ve\/site\/#website"},"primaryImageOfPage":{"@id":"https:\/\/digital58.com.ve\/site\/2025\/09\/08\/francia-socialistas-y-extrema-derecha-se-disputan-el-poder-tras-caida-de-bayrou\/#primaryimage"},"image":{"@id":"https:\/\/digital58.com.ve\/site\/2025\/09\/08\/francia-socialistas-y-extrema-derecha-se-disputan-el-poder-tras-caida-de-bayrou\/#primaryimage"},"thumbnailUrl":"https:\/\/digital58.com.ve\/site\/wp-content\/uploads\/2025\/09\/Olivier-Faure.webp","datePublished":"2025-09-08T20:39:26+00:00","description":"Socialistas y extrema derecha disputan el poder en Francia tras la ca\u00edda de Bayrou y el reto de Macron de formar un nuevo Gobierno.","breadcrumb":{"@id":"https:\/\/digital58.com.ve\/site\/2025\/09\/08\/francia-socialistas-y-extrema-derecha-se-disputan-el-poder-tras-caida-de-bayrou\/#breadcrumb"},"inLanguage":"es","potentialAction":[{"@type":"ReadAction","target":["https:\/\/digital58.com.ve\/site\/2025\/09\/08\/francia-socialistas-y-extrema-derecha-se-disputan-el-poder-tras-caida-de-bayrou\/"]}]},{"@type":"ImageObject","inLanguage":"es","@id":"https:\/\/digital58.com.ve\/site\/2025\/09\/08\/francia-socialistas-y-extrema-derecha-se-disputan-el-poder-tras-caida-de-bayrou\/#primaryimage","url":"https:\/\/digital58.com.ve\/site\/wp-content\/uploads\/2025\/09\/Olivier-Faure.webp","contentUrl":"https:\/\/digital58.com.ve\/site\/wp-content\/uploads\/2025\/09\/Olivier-Faure.webp","width":900,"height":600},{"@type":"BreadcrumbList","@id":"https:\/\/digital58.com.ve\/site\/2025\/09\/08\/francia-socialistas-y-extrema-derecha-se-disputan-el-poder-tras-caida-de-bayrou\/#breadcrumb","itemListElement":[{"@type":"ListItem","position":1,"name":"Home","item":"https:\/\/digital58.com.ve\/site\/"},{"@type":"ListItem","position":2,"name":"Francia | Socialistas y extrema derecha se disputan el poder tras ca\u00edda de Bayrou"}]},{"@type":"WebSite","@id":"https:\/\/digital58.com.ve\/site\/#website","url":"https:\/\/digital58.com.ve\/site\/","name":"Noticias Digital58","description":"Portal de Noticias \u00a1Periodismo web de verdad! Lanzamiento web 22.11.2005 \/ Maracaibo, Venezuela","publisher":{"@id":"https:\/\/digital58.com.ve\/site\/#\/schema\/person\/64d1c2e4d0d4fd1b849980c4331c2951"},"alternateName":"ND58","potentialAction":[{"@type":"SearchAction","target":{"@type":"EntryPoint","urlTemplate":"https:\/\/digital58.com.ve\/site\/?s={search_term_string}"},"query-input":{"@type":"PropertyValueSpecification","valueRequired":true,"valueName":"search_term_string"}}],"inLanguage":"es"},{"@type":["Person","Organization"],"@id":"https:\/\/digital58.com.ve\/site\/#\/schema\/person\/64d1c2e4d0d4fd1b849980c4331c2951","name":"Villasmil Henry","image":{"@type":"ImageObject","inLanguage":"es","@id":"https:\/\/secure.gravatar.com\/avatar\/bb0c4a2fcb7970138239f7e404ea75757b1b507b28b5ce4c53fbd62d797c5a7c?s=96&d=mm&r=g","url":"https:\/\/secure.gravatar.com\/avatar\/bb0c4a2fcb7970138239f7e404ea75757b1b507b28b5ce4c53fbd62d797c5a7c?s=96&d=mm&r=g","contentUrl":"https:\/\/secure.gravatar.com\/avatar\/bb0c4a2fcb7970138239f7e404ea75757b1b507b28b5ce4c53fbd62d797c5a7c?s=96&d=mm&r=g","caption":"Villasmil Henry"},"logo":{"@id":"https:\/\/secure.gravatar.com\/avatar\/bb0c4a2fcb7970138239f7e404ea75757b1b507b28b5ce4c53fbd62d797c5a7c?s=96&d=mm&r=g"},"sameAs":["http:\/\/www.henryvillasmil.com.ve","https:\/\/www.instagram.com\/villasmilhfoto\/","https:\/\/x.com\/https:\/\/twitter.com\/villasmilhfoto"],"url":"https:\/\/digital58.com.ve\/site\/author\/droopy_68\/"}]}},"uagb_featured_image_src":{"full":["https:\/\/digital58.com.ve\/site\/wp-content\/uploads\/2025\/09\/Olivier-Faure.webp",900,600,false],"thumbnail":["https:\/\/digital58.com.ve\/site\/wp-content\/uploads\/2025\/09\/Olivier-Faure-150x150.webp",150,150,true],"medium":["https:\/\/digital58.com.ve\/site\/wp-content\/uploads\/2025\/09\/Olivier-Faure-300x200.webp",300,200,true],"medium_large":["https:\/\/digital58.com.ve\/site\/wp-content\/uploads\/2025\/09\/Olivier-Faure-768x512.webp",768,512,true],"large":["https:\/\/digital58.com.ve\/site\/wp-content\/uploads\/2025\/09\/Olivier-Faure.webp",800,533,false],"1536x1536":["https:\/\/digital58.com.ve\/site\/wp-content\/uploads\/2025\/09\/Olivier-Faure.webp",900,600,false],"2048x2048":["https:\/\/digital58.com.ve\/site\/wp-content\/uploads\/2025\/09\/Olivier-Faure.webp",900,600,false],"colormag-highlighted-post":["https:\/\/digital58.com.ve\/site\/wp-content\/uploads\/2025\/09\/Olivier-Faure-392x272.webp",392,272,true],"colormag-featured-post-medium":["https:\/\/digital58.com.ve\/site\/wp-content\/uploads\/2025\/09\/Olivier-Faure-390x205.webp",390,205,true],"colormag-featured-post-small":["https:\/\/digital58.com.ve\/site\/wp-content\/uploads\/2025\/09\/Olivier-Faure-130x90.webp",130,90,true],"colormag-featured-image":["https:\/\/digital58.com.ve\/site\/wp-content\/uploads\/2025\/09\/Olivier-Faure-800x445.webp",800,445,true],"colormag-default-news":["https:\/\/digital58.com.ve\/site\/wp-content\/uploads\/2025\/09\/Olivier-Faure-150x150.webp",150,150,true],"colormag-featured-image-large":["https:\/\/digital58.com.ve\/site\/wp-content\/uploads\/2025\/09\/Olivier-Faure.webp",900,600,false]},"uagb_author_info":{"display_name":"Villasmil Henry","author_link":"https:\/\/digital58.com.ve\/site\/author\/droopy_68\/"},"uagb_comment_info":0,"uagb_excerpt":"Macron debe decidir entre Faure y Le Pen en medio de la crisis pol\u00edtica en Francia. Francia, 08 de septiembre","_links":{"self":[{"href":"https:\/\/digital58.com.ve\/site\/wp-json\/wp\/v2\/posts\/189914","targetHints":{"allow":["GET"]}}],"collection":[{"href":"https:\/\/digital58.com.ve\/site\/wp-json\/wp\/v2\/posts"}],"about":[{"href":"https:\/\/digital58.com.ve\/site\/wp-json\/wp\/v2\/types\/post"}],"author":[{"embeddable":true,"href":"https:\/\/digital58.com.ve\/site\/wp-json\/wp\/v2\/users\/1"}],"replies":[{"embeddable":true,"href":"https:\/\/digital58.com.ve\/site\/wp-json\/wp\/v2\/comments?post=189914"}],"version-history":[{"count":1,"href":"https:\/\/digital58.com.ve\/site\/wp-json\/wp\/v2\/posts\/189914\/revisions"}],"predecessor-version":[{"id":189916,"href":"https:\/\/digital58.com.ve\/site\/wp-json\/wp\/v2\/posts\/189914\/revisions\/189916"}],"wp:featuredmedia":[{"embeddable":true,"href":"https:\/\/digital58.com.ve\/site\/wp-json\/wp\/v2\/media\/189915"}],"wp:attachment":[{"href":"https:\/\/digital58.com.ve\/site\/wp-json\/wp\/v2\/media?parent=189914"}],"wp:term":[{"taxonomy":"category","embeddable":true,"href":"https:\/\/digital58.com.ve\/site\/wp-json\/wp\/v2\/categories?post=189914"},{"taxonomy":"post_tag","embeddable":true,"href":"https:\/\/digital58.com.ve\/site\/wp-json\/wp\/v2\/tags?post=189914"}],"curies":[{"name":"wp","href":"https:\/\/api.w.org\/{rel}","templated":true}]}}