{"id":190060,"date":"2025-09-15T21:26:09","date_gmt":"2025-09-16T01:26:09","guid":{"rendered":"https:\/\/digital58.com.ve\/site\/?p=190060"},"modified":"2025-09-15T21:26:09","modified_gmt":"2025-09-16T01:26:09","slug":"israel-derriba-el-edificio-mas-alto-de-gaza","status":"publish","type":"post","link":"https:\/\/digital58.com.ve\/site\/2025\/09\/15\/israel-derriba-el-edificio-mas-alto-de-gaza\/","title":{"rendered":"Israel derriba el edificio m\u00e1s alto de Gaza"},"content":{"rendered":"<p><a class=\"keychainify-checked\" href=\"https:\/\/digital58.com.ve\/site\/wp-content\/uploads\/2025\/09\/Torre-Ghafri-1.webp\"><img loading=\"lazy\" decoding=\"async\" class=\"aligncenter wp-image-190062 size-full\" src=\"https:\/\/digital58.com.ve\/site\/wp-content\/uploads\/2025\/09\/Torre-Ghafri-1.webp\" alt=\"La Torre Ghafri, el edificio m\u00e1s alto de Gaza con 18 pisos y 60 viviendas, fue demolida este lunes por el Ej\u00e9rcito israel\u00ed en la zona portuaria de la ciudad. La operaci\u00f3n se produjo despu\u00e9s de ordenar el desalojo de los habitantes y de campamentos cercanos de desplazados, en medio de una intensificaci\u00f3n de los bombardeos contra la capital del enclave.\" width=\"1000\" height=\"667\" srcset=\"https:\/\/digital58.com.ve\/site\/wp-content\/uploads\/2025\/09\/Torre-Ghafri-1.webp 1000w, https:\/\/digital58.com.ve\/site\/wp-content\/uploads\/2025\/09\/Torre-Ghafri-1-300x200.webp 300w, https:\/\/digital58.com.ve\/site\/wp-content\/uploads\/2025\/09\/Torre-Ghafri-1-768x512.webp 768w\" sizes=\"auto, (max-width: 1000px) 100vw, 1000px\" \/><\/a><\/p>\n<blockquote><p>El Ej\u00e9rcito destruy\u00f3 la Torre Ghafri, un rascacielos de 18 plantas y 60 apartamentos, tras ordenar la evacuaci\u00f3n de sus residentes en la ciudad de Gaza.<\/p><\/blockquote>\n<p><strong>Internacionales, 15 de septiembre de 2025 (ND58).-<\/strong> La Torre Ghafri, el edificio m\u00e1s alto de Gaza con 18 pisos y 60 viviendas, fue demolida este lunes por el Ej\u00e9rcito israel\u00ed en la zona portuaria de la ciudad. La operaci\u00f3n se produjo despu\u00e9s de ordenar el desalojo de los habitantes y de campamentos cercanos de desplazados, en medio de una intensificaci\u00f3n de los bombardeos contra la capital del enclave.<\/p>\n<h2>Ataque y justificaci\u00f3n militar<\/h2>\n<p>Seg\u00fan un comunicado oficial, la torre albergaba supuestamente <strong>\u00absistemas de inteligencia y puestos de observaci\u00f3n de Ham\u00e1s\u00bb<\/strong>. Sin embargo, las autoridades israel\u00edes no ofrecieron pruebas que sustenten la acusaci\u00f3n.<\/p>\n<h2>Desplazamientos forzados<\/h2>\n<p>Horas antes del ataque, los residentes fueron obligados a abandonar el edificio, junto con familias refugiadas en tiendas de campa\u00f1a pr\u00f3ximas.<\/p>\n<p>El Ej\u00e9rcito tambi\u00e9n inst\u00f3 a evacuar el barrio de Rimal y otras zonas de la ciudad, donde en la \u00faltima semana varios rascacielos han sido demolidos.<\/p>\n<p><a class=\"keychainify-checked\" href=\"https:\/\/digital58.com.ve\/site\/wp-content\/uploads\/2025\/09\/Torre-Ghafri-2.webp\"><img loading=\"lazy\" decoding=\"async\" class=\"aligncenter size-full wp-image-190061\" src=\"https:\/\/digital58.com.ve\/site\/wp-content\/uploads\/2025\/09\/Torre-Ghafri-2.webp\" alt=\"\" width=\"1000\" height=\"667\" srcset=\"https:\/\/digital58.com.ve\/site\/wp-content\/uploads\/2025\/09\/Torre-Ghafri-2.webp 1000w, https:\/\/digital58.com.ve\/site\/wp-content\/uploads\/2025\/09\/Torre-Ghafri-2-300x200.webp 300w, https:\/\/digital58.com.ve\/site\/wp-content\/uploads\/2025\/09\/Torre-Ghafri-2-768x512.webp 768w\" sizes=\"auto, (max-width: 1000px) 100vw, 1000px\" \/><\/a><\/p>\n<h2>Incremento de los bombardeos<\/h2>\n<p>Los ataques contra la ciudad de Gaza se han intensificado desde que Israel anunci\u00f3 su intenci\u00f3n de invadir y ocupar la capital.<\/p>\n<p>Los bombardeos diarios han dejado decenas de muertos, adem\u00e1s de la destrucci\u00f3n de infraestructuras y viviendas.<\/p>\n<h2>Reacci\u00f3n de la poblaci\u00f3n<\/h2>\n<p>Habitantes locales consideran que la demolici\u00f3n forma parte de una estrategia para forzar el desplazamiento de m\u00e1s de un mill\u00f3n de personas hacia el sur del enclave, antes de una eventual ofensiva terrestre.<\/p>\n<p><strong>Sala de redacci\u00f3n ND58 | Fuente: EFE<\/strong><br \/>\n<strong>Edici\u00f3n: Villasmil, Henry<\/strong><br \/>\n<strong>Gr\u00e1ficas: EFE<\/strong><\/p>\n<p>&nbsp;<\/p>\n<p>&nbsp;<\/p>\n<p>&nbsp;<\/p><div class=\"ujsju69f5d97b84dc7\" ><p style=\"text-align: center;\"><a href=\"https:\/\/t.me\/noticiasdigital58\" target=\"_blank\" rel=\"noopener\"><img class=\"aligncenter size-full wp-image-125363\" src=\"https:\/\/digital58.com.ve\/site\/wp-content\/uploads\/2021\/04\/banner-telegram-web-2021.png\" alt=\"\" width=\"600\" height=\"90\" \/><\/a><\/p><\/div><style type=\"text\/css\">\r\n@media screen and (min-width: 1201px) {\r\n.ujsju69f5d97b84dc7 {\r\ndisplay: block;\r\n}\r\n}\r\n@media screen and (min-width: 993px) and (max-width: 1200px) {\r\n.ujsju69f5d97b84dc7 {\r\ndisplay: block;\r\n}\r\n}\r\n@media screen and (min-width: 769px) and (max-width: 992px) {\r\n.ujsju69f5d97b84dc7 {\r\ndisplay: block;\r\n}\r\n}\r\n@media screen and (min-width: 768px) and (max-width: 768px) {\r\n.ujsju69f5d97b84dc7 {\r\ndisplay: block;\r\n}\r\n}\r\n@media screen and (max-width: 767px) {\r\n.ujsju69f5d97b84dc7 {\r\ndisplay: block;\r\n}\r\n}\r\n<\/style>\r\n\n<p>&nbsp;<\/p>\n<div style=\"margin-top: 0px; margin-bottom: 0px;\" class=\"sharethis-inline-share-buttons\" ><\/div>","protected":false},"excerpt":{"rendered":"<p>El Ej\u00e9rcito destruy\u00f3 la Torre Ghafri, un rascacielos de 18 plantas y 60 apartamentos, tras ordenar la evacuaci\u00f3n de sus<\/p>\n","protected":false},"author":1,"featured_media":190061,"comment_status":"open","ping_status":"closed","sticky":false,"template":"","format":"standard","meta":{"colormag_page_container_layout":"default_layout","colormag_page_sidebar_layout":"default_layout","_uag_custom_page_level_css":"","footnotes":""},"categories":[16451],"tags":[27575,14259,31245,17108,8,35322],"class_list":["post-190060","post","type-post","status-publish","format-standard","has-post-thumbnail","hentry","category-mundo","tag-bombardeos","tag-conflicto-belico","tag-ejercito-israeli","tag-gaza","tag-internacionales","tag-torre-ghafri"],"yoast_head":"<!-- This site is optimized with the Yoast SEO plugin v27.5 - https:\/\/yoast.com\/product\/yoast-seo-wordpress\/ -->\n<title>Israel derriba el edificio m\u00e1s alto de Gaza<\/title>\n<meta name=\"description\" content=\"Israel derrib\u00f3 la Torre Ghafri, el edificio m\u00e1s alto de Gaza, tras ordenar su evacuaci\u00f3n en medio del aumento de bombardeos sobre la capital.\" \/>\n<meta name=\"robots\" content=\"index, follow, max-snippet:-1, max-image-preview:large, max-video-preview:-1\" \/>\n<link rel=\"canonical\" href=\"https:\/\/digital58.com.ve\/site\/2025\/09\/15\/israel-derriba-el-edificio-mas-alto-de-gaza\/\" \/>\n<meta property=\"og:locale\" content=\"es_ES\" \/>\n<meta property=\"og:type\" content=\"article\" \/>\n<meta property=\"og:title\" content=\"Israel derriba el edificio m\u00e1s alto de Gaza\" \/>\n<meta property=\"og:description\" content=\"Israel derrib\u00f3 la Torre Ghafri, el edificio m\u00e1s alto de Gaza, tras ordenar su evacuaci\u00f3n en medio del aumento de bombardeos sobre la capital.\" \/>\n<meta property=\"og:url\" content=\"https:\/\/digital58.com.ve\/site\/2025\/09\/15\/israel-derriba-el-edificio-mas-alto-de-gaza\/\" \/>\n<meta property=\"og:site_name\" content=\"Noticias Digital58\" \/>\n<meta property=\"article:published_time\" content=\"2025-09-16T01:26:09+00:00\" \/>\n<meta property=\"og:image\" content=\"https:\/\/digital58.com.ve\/site\/wp-content\/uploads\/2025\/09\/Torre-Ghafri-2.webp\" \/>\n\t<meta property=\"og:image:width\" content=\"1000\" \/>\n\t<meta property=\"og:image:height\" content=\"667\" \/>\n\t<meta property=\"og:image:type\" content=\"image\/webp\" \/>\n<meta name=\"author\" content=\"Villasmil Henry\" \/>\n<meta name=\"twitter:card\" content=\"summary_large_image\" \/>\n<meta name=\"twitter:creator\" content=\"@https:\/\/twitter.com\/villasmilhfoto\" \/>\n<meta name=\"twitter:site\" content=\"@villasmilhfoto\" \/>\n<meta name=\"twitter:label1\" content=\"Escrito por\" \/>\n\t<meta name=\"twitter:data1\" content=\"Villasmil Henry\" \/>\n\t<meta name=\"twitter:label2\" content=\"Tiempo estimado de lectura\" \/>\n\t<meta name=\"twitter:data2\" content=\"2 minutos\" \/>\n<script type=\"application\/ld+json\" class=\"yoast-schema-graph\">{\"@context\":\"https:\\\/\\\/schema.org\",\"@graph\":[{\"@type\":\"Article\",\"@id\":\"https:\\\/\\\/digital58.com.ve\\\/site\\\/2025\\\/09\\\/15\\\/israel-derriba-el-edificio-mas-alto-de-gaza\\\/#article\",\"isPartOf\":{\"@id\":\"https:\\\/\\\/digital58.com.ve\\\/site\\\/2025\\\/09\\\/15\\\/israel-derriba-el-edificio-mas-alto-de-gaza\\\/\"},\"author\":{\"name\":\"Villasmil Henry\",\"@id\":\"https:\\\/\\\/digital58.com.ve\\\/site\\\/#\\\/schema\\\/person\\\/64d1c2e4d0d4fd1b849980c4331c2951\"},\"headline\":\"Israel derriba el edificio m\u00e1s alto de Gaza\",\"datePublished\":\"2025-09-16T01:26:09+00:00\",\"mainEntityOfPage\":{\"@id\":\"https:\\\/\\\/digital58.com.ve\\\/site\\\/2025\\\/09\\\/15\\\/israel-derriba-el-edificio-mas-alto-de-gaza\\\/\"},\"wordCount\":302,\"commentCount\":0,\"publisher\":{\"@id\":\"https:\\\/\\\/digital58.com.ve\\\/site\\\/#\\\/schema\\\/person\\\/64d1c2e4d0d4fd1b849980c4331c2951\"},\"image\":{\"@id\":\"https:\\\/\\\/digital58.com.ve\\\/site\\\/2025\\\/09\\\/15\\\/israel-derriba-el-edificio-mas-alto-de-gaza\\\/#primaryimage\"},\"thumbnailUrl\":\"https:\\\/\\\/digital58.com.ve\\\/site\\\/wp-content\\\/uploads\\\/2025\\\/09\\\/Torre-Ghafri-2.webp\",\"keywords\":[\"bombardeos\",\"Conflicto b\u00e9lico\",\"Ej\u00e9rcito israel\u00ed\",\"Gaza\",\"Internacionales\",\"Torre Ghafri\"],\"articleSection\":[\"Mundo\"],\"inLanguage\":\"es\",\"potentialAction\":[{\"@type\":\"CommentAction\",\"name\":\"Comment\",\"target\":[\"https:\\\/\\\/digital58.com.ve\\\/site\\\/2025\\\/09\\\/15\\\/israel-derriba-el-edificio-mas-alto-de-gaza\\\/#respond\"]}]},{\"@type\":\"WebPage\",\"@id\":\"https:\\\/\\\/digital58.com.ve\\\/site\\\/2025\\\/09\\\/15\\\/israel-derriba-el-edificio-mas-alto-de-gaza\\\/\",\"url\":\"https:\\\/\\\/digital58.com.ve\\\/site\\\/2025\\\/09\\\/15\\\/israel-derriba-el-edificio-mas-alto-de-gaza\\\/\",\"name\":\"Israel derriba el edificio m\u00e1s alto de Gaza\",\"isPartOf\":{\"@id\":\"https:\\\/\\\/digital58.com.ve\\\/site\\\/#website\"},\"primaryImageOfPage\":{\"@id\":\"https:\\\/\\\/digital58.com.ve\\\/site\\\/2025\\\/09\\\/15\\\/israel-derriba-el-edificio-mas-alto-de-gaza\\\/#primaryimage\"},\"image\":{\"@id\":\"https:\\\/\\\/digital58.com.ve\\\/site\\\/2025\\\/09\\\/15\\\/israel-derriba-el-edificio-mas-alto-de-gaza\\\/#primaryimage\"},\"thumbnailUrl\":\"https:\\\/\\\/digital58.com.ve\\\/site\\\/wp-content\\\/uploads\\\/2025\\\/09\\\/Torre-Ghafri-2.webp\",\"datePublished\":\"2025-09-16T01:26:09+00:00\",\"description\":\"Israel derrib\u00f3 la Torre Ghafri, el edificio m\u00e1s alto de Gaza, tras ordenar su evacuaci\u00f3n en medio del aumento de bombardeos sobre la capital.\",\"breadcrumb\":{\"@id\":\"https:\\\/\\\/digital58.com.ve\\\/site\\\/2025\\\/09\\\/15\\\/israel-derriba-el-edificio-mas-alto-de-gaza\\\/#breadcrumb\"},\"inLanguage\":\"es\",\"potentialAction\":[{\"@type\":\"ReadAction\",\"target\":[\"https:\\\/\\\/digital58.com.ve\\\/site\\\/2025\\\/09\\\/15\\\/israel-derriba-el-edificio-mas-alto-de-gaza\\\/\"]}]},{\"@type\":\"ImageObject\",\"inLanguage\":\"es\",\"@id\":\"https:\\\/\\\/digital58.com.ve\\\/site\\\/2025\\\/09\\\/15\\\/israel-derriba-el-edificio-mas-alto-de-gaza\\\/#primaryimage\",\"url\":\"https:\\\/\\\/digital58.com.ve\\\/site\\\/wp-content\\\/uploads\\\/2025\\\/09\\\/Torre-Ghafri-2.webp\",\"contentUrl\":\"https:\\\/\\\/digital58.com.ve\\\/site\\\/wp-content\\\/uploads\\\/2025\\\/09\\\/Torre-Ghafri-2.webp\",\"width\":1000,\"height\":667},{\"@type\":\"BreadcrumbList\",\"@id\":\"https:\\\/\\\/digital58.com.ve\\\/site\\\/2025\\\/09\\\/15\\\/israel-derriba-el-edificio-mas-alto-de-gaza\\\/#breadcrumb\",\"itemListElement\":[{\"@type\":\"ListItem\",\"position\":1,\"name\":\"Home\",\"item\":\"https:\\\/\\\/digital58.com.ve\\\/site\\\/\"},{\"@type\":\"ListItem\",\"position\":2,\"name\":\"Israel derriba el edificio m\u00e1s alto de Gaza\"}]},{\"@type\":\"WebSite\",\"@id\":\"https:\\\/\\\/digital58.com.ve\\\/site\\\/#website\",\"url\":\"https:\\\/\\\/digital58.com.ve\\\/site\\\/\",\"name\":\"Noticias Digital58\",\"description\":\"Portal de Noticias \u00a1Periodismo web de verdad! Lanzamiento web 22.11.2005 \\\/ Maracaibo, Venezuela\",\"publisher\":{\"@id\":\"https:\\\/\\\/digital58.com.ve\\\/site\\\/#\\\/schema\\\/person\\\/64d1c2e4d0d4fd1b849980c4331c2951\"},\"alternateName\":\"ND58\",\"potentialAction\":[{\"@type\":\"SearchAction\",\"target\":{\"@type\":\"EntryPoint\",\"urlTemplate\":\"https:\\\/\\\/digital58.com.ve\\\/site\\\/?s={search_term_string}\"},\"query-input\":{\"@type\":\"PropertyValueSpecification\",\"valueRequired\":true,\"valueName\":\"search_term_string\"}}],\"inLanguage\":\"es\"},{\"@type\":[\"Person\",\"Organization\"],\"@id\":\"https:\\\/\\\/digital58.com.ve\\\/site\\\/#\\\/schema\\\/person\\\/64d1c2e4d0d4fd1b849980c4331c2951\",\"name\":\"Villasmil Henry\",\"image\":{\"@type\":\"ImageObject\",\"inLanguage\":\"es\",\"@id\":\"https:\\\/\\\/secure.gravatar.com\\\/avatar\\\/bb0c4a2fcb7970138239f7e404ea75757b1b507b28b5ce4c53fbd62d797c5a7c?s=96&d=mm&r=g\",\"url\":\"https:\\\/\\\/secure.gravatar.com\\\/avatar\\\/bb0c4a2fcb7970138239f7e404ea75757b1b507b28b5ce4c53fbd62d797c5a7c?s=96&d=mm&r=g\",\"contentUrl\":\"https:\\\/\\\/secure.gravatar.com\\\/avatar\\\/bb0c4a2fcb7970138239f7e404ea75757b1b507b28b5ce4c53fbd62d797c5a7c?s=96&d=mm&r=g\",\"caption\":\"Villasmil Henry\"},\"logo\":{\"@id\":\"https:\\\/\\\/secure.gravatar.com\\\/avatar\\\/bb0c4a2fcb7970138239f7e404ea75757b1b507b28b5ce4c53fbd62d797c5a7c?s=96&d=mm&r=g\"},\"sameAs\":[\"http:\\\/\\\/www.henryvillasmil.com.ve\",\"https:\\\/\\\/www.instagram.com\\\/villasmilhfoto\\\/\",\"https:\\\/\\\/x.com\\\/https:\\\/\\\/twitter.com\\\/villasmilhfoto\"],\"url\":\"https:\\\/\\\/digital58.com.ve\\\/site\\\/author\\\/droopy_68\\\/\"}]}<\/script>\n<!-- \/ Yoast SEO plugin. -->","yoast_head_json":{"title":"Israel derriba el edificio m\u00e1s alto de Gaza","description":"Israel derrib\u00f3 la Torre Ghafri, el edificio m\u00e1s alto de Gaza, tras ordenar su evacuaci\u00f3n en medio del aumento de bombardeos sobre la capital.","robots":{"index":"index","follow":"follow","max-snippet":"max-snippet:-1","max-image-preview":"max-image-preview:large","max-video-preview":"max-video-preview:-1"},"canonical":"https:\/\/digital58.com.ve\/site\/2025\/09\/15\/israel-derriba-el-edificio-mas-alto-de-gaza\/","og_locale":"es_ES","og_type":"article","og_title":"Israel derriba el edificio m\u00e1s alto de Gaza","og_description":"Israel derrib\u00f3 la Torre Ghafri, el edificio m\u00e1s alto de Gaza, tras ordenar su evacuaci\u00f3n en medio del aumento de bombardeos sobre la capital.","og_url":"https:\/\/digital58.com.ve\/site\/2025\/09\/15\/israel-derriba-el-edificio-mas-alto-de-gaza\/","og_site_name":"Noticias Digital58","article_published_time":"2025-09-16T01:26:09+00:00","og_image":[{"width":1000,"height":667,"url":"https:\/\/digital58.com.ve\/site\/wp-content\/uploads\/2025\/09\/Torre-Ghafri-2.webp","type":"image\/webp"}],"author":"Villasmil Henry","twitter_card":"summary_large_image","twitter_creator":"@https:\/\/twitter.com\/villasmilhfoto","twitter_site":"@villasmilhfoto","twitter_misc":{"Escrito por":"Villasmil Henry","Tiempo estimado de lectura":"2 minutos"},"schema":{"@context":"https:\/\/schema.org","@graph":[{"@type":"Article","@id":"https:\/\/digital58.com.ve\/site\/2025\/09\/15\/israel-derriba-el-edificio-mas-alto-de-gaza\/#article","isPartOf":{"@id":"https:\/\/digital58.com.ve\/site\/2025\/09\/15\/israel-derriba-el-edificio-mas-alto-de-gaza\/"},"author":{"name":"Villasmil Henry","@id":"https:\/\/digital58.com.ve\/site\/#\/schema\/person\/64d1c2e4d0d4fd1b849980c4331c2951"},"headline":"Israel derriba el edificio m\u00e1s alto de Gaza","datePublished":"2025-09-16T01:26:09+00:00","mainEntityOfPage":{"@id":"https:\/\/digital58.com.ve\/site\/2025\/09\/15\/israel-derriba-el-edificio-mas-alto-de-gaza\/"},"wordCount":302,"commentCount":0,"publisher":{"@id":"https:\/\/digital58.com.ve\/site\/#\/schema\/person\/64d1c2e4d0d4fd1b849980c4331c2951"},"image":{"@id":"https:\/\/digital58.com.ve\/site\/2025\/09\/15\/israel-derriba-el-edificio-mas-alto-de-gaza\/#primaryimage"},"thumbnailUrl":"https:\/\/digital58.com.ve\/site\/wp-content\/uploads\/2025\/09\/Torre-Ghafri-2.webp","keywords":["bombardeos","Conflicto b\u00e9lico","Ej\u00e9rcito israel\u00ed","Gaza","Internacionales","Torre Ghafri"],"articleSection":["Mundo"],"inLanguage":"es","potentialAction":[{"@type":"CommentAction","name":"Comment","target":["https:\/\/digital58.com.ve\/site\/2025\/09\/15\/israel-derriba-el-edificio-mas-alto-de-gaza\/#respond"]}]},{"@type":"WebPage","@id":"https:\/\/digital58.com.ve\/site\/2025\/09\/15\/israel-derriba-el-edificio-mas-alto-de-gaza\/","url":"https:\/\/digital58.com.ve\/site\/2025\/09\/15\/israel-derriba-el-edificio-mas-alto-de-gaza\/","name":"Israel derriba el edificio m\u00e1s alto de Gaza","isPartOf":{"@id":"https:\/\/digital58.com.ve\/site\/#website"},"primaryImageOfPage":{"@id":"https:\/\/digital58.com.ve\/site\/2025\/09\/15\/israel-derriba-el-edificio-mas-alto-de-gaza\/#primaryimage"},"image":{"@id":"https:\/\/digital58.com.ve\/site\/2025\/09\/15\/israel-derriba-el-edificio-mas-alto-de-gaza\/#primaryimage"},"thumbnailUrl":"https:\/\/digital58.com.ve\/site\/wp-content\/uploads\/2025\/09\/Torre-Ghafri-2.webp","datePublished":"2025-09-16T01:26:09+00:00","description":"Israel derrib\u00f3 la Torre Ghafri, el edificio m\u00e1s alto de Gaza, tras ordenar su evacuaci\u00f3n en medio del aumento de bombardeos sobre la capital.","breadcrumb":{"@id":"https:\/\/digital58.com.ve\/site\/2025\/09\/15\/israel-derriba-el-edificio-mas-alto-de-gaza\/#breadcrumb"},"inLanguage":"es","potentialAction":[{"@type":"ReadAction","target":["https:\/\/digital58.com.ve\/site\/2025\/09\/15\/israel-derriba-el-edificio-mas-alto-de-gaza\/"]}]},{"@type":"ImageObject","inLanguage":"es","@id":"https:\/\/digital58.com.ve\/site\/2025\/09\/15\/israel-derriba-el-edificio-mas-alto-de-gaza\/#primaryimage","url":"https:\/\/digital58.com.ve\/site\/wp-content\/uploads\/2025\/09\/Torre-Ghafri-2.webp","contentUrl":"https:\/\/digital58.com.ve\/site\/wp-content\/uploads\/2025\/09\/Torre-Ghafri-2.webp","width":1000,"height":667},{"@type":"BreadcrumbList","@id":"https:\/\/digital58.com.ve\/site\/2025\/09\/15\/israel-derriba-el-edificio-mas-alto-de-gaza\/#breadcrumb","itemListElement":[{"@type":"ListItem","position":1,"name":"Home","item":"https:\/\/digital58.com.ve\/site\/"},{"@type":"ListItem","position":2,"name":"Israel derriba el edificio m\u00e1s alto de Gaza"}]},{"@type":"WebSite","@id":"https:\/\/digital58.com.ve\/site\/#website","url":"https:\/\/digital58.com.ve\/site\/","name":"Noticias Digital58","description":"Portal de Noticias \u00a1Periodismo web de verdad! Lanzamiento web 22.11.2005 \/ Maracaibo, Venezuela","publisher":{"@id":"https:\/\/digital58.com.ve\/site\/#\/schema\/person\/64d1c2e4d0d4fd1b849980c4331c2951"},"alternateName":"ND58","potentialAction":[{"@type":"SearchAction","target":{"@type":"EntryPoint","urlTemplate":"https:\/\/digital58.com.ve\/site\/?s={search_term_string}"},"query-input":{"@type":"PropertyValueSpecification","valueRequired":true,"valueName":"search_term_string"}}],"inLanguage":"es"},{"@type":["Person","Organization"],"@id":"https:\/\/digital58.com.ve\/site\/#\/schema\/person\/64d1c2e4d0d4fd1b849980c4331c2951","name":"Villasmil Henry","image":{"@type":"ImageObject","inLanguage":"es","@id":"https:\/\/secure.gravatar.com\/avatar\/bb0c4a2fcb7970138239f7e404ea75757b1b507b28b5ce4c53fbd62d797c5a7c?s=96&d=mm&r=g","url":"https:\/\/secure.gravatar.com\/avatar\/bb0c4a2fcb7970138239f7e404ea75757b1b507b28b5ce4c53fbd62d797c5a7c?s=96&d=mm&r=g","contentUrl":"https:\/\/secure.gravatar.com\/avatar\/bb0c4a2fcb7970138239f7e404ea75757b1b507b28b5ce4c53fbd62d797c5a7c?s=96&d=mm&r=g","caption":"Villasmil Henry"},"logo":{"@id":"https:\/\/secure.gravatar.com\/avatar\/bb0c4a2fcb7970138239f7e404ea75757b1b507b28b5ce4c53fbd62d797c5a7c?s=96&d=mm&r=g"},"sameAs":["http:\/\/www.henryvillasmil.com.ve","https:\/\/www.instagram.com\/villasmilhfoto\/","https:\/\/x.com\/https:\/\/twitter.com\/villasmilhfoto"],"url":"https:\/\/digital58.com.ve\/site\/author\/droopy_68\/"}]}},"uagb_featured_image_src":{"full":["https:\/\/digital58.com.ve\/site\/wp-content\/uploads\/2025\/09\/Torre-Ghafri-2.webp",1000,667,false],"thumbnail":["https:\/\/digital58.com.ve\/site\/wp-content\/uploads\/2025\/09\/Torre-Ghafri-2-150x150.webp",150,150,true],"medium":["https:\/\/digital58.com.ve\/site\/wp-content\/uploads\/2025\/09\/Torre-Ghafri-2-300x200.webp",300,200,true],"medium_large":["https:\/\/digital58.com.ve\/site\/wp-content\/uploads\/2025\/09\/Torre-Ghafri-2-768x512.webp",768,512,true],"large":["https:\/\/digital58.com.ve\/site\/wp-content\/uploads\/2025\/09\/Torre-Ghafri-2.webp",800,534,false],"1536x1536":["https:\/\/digital58.com.ve\/site\/wp-content\/uploads\/2025\/09\/Torre-Ghafri-2.webp",1000,667,false],"2048x2048":["https:\/\/digital58.com.ve\/site\/wp-content\/uploads\/2025\/09\/Torre-Ghafri-2.webp",1000,667,false],"colormag-highlighted-post":["https:\/\/digital58.com.ve\/site\/wp-content\/uploads\/2025\/09\/Torre-Ghafri-2-392x272.webp",392,272,true],"colormag-featured-post-medium":["https:\/\/digital58.com.ve\/site\/wp-content\/uploads\/2025\/09\/Torre-Ghafri-2-390x205.webp",390,205,true],"colormag-featured-post-small":["https:\/\/digital58.com.ve\/site\/wp-content\/uploads\/2025\/09\/Torre-Ghafri-2-130x90.webp",130,90,true],"colormag-featured-image":["https:\/\/digital58.com.ve\/site\/wp-content\/uploads\/2025\/09\/Torre-Ghafri-2-800x445.webp",800,445,true],"colormag-default-news":["https:\/\/digital58.com.ve\/site\/wp-content\/uploads\/2025\/09\/Torre-Ghafri-2-150x150.webp",150,150,true],"colormag-featured-image-large":["https:\/\/digital58.com.ve\/site\/wp-content\/uploads\/2025\/09\/Torre-Ghafri-2-1000x600.webp",1000,600,true]},"uagb_author_info":{"display_name":"Villasmil Henry","author_link":"https:\/\/digital58.com.ve\/site\/author\/droopy_68\/"},"uagb_comment_info":0,"uagb_excerpt":"El Ej\u00e9rcito destruy\u00f3 la Torre Ghafri, un rascacielos de 18 plantas y 60 apartamentos, tras ordenar la evacuaci\u00f3n de sus","_links":{"self":[{"href":"https:\/\/digital58.com.ve\/site\/wp-json\/wp\/v2\/posts\/190060","targetHints":{"allow":["GET"]}}],"collection":[{"href":"https:\/\/digital58.com.ve\/site\/wp-json\/wp\/v2\/posts"}],"about":[{"href":"https:\/\/digital58.com.ve\/site\/wp-json\/wp\/v2\/types\/post"}],"author":[{"embeddable":true,"href":"https:\/\/digital58.com.ve\/site\/wp-json\/wp\/v2\/users\/1"}],"replies":[{"embeddable":true,"href":"https:\/\/digital58.com.ve\/site\/wp-json\/wp\/v2\/comments?post=190060"}],"version-history":[{"count":1,"href":"https:\/\/digital58.com.ve\/site\/wp-json\/wp\/v2\/posts\/190060\/revisions"}],"predecessor-version":[{"id":190063,"href":"https:\/\/digital58.com.ve\/site\/wp-json\/wp\/v2\/posts\/190060\/revisions\/190063"}],"wp:featuredmedia":[{"embeddable":true,"href":"https:\/\/digital58.com.ve\/site\/wp-json\/wp\/v2\/media\/190061"}],"wp:attachment":[{"href":"https:\/\/digital58.com.ve\/site\/wp-json\/wp\/v2\/media?parent=190060"}],"wp:term":[{"taxonomy":"category","embeddable":true,"href":"https:\/\/digital58.com.ve\/site\/wp-json\/wp\/v2\/categories?post=190060"},{"taxonomy":"post_tag","embeddable":true,"href":"https:\/\/digital58.com.ve\/site\/wp-json\/wp\/v2\/tags?post=190060"}],"curies":[{"name":"wp","href":"https:\/\/api.w.org\/{rel}","templated":true}]}}