{"id":190064,"date":"2025-09-15T21:37:26","date_gmt":"2025-09-16T01:37:26","guid":{"rendered":"https:\/\/digital58.com.ve\/site\/?p=190064"},"modified":"2025-09-15T21:37:26","modified_gmt":"2025-09-16T01:37:26","slug":"maduro-afirma-que-venezuela-esta-lista-ante-posible-agresion-de-ee-uu","status":"publish","type":"post","link":"https:\/\/digital58.com.ve\/site\/2025\/09\/15\/maduro-afirma-que-venezuela-esta-lista-ante-posible-agresion-de-ee-uu\/","title":{"rendered":"Maduro afirma que Venezuela est\u00e1 \u00ablista\u00bb ante posible agresi\u00f3n de EE. UU."},"content":{"rendered":"<p><a class=\"keychainify-checked\" href=\"https:\/\/digital58.com.ve\/site\/wp-content\/uploads\/2025\/09\/Maduro-Venezuela-EE.UU_.-1-2.webp\"><img loading=\"lazy\" decoding=\"async\" class=\"aligncenter wp-image-190065 size-full\" src=\"https:\/\/digital58.com.ve\/site\/wp-content\/uploads\/2025\/09\/Maduro-Venezuela-EE.UU_.-1-2.webp\" alt=\"Nicol\u00e1s Maduro advirti\u00f3 que Venezuela est\u00e1 \u00abm\u00e1s preparada\u00bb para responder militarmente en caso de una agresi\u00f3n de Estados Unidos. El presidente se\u00f1al\u00f3 que el pa\u00eds cuenta con 2,5 millones de efectivos movilizados y acus\u00f3 a Washington de mantener un plan de \u00abcambio de r\u00e9gimen\u00bb.\" width=\"900\" height=\"600\" srcset=\"https:\/\/digital58.com.ve\/site\/wp-content\/uploads\/2025\/09\/Maduro-Venezuela-EE.UU_.-1-2.webp 900w, https:\/\/digital58.com.ve\/site\/wp-content\/uploads\/2025\/09\/Maduro-Venezuela-EE.UU_.-1-2-300x200.webp 300w, https:\/\/digital58.com.ve\/site\/wp-content\/uploads\/2025\/09\/Maduro-Venezuela-EE.UU_.-1-2-768x512.webp 768w\" sizes=\"auto, (max-width: 900px) 100vw, 900px\" \/><\/a><\/p>\n<blockquote><p>El mandatario venezolano asegura que el pa\u00eds se prepara para una eventual \u00ablucha armada\u00bb y denuncia un despliegue militar estadounidense en el Caribe.<\/p><\/blockquote>\n<p><strong>Caracas, DC, Venezuela, 15 de septiembre de 2025 (ND58).-<\/strong> Nicol\u00e1s Maduro advirti\u00f3 que Venezuela est\u00e1 \u00abm\u00e1s preparada\u00bb para responder militarmente en caso de una agresi\u00f3n de Estados Unidos. El presidente se\u00f1al\u00f3 que el pa\u00eds cuenta con 2,5 millones de efectivos movilizados y acus\u00f3 a Washington de mantener un plan de \u00abcambio de r\u00e9gimen\u00bb.<\/p>\n<p>El presidente Nicol\u00e1s Maduro afirm\u00f3 este lunes que Venezuela se encuentra \u00abm\u00e1s unida y fortalecida\u00bb para enfrentar un escenario de \u00ablucha armada\u00bb en caso de una intervenci\u00f3n militar de Estados Unidos.<\/p>\n<p>Durante una rueda de prensa internacional, transmitida por Venezolana de Televisi\u00f3n, el mandatario sostuvo que \u00abVenezuela tiene hoy m\u00e1s poder nacional y est\u00e1 m\u00e1s preparada para preservar su independencia en cualquier circunstancia\u00bb<\/p>\n<p>. Asegur\u00f3 que, aunque el pa\u00eds se encuentra en una \u00abfase de lucha no armada\u00bb, pasar\u00eda \u00abinmediatamente\u00bb a la defensa militar si ocurriera una agresi\u00f3n.<\/p>\n<h2>Defensa y despliegue militar<\/h2>\n<p>Maduro anunci\u00f3 que se activ\u00f3 un plan de defensa que involucra a 2,5 millones de militares y milicianos, listos para responder en distintas regiones del pa\u00eds.<\/p>\n<p>\u00abEjercer\u00edamos acciones armadas donde fuera necesario para enfrentar a grupos mercenarios o fuerzas estadounidenses invasoras\u00bb, expres\u00f3.<\/p>\n<p>Advirti\u00f3 que, de producirse una ofensiva a gran escala, \u00abse declarar\u00eda la rep\u00fablica en armas\u00bb.<\/p>\n<h2>Maduro denuncia agresi\u00f3n de Estados Unidos<\/h2>\n<p>El mandatario insisti\u00f3 en que Venezuela ejerce su \u00ableg\u00edtimo derecho a la defensa\u00bb frente a lo que calific\u00f3 como una \u00abagresi\u00f3n en toda la l\u00ednea\u00bb.<\/p>\n<p>Record\u00f3 que la naci\u00f3n norteamericana mantiene desplegados ocho buques de guerra y un submarino de propulsi\u00f3n nuclear cerca de las costas venezolanas bajo el argumento de combatir el narcotr\u00e1fico.<\/p>\n<p>\u00abNo es una tensi\u00f3n, es una agresi\u00f3n pol\u00edtica, diplom\u00e1tica, judicial y de car\u00e1cter militar\u00bb, asegur\u00f3.<\/p>\n<h2>Riesgo de conflicto en el Caribe<\/h2>\n<p>Maduro alert\u00f3 a los pa\u00edses del \u00abgran Caribe\u00bb sobre las consecuencias de una eventual confrontaci\u00f3n.<\/p>\n<p>\u00abSi llenan nuestra casa com\u00fan de p\u00f3lvora y misiles, podr\u00eda derivar en una hecatombe, en una guerra por el petr\u00f3leo, el gas, el oro y las riquezas naturales de Venezuela\u00bb, afirm\u00f3.<\/p>\n<h2>Comunicaciones deterioradas con Washington<\/h2>\n<p>El jefe de Estado se\u00f1al\u00f3 que las relaciones con Estados Unidos se encuentran \u00abdeshechas\u00bb, aunque reconoci\u00f3 la existencia de un \u00abhilo b\u00e1sico\u00bb de comunicaci\u00f3n a trav\u00e9s del encargado de Negocios interino de la Oficina Externa de EE. UU. en Colombia, John McNamara.<\/p>\n<p>Indic\u00f3 que el retorno de los migrantes venezolanos en Estados Unidos es \u00abprioridad absoluta\u00bb para su Gobierno.<\/p>\n<h3>Narcotr\u00e1fico en el centro de la disputa<\/h3>\n<p>Maduro exigi\u00f3 al presidente estadounidense, Donald Trump, investigar el \u00absupuesto ataque\u00bb contra una embarcaci\u00f3n \u00abpresuntamente venezolana\u00bb en el que murieron once personas acusadas de narcotr\u00e1fico.<\/p>\n<p>Tambi\u00e9n inform\u00f3 sobre la incautaci\u00f3n de 3.600 kilos de coca\u00edna en un operativo naval. \u00abFue una interdicci\u00f3n legal con fuerza proporcional y los responsables quedaron capturados\u00bb, sostuvo.<\/p>\n<p>Adem\u00e1s, calific\u00f3 de \u00abbochorno\u00bb el abordaje por parte de 18 marines a una embarcaci\u00f3n que, seg\u00fan dijo, realizaba labores de pesca en aguas venezolanas, hecho que atribuy\u00f3 a un intento de \u00abprovocar un incidente militar\u00bb.<\/p>\n<p><strong>Sala de redacci\u00f3n ND58 | Fuente: EFE<\/strong><br \/>\n<strong>Edici\u00f3n: Villasmil, Henry<\/strong><br \/>\n<strong>Gr\u00e1ficas: EFE<\/strong><\/p>\n<p>&nbsp;<\/p>\n<p>&nbsp;<\/p>\n<p>&nbsp;<\/p><div class=\"cqebq69f5cab0bce47\" ><p style=\"text-align: center;\"><a href=\"https:\/\/t.me\/noticiasdigital58\" target=\"_blank\" rel=\"noopener\"><img class=\"aligncenter size-full wp-image-125363\" src=\"https:\/\/digital58.com.ve\/site\/wp-content\/uploads\/2021\/04\/banner-telegram-web-2021.png\" alt=\"\" width=\"600\" height=\"90\" \/><\/a><\/p><\/div><style type=\"text\/css\">\r\n@media screen and (min-width: 1201px) {\r\n.cqebq69f5cab0bce47 {\r\ndisplay: block;\r\n}\r\n}\r\n@media screen and (min-width: 993px) and (max-width: 1200px) {\r\n.cqebq69f5cab0bce47 {\r\ndisplay: block;\r\n}\r\n}\r\n@media screen and (min-width: 769px) and (max-width: 992px) {\r\n.cqebq69f5cab0bce47 {\r\ndisplay: block;\r\n}\r\n}\r\n@media screen and (min-width: 768px) and (max-width: 768px) {\r\n.cqebq69f5cab0bce47 {\r\ndisplay: block;\r\n}\r\n}\r\n@media screen and (max-width: 767px) {\r\n.cqebq69f5cab0bce47 {\r\ndisplay: block;\r\n}\r\n}\r\n<\/style>\r\n\n<p>&nbsp;<\/p>\n<div style=\"margin-top: 0px; margin-bottom: 0px;\" class=\"sharethis-inline-share-buttons\" ><\/div>","protected":false},"excerpt":{"rendered":"<p>El mandatario venezolano asegura que el pa\u00eds se prepara para una eventual \u00ablucha armada\u00bb y denuncia un despliegue militar estadounidense<\/p>\n","protected":false},"author":1,"featured_media":190065,"comment_status":"open","ping_status":"closed","sticky":false,"template":"","format":"standard","meta":{"colormag_page_container_layout":"default_layout","colormag_page_sidebar_layout":"default_layout","_uag_custom_page_level_css":"","footnotes":""},"categories":[16454],"tags":[29,21325,12740,233,14182,6307],"class_list":["post-190064","post","type-post","status-publish","format-standard","has-post-thumbnail","hentry","category-venezuela","tag-caracas","tag-conflictos-politicos","tag-ee-uu","tag-nacionales","tag-nicolas-maduro-moros","tag-washington"],"yoast_head":"<!-- This site is optimized with the Yoast SEO plugin v27.5 - https:\/\/yoast.com\/product\/yoast-seo-wordpress\/ -->\n<title>Maduro afirma que Venezuela est\u00e1 \u00ablista\u00bb ante posible agresi\u00f3n de EE. UU.<\/title>\n<meta name=\"description\" content=\"Maduro afirma que Venezuela est\u00e1 lista para responder militarmente ante una posible agresi\u00f3n de Estados Unidos y denuncia despliegue en el Caribe.\" \/>\n<meta name=\"robots\" content=\"index, follow, max-snippet:-1, max-image-preview:large, max-video-preview:-1\" \/>\n<link rel=\"canonical\" href=\"https:\/\/digital58.com.ve\/site\/2025\/09\/15\/maduro-afirma-que-venezuela-esta-lista-ante-posible-agresion-de-ee-uu\/\" \/>\n<meta property=\"og:locale\" content=\"es_ES\" \/>\n<meta property=\"og:type\" content=\"article\" \/>\n<meta property=\"og:title\" content=\"Maduro afirma que Venezuela est\u00e1 \u00ablista\u00bb ante posible agresi\u00f3n de EE. UU.\" \/>\n<meta property=\"og:description\" content=\"Maduro afirma que Venezuela est\u00e1 lista para responder militarmente ante una posible agresi\u00f3n de Estados Unidos y denuncia despliegue en el Caribe.\" \/>\n<meta property=\"og:url\" content=\"https:\/\/digital58.com.ve\/site\/2025\/09\/15\/maduro-afirma-que-venezuela-esta-lista-ante-posible-agresion-de-ee-uu\/\" \/>\n<meta property=\"og:site_name\" content=\"Noticias Digital58\" \/>\n<meta property=\"article:published_time\" content=\"2025-09-16T01:37:26+00:00\" \/>\n<meta property=\"og:image\" content=\"https:\/\/digital58.com.ve\/site\/wp-content\/uploads\/2025\/09\/Maduro-Venezuela-EE.UU_.-1-2.webp\" \/>\n\t<meta property=\"og:image:width\" content=\"900\" \/>\n\t<meta property=\"og:image:height\" content=\"600\" \/>\n\t<meta property=\"og:image:type\" content=\"image\/webp\" \/>\n<meta name=\"author\" content=\"Villasmil Henry\" \/>\n<meta name=\"twitter:card\" content=\"summary_large_image\" \/>\n<meta name=\"twitter:creator\" content=\"@https:\/\/twitter.com\/villasmilhfoto\" \/>\n<meta name=\"twitter:site\" content=\"@villasmilhfoto\" \/>\n<meta name=\"twitter:label1\" content=\"Escrito por\" \/>\n\t<meta name=\"twitter:data1\" content=\"Villasmil Henry\" \/>\n\t<meta name=\"twitter:label2\" content=\"Tiempo estimado de lectura\" \/>\n\t<meta name=\"twitter:data2\" content=\"3 minutos\" \/>\n<script type=\"application\/ld+json\" class=\"yoast-schema-graph\">{\"@context\":\"https:\\\/\\\/schema.org\",\"@graph\":[{\"@type\":\"Article\",\"@id\":\"https:\\\/\\\/digital58.com.ve\\\/site\\\/2025\\\/09\\\/15\\\/maduro-afirma-que-venezuela-esta-lista-ante-posible-agresion-de-ee-uu\\\/#article\",\"isPartOf\":{\"@id\":\"https:\\\/\\\/digital58.com.ve\\\/site\\\/2025\\\/09\\\/15\\\/maduro-afirma-que-venezuela-esta-lista-ante-posible-agresion-de-ee-uu\\\/\"},\"author\":{\"name\":\"Villasmil Henry\",\"@id\":\"https:\\\/\\\/digital58.com.ve\\\/site\\\/#\\\/schema\\\/person\\\/64d1c2e4d0d4fd1b849980c4331c2951\"},\"headline\":\"Maduro afirma que Venezuela est\u00e1 \u00ablista\u00bb ante posible agresi\u00f3n de EE. UU.\",\"datePublished\":\"2025-09-16T01:37:26+00:00\",\"mainEntityOfPage\":{\"@id\":\"https:\\\/\\\/digital58.com.ve\\\/site\\\/2025\\\/09\\\/15\\\/maduro-afirma-que-venezuela-esta-lista-ante-posible-agresion-de-ee-uu\\\/\"},\"wordCount\":586,\"commentCount\":0,\"publisher\":{\"@id\":\"https:\\\/\\\/digital58.com.ve\\\/site\\\/#\\\/schema\\\/person\\\/64d1c2e4d0d4fd1b849980c4331c2951\"},\"image\":{\"@id\":\"https:\\\/\\\/digital58.com.ve\\\/site\\\/2025\\\/09\\\/15\\\/maduro-afirma-que-venezuela-esta-lista-ante-posible-agresion-de-ee-uu\\\/#primaryimage\"},\"thumbnailUrl\":\"https:\\\/\\\/digital58.com.ve\\\/site\\\/wp-content\\\/uploads\\\/2025\\\/09\\\/Maduro-Venezuela-EE.UU_.-1-2.webp\",\"keywords\":[\"Caracas\",\"Conflictos pol\u00edticos\",\"EE.UU\",\"Nacionales\",\"Nicol\u00e1s Maduro Moros\",\"Washington\"],\"articleSection\":[\"Venezuela\"],\"inLanguage\":\"es\",\"potentialAction\":[{\"@type\":\"CommentAction\",\"name\":\"Comment\",\"target\":[\"https:\\\/\\\/digital58.com.ve\\\/site\\\/2025\\\/09\\\/15\\\/maduro-afirma-que-venezuela-esta-lista-ante-posible-agresion-de-ee-uu\\\/#respond\"]}]},{\"@type\":\"WebPage\",\"@id\":\"https:\\\/\\\/digital58.com.ve\\\/site\\\/2025\\\/09\\\/15\\\/maduro-afirma-que-venezuela-esta-lista-ante-posible-agresion-de-ee-uu\\\/\",\"url\":\"https:\\\/\\\/digital58.com.ve\\\/site\\\/2025\\\/09\\\/15\\\/maduro-afirma-que-venezuela-esta-lista-ante-posible-agresion-de-ee-uu\\\/\",\"name\":\"Maduro afirma que Venezuela est\u00e1 \u00ablista\u00bb ante posible agresi\u00f3n de EE. UU.\",\"isPartOf\":{\"@id\":\"https:\\\/\\\/digital58.com.ve\\\/site\\\/#website\"},\"primaryImageOfPage\":{\"@id\":\"https:\\\/\\\/digital58.com.ve\\\/site\\\/2025\\\/09\\\/15\\\/maduro-afirma-que-venezuela-esta-lista-ante-posible-agresion-de-ee-uu\\\/#primaryimage\"},\"image\":{\"@id\":\"https:\\\/\\\/digital58.com.ve\\\/site\\\/2025\\\/09\\\/15\\\/maduro-afirma-que-venezuela-esta-lista-ante-posible-agresion-de-ee-uu\\\/#primaryimage\"},\"thumbnailUrl\":\"https:\\\/\\\/digital58.com.ve\\\/site\\\/wp-content\\\/uploads\\\/2025\\\/09\\\/Maduro-Venezuela-EE.UU_.-1-2.webp\",\"datePublished\":\"2025-09-16T01:37:26+00:00\",\"description\":\"Maduro afirma que Venezuela est\u00e1 lista para responder militarmente ante una posible agresi\u00f3n de Estados Unidos y denuncia despliegue en el Caribe.\",\"breadcrumb\":{\"@id\":\"https:\\\/\\\/digital58.com.ve\\\/site\\\/2025\\\/09\\\/15\\\/maduro-afirma-que-venezuela-esta-lista-ante-posible-agresion-de-ee-uu\\\/#breadcrumb\"},\"inLanguage\":\"es\",\"potentialAction\":[{\"@type\":\"ReadAction\",\"target\":[\"https:\\\/\\\/digital58.com.ve\\\/site\\\/2025\\\/09\\\/15\\\/maduro-afirma-que-venezuela-esta-lista-ante-posible-agresion-de-ee-uu\\\/\"]}]},{\"@type\":\"ImageObject\",\"inLanguage\":\"es\",\"@id\":\"https:\\\/\\\/digital58.com.ve\\\/site\\\/2025\\\/09\\\/15\\\/maduro-afirma-que-venezuela-esta-lista-ante-posible-agresion-de-ee-uu\\\/#primaryimage\",\"url\":\"https:\\\/\\\/digital58.com.ve\\\/site\\\/wp-content\\\/uploads\\\/2025\\\/09\\\/Maduro-Venezuela-EE.UU_.-1-2.webp\",\"contentUrl\":\"https:\\\/\\\/digital58.com.ve\\\/site\\\/wp-content\\\/uploads\\\/2025\\\/09\\\/Maduro-Venezuela-EE.UU_.-1-2.webp\",\"width\":900,\"height\":600},{\"@type\":\"BreadcrumbList\",\"@id\":\"https:\\\/\\\/digital58.com.ve\\\/site\\\/2025\\\/09\\\/15\\\/maduro-afirma-que-venezuela-esta-lista-ante-posible-agresion-de-ee-uu\\\/#breadcrumb\",\"itemListElement\":[{\"@type\":\"ListItem\",\"position\":1,\"name\":\"Home\",\"item\":\"https:\\\/\\\/digital58.com.ve\\\/site\\\/\"},{\"@type\":\"ListItem\",\"position\":2,\"name\":\"Maduro afirma que Venezuela est\u00e1 \u00ablista\u00bb ante posible agresi\u00f3n de EE. UU.\"}]},{\"@type\":\"WebSite\",\"@id\":\"https:\\\/\\\/digital58.com.ve\\\/site\\\/#website\",\"url\":\"https:\\\/\\\/digital58.com.ve\\\/site\\\/\",\"name\":\"Noticias Digital58\",\"description\":\"Portal de Noticias \u00a1Periodismo web de verdad! Lanzamiento web 22.11.2005 \\\/ Maracaibo, Venezuela\",\"publisher\":{\"@id\":\"https:\\\/\\\/digital58.com.ve\\\/site\\\/#\\\/schema\\\/person\\\/64d1c2e4d0d4fd1b849980c4331c2951\"},\"alternateName\":\"ND58\",\"potentialAction\":[{\"@type\":\"SearchAction\",\"target\":{\"@type\":\"EntryPoint\",\"urlTemplate\":\"https:\\\/\\\/digital58.com.ve\\\/site\\\/?s={search_term_string}\"},\"query-input\":{\"@type\":\"PropertyValueSpecification\",\"valueRequired\":true,\"valueName\":\"search_term_string\"}}],\"inLanguage\":\"es\"},{\"@type\":[\"Person\",\"Organization\"],\"@id\":\"https:\\\/\\\/digital58.com.ve\\\/site\\\/#\\\/schema\\\/person\\\/64d1c2e4d0d4fd1b849980c4331c2951\",\"name\":\"Villasmil Henry\",\"image\":{\"@type\":\"ImageObject\",\"inLanguage\":\"es\",\"@id\":\"https:\\\/\\\/secure.gravatar.com\\\/avatar\\\/bb0c4a2fcb7970138239f7e404ea75757b1b507b28b5ce4c53fbd62d797c5a7c?s=96&d=mm&r=g\",\"url\":\"https:\\\/\\\/secure.gravatar.com\\\/avatar\\\/bb0c4a2fcb7970138239f7e404ea75757b1b507b28b5ce4c53fbd62d797c5a7c?s=96&d=mm&r=g\",\"contentUrl\":\"https:\\\/\\\/secure.gravatar.com\\\/avatar\\\/bb0c4a2fcb7970138239f7e404ea75757b1b507b28b5ce4c53fbd62d797c5a7c?s=96&d=mm&r=g\",\"caption\":\"Villasmil Henry\"},\"logo\":{\"@id\":\"https:\\\/\\\/secure.gravatar.com\\\/avatar\\\/bb0c4a2fcb7970138239f7e404ea75757b1b507b28b5ce4c53fbd62d797c5a7c?s=96&d=mm&r=g\"},\"sameAs\":[\"http:\\\/\\\/www.henryvillasmil.com.ve\",\"https:\\\/\\\/www.instagram.com\\\/villasmilhfoto\\\/\",\"https:\\\/\\\/x.com\\\/https:\\\/\\\/twitter.com\\\/villasmilhfoto\"],\"url\":\"https:\\\/\\\/digital58.com.ve\\\/site\\\/author\\\/droopy_68\\\/\"}]}<\/script>\n<!-- \/ Yoast SEO plugin. -->","yoast_head_json":{"title":"Maduro afirma que Venezuela est\u00e1 \u00ablista\u00bb ante posible agresi\u00f3n de EE. UU.","description":"Maduro afirma que Venezuela est\u00e1 lista para responder militarmente ante una posible agresi\u00f3n de Estados Unidos y denuncia despliegue en el Caribe.","robots":{"index":"index","follow":"follow","max-snippet":"max-snippet:-1","max-image-preview":"max-image-preview:large","max-video-preview":"max-video-preview:-1"},"canonical":"https:\/\/digital58.com.ve\/site\/2025\/09\/15\/maduro-afirma-que-venezuela-esta-lista-ante-posible-agresion-de-ee-uu\/","og_locale":"es_ES","og_type":"article","og_title":"Maduro afirma que Venezuela est\u00e1 \u00ablista\u00bb ante posible agresi\u00f3n de EE. UU.","og_description":"Maduro afirma que Venezuela est\u00e1 lista para responder militarmente ante una posible agresi\u00f3n de Estados Unidos y denuncia despliegue en el Caribe.","og_url":"https:\/\/digital58.com.ve\/site\/2025\/09\/15\/maduro-afirma-que-venezuela-esta-lista-ante-posible-agresion-de-ee-uu\/","og_site_name":"Noticias Digital58","article_published_time":"2025-09-16T01:37:26+00:00","og_image":[{"width":900,"height":600,"url":"https:\/\/digital58.com.ve\/site\/wp-content\/uploads\/2025\/09\/Maduro-Venezuela-EE.UU_.-1-2.webp","type":"image\/webp"}],"author":"Villasmil Henry","twitter_card":"summary_large_image","twitter_creator":"@https:\/\/twitter.com\/villasmilhfoto","twitter_site":"@villasmilhfoto","twitter_misc":{"Escrito por":"Villasmil Henry","Tiempo estimado de lectura":"3 minutos"},"schema":{"@context":"https:\/\/schema.org","@graph":[{"@type":"Article","@id":"https:\/\/digital58.com.ve\/site\/2025\/09\/15\/maduro-afirma-que-venezuela-esta-lista-ante-posible-agresion-de-ee-uu\/#article","isPartOf":{"@id":"https:\/\/digital58.com.ve\/site\/2025\/09\/15\/maduro-afirma-que-venezuela-esta-lista-ante-posible-agresion-de-ee-uu\/"},"author":{"name":"Villasmil Henry","@id":"https:\/\/digital58.com.ve\/site\/#\/schema\/person\/64d1c2e4d0d4fd1b849980c4331c2951"},"headline":"Maduro afirma que Venezuela est\u00e1 \u00ablista\u00bb ante posible agresi\u00f3n de EE. UU.","datePublished":"2025-09-16T01:37:26+00:00","mainEntityOfPage":{"@id":"https:\/\/digital58.com.ve\/site\/2025\/09\/15\/maduro-afirma-que-venezuela-esta-lista-ante-posible-agresion-de-ee-uu\/"},"wordCount":586,"commentCount":0,"publisher":{"@id":"https:\/\/digital58.com.ve\/site\/#\/schema\/person\/64d1c2e4d0d4fd1b849980c4331c2951"},"image":{"@id":"https:\/\/digital58.com.ve\/site\/2025\/09\/15\/maduro-afirma-que-venezuela-esta-lista-ante-posible-agresion-de-ee-uu\/#primaryimage"},"thumbnailUrl":"https:\/\/digital58.com.ve\/site\/wp-content\/uploads\/2025\/09\/Maduro-Venezuela-EE.UU_.-1-2.webp","keywords":["Caracas","Conflictos pol\u00edticos","EE.UU","Nacionales","Nicol\u00e1s Maduro Moros","Washington"],"articleSection":["Venezuela"],"inLanguage":"es","potentialAction":[{"@type":"CommentAction","name":"Comment","target":["https:\/\/digital58.com.ve\/site\/2025\/09\/15\/maduro-afirma-que-venezuela-esta-lista-ante-posible-agresion-de-ee-uu\/#respond"]}]},{"@type":"WebPage","@id":"https:\/\/digital58.com.ve\/site\/2025\/09\/15\/maduro-afirma-que-venezuela-esta-lista-ante-posible-agresion-de-ee-uu\/","url":"https:\/\/digital58.com.ve\/site\/2025\/09\/15\/maduro-afirma-que-venezuela-esta-lista-ante-posible-agresion-de-ee-uu\/","name":"Maduro afirma que Venezuela est\u00e1 \u00ablista\u00bb ante posible agresi\u00f3n de EE. UU.","isPartOf":{"@id":"https:\/\/digital58.com.ve\/site\/#website"},"primaryImageOfPage":{"@id":"https:\/\/digital58.com.ve\/site\/2025\/09\/15\/maduro-afirma-que-venezuela-esta-lista-ante-posible-agresion-de-ee-uu\/#primaryimage"},"image":{"@id":"https:\/\/digital58.com.ve\/site\/2025\/09\/15\/maduro-afirma-que-venezuela-esta-lista-ante-posible-agresion-de-ee-uu\/#primaryimage"},"thumbnailUrl":"https:\/\/digital58.com.ve\/site\/wp-content\/uploads\/2025\/09\/Maduro-Venezuela-EE.UU_.-1-2.webp","datePublished":"2025-09-16T01:37:26+00:00","description":"Maduro afirma que Venezuela est\u00e1 lista para responder militarmente ante una posible agresi\u00f3n de Estados Unidos y denuncia despliegue en el Caribe.","breadcrumb":{"@id":"https:\/\/digital58.com.ve\/site\/2025\/09\/15\/maduro-afirma-que-venezuela-esta-lista-ante-posible-agresion-de-ee-uu\/#breadcrumb"},"inLanguage":"es","potentialAction":[{"@type":"ReadAction","target":["https:\/\/digital58.com.ve\/site\/2025\/09\/15\/maduro-afirma-que-venezuela-esta-lista-ante-posible-agresion-de-ee-uu\/"]}]},{"@type":"ImageObject","inLanguage":"es","@id":"https:\/\/digital58.com.ve\/site\/2025\/09\/15\/maduro-afirma-que-venezuela-esta-lista-ante-posible-agresion-de-ee-uu\/#primaryimage","url":"https:\/\/digital58.com.ve\/site\/wp-content\/uploads\/2025\/09\/Maduro-Venezuela-EE.UU_.-1-2.webp","contentUrl":"https:\/\/digital58.com.ve\/site\/wp-content\/uploads\/2025\/09\/Maduro-Venezuela-EE.UU_.-1-2.webp","width":900,"height":600},{"@type":"BreadcrumbList","@id":"https:\/\/digital58.com.ve\/site\/2025\/09\/15\/maduro-afirma-que-venezuela-esta-lista-ante-posible-agresion-de-ee-uu\/#breadcrumb","itemListElement":[{"@type":"ListItem","position":1,"name":"Home","item":"https:\/\/digital58.com.ve\/site\/"},{"@type":"ListItem","position":2,"name":"Maduro afirma que Venezuela est\u00e1 \u00ablista\u00bb ante posible agresi\u00f3n de EE. UU."}]},{"@type":"WebSite","@id":"https:\/\/digital58.com.ve\/site\/#website","url":"https:\/\/digital58.com.ve\/site\/","name":"Noticias Digital58","description":"Portal de Noticias \u00a1Periodismo web de verdad! Lanzamiento web 22.11.2005 \/ Maracaibo, Venezuela","publisher":{"@id":"https:\/\/digital58.com.ve\/site\/#\/schema\/person\/64d1c2e4d0d4fd1b849980c4331c2951"},"alternateName":"ND58","potentialAction":[{"@type":"SearchAction","target":{"@type":"EntryPoint","urlTemplate":"https:\/\/digital58.com.ve\/site\/?s={search_term_string}"},"query-input":{"@type":"PropertyValueSpecification","valueRequired":true,"valueName":"search_term_string"}}],"inLanguage":"es"},{"@type":["Person","Organization"],"@id":"https:\/\/digital58.com.ve\/site\/#\/schema\/person\/64d1c2e4d0d4fd1b849980c4331c2951","name":"Villasmil Henry","image":{"@type":"ImageObject","inLanguage":"es","@id":"https:\/\/secure.gravatar.com\/avatar\/bb0c4a2fcb7970138239f7e404ea75757b1b507b28b5ce4c53fbd62d797c5a7c?s=96&d=mm&r=g","url":"https:\/\/secure.gravatar.com\/avatar\/bb0c4a2fcb7970138239f7e404ea75757b1b507b28b5ce4c53fbd62d797c5a7c?s=96&d=mm&r=g","contentUrl":"https:\/\/secure.gravatar.com\/avatar\/bb0c4a2fcb7970138239f7e404ea75757b1b507b28b5ce4c53fbd62d797c5a7c?s=96&d=mm&r=g","caption":"Villasmil Henry"},"logo":{"@id":"https:\/\/secure.gravatar.com\/avatar\/bb0c4a2fcb7970138239f7e404ea75757b1b507b28b5ce4c53fbd62d797c5a7c?s=96&d=mm&r=g"},"sameAs":["http:\/\/www.henryvillasmil.com.ve","https:\/\/www.instagram.com\/villasmilhfoto\/","https:\/\/x.com\/https:\/\/twitter.com\/villasmilhfoto"],"url":"https:\/\/digital58.com.ve\/site\/author\/droopy_68\/"}]}},"uagb_featured_image_src":{"full":["https:\/\/digital58.com.ve\/site\/wp-content\/uploads\/2025\/09\/Maduro-Venezuela-EE.UU_.-1-2.webp",900,600,false],"thumbnail":["https:\/\/digital58.com.ve\/site\/wp-content\/uploads\/2025\/09\/Maduro-Venezuela-EE.UU_.-1-2-150x150.webp",150,150,true],"medium":["https:\/\/digital58.com.ve\/site\/wp-content\/uploads\/2025\/09\/Maduro-Venezuela-EE.UU_.-1-2-300x200.webp",300,200,true],"medium_large":["https:\/\/digital58.com.ve\/site\/wp-content\/uploads\/2025\/09\/Maduro-Venezuela-EE.UU_.-1-2-768x512.webp",768,512,true],"large":["https:\/\/digital58.com.ve\/site\/wp-content\/uploads\/2025\/09\/Maduro-Venezuela-EE.UU_.-1-2.webp",800,533,false],"1536x1536":["https:\/\/digital58.com.ve\/site\/wp-content\/uploads\/2025\/09\/Maduro-Venezuela-EE.UU_.-1-2.webp",900,600,false],"2048x2048":["https:\/\/digital58.com.ve\/site\/wp-content\/uploads\/2025\/09\/Maduro-Venezuela-EE.UU_.-1-2.webp",900,600,false],"colormag-highlighted-post":["https:\/\/digital58.com.ve\/site\/wp-content\/uploads\/2025\/09\/Maduro-Venezuela-EE.UU_.-1-2-392x272.webp",392,272,true],"colormag-featured-post-medium":["https:\/\/digital58.com.ve\/site\/wp-content\/uploads\/2025\/09\/Maduro-Venezuela-EE.UU_.-1-2-390x205.webp",390,205,true],"colormag-featured-post-small":["https:\/\/digital58.com.ve\/site\/wp-content\/uploads\/2025\/09\/Maduro-Venezuela-EE.UU_.-1-2-130x90.webp",130,90,true],"colormag-featured-image":["https:\/\/digital58.com.ve\/site\/wp-content\/uploads\/2025\/09\/Maduro-Venezuela-EE.UU_.-1-2-800x445.webp",800,445,true],"colormag-default-news":["https:\/\/digital58.com.ve\/site\/wp-content\/uploads\/2025\/09\/Maduro-Venezuela-EE.UU_.-1-2-150x150.webp",150,150,true],"colormag-featured-image-large":["https:\/\/digital58.com.ve\/site\/wp-content\/uploads\/2025\/09\/Maduro-Venezuela-EE.UU_.-1-2.webp",900,600,false]},"uagb_author_info":{"display_name":"Villasmil Henry","author_link":"https:\/\/digital58.com.ve\/site\/author\/droopy_68\/"},"uagb_comment_info":0,"uagb_excerpt":"El mandatario venezolano asegura que el pa\u00eds se prepara para una eventual \u00ablucha armada\u00bb y denuncia un despliegue militar estadounidense","_links":{"self":[{"href":"https:\/\/digital58.com.ve\/site\/wp-json\/wp\/v2\/posts\/190064","targetHints":{"allow":["GET"]}}],"collection":[{"href":"https:\/\/digital58.com.ve\/site\/wp-json\/wp\/v2\/posts"}],"about":[{"href":"https:\/\/digital58.com.ve\/site\/wp-json\/wp\/v2\/types\/post"}],"author":[{"embeddable":true,"href":"https:\/\/digital58.com.ve\/site\/wp-json\/wp\/v2\/users\/1"}],"replies":[{"embeddable":true,"href":"https:\/\/digital58.com.ve\/site\/wp-json\/wp\/v2\/comments?post=190064"}],"version-history":[{"count":1,"href":"https:\/\/digital58.com.ve\/site\/wp-json\/wp\/v2\/posts\/190064\/revisions"}],"predecessor-version":[{"id":190066,"href":"https:\/\/digital58.com.ve\/site\/wp-json\/wp\/v2\/posts\/190064\/revisions\/190066"}],"wp:featuredmedia":[{"embeddable":true,"href":"https:\/\/digital58.com.ve\/site\/wp-json\/wp\/v2\/media\/190065"}],"wp:attachment":[{"href":"https:\/\/digital58.com.ve\/site\/wp-json\/wp\/v2\/media?parent=190064"}],"wp:term":[{"taxonomy":"category","embeddable":true,"href":"https:\/\/digital58.com.ve\/site\/wp-json\/wp\/v2\/categories?post=190064"},{"taxonomy":"post_tag","embeddable":true,"href":"https:\/\/digital58.com.ve\/site\/wp-json\/wp\/v2\/tags?post=190064"}],"curies":[{"name":"wp","href":"https:\/\/api.w.org\/{rel}","templated":true}]}}