{"id":190284,"date":"2025-09-22T22:00:49","date_gmt":"2025-09-23T02:00:49","guid":{"rendered":"https:\/\/digital58.com.ve\/site\/?p=190284"},"modified":"2025-09-22T22:01:11","modified_gmt":"2025-09-23T02:01:11","slug":"aldemar-torres-lanza-el-sencillo-es-el-momento","status":"publish","type":"post","link":"https:\/\/digital58.com.ve\/site\/2025\/09\/22\/aldemar-torres-lanza-el-sencillo-es-el-momento\/","title":{"rendered":"Aldemar Torres lanza el sencillo \u00abEs el momento\u00bb"},"content":{"rendered":"<p><a class=\"keychainify-checked\" href=\"https:\/\/digital58.com.ve\/site\/wp-content\/uploads\/2025\/09\/Aldemar-Torres.webp\"><img loading=\"lazy\" decoding=\"async\" class=\"aligncenter wp-image-190285 size-full\" src=\"https:\/\/digital58.com.ve\/site\/wp-content\/uploads\/2025\/09\/Aldemar-Torres.webp\" alt=\"Aldemar Torres, reconocido cantante venezolano y fundador del sexteto Vocal Song, lanz\u00f3 recientemente el sencillo \u00abEs el momento\u00bb, un tema de su autor\u00eda y producci\u00f3n musical realizada en colaboraci\u00f3n con Manuel Estrada, con el cual busca reconectar con el p\u00fablico bajo un concepto sonoro que evoca el amor y muestra su calidad vocal.\" width=\"900\" height=\"532\" srcset=\"https:\/\/digital58.com.ve\/site\/wp-content\/uploads\/2025\/09\/Aldemar-Torres.webp 900w, https:\/\/digital58.com.ve\/site\/wp-content\/uploads\/2025\/09\/Aldemar-Torres-300x177.webp 300w, https:\/\/digital58.com.ve\/site\/wp-content\/uploads\/2025\/09\/Aldemar-Torres-768x454.webp 768w\" sizes=\"auto, (max-width: 900px) 100vw, 900px\" \/><\/a><\/p>\n<blockquote><p>El cantante venezolano, nominado al Latin Grammy, reinicia su carrera con una nueva producci\u00f3n musical junto a Manuel Estrada.<\/p><\/blockquote>\n<p><strong>Maracaibo, Zulia, Venezuela, 22 de septiembre de 2025 (ND58).-<\/strong> Aldemar Torres, reconocido cantante venezolano y fundador del sexteto Vocal Song, lanz\u00f3 recientemente el sencillo \u00abEs el momento\u00bb, un tema de su autor\u00eda y producci\u00f3n musical realizada en colaboraci\u00f3n con Manuel Estrada, con el cual busca reconectar con el p\u00fablico bajo un concepto sonoro que evoca el amor y muestra su calidad vocal.<\/p>\n<p>La nueva canci\u00f3n, caracterizada por una melod\u00eda que \u00abinvita al amor\u00bb, seg\u00fan describe el artista, est\u00e1 disponible en todas las plataformas digitales.<\/p>\n<p>El lanzamiento est\u00e1 respaldado por un audiovisual que ya se encuentra en el canal oficial de YouTube del int\u00e9rprete.<\/p>\n<p>El video musical fue dirigido por Juan Defer y en \u00e9l participan la modelo y empresaria Paola Chac\u00edn, junto al locutor Neomar Cepeda, quien funge como presentador y voz oficial del material.<\/p>\n<p>Cepeda defini\u00f3 la ejecuci\u00f3n esc\u00e9nica de Torres como \u00abuna excelencia musical\u00bb.<\/p>\n<p style=\"text-align: center;\"><div class=\"lyte-wrapper\" title=\"Aldemar Torres - ES EL MOMENTO\" style=\"width:640px;max-width:100%;margin:5px auto;\"><div class=\"lyMe\" id=\"WYL_iP235XESnHk\" itemprop=\"video\" itemscope itemtype=\"https:\/\/schema.org\/VideoObject\"><div><meta itemprop=\"thumbnailUrl\" content=\"https:\/\/i.ytimg.com\/vi\/iP235XESnHk\/hqdefault.jpg\" \/><meta itemprop=\"embedURL\" content=\"https:\/\/www.youtube.com\/embed\/iP235XESnHk\" \/><meta itemprop=\"duration\" content=\"PT2M41S\" \/><meta itemprop=\"uploadDate\" content=\"2025-09-21T23:29:40Z\" \/><\/div><div id=\"lyte_iP235XESnHk\" data-src=\"https:\/\/i.ytimg.com\/vi\/iP235XESnHk\/hqdefault.jpg\" class=\"pL\"><div class=\"tC\"><div class=\"tT\" itemprop=\"name\">Aldemar Torres - ES EL MOMENTO<\/div><\/div><div class=\"play\"><\/div><div class=\"ctrl\"><div class=\"Lctrl\"><\/div><div class=\"Rctrl\"><\/div><\/div><\/div><noscript><a href=\"https:\/\/youtu.be\/iP235XESnHk\" rel=\"nofollow\"><img loading=\"lazy\" decoding=\"async\" src=\"https:\/\/i.ytimg.com\/vi\/iP235XESnHk\/0.jpg\" alt=\"Aldemar Torres - ES EL MOMENTO\" width=\"640\" height=\"340\" \/><br \/>Ver este video en YouTube<\/a><\/noscript><meta itemprop=\"description\" content=\"\u201cES EL MOMENTO\u201d en todas las plataformas Suscr\u00edbete al canal de Youtube -Instagram www.instagram.com\/aldemartorrescantante -Facebook www.facebook.com\/aldemartorres -TikTok www.tiktok.com\/aldemartorrescantante #C\u00e1ntala #Aldemar #AldemarTorres Productor Audiovisual: Juan Defer Direcci\u00f3n de Fotograf\u00eda: Juan Defer https:\/\/www.instagram.com\/soyjuandefer?igsh=a25rN2R1b2xkZTRs Producci\u00f3n musical: Manuel Estrada &amp; Aldemar Torres Composici\u00f3n: Aldemar Torres Agradecimientos especiales Israel Barber-BarberBro Hotel El Paseo \/ Restaurante Girasol https:\/\/www.instagram.com\/restelgirasol?igsh=azM3c2ozcjNkaDV3 Modelo protag\u00f3nica Paola Chac\u00edn https:\/\/www.instagram.com\/paolarchacin?igsh=cGkyMnk2dmwzcTJ4 Actor Antagonista Neomar Cepeda https:\/\/www.instagram.com\/neomarcr1?igsh=M3Y4eWZucjNvNzBz\"><\/div><\/div><div class=\"lL\" style=\"max-width:100%;width:640px;margin:5px auto;\"><\/div><\/p>\n<h2>Una trayectoria con solidez<\/h2>\n<p>Aldemar Torres no es un novel en la escena musical. Su carrera qued\u00f3 consolidada con la fundaci\u00f3n del sexteto Vocal Song, agrupaci\u00f3n con la que obtuvo una nominaci\u00f3n a los Latin Grammy en 2013 y grab\u00f3 ocho producciones discogr\u00e1ficas.<\/p>\n<p>A lo largo de su recorrido art\u00edstico, ha sido descrito por colegas de la industria como un \u00abgenio\u00bb de la m\u00fasica.<\/p>\n<p>Su palmar\u00e9s incluye galardones nacionales de prestigio, como el Mara de Oro y la Orqu\u00eddea de Diamante en dos oportunidades, as\u00ed como reconocimientos internacionales, entre los que destaca el Mediterranean Award, recibido en Italia.<\/p>\n<p>En su repertorio figuran \u00e9xitos como \u00abLa santa y la diabla\u00bb, \u00abF\u00edjate que si\u00bb, \u00abEl amante\u00bb, \u00abNo tengo otra opci\u00f3n\u00bb y \u00abMaldita traici\u00f3n\u00bb, que abarcan diversos g\u00e9neros.<\/p>\n<p><a class=\"keychainify-checked\" href=\"https:\/\/digital58.com.ve\/site\/wp-content\/uploads\/2025\/09\/Aldemar-Torres-2.webp\"><img loading=\"lazy\" decoding=\"async\" class=\"aligncenter size-full wp-image-190286\" src=\"https:\/\/digital58.com.ve\/site\/wp-content\/uploads\/2025\/09\/Aldemar-Torres-2.webp\" alt=\"\" width=\"619\" height=\"900\" srcset=\"https:\/\/digital58.com.ve\/site\/wp-content\/uploads\/2025\/09\/Aldemar-Torres-2.webp 619w, https:\/\/digital58.com.ve\/site\/wp-content\/uploads\/2025\/09\/Aldemar-Torres-2-206x300.webp 206w\" sizes=\"auto, (max-width: 619px) 100vw, 619px\" \/><\/a><\/p>\n<h2>Un reinicio con equipo de apoyo<\/h2>\n<p>Este lanzamiento marca el reinicio de su camino como solista, que seg\u00fan afirma, emprende \u00abcon pasos firmes\u00bb.<\/p>\n<p>Torres cuenta con el respaldo de un equipo comunicacional y de m\u00fasicos comprometidos con llevar un repertorio de calidad a cada grabaci\u00f3n y presentaci\u00f3n en vivo.<\/p>\n<p>El artista invita a su audiencia a disfrutar de su nueva propuesta con un simple mensaje: \u00ab\u00a1C\u00e1ntala!\u00bb.<\/p>\n<p><strong>Sala de redacci\u00f3n ND58<\/strong><br \/>\n<strong>Edici\u00f3n: Villasmil, Henry<\/strong><br \/>\n<strong>Gr\u00e1ficas: Cortes\u00eda<\/strong><\/p>\n<p>&nbsp;<\/p>\n<p>&nbsp;<\/p>\n<p>&nbsp;<\/p>\n<p>&nbsp;<\/p><div class=\"yncqj69ef5f73cb28e\" ><p style=\"text-align: center;\"><a href=\"https:\/\/t.me\/noticiasdigital58\" target=\"_blank\" rel=\"noopener\"><img class=\"aligncenter size-full wp-image-125363\" src=\"https:\/\/digital58.com.ve\/site\/wp-content\/uploads\/2021\/04\/banner-telegram-web-2021.png\" alt=\"\" width=\"600\" height=\"90\" \/><\/a><\/p><\/div><style type=\"text\/css\">\r\n@media screen and (min-width: 1201px) {\r\n.yncqj69ef5f73cb28e {\r\ndisplay: block;\r\n}\r\n}\r\n@media screen and (min-width: 993px) and (max-width: 1200px) {\r\n.yncqj69ef5f73cb28e {\r\ndisplay: block;\r\n}\r\n}\r\n@media screen and (min-width: 769px) and (max-width: 992px) {\r\n.yncqj69ef5f73cb28e {\r\ndisplay: block;\r\n}\r\n}\r\n@media screen and (min-width: 768px) and (max-width: 768px) {\r\n.yncqj69ef5f73cb28e {\r\ndisplay: block;\r\n}\r\n}\r\n@media screen and (max-width: 767px) {\r\n.yncqj69ef5f73cb28e {\r\ndisplay: block;\r\n}\r\n}\r\n<\/style>\r\n\n<p>&nbsp;<\/p>\n<div style=\"margin-top: 0px; margin-bottom: 0px;\" class=\"sharethis-inline-share-buttons\" ><\/div>","protected":false},"excerpt":{"rendered":"<p>El cantante venezolano, nominado al Latin Grammy, reinicia su carrera con una nueva producci\u00f3n musical junto a Manuel Estrada. Maracaibo,<\/p>\n","protected":false},"author":1,"featured_media":190285,"comment_status":"open","ping_status":"closed","sticky":false,"template":"","format":"standard","meta":{"colormag_page_container_layout":"default_layout","colormag_page_sidebar_layout":"default_layout","_uag_custom_page_level_css":"","footnotes":""},"categories":[1,5414],"tags":[31347,6173,78,50,273,11583,73,233,2354,761],"class_list":["post-190284","post","type-post","status-publish","format-standard","has-post-thumbnail","hentry","category-fama","category-talento_nacional","tag-aldemar-torres","tag-balada-pop","tag-cantantes","tag-entretenimiento","tag-farandula","tag-lanzamientos-musicales","tag-maracaibo","tag-nacionales","tag-regionales","tag-zulia"],"yoast_head":"<!-- This site is optimized with the Yoast SEO plugin v27.4 - https:\/\/yoast.com\/product\/yoast-seo-wordpress\/ -->\n<title>Aldemar Torres lanza el sencillo \u00abEs el momento\u00bb<\/title>\n<meta name=\"description\" content=\"Aldemar Torres, cantante venezolano nominado al Latin Grammy, lanza \u00abEs el momento\u00bb, su nuevo sencillo junto a Manuel Estrada. Vea el videoclip aqu\u00ed\" \/>\n<meta name=\"robots\" content=\"index, follow, max-snippet:-1, max-image-preview:large, max-video-preview:-1\" \/>\n<link rel=\"canonical\" href=\"https:\/\/digital58.com.ve\/site\/2025\/09\/22\/aldemar-torres-lanza-el-sencillo-es-el-momento\/\" \/>\n<meta property=\"og:locale\" content=\"es_ES\" \/>\n<meta property=\"og:type\" content=\"article\" \/>\n<meta property=\"og:title\" content=\"Aldemar Torres lanza el sencillo \u00abEs el momento\u00bb\" \/>\n<meta property=\"og:description\" content=\"Aldemar Torres, cantante venezolano nominado al Latin Grammy, lanza \u00abEs el momento\u00bb, su nuevo sencillo junto a Manuel Estrada. Vea el videoclip aqu\u00ed\" \/>\n<meta property=\"og:url\" content=\"https:\/\/digital58.com.ve\/site\/2025\/09\/22\/aldemar-torres-lanza-el-sencillo-es-el-momento\/\" \/>\n<meta property=\"og:site_name\" content=\"Noticias Digital58\" \/>\n<meta property=\"article:published_time\" content=\"2025-09-23T02:00:49+00:00\" \/>\n<meta property=\"article:modified_time\" content=\"2025-09-23T02:01:11+00:00\" \/>\n<meta property=\"og:image\" content=\"https:\/\/digital58.com.ve\/site\/wp-content\/uploads\/2025\/09\/Aldemar-Torres.webp\" \/>\n\t<meta property=\"og:image:width\" content=\"900\" \/>\n\t<meta property=\"og:image:height\" content=\"532\" \/>\n\t<meta property=\"og:image:type\" content=\"image\/webp\" \/>\n<meta name=\"author\" content=\"Villasmil Henry\" \/>\n<meta name=\"twitter:card\" content=\"summary_large_image\" \/>\n<meta name=\"twitter:creator\" content=\"@https:\/\/twitter.com\/villasmilhfoto\" \/>\n<meta name=\"twitter:site\" content=\"@villasmilhfoto\" \/>\n<meta name=\"twitter:label1\" content=\"Escrito por\" \/>\n\t<meta name=\"twitter:data1\" content=\"Villasmil Henry\" \/>\n\t<meta name=\"twitter:label2\" content=\"Tiempo estimado de lectura\" \/>\n\t<meta name=\"twitter:data2\" content=\"3 minutos\" \/>\n<script type=\"application\/ld+json\" class=\"yoast-schema-graph\">{\"@context\":\"https:\\\/\\\/schema.org\",\"@graph\":[{\"@type\":\"Article\",\"@id\":\"https:\\\/\\\/digital58.com.ve\\\/site\\\/2025\\\/09\\\/22\\\/aldemar-torres-lanza-el-sencillo-es-el-momento\\\/#article\",\"isPartOf\":{\"@id\":\"https:\\\/\\\/digital58.com.ve\\\/site\\\/2025\\\/09\\\/22\\\/aldemar-torres-lanza-el-sencillo-es-el-momento\\\/\"},\"author\":{\"name\":\"Villasmil Henry\",\"@id\":\"https:\\\/\\\/digital58.com.ve\\\/site\\\/#\\\/schema\\\/person\\\/64d1c2e4d0d4fd1b849980c4331c2951\"},\"headline\":\"Aldemar Torres lanza el sencillo \u00abEs el momento\u00bb\",\"datePublished\":\"2025-09-23T02:00:49+00:00\",\"dateModified\":\"2025-09-23T02:01:11+00:00\",\"mainEntityOfPage\":{\"@id\":\"https:\\\/\\\/digital58.com.ve\\\/site\\\/2025\\\/09\\\/22\\\/aldemar-torres-lanza-el-sencillo-es-el-momento\\\/\"},\"wordCount\":409,\"commentCount\":0,\"publisher\":{\"@id\":\"https:\\\/\\\/digital58.com.ve\\\/site\\\/#\\\/schema\\\/person\\\/64d1c2e4d0d4fd1b849980c4331c2951\"},\"image\":{\"@id\":\"https:\\\/\\\/digital58.com.ve\\\/site\\\/2025\\\/09\\\/22\\\/aldemar-torres-lanza-el-sencillo-es-el-momento\\\/#primaryimage\"},\"thumbnailUrl\":\"https:\\\/\\\/digital58.com.ve\\\/site\\\/wp-content\\\/uploads\\\/2025\\\/09\\\/Aldemar-Torres.webp\",\"keywords\":[\"Aldemar Torres\",\"Balada Pop\",\"Cantantes\",\"Entretenimiento\",\"Far\u00e1ndula\",\"Lanzamientos Musicales\",\"Maracaibo\",\"Nacionales\",\"Regionales\",\"Zulia\"],\"articleSection\":[\"Fama\",\"Talento Nacional\"],\"inLanguage\":\"es\",\"potentialAction\":[{\"@type\":\"CommentAction\",\"name\":\"Comment\",\"target\":[\"https:\\\/\\\/digital58.com.ve\\\/site\\\/2025\\\/09\\\/22\\\/aldemar-torres-lanza-el-sencillo-es-el-momento\\\/#respond\"]}]},{\"@type\":\"WebPage\",\"@id\":\"https:\\\/\\\/digital58.com.ve\\\/site\\\/2025\\\/09\\\/22\\\/aldemar-torres-lanza-el-sencillo-es-el-momento\\\/\",\"url\":\"https:\\\/\\\/digital58.com.ve\\\/site\\\/2025\\\/09\\\/22\\\/aldemar-torres-lanza-el-sencillo-es-el-momento\\\/\",\"name\":\"Aldemar Torres lanza el sencillo \u00abEs el momento\u00bb\",\"isPartOf\":{\"@id\":\"https:\\\/\\\/digital58.com.ve\\\/site\\\/#website\"},\"primaryImageOfPage\":{\"@id\":\"https:\\\/\\\/digital58.com.ve\\\/site\\\/2025\\\/09\\\/22\\\/aldemar-torres-lanza-el-sencillo-es-el-momento\\\/#primaryimage\"},\"image\":{\"@id\":\"https:\\\/\\\/digital58.com.ve\\\/site\\\/2025\\\/09\\\/22\\\/aldemar-torres-lanza-el-sencillo-es-el-momento\\\/#primaryimage\"},\"thumbnailUrl\":\"https:\\\/\\\/digital58.com.ve\\\/site\\\/wp-content\\\/uploads\\\/2025\\\/09\\\/Aldemar-Torres.webp\",\"datePublished\":\"2025-09-23T02:00:49+00:00\",\"dateModified\":\"2025-09-23T02:01:11+00:00\",\"description\":\"Aldemar Torres, cantante venezolano nominado al Latin Grammy, lanza \u00abEs el momento\u00bb, su nuevo sencillo junto a Manuel Estrada. Vea el videoclip aqu\u00ed\",\"breadcrumb\":{\"@id\":\"https:\\\/\\\/digital58.com.ve\\\/site\\\/2025\\\/09\\\/22\\\/aldemar-torres-lanza-el-sencillo-es-el-momento\\\/#breadcrumb\"},\"inLanguage\":\"es\",\"potentialAction\":[{\"@type\":\"ReadAction\",\"target\":[\"https:\\\/\\\/digital58.com.ve\\\/site\\\/2025\\\/09\\\/22\\\/aldemar-torres-lanza-el-sencillo-es-el-momento\\\/\"]}]},{\"@type\":\"ImageObject\",\"inLanguage\":\"es\",\"@id\":\"https:\\\/\\\/digital58.com.ve\\\/site\\\/2025\\\/09\\\/22\\\/aldemar-torres-lanza-el-sencillo-es-el-momento\\\/#primaryimage\",\"url\":\"https:\\\/\\\/digital58.com.ve\\\/site\\\/wp-content\\\/uploads\\\/2025\\\/09\\\/Aldemar-Torres.webp\",\"contentUrl\":\"https:\\\/\\\/digital58.com.ve\\\/site\\\/wp-content\\\/uploads\\\/2025\\\/09\\\/Aldemar-Torres.webp\",\"width\":900,\"height\":532},{\"@type\":\"BreadcrumbList\",\"@id\":\"https:\\\/\\\/digital58.com.ve\\\/site\\\/2025\\\/09\\\/22\\\/aldemar-torres-lanza-el-sencillo-es-el-momento\\\/#breadcrumb\",\"itemListElement\":[{\"@type\":\"ListItem\",\"position\":1,\"name\":\"Home\",\"item\":\"https:\\\/\\\/digital58.com.ve\\\/site\\\/\"},{\"@type\":\"ListItem\",\"position\":2,\"name\":\"Aldemar Torres lanza el sencillo \u00abEs el momento\u00bb\"}]},{\"@type\":\"WebSite\",\"@id\":\"https:\\\/\\\/digital58.com.ve\\\/site\\\/#website\",\"url\":\"https:\\\/\\\/digital58.com.ve\\\/site\\\/\",\"name\":\"Noticias Digital58\",\"description\":\"Portal de Noticias \u00a1Periodismo web de verdad! Lanzamiento web 22.11.2005 \\\/ Maracaibo, Venezuela\",\"publisher\":{\"@id\":\"https:\\\/\\\/digital58.com.ve\\\/site\\\/#\\\/schema\\\/person\\\/64d1c2e4d0d4fd1b849980c4331c2951\"},\"alternateName\":\"ND58\",\"potentialAction\":[{\"@type\":\"SearchAction\",\"target\":{\"@type\":\"EntryPoint\",\"urlTemplate\":\"https:\\\/\\\/digital58.com.ve\\\/site\\\/?s={search_term_string}\"},\"query-input\":{\"@type\":\"PropertyValueSpecification\",\"valueRequired\":true,\"valueName\":\"search_term_string\"}}],\"inLanguage\":\"es\"},{\"@type\":[\"Person\",\"Organization\"],\"@id\":\"https:\\\/\\\/digital58.com.ve\\\/site\\\/#\\\/schema\\\/person\\\/64d1c2e4d0d4fd1b849980c4331c2951\",\"name\":\"Villasmil Henry\",\"image\":{\"@type\":\"ImageObject\",\"inLanguage\":\"es\",\"@id\":\"https:\\\/\\\/secure.gravatar.com\\\/avatar\\\/bb0c4a2fcb7970138239f7e404ea75757b1b507b28b5ce4c53fbd62d797c5a7c?s=96&d=mm&r=g\",\"url\":\"https:\\\/\\\/secure.gravatar.com\\\/avatar\\\/bb0c4a2fcb7970138239f7e404ea75757b1b507b28b5ce4c53fbd62d797c5a7c?s=96&d=mm&r=g\",\"contentUrl\":\"https:\\\/\\\/secure.gravatar.com\\\/avatar\\\/bb0c4a2fcb7970138239f7e404ea75757b1b507b28b5ce4c53fbd62d797c5a7c?s=96&d=mm&r=g\",\"caption\":\"Villasmil Henry\"},\"logo\":{\"@id\":\"https:\\\/\\\/secure.gravatar.com\\\/avatar\\\/bb0c4a2fcb7970138239f7e404ea75757b1b507b28b5ce4c53fbd62d797c5a7c?s=96&d=mm&r=g\"},\"sameAs\":[\"http:\\\/\\\/www.henryvillasmil.com.ve\",\"https:\\\/\\\/www.instagram.com\\\/villasmilhfoto\\\/\",\"https:\\\/\\\/x.com\\\/https:\\\/\\\/twitter.com\\\/villasmilhfoto\"],\"url\":\"https:\\\/\\\/digital58.com.ve\\\/site\\\/author\\\/droopy_68\\\/\"}]}<\/script>\n<!-- \/ Yoast SEO plugin. -->","yoast_head_json":{"title":"Aldemar Torres lanza el sencillo \u00abEs el momento\u00bb","description":"Aldemar Torres, cantante venezolano nominado al Latin Grammy, lanza \u00abEs el momento\u00bb, su nuevo sencillo junto a Manuel Estrada. Vea el videoclip aqu\u00ed","robots":{"index":"index","follow":"follow","max-snippet":"max-snippet:-1","max-image-preview":"max-image-preview:large","max-video-preview":"max-video-preview:-1"},"canonical":"https:\/\/digital58.com.ve\/site\/2025\/09\/22\/aldemar-torres-lanza-el-sencillo-es-el-momento\/","og_locale":"es_ES","og_type":"article","og_title":"Aldemar Torres lanza el sencillo \u00abEs el momento\u00bb","og_description":"Aldemar Torres, cantante venezolano nominado al Latin Grammy, lanza \u00abEs el momento\u00bb, su nuevo sencillo junto a Manuel Estrada. Vea el videoclip aqu\u00ed","og_url":"https:\/\/digital58.com.ve\/site\/2025\/09\/22\/aldemar-torres-lanza-el-sencillo-es-el-momento\/","og_site_name":"Noticias Digital58","article_published_time":"2025-09-23T02:00:49+00:00","article_modified_time":"2025-09-23T02:01:11+00:00","og_image":[{"width":900,"height":532,"url":"https:\/\/digital58.com.ve\/site\/wp-content\/uploads\/2025\/09\/Aldemar-Torres.webp","type":"image\/webp"}],"author":"Villasmil Henry","twitter_card":"summary_large_image","twitter_creator":"@https:\/\/twitter.com\/villasmilhfoto","twitter_site":"@villasmilhfoto","twitter_misc":{"Escrito por":"Villasmil Henry","Tiempo estimado de lectura":"3 minutos"},"schema":{"@context":"https:\/\/schema.org","@graph":[{"@type":"Article","@id":"https:\/\/digital58.com.ve\/site\/2025\/09\/22\/aldemar-torres-lanza-el-sencillo-es-el-momento\/#article","isPartOf":{"@id":"https:\/\/digital58.com.ve\/site\/2025\/09\/22\/aldemar-torres-lanza-el-sencillo-es-el-momento\/"},"author":{"name":"Villasmil Henry","@id":"https:\/\/digital58.com.ve\/site\/#\/schema\/person\/64d1c2e4d0d4fd1b849980c4331c2951"},"headline":"Aldemar Torres lanza el sencillo \u00abEs el momento\u00bb","datePublished":"2025-09-23T02:00:49+00:00","dateModified":"2025-09-23T02:01:11+00:00","mainEntityOfPage":{"@id":"https:\/\/digital58.com.ve\/site\/2025\/09\/22\/aldemar-torres-lanza-el-sencillo-es-el-momento\/"},"wordCount":409,"commentCount":0,"publisher":{"@id":"https:\/\/digital58.com.ve\/site\/#\/schema\/person\/64d1c2e4d0d4fd1b849980c4331c2951"},"image":{"@id":"https:\/\/digital58.com.ve\/site\/2025\/09\/22\/aldemar-torres-lanza-el-sencillo-es-el-momento\/#primaryimage"},"thumbnailUrl":"https:\/\/digital58.com.ve\/site\/wp-content\/uploads\/2025\/09\/Aldemar-Torres.webp","keywords":["Aldemar Torres","Balada Pop","Cantantes","Entretenimiento","Far\u00e1ndula","Lanzamientos Musicales","Maracaibo","Nacionales","Regionales","Zulia"],"articleSection":["Fama","Talento Nacional"],"inLanguage":"es","potentialAction":[{"@type":"CommentAction","name":"Comment","target":["https:\/\/digital58.com.ve\/site\/2025\/09\/22\/aldemar-torres-lanza-el-sencillo-es-el-momento\/#respond"]}]},{"@type":"WebPage","@id":"https:\/\/digital58.com.ve\/site\/2025\/09\/22\/aldemar-torres-lanza-el-sencillo-es-el-momento\/","url":"https:\/\/digital58.com.ve\/site\/2025\/09\/22\/aldemar-torres-lanza-el-sencillo-es-el-momento\/","name":"Aldemar Torres lanza el sencillo \u00abEs el momento\u00bb","isPartOf":{"@id":"https:\/\/digital58.com.ve\/site\/#website"},"primaryImageOfPage":{"@id":"https:\/\/digital58.com.ve\/site\/2025\/09\/22\/aldemar-torres-lanza-el-sencillo-es-el-momento\/#primaryimage"},"image":{"@id":"https:\/\/digital58.com.ve\/site\/2025\/09\/22\/aldemar-torres-lanza-el-sencillo-es-el-momento\/#primaryimage"},"thumbnailUrl":"https:\/\/digital58.com.ve\/site\/wp-content\/uploads\/2025\/09\/Aldemar-Torres.webp","datePublished":"2025-09-23T02:00:49+00:00","dateModified":"2025-09-23T02:01:11+00:00","description":"Aldemar Torres, cantante venezolano nominado al Latin Grammy, lanza \u00abEs el momento\u00bb, su nuevo sencillo junto a Manuel Estrada. Vea el videoclip aqu\u00ed","breadcrumb":{"@id":"https:\/\/digital58.com.ve\/site\/2025\/09\/22\/aldemar-torres-lanza-el-sencillo-es-el-momento\/#breadcrumb"},"inLanguage":"es","potentialAction":[{"@type":"ReadAction","target":["https:\/\/digital58.com.ve\/site\/2025\/09\/22\/aldemar-torres-lanza-el-sencillo-es-el-momento\/"]}]},{"@type":"ImageObject","inLanguage":"es","@id":"https:\/\/digital58.com.ve\/site\/2025\/09\/22\/aldemar-torres-lanza-el-sencillo-es-el-momento\/#primaryimage","url":"https:\/\/digital58.com.ve\/site\/wp-content\/uploads\/2025\/09\/Aldemar-Torres.webp","contentUrl":"https:\/\/digital58.com.ve\/site\/wp-content\/uploads\/2025\/09\/Aldemar-Torres.webp","width":900,"height":532},{"@type":"BreadcrumbList","@id":"https:\/\/digital58.com.ve\/site\/2025\/09\/22\/aldemar-torres-lanza-el-sencillo-es-el-momento\/#breadcrumb","itemListElement":[{"@type":"ListItem","position":1,"name":"Home","item":"https:\/\/digital58.com.ve\/site\/"},{"@type":"ListItem","position":2,"name":"Aldemar Torres lanza el sencillo \u00abEs el momento\u00bb"}]},{"@type":"WebSite","@id":"https:\/\/digital58.com.ve\/site\/#website","url":"https:\/\/digital58.com.ve\/site\/","name":"Noticias Digital58","description":"Portal de Noticias \u00a1Periodismo web de verdad! Lanzamiento web 22.11.2005 \/ Maracaibo, Venezuela","publisher":{"@id":"https:\/\/digital58.com.ve\/site\/#\/schema\/person\/64d1c2e4d0d4fd1b849980c4331c2951"},"alternateName":"ND58","potentialAction":[{"@type":"SearchAction","target":{"@type":"EntryPoint","urlTemplate":"https:\/\/digital58.com.ve\/site\/?s={search_term_string}"},"query-input":{"@type":"PropertyValueSpecification","valueRequired":true,"valueName":"search_term_string"}}],"inLanguage":"es"},{"@type":["Person","Organization"],"@id":"https:\/\/digital58.com.ve\/site\/#\/schema\/person\/64d1c2e4d0d4fd1b849980c4331c2951","name":"Villasmil Henry","image":{"@type":"ImageObject","inLanguage":"es","@id":"https:\/\/secure.gravatar.com\/avatar\/bb0c4a2fcb7970138239f7e404ea75757b1b507b28b5ce4c53fbd62d797c5a7c?s=96&d=mm&r=g","url":"https:\/\/secure.gravatar.com\/avatar\/bb0c4a2fcb7970138239f7e404ea75757b1b507b28b5ce4c53fbd62d797c5a7c?s=96&d=mm&r=g","contentUrl":"https:\/\/secure.gravatar.com\/avatar\/bb0c4a2fcb7970138239f7e404ea75757b1b507b28b5ce4c53fbd62d797c5a7c?s=96&d=mm&r=g","caption":"Villasmil Henry"},"logo":{"@id":"https:\/\/secure.gravatar.com\/avatar\/bb0c4a2fcb7970138239f7e404ea75757b1b507b28b5ce4c53fbd62d797c5a7c?s=96&d=mm&r=g"},"sameAs":["http:\/\/www.henryvillasmil.com.ve","https:\/\/www.instagram.com\/villasmilhfoto\/","https:\/\/x.com\/https:\/\/twitter.com\/villasmilhfoto"],"url":"https:\/\/digital58.com.ve\/site\/author\/droopy_68\/"}]}},"uagb_featured_image_src":{"full":["https:\/\/digital58.com.ve\/site\/wp-content\/uploads\/2025\/09\/Aldemar-Torres.webp",900,532,false],"thumbnail":["https:\/\/digital58.com.ve\/site\/wp-content\/uploads\/2025\/09\/Aldemar-Torres-150x150.webp",150,150,true],"medium":["https:\/\/digital58.com.ve\/site\/wp-content\/uploads\/2025\/09\/Aldemar-Torres-300x177.webp",300,177,true],"medium_large":["https:\/\/digital58.com.ve\/site\/wp-content\/uploads\/2025\/09\/Aldemar-Torres-768x454.webp",768,454,true],"large":["https:\/\/digital58.com.ve\/site\/wp-content\/uploads\/2025\/09\/Aldemar-Torres.webp",800,473,false],"1536x1536":["https:\/\/digital58.com.ve\/site\/wp-content\/uploads\/2025\/09\/Aldemar-Torres.webp",900,532,false],"2048x2048":["https:\/\/digital58.com.ve\/site\/wp-content\/uploads\/2025\/09\/Aldemar-Torres.webp",900,532,false],"colormag-highlighted-post":["https:\/\/digital58.com.ve\/site\/wp-content\/uploads\/2025\/09\/Aldemar-Torres-392x272.webp",392,272,true],"colormag-featured-post-medium":["https:\/\/digital58.com.ve\/site\/wp-content\/uploads\/2025\/09\/Aldemar-Torres-390x205.webp",390,205,true],"colormag-featured-post-small":["https:\/\/digital58.com.ve\/site\/wp-content\/uploads\/2025\/09\/Aldemar-Torres-130x90.webp",130,90,true],"colormag-featured-image":["https:\/\/digital58.com.ve\/site\/wp-content\/uploads\/2025\/09\/Aldemar-Torres-800x445.webp",800,445,true],"colormag-default-news":["https:\/\/digital58.com.ve\/site\/wp-content\/uploads\/2025\/09\/Aldemar-Torres-150x150.webp",150,150,true],"colormag-featured-image-large":["https:\/\/digital58.com.ve\/site\/wp-content\/uploads\/2025\/09\/Aldemar-Torres.webp",900,532,false]},"uagb_author_info":{"display_name":"Villasmil Henry","author_link":"https:\/\/digital58.com.ve\/site\/author\/droopy_68\/"},"uagb_comment_info":0,"uagb_excerpt":"El cantante venezolano, nominado al Latin Grammy, reinicia su carrera con una nueva producci\u00f3n musical junto a Manuel Estrada. Maracaibo,","_links":{"self":[{"href":"https:\/\/digital58.com.ve\/site\/wp-json\/wp\/v2\/posts\/190284","targetHints":{"allow":["GET"]}}],"collection":[{"href":"https:\/\/digital58.com.ve\/site\/wp-json\/wp\/v2\/posts"}],"about":[{"href":"https:\/\/digital58.com.ve\/site\/wp-json\/wp\/v2\/types\/post"}],"author":[{"embeddable":true,"href":"https:\/\/digital58.com.ve\/site\/wp-json\/wp\/v2\/users\/1"}],"replies":[{"embeddable":true,"href":"https:\/\/digital58.com.ve\/site\/wp-json\/wp\/v2\/comments?post=190284"}],"version-history":[{"count":2,"href":"https:\/\/digital58.com.ve\/site\/wp-json\/wp\/v2\/posts\/190284\/revisions"}],"predecessor-version":[{"id":190288,"href":"https:\/\/digital58.com.ve\/site\/wp-json\/wp\/v2\/posts\/190284\/revisions\/190288"}],"wp:featuredmedia":[{"embeddable":true,"href":"https:\/\/digital58.com.ve\/site\/wp-json\/wp\/v2\/media\/190285"}],"wp:attachment":[{"href":"https:\/\/digital58.com.ve\/site\/wp-json\/wp\/v2\/media?parent=190284"}],"wp:term":[{"taxonomy":"category","embeddable":true,"href":"https:\/\/digital58.com.ve\/site\/wp-json\/wp\/v2\/categories?post=190284"},{"taxonomy":"post_tag","embeddable":true,"href":"https:\/\/digital58.com.ve\/site\/wp-json\/wp\/v2\/tags?post=190284"}],"curies":[{"name":"wp","href":"https:\/\/api.w.org\/{rel}","templated":true}]}}