{"id":190327,"date":"2025-09-23T19:52:27","date_gmt":"2025-09-23T23:52:27","guid":{"rendered":"https:\/\/digital58.com.ve\/site\/?p=190327"},"modified":"2025-09-23T19:52:27","modified_gmt":"2025-09-23T23:52:27","slug":"venezuela-estudia-declarar-estado-de-excepcion-por-amenazas-externas","status":"publish","type":"post","link":"https:\/\/digital58.com.ve\/site\/2025\/09\/23\/venezuela-estudia-declarar-estado-de-excepcion-por-amenazas-externas\/","title":{"rendered":"Venezuela estudia declarar estado de excepci\u00f3n por amenazas externas"},"content":{"rendered":"<p><a class=\"keychainify-checked\" href=\"https:\/\/digital58.com.ve\/site\/wp-content\/uploads\/2025\/03\/nicolas-maduro-25.webp\"><img loading=\"lazy\" decoding=\"async\" class=\"aligncenter wp-image-185790 size-full\" src=\"https:\/\/digital58.com.ve\/site\/wp-content\/uploads\/2025\/03\/nicolas-maduro-25.webp\" alt=\"El presidente de Venezuela, Nicol\u00e1s Maduro, se reuni\u00f3 este martes con los m\u00e1ximos representantes de los poderes p\u00fablicos del pa\u00eds para evaluar decretar un \u00abestado de conmoci\u00f3n exterior\u00bb en respuesta a lo que su gobierno califica como \u00abagresiones y amenazas\u00bb por parte de Estados Unidos, cuyo despliegue naval en aguas del Caribe genera una creciente tensi\u00f3n.\" width=\"900\" height=\"600\" srcset=\"https:\/\/digital58.com.ve\/site\/wp-content\/uploads\/2025\/03\/nicolas-maduro-25.webp 900w, https:\/\/digital58.com.ve\/site\/wp-content\/uploads\/2025\/03\/nicolas-maduro-25-300x200.webp 300w, https:\/\/digital58.com.ve\/site\/wp-content\/uploads\/2025\/03\/nicolas-maduro-25-768x512.webp 768w\" sizes=\"auto, (max-width: 900px) 100vw, 900px\" \/><\/a><\/p>\n<blockquote><p>El gobierno de Nicol\u00e1s Maduro eval\u00faa activar esta figura constitucional ante el despliegue militar de Estados Unidos en el Caribe, acci\u00f3n que Caracas considera una agresi\u00f3n.<\/p><\/blockquote>\n<p><strong>Caracas, DC, Venezuela, 23 de septiembre de 2025 (ND58).\u2013<\/strong> El presidente de Venezuela, Nicol\u00e1s Maduro, se reuni\u00f3 este martes con los m\u00e1ximos representantes de los poderes p\u00fablicos del pa\u00eds para evaluar decretar un <strong>\u00abestado de conmoci\u00f3n exterior\u00bb<\/strong> en respuesta a lo que su gobierno califica como \u00abagresiones y amenazas\u00bb por parte de Estados Unidos, cuyo despliegue naval en aguas del Caribe genera una creciente tensi\u00f3n.<\/p>\n<p>El objetivo de la medida, seg\u00fan explic\u00f3 el mandatario, es movilizar y proteger a la naci\u00f3n ante cualquier escenario de conflicto.<\/p>\n<p>La decisi\u00f3n se debate en el Comit\u00e9 Ejecutivo Nacional, en una sesi\u00f3n transmitida en vivo por la televisi\u00f3n estatal.<\/p>\n<h2>Fundamento constitucional de la medida<\/h2>\n<p>La Constituci\u00f3n venezolana establece que esta figura puede activarse \u00aben caso de conflicto interno o externo que ponga seriamente en peligro la seguridad de la naci\u00f3n\u00bb.<\/p>\n<p>El decreto tendr\u00eda una vigencia inicial de hasta 90 d\u00edas, prorrogable por un per\u00edodo igual.<\/p>\n<h2>Unidad de los poderes del Estado<\/h2>\n<p>En la reuni\u00f3n participaron la vicepresidenta Delcy Rodr\u00edguez y los presidentes del Tribunal Supremo de Justicia y de la Asamblea Nacional, entre otros funcionarios.<\/p>\n<p>Rodr\u00edguez afirm\u00f3 que la convocatoria es \u00abmuy pertinente\u00bb para \u00abblindar constitucionalmente las acciones del Estado venezolano en la defensa de la paz y la integridad territorial\u00bb.<\/p>\n<h2>Preparaci\u00f3n ante diversos escenarios<\/h2>\n<p>La presidenta del Tribunal Supremo de Justicia, Caryslia Beatriz Rodr\u00edguez, asegur\u00f3 que el pa\u00eds se prepara para \u00ababordar cualquiera de los escenarios\u00bb y que el Poder Judicial cumple su rol para \u00abgarantizar la estabilidad nacional\u00bb.<\/p>\n<p>Este encuentro se produce despu\u00e9s de una marcha del oficialismo en Caracas que incluy\u00f3 el despliegue de veh\u00edculos militares.<\/p>\n<h2>El contexto del conflicto bilateral<\/h2>\n<p>La tensi\u00f3n surge por la presencia de buques de guerra estadounidenses en la regi\u00f3n. Washington justifica el operativo como parte de la lucha contra el narcotr\u00e1fico, mientras que el gobierno venezolano lo denuncia como un plan encubierto para forzar un cambio de gobierno.<\/p>\n<p><strong>ND58 | Fuente: EFE<\/strong><br \/>\n<strong>Edici\u00f3n: Villasmil, Henry<\/strong><br \/>\n<strong>Gr\u00e1fica: De archivo referencial<\/strong><\/p>\n<p>&nbsp;<\/p>\n<p>&nbsp;<\/p>\n<p>&nbsp;<\/p><div class=\"ttvwy69f235ee83540\" ><p style=\"text-align: center;\"><a href=\"https:\/\/t.me\/noticiasdigital58\" target=\"_blank\" rel=\"noopener\"><img class=\"aligncenter size-full wp-image-125363\" src=\"https:\/\/digital58.com.ve\/site\/wp-content\/uploads\/2021\/04\/banner-telegram-web-2021.png\" alt=\"\" width=\"600\" height=\"90\" \/><\/a><\/p><\/div><style type=\"text\/css\">\r\n@media screen and (min-width: 1201px) {\r\n.ttvwy69f235ee83540 {\r\ndisplay: block;\r\n}\r\n}\r\n@media screen and (min-width: 993px) and (max-width: 1200px) {\r\n.ttvwy69f235ee83540 {\r\ndisplay: block;\r\n}\r\n}\r\n@media screen and (min-width: 769px) and (max-width: 992px) {\r\n.ttvwy69f235ee83540 {\r\ndisplay: block;\r\n}\r\n}\r\n@media screen and (min-width: 768px) and (max-width: 768px) {\r\n.ttvwy69f235ee83540 {\r\ndisplay: block;\r\n}\r\n}\r\n@media screen and (max-width: 767px) {\r\n.ttvwy69f235ee83540 {\r\ndisplay: block;\r\n}\r\n}\r\n<\/style>\r\n\n<p>&nbsp;<\/p>\n<div style=\"margin-top: 0px; margin-bottom: 0px;\" class=\"sharethis-inline-share-buttons\" ><\/div>","protected":false},"excerpt":{"rendered":"<p>El gobierno de Nicol\u00e1s Maduro eval\u00faa activar esta figura constitucional ante el despliegue militar de Estados Unidos en el Caribe,<\/p>\n","protected":false},"author":1,"featured_media":185790,"comment_status":"open","ping_status":"closed","sticky":false,"template":"","format":"standard","meta":{"colormag_page_container_layout":"default_layout","colormag_page_sidebar_layout":"default_layout","_uag_custom_page_level_css":"","footnotes":""},"categories":[16454],"tags":[29,12740,14411,13737,233,14182],"class_list":["post-190327","post","type-post","status-publish","format-standard","has-post-thumbnail","hentry","category-venezuela","tag-caracas","tag-ee-uu","tag-estado-de-excepcion","tag-gobierno-bolivariano-de-venezuela","tag-nacionales","tag-nicolas-maduro-moros"],"yoast_head":"<!-- This site is optimized with the Yoast SEO plugin v27.5 - https:\/\/yoast.com\/product\/yoast-seo-wordpress\/ -->\n<title>Venezuela estudia declarar estado de excepci\u00f3n por amenazas externas<\/title>\n<meta name=\"description\" content=\"Venezuela eval\u00faa decretar el estado de conmoci\u00f3n exterior ante el despliegue militar de EE.UU. en el Caribe. Conozca los detalles y el fundamento legal.\" \/>\n<meta name=\"robots\" content=\"index, follow, max-snippet:-1, max-image-preview:large, max-video-preview:-1\" \/>\n<link rel=\"canonical\" href=\"https:\/\/digital58.com.ve\/site\/2025\/09\/23\/venezuela-estudia-declarar-estado-de-excepcion-por-amenazas-externas\/\" \/>\n<meta property=\"og:locale\" content=\"es_ES\" \/>\n<meta property=\"og:type\" content=\"article\" \/>\n<meta property=\"og:title\" content=\"Venezuela estudia declarar estado de excepci\u00f3n por amenazas externas\" \/>\n<meta property=\"og:description\" content=\"Venezuela eval\u00faa decretar el estado de conmoci\u00f3n exterior ante el despliegue militar de EE.UU. en el Caribe. Conozca los detalles y el fundamento legal.\" \/>\n<meta property=\"og:url\" content=\"https:\/\/digital58.com.ve\/site\/2025\/09\/23\/venezuela-estudia-declarar-estado-de-excepcion-por-amenazas-externas\/\" \/>\n<meta property=\"og:site_name\" content=\"Noticias Digital58\" \/>\n<meta property=\"article:published_time\" content=\"2025-09-23T23:52:27+00:00\" \/>\n<meta property=\"og:image\" content=\"https:\/\/digital58.com.ve\/site\/wp-content\/uploads\/2025\/03\/nicolas-maduro-25.webp\" \/>\n\t<meta property=\"og:image:width\" content=\"900\" \/>\n\t<meta property=\"og:image:height\" content=\"600\" \/>\n\t<meta property=\"og:image:type\" content=\"image\/webp\" \/>\n<meta name=\"author\" content=\"Villasmil Henry\" \/>\n<meta name=\"twitter:card\" content=\"summary_large_image\" \/>\n<meta name=\"twitter:creator\" content=\"@https:\/\/twitter.com\/villasmilhfoto\" \/>\n<meta name=\"twitter:site\" content=\"@villasmilhfoto\" \/>\n<meta name=\"twitter:label1\" content=\"Escrito por\" \/>\n\t<meta name=\"twitter:data1\" content=\"Villasmil Henry\" \/>\n\t<meta name=\"twitter:label2\" content=\"Tiempo estimado de lectura\" \/>\n\t<meta name=\"twitter:data2\" content=\"2 minutos\" \/>\n<script type=\"application\/ld+json\" class=\"yoast-schema-graph\">{\"@context\":\"https:\\\/\\\/schema.org\",\"@graph\":[{\"@type\":\"Article\",\"@id\":\"https:\\\/\\\/digital58.com.ve\\\/site\\\/2025\\\/09\\\/23\\\/venezuela-estudia-declarar-estado-de-excepcion-por-amenazas-externas\\\/#article\",\"isPartOf\":{\"@id\":\"https:\\\/\\\/digital58.com.ve\\\/site\\\/2025\\\/09\\\/23\\\/venezuela-estudia-declarar-estado-de-excepcion-por-amenazas-externas\\\/\"},\"author\":{\"name\":\"Villasmil Henry\",\"@id\":\"https:\\\/\\\/digital58.com.ve\\\/site\\\/#\\\/schema\\\/person\\\/64d1c2e4d0d4fd1b849980c4331c2951\"},\"headline\":\"Venezuela estudia declarar estado de excepci\u00f3n por amenazas externas\",\"datePublished\":\"2025-09-23T23:52:27+00:00\",\"mainEntityOfPage\":{\"@id\":\"https:\\\/\\\/digital58.com.ve\\\/site\\\/2025\\\/09\\\/23\\\/venezuela-estudia-declarar-estado-de-excepcion-por-amenazas-externas\\\/\"},\"wordCount\":393,\"commentCount\":0,\"publisher\":{\"@id\":\"https:\\\/\\\/digital58.com.ve\\\/site\\\/#\\\/schema\\\/person\\\/64d1c2e4d0d4fd1b849980c4331c2951\"},\"image\":{\"@id\":\"https:\\\/\\\/digital58.com.ve\\\/site\\\/2025\\\/09\\\/23\\\/venezuela-estudia-declarar-estado-de-excepcion-por-amenazas-externas\\\/#primaryimage\"},\"thumbnailUrl\":\"https:\\\/\\\/digital58.com.ve\\\/site\\\/wp-content\\\/uploads\\\/2025\\\/03\\\/nicolas-maduro-25.webp\",\"keywords\":[\"Caracas\",\"EE.UU\",\"Estado de Excepci\u00f3n\",\"Gobierno Bolivariano de Venezuela\",\"Nacionales\",\"Nicol\u00e1s Maduro Moros\"],\"articleSection\":[\"Venezuela\"],\"inLanguage\":\"es\",\"potentialAction\":[{\"@type\":\"CommentAction\",\"name\":\"Comment\",\"target\":[\"https:\\\/\\\/digital58.com.ve\\\/site\\\/2025\\\/09\\\/23\\\/venezuela-estudia-declarar-estado-de-excepcion-por-amenazas-externas\\\/#respond\"]}]},{\"@type\":\"WebPage\",\"@id\":\"https:\\\/\\\/digital58.com.ve\\\/site\\\/2025\\\/09\\\/23\\\/venezuela-estudia-declarar-estado-de-excepcion-por-amenazas-externas\\\/\",\"url\":\"https:\\\/\\\/digital58.com.ve\\\/site\\\/2025\\\/09\\\/23\\\/venezuela-estudia-declarar-estado-de-excepcion-por-amenazas-externas\\\/\",\"name\":\"Venezuela estudia declarar estado de excepci\u00f3n por amenazas externas\",\"isPartOf\":{\"@id\":\"https:\\\/\\\/digital58.com.ve\\\/site\\\/#website\"},\"primaryImageOfPage\":{\"@id\":\"https:\\\/\\\/digital58.com.ve\\\/site\\\/2025\\\/09\\\/23\\\/venezuela-estudia-declarar-estado-de-excepcion-por-amenazas-externas\\\/#primaryimage\"},\"image\":{\"@id\":\"https:\\\/\\\/digital58.com.ve\\\/site\\\/2025\\\/09\\\/23\\\/venezuela-estudia-declarar-estado-de-excepcion-por-amenazas-externas\\\/#primaryimage\"},\"thumbnailUrl\":\"https:\\\/\\\/digital58.com.ve\\\/site\\\/wp-content\\\/uploads\\\/2025\\\/03\\\/nicolas-maduro-25.webp\",\"datePublished\":\"2025-09-23T23:52:27+00:00\",\"description\":\"Venezuela eval\u00faa decretar el estado de conmoci\u00f3n exterior ante el despliegue militar de EE.UU. en el Caribe. Conozca los detalles y el fundamento legal.\",\"breadcrumb\":{\"@id\":\"https:\\\/\\\/digital58.com.ve\\\/site\\\/2025\\\/09\\\/23\\\/venezuela-estudia-declarar-estado-de-excepcion-por-amenazas-externas\\\/#breadcrumb\"},\"inLanguage\":\"es\",\"potentialAction\":[{\"@type\":\"ReadAction\",\"target\":[\"https:\\\/\\\/digital58.com.ve\\\/site\\\/2025\\\/09\\\/23\\\/venezuela-estudia-declarar-estado-de-excepcion-por-amenazas-externas\\\/\"]}]},{\"@type\":\"ImageObject\",\"inLanguage\":\"es\",\"@id\":\"https:\\\/\\\/digital58.com.ve\\\/site\\\/2025\\\/09\\\/23\\\/venezuela-estudia-declarar-estado-de-excepcion-por-amenazas-externas\\\/#primaryimage\",\"url\":\"https:\\\/\\\/digital58.com.ve\\\/site\\\/wp-content\\\/uploads\\\/2025\\\/03\\\/nicolas-maduro-25.webp\",\"contentUrl\":\"https:\\\/\\\/digital58.com.ve\\\/site\\\/wp-content\\\/uploads\\\/2025\\\/03\\\/nicolas-maduro-25.webp\",\"width\":900,\"height\":600},{\"@type\":\"BreadcrumbList\",\"@id\":\"https:\\\/\\\/digital58.com.ve\\\/site\\\/2025\\\/09\\\/23\\\/venezuela-estudia-declarar-estado-de-excepcion-por-amenazas-externas\\\/#breadcrumb\",\"itemListElement\":[{\"@type\":\"ListItem\",\"position\":1,\"name\":\"Home\",\"item\":\"https:\\\/\\\/digital58.com.ve\\\/site\\\/\"},{\"@type\":\"ListItem\",\"position\":2,\"name\":\"Venezuela estudia declarar estado de excepci\u00f3n por amenazas externas\"}]},{\"@type\":\"WebSite\",\"@id\":\"https:\\\/\\\/digital58.com.ve\\\/site\\\/#website\",\"url\":\"https:\\\/\\\/digital58.com.ve\\\/site\\\/\",\"name\":\"Noticias Digital58\",\"description\":\"Portal de Noticias \u00a1Periodismo web de verdad! Lanzamiento web 22.11.2005 \\\/ Maracaibo, Venezuela\",\"publisher\":{\"@id\":\"https:\\\/\\\/digital58.com.ve\\\/site\\\/#\\\/schema\\\/person\\\/64d1c2e4d0d4fd1b849980c4331c2951\"},\"alternateName\":\"ND58\",\"potentialAction\":[{\"@type\":\"SearchAction\",\"target\":{\"@type\":\"EntryPoint\",\"urlTemplate\":\"https:\\\/\\\/digital58.com.ve\\\/site\\\/?s={search_term_string}\"},\"query-input\":{\"@type\":\"PropertyValueSpecification\",\"valueRequired\":true,\"valueName\":\"search_term_string\"}}],\"inLanguage\":\"es\"},{\"@type\":[\"Person\",\"Organization\"],\"@id\":\"https:\\\/\\\/digital58.com.ve\\\/site\\\/#\\\/schema\\\/person\\\/64d1c2e4d0d4fd1b849980c4331c2951\",\"name\":\"Villasmil Henry\",\"image\":{\"@type\":\"ImageObject\",\"inLanguage\":\"es\",\"@id\":\"https:\\\/\\\/secure.gravatar.com\\\/avatar\\\/bb0c4a2fcb7970138239f7e404ea75757b1b507b28b5ce4c53fbd62d797c5a7c?s=96&d=mm&r=g\",\"url\":\"https:\\\/\\\/secure.gravatar.com\\\/avatar\\\/bb0c4a2fcb7970138239f7e404ea75757b1b507b28b5ce4c53fbd62d797c5a7c?s=96&d=mm&r=g\",\"contentUrl\":\"https:\\\/\\\/secure.gravatar.com\\\/avatar\\\/bb0c4a2fcb7970138239f7e404ea75757b1b507b28b5ce4c53fbd62d797c5a7c?s=96&d=mm&r=g\",\"caption\":\"Villasmil Henry\"},\"logo\":{\"@id\":\"https:\\\/\\\/secure.gravatar.com\\\/avatar\\\/bb0c4a2fcb7970138239f7e404ea75757b1b507b28b5ce4c53fbd62d797c5a7c?s=96&d=mm&r=g\"},\"sameAs\":[\"http:\\\/\\\/www.henryvillasmil.com.ve\",\"https:\\\/\\\/www.instagram.com\\\/villasmilhfoto\\\/\",\"https:\\\/\\\/x.com\\\/https:\\\/\\\/twitter.com\\\/villasmilhfoto\"],\"url\":\"https:\\\/\\\/digital58.com.ve\\\/site\\\/author\\\/droopy_68\\\/\"}]}<\/script>\n<!-- \/ Yoast SEO plugin. -->","yoast_head_json":{"title":"Venezuela estudia declarar estado de excepci\u00f3n por amenazas externas","description":"Venezuela eval\u00faa decretar el estado de conmoci\u00f3n exterior ante el despliegue militar de EE.UU. en el Caribe. Conozca los detalles y el fundamento legal.","robots":{"index":"index","follow":"follow","max-snippet":"max-snippet:-1","max-image-preview":"max-image-preview:large","max-video-preview":"max-video-preview:-1"},"canonical":"https:\/\/digital58.com.ve\/site\/2025\/09\/23\/venezuela-estudia-declarar-estado-de-excepcion-por-amenazas-externas\/","og_locale":"es_ES","og_type":"article","og_title":"Venezuela estudia declarar estado de excepci\u00f3n por amenazas externas","og_description":"Venezuela eval\u00faa decretar el estado de conmoci\u00f3n exterior ante el despliegue militar de EE.UU. en el Caribe. Conozca los detalles y el fundamento legal.","og_url":"https:\/\/digital58.com.ve\/site\/2025\/09\/23\/venezuela-estudia-declarar-estado-de-excepcion-por-amenazas-externas\/","og_site_name":"Noticias Digital58","article_published_time":"2025-09-23T23:52:27+00:00","og_image":[{"width":900,"height":600,"url":"https:\/\/digital58.com.ve\/site\/wp-content\/uploads\/2025\/03\/nicolas-maduro-25.webp","type":"image\/webp"}],"author":"Villasmil Henry","twitter_card":"summary_large_image","twitter_creator":"@https:\/\/twitter.com\/villasmilhfoto","twitter_site":"@villasmilhfoto","twitter_misc":{"Escrito por":"Villasmil Henry","Tiempo estimado de lectura":"2 minutos"},"schema":{"@context":"https:\/\/schema.org","@graph":[{"@type":"Article","@id":"https:\/\/digital58.com.ve\/site\/2025\/09\/23\/venezuela-estudia-declarar-estado-de-excepcion-por-amenazas-externas\/#article","isPartOf":{"@id":"https:\/\/digital58.com.ve\/site\/2025\/09\/23\/venezuela-estudia-declarar-estado-de-excepcion-por-amenazas-externas\/"},"author":{"name":"Villasmil Henry","@id":"https:\/\/digital58.com.ve\/site\/#\/schema\/person\/64d1c2e4d0d4fd1b849980c4331c2951"},"headline":"Venezuela estudia declarar estado de excepci\u00f3n por amenazas externas","datePublished":"2025-09-23T23:52:27+00:00","mainEntityOfPage":{"@id":"https:\/\/digital58.com.ve\/site\/2025\/09\/23\/venezuela-estudia-declarar-estado-de-excepcion-por-amenazas-externas\/"},"wordCount":393,"commentCount":0,"publisher":{"@id":"https:\/\/digital58.com.ve\/site\/#\/schema\/person\/64d1c2e4d0d4fd1b849980c4331c2951"},"image":{"@id":"https:\/\/digital58.com.ve\/site\/2025\/09\/23\/venezuela-estudia-declarar-estado-de-excepcion-por-amenazas-externas\/#primaryimage"},"thumbnailUrl":"https:\/\/digital58.com.ve\/site\/wp-content\/uploads\/2025\/03\/nicolas-maduro-25.webp","keywords":["Caracas","EE.UU","Estado de Excepci\u00f3n","Gobierno Bolivariano de Venezuela","Nacionales","Nicol\u00e1s Maduro Moros"],"articleSection":["Venezuela"],"inLanguage":"es","potentialAction":[{"@type":"CommentAction","name":"Comment","target":["https:\/\/digital58.com.ve\/site\/2025\/09\/23\/venezuela-estudia-declarar-estado-de-excepcion-por-amenazas-externas\/#respond"]}]},{"@type":"WebPage","@id":"https:\/\/digital58.com.ve\/site\/2025\/09\/23\/venezuela-estudia-declarar-estado-de-excepcion-por-amenazas-externas\/","url":"https:\/\/digital58.com.ve\/site\/2025\/09\/23\/venezuela-estudia-declarar-estado-de-excepcion-por-amenazas-externas\/","name":"Venezuela estudia declarar estado de excepci\u00f3n por amenazas externas","isPartOf":{"@id":"https:\/\/digital58.com.ve\/site\/#website"},"primaryImageOfPage":{"@id":"https:\/\/digital58.com.ve\/site\/2025\/09\/23\/venezuela-estudia-declarar-estado-de-excepcion-por-amenazas-externas\/#primaryimage"},"image":{"@id":"https:\/\/digital58.com.ve\/site\/2025\/09\/23\/venezuela-estudia-declarar-estado-de-excepcion-por-amenazas-externas\/#primaryimage"},"thumbnailUrl":"https:\/\/digital58.com.ve\/site\/wp-content\/uploads\/2025\/03\/nicolas-maduro-25.webp","datePublished":"2025-09-23T23:52:27+00:00","description":"Venezuela eval\u00faa decretar el estado de conmoci\u00f3n exterior ante el despliegue militar de EE.UU. en el Caribe. Conozca los detalles y el fundamento legal.","breadcrumb":{"@id":"https:\/\/digital58.com.ve\/site\/2025\/09\/23\/venezuela-estudia-declarar-estado-de-excepcion-por-amenazas-externas\/#breadcrumb"},"inLanguage":"es","potentialAction":[{"@type":"ReadAction","target":["https:\/\/digital58.com.ve\/site\/2025\/09\/23\/venezuela-estudia-declarar-estado-de-excepcion-por-amenazas-externas\/"]}]},{"@type":"ImageObject","inLanguage":"es","@id":"https:\/\/digital58.com.ve\/site\/2025\/09\/23\/venezuela-estudia-declarar-estado-de-excepcion-por-amenazas-externas\/#primaryimage","url":"https:\/\/digital58.com.ve\/site\/wp-content\/uploads\/2025\/03\/nicolas-maduro-25.webp","contentUrl":"https:\/\/digital58.com.ve\/site\/wp-content\/uploads\/2025\/03\/nicolas-maduro-25.webp","width":900,"height":600},{"@type":"BreadcrumbList","@id":"https:\/\/digital58.com.ve\/site\/2025\/09\/23\/venezuela-estudia-declarar-estado-de-excepcion-por-amenazas-externas\/#breadcrumb","itemListElement":[{"@type":"ListItem","position":1,"name":"Home","item":"https:\/\/digital58.com.ve\/site\/"},{"@type":"ListItem","position":2,"name":"Venezuela estudia declarar estado de excepci\u00f3n por amenazas externas"}]},{"@type":"WebSite","@id":"https:\/\/digital58.com.ve\/site\/#website","url":"https:\/\/digital58.com.ve\/site\/","name":"Noticias Digital58","description":"Portal de Noticias \u00a1Periodismo web de verdad! Lanzamiento web 22.11.2005 \/ Maracaibo, Venezuela","publisher":{"@id":"https:\/\/digital58.com.ve\/site\/#\/schema\/person\/64d1c2e4d0d4fd1b849980c4331c2951"},"alternateName":"ND58","potentialAction":[{"@type":"SearchAction","target":{"@type":"EntryPoint","urlTemplate":"https:\/\/digital58.com.ve\/site\/?s={search_term_string}"},"query-input":{"@type":"PropertyValueSpecification","valueRequired":true,"valueName":"search_term_string"}}],"inLanguage":"es"},{"@type":["Person","Organization"],"@id":"https:\/\/digital58.com.ve\/site\/#\/schema\/person\/64d1c2e4d0d4fd1b849980c4331c2951","name":"Villasmil Henry","image":{"@type":"ImageObject","inLanguage":"es","@id":"https:\/\/secure.gravatar.com\/avatar\/bb0c4a2fcb7970138239f7e404ea75757b1b507b28b5ce4c53fbd62d797c5a7c?s=96&d=mm&r=g","url":"https:\/\/secure.gravatar.com\/avatar\/bb0c4a2fcb7970138239f7e404ea75757b1b507b28b5ce4c53fbd62d797c5a7c?s=96&d=mm&r=g","contentUrl":"https:\/\/secure.gravatar.com\/avatar\/bb0c4a2fcb7970138239f7e404ea75757b1b507b28b5ce4c53fbd62d797c5a7c?s=96&d=mm&r=g","caption":"Villasmil Henry"},"logo":{"@id":"https:\/\/secure.gravatar.com\/avatar\/bb0c4a2fcb7970138239f7e404ea75757b1b507b28b5ce4c53fbd62d797c5a7c?s=96&d=mm&r=g"},"sameAs":["http:\/\/www.henryvillasmil.com.ve","https:\/\/www.instagram.com\/villasmilhfoto\/","https:\/\/x.com\/https:\/\/twitter.com\/villasmilhfoto"],"url":"https:\/\/digital58.com.ve\/site\/author\/droopy_68\/"}]}},"uagb_featured_image_src":{"full":["https:\/\/digital58.com.ve\/site\/wp-content\/uploads\/2025\/03\/nicolas-maduro-25.webp",900,600,false],"thumbnail":["https:\/\/digital58.com.ve\/site\/wp-content\/uploads\/2025\/03\/nicolas-maduro-25-150x150.webp",150,150,true],"medium":["https:\/\/digital58.com.ve\/site\/wp-content\/uploads\/2025\/03\/nicolas-maduro-25-300x200.webp",300,200,true],"medium_large":["https:\/\/digital58.com.ve\/site\/wp-content\/uploads\/2025\/03\/nicolas-maduro-25-768x512.webp",768,512,true],"large":["https:\/\/digital58.com.ve\/site\/wp-content\/uploads\/2025\/03\/nicolas-maduro-25.webp",800,533,false],"1536x1536":["https:\/\/digital58.com.ve\/site\/wp-content\/uploads\/2025\/03\/nicolas-maduro-25.webp",900,600,false],"2048x2048":["https:\/\/digital58.com.ve\/site\/wp-content\/uploads\/2025\/03\/nicolas-maduro-25.webp",900,600,false],"colormag-highlighted-post":["https:\/\/digital58.com.ve\/site\/wp-content\/uploads\/2025\/03\/nicolas-maduro-25-392x272.webp",392,272,true],"colormag-featured-post-medium":["https:\/\/digital58.com.ve\/site\/wp-content\/uploads\/2025\/03\/nicolas-maduro-25-390x205.webp",390,205,true],"colormag-featured-post-small":["https:\/\/digital58.com.ve\/site\/wp-content\/uploads\/2025\/03\/nicolas-maduro-25-130x90.webp",130,90,true],"colormag-featured-image":["https:\/\/digital58.com.ve\/site\/wp-content\/uploads\/2025\/03\/nicolas-maduro-25-800x445.webp",800,445,true],"colormag-default-news":["https:\/\/digital58.com.ve\/site\/wp-content\/uploads\/2025\/03\/nicolas-maduro-25-150x150.webp",150,150,true],"colormag-featured-image-large":["https:\/\/digital58.com.ve\/site\/wp-content\/uploads\/2025\/03\/nicolas-maduro-25.webp",900,600,false]},"uagb_author_info":{"display_name":"Villasmil Henry","author_link":"https:\/\/digital58.com.ve\/site\/author\/droopy_68\/"},"uagb_comment_info":0,"uagb_excerpt":"El gobierno de Nicol\u00e1s Maduro eval\u00faa activar esta figura constitucional ante el despliegue militar de Estados Unidos en el Caribe,","_links":{"self":[{"href":"https:\/\/digital58.com.ve\/site\/wp-json\/wp\/v2\/posts\/190327","targetHints":{"allow":["GET"]}}],"collection":[{"href":"https:\/\/digital58.com.ve\/site\/wp-json\/wp\/v2\/posts"}],"about":[{"href":"https:\/\/digital58.com.ve\/site\/wp-json\/wp\/v2\/types\/post"}],"author":[{"embeddable":true,"href":"https:\/\/digital58.com.ve\/site\/wp-json\/wp\/v2\/users\/1"}],"replies":[{"embeddable":true,"href":"https:\/\/digital58.com.ve\/site\/wp-json\/wp\/v2\/comments?post=190327"}],"version-history":[{"count":2,"href":"https:\/\/digital58.com.ve\/site\/wp-json\/wp\/v2\/posts\/190327\/revisions"}],"predecessor-version":[{"id":190330,"href":"https:\/\/digital58.com.ve\/site\/wp-json\/wp\/v2\/posts\/190327\/revisions\/190330"}],"wp:featuredmedia":[{"embeddable":true,"href":"https:\/\/digital58.com.ve\/site\/wp-json\/wp\/v2\/media\/185790"}],"wp:attachment":[{"href":"https:\/\/digital58.com.ve\/site\/wp-json\/wp\/v2\/media?parent=190327"}],"wp:term":[{"taxonomy":"category","embeddable":true,"href":"https:\/\/digital58.com.ve\/site\/wp-json\/wp\/v2\/categories?post=190327"},{"taxonomy":"post_tag","embeddable":true,"href":"https:\/\/digital58.com.ve\/site\/wp-json\/wp\/v2\/tags?post=190327"}],"curies":[{"name":"wp","href":"https:\/\/api.w.org\/{rel}","templated":true}]}}