{"id":190411,"date":"2025-09-24T23:41:39","date_gmt":"2025-09-25T03:41:39","guid":{"rendered":"https:\/\/digital58.com.ve\/site\/?p=190411"},"modified":"2025-09-24T23:45:14","modified_gmt":"2025-09-25T03:45:14","slug":"zulia-debate-ley-para-regular-uso-de-motocicletas","status":"publish","type":"post","link":"https:\/\/digital58.com.ve\/site\/2025\/09\/24\/zulia-debate-ley-para-regular-uso-de-motocicletas\/","title":{"rendered":"Zulia debate ley para regular uso de motocicletas"},"content":{"rendered":"<p><a class=\"keychainify-checked\" href=\"https:\/\/digital58.com.ve\/site\/wp-content\/uploads\/2025\/09\/clez-1.webp\"><img loading=\"lazy\" decoding=\"async\" class=\"aligncenter wp-image-190415 size-full\" src=\"https:\/\/digital58.com.ve\/site\/wp-content\/uploads\/2025\/09\/clez-1.webp\" alt=\"El Consejo Legislativo del estado Zulia (CLEZ) efectu\u00f3 este mi\u00e9rcoles 24 de septiembre en Cabimas una consulta p\u00fablica sobre el Proyecto de Ley Especial para Regular el Uso de Motocicletas.\" width=\"900\" height=\"498\" srcset=\"https:\/\/digital58.com.ve\/site\/wp-content\/uploads\/2025\/09\/clez-1.webp 900w, https:\/\/digital58.com.ve\/site\/wp-content\/uploads\/2025\/09\/clez-1-300x166.webp 300w, https:\/\/digital58.com.ve\/site\/wp-content\/uploads\/2025\/09\/clez-1-768x425.webp 768w\" sizes=\"auto, (max-width: 900px) 100vw, 900px\" \/><\/a><\/p>\n<blockquote><p>El Consejo Legislativo realiz\u00f3 una consulta p\u00fablica en Cabimas con autoridades y gremios para consensuar una normativa complementaria que priorice la seguridad vial.<\/p><\/blockquote>\n<p><strong>Cabimas, Zulia, Venezuela, 24 de septiembre de 2025 (ND58).-<\/strong> El Consejo Legislativo del estado Zulia (CLEZ) efectu\u00f3 este mi\u00e9rcoles 24 de septiembre en Cabimas una consulta p\u00fablica sobre el Proyecto de <strong>Ley Especial para Regular el Uso de Motocicletas<\/strong>.<\/p>\n<p>El objetivo es establecer medidas complementarias de seguridad vial y protecci\u00f3n ciudadana, con la participaci\u00f3n de alcaldes, organismos de seguridad y representantes del gremio de motorizados.<\/p>\n<p>La sesi\u00f3n se llev\u00f3 a cabo en el teatro Javier Fern\u00e1ndez de la parroquia Ambrosio, convocando a representantes de siete municipios de la Costa Oriental del Lago.<\/p>\n<p>La iniciativa legislativa busca crear un marco regulatorio espec\u00edfico para la entidad zuliana.<\/p>\n<p><a class=\"keychainify-checked\" href=\"https:\/\/digital58.com.ve\/site\/wp-content\/uploads\/2025\/09\/clez-2.webp\"><img loading=\"lazy\" decoding=\"async\" class=\"aligncenter size-full wp-image-190414\" src=\"https:\/\/digital58.com.ve\/site\/wp-content\/uploads\/2025\/09\/clez-2.webp\" alt=\"\" width=\"900\" height=\"501\" srcset=\"https:\/\/digital58.com.ve\/site\/wp-content\/uploads\/2025\/09\/clez-2.webp 900w, https:\/\/digital58.com.ve\/site\/wp-content\/uploads\/2025\/09\/clez-2-300x167.webp 300w, https:\/\/digital58.com.ve\/site\/wp-content\/uploads\/2025\/09\/clez-2-768x428.webp 768w, https:\/\/digital58.com.ve\/site\/wp-content\/uploads\/2025\/09\/clez-2-800x445.webp 800w\" sizes=\"auto, (max-width: 900px) 100vw, 900px\" \/><\/a><\/p>\n<h2>Autoridades presentes en la consulta<\/h2>\n<p>La junta consultiva fue presidida por la profesora Magdely Valbuena Mu\u00f1oz, presidenta del CLEZ, y el legislador Alberto Hern\u00e1ndez, quien dirige la comisi\u00f3n especial para la redacci\u00f3n de la ley.<\/p>\n<p>Les acompa\u00f1aron la vicepresidenta del parlamento Glenis Sempr\u00fan, otros siete parlamentarios, y los alcaldes de Cabimas y Lagunillas, Frank Carre\u00f1o y Jos\u00e9 Mosquera, respectivamente.<\/p>\n<p>Tambi\u00e9n asistieron diputados nacionales, concejales, cuerpos de seguridad y el Instituto Nacional de Transporte Terrestre.<\/p>\n<p>El Sindicato Nacional Bolivariano de Motorizados de Venezuela (Sinbom), cooperativas y comunidades organizadas contribuyeron al debate del articulado.<\/p>\n<p><a class=\"keychainify-checked\" href=\"https:\/\/digital58.com.ve\/site\/wp-content\/uploads\/2025\/09\/clez-3.webp\"><img loading=\"lazy\" decoding=\"async\" class=\"aligncenter size-full wp-image-190413\" src=\"https:\/\/digital58.com.ve\/site\/wp-content\/uploads\/2025\/09\/clez-3.webp\" alt=\"\" width=\"1000\" height=\"578\" srcset=\"https:\/\/digital58.com.ve\/site\/wp-content\/uploads\/2025\/09\/clez-3.webp 1000w, https:\/\/digital58.com.ve\/site\/wp-content\/uploads\/2025\/09\/clez-3-300x173.webp 300w, https:\/\/digital58.com.ve\/site\/wp-content\/uploads\/2025\/09\/clez-3-768x444.webp 768w\" sizes=\"auto, (max-width: 1000px) 100vw, 1000px\" \/><\/a><\/p>\n<h2>El objetivo central es preservar la vida<\/h2>\n<p>La presidenta Magdely Valbuena aclar\u00f3 que la normativa no pretende prohibir el uso de las motocicletas.<\/p>\n<p>\u00abDesde el CLEZ trabajamos en la creaci\u00f3n de mecanismos de seguridad y prevenci\u00f3n para el resguardo de la vida del motorizado, su acompa\u00f1ante y hasta del transe\u00fante\u00bb, afirm\u00f3.<\/p>\n<p>Por su parte, el legislador Alberto Hern\u00e1ndez subray\u00f3 que la meta es la preservaci\u00f3n de la vida.<\/p>\n<p>\u00abLa ley establece un \u00f3rgano coordinador que involucra los cuatro niveles de gobierno y unifica esfuerzos de las autoridades y las organizaciones de motorizados\u00bb, explic\u00f3.<\/p>\n<h2>Apoyo de los gobiernos locales<\/h2>\n<p>El alcalde de Cabimas, Frank Carre\u00f1o, valor\u00f3 positivamente la realizaci\u00f3n de la consulta en su municipio.<\/p>\n<p>Se\u00f1al\u00f3 que la ley armonizar\u00e1 la convivencia ciudadana mediante la educaci\u00f3n para transformar la sociedad.<\/p>\n<p>Jos\u00e9 Mosquera, alcalde de Lagunillas, destac\u00f3 la importancia de la participaci\u00f3n comunitaria. Resalt\u00f3 que este proceso es crucial para adecuar las normativas que garanticen la seguridad y el bienestar de todos los ciudadanos.<\/p>\n<p><strong>Sala de redacci\u00f3n ND58 | Fuente: NDP<\/strong><br \/>\n<strong>Edici\u00f3n: Villasmil, Henry<\/strong><br \/>\n<strong>Gr\u00e1ficas: Cortes\u00eda<\/strong><\/p>\n<p>&nbsp;<\/p>\n<p>&nbsp;<\/p>\n<p>&nbsp;<\/p><div class=\"ntczr6a9db45170154\" ><p style=\"text-align: center;\"><a href=\"https:\/\/t.me\/noticiasdigital58\" target=\"_blank\" rel=\"noopener\"><img class=\"aligncenter size-full wp-image-125363\" src=\"https:\/\/digital58.com.ve\/site\/wp-content\/uploads\/2021\/04\/banner-telegram-web-2021.png\" alt=\"\" width=\"600\" height=\"90\" \/><\/a><\/p><\/div><style type=\"text\/css\">\r\n@media screen and (min-width: 1201px) {\r\n.ntczr6a9db45170154 {\r\ndisplay: block;\r\n}\r\n}\r\n@media screen and (min-width: 993px) and (max-width: 1200px) {\r\n.ntczr6a9db45170154 {\r\ndisplay: block;\r\n}\r\n}\r\n@media screen and (min-width: 769px) and (max-width: 992px) {\r\n.ntczr6a9db45170154 {\r\ndisplay: block;\r\n}\r\n}\r\n@media screen and (min-width: 768px) and (max-width: 768px) {\r\n.ntczr6a9db45170154 {\r\ndisplay: block;\r\n}\r\n}\r\n@media screen and (max-width: 767px) {\r\n.ntczr6a9db45170154 {\r\ndisplay: block;\r\n}\r\n}\r\n<\/style>\r\n\n<p>&nbsp;<\/p>\n<div style=\"margin-top: 0px; margin-bottom: 0px;\" class=\"sharethis-inline-share-buttons\" ><\/div>","protected":false},"excerpt":{"rendered":"<p>El Consejo Legislativo realiz\u00f3 una consulta p\u00fablica en Cabimas con autoridades y gremios para consensuar una normativa complementaria que priorice<\/p>\n","protected":false},"author":1,"featured_media":190413,"comment_status":"open","ping_status":"closed","sticky":false,"template":"","format":"standard","meta":{"colormag_page_container_layout":"default_layout","colormag_page_sidebar_layout":"default_layout","_uag_custom_page_level_css":"","footnotes":""},"categories":[14504],"tags":[4280,3475,163,35395,233,2354,15871,32],"class_list":["post-190411","post","type-post","status-publish","format-standard","has-post-thumbnail","hentry","category-zulia","tag-cabimas","tag-clez","tag-col","tag-ley-especial-para-regular-el-uso-de-motocicletas","tag-nacionales","tag-regionales","tag-seguridad-vial","tag-venezuela"],"yoast_head":"<!-- This site is optimized with the Yoast SEO plugin v28.4 - https:\/\/yoast.com\/product\/yoast-seo-wordpress\/ -->\n<title>Zulia debate ley para regular uso de motocicletas<\/title>\n<meta name=\"description\" content=\"Consejo Legislativo del Zulia debate ley para regular el uso de motocicletas. Prioriza seguridad vial con autoridades y gremios. Ent\u00e9rate aqu\u00ed.\" \/>\n<meta name=\"robots\" content=\"index, follow, max-snippet:-1, max-image-preview:large, max-video-preview:-1\" \/>\n<link rel=\"canonical\" href=\"https:\/\/digital58.com.ve\/site\/2025\/09\/24\/zulia-debate-ley-para-regular-uso-de-motocicletas\/\" \/>\n<meta property=\"og:locale\" content=\"es_ES\" \/>\n<meta property=\"og:type\" content=\"article\" \/>\n<meta property=\"og:title\" content=\"Zulia debate ley para regular uso de motocicletas\" \/>\n<meta property=\"og:description\" content=\"Consejo Legislativo del Zulia debate ley para regular el uso de motocicletas. Prioriza seguridad vial con autoridades y gremios. Ent\u00e9rate aqu\u00ed.\" \/>\n<meta property=\"og:url\" content=\"https:\/\/digital58.com.ve\/site\/2025\/09\/24\/zulia-debate-ley-para-regular-uso-de-motocicletas\/\" \/>\n<meta property=\"og:site_name\" content=\"Noticias Digital58\" \/>\n<meta property=\"article:published_time\" content=\"2025-09-25T03:41:39+00:00\" \/>\n<meta property=\"article:modified_time\" content=\"2025-09-25T03:45:14+00:00\" \/>\n<meta property=\"og:image\" content=\"https:\/\/digital58.com.ve\/site\/wp-content\/uploads\/2025\/09\/clez-3.webp\" \/>\n\t<meta property=\"og:image:width\" content=\"1000\" \/>\n\t<meta property=\"og:image:height\" content=\"578\" \/>\n\t<meta property=\"og:image:type\" content=\"image\/webp\" \/>\n<meta name=\"author\" content=\"Villasmil Henry\" \/>\n<meta name=\"twitter:card\" content=\"summary_large_image\" \/>\n<meta name=\"twitter:creator\" content=\"@https:\/\/twitter.com\/villasmilhfoto\" \/>\n<meta name=\"twitter:site\" content=\"@villasmilhfoto\" \/>\n<meta name=\"twitter:label1\" content=\"Escrito por\" \/>\n\t<meta name=\"twitter:data1\" content=\"Villasmil Henry\" \/>\n\t<meta name=\"twitter:label2\" content=\"Tiempo estimado de lectura\" \/>\n\t<meta name=\"twitter:data2\" content=\"3 minutos\" \/>\n<script type=\"application\/ld+json\" class=\"yoast-schema-graph\">{\"@context\":\"https:\\\/\\\/schema.org\",\"@graph\":[{\"@type\":\"Article\",\"@id\":\"https:\\\/\\\/digital58.com.ve\\\/site\\\/2025\\\/09\\\/24\\\/zulia-debate-ley-para-regular-uso-de-motocicletas\\\/#article\",\"isPartOf\":{\"@id\":\"https:\\\/\\\/digital58.com.ve\\\/site\\\/2025\\\/09\\\/24\\\/zulia-debate-ley-para-regular-uso-de-motocicletas\\\/\"},\"author\":{\"name\":\"Villasmil Henry\",\"@id\":\"https:\\\/\\\/digital58.com.ve\\\/site\\\/#\\\/schema\\\/person\\\/64d1c2e4d0d4fd1b849980c4331c2951\"},\"headline\":\"Zulia debate ley para regular uso de motocicletas\",\"datePublished\":\"2025-09-25T03:41:39+00:00\",\"dateModified\":\"2025-09-25T03:45:14+00:00\",\"mainEntityOfPage\":{\"@id\":\"https:\\\/\\\/digital58.com.ve\\\/site\\\/2025\\\/09\\\/24\\\/zulia-debate-ley-para-regular-uso-de-motocicletas\\\/\"},\"wordCount\":434,\"commentCount\":0,\"publisher\":{\"@id\":\"https:\\\/\\\/digital58.com.ve\\\/site\\\/#\\\/schema\\\/person\\\/64d1c2e4d0d4fd1b849980c4331c2951\"},\"image\":{\"@id\":\"https:\\\/\\\/digital58.com.ve\\\/site\\\/2025\\\/09\\\/24\\\/zulia-debate-ley-para-regular-uso-de-motocicletas\\\/#primaryimage\"},\"thumbnailUrl\":\"https:\\\/\\\/digital58.com.ve\\\/site\\\/wp-content\\\/uploads\\\/2025\\\/09\\\/clez-3.webp\",\"keywords\":[\"Cabimas\",\"Clez\",\"COL\",\"Ley Especial para Regular el Uso de Motocicletas\",\"Nacionales\",\"Regionales\",\"Seguridad Vial\",\"Venezuela\"],\"articleSection\":[\"Zulia\"],\"inLanguage\":\"es\",\"potentialAction\":[{\"@type\":\"CommentAction\",\"name\":\"Comment\",\"target\":[\"https:\\\/\\\/digital58.com.ve\\\/site\\\/2025\\\/09\\\/24\\\/zulia-debate-ley-para-regular-uso-de-motocicletas\\\/#respond\"]}]},{\"@type\":\"WebPage\",\"@id\":\"https:\\\/\\\/digital58.com.ve\\\/site\\\/2025\\\/09\\\/24\\\/zulia-debate-ley-para-regular-uso-de-motocicletas\\\/\",\"url\":\"https:\\\/\\\/digital58.com.ve\\\/site\\\/2025\\\/09\\\/24\\\/zulia-debate-ley-para-regular-uso-de-motocicletas\\\/\",\"name\":\"Zulia debate ley para regular uso de motocicletas\",\"isPartOf\":{\"@id\":\"https:\\\/\\\/digital58.com.ve\\\/site\\\/#website\"},\"primaryImageOfPage\":{\"@id\":\"https:\\\/\\\/digital58.com.ve\\\/site\\\/2025\\\/09\\\/24\\\/zulia-debate-ley-para-regular-uso-de-motocicletas\\\/#primaryimage\"},\"image\":{\"@id\":\"https:\\\/\\\/digital58.com.ve\\\/site\\\/2025\\\/09\\\/24\\\/zulia-debate-ley-para-regular-uso-de-motocicletas\\\/#primaryimage\"},\"thumbnailUrl\":\"https:\\\/\\\/digital58.com.ve\\\/site\\\/wp-content\\\/uploads\\\/2025\\\/09\\\/clez-3.webp\",\"datePublished\":\"2025-09-25T03:41:39+00:00\",\"dateModified\":\"2025-09-25T03:45:14+00:00\",\"description\":\"Consejo Legislativo del Zulia debate ley para regular el uso de motocicletas. Prioriza seguridad vial con autoridades y gremios. Ent\u00e9rate aqu\u00ed.\",\"breadcrumb\":{\"@id\":\"https:\\\/\\\/digital58.com.ve\\\/site\\\/2025\\\/09\\\/24\\\/zulia-debate-ley-para-regular-uso-de-motocicletas\\\/#breadcrumb\"},\"inLanguage\":\"es\",\"potentialAction\":[{\"@type\":\"ReadAction\",\"target\":[\"https:\\\/\\\/digital58.com.ve\\\/site\\\/2025\\\/09\\\/24\\\/zulia-debate-ley-para-regular-uso-de-motocicletas\\\/\"]}]},{\"@type\":\"ImageObject\",\"inLanguage\":\"es\",\"@id\":\"https:\\\/\\\/digital58.com.ve\\\/site\\\/2025\\\/09\\\/24\\\/zulia-debate-ley-para-regular-uso-de-motocicletas\\\/#primaryimage\",\"url\":\"https:\\\/\\\/digital58.com.ve\\\/site\\\/wp-content\\\/uploads\\\/2025\\\/09\\\/clez-3.webp\",\"contentUrl\":\"https:\\\/\\\/digital58.com.ve\\\/site\\\/wp-content\\\/uploads\\\/2025\\\/09\\\/clez-3.webp\",\"width\":1000,\"height\":578},{\"@type\":\"BreadcrumbList\",\"@id\":\"https:\\\/\\\/digital58.com.ve\\\/site\\\/2025\\\/09\\\/24\\\/zulia-debate-ley-para-regular-uso-de-motocicletas\\\/#breadcrumb\",\"itemListElement\":[{\"@type\":\"ListItem\",\"position\":1,\"name\":\"Home\",\"item\":\"https:\\\/\\\/digital58.com.ve\\\/site\\\/\"},{\"@type\":\"ListItem\",\"position\":2,\"name\":\"Zulia debate ley para regular uso de motocicletas\"}]},{\"@type\":\"WebSite\",\"@id\":\"https:\\\/\\\/digital58.com.ve\\\/site\\\/#website\",\"url\":\"https:\\\/\\\/digital58.com.ve\\\/site\\\/\",\"name\":\"Noticias Digital58\",\"description\":\"Portal de Noticias \u00a1Periodismo web de verdad! Lanzamiento web 22.11.2005 \\\/ Maracaibo, Venezuela\",\"publisher\":{\"@id\":\"https:\\\/\\\/digital58.com.ve\\\/site\\\/#\\\/schema\\\/person\\\/64d1c2e4d0d4fd1b849980c4331c2951\"},\"alternateName\":\"ND58\",\"potentialAction\":[{\"@type\":\"SearchAction\",\"target\":{\"@type\":\"EntryPoint\",\"urlTemplate\":\"https:\\\/\\\/digital58.com.ve\\\/site\\\/?s={search_term_string}\"},\"query-input\":{\"@type\":\"PropertyValueSpecification\",\"valueRequired\":true,\"valueName\":\"search_term_string\"}}],\"inLanguage\":\"es\"},{\"@type\":[\"Person\",\"Organization\"],\"@id\":\"https:\\\/\\\/digital58.com.ve\\\/site\\\/#\\\/schema\\\/person\\\/64d1c2e4d0d4fd1b849980c4331c2951\",\"name\":\"Villasmil Henry\",\"image\":{\"@type\":\"ImageObject\",\"inLanguage\":\"es\",\"@id\":\"https:\\\/\\\/secure.gravatar.com\\\/avatar\\\/bb0c4a2fcb7970138239f7e404ea75757b1b507b28b5ce4c53fbd62d797c5a7c?s=96&d=mm&r=g\",\"url\":\"https:\\\/\\\/secure.gravatar.com\\\/avatar\\\/bb0c4a2fcb7970138239f7e404ea75757b1b507b28b5ce4c53fbd62d797c5a7c?s=96&d=mm&r=g\",\"contentUrl\":\"https:\\\/\\\/secure.gravatar.com\\\/avatar\\\/bb0c4a2fcb7970138239f7e404ea75757b1b507b28b5ce4c53fbd62d797c5a7c?s=96&d=mm&r=g\",\"caption\":\"Villasmil Henry\"},\"logo\":{\"@id\":\"https:\\\/\\\/secure.gravatar.com\\\/avatar\\\/bb0c4a2fcb7970138239f7e404ea75757b1b507b28b5ce4c53fbd62d797c5a7c?s=96&d=mm&r=g\"},\"sameAs\":[\"http:\\\/\\\/www.henryvillasmil.com.ve\",\"https:\\\/\\\/www.instagram.com\\\/villasmilhfoto\\\/\",\"https:\\\/\\\/x.com\\\/https:\\\/\\\/twitter.com\\\/villasmilhfoto\"],\"url\":\"https:\\\/\\\/digital58.com.ve\\\/site\\\/author\\\/droopy_68\\\/\"}]}<\/script>\n<!-- \/ Yoast SEO plugin. -->","yoast_head_json":{"title":"Zulia debate ley para regular uso de motocicletas","description":"Consejo Legislativo del Zulia debate ley para regular el uso de motocicletas. Prioriza seguridad vial con autoridades y gremios. Ent\u00e9rate aqu\u00ed.","robots":{"index":"index","follow":"follow","max-snippet":"max-snippet:-1","max-image-preview":"max-image-preview:large","max-video-preview":"max-video-preview:-1"},"canonical":"https:\/\/digital58.com.ve\/site\/2025\/09\/24\/zulia-debate-ley-para-regular-uso-de-motocicletas\/","og_locale":"es_ES","og_type":"article","og_title":"Zulia debate ley para regular uso de motocicletas","og_description":"Consejo Legislativo del Zulia debate ley para regular el uso de motocicletas. Prioriza seguridad vial con autoridades y gremios. Ent\u00e9rate aqu\u00ed.","og_url":"https:\/\/digital58.com.ve\/site\/2025\/09\/24\/zulia-debate-ley-para-regular-uso-de-motocicletas\/","og_site_name":"Noticias Digital58","article_published_time":"2025-09-25T03:41:39+00:00","article_modified_time":"2025-09-25T03:45:14+00:00","og_image":[{"width":1000,"height":578,"url":"https:\/\/digital58.com.ve\/site\/wp-content\/uploads\/2025\/09\/clez-3.webp","type":"image\/webp"}],"author":"Villasmil Henry","twitter_card":"summary_large_image","twitter_creator":"@https:\/\/twitter.com\/villasmilhfoto","twitter_site":"@villasmilhfoto","twitter_misc":{"Escrito por":"Villasmil Henry","Tiempo estimado de lectura":"3 minutos"},"schema":{"@context":"https:\/\/schema.org","@graph":[{"@type":"Article","@id":"https:\/\/digital58.com.ve\/site\/2025\/09\/24\/zulia-debate-ley-para-regular-uso-de-motocicletas\/#article","isPartOf":{"@id":"https:\/\/digital58.com.ve\/site\/2025\/09\/24\/zulia-debate-ley-para-regular-uso-de-motocicletas\/"},"author":{"name":"Villasmil Henry","@id":"https:\/\/digital58.com.ve\/site\/#\/schema\/person\/64d1c2e4d0d4fd1b849980c4331c2951"},"headline":"Zulia debate ley para regular uso de motocicletas","datePublished":"2025-09-25T03:41:39+00:00","dateModified":"2025-09-25T03:45:14+00:00","mainEntityOfPage":{"@id":"https:\/\/digital58.com.ve\/site\/2025\/09\/24\/zulia-debate-ley-para-regular-uso-de-motocicletas\/"},"wordCount":434,"commentCount":0,"publisher":{"@id":"https:\/\/digital58.com.ve\/site\/#\/schema\/person\/64d1c2e4d0d4fd1b849980c4331c2951"},"image":{"@id":"https:\/\/digital58.com.ve\/site\/2025\/09\/24\/zulia-debate-ley-para-regular-uso-de-motocicletas\/#primaryimage"},"thumbnailUrl":"https:\/\/digital58.com.ve\/site\/wp-content\/uploads\/2025\/09\/clez-3.webp","keywords":["Cabimas","Clez","COL","Ley Especial para Regular el Uso de Motocicletas","Nacionales","Regionales","Seguridad Vial","Venezuela"],"articleSection":["Zulia"],"inLanguage":"es","potentialAction":[{"@type":"CommentAction","name":"Comment","target":["https:\/\/digital58.com.ve\/site\/2025\/09\/24\/zulia-debate-ley-para-regular-uso-de-motocicletas\/#respond"]}]},{"@type":"WebPage","@id":"https:\/\/digital58.com.ve\/site\/2025\/09\/24\/zulia-debate-ley-para-regular-uso-de-motocicletas\/","url":"https:\/\/digital58.com.ve\/site\/2025\/09\/24\/zulia-debate-ley-para-regular-uso-de-motocicletas\/","name":"Zulia debate ley para regular uso de motocicletas","isPartOf":{"@id":"https:\/\/digital58.com.ve\/site\/#website"},"primaryImageOfPage":{"@id":"https:\/\/digital58.com.ve\/site\/2025\/09\/24\/zulia-debate-ley-para-regular-uso-de-motocicletas\/#primaryimage"},"image":{"@id":"https:\/\/digital58.com.ve\/site\/2025\/09\/24\/zulia-debate-ley-para-regular-uso-de-motocicletas\/#primaryimage"},"thumbnailUrl":"https:\/\/digital58.com.ve\/site\/wp-content\/uploads\/2025\/09\/clez-3.webp","datePublished":"2025-09-25T03:41:39+00:00","dateModified":"2025-09-25T03:45:14+00:00","description":"Consejo Legislativo del Zulia debate ley para regular el uso de motocicletas. Prioriza seguridad vial con autoridades y gremios. Ent\u00e9rate aqu\u00ed.","breadcrumb":{"@id":"https:\/\/digital58.com.ve\/site\/2025\/09\/24\/zulia-debate-ley-para-regular-uso-de-motocicletas\/#breadcrumb"},"inLanguage":"es","potentialAction":[{"@type":"ReadAction","target":["https:\/\/digital58.com.ve\/site\/2025\/09\/24\/zulia-debate-ley-para-regular-uso-de-motocicletas\/"]}]},{"@type":"ImageObject","inLanguage":"es","@id":"https:\/\/digital58.com.ve\/site\/2025\/09\/24\/zulia-debate-ley-para-regular-uso-de-motocicletas\/#primaryimage","url":"https:\/\/digital58.com.ve\/site\/wp-content\/uploads\/2025\/09\/clez-3.webp","contentUrl":"https:\/\/digital58.com.ve\/site\/wp-content\/uploads\/2025\/09\/clez-3.webp","width":1000,"height":578},{"@type":"BreadcrumbList","@id":"https:\/\/digital58.com.ve\/site\/2025\/09\/24\/zulia-debate-ley-para-regular-uso-de-motocicletas\/#breadcrumb","itemListElement":[{"@type":"ListItem","position":1,"name":"Home","item":"https:\/\/digital58.com.ve\/site\/"},{"@type":"ListItem","position":2,"name":"Zulia debate ley para regular uso de motocicletas"}]},{"@type":"WebSite","@id":"https:\/\/digital58.com.ve\/site\/#website","url":"https:\/\/digital58.com.ve\/site\/","name":"Noticias Digital58","description":"Portal de Noticias \u00a1Periodismo web de verdad! Lanzamiento web 22.11.2005 \/ Maracaibo, Venezuela","publisher":{"@id":"https:\/\/digital58.com.ve\/site\/#\/schema\/person\/64d1c2e4d0d4fd1b849980c4331c2951"},"alternateName":"ND58","potentialAction":[{"@type":"SearchAction","target":{"@type":"EntryPoint","urlTemplate":"https:\/\/digital58.com.ve\/site\/?s={search_term_string}"},"query-input":{"@type":"PropertyValueSpecification","valueRequired":true,"valueName":"search_term_string"}}],"inLanguage":"es"},{"@type":["Person","Organization"],"@id":"https:\/\/digital58.com.ve\/site\/#\/schema\/person\/64d1c2e4d0d4fd1b849980c4331c2951","name":"Villasmil Henry","image":{"@type":"ImageObject","inLanguage":"es","@id":"https:\/\/secure.gravatar.com\/avatar\/bb0c4a2fcb7970138239f7e404ea75757b1b507b28b5ce4c53fbd62d797c5a7c?s=96&d=mm&r=g","url":"https:\/\/secure.gravatar.com\/avatar\/bb0c4a2fcb7970138239f7e404ea75757b1b507b28b5ce4c53fbd62d797c5a7c?s=96&d=mm&r=g","contentUrl":"https:\/\/secure.gravatar.com\/avatar\/bb0c4a2fcb7970138239f7e404ea75757b1b507b28b5ce4c53fbd62d797c5a7c?s=96&d=mm&r=g","caption":"Villasmil Henry"},"logo":{"@id":"https:\/\/secure.gravatar.com\/avatar\/bb0c4a2fcb7970138239f7e404ea75757b1b507b28b5ce4c53fbd62d797c5a7c?s=96&d=mm&r=g"},"sameAs":["http:\/\/www.henryvillasmil.com.ve","https:\/\/www.instagram.com\/villasmilhfoto\/","https:\/\/x.com\/https:\/\/twitter.com\/villasmilhfoto"],"url":"https:\/\/digital58.com.ve\/site\/author\/droopy_68\/"}]}},"uagb_featured_image_src":{"full":["https:\/\/digital58.com.ve\/site\/wp-content\/uploads\/2025\/09\/clez-3.webp",1000,578,false],"thumbnail":["https:\/\/digital58.com.ve\/site\/wp-content\/uploads\/2025\/09\/clez-3-150x150.webp",150,150,true],"medium":["https:\/\/digital58.com.ve\/site\/wp-content\/uploads\/2025\/09\/clez-3-300x173.webp",300,173,true],"medium_large":["https:\/\/digital58.com.ve\/site\/wp-content\/uploads\/2025\/09\/clez-3-768x444.webp",768,444,true],"large":["https:\/\/digital58.com.ve\/site\/wp-content\/uploads\/2025\/09\/clez-3.webp",800,462,false],"1536x1536":["https:\/\/digital58.com.ve\/site\/wp-content\/uploads\/2025\/09\/clez-3.webp",1000,578,false],"2048x2048":["https:\/\/digital58.com.ve\/site\/wp-content\/uploads\/2025\/09\/clez-3.webp",1000,578,false],"colormag-highlighted-post":["https:\/\/digital58.com.ve\/site\/wp-content\/uploads\/2025\/09\/clez-3-392x272.webp",392,272,true],"colormag-featured-post-medium":["https:\/\/digital58.com.ve\/site\/wp-content\/uploads\/2025\/09\/clez-3-390x205.webp",390,205,true],"colormag-featured-post-small":["https:\/\/digital58.com.ve\/site\/wp-content\/uploads\/2025\/09\/clez-3-130x90.webp",130,90,true],"colormag-featured-image":["https:\/\/digital58.com.ve\/site\/wp-content\/uploads\/2025\/09\/clez-3-800x445.webp",800,445,true],"colormag-default-news":["https:\/\/digital58.com.ve\/site\/wp-content\/uploads\/2025\/09\/clez-3-150x150.webp",150,150,true],"colormag-featured-image-large":["https:\/\/digital58.com.ve\/site\/wp-content\/uploads\/2025\/09\/clez-3.webp",1000,578,false]},"uagb_author_info":{"display_name":"Villasmil Henry","author_link":"https:\/\/digital58.com.ve\/site\/author\/droopy_68\/"},"uagb_comment_info":0,"uagb_excerpt":"El Consejo Legislativo realiz\u00f3 una consulta p\u00fablica en Cabimas con autoridades y gremios para consensuar una normativa complementaria que priorice","_links":{"self":[{"href":"https:\/\/digital58.com.ve\/site\/wp-json\/wp\/v2\/posts\/190411","targetHints":{"allow":["GET"]}}],"collection":[{"href":"https:\/\/digital58.com.ve\/site\/wp-json\/wp\/v2\/posts"}],"about":[{"href":"https:\/\/digital58.com.ve\/site\/wp-json\/wp\/v2\/types\/post"}],"author":[{"embeddable":true,"href":"https:\/\/digital58.com.ve\/site\/wp-json\/wp\/v2\/users\/1"}],"replies":[{"embeddable":true,"href":"https:\/\/digital58.com.ve\/site\/wp-json\/wp\/v2\/comments?post=190411"}],"version-history":[{"count":2,"href":"https:\/\/digital58.com.ve\/site\/wp-json\/wp\/v2\/posts\/190411\/revisions"}],"predecessor-version":[{"id":190417,"href":"https:\/\/digital58.com.ve\/site\/wp-json\/wp\/v2\/posts\/190411\/revisions\/190417"}],"wp:featuredmedia":[{"embeddable":true,"href":"https:\/\/digital58.com.ve\/site\/wp-json\/wp\/v2\/media\/190413"}],"wp:attachment":[{"href":"https:\/\/digital58.com.ve\/site\/wp-json\/wp\/v2\/media?parent=190411"}],"wp:term":[{"taxonomy":"category","embeddable":true,"href":"https:\/\/digital58.com.ve\/site\/wp-json\/wp\/v2\/categories?post=190411"},{"taxonomy":"post_tag","embeddable":true,"href":"https:\/\/digital58.com.ve\/site\/wp-json\/wp\/v2\/tags?post=190411"}],"curies":[{"name":"wp","href":"https:\/\/api.w.org\/{rel}","templated":true}]}}