{"id":190449,"date":"2025-09-26T09:56:50","date_gmt":"2025-09-26T13:56:50","guid":{"rendered":"https:\/\/digital58.com.ve\/site\/?p=190449"},"modified":"2025-09-26T09:56:50","modified_gmt":"2025-09-26T13:56:50","slug":"omar-courtz-llega-a-maracaibo-con-su-gira-primera-musa","status":"publish","type":"post","link":"https:\/\/digital58.com.ve\/site\/2025\/09\/26\/omar-courtz-llega-a-maracaibo-con-su-gira-primera-musa\/","title":{"rendered":"Omar Courtz llega a Maracaibo con su gira \u00abPrimera Musa"},"content":{"rendered":"<p><a class=\"keychainify-checked\" href=\"https:\/\/digital58.com.ve\/site\/wp-content\/uploads\/2025\/09\/Omar-Courtz.webp\"><img loading=\"lazy\" decoding=\"async\" class=\"aligncenter wp-image-190450 size-full\" src=\"https:\/\/digital58.com.ve\/site\/wp-content\/uploads\/2025\/09\/Omar-Courtz.webp\" alt=\"El reconocido artista puertorrique\u00f1o Omar Courtz ofrecer\u00e1 un concierto en la ciudad de Maracaibo el pr\u00f3ximo mi\u00e9rcoles 15 de octubre, como parte de su gira mundial \u00abPrimera Musa World Tour 2025\u00bb.\" width=\"1000\" height=\"667\" srcset=\"https:\/\/digital58.com.ve\/site\/wp-content\/uploads\/2025\/09\/Omar-Courtz.webp 1000w, https:\/\/digital58.com.ve\/site\/wp-content\/uploads\/2025\/09\/Omar-Courtz-300x200.webp 300w, https:\/\/digital58.com.ve\/site\/wp-content\/uploads\/2025\/09\/Omar-Courtz-768x512.webp 768w\" sizes=\"auto, (max-width: 1000px) 100vw, 1000px\" \/><\/a><\/p>\n<blockquote><p>El cantante puertorrique\u00f1o se presentar\u00e1 el 15 de octubre en el Palacio de Eventos de Eventos, producido por Sonic Show, con entradas ya a la venta.<\/p><\/blockquote>\n<p><strong>Maracaibo, Zulia, Venezuela, 26 de septiembre de 2025 (ND58).-<\/strong> El reconocido artista puertorrique\u00f1o Omar Courtz ofrecer\u00e1 un concierto en la ciudad de Maracaibo el pr\u00f3ximo mi\u00e9rcoles 15 de octubre, como parte de su gira mundial \u00abPrimera Musa World Tour 2025\u00bb.<\/p>\n<p>El evento, que tendr\u00e1 lugar en el Palacio de Eventos de Venezuela, es producido por la empresa Sonic Show y promete un espect\u00e1culo de alta calidad para los seguidores del g\u00e9nero.<\/p>\n<p>La presentaci\u00f3n de Omar Courtz en Maracaibo representa un acontecimiento significativo para la escena musical local, que recibir\u00e1 a una de las figuras emergentes m\u00e1s destacadas del reguet\u00f3n y los ritmos urbanos.<\/p>\n<p>Sus seguidores en la capital zuliana podr\u00e1n disfrutar de sus mayores \u00e9xitos en un mismo lugar.<\/p>\n<p>Omar Courtz ha ganado popularidad internacional por fusionar de manera innovadora el reguet\u00f3n con el trap y ritmos contempor\u00e1neos.<\/p>\n<p>Su carisma y potente presencia esc\u00e9nica lo han llevado a participar en importantes festivales internacionales, consolidando una carrera ascendente.<\/p>\n<h2>Detalles del evento y producci\u00f3n<\/h2>\n<p><strong>\u00abEstamos muy entusiasmados de realizar nuestro segundo evento de alto nivel internacional en Maracaibo\u00bb<\/strong>, declar\u00f3 Marcelino Puente, productor de Sonic Show.<\/p>\n<p>Puente destac\u00f3 el compromiso de la empresa por ofrecer experiencias inolvidables y de calidad para el p\u00fablico venezolano.<\/p>\n<p>El repertorio de la noche incluir\u00e1 temas exitosos como \u00abGoddess\u00bb, \u00abHeavy\u00bb, \u00abMusa\u00bb y \u00abEleva\u00bb. Se espera que el artista ofrezca un show din\u00e1mico que recorra los momentos m\u00e1s importantes de su trayectoria musical.<\/p>\n<h2>Venta de entradas e informaci\u00f3n<\/h2>\n<p>Las localidades para el concierto ya se encuentran disponibles para su adquisici\u00f3n a trav\u00e9s del sitio web oficial de ventas <strong><a class=\"keychainify-checked\" href=\"https:\/\/www.mdticket.com\/tienda\/\" target=\"_blank\" rel=\"noopener\">www.mdticket.com<\/a><\/strong><\/p>\n<p>La organizaci\u00f3n recomienda a los interesados asegurar sus entradas con anticipaci\u00f3n, dada la expectativa generada.<\/p>\n<p>Para informaci\u00f3n actualizada, horarios y detalles log\u00edsticos, los organizadores han habilitado la cuenta oficial de la productora en la red social Instagram,<strong><a href=\"https:\/\/www.instagram.com\/sonicshows_ve\/\" target=\"_blank\" rel=\"noopener\"> @sonicshow_ve<\/a><\/strong>.<\/p>\n<p><strong>Sala de redacci\u00f3n ND58<\/strong><br \/>\n<strong>Edici\u00f3n: Villasmil, Henry<\/strong><br \/>\n<strong>Gr\u00e1ficas: Cortes\u00eda<\/strong><\/p>\n<p>&nbsp;<\/p>\n<p>&nbsp;<\/p>\n<p>&nbsp;<\/p><div class=\"cnpua69f295d1265cd\" ><p style=\"text-align: center;\"><a href=\"https:\/\/t.me\/noticiasdigital58\" target=\"_blank\" rel=\"noopener\"><img class=\"aligncenter size-full wp-image-125363\" src=\"https:\/\/digital58.com.ve\/site\/wp-content\/uploads\/2021\/04\/banner-telegram-web-2021.png\" alt=\"\" width=\"600\" height=\"90\" \/><\/a><\/p><\/div><style type=\"text\/css\">\r\n@media screen and (min-width: 1201px) {\r\n.cnpua69f295d1265cd {\r\ndisplay: block;\r\n}\r\n}\r\n@media screen and (min-width: 993px) and (max-width: 1200px) {\r\n.cnpua69f295d1265cd {\r\ndisplay: block;\r\n}\r\n}\r\n@media screen and (min-width: 769px) and (max-width: 992px) {\r\n.cnpua69f295d1265cd {\r\ndisplay: block;\r\n}\r\n}\r\n@media screen and (min-width: 768px) and (max-width: 768px) {\r\n.cnpua69f295d1265cd {\r\ndisplay: block;\r\n}\r\n}\r\n@media screen and (max-width: 767px) {\r\n.cnpua69f295d1265cd {\r\ndisplay: block;\r\n}\r\n}\r\n<\/style>\r\n\n<p>&nbsp;<\/p>\n<div style=\"margin-top: 0px; margin-bottom: 0px;\" class=\"sharethis-inline-share-buttons\" ><\/div>","protected":false},"excerpt":{"rendered":"<p>El cantante puertorrique\u00f1o se presentar\u00e1 el 15 de octubre en el Palacio de Eventos de Eventos, producido por Sonic Show,<\/p>\n","protected":false},"author":1,"featured_media":190450,"comment_status":"open","ping_status":"closed","sticky":false,"template":"","format":"standard","meta":{"colormag_page_container_layout":"default_layout","colormag_page_sidebar_layout":"default_layout","_uag_custom_page_level_css":"","footnotes":""},"categories":[5412,5417,1],"tags":[78,50,211,3044,73,61,233,35208,10058,35396,2354,32,761],"class_list":["post-190449","post","type-post","status-publish","format-standard","has-post-thumbnail","hentry","category-donde_ir_maracaibo","category-conciertos","category-fama","tag-cantantes","tag-entretenimiento","tag-espectaculos","tag-genero-urbano","tag-maracaibo","tag-musica","tag-nacionales","tag-omar-courtz","tag-palacio-de-eventos-de-venezuela","tag-primera-musa-world-tour-2025","tag-regionales","tag-venezuela","tag-zulia"],"yoast_head":"<!-- This site is optimized with the Yoast SEO plugin v27.5 - https:\/\/yoast.com\/product\/yoast-seo-wordpress\/ -->\n<title>Omar Courtz llega a Maracaibo con su gira \u00abPrimera Musa<\/title>\n<meta name=\"description\" content=\"Omar Courtz act\u00faa en Maracaibo el 15 de octubre. Entradas a la venta para su gira \u00abPrimera Musa\u00bb en el Palacio de Eventos. No te lo pierdas.\" \/>\n<meta name=\"robots\" content=\"index, follow, max-snippet:-1, max-image-preview:large, max-video-preview:-1\" \/>\n<link rel=\"canonical\" href=\"https:\/\/digital58.com.ve\/site\/2025\/09\/26\/omar-courtz-llega-a-maracaibo-con-su-gira-primera-musa\/\" \/>\n<meta property=\"og:locale\" content=\"es_ES\" \/>\n<meta property=\"og:type\" content=\"article\" \/>\n<meta property=\"og:title\" content=\"Omar Courtz llega a Maracaibo con su gira \u00abPrimera Musa\" \/>\n<meta property=\"og:description\" content=\"Omar Courtz act\u00faa en Maracaibo el 15 de octubre. Entradas a la venta para su gira \u00abPrimera Musa\u00bb en el Palacio de Eventos. No te lo pierdas.\" \/>\n<meta property=\"og:url\" content=\"https:\/\/digital58.com.ve\/site\/2025\/09\/26\/omar-courtz-llega-a-maracaibo-con-su-gira-primera-musa\/\" \/>\n<meta property=\"og:site_name\" content=\"Noticias Digital58\" \/>\n<meta property=\"article:published_time\" content=\"2025-09-26T13:56:50+00:00\" \/>\n<meta property=\"og:image\" content=\"https:\/\/digital58.com.ve\/site\/wp-content\/uploads\/2025\/09\/Omar-Courtz.webp\" \/>\n\t<meta property=\"og:image:width\" content=\"1000\" \/>\n\t<meta property=\"og:image:height\" content=\"667\" \/>\n\t<meta property=\"og:image:type\" content=\"image\/webp\" \/>\n<meta name=\"author\" content=\"Villasmil Henry\" \/>\n<meta name=\"twitter:card\" content=\"summary_large_image\" \/>\n<meta name=\"twitter:creator\" content=\"@https:\/\/twitter.com\/villasmilhfoto\" \/>\n<meta name=\"twitter:site\" content=\"@villasmilhfoto\" \/>\n<meta name=\"twitter:label1\" content=\"Escrito por\" \/>\n\t<meta name=\"twitter:data1\" content=\"Villasmil Henry\" \/>\n\t<meta name=\"twitter:label2\" content=\"Tiempo estimado de lectura\" \/>\n\t<meta name=\"twitter:data2\" content=\"2 minutos\" \/>\n<script type=\"application\/ld+json\" class=\"yoast-schema-graph\">{\"@context\":\"https:\\\/\\\/schema.org\",\"@graph\":[{\"@type\":\"Article\",\"@id\":\"https:\\\/\\\/digital58.com.ve\\\/site\\\/2025\\\/09\\\/26\\\/omar-courtz-llega-a-maracaibo-con-su-gira-primera-musa\\\/#article\",\"isPartOf\":{\"@id\":\"https:\\\/\\\/digital58.com.ve\\\/site\\\/2025\\\/09\\\/26\\\/omar-courtz-llega-a-maracaibo-con-su-gira-primera-musa\\\/\"},\"author\":{\"name\":\"Villasmil Henry\",\"@id\":\"https:\\\/\\\/digital58.com.ve\\\/site\\\/#\\\/schema\\\/person\\\/64d1c2e4d0d4fd1b849980c4331c2951\"},\"headline\":\"Omar Courtz llega a Maracaibo con su gira \u00abPrimera Musa\",\"datePublished\":\"2025-09-26T13:56:50+00:00\",\"mainEntityOfPage\":{\"@id\":\"https:\\\/\\\/digital58.com.ve\\\/site\\\/2025\\\/09\\\/26\\\/omar-courtz-llega-a-maracaibo-con-su-gira-primera-musa\\\/\"},\"wordCount\":374,\"commentCount\":0,\"publisher\":{\"@id\":\"https:\\\/\\\/digital58.com.ve\\\/site\\\/#\\\/schema\\\/person\\\/64d1c2e4d0d4fd1b849980c4331c2951\"},\"image\":{\"@id\":\"https:\\\/\\\/digital58.com.ve\\\/site\\\/2025\\\/09\\\/26\\\/omar-courtz-llega-a-maracaibo-con-su-gira-primera-musa\\\/#primaryimage\"},\"thumbnailUrl\":\"https:\\\/\\\/digital58.com.ve\\\/site\\\/wp-content\\\/uploads\\\/2025\\\/09\\\/Omar-Courtz.webp\",\"keywords\":[\"Cantantes\",\"Entretenimiento\",\"Espect\u00e1culos\",\"G\u00e9nero Urbano\",\"Maracaibo\",\"M\u00fasica\",\"Nacionales\",\"Omar Courtz\",\"Palacio de Eventos de Venezuela\",\"Primera Musa World Tour 2025\",\"Regionales\",\"Venezuela\",\"Zulia\"],\"articleSection\":[\"\u00bfD\u00f3nde ir Maracaibo?\",\"Conciertos\",\"Fama\"],\"inLanguage\":\"es\",\"potentialAction\":[{\"@type\":\"CommentAction\",\"name\":\"Comment\",\"target\":[\"https:\\\/\\\/digital58.com.ve\\\/site\\\/2025\\\/09\\\/26\\\/omar-courtz-llega-a-maracaibo-con-su-gira-primera-musa\\\/#respond\"]}]},{\"@type\":\"WebPage\",\"@id\":\"https:\\\/\\\/digital58.com.ve\\\/site\\\/2025\\\/09\\\/26\\\/omar-courtz-llega-a-maracaibo-con-su-gira-primera-musa\\\/\",\"url\":\"https:\\\/\\\/digital58.com.ve\\\/site\\\/2025\\\/09\\\/26\\\/omar-courtz-llega-a-maracaibo-con-su-gira-primera-musa\\\/\",\"name\":\"Omar Courtz llega a Maracaibo con su gira \u00abPrimera Musa\",\"isPartOf\":{\"@id\":\"https:\\\/\\\/digital58.com.ve\\\/site\\\/#website\"},\"primaryImageOfPage\":{\"@id\":\"https:\\\/\\\/digital58.com.ve\\\/site\\\/2025\\\/09\\\/26\\\/omar-courtz-llega-a-maracaibo-con-su-gira-primera-musa\\\/#primaryimage\"},\"image\":{\"@id\":\"https:\\\/\\\/digital58.com.ve\\\/site\\\/2025\\\/09\\\/26\\\/omar-courtz-llega-a-maracaibo-con-su-gira-primera-musa\\\/#primaryimage\"},\"thumbnailUrl\":\"https:\\\/\\\/digital58.com.ve\\\/site\\\/wp-content\\\/uploads\\\/2025\\\/09\\\/Omar-Courtz.webp\",\"datePublished\":\"2025-09-26T13:56:50+00:00\",\"description\":\"Omar Courtz act\u00faa en Maracaibo el 15 de octubre. Entradas a la venta para su gira \u00abPrimera Musa\u00bb en el Palacio de Eventos. No te lo pierdas.\",\"breadcrumb\":{\"@id\":\"https:\\\/\\\/digital58.com.ve\\\/site\\\/2025\\\/09\\\/26\\\/omar-courtz-llega-a-maracaibo-con-su-gira-primera-musa\\\/#breadcrumb\"},\"inLanguage\":\"es\",\"potentialAction\":[{\"@type\":\"ReadAction\",\"target\":[\"https:\\\/\\\/digital58.com.ve\\\/site\\\/2025\\\/09\\\/26\\\/omar-courtz-llega-a-maracaibo-con-su-gira-primera-musa\\\/\"]}]},{\"@type\":\"ImageObject\",\"inLanguage\":\"es\",\"@id\":\"https:\\\/\\\/digital58.com.ve\\\/site\\\/2025\\\/09\\\/26\\\/omar-courtz-llega-a-maracaibo-con-su-gira-primera-musa\\\/#primaryimage\",\"url\":\"https:\\\/\\\/digital58.com.ve\\\/site\\\/wp-content\\\/uploads\\\/2025\\\/09\\\/Omar-Courtz.webp\",\"contentUrl\":\"https:\\\/\\\/digital58.com.ve\\\/site\\\/wp-content\\\/uploads\\\/2025\\\/09\\\/Omar-Courtz.webp\",\"width\":1000,\"height\":667},{\"@type\":\"BreadcrumbList\",\"@id\":\"https:\\\/\\\/digital58.com.ve\\\/site\\\/2025\\\/09\\\/26\\\/omar-courtz-llega-a-maracaibo-con-su-gira-primera-musa\\\/#breadcrumb\",\"itemListElement\":[{\"@type\":\"ListItem\",\"position\":1,\"name\":\"Home\",\"item\":\"https:\\\/\\\/digital58.com.ve\\\/site\\\/\"},{\"@type\":\"ListItem\",\"position\":2,\"name\":\"Omar Courtz llega a Maracaibo con su gira \u00abPrimera Musa\"}]},{\"@type\":\"WebSite\",\"@id\":\"https:\\\/\\\/digital58.com.ve\\\/site\\\/#website\",\"url\":\"https:\\\/\\\/digital58.com.ve\\\/site\\\/\",\"name\":\"Noticias Digital58\",\"description\":\"Portal de Noticias \u00a1Periodismo web de verdad! Lanzamiento web 22.11.2005 \\\/ Maracaibo, Venezuela\",\"publisher\":{\"@id\":\"https:\\\/\\\/digital58.com.ve\\\/site\\\/#\\\/schema\\\/person\\\/64d1c2e4d0d4fd1b849980c4331c2951\"},\"alternateName\":\"ND58\",\"potentialAction\":[{\"@type\":\"SearchAction\",\"target\":{\"@type\":\"EntryPoint\",\"urlTemplate\":\"https:\\\/\\\/digital58.com.ve\\\/site\\\/?s={search_term_string}\"},\"query-input\":{\"@type\":\"PropertyValueSpecification\",\"valueRequired\":true,\"valueName\":\"search_term_string\"}}],\"inLanguage\":\"es\"},{\"@type\":[\"Person\",\"Organization\"],\"@id\":\"https:\\\/\\\/digital58.com.ve\\\/site\\\/#\\\/schema\\\/person\\\/64d1c2e4d0d4fd1b849980c4331c2951\",\"name\":\"Villasmil Henry\",\"image\":{\"@type\":\"ImageObject\",\"inLanguage\":\"es\",\"@id\":\"https:\\\/\\\/secure.gravatar.com\\\/avatar\\\/bb0c4a2fcb7970138239f7e404ea75757b1b507b28b5ce4c53fbd62d797c5a7c?s=96&d=mm&r=g\",\"url\":\"https:\\\/\\\/secure.gravatar.com\\\/avatar\\\/bb0c4a2fcb7970138239f7e404ea75757b1b507b28b5ce4c53fbd62d797c5a7c?s=96&d=mm&r=g\",\"contentUrl\":\"https:\\\/\\\/secure.gravatar.com\\\/avatar\\\/bb0c4a2fcb7970138239f7e404ea75757b1b507b28b5ce4c53fbd62d797c5a7c?s=96&d=mm&r=g\",\"caption\":\"Villasmil Henry\"},\"logo\":{\"@id\":\"https:\\\/\\\/secure.gravatar.com\\\/avatar\\\/bb0c4a2fcb7970138239f7e404ea75757b1b507b28b5ce4c53fbd62d797c5a7c?s=96&d=mm&r=g\"},\"sameAs\":[\"http:\\\/\\\/www.henryvillasmil.com.ve\",\"https:\\\/\\\/www.instagram.com\\\/villasmilhfoto\\\/\",\"https:\\\/\\\/x.com\\\/https:\\\/\\\/twitter.com\\\/villasmilhfoto\"],\"url\":\"https:\\\/\\\/digital58.com.ve\\\/site\\\/author\\\/droopy_68\\\/\"}]}<\/script>\n<!-- \/ Yoast SEO plugin. -->","yoast_head_json":{"title":"Omar Courtz llega a Maracaibo con su gira \u00abPrimera Musa","description":"Omar Courtz act\u00faa en Maracaibo el 15 de octubre. Entradas a la venta para su gira \u00abPrimera Musa\u00bb en el Palacio de Eventos. No te lo pierdas.","robots":{"index":"index","follow":"follow","max-snippet":"max-snippet:-1","max-image-preview":"max-image-preview:large","max-video-preview":"max-video-preview:-1"},"canonical":"https:\/\/digital58.com.ve\/site\/2025\/09\/26\/omar-courtz-llega-a-maracaibo-con-su-gira-primera-musa\/","og_locale":"es_ES","og_type":"article","og_title":"Omar Courtz llega a Maracaibo con su gira \u00abPrimera Musa","og_description":"Omar Courtz act\u00faa en Maracaibo el 15 de octubre. Entradas a la venta para su gira \u00abPrimera Musa\u00bb en el Palacio de Eventos. No te lo pierdas.","og_url":"https:\/\/digital58.com.ve\/site\/2025\/09\/26\/omar-courtz-llega-a-maracaibo-con-su-gira-primera-musa\/","og_site_name":"Noticias Digital58","article_published_time":"2025-09-26T13:56:50+00:00","og_image":[{"width":1000,"height":667,"url":"https:\/\/digital58.com.ve\/site\/wp-content\/uploads\/2025\/09\/Omar-Courtz.webp","type":"image\/webp"}],"author":"Villasmil Henry","twitter_card":"summary_large_image","twitter_creator":"@https:\/\/twitter.com\/villasmilhfoto","twitter_site":"@villasmilhfoto","twitter_misc":{"Escrito por":"Villasmil Henry","Tiempo estimado de lectura":"2 minutos"},"schema":{"@context":"https:\/\/schema.org","@graph":[{"@type":"Article","@id":"https:\/\/digital58.com.ve\/site\/2025\/09\/26\/omar-courtz-llega-a-maracaibo-con-su-gira-primera-musa\/#article","isPartOf":{"@id":"https:\/\/digital58.com.ve\/site\/2025\/09\/26\/omar-courtz-llega-a-maracaibo-con-su-gira-primera-musa\/"},"author":{"name":"Villasmil Henry","@id":"https:\/\/digital58.com.ve\/site\/#\/schema\/person\/64d1c2e4d0d4fd1b849980c4331c2951"},"headline":"Omar Courtz llega a Maracaibo con su gira \u00abPrimera Musa","datePublished":"2025-09-26T13:56:50+00:00","mainEntityOfPage":{"@id":"https:\/\/digital58.com.ve\/site\/2025\/09\/26\/omar-courtz-llega-a-maracaibo-con-su-gira-primera-musa\/"},"wordCount":374,"commentCount":0,"publisher":{"@id":"https:\/\/digital58.com.ve\/site\/#\/schema\/person\/64d1c2e4d0d4fd1b849980c4331c2951"},"image":{"@id":"https:\/\/digital58.com.ve\/site\/2025\/09\/26\/omar-courtz-llega-a-maracaibo-con-su-gira-primera-musa\/#primaryimage"},"thumbnailUrl":"https:\/\/digital58.com.ve\/site\/wp-content\/uploads\/2025\/09\/Omar-Courtz.webp","keywords":["Cantantes","Entretenimiento","Espect\u00e1culos","G\u00e9nero Urbano","Maracaibo","M\u00fasica","Nacionales","Omar Courtz","Palacio de Eventos de Venezuela","Primera Musa World Tour 2025","Regionales","Venezuela","Zulia"],"articleSection":["\u00bfD\u00f3nde ir Maracaibo?","Conciertos","Fama"],"inLanguage":"es","potentialAction":[{"@type":"CommentAction","name":"Comment","target":["https:\/\/digital58.com.ve\/site\/2025\/09\/26\/omar-courtz-llega-a-maracaibo-con-su-gira-primera-musa\/#respond"]}]},{"@type":"WebPage","@id":"https:\/\/digital58.com.ve\/site\/2025\/09\/26\/omar-courtz-llega-a-maracaibo-con-su-gira-primera-musa\/","url":"https:\/\/digital58.com.ve\/site\/2025\/09\/26\/omar-courtz-llega-a-maracaibo-con-su-gira-primera-musa\/","name":"Omar Courtz llega a Maracaibo con su gira \u00abPrimera Musa","isPartOf":{"@id":"https:\/\/digital58.com.ve\/site\/#website"},"primaryImageOfPage":{"@id":"https:\/\/digital58.com.ve\/site\/2025\/09\/26\/omar-courtz-llega-a-maracaibo-con-su-gira-primera-musa\/#primaryimage"},"image":{"@id":"https:\/\/digital58.com.ve\/site\/2025\/09\/26\/omar-courtz-llega-a-maracaibo-con-su-gira-primera-musa\/#primaryimage"},"thumbnailUrl":"https:\/\/digital58.com.ve\/site\/wp-content\/uploads\/2025\/09\/Omar-Courtz.webp","datePublished":"2025-09-26T13:56:50+00:00","description":"Omar Courtz act\u00faa en Maracaibo el 15 de octubre. Entradas a la venta para su gira \u00abPrimera Musa\u00bb en el Palacio de Eventos. No te lo pierdas.","breadcrumb":{"@id":"https:\/\/digital58.com.ve\/site\/2025\/09\/26\/omar-courtz-llega-a-maracaibo-con-su-gira-primera-musa\/#breadcrumb"},"inLanguage":"es","potentialAction":[{"@type":"ReadAction","target":["https:\/\/digital58.com.ve\/site\/2025\/09\/26\/omar-courtz-llega-a-maracaibo-con-su-gira-primera-musa\/"]}]},{"@type":"ImageObject","inLanguage":"es","@id":"https:\/\/digital58.com.ve\/site\/2025\/09\/26\/omar-courtz-llega-a-maracaibo-con-su-gira-primera-musa\/#primaryimage","url":"https:\/\/digital58.com.ve\/site\/wp-content\/uploads\/2025\/09\/Omar-Courtz.webp","contentUrl":"https:\/\/digital58.com.ve\/site\/wp-content\/uploads\/2025\/09\/Omar-Courtz.webp","width":1000,"height":667},{"@type":"BreadcrumbList","@id":"https:\/\/digital58.com.ve\/site\/2025\/09\/26\/omar-courtz-llega-a-maracaibo-con-su-gira-primera-musa\/#breadcrumb","itemListElement":[{"@type":"ListItem","position":1,"name":"Home","item":"https:\/\/digital58.com.ve\/site\/"},{"@type":"ListItem","position":2,"name":"Omar Courtz llega a Maracaibo con su gira \u00abPrimera Musa"}]},{"@type":"WebSite","@id":"https:\/\/digital58.com.ve\/site\/#website","url":"https:\/\/digital58.com.ve\/site\/","name":"Noticias Digital58","description":"Portal de Noticias \u00a1Periodismo web de verdad! Lanzamiento web 22.11.2005 \/ Maracaibo, Venezuela","publisher":{"@id":"https:\/\/digital58.com.ve\/site\/#\/schema\/person\/64d1c2e4d0d4fd1b849980c4331c2951"},"alternateName":"ND58","potentialAction":[{"@type":"SearchAction","target":{"@type":"EntryPoint","urlTemplate":"https:\/\/digital58.com.ve\/site\/?s={search_term_string}"},"query-input":{"@type":"PropertyValueSpecification","valueRequired":true,"valueName":"search_term_string"}}],"inLanguage":"es"},{"@type":["Person","Organization"],"@id":"https:\/\/digital58.com.ve\/site\/#\/schema\/person\/64d1c2e4d0d4fd1b849980c4331c2951","name":"Villasmil Henry","image":{"@type":"ImageObject","inLanguage":"es","@id":"https:\/\/secure.gravatar.com\/avatar\/bb0c4a2fcb7970138239f7e404ea75757b1b507b28b5ce4c53fbd62d797c5a7c?s=96&d=mm&r=g","url":"https:\/\/secure.gravatar.com\/avatar\/bb0c4a2fcb7970138239f7e404ea75757b1b507b28b5ce4c53fbd62d797c5a7c?s=96&d=mm&r=g","contentUrl":"https:\/\/secure.gravatar.com\/avatar\/bb0c4a2fcb7970138239f7e404ea75757b1b507b28b5ce4c53fbd62d797c5a7c?s=96&d=mm&r=g","caption":"Villasmil Henry"},"logo":{"@id":"https:\/\/secure.gravatar.com\/avatar\/bb0c4a2fcb7970138239f7e404ea75757b1b507b28b5ce4c53fbd62d797c5a7c?s=96&d=mm&r=g"},"sameAs":["http:\/\/www.henryvillasmil.com.ve","https:\/\/www.instagram.com\/villasmilhfoto\/","https:\/\/x.com\/https:\/\/twitter.com\/villasmilhfoto"],"url":"https:\/\/digital58.com.ve\/site\/author\/droopy_68\/"}]}},"uagb_featured_image_src":{"full":["https:\/\/digital58.com.ve\/site\/wp-content\/uploads\/2025\/09\/Omar-Courtz.webp",1000,667,false],"thumbnail":["https:\/\/digital58.com.ve\/site\/wp-content\/uploads\/2025\/09\/Omar-Courtz-150x150.webp",150,150,true],"medium":["https:\/\/digital58.com.ve\/site\/wp-content\/uploads\/2025\/09\/Omar-Courtz-300x200.webp",300,200,true],"medium_large":["https:\/\/digital58.com.ve\/site\/wp-content\/uploads\/2025\/09\/Omar-Courtz-768x512.webp",768,512,true],"large":["https:\/\/digital58.com.ve\/site\/wp-content\/uploads\/2025\/09\/Omar-Courtz.webp",800,534,false],"1536x1536":["https:\/\/digital58.com.ve\/site\/wp-content\/uploads\/2025\/09\/Omar-Courtz.webp",1000,667,false],"2048x2048":["https:\/\/digital58.com.ve\/site\/wp-content\/uploads\/2025\/09\/Omar-Courtz.webp",1000,667,false],"colormag-highlighted-post":["https:\/\/digital58.com.ve\/site\/wp-content\/uploads\/2025\/09\/Omar-Courtz-392x272.webp",392,272,true],"colormag-featured-post-medium":["https:\/\/digital58.com.ve\/site\/wp-content\/uploads\/2025\/09\/Omar-Courtz-390x205.webp",390,205,true],"colormag-featured-post-small":["https:\/\/digital58.com.ve\/site\/wp-content\/uploads\/2025\/09\/Omar-Courtz-130x90.webp",130,90,true],"colormag-featured-image":["https:\/\/digital58.com.ve\/site\/wp-content\/uploads\/2025\/09\/Omar-Courtz-800x445.webp",800,445,true],"colormag-default-news":["https:\/\/digital58.com.ve\/site\/wp-content\/uploads\/2025\/09\/Omar-Courtz-150x150.webp",150,150,true],"colormag-featured-image-large":["https:\/\/digital58.com.ve\/site\/wp-content\/uploads\/2025\/09\/Omar-Courtz-1000x600.webp",1000,600,true]},"uagb_author_info":{"display_name":"Villasmil Henry","author_link":"https:\/\/digital58.com.ve\/site\/author\/droopy_68\/"},"uagb_comment_info":0,"uagb_excerpt":"El cantante puertorrique\u00f1o se presentar\u00e1 el 15 de octubre en el Palacio de Eventos de Eventos, producido por Sonic Show,","_links":{"self":[{"href":"https:\/\/digital58.com.ve\/site\/wp-json\/wp\/v2\/posts\/190449","targetHints":{"allow":["GET"]}}],"collection":[{"href":"https:\/\/digital58.com.ve\/site\/wp-json\/wp\/v2\/posts"}],"about":[{"href":"https:\/\/digital58.com.ve\/site\/wp-json\/wp\/v2\/types\/post"}],"author":[{"embeddable":true,"href":"https:\/\/digital58.com.ve\/site\/wp-json\/wp\/v2\/users\/1"}],"replies":[{"embeddable":true,"href":"https:\/\/digital58.com.ve\/site\/wp-json\/wp\/v2\/comments?post=190449"}],"version-history":[{"count":1,"href":"https:\/\/digital58.com.ve\/site\/wp-json\/wp\/v2\/posts\/190449\/revisions"}],"predecessor-version":[{"id":190451,"href":"https:\/\/digital58.com.ve\/site\/wp-json\/wp\/v2\/posts\/190449\/revisions\/190451"}],"wp:featuredmedia":[{"embeddable":true,"href":"https:\/\/digital58.com.ve\/site\/wp-json\/wp\/v2\/media\/190450"}],"wp:attachment":[{"href":"https:\/\/digital58.com.ve\/site\/wp-json\/wp\/v2\/media?parent=190449"}],"wp:term":[{"taxonomy":"category","embeddable":true,"href":"https:\/\/digital58.com.ve\/site\/wp-json\/wp\/v2\/categories?post=190449"},{"taxonomy":"post_tag","embeddable":true,"href":"https:\/\/digital58.com.ve\/site\/wp-json\/wp\/v2\/tags?post=190449"}],"curies":[{"name":"wp","href":"https:\/\/api.w.org\/{rel}","templated":true}]}}