{"id":190452,"date":"2025-09-26T16:15:47","date_gmt":"2025-09-26T20:15:47","guid":{"rendered":"https:\/\/digital58.com.ve\/site\/?p=190452"},"modified":"2025-09-26T16:16:31","modified_gmt":"2025-09-26T20:16:31","slug":"cultura-cafetalera-venezolana-converge-en-el-zulia","status":"publish","type":"post","link":"https:\/\/digital58.com.ve\/site\/2025\/09\/26\/cultura-cafetalera-venezolana-converge-en-el-zulia\/","title":{"rendered":"Cultura cafetalera venezolana converge en el Zulia"},"content":{"rendered":"<p><a class=\"keychainify-checked\" href=\"https:\/\/digital58.com.ve\/site\/wp-content\/uploads\/2025\/09\/fiesta-cafe\u1e3fcbo-25-1.webp\"><img loading=\"lazy\" decoding=\"async\" class=\"aligncenter wp-image-190462 size-full\" src=\"https:\/\/digital58.com.ve\/site\/wp-content\/uploads\/2025\/09\/fiesta-cafe\u1e3fcbo-25-1.webp\" alt=\"La Fiesta Zuliana del Caf\u00e9 2025 fue inaugurada oficialmente en la Biblioteca P\u00fablica Mar\u00eda Calca\u00f1o (Sal\u00f3n Catatumbo) este viernes 26 de septiembre en un acto que cont\u00f3 con la presencia de las autoridades regionales.\" width=\"900\" height=\"600\" srcset=\"https:\/\/digital58.com.ve\/site\/wp-content\/uploads\/2025\/09\/fiesta-cafe\u1e3fcbo-25-1.webp 900w, https:\/\/digital58.com.ve\/site\/wp-content\/uploads\/2025\/09\/fiesta-cafe\u1e3fcbo-25-1-300x200.webp 300w, https:\/\/digital58.com.ve\/site\/wp-content\/uploads\/2025\/09\/fiesta-cafe\u1e3fcbo-25-1-768x512.webp 768w\" sizes=\"auto, (max-width: 900px) 100vw, 900px\" \/><\/a><\/p>\n<blockquote><p>Maracaibo se transforma en la capital del grano con competencias, charlas de expertos y la promoci\u00f3n de la soberan\u00eda productiva.<\/p><\/blockquote>\n<p><strong>Maracaibo, Zulia, Venezuela, 26 de septiembre de 2025 (ND58).-<\/strong> La <strong><a class=\"keychainify-checked\" href=\"https:\/\/www.instagram.com\/fiestazulianadelcafe\/\" target=\"_blank\" rel=\"noopener\">Fiesta Zuliana del Caf\u00e9 2025<\/a><\/strong> fue inaugurada oficialmente en la Biblioteca P\u00fablica Mar\u00eda Calca\u00f1o (Sal\u00f3n Catatumbo) este viernes 26 de septiembre en un acto que cont\u00f3 con la presencia de las autoridades regionales.<\/p>\n<p>Durante los dos d\u00edas del evento, los asistentes podr\u00e1n disfrutar de la Final Nacional del m\u00e9todo Aeropress, con 30 competidores de diez estados.<\/p>\n<p>El ganador obtendr\u00e1 el pase al campeonato mundial en Corea del Sur. Paralelamente, se realizar\u00e1 el Campeonato Zuliano de Arte Latte, Copa San Sim\u00f3n.<\/p>\n<p><a class=\"keychainify-checked\" href=\"https:\/\/digital58.com.ve\/site\/wp-content\/uploads\/2025\/09\/fiesta-cafe\u1e3fcbo-25-10.webp\"><img loading=\"lazy\" decoding=\"async\" class=\"aligncenter size-full wp-image-190453\" src=\"https:\/\/digital58.com.ve\/site\/wp-content\/uploads\/2025\/09\/fiesta-cafe\u1e3fcbo-25-10.webp\" alt=\"\" width=\"900\" height=\"600\" srcset=\"https:\/\/digital58.com.ve\/site\/wp-content\/uploads\/2025\/09\/fiesta-cafe\u1e3fcbo-25-10.webp 900w, https:\/\/digital58.com.ve\/site\/wp-content\/uploads\/2025\/09\/fiesta-cafe\u1e3fcbo-25-10-300x200.webp 300w, https:\/\/digital58.com.ve\/site\/wp-content\/uploads\/2025\/09\/fiesta-cafe\u1e3fcbo-25-10-768x512.webp 768w\" sizes=\"auto, (max-width: 900px) 100vw, 900px\" \/><\/a><\/p>\n<h2>Autoridades destacan impacto del evento<\/h2>\n<p>Durante la inauguraci\u00f3n, el gobernador del estado Zulia, Luis Caldera, resalt\u00f3 la trascendencia multisectorial de la feria.<\/p>\n<p>\u00abUn evento que trasciende en lo cultural, lo educativo, lo productivo y lo tur\u00edstico, sobre todo en la unidad por la soberan\u00eda y la paz\u00bb, afirm\u00f3.<\/p>\n<p><a class=\"keychainify-checked\" href=\"https:\/\/digital58.com.ve\/site\/wp-content\/uploads\/2025\/09\/fiesta-cafe\u1e3fcbo-25-5.webp\"><img loading=\"lazy\" decoding=\"async\" class=\"aligncenter wp-image-190458 size-full\" src=\"https:\/\/digital58.com.ve\/site\/wp-content\/uploads\/2025\/09\/fiesta-cafe\u1e3fcbo-25-5.webp\" alt=\"Durante la inauguraci\u00f3n, el gobernador del estado Zulia, Luis Caldera, resalt\u00f3 la trascendencia multisectorial de la feria. \u00abUn evento que trasciende en lo cultural, lo educativo, lo productivo y lo tur\u00edstico, sobre todo en la unidad por la soberan\u00eda y la paz\u00bb, afirm\u00f3.\" width=\"900\" height=\"600\" srcset=\"https:\/\/digital58.com.ve\/site\/wp-content\/uploads\/2025\/09\/fiesta-cafe\u1e3fcbo-25-5.webp 900w, https:\/\/digital58.com.ve\/site\/wp-content\/uploads\/2025\/09\/fiesta-cafe\u1e3fcbo-25-5-300x200.webp 300w, https:\/\/digital58.com.ve\/site\/wp-content\/uploads\/2025\/09\/fiesta-cafe\u1e3fcbo-25-5-768x512.webp 768w\" sizes=\"auto, (max-width: 900px) 100vw, 900px\" \/><\/a><\/p>\n<p>Caldera a\u00f1adi\u00f3 que estas competencias \u00abpromueven la cultura del caf\u00e9 en el Zulia\u00bb y mostr\u00f3 su entusiasmo por la alianza entre los sectores privado y p\u00fablico.<\/p>\n<p>Por su parte, la primera dama de la regi\u00f3n, Roselyn L\u00f3pez de Caldera, defini\u00f3 la fiesta como una vitrina del potencial zuliano.<\/p>\n<p>\u00abEs una experiencia bastante gratificante recibir a turistas que visitan el estado. Aqu\u00ed vemos la gran capacidad que tiene nuestro Zulia\u00bb, asever\u00f3.<\/p>\n<p><a class=\"keychainify-checked\" href=\"https:\/\/digital58.com.ve\/site\/wp-content\/uploads\/2025\/09\/fiesta-cafe\u1e3fcbo-25-4.webp\"><img loading=\"lazy\" decoding=\"async\" class=\"aligncenter size-full wp-image-190459\" src=\"https:\/\/digital58.com.ve\/site\/wp-content\/uploads\/2025\/09\/fiesta-cafe\u1e3fcbo-25-4.webp\" alt=\"\" width=\"900\" height=\"600\" srcset=\"https:\/\/digital58.com.ve\/site\/wp-content\/uploads\/2025\/09\/fiesta-cafe\u1e3fcbo-25-4.webp 900w, https:\/\/digital58.com.ve\/site\/wp-content\/uploads\/2025\/09\/fiesta-cafe\u1e3fcbo-25-4-300x200.webp 300w, https:\/\/digital58.com.ve\/site\/wp-content\/uploads\/2025\/09\/fiesta-cafe\u1e3fcbo-25-4-768x512.webp 768w\" sizes=\"auto, (max-width: 900px) 100vw, 900px\" \/><\/a><\/p>\n<h2>Competidores nacionales buscan cupo mundial<\/h2>\n<p>La final nacional re\u00fane a tres representantes por cada una de las siguientes entidades federales:<\/p>\n<p><strong>Estado Bol\u00edvar:<\/strong> Elvis Ascanio, Angelo Alcal\u00e1 y Elizaul Zacarias.<br \/>\n<strong>Distrito Capital:<\/strong>\u00a0<strong>\u00c1ngel<\/strong> Luna, Wilmer Carrasco y Jos\u00e9 Hernandez<br \/>\n<strong>Estado Carabobo:<\/strong> Jorge Querales, Oriandgelis Dun y Andr\u00e9s Calero<br \/>\n<strong>Estado Portuguesa:<\/strong> YetsibellEscudero, Daniel Rodr\u00edguez y Laura Colmenares<br \/>\n<strong>Estado Nueva Esparta:<\/strong> Siolibeth Gonz\u00e1lez, Samuel Perdomo y G\u00e9nesis Ram\u00edrez.<br \/>\n<strong>Estado T\u00e1chira:<\/strong> Johan Flores, Gustavo Omaha y Nils Carvajal.<br \/>\n<strong>Estado Lara:<\/strong> Pedro Zubillaga, C\u00e9sar L\u00f3pez y Jhon Arenas<br \/>\n<strong>Estado Trujillo:<\/strong> Kleyiber Correa, Raylet Roa y Luisany Dur\u00e1n<br \/>\n<strong>Estado La Guaira:<\/strong> Alfredo Payares, Jannn Mejias y Gabriel Mendoza.<br \/>\n<strong>Estado Zulia:<\/strong> Sebasti\u00e1n Ruenes, Jes\u00fas Carre\u00f1o y Rafael Ga\u00f1ango.<\/p>\n<p>El nombre del campe\u00f3n se conocer\u00e1 al t\u00e9rmino de la competencia del s\u00e1bado.<\/p>\n<p><a class=\"keychainify-checked\" href=\"https:\/\/digital58.com.ve\/site\/wp-content\/uploads\/2025\/09\/fiesta-cafe\u1e3fcbo-25-3.webp\"><img loading=\"lazy\" decoding=\"async\" class=\"aligncenter size-full wp-image-190460\" src=\"https:\/\/digital58.com.ve\/site\/wp-content\/uploads\/2025\/09\/fiesta-cafe\u1e3fcbo-25-3.webp\" alt=\"\" width=\"900\" height=\"600\" srcset=\"https:\/\/digital58.com.ve\/site\/wp-content\/uploads\/2025\/09\/fiesta-cafe\u1e3fcbo-25-3.webp 900w, https:\/\/digital58.com.ve\/site\/wp-content\/uploads\/2025\/09\/fiesta-cafe\u1e3fcbo-25-3-300x200.webp 300w, https:\/\/digital58.com.ve\/site\/wp-content\/uploads\/2025\/09\/fiesta-cafe\u1e3fcbo-25-3-768x512.webp 768w\" sizes=\"auto, (max-width: 900px) 100vw, 900px\" \/><\/a><\/p>\n<h2>Charlas especializadas enriquecen la programaci\u00f3n<\/h2>\n<p>El evento complementa las competencias con un ciclo de ponencias a cargo de expertos. Entre los temas destacan el control de calidad basado en normas Covenin, a cargo de Alexis Zambrano; la historia del caf\u00e9 en Venezuela, con V\u00edctor Moreno; y narrativas de marca, por Juan Andr\u00e9s Rinc\u00f3n.<\/p>\n<p>Otros especialistas como Ra\u00fal Mart\u00ednez, Gabriel Gonz\u00e1lez, Pietro Carbone y Juan Carlos Nava abordar\u00e1n procesos postcosecha, claves para la exportaci\u00f3n, la realidad actual y el manejo ecol\u00f3gico del cultivo, respectivamente.<\/p>\n<p>La Fiesta Zuliana del Caf\u00e9 se consolida as\u00ed como el punto de encuentro anual para los amantes de esta bebida en el occidente del pa\u00eds.<\/p>\n<p>D\u00edas 26 y 27 de septiembre, de 10:00 a.m. a 6:00 p.m. \u2014entrada gratis\u2014, la Biblioteca P\u00fablica Mar\u00eda Calca\u00f1o ser\u00e1 el epicentro del caf\u00e9.<\/p>\n<p><a class=\"keychainify-checked\" href=\"https:\/\/digital58.com.ve\/site\/wp-content\/uploads\/2025\/09\/fiesta-cafe\u1e3fcbo-25-9.webp\"><img loading=\"lazy\" decoding=\"async\" class=\"aligncenter size-full wp-image-190454\" src=\"https:\/\/digital58.com.ve\/site\/wp-content\/uploads\/2025\/09\/fiesta-cafe\u1e3fcbo-25-9.webp\" alt=\"\" width=\"900\" height=\"600\" srcset=\"https:\/\/digital58.com.ve\/site\/wp-content\/uploads\/2025\/09\/fiesta-cafe\u1e3fcbo-25-9.webp 900w, https:\/\/digital58.com.ve\/site\/wp-content\/uploads\/2025\/09\/fiesta-cafe\u1e3fcbo-25-9-300x200.webp 300w, https:\/\/digital58.com.ve\/site\/wp-content\/uploads\/2025\/09\/fiesta-cafe\u1e3fcbo-25-9-768x512.webp 768w\" sizes=\"auto, (max-width: 900px) 100vw, 900px\" \/><\/a><\/p>\n<p><a class=\"keychainify-checked\" href=\"https:\/\/digital58.com.ve\/site\/wp-content\/uploads\/2025\/09\/fiesta-cafe\u1e3fcbo-25-2.webp\"><img loading=\"lazy\" decoding=\"async\" class=\"aligncenter size-full wp-image-190461\" src=\"https:\/\/digital58.com.ve\/site\/wp-content\/uploads\/2025\/09\/fiesta-cafe\u1e3fcbo-25-2.webp\" alt=\"\" width=\"900\" height=\"600\" srcset=\"https:\/\/digital58.com.ve\/site\/wp-content\/uploads\/2025\/09\/fiesta-cafe\u1e3fcbo-25-2.webp 900w, https:\/\/digital58.com.ve\/site\/wp-content\/uploads\/2025\/09\/fiesta-cafe\u1e3fcbo-25-2-300x200.webp 300w, https:\/\/digital58.com.ve\/site\/wp-content\/uploads\/2025\/09\/fiesta-cafe\u1e3fcbo-25-2-768x512.webp 768w\" sizes=\"auto, (max-width: 900px) 100vw, 900px\" \/><\/a><\/p>\n<p><a class=\"keychainify-checked\" href=\"https:\/\/digital58.com.ve\/site\/wp-content\/uploads\/2025\/09\/fiesta-cafe\u1e3fcbo-25-6.webp\"><img loading=\"lazy\" decoding=\"async\" class=\"aligncenter size-full wp-image-190457\" src=\"https:\/\/digital58.com.ve\/site\/wp-content\/uploads\/2025\/09\/fiesta-cafe\u1e3fcbo-25-6.webp\" alt=\"\" width=\"900\" height=\"600\" srcset=\"https:\/\/digital58.com.ve\/site\/wp-content\/uploads\/2025\/09\/fiesta-cafe\u1e3fcbo-25-6.webp 900w, https:\/\/digital58.com.ve\/site\/wp-content\/uploads\/2025\/09\/fiesta-cafe\u1e3fcbo-25-6-300x200.webp 300w, https:\/\/digital58.com.ve\/site\/wp-content\/uploads\/2025\/09\/fiesta-cafe\u1e3fcbo-25-6-768x512.webp 768w\" sizes=\"auto, (max-width: 900px) 100vw, 900px\" \/><\/a><\/p>\n<p><a class=\"keychainify-checked\" href=\"https:\/\/digital58.com.ve\/site\/wp-content\/uploads\/2025\/09\/fiesta-cafe\u1e3fcbo-25-7.webp\"><img loading=\"lazy\" decoding=\"async\" class=\"aligncenter size-full wp-image-190456\" src=\"https:\/\/digital58.com.ve\/site\/wp-content\/uploads\/2025\/09\/fiesta-cafe\u1e3fcbo-25-7.webp\" alt=\"\" width=\"900\" height=\"600\" srcset=\"https:\/\/digital58.com.ve\/site\/wp-content\/uploads\/2025\/09\/fiesta-cafe\u1e3fcbo-25-7.webp 900w, https:\/\/digital58.com.ve\/site\/wp-content\/uploads\/2025\/09\/fiesta-cafe\u1e3fcbo-25-7-300x200.webp 300w, https:\/\/digital58.com.ve\/site\/wp-content\/uploads\/2025\/09\/fiesta-cafe\u1e3fcbo-25-7-768x512.webp 768w\" sizes=\"auto, (max-width: 900px) 100vw, 900px\" \/><\/a><\/p>\n<p><a class=\"keychainify-checked\" href=\"https:\/\/digital58.com.ve\/site\/wp-content\/uploads\/2025\/09\/fiesta-cafe\u1e3fcbo-25-8.webp\"><img loading=\"lazy\" decoding=\"async\" class=\"aligncenter size-full wp-image-190455\" src=\"https:\/\/digital58.com.ve\/site\/wp-content\/uploads\/2025\/09\/fiesta-cafe\u1e3fcbo-25-8.webp\" alt=\"\" width=\"900\" height=\"600\" srcset=\"https:\/\/digital58.com.ve\/site\/wp-content\/uploads\/2025\/09\/fiesta-cafe\u1e3fcbo-25-8.webp 900w, https:\/\/digital58.com.ve\/site\/wp-content\/uploads\/2025\/09\/fiesta-cafe\u1e3fcbo-25-8-300x200.webp 300w, https:\/\/digital58.com.ve\/site\/wp-content\/uploads\/2025\/09\/fiesta-cafe\u1e3fcbo-25-8-768x512.webp 768w\" sizes=\"auto, (max-width: 900px) 100vw, 900px\" \/><\/a><\/p>\n<p><strong>Sala de redacci\u00f3n ND58<\/strong><br \/>\n<strong>Edici\u00f3n: Villasmil, Henry<\/strong><br \/>\n<strong>Gr\u00e1ficas: @villasmilhfoto<\/strong><\/p>\n<p>&nbsp;<\/p>\n<p>&nbsp;<\/p>\n<p>&nbsp;<\/p><div class=\"olwgr69f2a36a9b536\" ><p style=\"text-align: center;\"><a href=\"https:\/\/t.me\/noticiasdigital58\" target=\"_blank\" rel=\"noopener\"><img class=\"aligncenter size-full wp-image-125363\" src=\"https:\/\/digital58.com.ve\/site\/wp-content\/uploads\/2021\/04\/banner-telegram-web-2021.png\" alt=\"\" width=\"600\" height=\"90\" \/><\/a><\/p><\/div><style type=\"text\/css\">\r\n@media screen and (min-width: 1201px) {\r\n.olwgr69f2a36a9b536 {\r\ndisplay: block;\r\n}\r\n}\r\n@media screen and (min-width: 993px) and (max-width: 1200px) {\r\n.olwgr69f2a36a9b536 {\r\ndisplay: block;\r\n}\r\n}\r\n@media screen and (min-width: 769px) and (max-width: 992px) {\r\n.olwgr69f2a36a9b536 {\r\ndisplay: block;\r\n}\r\n}\r\n@media screen and (min-width: 768px) and (max-width: 768px) {\r\n.olwgr69f2a36a9b536 {\r\ndisplay: block;\r\n}\r\n}\r\n@media screen and (max-width: 767px) {\r\n.olwgr69f2a36a9b536 {\r\ndisplay: block;\r\n}\r\n}\r\n<\/style>\r\n\n<p>&nbsp;<\/p>\n<div style=\"margin-top: 0px; margin-bottom: 0px;\" class=\"sharethis-inline-share-buttons\" ><\/div>","protected":false},"excerpt":{"rendered":"<p>Maracaibo se transforma en la capital del grano con competencias, charlas de expertos y la promoci\u00f3n de la soberan\u00eda productiva.<\/p>\n","protected":false},"author":1,"featured_media":190460,"comment_status":"open","ping_status":"closed","sticky":false,"template":"","format":"standard","meta":{"colormag_page_container_layout":"default_layout","colormag_page_sidebar_layout":"default_layout","_uag_custom_page_level_css":"","footnotes":""},"categories":[5412,5486],"tags":[35397,267,2823,35130,73,233,2354,32,761],"class_list":["post-190452","post","type-post","status-publish","format-standard","has-post-thumbnail","hentry","category-donde_ir_maracaibo","category-gastronomia","tag-aeropress","tag-alimentos-y-bebidas","tag-biblioteca-publica-maria-calcano","tag-fiesta-zuliana-del-cafe","tag-maracaibo","tag-nacionales","tag-regionales","tag-venezuela","tag-zulia"],"yoast_head":"<!-- This site is optimized with the Yoast SEO plugin v27.5 - https:\/\/yoast.com\/product\/yoast-seo-wordpress\/ -->\n<title>Cultura cafetalera venezolana converge en el Zulia<\/title>\n<meta name=\"description\" content=\"La Fiesta Zuliana del Caf\u00e9 2025 re\u00fane en Maracaibo a los mejores baristas del pa\u00eds para la final nacional Aeropress. Conoce los detalles.\" \/>\n<meta name=\"robots\" content=\"index, follow, max-snippet:-1, max-image-preview:large, max-video-preview:-1\" \/>\n<link rel=\"canonical\" href=\"https:\/\/digital58.com.ve\/site\/2025\/09\/26\/cultura-cafetalera-venezolana-converge-en-el-zulia\/\" \/>\n<meta property=\"og:locale\" content=\"es_ES\" \/>\n<meta property=\"og:type\" content=\"article\" \/>\n<meta property=\"og:title\" content=\"Cultura cafetalera venezolana converge en el Zulia\" \/>\n<meta property=\"og:description\" content=\"La Fiesta Zuliana del Caf\u00e9 2025 re\u00fane en Maracaibo a los mejores baristas del pa\u00eds para la final nacional Aeropress. Conoce los detalles.\" \/>\n<meta property=\"og:url\" content=\"https:\/\/digital58.com.ve\/site\/2025\/09\/26\/cultura-cafetalera-venezolana-converge-en-el-zulia\/\" \/>\n<meta property=\"og:site_name\" content=\"Noticias Digital58\" \/>\n<meta property=\"article:published_time\" content=\"2025-09-26T20:15:47+00:00\" \/>\n<meta property=\"article:modified_time\" content=\"2025-09-26T20:16:31+00:00\" \/>\n<meta property=\"og:image\" content=\"https:\/\/digital58.com.ve\/site\/wp-content\/uploads\/2025\/09\/fiesta-cafe\u1e3fcbo-25-3.webp\" \/>\n\t<meta property=\"og:image:width\" content=\"900\" \/>\n\t<meta property=\"og:image:height\" content=\"600\" \/>\n\t<meta property=\"og:image:type\" content=\"image\/webp\" \/>\n<meta name=\"author\" content=\"Villasmil Henry\" \/>\n<meta name=\"twitter:card\" content=\"summary_large_image\" \/>\n<meta name=\"twitter:creator\" content=\"@https:\/\/twitter.com\/villasmilhfoto\" \/>\n<meta name=\"twitter:site\" content=\"@villasmilhfoto\" \/>\n<meta name=\"twitter:label1\" content=\"Escrito por\" \/>\n\t<meta name=\"twitter:data1\" content=\"Villasmil Henry\" \/>\n\t<meta name=\"twitter:label2\" content=\"Tiempo estimado de lectura\" \/>\n\t<meta name=\"twitter:data2\" content=\"5 minutos\" \/>\n<script type=\"application\/ld+json\" class=\"yoast-schema-graph\">{\"@context\":\"https:\\\/\\\/schema.org\",\"@graph\":[{\"@type\":\"Article\",\"@id\":\"https:\\\/\\\/digital58.com.ve\\\/site\\\/2025\\\/09\\\/26\\\/cultura-cafetalera-venezolana-converge-en-el-zulia\\\/#article\",\"isPartOf\":{\"@id\":\"https:\\\/\\\/digital58.com.ve\\\/site\\\/2025\\\/09\\\/26\\\/cultura-cafetalera-venezolana-converge-en-el-zulia\\\/\"},\"author\":{\"name\":\"Villasmil Henry\",\"@id\":\"https:\\\/\\\/digital58.com.ve\\\/site\\\/#\\\/schema\\\/person\\\/64d1c2e4d0d4fd1b849980c4331c2951\"},\"headline\":\"Cultura cafetalera venezolana converge en el Zulia\",\"datePublished\":\"2025-09-26T20:15:47+00:00\",\"dateModified\":\"2025-09-26T20:16:31+00:00\",\"mainEntityOfPage\":{\"@id\":\"https:\\\/\\\/digital58.com.ve\\\/site\\\/2025\\\/09\\\/26\\\/cultura-cafetalera-venezolana-converge-en-el-zulia\\\/\"},\"wordCount\":551,\"commentCount\":0,\"publisher\":{\"@id\":\"https:\\\/\\\/digital58.com.ve\\\/site\\\/#\\\/schema\\\/person\\\/64d1c2e4d0d4fd1b849980c4331c2951\"},\"image\":{\"@id\":\"https:\\\/\\\/digital58.com.ve\\\/site\\\/2025\\\/09\\\/26\\\/cultura-cafetalera-venezolana-converge-en-el-zulia\\\/#primaryimage\"},\"thumbnailUrl\":\"https:\\\/\\\/digital58.com.ve\\\/site\\\/wp-content\\\/uploads\\\/2025\\\/09\\\/fiesta-cafe\u1e3fcbo-25-3.webp\",\"keywords\":[\"Aeropress\",\"Alimentos y Bebidas\",\"Biblioteca P\u00fablica Mar\u00eda Calca\u00f1o\",\"Fiesta Zuliana del Caf\u00e9\",\"Maracaibo\",\"Nacionales\",\"Regionales\",\"Venezuela\",\"Zulia\"],\"articleSection\":[\"\u00bfD\u00f3nde ir Maracaibo?\",\"Gastronom\u00eda\"],\"inLanguage\":\"es\",\"potentialAction\":[{\"@type\":\"CommentAction\",\"name\":\"Comment\",\"target\":[\"https:\\\/\\\/digital58.com.ve\\\/site\\\/2025\\\/09\\\/26\\\/cultura-cafetalera-venezolana-converge-en-el-zulia\\\/#respond\"]}]},{\"@type\":\"WebPage\",\"@id\":\"https:\\\/\\\/digital58.com.ve\\\/site\\\/2025\\\/09\\\/26\\\/cultura-cafetalera-venezolana-converge-en-el-zulia\\\/\",\"url\":\"https:\\\/\\\/digital58.com.ve\\\/site\\\/2025\\\/09\\\/26\\\/cultura-cafetalera-venezolana-converge-en-el-zulia\\\/\",\"name\":\"Cultura cafetalera venezolana converge en el Zulia\",\"isPartOf\":{\"@id\":\"https:\\\/\\\/digital58.com.ve\\\/site\\\/#website\"},\"primaryImageOfPage\":{\"@id\":\"https:\\\/\\\/digital58.com.ve\\\/site\\\/2025\\\/09\\\/26\\\/cultura-cafetalera-venezolana-converge-en-el-zulia\\\/#primaryimage\"},\"image\":{\"@id\":\"https:\\\/\\\/digital58.com.ve\\\/site\\\/2025\\\/09\\\/26\\\/cultura-cafetalera-venezolana-converge-en-el-zulia\\\/#primaryimage\"},\"thumbnailUrl\":\"https:\\\/\\\/digital58.com.ve\\\/site\\\/wp-content\\\/uploads\\\/2025\\\/09\\\/fiesta-cafe\u1e3fcbo-25-3.webp\",\"datePublished\":\"2025-09-26T20:15:47+00:00\",\"dateModified\":\"2025-09-26T20:16:31+00:00\",\"description\":\"La Fiesta Zuliana del Caf\u00e9 2025 re\u00fane en Maracaibo a los mejores baristas del pa\u00eds para la final nacional Aeropress. Conoce los detalles.\",\"breadcrumb\":{\"@id\":\"https:\\\/\\\/digital58.com.ve\\\/site\\\/2025\\\/09\\\/26\\\/cultura-cafetalera-venezolana-converge-en-el-zulia\\\/#breadcrumb\"},\"inLanguage\":\"es\",\"potentialAction\":[{\"@type\":\"ReadAction\",\"target\":[\"https:\\\/\\\/digital58.com.ve\\\/site\\\/2025\\\/09\\\/26\\\/cultura-cafetalera-venezolana-converge-en-el-zulia\\\/\"]}]},{\"@type\":\"ImageObject\",\"inLanguage\":\"es\",\"@id\":\"https:\\\/\\\/digital58.com.ve\\\/site\\\/2025\\\/09\\\/26\\\/cultura-cafetalera-venezolana-converge-en-el-zulia\\\/#primaryimage\",\"url\":\"https:\\\/\\\/digital58.com.ve\\\/site\\\/wp-content\\\/uploads\\\/2025\\\/09\\\/fiesta-cafe\u1e3fcbo-25-3.webp\",\"contentUrl\":\"https:\\\/\\\/digital58.com.ve\\\/site\\\/wp-content\\\/uploads\\\/2025\\\/09\\\/fiesta-cafe\u1e3fcbo-25-3.webp\",\"width\":900,\"height\":600},{\"@type\":\"BreadcrumbList\",\"@id\":\"https:\\\/\\\/digital58.com.ve\\\/site\\\/2025\\\/09\\\/26\\\/cultura-cafetalera-venezolana-converge-en-el-zulia\\\/#breadcrumb\",\"itemListElement\":[{\"@type\":\"ListItem\",\"position\":1,\"name\":\"Home\",\"item\":\"https:\\\/\\\/digital58.com.ve\\\/site\\\/\"},{\"@type\":\"ListItem\",\"position\":2,\"name\":\"Cultura cafetalera venezolana converge en el Zulia\"}]},{\"@type\":\"WebSite\",\"@id\":\"https:\\\/\\\/digital58.com.ve\\\/site\\\/#website\",\"url\":\"https:\\\/\\\/digital58.com.ve\\\/site\\\/\",\"name\":\"Noticias Digital58\",\"description\":\"Portal de Noticias \u00a1Periodismo web de verdad! Lanzamiento web 22.11.2005 \\\/ Maracaibo, Venezuela\",\"publisher\":{\"@id\":\"https:\\\/\\\/digital58.com.ve\\\/site\\\/#\\\/schema\\\/person\\\/64d1c2e4d0d4fd1b849980c4331c2951\"},\"alternateName\":\"ND58\",\"potentialAction\":[{\"@type\":\"SearchAction\",\"target\":{\"@type\":\"EntryPoint\",\"urlTemplate\":\"https:\\\/\\\/digital58.com.ve\\\/site\\\/?s={search_term_string}\"},\"query-input\":{\"@type\":\"PropertyValueSpecification\",\"valueRequired\":true,\"valueName\":\"search_term_string\"}}],\"inLanguage\":\"es\"},{\"@type\":[\"Person\",\"Organization\"],\"@id\":\"https:\\\/\\\/digital58.com.ve\\\/site\\\/#\\\/schema\\\/person\\\/64d1c2e4d0d4fd1b849980c4331c2951\",\"name\":\"Villasmil Henry\",\"image\":{\"@type\":\"ImageObject\",\"inLanguage\":\"es\",\"@id\":\"https:\\\/\\\/secure.gravatar.com\\\/avatar\\\/bb0c4a2fcb7970138239f7e404ea75757b1b507b28b5ce4c53fbd62d797c5a7c?s=96&d=mm&r=g\",\"url\":\"https:\\\/\\\/secure.gravatar.com\\\/avatar\\\/bb0c4a2fcb7970138239f7e404ea75757b1b507b28b5ce4c53fbd62d797c5a7c?s=96&d=mm&r=g\",\"contentUrl\":\"https:\\\/\\\/secure.gravatar.com\\\/avatar\\\/bb0c4a2fcb7970138239f7e404ea75757b1b507b28b5ce4c53fbd62d797c5a7c?s=96&d=mm&r=g\",\"caption\":\"Villasmil Henry\"},\"logo\":{\"@id\":\"https:\\\/\\\/secure.gravatar.com\\\/avatar\\\/bb0c4a2fcb7970138239f7e404ea75757b1b507b28b5ce4c53fbd62d797c5a7c?s=96&d=mm&r=g\"},\"sameAs\":[\"http:\\\/\\\/www.henryvillasmil.com.ve\",\"https:\\\/\\\/www.instagram.com\\\/villasmilhfoto\\\/\",\"https:\\\/\\\/x.com\\\/https:\\\/\\\/twitter.com\\\/villasmilhfoto\"],\"url\":\"https:\\\/\\\/digital58.com.ve\\\/site\\\/author\\\/droopy_68\\\/\"}]}<\/script>\n<!-- \/ Yoast SEO plugin. -->","yoast_head_json":{"title":"Cultura cafetalera venezolana converge en el Zulia","description":"La Fiesta Zuliana del Caf\u00e9 2025 re\u00fane en Maracaibo a los mejores baristas del pa\u00eds para la final nacional Aeropress. Conoce los detalles.","robots":{"index":"index","follow":"follow","max-snippet":"max-snippet:-1","max-image-preview":"max-image-preview:large","max-video-preview":"max-video-preview:-1"},"canonical":"https:\/\/digital58.com.ve\/site\/2025\/09\/26\/cultura-cafetalera-venezolana-converge-en-el-zulia\/","og_locale":"es_ES","og_type":"article","og_title":"Cultura cafetalera venezolana converge en el Zulia","og_description":"La Fiesta Zuliana del Caf\u00e9 2025 re\u00fane en Maracaibo a los mejores baristas del pa\u00eds para la final nacional Aeropress. Conoce los detalles.","og_url":"https:\/\/digital58.com.ve\/site\/2025\/09\/26\/cultura-cafetalera-venezolana-converge-en-el-zulia\/","og_site_name":"Noticias Digital58","article_published_time":"2025-09-26T20:15:47+00:00","article_modified_time":"2025-09-26T20:16:31+00:00","og_image":[{"width":900,"height":600,"url":"https:\/\/digital58.com.ve\/site\/wp-content\/uploads\/2025\/09\/fiesta-cafe\u1e3fcbo-25-3.webp","type":"image\/webp"}],"author":"Villasmil Henry","twitter_card":"summary_large_image","twitter_creator":"@https:\/\/twitter.com\/villasmilhfoto","twitter_site":"@villasmilhfoto","twitter_misc":{"Escrito por":"Villasmil Henry","Tiempo estimado de lectura":"5 minutos"},"schema":{"@context":"https:\/\/schema.org","@graph":[{"@type":"Article","@id":"https:\/\/digital58.com.ve\/site\/2025\/09\/26\/cultura-cafetalera-venezolana-converge-en-el-zulia\/#article","isPartOf":{"@id":"https:\/\/digital58.com.ve\/site\/2025\/09\/26\/cultura-cafetalera-venezolana-converge-en-el-zulia\/"},"author":{"name":"Villasmil Henry","@id":"https:\/\/digital58.com.ve\/site\/#\/schema\/person\/64d1c2e4d0d4fd1b849980c4331c2951"},"headline":"Cultura cafetalera venezolana converge en el Zulia","datePublished":"2025-09-26T20:15:47+00:00","dateModified":"2025-09-26T20:16:31+00:00","mainEntityOfPage":{"@id":"https:\/\/digital58.com.ve\/site\/2025\/09\/26\/cultura-cafetalera-venezolana-converge-en-el-zulia\/"},"wordCount":551,"commentCount":0,"publisher":{"@id":"https:\/\/digital58.com.ve\/site\/#\/schema\/person\/64d1c2e4d0d4fd1b849980c4331c2951"},"image":{"@id":"https:\/\/digital58.com.ve\/site\/2025\/09\/26\/cultura-cafetalera-venezolana-converge-en-el-zulia\/#primaryimage"},"thumbnailUrl":"https:\/\/digital58.com.ve\/site\/wp-content\/uploads\/2025\/09\/fiesta-cafe\u1e3fcbo-25-3.webp","keywords":["Aeropress","Alimentos y Bebidas","Biblioteca P\u00fablica Mar\u00eda Calca\u00f1o","Fiesta Zuliana del Caf\u00e9","Maracaibo","Nacionales","Regionales","Venezuela","Zulia"],"articleSection":["\u00bfD\u00f3nde ir Maracaibo?","Gastronom\u00eda"],"inLanguage":"es","potentialAction":[{"@type":"CommentAction","name":"Comment","target":["https:\/\/digital58.com.ve\/site\/2025\/09\/26\/cultura-cafetalera-venezolana-converge-en-el-zulia\/#respond"]}]},{"@type":"WebPage","@id":"https:\/\/digital58.com.ve\/site\/2025\/09\/26\/cultura-cafetalera-venezolana-converge-en-el-zulia\/","url":"https:\/\/digital58.com.ve\/site\/2025\/09\/26\/cultura-cafetalera-venezolana-converge-en-el-zulia\/","name":"Cultura cafetalera venezolana converge en el Zulia","isPartOf":{"@id":"https:\/\/digital58.com.ve\/site\/#website"},"primaryImageOfPage":{"@id":"https:\/\/digital58.com.ve\/site\/2025\/09\/26\/cultura-cafetalera-venezolana-converge-en-el-zulia\/#primaryimage"},"image":{"@id":"https:\/\/digital58.com.ve\/site\/2025\/09\/26\/cultura-cafetalera-venezolana-converge-en-el-zulia\/#primaryimage"},"thumbnailUrl":"https:\/\/digital58.com.ve\/site\/wp-content\/uploads\/2025\/09\/fiesta-cafe\u1e3fcbo-25-3.webp","datePublished":"2025-09-26T20:15:47+00:00","dateModified":"2025-09-26T20:16:31+00:00","description":"La Fiesta Zuliana del Caf\u00e9 2025 re\u00fane en Maracaibo a los mejores baristas del pa\u00eds para la final nacional Aeropress. Conoce los detalles.","breadcrumb":{"@id":"https:\/\/digital58.com.ve\/site\/2025\/09\/26\/cultura-cafetalera-venezolana-converge-en-el-zulia\/#breadcrumb"},"inLanguage":"es","potentialAction":[{"@type":"ReadAction","target":["https:\/\/digital58.com.ve\/site\/2025\/09\/26\/cultura-cafetalera-venezolana-converge-en-el-zulia\/"]}]},{"@type":"ImageObject","inLanguage":"es","@id":"https:\/\/digital58.com.ve\/site\/2025\/09\/26\/cultura-cafetalera-venezolana-converge-en-el-zulia\/#primaryimage","url":"https:\/\/digital58.com.ve\/site\/wp-content\/uploads\/2025\/09\/fiesta-cafe\u1e3fcbo-25-3.webp","contentUrl":"https:\/\/digital58.com.ve\/site\/wp-content\/uploads\/2025\/09\/fiesta-cafe\u1e3fcbo-25-3.webp","width":900,"height":600},{"@type":"BreadcrumbList","@id":"https:\/\/digital58.com.ve\/site\/2025\/09\/26\/cultura-cafetalera-venezolana-converge-en-el-zulia\/#breadcrumb","itemListElement":[{"@type":"ListItem","position":1,"name":"Home","item":"https:\/\/digital58.com.ve\/site\/"},{"@type":"ListItem","position":2,"name":"Cultura cafetalera venezolana converge en el Zulia"}]},{"@type":"WebSite","@id":"https:\/\/digital58.com.ve\/site\/#website","url":"https:\/\/digital58.com.ve\/site\/","name":"Noticias Digital58","description":"Portal de Noticias \u00a1Periodismo web de verdad! Lanzamiento web 22.11.2005 \/ Maracaibo, Venezuela","publisher":{"@id":"https:\/\/digital58.com.ve\/site\/#\/schema\/person\/64d1c2e4d0d4fd1b849980c4331c2951"},"alternateName":"ND58","potentialAction":[{"@type":"SearchAction","target":{"@type":"EntryPoint","urlTemplate":"https:\/\/digital58.com.ve\/site\/?s={search_term_string}"},"query-input":{"@type":"PropertyValueSpecification","valueRequired":true,"valueName":"search_term_string"}}],"inLanguage":"es"},{"@type":["Person","Organization"],"@id":"https:\/\/digital58.com.ve\/site\/#\/schema\/person\/64d1c2e4d0d4fd1b849980c4331c2951","name":"Villasmil Henry","image":{"@type":"ImageObject","inLanguage":"es","@id":"https:\/\/secure.gravatar.com\/avatar\/bb0c4a2fcb7970138239f7e404ea75757b1b507b28b5ce4c53fbd62d797c5a7c?s=96&d=mm&r=g","url":"https:\/\/secure.gravatar.com\/avatar\/bb0c4a2fcb7970138239f7e404ea75757b1b507b28b5ce4c53fbd62d797c5a7c?s=96&d=mm&r=g","contentUrl":"https:\/\/secure.gravatar.com\/avatar\/bb0c4a2fcb7970138239f7e404ea75757b1b507b28b5ce4c53fbd62d797c5a7c?s=96&d=mm&r=g","caption":"Villasmil Henry"},"logo":{"@id":"https:\/\/secure.gravatar.com\/avatar\/bb0c4a2fcb7970138239f7e404ea75757b1b507b28b5ce4c53fbd62d797c5a7c?s=96&d=mm&r=g"},"sameAs":["http:\/\/www.henryvillasmil.com.ve","https:\/\/www.instagram.com\/villasmilhfoto\/","https:\/\/x.com\/https:\/\/twitter.com\/villasmilhfoto"],"url":"https:\/\/digital58.com.ve\/site\/author\/droopy_68\/"}]}},"uagb_featured_image_src":{"full":["https:\/\/digital58.com.ve\/site\/wp-content\/uploads\/2025\/09\/fiesta-cafe\u1e3fcbo-25-3.webp",900,600,false],"thumbnail":["https:\/\/digital58.com.ve\/site\/wp-content\/uploads\/2025\/09\/fiesta-cafe\u1e3fcbo-25-3-150x150.webp",150,150,true],"medium":["https:\/\/digital58.com.ve\/site\/wp-content\/uploads\/2025\/09\/fiesta-cafe\u1e3fcbo-25-3-300x200.webp",300,200,true],"medium_large":["https:\/\/digital58.com.ve\/site\/wp-content\/uploads\/2025\/09\/fiesta-cafe\u1e3fcbo-25-3-768x512.webp",768,512,true],"large":["https:\/\/digital58.com.ve\/site\/wp-content\/uploads\/2025\/09\/fiesta-cafe\u1e3fcbo-25-3.webp",800,533,false],"1536x1536":["https:\/\/digital58.com.ve\/site\/wp-content\/uploads\/2025\/09\/fiesta-cafe\u1e3fcbo-25-3.webp",900,600,false],"2048x2048":["https:\/\/digital58.com.ve\/site\/wp-content\/uploads\/2025\/09\/fiesta-cafe\u1e3fcbo-25-3.webp",900,600,false],"colormag-highlighted-post":["https:\/\/digital58.com.ve\/site\/wp-content\/uploads\/2025\/09\/fiesta-cafe\u1e3fcbo-25-3-392x272.webp",392,272,true],"colormag-featured-post-medium":["https:\/\/digital58.com.ve\/site\/wp-content\/uploads\/2025\/09\/fiesta-cafe\u1e3fcbo-25-3-390x205.webp",390,205,true],"colormag-featured-post-small":["https:\/\/digital58.com.ve\/site\/wp-content\/uploads\/2025\/09\/fiesta-cafe\u1e3fcbo-25-3-130x90.webp",130,90,true],"colormag-featured-image":["https:\/\/digital58.com.ve\/site\/wp-content\/uploads\/2025\/09\/fiesta-cafe\u1e3fcbo-25-3-800x445.webp",800,445,true],"colormag-default-news":["https:\/\/digital58.com.ve\/site\/wp-content\/uploads\/2025\/09\/fiesta-cafe\u1e3fcbo-25-3-150x150.webp",150,150,true],"colormag-featured-image-large":["https:\/\/digital58.com.ve\/site\/wp-content\/uploads\/2025\/09\/fiesta-cafe\u1e3fcbo-25-3.webp",900,600,false]},"uagb_author_info":{"display_name":"Villasmil Henry","author_link":"https:\/\/digital58.com.ve\/site\/author\/droopy_68\/"},"uagb_comment_info":0,"uagb_excerpt":"Maracaibo se transforma en la capital del grano con competencias, charlas de expertos y la promoci\u00f3n de la soberan\u00eda productiva.","_links":{"self":[{"href":"https:\/\/digital58.com.ve\/site\/wp-json\/wp\/v2\/posts\/190452","targetHints":{"allow":["GET"]}}],"collection":[{"href":"https:\/\/digital58.com.ve\/site\/wp-json\/wp\/v2\/posts"}],"about":[{"href":"https:\/\/digital58.com.ve\/site\/wp-json\/wp\/v2\/types\/post"}],"author":[{"embeddable":true,"href":"https:\/\/digital58.com.ve\/site\/wp-json\/wp\/v2\/users\/1"}],"replies":[{"embeddable":true,"href":"https:\/\/digital58.com.ve\/site\/wp-json\/wp\/v2\/comments?post=190452"}],"version-history":[{"count":2,"href":"https:\/\/digital58.com.ve\/site\/wp-json\/wp\/v2\/posts\/190452\/revisions"}],"predecessor-version":[{"id":190464,"href":"https:\/\/digital58.com.ve\/site\/wp-json\/wp\/v2\/posts\/190452\/revisions\/190464"}],"wp:featuredmedia":[{"embeddable":true,"href":"https:\/\/digital58.com.ve\/site\/wp-json\/wp\/v2\/media\/190460"}],"wp:attachment":[{"href":"https:\/\/digital58.com.ve\/site\/wp-json\/wp\/v2\/media?parent=190452"}],"wp:term":[{"taxonomy":"category","embeddable":true,"href":"https:\/\/digital58.com.ve\/site\/wp-json\/wp\/v2\/categories?post=190452"},{"taxonomy":"post_tag","embeddable":true,"href":"https:\/\/digital58.com.ve\/site\/wp-json\/wp\/v2\/tags?post=190452"}],"curies":[{"name":"wp","href":"https:\/\/api.w.org\/{rel}","templated":true}]}}