{"id":190660,"date":"2025-10-01T09:44:00","date_gmt":"2025-10-01T13:44:00","guid":{"rendered":"https:\/\/digital58.com.ve\/site\/?p=190660"},"modified":"2025-10-01T09:44:00","modified_gmt":"2025-10-01T13:44:00","slug":"machado-pide-al-papa-leon-xiv-interceder-por-presos-politicos-en-venezuela","status":"publish","type":"post","link":"https:\/\/digital58.com.ve\/site\/2025\/10\/01\/machado-pide-al-papa-leon-xiv-interceder-por-presos-politicos-en-venezuela\/","title":{"rendered":"Machado pide al papa Le\u00f3n XIV interceder por presos pol\u00edticos en Venezuela"},"content":{"rendered":"<p><a class=\"keychainify-checked\" href=\"https:\/\/digital58.com.ve\/site\/wp-content\/uploads\/2023\/05\/MariaCorinaMachado-e1684246788204.jpg\"><img loading=\"lazy\" decoding=\"async\" class=\"aligncenter wp-image-166135 size-full\" src=\"https:\/\/digital58.com.ve\/site\/wp-content\/uploads\/2023\/05\/MariaCorinaMachado-e1684246788204.jpg\" alt=\"La dirigente opositora venezolana Mar\u00eda Corina Machado inst\u00f3 este domingo al papa Le\u00f3n XIV a interceder por la liberaci\u00f3n de los presos pol\u00edticos en Venezuela, de cara a la canonizaci\u00f3n del m\u00e9dico laico Jos\u00e9 Gregorio Hern\u00e1ndez y de la religiosa Carmen Rendiles, prevista para el pr\u00f3ximo 19 de octubre en Roma.\" width=\"800\" height=\"450\" srcset=\"https:\/\/digital58.com.ve\/site\/wp-content\/uploads\/2023\/05\/MariaCorinaMachado-e1684246788204.jpg 800w, https:\/\/digital58.com.ve\/site\/wp-content\/uploads\/2023\/05\/MariaCorinaMachado-e1684246788204-300x169.jpg 300w, https:\/\/digital58.com.ve\/site\/wp-content\/uploads\/2023\/05\/MariaCorinaMachado-e1684246788204-768x432.jpg 768w\" sizes=\"auto, (max-width: 800px) 100vw, 800px\" \/><\/a><\/p>\n<blockquote><p>La opositora venezolana solicita liberaci\u00f3n de detenidos antes de la canonizaci\u00f3n de Jos\u00e9 Gregorio Hern\u00e1ndez y Carmen Rendiles.<\/p><\/blockquote>\n<p><strong>Caracas, DC, Venezuela, 01 de octubre de 2025 (ND58).-<\/strong> La dirigente opositora venezolana Mar\u00eda Corina Machado inst\u00f3 este domingo al papa Le\u00f3n XIV a interceder por la liberaci\u00f3n de los presos pol\u00edticos en Venezuela, de cara a la canonizaci\u00f3n del m\u00e9dico laico Jos\u00e9 Gregorio Hern\u00e1ndez y de la religiosa Carmen Rendiles, prevista para el pr\u00f3ximo 19 de octubre en Roma.<\/p>\n<p><strong>Machado expres\u00f3 en la red social X:<\/strong> \u00abHoy alzamos nuestra voz para pedir una canonizaci\u00f3n sin presos pol\u00edticos.<\/p>\n<p>Le pedimos a su santidad, el papa Le\u00f3n, y a toda la gente de bien alrededor del mundo que en este camino a la canonizaci\u00f3n de nuestros santos, la madre Carmen Rendiles y el Dr. Jos\u00e9 Gregorio Hern\u00e1ndez, intercedan por cada uno de nuestros h\u00e9roes secuestrados\u00bb.<\/p>\n<h2>Llamado a la comunidad internacional<\/h2>\n<p>La opositora asegur\u00f3 que los venezolanos contin\u00faan luchando \u00abpor la libertad, por la justicia, por la verdad y por la familia\u00bb.<\/p>\n<p>En paralelo, el Comit\u00e9 por la Libertad de los Presos Pol\u00edticos (Clipp) convoc\u00f3 a los ciudadanos a firmar una carta abierta dirigida al pont\u00edfice para exigir la liberaci\u00f3n \u00abinmediata e incondicional\u00bb de todos los detenidos por razones pol\u00edticas.<\/p>\n<p>La ONG Foro Penal sostiene que actualmente existen 823 presos pol\u00edticos en el pa\u00eds.<\/p>\n<h2>Una canonizaci\u00f3n como s\u00edmbolo de reconciliaci\u00f3n<\/h2>\n<p>El Clipp destac\u00f3 en su comunicado que la canonizaci\u00f3n de Jos\u00e9 Gregorio Hern\u00e1ndez y Carmen Rendiles, los primeros santos venezolanos, representa \u00abuna oportunidad \u00fanica para sanar las heridas que simbolizan los presos pol\u00edticos\u00bb.<\/p>\n<p>\u00abConfiamos en que este evento hist\u00f3rico y espiritual pueda ser un veh\u00edculo para la libertad, la paz y la reconciliaci\u00f3n\u00bb, expresaron en la misiva enviada al Vaticano.<\/p>\n<h2>Campa\u00f1a digital en redes sociales<\/h2>\n<p>La organizaci\u00f3n tambi\u00e9n invit\u00f3 a la ciudadan\u00eda a participar en la campa\u00f1a #Canonizaci\u00f3nSinPresosPol\u00edticos mediante la publicaci\u00f3n de mensajes, fotograf\u00edas o videos en redes sociales, con el prop\u00f3sito de sumar respaldo a la iniciativa y transformar la canonizaci\u00f3n en \u00abun acto de fe, esperanza, justicia y libertad\u00bb.<\/p>\n<h2>Debate sobre la existencia de presos pol\u00edticos<\/h2>\n<p>En la carta enviada al papa, el Clipp advirti\u00f3 que \u00abha escalado dram\u00e1ticamente la grave crisis de derechos humanos en Venezuela\u00bb y denunci\u00f3 que \u00ablas detenciones arbitrarias ya no se limitan a l\u00edderes pol\u00edticos, sino que afectan a ciudadanos de todos los estratos sociales\u00bb.<\/p>\n<p>El Gobierno y la Fiscal\u00eda, por su parte, rechazan estas acusaciones y aseguran que no existen detenidos por motivos pol\u00edticos, sino personas procesadas por distintos delitos, una versi\u00f3n que partidos opositores y organizaciones de derechos humanos desestiman.<\/p>\n<p><strong>Sala de redacci\u00f3n ND58 | Fuente: EFE<\/strong><br \/>\n<strong>Edici\u00f3n: Villasmil, Henry<\/strong><br \/>\n<strong>Gr\u00e1fica: de archivo referencial<\/strong><\/p>\n<p>&nbsp;<\/p>\n<p>&nbsp;<\/p>\n<p>&nbsp;<\/p>\n<p>&nbsp;<\/p><div class=\"mashf69f3767268cee\" ><p style=\"text-align: center;\"><a href=\"https:\/\/t.me\/noticiasdigital58\" target=\"_blank\" rel=\"noopener\"><img class=\"aligncenter size-full wp-image-125363\" src=\"https:\/\/digital58.com.ve\/site\/wp-content\/uploads\/2021\/04\/banner-telegram-web-2021.png\" alt=\"\" width=\"600\" height=\"90\" \/><\/a><\/p><\/div><style type=\"text\/css\">\r\n@media screen and (min-width: 1201px) {\r\n.mashf69f3767268cee {\r\ndisplay: block;\r\n}\r\n}\r\n@media screen and (min-width: 993px) and (max-width: 1200px) {\r\n.mashf69f3767268cee {\r\ndisplay: block;\r\n}\r\n}\r\n@media screen and (min-width: 769px) and (max-width: 992px) {\r\n.mashf69f3767268cee {\r\ndisplay: block;\r\n}\r\n}\r\n@media screen and (min-width: 768px) and (max-width: 768px) {\r\n.mashf69f3767268cee {\r\ndisplay: block;\r\n}\r\n}\r\n@media screen and (max-width: 767px) {\r\n.mashf69f3767268cee {\r\ndisplay: block;\r\n}\r\n}\r\n<\/style>\r\n\n<p>&nbsp;<\/p>\n<div style=\"margin-top: 0px; margin-bottom: 0px;\" class=\"sharethis-inline-share-buttons\" ><\/div>","protected":false},"excerpt":{"rendered":"<p>La opositora venezolana solicita liberaci\u00f3n de detenidos antes de la canonizaci\u00f3n de Jos\u00e9 Gregorio Hern\u00e1ndez y Carmen Rendiles. Caracas, DC,<\/p>\n","protected":false},"author":1,"featured_media":166135,"comment_status":"open","ping_status":"closed","sticky":false,"template":"","format":"standard","meta":{"colormag_page_container_layout":"default_layout","colormag_page_sidebar_layout":"default_layout","_uag_custom_page_level_css":"","footnotes":""},"categories":[16454],"tags":[35425,35424,16235,35423,14491,233,8605,34942],"class_list":["post-190660","post","type-post","status-publish","format-standard","has-post-thumbnail","hentry","category-venezuela","tag-clipp","tag-comite-por-la-libertad-de-los-presos-politicos","tag-dr-jose-gregorio-hernandez","tag-madre-carmen-rendiles","tag-maria-corina-machado","tag-nacionales","tag-oposicion-venezolana","tag-papa-leon-xiv"],"yoast_head":"<!-- This site is optimized with the Yoast SEO plugin v27.5 - https:\/\/yoast.com\/product\/yoast-seo-wordpress\/ -->\n<title>Machado pide al papa Le\u00f3n XIV interceder por presos pol\u00edticos en Venezuela<\/title>\n<meta name=\"description\" content=\"Mar\u00eda Corina Machado pidi\u00f3 al papa Le\u00f3n XIV interceder por presos pol\u00edticos en Venezuela antes de la canonizaci\u00f3n de Jos\u00e9 Gregorio Hern\u00e1ndez y Carmen Rendiles.\" \/>\n<meta name=\"robots\" content=\"index, follow, max-snippet:-1, max-image-preview:large, max-video-preview:-1\" \/>\n<link rel=\"canonical\" href=\"https:\/\/digital58.com.ve\/site\/2025\/10\/01\/machado-pide-al-papa-leon-xiv-interceder-por-presos-politicos-en-venezuela\/\" \/>\n<meta property=\"og:locale\" content=\"es_ES\" \/>\n<meta property=\"og:type\" content=\"article\" \/>\n<meta property=\"og:title\" content=\"Machado pide al papa Le\u00f3n XIV interceder por presos pol\u00edticos en Venezuela\" \/>\n<meta property=\"og:description\" content=\"Mar\u00eda Corina Machado pidi\u00f3 al papa Le\u00f3n XIV interceder por presos pol\u00edticos en Venezuela antes de la canonizaci\u00f3n de Jos\u00e9 Gregorio Hern\u00e1ndez y Carmen Rendiles.\" \/>\n<meta property=\"og:url\" content=\"https:\/\/digital58.com.ve\/site\/2025\/10\/01\/machado-pide-al-papa-leon-xiv-interceder-por-presos-politicos-en-venezuela\/\" \/>\n<meta property=\"og:site_name\" content=\"Noticias Digital58\" \/>\n<meta property=\"article:published_time\" content=\"2025-10-01T13:44:00+00:00\" \/>\n<meta property=\"og:image\" content=\"https:\/\/digital58.com.ve\/site\/wp-content\/uploads\/2023\/05\/MariaCorinaMachado-e1684246788204.jpg\" \/>\n\t<meta property=\"og:image:width\" content=\"800\" \/>\n\t<meta property=\"og:image:height\" content=\"450\" \/>\n\t<meta property=\"og:image:type\" content=\"image\/jpeg\" \/>\n<meta name=\"author\" content=\"Villasmil Henry\" \/>\n<meta name=\"twitter:card\" content=\"summary_large_image\" \/>\n<meta name=\"twitter:creator\" content=\"@https:\/\/twitter.com\/villasmilhfoto\" \/>\n<meta name=\"twitter:site\" content=\"@villasmilhfoto\" \/>\n<meta name=\"twitter:label1\" content=\"Escrito por\" \/>\n\t<meta name=\"twitter:data1\" content=\"Villasmil Henry\" \/>\n\t<meta name=\"twitter:label2\" content=\"Tiempo estimado de lectura\" \/>\n\t<meta name=\"twitter:data2\" content=\"3 minutos\" \/>\n<script type=\"application\/ld+json\" class=\"yoast-schema-graph\">{\"@context\":\"https:\\\/\\\/schema.org\",\"@graph\":[{\"@type\":\"Article\",\"@id\":\"https:\\\/\\\/digital58.com.ve\\\/site\\\/2025\\\/10\\\/01\\\/machado-pide-al-papa-leon-xiv-interceder-por-presos-politicos-en-venezuela\\\/#article\",\"isPartOf\":{\"@id\":\"https:\\\/\\\/digital58.com.ve\\\/site\\\/2025\\\/10\\\/01\\\/machado-pide-al-papa-leon-xiv-interceder-por-presos-politicos-en-venezuela\\\/\"},\"author\":{\"name\":\"Villasmil Henry\",\"@id\":\"https:\\\/\\\/digital58.com.ve\\\/site\\\/#\\\/schema\\\/person\\\/64d1c2e4d0d4fd1b849980c4331c2951\"},\"headline\":\"Machado pide al papa Le\u00f3n XIV interceder por presos pol\u00edticos en Venezuela\",\"datePublished\":\"2025-10-01T13:44:00+00:00\",\"mainEntityOfPage\":{\"@id\":\"https:\\\/\\\/digital58.com.ve\\\/site\\\/2025\\\/10\\\/01\\\/machado-pide-al-papa-leon-xiv-interceder-por-presos-politicos-en-venezuela\\\/\"},\"wordCount\":508,\"commentCount\":0,\"publisher\":{\"@id\":\"https:\\\/\\\/digital58.com.ve\\\/site\\\/#\\\/schema\\\/person\\\/64d1c2e4d0d4fd1b849980c4331c2951\"},\"image\":{\"@id\":\"https:\\\/\\\/digital58.com.ve\\\/site\\\/2025\\\/10\\\/01\\\/machado-pide-al-papa-leon-xiv-interceder-por-presos-politicos-en-venezuela\\\/#primaryimage\"},\"thumbnailUrl\":\"https:\\\/\\\/digital58.com.ve\\\/site\\\/wp-content\\\/uploads\\\/2023\\\/05\\\/MariaCorinaMachado-e1684246788204.jpg\",\"keywords\":[\"Clipp\",\"Comit\u00e9 por la Libertad de los Presos Pol\u00edticos\",\"Dr. Jos\u00e9 Gregorio Hern\u00e1ndez\",\"Madre Carmen Rendiles\",\"Mar\u00eda Corina Machado\",\"Nacionales\",\"Oposici\u00f3n Venezolana\",\"Papa Leon XIV\"],\"articleSection\":[\"Venezuela\"],\"inLanguage\":\"es\",\"potentialAction\":[{\"@type\":\"CommentAction\",\"name\":\"Comment\",\"target\":[\"https:\\\/\\\/digital58.com.ve\\\/site\\\/2025\\\/10\\\/01\\\/machado-pide-al-papa-leon-xiv-interceder-por-presos-politicos-en-venezuela\\\/#respond\"]}]},{\"@type\":\"WebPage\",\"@id\":\"https:\\\/\\\/digital58.com.ve\\\/site\\\/2025\\\/10\\\/01\\\/machado-pide-al-papa-leon-xiv-interceder-por-presos-politicos-en-venezuela\\\/\",\"url\":\"https:\\\/\\\/digital58.com.ve\\\/site\\\/2025\\\/10\\\/01\\\/machado-pide-al-papa-leon-xiv-interceder-por-presos-politicos-en-venezuela\\\/\",\"name\":\"Machado pide al papa Le\u00f3n XIV interceder por presos pol\u00edticos en Venezuela\",\"isPartOf\":{\"@id\":\"https:\\\/\\\/digital58.com.ve\\\/site\\\/#website\"},\"primaryImageOfPage\":{\"@id\":\"https:\\\/\\\/digital58.com.ve\\\/site\\\/2025\\\/10\\\/01\\\/machado-pide-al-papa-leon-xiv-interceder-por-presos-politicos-en-venezuela\\\/#primaryimage\"},\"image\":{\"@id\":\"https:\\\/\\\/digital58.com.ve\\\/site\\\/2025\\\/10\\\/01\\\/machado-pide-al-papa-leon-xiv-interceder-por-presos-politicos-en-venezuela\\\/#primaryimage\"},\"thumbnailUrl\":\"https:\\\/\\\/digital58.com.ve\\\/site\\\/wp-content\\\/uploads\\\/2023\\\/05\\\/MariaCorinaMachado-e1684246788204.jpg\",\"datePublished\":\"2025-10-01T13:44:00+00:00\",\"description\":\"Mar\u00eda Corina Machado pidi\u00f3 al papa Le\u00f3n XIV interceder por presos pol\u00edticos en Venezuela antes de la canonizaci\u00f3n de Jos\u00e9 Gregorio Hern\u00e1ndez y Carmen Rendiles.\",\"breadcrumb\":{\"@id\":\"https:\\\/\\\/digital58.com.ve\\\/site\\\/2025\\\/10\\\/01\\\/machado-pide-al-papa-leon-xiv-interceder-por-presos-politicos-en-venezuela\\\/#breadcrumb\"},\"inLanguage\":\"es\",\"potentialAction\":[{\"@type\":\"ReadAction\",\"target\":[\"https:\\\/\\\/digital58.com.ve\\\/site\\\/2025\\\/10\\\/01\\\/machado-pide-al-papa-leon-xiv-interceder-por-presos-politicos-en-venezuela\\\/\"]}]},{\"@type\":\"ImageObject\",\"inLanguage\":\"es\",\"@id\":\"https:\\\/\\\/digital58.com.ve\\\/site\\\/2025\\\/10\\\/01\\\/machado-pide-al-papa-leon-xiv-interceder-por-presos-politicos-en-venezuela\\\/#primaryimage\",\"url\":\"https:\\\/\\\/digital58.com.ve\\\/site\\\/wp-content\\\/uploads\\\/2023\\\/05\\\/MariaCorinaMachado-e1684246788204.jpg\",\"contentUrl\":\"https:\\\/\\\/digital58.com.ve\\\/site\\\/wp-content\\\/uploads\\\/2023\\\/05\\\/MariaCorinaMachado-e1684246788204.jpg\",\"width\":800,\"height\":450},{\"@type\":\"BreadcrumbList\",\"@id\":\"https:\\\/\\\/digital58.com.ve\\\/site\\\/2025\\\/10\\\/01\\\/machado-pide-al-papa-leon-xiv-interceder-por-presos-politicos-en-venezuela\\\/#breadcrumb\",\"itemListElement\":[{\"@type\":\"ListItem\",\"position\":1,\"name\":\"Home\",\"item\":\"https:\\\/\\\/digital58.com.ve\\\/site\\\/\"},{\"@type\":\"ListItem\",\"position\":2,\"name\":\"Machado pide al papa Le\u00f3n XIV interceder por presos pol\u00edticos en Venezuela\"}]},{\"@type\":\"WebSite\",\"@id\":\"https:\\\/\\\/digital58.com.ve\\\/site\\\/#website\",\"url\":\"https:\\\/\\\/digital58.com.ve\\\/site\\\/\",\"name\":\"Noticias Digital58\",\"description\":\"Portal de Noticias \u00a1Periodismo web de verdad! Lanzamiento web 22.11.2005 \\\/ Maracaibo, Venezuela\",\"publisher\":{\"@id\":\"https:\\\/\\\/digital58.com.ve\\\/site\\\/#\\\/schema\\\/person\\\/64d1c2e4d0d4fd1b849980c4331c2951\"},\"alternateName\":\"ND58\",\"potentialAction\":[{\"@type\":\"SearchAction\",\"target\":{\"@type\":\"EntryPoint\",\"urlTemplate\":\"https:\\\/\\\/digital58.com.ve\\\/site\\\/?s={search_term_string}\"},\"query-input\":{\"@type\":\"PropertyValueSpecification\",\"valueRequired\":true,\"valueName\":\"search_term_string\"}}],\"inLanguage\":\"es\"},{\"@type\":[\"Person\",\"Organization\"],\"@id\":\"https:\\\/\\\/digital58.com.ve\\\/site\\\/#\\\/schema\\\/person\\\/64d1c2e4d0d4fd1b849980c4331c2951\",\"name\":\"Villasmil Henry\",\"image\":{\"@type\":\"ImageObject\",\"inLanguage\":\"es\",\"@id\":\"https:\\\/\\\/secure.gravatar.com\\\/avatar\\\/bb0c4a2fcb7970138239f7e404ea75757b1b507b28b5ce4c53fbd62d797c5a7c?s=96&d=mm&r=g\",\"url\":\"https:\\\/\\\/secure.gravatar.com\\\/avatar\\\/bb0c4a2fcb7970138239f7e404ea75757b1b507b28b5ce4c53fbd62d797c5a7c?s=96&d=mm&r=g\",\"contentUrl\":\"https:\\\/\\\/secure.gravatar.com\\\/avatar\\\/bb0c4a2fcb7970138239f7e404ea75757b1b507b28b5ce4c53fbd62d797c5a7c?s=96&d=mm&r=g\",\"caption\":\"Villasmil Henry\"},\"logo\":{\"@id\":\"https:\\\/\\\/secure.gravatar.com\\\/avatar\\\/bb0c4a2fcb7970138239f7e404ea75757b1b507b28b5ce4c53fbd62d797c5a7c?s=96&d=mm&r=g\"},\"sameAs\":[\"http:\\\/\\\/www.henryvillasmil.com.ve\",\"https:\\\/\\\/www.instagram.com\\\/villasmilhfoto\\\/\",\"https:\\\/\\\/x.com\\\/https:\\\/\\\/twitter.com\\\/villasmilhfoto\"],\"url\":\"https:\\\/\\\/digital58.com.ve\\\/site\\\/author\\\/droopy_68\\\/\"}]}<\/script>\n<!-- \/ Yoast SEO plugin. -->","yoast_head_json":{"title":"Machado pide al papa Le\u00f3n XIV interceder por presos pol\u00edticos en Venezuela","description":"Mar\u00eda Corina Machado pidi\u00f3 al papa Le\u00f3n XIV interceder por presos pol\u00edticos en Venezuela antes de la canonizaci\u00f3n de Jos\u00e9 Gregorio Hern\u00e1ndez y Carmen Rendiles.","robots":{"index":"index","follow":"follow","max-snippet":"max-snippet:-1","max-image-preview":"max-image-preview:large","max-video-preview":"max-video-preview:-1"},"canonical":"https:\/\/digital58.com.ve\/site\/2025\/10\/01\/machado-pide-al-papa-leon-xiv-interceder-por-presos-politicos-en-venezuela\/","og_locale":"es_ES","og_type":"article","og_title":"Machado pide al papa Le\u00f3n XIV interceder por presos pol\u00edticos en Venezuela","og_description":"Mar\u00eda Corina Machado pidi\u00f3 al papa Le\u00f3n XIV interceder por presos pol\u00edticos en Venezuela antes de la canonizaci\u00f3n de Jos\u00e9 Gregorio Hern\u00e1ndez y Carmen Rendiles.","og_url":"https:\/\/digital58.com.ve\/site\/2025\/10\/01\/machado-pide-al-papa-leon-xiv-interceder-por-presos-politicos-en-venezuela\/","og_site_name":"Noticias Digital58","article_published_time":"2025-10-01T13:44:00+00:00","og_image":[{"width":800,"height":450,"url":"https:\/\/digital58.com.ve\/site\/wp-content\/uploads\/2023\/05\/MariaCorinaMachado-e1684246788204.jpg","type":"image\/jpeg"}],"author":"Villasmil Henry","twitter_card":"summary_large_image","twitter_creator":"@https:\/\/twitter.com\/villasmilhfoto","twitter_site":"@villasmilhfoto","twitter_misc":{"Escrito por":"Villasmil Henry","Tiempo estimado de lectura":"3 minutos"},"schema":{"@context":"https:\/\/schema.org","@graph":[{"@type":"Article","@id":"https:\/\/digital58.com.ve\/site\/2025\/10\/01\/machado-pide-al-papa-leon-xiv-interceder-por-presos-politicos-en-venezuela\/#article","isPartOf":{"@id":"https:\/\/digital58.com.ve\/site\/2025\/10\/01\/machado-pide-al-papa-leon-xiv-interceder-por-presos-politicos-en-venezuela\/"},"author":{"name":"Villasmil Henry","@id":"https:\/\/digital58.com.ve\/site\/#\/schema\/person\/64d1c2e4d0d4fd1b849980c4331c2951"},"headline":"Machado pide al papa Le\u00f3n XIV interceder por presos pol\u00edticos en Venezuela","datePublished":"2025-10-01T13:44:00+00:00","mainEntityOfPage":{"@id":"https:\/\/digital58.com.ve\/site\/2025\/10\/01\/machado-pide-al-papa-leon-xiv-interceder-por-presos-politicos-en-venezuela\/"},"wordCount":508,"commentCount":0,"publisher":{"@id":"https:\/\/digital58.com.ve\/site\/#\/schema\/person\/64d1c2e4d0d4fd1b849980c4331c2951"},"image":{"@id":"https:\/\/digital58.com.ve\/site\/2025\/10\/01\/machado-pide-al-papa-leon-xiv-interceder-por-presos-politicos-en-venezuela\/#primaryimage"},"thumbnailUrl":"https:\/\/digital58.com.ve\/site\/wp-content\/uploads\/2023\/05\/MariaCorinaMachado-e1684246788204.jpg","keywords":["Clipp","Comit\u00e9 por la Libertad de los Presos Pol\u00edticos","Dr. Jos\u00e9 Gregorio Hern\u00e1ndez","Madre Carmen Rendiles","Mar\u00eda Corina Machado","Nacionales","Oposici\u00f3n Venezolana","Papa Leon XIV"],"articleSection":["Venezuela"],"inLanguage":"es","potentialAction":[{"@type":"CommentAction","name":"Comment","target":["https:\/\/digital58.com.ve\/site\/2025\/10\/01\/machado-pide-al-papa-leon-xiv-interceder-por-presos-politicos-en-venezuela\/#respond"]}]},{"@type":"WebPage","@id":"https:\/\/digital58.com.ve\/site\/2025\/10\/01\/machado-pide-al-papa-leon-xiv-interceder-por-presos-politicos-en-venezuela\/","url":"https:\/\/digital58.com.ve\/site\/2025\/10\/01\/machado-pide-al-papa-leon-xiv-interceder-por-presos-politicos-en-venezuela\/","name":"Machado pide al papa Le\u00f3n XIV interceder por presos pol\u00edticos en Venezuela","isPartOf":{"@id":"https:\/\/digital58.com.ve\/site\/#website"},"primaryImageOfPage":{"@id":"https:\/\/digital58.com.ve\/site\/2025\/10\/01\/machado-pide-al-papa-leon-xiv-interceder-por-presos-politicos-en-venezuela\/#primaryimage"},"image":{"@id":"https:\/\/digital58.com.ve\/site\/2025\/10\/01\/machado-pide-al-papa-leon-xiv-interceder-por-presos-politicos-en-venezuela\/#primaryimage"},"thumbnailUrl":"https:\/\/digital58.com.ve\/site\/wp-content\/uploads\/2023\/05\/MariaCorinaMachado-e1684246788204.jpg","datePublished":"2025-10-01T13:44:00+00:00","description":"Mar\u00eda Corina Machado pidi\u00f3 al papa Le\u00f3n XIV interceder por presos pol\u00edticos en Venezuela antes de la canonizaci\u00f3n de Jos\u00e9 Gregorio Hern\u00e1ndez y Carmen Rendiles.","breadcrumb":{"@id":"https:\/\/digital58.com.ve\/site\/2025\/10\/01\/machado-pide-al-papa-leon-xiv-interceder-por-presos-politicos-en-venezuela\/#breadcrumb"},"inLanguage":"es","potentialAction":[{"@type":"ReadAction","target":["https:\/\/digital58.com.ve\/site\/2025\/10\/01\/machado-pide-al-papa-leon-xiv-interceder-por-presos-politicos-en-venezuela\/"]}]},{"@type":"ImageObject","inLanguage":"es","@id":"https:\/\/digital58.com.ve\/site\/2025\/10\/01\/machado-pide-al-papa-leon-xiv-interceder-por-presos-politicos-en-venezuela\/#primaryimage","url":"https:\/\/digital58.com.ve\/site\/wp-content\/uploads\/2023\/05\/MariaCorinaMachado-e1684246788204.jpg","contentUrl":"https:\/\/digital58.com.ve\/site\/wp-content\/uploads\/2023\/05\/MariaCorinaMachado-e1684246788204.jpg","width":800,"height":450},{"@type":"BreadcrumbList","@id":"https:\/\/digital58.com.ve\/site\/2025\/10\/01\/machado-pide-al-papa-leon-xiv-interceder-por-presos-politicos-en-venezuela\/#breadcrumb","itemListElement":[{"@type":"ListItem","position":1,"name":"Home","item":"https:\/\/digital58.com.ve\/site\/"},{"@type":"ListItem","position":2,"name":"Machado pide al papa Le\u00f3n XIV interceder por presos pol\u00edticos en Venezuela"}]},{"@type":"WebSite","@id":"https:\/\/digital58.com.ve\/site\/#website","url":"https:\/\/digital58.com.ve\/site\/","name":"Noticias Digital58","description":"Portal de Noticias \u00a1Periodismo web de verdad! Lanzamiento web 22.11.2005 \/ Maracaibo, Venezuela","publisher":{"@id":"https:\/\/digital58.com.ve\/site\/#\/schema\/person\/64d1c2e4d0d4fd1b849980c4331c2951"},"alternateName":"ND58","potentialAction":[{"@type":"SearchAction","target":{"@type":"EntryPoint","urlTemplate":"https:\/\/digital58.com.ve\/site\/?s={search_term_string}"},"query-input":{"@type":"PropertyValueSpecification","valueRequired":true,"valueName":"search_term_string"}}],"inLanguage":"es"},{"@type":["Person","Organization"],"@id":"https:\/\/digital58.com.ve\/site\/#\/schema\/person\/64d1c2e4d0d4fd1b849980c4331c2951","name":"Villasmil Henry","image":{"@type":"ImageObject","inLanguage":"es","@id":"https:\/\/secure.gravatar.com\/avatar\/bb0c4a2fcb7970138239f7e404ea75757b1b507b28b5ce4c53fbd62d797c5a7c?s=96&d=mm&r=g","url":"https:\/\/secure.gravatar.com\/avatar\/bb0c4a2fcb7970138239f7e404ea75757b1b507b28b5ce4c53fbd62d797c5a7c?s=96&d=mm&r=g","contentUrl":"https:\/\/secure.gravatar.com\/avatar\/bb0c4a2fcb7970138239f7e404ea75757b1b507b28b5ce4c53fbd62d797c5a7c?s=96&d=mm&r=g","caption":"Villasmil Henry"},"logo":{"@id":"https:\/\/secure.gravatar.com\/avatar\/bb0c4a2fcb7970138239f7e404ea75757b1b507b28b5ce4c53fbd62d797c5a7c?s=96&d=mm&r=g"},"sameAs":["http:\/\/www.henryvillasmil.com.ve","https:\/\/www.instagram.com\/villasmilhfoto\/","https:\/\/x.com\/https:\/\/twitter.com\/villasmilhfoto"],"url":"https:\/\/digital58.com.ve\/site\/author\/droopy_68\/"}]}},"uagb_featured_image_src":{"full":["https:\/\/digital58.com.ve\/site\/wp-content\/uploads\/2023\/05\/MariaCorinaMachado-e1684246788204.jpg",800,450,false],"thumbnail":["https:\/\/digital58.com.ve\/site\/wp-content\/uploads\/2023\/05\/MariaCorinaMachado-e1684246788204-150x150.jpg",150,150,true],"medium":["https:\/\/digital58.com.ve\/site\/wp-content\/uploads\/2023\/05\/MariaCorinaMachado-e1684246788204-300x169.jpg",300,169,true],"medium_large":["https:\/\/digital58.com.ve\/site\/wp-content\/uploads\/2023\/05\/MariaCorinaMachado-e1684246788204-768x432.jpg",768,432,true],"large":["https:\/\/digital58.com.ve\/site\/wp-content\/uploads\/2023\/05\/MariaCorinaMachado-1000x563.jpg",800,450,true],"1536x1536":["https:\/\/digital58.com.ve\/site\/wp-content\/uploads\/2023\/05\/MariaCorinaMachado-1536x864.jpg",1536,864,true],"2048x2048":["https:\/\/digital58.com.ve\/site\/wp-content\/uploads\/2023\/05\/MariaCorinaMachado-e1684246788204.jpg",800,450,false],"colormag-highlighted-post":["https:\/\/digital58.com.ve\/site\/wp-content\/uploads\/2023\/05\/MariaCorinaMachado-e1684246788204-392x272.jpg",392,272,true],"colormag-featured-post-medium":["https:\/\/digital58.com.ve\/site\/wp-content\/uploads\/2023\/05\/MariaCorinaMachado-e1684246788204-390x205.jpg",390,205,true],"colormag-featured-post-small":["https:\/\/digital58.com.ve\/site\/wp-content\/uploads\/2023\/05\/MariaCorinaMachado-e1684246788204-130x90.jpg",130,90,true],"colormag-featured-image":["https:\/\/digital58.com.ve\/site\/wp-content\/uploads\/2023\/05\/MariaCorinaMachado-e1684246788204-800x445.jpg",800,445,true],"colormag-default-news":["https:\/\/digital58.com.ve\/site\/wp-content\/uploads\/2023\/05\/MariaCorinaMachado-e1684246788204.jpg",150,84,false],"colormag-featured-image-large":["https:\/\/digital58.com.ve\/site\/wp-content\/uploads\/2023\/05\/MariaCorinaMachado-e1684246788204.jpg",800,450,false]},"uagb_author_info":{"display_name":"Villasmil Henry","author_link":"https:\/\/digital58.com.ve\/site\/author\/droopy_68\/"},"uagb_comment_info":0,"uagb_excerpt":"La opositora venezolana solicita liberaci\u00f3n de detenidos antes de la canonizaci\u00f3n de Jos\u00e9 Gregorio Hern\u00e1ndez y Carmen Rendiles. Caracas, DC,","_links":{"self":[{"href":"https:\/\/digital58.com.ve\/site\/wp-json\/wp\/v2\/posts\/190660","targetHints":{"allow":["GET"]}}],"collection":[{"href":"https:\/\/digital58.com.ve\/site\/wp-json\/wp\/v2\/posts"}],"about":[{"href":"https:\/\/digital58.com.ve\/site\/wp-json\/wp\/v2\/types\/post"}],"author":[{"embeddable":true,"href":"https:\/\/digital58.com.ve\/site\/wp-json\/wp\/v2\/users\/1"}],"replies":[{"embeddable":true,"href":"https:\/\/digital58.com.ve\/site\/wp-json\/wp\/v2\/comments?post=190660"}],"version-history":[{"count":1,"href":"https:\/\/digital58.com.ve\/site\/wp-json\/wp\/v2\/posts\/190660\/revisions"}],"predecessor-version":[{"id":190661,"href":"https:\/\/digital58.com.ve\/site\/wp-json\/wp\/v2\/posts\/190660\/revisions\/190661"}],"wp:featuredmedia":[{"embeddable":true,"href":"https:\/\/digital58.com.ve\/site\/wp-json\/wp\/v2\/media\/166135"}],"wp:attachment":[{"href":"https:\/\/digital58.com.ve\/site\/wp-json\/wp\/v2\/media?parent=190660"}],"wp:term":[{"taxonomy":"category","embeddable":true,"href":"https:\/\/digital58.com.ve\/site\/wp-json\/wp\/v2\/categories?post=190660"},{"taxonomy":"post_tag","embeddable":true,"href":"https:\/\/digital58.com.ve\/site\/wp-json\/wp\/v2\/tags?post=190660"}],"curies":[{"name":"wp","href":"https:\/\/api.w.org\/{rel}","templated":true}]}}