{"id":190792,"date":"2025-10-06T18:56:59","date_gmt":"2025-10-06T22:56:59","guid":{"rendered":"https:\/\/digital58.com.ve\/site\/?p=190792"},"modified":"2025-10-06T18:56:59","modified_gmt":"2025-10-06T22:56:59","slug":"garcia-vera-rayo-zuliano-apenas-comienza-y-va-a-hacer-historia","status":"publish","type":"post","link":"https:\/\/digital58.com.ve\/site\/2025\/10\/06\/garcia-vera-rayo-zuliano-apenas-comienza-y-va-a-hacer-historia\/","title":{"rendered":"Garc\u00eda Vera: \u00abRayo Zuliano apenas comienza y va a hacer historia\u00bb"},"content":{"rendered":"<p><a class=\"keychainify-checked\" href=\"https:\/\/digital58.com.ve\/site\/wp-content\/uploads\/2025\/10\/garcia-dt-rayo-zuliano.webp\"><img loading=\"lazy\" decoding=\"async\" class=\"aligncenter wp-image-190794 size-full\" src=\"https:\/\/digital58.com.ve\/site\/wp-content\/uploads\/2025\/10\/garcia-dt-rayo-zuliano.webp\" alt=\"Luego de quedar fuera de la fase final del Torneo Clausura 2025 de la Liga FutVe, el director t\u00e9cnico de Rayo Zuliano, Johanny Garc\u00eda Vera, asegur\u00f3 que el proyecto deportivo del club apenas est\u00e1 comenzando y que su crecimiento ser\u00e1 sostenido en el tiempo.\" width=\"1000\" height=\"595\" srcset=\"https:\/\/digital58.com.ve\/site\/wp-content\/uploads\/2025\/10\/garcia-dt-rayo-zuliano.webp 1000w, https:\/\/digital58.com.ve\/site\/wp-content\/uploads\/2025\/10\/garcia-dt-rayo-zuliano-300x179.webp 300w, https:\/\/digital58.com.ve\/site\/wp-content\/uploads\/2025\/10\/garcia-dt-rayo-zuliano-768x457.webp 768w\" sizes=\"auto, (max-width: 1000px) 100vw, 1000px\" \/><\/a><\/p>\n<blockquote><p>El t\u00e9cnico maracaibero reafirm\u00f3 su confianza en el proyecto institucional y en el talento joven tras la eliminaci\u00f3n del Torneo Clausura 2025 de la Liga FutVe.<\/p><\/blockquote>\n<p><strong>Maracaibo, Zulia, Venezuela, 06 de octubre de 2025 (ND58).- <\/strong>Luego de quedar fuera de la fase final del Torneo Clausura 2025 de la Liga FutVe, el director t\u00e9cnico de Rayo Zuliano, Johanny Garc\u00eda Vera, asegur\u00f3 que el proyecto deportivo del club apenas est\u00e1 comenzando y que su crecimiento ser\u00e1 sostenido en el tiempo.<\/p>\n<p>\u00abHacer un balance en estos momentos es complicado porque uno trabaja para alcanzar los objetivos, y el nuestro era clasificar entre los ocho primeros o a una copa internacional\u00bb, expres\u00f3 Garc\u00eda Vera.<\/p>\n<p>\u00abSin embargo, Rayo se queda con lo positivo: dimos minutos importantes a jugadores del patio y de las categor\u00edas menores. Este es un proyecto que apenas comienza y que va a dar de qu\u00e9 hablar por muchos a\u00f1os\u00bb.<\/p>\n<h2>Un proyecto en construcci\u00f3n<\/h2>\n<p>El estratega zuliano destac\u00f3 que el club atraviesa una etapa de crecimiento institucional y deportivo.<\/p>\n<p>\u00abTenemos que tener paciencia \u2014dijo\u2014, tanto la afici\u00f3n como la directiva. Estamos formando un grupo joven que se enfrenta a escenarios importantes por primera vez, pero que se comport\u00f3 a la altura\u00bb.<\/p>\n<p>Sobre el partido frente a Metropolitanos, Garc\u00eda Vera valor\u00f3 la entrega de su plantel: \u00abEl equipo dio el alma en la cancha. Perdimos por un penal dudoso, pero los muchachos mostraron compromiso y coraje.<\/p>\n<p>Somos un equipo de criollos, en su mayor\u00eda zulianos, y seguiremos trabajando para fortalecer a nuestros jugadores\u00bb.<\/p>\n<h2>Formaci\u00f3n y confianza en la cantera<\/h2>\n<p>El t\u00e9cnico subray\u00f3 que una de las principales fortalezas del club es el desarrollo de jugadores j\u00f3venes.<\/p>\n<p>\u00abLos futbolistas de la cantera tuvieron minutos y confianza. Nos evaluamos, nos reinventamos y ya planificamos la pr\u00f3xima temporada para seguir creciendo\u00bb, afirm\u00f3.<\/p>\n<p>A su juicio, el progreso del club va m\u00e1s all\u00e1 del campo de juego: \u00abRayo Zuliano ha construido una base s\u00f3lida desde el cuerpo t\u00e9cnico, la infraestructura, la log\u00edstica y la alimentaci\u00f3n. Todo eso contribuye a que nuestros jugadores crezcan d\u00eda a d\u00eda\u00bb.<\/p>\n<h2>Mirando hacia el futuro<\/h2>\n<p>Con la mirada puesta en el largo plazo, Garc\u00eda Vera asegur\u00f3 que el objetivo del club es ambicioso:<\/p>\n<p>\u00abRayo Zuliano est\u00e1 preparado para seguir creciendo. Este proyecto va a durar muchos a\u00f1os; estamos construyendo historia. Nuestro prop\u00f3sito no es evitar el descenso, sino pelear por el campeonato y conseguir una estrella\u00bb.<\/p>\n<p>El entrenador tambi\u00e9n elogi\u00f3 a los j\u00f3venes que comienzan a destacar: \u00abQuiz\u00e1s no tenemos figuras emblem\u00e1ticas, pero s\u00ed ilusi\u00f3n, fe y talento local.<\/p>\n<p>Jugadores como Idilber Ram\u00edrez y Andr\u00e9s Araujo son ejemplo de lo que buscamos: formar y proyectar futbolistas que representen al Zulia dentro y fuera del pa\u00eds\u00bb.<\/p>\n<p><strong>Sala de redacci\u00f3n ND58\u00a0<\/strong><br \/>\n<strong>Edici\u00f3n: Villasmil, Henry<\/strong><br \/>\n<strong>Gr\u00e1fica: Captura de pantalla<\/strong><\/p>\n<p>&nbsp;<\/p>\n<p>&nbsp;<\/p>\n<p>&nbsp;<\/p>\n<p>&nbsp;<\/p>\n<p>&nbsp;<\/p><div class=\"djmhy69ec6bca86276\" ><p style=\"text-align: center;\"><a href=\"https:\/\/t.me\/noticiasdigital58\" target=\"_blank\" rel=\"noopener\"><img class=\"aligncenter size-full wp-image-125363\" src=\"https:\/\/digital58.com.ve\/site\/wp-content\/uploads\/2021\/04\/banner-telegram-web-2021.png\" alt=\"\" width=\"600\" height=\"90\" \/><\/a><\/p><\/div><style type=\"text\/css\">\r\n@media screen and (min-width: 1201px) {\r\n.djmhy69ec6bca86276 {\r\ndisplay: block;\r\n}\r\n}\r\n@media screen and (min-width: 993px) and (max-width: 1200px) {\r\n.djmhy69ec6bca86276 {\r\ndisplay: block;\r\n}\r\n}\r\n@media screen and (min-width: 769px) and (max-width: 992px) {\r\n.djmhy69ec6bca86276 {\r\ndisplay: block;\r\n}\r\n}\r\n@media screen and (min-width: 768px) and (max-width: 768px) {\r\n.djmhy69ec6bca86276 {\r\ndisplay: block;\r\n}\r\n}\r\n@media screen and (max-width: 767px) {\r\n.djmhy69ec6bca86276 {\r\ndisplay: block;\r\n}\r\n}\r\n<\/style>\r\n\n<p>&nbsp;<\/p>\n<div style=\"margin-top: 0px; margin-bottom: 0px;\" class=\"sharethis-inline-share-buttons\" ><\/div>","protected":false},"excerpt":{"rendered":"<p>El t\u00e9cnico maracaibero reafirm\u00f3 su confianza en el proyecto institucional y en el talento joven tras la eliminaci\u00f3n del Torneo<\/p>\n","protected":false},"author":1,"featured_media":190794,"comment_status":"open","ping_status":"closed","sticky":false,"template":"","format":"standard","meta":{"colormag_page_container_layout":"default_layout","colormag_page_sidebar_layout":"default_layout","_uag_custom_page_level_css":"","footnotes":""},"categories":[5402],"tags":[25104,13,5721,14,34373,13707,73,2746,233,19,2354,35141,32,761],"class_list":["post-190792","post","type-post","status-publish","format-standard","has-post-thumbnail","hentry","category-deportes","tag-deportivo-rayo-zuliano","tag-futbol","tag-futbol-nacional","tag-futbol-venezolano","tag-liga-futve-2025","tag-ligafutve","tag-maracaibo","tag-metropolitanos-fc","tag-nacionales","tag-primera-division","tag-regionales","tag-torneo-clausura-2025","tag-venezuela","tag-zulia"],"yoast_head":"<!-- This site is optimized with the Yoast SEO plugin v27.4 - https:\/\/yoast.com\/product\/yoast-seo-wordpress\/ -->\n<title>Garc\u00eda Vera: \u00abRayo Zuliano apenas comienza y va a hacer historia\u00bb<\/title>\n<meta name=\"description\" content=\"Johanny Garc\u00eda Vera afirm\u00f3 que Rayo Zuliano apenas comienza y que su proyecto futbol\u00edstico est\u00e1 destinado a hacer historia en la Liga FutVe.\" \/>\n<meta name=\"robots\" content=\"index, follow, max-snippet:-1, max-image-preview:large, max-video-preview:-1\" \/>\n<link rel=\"canonical\" href=\"https:\/\/digital58.com.ve\/site\/2025\/10\/06\/garcia-vera-rayo-zuliano-apenas-comienza-y-va-a-hacer-historia\/\" \/>\n<meta property=\"og:locale\" content=\"es_ES\" \/>\n<meta property=\"og:type\" content=\"article\" \/>\n<meta property=\"og:title\" content=\"Garc\u00eda Vera: \u00abRayo Zuliano apenas comienza y va a hacer historia\u00bb\" \/>\n<meta property=\"og:description\" content=\"Johanny Garc\u00eda Vera afirm\u00f3 que Rayo Zuliano apenas comienza y que su proyecto futbol\u00edstico est\u00e1 destinado a hacer historia en la Liga FutVe.\" \/>\n<meta property=\"og:url\" content=\"https:\/\/digital58.com.ve\/site\/2025\/10\/06\/garcia-vera-rayo-zuliano-apenas-comienza-y-va-a-hacer-historia\/\" \/>\n<meta property=\"og:site_name\" content=\"Noticias Digital58\" \/>\n<meta property=\"article:published_time\" content=\"2025-10-06T22:56:59+00:00\" \/>\n<meta property=\"og:image\" content=\"https:\/\/digital58.com.ve\/site\/wp-content\/uploads\/2025\/10\/garcia-dt-rayo-zuliano.webp\" \/>\n\t<meta property=\"og:image:width\" content=\"1000\" \/>\n\t<meta property=\"og:image:height\" content=\"595\" \/>\n\t<meta property=\"og:image:type\" content=\"image\/webp\" \/>\n<meta name=\"author\" content=\"Villasmil Henry\" \/>\n<meta name=\"twitter:card\" content=\"summary_large_image\" \/>\n<meta name=\"twitter:creator\" content=\"@https:\/\/twitter.com\/villasmilhfoto\" \/>\n<meta name=\"twitter:site\" content=\"@villasmilhfoto\" \/>\n<meta name=\"twitter:label1\" content=\"Escrito por\" \/>\n\t<meta name=\"twitter:data1\" content=\"Villasmil Henry\" \/>\n\t<meta name=\"twitter:label2\" content=\"Tiempo estimado de lectura\" \/>\n\t<meta name=\"twitter:data2\" content=\"3 minutos\" \/>\n<script type=\"application\/ld+json\" class=\"yoast-schema-graph\">{\"@context\":\"https:\\\/\\\/schema.org\",\"@graph\":[{\"@type\":\"Article\",\"@id\":\"https:\\\/\\\/digital58.com.ve\\\/site\\\/2025\\\/10\\\/06\\\/garcia-vera-rayo-zuliano-apenas-comienza-y-va-a-hacer-historia\\\/#article\",\"isPartOf\":{\"@id\":\"https:\\\/\\\/digital58.com.ve\\\/site\\\/2025\\\/10\\\/06\\\/garcia-vera-rayo-zuliano-apenas-comienza-y-va-a-hacer-historia\\\/\"},\"author\":{\"name\":\"Villasmil Henry\",\"@id\":\"https:\\\/\\\/digital58.com.ve\\\/site\\\/#\\\/schema\\\/person\\\/64d1c2e4d0d4fd1b849980c4331c2951\"},\"headline\":\"Garc\u00eda Vera: \u00abRayo Zuliano apenas comienza y va a hacer historia\u00bb\",\"datePublished\":\"2025-10-06T22:56:59+00:00\",\"mainEntityOfPage\":{\"@id\":\"https:\\\/\\\/digital58.com.ve\\\/site\\\/2025\\\/10\\\/06\\\/garcia-vera-rayo-zuliano-apenas-comienza-y-va-a-hacer-historia\\\/\"},\"wordCount\":506,\"commentCount\":0,\"publisher\":{\"@id\":\"https:\\\/\\\/digital58.com.ve\\\/site\\\/#\\\/schema\\\/person\\\/64d1c2e4d0d4fd1b849980c4331c2951\"},\"image\":{\"@id\":\"https:\\\/\\\/digital58.com.ve\\\/site\\\/2025\\\/10\\\/06\\\/garcia-vera-rayo-zuliano-apenas-comienza-y-va-a-hacer-historia\\\/#primaryimage\"},\"thumbnailUrl\":\"https:\\\/\\\/digital58.com.ve\\\/site\\\/wp-content\\\/uploads\\\/2025\\\/10\\\/garcia-dt-rayo-zuliano.webp\",\"keywords\":[\"Deportivo Rayo Zuliano\",\"F\u00fatbol\",\"F\u00fatbol Nacional\",\"F\u00fatbol Venezolano\",\"Liga FutVe 2025\",\"LigaF\u00fatVe\",\"Maracaibo\",\"Metropolitanos FC\",\"Nacionales\",\"Primera Divisi\u00f3n\",\"Regionales\",\"Torneo Clausura 2025\",\"Venezuela\",\"Zulia\"],\"articleSection\":[\"Deportes\"],\"inLanguage\":\"es\",\"potentialAction\":[{\"@type\":\"CommentAction\",\"name\":\"Comment\",\"target\":[\"https:\\\/\\\/digital58.com.ve\\\/site\\\/2025\\\/10\\\/06\\\/garcia-vera-rayo-zuliano-apenas-comienza-y-va-a-hacer-historia\\\/#respond\"]}]},{\"@type\":\"WebPage\",\"@id\":\"https:\\\/\\\/digital58.com.ve\\\/site\\\/2025\\\/10\\\/06\\\/garcia-vera-rayo-zuliano-apenas-comienza-y-va-a-hacer-historia\\\/\",\"url\":\"https:\\\/\\\/digital58.com.ve\\\/site\\\/2025\\\/10\\\/06\\\/garcia-vera-rayo-zuliano-apenas-comienza-y-va-a-hacer-historia\\\/\",\"name\":\"Garc\u00eda Vera: \u00abRayo Zuliano apenas comienza y va a hacer historia\u00bb\",\"isPartOf\":{\"@id\":\"https:\\\/\\\/digital58.com.ve\\\/site\\\/#website\"},\"primaryImageOfPage\":{\"@id\":\"https:\\\/\\\/digital58.com.ve\\\/site\\\/2025\\\/10\\\/06\\\/garcia-vera-rayo-zuliano-apenas-comienza-y-va-a-hacer-historia\\\/#primaryimage\"},\"image\":{\"@id\":\"https:\\\/\\\/digital58.com.ve\\\/site\\\/2025\\\/10\\\/06\\\/garcia-vera-rayo-zuliano-apenas-comienza-y-va-a-hacer-historia\\\/#primaryimage\"},\"thumbnailUrl\":\"https:\\\/\\\/digital58.com.ve\\\/site\\\/wp-content\\\/uploads\\\/2025\\\/10\\\/garcia-dt-rayo-zuliano.webp\",\"datePublished\":\"2025-10-06T22:56:59+00:00\",\"description\":\"Johanny Garc\u00eda Vera afirm\u00f3 que Rayo Zuliano apenas comienza y que su proyecto futbol\u00edstico est\u00e1 destinado a hacer historia en la Liga FutVe.\",\"breadcrumb\":{\"@id\":\"https:\\\/\\\/digital58.com.ve\\\/site\\\/2025\\\/10\\\/06\\\/garcia-vera-rayo-zuliano-apenas-comienza-y-va-a-hacer-historia\\\/#breadcrumb\"},\"inLanguage\":\"es\",\"potentialAction\":[{\"@type\":\"ReadAction\",\"target\":[\"https:\\\/\\\/digital58.com.ve\\\/site\\\/2025\\\/10\\\/06\\\/garcia-vera-rayo-zuliano-apenas-comienza-y-va-a-hacer-historia\\\/\"]}]},{\"@type\":\"ImageObject\",\"inLanguage\":\"es\",\"@id\":\"https:\\\/\\\/digital58.com.ve\\\/site\\\/2025\\\/10\\\/06\\\/garcia-vera-rayo-zuliano-apenas-comienza-y-va-a-hacer-historia\\\/#primaryimage\",\"url\":\"https:\\\/\\\/digital58.com.ve\\\/site\\\/wp-content\\\/uploads\\\/2025\\\/10\\\/garcia-dt-rayo-zuliano.webp\",\"contentUrl\":\"https:\\\/\\\/digital58.com.ve\\\/site\\\/wp-content\\\/uploads\\\/2025\\\/10\\\/garcia-dt-rayo-zuliano.webp\",\"width\":1000,\"height\":595},{\"@type\":\"BreadcrumbList\",\"@id\":\"https:\\\/\\\/digital58.com.ve\\\/site\\\/2025\\\/10\\\/06\\\/garcia-vera-rayo-zuliano-apenas-comienza-y-va-a-hacer-historia\\\/#breadcrumb\",\"itemListElement\":[{\"@type\":\"ListItem\",\"position\":1,\"name\":\"Home\",\"item\":\"https:\\\/\\\/digital58.com.ve\\\/site\\\/\"},{\"@type\":\"ListItem\",\"position\":2,\"name\":\"Garc\u00eda Vera: \u00abRayo Zuliano apenas comienza y va a hacer historia\u00bb\"}]},{\"@type\":\"WebSite\",\"@id\":\"https:\\\/\\\/digital58.com.ve\\\/site\\\/#website\",\"url\":\"https:\\\/\\\/digital58.com.ve\\\/site\\\/\",\"name\":\"Noticias Digital58\",\"description\":\"Portal de Noticias \u00a1Periodismo web de verdad! Lanzamiento web 22.11.2005 \\\/ Maracaibo, Venezuela\",\"publisher\":{\"@id\":\"https:\\\/\\\/digital58.com.ve\\\/site\\\/#\\\/schema\\\/person\\\/64d1c2e4d0d4fd1b849980c4331c2951\"},\"alternateName\":\"ND58\",\"potentialAction\":[{\"@type\":\"SearchAction\",\"target\":{\"@type\":\"EntryPoint\",\"urlTemplate\":\"https:\\\/\\\/digital58.com.ve\\\/site\\\/?s={search_term_string}\"},\"query-input\":{\"@type\":\"PropertyValueSpecification\",\"valueRequired\":true,\"valueName\":\"search_term_string\"}}],\"inLanguage\":\"es\"},{\"@type\":[\"Person\",\"Organization\"],\"@id\":\"https:\\\/\\\/digital58.com.ve\\\/site\\\/#\\\/schema\\\/person\\\/64d1c2e4d0d4fd1b849980c4331c2951\",\"name\":\"Villasmil Henry\",\"image\":{\"@type\":\"ImageObject\",\"inLanguage\":\"es\",\"@id\":\"https:\\\/\\\/secure.gravatar.com\\\/avatar\\\/bb0c4a2fcb7970138239f7e404ea75757b1b507b28b5ce4c53fbd62d797c5a7c?s=96&d=mm&r=g\",\"url\":\"https:\\\/\\\/secure.gravatar.com\\\/avatar\\\/bb0c4a2fcb7970138239f7e404ea75757b1b507b28b5ce4c53fbd62d797c5a7c?s=96&d=mm&r=g\",\"contentUrl\":\"https:\\\/\\\/secure.gravatar.com\\\/avatar\\\/bb0c4a2fcb7970138239f7e404ea75757b1b507b28b5ce4c53fbd62d797c5a7c?s=96&d=mm&r=g\",\"caption\":\"Villasmil Henry\"},\"logo\":{\"@id\":\"https:\\\/\\\/secure.gravatar.com\\\/avatar\\\/bb0c4a2fcb7970138239f7e404ea75757b1b507b28b5ce4c53fbd62d797c5a7c?s=96&d=mm&r=g\"},\"sameAs\":[\"http:\\\/\\\/www.henryvillasmil.com.ve\",\"https:\\\/\\\/www.instagram.com\\\/villasmilhfoto\\\/\",\"https:\\\/\\\/x.com\\\/https:\\\/\\\/twitter.com\\\/villasmilhfoto\"],\"url\":\"https:\\\/\\\/digital58.com.ve\\\/site\\\/author\\\/droopy_68\\\/\"}]}<\/script>\n<!-- \/ Yoast SEO plugin. -->","yoast_head_json":{"title":"Garc\u00eda Vera: \u00abRayo Zuliano apenas comienza y va a hacer historia\u00bb","description":"Johanny Garc\u00eda Vera afirm\u00f3 que Rayo Zuliano apenas comienza y que su proyecto futbol\u00edstico est\u00e1 destinado a hacer historia en la Liga FutVe.","robots":{"index":"index","follow":"follow","max-snippet":"max-snippet:-1","max-image-preview":"max-image-preview:large","max-video-preview":"max-video-preview:-1"},"canonical":"https:\/\/digital58.com.ve\/site\/2025\/10\/06\/garcia-vera-rayo-zuliano-apenas-comienza-y-va-a-hacer-historia\/","og_locale":"es_ES","og_type":"article","og_title":"Garc\u00eda Vera: \u00abRayo Zuliano apenas comienza y va a hacer historia\u00bb","og_description":"Johanny Garc\u00eda Vera afirm\u00f3 que Rayo Zuliano apenas comienza y que su proyecto futbol\u00edstico est\u00e1 destinado a hacer historia en la Liga FutVe.","og_url":"https:\/\/digital58.com.ve\/site\/2025\/10\/06\/garcia-vera-rayo-zuliano-apenas-comienza-y-va-a-hacer-historia\/","og_site_name":"Noticias Digital58","article_published_time":"2025-10-06T22:56:59+00:00","og_image":[{"width":1000,"height":595,"url":"https:\/\/digital58.com.ve\/site\/wp-content\/uploads\/2025\/10\/garcia-dt-rayo-zuliano.webp","type":"image\/webp"}],"author":"Villasmil Henry","twitter_card":"summary_large_image","twitter_creator":"@https:\/\/twitter.com\/villasmilhfoto","twitter_site":"@villasmilhfoto","twitter_misc":{"Escrito por":"Villasmil Henry","Tiempo estimado de lectura":"3 minutos"},"schema":{"@context":"https:\/\/schema.org","@graph":[{"@type":"Article","@id":"https:\/\/digital58.com.ve\/site\/2025\/10\/06\/garcia-vera-rayo-zuliano-apenas-comienza-y-va-a-hacer-historia\/#article","isPartOf":{"@id":"https:\/\/digital58.com.ve\/site\/2025\/10\/06\/garcia-vera-rayo-zuliano-apenas-comienza-y-va-a-hacer-historia\/"},"author":{"name":"Villasmil Henry","@id":"https:\/\/digital58.com.ve\/site\/#\/schema\/person\/64d1c2e4d0d4fd1b849980c4331c2951"},"headline":"Garc\u00eda Vera: \u00abRayo Zuliano apenas comienza y va a hacer historia\u00bb","datePublished":"2025-10-06T22:56:59+00:00","mainEntityOfPage":{"@id":"https:\/\/digital58.com.ve\/site\/2025\/10\/06\/garcia-vera-rayo-zuliano-apenas-comienza-y-va-a-hacer-historia\/"},"wordCount":506,"commentCount":0,"publisher":{"@id":"https:\/\/digital58.com.ve\/site\/#\/schema\/person\/64d1c2e4d0d4fd1b849980c4331c2951"},"image":{"@id":"https:\/\/digital58.com.ve\/site\/2025\/10\/06\/garcia-vera-rayo-zuliano-apenas-comienza-y-va-a-hacer-historia\/#primaryimage"},"thumbnailUrl":"https:\/\/digital58.com.ve\/site\/wp-content\/uploads\/2025\/10\/garcia-dt-rayo-zuliano.webp","keywords":["Deportivo Rayo Zuliano","F\u00fatbol","F\u00fatbol Nacional","F\u00fatbol Venezolano","Liga FutVe 2025","LigaF\u00fatVe","Maracaibo","Metropolitanos FC","Nacionales","Primera Divisi\u00f3n","Regionales","Torneo Clausura 2025","Venezuela","Zulia"],"articleSection":["Deportes"],"inLanguage":"es","potentialAction":[{"@type":"CommentAction","name":"Comment","target":["https:\/\/digital58.com.ve\/site\/2025\/10\/06\/garcia-vera-rayo-zuliano-apenas-comienza-y-va-a-hacer-historia\/#respond"]}]},{"@type":"WebPage","@id":"https:\/\/digital58.com.ve\/site\/2025\/10\/06\/garcia-vera-rayo-zuliano-apenas-comienza-y-va-a-hacer-historia\/","url":"https:\/\/digital58.com.ve\/site\/2025\/10\/06\/garcia-vera-rayo-zuliano-apenas-comienza-y-va-a-hacer-historia\/","name":"Garc\u00eda Vera: \u00abRayo Zuliano apenas comienza y va a hacer historia\u00bb","isPartOf":{"@id":"https:\/\/digital58.com.ve\/site\/#website"},"primaryImageOfPage":{"@id":"https:\/\/digital58.com.ve\/site\/2025\/10\/06\/garcia-vera-rayo-zuliano-apenas-comienza-y-va-a-hacer-historia\/#primaryimage"},"image":{"@id":"https:\/\/digital58.com.ve\/site\/2025\/10\/06\/garcia-vera-rayo-zuliano-apenas-comienza-y-va-a-hacer-historia\/#primaryimage"},"thumbnailUrl":"https:\/\/digital58.com.ve\/site\/wp-content\/uploads\/2025\/10\/garcia-dt-rayo-zuliano.webp","datePublished":"2025-10-06T22:56:59+00:00","description":"Johanny Garc\u00eda Vera afirm\u00f3 que Rayo Zuliano apenas comienza y que su proyecto futbol\u00edstico est\u00e1 destinado a hacer historia en la Liga FutVe.","breadcrumb":{"@id":"https:\/\/digital58.com.ve\/site\/2025\/10\/06\/garcia-vera-rayo-zuliano-apenas-comienza-y-va-a-hacer-historia\/#breadcrumb"},"inLanguage":"es","potentialAction":[{"@type":"ReadAction","target":["https:\/\/digital58.com.ve\/site\/2025\/10\/06\/garcia-vera-rayo-zuliano-apenas-comienza-y-va-a-hacer-historia\/"]}]},{"@type":"ImageObject","inLanguage":"es","@id":"https:\/\/digital58.com.ve\/site\/2025\/10\/06\/garcia-vera-rayo-zuliano-apenas-comienza-y-va-a-hacer-historia\/#primaryimage","url":"https:\/\/digital58.com.ve\/site\/wp-content\/uploads\/2025\/10\/garcia-dt-rayo-zuliano.webp","contentUrl":"https:\/\/digital58.com.ve\/site\/wp-content\/uploads\/2025\/10\/garcia-dt-rayo-zuliano.webp","width":1000,"height":595},{"@type":"BreadcrumbList","@id":"https:\/\/digital58.com.ve\/site\/2025\/10\/06\/garcia-vera-rayo-zuliano-apenas-comienza-y-va-a-hacer-historia\/#breadcrumb","itemListElement":[{"@type":"ListItem","position":1,"name":"Home","item":"https:\/\/digital58.com.ve\/site\/"},{"@type":"ListItem","position":2,"name":"Garc\u00eda Vera: \u00abRayo Zuliano apenas comienza y va a hacer historia\u00bb"}]},{"@type":"WebSite","@id":"https:\/\/digital58.com.ve\/site\/#website","url":"https:\/\/digital58.com.ve\/site\/","name":"Noticias Digital58","description":"Portal de Noticias \u00a1Periodismo web de verdad! Lanzamiento web 22.11.2005 \/ Maracaibo, Venezuela","publisher":{"@id":"https:\/\/digital58.com.ve\/site\/#\/schema\/person\/64d1c2e4d0d4fd1b849980c4331c2951"},"alternateName":"ND58","potentialAction":[{"@type":"SearchAction","target":{"@type":"EntryPoint","urlTemplate":"https:\/\/digital58.com.ve\/site\/?s={search_term_string}"},"query-input":{"@type":"PropertyValueSpecification","valueRequired":true,"valueName":"search_term_string"}}],"inLanguage":"es"},{"@type":["Person","Organization"],"@id":"https:\/\/digital58.com.ve\/site\/#\/schema\/person\/64d1c2e4d0d4fd1b849980c4331c2951","name":"Villasmil Henry","image":{"@type":"ImageObject","inLanguage":"es","@id":"https:\/\/secure.gravatar.com\/avatar\/bb0c4a2fcb7970138239f7e404ea75757b1b507b28b5ce4c53fbd62d797c5a7c?s=96&d=mm&r=g","url":"https:\/\/secure.gravatar.com\/avatar\/bb0c4a2fcb7970138239f7e404ea75757b1b507b28b5ce4c53fbd62d797c5a7c?s=96&d=mm&r=g","contentUrl":"https:\/\/secure.gravatar.com\/avatar\/bb0c4a2fcb7970138239f7e404ea75757b1b507b28b5ce4c53fbd62d797c5a7c?s=96&d=mm&r=g","caption":"Villasmil Henry"},"logo":{"@id":"https:\/\/secure.gravatar.com\/avatar\/bb0c4a2fcb7970138239f7e404ea75757b1b507b28b5ce4c53fbd62d797c5a7c?s=96&d=mm&r=g"},"sameAs":["http:\/\/www.henryvillasmil.com.ve","https:\/\/www.instagram.com\/villasmilhfoto\/","https:\/\/x.com\/https:\/\/twitter.com\/villasmilhfoto"],"url":"https:\/\/digital58.com.ve\/site\/author\/droopy_68\/"}]}},"uagb_featured_image_src":{"full":["https:\/\/digital58.com.ve\/site\/wp-content\/uploads\/2025\/10\/garcia-dt-rayo-zuliano.webp",1000,595,false],"thumbnail":["https:\/\/digital58.com.ve\/site\/wp-content\/uploads\/2025\/10\/garcia-dt-rayo-zuliano-150x150.webp",150,150,true],"medium":["https:\/\/digital58.com.ve\/site\/wp-content\/uploads\/2025\/10\/garcia-dt-rayo-zuliano-300x179.webp",300,179,true],"medium_large":["https:\/\/digital58.com.ve\/site\/wp-content\/uploads\/2025\/10\/garcia-dt-rayo-zuliano-768x457.webp",768,457,true],"large":["https:\/\/digital58.com.ve\/site\/wp-content\/uploads\/2025\/10\/garcia-dt-rayo-zuliano.webp",800,476,false],"1536x1536":["https:\/\/digital58.com.ve\/site\/wp-content\/uploads\/2025\/10\/garcia-dt-rayo-zuliano.webp",1000,595,false],"2048x2048":["https:\/\/digital58.com.ve\/site\/wp-content\/uploads\/2025\/10\/garcia-dt-rayo-zuliano.webp",1000,595,false],"colormag-highlighted-post":["https:\/\/digital58.com.ve\/site\/wp-content\/uploads\/2025\/10\/garcia-dt-rayo-zuliano-392x272.webp",392,272,true],"colormag-featured-post-medium":["https:\/\/digital58.com.ve\/site\/wp-content\/uploads\/2025\/10\/garcia-dt-rayo-zuliano-390x205.webp",390,205,true],"colormag-featured-post-small":["https:\/\/digital58.com.ve\/site\/wp-content\/uploads\/2025\/10\/garcia-dt-rayo-zuliano-130x90.webp",130,90,true],"colormag-featured-image":["https:\/\/digital58.com.ve\/site\/wp-content\/uploads\/2025\/10\/garcia-dt-rayo-zuliano-800x445.webp",800,445,true],"colormag-default-news":["https:\/\/digital58.com.ve\/site\/wp-content\/uploads\/2025\/10\/garcia-dt-rayo-zuliano-150x150.webp",150,150,true],"colormag-featured-image-large":["https:\/\/digital58.com.ve\/site\/wp-content\/uploads\/2025\/10\/garcia-dt-rayo-zuliano.webp",1000,595,false]},"uagb_author_info":{"display_name":"Villasmil Henry","author_link":"https:\/\/digital58.com.ve\/site\/author\/droopy_68\/"},"uagb_comment_info":0,"uagb_excerpt":"El t\u00e9cnico maracaibero reafirm\u00f3 su confianza en el proyecto institucional y en el talento joven tras la eliminaci\u00f3n del Torneo","_links":{"self":[{"href":"https:\/\/digital58.com.ve\/site\/wp-json\/wp\/v2\/posts\/190792","targetHints":{"allow":["GET"]}}],"collection":[{"href":"https:\/\/digital58.com.ve\/site\/wp-json\/wp\/v2\/posts"}],"about":[{"href":"https:\/\/digital58.com.ve\/site\/wp-json\/wp\/v2\/types\/post"}],"author":[{"embeddable":true,"href":"https:\/\/digital58.com.ve\/site\/wp-json\/wp\/v2\/users\/1"}],"replies":[{"embeddable":true,"href":"https:\/\/digital58.com.ve\/site\/wp-json\/wp\/v2\/comments?post=190792"}],"version-history":[{"count":2,"href":"https:\/\/digital58.com.ve\/site\/wp-json\/wp\/v2\/posts\/190792\/revisions"}],"predecessor-version":[{"id":190795,"href":"https:\/\/digital58.com.ve\/site\/wp-json\/wp\/v2\/posts\/190792\/revisions\/190795"}],"wp:featuredmedia":[{"embeddable":true,"href":"https:\/\/digital58.com.ve\/site\/wp-json\/wp\/v2\/media\/190794"}],"wp:attachment":[{"href":"https:\/\/digital58.com.ve\/site\/wp-json\/wp\/v2\/media?parent=190792"}],"wp:term":[{"taxonomy":"category","embeddable":true,"href":"https:\/\/digital58.com.ve\/site\/wp-json\/wp\/v2\/categories?post=190792"},{"taxonomy":"post_tag","embeddable":true,"href":"https:\/\/digital58.com.ve\/site\/wp-json\/wp\/v2\/tags?post=190792"}],"curies":[{"name":"wp","href":"https:\/\/api.w.org\/{rel}","templated":true}]}}