{"id":190966,"date":"2025-10-10T09:34:36","date_gmt":"2025-10-10T13:34:36","guid":{"rendered":"https:\/\/digital58.com.ve\/site\/?p=190966"},"modified":"2025-10-10T09:34:36","modified_gmt":"2025-10-10T13:34:36","slug":"maria-corina-machado-gana-nobel-de-la-paz-2025","status":"publish","type":"post","link":"https:\/\/digital58.com.ve\/site\/2025\/10\/10\/maria-corina-machado-gana-nobel-de-la-paz-2025\/","title":{"rendered":"Mar\u00eda Corina Machado gana Nobel de la Paz 2025"},"content":{"rendered":"<p><a class=\"keychainify-checked\" href=\"https:\/\/digital58.com.ve\/site\/wp-content\/uploads\/2025\/10\/maria-machado-nobel-2025.webp\"><img loading=\"lazy\" decoding=\"async\" class=\"aligncenter wp-image-190967 size-full\" src=\"https:\/\/digital58.com.ve\/site\/wp-content\/uploads\/2025\/10\/maria-machado-nobel-2025.webp\" alt=\"La pol\u00edtica venezolana Mar\u00eda Corina Machado fue distinguida este viernes 10 de octubre con el Premio Nobel de la Paz 2025 \u2014el primero hist\u00f3rico para Venezuela\u2014 por el Comit\u00e9 Nobel noruego, por su labor en la promoci\u00f3n de los derechos democr\u00e1ticos y su b\u00fasqueda de una transici\u00f3n pac\u00edfica hacia la democracia en Venezuela.\" width=\"900\" height=\"600\" srcset=\"https:\/\/digital58.com.ve\/site\/wp-content\/uploads\/2025\/10\/maria-machado-nobel-2025.webp 900w, https:\/\/digital58.com.ve\/site\/wp-content\/uploads\/2025\/10\/maria-machado-nobel-2025-300x200.webp 300w, https:\/\/digital58.com.ve\/site\/wp-content\/uploads\/2025\/10\/maria-machado-nobel-2025-768x512.webp 768w\" sizes=\"auto, (max-width: 900px) 100vw, 900px\" \/><\/a><\/p>\n<blockquote><p>La l\u00edder opositora venezolana es reconocida por su lucha pac\u00edfica por la democracia y los derechos fundamentales en su pa\u00eds.<\/p><\/blockquote>\n<p><strong>Maracaibo, Zulia, Venezuela, 10 de octubre de 2025 (ND58).-<\/strong> La pol\u00edtica venezolana Mar\u00eda Corina Machado fue distinguida este viernes 10 de octubre con el Premio Nobel de la Paz 2025 \u2014el primero hist\u00f3rico para Venezuela\u2014 por el Comit\u00e9 Nobel noruego, por su labor en la promoci\u00f3n de los derechos democr\u00e1ticos y su b\u00fasqueda de una transici\u00f3n pac\u00edfica hacia la democracia en Venezuela.<\/p>\n<blockquote><p>Con este galard\u00f3n, se convierte en la segunda personalidad venezolana en recibir un Nobel, luego que el inmun\u00f3logo Baruj Benacerraf obtuviera el de Fisiolog\u00eda o Medicina en 1980.<\/p><\/blockquote>\n<p>El anuncio se realiz\u00f3 desde Oslo, donde se destac\u00f3 su incansable defensa de las libertades ciudadanas. El galard\u00f3n reconoce su papel unificador en la oposici\u00f3n venezolana y su compromiso con m\u00e9todos democr\u00e1ticos.<\/p>\n<h2>Un reconocimiento a la valent\u00eda civil<\/h2>\n<p>\u00abPor su incansable labor en la promoci\u00f3n de los derechos democr\u00e1ticos del pueblo venezolano y por su lucha por lograr una transici\u00f3n justa y pac\u00edfica\u00bb, fue la fundamentaci\u00f3n del Comit\u00e9.<\/p>\n<p>J\u00f8rgen Watne Frydnes, su presidente, la describi\u00f3 como \u00abuna valiente y comprometida defensora de la paz\u00bb.<\/p>\n<p>El organismo subray\u00f3 que Machado demostr\u00f3 que las herramientas de la democracia son tambi\u00e9n las de la paz. La calific\u00f3 como un ejemplo extraordinario de valent\u00eda civil en Am\u00e9rica Latina en tiempos recientes.<\/p>\n<h2>La reacci\u00f3n de la galardonada<\/h2>\n<p>\u00abEste es un logro para toda la sociedad, yo solo soy una persona, no lo merezco\u00bb, afirm\u00f3 Machado en una conversaci\u00f3n telef\u00f3nica difundida por la fundaci\u00f3n Nobel.<\/p>\n<p>Calific\u00f3 el premio de \u00abmayor reconocimiento a nuestro pueblo\u00bb, rest\u00e1ndole importancia personal al logro.<\/p>\n<p>Destac\u00f3 que el honor es un triunfo colectivo. Sus palabras reflejaron una postura de humildad y compromiso con la causa democr\u00e1tica venezolana.<\/p>\n<h2>Voces de apoyo desde la oposici\u00f3n<\/h2>\n<p>El excandidato presidencial Edmundo Gonz\u00e1lez Urrutia celebr\u00f3 el galard\u00f3n en la red social X.<\/p>\n<p>\u00ab\u00a1Merecid\u00edsimo reconocimiento a la larga lucha de una mujer y de todo un pueblo por nuestra libertad y democracia!\u00bb, escribi\u00f3.<\/p>\n<p>Acompa\u00f1\u00f3 su mensaje con un video donde se escucha a Machado manifestar su sorpresa. El tambi\u00e9n opositor Leopoldo L\u00f3pez, desde Estados Unidos, se\u00f1al\u00f3 que el premio honra la fuerza de \u00abun pueblo decidido al cambio\u00bb.<\/p>\n<h2>El respaldo de la comunidad internacional<\/h2>\n<p>La Oficina de las Naciones Unidas para los Derechos Humanos felicit\u00f3 a la l\u00edder opositora. Su portavoz, Thameen Al Kheetan, indic\u00f3 que el reconocimiento \u00abrefleja las claras aspiraciones del pueblo de Venezuela a unas elecciones libres y justas\u00bb.<\/p>\n<p>Subray\u00f3 que este premio alinea con los valores que el alto comisionado Volker T\u00fcrk ha defendido de forma constante. El organismo internacional vio en la distinci\u00f3n un respaldo global a las demandas democr\u00e1ticas en Venezuela.<\/p>\n<p><strong>Sala de redacci\u00f3n ND58 | Fuente: EFE<\/strong><br \/>\n<strong>Edici\u00f3n: Villasmil, Henry<\/strong><br \/>\n<strong>Gr\u00e1ficas: de archivo referencial<\/strong><\/p>\n<p>&nbsp;<\/p>\n<p>&nbsp;<\/p>\n<p>&nbsp;<\/p><div class=\"rqndw69f227d7921df\" ><p style=\"text-align: center;\"><a href=\"https:\/\/t.me\/noticiasdigital58\" target=\"_blank\" rel=\"noopener\"><img class=\"aligncenter size-full wp-image-125363\" src=\"https:\/\/digital58.com.ve\/site\/wp-content\/uploads\/2021\/04\/banner-telegram-web-2021.png\" alt=\"\" width=\"600\" height=\"90\" \/><\/a><\/p><\/div><style type=\"text\/css\">\r\n@media screen and (min-width: 1201px) {\r\n.rqndw69f227d7921df {\r\ndisplay: block;\r\n}\r\n}\r\n@media screen and (min-width: 993px) and (max-width: 1200px) {\r\n.rqndw69f227d7921df {\r\ndisplay: block;\r\n}\r\n}\r\n@media screen and (min-width: 769px) and (max-width: 992px) {\r\n.rqndw69f227d7921df {\r\ndisplay: block;\r\n}\r\n}\r\n@media screen and (min-width: 768px) and (max-width: 768px) {\r\n.rqndw69f227d7921df {\r\ndisplay: block;\r\n}\r\n}\r\n@media screen and (max-width: 767px) {\r\n.rqndw69f227d7921df {\r\ndisplay: block;\r\n}\r\n}\r\n<\/style>\r\n\n<p>&nbsp;<\/p>\n<div style=\"margin-top: 0px; margin-bottom: 0px;\" class=\"sharethis-inline-share-buttons\" ><\/div>","protected":false},"excerpt":{"rendered":"<p>La l\u00edder opositora venezolana es reconocida por su lucha pac\u00edfica por la democracia y los derechos fundamentales en su pa\u00eds.<\/p>\n","protected":false},"author":1,"featured_media":190967,"comment_status":"open","ping_status":"closed","sticky":false,"template":"","format":"standard","meta":{"colormag_page_container_layout":"default_layout","colormag_page_sidebar_layout":"default_layout","_uag_custom_page_level_css":"","footnotes":""},"categories":[16454],"tags":[14491,35473,795,35474],"class_list":["post-190966","post","type-post","status-publish","format-standard","has-post-thumbnail","hentry","category-venezuela","tag-maria-corina-machado","tag-premio-nobel-de-la-paz-2025","tag-venezolanos","tag-virales"],"yoast_head":"<!-- This site is optimized with the Yoast SEO plugin v27.5 - https:\/\/yoast.com\/product\/yoast-seo-wordpress\/ -->\n<title>Mar\u00eda Corina Machado gana Nobel de la Paz 2025<\/title>\n<meta name=\"description\" content=\"Mar\u00eda Corina Machado gana el Nobel de la Paz 2025 por su lucha pac\u00edfica por la democracia en Venezuela. Reacciones y detalles.\" \/>\n<meta name=\"robots\" content=\"index, follow, max-snippet:-1, max-image-preview:large, max-video-preview:-1\" \/>\n<link rel=\"canonical\" href=\"https:\/\/digital58.com.ve\/site\/2025\/10\/10\/maria-corina-machado-gana-nobel-de-la-paz-2025\/\" \/>\n<meta property=\"og:locale\" content=\"es_ES\" \/>\n<meta property=\"og:type\" content=\"article\" \/>\n<meta property=\"og:title\" content=\"Mar\u00eda Corina Machado gana Nobel de la Paz 2025\" \/>\n<meta property=\"og:description\" content=\"Mar\u00eda Corina Machado gana el Nobel de la Paz 2025 por su lucha pac\u00edfica por la democracia en Venezuela. Reacciones y detalles.\" \/>\n<meta property=\"og:url\" content=\"https:\/\/digital58.com.ve\/site\/2025\/10\/10\/maria-corina-machado-gana-nobel-de-la-paz-2025\/\" \/>\n<meta property=\"og:site_name\" content=\"Noticias Digital58\" \/>\n<meta property=\"article:published_time\" content=\"2025-10-10T13:34:36+00:00\" \/>\n<meta property=\"og:image\" content=\"https:\/\/digital58.com.ve\/site\/wp-content\/uploads\/2025\/10\/maria-machado-nobel-2025.webp\" \/>\n\t<meta property=\"og:image:width\" content=\"900\" \/>\n\t<meta property=\"og:image:height\" content=\"600\" \/>\n\t<meta property=\"og:image:type\" content=\"image\/webp\" \/>\n<meta name=\"author\" content=\"Villasmil Henry\" \/>\n<meta name=\"twitter:card\" content=\"summary_large_image\" \/>\n<meta name=\"twitter:creator\" content=\"@https:\/\/twitter.com\/villasmilhfoto\" \/>\n<meta name=\"twitter:site\" content=\"@villasmilhfoto\" \/>\n<meta name=\"twitter:label1\" content=\"Escrito por\" \/>\n\t<meta name=\"twitter:data1\" content=\"Villasmil Henry\" \/>\n\t<meta name=\"twitter:label2\" content=\"Tiempo estimado de lectura\" \/>\n\t<meta name=\"twitter:data2\" content=\"3 minutos\" \/>\n<script type=\"application\/ld+json\" class=\"yoast-schema-graph\">{\"@context\":\"https:\\\/\\\/schema.org\",\"@graph\":[{\"@type\":\"Article\",\"@id\":\"https:\\\/\\\/digital58.com.ve\\\/site\\\/2025\\\/10\\\/10\\\/maria-corina-machado-gana-nobel-de-la-paz-2025\\\/#article\",\"isPartOf\":{\"@id\":\"https:\\\/\\\/digital58.com.ve\\\/site\\\/2025\\\/10\\\/10\\\/maria-corina-machado-gana-nobel-de-la-paz-2025\\\/\"},\"author\":{\"name\":\"Villasmil Henry\",\"@id\":\"https:\\\/\\\/digital58.com.ve\\\/site\\\/#\\\/schema\\\/person\\\/64d1c2e4d0d4fd1b849980c4331c2951\"},\"headline\":\"Mar\u00eda Corina Machado gana Nobel de la Paz 2025\",\"datePublished\":\"2025-10-10T13:34:36+00:00\",\"mainEntityOfPage\":{\"@id\":\"https:\\\/\\\/digital58.com.ve\\\/site\\\/2025\\\/10\\\/10\\\/maria-corina-machado-gana-nobel-de-la-paz-2025\\\/\"},\"wordCount\":519,\"commentCount\":0,\"publisher\":{\"@id\":\"https:\\\/\\\/digital58.com.ve\\\/site\\\/#\\\/schema\\\/person\\\/64d1c2e4d0d4fd1b849980c4331c2951\"},\"image\":{\"@id\":\"https:\\\/\\\/digital58.com.ve\\\/site\\\/2025\\\/10\\\/10\\\/maria-corina-machado-gana-nobel-de-la-paz-2025\\\/#primaryimage\"},\"thumbnailUrl\":\"https:\\\/\\\/digital58.com.ve\\\/site\\\/wp-content\\\/uploads\\\/2025\\\/10\\\/maria-machado-nobel-2025.webp\",\"keywords\":[\"Mar\u00eda Corina Machado\",\"Premio Nobel de la Paz 2025\",\"Venezolanos\",\"Virales\"],\"articleSection\":[\"Venezuela\"],\"inLanguage\":\"es\",\"potentialAction\":[{\"@type\":\"CommentAction\",\"name\":\"Comment\",\"target\":[\"https:\\\/\\\/digital58.com.ve\\\/site\\\/2025\\\/10\\\/10\\\/maria-corina-machado-gana-nobel-de-la-paz-2025\\\/#respond\"]}]},{\"@type\":\"WebPage\",\"@id\":\"https:\\\/\\\/digital58.com.ve\\\/site\\\/2025\\\/10\\\/10\\\/maria-corina-machado-gana-nobel-de-la-paz-2025\\\/\",\"url\":\"https:\\\/\\\/digital58.com.ve\\\/site\\\/2025\\\/10\\\/10\\\/maria-corina-machado-gana-nobel-de-la-paz-2025\\\/\",\"name\":\"Mar\u00eda Corina Machado gana Nobel de la Paz 2025\",\"isPartOf\":{\"@id\":\"https:\\\/\\\/digital58.com.ve\\\/site\\\/#website\"},\"primaryImageOfPage\":{\"@id\":\"https:\\\/\\\/digital58.com.ve\\\/site\\\/2025\\\/10\\\/10\\\/maria-corina-machado-gana-nobel-de-la-paz-2025\\\/#primaryimage\"},\"image\":{\"@id\":\"https:\\\/\\\/digital58.com.ve\\\/site\\\/2025\\\/10\\\/10\\\/maria-corina-machado-gana-nobel-de-la-paz-2025\\\/#primaryimage\"},\"thumbnailUrl\":\"https:\\\/\\\/digital58.com.ve\\\/site\\\/wp-content\\\/uploads\\\/2025\\\/10\\\/maria-machado-nobel-2025.webp\",\"datePublished\":\"2025-10-10T13:34:36+00:00\",\"description\":\"Mar\u00eda Corina Machado gana el Nobel de la Paz 2025 por su lucha pac\u00edfica por la democracia en Venezuela. Reacciones y detalles.\",\"breadcrumb\":{\"@id\":\"https:\\\/\\\/digital58.com.ve\\\/site\\\/2025\\\/10\\\/10\\\/maria-corina-machado-gana-nobel-de-la-paz-2025\\\/#breadcrumb\"},\"inLanguage\":\"es\",\"potentialAction\":[{\"@type\":\"ReadAction\",\"target\":[\"https:\\\/\\\/digital58.com.ve\\\/site\\\/2025\\\/10\\\/10\\\/maria-corina-machado-gana-nobel-de-la-paz-2025\\\/\"]}]},{\"@type\":\"ImageObject\",\"inLanguage\":\"es\",\"@id\":\"https:\\\/\\\/digital58.com.ve\\\/site\\\/2025\\\/10\\\/10\\\/maria-corina-machado-gana-nobel-de-la-paz-2025\\\/#primaryimage\",\"url\":\"https:\\\/\\\/digital58.com.ve\\\/site\\\/wp-content\\\/uploads\\\/2025\\\/10\\\/maria-machado-nobel-2025.webp\",\"contentUrl\":\"https:\\\/\\\/digital58.com.ve\\\/site\\\/wp-content\\\/uploads\\\/2025\\\/10\\\/maria-machado-nobel-2025.webp\",\"width\":900,\"height\":600},{\"@type\":\"BreadcrumbList\",\"@id\":\"https:\\\/\\\/digital58.com.ve\\\/site\\\/2025\\\/10\\\/10\\\/maria-corina-machado-gana-nobel-de-la-paz-2025\\\/#breadcrumb\",\"itemListElement\":[{\"@type\":\"ListItem\",\"position\":1,\"name\":\"Home\",\"item\":\"https:\\\/\\\/digital58.com.ve\\\/site\\\/\"},{\"@type\":\"ListItem\",\"position\":2,\"name\":\"Mar\u00eda Corina Machado gana Nobel de la Paz 2025\"}]},{\"@type\":\"WebSite\",\"@id\":\"https:\\\/\\\/digital58.com.ve\\\/site\\\/#website\",\"url\":\"https:\\\/\\\/digital58.com.ve\\\/site\\\/\",\"name\":\"Noticias Digital58\",\"description\":\"Portal de Noticias \u00a1Periodismo web de verdad! Lanzamiento web 22.11.2005 \\\/ Maracaibo, Venezuela\",\"publisher\":{\"@id\":\"https:\\\/\\\/digital58.com.ve\\\/site\\\/#\\\/schema\\\/person\\\/64d1c2e4d0d4fd1b849980c4331c2951\"},\"alternateName\":\"ND58\",\"potentialAction\":[{\"@type\":\"SearchAction\",\"target\":{\"@type\":\"EntryPoint\",\"urlTemplate\":\"https:\\\/\\\/digital58.com.ve\\\/site\\\/?s={search_term_string}\"},\"query-input\":{\"@type\":\"PropertyValueSpecification\",\"valueRequired\":true,\"valueName\":\"search_term_string\"}}],\"inLanguage\":\"es\"},{\"@type\":[\"Person\",\"Organization\"],\"@id\":\"https:\\\/\\\/digital58.com.ve\\\/site\\\/#\\\/schema\\\/person\\\/64d1c2e4d0d4fd1b849980c4331c2951\",\"name\":\"Villasmil Henry\",\"image\":{\"@type\":\"ImageObject\",\"inLanguage\":\"es\",\"@id\":\"https:\\\/\\\/secure.gravatar.com\\\/avatar\\\/bb0c4a2fcb7970138239f7e404ea75757b1b507b28b5ce4c53fbd62d797c5a7c?s=96&d=mm&r=g\",\"url\":\"https:\\\/\\\/secure.gravatar.com\\\/avatar\\\/bb0c4a2fcb7970138239f7e404ea75757b1b507b28b5ce4c53fbd62d797c5a7c?s=96&d=mm&r=g\",\"contentUrl\":\"https:\\\/\\\/secure.gravatar.com\\\/avatar\\\/bb0c4a2fcb7970138239f7e404ea75757b1b507b28b5ce4c53fbd62d797c5a7c?s=96&d=mm&r=g\",\"caption\":\"Villasmil Henry\"},\"logo\":{\"@id\":\"https:\\\/\\\/secure.gravatar.com\\\/avatar\\\/bb0c4a2fcb7970138239f7e404ea75757b1b507b28b5ce4c53fbd62d797c5a7c?s=96&d=mm&r=g\"},\"sameAs\":[\"http:\\\/\\\/www.henryvillasmil.com.ve\",\"https:\\\/\\\/www.instagram.com\\\/villasmilhfoto\\\/\",\"https:\\\/\\\/x.com\\\/https:\\\/\\\/twitter.com\\\/villasmilhfoto\"],\"url\":\"https:\\\/\\\/digital58.com.ve\\\/site\\\/author\\\/droopy_68\\\/\"}]}<\/script>\n<!-- \/ Yoast SEO plugin. -->","yoast_head_json":{"title":"Mar\u00eda Corina Machado gana Nobel de la Paz 2025","description":"Mar\u00eda Corina Machado gana el Nobel de la Paz 2025 por su lucha pac\u00edfica por la democracia en Venezuela. Reacciones y detalles.","robots":{"index":"index","follow":"follow","max-snippet":"max-snippet:-1","max-image-preview":"max-image-preview:large","max-video-preview":"max-video-preview:-1"},"canonical":"https:\/\/digital58.com.ve\/site\/2025\/10\/10\/maria-corina-machado-gana-nobel-de-la-paz-2025\/","og_locale":"es_ES","og_type":"article","og_title":"Mar\u00eda Corina Machado gana Nobel de la Paz 2025","og_description":"Mar\u00eda Corina Machado gana el Nobel de la Paz 2025 por su lucha pac\u00edfica por la democracia en Venezuela. Reacciones y detalles.","og_url":"https:\/\/digital58.com.ve\/site\/2025\/10\/10\/maria-corina-machado-gana-nobel-de-la-paz-2025\/","og_site_name":"Noticias Digital58","article_published_time":"2025-10-10T13:34:36+00:00","og_image":[{"width":900,"height":600,"url":"https:\/\/digital58.com.ve\/site\/wp-content\/uploads\/2025\/10\/maria-machado-nobel-2025.webp","type":"image\/webp"}],"author":"Villasmil Henry","twitter_card":"summary_large_image","twitter_creator":"@https:\/\/twitter.com\/villasmilhfoto","twitter_site":"@villasmilhfoto","twitter_misc":{"Escrito por":"Villasmil Henry","Tiempo estimado de lectura":"3 minutos"},"schema":{"@context":"https:\/\/schema.org","@graph":[{"@type":"Article","@id":"https:\/\/digital58.com.ve\/site\/2025\/10\/10\/maria-corina-machado-gana-nobel-de-la-paz-2025\/#article","isPartOf":{"@id":"https:\/\/digital58.com.ve\/site\/2025\/10\/10\/maria-corina-machado-gana-nobel-de-la-paz-2025\/"},"author":{"name":"Villasmil Henry","@id":"https:\/\/digital58.com.ve\/site\/#\/schema\/person\/64d1c2e4d0d4fd1b849980c4331c2951"},"headline":"Mar\u00eda Corina Machado gana Nobel de la Paz 2025","datePublished":"2025-10-10T13:34:36+00:00","mainEntityOfPage":{"@id":"https:\/\/digital58.com.ve\/site\/2025\/10\/10\/maria-corina-machado-gana-nobel-de-la-paz-2025\/"},"wordCount":519,"commentCount":0,"publisher":{"@id":"https:\/\/digital58.com.ve\/site\/#\/schema\/person\/64d1c2e4d0d4fd1b849980c4331c2951"},"image":{"@id":"https:\/\/digital58.com.ve\/site\/2025\/10\/10\/maria-corina-machado-gana-nobel-de-la-paz-2025\/#primaryimage"},"thumbnailUrl":"https:\/\/digital58.com.ve\/site\/wp-content\/uploads\/2025\/10\/maria-machado-nobel-2025.webp","keywords":["Mar\u00eda Corina Machado","Premio Nobel de la Paz 2025","Venezolanos","Virales"],"articleSection":["Venezuela"],"inLanguage":"es","potentialAction":[{"@type":"CommentAction","name":"Comment","target":["https:\/\/digital58.com.ve\/site\/2025\/10\/10\/maria-corina-machado-gana-nobel-de-la-paz-2025\/#respond"]}]},{"@type":"WebPage","@id":"https:\/\/digital58.com.ve\/site\/2025\/10\/10\/maria-corina-machado-gana-nobel-de-la-paz-2025\/","url":"https:\/\/digital58.com.ve\/site\/2025\/10\/10\/maria-corina-machado-gana-nobel-de-la-paz-2025\/","name":"Mar\u00eda Corina Machado gana Nobel de la Paz 2025","isPartOf":{"@id":"https:\/\/digital58.com.ve\/site\/#website"},"primaryImageOfPage":{"@id":"https:\/\/digital58.com.ve\/site\/2025\/10\/10\/maria-corina-machado-gana-nobel-de-la-paz-2025\/#primaryimage"},"image":{"@id":"https:\/\/digital58.com.ve\/site\/2025\/10\/10\/maria-corina-machado-gana-nobel-de-la-paz-2025\/#primaryimage"},"thumbnailUrl":"https:\/\/digital58.com.ve\/site\/wp-content\/uploads\/2025\/10\/maria-machado-nobel-2025.webp","datePublished":"2025-10-10T13:34:36+00:00","description":"Mar\u00eda Corina Machado gana el Nobel de la Paz 2025 por su lucha pac\u00edfica por la democracia en Venezuela. Reacciones y detalles.","breadcrumb":{"@id":"https:\/\/digital58.com.ve\/site\/2025\/10\/10\/maria-corina-machado-gana-nobel-de-la-paz-2025\/#breadcrumb"},"inLanguage":"es","potentialAction":[{"@type":"ReadAction","target":["https:\/\/digital58.com.ve\/site\/2025\/10\/10\/maria-corina-machado-gana-nobel-de-la-paz-2025\/"]}]},{"@type":"ImageObject","inLanguage":"es","@id":"https:\/\/digital58.com.ve\/site\/2025\/10\/10\/maria-corina-machado-gana-nobel-de-la-paz-2025\/#primaryimage","url":"https:\/\/digital58.com.ve\/site\/wp-content\/uploads\/2025\/10\/maria-machado-nobel-2025.webp","contentUrl":"https:\/\/digital58.com.ve\/site\/wp-content\/uploads\/2025\/10\/maria-machado-nobel-2025.webp","width":900,"height":600},{"@type":"BreadcrumbList","@id":"https:\/\/digital58.com.ve\/site\/2025\/10\/10\/maria-corina-machado-gana-nobel-de-la-paz-2025\/#breadcrumb","itemListElement":[{"@type":"ListItem","position":1,"name":"Home","item":"https:\/\/digital58.com.ve\/site\/"},{"@type":"ListItem","position":2,"name":"Mar\u00eda Corina Machado gana Nobel de la Paz 2025"}]},{"@type":"WebSite","@id":"https:\/\/digital58.com.ve\/site\/#website","url":"https:\/\/digital58.com.ve\/site\/","name":"Noticias Digital58","description":"Portal de Noticias \u00a1Periodismo web de verdad! Lanzamiento web 22.11.2005 \/ Maracaibo, Venezuela","publisher":{"@id":"https:\/\/digital58.com.ve\/site\/#\/schema\/person\/64d1c2e4d0d4fd1b849980c4331c2951"},"alternateName":"ND58","potentialAction":[{"@type":"SearchAction","target":{"@type":"EntryPoint","urlTemplate":"https:\/\/digital58.com.ve\/site\/?s={search_term_string}"},"query-input":{"@type":"PropertyValueSpecification","valueRequired":true,"valueName":"search_term_string"}}],"inLanguage":"es"},{"@type":["Person","Organization"],"@id":"https:\/\/digital58.com.ve\/site\/#\/schema\/person\/64d1c2e4d0d4fd1b849980c4331c2951","name":"Villasmil Henry","image":{"@type":"ImageObject","inLanguage":"es","@id":"https:\/\/secure.gravatar.com\/avatar\/bb0c4a2fcb7970138239f7e404ea75757b1b507b28b5ce4c53fbd62d797c5a7c?s=96&d=mm&r=g","url":"https:\/\/secure.gravatar.com\/avatar\/bb0c4a2fcb7970138239f7e404ea75757b1b507b28b5ce4c53fbd62d797c5a7c?s=96&d=mm&r=g","contentUrl":"https:\/\/secure.gravatar.com\/avatar\/bb0c4a2fcb7970138239f7e404ea75757b1b507b28b5ce4c53fbd62d797c5a7c?s=96&d=mm&r=g","caption":"Villasmil Henry"},"logo":{"@id":"https:\/\/secure.gravatar.com\/avatar\/bb0c4a2fcb7970138239f7e404ea75757b1b507b28b5ce4c53fbd62d797c5a7c?s=96&d=mm&r=g"},"sameAs":["http:\/\/www.henryvillasmil.com.ve","https:\/\/www.instagram.com\/villasmilhfoto\/","https:\/\/x.com\/https:\/\/twitter.com\/villasmilhfoto"],"url":"https:\/\/digital58.com.ve\/site\/author\/droopy_68\/"}]}},"uagb_featured_image_src":{"full":["https:\/\/digital58.com.ve\/site\/wp-content\/uploads\/2025\/10\/maria-machado-nobel-2025.webp",900,600,false],"thumbnail":["https:\/\/digital58.com.ve\/site\/wp-content\/uploads\/2025\/10\/maria-machado-nobel-2025-150x150.webp",150,150,true],"medium":["https:\/\/digital58.com.ve\/site\/wp-content\/uploads\/2025\/10\/maria-machado-nobel-2025-300x200.webp",300,200,true],"medium_large":["https:\/\/digital58.com.ve\/site\/wp-content\/uploads\/2025\/10\/maria-machado-nobel-2025-768x512.webp",768,512,true],"large":["https:\/\/digital58.com.ve\/site\/wp-content\/uploads\/2025\/10\/maria-machado-nobel-2025.webp",800,533,false],"1536x1536":["https:\/\/digital58.com.ve\/site\/wp-content\/uploads\/2025\/10\/maria-machado-nobel-2025.webp",900,600,false],"2048x2048":["https:\/\/digital58.com.ve\/site\/wp-content\/uploads\/2025\/10\/maria-machado-nobel-2025.webp",900,600,false],"colormag-highlighted-post":["https:\/\/digital58.com.ve\/site\/wp-content\/uploads\/2025\/10\/maria-machado-nobel-2025-392x272.webp",392,272,true],"colormag-featured-post-medium":["https:\/\/digital58.com.ve\/site\/wp-content\/uploads\/2025\/10\/maria-machado-nobel-2025-390x205.webp",390,205,true],"colormag-featured-post-small":["https:\/\/digital58.com.ve\/site\/wp-content\/uploads\/2025\/10\/maria-machado-nobel-2025-130x90.webp",130,90,true],"colormag-featured-image":["https:\/\/digital58.com.ve\/site\/wp-content\/uploads\/2025\/10\/maria-machado-nobel-2025-800x445.webp",800,445,true],"colormag-default-news":["https:\/\/digital58.com.ve\/site\/wp-content\/uploads\/2025\/10\/maria-machado-nobel-2025-150x150.webp",150,150,true],"colormag-featured-image-large":["https:\/\/digital58.com.ve\/site\/wp-content\/uploads\/2025\/10\/maria-machado-nobel-2025.webp",900,600,false]},"uagb_author_info":{"display_name":"Villasmil Henry","author_link":"https:\/\/digital58.com.ve\/site\/author\/droopy_68\/"},"uagb_comment_info":0,"uagb_excerpt":"La l\u00edder opositora venezolana es reconocida por su lucha pac\u00edfica por la democracia y los derechos fundamentales en su pa\u00eds.","_links":{"self":[{"href":"https:\/\/digital58.com.ve\/site\/wp-json\/wp\/v2\/posts\/190966","targetHints":{"allow":["GET"]}}],"collection":[{"href":"https:\/\/digital58.com.ve\/site\/wp-json\/wp\/v2\/posts"}],"about":[{"href":"https:\/\/digital58.com.ve\/site\/wp-json\/wp\/v2\/types\/post"}],"author":[{"embeddable":true,"href":"https:\/\/digital58.com.ve\/site\/wp-json\/wp\/v2\/users\/1"}],"replies":[{"embeddable":true,"href":"https:\/\/digital58.com.ve\/site\/wp-json\/wp\/v2\/comments?post=190966"}],"version-history":[{"count":1,"href":"https:\/\/digital58.com.ve\/site\/wp-json\/wp\/v2\/posts\/190966\/revisions"}],"predecessor-version":[{"id":190968,"href":"https:\/\/digital58.com.ve\/site\/wp-json\/wp\/v2\/posts\/190966\/revisions\/190968"}],"wp:featuredmedia":[{"embeddable":true,"href":"https:\/\/digital58.com.ve\/site\/wp-json\/wp\/v2\/media\/190967"}],"wp:attachment":[{"href":"https:\/\/digital58.com.ve\/site\/wp-json\/wp\/v2\/media?parent=190966"}],"wp:term":[{"taxonomy":"category","embeddable":true,"href":"https:\/\/digital58.com.ve\/site\/wp-json\/wp\/v2\/categories?post=190966"},{"taxonomy":"post_tag","embeddable":true,"href":"https:\/\/digital58.com.ve\/site\/wp-json\/wp\/v2\/tags?post=190966"}],"curies":[{"name":"wp","href":"https:\/\/api.w.org\/{rel}","templated":true}]}}