{"id":191031,"date":"2025-10-12T21:57:08","date_gmt":"2025-10-13T01:57:08","guid":{"rendered":"https:\/\/digital58.com.ve\/site\/?p=191031"},"modified":"2025-10-12T21:57:08","modified_gmt":"2025-10-13T01:57:08","slug":"unidad-militar-de-madagascar-afirma-haber-tomado-el-control-del-ejercito","status":"publish","type":"post","link":"https:\/\/digital58.com.ve\/site\/2025\/10\/12\/unidad-militar-de-madagascar-afirma-haber-tomado-el-control-del-ejercito\/","title":{"rendered":"Unidad militar de Madagascar afirma haber tomado el control del Ej\u00e9rcito"},"content":{"rendered":"<p><a class=\"keychainify-checked\" href=\"https:\/\/digital58.com.ve\/site\/wp-content\/uploads\/2025\/10\/madagascar-2.webp\"><img loading=\"lazy\" decoding=\"async\" class=\"aligncenter wp-image-191032 size-full\" src=\"https:\/\/digital58.com.ve\/site\/wp-content\/uploads\/2025\/10\/madagascar-2.webp\" alt=\"Una unidad militar insurrecta de Madagascar anunci\u00f3 este domingo que asumi\u00f3 el mando de las Fuerzas Armadas, luego de que el Gobierno denunciara un intento de golpe de Estado y de que soldados se unieran a las protestas ciudadanas que desde hace m\u00e1s de dos semanas exigen la renuncia del presidente Andry Rajoelina.\" width=\"900\" height=\"600\" srcset=\"https:\/\/digital58.com.ve\/site\/wp-content\/uploads\/2025\/10\/madagascar-2.webp 900w, https:\/\/digital58.com.ve\/site\/wp-content\/uploads\/2025\/10\/madagascar-2-300x200.webp 300w, https:\/\/digital58.com.ve\/site\/wp-content\/uploads\/2025\/10\/madagascar-2-768x512.webp 768w\" sizes=\"auto, (max-width: 900px) 100vw, 900px\" \/><\/a><\/p>\n<blockquote><p>El Cuerpo de Administraci\u00f3n de Personal y Servicios del Ej\u00e9rcito de Tierra (CAPSAT) se declara en control de las Fuerzas Armadas, tras semanas de protestas antigubernamentales y acusaciones de intento de golpe de Estado.<\/p><\/blockquote>\n<p><strong>Madagascar, 12 de octubre de 2025 (ND58).-<\/strong> Una unidad militar insurrecta de Madagascar anunci\u00f3 este domingo que asumi\u00f3 el mando de las Fuerzas Armadas, luego de que el Gobierno denunciara un intento de golpe de Estado y de que soldados se unieran a las protestas ciudadanas que desde hace m\u00e1s de dos semanas exigen la renuncia del presidente Andry Rajoelina.<\/p>\n<h2>CAPSAT proclama control de las Fuerzas Armadas<\/h2>\n<p>\u00abA partir de ahora, todas las \u00f3rdenes del Ej\u00e9rcito malgache, ya sean terrestres, a\u00e9reas o militares, emanar\u00e1n del cuartel general del CAPSAT\u00bb, declararon los militares en un v\u00eddeo difundido este domingo.<\/p>\n<p>El CAPSAT, con sede en Soanierana \u2014a las afueras de Antananarivo\u2014 y responsable de la log\u00edstica del Ej\u00e9rcito, inst\u00f3 previamente a sus miembros a \u00abdesobedecer\u00bb cualquier orden de disparar contra civiles.<\/p>\n<p>Esta unidad fue protagonista del golpe de Estado de 2009 que llev\u00f3 por primera vez al poder al actual mandatario, Andry Rajoelina.<\/p>\n<h2>El Gobierno denuncia un intento de golpe de Estado<\/h2>\n<p>La Presidencia de Madagascar denunci\u00f3 que \u00abse ha iniciado sobre el territorio nacional un intento ilegal y por la fuerza de tomar el poder\u00bb, en un comunicado emitido este domingo.<\/p>\n<p>Aunque se desconoce el paradero exacto del presidente, el Ejecutivo desminti\u00f3 rumores sobre su huida del pa\u00eds y pidi\u00f3 no difundir \u00abinformaci\u00f3n falsa en redes sociales\u00bb.<\/p>\n<p>Miles de manifestantes volvieron a salir a las calles de la capital el s\u00e1bado, acompa\u00f1ados por soldados que, desde tanques, expresaron su respaldo al movimiento popular.<\/p>\n<h2>Protestas persistentes y respaldo militar<\/h2>\n<p>Las manifestaciones, iniciadas el 25 de septiembre por los constantes cortes de agua y electricidad, se transformaron en un movimiento antigubernamental impulsado por j\u00f3venes de la llamada generaci\u00f3n Z.<\/p>\n<p>Los manifestantes reclaman la renuncia de Rajoelina y rechazaron su propuesta de di\u00e1logo nacional.<\/p>\n<p>El general Ruphin Fortunat Zafisambo, nuevo primer ministro, pidi\u00f3 el s\u00e1bado \u00absabidur\u00eda\u00bb a las fuerzas del orden:<\/p>\n<p>\u00abTodos nosotros, ya seamos militares, polic\u00edas o gendarmes, procedemos del pueblo, por lo que debemos escuchar su voz y sus quejas. Sin embargo, es nuestro deber protegerlo y garantizar el mantenimiento del orden\u00bb.<\/p>\n<p>La ONU estim\u00f3 en al menos 22 los fallecidos y un centenar los heridos desde el inicio de las protestas. Fuentes m\u00e9dicas confirmaron a EFE la atenci\u00f3n de 26 heridos solo el s\u00e1bado pasado.<\/p>\n<p><a class=\"keychainify-checked\" href=\"https:\/\/digital58.com.ve\/site\/wp-content\/uploads\/2025\/10\/madagascar-1.webp\"><img loading=\"lazy\" decoding=\"async\" class=\"aligncenter size-full wp-image-191033\" src=\"https:\/\/digital58.com.ve\/site\/wp-content\/uploads\/2025\/10\/madagascar-1.webp\" alt=\"\" width=\"900\" height=\"600\" srcset=\"https:\/\/digital58.com.ve\/site\/wp-content\/uploads\/2025\/10\/madagascar-1.webp 900w, https:\/\/digital58.com.ve\/site\/wp-content\/uploads\/2025\/10\/madagascar-1-300x200.webp 300w, https:\/\/digital58.com.ve\/site\/wp-content\/uploads\/2025\/10\/madagascar-1-768x512.webp 768w\" sizes=\"auto, (max-width: 900px) 100vw, 900px\" \/><\/a><\/p>\n<h2>Reacciones internacionales y llamados a la calma<\/h2>\n<p>El presidente de la Comisi\u00f3n de la Uni\u00f3n Africana (UA), Mahmoud Ali Youssouf, expres\u00f3 su \u00abhonda preocupaci\u00f3n\u00bb por los acontecimientos y exhort\u00f3 a las partes a \u00abpriorizar soluciones pac\u00edficas y consensuadas\u00bb.<\/p>\n<p>Por su parte, el Gobierno de Sud\u00e1frica pidi\u00f3 \u00abrespeto al orden constitucional y democr\u00e1tico\u00bb e inst\u00f3 a evitar cualquier acci\u00f3n que agrave las tensiones o la crisis humanitaria.<\/p>\n<p>\u00abEs imperativo que cualquier disputa se resuelva de forma pac\u00edfica y mediante di\u00e1logo inclusivo\u00bb, se\u00f1al\u00f3 el Departamento sudafricano de Relaciones Internacionales y Cooperaci\u00f3n.<\/p>\n<h2>Nombramiento de un nuevo jefe militar<\/h2>\n<p>El ministro de Defensa, general Manantsoa Deramasinjaka Rakotoarivelo, acept\u00f3 la designaci\u00f3n del general D\u00e9mosth\u00e8ne Pikulas como nuevo jefe del Estado Mayor, nombramiento hecho por la unidad insurrecta.<\/p>\n<p>Pikulas fue recibido con honores en la sede del Ej\u00e9rcito en Antananarivo. En declaraciones posteriores, evit\u00f3 pronunciarse sobre la crisis pol\u00edtica: \u00abEstamos en un recinto militar, evitemos hablar de pol\u00edtica\u00bb.<\/p>\n<p><strong>Sala de redacci\u00f3n ND58 | Fuente: EFE<\/strong><br \/>\n<strong>Edici\u00f3n: Villasmil, Henry<\/strong><br \/>\n<strong>Gr\u00e1ficas: EFE<\/strong><\/p>\n<p>&nbsp;<\/p>\n<p>&nbsp;<\/p>\n<p>&nbsp;<\/p><div class=\"nkuru69ef96e25d780\" ><p style=\"text-align: center;\"><a href=\"https:\/\/t.me\/noticiasdigital58\" target=\"_blank\" rel=\"noopener\"><img class=\"aligncenter size-full wp-image-125363\" src=\"https:\/\/digital58.com.ve\/site\/wp-content\/uploads\/2021\/04\/banner-telegram-web-2021.png\" alt=\"\" width=\"600\" height=\"90\" \/><\/a><\/p><\/div><style type=\"text\/css\">\r\n@media screen and (min-width: 1201px) {\r\n.nkuru69ef96e25d780 {\r\ndisplay: block;\r\n}\r\n}\r\n@media screen and (min-width: 993px) and (max-width: 1200px) {\r\n.nkuru69ef96e25d780 {\r\ndisplay: block;\r\n}\r\n}\r\n@media screen and (min-width: 769px) and (max-width: 992px) {\r\n.nkuru69ef96e25d780 {\r\ndisplay: block;\r\n}\r\n}\r\n@media screen and (min-width: 768px) and (max-width: 768px) {\r\n.nkuru69ef96e25d780 {\r\ndisplay: block;\r\n}\r\n}\r\n@media screen and (max-width: 767px) {\r\n.nkuru69ef96e25d780 {\r\ndisplay: block;\r\n}\r\n}\r\n<\/style>\r\n\n<p>&nbsp;<\/p>\n<div style=\"margin-top: 0px; margin-bottom: 0px;\" class=\"sharethis-inline-share-buttons\" ><\/div>","protected":false},"excerpt":{"rendered":"<p>El Cuerpo de Administraci\u00f3n de Personal y Servicios del Ej\u00e9rcito de Tierra (CAPSAT) se declara en control de las Fuerzas<\/p>\n","protected":false},"author":1,"featured_media":191033,"comment_status":"open","ping_status":"closed","sticky":false,"template":"","format":"standard","meta":{"colormag_page_container_layout":"default_layout","colormag_page_sidebar_layout":"default_layout","_uag_custom_page_level_css":"","footnotes":""},"categories":[16451],"tags":[14259,16438,8,27173],"class_list":["post-191031","post","type-post","status-publish","format-standard","has-post-thumbnail","hentry","category-mundo","tag-conflicto-belico","tag-golpe-de-estado","tag-internacionales","tag-madagascar"],"yoast_head":"<!-- This site is optimized with the Yoast SEO plugin v27.4 - https:\/\/yoast.com\/product\/yoast-seo-wordpress\/ -->\n<title>Unidad militar de Madagascar afirma haber tomado el control del Ej\u00e9rcito<\/title>\n<meta name=\"description\" content=\"Unidad militar de Madagascar declara controlar el Ej\u00e9rcito tras denuncias de golpe y protestas contra el presidente Rajoelina.\" \/>\n<meta name=\"robots\" content=\"index, follow, max-snippet:-1, max-image-preview:large, max-video-preview:-1\" \/>\n<link rel=\"canonical\" href=\"https:\/\/digital58.com.ve\/site\/2025\/10\/12\/unidad-militar-de-madagascar-afirma-haber-tomado-el-control-del-ejercito\/\" \/>\n<meta property=\"og:locale\" content=\"es_ES\" \/>\n<meta property=\"og:type\" content=\"article\" \/>\n<meta property=\"og:title\" content=\"Unidad militar de Madagascar afirma haber tomado el control del Ej\u00e9rcito\" \/>\n<meta property=\"og:description\" content=\"Unidad militar de Madagascar declara controlar el Ej\u00e9rcito tras denuncias de golpe y protestas contra el presidente Rajoelina.\" \/>\n<meta property=\"og:url\" content=\"https:\/\/digital58.com.ve\/site\/2025\/10\/12\/unidad-militar-de-madagascar-afirma-haber-tomado-el-control-del-ejercito\/\" \/>\n<meta property=\"og:site_name\" content=\"Noticias Digital58\" \/>\n<meta property=\"article:published_time\" content=\"2025-10-13T01:57:08+00:00\" \/>\n<meta property=\"og:image\" content=\"https:\/\/digital58.com.ve\/site\/wp-content\/uploads\/2025\/10\/madagascar-1.webp\" \/>\n\t<meta property=\"og:image:width\" content=\"900\" \/>\n\t<meta property=\"og:image:height\" content=\"600\" \/>\n\t<meta property=\"og:image:type\" content=\"image\/webp\" \/>\n<meta name=\"author\" content=\"Villasmil Henry\" \/>\n<meta name=\"twitter:card\" content=\"summary_large_image\" \/>\n<meta name=\"twitter:creator\" content=\"@https:\/\/twitter.com\/villasmilhfoto\" \/>\n<meta name=\"twitter:site\" content=\"@villasmilhfoto\" \/>\n<meta name=\"twitter:label1\" content=\"Escrito por\" \/>\n\t<meta name=\"twitter:data1\" content=\"Villasmil Henry\" \/>\n\t<meta name=\"twitter:label2\" content=\"Tiempo estimado de lectura\" \/>\n\t<meta name=\"twitter:data2\" content=\"4 minutos\" \/>\n<script type=\"application\/ld+json\" class=\"yoast-schema-graph\">{\"@context\":\"https:\\\/\\\/schema.org\",\"@graph\":[{\"@type\":\"Article\",\"@id\":\"https:\\\/\\\/digital58.com.ve\\\/site\\\/2025\\\/10\\\/12\\\/unidad-militar-de-madagascar-afirma-haber-tomado-el-control-del-ejercito\\\/#article\",\"isPartOf\":{\"@id\":\"https:\\\/\\\/digital58.com.ve\\\/site\\\/2025\\\/10\\\/12\\\/unidad-militar-de-madagascar-afirma-haber-tomado-el-control-del-ejercito\\\/\"},\"author\":{\"name\":\"Villasmil Henry\",\"@id\":\"https:\\\/\\\/digital58.com.ve\\\/site\\\/#\\\/schema\\\/person\\\/64d1c2e4d0d4fd1b849980c4331c2951\"},\"headline\":\"Unidad militar de Madagascar afirma haber tomado el control del Ej\u00e9rcito\",\"datePublished\":\"2025-10-13T01:57:08+00:00\",\"mainEntityOfPage\":{\"@id\":\"https:\\\/\\\/digital58.com.ve\\\/site\\\/2025\\\/10\\\/12\\\/unidad-militar-de-madagascar-afirma-haber-tomado-el-control-del-ejercito\\\/\"},\"wordCount\":624,\"commentCount\":0,\"publisher\":{\"@id\":\"https:\\\/\\\/digital58.com.ve\\\/site\\\/#\\\/schema\\\/person\\\/64d1c2e4d0d4fd1b849980c4331c2951\"},\"image\":{\"@id\":\"https:\\\/\\\/digital58.com.ve\\\/site\\\/2025\\\/10\\\/12\\\/unidad-militar-de-madagascar-afirma-haber-tomado-el-control-del-ejercito\\\/#primaryimage\"},\"thumbnailUrl\":\"https:\\\/\\\/digital58.com.ve\\\/site\\\/wp-content\\\/uploads\\\/2025\\\/10\\\/madagascar-1.webp\",\"keywords\":[\"Conflicto b\u00e9lico\",\"Golpe de Estado\",\"Internacionales\",\"Madagascar\"],\"articleSection\":[\"Mundo\"],\"inLanguage\":\"es\",\"potentialAction\":[{\"@type\":\"CommentAction\",\"name\":\"Comment\",\"target\":[\"https:\\\/\\\/digital58.com.ve\\\/site\\\/2025\\\/10\\\/12\\\/unidad-militar-de-madagascar-afirma-haber-tomado-el-control-del-ejercito\\\/#respond\"]}]},{\"@type\":\"WebPage\",\"@id\":\"https:\\\/\\\/digital58.com.ve\\\/site\\\/2025\\\/10\\\/12\\\/unidad-militar-de-madagascar-afirma-haber-tomado-el-control-del-ejercito\\\/\",\"url\":\"https:\\\/\\\/digital58.com.ve\\\/site\\\/2025\\\/10\\\/12\\\/unidad-militar-de-madagascar-afirma-haber-tomado-el-control-del-ejercito\\\/\",\"name\":\"Unidad militar de Madagascar afirma haber tomado el control del Ej\u00e9rcito\",\"isPartOf\":{\"@id\":\"https:\\\/\\\/digital58.com.ve\\\/site\\\/#website\"},\"primaryImageOfPage\":{\"@id\":\"https:\\\/\\\/digital58.com.ve\\\/site\\\/2025\\\/10\\\/12\\\/unidad-militar-de-madagascar-afirma-haber-tomado-el-control-del-ejercito\\\/#primaryimage\"},\"image\":{\"@id\":\"https:\\\/\\\/digital58.com.ve\\\/site\\\/2025\\\/10\\\/12\\\/unidad-militar-de-madagascar-afirma-haber-tomado-el-control-del-ejercito\\\/#primaryimage\"},\"thumbnailUrl\":\"https:\\\/\\\/digital58.com.ve\\\/site\\\/wp-content\\\/uploads\\\/2025\\\/10\\\/madagascar-1.webp\",\"datePublished\":\"2025-10-13T01:57:08+00:00\",\"description\":\"Unidad militar de Madagascar declara controlar el Ej\u00e9rcito tras denuncias de golpe y protestas contra el presidente Rajoelina.\",\"breadcrumb\":{\"@id\":\"https:\\\/\\\/digital58.com.ve\\\/site\\\/2025\\\/10\\\/12\\\/unidad-militar-de-madagascar-afirma-haber-tomado-el-control-del-ejercito\\\/#breadcrumb\"},\"inLanguage\":\"es\",\"potentialAction\":[{\"@type\":\"ReadAction\",\"target\":[\"https:\\\/\\\/digital58.com.ve\\\/site\\\/2025\\\/10\\\/12\\\/unidad-militar-de-madagascar-afirma-haber-tomado-el-control-del-ejercito\\\/\"]}]},{\"@type\":\"ImageObject\",\"inLanguage\":\"es\",\"@id\":\"https:\\\/\\\/digital58.com.ve\\\/site\\\/2025\\\/10\\\/12\\\/unidad-militar-de-madagascar-afirma-haber-tomado-el-control-del-ejercito\\\/#primaryimage\",\"url\":\"https:\\\/\\\/digital58.com.ve\\\/site\\\/wp-content\\\/uploads\\\/2025\\\/10\\\/madagascar-1.webp\",\"contentUrl\":\"https:\\\/\\\/digital58.com.ve\\\/site\\\/wp-content\\\/uploads\\\/2025\\\/10\\\/madagascar-1.webp\",\"width\":900,\"height\":600},{\"@type\":\"BreadcrumbList\",\"@id\":\"https:\\\/\\\/digital58.com.ve\\\/site\\\/2025\\\/10\\\/12\\\/unidad-militar-de-madagascar-afirma-haber-tomado-el-control-del-ejercito\\\/#breadcrumb\",\"itemListElement\":[{\"@type\":\"ListItem\",\"position\":1,\"name\":\"Home\",\"item\":\"https:\\\/\\\/digital58.com.ve\\\/site\\\/\"},{\"@type\":\"ListItem\",\"position\":2,\"name\":\"Unidad militar de Madagascar afirma haber tomado el control del Ej\u00e9rcito\"}]},{\"@type\":\"WebSite\",\"@id\":\"https:\\\/\\\/digital58.com.ve\\\/site\\\/#website\",\"url\":\"https:\\\/\\\/digital58.com.ve\\\/site\\\/\",\"name\":\"Noticias Digital58\",\"description\":\"Portal de Noticias \u00a1Periodismo web de verdad! Lanzamiento web 22.11.2005 \\\/ Maracaibo, Venezuela\",\"publisher\":{\"@id\":\"https:\\\/\\\/digital58.com.ve\\\/site\\\/#\\\/schema\\\/person\\\/64d1c2e4d0d4fd1b849980c4331c2951\"},\"alternateName\":\"ND58\",\"potentialAction\":[{\"@type\":\"SearchAction\",\"target\":{\"@type\":\"EntryPoint\",\"urlTemplate\":\"https:\\\/\\\/digital58.com.ve\\\/site\\\/?s={search_term_string}\"},\"query-input\":{\"@type\":\"PropertyValueSpecification\",\"valueRequired\":true,\"valueName\":\"search_term_string\"}}],\"inLanguage\":\"es\"},{\"@type\":[\"Person\",\"Organization\"],\"@id\":\"https:\\\/\\\/digital58.com.ve\\\/site\\\/#\\\/schema\\\/person\\\/64d1c2e4d0d4fd1b849980c4331c2951\",\"name\":\"Villasmil Henry\",\"image\":{\"@type\":\"ImageObject\",\"inLanguage\":\"es\",\"@id\":\"https:\\\/\\\/secure.gravatar.com\\\/avatar\\\/bb0c4a2fcb7970138239f7e404ea75757b1b507b28b5ce4c53fbd62d797c5a7c?s=96&d=mm&r=g\",\"url\":\"https:\\\/\\\/secure.gravatar.com\\\/avatar\\\/bb0c4a2fcb7970138239f7e404ea75757b1b507b28b5ce4c53fbd62d797c5a7c?s=96&d=mm&r=g\",\"contentUrl\":\"https:\\\/\\\/secure.gravatar.com\\\/avatar\\\/bb0c4a2fcb7970138239f7e404ea75757b1b507b28b5ce4c53fbd62d797c5a7c?s=96&d=mm&r=g\",\"caption\":\"Villasmil Henry\"},\"logo\":{\"@id\":\"https:\\\/\\\/secure.gravatar.com\\\/avatar\\\/bb0c4a2fcb7970138239f7e404ea75757b1b507b28b5ce4c53fbd62d797c5a7c?s=96&d=mm&r=g\"},\"sameAs\":[\"http:\\\/\\\/www.henryvillasmil.com.ve\",\"https:\\\/\\\/www.instagram.com\\\/villasmilhfoto\\\/\",\"https:\\\/\\\/x.com\\\/https:\\\/\\\/twitter.com\\\/villasmilhfoto\"],\"url\":\"https:\\\/\\\/digital58.com.ve\\\/site\\\/author\\\/droopy_68\\\/\"}]}<\/script>\n<!-- \/ Yoast SEO plugin. -->","yoast_head_json":{"title":"Unidad militar de Madagascar afirma haber tomado el control del Ej\u00e9rcito","description":"Unidad militar de Madagascar declara controlar el Ej\u00e9rcito tras denuncias de golpe y protestas contra el presidente Rajoelina.","robots":{"index":"index","follow":"follow","max-snippet":"max-snippet:-1","max-image-preview":"max-image-preview:large","max-video-preview":"max-video-preview:-1"},"canonical":"https:\/\/digital58.com.ve\/site\/2025\/10\/12\/unidad-militar-de-madagascar-afirma-haber-tomado-el-control-del-ejercito\/","og_locale":"es_ES","og_type":"article","og_title":"Unidad militar de Madagascar afirma haber tomado el control del Ej\u00e9rcito","og_description":"Unidad militar de Madagascar declara controlar el Ej\u00e9rcito tras denuncias de golpe y protestas contra el presidente Rajoelina.","og_url":"https:\/\/digital58.com.ve\/site\/2025\/10\/12\/unidad-militar-de-madagascar-afirma-haber-tomado-el-control-del-ejercito\/","og_site_name":"Noticias Digital58","article_published_time":"2025-10-13T01:57:08+00:00","og_image":[{"width":900,"height":600,"url":"https:\/\/digital58.com.ve\/site\/wp-content\/uploads\/2025\/10\/madagascar-1.webp","type":"image\/webp"}],"author":"Villasmil Henry","twitter_card":"summary_large_image","twitter_creator":"@https:\/\/twitter.com\/villasmilhfoto","twitter_site":"@villasmilhfoto","twitter_misc":{"Escrito por":"Villasmil Henry","Tiempo estimado de lectura":"4 minutos"},"schema":{"@context":"https:\/\/schema.org","@graph":[{"@type":"Article","@id":"https:\/\/digital58.com.ve\/site\/2025\/10\/12\/unidad-militar-de-madagascar-afirma-haber-tomado-el-control-del-ejercito\/#article","isPartOf":{"@id":"https:\/\/digital58.com.ve\/site\/2025\/10\/12\/unidad-militar-de-madagascar-afirma-haber-tomado-el-control-del-ejercito\/"},"author":{"name":"Villasmil Henry","@id":"https:\/\/digital58.com.ve\/site\/#\/schema\/person\/64d1c2e4d0d4fd1b849980c4331c2951"},"headline":"Unidad militar de Madagascar afirma haber tomado el control del Ej\u00e9rcito","datePublished":"2025-10-13T01:57:08+00:00","mainEntityOfPage":{"@id":"https:\/\/digital58.com.ve\/site\/2025\/10\/12\/unidad-militar-de-madagascar-afirma-haber-tomado-el-control-del-ejercito\/"},"wordCount":624,"commentCount":0,"publisher":{"@id":"https:\/\/digital58.com.ve\/site\/#\/schema\/person\/64d1c2e4d0d4fd1b849980c4331c2951"},"image":{"@id":"https:\/\/digital58.com.ve\/site\/2025\/10\/12\/unidad-militar-de-madagascar-afirma-haber-tomado-el-control-del-ejercito\/#primaryimage"},"thumbnailUrl":"https:\/\/digital58.com.ve\/site\/wp-content\/uploads\/2025\/10\/madagascar-1.webp","keywords":["Conflicto b\u00e9lico","Golpe de Estado","Internacionales","Madagascar"],"articleSection":["Mundo"],"inLanguage":"es","potentialAction":[{"@type":"CommentAction","name":"Comment","target":["https:\/\/digital58.com.ve\/site\/2025\/10\/12\/unidad-militar-de-madagascar-afirma-haber-tomado-el-control-del-ejercito\/#respond"]}]},{"@type":"WebPage","@id":"https:\/\/digital58.com.ve\/site\/2025\/10\/12\/unidad-militar-de-madagascar-afirma-haber-tomado-el-control-del-ejercito\/","url":"https:\/\/digital58.com.ve\/site\/2025\/10\/12\/unidad-militar-de-madagascar-afirma-haber-tomado-el-control-del-ejercito\/","name":"Unidad militar de Madagascar afirma haber tomado el control del Ej\u00e9rcito","isPartOf":{"@id":"https:\/\/digital58.com.ve\/site\/#website"},"primaryImageOfPage":{"@id":"https:\/\/digital58.com.ve\/site\/2025\/10\/12\/unidad-militar-de-madagascar-afirma-haber-tomado-el-control-del-ejercito\/#primaryimage"},"image":{"@id":"https:\/\/digital58.com.ve\/site\/2025\/10\/12\/unidad-militar-de-madagascar-afirma-haber-tomado-el-control-del-ejercito\/#primaryimage"},"thumbnailUrl":"https:\/\/digital58.com.ve\/site\/wp-content\/uploads\/2025\/10\/madagascar-1.webp","datePublished":"2025-10-13T01:57:08+00:00","description":"Unidad militar de Madagascar declara controlar el Ej\u00e9rcito tras denuncias de golpe y protestas contra el presidente Rajoelina.","breadcrumb":{"@id":"https:\/\/digital58.com.ve\/site\/2025\/10\/12\/unidad-militar-de-madagascar-afirma-haber-tomado-el-control-del-ejercito\/#breadcrumb"},"inLanguage":"es","potentialAction":[{"@type":"ReadAction","target":["https:\/\/digital58.com.ve\/site\/2025\/10\/12\/unidad-militar-de-madagascar-afirma-haber-tomado-el-control-del-ejercito\/"]}]},{"@type":"ImageObject","inLanguage":"es","@id":"https:\/\/digital58.com.ve\/site\/2025\/10\/12\/unidad-militar-de-madagascar-afirma-haber-tomado-el-control-del-ejercito\/#primaryimage","url":"https:\/\/digital58.com.ve\/site\/wp-content\/uploads\/2025\/10\/madagascar-1.webp","contentUrl":"https:\/\/digital58.com.ve\/site\/wp-content\/uploads\/2025\/10\/madagascar-1.webp","width":900,"height":600},{"@type":"BreadcrumbList","@id":"https:\/\/digital58.com.ve\/site\/2025\/10\/12\/unidad-militar-de-madagascar-afirma-haber-tomado-el-control-del-ejercito\/#breadcrumb","itemListElement":[{"@type":"ListItem","position":1,"name":"Home","item":"https:\/\/digital58.com.ve\/site\/"},{"@type":"ListItem","position":2,"name":"Unidad militar de Madagascar afirma haber tomado el control del Ej\u00e9rcito"}]},{"@type":"WebSite","@id":"https:\/\/digital58.com.ve\/site\/#website","url":"https:\/\/digital58.com.ve\/site\/","name":"Noticias Digital58","description":"Portal de Noticias \u00a1Periodismo web de verdad! Lanzamiento web 22.11.2005 \/ Maracaibo, Venezuela","publisher":{"@id":"https:\/\/digital58.com.ve\/site\/#\/schema\/person\/64d1c2e4d0d4fd1b849980c4331c2951"},"alternateName":"ND58","potentialAction":[{"@type":"SearchAction","target":{"@type":"EntryPoint","urlTemplate":"https:\/\/digital58.com.ve\/site\/?s={search_term_string}"},"query-input":{"@type":"PropertyValueSpecification","valueRequired":true,"valueName":"search_term_string"}}],"inLanguage":"es"},{"@type":["Person","Organization"],"@id":"https:\/\/digital58.com.ve\/site\/#\/schema\/person\/64d1c2e4d0d4fd1b849980c4331c2951","name":"Villasmil Henry","image":{"@type":"ImageObject","inLanguage":"es","@id":"https:\/\/secure.gravatar.com\/avatar\/bb0c4a2fcb7970138239f7e404ea75757b1b507b28b5ce4c53fbd62d797c5a7c?s=96&d=mm&r=g","url":"https:\/\/secure.gravatar.com\/avatar\/bb0c4a2fcb7970138239f7e404ea75757b1b507b28b5ce4c53fbd62d797c5a7c?s=96&d=mm&r=g","contentUrl":"https:\/\/secure.gravatar.com\/avatar\/bb0c4a2fcb7970138239f7e404ea75757b1b507b28b5ce4c53fbd62d797c5a7c?s=96&d=mm&r=g","caption":"Villasmil Henry"},"logo":{"@id":"https:\/\/secure.gravatar.com\/avatar\/bb0c4a2fcb7970138239f7e404ea75757b1b507b28b5ce4c53fbd62d797c5a7c?s=96&d=mm&r=g"},"sameAs":["http:\/\/www.henryvillasmil.com.ve","https:\/\/www.instagram.com\/villasmilhfoto\/","https:\/\/x.com\/https:\/\/twitter.com\/villasmilhfoto"],"url":"https:\/\/digital58.com.ve\/site\/author\/droopy_68\/"}]}},"uagb_featured_image_src":{"full":["https:\/\/digital58.com.ve\/site\/wp-content\/uploads\/2025\/10\/madagascar-1.webp",900,600,false],"thumbnail":["https:\/\/digital58.com.ve\/site\/wp-content\/uploads\/2025\/10\/madagascar-1-150x150.webp",150,150,true],"medium":["https:\/\/digital58.com.ve\/site\/wp-content\/uploads\/2025\/10\/madagascar-1-300x200.webp",300,200,true],"medium_large":["https:\/\/digital58.com.ve\/site\/wp-content\/uploads\/2025\/10\/madagascar-1-768x512.webp",768,512,true],"large":["https:\/\/digital58.com.ve\/site\/wp-content\/uploads\/2025\/10\/madagascar-1.webp",800,533,false],"1536x1536":["https:\/\/digital58.com.ve\/site\/wp-content\/uploads\/2025\/10\/madagascar-1.webp",900,600,false],"2048x2048":["https:\/\/digital58.com.ve\/site\/wp-content\/uploads\/2025\/10\/madagascar-1.webp",900,600,false],"colormag-highlighted-post":["https:\/\/digital58.com.ve\/site\/wp-content\/uploads\/2025\/10\/madagascar-1-392x272.webp",392,272,true],"colormag-featured-post-medium":["https:\/\/digital58.com.ve\/site\/wp-content\/uploads\/2025\/10\/madagascar-1-390x205.webp",390,205,true],"colormag-featured-post-small":["https:\/\/digital58.com.ve\/site\/wp-content\/uploads\/2025\/10\/madagascar-1-130x90.webp",130,90,true],"colormag-featured-image":["https:\/\/digital58.com.ve\/site\/wp-content\/uploads\/2025\/10\/madagascar-1-800x445.webp",800,445,true],"colormag-default-news":["https:\/\/digital58.com.ve\/site\/wp-content\/uploads\/2025\/10\/madagascar-1-150x150.webp",150,150,true],"colormag-featured-image-large":["https:\/\/digital58.com.ve\/site\/wp-content\/uploads\/2025\/10\/madagascar-1.webp",900,600,false]},"uagb_author_info":{"display_name":"Villasmil Henry","author_link":"https:\/\/digital58.com.ve\/site\/author\/droopy_68\/"},"uagb_comment_info":0,"uagb_excerpt":"El Cuerpo de Administraci\u00f3n de Personal y Servicios del Ej\u00e9rcito de Tierra (CAPSAT) se declara en control de las Fuerzas","_links":{"self":[{"href":"https:\/\/digital58.com.ve\/site\/wp-json\/wp\/v2\/posts\/191031","targetHints":{"allow":["GET"]}}],"collection":[{"href":"https:\/\/digital58.com.ve\/site\/wp-json\/wp\/v2\/posts"}],"about":[{"href":"https:\/\/digital58.com.ve\/site\/wp-json\/wp\/v2\/types\/post"}],"author":[{"embeddable":true,"href":"https:\/\/digital58.com.ve\/site\/wp-json\/wp\/v2\/users\/1"}],"replies":[{"embeddable":true,"href":"https:\/\/digital58.com.ve\/site\/wp-json\/wp\/v2\/comments?post=191031"}],"version-history":[{"count":1,"href":"https:\/\/digital58.com.ve\/site\/wp-json\/wp\/v2\/posts\/191031\/revisions"}],"predecessor-version":[{"id":191034,"href":"https:\/\/digital58.com.ve\/site\/wp-json\/wp\/v2\/posts\/191031\/revisions\/191034"}],"wp:featuredmedia":[{"embeddable":true,"href":"https:\/\/digital58.com.ve\/site\/wp-json\/wp\/v2\/media\/191033"}],"wp:attachment":[{"href":"https:\/\/digital58.com.ve\/site\/wp-json\/wp\/v2\/media?parent=191031"}],"wp:term":[{"taxonomy":"category","embeddable":true,"href":"https:\/\/digital58.com.ve\/site\/wp-json\/wp\/v2\/categories?post=191031"},{"taxonomy":"post_tag","embeddable":true,"href":"https:\/\/digital58.com.ve\/site\/wp-json\/wp\/v2\/tags?post=191031"}],"curies":[{"name":"wp","href":"https:\/\/api.w.org\/{rel}","templated":true}]}}