{"id":191075,"date":"2025-10-13T08:45:21","date_gmt":"2025-10-13T12:45:21","guid":{"rendered":"https:\/\/digital58.com.ve\/site\/?p=191075"},"modified":"2025-10-13T08:45:21","modified_gmt":"2025-10-13T12:45:21","slug":"trump-avala-control-temporal-de-hamas-en-gaza","status":"publish","type":"post","link":"https:\/\/digital58.com.ve\/site\/2025\/10\/13\/trump-avala-control-temporal-de-hamas-en-gaza\/","title":{"rendered":"Trump avala control temporal de Ham\u00e1s en Gaza"},"content":{"rendered":"<p><a class=\"keychainify-checked\" href=\"https:\/\/digital58.com.ve\/site\/wp-content\/uploads\/2025\/10\/TRUMP-NETANYAHU-FIRMA-JERUSALEN.webp\"><img loading=\"lazy\" decoding=\"async\" class=\"aligncenter size-full wp-image-191078\" src=\"https:\/\/digital58.com.ve\/site\/wp-content\/uploads\/2025\/10\/TRUMP-NETANYAHU-FIRMA-JERUSALEN.webp\" alt=\"\" width=\"900\" height=\"600\" srcset=\"https:\/\/digital58.com.ve\/site\/wp-content\/uploads\/2025\/10\/TRUMP-NETANYAHU-FIRMA-JERUSALEN.webp 900w, https:\/\/digital58.com.ve\/site\/wp-content\/uploads\/2025\/10\/TRUMP-NETANYAHU-FIRMA-JERUSALEN-300x200.webp 300w, https:\/\/digital58.com.ve\/site\/wp-content\/uploads\/2025\/10\/TRUMP-NETANYAHU-FIRMA-JERUSALEN-768x512.webp 768w\" sizes=\"auto, (max-width: 900px) 100vw, 900px\" \/><\/a><\/p>\n<blockquote><p>El presidente estadounidense confirm\u00f3 la transici\u00f3n pactada durante su viaje a Israel, donde se reuni\u00f3 con familias de liberados.<\/p><\/blockquote>\n<p><strong>Jerusal\u00e9n, Israel, 13 de octubre d e2025 (ND58).-<\/strong> El presidente de Estados Unidos, Donald Trump, afirm\u00f3 este lunes que Ham\u00e1s mantendr\u00e1 temporalmente el control armado sobre la Franja de Gaza, durante declaraciones a bordo del avi\u00f3n presidencial rumbo a Tel Aviv.<\/p>\n<p>La autorizaci\u00f3n se produce horas despu\u00e9s de que el grupo islamista liberara a los \u00faltimos rehenes con vida que manten\u00eda desde el ataque del 07 de octubre de 2023.<\/p>\n<p>\u00abLes hemos dado la aprobaci\u00f3n por un tiempo. Tendremos que vigilar que no haya grandes problemas. Creo que todo ir\u00e1 bien\u00bb, declar\u00f3 el mandatario.<\/p>\n<p>El anuncio coincide con la primera fase del Plan de Paz, que incluye el cese de hostilidades vigente desde el viernes, la retirada parcial de tropas israel\u00edes y el intercambio de 20 cautivos por casi 2.000 prisioneros palestinos.<\/p>\n<h2>Detalles del plan de paz<\/h2>\n<p>La segunda fase del acuerdo, pendiente de negociaci\u00f3n, contempla la formaci\u00f3n de un comit\u00e9 palestino tecnocr\u00e1tico y apol\u00edtico para administrar Gaza.<\/p>\n<p>Este operar\u00eda bajo supervisi\u00f3n del reci\u00e9n creado Consejo de la Paz, presidido por Trump con participaci\u00f3n del ex primer ministro brit\u00e1nico Tony Blair.<\/p>\n<p><a class=\"keychainify-checked\" href=\"https:\/\/digital58.com.ve\/site\/wp-content\/uploads\/2025\/10\/TRUMP-AL-SISI-VALLA-1.webp\"><img loading=\"lazy\" decoding=\"async\" class=\"aligncenter size-full wp-image-191076\" src=\"https:\/\/digital58.com.ve\/site\/wp-content\/uploads\/2025\/10\/TRUMP-AL-SISI-VALLA-1.webp\" alt=\"\" width=\"900\" height=\"599\" srcset=\"https:\/\/digital58.com.ve\/site\/wp-content\/uploads\/2025\/10\/TRUMP-AL-SISI-VALLA-1.webp 900w, https:\/\/digital58.com.ve\/site\/wp-content\/uploads\/2025\/10\/TRUMP-AL-SISI-VALLA-1-300x200.webp 300w, https:\/\/digital58.com.ve\/site\/wp-content\/uploads\/2025\/10\/TRUMP-AL-SISI-VALLA-1-768x511.webp 768w\" sizes=\"auto, (max-width: 900px) 100vw, 900px\" \/><\/a><\/p>\n<h2>Encuentro emocional en Jerusal\u00e9n<\/h2>\n<p>Al aterrizar en Israel, Trump se reuni\u00f3 en el Kn\u00e9set (Parlamento) con familiares de rehenes liberados, acompa\u00f1ado por el primer ministro Benjam\u00edn Netanyahu.<\/p>\n<p>En la delegaci\u00f3n destacaron su yerno Jared Kushner, su hija Ivanka y el enviado especial Steve Witkoff.<\/p>\n<h2>Compromiso con la tregua<\/h2>\n<p>Consultado sobre la sostenibilidad del alto el fuego, el presidente fue contundente: \u00abCreo que s\u00ed. La gente est\u00e1 cansada.<\/p>\n<p>Han pasado siglos. S\u00ed, el alto el fuego se mantendr\u00e1\u00bb. Su optimismo contrasta con la volatilidad previa de los ceses al fuego en la regi\u00f3n.<\/p>\n<p><a class=\"keychainify-checked\" href=\"https:\/\/digital58.com.ve\/site\/wp-content\/uploads\/2025\/10\/TRUMP-NETANYAHU-AEROPUERTO.webp\"><img loading=\"lazy\" decoding=\"async\" class=\"aligncenter size-full wp-image-191077\" src=\"https:\/\/digital58.com.ve\/site\/wp-content\/uploads\/2025\/10\/TRUMP-NETANYAHU-AEROPUERTO.webp\" alt=\"\" width=\"900\" height=\"600\" srcset=\"https:\/\/digital58.com.ve\/site\/wp-content\/uploads\/2025\/10\/TRUMP-NETANYAHU-AEROPUERTO.webp 900w, https:\/\/digital58.com.ve\/site\/wp-content\/uploads\/2025\/10\/TRUMP-NETANYAHU-AEROPUERTO-300x200.webp 300w, https:\/\/digital58.com.ve\/site\/wp-content\/uploads\/2025\/10\/TRUMP-NETANYAHU-AEROPUERTO-768x512.webp 768w\" sizes=\"auto, (max-width: 900px) 100vw, 900px\" \/><\/a><\/p>\n<h2>Pr\u00f3ximos pasos diplom\u00e1ticos<\/h2>\n<p>La agenda continuar\u00e1 en Sharm el Sheij (Egipto), donde m\u00e1s de veinte mandatarios asistir\u00e1n a la Cumbre de Paz.<\/p>\n<p>Confirmaron presencia el emir de Catar, el presidente turco Recep Tayyip Erdo\u011fan \u2013mediadores clave\u2013 junto a los l\u00edderes de Espa\u00f1a, Francia y Reino Unido.<\/p>\n<p><strong>Sala de redacci\u00f3n ND58 | Fuente: EFE<\/strong><br \/>\n<strong>Edici\u00f3n: Villasmil, Henry<\/strong><br \/>\n<strong>Gr\u00e1ficas: EFE<\/strong><\/p>\n<p>&nbsp;<\/p>\n<p>&nbsp;<\/p>\n<p>&nbsp;<\/p>\n<p>&nbsp;<\/p><div class=\"kmydn6a9a17a423657\" ><p style=\"text-align: center;\"><a href=\"https:\/\/t.me\/noticiasdigital58\" target=\"_blank\" rel=\"noopener\"><img class=\"aligncenter size-full wp-image-125363\" src=\"https:\/\/digital58.com.ve\/site\/wp-content\/uploads\/2021\/04\/banner-telegram-web-2021.png\" alt=\"\" width=\"600\" height=\"90\" \/><\/a><\/p><\/div><style type=\"text\/css\">\r\n@media screen and (min-width: 1201px) {\r\n.kmydn6a9a17a423657 {\r\ndisplay: block;\r\n}\r\n}\r\n@media screen and (min-width: 993px) and (max-width: 1200px) {\r\n.kmydn6a9a17a423657 {\r\ndisplay: block;\r\n}\r\n}\r\n@media screen and (min-width: 769px) and (max-width: 992px) {\r\n.kmydn6a9a17a423657 {\r\ndisplay: block;\r\n}\r\n}\r\n@media screen and (min-width: 768px) and (max-width: 768px) {\r\n.kmydn6a9a17a423657 {\r\ndisplay: block;\r\n}\r\n}\r\n@media screen and (max-width: 767px) {\r\n.kmydn6a9a17a423657 {\r\ndisplay: block;\r\n}\r\n}\r\n<\/style>\r\n\n<p>&nbsp;<\/p>\n<div style=\"margin-top: 0px; margin-bottom: 0px;\" class=\"sharethis-inline-share-buttons\" ><\/div>","protected":false},"excerpt":{"rendered":"<p>El presidente estadounidense confirm\u00f3 la transici\u00f3n pactada durante su viaje a Israel, donde se reuni\u00f3 con familias de liberados. Jerusal\u00e9n,<\/p>\n","protected":false},"author":1,"featured_media":191077,"comment_status":"open","ping_status":"closed","sticky":false,"template":"","format":"standard","meta":{"colormag_page_container_layout":"default_layout","colormag_page_sidebar_layout":"default_layout","_uag_custom_page_level_css":"","footnotes":""},"categories":[16451],"tags":[11988,35481,1558,12740,17108,32578,8,7798,14250,29768],"class_list":["post-191075","post","type-post","status-publish","format-standard","has-post-thumbnail","hentry","category-mundo","tag-benjamin-netanyahu","tag-cumbre-por-la-paz","tag-donald-trump","tag-ee-uu","tag-gaza","tag-hamas","tag-internacionales","tag-israel","tag-rehenes","tag-sharm-el-sheij"],"yoast_head":"<!-- This site is optimized with the Yoast SEO plugin v28.4 - https:\/\/yoast.com\/product\/yoast-seo-wordpress\/ -->\n<title>Trump avala control temporal de Ham\u00e1s en Gaza<\/title>\n<meta name=\"description\" content=\"Trump autoriza control temporal de Ham\u00e1s en Gaza durante implementaci\u00f3n del Plan de Paz que incluye alto al fuego y liberaci\u00f3n de rehenes.\" \/>\n<meta name=\"robots\" content=\"index, follow, max-snippet:-1, max-image-preview:large, max-video-preview:-1\" \/>\n<link rel=\"canonical\" href=\"https:\/\/digital58.com.ve\/site\/2025\/10\/13\/trump-avala-control-temporal-de-hamas-en-gaza\/\" \/>\n<meta property=\"og:locale\" content=\"es_ES\" \/>\n<meta property=\"og:type\" content=\"article\" \/>\n<meta property=\"og:title\" content=\"Trump avala control temporal de Ham\u00e1s en Gaza\" \/>\n<meta property=\"og:description\" content=\"Trump autoriza control temporal de Ham\u00e1s en Gaza durante implementaci\u00f3n del Plan de Paz que incluye alto al fuego y liberaci\u00f3n de rehenes.\" \/>\n<meta property=\"og:url\" content=\"https:\/\/digital58.com.ve\/site\/2025\/10\/13\/trump-avala-control-temporal-de-hamas-en-gaza\/\" \/>\n<meta property=\"og:site_name\" content=\"Noticias Digital58\" \/>\n<meta property=\"article:published_time\" content=\"2025-10-13T12:45:21+00:00\" \/>\n<meta property=\"og:image\" content=\"https:\/\/digital58.com.ve\/site\/wp-content\/uploads\/2025\/10\/TRUMP-NETANYAHU-AEROPUERTO.webp\" \/>\n\t<meta property=\"og:image:width\" content=\"900\" \/>\n\t<meta property=\"og:image:height\" content=\"600\" \/>\n\t<meta property=\"og:image:type\" content=\"image\/webp\" \/>\n<meta name=\"author\" content=\"Villasmil Henry\" \/>\n<meta name=\"twitter:card\" content=\"summary_large_image\" \/>\n<meta name=\"twitter:creator\" content=\"@https:\/\/twitter.com\/villasmilhfoto\" \/>\n<meta name=\"twitter:site\" content=\"@villasmilhfoto\" \/>\n<meta name=\"twitter:label1\" content=\"Escrito por\" \/>\n\t<meta name=\"twitter:data1\" content=\"Villasmil Henry\" \/>\n\t<meta name=\"twitter:label2\" content=\"Tiempo estimado de lectura\" \/>\n\t<meta name=\"twitter:data2\" content=\"3 minutos\" \/>\n<script type=\"application\/ld+json\" class=\"yoast-schema-graph\">{\"@context\":\"https:\\\/\\\/schema.org\",\"@graph\":[{\"@type\":\"Article\",\"@id\":\"https:\\\/\\\/digital58.com.ve\\\/site\\\/2025\\\/10\\\/13\\\/trump-avala-control-temporal-de-hamas-en-gaza\\\/#article\",\"isPartOf\":{\"@id\":\"https:\\\/\\\/digital58.com.ve\\\/site\\\/2025\\\/10\\\/13\\\/trump-avala-control-temporal-de-hamas-en-gaza\\\/\"},\"author\":{\"name\":\"Villasmil Henry\",\"@id\":\"https:\\\/\\\/digital58.com.ve\\\/site\\\/#\\\/schema\\\/person\\\/64d1c2e4d0d4fd1b849980c4331c2951\"},\"headline\":\"Trump avala control temporal de Ham\u00e1s en Gaza\",\"datePublished\":\"2025-10-13T12:45:21+00:00\",\"mainEntityOfPage\":{\"@id\":\"https:\\\/\\\/digital58.com.ve\\\/site\\\/2025\\\/10\\\/13\\\/trump-avala-control-temporal-de-hamas-en-gaza\\\/\"},\"wordCount\":393,\"commentCount\":0,\"publisher\":{\"@id\":\"https:\\\/\\\/digital58.com.ve\\\/site\\\/#\\\/schema\\\/person\\\/64d1c2e4d0d4fd1b849980c4331c2951\"},\"image\":{\"@id\":\"https:\\\/\\\/digital58.com.ve\\\/site\\\/2025\\\/10\\\/13\\\/trump-avala-control-temporal-de-hamas-en-gaza\\\/#primaryimage\"},\"thumbnailUrl\":\"https:\\\/\\\/digital58.com.ve\\\/site\\\/wp-content\\\/uploads\\\/2025\\\/10\\\/TRUMP-NETANYAHU-AEROPUERTO.webp\",\"keywords\":[\"Benjamin Netanyahu\",\"Cumbre por la paz\",\"Donald Trump\",\"EE.UU\",\"Gaza\",\"Ham\u00e1s\",\"Internacionales\",\"Israel\",\"Rehenes\",\"Sharm el-Sheij\"],\"articleSection\":[\"Mundo\"],\"inLanguage\":\"es\",\"potentialAction\":[{\"@type\":\"CommentAction\",\"name\":\"Comment\",\"target\":[\"https:\\\/\\\/digital58.com.ve\\\/site\\\/2025\\\/10\\\/13\\\/trump-avala-control-temporal-de-hamas-en-gaza\\\/#respond\"]}]},{\"@type\":\"WebPage\",\"@id\":\"https:\\\/\\\/digital58.com.ve\\\/site\\\/2025\\\/10\\\/13\\\/trump-avala-control-temporal-de-hamas-en-gaza\\\/\",\"url\":\"https:\\\/\\\/digital58.com.ve\\\/site\\\/2025\\\/10\\\/13\\\/trump-avala-control-temporal-de-hamas-en-gaza\\\/\",\"name\":\"Trump avala control temporal de Ham\u00e1s en Gaza\",\"isPartOf\":{\"@id\":\"https:\\\/\\\/digital58.com.ve\\\/site\\\/#website\"},\"primaryImageOfPage\":{\"@id\":\"https:\\\/\\\/digital58.com.ve\\\/site\\\/2025\\\/10\\\/13\\\/trump-avala-control-temporal-de-hamas-en-gaza\\\/#primaryimage\"},\"image\":{\"@id\":\"https:\\\/\\\/digital58.com.ve\\\/site\\\/2025\\\/10\\\/13\\\/trump-avala-control-temporal-de-hamas-en-gaza\\\/#primaryimage\"},\"thumbnailUrl\":\"https:\\\/\\\/digital58.com.ve\\\/site\\\/wp-content\\\/uploads\\\/2025\\\/10\\\/TRUMP-NETANYAHU-AEROPUERTO.webp\",\"datePublished\":\"2025-10-13T12:45:21+00:00\",\"description\":\"Trump autoriza control temporal de Ham\u00e1s en Gaza durante implementaci\u00f3n del Plan de Paz que incluye alto al fuego y liberaci\u00f3n de rehenes.\",\"breadcrumb\":{\"@id\":\"https:\\\/\\\/digital58.com.ve\\\/site\\\/2025\\\/10\\\/13\\\/trump-avala-control-temporal-de-hamas-en-gaza\\\/#breadcrumb\"},\"inLanguage\":\"es\",\"potentialAction\":[{\"@type\":\"ReadAction\",\"target\":[\"https:\\\/\\\/digital58.com.ve\\\/site\\\/2025\\\/10\\\/13\\\/trump-avala-control-temporal-de-hamas-en-gaza\\\/\"]}]},{\"@type\":\"ImageObject\",\"inLanguage\":\"es\",\"@id\":\"https:\\\/\\\/digital58.com.ve\\\/site\\\/2025\\\/10\\\/13\\\/trump-avala-control-temporal-de-hamas-en-gaza\\\/#primaryimage\",\"url\":\"https:\\\/\\\/digital58.com.ve\\\/site\\\/wp-content\\\/uploads\\\/2025\\\/10\\\/TRUMP-NETANYAHU-AEROPUERTO.webp\",\"contentUrl\":\"https:\\\/\\\/digital58.com.ve\\\/site\\\/wp-content\\\/uploads\\\/2025\\\/10\\\/TRUMP-NETANYAHU-AEROPUERTO.webp\",\"width\":900,\"height\":600},{\"@type\":\"BreadcrumbList\",\"@id\":\"https:\\\/\\\/digital58.com.ve\\\/site\\\/2025\\\/10\\\/13\\\/trump-avala-control-temporal-de-hamas-en-gaza\\\/#breadcrumb\",\"itemListElement\":[{\"@type\":\"ListItem\",\"position\":1,\"name\":\"Home\",\"item\":\"https:\\\/\\\/digital58.com.ve\\\/site\\\/\"},{\"@type\":\"ListItem\",\"position\":2,\"name\":\"Trump avala control temporal de Ham\u00e1s en Gaza\"}]},{\"@type\":\"WebSite\",\"@id\":\"https:\\\/\\\/digital58.com.ve\\\/site\\\/#website\",\"url\":\"https:\\\/\\\/digital58.com.ve\\\/site\\\/\",\"name\":\"Noticias Digital58\",\"description\":\"Portal de Noticias \u00a1Periodismo web de verdad! Lanzamiento web 22.11.2005 \\\/ Maracaibo, Venezuela\",\"publisher\":{\"@id\":\"https:\\\/\\\/digital58.com.ve\\\/site\\\/#\\\/schema\\\/person\\\/64d1c2e4d0d4fd1b849980c4331c2951\"},\"alternateName\":\"ND58\",\"potentialAction\":[{\"@type\":\"SearchAction\",\"target\":{\"@type\":\"EntryPoint\",\"urlTemplate\":\"https:\\\/\\\/digital58.com.ve\\\/site\\\/?s={search_term_string}\"},\"query-input\":{\"@type\":\"PropertyValueSpecification\",\"valueRequired\":true,\"valueName\":\"search_term_string\"}}],\"inLanguage\":\"es\"},{\"@type\":[\"Person\",\"Organization\"],\"@id\":\"https:\\\/\\\/digital58.com.ve\\\/site\\\/#\\\/schema\\\/person\\\/64d1c2e4d0d4fd1b849980c4331c2951\",\"name\":\"Villasmil Henry\",\"image\":{\"@type\":\"ImageObject\",\"inLanguage\":\"es\",\"@id\":\"https:\\\/\\\/secure.gravatar.com\\\/avatar\\\/bb0c4a2fcb7970138239f7e404ea75757b1b507b28b5ce4c53fbd62d797c5a7c?s=96&d=mm&r=g\",\"url\":\"https:\\\/\\\/secure.gravatar.com\\\/avatar\\\/bb0c4a2fcb7970138239f7e404ea75757b1b507b28b5ce4c53fbd62d797c5a7c?s=96&d=mm&r=g\",\"contentUrl\":\"https:\\\/\\\/secure.gravatar.com\\\/avatar\\\/bb0c4a2fcb7970138239f7e404ea75757b1b507b28b5ce4c53fbd62d797c5a7c?s=96&d=mm&r=g\",\"caption\":\"Villasmil Henry\"},\"logo\":{\"@id\":\"https:\\\/\\\/secure.gravatar.com\\\/avatar\\\/bb0c4a2fcb7970138239f7e404ea75757b1b507b28b5ce4c53fbd62d797c5a7c?s=96&d=mm&r=g\"},\"sameAs\":[\"http:\\\/\\\/www.henryvillasmil.com.ve\",\"https:\\\/\\\/www.instagram.com\\\/villasmilhfoto\\\/\",\"https:\\\/\\\/x.com\\\/https:\\\/\\\/twitter.com\\\/villasmilhfoto\"],\"url\":\"https:\\\/\\\/digital58.com.ve\\\/site\\\/author\\\/droopy_68\\\/\"}]}<\/script>\n<!-- \/ Yoast SEO plugin. -->","yoast_head_json":{"title":"Trump avala control temporal de Ham\u00e1s en Gaza","description":"Trump autoriza control temporal de Ham\u00e1s en Gaza durante implementaci\u00f3n del Plan de Paz que incluye alto al fuego y liberaci\u00f3n de rehenes.","robots":{"index":"index","follow":"follow","max-snippet":"max-snippet:-1","max-image-preview":"max-image-preview:large","max-video-preview":"max-video-preview:-1"},"canonical":"https:\/\/digital58.com.ve\/site\/2025\/10\/13\/trump-avala-control-temporal-de-hamas-en-gaza\/","og_locale":"es_ES","og_type":"article","og_title":"Trump avala control temporal de Ham\u00e1s en Gaza","og_description":"Trump autoriza control temporal de Ham\u00e1s en Gaza durante implementaci\u00f3n del Plan de Paz que incluye alto al fuego y liberaci\u00f3n de rehenes.","og_url":"https:\/\/digital58.com.ve\/site\/2025\/10\/13\/trump-avala-control-temporal-de-hamas-en-gaza\/","og_site_name":"Noticias Digital58","article_published_time":"2025-10-13T12:45:21+00:00","og_image":[{"width":900,"height":600,"url":"https:\/\/digital58.com.ve\/site\/wp-content\/uploads\/2025\/10\/TRUMP-NETANYAHU-AEROPUERTO.webp","type":"image\/webp"}],"author":"Villasmil Henry","twitter_card":"summary_large_image","twitter_creator":"@https:\/\/twitter.com\/villasmilhfoto","twitter_site":"@villasmilhfoto","twitter_misc":{"Escrito por":"Villasmil Henry","Tiempo estimado de lectura":"3 minutos"},"schema":{"@context":"https:\/\/schema.org","@graph":[{"@type":"Article","@id":"https:\/\/digital58.com.ve\/site\/2025\/10\/13\/trump-avala-control-temporal-de-hamas-en-gaza\/#article","isPartOf":{"@id":"https:\/\/digital58.com.ve\/site\/2025\/10\/13\/trump-avala-control-temporal-de-hamas-en-gaza\/"},"author":{"name":"Villasmil Henry","@id":"https:\/\/digital58.com.ve\/site\/#\/schema\/person\/64d1c2e4d0d4fd1b849980c4331c2951"},"headline":"Trump avala control temporal de Ham\u00e1s en Gaza","datePublished":"2025-10-13T12:45:21+00:00","mainEntityOfPage":{"@id":"https:\/\/digital58.com.ve\/site\/2025\/10\/13\/trump-avala-control-temporal-de-hamas-en-gaza\/"},"wordCount":393,"commentCount":0,"publisher":{"@id":"https:\/\/digital58.com.ve\/site\/#\/schema\/person\/64d1c2e4d0d4fd1b849980c4331c2951"},"image":{"@id":"https:\/\/digital58.com.ve\/site\/2025\/10\/13\/trump-avala-control-temporal-de-hamas-en-gaza\/#primaryimage"},"thumbnailUrl":"https:\/\/digital58.com.ve\/site\/wp-content\/uploads\/2025\/10\/TRUMP-NETANYAHU-AEROPUERTO.webp","keywords":["Benjamin Netanyahu","Cumbre por la paz","Donald Trump","EE.UU","Gaza","Ham\u00e1s","Internacionales","Israel","Rehenes","Sharm el-Sheij"],"articleSection":["Mundo"],"inLanguage":"es","potentialAction":[{"@type":"CommentAction","name":"Comment","target":["https:\/\/digital58.com.ve\/site\/2025\/10\/13\/trump-avala-control-temporal-de-hamas-en-gaza\/#respond"]}]},{"@type":"WebPage","@id":"https:\/\/digital58.com.ve\/site\/2025\/10\/13\/trump-avala-control-temporal-de-hamas-en-gaza\/","url":"https:\/\/digital58.com.ve\/site\/2025\/10\/13\/trump-avala-control-temporal-de-hamas-en-gaza\/","name":"Trump avala control temporal de Ham\u00e1s en Gaza","isPartOf":{"@id":"https:\/\/digital58.com.ve\/site\/#website"},"primaryImageOfPage":{"@id":"https:\/\/digital58.com.ve\/site\/2025\/10\/13\/trump-avala-control-temporal-de-hamas-en-gaza\/#primaryimage"},"image":{"@id":"https:\/\/digital58.com.ve\/site\/2025\/10\/13\/trump-avala-control-temporal-de-hamas-en-gaza\/#primaryimage"},"thumbnailUrl":"https:\/\/digital58.com.ve\/site\/wp-content\/uploads\/2025\/10\/TRUMP-NETANYAHU-AEROPUERTO.webp","datePublished":"2025-10-13T12:45:21+00:00","description":"Trump autoriza control temporal de Ham\u00e1s en Gaza durante implementaci\u00f3n del Plan de Paz que incluye alto al fuego y liberaci\u00f3n de rehenes.","breadcrumb":{"@id":"https:\/\/digital58.com.ve\/site\/2025\/10\/13\/trump-avala-control-temporal-de-hamas-en-gaza\/#breadcrumb"},"inLanguage":"es","potentialAction":[{"@type":"ReadAction","target":["https:\/\/digital58.com.ve\/site\/2025\/10\/13\/trump-avala-control-temporal-de-hamas-en-gaza\/"]}]},{"@type":"ImageObject","inLanguage":"es","@id":"https:\/\/digital58.com.ve\/site\/2025\/10\/13\/trump-avala-control-temporal-de-hamas-en-gaza\/#primaryimage","url":"https:\/\/digital58.com.ve\/site\/wp-content\/uploads\/2025\/10\/TRUMP-NETANYAHU-AEROPUERTO.webp","contentUrl":"https:\/\/digital58.com.ve\/site\/wp-content\/uploads\/2025\/10\/TRUMP-NETANYAHU-AEROPUERTO.webp","width":900,"height":600},{"@type":"BreadcrumbList","@id":"https:\/\/digital58.com.ve\/site\/2025\/10\/13\/trump-avala-control-temporal-de-hamas-en-gaza\/#breadcrumb","itemListElement":[{"@type":"ListItem","position":1,"name":"Home","item":"https:\/\/digital58.com.ve\/site\/"},{"@type":"ListItem","position":2,"name":"Trump avala control temporal de Ham\u00e1s en Gaza"}]},{"@type":"WebSite","@id":"https:\/\/digital58.com.ve\/site\/#website","url":"https:\/\/digital58.com.ve\/site\/","name":"Noticias Digital58","description":"Portal de Noticias \u00a1Periodismo web de verdad! Lanzamiento web 22.11.2005 \/ Maracaibo, Venezuela","publisher":{"@id":"https:\/\/digital58.com.ve\/site\/#\/schema\/person\/64d1c2e4d0d4fd1b849980c4331c2951"},"alternateName":"ND58","potentialAction":[{"@type":"SearchAction","target":{"@type":"EntryPoint","urlTemplate":"https:\/\/digital58.com.ve\/site\/?s={search_term_string}"},"query-input":{"@type":"PropertyValueSpecification","valueRequired":true,"valueName":"search_term_string"}}],"inLanguage":"es"},{"@type":["Person","Organization"],"@id":"https:\/\/digital58.com.ve\/site\/#\/schema\/person\/64d1c2e4d0d4fd1b849980c4331c2951","name":"Villasmil Henry","image":{"@type":"ImageObject","inLanguage":"es","@id":"https:\/\/secure.gravatar.com\/avatar\/bb0c4a2fcb7970138239f7e404ea75757b1b507b28b5ce4c53fbd62d797c5a7c?s=96&d=mm&r=g","url":"https:\/\/secure.gravatar.com\/avatar\/bb0c4a2fcb7970138239f7e404ea75757b1b507b28b5ce4c53fbd62d797c5a7c?s=96&d=mm&r=g","contentUrl":"https:\/\/secure.gravatar.com\/avatar\/bb0c4a2fcb7970138239f7e404ea75757b1b507b28b5ce4c53fbd62d797c5a7c?s=96&d=mm&r=g","caption":"Villasmil Henry"},"logo":{"@id":"https:\/\/secure.gravatar.com\/avatar\/bb0c4a2fcb7970138239f7e404ea75757b1b507b28b5ce4c53fbd62d797c5a7c?s=96&d=mm&r=g"},"sameAs":["http:\/\/www.henryvillasmil.com.ve","https:\/\/www.instagram.com\/villasmilhfoto\/","https:\/\/x.com\/https:\/\/twitter.com\/villasmilhfoto"],"url":"https:\/\/digital58.com.ve\/site\/author\/droopy_68\/"}]}},"uagb_featured_image_src":{"full":["https:\/\/digital58.com.ve\/site\/wp-content\/uploads\/2025\/10\/TRUMP-NETANYAHU-AEROPUERTO.webp",900,600,false],"thumbnail":["https:\/\/digital58.com.ve\/site\/wp-content\/uploads\/2025\/10\/TRUMP-NETANYAHU-AEROPUERTO-150x150.webp",150,150,true],"medium":["https:\/\/digital58.com.ve\/site\/wp-content\/uploads\/2025\/10\/TRUMP-NETANYAHU-AEROPUERTO-300x200.webp",300,200,true],"medium_large":["https:\/\/digital58.com.ve\/site\/wp-content\/uploads\/2025\/10\/TRUMP-NETANYAHU-AEROPUERTO-768x512.webp",768,512,true],"large":["https:\/\/digital58.com.ve\/site\/wp-content\/uploads\/2025\/10\/TRUMP-NETANYAHU-AEROPUERTO.webp",800,533,false],"1536x1536":["https:\/\/digital58.com.ve\/site\/wp-content\/uploads\/2025\/10\/TRUMP-NETANYAHU-AEROPUERTO.webp",900,600,false],"2048x2048":["https:\/\/digital58.com.ve\/site\/wp-content\/uploads\/2025\/10\/TRUMP-NETANYAHU-AEROPUERTO.webp",900,600,false],"colormag-highlighted-post":["https:\/\/digital58.com.ve\/site\/wp-content\/uploads\/2025\/10\/TRUMP-NETANYAHU-AEROPUERTO-392x272.webp",392,272,true],"colormag-featured-post-medium":["https:\/\/digital58.com.ve\/site\/wp-content\/uploads\/2025\/10\/TRUMP-NETANYAHU-AEROPUERTO-390x205.webp",390,205,true],"colormag-featured-post-small":["https:\/\/digital58.com.ve\/site\/wp-content\/uploads\/2025\/10\/TRUMP-NETANYAHU-AEROPUERTO-130x90.webp",130,90,true],"colormag-featured-image":["https:\/\/digital58.com.ve\/site\/wp-content\/uploads\/2025\/10\/TRUMP-NETANYAHU-AEROPUERTO-800x445.webp",800,445,true],"colormag-default-news":["https:\/\/digital58.com.ve\/site\/wp-content\/uploads\/2025\/10\/TRUMP-NETANYAHU-AEROPUERTO-150x150.webp",150,150,true],"colormag-featured-image-large":["https:\/\/digital58.com.ve\/site\/wp-content\/uploads\/2025\/10\/TRUMP-NETANYAHU-AEROPUERTO.webp",900,600,false]},"uagb_author_info":{"display_name":"Villasmil Henry","author_link":"https:\/\/digital58.com.ve\/site\/author\/droopy_68\/"},"uagb_comment_info":0,"uagb_excerpt":"El presidente estadounidense confirm\u00f3 la transici\u00f3n pactada durante su viaje a Israel, donde se reuni\u00f3 con familias de liberados. Jerusal\u00e9n,","_links":{"self":[{"href":"https:\/\/digital58.com.ve\/site\/wp-json\/wp\/v2\/posts\/191075","targetHints":{"allow":["GET"]}}],"collection":[{"href":"https:\/\/digital58.com.ve\/site\/wp-json\/wp\/v2\/posts"}],"about":[{"href":"https:\/\/digital58.com.ve\/site\/wp-json\/wp\/v2\/types\/post"}],"author":[{"embeddable":true,"href":"https:\/\/digital58.com.ve\/site\/wp-json\/wp\/v2\/users\/1"}],"replies":[{"embeddable":true,"href":"https:\/\/digital58.com.ve\/site\/wp-json\/wp\/v2\/comments?post=191075"}],"version-history":[{"count":1,"href":"https:\/\/digital58.com.ve\/site\/wp-json\/wp\/v2\/posts\/191075\/revisions"}],"predecessor-version":[{"id":191079,"href":"https:\/\/digital58.com.ve\/site\/wp-json\/wp\/v2\/posts\/191075\/revisions\/191079"}],"wp:featuredmedia":[{"embeddable":true,"href":"https:\/\/digital58.com.ve\/site\/wp-json\/wp\/v2\/media\/191077"}],"wp:attachment":[{"href":"https:\/\/digital58.com.ve\/site\/wp-json\/wp\/v2\/media?parent=191075"}],"wp:term":[{"taxonomy":"category","embeddable":true,"href":"https:\/\/digital58.com.ve\/site\/wp-json\/wp\/v2\/categories?post=191075"},{"taxonomy":"post_tag","embeddable":true,"href":"https:\/\/digital58.com.ve\/site\/wp-json\/wp\/v2\/tags?post=191075"}],"curies":[{"name":"wp","href":"https:\/\/api.w.org\/{rel}","templated":true}]}}