{"id":191201,"date":"2025-10-14T18:28:58","date_gmt":"2025-10-14T22:28:58","guid":{"rendered":"https:\/\/digital58.com.ve\/site\/?p=191201"},"modified":"2025-10-14T18:28:58","modified_gmt":"2025-10-14T22:28:58","slug":"maracaibo-activa-brigadas-comunitarias-ante-emergencias","status":"publish","type":"post","link":"https:\/\/digital58.com.ve\/site\/2025\/10\/14\/maracaibo-activa-brigadas-comunitarias-ante-emergencias\/","title":{"rendered":"Maracaibo activa brigadas comunitarias ante emergencias"},"content":{"rendered":"<p><a class=\"keychainify-checked\" href=\"https:\/\/digital58.com.ve\/site\/wp-content\/uploads\/2025\/10\/brigadas-comunitarias-mcbo-2025-2.webp\"><img loading=\"lazy\" decoding=\"async\" class=\"aligncenter wp-image-191203 size-full\" src=\"https:\/\/digital58.com.ve\/site\/wp-content\/uploads\/2025\/10\/brigadas-comunitarias-mcbo-2025-2.webp\" alt=\"La Alcald\u00eda de Maracaibo, en alianza con la Universidad Polit\u00e9cnica Territorial, jurament\u00f3 este 08 de octubre a las primeras brigadas comunitarias de prevenci\u00f3n de riesgos.\" width=\"900\" height=\"600\" srcset=\"https:\/\/digital58.com.ve\/site\/wp-content\/uploads\/2025\/10\/brigadas-comunitarias-mcbo-2025-2.webp 900w, https:\/\/digital58.com.ve\/site\/wp-content\/uploads\/2025\/10\/brigadas-comunitarias-mcbo-2025-2-300x200.webp 300w, https:\/\/digital58.com.ve\/site\/wp-content\/uploads\/2025\/10\/brigadas-comunitarias-mcbo-2025-2-768x512.webp 768w\" sizes=\"auto, (max-width: 900px) 100vw, 900px\" \/><\/a><\/p>\n<blockquote><p>Alcald\u00eda y Universidad Polit\u00e9cnica capacitar\u00e1n a vecinos de Ra\u00fal Leoni en respuesta a sismos y desastres naturales.<\/p><\/blockquote>\n<p><strong>Maracaibo, Zulia, Venezuela, 14 de octubre de 2025 (ND58).-<\/strong> La Alcald\u00eda de Maracaibo, en alianza con la Universidad Polit\u00e9cnica Territorial, jurament\u00f3 este 08 de octubre a las primeras brigadas comunitarias de prevenci\u00f3n de riesgos.<\/p>\n<p>Los voluntarios de la parroquia Ra\u00fal Leoni recibir\u00e1n formaci\u00f3n especializada para responder ante sismos y otras emergencias.<\/p>\n<p>\u00abDebemos estar preparados ante cualquier eventualidad natural\u00bb, explic\u00f3 Eduard Padilla, director municipal de Protecci\u00f3n Civil. La iniciativa forma parte de un programa nacional ordenado por el gobierno central y coordinado con cuerpos de seguridad regionales.<\/p>\n<p><a class=\"keychainify-checked\" href=\"https:\/\/digital58.com.ve\/site\/wp-content\/uploads\/2025\/10\/brigadas-comunitarias-mcbo-2025-1.webp\"><img loading=\"lazy\" decoding=\"async\" class=\"aligncenter size-full wp-image-191204\" src=\"https:\/\/digital58.com.ve\/site\/wp-content\/uploads\/2025\/10\/brigadas-comunitarias-mcbo-2025-1.webp\" alt=\"\" width=\"900\" height=\"600\" srcset=\"https:\/\/digital58.com.ve\/site\/wp-content\/uploads\/2025\/10\/brigadas-comunitarias-mcbo-2025-1.webp 900w, https:\/\/digital58.com.ve\/site\/wp-content\/uploads\/2025\/10\/brigadas-comunitarias-mcbo-2025-1-300x200.webp 300w, https:\/\/digital58.com.ve\/site\/wp-content\/uploads\/2025\/10\/brigadas-comunitarias-mcbo-2025-1-768x512.webp 768w\" sizes=\"auto, (max-width: 900px) 100vw, 900px\" \/><\/a><\/p>\n<h2><strong>Compromiso con la seguridad ciudadana<\/strong><\/h2>\n<p>Los participantes aprender\u00e1n t\u00e9cnicas de primeros auxilios, gesti\u00f3n de riesgos y desalojo seguro. La formaci\u00f3n estar\u00e1 a cargo de expertos de Protecci\u00f3n Civil, bomberos y polic\u00edas del estado Zulia.<\/p>\n<p>Padilla confirm\u00f3 que el proyecto se extender\u00e1 progresivamente a otras parroquias. La meta es crear una red de comit\u00e9s comunales capacitados en todo el municipio.<\/p>\n<h2>Formaci\u00f3n abierta a la ciudadan\u00eda<\/h2>\n<p>Liuba Colmenares, directora de Planificaci\u00f3n Municipal, enfatiz\u00f3 que la capacitaci\u00f3n est\u00e1 disponible para todos los vecinos. \u00abEstamos uniendo esfuerzos para que la comunidad sepa c\u00f3mo actuar en situaciones cr\u00edticas\u00bb, se\u00f1al\u00f3.<\/p>\n<h3>Respuesta ante eventos recientes<\/h3>\n<p>La funcionaria vincul\u00f3 esta necesidad formativa con el sismo ocurrido recientemente en la regi\u00f3n. Destac\u00f3 que muchas personas no saben c\u00f3mo reaccionar ante emergencias de esta naturaleza.<\/p>\n<p><a class=\"keychainify-checked\" href=\"https:\/\/digital58.com.ve\/site\/wp-content\/uploads\/2025\/10\/brigadas-comunitarias-mcbo-2025-3.webp\"><img loading=\"lazy\" decoding=\"async\" class=\"aligncenter size-full wp-image-191202\" src=\"https:\/\/digital58.com.ve\/site\/wp-content\/uploads\/2025\/10\/brigadas-comunitarias-mcbo-2025-3.webp\" alt=\"\" width=\"900\" height=\"600\" srcset=\"https:\/\/digital58.com.ve\/site\/wp-content\/uploads\/2025\/10\/brigadas-comunitarias-mcbo-2025-3.webp 900w, https:\/\/digital58.com.ve\/site\/wp-content\/uploads\/2025\/10\/brigadas-comunitarias-mcbo-2025-3-300x200.webp 300w, https:\/\/digital58.com.ve\/site\/wp-content\/uploads\/2025\/10\/brigadas-comunitarias-mcbo-2025-3-768x512.webp 768w\" sizes=\"auto, (max-width: 900px) 100vw, 900px\" \/><\/a><\/p>\n<h2>Alianza estrat\u00e9gica con la academia<\/h2>\n<p>La Universidad Polit\u00e9cnica Territorial asumi\u00f3 el liderazgo en la preparaci\u00f3n de los brigadistas. Donaldo Mej\u00edas, vicerrector de la instituci\u00f3n, subray\u00f3 su compromiso con los estudios avanzados en seguridad y mitigaci\u00f3n de riesgos.<\/p>\n<h3>Conciencia preventiva post-sismo<\/h3>\n<p>Mej\u00edas reconoci\u00f3 que el tema adquiri\u00f3 relevancia tras el evento s\u00edsmico reciente. \u00abLamentablemente necesitamos que ocurra una emergencia para tomar conciencia\u00bb, reflexion\u00f3 el acad\u00e9mico.<\/p>\n<p>La universidad trabajar\u00e1 con los consejos comunales de los circuitos I y II de Ra\u00fal Leoni. Este modelo de formaci\u00f3n busca institucionalizar la cultura preventiva en las comunidades m\u00e1s vulnerables.<\/p>\n<p><strong>Sala de redacci\u00f3n ND58 | Fuente: Prensa ADM<\/strong><br \/>\n<strong>Edici\u00f3n: Villasmil, Henry<\/strong><br \/>\n<strong>Gr\u00e1ficas: Cortes\u00eda prensa ADM<\/strong><\/p>\n<p>&nbsp;<\/p>\n<p>&nbsp;<\/p>\n<p>&nbsp;<\/p><div class=\"bplkw69efb6f66339a\" ><p style=\"text-align: center;\"><a href=\"https:\/\/t.me\/noticiasdigital58\" target=\"_blank\" rel=\"noopener\"><img class=\"aligncenter size-full wp-image-125363\" src=\"https:\/\/digital58.com.ve\/site\/wp-content\/uploads\/2021\/04\/banner-telegram-web-2021.png\" alt=\"\" width=\"600\" height=\"90\" \/><\/a><\/p><\/div><style type=\"text\/css\">\r\n@media screen and (min-width: 1201px) {\r\n.bplkw69efb6f66339a {\r\ndisplay: block;\r\n}\r\n}\r\n@media screen and (min-width: 993px) and (max-width: 1200px) {\r\n.bplkw69efb6f66339a {\r\ndisplay: block;\r\n}\r\n}\r\n@media screen and (min-width: 769px) and (max-width: 992px) {\r\n.bplkw69efb6f66339a {\r\ndisplay: block;\r\n}\r\n}\r\n@media screen and (min-width: 768px) and (max-width: 768px) {\r\n.bplkw69efb6f66339a {\r\ndisplay: block;\r\n}\r\n}\r\n@media screen and (max-width: 767px) {\r\n.bplkw69efb6f66339a {\r\ndisplay: block;\r\n}\r\n}\r\n<\/style>\r\n\n<p>&nbsp;<\/p>\n<div style=\"margin-top: 0px; margin-bottom: 0px;\" class=\"sharethis-inline-share-buttons\" ><\/div>","protected":false},"excerpt":{"rendered":"<p>Alcald\u00eda y Universidad Polit\u00e9cnica capacitar\u00e1n a vecinos de Ra\u00fal Leoni en respuesta a sismos y desastres naturales. Maracaibo, Zulia, Venezuela,<\/p>\n","protected":false},"author":1,"featured_media":191202,"comment_status":"open","ping_status":"closed","sticky":false,"template":"","format":"standard","meta":{"colormag_page_container_layout":"default_layout","colormag_page_sidebar_layout":"default_layout","_uag_custom_page_level_css":"","footnotes":""},"categories":[14504],"tags":[290,35504,233,6600,35505,617,2354,35506,32],"class_list":["post-191201","post","type-post","status-publish","format-standard","has-post-thumbnail","hentry","category-zulia","tag-alcaldia-de-maracaibo","tag-brigadas-comunitarias","tag-nacionales","tag-parroquia-raul-leoni","tag-prevencion-de-riesgo","tag-proteccion-civil","tag-regionales","tag-universidad-politecnica-territorial","tag-venezuela"],"yoast_head":"<!-- This site is optimized with the Yoast SEO plugin v27.4 - https:\/\/yoast.com\/product\/yoast-seo-wordpress\/ -->\n<title>Maracaibo activa brigadas comunitarias ante emergencias<\/title>\n<meta name=\"description\" content=\"Maracaibo activa brigadas comunitarias ante emergencias. Vecinos de Ra\u00fal Leoni se capacitan en respuesta a sismos con apoyo municipal y universitario.\" \/>\n<meta name=\"robots\" content=\"index, follow, max-snippet:-1, max-image-preview:large, max-video-preview:-1\" \/>\n<link rel=\"canonical\" href=\"https:\/\/digital58.com.ve\/site\/2025\/10\/14\/maracaibo-activa-brigadas-comunitarias-ante-emergencias\/\" \/>\n<meta property=\"og:locale\" content=\"es_ES\" \/>\n<meta property=\"og:type\" content=\"article\" \/>\n<meta property=\"og:title\" content=\"Maracaibo activa brigadas comunitarias ante emergencias\" \/>\n<meta property=\"og:description\" content=\"Maracaibo activa brigadas comunitarias ante emergencias. Vecinos de Ra\u00fal Leoni se capacitan en respuesta a sismos con apoyo municipal y universitario.\" \/>\n<meta property=\"og:url\" content=\"https:\/\/digital58.com.ve\/site\/2025\/10\/14\/maracaibo-activa-brigadas-comunitarias-ante-emergencias\/\" \/>\n<meta property=\"og:site_name\" content=\"Noticias Digital58\" \/>\n<meta property=\"article:published_time\" content=\"2025-10-14T22:28:58+00:00\" \/>\n<meta property=\"og:image\" content=\"https:\/\/digital58.com.ve\/site\/wp-content\/uploads\/2025\/10\/brigadas-comunitarias-mcbo-2025-3.webp\" \/>\n\t<meta property=\"og:image:width\" content=\"900\" \/>\n\t<meta property=\"og:image:height\" content=\"600\" \/>\n\t<meta property=\"og:image:type\" content=\"image\/webp\" \/>\n<meta name=\"author\" content=\"Villasmil Henry\" \/>\n<meta name=\"twitter:card\" content=\"summary_large_image\" \/>\n<meta name=\"twitter:creator\" content=\"@https:\/\/twitter.com\/villasmilhfoto\" \/>\n<meta name=\"twitter:site\" content=\"@villasmilhfoto\" \/>\n<meta name=\"twitter:label1\" content=\"Escrito por\" \/>\n\t<meta name=\"twitter:data1\" content=\"Villasmil Henry\" \/>\n\t<meta name=\"twitter:label2\" content=\"Tiempo estimado de lectura\" \/>\n\t<meta name=\"twitter:data2\" content=\"3 minutos\" \/>\n<script type=\"application\/ld+json\" class=\"yoast-schema-graph\">{\"@context\":\"https:\\\/\\\/schema.org\",\"@graph\":[{\"@type\":\"Article\",\"@id\":\"https:\\\/\\\/digital58.com.ve\\\/site\\\/2025\\\/10\\\/14\\\/maracaibo-activa-brigadas-comunitarias-ante-emergencias\\\/#article\",\"isPartOf\":{\"@id\":\"https:\\\/\\\/digital58.com.ve\\\/site\\\/2025\\\/10\\\/14\\\/maracaibo-activa-brigadas-comunitarias-ante-emergencias\\\/\"},\"author\":{\"name\":\"Villasmil Henry\",\"@id\":\"https:\\\/\\\/digital58.com.ve\\\/site\\\/#\\\/schema\\\/person\\\/64d1c2e4d0d4fd1b849980c4331c2951\"},\"headline\":\"Maracaibo activa brigadas comunitarias ante emergencias\",\"datePublished\":\"2025-10-14T22:28:58+00:00\",\"mainEntityOfPage\":{\"@id\":\"https:\\\/\\\/digital58.com.ve\\\/site\\\/2025\\\/10\\\/14\\\/maracaibo-activa-brigadas-comunitarias-ante-emergencias\\\/\"},\"wordCount\":387,\"commentCount\":0,\"publisher\":{\"@id\":\"https:\\\/\\\/digital58.com.ve\\\/site\\\/#\\\/schema\\\/person\\\/64d1c2e4d0d4fd1b849980c4331c2951\"},\"image\":{\"@id\":\"https:\\\/\\\/digital58.com.ve\\\/site\\\/2025\\\/10\\\/14\\\/maracaibo-activa-brigadas-comunitarias-ante-emergencias\\\/#primaryimage\"},\"thumbnailUrl\":\"https:\\\/\\\/digital58.com.ve\\\/site\\\/wp-content\\\/uploads\\\/2025\\\/10\\\/brigadas-comunitarias-mcbo-2025-3.webp\",\"keywords\":[\"Alcald\u00eda de Maracaibo\",\"Brigadas Comunitarias\",\"Nacionales\",\"Parroquia Raul Leoni\",\"Prevenci\u00f3n de riesgo\",\"Protecci\u00f3n Civil\",\"Regionales\",\"Universidad Polit\u00e9cnica Territorial\",\"Venezuela\"],\"articleSection\":[\"Zulia\"],\"inLanguage\":\"es\",\"potentialAction\":[{\"@type\":\"CommentAction\",\"name\":\"Comment\",\"target\":[\"https:\\\/\\\/digital58.com.ve\\\/site\\\/2025\\\/10\\\/14\\\/maracaibo-activa-brigadas-comunitarias-ante-emergencias\\\/#respond\"]}]},{\"@type\":\"WebPage\",\"@id\":\"https:\\\/\\\/digital58.com.ve\\\/site\\\/2025\\\/10\\\/14\\\/maracaibo-activa-brigadas-comunitarias-ante-emergencias\\\/\",\"url\":\"https:\\\/\\\/digital58.com.ve\\\/site\\\/2025\\\/10\\\/14\\\/maracaibo-activa-brigadas-comunitarias-ante-emergencias\\\/\",\"name\":\"Maracaibo activa brigadas comunitarias ante emergencias\",\"isPartOf\":{\"@id\":\"https:\\\/\\\/digital58.com.ve\\\/site\\\/#website\"},\"primaryImageOfPage\":{\"@id\":\"https:\\\/\\\/digital58.com.ve\\\/site\\\/2025\\\/10\\\/14\\\/maracaibo-activa-brigadas-comunitarias-ante-emergencias\\\/#primaryimage\"},\"image\":{\"@id\":\"https:\\\/\\\/digital58.com.ve\\\/site\\\/2025\\\/10\\\/14\\\/maracaibo-activa-brigadas-comunitarias-ante-emergencias\\\/#primaryimage\"},\"thumbnailUrl\":\"https:\\\/\\\/digital58.com.ve\\\/site\\\/wp-content\\\/uploads\\\/2025\\\/10\\\/brigadas-comunitarias-mcbo-2025-3.webp\",\"datePublished\":\"2025-10-14T22:28:58+00:00\",\"description\":\"Maracaibo activa brigadas comunitarias ante emergencias. Vecinos de Ra\u00fal Leoni se capacitan en respuesta a sismos con apoyo municipal y universitario.\",\"breadcrumb\":{\"@id\":\"https:\\\/\\\/digital58.com.ve\\\/site\\\/2025\\\/10\\\/14\\\/maracaibo-activa-brigadas-comunitarias-ante-emergencias\\\/#breadcrumb\"},\"inLanguage\":\"es\",\"potentialAction\":[{\"@type\":\"ReadAction\",\"target\":[\"https:\\\/\\\/digital58.com.ve\\\/site\\\/2025\\\/10\\\/14\\\/maracaibo-activa-brigadas-comunitarias-ante-emergencias\\\/\"]}]},{\"@type\":\"ImageObject\",\"inLanguage\":\"es\",\"@id\":\"https:\\\/\\\/digital58.com.ve\\\/site\\\/2025\\\/10\\\/14\\\/maracaibo-activa-brigadas-comunitarias-ante-emergencias\\\/#primaryimage\",\"url\":\"https:\\\/\\\/digital58.com.ve\\\/site\\\/wp-content\\\/uploads\\\/2025\\\/10\\\/brigadas-comunitarias-mcbo-2025-3.webp\",\"contentUrl\":\"https:\\\/\\\/digital58.com.ve\\\/site\\\/wp-content\\\/uploads\\\/2025\\\/10\\\/brigadas-comunitarias-mcbo-2025-3.webp\",\"width\":900,\"height\":600},{\"@type\":\"BreadcrumbList\",\"@id\":\"https:\\\/\\\/digital58.com.ve\\\/site\\\/2025\\\/10\\\/14\\\/maracaibo-activa-brigadas-comunitarias-ante-emergencias\\\/#breadcrumb\",\"itemListElement\":[{\"@type\":\"ListItem\",\"position\":1,\"name\":\"Home\",\"item\":\"https:\\\/\\\/digital58.com.ve\\\/site\\\/\"},{\"@type\":\"ListItem\",\"position\":2,\"name\":\"Maracaibo activa brigadas comunitarias ante emergencias\"}]},{\"@type\":\"WebSite\",\"@id\":\"https:\\\/\\\/digital58.com.ve\\\/site\\\/#website\",\"url\":\"https:\\\/\\\/digital58.com.ve\\\/site\\\/\",\"name\":\"Noticias Digital58\",\"description\":\"Portal de Noticias \u00a1Periodismo web de verdad! Lanzamiento web 22.11.2005 \\\/ Maracaibo, Venezuela\",\"publisher\":{\"@id\":\"https:\\\/\\\/digital58.com.ve\\\/site\\\/#\\\/schema\\\/person\\\/64d1c2e4d0d4fd1b849980c4331c2951\"},\"alternateName\":\"ND58\",\"potentialAction\":[{\"@type\":\"SearchAction\",\"target\":{\"@type\":\"EntryPoint\",\"urlTemplate\":\"https:\\\/\\\/digital58.com.ve\\\/site\\\/?s={search_term_string}\"},\"query-input\":{\"@type\":\"PropertyValueSpecification\",\"valueRequired\":true,\"valueName\":\"search_term_string\"}}],\"inLanguage\":\"es\"},{\"@type\":[\"Person\",\"Organization\"],\"@id\":\"https:\\\/\\\/digital58.com.ve\\\/site\\\/#\\\/schema\\\/person\\\/64d1c2e4d0d4fd1b849980c4331c2951\",\"name\":\"Villasmil Henry\",\"image\":{\"@type\":\"ImageObject\",\"inLanguage\":\"es\",\"@id\":\"https:\\\/\\\/secure.gravatar.com\\\/avatar\\\/bb0c4a2fcb7970138239f7e404ea75757b1b507b28b5ce4c53fbd62d797c5a7c?s=96&d=mm&r=g\",\"url\":\"https:\\\/\\\/secure.gravatar.com\\\/avatar\\\/bb0c4a2fcb7970138239f7e404ea75757b1b507b28b5ce4c53fbd62d797c5a7c?s=96&d=mm&r=g\",\"contentUrl\":\"https:\\\/\\\/secure.gravatar.com\\\/avatar\\\/bb0c4a2fcb7970138239f7e404ea75757b1b507b28b5ce4c53fbd62d797c5a7c?s=96&d=mm&r=g\",\"caption\":\"Villasmil Henry\"},\"logo\":{\"@id\":\"https:\\\/\\\/secure.gravatar.com\\\/avatar\\\/bb0c4a2fcb7970138239f7e404ea75757b1b507b28b5ce4c53fbd62d797c5a7c?s=96&d=mm&r=g\"},\"sameAs\":[\"http:\\\/\\\/www.henryvillasmil.com.ve\",\"https:\\\/\\\/www.instagram.com\\\/villasmilhfoto\\\/\",\"https:\\\/\\\/x.com\\\/https:\\\/\\\/twitter.com\\\/villasmilhfoto\"],\"url\":\"https:\\\/\\\/digital58.com.ve\\\/site\\\/author\\\/droopy_68\\\/\"}]}<\/script>\n<!-- \/ Yoast SEO plugin. -->","yoast_head_json":{"title":"Maracaibo activa brigadas comunitarias ante emergencias","description":"Maracaibo activa brigadas comunitarias ante emergencias. Vecinos de Ra\u00fal Leoni se capacitan en respuesta a sismos con apoyo municipal y universitario.","robots":{"index":"index","follow":"follow","max-snippet":"max-snippet:-1","max-image-preview":"max-image-preview:large","max-video-preview":"max-video-preview:-1"},"canonical":"https:\/\/digital58.com.ve\/site\/2025\/10\/14\/maracaibo-activa-brigadas-comunitarias-ante-emergencias\/","og_locale":"es_ES","og_type":"article","og_title":"Maracaibo activa brigadas comunitarias ante emergencias","og_description":"Maracaibo activa brigadas comunitarias ante emergencias. Vecinos de Ra\u00fal Leoni se capacitan en respuesta a sismos con apoyo municipal y universitario.","og_url":"https:\/\/digital58.com.ve\/site\/2025\/10\/14\/maracaibo-activa-brigadas-comunitarias-ante-emergencias\/","og_site_name":"Noticias Digital58","article_published_time":"2025-10-14T22:28:58+00:00","og_image":[{"width":900,"height":600,"url":"https:\/\/digital58.com.ve\/site\/wp-content\/uploads\/2025\/10\/brigadas-comunitarias-mcbo-2025-3.webp","type":"image\/webp"}],"author":"Villasmil Henry","twitter_card":"summary_large_image","twitter_creator":"@https:\/\/twitter.com\/villasmilhfoto","twitter_site":"@villasmilhfoto","twitter_misc":{"Escrito por":"Villasmil Henry","Tiempo estimado de lectura":"3 minutos"},"schema":{"@context":"https:\/\/schema.org","@graph":[{"@type":"Article","@id":"https:\/\/digital58.com.ve\/site\/2025\/10\/14\/maracaibo-activa-brigadas-comunitarias-ante-emergencias\/#article","isPartOf":{"@id":"https:\/\/digital58.com.ve\/site\/2025\/10\/14\/maracaibo-activa-brigadas-comunitarias-ante-emergencias\/"},"author":{"name":"Villasmil Henry","@id":"https:\/\/digital58.com.ve\/site\/#\/schema\/person\/64d1c2e4d0d4fd1b849980c4331c2951"},"headline":"Maracaibo activa brigadas comunitarias ante emergencias","datePublished":"2025-10-14T22:28:58+00:00","mainEntityOfPage":{"@id":"https:\/\/digital58.com.ve\/site\/2025\/10\/14\/maracaibo-activa-brigadas-comunitarias-ante-emergencias\/"},"wordCount":387,"commentCount":0,"publisher":{"@id":"https:\/\/digital58.com.ve\/site\/#\/schema\/person\/64d1c2e4d0d4fd1b849980c4331c2951"},"image":{"@id":"https:\/\/digital58.com.ve\/site\/2025\/10\/14\/maracaibo-activa-brigadas-comunitarias-ante-emergencias\/#primaryimage"},"thumbnailUrl":"https:\/\/digital58.com.ve\/site\/wp-content\/uploads\/2025\/10\/brigadas-comunitarias-mcbo-2025-3.webp","keywords":["Alcald\u00eda de Maracaibo","Brigadas Comunitarias","Nacionales","Parroquia Raul Leoni","Prevenci\u00f3n de riesgo","Protecci\u00f3n Civil","Regionales","Universidad Polit\u00e9cnica Territorial","Venezuela"],"articleSection":["Zulia"],"inLanguage":"es","potentialAction":[{"@type":"CommentAction","name":"Comment","target":["https:\/\/digital58.com.ve\/site\/2025\/10\/14\/maracaibo-activa-brigadas-comunitarias-ante-emergencias\/#respond"]}]},{"@type":"WebPage","@id":"https:\/\/digital58.com.ve\/site\/2025\/10\/14\/maracaibo-activa-brigadas-comunitarias-ante-emergencias\/","url":"https:\/\/digital58.com.ve\/site\/2025\/10\/14\/maracaibo-activa-brigadas-comunitarias-ante-emergencias\/","name":"Maracaibo activa brigadas comunitarias ante emergencias","isPartOf":{"@id":"https:\/\/digital58.com.ve\/site\/#website"},"primaryImageOfPage":{"@id":"https:\/\/digital58.com.ve\/site\/2025\/10\/14\/maracaibo-activa-brigadas-comunitarias-ante-emergencias\/#primaryimage"},"image":{"@id":"https:\/\/digital58.com.ve\/site\/2025\/10\/14\/maracaibo-activa-brigadas-comunitarias-ante-emergencias\/#primaryimage"},"thumbnailUrl":"https:\/\/digital58.com.ve\/site\/wp-content\/uploads\/2025\/10\/brigadas-comunitarias-mcbo-2025-3.webp","datePublished":"2025-10-14T22:28:58+00:00","description":"Maracaibo activa brigadas comunitarias ante emergencias. Vecinos de Ra\u00fal Leoni se capacitan en respuesta a sismos con apoyo municipal y universitario.","breadcrumb":{"@id":"https:\/\/digital58.com.ve\/site\/2025\/10\/14\/maracaibo-activa-brigadas-comunitarias-ante-emergencias\/#breadcrumb"},"inLanguage":"es","potentialAction":[{"@type":"ReadAction","target":["https:\/\/digital58.com.ve\/site\/2025\/10\/14\/maracaibo-activa-brigadas-comunitarias-ante-emergencias\/"]}]},{"@type":"ImageObject","inLanguage":"es","@id":"https:\/\/digital58.com.ve\/site\/2025\/10\/14\/maracaibo-activa-brigadas-comunitarias-ante-emergencias\/#primaryimage","url":"https:\/\/digital58.com.ve\/site\/wp-content\/uploads\/2025\/10\/brigadas-comunitarias-mcbo-2025-3.webp","contentUrl":"https:\/\/digital58.com.ve\/site\/wp-content\/uploads\/2025\/10\/brigadas-comunitarias-mcbo-2025-3.webp","width":900,"height":600},{"@type":"BreadcrumbList","@id":"https:\/\/digital58.com.ve\/site\/2025\/10\/14\/maracaibo-activa-brigadas-comunitarias-ante-emergencias\/#breadcrumb","itemListElement":[{"@type":"ListItem","position":1,"name":"Home","item":"https:\/\/digital58.com.ve\/site\/"},{"@type":"ListItem","position":2,"name":"Maracaibo activa brigadas comunitarias ante emergencias"}]},{"@type":"WebSite","@id":"https:\/\/digital58.com.ve\/site\/#website","url":"https:\/\/digital58.com.ve\/site\/","name":"Noticias Digital58","description":"Portal de Noticias \u00a1Periodismo web de verdad! Lanzamiento web 22.11.2005 \/ Maracaibo, Venezuela","publisher":{"@id":"https:\/\/digital58.com.ve\/site\/#\/schema\/person\/64d1c2e4d0d4fd1b849980c4331c2951"},"alternateName":"ND58","potentialAction":[{"@type":"SearchAction","target":{"@type":"EntryPoint","urlTemplate":"https:\/\/digital58.com.ve\/site\/?s={search_term_string}"},"query-input":{"@type":"PropertyValueSpecification","valueRequired":true,"valueName":"search_term_string"}}],"inLanguage":"es"},{"@type":["Person","Organization"],"@id":"https:\/\/digital58.com.ve\/site\/#\/schema\/person\/64d1c2e4d0d4fd1b849980c4331c2951","name":"Villasmil Henry","image":{"@type":"ImageObject","inLanguage":"es","@id":"https:\/\/secure.gravatar.com\/avatar\/bb0c4a2fcb7970138239f7e404ea75757b1b507b28b5ce4c53fbd62d797c5a7c?s=96&d=mm&r=g","url":"https:\/\/secure.gravatar.com\/avatar\/bb0c4a2fcb7970138239f7e404ea75757b1b507b28b5ce4c53fbd62d797c5a7c?s=96&d=mm&r=g","contentUrl":"https:\/\/secure.gravatar.com\/avatar\/bb0c4a2fcb7970138239f7e404ea75757b1b507b28b5ce4c53fbd62d797c5a7c?s=96&d=mm&r=g","caption":"Villasmil Henry"},"logo":{"@id":"https:\/\/secure.gravatar.com\/avatar\/bb0c4a2fcb7970138239f7e404ea75757b1b507b28b5ce4c53fbd62d797c5a7c?s=96&d=mm&r=g"},"sameAs":["http:\/\/www.henryvillasmil.com.ve","https:\/\/www.instagram.com\/villasmilhfoto\/","https:\/\/x.com\/https:\/\/twitter.com\/villasmilhfoto"],"url":"https:\/\/digital58.com.ve\/site\/author\/droopy_68\/"}]}},"uagb_featured_image_src":{"full":["https:\/\/digital58.com.ve\/site\/wp-content\/uploads\/2025\/10\/brigadas-comunitarias-mcbo-2025-3.webp",900,600,false],"thumbnail":["https:\/\/digital58.com.ve\/site\/wp-content\/uploads\/2025\/10\/brigadas-comunitarias-mcbo-2025-3-150x150.webp",150,150,true],"medium":["https:\/\/digital58.com.ve\/site\/wp-content\/uploads\/2025\/10\/brigadas-comunitarias-mcbo-2025-3-300x200.webp",300,200,true],"medium_large":["https:\/\/digital58.com.ve\/site\/wp-content\/uploads\/2025\/10\/brigadas-comunitarias-mcbo-2025-3-768x512.webp",768,512,true],"large":["https:\/\/digital58.com.ve\/site\/wp-content\/uploads\/2025\/10\/brigadas-comunitarias-mcbo-2025-3.webp",800,533,false],"1536x1536":["https:\/\/digital58.com.ve\/site\/wp-content\/uploads\/2025\/10\/brigadas-comunitarias-mcbo-2025-3.webp",900,600,false],"2048x2048":["https:\/\/digital58.com.ve\/site\/wp-content\/uploads\/2025\/10\/brigadas-comunitarias-mcbo-2025-3.webp",900,600,false],"colormag-highlighted-post":["https:\/\/digital58.com.ve\/site\/wp-content\/uploads\/2025\/10\/brigadas-comunitarias-mcbo-2025-3-392x272.webp",392,272,true],"colormag-featured-post-medium":["https:\/\/digital58.com.ve\/site\/wp-content\/uploads\/2025\/10\/brigadas-comunitarias-mcbo-2025-3-390x205.webp",390,205,true],"colormag-featured-post-small":["https:\/\/digital58.com.ve\/site\/wp-content\/uploads\/2025\/10\/brigadas-comunitarias-mcbo-2025-3-130x90.webp",130,90,true],"colormag-featured-image":["https:\/\/digital58.com.ve\/site\/wp-content\/uploads\/2025\/10\/brigadas-comunitarias-mcbo-2025-3-800x445.webp",800,445,true],"colormag-default-news":["https:\/\/digital58.com.ve\/site\/wp-content\/uploads\/2025\/10\/brigadas-comunitarias-mcbo-2025-3-150x150.webp",150,150,true],"colormag-featured-image-large":["https:\/\/digital58.com.ve\/site\/wp-content\/uploads\/2025\/10\/brigadas-comunitarias-mcbo-2025-3.webp",900,600,false]},"uagb_author_info":{"display_name":"Villasmil Henry","author_link":"https:\/\/digital58.com.ve\/site\/author\/droopy_68\/"},"uagb_comment_info":0,"uagb_excerpt":"Alcald\u00eda y Universidad Polit\u00e9cnica capacitar\u00e1n a vecinos de Ra\u00fal Leoni en respuesta a sismos y desastres naturales. Maracaibo, Zulia, Venezuela,","_links":{"self":[{"href":"https:\/\/digital58.com.ve\/site\/wp-json\/wp\/v2\/posts\/191201","targetHints":{"allow":["GET"]}}],"collection":[{"href":"https:\/\/digital58.com.ve\/site\/wp-json\/wp\/v2\/posts"}],"about":[{"href":"https:\/\/digital58.com.ve\/site\/wp-json\/wp\/v2\/types\/post"}],"author":[{"embeddable":true,"href":"https:\/\/digital58.com.ve\/site\/wp-json\/wp\/v2\/users\/1"}],"replies":[{"embeddable":true,"href":"https:\/\/digital58.com.ve\/site\/wp-json\/wp\/v2\/comments?post=191201"}],"version-history":[{"count":1,"href":"https:\/\/digital58.com.ve\/site\/wp-json\/wp\/v2\/posts\/191201\/revisions"}],"predecessor-version":[{"id":191205,"href":"https:\/\/digital58.com.ve\/site\/wp-json\/wp\/v2\/posts\/191201\/revisions\/191205"}],"wp:featuredmedia":[{"embeddable":true,"href":"https:\/\/digital58.com.ve\/site\/wp-json\/wp\/v2\/media\/191202"}],"wp:attachment":[{"href":"https:\/\/digital58.com.ve\/site\/wp-json\/wp\/v2\/media?parent=191201"}],"wp:term":[{"taxonomy":"category","embeddable":true,"href":"https:\/\/digital58.com.ve\/site\/wp-json\/wp\/v2\/categories?post=191201"},{"taxonomy":"post_tag","embeddable":true,"href":"https:\/\/digital58.com.ve\/site\/wp-json\/wp\/v2\/tags?post=191201"}],"curies":[{"name":"wp","href":"https:\/\/api.w.org\/{rel}","templated":true}]}}