{"id":191258,"date":"2025-10-15T00:39:25","date_gmt":"2025-10-15T04:39:25","guid":{"rendered":"https:\/\/digital58.com.ve\/site\/?p=191258"},"modified":"2025-10-21T10:28:00","modified_gmt":"2025-10-21T14:28:00","slug":"lvbp-el-circuito-radial-con-mas-garra-alista-temporada-2025-2026","status":"publish","type":"post","link":"https:\/\/digital58.com.ve\/site\/2025\/10\/15\/lvbp-el-circuito-radial-con-mas-garra-alista-temporada-2025-2026\/","title":{"rendered":"LVBP | El circuito radial \u00abCon m\u00e1s garra\u00bb alista temporada 2025-2026"},"content":{"rendered":"<p><a class=\"keychainify-checked\" href=\"https:\/\/digital58.com.ve\/site\/wp-content\/uploads\/2025\/10\/circuito-radial-aguilas.webp\"><img loading=\"lazy\" decoding=\"async\" class=\"aligncenter wp-image-191259 size-full\" src=\"https:\/\/digital58.com.ve\/site\/wp-content\/uploads\/2025\/10\/circuito-radial-aguilas.webp\" alt=\"El Circuito Radial de \u00c1guilas del Zulia BBC anunci\u00f3 los detalles de su cobertura para la temporada 2025-2026 de la Liga Venezolana de B\u00e9isbol Profesional (LVBP), con un equipo consolidado de voces, nuevas alianzas y el regreso de Joan Urdaneta a las narraciones.\" width=\"900\" height=\"600\" srcset=\"https:\/\/digital58.com.ve\/site\/wp-content\/uploads\/2025\/10\/circuito-radial-aguilas.webp 900w, https:\/\/digital58.com.ve\/site\/wp-content\/uploads\/2025\/10\/circuito-radial-aguilas-300x200.webp 300w, https:\/\/digital58.com.ve\/site\/wp-content\/uploads\/2025\/10\/circuito-radial-aguilas-768x512.webp 768w\" sizes=\"auto, (max-width: 900px) 100vw, 900px\" \/><\/a><\/p>\n<blockquote><p>La nueva campa\u00f1a de los rapaces arranca el jueves 16 de octubre con transmisiones por \u00c9xitos 89.7 FM, el regreso de Joan Urdaneta y un equipo renovado que promete emociones dentro y fuera del diamante.<\/p><\/blockquote>\n<p><strong>Maracaibo, Zulia, Venezuela, 15 de octubre de 2025 (ND58).-<\/strong> El Circuito Radial de \u00c1guilas del Zulia BBC anunci\u00f3 los detalles de su cobertura para la temporada 2025-2026 de la Liga Venezolana de B\u00e9isbol Profesional (LVBP), con un equipo consolidado de voces, nuevas alianzas y el regreso de Joan Urdaneta a las narraciones.<\/p>\n<h2>El arranque del vuelo zuliano<\/h2>\n<p>El comentarista Wenceslao Moreno, conocido como \u00ab<span data-huuid=\"4660421552291497573\">El Monstruo Verde\u00bb<\/span> confirm\u00f3 que la temporada comienza este jueves 16 de octubre en Maracaibo, con una doble serie ante Tiburones de La Guaira y Navegantes del Magallanes.<\/p>\n<p>Ser\u00e1n los primeros cuatro compromisos de los 28 juegos en casa que disputar\u00e1 el conjunto zuliano en el Estadio Luis Aparicio \u00abEl Grande\u00bb, dentro de un calendario total de 56 encuentros.<\/p>\n<p>Moreno destac\u00f3 que este inicio promete \u00abcosas muy, pero que muy interesantes para \u00c1guilas en esta temporada\u00bb.<\/p>\n<p style=\"text-align: center;\"><div class=\"lyte-wrapper\" title=\"\ud83d\udccc LVBP | El circuito radial &laquo;Con m&aacute;s garra&raquo; alista temporada 2025-2026\" style=\"width:640px;max-width:100%;margin:5px auto;\"><div class=\"lyMe\" id=\"WYL_p-171OsNvRo\" itemprop=\"video\" itemscope itemtype=\"https:\/\/schema.org\/VideoObject\"><div><meta itemprop=\"thumbnailUrl\" content=\"https:\/\/i.ytimg.com\/vi\/p-171OsNvRo\/hqdefault.jpg\" \/><meta itemprop=\"embedURL\" content=\"https:\/\/www.youtube.com\/embed\/p-171OsNvRo\" \/><meta itemprop=\"duration\" content=\"PT5M49S\" \/><meta itemprop=\"uploadDate\" content=\"2025-10-16T21:25:21Z\" \/><\/div><div id=\"lyte_p-171OsNvRo\" data-src=\"https:\/\/i.ytimg.com\/vi\/p-171OsNvRo\/hqdefault.jpg\" class=\"pL\"><div class=\"tC\"><div class=\"tT\" itemprop=\"name\">\ud83d\udccc LVBP | El circuito radial \u00abCon m\u00e1s garra\u00bb alista temporada 2025-2026<\/div><\/div><div class=\"play\"><\/div><div class=\"ctrl\"><div class=\"Lctrl\"><\/div><div class=\"Rctrl\"><\/div><\/div><\/div><noscript><a href=\"https:\/\/youtu.be\/p-171OsNvRo\" rel=\"nofollow\"><img loading=\"lazy\" decoding=\"async\" src=\"https:\/\/i.ytimg.com\/vi\/p-171OsNvRo\/0.jpg\" alt=\"\ud83d\udccc LVBP | El circuito radial &laquo;Con m&aacute;s garra&raquo; alista temporada 2025-2026\" width=\"640\" height=\"340\" \/><br \/>Ver este video en YouTube<\/a><\/noscript><meta itemprop=\"description\" content=\"\ud83e\udd85 El Circuito Radial \u00c1guilas del Zulia inicia la temporada 2025-2026 con nueva se\u00f1al por \u00c9xitos 89.7 FM, el regreso de Joan Urdaneta y un equipo de voces que llevar\u00e1 la emoci\u00f3n del b\u00e9isbol a toda Venezuela. \ud83c\udf99\ufe0f Con Rafael Petit, Wenceslao Moreno, Jos\u00e9 Javier M\u00e9ndez, H\u00e9ctor Arrieta, Jorge Eduardo Fuenmayor y \u00c1ngel Paul Pereira, la transmisi\u00f3n promete pasi\u00f3n, profesionalismo y cercan\u00eda con la fanaticada. Voz en off: @superdiego18 M\u00fasica oficial ND58: Armando Hern\u00e1ndez (@armanditohernandez) Voz Marca Principal ND58: (@neomarcr1) Voz Marca ND58: Ana Sofia Morales (@anasofsinger) Guitarras: Humbert Urdaneta (@nosoysanz) C\u00e1mara: @cinthyagalvisr Direcci\u00f3n y edici\u00f3n: @villasmilhfoto #\u00c1guilasDelZulia #LVBP2025 #CircuitoRadial #B\u00e9isbolVenezolano #Maracaibo #NoticiasDigital58 #Temporada2025 #DeporteZuliano #JoanUrdaneta #\u00c9xitos897FM\"><\/div><\/div><div class=\"lL\" style=\"max-width:100%;width:640px;margin:5px auto;\"><\/div><\/p>\n<h2>Nueva se\u00f1al matriz<\/h2>\n<p>El narrador Rafael Petit inform\u00f3 que, el circuito radial transmitir\u00e1 por <a class=\"keychainify-checked\" href=\"https:\/\/www.instagram.com\/exitos897\/\" target=\"_blank\" rel=\"noopener\"><strong>\u00c9xitos 89.7 FM<\/strong><\/a>, se\u00f1al matriz en el estado Zulia.<\/p>\n<p>Petit destac\u00f3 el regreso de Joan Urdaneta Sandrea, una de las voces m\u00e1s queridas por la afici\u00f3n, junto a Jos\u00e9 Javier M\u00e9ndez, Jorge Eduardo Fuenmayor, Wenceslao Moreno, \u00c1ngel Paul Pereira y H\u00e9ctor Arrieta, quienes integran el grupo que llevar\u00e1 cada jugada con pasi\u00f3n y profesionalismo.<\/p>\n<p><strong>\u00abEl circuito no solo transmite lo que ocurre en el terreno, sino tambi\u00e9n lo que se vive fuera de \u00e9l, acompa\u00f1ando al fan\u00e1tico en cada incidencia y cada emoci\u00f3n del juego\u00bb<\/strong>, se\u00f1al\u00f3 Petit.<\/p>\n<h2>El regreso de \u00ab<span data-huuid=\"12985855364983732017\">Lo tiene a su merced<\/span>\u00bb<\/h2>\n<p>El reconocido locutor Joan Urdaneta expres\u00f3 su entusiasmo por volver al circuito despu\u00e9s de varios a\u00f1os de ausencia. \u00abMe ausent\u00e9 por la familia, pero por la familia regreso\u00bb, coment\u00f3 emocionado.<\/p>\n<p>Agradeci\u00f3 el cari\u00f1o de los fan\u00e1ticos y afirm\u00f3 que su retorno representa una nueva etapa de conexi\u00f3n con la audiencia zuliana: \u00abEspero compartir muchas alegr\u00edas y dar lo mejor de m\u00ed en cada transmisi\u00f3n\u00bb.<\/p>\n<h2>Trabajo t\u00e9cnico y expansi\u00f3n digital<\/h2>\n<p>El operador t\u00e9cnico H\u00e9ctor Arrieta explic\u00f3 que la producci\u00f3n de las transmisiones mantiene su compromiso con la calidad de sonido y la innovaci\u00f3n digital.<\/p>\n<p>\u00abNos adaptamos a las nuevas tendencias para ofrecer una experiencia auditiva clara y envolvente, ya sea desde el tel\u00e9fono, el autom\u00f3vil o cualquier lugar donde el fan\u00e1tico siga el juego\u00bb, indic\u00f3.<\/p>\n<p>El circuito tambi\u00e9n fortalece su presencia en plataformas digitales como <strong>baseballplay.com<\/strong> y<a class=\"keychainify-checked\" href=\"https:\/\/www.youtube.com\/playlist?list=PL8YJzNe3nlkcoaROXJ5atugGulIRKrAQ1\" target=\"_blank\" rel=\"noopener\"><strong> YouTube<\/strong><\/a>, extendiendo su alcance m\u00e1s all\u00e1 de la se\u00f1al radial.<\/p>\n<h3>Compromiso con la fanaticada y los aliados comerciales<\/h3>\n<p>El locutor comercial Jos\u00e9 Javier M\u00e9ndez expres\u00f3 su orgullo por formar parte del circuito por tercer a\u00f1o consecutivo.<\/p>\n<p>\u00abEste es un nuevo reto con grandes referentes como Joan Urdaneta y un equipo con la garra que caracteriza a las \u00c1guilas del Zulia\u00bb, afirm\u00f3.<\/p>\n<p>Asimismo, Rafael Petit record\u00f3 que las marcas interesadas en apoyar las transmisiones pueden contactar al circuito: <strong>\u00abEl Circuito Radial \u00c1guilas del Zulia acompa\u00f1a al fan\u00e1tico donde est\u00e9: en su casa, en el carro o en el trabajo. Somos parte de su d\u00eda a d\u00eda\u00bb<\/strong>.<\/p>\n<p><strong>Sala de redacci\u00f3n ND58\u00a0<\/strong><br \/>\n<strong>Edici\u00f3n: Villasmil, Henry<\/strong><br \/>\n<strong>Gr\u00e1ficas: @villasmihfoto<\/strong><\/p>\n<p>&nbsp;<\/p>\n<p>&nbsp;<\/p>\n<p>&nbsp;<\/p><div class=\"iceax69ef2d455eea4\" ><p style=\"text-align: center;\"><a href=\"https:\/\/t.me\/noticiasdigital58\" target=\"_blank\" rel=\"noopener\"><img class=\"aligncenter size-full wp-image-125363\" src=\"https:\/\/digital58.com.ve\/site\/wp-content\/uploads\/2021\/04\/banner-telegram-web-2021.png\" alt=\"\" width=\"600\" height=\"90\" \/><\/a><\/p><\/div><style type=\"text\/css\">\r\n@media screen and (min-width: 1201px) {\r\n.iceax69ef2d455eea4 {\r\ndisplay: block;\r\n}\r\n}\r\n@media screen and (min-width: 993px) and (max-width: 1200px) {\r\n.iceax69ef2d455eea4 {\r\ndisplay: block;\r\n}\r\n}\r\n@media screen and (min-width: 769px) and (max-width: 992px) {\r\n.iceax69ef2d455eea4 {\r\ndisplay: block;\r\n}\r\n}\r\n@media screen and (min-width: 768px) and (max-width: 768px) {\r\n.iceax69ef2d455eea4 {\r\ndisplay: block;\r\n}\r\n}\r\n@media screen and (max-width: 767px) {\r\n.iceax69ef2d455eea4 {\r\ndisplay: block;\r\n}\r\n}\r\n<\/style>\r\n\n<p>&nbsp;<\/p>\n<div style=\"margin-top: 0px; margin-bottom: 0px;\" class=\"sharethis-inline-share-buttons\" ><\/div>","protected":false},"excerpt":{"rendered":"<p>La nueva campa\u00f1a de los rapaces arranca el jueves 16 de octubre con transmisiones por \u00c9xitos 89.7 FM, el regreso<\/p>\n","protected":false},"author":1,"featured_media":191259,"comment_status":"open","ping_status":"closed","sticky":false,"template":"","format":"standard","meta":{"colormag_page_container_layout":"default_layout","colormag_page_sidebar_layout":"default_layout","_uag_custom_page_level_css":"","footnotes":""},"categories":[35475,5402],"tags":[447,448,22171,449,35512,30163,450,35268,73,233,35511,2354,32,761],"class_list":["post-191258","post","type-post","status-publish","format-standard","has-post-thumbnail","hentry","category-aguilas-del-zulia","category-deportes","tag-aguilas-del-zulia-bbc","tag-beisbol","tag-beisbol-nacional","tag-beisbol-venezolano","tag-circuito-radial-aguilas-del-zulia","tag-exitos-89-7-fm","tag-lvbp","tag-lvbp-2025-2026","tag-maracaibo","tag-nacionales","tag-presentacion-2025-2026","tag-regionales","tag-venezuela","tag-zulia"],"yoast_head":"<!-- This site is optimized with the Yoast SEO plugin v27.4 - https:\/\/yoast.com\/product\/yoast-seo-wordpress\/ -->\n<title>LVBP | El circuito radial \u00abCon m\u00e1s garra\u00bb alista temporada 2025-2026<\/title>\n<meta name=\"description\" content=\"El Circuito Radial \u00c1guilas del Zulia inicia la temporada 2025-2026 con nueva se\u00f1al y el regreso de Joan Urdaneta.\" \/>\n<meta name=\"robots\" content=\"index, follow, max-snippet:-1, max-image-preview:large, max-video-preview:-1\" \/>\n<link rel=\"canonical\" href=\"https:\/\/digital58.com.ve\/site\/2025\/10\/15\/lvbp-el-circuito-radial-con-mas-garra-alista-temporada-2025-2026\/\" \/>\n<meta property=\"og:locale\" content=\"es_ES\" \/>\n<meta property=\"og:type\" content=\"article\" \/>\n<meta property=\"og:title\" content=\"LVBP | El circuito radial \u00abCon m\u00e1s garra\u00bb alista temporada 2025-2026\" \/>\n<meta property=\"og:description\" content=\"El Circuito Radial \u00c1guilas del Zulia inicia la temporada 2025-2026 con nueva se\u00f1al y el regreso de Joan Urdaneta.\" \/>\n<meta property=\"og:url\" content=\"https:\/\/digital58.com.ve\/site\/2025\/10\/15\/lvbp-el-circuito-radial-con-mas-garra-alista-temporada-2025-2026\/\" \/>\n<meta property=\"og:site_name\" content=\"Noticias Digital58\" \/>\n<meta property=\"article:published_time\" content=\"2025-10-15T04:39:25+00:00\" \/>\n<meta property=\"article:modified_time\" content=\"2025-10-21T14:28:00+00:00\" \/>\n<meta property=\"og:image\" content=\"https:\/\/digital58.com.ve\/site\/wp-content\/uploads\/2025\/10\/circuito-radial-aguilas.webp\" \/>\n\t<meta property=\"og:image:width\" content=\"900\" \/>\n\t<meta property=\"og:image:height\" content=\"600\" \/>\n\t<meta property=\"og:image:type\" content=\"image\/webp\" \/>\n<meta name=\"author\" content=\"Villasmil Henry\" \/>\n<meta name=\"twitter:card\" content=\"summary_large_image\" \/>\n<meta name=\"twitter:creator\" content=\"@https:\/\/twitter.com\/villasmilhfoto\" \/>\n<meta name=\"twitter:site\" content=\"@villasmilhfoto\" \/>\n<meta name=\"twitter:label1\" content=\"Escrito por\" \/>\n\t<meta name=\"twitter:data1\" content=\"Villasmil Henry\" \/>\n\t<meta name=\"twitter:label2\" content=\"Tiempo estimado de lectura\" \/>\n\t<meta name=\"twitter:data2\" content=\"3 minutos\" \/>\n<script type=\"application\/ld+json\" class=\"yoast-schema-graph\">{\"@context\":\"https:\\\/\\\/schema.org\",\"@graph\":[{\"@type\":\"Article\",\"@id\":\"https:\\\/\\\/digital58.com.ve\\\/site\\\/2025\\\/10\\\/15\\\/lvbp-el-circuito-radial-con-mas-garra-alista-temporada-2025-2026\\\/#article\",\"isPartOf\":{\"@id\":\"https:\\\/\\\/digital58.com.ve\\\/site\\\/2025\\\/10\\\/15\\\/lvbp-el-circuito-radial-con-mas-garra-alista-temporada-2025-2026\\\/\"},\"author\":{\"name\":\"Villasmil Henry\",\"@id\":\"https:\\\/\\\/digital58.com.ve\\\/site\\\/#\\\/schema\\\/person\\\/64d1c2e4d0d4fd1b849980c4331c2951\"},\"headline\":\"LVBP | El circuito radial \u00abCon m\u00e1s garra\u00bb alista temporada 2025-2026\",\"datePublished\":\"2025-10-15T04:39:25+00:00\",\"dateModified\":\"2025-10-21T14:28:00+00:00\",\"mainEntityOfPage\":{\"@id\":\"https:\\\/\\\/digital58.com.ve\\\/site\\\/2025\\\/10\\\/15\\\/lvbp-el-circuito-radial-con-mas-garra-alista-temporada-2025-2026\\\/\"},\"wordCount\":585,\"commentCount\":1,\"publisher\":{\"@id\":\"https:\\\/\\\/digital58.com.ve\\\/site\\\/#\\\/schema\\\/person\\\/64d1c2e4d0d4fd1b849980c4331c2951\"},\"image\":{\"@id\":\"https:\\\/\\\/digital58.com.ve\\\/site\\\/2025\\\/10\\\/15\\\/lvbp-el-circuito-radial-con-mas-garra-alista-temporada-2025-2026\\\/#primaryimage\"},\"thumbnailUrl\":\"https:\\\/\\\/digital58.com.ve\\\/site\\\/wp-content\\\/uploads\\\/2025\\\/10\\\/circuito-radial-aguilas.webp\",\"keywords\":[\"\u00c1guilas del Zulia BBC\",\"B\u00e9isbol\",\"B\u00e9isbol nacional\",\"B\u00e9isbol Venezolano\",\"Circuito Radial Aguilas del Zulia\",\"\u00c9xitos 89.7 FM\",\"LVBP\",\"LVBP 2025-2026\",\"Maracaibo\",\"Nacionales\",\"Presentaci\u00f3n 2025-2026\",\"Regionales\",\"Venezuela\",\"Zulia\"],\"articleSection\":[\"\u00c1guilas del Zulia\",\"Deportes\"],\"inLanguage\":\"es\",\"potentialAction\":[{\"@type\":\"CommentAction\",\"name\":\"Comment\",\"target\":[\"https:\\\/\\\/digital58.com.ve\\\/site\\\/2025\\\/10\\\/15\\\/lvbp-el-circuito-radial-con-mas-garra-alista-temporada-2025-2026\\\/#respond\"]}]},{\"@type\":\"WebPage\",\"@id\":\"https:\\\/\\\/digital58.com.ve\\\/site\\\/2025\\\/10\\\/15\\\/lvbp-el-circuito-radial-con-mas-garra-alista-temporada-2025-2026\\\/\",\"url\":\"https:\\\/\\\/digital58.com.ve\\\/site\\\/2025\\\/10\\\/15\\\/lvbp-el-circuito-radial-con-mas-garra-alista-temporada-2025-2026\\\/\",\"name\":\"LVBP | El circuito radial \u00abCon m\u00e1s garra\u00bb alista temporada 2025-2026\",\"isPartOf\":{\"@id\":\"https:\\\/\\\/digital58.com.ve\\\/site\\\/#website\"},\"primaryImageOfPage\":{\"@id\":\"https:\\\/\\\/digital58.com.ve\\\/site\\\/2025\\\/10\\\/15\\\/lvbp-el-circuito-radial-con-mas-garra-alista-temporada-2025-2026\\\/#primaryimage\"},\"image\":{\"@id\":\"https:\\\/\\\/digital58.com.ve\\\/site\\\/2025\\\/10\\\/15\\\/lvbp-el-circuito-radial-con-mas-garra-alista-temporada-2025-2026\\\/#primaryimage\"},\"thumbnailUrl\":\"https:\\\/\\\/digital58.com.ve\\\/site\\\/wp-content\\\/uploads\\\/2025\\\/10\\\/circuito-radial-aguilas.webp\",\"datePublished\":\"2025-10-15T04:39:25+00:00\",\"dateModified\":\"2025-10-21T14:28:00+00:00\",\"description\":\"El Circuito Radial \u00c1guilas del Zulia inicia la temporada 2025-2026 con nueva se\u00f1al y el regreso de Joan Urdaneta.\",\"breadcrumb\":{\"@id\":\"https:\\\/\\\/digital58.com.ve\\\/site\\\/2025\\\/10\\\/15\\\/lvbp-el-circuito-radial-con-mas-garra-alista-temporada-2025-2026\\\/#breadcrumb\"},\"inLanguage\":\"es\",\"potentialAction\":[{\"@type\":\"ReadAction\",\"target\":[\"https:\\\/\\\/digital58.com.ve\\\/site\\\/2025\\\/10\\\/15\\\/lvbp-el-circuito-radial-con-mas-garra-alista-temporada-2025-2026\\\/\"]}]},{\"@type\":\"ImageObject\",\"inLanguage\":\"es\",\"@id\":\"https:\\\/\\\/digital58.com.ve\\\/site\\\/2025\\\/10\\\/15\\\/lvbp-el-circuito-radial-con-mas-garra-alista-temporada-2025-2026\\\/#primaryimage\",\"url\":\"https:\\\/\\\/digital58.com.ve\\\/site\\\/wp-content\\\/uploads\\\/2025\\\/10\\\/circuito-radial-aguilas.webp\",\"contentUrl\":\"https:\\\/\\\/digital58.com.ve\\\/site\\\/wp-content\\\/uploads\\\/2025\\\/10\\\/circuito-radial-aguilas.webp\",\"width\":900,\"height\":600},{\"@type\":\"BreadcrumbList\",\"@id\":\"https:\\\/\\\/digital58.com.ve\\\/site\\\/2025\\\/10\\\/15\\\/lvbp-el-circuito-radial-con-mas-garra-alista-temporada-2025-2026\\\/#breadcrumb\",\"itemListElement\":[{\"@type\":\"ListItem\",\"position\":1,\"name\":\"Home\",\"item\":\"https:\\\/\\\/digital58.com.ve\\\/site\\\/\"},{\"@type\":\"ListItem\",\"position\":2,\"name\":\"LVBP | El circuito radial \u00abCon m\u00e1s garra\u00bb alista temporada 2025-2026\"}]},{\"@type\":\"WebSite\",\"@id\":\"https:\\\/\\\/digital58.com.ve\\\/site\\\/#website\",\"url\":\"https:\\\/\\\/digital58.com.ve\\\/site\\\/\",\"name\":\"Noticias Digital58\",\"description\":\"Portal de Noticias \u00a1Periodismo web de verdad! Lanzamiento web 22.11.2005 \\\/ Maracaibo, Venezuela\",\"publisher\":{\"@id\":\"https:\\\/\\\/digital58.com.ve\\\/site\\\/#\\\/schema\\\/person\\\/64d1c2e4d0d4fd1b849980c4331c2951\"},\"alternateName\":\"ND58\",\"potentialAction\":[{\"@type\":\"SearchAction\",\"target\":{\"@type\":\"EntryPoint\",\"urlTemplate\":\"https:\\\/\\\/digital58.com.ve\\\/site\\\/?s={search_term_string}\"},\"query-input\":{\"@type\":\"PropertyValueSpecification\",\"valueRequired\":true,\"valueName\":\"search_term_string\"}}],\"inLanguage\":\"es\"},{\"@type\":[\"Person\",\"Organization\"],\"@id\":\"https:\\\/\\\/digital58.com.ve\\\/site\\\/#\\\/schema\\\/person\\\/64d1c2e4d0d4fd1b849980c4331c2951\",\"name\":\"Villasmil Henry\",\"image\":{\"@type\":\"ImageObject\",\"inLanguage\":\"es\",\"@id\":\"https:\\\/\\\/secure.gravatar.com\\\/avatar\\\/bb0c4a2fcb7970138239f7e404ea75757b1b507b28b5ce4c53fbd62d797c5a7c?s=96&d=mm&r=g\",\"url\":\"https:\\\/\\\/secure.gravatar.com\\\/avatar\\\/bb0c4a2fcb7970138239f7e404ea75757b1b507b28b5ce4c53fbd62d797c5a7c?s=96&d=mm&r=g\",\"contentUrl\":\"https:\\\/\\\/secure.gravatar.com\\\/avatar\\\/bb0c4a2fcb7970138239f7e404ea75757b1b507b28b5ce4c53fbd62d797c5a7c?s=96&d=mm&r=g\",\"caption\":\"Villasmil Henry\"},\"logo\":{\"@id\":\"https:\\\/\\\/secure.gravatar.com\\\/avatar\\\/bb0c4a2fcb7970138239f7e404ea75757b1b507b28b5ce4c53fbd62d797c5a7c?s=96&d=mm&r=g\"},\"sameAs\":[\"http:\\\/\\\/www.henryvillasmil.com.ve\",\"https:\\\/\\\/www.instagram.com\\\/villasmilhfoto\\\/\",\"https:\\\/\\\/x.com\\\/https:\\\/\\\/twitter.com\\\/villasmilhfoto\"],\"url\":\"https:\\\/\\\/digital58.com.ve\\\/site\\\/author\\\/droopy_68\\\/\"}]}<\/script>\n<!-- \/ Yoast SEO plugin. -->","yoast_head_json":{"title":"LVBP | El circuito radial \u00abCon m\u00e1s garra\u00bb alista temporada 2025-2026","description":"El Circuito Radial \u00c1guilas del Zulia inicia la temporada 2025-2026 con nueva se\u00f1al y el regreso de Joan Urdaneta.","robots":{"index":"index","follow":"follow","max-snippet":"max-snippet:-1","max-image-preview":"max-image-preview:large","max-video-preview":"max-video-preview:-1"},"canonical":"https:\/\/digital58.com.ve\/site\/2025\/10\/15\/lvbp-el-circuito-radial-con-mas-garra-alista-temporada-2025-2026\/","og_locale":"es_ES","og_type":"article","og_title":"LVBP | El circuito radial \u00abCon m\u00e1s garra\u00bb alista temporada 2025-2026","og_description":"El Circuito Radial \u00c1guilas del Zulia inicia la temporada 2025-2026 con nueva se\u00f1al y el regreso de Joan Urdaneta.","og_url":"https:\/\/digital58.com.ve\/site\/2025\/10\/15\/lvbp-el-circuito-radial-con-mas-garra-alista-temporada-2025-2026\/","og_site_name":"Noticias Digital58","article_published_time":"2025-10-15T04:39:25+00:00","article_modified_time":"2025-10-21T14:28:00+00:00","og_image":[{"width":900,"height":600,"url":"https:\/\/digital58.com.ve\/site\/wp-content\/uploads\/2025\/10\/circuito-radial-aguilas.webp","type":"image\/webp"}],"author":"Villasmil Henry","twitter_card":"summary_large_image","twitter_creator":"@https:\/\/twitter.com\/villasmilhfoto","twitter_site":"@villasmilhfoto","twitter_misc":{"Escrito por":"Villasmil Henry","Tiempo estimado de lectura":"3 minutos"},"schema":{"@context":"https:\/\/schema.org","@graph":[{"@type":"Article","@id":"https:\/\/digital58.com.ve\/site\/2025\/10\/15\/lvbp-el-circuito-radial-con-mas-garra-alista-temporada-2025-2026\/#article","isPartOf":{"@id":"https:\/\/digital58.com.ve\/site\/2025\/10\/15\/lvbp-el-circuito-radial-con-mas-garra-alista-temporada-2025-2026\/"},"author":{"name":"Villasmil Henry","@id":"https:\/\/digital58.com.ve\/site\/#\/schema\/person\/64d1c2e4d0d4fd1b849980c4331c2951"},"headline":"LVBP | El circuito radial \u00abCon m\u00e1s garra\u00bb alista temporada 2025-2026","datePublished":"2025-10-15T04:39:25+00:00","dateModified":"2025-10-21T14:28:00+00:00","mainEntityOfPage":{"@id":"https:\/\/digital58.com.ve\/site\/2025\/10\/15\/lvbp-el-circuito-radial-con-mas-garra-alista-temporada-2025-2026\/"},"wordCount":585,"commentCount":1,"publisher":{"@id":"https:\/\/digital58.com.ve\/site\/#\/schema\/person\/64d1c2e4d0d4fd1b849980c4331c2951"},"image":{"@id":"https:\/\/digital58.com.ve\/site\/2025\/10\/15\/lvbp-el-circuito-radial-con-mas-garra-alista-temporada-2025-2026\/#primaryimage"},"thumbnailUrl":"https:\/\/digital58.com.ve\/site\/wp-content\/uploads\/2025\/10\/circuito-radial-aguilas.webp","keywords":["\u00c1guilas del Zulia BBC","B\u00e9isbol","B\u00e9isbol nacional","B\u00e9isbol Venezolano","Circuito Radial Aguilas del Zulia","\u00c9xitos 89.7 FM","LVBP","LVBP 2025-2026","Maracaibo","Nacionales","Presentaci\u00f3n 2025-2026","Regionales","Venezuela","Zulia"],"articleSection":["\u00c1guilas del Zulia","Deportes"],"inLanguage":"es","potentialAction":[{"@type":"CommentAction","name":"Comment","target":["https:\/\/digital58.com.ve\/site\/2025\/10\/15\/lvbp-el-circuito-radial-con-mas-garra-alista-temporada-2025-2026\/#respond"]}]},{"@type":"WebPage","@id":"https:\/\/digital58.com.ve\/site\/2025\/10\/15\/lvbp-el-circuito-radial-con-mas-garra-alista-temporada-2025-2026\/","url":"https:\/\/digital58.com.ve\/site\/2025\/10\/15\/lvbp-el-circuito-radial-con-mas-garra-alista-temporada-2025-2026\/","name":"LVBP | El circuito radial \u00abCon m\u00e1s garra\u00bb alista temporada 2025-2026","isPartOf":{"@id":"https:\/\/digital58.com.ve\/site\/#website"},"primaryImageOfPage":{"@id":"https:\/\/digital58.com.ve\/site\/2025\/10\/15\/lvbp-el-circuito-radial-con-mas-garra-alista-temporada-2025-2026\/#primaryimage"},"image":{"@id":"https:\/\/digital58.com.ve\/site\/2025\/10\/15\/lvbp-el-circuito-radial-con-mas-garra-alista-temporada-2025-2026\/#primaryimage"},"thumbnailUrl":"https:\/\/digital58.com.ve\/site\/wp-content\/uploads\/2025\/10\/circuito-radial-aguilas.webp","datePublished":"2025-10-15T04:39:25+00:00","dateModified":"2025-10-21T14:28:00+00:00","description":"El Circuito Radial \u00c1guilas del Zulia inicia la temporada 2025-2026 con nueva se\u00f1al y el regreso de Joan Urdaneta.","breadcrumb":{"@id":"https:\/\/digital58.com.ve\/site\/2025\/10\/15\/lvbp-el-circuito-radial-con-mas-garra-alista-temporada-2025-2026\/#breadcrumb"},"inLanguage":"es","potentialAction":[{"@type":"ReadAction","target":["https:\/\/digital58.com.ve\/site\/2025\/10\/15\/lvbp-el-circuito-radial-con-mas-garra-alista-temporada-2025-2026\/"]}]},{"@type":"ImageObject","inLanguage":"es","@id":"https:\/\/digital58.com.ve\/site\/2025\/10\/15\/lvbp-el-circuito-radial-con-mas-garra-alista-temporada-2025-2026\/#primaryimage","url":"https:\/\/digital58.com.ve\/site\/wp-content\/uploads\/2025\/10\/circuito-radial-aguilas.webp","contentUrl":"https:\/\/digital58.com.ve\/site\/wp-content\/uploads\/2025\/10\/circuito-radial-aguilas.webp","width":900,"height":600},{"@type":"BreadcrumbList","@id":"https:\/\/digital58.com.ve\/site\/2025\/10\/15\/lvbp-el-circuito-radial-con-mas-garra-alista-temporada-2025-2026\/#breadcrumb","itemListElement":[{"@type":"ListItem","position":1,"name":"Home","item":"https:\/\/digital58.com.ve\/site\/"},{"@type":"ListItem","position":2,"name":"LVBP | El circuito radial \u00abCon m\u00e1s garra\u00bb alista temporada 2025-2026"}]},{"@type":"WebSite","@id":"https:\/\/digital58.com.ve\/site\/#website","url":"https:\/\/digital58.com.ve\/site\/","name":"Noticias Digital58","description":"Portal de Noticias \u00a1Periodismo web de verdad! Lanzamiento web 22.11.2005 \/ Maracaibo, Venezuela","publisher":{"@id":"https:\/\/digital58.com.ve\/site\/#\/schema\/person\/64d1c2e4d0d4fd1b849980c4331c2951"},"alternateName":"ND58","potentialAction":[{"@type":"SearchAction","target":{"@type":"EntryPoint","urlTemplate":"https:\/\/digital58.com.ve\/site\/?s={search_term_string}"},"query-input":{"@type":"PropertyValueSpecification","valueRequired":true,"valueName":"search_term_string"}}],"inLanguage":"es"},{"@type":["Person","Organization"],"@id":"https:\/\/digital58.com.ve\/site\/#\/schema\/person\/64d1c2e4d0d4fd1b849980c4331c2951","name":"Villasmil Henry","image":{"@type":"ImageObject","inLanguage":"es","@id":"https:\/\/secure.gravatar.com\/avatar\/bb0c4a2fcb7970138239f7e404ea75757b1b507b28b5ce4c53fbd62d797c5a7c?s=96&d=mm&r=g","url":"https:\/\/secure.gravatar.com\/avatar\/bb0c4a2fcb7970138239f7e404ea75757b1b507b28b5ce4c53fbd62d797c5a7c?s=96&d=mm&r=g","contentUrl":"https:\/\/secure.gravatar.com\/avatar\/bb0c4a2fcb7970138239f7e404ea75757b1b507b28b5ce4c53fbd62d797c5a7c?s=96&d=mm&r=g","caption":"Villasmil Henry"},"logo":{"@id":"https:\/\/secure.gravatar.com\/avatar\/bb0c4a2fcb7970138239f7e404ea75757b1b507b28b5ce4c53fbd62d797c5a7c?s=96&d=mm&r=g"},"sameAs":["http:\/\/www.henryvillasmil.com.ve","https:\/\/www.instagram.com\/villasmilhfoto\/","https:\/\/x.com\/https:\/\/twitter.com\/villasmilhfoto"],"url":"https:\/\/digital58.com.ve\/site\/author\/droopy_68\/"}]}},"uagb_featured_image_src":{"full":["https:\/\/digital58.com.ve\/site\/wp-content\/uploads\/2025\/10\/circuito-radial-aguilas.webp",900,600,false],"thumbnail":["https:\/\/digital58.com.ve\/site\/wp-content\/uploads\/2025\/10\/circuito-radial-aguilas-150x150.webp",150,150,true],"medium":["https:\/\/digital58.com.ve\/site\/wp-content\/uploads\/2025\/10\/circuito-radial-aguilas-300x200.webp",300,200,true],"medium_large":["https:\/\/digital58.com.ve\/site\/wp-content\/uploads\/2025\/10\/circuito-radial-aguilas-768x512.webp",768,512,true],"large":["https:\/\/digital58.com.ve\/site\/wp-content\/uploads\/2025\/10\/circuito-radial-aguilas.webp",800,533,false],"1536x1536":["https:\/\/digital58.com.ve\/site\/wp-content\/uploads\/2025\/10\/circuito-radial-aguilas.webp",900,600,false],"2048x2048":["https:\/\/digital58.com.ve\/site\/wp-content\/uploads\/2025\/10\/circuito-radial-aguilas.webp",900,600,false],"colormag-highlighted-post":["https:\/\/digital58.com.ve\/site\/wp-content\/uploads\/2025\/10\/circuito-radial-aguilas-392x272.webp",392,272,true],"colormag-featured-post-medium":["https:\/\/digital58.com.ve\/site\/wp-content\/uploads\/2025\/10\/circuito-radial-aguilas-390x205.webp",390,205,true],"colormag-featured-post-small":["https:\/\/digital58.com.ve\/site\/wp-content\/uploads\/2025\/10\/circuito-radial-aguilas-130x90.webp",130,90,true],"colormag-featured-image":["https:\/\/digital58.com.ve\/site\/wp-content\/uploads\/2025\/10\/circuito-radial-aguilas-800x445.webp",800,445,true],"colormag-default-news":["https:\/\/digital58.com.ve\/site\/wp-content\/uploads\/2025\/10\/circuito-radial-aguilas-150x150.webp",150,150,true],"colormag-featured-image-large":["https:\/\/digital58.com.ve\/site\/wp-content\/uploads\/2025\/10\/circuito-radial-aguilas.webp",900,600,false]},"uagb_author_info":{"display_name":"Villasmil Henry","author_link":"https:\/\/digital58.com.ve\/site\/author\/droopy_68\/"},"uagb_comment_info":1,"uagb_excerpt":"La nueva campa\u00f1a de los rapaces arranca el jueves 16 de octubre con transmisiones por \u00c9xitos 89.7 FM, el regreso","_links":{"self":[{"href":"https:\/\/digital58.com.ve\/site\/wp-json\/wp\/v2\/posts\/191258","targetHints":{"allow":["GET"]}}],"collection":[{"href":"https:\/\/digital58.com.ve\/site\/wp-json\/wp\/v2\/posts"}],"about":[{"href":"https:\/\/digital58.com.ve\/site\/wp-json\/wp\/v2\/types\/post"}],"author":[{"embeddable":true,"href":"https:\/\/digital58.com.ve\/site\/wp-json\/wp\/v2\/users\/1"}],"replies":[{"embeddable":true,"href":"https:\/\/digital58.com.ve\/site\/wp-json\/wp\/v2\/comments?post=191258"}],"version-history":[{"count":3,"href":"https:\/\/digital58.com.ve\/site\/wp-json\/wp\/v2\/posts\/191258\/revisions"}],"predecessor-version":[{"id":191287,"href":"https:\/\/digital58.com.ve\/site\/wp-json\/wp\/v2\/posts\/191258\/revisions\/191287"}],"wp:featuredmedia":[{"embeddable":true,"href":"https:\/\/digital58.com.ve\/site\/wp-json\/wp\/v2\/media\/191259"}],"wp:attachment":[{"href":"https:\/\/digital58.com.ve\/site\/wp-json\/wp\/v2\/media?parent=191258"}],"wp:term":[{"taxonomy":"category","embeddable":true,"href":"https:\/\/digital58.com.ve\/site\/wp-json\/wp\/v2\/categories?post=191258"},{"taxonomy":"post_tag","embeddable":true,"href":"https:\/\/digital58.com.ve\/site\/wp-json\/wp\/v2\/tags?post=191258"}],"curies":[{"name":"wp","href":"https:\/\/api.w.org\/{rel}","templated":true}]}}