{"id":191919,"date":"2025-11-05T18:46:23","date_gmt":"2025-11-05T22:46:23","guid":{"rendered":"https:\/\/digital58.com.ve\/site\/?p=191919"},"modified":"2025-11-05T18:46:23","modified_gmt":"2025-11-05T22:46:23","slug":"bayern-munich-aplasta-al-psg-y-extiende-su-racha-victoriosa","status":"publish","type":"post","link":"https:\/\/digital58.com.ve\/site\/2025\/11\/05\/bayern-munich-aplasta-al-psg-y-extiende-su-racha-victoriosa\/","title":{"rendered":"Bayern M\u00fanich aplasta al PSG y extiende su racha victoriosa"},"content":{"rendered":"<p><a class=\"keychainify-checked\" href=\"https:\/\/digital58.com.ve\/site\/wp-content\/uploads\/2025\/11\/bayern-psg.webp\"><img loading=\"lazy\" decoding=\"async\" class=\"aligncenter wp-image-191920 size-full\" src=\"https:\/\/digital58.com.ve\/site\/wp-content\/uploads\/2025\/11\/bayern-psg.webp\" alt=\"El idilio del Par\u00eds Saint-Germain con la Liga de Campeones acab\u00f3 con la visita del Par\u00eds Saint-Germain, su bestia negra, que baj\u00f3 a tierra al equipo de Luis Enrique y elev\u00f3 hasta 16 su racha de triunfos consecutivos en un magn\u00edfico inicio de curso de los de Vincent Kompany, que dominaron el primer tiempo con dos tantos de Luis D\u00edas y resistieron en el segundo tras la expulsi\u00f3n del colombiano.\" width=\"900\" height=\"600\" srcset=\"https:\/\/digital58.com.ve\/site\/wp-content\/uploads\/2025\/11\/bayern-psg.webp 900w, https:\/\/digital58.com.ve\/site\/wp-content\/uploads\/2025\/11\/bayern-psg-300x200.webp 300w, https:\/\/digital58.com.ve\/site\/wp-content\/uploads\/2025\/11\/bayern-psg-768x512.webp 768w\" sizes=\"auto, (max-width: 900px) 100vw, 900px\" \/><\/a><\/p>\n<blockquote><p>El conjunto alem\u00e1n se impuso con contundencia en el Parque de los Pr\u00edncipes, aprovechando la expulsi\u00f3n de Luis D\u00edaz para sumar su decimosexto triunfo consecutivo.<\/p><\/blockquote>\n<p><strong>Internacionales, 05 de noviembre de 2025 (ND58).-<\/strong> El idilio del Par\u00eds Saint-Germain con la Liga de Campeones acab\u00f3 con la visita del Par\u00eds Saint-Germain, su bestia negra, que baj\u00f3 a tierra al equipo de Luis Enrique y elev\u00f3 hasta 16 su racha de triunfos consecutivos en un magn\u00edfico inicio de curso de los de Vincent Kompany, que dominaron el primer tiempo con dos tantos de Luis D\u00edas y resistieron en el segundo tras la expulsi\u00f3n del colombiano.<\/p>\n<p>Cara y cruz para el jugador procedente del Liverpool, inspirado de cara al gol, pero que dej\u00f3 a su equipo desamparado cuando en el descuento del primer tiempo vio la roja por el una entrada dur\u00edsima a Achraf Hakimi, obligado a abandonar el terreno.<\/p>\n<p>El duelo promet\u00eda ser un choque por todo lo alto, dos equipos con un estilo muy similar, el mejor de la campa\u00f1a pasada contra el mejor de lo que va de esta.<\/p>\n<p>Los alemanes se mostraron muy superiores en igualdad num\u00e9rica, dignos representantes de la racha que lucen, y se mostraron intratables en estadio en el que desde 2025 nadie les hab\u00eda tutedado. La \u00faltima derrota la sufrieron en octavos de final a manos de un Liverpool que, tambi\u00e9n entonces, paseaba su buena cara por Europa, pero los franceses fueron mejores y lo demostraron remontando en la vuelta.<\/p>\n<p>Es cierto que el PSG este a\u00f1o no carbura tan bien en la liga francesa, da signos de agotamiento en el campeonato dom\u00e9stico, pero nada de eso se hab\u00eda traspasado a Europa, donde manten\u00eda la misma intensidad que el a\u00f1o pasado le condujo a levantar la copa.<\/p>\n<p>Ante el Bayern salieron las carencias, en un primer tiempo que acab\u00f3 con 0-2 pero pudo ser mucho m\u00e1s sangriento para los de Luis Enrique.<\/p>\n<p>Y en el segundo, con uno m\u00e1s, tampoco mostraron la contundencia del campe\u00f3n, privados desde el minuto 25 de Ousmane Demb\u00e9l\u00e9, el hombre providencial.<\/p>\n<p>Orden, presi\u00f3n asfixiante, rapidez en las transiciones y un Luis D\u00edaz entonado, que por dos veces fusil\u00f3 a Lucas Chevalier, la segunda con un mazado de tanta intensidad que hac\u00eda tiempo que no se sent\u00eda un silencio tan atronador en las gradas del bullicioso Parque de los Pr\u00edncipes.<\/p>\n<p>Fueron dos goles pero pudieron ser m\u00e1s, porque Serge Gnabry estrell\u00f3 un disparo en el palo y Kimmich marr\u00f3 un claro cara a cara con el meta local.<\/p>\n<p>Todo le era adverso al equipo de Luis Enrique, que presenci\u00f3 desde la grada -por decisi\u00f3n propia, una costumbre que tiene este a\u00f1o- un primer tiempo gris, en el que se vio superado desde el minuto cuatro cuando Luis D\u00edaz abri\u00f3 el marcador y vio como el VAR anulaba un tanto a Ousmane Demb\u00e9l\u00e9 en el 22, tres antes de resentirse de la lesi\u00f3n que le hizo perderse la primera parte del curso y abandonar el campo.<\/p>\n<p>El Bal\u00f3n de Oro estaba cogido con pinzas y el propio t\u00e9cnico hab\u00eda avisado que no carburaba para 90 minutos, pero ni en los peores pron\u00f3sticos se pensaba que la estrella de la pasada campa\u00f1a durar\u00eda tan poco en el terreno.<\/p>\n<p>Por si fuera poco, en la siguiente jugada Luis D\u00edaz aprovechaba un error de Marquinhos para doblar la ventaja.<\/p>\n<p>Todas las adversidades parisinas parecieron dar un giro en el descuento, cuando una entrada extempor\u00e1nea de Luis D\u00edaz sobre Achraf Hakimi dej\u00f3 tendido al marroqu\u00ed en el c\u00e9sped, que tuvo que abandonar con un tobillo colgando. El colegiado, que lo hab\u00eda sancionado con amarilla, acudi\u00f3 a la pantalla y expuls\u00f3 al atacante colombiano.<\/p>\n<p>La superioridad num\u00e9rica cambiaba el relato. Pavlocic y Kimmich ya no dictaban la ley en el centro del campo y el PSG recobraba ox\u00edgeno.<\/p>\n<p>La melena de Vitinha empezaba a gobernar la medular y la entrada de Joao Neves revitaliz\u00f3 al equipo. La grada cobr\u00f3 vigor y el Bayern se limitaba a jugar con el reloj, con Neuer amonestado por perder tiempo y caminando sobre el filo de una segunda amarilla.<\/p>\n<p>Fue Neves el encargado de reducir distancias con un gran remate acrob\u00e1tico a un cerrado pase de Lee. El empate rond\u00f3 el \u00e1rea de Neuer, sin la contundencia del a\u00f1o pasado, con disparos lejanos que no enga\u00f1aron al meta germano, que supo mantener la ventaja hasta el final.<\/p>\n<p><strong>Sala de redacci\u00f3n ND58 | Fuente: EFE<\/strong><br \/>\n<strong>Edici\u00f3n: Villasmil, Henry<\/strong><br \/>\n<strong>Gr\u00e1fica: EFE<\/strong><\/p>\n<p>&nbsp;<\/p>\n<p>&nbsp;<\/p>\n<p>&nbsp;<\/p><div class=\"aekxb69f1da74714c7\" ><p style=\"text-align: center;\"><a href=\"https:\/\/t.me\/noticiasdigital58\" target=\"_blank\" rel=\"noopener\"><img class=\"aligncenter size-full wp-image-125363\" src=\"https:\/\/digital58.com.ve\/site\/wp-content\/uploads\/2021\/04\/banner-telegram-web-2021.png\" alt=\"\" width=\"600\" height=\"90\" \/><\/a><\/p><\/div><style type=\"text\/css\">\r\n@media screen and (min-width: 1201px) {\r\n.aekxb69f1da74714c7 {\r\ndisplay: block;\r\n}\r\n}\r\n@media screen and (min-width: 993px) and (max-width: 1200px) {\r\n.aekxb69f1da74714c7 {\r\ndisplay: block;\r\n}\r\n}\r\n@media screen and (min-width: 769px) and (max-width: 992px) {\r\n.aekxb69f1da74714c7 {\r\ndisplay: block;\r\n}\r\n}\r\n@media screen and (min-width: 768px) and (max-width: 768px) {\r\n.aekxb69f1da74714c7 {\r\ndisplay: block;\r\n}\r\n}\r\n@media screen and (max-width: 767px) {\r\n.aekxb69f1da74714c7 {\r\ndisplay: block;\r\n}\r\n}\r\n<\/style>\r\n\n<p>&nbsp;<\/p>\n<div style=\"margin-top: 0px; margin-bottom: 0px;\" class=\"sharethis-inline-share-buttons\" ><\/div>","protected":false},"excerpt":{"rendered":"<p>El conjunto alem\u00e1n se impuso con contundencia en el Parque de los Pr\u00edncipes, aprovechando la expulsi\u00f3n de Luis D\u00edaz para<\/p>\n","protected":false},"author":1,"featured_media":191920,"comment_status":"open","ping_status":"closed","sticky":false,"template":"","format":"standard","meta":{"colormag_page_container_layout":"default_layout","colormag_page_sidebar_layout":"default_layout","_uag_custom_page_level_css":"","footnotes":""},"categories":[5402],"tags":[869,2670,35570,13,41,8,8674,43],"class_list":["post-191919","post","type-post","status-publish","format-standard","has-post-thumbnail","hentry","category-deportes","tag-bayern-munich","tag-champions-league","tag-champions-league-2025-2026","tag-futbol","tag-futbol-internacional","tag-internacionales","tag-paris-saint-germain","tag-uefa"],"yoast_head":"<!-- This site is optimized with the Yoast SEO plugin v27.5 - https:\/\/yoast.com\/product\/yoast-seo-wordpress\/ -->\n<title>Bayern M\u00fanich aplasta al PSG y extiende su racha victoriosa<\/title>\n<meta name=\"description\" content=\"El Bayern de M\u00fanich vence 0-2 al PSG con goles y expulsi\u00f3n de Luis D\u00edaz. Extiende su racha a 16 triunfos consecutivos en Liga de Campeones\" \/>\n<meta name=\"robots\" content=\"index, follow, max-snippet:-1, max-image-preview:large, max-video-preview:-1\" \/>\n<link rel=\"canonical\" href=\"https:\/\/digital58.com.ve\/site\/2025\/11\/05\/bayern-munich-aplasta-al-psg-y-extiende-su-racha-victoriosa\/\" \/>\n<meta property=\"og:locale\" content=\"es_ES\" \/>\n<meta property=\"og:type\" content=\"article\" \/>\n<meta property=\"og:title\" content=\"Bayern M\u00fanich aplasta al PSG y extiende su racha victoriosa\" \/>\n<meta property=\"og:description\" content=\"El Bayern de M\u00fanich vence 0-2 al PSG con goles y expulsi\u00f3n de Luis D\u00edaz. Extiende su racha a 16 triunfos consecutivos en Liga de Campeones\" \/>\n<meta property=\"og:url\" content=\"https:\/\/digital58.com.ve\/site\/2025\/11\/05\/bayern-munich-aplasta-al-psg-y-extiende-su-racha-victoriosa\/\" \/>\n<meta property=\"og:site_name\" content=\"Noticias Digital58\" \/>\n<meta property=\"article:published_time\" content=\"2025-11-05T22:46:23+00:00\" \/>\n<meta property=\"og:image\" content=\"https:\/\/digital58.com.ve\/site\/wp-content\/uploads\/2025\/11\/bayern-psg.webp\" \/>\n\t<meta property=\"og:image:width\" content=\"900\" \/>\n\t<meta property=\"og:image:height\" content=\"600\" \/>\n\t<meta property=\"og:image:type\" content=\"image\/webp\" \/>\n<meta name=\"author\" content=\"Villasmil Henry\" \/>\n<meta name=\"twitter:card\" content=\"summary_large_image\" \/>\n<meta name=\"twitter:creator\" content=\"@https:\/\/twitter.com\/villasmilhfoto\" \/>\n<meta name=\"twitter:site\" content=\"@villasmilhfoto\" \/>\n<meta name=\"twitter:label1\" content=\"Escrito por\" \/>\n\t<meta name=\"twitter:data1\" content=\"Villasmil Henry\" \/>\n\t<meta name=\"twitter:label2\" content=\"Tiempo estimado de lectura\" \/>\n\t<meta name=\"twitter:data2\" content=\"4 minutos\" \/>\n<script type=\"application\/ld+json\" class=\"yoast-schema-graph\">{\"@context\":\"https:\\\/\\\/schema.org\",\"@graph\":[{\"@type\":\"Article\",\"@id\":\"https:\\\/\\\/digital58.com.ve\\\/site\\\/2025\\\/11\\\/05\\\/bayern-munich-aplasta-al-psg-y-extiende-su-racha-victoriosa\\\/#article\",\"isPartOf\":{\"@id\":\"https:\\\/\\\/digital58.com.ve\\\/site\\\/2025\\\/11\\\/05\\\/bayern-munich-aplasta-al-psg-y-extiende-su-racha-victoriosa\\\/\"},\"author\":{\"name\":\"Villasmil Henry\",\"@id\":\"https:\\\/\\\/digital58.com.ve\\\/site\\\/#\\\/schema\\\/person\\\/64d1c2e4d0d4fd1b849980c4331c2951\"},\"headline\":\"Bayern M\u00fanich aplasta al PSG y extiende su racha victoriosa\",\"datePublished\":\"2025-11-05T22:46:23+00:00\",\"mainEntityOfPage\":{\"@id\":\"https:\\\/\\\/digital58.com.ve\\\/site\\\/2025\\\/11\\\/05\\\/bayern-munich-aplasta-al-psg-y-extiende-su-racha-victoriosa\\\/\"},\"wordCount\":799,\"commentCount\":0,\"publisher\":{\"@id\":\"https:\\\/\\\/digital58.com.ve\\\/site\\\/#\\\/schema\\\/person\\\/64d1c2e4d0d4fd1b849980c4331c2951\"},\"image\":{\"@id\":\"https:\\\/\\\/digital58.com.ve\\\/site\\\/2025\\\/11\\\/05\\\/bayern-munich-aplasta-al-psg-y-extiende-su-racha-victoriosa\\\/#primaryimage\"},\"thumbnailUrl\":\"https:\\\/\\\/digital58.com.ve\\\/site\\\/wp-content\\\/uploads\\\/2025\\\/11\\\/bayern-psg.webp\",\"keywords\":[\"Bayern M\u00fanich\",\"Champions League\",\"Champions League 2025-2026\",\"F\u00fatbol\",\"F\u00fatbol Internacional\",\"Internacionales\",\"Par\u00eds Saint Germain\",\"UEFA\"],\"articleSection\":[\"Deportes\"],\"inLanguage\":\"es\",\"potentialAction\":[{\"@type\":\"CommentAction\",\"name\":\"Comment\",\"target\":[\"https:\\\/\\\/digital58.com.ve\\\/site\\\/2025\\\/11\\\/05\\\/bayern-munich-aplasta-al-psg-y-extiende-su-racha-victoriosa\\\/#respond\"]}]},{\"@type\":\"WebPage\",\"@id\":\"https:\\\/\\\/digital58.com.ve\\\/site\\\/2025\\\/11\\\/05\\\/bayern-munich-aplasta-al-psg-y-extiende-su-racha-victoriosa\\\/\",\"url\":\"https:\\\/\\\/digital58.com.ve\\\/site\\\/2025\\\/11\\\/05\\\/bayern-munich-aplasta-al-psg-y-extiende-su-racha-victoriosa\\\/\",\"name\":\"Bayern M\u00fanich aplasta al PSG y extiende su racha victoriosa\",\"isPartOf\":{\"@id\":\"https:\\\/\\\/digital58.com.ve\\\/site\\\/#website\"},\"primaryImageOfPage\":{\"@id\":\"https:\\\/\\\/digital58.com.ve\\\/site\\\/2025\\\/11\\\/05\\\/bayern-munich-aplasta-al-psg-y-extiende-su-racha-victoriosa\\\/#primaryimage\"},\"image\":{\"@id\":\"https:\\\/\\\/digital58.com.ve\\\/site\\\/2025\\\/11\\\/05\\\/bayern-munich-aplasta-al-psg-y-extiende-su-racha-victoriosa\\\/#primaryimage\"},\"thumbnailUrl\":\"https:\\\/\\\/digital58.com.ve\\\/site\\\/wp-content\\\/uploads\\\/2025\\\/11\\\/bayern-psg.webp\",\"datePublished\":\"2025-11-05T22:46:23+00:00\",\"description\":\"El Bayern de M\u00fanich vence 0-2 al PSG con goles y expulsi\u00f3n de Luis D\u00edaz. Extiende su racha a 16 triunfos consecutivos en Liga de Campeones\",\"breadcrumb\":{\"@id\":\"https:\\\/\\\/digital58.com.ve\\\/site\\\/2025\\\/11\\\/05\\\/bayern-munich-aplasta-al-psg-y-extiende-su-racha-victoriosa\\\/#breadcrumb\"},\"inLanguage\":\"es\",\"potentialAction\":[{\"@type\":\"ReadAction\",\"target\":[\"https:\\\/\\\/digital58.com.ve\\\/site\\\/2025\\\/11\\\/05\\\/bayern-munich-aplasta-al-psg-y-extiende-su-racha-victoriosa\\\/\"]}]},{\"@type\":\"ImageObject\",\"inLanguage\":\"es\",\"@id\":\"https:\\\/\\\/digital58.com.ve\\\/site\\\/2025\\\/11\\\/05\\\/bayern-munich-aplasta-al-psg-y-extiende-su-racha-victoriosa\\\/#primaryimage\",\"url\":\"https:\\\/\\\/digital58.com.ve\\\/site\\\/wp-content\\\/uploads\\\/2025\\\/11\\\/bayern-psg.webp\",\"contentUrl\":\"https:\\\/\\\/digital58.com.ve\\\/site\\\/wp-content\\\/uploads\\\/2025\\\/11\\\/bayern-psg.webp\",\"width\":900,\"height\":600},{\"@type\":\"BreadcrumbList\",\"@id\":\"https:\\\/\\\/digital58.com.ve\\\/site\\\/2025\\\/11\\\/05\\\/bayern-munich-aplasta-al-psg-y-extiende-su-racha-victoriosa\\\/#breadcrumb\",\"itemListElement\":[{\"@type\":\"ListItem\",\"position\":1,\"name\":\"Home\",\"item\":\"https:\\\/\\\/digital58.com.ve\\\/site\\\/\"},{\"@type\":\"ListItem\",\"position\":2,\"name\":\"Bayern M\u00fanich aplasta al PSG y extiende su racha victoriosa\"}]},{\"@type\":\"WebSite\",\"@id\":\"https:\\\/\\\/digital58.com.ve\\\/site\\\/#website\",\"url\":\"https:\\\/\\\/digital58.com.ve\\\/site\\\/\",\"name\":\"Noticias Digital58\",\"description\":\"Portal de Noticias \u00a1Periodismo web de verdad! Lanzamiento web 22.11.2005 \\\/ Maracaibo, Venezuela\",\"publisher\":{\"@id\":\"https:\\\/\\\/digital58.com.ve\\\/site\\\/#\\\/schema\\\/person\\\/64d1c2e4d0d4fd1b849980c4331c2951\"},\"alternateName\":\"ND58\",\"potentialAction\":[{\"@type\":\"SearchAction\",\"target\":{\"@type\":\"EntryPoint\",\"urlTemplate\":\"https:\\\/\\\/digital58.com.ve\\\/site\\\/?s={search_term_string}\"},\"query-input\":{\"@type\":\"PropertyValueSpecification\",\"valueRequired\":true,\"valueName\":\"search_term_string\"}}],\"inLanguage\":\"es\"},{\"@type\":[\"Person\",\"Organization\"],\"@id\":\"https:\\\/\\\/digital58.com.ve\\\/site\\\/#\\\/schema\\\/person\\\/64d1c2e4d0d4fd1b849980c4331c2951\",\"name\":\"Villasmil Henry\",\"image\":{\"@type\":\"ImageObject\",\"inLanguage\":\"es\",\"@id\":\"https:\\\/\\\/secure.gravatar.com\\\/avatar\\\/bb0c4a2fcb7970138239f7e404ea75757b1b507b28b5ce4c53fbd62d797c5a7c?s=96&d=mm&r=g\",\"url\":\"https:\\\/\\\/secure.gravatar.com\\\/avatar\\\/bb0c4a2fcb7970138239f7e404ea75757b1b507b28b5ce4c53fbd62d797c5a7c?s=96&d=mm&r=g\",\"contentUrl\":\"https:\\\/\\\/secure.gravatar.com\\\/avatar\\\/bb0c4a2fcb7970138239f7e404ea75757b1b507b28b5ce4c53fbd62d797c5a7c?s=96&d=mm&r=g\",\"caption\":\"Villasmil Henry\"},\"logo\":{\"@id\":\"https:\\\/\\\/secure.gravatar.com\\\/avatar\\\/bb0c4a2fcb7970138239f7e404ea75757b1b507b28b5ce4c53fbd62d797c5a7c?s=96&d=mm&r=g\"},\"sameAs\":[\"http:\\\/\\\/www.henryvillasmil.com.ve\",\"https:\\\/\\\/www.instagram.com\\\/villasmilhfoto\\\/\",\"https:\\\/\\\/x.com\\\/https:\\\/\\\/twitter.com\\\/villasmilhfoto\"],\"url\":\"https:\\\/\\\/digital58.com.ve\\\/site\\\/author\\\/droopy_68\\\/\"}]}<\/script>\n<!-- \/ Yoast SEO plugin. -->","yoast_head_json":{"title":"Bayern M\u00fanich aplasta al PSG y extiende su racha victoriosa","description":"El Bayern de M\u00fanich vence 0-2 al PSG con goles y expulsi\u00f3n de Luis D\u00edaz. Extiende su racha a 16 triunfos consecutivos en Liga de Campeones","robots":{"index":"index","follow":"follow","max-snippet":"max-snippet:-1","max-image-preview":"max-image-preview:large","max-video-preview":"max-video-preview:-1"},"canonical":"https:\/\/digital58.com.ve\/site\/2025\/11\/05\/bayern-munich-aplasta-al-psg-y-extiende-su-racha-victoriosa\/","og_locale":"es_ES","og_type":"article","og_title":"Bayern M\u00fanich aplasta al PSG y extiende su racha victoriosa","og_description":"El Bayern de M\u00fanich vence 0-2 al PSG con goles y expulsi\u00f3n de Luis D\u00edaz. Extiende su racha a 16 triunfos consecutivos en Liga de Campeones","og_url":"https:\/\/digital58.com.ve\/site\/2025\/11\/05\/bayern-munich-aplasta-al-psg-y-extiende-su-racha-victoriosa\/","og_site_name":"Noticias Digital58","article_published_time":"2025-11-05T22:46:23+00:00","og_image":[{"width":900,"height":600,"url":"https:\/\/digital58.com.ve\/site\/wp-content\/uploads\/2025\/11\/bayern-psg.webp","type":"image\/webp"}],"author":"Villasmil Henry","twitter_card":"summary_large_image","twitter_creator":"@https:\/\/twitter.com\/villasmilhfoto","twitter_site":"@villasmilhfoto","twitter_misc":{"Escrito por":"Villasmil Henry","Tiempo estimado de lectura":"4 minutos"},"schema":{"@context":"https:\/\/schema.org","@graph":[{"@type":"Article","@id":"https:\/\/digital58.com.ve\/site\/2025\/11\/05\/bayern-munich-aplasta-al-psg-y-extiende-su-racha-victoriosa\/#article","isPartOf":{"@id":"https:\/\/digital58.com.ve\/site\/2025\/11\/05\/bayern-munich-aplasta-al-psg-y-extiende-su-racha-victoriosa\/"},"author":{"name":"Villasmil Henry","@id":"https:\/\/digital58.com.ve\/site\/#\/schema\/person\/64d1c2e4d0d4fd1b849980c4331c2951"},"headline":"Bayern M\u00fanich aplasta al PSG y extiende su racha victoriosa","datePublished":"2025-11-05T22:46:23+00:00","mainEntityOfPage":{"@id":"https:\/\/digital58.com.ve\/site\/2025\/11\/05\/bayern-munich-aplasta-al-psg-y-extiende-su-racha-victoriosa\/"},"wordCount":799,"commentCount":0,"publisher":{"@id":"https:\/\/digital58.com.ve\/site\/#\/schema\/person\/64d1c2e4d0d4fd1b849980c4331c2951"},"image":{"@id":"https:\/\/digital58.com.ve\/site\/2025\/11\/05\/bayern-munich-aplasta-al-psg-y-extiende-su-racha-victoriosa\/#primaryimage"},"thumbnailUrl":"https:\/\/digital58.com.ve\/site\/wp-content\/uploads\/2025\/11\/bayern-psg.webp","keywords":["Bayern M\u00fanich","Champions League","Champions League 2025-2026","F\u00fatbol","F\u00fatbol Internacional","Internacionales","Par\u00eds Saint Germain","UEFA"],"articleSection":["Deportes"],"inLanguage":"es","potentialAction":[{"@type":"CommentAction","name":"Comment","target":["https:\/\/digital58.com.ve\/site\/2025\/11\/05\/bayern-munich-aplasta-al-psg-y-extiende-su-racha-victoriosa\/#respond"]}]},{"@type":"WebPage","@id":"https:\/\/digital58.com.ve\/site\/2025\/11\/05\/bayern-munich-aplasta-al-psg-y-extiende-su-racha-victoriosa\/","url":"https:\/\/digital58.com.ve\/site\/2025\/11\/05\/bayern-munich-aplasta-al-psg-y-extiende-su-racha-victoriosa\/","name":"Bayern M\u00fanich aplasta al PSG y extiende su racha victoriosa","isPartOf":{"@id":"https:\/\/digital58.com.ve\/site\/#website"},"primaryImageOfPage":{"@id":"https:\/\/digital58.com.ve\/site\/2025\/11\/05\/bayern-munich-aplasta-al-psg-y-extiende-su-racha-victoriosa\/#primaryimage"},"image":{"@id":"https:\/\/digital58.com.ve\/site\/2025\/11\/05\/bayern-munich-aplasta-al-psg-y-extiende-su-racha-victoriosa\/#primaryimage"},"thumbnailUrl":"https:\/\/digital58.com.ve\/site\/wp-content\/uploads\/2025\/11\/bayern-psg.webp","datePublished":"2025-11-05T22:46:23+00:00","description":"El Bayern de M\u00fanich vence 0-2 al PSG con goles y expulsi\u00f3n de Luis D\u00edaz. Extiende su racha a 16 triunfos consecutivos en Liga de Campeones","breadcrumb":{"@id":"https:\/\/digital58.com.ve\/site\/2025\/11\/05\/bayern-munich-aplasta-al-psg-y-extiende-su-racha-victoriosa\/#breadcrumb"},"inLanguage":"es","potentialAction":[{"@type":"ReadAction","target":["https:\/\/digital58.com.ve\/site\/2025\/11\/05\/bayern-munich-aplasta-al-psg-y-extiende-su-racha-victoriosa\/"]}]},{"@type":"ImageObject","inLanguage":"es","@id":"https:\/\/digital58.com.ve\/site\/2025\/11\/05\/bayern-munich-aplasta-al-psg-y-extiende-su-racha-victoriosa\/#primaryimage","url":"https:\/\/digital58.com.ve\/site\/wp-content\/uploads\/2025\/11\/bayern-psg.webp","contentUrl":"https:\/\/digital58.com.ve\/site\/wp-content\/uploads\/2025\/11\/bayern-psg.webp","width":900,"height":600},{"@type":"BreadcrumbList","@id":"https:\/\/digital58.com.ve\/site\/2025\/11\/05\/bayern-munich-aplasta-al-psg-y-extiende-su-racha-victoriosa\/#breadcrumb","itemListElement":[{"@type":"ListItem","position":1,"name":"Home","item":"https:\/\/digital58.com.ve\/site\/"},{"@type":"ListItem","position":2,"name":"Bayern M\u00fanich aplasta al PSG y extiende su racha victoriosa"}]},{"@type":"WebSite","@id":"https:\/\/digital58.com.ve\/site\/#website","url":"https:\/\/digital58.com.ve\/site\/","name":"Noticias Digital58","description":"Portal de Noticias \u00a1Periodismo web de verdad! Lanzamiento web 22.11.2005 \/ Maracaibo, Venezuela","publisher":{"@id":"https:\/\/digital58.com.ve\/site\/#\/schema\/person\/64d1c2e4d0d4fd1b849980c4331c2951"},"alternateName":"ND58","potentialAction":[{"@type":"SearchAction","target":{"@type":"EntryPoint","urlTemplate":"https:\/\/digital58.com.ve\/site\/?s={search_term_string}"},"query-input":{"@type":"PropertyValueSpecification","valueRequired":true,"valueName":"search_term_string"}}],"inLanguage":"es"},{"@type":["Person","Organization"],"@id":"https:\/\/digital58.com.ve\/site\/#\/schema\/person\/64d1c2e4d0d4fd1b849980c4331c2951","name":"Villasmil Henry","image":{"@type":"ImageObject","inLanguage":"es","@id":"https:\/\/secure.gravatar.com\/avatar\/bb0c4a2fcb7970138239f7e404ea75757b1b507b28b5ce4c53fbd62d797c5a7c?s=96&d=mm&r=g","url":"https:\/\/secure.gravatar.com\/avatar\/bb0c4a2fcb7970138239f7e404ea75757b1b507b28b5ce4c53fbd62d797c5a7c?s=96&d=mm&r=g","contentUrl":"https:\/\/secure.gravatar.com\/avatar\/bb0c4a2fcb7970138239f7e404ea75757b1b507b28b5ce4c53fbd62d797c5a7c?s=96&d=mm&r=g","caption":"Villasmil Henry"},"logo":{"@id":"https:\/\/secure.gravatar.com\/avatar\/bb0c4a2fcb7970138239f7e404ea75757b1b507b28b5ce4c53fbd62d797c5a7c?s=96&d=mm&r=g"},"sameAs":["http:\/\/www.henryvillasmil.com.ve","https:\/\/www.instagram.com\/villasmilhfoto\/","https:\/\/x.com\/https:\/\/twitter.com\/villasmilhfoto"],"url":"https:\/\/digital58.com.ve\/site\/author\/droopy_68\/"}]}},"uagb_featured_image_src":{"full":["https:\/\/digital58.com.ve\/site\/wp-content\/uploads\/2025\/11\/bayern-psg.webp",900,600,false],"thumbnail":["https:\/\/digital58.com.ve\/site\/wp-content\/uploads\/2025\/11\/bayern-psg-150x150.webp",150,150,true],"medium":["https:\/\/digital58.com.ve\/site\/wp-content\/uploads\/2025\/11\/bayern-psg-300x200.webp",300,200,true],"medium_large":["https:\/\/digital58.com.ve\/site\/wp-content\/uploads\/2025\/11\/bayern-psg-768x512.webp",768,512,true],"large":["https:\/\/digital58.com.ve\/site\/wp-content\/uploads\/2025\/11\/bayern-psg.webp",800,533,false],"1536x1536":["https:\/\/digital58.com.ve\/site\/wp-content\/uploads\/2025\/11\/bayern-psg.webp",900,600,false],"2048x2048":["https:\/\/digital58.com.ve\/site\/wp-content\/uploads\/2025\/11\/bayern-psg.webp",900,600,false],"colormag-highlighted-post":["https:\/\/digital58.com.ve\/site\/wp-content\/uploads\/2025\/11\/bayern-psg-392x272.webp",392,272,true],"colormag-featured-post-medium":["https:\/\/digital58.com.ve\/site\/wp-content\/uploads\/2025\/11\/bayern-psg-390x205.webp",390,205,true],"colormag-featured-post-small":["https:\/\/digital58.com.ve\/site\/wp-content\/uploads\/2025\/11\/bayern-psg-130x90.webp",130,90,true],"colormag-featured-image":["https:\/\/digital58.com.ve\/site\/wp-content\/uploads\/2025\/11\/bayern-psg-800x445.webp",800,445,true],"colormag-default-news":["https:\/\/digital58.com.ve\/site\/wp-content\/uploads\/2025\/11\/bayern-psg-150x150.webp",150,150,true],"colormag-featured-image-large":["https:\/\/digital58.com.ve\/site\/wp-content\/uploads\/2025\/11\/bayern-psg.webp",900,600,false]},"uagb_author_info":{"display_name":"Villasmil Henry","author_link":"https:\/\/digital58.com.ve\/site\/author\/droopy_68\/"},"uagb_comment_info":0,"uagb_excerpt":"El conjunto alem\u00e1n se impuso con contundencia en el Parque de los Pr\u00edncipes, aprovechando la expulsi\u00f3n de Luis D\u00edaz para","_links":{"self":[{"href":"https:\/\/digital58.com.ve\/site\/wp-json\/wp\/v2\/posts\/191919","targetHints":{"allow":["GET"]}}],"collection":[{"href":"https:\/\/digital58.com.ve\/site\/wp-json\/wp\/v2\/posts"}],"about":[{"href":"https:\/\/digital58.com.ve\/site\/wp-json\/wp\/v2\/types\/post"}],"author":[{"embeddable":true,"href":"https:\/\/digital58.com.ve\/site\/wp-json\/wp\/v2\/users\/1"}],"replies":[{"embeddable":true,"href":"https:\/\/digital58.com.ve\/site\/wp-json\/wp\/v2\/comments?post=191919"}],"version-history":[{"count":1,"href":"https:\/\/digital58.com.ve\/site\/wp-json\/wp\/v2\/posts\/191919\/revisions"}],"predecessor-version":[{"id":191921,"href":"https:\/\/digital58.com.ve\/site\/wp-json\/wp\/v2\/posts\/191919\/revisions\/191921"}],"wp:featuredmedia":[{"embeddable":true,"href":"https:\/\/digital58.com.ve\/site\/wp-json\/wp\/v2\/media\/191920"}],"wp:attachment":[{"href":"https:\/\/digital58.com.ve\/site\/wp-json\/wp\/v2\/media?parent=191919"}],"wp:term":[{"taxonomy":"category","embeddable":true,"href":"https:\/\/digital58.com.ve\/site\/wp-json\/wp\/v2\/categories?post=191919"},{"taxonomy":"post_tag","embeddable":true,"href":"https:\/\/digital58.com.ve\/site\/wp-json\/wp\/v2\/tags?post=191919"}],"curies":[{"name":"wp","href":"https:\/\/api.w.org\/{rel}","templated":true}]}}